{"id":36792,"date":"2022-10-24T10:15:31","date_gmt":"2022-10-24T08:15:31","guid":{"rendered":"https:\/\/prod.bymycar.fr\/webzine\/?p=36792"},"modified":"2022-10-24T10:27:18","modified_gmt":"2022-10-24T08:27:18","slug":"inventaire-bmw-madrid-les-collaborateurs-se-mobilisent-pour-leurs-homologues-espagnols","status":"publish","type":"post","link":"https:\/\/www.bymycar.fr\/webzine\/inventaire-bmw-madrid-les-collaborateurs-se-mobilisent-pour-leurs-homologues-espagnols\/","title":{"rendered":"Inventaire BMW Madrid : les collaborateurs se mobilisent pour leurs homologues espagnols"},"content":{"rendered":"","protected":false},"excerpt":{"rendered":"","protected":false},"author":88,"featured_media":36864,"comment_status":"closed","ping_status":"open","sticky":false,"template":"","format":"standard","meta":{"_acf_changed":false,"footnotes":""},"categories":[2852,1643],"tags":[74,35],"class_list":["post-36792","post","type-post","status-publish","format-standard","has-post-thumbnail","hentry","category-actus-rh","category-ressources-humaines","tag-bmw","tag-bymycar"],"acf":{"template":"classique","introduction":"<p>&nbsp;<\/p>\n<p>&nbsp;<\/p>\n<p>Le temps d&rsquo;un week-end 6 collaborateurs du Groupe BYmyCAR, dont un retrait\u00e9 ont pris la direction de la p\u00e9ninsule ib\u00e9rique pour donner un coup de main aux \u00e9quipes Madril\u00e8nes. Au total, 16 volontaires : responsables APV, chefs magasin, magasiniers, chefs comptable &#8211; Fran\u00e7ais, Suisse et Espagnols ont travaill\u00e9 main dans la main pour traiter 153 000 r\u00e9f\u00e9rences ! <span style=\"font-style: inherit;font-weight: inherit\">Une exp\u00e9rience r\u00e9it\u00e9r\u00e9e pour quatre d&rsquo;entre eux puisqu&rsquo;ils avaient d\u00e9j\u00e0 contribu\u00e9 \u00e0 l&rsquo;inventaire Milanais.<\/span><\/p>\n","strates":[{"type_strate":"citation","ancre":"","contenu":"","titre":"","image":false,"image_libre":false,"image_800x500":false,"legende":"","zoom":false,"texte":"<p><em style=\"font-weight: inherit\"><span style=\"font-style: inherit;font-weight: inherit\">Nous avons remobilis\u00e9 l\u2019\u00e9quipe qui avait particip\u00e9 \u00e0 l&rsquo;inventaire de BMW Milan. L&rsquo;exercice \u00e9tait connu et la confiance \u00e9tait l\u00e0 ! Pour renforcer l&rsquo;\u00e9quipe, nous avons sollicit\u00e9 des collaborateurs ayant des notions d&rsquo;espagnol. Deux d&rsquo;entre eux ont accept\u00e9 de <\/span>participer<span style=\"font-style: inherit;font-weight: inherit\"> \u00e0 l&rsquo;aventure. <\/span><\/em><strong><span style=\"font-style: inherit\">Franck ROPERT &#8211; Directeur des Op\u00e9rations Internationale<\/span><em style=\"font-weight: inherit\"><span style=\"font-style: inherit\"><em>s<\/em><\/span><\/em><\/strong><\/p>\n","articles":false,"categorie_droite":false,"images":[{"image":false,"image_1600x700":false,"image_920x500":{"ID":36877,"id":36877,"title":"Sans titre (29)","filename":"Sans-titre-29.png","filesize":1,"url":"https:\/\/cdn.bymycar.eu\/fr-webzine\/wp-content\/uploads\/medias\/Sans-titre-29.png","link":"https:\/\/www.bymycar.fr\/webzine\/inventaire-bmw-madrid-les-collaborateurs-se-mobilisent-pour-leurs-homologues-espagnols\/sans-titre-29\/","alt":"","author":"88","description":"","caption":"","name":"sans-titre-29","status":"inherit","uploaded_to":36792,"date":"2022-10-24 07:25:34","modified":"2022-10-24 07:25:34","menu_order":0,"mime_type":"image\/png","type":"image","subtype":"png","icon":"https:\/\/www.bymycar.fr\/webzine\/wp-includes\/images\/media\/default.png","width":800,"height":500,"sizes":{"thumbnail":"https:\/\/cdn.bymycar.eu\/fr-webzine\/wp-content\/uploads\/medias\/Sans-titre-29-150x150.png","thumbnail-width":150,"thumbnail-height":150,"medium":"https:\/\/cdn.bymycar.eu\/fr-webzine\/wp-content\/uploads\/medias\/Sans-titre-29-300x188.png","medium-width":300,"medium-height":188,"medium_large":"https:\/\/cdn.bymycar.eu\/fr-webzine\/wp-content\/uploads\/medias\/Sans-titre-29-768x480.png","medium_large-width":768,"medium_large-height":480,"large":"https:\/\/cdn.bymycar.eu\/fr-webzine\/wp-content\/uploads\/medias\/Sans-titre-29.png","large-width":800,"large-height":500,"1536x1536":"https:\/\/cdn.bymycar.eu\/fr-webzine\/wp-content\/uploads\/medias\/Sans-titre-29.png","1536x1536-width":800,"1536x1536-height":500,"2048x2048":"https:\/\/cdn.bymycar.eu\/fr-webzine\/wp-content\/uploads\/medias\/Sans-titre-29.png","2048x2048-width":800,"2048x2048-height":500}},"legende":""}],"elements_comparatif":false,"texte_1":"","texte_2":"","image_1":false,"image_1_563x400":false,"image_1_332x332":false,"image_2":false,"image_2_333x240":false,"image_2_563x400":false,"image_3":false,"image_3_333x240":false,"image_3_332x450":false,"image_4":false,"image_4_332x332":false,"image_4_563x400":false,"code_embed":"","legende_video":"","photo":false,"photo_100x100":false,"nom":"","fonction":"","elements_timeline":false,"entetes_colonnes":false,"entetes_lignes":false,"lignes":false,"introduction":"","formulaire":false,"question":"","reponse":"","libelle_bouton_lien":"","url_lien":"","questions":false,"conclusions":false,"pays":false,"region":false,"marque":false,"marqueConcessions":false,"modele":false,"ptvente":false,"typeV":false,"collection":false,"nombre_maximum_elements":10,"lien_fin_carousel":"","texte_lien_fin_carousel":"","trier_par":false},{"type_strate":"50-50-image-texte-full","ancre":"","contenu":"<h2 style=\"text-align: center\">La g\u00e9n\u00e9rosit\u00e9 au rendez-vous !<\/h2>\n","titre":"","image":false,"image_libre":false,"image_800x500":{"ID":36893,"id":36893,"title":"Sans titre (34)","filename":"Sans-titre-34.png","filesize":1,"url":"https:\/\/cdn.bymycar.eu\/fr-webzine\/wp-content\/uploads\/medias\/Sans-titre-34.png","link":"https:\/\/www.bymycar.fr\/webzine\/inventaire-bmw-madrid-les-collaborateurs-se-mobilisent-pour-leurs-homologues-espagnols\/sans-titre-34\/","alt":"","author":"88","description":"","caption":"","name":"sans-titre-34","status":"inherit","uploaded_to":36792,"date":"2022-10-24 08:04:55","modified":"2022-10-24 08:04:55","menu_order":0,"mime_type":"image\/png","type":"image","subtype":"png","icon":"https:\/\/www.bymycar.fr\/webzine\/wp-includes\/images\/media\/default.png","width":920,"height":500,"sizes":{"thumbnail":"https:\/\/cdn.bymycar.eu\/fr-webzine\/wp-content\/uploads\/medias\/Sans-titre-34-150x150.png","thumbnail-width":150,"thumbnail-height":150,"medium":"https:\/\/cdn.bymycar.eu\/fr-webzine\/wp-content\/uploads\/medias\/Sans-titre-34-300x163.png","medium-width":300,"medium-height":163,"medium_large":"https:\/\/cdn.bymycar.eu\/fr-webzine\/wp-content\/uploads\/medias\/Sans-titre-34-768x417.png","medium_large-width":768,"medium_large-height":417,"large":"https:\/\/cdn.bymycar.eu\/fr-webzine\/wp-content\/uploads\/medias\/Sans-titre-34.png","large-width":920,"large-height":500,"1536x1536":"https:\/\/cdn.bymycar.eu\/fr-webzine\/wp-content\/uploads\/medias\/Sans-titre-34.png","1536x1536-width":920,"1536x1536-height":500,"2048x2048":"https:\/\/cdn.bymycar.eu\/fr-webzine\/wp-content\/uploads\/medias\/Sans-titre-34.png","2048x2048-width":920,"2048x2048-height":500}},"legende":"","zoom":false,"texte":"<h2>La g\u00e9n\u00e9rosit\u00e9 au rendez-vous !<\/h2>\n<p>Sur deux jours, l\u2019\u00e9quipe s\u2019est organis\u00e9e dans la r\u00e9partition des t\u00e2ches. Le tout en d\u00e9passant les quelques freins li\u00e9s \u00e0 la langue, aux param\u00e8tres informatiques et logistiques, mais constamment anim\u00e9 par une ambiance bienveillante et solidaire \u00ab<em>toujours dans la joie et la bonne humeur\u00a0!\u00a0<\/em>\u00bb compl\u00e8te Franck ROPERT<\/p>\n<p>Au final, ce sont l\u2019envie de partager ses savoir-faire, et la g\u00e9n\u00e9rosit\u00e9 de chacun, sont les clefs de r\u00e9ussite pour ce projet.<\/p>\n<p>&nbsp;<\/p>\n<p>Un bel exemple que <em>la diversit\u00e9 est une force<\/em> !<\/p>\n","articles":false,"categorie_droite":false,"images":[{"image":false,"image_1600x700":false,"image_920x500":{"ID":36854,"id":36854,"title":"Sans titre (18)","filename":"Sans-titre-18.png","filesize":1,"url":"https:\/\/cdn.bymycar.eu\/fr-webzine\/wp-content\/uploads\/medias\/Sans-titre-18.png","link":"https:\/\/www.bymycar.fr\/webzine\/inventaire-bmw-madrid-les-collaborateurs-se-mobilisent-pour-leurs-homologues-espagnols\/sans-titre-18\/","alt":"","author":"88","description":"","caption":"","name":"sans-titre-18","status":"inherit","uploaded_to":36792,"date":"2022-10-24 06:58:54","modified":"2022-10-24 06:58:54","menu_order":0,"mime_type":"image\/png","type":"image","subtype":"png","icon":"https:\/\/www.bymycar.fr\/webzine\/wp-includes\/images\/media\/default.png","width":920,"height":500,"sizes":{"thumbnail":"https:\/\/cdn.bymycar.eu\/fr-webzine\/wp-content\/uploads\/medias\/Sans-titre-18-150x150.png","thumbnail-width":150,"thumbnail-height":150,"medium":"https:\/\/cdn.bymycar.eu\/fr-webzine\/wp-content\/uploads\/medias\/Sans-titre-18-300x163.png","medium-width":300,"medium-height":163,"medium_large":"https:\/\/cdn.bymycar.eu\/fr-webzine\/wp-content\/uploads\/medias\/Sans-titre-18-768x417.png","medium_large-width":768,"medium_large-height":417,"large":"https:\/\/cdn.bymycar.eu\/fr-webzine\/wp-content\/uploads\/medias\/Sans-titre-18.png","large-width":920,"large-height":500,"1536x1536":"https:\/\/cdn.bymycar.eu\/fr-webzine\/wp-content\/uploads\/medias\/Sans-titre-18.png","1536x1536-width":920,"1536x1536-height":500,"2048x2048":"https:\/\/cdn.bymycar.eu\/fr-webzine\/wp-content\/uploads\/medias\/Sans-titre-18.png","2048x2048-width":920,"2048x2048-height":500}},"legende":""}],"elements_comparatif":false,"texte_1":"","texte_2":"","image_1":false,"image_1_563x400":false,"image_1_332x332":{"ID":36807,"id":36807,"title":"2","filename":"2.jpg","filesize":1,"url":"https:\/\/cdn.bymycar.eu\/fr-webzine\/wp-content\/uploads\/medias\/2.jpg","link":"https:\/\/www.bymycar.fr\/webzine\/inventaire-bmw-madrid-les-collaborateurs-se-mobilisent-pour-leurs-homologues-espagnols\/2-24\/","alt":"","author":"88","description":"","caption":"","name":"2-24","status":"inherit","uploaded_to":36792,"date":"2022-10-20 10:27:48","modified":"2022-10-20 10:27:48","menu_order":0,"mime_type":"image\/jpeg","type":"image","subtype":"jpeg","icon":"https:\/\/www.bymycar.fr\/webzine\/wp-includes\/images\/media\/default.png","width":640,"height":480,"sizes":{"thumbnail":"https:\/\/cdn.bymycar.eu\/fr-webzine\/wp-content\/uploads\/medias\/2-150x150.jpg","thumbnail-width":150,"thumbnail-height":150,"medium":"https:\/\/cdn.bymycar.eu\/fr-webzine\/wp-content\/uploads\/medias\/2-300x225.jpg","medium-width":300,"medium-height":225,"medium_large":"https:\/\/cdn.bymycar.eu\/fr-webzine\/wp-content\/uploads\/medias\/2.jpg","medium_large-width":640,"medium_large-height":480,"large":"https:\/\/cdn.bymycar.eu\/fr-webzine\/wp-content\/uploads\/medias\/2.jpg","large-width":640,"large-height":480,"1536x1536":"https:\/\/cdn.bymycar.eu\/fr-webzine\/wp-content\/uploads\/medias\/2.jpg","1536x1536-width":640,"1536x1536-height":480,"2048x2048":"https:\/\/cdn.bymycar.eu\/fr-webzine\/wp-content\/uploads\/medias\/2.jpg","2048x2048-width":640,"2048x2048-height":480}},"image_2":false,"image_2_333x240":false,"image_2_563x400":{"ID":36808,"id":36808,"title":"4","filename":"4.jpg","filesize":1,"url":"https:\/\/cdn.bymycar.eu\/fr-webzine\/wp-content\/uploads\/medias\/4.jpg","link":"https:\/\/www.bymycar.fr\/webzine\/inventaire-bmw-madrid-les-collaborateurs-se-mobilisent-pour-leurs-homologues-espagnols\/4-9\/","alt":"","author":"88","description":"","caption":"","name":"4-9","status":"inherit","uploaded_to":36792,"date":"2022-10-20 10:28:04","modified":"2022-10-20 10:28:04","menu_order":0,"mime_type":"image\/jpeg","type":"image","subtype":"jpeg","icon":"https:\/\/www.bymycar.fr\/webzine\/wp-includes\/images\/media\/default.png","width":640,"height":480,"sizes":{"thumbnail":"https:\/\/cdn.bymycar.eu\/fr-webzine\/wp-content\/uploads\/medias\/4-150x150.jpg","thumbnail-width":150,"thumbnail-height":150,"medium":"https:\/\/cdn.bymycar.eu\/fr-webzine\/wp-content\/uploads\/medias\/4-300x225.jpg","medium-width":300,"medium-height":225,"medium_large":"https:\/\/cdn.bymycar.eu\/fr-webzine\/wp-content\/uploads\/medias\/4.jpg","medium_large-width":640,"medium_large-height":480,"large":"https:\/\/cdn.bymycar.eu\/fr-webzine\/wp-content\/uploads\/medias\/4.jpg","large-width":640,"large-height":480,"1536x1536":"https:\/\/cdn.bymycar.eu\/fr-webzine\/wp-content\/uploads\/medias\/4.jpg","1536x1536-width":640,"1536x1536-height":480,"2048x2048":"https:\/\/cdn.bymycar.eu\/fr-webzine\/wp-content\/uploads\/medias\/4.jpg","2048x2048-width":640,"2048x2048-height":480}},"image_3":false,"image_3_333x240":false,"image_3_332x450":{"ID":36811,"id":36811,"title":"6","filename":"6.jpg","filesize":1,"url":"https:\/\/cdn.bymycar.eu\/fr-webzine\/wp-content\/uploads\/medias\/6.jpg","link":"https:\/\/www.bymycar.fr\/webzine\/inventaire-bmw-madrid-les-collaborateurs-se-mobilisent-pour-leurs-homologues-espagnols\/6-3\/","alt":"","author":"88","description":"","caption":"","name":"6-3","status":"inherit","uploaded_to":36792,"date":"2022-10-20 10:31:21","modified":"2022-10-20 10:31:21","menu_order":0,"mime_type":"image\/jpeg","type":"image","subtype":"jpeg","icon":"https:\/\/www.bymycar.fr\/webzine\/wp-includes\/images\/media\/default.png","width":640,"height":480,"sizes":{"thumbnail":"https:\/\/cdn.bymycar.eu\/fr-webzine\/wp-content\/uploads\/medias\/6-150x150.jpg","thumbnail-width":150,"thumbnail-height":150,"medium":"https:\/\/cdn.bymycar.eu\/fr-webzine\/wp-content\/uploads\/medias\/6-300x225.jpg","medium-width":300,"medium-height":225,"medium_large":"https:\/\/cdn.bymycar.eu\/fr-webzine\/wp-content\/uploads\/medias\/6.jpg","medium_large-width":640,"medium_large-height":480,"large":"https:\/\/cdn.bymycar.eu\/fr-webzine\/wp-content\/uploads\/medias\/6.jpg","large-width":640,"large-height":480,"1536x1536":"https:\/\/cdn.bymycar.eu\/fr-webzine\/wp-content\/uploads\/medias\/6.jpg","1536x1536-width":640,"1536x1536-height":480,"2048x2048":"https:\/\/cdn.bymycar.eu\/fr-webzine\/wp-content\/uploads\/medias\/6.jpg","2048x2048-width":640,"2048x2048-height":480}},"image_4":false,"image_4_332x332":false,"image_4_563x400":false,"code_embed":"","legende_video":"","photo":false,"photo_100x100":false,"nom":"","fonction":"","elements_timeline":false,"entetes_colonnes":false,"entetes_lignes":false,"lignes":false,"introduction":"","formulaire":false,"question":"","reponse":"","libelle_bouton_lien":"","url_lien":"","questions":false,"conclusions":false,"pays":false,"region":false,"marque":false,"marqueConcessions":false,"modele":false,"ptvente":false,"typeV":false,"collection":false,"nombre_maximum_elements":10,"lien_fin_carousel":"","texte_lien_fin_carousel":"","trier_par":false},{"type_strate":"citation","ancre":"","contenu":"<p>Sur deux jours, l\u2019\u00e9quipe s\u2019est organis\u00e9e dans la r\u00e9partition des t\u00e2ches. Le tout en d\u00e9passant les quelques freins li\u00e9s \u00e0 la langue, aux param\u00e8tres informatiques et logistiques, mais constamment anim\u00e9 par une ambiance bienveillante et solidaire \u00abt<em>oujours dans la joie et la bonne humeur\u00a0!\u00a0<\/em>\u00bb compl\u00e8te Franck ROPERT<\/p>\n<p>Au final, ce sont l&rsquo;envie de partager ses savoir-faire, et la g\u00e9n\u00e9rosit\u00e9 de chacun, sont les clefs de r\u00e9ussite pour ce projet.<\/p>\n<p style=\"font-style: inherit;font-weight: inherit\">\n","titre":"","image":false,"image_libre":false,"image_800x500":{"ID":36893,"id":36893,"title":"Sans titre (34)","filename":"Sans-titre-34.png","filesize":1,"url":"https:\/\/cdn.bymycar.eu\/fr-webzine\/wp-content\/uploads\/medias\/Sans-titre-34.png","link":"https:\/\/www.bymycar.fr\/webzine\/inventaire-bmw-madrid-les-collaborateurs-se-mobilisent-pour-leurs-homologues-espagnols\/sans-titre-34\/","alt":"","author":"88","description":"","caption":"","name":"sans-titre-34","status":"inherit","uploaded_to":36792,"date":"2022-10-24 08:04:55","modified":"2022-10-24 08:04:55","menu_order":0,"mime_type":"image\/png","type":"image","subtype":"png","icon":"https:\/\/www.bymycar.fr\/webzine\/wp-includes\/images\/media\/default.png","width":920,"height":500,"sizes":{"thumbnail":"https:\/\/cdn.bymycar.eu\/fr-webzine\/wp-content\/uploads\/medias\/Sans-titre-34-150x150.png","thumbnail-width":150,"thumbnail-height":150,"medium":"https:\/\/cdn.bymycar.eu\/fr-webzine\/wp-content\/uploads\/medias\/Sans-titre-34-300x163.png","medium-width":300,"medium-height":163,"medium_large":"https:\/\/cdn.bymycar.eu\/fr-webzine\/wp-content\/uploads\/medias\/Sans-titre-34-768x417.png","medium_large-width":768,"medium_large-height":417,"large":"https:\/\/cdn.bymycar.eu\/fr-webzine\/wp-content\/uploads\/medias\/Sans-titre-34.png","large-width":920,"large-height":500,"1536x1536":"https:\/\/cdn.bymycar.eu\/fr-webzine\/wp-content\/uploads\/medias\/Sans-titre-34.png","1536x1536-width":920,"1536x1536-height":500,"2048x2048":"https:\/\/cdn.bymycar.eu\/fr-webzine\/wp-content\/uploads\/medias\/Sans-titre-34.png","2048x2048-width":920,"2048x2048-height":500}},"legende":"","zoom":false,"texte":"<p><em>C&rsquo;\u00e9tait un moment extr\u00eamement intense \u00e0 tous points de vue, tant les \u00e9changes enrichissants que dans l\u2019effervescence de l\u2019action et la synchronisation de tout ce beau monde.\u00a0<\/em> <strong>Jean-Marc MALLET &#8211; Directeur SAV BYmyCAR C\u00f4te d\u2019Azur<\/strong><\/p>\n","articles":false,"categorie_droite":false,"images":[{"image":false,"image_1600x700":false,"image_920x500":{"ID":36883,"id":36883,"title":"Sans titre (31)","filename":"Sans-titre-31.png","filesize":1,"url":"https:\/\/cdn.bymycar.eu\/fr-webzine\/wp-content\/uploads\/medias\/Sans-titre-31.png","link":"https:\/\/www.bymycar.fr\/webzine\/inventaire-bmw-madrid-les-collaborateurs-se-mobilisent-pour-leurs-homologues-espagnols\/sans-titre-31\/","alt":"","author":"88","description":"","caption":"","name":"sans-titre-31","status":"inherit","uploaded_to":36792,"date":"2022-10-24 07:32:20","modified":"2022-10-24 07:32:20","menu_order":0,"mime_type":"image\/png","type":"image","subtype":"png","icon":"https:\/\/www.bymycar.fr\/webzine\/wp-includes\/images\/media\/default.png","width":920,"height":500,"sizes":{"thumbnail":"https:\/\/cdn.bymycar.eu\/fr-webzine\/wp-content\/uploads\/medias\/Sans-titre-31-150x150.png","thumbnail-width":150,"thumbnail-height":150,"medium":"https:\/\/cdn.bymycar.eu\/fr-webzine\/wp-content\/uploads\/medias\/Sans-titre-31-300x163.png","medium-width":300,"medium-height":163,"medium_large":"https:\/\/cdn.bymycar.eu\/fr-webzine\/wp-content\/uploads\/medias\/Sans-titre-31-768x417.png","medium_large-width":768,"medium_large-height":417,"large":"https:\/\/cdn.bymycar.eu\/fr-webzine\/wp-content\/uploads\/medias\/Sans-titre-31.png","large-width":920,"large-height":500,"1536x1536":"https:\/\/cdn.bymycar.eu\/fr-webzine\/wp-content\/uploads\/medias\/Sans-titre-31.png","1536x1536-width":920,"1536x1536-height":500,"2048x2048":"https:\/\/cdn.bymycar.eu\/fr-webzine\/wp-content\/uploads\/medias\/Sans-titre-31.png","2048x2048-width":920,"2048x2048-height":500}},"legende":""}],"elements_comparatif":false,"texte_1":"","texte_2":"","image_1":false,"image_1_563x400":false,"image_1_332x332":false,"image_2":false,"image_2_333x240":false,"image_2_563x400":false,"image_3":false,"image_3_333x240":false,"image_3_332x450":false,"image_4":false,"image_4_332x332":false,"image_4_563x400":false,"code_embed":"","legende_video":"","photo":false,"photo_100x100":false,"nom":"","fonction":"","elements_timeline":false,"entetes_colonnes":false,"entetes_lignes":false,"lignes":false,"introduction":"","formulaire":false,"question":"","reponse":"","libelle_bouton_lien":"","url_lien":"","questions":false,"conclusions":false,"pays":false,"region":false,"marque":false,"marqueConcessions":false,"modele":false,"ptvente":false,"typeV":false,"collection":false,"nombre_maximum_elements":10,"lien_fin_carousel":"","texte_lien_fin_carousel":"","trier_par":false}],"is_old_post":false,"image":{"ID":36864,"id":36864,"title":"Sans titre (28)","filename":"Sans-titre-28.png","filesize":1,"url":"https:\/\/cdn.bymycar.eu\/fr-webzine\/wp-content\/uploads\/medias\/Sans-titre-28.png","link":"https:\/\/www.bymycar.fr\/webzine\/inventaire-bmw-madrid-les-collaborateurs-se-mobilisent-pour-leurs-homologues-espagnols\/sans-titre-28\/","alt":"","author":"88","description":"","caption":"","name":"sans-titre-28","status":"inherit","uploaded_to":36792,"date":"2022-10-24 07:09:26","modified":"2022-10-24 07:09:26","menu_order":0,"mime_type":"image\/png","type":"image","subtype":"png","icon":"https:\/\/www.bymycar.fr\/webzine\/wp-includes\/images\/media\/default.png","width":1417,"height":429,"sizes":{"thumbnail":"https:\/\/cdn.bymycar.eu\/fr-webzine\/wp-content\/uploads\/medias\/Sans-titre-28-e1666599857347-150x150.png","thumbnail-width":150,"thumbnail-height":150,"medium":"https:\/\/cdn.bymycar.eu\/fr-webzine\/wp-content\/uploads\/medias\/Sans-titre-28-e1666599857347-300x91.png","medium-width":300,"medium-height":91,"medium_large":"https:\/\/cdn.bymycar.eu\/fr-webzine\/wp-content\/uploads\/medias\/Sans-titre-28-e1666599857347-768x233.png","medium_large-width":768,"medium_large-height":233,"large":"https:\/\/cdn.bymycar.eu\/fr-webzine\/wp-content\/uploads\/medias\/Sans-titre-28-e1666599857347-1024x310.png","large-width":1024,"large-height":310,"1536x1536":"https:\/\/cdn.bymycar.eu\/fr-webzine\/wp-content\/uploads\/medias\/Sans-titre-28-1536x512.png","1536x1536-width":1536,"1536x1536-height":512,"2048x2048":"https:\/\/cdn.bymycar.eu\/fr-webzine\/wp-content\/uploads\/medias\/Sans-titre-28.png","2048x2048-width":1417,"2048x2048-height":429}},"page_content":{"block_content":[{"acf_fc_layout":"citation","--nav":{"-withNav":false,"-ancre":""},"--group":{"-citation":"Nous avons remobilis\u00e9 l\u2019\u00e9quipe qui avait particip\u00e9 \u00e0 l&rsquo;inventaire de BMW Milan. L&rsquo;exercice \u00e9tait connu et la confiance \u00e9tait l\u00e0 ! Pour renforcer l&rsquo;\u00e9quipe, nous avons sollicit\u00e9 des collaborateurs ayant des notions d&rsquo;espagnol. Deux d&rsquo;entre eux ont accept\u00e9 de participer \u00e0 l&rsquo;aventure. Franck ROPERT &#8211; Directeur des Op\u00e9rations Internationales<br \/>\n","-image":false,"-nom":"","-function":""}},{"acf_fc_layout":"text-image","--nav":{"-withNav":false,"-ancre":""},"--group":{"-image":{"ID":36893,"id":36893,"title":"Sans titre (34)","filename":"Sans-titre-34.png","filesize":1,"url":"https:\/\/cdn.bymycar.eu\/fr-webzine\/wp-content\/uploads\/medias\/Sans-titre-34.png","link":"https:\/\/www.bymycar.fr\/webzine\/inventaire-bmw-madrid-les-collaborateurs-se-mobilisent-pour-leurs-homologues-espagnols\/sans-titre-34\/","alt":"","author":"88","description":"","caption":"","name":"sans-titre-34","status":"inherit","uploaded_to":36792,"date":"2022-10-24 08:04:55","modified":"2022-10-24 08:04:55","menu_order":0,"mime_type":"image\/png","type":"image","subtype":"png","icon":"https:\/\/www.bymycar.fr\/webzine\/wp-includes\/images\/media\/default.png","width":920,"height":500,"sizes":{"thumbnail":"https:\/\/cdn.bymycar.eu\/fr-webzine\/wp-content\/uploads\/medias\/Sans-titre-34-150x150.png","thumbnail-width":150,"thumbnail-height":150,"medium":"https:\/\/cdn.bymycar.eu\/fr-webzine\/wp-content\/uploads\/medias\/Sans-titre-34-300x163.png","medium-width":300,"medium-height":163,"medium_large":"https:\/\/cdn.bymycar.eu\/fr-webzine\/wp-content\/uploads\/medias\/Sans-titre-34-768x417.png","medium_large-width":768,"medium_large-height":417,"large":"https:\/\/cdn.bymycar.eu\/fr-webzine\/wp-content\/uploads\/medias\/Sans-titre-34.png","large-width":920,"large-height":500,"1536x1536":"https:\/\/cdn.bymycar.eu\/fr-webzine\/wp-content\/uploads\/medias\/Sans-titre-34.png","1536x1536-width":920,"1536x1536-height":500,"2048x2048":"https:\/\/cdn.bymycar.eu\/fr-webzine\/wp-content\/uploads\/medias\/Sans-titre-34.png","2048x2048-width":920,"2048x2048-height":500}},"-title":"","-text":"<h2>La g\u00e9n\u00e9rosit\u00e9 au rendez-vous !<\/h2>\n<p>Sur deux jours, l\u2019\u00e9quipe s\u2019est organis\u00e9e dans la r\u00e9partition des t\u00e2ches. Le tout en d\u00e9passant les quelques freins li\u00e9s \u00e0 la langue, aux param\u00e8tres informatiques et logistiques, mais constamment anim\u00e9 par une ambiance bienveillante et solidaire \u00ab<em>toujours dans la joie et la bonne humeur\u00a0!\u00a0<\/em>\u00bb compl\u00e8te Franck ROPERT<\/p>\n<p>Au final, ce sont l\u2019envie de partager ses savoir-faire, et la g\u00e9n\u00e9rosit\u00e9 de chacun, sont les clefs de r\u00e9ussite pour ce projet.<\/p>\n<p>&nbsp;<\/p>\n<p>Un bel exemple que <em>la diversit\u00e9 est une force<\/em> !<\/p>\n"}},{"acf_fc_layout":"citation","--nav":{"-withNav":false,"-ancre":""},"--group":{"-citation":"C&rsquo;\u00e9tait un moment extr\u00eamement intense \u00e0 tous points de vue, tant les \u00e9changes enrichissants que dans l\u2019effervescence de l\u2019action et la synchronisation de tout ce beau monde.\u00a0 Jean-Marc MALLET &#8211; Directeur SAV BYmyCAR C\u00f4te d\u2019Azur<br \/>\n","-image":false,"-nom":"","-function":""}}]},"add-carousel-to-footer":true},"yoast_head":"<!-- This site is optimized with the Yoast SEO Premium plugin v26.4 (Yoast SEO v26.4) - https:\/\/yoast.com\/wordpress\/plugins\/seo\/ -->\n<title>Inventaire BMW Madrid : les collaborateurs se mobilisent pour leurs homologues espagnols<\/title>\n<meta name=\"robots\" content=\"index, follow, max-snippet:-1, max-image-preview:large, max-video-preview:-1\" \/>\n<link rel=\"canonical\" href=\"https:\/\/www.bymycar.fr\/webzine\/inventaire-bmw-madrid-les-collaborateurs-se-mobilisent-pour-leurs-homologues-espagnols\/\" \/>\n<meta property=\"og:locale\" content=\"fr_FR\" \/>\n<meta property=\"og:type\" content=\"article\" \/>\n<meta property=\"og:title\" content=\"Inventaire BMW Madrid : les collaborateurs se mobilisent pour leurs homologues espagnols\" \/>\n<meta property=\"og:url\" content=\"https:\/\/www.bymycar.fr\/webzine\/inventaire-bmw-madrid-les-collaborateurs-se-mobilisent-pour-leurs-homologues-espagnols\/\" \/>\n<meta property=\"og:site_name\" content=\"Webzine auto BYmyCAR\" \/>\n<meta property=\"article:published_time\" content=\"2022-10-24T08:15:31+00:00\" \/>\n<meta property=\"article:modified_time\" content=\"2022-10-24T08:27:18+00:00\" \/>\n<meta property=\"og:image\" content=\"https:\/\/cdn.bymycar.eu\/fr-webzine\/wp-content\/uploads\/medias\/Sans-titre-28.png\" \/>\n\t<meta property=\"og:image:width\" content=\"1417\" \/>\n\t<meta property=\"og:image:height\" content=\"429\" \/>\n\t<meta property=\"og:image:type\" content=\"image\/png\" \/>\n<meta name=\"author\" content=\"La R\u00e9daction BYmyCAR\" \/>\n<meta name=\"twitter:card\" content=\"summary_large_image\" \/>\n<meta name=\"twitter:label1\" content=\"\u00c9crit par\" \/>\n\t<meta name=\"twitter:data1\" content=\"La R\u00e9daction BYmyCAR\" \/>\n<script type=\"application\/ld+json\" class=\"yoast-schema-graph\">{\"@context\":\"https:\/\/schema.org\",\"@graph\":[{\"@type\":\"Article\",\"@id\":\"https:\/\/www.bymycar.fr\/webzine\/inventaire-bmw-madrid-les-collaborateurs-se-mobilisent-pour-leurs-homologues-espagnols\/#article\",\"isPartOf\":{\"@id\":\"https:\/\/www.bymycar.fr\/webzine\/inventaire-bmw-madrid-les-collaborateurs-se-mobilisent-pour-leurs-homologues-espagnols\/\"},\"author\":{\"name\":\"La R\u00e9daction BYmyCAR\",\"@id\":\"https:\/\/www.bymycar.fr\/webzine\/#\/schema\/person\/8d570fe11eb8929f06c1e6d00f4d9689\"},\"headline\":\"Inventaire BMW Madrid : les collaborateurs se mobilisent pour leurs homologues espagnols\",\"datePublished\":\"2022-10-24T08:15:31+00:00\",\"dateModified\":\"2022-10-24T08:27:18+00:00\",\"mainEntityOfPage\":{\"@id\":\"https:\/\/www.bymycar.fr\/webzine\/inventaire-bmw-madrid-les-collaborateurs-se-mobilisent-pour-leurs-homologues-espagnols\/\"},\"wordCount\":11,\"publisher\":{\"@id\":\"https:\/\/www.bymycar.fr\/webzine\/#organization\"},\"image\":{\"@id\":\"https:\/\/www.bymycar.fr\/webzine\/inventaire-bmw-madrid-les-collaborateurs-se-mobilisent-pour-leurs-homologues-espagnols\/#primaryimage\"},\"thumbnailUrl\":\"https:\/\/cdn.bymycar.eu\/fr-webzine\/wp-content\/uploads\/medias\/Sans-titre-28.png\",\"keywords\":[\"BMW\",\"BYmyCAR\"],\"articleSection\":[\"Actus RH BYmyCAR\",\"Ressources humaines\"],\"inLanguage\":\"fr-FR\"},{\"@type\":\"WebPage\",\"@id\":\"https:\/\/www.bymycar.fr\/webzine\/inventaire-bmw-madrid-les-collaborateurs-se-mobilisent-pour-leurs-homologues-espagnols\/\",\"url\":\"https:\/\/www.bymycar.fr\/webzine\/inventaire-bmw-madrid-les-collaborateurs-se-mobilisent-pour-leurs-homologues-espagnols\/\",\"name\":\"Inventaire BMW Madrid : les collaborateurs se mobilisent pour leurs homologues espagnols\",\"isPartOf\":{\"@id\":\"https:\/\/www.bymycar.fr\/webzine\/#website\"},\"primaryImageOfPage\":{\"@id\":\"https:\/\/www.bymycar.fr\/webzine\/inventaire-bmw-madrid-les-collaborateurs-se-mobilisent-pour-leurs-homologues-espagnols\/#primaryimage\"},\"image\":{\"@id\":\"https:\/\/www.bymycar.fr\/webzine\/inventaire-bmw-madrid-les-collaborateurs-se-mobilisent-pour-leurs-homologues-espagnols\/#primaryimage\"},\"thumbnailUrl\":\"https:\/\/cdn.bymycar.eu\/fr-webzine\/wp-content\/uploads\/medias\/Sans-titre-28.png\",\"datePublished\":\"2022-10-24T08:15:31+00:00\",\"dateModified\":\"2022-10-24T08:27:18+00:00\",\"breadcrumb\":{\"@id\":\"https:\/\/www.bymycar.fr\/webzine\/inventaire-bmw-madrid-les-collaborateurs-se-mobilisent-pour-leurs-homologues-espagnols\/#breadcrumb\"},\"inLanguage\":\"fr-FR\",\"potentialAction\":[{\"@type\":\"ReadAction\",\"target\":[\"https:\/\/www.bymycar.fr\/webzine\/inventaire-bmw-madrid-les-collaborateurs-se-mobilisent-pour-leurs-homologues-espagnols\/\"]}]},{\"@type\":\"ImageObject\",\"inLanguage\":\"fr-FR\",\"@id\":\"https:\/\/www.bymycar.fr\/webzine\/inventaire-bmw-madrid-les-collaborateurs-se-mobilisent-pour-leurs-homologues-espagnols\/#primaryimage\",\"url\":\"https:\/\/cdn.bymycar.eu\/fr-webzine\/wp-content\/uploads\/medias\/Sans-titre-28.png\",\"contentUrl\":\"https:\/\/cdn.bymycar.eu\/fr-webzine\/wp-content\/uploads\/medias\/Sans-titre-28.png\",\"width\":1417,\"height\":429},{\"@type\":\"BreadcrumbList\",\"@id\":\"https:\/\/www.bymycar.fr\/webzine\/inventaire-bmw-madrid-les-collaborateurs-se-mobilisent-pour-leurs-homologues-espagnols\/#breadcrumb\",\"itemListElement\":[{\"@type\":\"ListItem\",\"position\":1,\"name\":\"Accueil\",\"item\":\"https:\/\/www.bymycar.fr\/webzine\/\"},{\"@type\":\"ListItem\",\"position\":2,\"name\":\"Inventaire BMW Madrid : les collaborateurs se mobilisent pour leurs homologues espagnols\"}]},{\"@type\":\"WebSite\",\"@id\":\"https:\/\/www.bymycar.fr\/webzine\/#website\",\"url\":\"https:\/\/www.bymycar.fr\/webzine\/\",\"name\":\"Webzine auto BYmyCAR\",\"description\":\"La magazine auto de BYmyCAR\",\"publisher\":{\"@id\":\"https:\/\/www.bymycar.fr\/webzine\/#organization\"},\"potentialAction\":[{\"@type\":\"SearchAction\",\"target\":{\"@type\":\"EntryPoint\",\"urlTemplate\":\"https:\/\/www.bymycar.fr\/webzine\/?s={search_term_string}\"},\"query-input\":{\"@type\":\"PropertyValueSpecification\",\"valueRequired\":true,\"valueName\":\"search_term_string\"}}],\"inLanguage\":\"fr-FR\"},{\"@type\":\"Organization\",\"@id\":\"https:\/\/www.bymycar.fr\/webzine\/#organization\",\"name\":\"BYmyCAR\",\"url\":\"https:\/\/www.bymycar.fr\/webzine\/\",\"logo\":{\"@type\":\"ImageObject\",\"inLanguage\":\"fr-FR\",\"@id\":\"https:\/\/www.bymycar.fr\/webzine\/#\/schema\/logo\/image\/\",\"url\":\"https:\/\/cdn.bymycar.eu\/fr-webzine\/wp-content\/uploads\/medias\/2017\/08\/logo_DEALER_00000406_001.png\",\"contentUrl\":\"https:\/\/cdn.bymycar.eu\/fr-webzine\/wp-content\/uploads\/medias\/2017\/08\/logo_DEALER_00000406_001.png\",\"width\":2132,\"height\":720,\"caption\":\"BYmyCAR\"},\"image\":{\"@id\":\"https:\/\/www.bymycar.fr\/webzine\/#\/schema\/logo\/image\/\"}},{\"@type\":\"Person\",\"@id\":\"https:\/\/www.bymycar.fr\/webzine\/#\/schema\/person\/8d570fe11eb8929f06c1e6d00f4d9689\",\"name\":\"La R\u00e9daction BYmyCAR\",\"image\":{\"@type\":\"ImageObject\",\"inLanguage\":\"fr-FR\",\"@id\":\"https:\/\/www.bymycar.fr\/webzine\/#\/schema\/person\/image\/\",\"url\":\"https:\/\/secure.gravatar.com\/avatar\/1aa6b039d0ce106989923af4e2d0f2a0c82bb070d5e449f1b9adf082a5863900?s=96&d=mm&r=g\",\"contentUrl\":\"https:\/\/secure.gravatar.com\/avatar\/1aa6b039d0ce106989923af4e2d0f2a0c82bb070d5e449f1b9adf082a5863900?s=96&d=mm&r=g\",\"caption\":\"La R\u00e9daction BYmyCAR\"},\"sameAs\":[\"https:\/\/www.bymycar.fr\/\"]}]}<\/script>\n<!-- \/ Yoast SEO Premium plugin. -->","yoast_head_json":{"title":"Inventaire BMW Madrid : les collaborateurs se mobilisent pour leurs homologues espagnols","robots":{"index":"index","follow":"follow","max-snippet":"max-snippet:-1","max-image-preview":"max-image-preview:large","max-video-preview":"max-video-preview:-1"},"canonical":"https:\/\/www.bymycar.fr\/webzine\/inventaire-bmw-madrid-les-collaborateurs-se-mobilisent-pour-leurs-homologues-espagnols\/","og_locale":"fr_FR","og_type":"article","og_title":"Inventaire BMW Madrid : les collaborateurs se mobilisent pour leurs homologues espagnols","og_url":"https:\/\/www.bymycar.fr\/webzine\/inventaire-bmw-madrid-les-collaborateurs-se-mobilisent-pour-leurs-homologues-espagnols\/","og_site_name":"Webzine auto BYmyCAR","article_published_time":"2022-10-24T08:15:31+00:00","article_modified_time":"2022-10-24T08:27:18+00:00","og_image":[{"width":1417,"height":429,"url":"https:\/\/cdn.bymycar.eu\/fr-webzine\/wp-content\/uploads\/medias\/Sans-titre-28.png","type":"image\/png"}],"author":"La R\u00e9daction BYmyCAR","twitter_card":"summary_large_image","twitter_misc":{"\u00c9crit par":"La R\u00e9daction BYmyCAR"},"schema":{"@context":"https:\/\/schema.org","@graph":[{"@type":"Article","@id":"https:\/\/www.bymycar.fr\/webzine\/inventaire-bmw-madrid-les-collaborateurs-se-mobilisent-pour-leurs-homologues-espagnols\/#article","isPartOf":{"@id":"https:\/\/www.bymycar.fr\/webzine\/inventaire-bmw-madrid-les-collaborateurs-se-mobilisent-pour-leurs-homologues-espagnols\/"},"author":{"name":"La R\u00e9daction BYmyCAR","@id":"https:\/\/www.bymycar.fr\/webzine\/#\/schema\/person\/8d570fe11eb8929f06c1e6d00f4d9689"},"headline":"Inventaire BMW Madrid : les collaborateurs se mobilisent pour leurs homologues espagnols","datePublished":"2022-10-24T08:15:31+00:00","dateModified":"2022-10-24T08:27:18+00:00","mainEntityOfPage":{"@id":"https:\/\/www.bymycar.fr\/webzine\/inventaire-bmw-madrid-les-collaborateurs-se-mobilisent-pour-leurs-homologues-espagnols\/"},"wordCount":11,"publisher":{"@id":"https:\/\/www.bymycar.fr\/webzine\/#organization"},"image":{"@id":"https:\/\/www.bymycar.fr\/webzine\/inventaire-bmw-madrid-les-collaborateurs-se-mobilisent-pour-leurs-homologues-espagnols\/#primaryimage"},"thumbnailUrl":"https:\/\/cdn.bymycar.eu\/fr-webzine\/wp-content\/uploads\/medias\/Sans-titre-28.png","keywords":["BMW","BYmyCAR"],"articleSection":["Actus RH BYmyCAR","Ressources humaines"],"inLanguage":"fr-FR"},{"@type":"WebPage","@id":"https:\/\/www.bymycar.fr\/webzine\/inventaire-bmw-madrid-les-collaborateurs-se-mobilisent-pour-leurs-homologues-espagnols\/","url":"https:\/\/www.bymycar.fr\/webzine\/inventaire-bmw-madrid-les-collaborateurs-se-mobilisent-pour-leurs-homologues-espagnols\/","name":"Inventaire BMW Madrid : les collaborateurs se mobilisent pour leurs homologues espagnols","isPartOf":{"@id":"https:\/\/www.bymycar.fr\/webzine\/#website"},"primaryImageOfPage":{"@id":"https:\/\/www.bymycar.fr\/webzine\/inventaire-bmw-madrid-les-collaborateurs-se-mobilisent-pour-leurs-homologues-espagnols\/#primaryimage"},"image":{"@id":"https:\/\/www.bymycar.fr\/webzine\/inventaire-bmw-madrid-les-collaborateurs-se-mobilisent-pour-leurs-homologues-espagnols\/#primaryimage"},"thumbnailUrl":"https:\/\/cdn.bymycar.eu\/fr-webzine\/wp-content\/uploads\/medias\/Sans-titre-28.png","datePublished":"2022-10-24T08:15:31+00:00","dateModified":"2022-10-24T08:27:18+00:00","breadcrumb":{"@id":"https:\/\/www.bymycar.fr\/webzine\/inventaire-bmw-madrid-les-collaborateurs-se-mobilisent-pour-leurs-homologues-espagnols\/#breadcrumb"},"inLanguage":"fr-FR","potentialAction":[{"@type":"ReadAction","target":["https:\/\/www.bymycar.fr\/webzine\/inventaire-bmw-madrid-les-collaborateurs-se-mobilisent-pour-leurs-homologues-espagnols\/"]}]},{"@type":"ImageObject","inLanguage":"fr-FR","@id":"https:\/\/www.bymycar.fr\/webzine\/inventaire-bmw-madrid-les-collaborateurs-se-mobilisent-pour-leurs-homologues-espagnols\/#primaryimage","url":"https:\/\/cdn.bymycar.eu\/fr-webzine\/wp-content\/uploads\/medias\/Sans-titre-28.png","contentUrl":"https:\/\/cdn.bymycar.eu\/fr-webzine\/wp-content\/uploads\/medias\/Sans-titre-28.png","width":1417,"height":429},{"@type":"BreadcrumbList","@id":"https:\/\/www.bymycar.fr\/webzine\/inventaire-bmw-madrid-les-collaborateurs-se-mobilisent-pour-leurs-homologues-espagnols\/#breadcrumb","itemListElement":[{"@type":"ListItem","position":1,"name":"Accueil","item":"https:\/\/www.bymycar.fr\/webzine\/"},{"@type":"ListItem","position":2,"name":"Inventaire BMW Madrid : les collaborateurs se mobilisent pour leurs homologues espagnols"}]},{"@type":"WebSite","@id":"https:\/\/www.bymycar.fr\/webzine\/#website","url":"https:\/\/www.bymycar.fr\/webzine\/","name":"Webzine auto BYmyCAR","description":"La magazine auto de BYmyCAR","publisher":{"@id":"https:\/\/www.bymycar.fr\/webzine\/#organization"},"potentialAction":[{"@type":"SearchAction","target":{"@type":"EntryPoint","urlTemplate":"https:\/\/www.bymycar.fr\/webzine\/?s={search_term_string}"},"query-input":{"@type":"PropertyValueSpecification","valueRequired":true,"valueName":"search_term_string"}}],"inLanguage":"fr-FR"},{"@type":"Organization","@id":"https:\/\/www.bymycar.fr\/webzine\/#organization","name":"BYmyCAR","url":"https:\/\/www.bymycar.fr\/webzine\/","logo":{"@type":"ImageObject","inLanguage":"fr-FR","@id":"https:\/\/www.bymycar.fr\/webzine\/#\/schema\/logo\/image\/","url":"https:\/\/cdn.bymycar.eu\/fr-webzine\/wp-content\/uploads\/medias\/2017\/08\/logo_DEALER_00000406_001.png","contentUrl":"https:\/\/cdn.bymycar.eu\/fr-webzine\/wp-content\/uploads\/medias\/2017\/08\/logo_DEALER_00000406_001.png","width":2132,"height":720,"caption":"BYmyCAR"},"image":{"@id":"https:\/\/www.bymycar.fr\/webzine\/#\/schema\/logo\/image\/"}},{"@type":"Person","@id":"https:\/\/www.bymycar.fr\/webzine\/#\/schema\/person\/8d570fe11eb8929f06c1e6d00f4d9689","name":"La R\u00e9daction BYmyCAR","image":{"@type":"ImageObject","inLanguage":"fr-FR","@id":"https:\/\/www.bymycar.fr\/webzine\/#\/schema\/person\/image\/","url":"https:\/\/secure.gravatar.com\/avatar\/1aa6b039d0ce106989923af4e2d0f2a0c82bb070d5e449f1b9adf082a5863900?s=96&d=mm&r=g","contentUrl":"https:\/\/secure.gravatar.com\/avatar\/1aa6b039d0ce106989923af4e2d0f2a0c82bb070d5e449f1b9adf082a5863900?s=96&d=mm&r=g","caption":"La R\u00e9daction BYmyCAR"},"sameAs":["https:\/\/www.bymycar.fr\/"]}]}},"_links":{"self":[{"href":"https:\/\/www.bymycar.fr\/webzine\/wp-json\/wp\/v2\/posts\/36792","targetHints":{"allow":["GET"]}}],"collection":[{"href":"https:\/\/www.bymycar.fr\/webzine\/wp-json\/wp\/v2\/posts"}],"about":[{"href":"https:\/\/www.bymycar.fr\/webzine\/wp-json\/wp\/v2\/types\/post"}],"author":[{"embeddable":true,"href":"https:\/\/www.bymycar.fr\/webzine\/wp-json\/wp\/v2\/users\/88"}],"replies":[{"embeddable":true,"href":"https:\/\/www.bymycar.fr\/webzine\/wp-json\/wp\/v2\/comments?post=36792"}],"version-history":[{"count":67,"href":"https:\/\/www.bymycar.fr\/webzine\/wp-json\/wp\/v2\/posts\/36792\/revisions"}],"predecessor-version":[{"id":36913,"href":"https:\/\/www.bymycar.fr\/webzine\/wp-json\/wp\/v2\/posts\/36792\/revisions\/36913"}],"wp:featuredmedia":[{"embeddable":true,"href":"https:\/\/www.bymycar.fr\/webzine\/wp-json\/wp\/v2\/media\/36864"}],"wp:attachment":[{"href":"https:\/\/www.bymycar.fr\/webzine\/wp-json\/wp\/v2\/media?parent=36792"}],"wp:term":[{"taxonomy":"category","embeddable":true,"href":"https:\/\/www.bymycar.fr\/webzine\/wp-json\/wp\/v2\/categories?post=36792"},{"taxonomy":"post_tag","embeddable":true,"href":"https:\/\/www.bymycar.fr\/webzine\/wp-json\/wp\/v2\/tags?post=36792"}],"curies":[{"name":"wp","href":"https:\/\/api.w.org\/{rel}","templated":true}]}}