{"id":36303,"date":"2022-09-30T14:23:05","date_gmt":"2022-09-30T12:23:05","guid":{"rendered":"https:\/\/prod.bymycar.fr\/webzine\/?p=36303"},"modified":"2026-04-27T14:19:41","modified_gmt":"2026-04-27T12:19:41","slug":"comment-amenager-une-dacia-lodgy","status":"publish","type":"post","link":"https:\/\/www.bymycar.fr\/webzine\/comment-amenager-une-dacia-lodgy\/","title":{"rendered":"Comment am\u00e9nager une dacia lodgy ?"},"content":{"rendered":"","protected":false},"excerpt":{"rendered":"","protected":false},"author":88,"featured_media":36257,"comment_status":"closed","ping_status":"open","sticky":false,"template":"","format":"standard","meta":{"_acf_changed":false,"footnotes":""},"categories":[12893,12903],"tags":[],"class_list":["post-36303","post","type-post","status-publish","format-standard","has-post-thumbnail","hentry","category-guide-dachat","category-guide-dachat-dacia"],"acf":{"template":"classique","introduction":"<p style=\"text-align: justify;\">La Dacia Lodgy est connue pour \u00eatre une voiture familiale spacieuse. Am\u00e9nag\u00e9es correctement, les voitures de <a href=\"https:\/\/www.bymycar.fr\/marques\/dacia\">Dacia<\/a> peuvent se transformer en camping-cars tr\u00e8s pratiques.<\/p>\n<p style=\"text-align: center;\"><a href=\"https:\/\/www.bymycar.fr\/rechercher-un-vehicule?prod_VEHICLES%5BrefinementList%5D%5Bbrand%5D%5B0%5D=DACIA&amp;prod_VEHICLES%5BrefinementList%5D%5BmodelGroup1%5D%5B0%5D=LODGY\" target=\"_blank\" class=\"css-button css-button--gold\" >\n                Voir nos v\u00e9hicules Dacia Lodgy neufs et d'occasion\n        <\/a><\/p>\n","strates":[{"type_strate":"texte-simple","ancre":"","contenu":"<h2 style=\"text-align: justify;\"><strong>Am\u00e9nagement d\u2019une Dacia Lodgy Dokker en van<\/strong><\/h2>\n<p style=\"text-align: justify;\">Depuis la pand\u00e9mie de Covid-19, l\u2019am\u00e9nagement de v\u00e9hicules en vans devient tendance. Ces voitures camping-cars sont particuli\u00e8rement appr\u00e9ci\u00e9es pour les vacances. L\u2019am\u00e9nagement d\u2019un v\u00e9hicule en van permet d\u2019avoir une voiture pour se d\u00e9placer et dormir. Il s\u2019agit d\u2019un moyen abordable de transformer sa voiture en petite maison sur roues.<\/p>\n<p style=\"text-align: justify;\">La Dacia Lodgy est connue pour ses larges dimensions pouvant accueillir 7 personnes. Gr\u00e2ce \u00e0 ses si\u00e8ges rabattables, son grand espace de stockage peut \u00eatre optimis\u00e9 pour recevoir diff\u00e9rents am\u00e9nagements.<\/p>\n<h2 style=\"text-align: justify;\"><strong>Comment exploiter les dimensions d\u2019une Dacia Lodgy 7 places pour avoir un camping-car am\u00e9nag\u00e9\u00a0?<\/strong><\/h2>\n<p style=\"text-align: justify;\">La Dacia Lodgy 7 places se d\u00e9marque par ses 4,50 m de long. La marque roumaine, gr\u00e2ce \u00e0 l\u2019entreprise espagnole Yevana, am\u00e9nage son mod\u00e8le pour en faire un van pratique. Pour r\u00e9pondre \u00e0 la demande, les dimensions imposantes du ludospace ont \u00e9t\u00e9 exploit\u00e9es par la marque afin de d\u00e9velopper une gamme de vans \u00e9conomiques et compacts.<\/p>\n<h2 style=\"text-align: justify;\"><strong>Dacia Duster, Jogger, Dokker et Lodgy, am\u00e9nag\u00e9s par l\u2019entreprise espagnole Yevana<\/strong><\/h2>\n<p style=\"text-align: justify;\">L\u2019entreprise de location et d\u2019am\u00e9nagement de vans espagnole Yevana a d\u00e9velopp\u00e9 des vans sur la base de la Dacia Dokker. Elle a ainsi \u00e9quip\u00e9 la Dacia Dokker avec un plancher, un plafond, une banquette convertible, un meuble lat\u00e9ral et un meuble de coffre.<\/p>\n<p style=\"text-align: justify;\">L\u2019am\u00e9nagement a su exploiter les dimensions de la voiture en y int\u00e9grant de nouveaux espaces de rangement. Il est d\u00e9sormais possible de retrouver dans une\u00a0<a href=\"https:\/\/www.bymycar.fr\/marques\/dacia\">Dacia<\/a>\u00a0d\u2019environ 4,50 m de long une glaci\u00e8re, un \u00e9vier et un r\u00e9servoir d\u2019eau propre. Ce type d\u2019am\u00e9nagement est particuli\u00e8rement appr\u00e9ci\u00e9 pour les campings en plein air ou les road trips.<\/p>\n<h2 style=\"text-align: justify;\"><strong>O\u00f9 acheter une Dacia Dokker Camperiz ?<\/strong><\/h2>\n<p style=\"text-align: justify;\">La Dacia Dokker existe en diff\u00e9rents mod\u00e8les am\u00e9nag\u00e9s en vans. \u00a0Il s\u2019agit de la gamme de Dacia Dokker Camperiz d\u00e9velopp\u00e9e par la soci\u00e9t\u00e9 Camperiz. Elle se d\u00e9marque par ses dimensions optimis\u00e9es de 4,39 m de long et 1,85 m de haut. La Dacia Dokker Camperiz est facile \u00e0 conduire et est moins imposante qu\u2019un fourgon.<\/p>\n<p style=\"text-align: justify;\">L\u2019entreprise espagnole Yevana a int\u00e9gr\u00e9 une literie et une cuisine \u00e9quip\u00e9e durant l\u2019am\u00e9nagement des espaces. La configuration peut \u00eatre personnalis\u00e9e selon les besoins aupr\u00e8s de cette entreprise d\u2019am\u00e9nagement de v\u00e9hicules bas\u00e9e \u00e0 Burgos.<\/p>\n<h2 style=\"text-align: justify;\"><strong>Quel est le van le moins cher\u00a0?<\/strong><\/h2>\n<p style=\"text-align: justify;\">La Dacia Dokker Camperiz fait partie des vans les moins chers du march\u00e9. Int\u00e9grant un r\u00e9chaud, un \u00e9vier, un r\u00e9servoir d\u2019eau propre et des espaces de stockage larges selon la configuration recherch\u00e9e, elle est accessible \u00e0 partir de 19\u00a0995 euros. La Dacia Dokker offre ainsi la possibilit\u00e9 de s\u2019offrir un camping-car neuf pour moins de 20\u00a0000 euros.<\/p>\n<p style=\"text-align: justify;\">Une Dacia Dokker am\u00e9nag\u00e9e d\u2019occasion co\u00fbte encore moins cher. Il est possible d\u2019am\u00e9nager une Dacia Dokker d\u2019occasion en camping-car pour un prix minimum de 6\u00a0000 euros. Ce type de transformation fait donc d\u2019importantes \u00e9conomies par rapport au prix d\u2019un grand camping-car.<\/p>\n<p style=\"text-align: justify;\">Au vu du succ\u00e8s de la Dacia am\u00e9nag\u00e9e, la marque pr\u00e9voit de lancer un kit \u00ab\u00a0maison\u00a0\u00bb pour l\u2019ann\u00e9e 2023. S\u2019inspirant de la Dacia Jogger, la marque roumaine esp\u00e8re ainsi transformer sa familiale en van le moins cher du march\u00e9.<\/p>\n<h3 style=\"text-align: justify;\">Guide d&rsquo;achat Dacia Lodgy :<\/h3>\n<p style=\"text-align: justify;\"><a href=\"https:\/\/www.bymycar.fr\/webzine\/combien-coute-une-dacia-lodgy\/\">Combien co\u00fbte une Dacia Lodgy ?<\/a><\/p>\n<p style=\"text-align: justify;\"><a href=\"https:\/\/www.bymycar.fr\/webzine\/dacia-lodgy-signification-des-voyants-tableau-de-bord\/\">Dacia Lodgy : signification des voyants tableau de bord<\/a><\/p>\n<p style=\"text-align: justify;\"><a href=\"https:\/\/www.bymycar.fr\/webzine\/recuperer-le-code-autoradio-dune-dacia-lodgy\/\">R\u00e9cup\u00e9rer le code autoradio d&rsquo;une Dacia Lodgy<\/a><\/p>\n<p style=\"text-align: justify;\"><a href=\"https:\/\/www.bymycar.fr\/webzine\/changer-une-ampoule-sur-une-dacia-lodgy\/\">Changer une ampoule sur une Dacia Lodgy<\/a><\/p>\n<p style=\"text-align: justify;\"><a href=\"https:\/\/www.bymycar.fr\/webzine\/comment-changer-les-balais-dessuie-glace-dacia-lodgy\/\">Comment changer l&rsquo;essuie glace d&rsquo;une Dacia Lodgy ?<\/a><\/p>\n<p style=\"text-align: justify;\"><a href=\"https:\/\/www.bymycar.fr\/webzine\/combien-coute-lentretien-dune-dacia-lodgy\/\">Combien co\u00fbte l&rsquo;entretien d&rsquo;une Dacia Lodgy ?<\/a><\/p>\n<p style=\"text-align: justify;\"><a href=\"https:\/\/www.bymycar.fr\/webzine\/dacia-jogger-vs-lodgy-que-choisir\/\">Dacia Jogger vs Lodgy : que choisir ?<\/a><\/p>\n<p style=\"text-align: justify;\"><a href=\"https:\/\/www.bymycar.fr\/webzine\/puissance-dacia-lodgy-combien-de-chevaux\/\">Puissance d&rsquo;une Dacia Lodgy : combien de chevaux ?<\/a><\/p>\n<p style=\"text-align: justify;\"><a href=\"https:\/\/www.bymycar.fr\/webzine\/changer-la-distribution-dune-dacia-lodgy\/\">Changer la distribution d&rsquo;une Dacia Lodgy<\/a><\/p>\n<p style=\"text-align: justify;\"><a href=\"https:\/\/www.bymycar.fr\/webzine\/changer-le-filtre-habitacle-dune-dacia-lodgy\/\">Changer le filtre habitacle d&rsquo;une Dacia Lodgy<\/a><\/p>\n","titre":"Texte 1","image":false,"image_libre":false,"image_800x500":false,"legende":"","zoom":false,"texte":"","articles":false,"categorie_droite":false,"images":false,"elements_comparatif":false,"texte_1":"","texte_2":"","image_1":false,"image_1_563x400":false,"image_1_332x332":false,"image_2":false,"image_2_333x240":false,"image_2_563x400":false,"image_3":false,"image_3_333x240":false,"image_3_332x450":false,"image_4":false,"image_4_332x332":false,"image_4_563x400":false,"code_embed":"","legende_video":"","photo":false,"photo_100x100":false,"nom":"","fonction":"","elements_timeline":false,"entetes_colonnes":false,"entetes_lignes":false,"lignes":false,"introduction":"","formulaire":false,"question":"","reponse":"","libelle_bouton_lien":"","url_lien":"","questions":false,"conclusions":false,"pays":false,"region":false,"marque":false,"marqueConcessions":false,"modele":false,"ptvente":false,"typeV":false,"collection":false,"nombre_maximum_elements":10,"lien_fin_carousel":"","texte_lien_fin_carousel":"","trier_par":false},{"type_strate":"carousel-produits","ancre":"","contenu":"","titre":"Voir nos v\u00e9hicules Dacia Lodgy disponibles","image":false,"image_libre":false,"image_800x500":false,"legende":"","zoom":false,"texte":"","articles":false,"categorie_droite":false,"images":false,"elements_comparatif":false,"texte_1":"","texte_2":"","image_1":false,"image_1_563x400":false,"image_1_332x332":false,"image_2":false,"image_2_333x240":false,"image_2_563x400":false,"image_3":false,"image_3_333x240":false,"image_3_332x450":false,"image_4":false,"image_4_332x332":false,"image_4_563x400":false,"code_embed":"","legende_video":"","photo":false,"photo_100x100":false,"nom":"","fonction":"","elements_timeline":false,"entetes_colonnes":false,"entetes_lignes":false,"lignes":false,"introduction":"","formulaire":false,"question":"","reponse":"","libelle_bouton_lien":"","url_lien":"","questions":false,"conclusions":false,"pays":"1","region":"","marque":"2","marqueConcessions":false,"modele":"LODGY","ptvente":"","typeV":"","collection":"","nombre_maximum_elements":"10","lien_fin_carousel":"https:\/\/www.bymycar.fr\/rechercher-un-vehicule?prod_VEHICLES%5BrefinementList%5D%5Bbrand%5D%5B0%5D=DACIA&prod_VEHICLES%5BrefinementList%5D%5BmodelGroup1%5D%5B0%5D=LODGY","texte_lien_fin_carousel":"Voir plus de v\u00e9hicules","trier_par":""}],"is_old_post":false,"image":{"ID":36257,"id":36257,"title":"Dacia Lodgy","filename":"Dacia-Lodgy.jpg","filesize":1,"url":"https:\/\/cdn.bymycar.eu\/fr-webzine\/wp-content\/uploads\/medias\/Dacia-Lodgy.jpg","link":"https:\/\/www.bymycar.fr\/webzine\/dacia-lodgy-signification-des-voyants-tableau-de-bord\/dacia-lodgy\/","alt":"","author":"9","description":"","caption":"","name":"dacia-lodgy","status":"inherit","uploaded_to":36254,"date":"2022-09-29 12:24:13","modified":"2022-09-29 12:24:17","menu_order":0,"mime_type":"image\/jpeg","type":"image","subtype":"jpeg","icon":"https:\/\/www.bymycar.fr\/webzine\/wp-includes\/images\/media\/default.png","width":750,"height":410,"sizes":{"thumbnail":"https:\/\/cdn.bymycar.eu\/fr-webzine\/wp-content\/uploads\/medias\/Dacia-Lodgy-150x150.jpg","thumbnail-width":150,"thumbnail-height":150,"medium":"https:\/\/cdn.bymycar.eu\/fr-webzine\/wp-content\/uploads\/medias\/Dacia-Lodgy-300x164.jpg","medium-width":300,"medium-height":164,"medium_large":"https:\/\/cdn.bymycar.eu\/fr-webzine\/wp-content\/uploads\/medias\/Dacia-Lodgy.jpg","medium_large-width":750,"medium_large-height":410,"large":"https:\/\/cdn.bymycar.eu\/fr-webzine\/wp-content\/uploads\/medias\/Dacia-Lodgy.jpg","large-width":750,"large-height":410,"1536x1536":"https:\/\/cdn.bymycar.eu\/fr-webzine\/wp-content\/uploads\/medias\/Dacia-Lodgy.jpg","1536x1536-width":750,"1536x1536-height":410,"2048x2048":"https:\/\/cdn.bymycar.eu\/fr-webzine\/wp-content\/uploads\/medias\/Dacia-Lodgy.jpg","2048x2048-width":750,"2048x2048-height":410}},"page_content":{"block_content":[{"acf_fc_layout":"text-simple","--nav":{"-withNav":false,"-ancre":""},"--group":{"-text":"<h2 style=\"text-align: justify;\"><strong>Am\u00e9nagement d\u2019une Dacia Lodgy Dokker en van<\/strong><\/h2>\n<p style=\"text-align: justify;\">Depuis la pand\u00e9mie de Covid-19, l\u2019am\u00e9nagement de v\u00e9hicules en vans devient tendance. Ces voitures camping-cars sont particuli\u00e8rement appr\u00e9ci\u00e9es pour les vacances. L\u2019am\u00e9nagement d\u2019un v\u00e9hicule en van permet d\u2019avoir une voiture pour se d\u00e9placer et dormir. Il s\u2019agit d\u2019un moyen abordable de transformer sa voiture en petite maison sur roues.<\/p>\n<p style=\"text-align: justify;\">La Dacia Lodgy est connue pour ses larges dimensions pouvant accueillir 7 personnes. Gr\u00e2ce \u00e0 ses si\u00e8ges rabattables, son grand espace de stockage peut \u00eatre optimis\u00e9 pour recevoir diff\u00e9rents am\u00e9nagements.<\/p>\n<h2 style=\"text-align: justify;\"><strong>Comment exploiter les dimensions d\u2019une Dacia Lodgy 7 places pour avoir un camping-car am\u00e9nag\u00e9\u00a0?<\/strong><\/h2>\n<p style=\"text-align: justify;\">La Dacia Lodgy 7 places se d\u00e9marque par ses 4,50 m de long. La marque roumaine, gr\u00e2ce \u00e0 l\u2019entreprise espagnole Yevana, am\u00e9nage son mod\u00e8le pour en faire un van pratique. Pour r\u00e9pondre \u00e0 la demande, les dimensions imposantes du ludospace ont \u00e9t\u00e9 exploit\u00e9es par la marque afin de d\u00e9velopper une gamme de vans \u00e9conomiques et compacts.<\/p>\n<h2 style=\"text-align: justify;\"><strong>Dacia Duster, Jogger, Dokker et Lodgy, am\u00e9nag\u00e9s par l\u2019entreprise espagnole Yevana<\/strong><\/h2>\n<p style=\"text-align: justify;\">L\u2019entreprise de location et d\u2019am\u00e9nagement de vans espagnole Yevana a d\u00e9velopp\u00e9 des vans sur la base de la Dacia Dokker. Elle a ainsi \u00e9quip\u00e9 la Dacia Dokker avec un plancher, un plafond, une banquette convertible, un meuble lat\u00e9ral et un meuble de coffre.<\/p>\n<p style=\"text-align: justify;\">L\u2019am\u00e9nagement a su exploiter les dimensions de la voiture en y int\u00e9grant de nouveaux espaces de rangement. Il est d\u00e9sormais possible de retrouver dans une\u00a0<a href=\"https:\/\/www.bymycar.fr\/marques\/dacia\">Dacia<\/a>\u00a0d\u2019environ 4,50 m de long une glaci\u00e8re, un \u00e9vier et un r\u00e9servoir d\u2019eau propre. Ce type d\u2019am\u00e9nagement est particuli\u00e8rement appr\u00e9ci\u00e9 pour les campings en plein air ou les road trips.<\/p>\n<h2 style=\"text-align: justify;\"><strong>O\u00f9 acheter une Dacia Dokker Camperiz ?<\/strong><\/h2>\n<p style=\"text-align: justify;\">La Dacia Dokker existe en diff\u00e9rents mod\u00e8les am\u00e9nag\u00e9s en vans. \u00a0Il s\u2019agit de la gamme de Dacia Dokker Camperiz d\u00e9velopp\u00e9e par la soci\u00e9t\u00e9 Camperiz. Elle se d\u00e9marque par ses dimensions optimis\u00e9es de 4,39 m de long et 1,85 m de haut. La Dacia Dokker Camperiz est facile \u00e0 conduire et est moins imposante qu\u2019un fourgon.<\/p>\n<p style=\"text-align: justify;\">L\u2019entreprise espagnole Yevana a int\u00e9gr\u00e9 une literie et une cuisine \u00e9quip\u00e9e durant l\u2019am\u00e9nagement des espaces. La configuration peut \u00eatre personnalis\u00e9e selon les besoins aupr\u00e8s de cette entreprise d\u2019am\u00e9nagement de v\u00e9hicules bas\u00e9e \u00e0 Burgos.<\/p>\n<h2 style=\"text-align: justify;\"><strong>Quel est le van le moins cher\u00a0?<\/strong><\/h2>\n<p style=\"text-align: justify;\">La Dacia Dokker Camperiz fait partie des vans les moins chers du march\u00e9. Int\u00e9grant un r\u00e9chaud, un \u00e9vier, un r\u00e9servoir d\u2019eau propre et des espaces de stockage larges selon la configuration recherch\u00e9e, elle est accessible \u00e0 partir de 19\u00a0995 euros. La Dacia Dokker offre ainsi la possibilit\u00e9 de s\u2019offrir un camping-car neuf pour moins de 20\u00a0000 euros.<\/p>\n<p style=\"text-align: justify;\">Une Dacia Dokker am\u00e9nag\u00e9e d\u2019occasion co\u00fbte encore moins cher. Il est possible d\u2019am\u00e9nager une Dacia Dokker d\u2019occasion en camping-car pour un prix minimum de 6\u00a0000 euros. Ce type de transformation fait donc d\u2019importantes \u00e9conomies par rapport au prix d\u2019un grand camping-car.<\/p>\n<p style=\"text-align: justify;\">Au vu du succ\u00e8s de la Dacia am\u00e9nag\u00e9e, la marque pr\u00e9voit de lancer un kit \u00ab\u00a0maison\u00a0\u00bb pour l\u2019ann\u00e9e 2023. S\u2019inspirant de la Dacia Jogger, la marque roumaine esp\u00e8re ainsi transformer sa familiale en van le moins cher du march\u00e9.<\/p>\n<h3 style=\"text-align: justify;\">Guide d&rsquo;achat Dacia Lodgy :<\/h3>\n<p style=\"text-align: justify;\"><a href=\"https:\/\/www.bymycar.fr\/webzine\/combien-coute-une-dacia-lodgy\/\">Combien co\u00fbte une Dacia Lodgy ?<\/a><\/p>\n<p style=\"text-align: justify;\"><a href=\"https:\/\/www.bymycar.fr\/webzine\/dacia-lodgy-signification-des-voyants-tableau-de-bord\/\">Dacia Lodgy : signification des voyants tableau de bord<\/a><\/p>\n<p style=\"text-align: justify;\"><a href=\"https:\/\/www.bymycar.fr\/webzine\/recuperer-le-code-autoradio-dune-dacia-lodgy\/\">R\u00e9cup\u00e9rer le code autoradio d&rsquo;une Dacia Lodgy<\/a><\/p>\n<p style=\"text-align: justify;\"><a href=\"https:\/\/www.bymycar.fr\/webzine\/changer-une-ampoule-sur-une-dacia-lodgy\/\">Changer une ampoule sur une Dacia Lodgy<\/a><\/p>\n<p style=\"text-align: justify;\"><a href=\"https:\/\/www.bymycar.fr\/webzine\/comment-changer-les-balais-dessuie-glace-dacia-lodgy\/\">Comment changer l&rsquo;essuie glace d&rsquo;une Dacia Lodgy ?<\/a><\/p>\n<p style=\"text-align: justify;\"><a href=\"https:\/\/www.bymycar.fr\/webzine\/combien-coute-lentretien-dune-dacia-lodgy\/\">Combien co\u00fbte l&rsquo;entretien d&rsquo;une Dacia Lodgy ?<\/a><\/p>\n<p style=\"text-align: justify;\"><a href=\"https:\/\/www.bymycar.fr\/webzine\/dacia-jogger-vs-lodgy-que-choisir\/\">Dacia Jogger vs Lodgy : que choisir ?<\/a><\/p>\n<p style=\"text-align: justify;\"><a href=\"https:\/\/www.bymycar.fr\/webzine\/puissance-dacia-lodgy-combien-de-chevaux\/\">Puissance d&rsquo;une Dacia Lodgy : combien de chevaux ?<\/a><\/p>\n<p style=\"text-align: justify;\"><a href=\"https:\/\/www.bymycar.fr\/webzine\/changer-la-distribution-dune-dacia-lodgy\/\">Changer la distribution d&rsquo;une Dacia Lodgy<\/a><\/p>\n<p style=\"text-align: justify;\"><a href=\"https:\/\/www.bymycar.fr\/webzine\/changer-le-filtre-habitacle-dune-dacia-lodgy\/\">Changer le filtre habitacle d&rsquo;une Dacia Lodgy<\/a><\/p>\n"}},{"acf_fc_layout":"carousel-produits"}]},"add-carousel-to-footer":true},"yoast_head":"<!-- This site is optimized with the Yoast SEO Premium plugin v26.4 (Yoast SEO v26.4) - https:\/\/yoast.com\/wordpress\/plugins\/seo\/ -->\n<title>Comment am\u00e9nager une dacia lodgy ?<\/title>\n<meta name=\"robots\" content=\"index, follow, max-snippet:-1, max-image-preview:large, max-video-preview:-1\" \/>\n<link rel=\"canonical\" href=\"https:\/\/www.bymycar.fr\/webzine\/comment-amenager-une-dacia-lodgy\/\" \/>\n<meta property=\"og:locale\" content=\"fr_FR\" \/>\n<meta property=\"og:type\" content=\"article\" \/>\n<meta property=\"og:title\" content=\"Comment am\u00e9nager une dacia lodgy ?\" \/>\n<meta property=\"og:url\" content=\"https:\/\/www.bymycar.fr\/webzine\/comment-amenager-une-dacia-lodgy\/\" \/>\n<meta property=\"og:site_name\" content=\"Webzine auto BYmyCAR\" \/>\n<meta property=\"article:published_time\" content=\"2022-09-30T12:23:05+00:00\" \/>\n<meta property=\"article:modified_time\" content=\"2026-04-27T12:19:41+00:00\" \/>\n<meta property=\"og:image\" content=\"https:\/\/cdn.bymycar.eu\/fr-webzine\/wp-content\/uploads\/medias\/Dacia-Lodgy.jpg\" \/>\n\t<meta property=\"og:image:width\" content=\"750\" \/>\n\t<meta property=\"og:image:height\" content=\"410\" \/>\n\t<meta property=\"og:image:type\" content=\"image\/jpeg\" \/>\n<meta name=\"author\" content=\"La R\u00e9daction BYmyCAR\" \/>\n<meta name=\"twitter:card\" content=\"summary_large_image\" \/>\n<meta name=\"twitter:label1\" content=\"\u00c9crit par\" \/>\n\t<meta name=\"twitter:data1\" content=\"La R\u00e9daction BYmyCAR\" \/>\n<script type=\"application\/ld+json\" class=\"yoast-schema-graph\">{\"@context\":\"https:\/\/schema.org\",\"@graph\":[{\"@type\":\"Article\",\"@id\":\"https:\/\/www.bymycar.fr\/webzine\/comment-amenager-une-dacia-lodgy\/#article\",\"isPartOf\":{\"@id\":\"https:\/\/www.bymycar.fr\/webzine\/comment-amenager-une-dacia-lodgy\/\"},\"author\":{\"name\":\"La R\u00e9daction BYmyCAR\",\"@id\":\"https:\/\/www.bymycar.fr\/webzine\/#\/schema\/person\/8d570fe11eb8929f06c1e6d00f4d9689\"},\"headline\":\"Comment am\u00e9nager une dacia lodgy ?\",\"datePublished\":\"2022-09-30T12:23:05+00:00\",\"dateModified\":\"2026-04-27T12:19:41+00:00\",\"mainEntityOfPage\":{\"@id\":\"https:\/\/www.bymycar.fr\/webzine\/comment-amenager-une-dacia-lodgy\/\"},\"wordCount\":6,\"publisher\":{\"@id\":\"https:\/\/www.bymycar.fr\/webzine\/#organization\"},\"image\":{\"@id\":\"https:\/\/www.bymycar.fr\/webzine\/comment-amenager-une-dacia-lodgy\/#primaryimage\"},\"thumbnailUrl\":\"https:\/\/cdn.bymycar.eu\/fr-webzine\/wp-content\/uploads\/medias\/Dacia-Lodgy.jpg\",\"articleSection\":[\"Guide d'achat\",\"Guide d'achat Dacia\"],\"inLanguage\":\"fr-FR\"},{\"@type\":\"WebPage\",\"@id\":\"https:\/\/www.bymycar.fr\/webzine\/comment-amenager-une-dacia-lodgy\/\",\"url\":\"https:\/\/www.bymycar.fr\/webzine\/comment-amenager-une-dacia-lodgy\/\",\"name\":\"Comment am\u00e9nager une dacia lodgy ?\",\"isPartOf\":{\"@id\":\"https:\/\/www.bymycar.fr\/webzine\/#website\"},\"primaryImageOfPage\":{\"@id\":\"https:\/\/www.bymycar.fr\/webzine\/comment-amenager-une-dacia-lodgy\/#primaryimage\"},\"image\":{\"@id\":\"https:\/\/www.bymycar.fr\/webzine\/comment-amenager-une-dacia-lodgy\/#primaryimage\"},\"thumbnailUrl\":\"https:\/\/cdn.bymycar.eu\/fr-webzine\/wp-content\/uploads\/medias\/Dacia-Lodgy.jpg\",\"datePublished\":\"2022-09-30T12:23:05+00:00\",\"dateModified\":\"2026-04-27T12:19:41+00:00\",\"breadcrumb\":{\"@id\":\"https:\/\/www.bymycar.fr\/webzine\/comment-amenager-une-dacia-lodgy\/#breadcrumb\"},\"inLanguage\":\"fr-FR\",\"potentialAction\":[{\"@type\":\"ReadAction\",\"target\":[\"https:\/\/www.bymycar.fr\/webzine\/comment-amenager-une-dacia-lodgy\/\"]}]},{\"@type\":\"ImageObject\",\"inLanguage\":\"fr-FR\",\"@id\":\"https:\/\/www.bymycar.fr\/webzine\/comment-amenager-une-dacia-lodgy\/#primaryimage\",\"url\":\"https:\/\/cdn.bymycar.eu\/fr-webzine\/wp-content\/uploads\/medias\/Dacia-Lodgy.jpg\",\"contentUrl\":\"https:\/\/cdn.bymycar.eu\/fr-webzine\/wp-content\/uploads\/medias\/Dacia-Lodgy.jpg\",\"width\":750,\"height\":410},{\"@type\":\"BreadcrumbList\",\"@id\":\"https:\/\/www.bymycar.fr\/webzine\/comment-amenager-une-dacia-lodgy\/#breadcrumb\",\"itemListElement\":[{\"@type\":\"ListItem\",\"position\":1,\"name\":\"Accueil\",\"item\":\"https:\/\/www.bymycar.fr\/webzine\/\"},{\"@type\":\"ListItem\",\"position\":2,\"name\":\"Comment am\u00e9nager une dacia lodgy ?\"}]},{\"@type\":\"WebSite\",\"@id\":\"https:\/\/www.bymycar.fr\/webzine\/#website\",\"url\":\"https:\/\/www.bymycar.fr\/webzine\/\",\"name\":\"Webzine auto BYmyCAR\",\"description\":\"La magazine auto de BYmyCAR\",\"publisher\":{\"@id\":\"https:\/\/www.bymycar.fr\/webzine\/#organization\"},\"potentialAction\":[{\"@type\":\"SearchAction\",\"target\":{\"@type\":\"EntryPoint\",\"urlTemplate\":\"https:\/\/www.bymycar.fr\/webzine\/?s={search_term_string}\"},\"query-input\":{\"@type\":\"PropertyValueSpecification\",\"valueRequired\":true,\"valueName\":\"search_term_string\"}}],\"inLanguage\":\"fr-FR\"},{\"@type\":\"Organization\",\"@id\":\"https:\/\/www.bymycar.fr\/webzine\/#organization\",\"name\":\"BYmyCAR\",\"url\":\"https:\/\/www.bymycar.fr\/webzine\/\",\"logo\":{\"@type\":\"ImageObject\",\"inLanguage\":\"fr-FR\",\"@id\":\"https:\/\/www.bymycar.fr\/webzine\/#\/schema\/logo\/image\/\",\"url\":\"https:\/\/cdn.bymycar.eu\/fr-webzine\/wp-content\/uploads\/medias\/2017\/08\/logo_DEALER_00000406_001.png\",\"contentUrl\":\"https:\/\/cdn.bymycar.eu\/fr-webzine\/wp-content\/uploads\/medias\/2017\/08\/logo_DEALER_00000406_001.png\",\"width\":2132,\"height\":720,\"caption\":\"BYmyCAR\"},\"image\":{\"@id\":\"https:\/\/www.bymycar.fr\/webzine\/#\/schema\/logo\/image\/\"}},{\"@type\":\"Person\",\"@id\":\"https:\/\/www.bymycar.fr\/webzine\/#\/schema\/person\/8d570fe11eb8929f06c1e6d00f4d9689\",\"name\":\"La R\u00e9daction BYmyCAR\",\"image\":{\"@type\":\"ImageObject\",\"inLanguage\":\"fr-FR\",\"@id\":\"https:\/\/www.bymycar.fr\/webzine\/#\/schema\/person\/image\/\",\"url\":\"https:\/\/secure.gravatar.com\/avatar\/1aa6b039d0ce106989923af4e2d0f2a0c82bb070d5e449f1b9adf082a5863900?s=96&d=mm&r=g\",\"contentUrl\":\"https:\/\/secure.gravatar.com\/avatar\/1aa6b039d0ce106989923af4e2d0f2a0c82bb070d5e449f1b9adf082a5863900?s=96&d=mm&r=g\",\"caption\":\"La R\u00e9daction BYmyCAR\"},\"sameAs\":[\"https:\/\/www.bymycar.fr\/\"]}]}<\/script>\n<!-- \/ Yoast SEO Premium plugin. -->","yoast_head_json":{"title":"Comment am\u00e9nager une dacia lodgy ?","robots":{"index":"index","follow":"follow","max-snippet":"max-snippet:-1","max-image-preview":"max-image-preview:large","max-video-preview":"max-video-preview:-1"},"canonical":"https:\/\/www.bymycar.fr\/webzine\/comment-amenager-une-dacia-lodgy\/","og_locale":"fr_FR","og_type":"article","og_title":"Comment am\u00e9nager une dacia lodgy ?","og_url":"https:\/\/www.bymycar.fr\/webzine\/comment-amenager-une-dacia-lodgy\/","og_site_name":"Webzine auto BYmyCAR","article_published_time":"2022-09-30T12:23:05+00:00","article_modified_time":"2026-04-27T12:19:41+00:00","og_image":[{"width":750,"height":410,"url":"https:\/\/cdn.bymycar.eu\/fr-webzine\/wp-content\/uploads\/medias\/Dacia-Lodgy.jpg","type":"image\/jpeg"}],"author":"La R\u00e9daction BYmyCAR","twitter_card":"summary_large_image","twitter_misc":{"\u00c9crit par":"La R\u00e9daction BYmyCAR"},"schema":{"@context":"https:\/\/schema.org","@graph":[{"@type":"Article","@id":"https:\/\/www.bymycar.fr\/webzine\/comment-amenager-une-dacia-lodgy\/#article","isPartOf":{"@id":"https:\/\/www.bymycar.fr\/webzine\/comment-amenager-une-dacia-lodgy\/"},"author":{"name":"La R\u00e9daction BYmyCAR","@id":"https:\/\/www.bymycar.fr\/webzine\/#\/schema\/person\/8d570fe11eb8929f06c1e6d00f4d9689"},"headline":"Comment am\u00e9nager une dacia lodgy ?","datePublished":"2022-09-30T12:23:05+00:00","dateModified":"2026-04-27T12:19:41+00:00","mainEntityOfPage":{"@id":"https:\/\/www.bymycar.fr\/webzine\/comment-amenager-une-dacia-lodgy\/"},"wordCount":6,"publisher":{"@id":"https:\/\/www.bymycar.fr\/webzine\/#organization"},"image":{"@id":"https:\/\/www.bymycar.fr\/webzine\/comment-amenager-une-dacia-lodgy\/#primaryimage"},"thumbnailUrl":"https:\/\/cdn.bymycar.eu\/fr-webzine\/wp-content\/uploads\/medias\/Dacia-Lodgy.jpg","articleSection":["Guide d'achat","Guide d'achat Dacia"],"inLanguage":"fr-FR"},{"@type":"WebPage","@id":"https:\/\/www.bymycar.fr\/webzine\/comment-amenager-une-dacia-lodgy\/","url":"https:\/\/www.bymycar.fr\/webzine\/comment-amenager-une-dacia-lodgy\/","name":"Comment am\u00e9nager une dacia lodgy ?","isPartOf":{"@id":"https:\/\/www.bymycar.fr\/webzine\/#website"},"primaryImageOfPage":{"@id":"https:\/\/www.bymycar.fr\/webzine\/comment-amenager-une-dacia-lodgy\/#primaryimage"},"image":{"@id":"https:\/\/www.bymycar.fr\/webzine\/comment-amenager-une-dacia-lodgy\/#primaryimage"},"thumbnailUrl":"https:\/\/cdn.bymycar.eu\/fr-webzine\/wp-content\/uploads\/medias\/Dacia-Lodgy.jpg","datePublished":"2022-09-30T12:23:05+00:00","dateModified":"2026-04-27T12:19:41+00:00","breadcrumb":{"@id":"https:\/\/www.bymycar.fr\/webzine\/comment-amenager-une-dacia-lodgy\/#breadcrumb"},"inLanguage":"fr-FR","potentialAction":[{"@type":"ReadAction","target":["https:\/\/www.bymycar.fr\/webzine\/comment-amenager-une-dacia-lodgy\/"]}]},{"@type":"ImageObject","inLanguage":"fr-FR","@id":"https:\/\/www.bymycar.fr\/webzine\/comment-amenager-une-dacia-lodgy\/#primaryimage","url":"https:\/\/cdn.bymycar.eu\/fr-webzine\/wp-content\/uploads\/medias\/Dacia-Lodgy.jpg","contentUrl":"https:\/\/cdn.bymycar.eu\/fr-webzine\/wp-content\/uploads\/medias\/Dacia-Lodgy.jpg","width":750,"height":410},{"@type":"BreadcrumbList","@id":"https:\/\/www.bymycar.fr\/webzine\/comment-amenager-une-dacia-lodgy\/#breadcrumb","itemListElement":[{"@type":"ListItem","position":1,"name":"Accueil","item":"https:\/\/www.bymycar.fr\/webzine\/"},{"@type":"ListItem","position":2,"name":"Comment am\u00e9nager une dacia lodgy ?"}]},{"@type":"WebSite","@id":"https:\/\/www.bymycar.fr\/webzine\/#website","url":"https:\/\/www.bymycar.fr\/webzine\/","name":"Webzine auto BYmyCAR","description":"La magazine auto de BYmyCAR","publisher":{"@id":"https:\/\/www.bymycar.fr\/webzine\/#organization"},"potentialAction":[{"@type":"SearchAction","target":{"@type":"EntryPoint","urlTemplate":"https:\/\/www.bymycar.fr\/webzine\/?s={search_term_string}"},"query-input":{"@type":"PropertyValueSpecification","valueRequired":true,"valueName":"search_term_string"}}],"inLanguage":"fr-FR"},{"@type":"Organization","@id":"https:\/\/www.bymycar.fr\/webzine\/#organization","name":"BYmyCAR","url":"https:\/\/www.bymycar.fr\/webzine\/","logo":{"@type":"ImageObject","inLanguage":"fr-FR","@id":"https:\/\/www.bymycar.fr\/webzine\/#\/schema\/logo\/image\/","url":"https:\/\/cdn.bymycar.eu\/fr-webzine\/wp-content\/uploads\/medias\/2017\/08\/logo_DEALER_00000406_001.png","contentUrl":"https:\/\/cdn.bymycar.eu\/fr-webzine\/wp-content\/uploads\/medias\/2017\/08\/logo_DEALER_00000406_001.png","width":2132,"height":720,"caption":"BYmyCAR"},"image":{"@id":"https:\/\/www.bymycar.fr\/webzine\/#\/schema\/logo\/image\/"}},{"@type":"Person","@id":"https:\/\/www.bymycar.fr\/webzine\/#\/schema\/person\/8d570fe11eb8929f06c1e6d00f4d9689","name":"La R\u00e9daction BYmyCAR","image":{"@type":"ImageObject","inLanguage":"fr-FR","@id":"https:\/\/www.bymycar.fr\/webzine\/#\/schema\/person\/image\/","url":"https:\/\/secure.gravatar.com\/avatar\/1aa6b039d0ce106989923af4e2d0f2a0c82bb070d5e449f1b9adf082a5863900?s=96&d=mm&r=g","contentUrl":"https:\/\/secure.gravatar.com\/avatar\/1aa6b039d0ce106989923af4e2d0f2a0c82bb070d5e449f1b9adf082a5863900?s=96&d=mm&r=g","caption":"La R\u00e9daction BYmyCAR"},"sameAs":["https:\/\/www.bymycar.fr\/"]}]}},"_links":{"self":[{"href":"https:\/\/www.bymycar.fr\/webzine\/wp-json\/wp\/v2\/posts\/36303","targetHints":{"allow":["GET"]}}],"collection":[{"href":"https:\/\/www.bymycar.fr\/webzine\/wp-json\/wp\/v2\/posts"}],"about":[{"href":"https:\/\/www.bymycar.fr\/webzine\/wp-json\/wp\/v2\/types\/post"}],"author":[{"embeddable":true,"href":"https:\/\/www.bymycar.fr\/webzine\/wp-json\/wp\/v2\/users\/88"}],"replies":[{"embeddable":true,"href":"https:\/\/www.bymycar.fr\/webzine\/wp-json\/wp\/v2\/comments?post=36303"}],"version-history":[{"count":5,"href":"https:\/\/www.bymycar.fr\/webzine\/wp-json\/wp\/v2\/posts\/36303\/revisions"}],"predecessor-version":[{"id":49782,"href":"https:\/\/www.bymycar.fr\/webzine\/wp-json\/wp\/v2\/posts\/36303\/revisions\/49782"}],"wp:featuredmedia":[{"embeddable":true,"href":"https:\/\/www.bymycar.fr\/webzine\/wp-json\/wp\/v2\/media\/36257"}],"wp:attachment":[{"href":"https:\/\/www.bymycar.fr\/webzine\/wp-json\/wp\/v2\/media?parent=36303"}],"wp:term":[{"taxonomy":"category","embeddable":true,"href":"https:\/\/www.bymycar.fr\/webzine\/wp-json\/wp\/v2\/categories?post=36303"},{"taxonomy":"post_tag","embeddable":true,"href":"https:\/\/www.bymycar.fr\/webzine\/wp-json\/wp\/v2\/tags?post=36303"}],"curies":[{"name":"wp","href":"https:\/\/api.w.org\/{rel}","templated":true}]}}