{"id":36168,"date":"2022-09-26T16:39:47","date_gmt":"2022-09-26T14:39:47","guid":{"rendered":"https:\/\/prod.bymycar.fr\/webzine\/?p=36168"},"modified":"2026-04-27T14:26:34","modified_gmt":"2026-04-27T12:26:34","slug":"combien-coute-le-prix-dune-renault-megane-hybride","status":"publish","type":"post","link":"https:\/\/www.bymycar.fr\/webzine\/combien-coute-le-prix-dune-renault-megane-hybride\/","title":{"rendered":"Combien co\u00fbte le prix d&rsquo;une Renault M\u00e9gane hybride ?"},"content":{"rendered":"","protected":false},"excerpt":{"rendered":"","protected":false},"author":88,"featured_media":36083,"comment_status":"closed","ping_status":"closed","sticky":false,"template":"","format":"standard","meta":{"_acf_changed":false,"footnotes":""},"categories":[12893,12895],"tags":[],"class_list":["post-36168","post","type-post","status-publish","format-standard","has-post-thumbnail","hentry","category-guide-dachat","category-guide-dachat-renault"],"acf":{"template":"classique","introduction":"<p>Vous recherchez une Renault M\u00e9gane hybride mais h\u00e9sitez entre un mod\u00e8le neuf ou d&rsquo;occasion ? La <a href=\"https:\/\/www.bymycar.fr\/v\/renault-megane-e-tech\">Renault M\u00e9gane E-Tech<\/a> associe performances dynamiques et technologie avanc\u00e9e avec sa motorisation de 160 CH et sa bo\u00eete multimodes. D\u00e9couvrez chez BYmyCAR toutes les versions disponibles pour trouver celle qui correspond parfaitement \u00e0 vos attentes.<\/p>\n<p><strong>\u00c0 retenir<\/strong><\/p>\n<p>Voici les principaux avantages de la Renault M\u00e9gane hybride :<\/p>\n<ul>\n<li>Une autonomie \u00e9lectrique pouvant atteindre jusqu&rsquo;\u00e0 65 km en parcours urbain, id\u00e9ale pour vos trajets quotidiens sans consommation de carburant.<\/li>\n<li>Une \u00e9conomie de carburant impressionnante allant jusqu&rsquo;\u00e0 40 % par rapport \u00e0 un moteur thermique \u00e9quivalent en cycle urbain.<\/li>\n<li>Une gamme compl\u00e8te avec plusieurs niveaux de finition, dont la version Evolution E-Tech et la sportive R.S. Line pour s&rsquo;adapter \u00e0 tous vos besoins.<\/li>\n<\/ul>\n<p>La Renault M\u00e9gane hybride combine ainsi performance, \u00e9conomie et polyvalence pour une exp\u00e9rience de conduite optimale au quotidien.<\/p>\n","strates":[{"type_strate":"texte-simple","ancre":"","contenu":"<h2 style=\"text-align: justify;\">Quel est le prix d\u2019une M\u00e9gane Estate hybride\u00a02022 (neuve\/occasion)\u2009?<\/h2>\n<p style=\"text-align: justify;\">Une\u00a0<a href=\"https:\/\/www.bymycar.fr\/marques\/renault\/megane\">M\u00e9gane<\/a>\u00a0Estate \u00e9quip\u00e9e d\u2019une technologie hybride rechargeable et d\u2019un bloc essence est accessible \u00e0 partir de 39\u2009750\u00a0euros. Sachez qu\u2019elle est munie d\u2019une batterie de traction et d\u2019un moteur thermique afin de r\u00e9duire la consommation de carburant jusqu\u2019\u00e0 70\u00a0%.<\/p>\n<p style=\"text-align: justify;\">Si vous avez un budget limit\u00e9, optez pour une version ant\u00e9rieure, par exemple de 2020 ou de 2021. Chez BYmyCAR, vous pouvez vous offrir un v\u00e9hicule M\u00e9gane d\u2019occasion \u00e0 moins de 10\u2009890\u00a0euros.<\/p>\n<h2 style=\"text-align: justify;\">Combien co\u00fbte la M\u00e9gane 4 E-Tech Engineered\u2009?<\/h2>\n<p style=\"text-align: justify;\">La\u00a0<a href=\"https:\/\/www.bymycar.fr\/marques\/renault\/megane-e-tech-electrique\">M\u00e9gane E-tech<\/a>\u00a0Engineered est accessible \u00e0 partir de 43\u2009900\u00a0euros. Notez que la version Evolution est la moins ch\u00e8re de la gamme, \u00e0 partir de 28\u2009800\u00a0euros. Si vous souhaitez avoir une voiture premium, optez pour la M\u00e9gane R.S Trophy et pr\u00e9voyez au minimum un budget de 49\u2009650\u00a0euros.<\/p>\n<h2 style=\"text-align: justify;\">Comment fonctionne l\u2019hybride rechargeable de Renault\u2009?<\/h2>\n<p style=\"text-align: justify;\">Une nouvelle motorisation, la E-Tech hybride rechargeable de la Renault M\u00e9gane offre une exp\u00e9rience de conduite atypique. Elle permet en effet de rouler en \u00e9lectrique pendant toute une semaine, sans se soucier d\u2019aucune contrainte d\u2019autonomie.<\/p>\n<p style=\"text-align: justify;\">Le v\u00e9hicule d\u00e9marre syst\u00e9matiquement en mode \u00e9lectrique afin de r\u00e9duire la consommation de carburant, ce qui limite \u00e9galement les \u00e9missions de CO<sub>2<\/sub>. Lorsque la batterie est \u00e0 plat, il actionne le moteur thermique et maximise la r\u00e9cup\u00e9ration d\u2019\u00e9nergie. Peu importe le type de trajet, il diminue efficacement vos d\u00e9penses en carburant.<\/p>\n<p style=\"text-align: justify;\">Sachez que l\u2019autonomie \u00e9lectrique de cette berline polyvalente est de 50\u00a0km en cycle mixte. Alterner le mode hybride et \u00e9lectrique vous permet ainsi de voyager sans aucun probl\u00e8me d\u2019autonomie.<\/p>\n<p style=\"text-align: justify;\">Le nouveau mod\u00e8le de Renault M\u00e9gane hybride E-Tech Engineered a un caract\u00e8re premium. Disponible en de nombreuses teintes sp\u00e9cifiques, vous pouvez choisir librement le contraste qui convient \u00e0 votre style. Il est \u00e9galement dot\u00e9 d\u2019une calandre noir brillant, ce qui le diff\u00e9rencie des autres voitures.<\/p>\n<h2 style=\"text-align: justify;\">Quand sortira la nouvelle M\u00e9gane\u00a05\u2009?<\/h2>\n<p style=\"text-align: justify;\">Le constructeur fran\u00e7ais Renault a d\u00e9j\u00e0 commenc\u00e9 la commercialisation de la version\u00a05 de la M\u00e9gane. Cette nouvelle voiture est \u00e9quip\u00e9e d\u2019un moteur \u00e9lectrique (z\u00e9ro consommation de carburant) et propose de nombreux modes de conduite. Parmi les motorisations disponibles, il est possible de citer\u00a0:<\/p>\n<ul style=\"text-align: justify;\">\n<li>Le V E-Tech EV 40\u2009130 CH Boost Charge\u2009;<\/li>\n<li>Le V E-Tech EV 60\u2009220 CH Optimum Charge\u2009;<\/li>\n<li>Le V E-Tech EV 60\u2009220 CH Super Charge.<\/li>\n<\/ul>\n<p style=\"text-align: justify;\">\u00c0 l\u2019\u00e9tat neuf, le prix moyen de ce v\u00e9hicule varie entre 37\u2009200\u00a0euros et 47\u2009000\u00a0euros.<\/p>\n<h2 style=\"text-align: justify;\">Caract\u00e9ristiques de la voiture M\u00e9gane 1.6 E-Tech Plug-in 160 CH RS Line<\/h2>\n<p style=\"text-align: justify;\">Cette M\u00e9gane hybride rechargeable mesure 4,36 m de longueur, 1,81 m de largeur et 1,45 m de hauteur. Son empattement est de 2,67 m. Son r\u00e9servoir peut accueillir 39 l de carburant. Son volume de coffre atteint 384 l.<\/p>\n<p style=\"text-align: justify;\">\u00c9quip\u00e9 d\u2019un moteur thermique et d\u2019un second moteur \u00e9lectrique, ce v\u00e9hicule g\u00e9n\u00e8re une puissance fiscale de 5 CH. Sa consommation mixte est faible, soit 1,2 l\/100 km. Toutefois, il peut rouler \u00e0 une vitesse maximale de 183 km\/h. Il passe de 0 \u00e0 100 km\/h en 9,8 s. Son \u00e9mission de C02 est estim\u00e9e \u00e0 28 g\/km.<\/p>\n<p style=\"text-align: justify;\">Cette M\u00e9gane est dot\u00e9e d\u2019un train arri\u00e8re multibras et d\u2019une suspension \u00e0 essieu torsionnel. La suspension avant est en jambe de force.<\/p>\n<p style=\"text-align: justify;\">C\u00f4t\u00e9 finition, son tableau de bord est \u00e9quip\u00e9 d\u2019un \u00e9cran de navigation de 9,3 pouces. Cette compacte fran\u00e7aise poss\u00e8de \u00e9galement d\u2019un \u00e9cran multifonctions de 10,2 pouces, d\u2019un syst\u00e8me de navigation info trafic, d\u2019un volant en cuir, etc.<\/p>\n<h3 style=\"text-align: justify;\">Guide d&rsquo;achat Renault M\u00e9gane :<\/h3>\n<p style=\"text-align: justify;\"><a href=\"https:\/\/www.bymycar.fr\/webzine\/combien-coute-une-renault-megane\/\">Combien coute une renault megane ?<\/a><\/p>\n<p style=\"text-align: justify;\"><a href=\"https:\/\/www.bymycar.fr\/webzine\/renault-megane-tous-les-anciens-modeles\/\">Renault Megane : Tous les anciens mod\u00e8les<\/a><\/p>\n<p style=\"text-align: justify;\"><a href=\"https:\/\/www.bymycar.fr\/webzine\/renault-megane-modeles-de-la-gamme\/\">Renault megane : mod\u00e8les de la gamme<\/a><\/p>\n<p style=\"text-align: justify;\"><a href=\"https:\/\/www.bymycar.fr\/webzine\/quelle-renault-megane-pour-un-jeune-conducteur\/\">Quelle Renault Megane pour un jeune conducteur ?<\/a><\/p>\n<p style=\"text-align: justify;\"><a href=\"https:\/\/www.bymycar.fr\/webzine\/ou-trouver-le-code-radio-sur-une-renault-megane\/\">O\u00f9 trouver le code radio sur une renault megane ?<\/a><\/p>\n<p style=\"text-align: justify;\"><a href=\"https:\/\/www.bymycar.fr\/webzine\/renault-megane-couleurs-et-code-peinture\/\">Renault megane : couleurs et code peinture<\/a><\/p>\n<p style=\"text-align: justify;\"><a href=\"https:\/\/www.bymycar.fr\/webzine\/quel-moteur-sur-les-renault-megane\/\">Quels moteur sur les renault megane ?<\/a><\/p>\n<p style=\"text-align: justify;\"><a href=\"https:\/\/www.bymycar.fr\/webzine\/changer-la-courroie-de-distribution-dune-megane\/\">Changer la courroie de distribution d&rsquo;une megane<\/a><\/p>\n<p style=\"text-align: justify;\"><a href=\"https:\/\/www.bymycar.fr\/webzine\/que-vaut-ledc-de-la-renault-megane\/\">Que vaut l&rsquo;EDC Renault Megane?<\/a><\/p>\n<p style=\"text-align: justify;\"><a href=\"https:\/\/www.bymycar.fr\/webzine\/toyota-corolla-vs-renault-megane-que-choisir\/\">Toyota corolla vs renault megan : que choisir ?<\/a><\/p>\n","titre":"Texte 1","image":false,"image_libre":false,"image_800x500":false,"legende":"","zoom":false,"texte":"","articles":false,"categorie_droite":false,"images":false,"elements_comparatif":false,"texte_1":"","texte_2":"","image_1":false,"image_1_563x400":false,"image_1_332x332":false,"image_2":false,"image_2_333x240":false,"image_2_563x400":false,"image_3":false,"image_3_333x240":false,"image_3_332x450":false,"image_4":false,"image_4_332x332":false,"image_4_563x400":false,"code_embed":"","legende_video":"","photo":false,"photo_100x100":false,"nom":"","fonction":"","elements_timeline":false,"entetes_colonnes":false,"entetes_lignes":false,"lignes":false,"introduction":"","formulaire":false,"question":"","reponse":"","libelle_bouton_lien":"","url_lien":"","questions":false,"conclusions":false,"pays":false,"region":false,"marque":false,"marqueConcessions":false,"modele":false,"ptvente":false,"typeV":false,"collection":false,"nombre_maximum_elements":10,"lien_fin_carousel":"","texte_lien_fin_carousel":"","trier_par":false},{"type_strate":"carousel-produits","ancre":"","contenu":"","titre":"Voir nos v\u00e9hicules Renault M\u00e9gane disponibles","image":false,"image_libre":false,"image_800x500":false,"legende":"","zoom":false,"texte":"","articles":false,"categorie_droite":false,"images":false,"elements_comparatif":false,"texte_1":"","texte_2":"","image_1":false,"image_1_563x400":false,"image_1_332x332":false,"image_2":false,"image_2_333x240":false,"image_2_563x400":false,"image_3":false,"image_3_333x240":false,"image_3_332x450":false,"image_4":false,"image_4_332x332":false,"image_4_563x400":false,"code_embed":"","legende_video":"","photo":false,"photo_100x100":false,"nom":"","fonction":"","elements_timeline":false,"entetes_colonnes":false,"entetes_lignes":false,"lignes":false,"introduction":"","formulaire":false,"question":"","reponse":"","libelle_bouton_lien":"","url_lien":"","questions":false,"conclusions":false,"pays":"1","region":"","marque":"1","marqueConcessions":false,"modele":"M\u00c9GANE","ptvente":"","typeV":"","collection":"","nombre_maximum_elements":"10","lien_fin_carousel":"https:\/\/www.bymycar.fr\/rechercher-un-vehicule?prod_VEHICLES%5BrefinementList%5D%5Bbrand%5D%5B0%5D=RENAULT&prod_VEHICLES%5BrefinementList%5D%5BmodelGroup1%5D%5B0%5D=M%C3%89GANE","texte_lien_fin_carousel":"Voir plus de v\u00e9hicules","trier_par":""}],"is_old_post":false,"image":{"ID":36083,"id":36083,"title":"Renault-Megane","filename":"Renault-Megane.jpg","filesize":1,"url":"https:\/\/cdn.bymycar.eu\/fr-webzine\/wp-content\/uploads\/medias\/Renault-Megane.jpg","link":"https:\/\/www.bymycar.fr\/webzine\/combien-coute-une-renault-megane\/renault-megane\/","alt":"","author":"9","description":"","caption":"","name":"renault-megane","status":"inherit","uploaded_to":36082,"date":"2022-09-23 09:01:19","modified":"2022-09-23 09:01:19","menu_order":0,"mime_type":"image\/jpeg","type":"image","subtype":"jpeg","icon":"https:\/\/www.bymycar.fr\/webzine\/wp-includes\/images\/media\/default.png","width":750,"height":410,"sizes":{"thumbnail":"https:\/\/cdn.bymycar.eu\/fr-webzine\/wp-content\/uploads\/medias\/Renault-Megane-150x150.jpg","thumbnail-width":150,"thumbnail-height":150,"medium":"https:\/\/cdn.bymycar.eu\/fr-webzine\/wp-content\/uploads\/medias\/Renault-Megane-300x164.jpg","medium-width":300,"medium-height":164,"medium_large":"https:\/\/cdn.bymycar.eu\/fr-webzine\/wp-content\/uploads\/medias\/Renault-Megane.jpg","medium_large-width":750,"medium_large-height":410,"large":"https:\/\/cdn.bymycar.eu\/fr-webzine\/wp-content\/uploads\/medias\/Renault-Megane.jpg","large-width":750,"large-height":410,"1536x1536":"https:\/\/cdn.bymycar.eu\/fr-webzine\/wp-content\/uploads\/medias\/Renault-Megane.jpg","1536x1536-width":750,"1536x1536-height":410,"2048x2048":"https:\/\/cdn.bymycar.eu\/fr-webzine\/wp-content\/uploads\/medias\/Renault-Megane.jpg","2048x2048-width":750,"2048x2048-height":410}},"page_content":{"block_content":[{"acf_fc_layout":"text-simple","--nav":{"-withNav":false,"-ancre":""},"--group":{"-text":"<h2>Quel est le prix d&rsquo;une Renault M\u00e9gane Estate hybride rechargeable (neuf\/occasion) ?<\/h2>\n<p>Une <a href=\"https:\/\/www.bymycar.fr\/v\/renault-megane-iv-hybride-occasion\">Renault M\u00e9gane hybride d&rsquo;occasion<\/a> \u00e9quip\u00e9e de la technologie E-Tech rechargeable associ\u00e9e \u00e0 des moteurs essence est accessible \u00e0 partir de 38 300\u20ac*. Cette version Estate combine une batterie de traction et un moteur thermique pour r\u00e9duire la consommation de carburant jusqu&rsquo;\u00e0 70 %.<\/p>\n<p>Si vous disposez d&rsquo;un budget plus limit\u00e9, la gamme Techno Line offre un excellent compromis entre \u00e9quipements et prix. Chez BYmyCAR, vous pouvez d\u00e9couvrir des v\u00e9hicules M\u00e9gane d&rsquo;occasion r\u00e9pondant parfaitement \u00e0 vos besoins \u00e0 partir de 10 890\u20ac*.<\/p>\n<h2>Renault M\u00e9gane 4 E-Tech Engineered : prix et versions<\/h2>\n<p>La <a href=\"https:\/\/www.bymycar.fr\/marques\/renault\/megane-e-tech-electrique\">Renault M\u00e9gane E-tech<\/a> Engineered est accessible \u00e0 partir de 43 900\u20ac*. La finition RS Line apporte une touche sportive \u00e0 ce mod\u00e8le hybride rechargeable de 160 CH. Pour un budget plus contenu, la version Evolution reste la plus abordable de la gamme \u00e0 partir de 34 000\u20ac*, tandis que la M\u00e9gane R.S Trophy se positionne en haut de gamme \u00e0 partir de 49 650\u20ac*.<\/p>\n<h2>Renault M\u00e9gane E-Tech \u00e9lectrique : quel prix pour la compacte z\u00e9ro \u00e9mission ?<\/h2>\n<p>La Renault M\u00e9gane E-Tech \u00e9lectrique est propos\u00e9e \u00e0 partir de 31 405\u20ac* pour la version d&rsquo;entr\u00e9e de gamme, tandis que les finitions les plus \u00e9quip\u00e9es atteignent 39 500\u20ac*. Cette compacte 100 % \u00e9lectrique offre une autonomie allant de 300 \u00e0 468 km en cycle mixte WLTP selon la batterie choisie (40 ou 60 kWh). Son syst\u00e8me intelligent de r\u00e9cup\u00e9ration d&rsquo;\u00e9nergie au freinage permet d&rsquo;optimiser l&rsquo;autonomie en r\u00e9injectant l&rsquo;\u00e9nergie dissip\u00e9e lors des d\u00e9c\u00e9l\u00e9rations.<\/p>\n<h2>Renault Megane Esprit Alpine : style sportif et tarif<\/h2>\n<p>La <a href=\"https:\/\/www.bymycar.fr\/v\/renault-megane-e-tech-esprit-alpine\">Renault Megane E-tech esprit Alpine<\/a> s&rsquo;impose comme la finition interm\u00e9diaire sportive de la gamme \u00e9lectrique. Disponible \u00e0 partir de 41 500\u20ac*, elle se positionne strat\u00e9giquement entre les versions Techno et Iconic pour les conducteurs en qu\u00eate de dynamisme.<\/p>\n<p>Son design distinctif se d\u00e9marque par ses jantes 20 pouces sp\u00e9cifiques, ses touches de noir \u00e9l\u00e9gantes et ses badges Esprit Alpine. L&rsquo;habitacle r\u00e9v\u00e8le une atmosph\u00e8re sportive avec des surpiq\u00fbres bleues et des si\u00e8ges baquets orn\u00e9s d&rsquo;un drapeau tricolore.<\/p>\n<h2>Renault M\u00e9gane 5 : motorisations et prix neuf estim\u00e9s<\/h2>\n<p>La <a href=\"https:\/\/www.bymycar.fr\/v\/renault-megane-e-tech-electrique\">Renault M\u00e9gane E-Tech \u00e9lectrique<\/a> est d\u00e9sormais disponible \u00e0 l&rsquo;achat avec plusieurs motorisations adapt\u00e9es \u00e0 tous les besoins.<\/p>\n<p>Voici les principales versions que vous pouvez d\u00e9couvrir chez BYmyCAR :<\/p>\n<ul>\n<li>Le V E-Tech EV 40 130 CH Boost Charge pour une conduite urbaine efficace.<\/li>\n<li>Le V E-Tech EV 60 220 CH Optimum Charge offrant un excellent \u00e9quilibre performance\/autonomie.<\/li>\n<li>Le V E-Tech EV 60 220 CH Super Charge id\u00e9al pour les longs trajets avec recharge rapide.<\/li>\n<\/ul>\n<p>Ce v\u00e9hicule 100 % \u00e9lectrique est propos\u00e9 entre 37 200\u20ac* et 47 000\u20ac* selon la finition choisie. Le Renault M\u00e9gane break conserve quant \u00e0 lui tous les atouts de polyvalence qui ont fait le succ\u00e8s de la gamme, avec un volume de coffre g\u00e9n\u00e9reux et des \u00e9quipements de derni\u00e8re g\u00e9n\u00e9ration.<\/p>\n<h2>Comment fonctionne l&rsquo;hybride rechargeable de Renault ?<\/h2>\n<p>La motorisation E-Tech hybride rechargeable de la Renault M\u00e9gane offre une exp\u00e9rience de conduite exceptionnelle. Dot\u00e9e de deux moteurs \u00e9lectriques associ\u00e9s \u00e0 un moteur essence 1,6 l, elle permet de rouler jusqu&rsquo;\u00e0 50 km en mode 100 % \u00e9lectrique en cycle mixte WLTP et jusqu&rsquo;\u00e0 65 km en cycle urbain, id\u00e9al pour vos trajets quotidiens.<\/p>\n<h3>Mode full hybride<\/h3>\n<p>Le syst\u00e8me d\u00e9marre syst\u00e9matiquement en mode \u00e9lectrique pour r\u00e9duire la consommation de carburant et limiter les \u00e9missions de CO2. Lorsque la batterie atteint un niveau bas, la technologie E-Tech bascule automatiquement en mode hybride, o\u00f9 les moteurs essence et \u00e9lectriques travaillent en parfaite harmonie pour optimiser l&rsquo;efficacit\u00e9 \u00e9nerg\u00e9tique, vous permettant de r\u00e9aliser jusqu&rsquo;\u00e0 40 % d&rsquo;\u00e9conomies de carburant par rapport \u00e0 un moteur thermique \u00e9quivalent.<\/p>\n<h3>Bo\u00eete automatique et r\u00e9cup\u00e9ration d&rsquo;\u00e9nergie<\/h3>\n<p>La M\u00e9gane hybride automatique b\u00e9n\u00e9ficie d&rsquo;une bo\u00eete de vitesses intelligente inspir\u00e9e de la Formule 1. Ce syst\u00e8me maximise la r\u00e9cup\u00e9ration d&rsquo;\u00e9nergie lors des phases de d\u00e9c\u00e9l\u00e9ration et de freinage pour recharger la batterie. Vous pouvez choisir entre diff\u00e9rents modes de conduite pour adapter votre style selon vos besoins : Pure (100 % \u00e9lectrique), MySense (optimisation hybride) ou Sport (performances maximales).<\/p>\n<p>Peu importe le type de trajet, la Renault M\u00e9gane E-Tech diminue efficacement vos d\u00e9penses en carburant tout en pr\u00e9servant le plaisir de conduite gr\u00e2ce \u00e0 ses moteurs essence performants et sa r\u00e9activit\u00e9 \u00e9lectrique.<\/p>\n<h2>Caract\u00e9ristiques de la voiture M\u00e9gane 1.6 E-Tech Plug-in 160 CH RS Line<\/h2>\n<table>\n<thead>\n<tr>\n<th>Caract\u00e9ristique<\/th>\n<th>Valeur<\/th>\n<\/tr>\n<\/thead>\n<tbody>\n<tr>\n<td>Dimensions<\/td>\n<td>4,36 m \u00d7 1,81 m \u00d7 1,45 m<\/td>\n<\/tr>\n<tr>\n<td>Empattement<\/td>\n<td>2,67 m<\/td>\n<\/tr>\n<tr>\n<td>Motorisation<\/td>\n<td>Hybride rechargeable 160 CH<\/td>\n<\/tr>\n<tr>\n<td>Consommation<\/td>\n<td>1,2 l\/100 km en cycle mixte<\/td>\n<\/tr>\n<tr>\n<td>\u00c9mission CO2<\/td>\n<td>28 g\/km<\/td>\n<\/tr>\n<tr>\n<td>Volume coffre<\/td>\n<td>384 l<\/td>\n<\/tr>\n<tr>\n<td>Autonomie \u00e9lectrique<\/td>\n<td>Jusqu&rsquo;\u00e0 50 km<\/td>\n<\/tr>\n<\/tbody>\n<\/table>\n<p>Cette Renault M\u00e9gane RS Line se distingue par son tableau de bord \u00e9quip\u00e9 d&rsquo;un \u00e9cran de navigation de 9,3 pouces et d&rsquo;un \u00e9cran multifonctions de 10,2 pouces, compl\u00e9t\u00e9s par un volant en cuir pour une exp\u00e9rience de conduite premium.<\/p>\n<h2>FAQ Renault M\u00e9gane hybride<\/h2>\n<h3>Quel est le prix d&rsquo;une Renault M\u00e9gane hybride neuve ?<\/h3>\n<p>La Renault M\u00e9gane hybride rechargeable est propos\u00e9e \u00e0 partir de 43 550\u20ac*, offrant une technologie avanc\u00e9e et une excellente \u00e9conomie de carburant.<\/p>\n<h3>Est-ce que la Renault M\u00e9gane existe en version hybride ?<\/h3>\n<p>La M\u00e9gane est disponible en version hybride rechargeable E-Tech, associant un moteur essence 1,6 L et deux moteurs \u00e9lectriques pour une conduite polyvalente.<\/p>\n<h3>Quelle est la voiture hybride la moins ch\u00e8re ?<\/h3>\n<p>La Toyota Yaris Hybride reste la voiture full hybride la moins ch\u00e8re du march\u00e9, propos\u00e9e \u00e0 partir de 23 450\u20ac* avec une excellente efficacit\u00e9 \u00e9nerg\u00e9tique.<\/p>\n<h3>Renault M\u00e9gane hybride non rechargeable : existe-t-elle ?<\/h3>\n<p>La M\u00e9gane n&rsquo;existe actuellement qu&rsquo;en version hybride rechargeable, Renault r\u00e9servant sa technologie full hybrid non rechargeable \u00e0 d&rsquo;autres mod\u00e8les de sa gamme.<\/p>\n<h3>Renault Megane full hybride : quelle autonomie ?<\/h3>\n<p>La Renault M\u00e9gane hybride rechargeable offre jusqu&rsquo;\u00e0 50 km d&rsquo;autonomie en mode tout \u00e9lectrique en cycle mixte et jusqu&rsquo;\u00e0 65 km en ville.<\/p>\n<h3>Renault M\u00e9gane \u00e9lectrique ou hybride : que choisir ?<\/h3>\n<p>Choisissez la M\u00e9gane hybride pour sa polyvalence sans contrainte d&rsquo;autonomie ou la version \u00e9lectrique E-Tech pour une conduite z\u00e9ro \u00e9mission plus \u00e9conomique.<\/p>\n<h2>A lire \u00e9galement<\/h2>\n<ul>\n<li><a href=\"https:\/\/www.bymycar.fr\/webzine\/combien-coute-une-renault-megane\/\">Combien coute une renault megane ?<\/a><\/li>\n<li><a href=\"https:\/\/www.bymycar.fr\/webzine\/renault-megane-tous-les-anciens-modeles\/\">Renault Megane : Tous les anciens mod\u00e8les<\/a><\/li>\n<li><a href=\"https:\/\/www.bymycar.fr\/webzine\/renault-megane-modeles-de-la-gamme\/\">Renault megane : mod\u00e8les de la gamme<\/a><\/li>\n<li><a href=\"https:\/\/www.bymycar.fr\/webzine\/quelle-renault-megane-pour-un-jeune-conducteur\/\">Quelle Renault Megane pour un jeune conducteur ?<\/a><\/li>\n<li><a href=\"https:\/\/www.bymycar.fr\/webzine\/ou-trouver-le-code-radio-sur-une-renault-megane\/\">O\u00f9 trouver le code radio sur une renault megane ?<\/a><\/li>\n<li><a href=\"https:\/\/www.bymycar.fr\/webzine\/renault-megane-couleurs-et-code-peinture\/\">Renault megane : couleurs et code peinture<\/a><\/li>\n<li><a href=\"https:\/\/www.bymycar.fr\/webzine\/quel-moteur-sur-les-renault-megane\/\">Quels moteur sur les renault megane ?<\/a><\/li>\n<li><a href=\"https:\/\/www.bymycar.fr\/webzine\/changer-la-courroie-de-distribution-dune-megane\/\">Changer la courroie de distribution d&rsquo;une megane<\/a><\/li>\n<li><a href=\"https:\/\/www.bymycar.fr\/webzine\/que-vaut-ledc-de-la-renault-megane\/\">Que vaut l&rsquo;EDC Renault Megane?<\/a><\/li>\n<li><a href=\"https:\/\/www.bymycar.fr\/webzine\/toyota-corolla-vs-renault-megane-que-choisir\/\">Toyota corolla vs renault megan : que choisir ?<\/a><\/li>\n<\/ul>\n<p>*Les prix mentionn\u00e9s sont donn\u00e9s \u00e0 titre indicatif et ont \u00e9t\u00e9 constat\u00e9s au moment de la r\u00e9daction. Ils sont susceptibles d&rsquo;\u00e9voluer. Pour obtenir une information exacte et \u00e0 jour, nous vous recommandons de contacter directement votre concession BYmyCAR.<\/p>\n"}},{"acf_fc_layout":"carousel-produits"}]},"add-to-bo":false,"add-carousel-to-footer":true},"yoast_head":"<!-- This site is optimized with the Yoast SEO Premium plugin v26.4 (Yoast SEO v26.4) - https:\/\/yoast.com\/wordpress\/plugins\/seo\/ -->\n<title>Combien co\u00fbte le prix d&#039;une Renault M\u00e9gane hybride ?<\/title>\n<meta name=\"robots\" content=\"index, follow, max-snippet:-1, max-image-preview:large, max-video-preview:-1\" \/>\n<link rel=\"canonical\" href=\"https:\/\/www.bymycar.fr\/webzine\/combien-coute-le-prix-dune-renault-megane-hybride\/\" \/>\n<meta property=\"og:locale\" content=\"fr_FR\" \/>\n<meta property=\"og:type\" content=\"article\" \/>\n<meta property=\"og:title\" content=\"Combien co\u00fbte le prix d&#039;une Renault M\u00e9gane hybride ?\" \/>\n<meta property=\"og:url\" content=\"https:\/\/www.bymycar.fr\/webzine\/combien-coute-le-prix-dune-renault-megane-hybride\/\" \/>\n<meta property=\"og:site_name\" content=\"Webzine auto BYmyCAR\" \/>\n<meta property=\"article:published_time\" content=\"2022-09-26T14:39:47+00:00\" \/>\n<meta property=\"article:modified_time\" content=\"2026-04-27T12:26:34+00:00\" \/>\n<meta property=\"og:image\" content=\"https:\/\/cdn.bymycar.eu\/fr-webzine\/wp-content\/uploads\/medias\/Renault-Megane.jpg\" \/>\n\t<meta property=\"og:image:width\" content=\"750\" \/>\n\t<meta property=\"og:image:height\" content=\"410\" \/>\n\t<meta property=\"og:image:type\" content=\"image\/jpeg\" \/>\n<meta name=\"author\" content=\"La R\u00e9daction BYmyCAR\" \/>\n<meta name=\"twitter:card\" content=\"summary_large_image\" \/>\n<meta name=\"twitter:label1\" content=\"\u00c9crit par\" \/>\n\t<meta name=\"twitter:data1\" content=\"La R\u00e9daction BYmyCAR\" \/>\n\t<meta name=\"twitter:label2\" content=\"Dur\u00e9e de lecture estim\u00e9e\" \/>\n\t<meta name=\"twitter:data2\" content=\"1 minute\" \/>\n<script type=\"application\/ld+json\" class=\"yoast-schema-graph\">{\"@context\":\"https:\/\/schema.org\",\"@graph\":[{\"@type\":\"Article\",\"@id\":\"https:\/\/www.bymycar.fr\/webzine\/combien-coute-le-prix-dune-renault-megane-hybride\/#article\",\"isPartOf\":{\"@id\":\"https:\/\/www.bymycar.fr\/webzine\/combien-coute-le-prix-dune-renault-megane-hybride\/\"},\"author\":{\"name\":\"La R\u00e9daction BYmyCAR\",\"@id\":\"https:\/\/www.bymycar.fr\/webzine\/#\/schema\/person\/8d570fe11eb8929f06c1e6d00f4d9689\"},\"headline\":\"Combien co\u00fbte le prix d&rsquo;une Renault M\u00e9gane hybride ?\",\"datePublished\":\"2022-09-26T14:39:47+00:00\",\"dateModified\":\"2026-04-27T12:26:34+00:00\",\"mainEntityOfPage\":{\"@id\":\"https:\/\/www.bymycar.fr\/webzine\/combien-coute-le-prix-dune-renault-megane-hybride\/\"},\"wordCount\":11,\"publisher\":{\"@id\":\"https:\/\/www.bymycar.fr\/webzine\/#organization\"},\"image\":{\"@id\":\"https:\/\/www.bymycar.fr\/webzine\/combien-coute-le-prix-dune-renault-megane-hybride\/#primaryimage\"},\"thumbnailUrl\":\"https:\/\/cdn.bymycar.eu\/fr-webzine\/wp-content\/uploads\/medias\/Renault-Megane.jpg\",\"articleSection\":[\"Guide d'achat\",\"Guide d'achat Renault\"],\"inLanguage\":\"fr-FR\"},{\"@type\":\"WebPage\",\"@id\":\"https:\/\/www.bymycar.fr\/webzine\/combien-coute-le-prix-dune-renault-megane-hybride\/\",\"url\":\"https:\/\/www.bymycar.fr\/webzine\/combien-coute-le-prix-dune-renault-megane-hybride\/\",\"name\":\"Combien co\u00fbte le prix d'une Renault M\u00e9gane hybride ?\",\"isPartOf\":{\"@id\":\"https:\/\/www.bymycar.fr\/webzine\/#website\"},\"primaryImageOfPage\":{\"@id\":\"https:\/\/www.bymycar.fr\/webzine\/combien-coute-le-prix-dune-renault-megane-hybride\/#primaryimage\"},\"image\":{\"@id\":\"https:\/\/www.bymycar.fr\/webzine\/combien-coute-le-prix-dune-renault-megane-hybride\/#primaryimage\"},\"thumbnailUrl\":\"https:\/\/cdn.bymycar.eu\/fr-webzine\/wp-content\/uploads\/medias\/Renault-Megane.jpg\",\"datePublished\":\"2022-09-26T14:39:47+00:00\",\"dateModified\":\"2026-04-27T12:26:34+00:00\",\"breadcrumb\":{\"@id\":\"https:\/\/www.bymycar.fr\/webzine\/combien-coute-le-prix-dune-renault-megane-hybride\/#breadcrumb\"},\"inLanguage\":\"fr-FR\",\"potentialAction\":[{\"@type\":\"ReadAction\",\"target\":[\"https:\/\/www.bymycar.fr\/webzine\/combien-coute-le-prix-dune-renault-megane-hybride\/\"]}]},{\"@type\":\"ImageObject\",\"inLanguage\":\"fr-FR\",\"@id\":\"https:\/\/www.bymycar.fr\/webzine\/combien-coute-le-prix-dune-renault-megane-hybride\/#primaryimage\",\"url\":\"https:\/\/cdn.bymycar.eu\/fr-webzine\/wp-content\/uploads\/medias\/Renault-Megane.jpg\",\"contentUrl\":\"https:\/\/cdn.bymycar.eu\/fr-webzine\/wp-content\/uploads\/medias\/Renault-Megane.jpg\",\"width\":750,\"height\":410},{\"@type\":\"BreadcrumbList\",\"@id\":\"https:\/\/www.bymycar.fr\/webzine\/combien-coute-le-prix-dune-renault-megane-hybride\/#breadcrumb\",\"itemListElement\":[{\"@type\":\"ListItem\",\"position\":1,\"name\":\"Accueil\",\"item\":\"https:\/\/www.bymycar.fr\/webzine\/\"},{\"@type\":\"ListItem\",\"position\":2,\"name\":\"Combien co\u00fbte le prix d&rsquo;une Renault M\u00e9gane hybride ?\"}]},{\"@type\":\"WebSite\",\"@id\":\"https:\/\/www.bymycar.fr\/webzine\/#website\",\"url\":\"https:\/\/www.bymycar.fr\/webzine\/\",\"name\":\"Webzine auto BYmyCAR\",\"description\":\"La magazine auto de BYmyCAR\",\"publisher\":{\"@id\":\"https:\/\/www.bymycar.fr\/webzine\/#organization\"},\"potentialAction\":[{\"@type\":\"SearchAction\",\"target\":{\"@type\":\"EntryPoint\",\"urlTemplate\":\"https:\/\/www.bymycar.fr\/webzine\/?s={search_term_string}\"},\"query-input\":{\"@type\":\"PropertyValueSpecification\",\"valueRequired\":true,\"valueName\":\"search_term_string\"}}],\"inLanguage\":\"fr-FR\"},{\"@type\":\"Organization\",\"@id\":\"https:\/\/www.bymycar.fr\/webzine\/#organization\",\"name\":\"BYmyCAR\",\"url\":\"https:\/\/www.bymycar.fr\/webzine\/\",\"logo\":{\"@type\":\"ImageObject\",\"inLanguage\":\"fr-FR\",\"@id\":\"https:\/\/www.bymycar.fr\/webzine\/#\/schema\/logo\/image\/\",\"url\":\"https:\/\/cdn.bymycar.eu\/fr-webzine\/wp-content\/uploads\/medias\/2017\/08\/logo_DEALER_00000406_001.png\",\"contentUrl\":\"https:\/\/cdn.bymycar.eu\/fr-webzine\/wp-content\/uploads\/medias\/2017\/08\/logo_DEALER_00000406_001.png\",\"width\":2132,\"height\":720,\"caption\":\"BYmyCAR\"},\"image\":{\"@id\":\"https:\/\/www.bymycar.fr\/webzine\/#\/schema\/logo\/image\/\"}},{\"@type\":\"Person\",\"@id\":\"https:\/\/www.bymycar.fr\/webzine\/#\/schema\/person\/8d570fe11eb8929f06c1e6d00f4d9689\",\"name\":\"La R\u00e9daction BYmyCAR\",\"image\":{\"@type\":\"ImageObject\",\"inLanguage\":\"fr-FR\",\"@id\":\"https:\/\/www.bymycar.fr\/webzine\/#\/schema\/person\/image\/\",\"url\":\"https:\/\/secure.gravatar.com\/avatar\/1aa6b039d0ce106989923af4e2d0f2a0c82bb070d5e449f1b9adf082a5863900?s=96&d=mm&r=g\",\"contentUrl\":\"https:\/\/secure.gravatar.com\/avatar\/1aa6b039d0ce106989923af4e2d0f2a0c82bb070d5e449f1b9adf082a5863900?s=96&d=mm&r=g\",\"caption\":\"La R\u00e9daction BYmyCAR\"},\"sameAs\":[\"https:\/\/www.bymycar.fr\/\"]}]}<\/script>\n<!-- \/ Yoast SEO Premium plugin. -->","yoast_head_json":{"title":"Combien co\u00fbte le prix d'une Renault M\u00e9gane hybride ?","robots":{"index":"index","follow":"follow","max-snippet":"max-snippet:-1","max-image-preview":"max-image-preview:large","max-video-preview":"max-video-preview:-1"},"canonical":"https:\/\/www.bymycar.fr\/webzine\/combien-coute-le-prix-dune-renault-megane-hybride\/","og_locale":"fr_FR","og_type":"article","og_title":"Combien co\u00fbte le prix d'une Renault M\u00e9gane hybride ?","og_url":"https:\/\/www.bymycar.fr\/webzine\/combien-coute-le-prix-dune-renault-megane-hybride\/","og_site_name":"Webzine auto BYmyCAR","article_published_time":"2022-09-26T14:39:47+00:00","article_modified_time":"2026-04-27T12:26:34+00:00","og_image":[{"width":750,"height":410,"url":"https:\/\/cdn.bymycar.eu\/fr-webzine\/wp-content\/uploads\/medias\/Renault-Megane.jpg","type":"image\/jpeg"}],"author":"La R\u00e9daction BYmyCAR","twitter_card":"summary_large_image","twitter_misc":{"\u00c9crit par":"La R\u00e9daction BYmyCAR","Dur\u00e9e de lecture estim\u00e9e":"1 minute"},"schema":{"@context":"https:\/\/schema.org","@graph":[{"@type":"Article","@id":"https:\/\/www.bymycar.fr\/webzine\/combien-coute-le-prix-dune-renault-megane-hybride\/#article","isPartOf":{"@id":"https:\/\/www.bymycar.fr\/webzine\/combien-coute-le-prix-dune-renault-megane-hybride\/"},"author":{"name":"La R\u00e9daction BYmyCAR","@id":"https:\/\/www.bymycar.fr\/webzine\/#\/schema\/person\/8d570fe11eb8929f06c1e6d00f4d9689"},"headline":"Combien co\u00fbte le prix d&rsquo;une Renault M\u00e9gane hybride ?","datePublished":"2022-09-26T14:39:47+00:00","dateModified":"2026-04-27T12:26:34+00:00","mainEntityOfPage":{"@id":"https:\/\/www.bymycar.fr\/webzine\/combien-coute-le-prix-dune-renault-megane-hybride\/"},"wordCount":11,"publisher":{"@id":"https:\/\/www.bymycar.fr\/webzine\/#organization"},"image":{"@id":"https:\/\/www.bymycar.fr\/webzine\/combien-coute-le-prix-dune-renault-megane-hybride\/#primaryimage"},"thumbnailUrl":"https:\/\/cdn.bymycar.eu\/fr-webzine\/wp-content\/uploads\/medias\/Renault-Megane.jpg","articleSection":["Guide d'achat","Guide d'achat Renault"],"inLanguage":"fr-FR"},{"@type":"WebPage","@id":"https:\/\/www.bymycar.fr\/webzine\/combien-coute-le-prix-dune-renault-megane-hybride\/","url":"https:\/\/www.bymycar.fr\/webzine\/combien-coute-le-prix-dune-renault-megane-hybride\/","name":"Combien co\u00fbte le prix d'une Renault M\u00e9gane hybride ?","isPartOf":{"@id":"https:\/\/www.bymycar.fr\/webzine\/#website"},"primaryImageOfPage":{"@id":"https:\/\/www.bymycar.fr\/webzine\/combien-coute-le-prix-dune-renault-megane-hybride\/#primaryimage"},"image":{"@id":"https:\/\/www.bymycar.fr\/webzine\/combien-coute-le-prix-dune-renault-megane-hybride\/#primaryimage"},"thumbnailUrl":"https:\/\/cdn.bymycar.eu\/fr-webzine\/wp-content\/uploads\/medias\/Renault-Megane.jpg","datePublished":"2022-09-26T14:39:47+00:00","dateModified":"2026-04-27T12:26:34+00:00","breadcrumb":{"@id":"https:\/\/www.bymycar.fr\/webzine\/combien-coute-le-prix-dune-renault-megane-hybride\/#breadcrumb"},"inLanguage":"fr-FR","potentialAction":[{"@type":"ReadAction","target":["https:\/\/www.bymycar.fr\/webzine\/combien-coute-le-prix-dune-renault-megane-hybride\/"]}]},{"@type":"ImageObject","inLanguage":"fr-FR","@id":"https:\/\/www.bymycar.fr\/webzine\/combien-coute-le-prix-dune-renault-megane-hybride\/#primaryimage","url":"https:\/\/cdn.bymycar.eu\/fr-webzine\/wp-content\/uploads\/medias\/Renault-Megane.jpg","contentUrl":"https:\/\/cdn.bymycar.eu\/fr-webzine\/wp-content\/uploads\/medias\/Renault-Megane.jpg","width":750,"height":410},{"@type":"BreadcrumbList","@id":"https:\/\/www.bymycar.fr\/webzine\/combien-coute-le-prix-dune-renault-megane-hybride\/#breadcrumb","itemListElement":[{"@type":"ListItem","position":1,"name":"Accueil","item":"https:\/\/www.bymycar.fr\/webzine\/"},{"@type":"ListItem","position":2,"name":"Combien co\u00fbte le prix d&rsquo;une Renault M\u00e9gane hybride ?"}]},{"@type":"WebSite","@id":"https:\/\/www.bymycar.fr\/webzine\/#website","url":"https:\/\/www.bymycar.fr\/webzine\/","name":"Webzine auto BYmyCAR","description":"La magazine auto de BYmyCAR","publisher":{"@id":"https:\/\/www.bymycar.fr\/webzine\/#organization"},"potentialAction":[{"@type":"SearchAction","target":{"@type":"EntryPoint","urlTemplate":"https:\/\/www.bymycar.fr\/webzine\/?s={search_term_string}"},"query-input":{"@type":"PropertyValueSpecification","valueRequired":true,"valueName":"search_term_string"}}],"inLanguage":"fr-FR"},{"@type":"Organization","@id":"https:\/\/www.bymycar.fr\/webzine\/#organization","name":"BYmyCAR","url":"https:\/\/www.bymycar.fr\/webzine\/","logo":{"@type":"ImageObject","inLanguage":"fr-FR","@id":"https:\/\/www.bymycar.fr\/webzine\/#\/schema\/logo\/image\/","url":"https:\/\/cdn.bymycar.eu\/fr-webzine\/wp-content\/uploads\/medias\/2017\/08\/logo_DEALER_00000406_001.png","contentUrl":"https:\/\/cdn.bymycar.eu\/fr-webzine\/wp-content\/uploads\/medias\/2017\/08\/logo_DEALER_00000406_001.png","width":2132,"height":720,"caption":"BYmyCAR"},"image":{"@id":"https:\/\/www.bymycar.fr\/webzine\/#\/schema\/logo\/image\/"}},{"@type":"Person","@id":"https:\/\/www.bymycar.fr\/webzine\/#\/schema\/person\/8d570fe11eb8929f06c1e6d00f4d9689","name":"La R\u00e9daction BYmyCAR","image":{"@type":"ImageObject","inLanguage":"fr-FR","@id":"https:\/\/www.bymycar.fr\/webzine\/#\/schema\/person\/image\/","url":"https:\/\/secure.gravatar.com\/avatar\/1aa6b039d0ce106989923af4e2d0f2a0c82bb070d5e449f1b9adf082a5863900?s=96&d=mm&r=g","contentUrl":"https:\/\/secure.gravatar.com\/avatar\/1aa6b039d0ce106989923af4e2d0f2a0c82bb070d5e449f1b9adf082a5863900?s=96&d=mm&r=g","caption":"La R\u00e9daction BYmyCAR"},"sameAs":["https:\/\/www.bymycar.fr\/"]}]}},"_links":{"self":[{"href":"https:\/\/www.bymycar.fr\/webzine\/wp-json\/wp\/v2\/posts\/36168","targetHints":{"allow":["GET"]}}],"collection":[{"href":"https:\/\/www.bymycar.fr\/webzine\/wp-json\/wp\/v2\/posts"}],"about":[{"href":"https:\/\/www.bymycar.fr\/webzine\/wp-json\/wp\/v2\/types\/post"}],"author":[{"embeddable":true,"href":"https:\/\/www.bymycar.fr\/webzine\/wp-json\/wp\/v2\/users\/88"}],"replies":[{"embeddable":true,"href":"https:\/\/www.bymycar.fr\/webzine\/wp-json\/wp\/v2\/comments?post=36168"}],"version-history":[{"count":5,"href":"https:\/\/www.bymycar.fr\/webzine\/wp-json\/wp\/v2\/posts\/36168\/revisions"}],"predecessor-version":[{"id":62686,"href":"https:\/\/www.bymycar.fr\/webzine\/wp-json\/wp\/v2\/posts\/36168\/revisions\/62686"}],"wp:featuredmedia":[{"embeddable":true,"href":"https:\/\/www.bymycar.fr\/webzine\/wp-json\/wp\/v2\/media\/36083"}],"wp:attachment":[{"href":"https:\/\/www.bymycar.fr\/webzine\/wp-json\/wp\/v2\/media?parent=36168"}],"wp:term":[{"taxonomy":"category","embeddable":true,"href":"https:\/\/www.bymycar.fr\/webzine\/wp-json\/wp\/v2\/categories?post=36168"},{"taxonomy":"post_tag","embeddable":true,"href":"https:\/\/www.bymycar.fr\/webzine\/wp-json\/wp\/v2\/tags?post=36168"}],"curies":[{"name":"wp","href":"https:\/\/api.w.org\/{rel}","templated":true}]}}