{"id":35535,"date":"2022-09-08T14:30:28","date_gmt":"2022-09-08T12:30:28","guid":{"rendered":"https:\/\/prod.bymycar.fr\/webzine\/?p=35535"},"modified":"2026-04-27T14:29:53","modified_gmt":"2026-04-27T12:29:53","slug":"combien-coute-une-mercedes-glc-coupe","status":"publish","type":"post","link":"https:\/\/www.bymycar.fr\/webzine\/combien-coute-une-mercedes-glc-coupe\/","title":{"rendered":"Combien coute une mercedes glc coupe ?"},"content":{"rendered":"","protected":false},"excerpt":{"rendered":"","protected":false},"author":88,"featured_media":35488,"comment_status":"closed","ping_status":"closed","sticky":false,"template":"","format":"standard","meta":{"_acf_changed":false,"footnotes":""},"categories":[12893,12896],"tags":[],"class_list":["post-35535","post","type-post","status-publish","format-standard","has-post-thumbnail","hentry","category-guide-dachat","category-guide-dachat-mercedes"],"acf":{"template":"classique","introduction":"<p>Le <a href=\"https:\/\/www.bymycar.fr\/marques\/mercedes\/glc\">GLC<\/a> Coup\u00e9 de Mercedes conjugue l&rsquo;\u00e9l\u00e9gance d&rsquo;un coup\u00e9 avec la robustesse d&rsquo;un SUV premium. Son design sportif se distingue par ses jupes \u00e9largies, ses sorties d&rsquo;\u00e9chappement exclusives et ses projecteurs LED hautes performances. D\u00e9couvrez dans ce guide complet tous les \u00e9l\u00e9ments pour bien choisir votre Mercedes GLC Coup\u00e9.<\/p>\n<p><strong>\u00c0 retenir<\/strong><\/p>\n<p>Le Mercedes GLC Coup\u00e9 se d\u00e9marque par des atouts majeurs qui font de lui un SUV d&rsquo;exception :<\/p>\n<ul>\n<li>Un design athl\u00e9tique et distinctif avec sa silhouette de coup\u00e9, sa ceinture de caisse haute et ses technologies d&rsquo;\u00e9clairage Full LED hautes performances.<\/li>\n<li>Un cockpit intuitif dot\u00e9 du syst\u00e8me MBUX (Mercedes-Benz User Experience) comprenant commandes vocales, tactiles et un assistant intelligent qui comprend vos gestes et vos paroles.<\/li>\n<li>Des motorisations hybrides performantes incluant des versions hybrides rechargeables offrant jusqu&rsquo;\u00e0 100 km d&rsquo;autonomie \u00e9lectrique et une transmission int\u00e9grale 4MATIC pour une conduite optimale.<\/li>\n<\/ul>\n<p>Le Mercedes GLC Coup\u00e9 repr\u00e9sente l&rsquo;alliance parfaite entre le dynamisme d&rsquo;un coup\u00e9 et la polyvalence d&rsquo;un SUV, pour une exp\u00e9rience de conduite unique et valorisante.<\/p>\n","strates":[{"type_strate":"texte-simple","ancre":"","contenu":"<h2>Tout savoir sur les atouts de la Mercedes-Benz GLC coup\u00e9<\/h2>\n<p>Le SUV Mercedes GLC coup\u00e9 a un design athl\u00e9tique. \u00c0 l&rsquo;instar du GLE coup\u00e9, ce v\u00e9hicule b\u00e9n\u00e9ficie d\u2019une allure de coup\u00e9. Il se caract\u00e9rise par :<\/p>\n<ul>\n<li>Une ceinture de caisse tr\u00e8s haute ;<\/li>\n<li>Une grosse calandre ;<\/li>\n<li>Un long capot ;<\/li>\n<li>Un gabarit r\u00e9duit.<\/li>\n<\/ul>\n<p>De s\u00e9rie, il est dot\u00e9 de phares Full LED hautes performances, coupl\u00e9s \u00e0 l\u2019assistant de feux de route adaptatifs. Il peut aussi \u00eatre \u00e9quip\u00e9 de phares Full LED Multibeam, assurant un meilleur \u00e9clairage et se basant sur la technologie matricielle.<\/p>\n<p>La face arri\u00e8re de la Mercedes GLC Coup\u00e9 comprend des feux horizontaux. Ces derniers profitent de la nouvelle signature lumineuse du constructeur. Ces feux full LED adaptent leur luminosit\u00e9 selon les conditions de circulation.<\/p>\n<p>En plus de comprendre les commandes du conducteur, le GLC coup\u00e9 r\u00e9agit sur le champ \u00e0 ses gestes. Cela est d\u00fb au MBUX, l&rsquo;interface moderne Mercedes-Benz User Experience. Il comprend de nombreux \u00e9l\u00e9ments de commande et d&rsquo;affichage.<\/p>\n<h3>Quels sont les atouts de la Mercedes GLC coup\u00e9 en termes de confort ?<\/h3>\n<p>Les atouts du GLC coup\u00e9 en termes de confort sont les suivants :<\/p>\n<ul>\n<li>Concept de commande tactile MBUX<\/li>\n<li>Commande vocale MBUX<\/li>\n<li>Affichage t\u00eate haute<\/li>\n<li>Concept de commande tactile MBUX<\/li>\n<li>Recharge sans fil<\/li>\n<li>Int\u00e9gration pour smartphone<\/li>\n<\/ul>\n<h3>Quels sont les atouts de la Mercedes GLC coup\u00e9 en termes de s\u00e9curit\u00e9 ?<\/h3>\n<p>Les points forts du GLC coup\u00e9 en termes de s\u00e9curit\u00e9 sont les suivants :<\/p>\n<ul>\n<li>Pack Assistance \u00e0 la conduite<\/li>\n<li>Assistant de remorque pour les man\u0153uvres<\/li>\n<li>Projecteurs MULTIBEAM LED<\/li>\n<li>Pack Stationnement avec cam\u00e9ras panoramiques<\/li>\n<\/ul>\n<h2><strong>Tarif : quel<\/strong>\u00a0est le prix d&rsquo;une Mercedes GLC\u00a0<strong>300<\/strong>\u00a0<strong>e 4matic<\/strong>\u00a0coup\u00e9\u00a0<strong>AMG Line neuve\u00a0<\/strong>?<\/h2>\n<p>Le prix d&rsquo;une\u00a0<a href=\"https:\/\/www.bymycar.fr\/marques\/mercedes\/glc\">Mercedes GLC<\/a>\u00a0coup\u00e9 neuve varie de 65 400 \u20ac \u00e0 113 800 \u20ac. Ce tarif varie en fonction du mod\u00e8le. \u00c0 titre indicatif :<\/p>\n<ul>\n<li>Mercedes-Benz GLC Coup\u00e9 220 d 194ch Business Line 4Matic 9G-Tronic : 65 400 \u20ac ;<\/li>\n<li>Mercedes-Benz GLC Coup\u00e9 300 e 211+122ch Business Line 4Matic 9G-Tronic Euro6d-T-EVAP-ISC : 71 750 \u20ac ;<\/li>\n<li>Mercedes-Benz GLC Coup\u00e9 300 e 211+122ch AMG Line 4Matic 9G-Tronic Euro6d-T-EVAP-ISC : 73 100 \u20ac ;<\/li>\n<li>Mercedes-Benz GLC Coup\u00e9 63 AMG S 510ch 4Matic+ Speedshift MCT AMG Euro6d-T-EVAP-ISC : 113 800 \u20ac.<\/li>\n<\/ul>\n<h2><strong>Quand<\/strong>\u00a0sortira le\u00a0<strong>nouveau<\/strong>\u00a0GLC coup\u00e9 ?<\/h2>\n<p>La nouvelle Mercedes GLC aura droit \u00e0 sa version coup\u00e9 en 2023. Son tarif d\u00e9butera \u00e0 partir de 65 000 \u20ac.<\/p>\n<h2><strong>Quel<\/strong>\u00a0SUV Mercedes classe GLC coup\u00e9\u00a0<strong>choisir<\/strong>\u00a0?<\/h2>\n<p>Le SUV premium Mercedes GLC coup\u00e9 est propos\u00e9 avec des motorisations puissantes. Le bloc-moteur AMG-GLC 63 4Matic 510 ch promet de belles performances niveau vitesse.<\/p>\n<h2><strong>Quelles<\/strong>\u00a0sont les\u00a0<strong>finitions disponibles chez<\/strong>\u00a0Mercedes GLC ?<\/h2>\n<p>La Mercedes GLC se d\u00e9cline en plusieurs finitions :<\/p>\n<ul>\n<li>GLC Executive : il re\u00e7oit l&rsquo;aide au stationnement avant\/arri\u00e8re. Le GLC Executive est \u00e9quip\u00e9 d&rsquo;un r\u00e9troviseur int\u00e9rieur et gauche ext\u00e9rieur jour\/nuit automatique.<\/li>\n<li>GLC Sportline.<\/li>\n<li>GLC Fascination.<\/li>\n<\/ul>\n<h3>Guide d&rsquo;achat GLC :<\/h3>\n<p><a href=\"https:\/\/www.bymycar.fr\/webzine\/combien-coute-une-mercedes-glc\/\">Combien coute une mercedes glc ?<\/a><\/p>\n<p><a href=\"https:\/\/www.bymycar.fr\/webzine\/quel-moteur-sur-la-mercedes-benz-glc-coupe\/\">Quel moteur sur la mercedes glc coupe ?<\/a><\/p>\n<p><a href=\"https:\/\/www.bymycar.fr\/webzine\/que-sait-on-sur-la-mercedes-glc-2023\/\">Que sait on sur le mercedes glc 2023 ?<\/a><\/p>\n<p><a href=\"https:\/\/www.bymycar.fr\/webzine\/combien-coute-une-mercedes-glc-hybride\/\">Combien coute une mercedes glc hybride ?<\/a><\/p>\n<p><a href=\"https:\/\/www.bymycar.fr\/webzine\/quel-moteur-sur-la-mercedes-benz-glc\/\">Quel moteur sur la mercedes glc ?<\/a><\/p>\n<p><a href=\"https:\/\/www.bymycar.fr\/webzine\/quelle-est-la-puissance-du-mercedes-glc\/\">Quelle est la puissance du Mercedes GLC ?<\/a><\/p>\n<p><a href=\"https:\/\/www.bymycar.fr\/webzine\/entretien-mercedes-glc-quelle-periodicite\/\">Entretien Mercedes glc : quelle p\u00e9riodicit\u00e9 ?<\/a><\/p>\n<p><a href=\"https:\/\/www.bymycar.fr\/webzine\/reservoir-et-consommation-adblue-mercedes-glc\/\">R\u00e9servoir et consommation Adblue Mercedes Glc<\/a><\/p>\n<p><a href=\"https:\/\/www.bymycar.fr\/webzine\/quel-mercedes-glc-choisir\/\">Quel Mercedes glc choisir ?<\/a><\/p>\n<p><a href=\"https:\/\/www.bymycar.fr\/webzine\/quelle-consommation-pour-la-mercedes-glc\/\">Quelle consommation pour la mercedes glc ?<\/a><\/p>\n","titre":"Texte 1","image":false,"image_libre":false,"image_800x500":false,"legende":"","zoom":false,"texte":"","articles":false,"categorie_droite":false,"images":false,"elements_comparatif":false,"texte_1":"","texte_2":"","image_1":false,"image_1_563x400":false,"image_1_332x332":false,"image_2":false,"image_2_333x240":false,"image_2_563x400":false,"image_3":false,"image_3_333x240":false,"image_3_332x450":false,"image_4":false,"image_4_332x332":false,"image_4_563x400":false,"code_embed":"","legende_video":"","photo":false,"photo_100x100":false,"nom":"","fonction":"","elements_timeline":false,"entetes_colonnes":false,"entetes_lignes":false,"lignes":false,"introduction":"","formulaire":false,"question":"","reponse":"","libelle_bouton_lien":"","url_lien":"","questions":false,"conclusions":false,"pays":false,"region":false,"marque":false,"marqueConcessions":false,"modele":false,"ptvente":false,"typeV":false,"collection":false,"nombre_maximum_elements":10,"lien_fin_carousel":"","texte_lien_fin_carousel":"","trier_par":false},{"type_strate":"carousel-produits","ancre":"","contenu":"","titre":"Voir nos v\u00e9hicules Mercedes GLC neufs et d'occasion","image":false,"image_libre":false,"image_800x500":false,"legende":"","zoom":false,"texte":"","articles":false,"categorie_droite":false,"images":false,"elements_comparatif":false,"texte_1":"","texte_2":"","image_1":false,"image_1_563x400":false,"image_1_332x332":false,"image_2":false,"image_2_333x240":false,"image_2_563x400":false,"image_3":false,"image_3_333x240":false,"image_3_332x450":false,"image_4":false,"image_4_332x332":false,"image_4_563x400":false,"code_embed":"","legende_video":"","photo":false,"photo_100x100":false,"nom":"","fonction":"","elements_timeline":false,"entetes_colonnes":false,"entetes_lignes":false,"lignes":false,"introduction":"","formulaire":false,"question":"","reponse":"","libelle_bouton_lien":"","url_lien":"","questions":false,"conclusions":false,"pays":"1","region":"","marque":"16","marqueConcessions":false,"modele":"CLASSE GLC","ptvente":"","typeV":"","collection":"","nombre_maximum_elements":"10","lien_fin_carousel":"https:\/\/www.bymycar.fr\/rechercher-un-vehicule?prod_VEHICLES%5BrefinementList%5D%5Bbrand%5D%5B0%5D=MERCEDES&prod_VEHICLES%5BrefinementList%5D%5BmodelGroup1%5D%5B0%5D=CLASSE%20GLC","texte_lien_fin_carousel":"Voir plus de v\u00e9hicules","trier_par":""}],"is_old_post":false,"image":{"ID":35488,"id":35488,"title":"Mercedes Benz GLC coup\u00e9","filename":"Mercedes-Benz-GLC-coupe.jpg","filesize":1,"url":"https:\/\/cdn.bymycar.eu\/fr-webzine\/wp-content\/uploads\/medias\/Mercedes-Benz-GLC-coupe.jpg","link":"https:\/\/www.bymycar.fr\/webzine\/quel-moteur-sur-la-mercedes-benz-glc-coupe\/mercedes-benz-glc-coupe\/","alt":"","author":"9","description":"","caption":"","name":"mercedes-benz-glc-coupe","status":"inherit","uploaded_to":35486,"date":"2022-09-07 12:58:42","modified":"2022-09-07 12:58:42","menu_order":0,"mime_type":"image\/jpeg","type":"image","subtype":"jpeg","icon":"https:\/\/www.bymycar.fr\/webzine\/wp-includes\/images\/media\/default.png","width":750,"height":410,"sizes":{"thumbnail":"https:\/\/cdn.bymycar.eu\/fr-webzine\/wp-content\/uploads\/medias\/Mercedes-Benz-GLC-coupe-150x150.jpg","thumbnail-width":150,"thumbnail-height":150,"medium":"https:\/\/cdn.bymycar.eu\/fr-webzine\/wp-content\/uploads\/medias\/Mercedes-Benz-GLC-coupe-300x164.jpg","medium-width":300,"medium-height":164,"medium_large":"https:\/\/cdn.bymycar.eu\/fr-webzine\/wp-content\/uploads\/medias\/Mercedes-Benz-GLC-coupe.jpg","medium_large-width":750,"medium_large-height":410,"large":"https:\/\/cdn.bymycar.eu\/fr-webzine\/wp-content\/uploads\/medias\/Mercedes-Benz-GLC-coupe.jpg","large-width":750,"large-height":410,"1536x1536":"https:\/\/cdn.bymycar.eu\/fr-webzine\/wp-content\/uploads\/medias\/Mercedes-Benz-GLC-coupe.jpg","1536x1536-width":750,"1536x1536-height":410,"2048x2048":"https:\/\/cdn.bymycar.eu\/fr-webzine\/wp-content\/uploads\/medias\/Mercedes-Benz-GLC-coupe.jpg","2048x2048-width":750,"2048x2048-height":410}},"page_content":{"block_content":[{"acf_fc_layout":"text-simple","--nav":{"-withNav":false,"-ancre":""},"--group":{"-text":"<h2>Tout savoir sur les atouts de la Mercedes-Benz Classe GLC Coup\u00e9<\/h2>\n<h3>Quels sont les atouts du Mercedes-Benz Classe GLC Coup\u00e9 en termes de confort ?<\/h3>\n<p>La Mercedes-Benz Classe GLC Coup\u00e9 vous offre un confort exceptionnel gr\u00e2ce \u00e0 sa suspension pneumatique AIRMATIC et ses roues arri\u00e8re directrices. L&rsquo;habitacle haut de gamme propose des \u00e9quipements de pointe comme la commande vocale MBUX, l&rsquo;affichage t\u00eate haute et l&rsquo;int\u00e9gration pour smartphone. La recharge sans fil compl\u00e8te cette exp\u00e9rience premium, vous permettant de profiter pleinement de chaque trajet dans des conditions optimales.<\/p>\n<h3>Quels sont les atouts du Mercedes-Benz Classe GLC Coup\u00e9 en termes de s\u00e9curit\u00e9 ?<\/h3>\n<p>Le Mercedes GLC Coup\u00e9 vous garantit une s\u00e9curit\u00e9 maximale avec son Pack Assistance \u00e0 la conduite, qui adapte la vitesse et la trajectoire selon les conditions de circulation. L&rsquo;assistant de remorque facilite vos man\u0153uvres, tandis que les projecteurs MULTIBEAM LED optimisent votre visibilit\u00e9. Le Pack Stationnement avec cam\u00e9ras panoramiques assure une s\u00e9curit\u00e9 optimale lors de vos stationnements en ville comme sur route.<\/p>\n<h2>Mercedes GLC Coup\u00e9 : prix neuf et finitions<\/h2>\n<p>Le prix d&rsquo;une <a href=\"https:\/\/www.bymycar.fr\/marques\/mercedes\/glc-coupe\">Mercedes GLC Coup\u00e9<\/a> neuve varie actuellement de 70 400 \u20ac* \u00e0 145 550 \u20ac* selon les finitions et motorisations choisies. Ce prix de base peut \u00e9voluer en fonction des options s\u00e9lectionn\u00e9es et des packs d&rsquo;\u00e9quipement. Pour les versions hybrides rechargeables, certaines peuvent b\u00e9n\u00e9ficier d&rsquo;avantages lors de la reprise de votre ancien v\u00e9hicule par le constructeur.<\/p>\n<p>Voici quelques exemples de tarifs indicatifs :<\/p>\n<ul>\n<li>Mercedes-Benz GLC Coup\u00e9 200 d 4MATIC Business Line : 70 400 \u20ac*.<\/li>\n<li>Mercedes-Benz GLC Coup\u00e9 300 e Hybrid AMG Line 4MATIC : 73 100 \u20ac*.<\/li>\n<li>Mercedes-Benz GLC Coup\u00e9 400 e Hybrid AMG Line+ 4MATIC : 76 900 \u20ac*.<\/li>\n<li>Mercedes-Benz GLC Coup\u00e9 AMG 63 S 4MATIC+ : 145 550 \u20ac*.<\/li>\n<\/ul>\n<p>Pour d\u00e9couvrir l&rsquo;ensemble de nos mod\u00e8les disponibles et conna\u00eetre les tarifs actualis\u00e9s, nous vous invitons \u00e0 consulter nos v\u00e9hicules Mercedes GLC neufs et d&rsquo;occasion.<\/p>\n<h2>Quel SUV Mercedes Classe GLC Coup\u00e9 AMG choisir ?<\/h2>\n<p>Le SUV premium Mercedes GLC Coup\u00e9 se d\u00e9cline en plusieurs motorisations s\u00e9duisantes. La version 300 e hybride rechargeable vous offre jusqu&rsquo;\u00e0 120 km d&rsquo;autonomie \u00e9lectrique avec des \u00e9missions de CO2 inf\u00e9rieures \u00e0 15 g\/km, id\u00e9ale pour vos d\u00e9placements quotidiens. Pour les amateurs de sensations fortes, le bloc AMG-GLC 63 S 4Matic+ de 510 ch procure des performances exceptionnelles. La GLC 220 d constitue quant \u00e0 elle un excellent compromis entre efficience et dynamisme.<\/p>\n<h2>Mercedes GLC Coup\u00e9 hybride : finitions et prix<\/h2>\n<p>La Mercedes GLC Coup\u00e9 se d\u00e9cline en trois finitions principales adapt\u00e9es \u00e0 diff\u00e9rents profils d&rsquo;utilisateurs. La finition Business Line vous offre un \u00e9quipement complet avec aide au stationnement et r\u00e9troviseurs jour\/nuit automatiques. La finition AMG Line apporte une touche sportive avec des \u00e9l\u00e9ments de design distinctifs, tandis que la finition Fascination repr\u00e9sente le summum du luxe. Le GLC Coup\u00e9 300 de 4MATIC hybride combine performance et efficience avec un prix d\u00e9marrant autour de 73 000 \u20ac*.<\/p>\n<h2>Mercedes GLC Coup\u00e9 occasion : profitez de l&rsquo;offre BYmyCAR<\/h2>\n<p>D\u00e9couvrez notre s\u00e9lection de <a href=\"https:\/\/www.bymycar.fr\/v\/mercedes-classe-glc-coupe-suv\">Mercedes GLC Coup\u00e9<\/a> d&rsquo;occasion avec moins de 30 000 km au compteur. Chez BYmyCAR, tous nos v\u00e9hicules b\u00e9n\u00e9ficient d&rsquo;une garantie constructeur et peuvent \u00eatre financ\u00e9s en LOA avec des mensualit\u00e9s adapt\u00e9es \u00e0 votre budget. Nos conseillers vous accompagnent pour trouver le mod\u00e8le qui correspond parfaitement \u00e0 vos attentes.<\/p>\n<h2>FAQ Mercedes GLC Coup\u00e9 prix<\/h2>\n<h3>Quel est le prix d&rsquo;une Mercedes GLC Coup\u00e9 hybride ?<\/h3>\n<p>Le prix d&rsquo;une Mercedes GLC Coup\u00e9 hybride varie entre 70 000 \u20ac* et 92 000 \u20ac* selon la motorisation et les \u00e9quipements choisis, vous offrant ainsi une large gamme de possibilit\u00e9s adapt\u00e9es \u00e0 vos besoins.<\/p>\n<h2>A lire \u00e9galement<\/h2>\n<ul>\n<li><a href=\"https:\/\/www.bymycar.fr\/webzine\/combien-coute-une-mercedes-glc\/\">Combien coute une mercedes glc ?<\/a><\/li>\n<li><a href=\"https:\/\/www.bymycar.fr\/webzine\/quel-moteur-sur-la-mercedes-benz-glc-coupe\/\">Quel moteur sur la mercedes glc coupe ?<\/a><\/li>\n<li><a href=\"https:\/\/www.bymycar.fr\/webzine\/que-sait-on-sur-la-mercedes-glc-2023\/\">Que sait on sur le mercedes glc 2023 ?<\/a><\/li>\n<li><a href=\"https:\/\/www.bymycar.fr\/webzine\/combien-coute-une-mercedes-glc-hybride\/\">Combien coute une mercedes glc hybride ?<\/a><\/li>\n<li><a href=\"https:\/\/www.bymycar.fr\/webzine\/quel-moteur-sur-la-mercedes-benz-glc\/\">Quel moteur sur la mercedes glc ?<\/a><\/li>\n<li><a href=\"https:\/\/www.bymycar.fr\/webzine\/quelle-est-la-puissance-du-mercedes-glc\/\">Quelle est la puissance du Mercedes GLC ?<\/a><\/li>\n<li><a href=\"https:\/\/www.bymycar.fr\/webzine\/entretien-mercedes-glc-quelle-periodicite\/\">Entretien Mercedes glc : quelle p\u00e9riodicit\u00e9 ?<\/a><\/li>\n<li><a href=\"https:\/\/www.bymycar.fr\/webzine\/reservoir-et-consommation-adblue-mercedes-glc\/\">R\u00e9servoir et consommation Adblue Mercedes Glc<\/a><\/li>\n<li><a href=\"https:\/\/www.bymycar.fr\/webzine\/quel-mercedes-glc-choisir\/\">Quel Mercedes glc choisir ?<\/a><\/li>\n<li><a href=\"https:\/\/www.bymycar.fr\/webzine\/quelle-consommation-pour-la-mercedes-glc\/\">Quelle consommation pour la mercedes glc ?<\/a><\/li>\n<\/ul>\n<p><em>Les prix mentionn\u00e9s sont donn\u00e9s \u00e0 titre indicatif et ont \u00e9t\u00e9 constat\u00e9s au moment de la r\u00e9daction. Ils sont susceptibles d&rsquo;\u00e9voluer. Pour obtenir une information exacte et \u00e0 jour, nous vous recommandons de contacter directement votre concession BYmyCAR.<\/em><\/p>\n"}},{"acf_fc_layout":"carousel-produits"}]},"add-to-bo":false,"add-carousel-to-footer":true},"yoast_head":"<!-- This site is optimized with the Yoast SEO Premium plugin v26.4 (Yoast SEO v26.4) - https:\/\/yoast.com\/wordpress\/plugins\/seo\/ -->\n<title>Combien coute une mercedes glc coupe ?<\/title>\n<meta name=\"robots\" content=\"index, follow, max-snippet:-1, max-image-preview:large, max-video-preview:-1\" \/>\n<link rel=\"canonical\" href=\"https:\/\/www.bymycar.fr\/webzine\/combien-coute-une-mercedes-glc-coupe\/\" \/>\n<meta property=\"og:locale\" content=\"fr_FR\" \/>\n<meta property=\"og:type\" content=\"article\" \/>\n<meta property=\"og:title\" content=\"Combien coute une mercedes glc coupe ?\" \/>\n<meta property=\"og:url\" content=\"https:\/\/www.bymycar.fr\/webzine\/combien-coute-une-mercedes-glc-coupe\/\" \/>\n<meta property=\"og:site_name\" content=\"Webzine auto BYmyCAR\" \/>\n<meta property=\"article:published_time\" content=\"2022-09-08T12:30:28+00:00\" \/>\n<meta property=\"article:modified_time\" content=\"2026-04-27T12:29:53+00:00\" \/>\n<meta property=\"og:image\" content=\"https:\/\/cdn.bymycar.eu\/fr-webzine\/wp-content\/uploads\/medias\/Mercedes-Benz-GLC-coupe.jpg\" \/>\n\t<meta property=\"og:image:width\" content=\"750\" \/>\n\t<meta property=\"og:image:height\" content=\"410\" \/>\n\t<meta property=\"og:image:type\" content=\"image\/jpeg\" \/>\n<meta name=\"author\" content=\"La R\u00e9daction BYmyCAR\" \/>\n<meta name=\"twitter:card\" content=\"summary_large_image\" \/>\n<meta name=\"twitter:label1\" content=\"\u00c9crit par\" \/>\n\t<meta name=\"twitter:data1\" content=\"La R\u00e9daction BYmyCAR\" \/>\n\t<meta name=\"twitter:label2\" content=\"Dur\u00e9e de lecture estim\u00e9e\" \/>\n\t<meta name=\"twitter:data2\" content=\"1 minute\" \/>\n<script type=\"application\/ld+json\" class=\"yoast-schema-graph\">{\"@context\":\"https:\/\/schema.org\",\"@graph\":[{\"@type\":\"Article\",\"@id\":\"https:\/\/www.bymycar.fr\/webzine\/combien-coute-une-mercedes-glc-coupe\/#article\",\"isPartOf\":{\"@id\":\"https:\/\/www.bymycar.fr\/webzine\/combien-coute-une-mercedes-glc-coupe\/\"},\"author\":{\"name\":\"La R\u00e9daction BYmyCAR\",\"@id\":\"https:\/\/www.bymycar.fr\/webzine\/#\/schema\/person\/8d570fe11eb8929f06c1e6d00f4d9689\"},\"headline\":\"Combien coute une mercedes glc coupe ?\",\"datePublished\":\"2022-09-08T12:30:28+00:00\",\"dateModified\":\"2026-04-27T12:29:53+00:00\",\"mainEntityOfPage\":{\"@id\":\"https:\/\/www.bymycar.fr\/webzine\/combien-coute-une-mercedes-glc-coupe\/\"},\"wordCount\":6,\"publisher\":{\"@id\":\"https:\/\/www.bymycar.fr\/webzine\/#organization\"},\"image\":{\"@id\":\"https:\/\/www.bymycar.fr\/webzine\/combien-coute-une-mercedes-glc-coupe\/#primaryimage\"},\"thumbnailUrl\":\"https:\/\/cdn.bymycar.eu\/fr-webzine\/wp-content\/uploads\/medias\/Mercedes-Benz-GLC-coupe.jpg\",\"articleSection\":[\"Guide d'achat\",\"Guide d'achat Mercedes\"],\"inLanguage\":\"fr-FR\"},{\"@type\":\"WebPage\",\"@id\":\"https:\/\/www.bymycar.fr\/webzine\/combien-coute-une-mercedes-glc-coupe\/\",\"url\":\"https:\/\/www.bymycar.fr\/webzine\/combien-coute-une-mercedes-glc-coupe\/\",\"name\":\"Combien coute une mercedes glc coupe ?\",\"isPartOf\":{\"@id\":\"https:\/\/www.bymycar.fr\/webzine\/#website\"},\"primaryImageOfPage\":{\"@id\":\"https:\/\/www.bymycar.fr\/webzine\/combien-coute-une-mercedes-glc-coupe\/#primaryimage\"},\"image\":{\"@id\":\"https:\/\/www.bymycar.fr\/webzine\/combien-coute-une-mercedes-glc-coupe\/#primaryimage\"},\"thumbnailUrl\":\"https:\/\/cdn.bymycar.eu\/fr-webzine\/wp-content\/uploads\/medias\/Mercedes-Benz-GLC-coupe.jpg\",\"datePublished\":\"2022-09-08T12:30:28+00:00\",\"dateModified\":\"2026-04-27T12:29:53+00:00\",\"breadcrumb\":{\"@id\":\"https:\/\/www.bymycar.fr\/webzine\/combien-coute-une-mercedes-glc-coupe\/#breadcrumb\"},\"inLanguage\":\"fr-FR\",\"potentialAction\":[{\"@type\":\"ReadAction\",\"target\":[\"https:\/\/www.bymycar.fr\/webzine\/combien-coute-une-mercedes-glc-coupe\/\"]}]},{\"@type\":\"ImageObject\",\"inLanguage\":\"fr-FR\",\"@id\":\"https:\/\/www.bymycar.fr\/webzine\/combien-coute-une-mercedes-glc-coupe\/#primaryimage\",\"url\":\"https:\/\/cdn.bymycar.eu\/fr-webzine\/wp-content\/uploads\/medias\/Mercedes-Benz-GLC-coupe.jpg\",\"contentUrl\":\"https:\/\/cdn.bymycar.eu\/fr-webzine\/wp-content\/uploads\/medias\/Mercedes-Benz-GLC-coupe.jpg\",\"width\":750,\"height\":410},{\"@type\":\"BreadcrumbList\",\"@id\":\"https:\/\/www.bymycar.fr\/webzine\/combien-coute-une-mercedes-glc-coupe\/#breadcrumb\",\"itemListElement\":[{\"@type\":\"ListItem\",\"position\":1,\"name\":\"Accueil\",\"item\":\"https:\/\/www.bymycar.fr\/webzine\/\"},{\"@type\":\"ListItem\",\"position\":2,\"name\":\"Combien coute une mercedes glc coupe ?\"}]},{\"@type\":\"WebSite\",\"@id\":\"https:\/\/www.bymycar.fr\/webzine\/#website\",\"url\":\"https:\/\/www.bymycar.fr\/webzine\/\",\"name\":\"Webzine auto BYmyCAR\",\"description\":\"La magazine auto de BYmyCAR\",\"publisher\":{\"@id\":\"https:\/\/www.bymycar.fr\/webzine\/#organization\"},\"potentialAction\":[{\"@type\":\"SearchAction\",\"target\":{\"@type\":\"EntryPoint\",\"urlTemplate\":\"https:\/\/www.bymycar.fr\/webzine\/?s={search_term_string}\"},\"query-input\":{\"@type\":\"PropertyValueSpecification\",\"valueRequired\":true,\"valueName\":\"search_term_string\"}}],\"inLanguage\":\"fr-FR\"},{\"@type\":\"Organization\",\"@id\":\"https:\/\/www.bymycar.fr\/webzine\/#organization\",\"name\":\"BYmyCAR\",\"url\":\"https:\/\/www.bymycar.fr\/webzine\/\",\"logo\":{\"@type\":\"ImageObject\",\"inLanguage\":\"fr-FR\",\"@id\":\"https:\/\/www.bymycar.fr\/webzine\/#\/schema\/logo\/image\/\",\"url\":\"https:\/\/cdn.bymycar.eu\/fr-webzine\/wp-content\/uploads\/medias\/2017\/08\/logo_DEALER_00000406_001.png\",\"contentUrl\":\"https:\/\/cdn.bymycar.eu\/fr-webzine\/wp-content\/uploads\/medias\/2017\/08\/logo_DEALER_00000406_001.png\",\"width\":2132,\"height\":720,\"caption\":\"BYmyCAR\"},\"image\":{\"@id\":\"https:\/\/www.bymycar.fr\/webzine\/#\/schema\/logo\/image\/\"}},{\"@type\":\"Person\",\"@id\":\"https:\/\/www.bymycar.fr\/webzine\/#\/schema\/person\/8d570fe11eb8929f06c1e6d00f4d9689\",\"name\":\"La R\u00e9daction BYmyCAR\",\"image\":{\"@type\":\"ImageObject\",\"inLanguage\":\"fr-FR\",\"@id\":\"https:\/\/www.bymycar.fr\/webzine\/#\/schema\/person\/image\/\",\"url\":\"https:\/\/secure.gravatar.com\/avatar\/1aa6b039d0ce106989923af4e2d0f2a0c82bb070d5e449f1b9adf082a5863900?s=96&d=mm&r=g\",\"contentUrl\":\"https:\/\/secure.gravatar.com\/avatar\/1aa6b039d0ce106989923af4e2d0f2a0c82bb070d5e449f1b9adf082a5863900?s=96&d=mm&r=g\",\"caption\":\"La R\u00e9daction BYmyCAR\"},\"sameAs\":[\"https:\/\/www.bymycar.fr\/\"]}]}<\/script>\n<!-- \/ Yoast SEO Premium plugin. -->","yoast_head_json":{"title":"Combien coute une mercedes glc coupe ?","robots":{"index":"index","follow":"follow","max-snippet":"max-snippet:-1","max-image-preview":"max-image-preview:large","max-video-preview":"max-video-preview:-1"},"canonical":"https:\/\/www.bymycar.fr\/webzine\/combien-coute-une-mercedes-glc-coupe\/","og_locale":"fr_FR","og_type":"article","og_title":"Combien coute une mercedes glc coupe ?","og_url":"https:\/\/www.bymycar.fr\/webzine\/combien-coute-une-mercedes-glc-coupe\/","og_site_name":"Webzine auto BYmyCAR","article_published_time":"2022-09-08T12:30:28+00:00","article_modified_time":"2026-04-27T12:29:53+00:00","og_image":[{"width":750,"height":410,"url":"https:\/\/cdn.bymycar.eu\/fr-webzine\/wp-content\/uploads\/medias\/Mercedes-Benz-GLC-coupe.jpg","type":"image\/jpeg"}],"author":"La R\u00e9daction BYmyCAR","twitter_card":"summary_large_image","twitter_misc":{"\u00c9crit par":"La R\u00e9daction BYmyCAR","Dur\u00e9e de lecture estim\u00e9e":"1 minute"},"schema":{"@context":"https:\/\/schema.org","@graph":[{"@type":"Article","@id":"https:\/\/www.bymycar.fr\/webzine\/combien-coute-une-mercedes-glc-coupe\/#article","isPartOf":{"@id":"https:\/\/www.bymycar.fr\/webzine\/combien-coute-une-mercedes-glc-coupe\/"},"author":{"name":"La R\u00e9daction BYmyCAR","@id":"https:\/\/www.bymycar.fr\/webzine\/#\/schema\/person\/8d570fe11eb8929f06c1e6d00f4d9689"},"headline":"Combien coute une mercedes glc coupe ?","datePublished":"2022-09-08T12:30:28+00:00","dateModified":"2026-04-27T12:29:53+00:00","mainEntityOfPage":{"@id":"https:\/\/www.bymycar.fr\/webzine\/combien-coute-une-mercedes-glc-coupe\/"},"wordCount":6,"publisher":{"@id":"https:\/\/www.bymycar.fr\/webzine\/#organization"},"image":{"@id":"https:\/\/www.bymycar.fr\/webzine\/combien-coute-une-mercedes-glc-coupe\/#primaryimage"},"thumbnailUrl":"https:\/\/cdn.bymycar.eu\/fr-webzine\/wp-content\/uploads\/medias\/Mercedes-Benz-GLC-coupe.jpg","articleSection":["Guide d'achat","Guide d'achat Mercedes"],"inLanguage":"fr-FR"},{"@type":"WebPage","@id":"https:\/\/www.bymycar.fr\/webzine\/combien-coute-une-mercedes-glc-coupe\/","url":"https:\/\/www.bymycar.fr\/webzine\/combien-coute-une-mercedes-glc-coupe\/","name":"Combien coute une mercedes glc coupe ?","isPartOf":{"@id":"https:\/\/www.bymycar.fr\/webzine\/#website"},"primaryImageOfPage":{"@id":"https:\/\/www.bymycar.fr\/webzine\/combien-coute-une-mercedes-glc-coupe\/#primaryimage"},"image":{"@id":"https:\/\/www.bymycar.fr\/webzine\/combien-coute-une-mercedes-glc-coupe\/#primaryimage"},"thumbnailUrl":"https:\/\/cdn.bymycar.eu\/fr-webzine\/wp-content\/uploads\/medias\/Mercedes-Benz-GLC-coupe.jpg","datePublished":"2022-09-08T12:30:28+00:00","dateModified":"2026-04-27T12:29:53+00:00","breadcrumb":{"@id":"https:\/\/www.bymycar.fr\/webzine\/combien-coute-une-mercedes-glc-coupe\/#breadcrumb"},"inLanguage":"fr-FR","potentialAction":[{"@type":"ReadAction","target":["https:\/\/www.bymycar.fr\/webzine\/combien-coute-une-mercedes-glc-coupe\/"]}]},{"@type":"ImageObject","inLanguage":"fr-FR","@id":"https:\/\/www.bymycar.fr\/webzine\/combien-coute-une-mercedes-glc-coupe\/#primaryimage","url":"https:\/\/cdn.bymycar.eu\/fr-webzine\/wp-content\/uploads\/medias\/Mercedes-Benz-GLC-coupe.jpg","contentUrl":"https:\/\/cdn.bymycar.eu\/fr-webzine\/wp-content\/uploads\/medias\/Mercedes-Benz-GLC-coupe.jpg","width":750,"height":410},{"@type":"BreadcrumbList","@id":"https:\/\/www.bymycar.fr\/webzine\/combien-coute-une-mercedes-glc-coupe\/#breadcrumb","itemListElement":[{"@type":"ListItem","position":1,"name":"Accueil","item":"https:\/\/www.bymycar.fr\/webzine\/"},{"@type":"ListItem","position":2,"name":"Combien coute une mercedes glc coupe ?"}]},{"@type":"WebSite","@id":"https:\/\/www.bymycar.fr\/webzine\/#website","url":"https:\/\/www.bymycar.fr\/webzine\/","name":"Webzine auto BYmyCAR","description":"La magazine auto de BYmyCAR","publisher":{"@id":"https:\/\/www.bymycar.fr\/webzine\/#organization"},"potentialAction":[{"@type":"SearchAction","target":{"@type":"EntryPoint","urlTemplate":"https:\/\/www.bymycar.fr\/webzine\/?s={search_term_string}"},"query-input":{"@type":"PropertyValueSpecification","valueRequired":true,"valueName":"search_term_string"}}],"inLanguage":"fr-FR"},{"@type":"Organization","@id":"https:\/\/www.bymycar.fr\/webzine\/#organization","name":"BYmyCAR","url":"https:\/\/www.bymycar.fr\/webzine\/","logo":{"@type":"ImageObject","inLanguage":"fr-FR","@id":"https:\/\/www.bymycar.fr\/webzine\/#\/schema\/logo\/image\/","url":"https:\/\/cdn.bymycar.eu\/fr-webzine\/wp-content\/uploads\/medias\/2017\/08\/logo_DEALER_00000406_001.png","contentUrl":"https:\/\/cdn.bymycar.eu\/fr-webzine\/wp-content\/uploads\/medias\/2017\/08\/logo_DEALER_00000406_001.png","width":2132,"height":720,"caption":"BYmyCAR"},"image":{"@id":"https:\/\/www.bymycar.fr\/webzine\/#\/schema\/logo\/image\/"}},{"@type":"Person","@id":"https:\/\/www.bymycar.fr\/webzine\/#\/schema\/person\/8d570fe11eb8929f06c1e6d00f4d9689","name":"La R\u00e9daction BYmyCAR","image":{"@type":"ImageObject","inLanguage":"fr-FR","@id":"https:\/\/www.bymycar.fr\/webzine\/#\/schema\/person\/image\/","url":"https:\/\/secure.gravatar.com\/avatar\/1aa6b039d0ce106989923af4e2d0f2a0c82bb070d5e449f1b9adf082a5863900?s=96&d=mm&r=g","contentUrl":"https:\/\/secure.gravatar.com\/avatar\/1aa6b039d0ce106989923af4e2d0f2a0c82bb070d5e449f1b9adf082a5863900?s=96&d=mm&r=g","caption":"La R\u00e9daction BYmyCAR"},"sameAs":["https:\/\/www.bymycar.fr\/"]}]}},"_links":{"self":[{"href":"https:\/\/www.bymycar.fr\/webzine\/wp-json\/wp\/v2\/posts\/35535","targetHints":{"allow":["GET"]}}],"collection":[{"href":"https:\/\/www.bymycar.fr\/webzine\/wp-json\/wp\/v2\/posts"}],"about":[{"href":"https:\/\/www.bymycar.fr\/webzine\/wp-json\/wp\/v2\/types\/post"}],"author":[{"embeddable":true,"href":"https:\/\/www.bymycar.fr\/webzine\/wp-json\/wp\/v2\/users\/88"}],"replies":[{"embeddable":true,"href":"https:\/\/www.bymycar.fr\/webzine\/wp-json\/wp\/v2\/comments?post=35535"}],"version-history":[{"count":7,"href":"https:\/\/www.bymycar.fr\/webzine\/wp-json\/wp\/v2\/posts\/35535\/revisions"}],"predecessor-version":[{"id":62644,"href":"https:\/\/www.bymycar.fr\/webzine\/wp-json\/wp\/v2\/posts\/35535\/revisions\/62644"}],"wp:featuredmedia":[{"embeddable":true,"href":"https:\/\/www.bymycar.fr\/webzine\/wp-json\/wp\/v2\/media\/35488"}],"wp:attachment":[{"href":"https:\/\/www.bymycar.fr\/webzine\/wp-json\/wp\/v2\/media?parent=35535"}],"wp:term":[{"taxonomy":"category","embeddable":true,"href":"https:\/\/www.bymycar.fr\/webzine\/wp-json\/wp\/v2\/categories?post=35535"},{"taxonomy":"post_tag","embeddable":true,"href":"https:\/\/www.bymycar.fr\/webzine\/wp-json\/wp\/v2\/tags?post=35535"}],"curies":[{"name":"wp","href":"https:\/\/api.w.org\/{rel}","templated":true}]}}