{"id":35527,"date":"2022-09-08T07:12:26","date_gmt":"2022-09-08T05:12:26","guid":{"rendered":"https:\/\/prod.bymycar.fr\/webzine\/?p=35527"},"modified":"2026-04-27T14:29:53","modified_gmt":"2026-04-27T12:29:53","slug":"entretien-mercedes-glc-quelle-periodicite","status":"publish","type":"post","link":"https:\/\/www.bymycar.fr\/webzine\/entretien-mercedes-glc-quelle-periodicite\/","title":{"rendered":"Entretien Mercedes GLC : quelle p\u00e9riodicit\u00e9 ?"},"content":{"rendered":"","protected":false},"excerpt":{"rendered":"","protected":false},"author":88,"featured_media":35488,"comment_status":"closed","ping_status":"open","sticky":false,"template":"","format":"standard","meta":{"_acf_changed":false,"footnotes":""},"categories":[12893,12896],"tags":[],"class_list":["post-35527","post","type-post","status-publish","format-standard","has-post-thumbnail","hentry","category-guide-dachat","category-guide-dachat-mercedes"],"acf":{"template":"classique","introduction":"<p style=\"text-align: justify;\">\u00ab Asyst Plus \u00bb est la technologie d&rsquo;intervalle d&rsquo;entretien des v\u00e9hicules Mercedes-Benz. Cette fonctionnalit\u00e9 vous indique quand il est n\u00e9cessaire d\u2019effectuer un entretien. BYmyCAR vous fournit toutes les informations d\u2019entretien de votre Mercedes dans ce guide.<\/p>\n<p style=\"text-align: center;\"><a href=\"https:\/\/www.bymycar.fr\/rechercher-un-vehicule?prod_VEHICLES%5BrefinementList%5D%5Bbrand%5D%5B0%5D=MERCEDES&amp;prod_VEHICLES%5BrefinementList%5D%5BmodelGroup1%5D%5B0%5D=CLASSE%20GLC\" target=\"_blank\" class=\"css-button css-button--gold\" >\n                Voir nos v\u00e9hicules Mercedes GLC neufs et d'occasion\n        <\/a><\/p>\n","strates":[{"type_strate":"texte-simple","ancre":"","contenu":"<h2 style=\"text-align: justify;\">Comment avoir l&rsquo;historique d&rsquo;entretien Mercedes ?<\/h2>\n<p style=\"text-align: justify;\">Si votre\u00a0<a href=\"https:\/\/www.bymycar.fr\/marques\/mercedes\/glc\">Mercedes GLC<\/a>\u00a0est entretenue chez un concessionnaire Mercedes-Benz, toutes les informations relatives \u00e0 cet historique sont accessibles en ligne. Tout concessionnaire doit pouvoir acc\u00e9der \u00e0 ce fichier historique et vous dire ce que vous devez savoir.<\/p>\n<p style=\"text-align: justify;\">Vous pouvez \u00e9galement cr\u00e9er (si vous ne l&rsquo;avez pas d\u00e9j\u00e0 fait) un compte \u201cMercedes me\u201d via le site Web de l&rsquo;usine, ce qui vous permettra de consulter l&rsquo;int\u00e9gralit\u00e9 de l&rsquo;historique d&rsquo;entretien de la voiture.<\/p>\n<p style=\"text-align: justify;\">Pour faciliter les choses, les voitures Mercedes-Benz disposent d&rsquo;un carnet d&rsquo;entretien num\u00e9rique en ligne. Cela signifie que vous n&rsquo;avez pas besoin de vous munir d&rsquo;un carnet d&rsquo;entretien physique et de le faire tamponner lorsque vous obtenez un service d\u2019entretien A ou B.<\/p>\n<h2 style=\"text-align: justify;\">Entretien GLC 220 d<\/h2>\n<p style=\"text-align: justify;\">Votre concessionnaire BYmyCAR peut vous aider \u00e0 cr\u00e9er votre compte \u201cMercedes me\u201d. Par ailleurs, le carnet d\u2019entretien permet aussi de retracer toutes les op\u00e9rations de maintenance effectu\u00e9es sur une Mercedes classe GLC, telles que :<\/p>\n<ul style=\"text-align: justify;\">\n<li>Le contr\u00f4le des bougies de pr\u00e9chauffage ;<\/li>\n<li>La v\u00e9rification du liquide de refroidissement ;<\/li>\n<li>Le changement du filtre d&rsquo;habitacle ;<\/li>\n<li>L\u2019analyse de la pompe \u00e0 eau ;<\/li>\n<li>Le remplacement de l\u2019essuie-glace ;<\/li>\n<li>Etc.<\/li>\n<\/ul>\n<h2 style=\"text-align: justify;\">Vidange Mercedes GLC : comment enlever le t\u00e9moin d&rsquo;entretien Mercedes ?<\/h2>\n<p style=\"text-align: justify;\">En quelques \u00e9tapes simples, vous pouvez r\u00e9initialiser manuellement votre voyant de service vous indiquant la n\u00e9cessit\u00e9 de faire une vidange entre autres :<\/p>\n<ol style=\"text-align: justify;\">\n<li>Mettez la cl\u00e9 dans le contact de votre voiture et tournez-la en premi\u00e8re position.<\/li>\n<li>Maintenez enfonc\u00e9 le bouton t\u00e9l\u00e9phone sur votre volant en appuyant aussi la touche \u00ab\u00a0OK\u00a0\u00bb, et maintenez-les pendant cinq secondes environ. Le menu \u00ab Boutique \u00bb doit s\u2019afficher sur l\u2019\u00e9cran.<\/li>\n<li>Appuyez sur le bouton \u00ab Bas \u00bb de votre pav\u00e9 directionnel jusqu&rsquo;\u00e0 ce que l&rsquo;option \u00ab Assyst Plus \u00bb soit en surbrillance et appuyez sur le bouton \u00ab OK \u00bb.<\/li>\n<li>Appuyez sur le bouton \u00ab Bas \u00bb jusqu&rsquo;\u00e0 ce que vous mettiez en surbrillance \u00ab Service effectu\u00e9 \u00bb et appuyez sur le bouton \u00ab OK \u00bb.<\/li>\n<li>Appuyez sur le bouton \u00ab Bas \u00bb jusqu&rsquo;\u00e0 ce que \u00ab Service d\u00fb \u00bb soit en surbrillance et appuyez sur le bouton \u00ab OK \u00bb.<\/li>\n<li>Appuyez sur le bouton \u00ab Bas \u00bb jusqu&rsquo;\u00e0 ce que vous mettiez en surbrillance \u00ab Service complet \u00bb et appuyez sur le bouton \u00ab OK \u00bb.<\/li>\n<\/ol>\n<p style=\"text-align: justify;\">Cette op\u00e9ration devrait r\u00e9initialiser votre voyant de service.<\/p>\n<h2 style=\"text-align: justify;\">O\u00f9 est fabriqu\u00e9e la Mercedes GLC ?<\/h2>\n<p style=\"text-align: justify;\">En tant qu&rsquo;usine principale de Mercedes-Benz, l\u2019usine de Br\u00eame en Allemagne produit plusieurs mod\u00e8les, dont le GLC et le GLC Coup\u00e9. Le site fabrique jusqu&rsquo;\u00e0 160 v\u00e9hicules par jour et est \u00e9galement dot\u00e9 d&rsquo;un centre d&rsquo;essais hors route pour les voitures Mercedes-Benz.<\/p>\n<h2 style=\"text-align: justify;\">Quand faire l\u2019entretien d\u2019une Mercedes ?<\/h2>\n<p style=\"text-align: justify;\">Le respect de votre calendrier d&rsquo;entretien garantit que votre Mercedes fonctionne correctement et en toute s\u00e9curit\u00e9, r\u00e9duisant ainsi le risque de r\u00e9parations impr\u00e9vues. Cela aide \u00e9galement \u00e0 conserver la valeur de votre voiture \u00e0 long terme.<\/p>\n<h2 style=\"text-align: justify;\">R\u00e9vision A1 Mercedes<\/h2>\n<p style=\"text-align: justify;\">Vous recevez une alerte sur votre tableau de bord indiquant \u00ab Service A \u00bb ou \u00ab Service B \u00bb, vous indiquant le nombre de kilom\u00e8tres jusqu&rsquo;\u00e0 ce que vous ayez besoin d&rsquo;obtenir votre service.<\/p>\n<h2 style=\"text-align: justify;\">Mercedes \u00ab Service A \u00bb : guide entretien Mercedes<\/h2>\n<p style=\"text-align: justify;\">L&rsquo;entretien A est g\u00e9n\u00e9ralement n\u00e9cessaire lorsque votre Mercedes atteint l&rsquo;\u00e2ge d&rsquo;un an ou 15 000 km parcourus, puis tous les deux ans ou tous les 30 000 km.<\/p>\n<h2 style=\"text-align: justify;\">R\u00e9vision Mercedes GLC \u00ab Service B \u00bb<\/h2>\n<p style=\"text-align: justify;\">Le service B plus complet est con\u00e7u pour les anciens mod\u00e8les et les Mercedes qui font plus de kilom\u00e8tres. Il comprend des v\u00e9rifications suppl\u00e9mentaires et est g\u00e9n\u00e9ralement n\u00e9cessaire un an apr\u00e8s l&rsquo;entretien A ou apr\u00e8s 30 000 km.<\/p>\n<h3 style=\"text-align: justify;\">Guide d&rsquo;achat Mercedes GLC :<\/h3>\n<p style=\"text-align: justify;\"><a href=\"https:\/\/www.bymycar.fr\/webzine\/combien-coute-une-mercedes-glc\/\">Combien coute une mercedes glc ?<\/a><\/p>\n<p style=\"text-align: justify;\"><a href=\"https:\/\/www.bymycar.fr\/webzine\/combien-coute-une-mercedes-glc-coupe\/\">Combien coute une mercedes glc coupe ?<\/a><\/p>\n<p style=\"text-align: justify;\"><a href=\"https:\/\/www.bymycar.fr\/webzine\/quel-moteur-sur-la-mercedes-benz-glc-coupe\/\">Quel moteur sur la mercedes glc coupe ?<\/a><\/p>\n<p style=\"text-align: justify;\"><a href=\"https:\/\/www.bymycar.fr\/webzine\/que-sait-on-sur-la-mercedes-glc-2023\/\">Que sait on sur le mercedes glc 2023 ?<\/a><\/p>\n<p style=\"text-align: justify;\"><a href=\"https:\/\/www.bymycar.fr\/webzine\/combien-coute-une-mercedes-glc-hybride\/\">Combien coute une mercedes glc hybride ?<\/a><\/p>\n<p style=\"text-align: justify;\"><a href=\"https:\/\/www.bymycar.fr\/webzine\/quel-moteur-sur-la-mercedes-benz-glc\/\">Quel moteur sur la mercedes glc ?<\/a><\/p>\n<p style=\"text-align: justify;\"><a href=\"https:\/\/www.bymycar.fr\/webzine\/quelle-est-la-puissance-du-mercedes-glc\/\">Quelle est la puissance du Mercedes GLC ?<\/a><\/p>\n<p style=\"text-align: justify;\"><a href=\"https:\/\/www.bymycar.fr\/webzine\/reservoir-et-consommation-adblue-mercedes-glc\/\">R\u00e9servoir et consommation Adblue Mercedes Glc<\/a><\/p>\n<p style=\"text-align: justify;\"><a href=\"https:\/\/www.bymycar.fr\/webzine\/quel-mercedes-glc-choisir\/\">Quel Mercedes glc choisir ?<\/a><\/p>\n<p style=\"text-align: justify;\"><a href=\"https:\/\/www.bymycar.fr\/webzine\/quelle-consommation-pour-la-mercedes-glc\/\">Quelle consommation pour la mercedes glc ?<\/a><\/p>\n","titre":"Texte 1","image":false,"image_libre":false,"image_800x500":false,"legende":"","zoom":false,"texte":"","articles":false,"categorie_droite":false,"images":false,"elements_comparatif":false,"texte_1":"","texte_2":"","image_1":false,"image_1_563x400":false,"image_1_332x332":false,"image_2":false,"image_2_333x240":false,"image_2_563x400":false,"image_3":false,"image_3_333x240":false,"image_3_332x450":false,"image_4":false,"image_4_332x332":false,"image_4_563x400":false,"code_embed":"","legende_video":"","photo":false,"photo_100x100":false,"nom":"","fonction":"","elements_timeline":false,"entetes_colonnes":false,"entetes_lignes":false,"lignes":false,"introduction":"","formulaire":false,"question":"","reponse":"","libelle_bouton_lien":"","url_lien":"","questions":false,"conclusions":false,"pays":false,"region":false,"marque":false,"marqueConcessions":false,"modele":false,"ptvente":false,"typeV":false,"collection":false,"nombre_maximum_elements":10,"lien_fin_carousel":"","texte_lien_fin_carousel":"","trier_par":false},{"type_strate":"carousel-produits","ancre":"","contenu":"","titre":"Voir nos v\u00e9hicules Mercedes GLC disponibles","image":false,"image_libre":false,"image_800x500":false,"legende":"","zoom":false,"texte":"","articles":false,"categorie_droite":false,"images":false,"elements_comparatif":false,"texte_1":"","texte_2":"","image_1":false,"image_1_563x400":false,"image_1_332x332":false,"image_2":false,"image_2_333x240":false,"image_2_563x400":false,"image_3":false,"image_3_333x240":false,"image_3_332x450":false,"image_4":false,"image_4_332x332":false,"image_4_563x400":false,"code_embed":"","legende_video":"","photo":false,"photo_100x100":false,"nom":"","fonction":"","elements_timeline":false,"entetes_colonnes":false,"entetes_lignes":false,"lignes":false,"introduction":"","formulaire":false,"question":"","reponse":"","libelle_bouton_lien":"","url_lien":"","questions":false,"conclusions":false,"pays":"1","region":"","marque":"16","marqueConcessions":false,"modele":"CLASSE GLC","ptvente":"","typeV":"","collection":"","nombre_maximum_elements":"10","lien_fin_carousel":"https:\/\/www.bymycar.fr\/rechercher-un-vehicule?prod_VEHICLES%5BrefinementList%5D%5Bbrand%5D%5B0%5D=MERCEDES&prod_VEHICLES%5BrefinementList%5D%5BmodelGroup1%5D%5B0%5D=CLASSE%20GLC","texte_lien_fin_carousel":"Voir plus de v\u00e9hicules","trier_par":""}],"is_old_post":false,"image":{"ID":35488,"id":35488,"title":"Mercedes Benz GLC coup\u00e9","filename":"Mercedes-Benz-GLC-coupe.jpg","filesize":1,"url":"https:\/\/cdn.bymycar.eu\/fr-webzine\/wp-content\/uploads\/medias\/Mercedes-Benz-GLC-coupe.jpg","link":"https:\/\/www.bymycar.fr\/webzine\/quel-moteur-sur-la-mercedes-benz-glc-coupe\/mercedes-benz-glc-coupe\/","alt":"","author":"9","description":"","caption":"","name":"mercedes-benz-glc-coupe","status":"inherit","uploaded_to":35486,"date":"2022-09-07 12:58:42","modified":"2022-09-07 12:58:42","menu_order":0,"mime_type":"image\/jpeg","type":"image","subtype":"jpeg","icon":"https:\/\/www.bymycar.fr\/webzine\/wp-includes\/images\/media\/default.png","width":750,"height":410,"sizes":{"thumbnail":"https:\/\/cdn.bymycar.eu\/fr-webzine\/wp-content\/uploads\/medias\/Mercedes-Benz-GLC-coupe-150x150.jpg","thumbnail-width":150,"thumbnail-height":150,"medium":"https:\/\/cdn.bymycar.eu\/fr-webzine\/wp-content\/uploads\/medias\/Mercedes-Benz-GLC-coupe-300x164.jpg","medium-width":300,"medium-height":164,"medium_large":"https:\/\/cdn.bymycar.eu\/fr-webzine\/wp-content\/uploads\/medias\/Mercedes-Benz-GLC-coupe.jpg","medium_large-width":750,"medium_large-height":410,"large":"https:\/\/cdn.bymycar.eu\/fr-webzine\/wp-content\/uploads\/medias\/Mercedes-Benz-GLC-coupe.jpg","large-width":750,"large-height":410,"1536x1536":"https:\/\/cdn.bymycar.eu\/fr-webzine\/wp-content\/uploads\/medias\/Mercedes-Benz-GLC-coupe.jpg","1536x1536-width":750,"1536x1536-height":410,"2048x2048":"https:\/\/cdn.bymycar.eu\/fr-webzine\/wp-content\/uploads\/medias\/Mercedes-Benz-GLC-coupe.jpg","2048x2048-width":750,"2048x2048-height":410}},"page_content":{"block_content":[{"acf_fc_layout":"text-simple","--nav":{"-withNav":false,"-ancre":""},"--group":{"-text":"<h2 style=\"text-align: justify;\">Comment avoir l&rsquo;historique d&rsquo;entretien Mercedes ?<\/h2>\n<p style=\"text-align: justify;\">Si votre\u00a0<a href=\"https:\/\/www.bymycar.fr\/marques\/mercedes\/glc\">Mercedes GLC<\/a>\u00a0est entretenue chez un concessionnaire Mercedes-Benz, toutes les informations relatives \u00e0 cet historique sont accessibles en ligne. Tout concessionnaire doit pouvoir acc\u00e9der \u00e0 ce fichier historique et vous dire ce que vous devez savoir.<\/p>\n<p style=\"text-align: justify;\">Vous pouvez \u00e9galement cr\u00e9er (si vous ne l&rsquo;avez pas d\u00e9j\u00e0 fait) un compte \u201cMercedes me\u201d via le site Web de l&rsquo;usine, ce qui vous permettra de consulter l&rsquo;int\u00e9gralit\u00e9 de l&rsquo;historique d&rsquo;entretien de la voiture.<\/p>\n<p style=\"text-align: justify;\">Pour faciliter les choses, les voitures Mercedes-Benz disposent d&rsquo;un carnet d&rsquo;entretien num\u00e9rique en ligne. Cela signifie que vous n&rsquo;avez pas besoin de vous munir d&rsquo;un carnet d&rsquo;entretien physique et de le faire tamponner lorsque vous obtenez un service d\u2019entretien A ou B.<\/p>\n<h2 style=\"text-align: justify;\">Entretien GLC 220 d<\/h2>\n<p style=\"text-align: justify;\">Votre concessionnaire BYmyCAR peut vous aider \u00e0 cr\u00e9er votre compte \u201cMercedes me\u201d. Par ailleurs, le carnet d\u2019entretien permet aussi de retracer toutes les op\u00e9rations de maintenance effectu\u00e9es sur une Mercedes classe GLC, telles que :<\/p>\n<ul style=\"text-align: justify;\">\n<li>Le contr\u00f4le des bougies de pr\u00e9chauffage ;<\/li>\n<li>La v\u00e9rification du liquide de refroidissement ;<\/li>\n<li>Le changement du filtre d&rsquo;habitacle ;<\/li>\n<li>L\u2019analyse de la pompe \u00e0 eau ;<\/li>\n<li>Le remplacement de l\u2019essuie-glace ;<\/li>\n<li>Etc.<\/li>\n<\/ul>\n<h2 style=\"text-align: justify;\">Vidange Mercedes GLC : comment enlever le t\u00e9moin d&rsquo;entretien Mercedes ?<\/h2>\n<p style=\"text-align: justify;\">En quelques \u00e9tapes simples, vous pouvez r\u00e9initialiser manuellement votre voyant de service vous indiquant la n\u00e9cessit\u00e9 de faire une vidange entre autres :<\/p>\n<ol style=\"text-align: justify;\">\n<li>Mettez la cl\u00e9 dans le contact de votre voiture et tournez-la en premi\u00e8re position.<\/li>\n<li>Maintenez enfonc\u00e9 le bouton t\u00e9l\u00e9phone sur votre volant en appuyant aussi la touche \u00ab\u00a0OK\u00a0\u00bb, et maintenez-les pendant cinq secondes environ. Le menu \u00ab Boutique \u00bb doit s\u2019afficher sur l\u2019\u00e9cran.<\/li>\n<li>Appuyez sur le bouton \u00ab Bas \u00bb de votre pav\u00e9 directionnel jusqu&rsquo;\u00e0 ce que l&rsquo;option \u00ab Assyst Plus \u00bb soit en surbrillance et appuyez sur le bouton \u00ab OK \u00bb.<\/li>\n<li>Appuyez sur le bouton \u00ab Bas \u00bb jusqu&rsquo;\u00e0 ce que vous mettiez en surbrillance \u00ab Service effectu\u00e9 \u00bb et appuyez sur le bouton \u00ab OK \u00bb.<\/li>\n<li>Appuyez sur le bouton \u00ab Bas \u00bb jusqu&rsquo;\u00e0 ce que \u00ab Service d\u00fb \u00bb soit en surbrillance et appuyez sur le bouton \u00ab OK \u00bb.<\/li>\n<li>Appuyez sur le bouton \u00ab Bas \u00bb jusqu&rsquo;\u00e0 ce que vous mettiez en surbrillance \u00ab Service complet \u00bb et appuyez sur le bouton \u00ab OK \u00bb.<\/li>\n<\/ol>\n<p style=\"text-align: justify;\">Cette op\u00e9ration devrait r\u00e9initialiser votre voyant de service.<\/p>\n<h2 style=\"text-align: justify;\">O\u00f9 est fabriqu\u00e9e la Mercedes GLC ?<\/h2>\n<p style=\"text-align: justify;\">En tant qu&rsquo;usine principale de Mercedes-Benz, l\u2019usine de Br\u00eame en Allemagne produit plusieurs mod\u00e8les, dont le GLC et le GLC Coup\u00e9. Le site fabrique jusqu&rsquo;\u00e0 160 v\u00e9hicules par jour et est \u00e9galement dot\u00e9 d&rsquo;un centre d&rsquo;essais hors route pour les voitures Mercedes-Benz.<\/p>\n<h2 style=\"text-align: justify;\">Quand faire l\u2019entretien d\u2019une Mercedes ?<\/h2>\n<p style=\"text-align: justify;\">Le respect de votre calendrier d&rsquo;entretien garantit que votre Mercedes fonctionne correctement et en toute s\u00e9curit\u00e9, r\u00e9duisant ainsi le risque de r\u00e9parations impr\u00e9vues. Cela aide \u00e9galement \u00e0 conserver la valeur de votre voiture \u00e0 long terme.<\/p>\n<h2 style=\"text-align: justify;\">R\u00e9vision A1 Mercedes<\/h2>\n<p style=\"text-align: justify;\">Vous recevez une alerte sur votre tableau de bord indiquant \u00ab Service A \u00bb ou \u00ab Service B \u00bb, vous indiquant le nombre de kilom\u00e8tres jusqu&rsquo;\u00e0 ce que vous ayez besoin d&rsquo;obtenir votre service.<\/p>\n<h2 style=\"text-align: justify;\">Mercedes \u00ab Service A \u00bb : guide entretien Mercedes<\/h2>\n<p style=\"text-align: justify;\">L&rsquo;entretien A est g\u00e9n\u00e9ralement n\u00e9cessaire lorsque votre Mercedes atteint l&rsquo;\u00e2ge d&rsquo;un an ou 15 000 km parcourus, puis tous les deux ans ou tous les 30 000 km.<\/p>\n<h2 style=\"text-align: justify;\">R\u00e9vision Mercedes GLC \u00ab Service B \u00bb<\/h2>\n<p style=\"text-align: justify;\">Le service B plus complet est con\u00e7u pour les anciens mod\u00e8les et les Mercedes qui font plus de kilom\u00e8tres. Il comprend des v\u00e9rifications suppl\u00e9mentaires et est g\u00e9n\u00e9ralement n\u00e9cessaire un an apr\u00e8s l&rsquo;entretien A ou apr\u00e8s 30 000 km.<\/p>\n<h3 style=\"text-align: justify;\">Guide d&rsquo;achat Mercedes GLC :<\/h3>\n<p style=\"text-align: justify;\"><a href=\"https:\/\/www.bymycar.fr\/webzine\/combien-coute-une-mercedes-glc\/\">Combien coute une mercedes glc ?<\/a><\/p>\n<p style=\"text-align: justify;\"><a href=\"https:\/\/www.bymycar.fr\/webzine\/combien-coute-une-mercedes-glc-coupe\/\">Combien coute une mercedes glc coupe ?<\/a><\/p>\n<p style=\"text-align: justify;\"><a href=\"https:\/\/www.bymycar.fr\/webzine\/quel-moteur-sur-la-mercedes-benz-glc-coupe\/\">Quel moteur sur la mercedes glc coupe ?<\/a><\/p>\n<p style=\"text-align: justify;\"><a href=\"https:\/\/www.bymycar.fr\/webzine\/que-sait-on-sur-la-mercedes-glc-2023\/\">Que sait on sur le mercedes glc 2023 ?<\/a><\/p>\n<p style=\"text-align: justify;\"><a href=\"https:\/\/www.bymycar.fr\/webzine\/combien-coute-une-mercedes-glc-hybride\/\">Combien coute une mercedes glc hybride ?<\/a><\/p>\n<p style=\"text-align: justify;\"><a href=\"https:\/\/www.bymycar.fr\/webzine\/quel-moteur-sur-la-mercedes-benz-glc\/\">Quel moteur sur la mercedes glc ?<\/a><\/p>\n<p style=\"text-align: justify;\"><a href=\"https:\/\/www.bymycar.fr\/webzine\/quelle-est-la-puissance-du-mercedes-glc\/\">Quelle est la puissance du Mercedes GLC ?<\/a><\/p>\n<p style=\"text-align: justify;\"><a href=\"https:\/\/www.bymycar.fr\/webzine\/reservoir-et-consommation-adblue-mercedes-glc\/\">R\u00e9servoir et consommation Adblue Mercedes Glc<\/a><\/p>\n<p style=\"text-align: justify;\"><a href=\"https:\/\/www.bymycar.fr\/webzine\/quel-mercedes-glc-choisir\/\">Quel Mercedes glc choisir ?<\/a><\/p>\n<p style=\"text-align: justify;\"><a href=\"https:\/\/www.bymycar.fr\/webzine\/quelle-consommation-pour-la-mercedes-glc\/\">Quelle consommation pour la mercedes glc ?<\/a><\/p>\n"}},{"acf_fc_layout":"carousel-produits"}]},"add-carousel-to-footer":true},"yoast_head":"<!-- This site is optimized with the Yoast SEO Premium plugin v26.4 (Yoast SEO v26.4) - https:\/\/yoast.com\/wordpress\/plugins\/seo\/ -->\n<title>Entretien Mercedes GLC : quelle p\u00e9riodicit\u00e9 ?<\/title>\n<meta name=\"robots\" content=\"index, follow, max-snippet:-1, max-image-preview:large, max-video-preview:-1\" \/>\n<link rel=\"canonical\" href=\"https:\/\/www.bymycar.fr\/webzine\/entretien-mercedes-glc-quelle-periodicite\/\" \/>\n<meta property=\"og:locale\" content=\"fr_FR\" \/>\n<meta property=\"og:type\" content=\"article\" \/>\n<meta property=\"og:title\" content=\"Entretien Mercedes GLC : quelle p\u00e9riodicit\u00e9 ?\" \/>\n<meta property=\"og:url\" content=\"https:\/\/www.bymycar.fr\/webzine\/entretien-mercedes-glc-quelle-periodicite\/\" \/>\n<meta property=\"og:site_name\" content=\"Webzine auto BYmyCAR\" \/>\n<meta property=\"article:published_time\" content=\"2022-09-08T05:12:26+00:00\" \/>\n<meta property=\"article:modified_time\" content=\"2026-04-27T12:29:53+00:00\" \/>\n<meta property=\"og:image\" content=\"https:\/\/cdn.bymycar.eu\/fr-webzine\/wp-content\/uploads\/medias\/Mercedes-Benz-GLC-coupe.jpg\" \/>\n\t<meta property=\"og:image:width\" content=\"750\" \/>\n\t<meta property=\"og:image:height\" content=\"410\" \/>\n\t<meta property=\"og:image:type\" content=\"image\/jpeg\" \/>\n<meta name=\"author\" content=\"La R\u00e9daction BYmyCAR\" \/>\n<meta name=\"twitter:card\" content=\"summary_large_image\" \/>\n<meta name=\"twitter:label1\" content=\"\u00c9crit par\" \/>\n\t<meta name=\"twitter:data1\" content=\"La R\u00e9daction BYmyCAR\" \/>\n<script type=\"application\/ld+json\" class=\"yoast-schema-graph\">{\"@context\":\"https:\/\/schema.org\",\"@graph\":[{\"@type\":\"Article\",\"@id\":\"https:\/\/www.bymycar.fr\/webzine\/entretien-mercedes-glc-quelle-periodicite\/#article\",\"isPartOf\":{\"@id\":\"https:\/\/www.bymycar.fr\/webzine\/entretien-mercedes-glc-quelle-periodicite\/\"},\"author\":{\"name\":\"La R\u00e9daction BYmyCAR\",\"@id\":\"https:\/\/www.bymycar.fr\/webzine\/#\/schema\/person\/8d570fe11eb8929f06c1e6d00f4d9689\"},\"headline\":\"Entretien Mercedes GLC : quelle p\u00e9riodicit\u00e9 ?\",\"datePublished\":\"2022-09-08T05:12:26+00:00\",\"dateModified\":\"2026-04-27T12:29:53+00:00\",\"mainEntityOfPage\":{\"@id\":\"https:\/\/www.bymycar.fr\/webzine\/entretien-mercedes-glc-quelle-periodicite\/\"},\"wordCount\":6,\"publisher\":{\"@id\":\"https:\/\/www.bymycar.fr\/webzine\/#organization\"},\"image\":{\"@id\":\"https:\/\/www.bymycar.fr\/webzine\/entretien-mercedes-glc-quelle-periodicite\/#primaryimage\"},\"thumbnailUrl\":\"https:\/\/cdn.bymycar.eu\/fr-webzine\/wp-content\/uploads\/medias\/Mercedes-Benz-GLC-coupe.jpg\",\"articleSection\":[\"Guide d'achat\",\"Guide d'achat Mercedes\"],\"inLanguage\":\"fr-FR\"},{\"@type\":\"WebPage\",\"@id\":\"https:\/\/www.bymycar.fr\/webzine\/entretien-mercedes-glc-quelle-periodicite\/\",\"url\":\"https:\/\/www.bymycar.fr\/webzine\/entretien-mercedes-glc-quelle-periodicite\/\",\"name\":\"Entretien Mercedes GLC : quelle p\u00e9riodicit\u00e9 ?\",\"isPartOf\":{\"@id\":\"https:\/\/www.bymycar.fr\/webzine\/#website\"},\"primaryImageOfPage\":{\"@id\":\"https:\/\/www.bymycar.fr\/webzine\/entretien-mercedes-glc-quelle-periodicite\/#primaryimage\"},\"image\":{\"@id\":\"https:\/\/www.bymycar.fr\/webzine\/entretien-mercedes-glc-quelle-periodicite\/#primaryimage\"},\"thumbnailUrl\":\"https:\/\/cdn.bymycar.eu\/fr-webzine\/wp-content\/uploads\/medias\/Mercedes-Benz-GLC-coupe.jpg\",\"datePublished\":\"2022-09-08T05:12:26+00:00\",\"dateModified\":\"2026-04-27T12:29:53+00:00\",\"breadcrumb\":{\"@id\":\"https:\/\/www.bymycar.fr\/webzine\/entretien-mercedes-glc-quelle-periodicite\/#breadcrumb\"},\"inLanguage\":\"fr-FR\",\"potentialAction\":[{\"@type\":\"ReadAction\",\"target\":[\"https:\/\/www.bymycar.fr\/webzine\/entretien-mercedes-glc-quelle-periodicite\/\"]}]},{\"@type\":\"ImageObject\",\"inLanguage\":\"fr-FR\",\"@id\":\"https:\/\/www.bymycar.fr\/webzine\/entretien-mercedes-glc-quelle-periodicite\/#primaryimage\",\"url\":\"https:\/\/cdn.bymycar.eu\/fr-webzine\/wp-content\/uploads\/medias\/Mercedes-Benz-GLC-coupe.jpg\",\"contentUrl\":\"https:\/\/cdn.bymycar.eu\/fr-webzine\/wp-content\/uploads\/medias\/Mercedes-Benz-GLC-coupe.jpg\",\"width\":750,\"height\":410},{\"@type\":\"BreadcrumbList\",\"@id\":\"https:\/\/www.bymycar.fr\/webzine\/entretien-mercedes-glc-quelle-periodicite\/#breadcrumb\",\"itemListElement\":[{\"@type\":\"ListItem\",\"position\":1,\"name\":\"Accueil\",\"item\":\"https:\/\/www.bymycar.fr\/webzine\/\"},{\"@type\":\"ListItem\",\"position\":2,\"name\":\"Entretien Mercedes GLC : quelle p\u00e9riodicit\u00e9 ?\"}]},{\"@type\":\"WebSite\",\"@id\":\"https:\/\/www.bymycar.fr\/webzine\/#website\",\"url\":\"https:\/\/www.bymycar.fr\/webzine\/\",\"name\":\"Webzine auto BYmyCAR\",\"description\":\"La magazine auto de BYmyCAR\",\"publisher\":{\"@id\":\"https:\/\/www.bymycar.fr\/webzine\/#organization\"},\"potentialAction\":[{\"@type\":\"SearchAction\",\"target\":{\"@type\":\"EntryPoint\",\"urlTemplate\":\"https:\/\/www.bymycar.fr\/webzine\/?s={search_term_string}\"},\"query-input\":{\"@type\":\"PropertyValueSpecification\",\"valueRequired\":true,\"valueName\":\"search_term_string\"}}],\"inLanguage\":\"fr-FR\"},{\"@type\":\"Organization\",\"@id\":\"https:\/\/www.bymycar.fr\/webzine\/#organization\",\"name\":\"BYmyCAR\",\"url\":\"https:\/\/www.bymycar.fr\/webzine\/\",\"logo\":{\"@type\":\"ImageObject\",\"inLanguage\":\"fr-FR\",\"@id\":\"https:\/\/www.bymycar.fr\/webzine\/#\/schema\/logo\/image\/\",\"url\":\"https:\/\/cdn.bymycar.eu\/fr-webzine\/wp-content\/uploads\/medias\/2017\/08\/logo_DEALER_00000406_001.png\",\"contentUrl\":\"https:\/\/cdn.bymycar.eu\/fr-webzine\/wp-content\/uploads\/medias\/2017\/08\/logo_DEALER_00000406_001.png\",\"width\":2132,\"height\":720,\"caption\":\"BYmyCAR\"},\"image\":{\"@id\":\"https:\/\/www.bymycar.fr\/webzine\/#\/schema\/logo\/image\/\"}},{\"@type\":\"Person\",\"@id\":\"https:\/\/www.bymycar.fr\/webzine\/#\/schema\/person\/8d570fe11eb8929f06c1e6d00f4d9689\",\"name\":\"La R\u00e9daction BYmyCAR\",\"image\":{\"@type\":\"ImageObject\",\"inLanguage\":\"fr-FR\",\"@id\":\"https:\/\/www.bymycar.fr\/webzine\/#\/schema\/person\/image\/\",\"url\":\"https:\/\/secure.gravatar.com\/avatar\/1aa6b039d0ce106989923af4e2d0f2a0c82bb070d5e449f1b9adf082a5863900?s=96&d=mm&r=g\",\"contentUrl\":\"https:\/\/secure.gravatar.com\/avatar\/1aa6b039d0ce106989923af4e2d0f2a0c82bb070d5e449f1b9adf082a5863900?s=96&d=mm&r=g\",\"caption\":\"La R\u00e9daction BYmyCAR\"},\"sameAs\":[\"https:\/\/www.bymycar.fr\/\"]}]}<\/script>\n<!-- \/ Yoast SEO Premium plugin. -->","yoast_head_json":{"title":"Entretien Mercedes GLC : quelle p\u00e9riodicit\u00e9 ?","robots":{"index":"index","follow":"follow","max-snippet":"max-snippet:-1","max-image-preview":"max-image-preview:large","max-video-preview":"max-video-preview:-1"},"canonical":"https:\/\/www.bymycar.fr\/webzine\/entretien-mercedes-glc-quelle-periodicite\/","og_locale":"fr_FR","og_type":"article","og_title":"Entretien Mercedes GLC : quelle p\u00e9riodicit\u00e9 ?","og_url":"https:\/\/www.bymycar.fr\/webzine\/entretien-mercedes-glc-quelle-periodicite\/","og_site_name":"Webzine auto BYmyCAR","article_published_time":"2022-09-08T05:12:26+00:00","article_modified_time":"2026-04-27T12:29:53+00:00","og_image":[{"width":750,"height":410,"url":"https:\/\/cdn.bymycar.eu\/fr-webzine\/wp-content\/uploads\/medias\/Mercedes-Benz-GLC-coupe.jpg","type":"image\/jpeg"}],"author":"La R\u00e9daction BYmyCAR","twitter_card":"summary_large_image","twitter_misc":{"\u00c9crit par":"La R\u00e9daction BYmyCAR"},"schema":{"@context":"https:\/\/schema.org","@graph":[{"@type":"Article","@id":"https:\/\/www.bymycar.fr\/webzine\/entretien-mercedes-glc-quelle-periodicite\/#article","isPartOf":{"@id":"https:\/\/www.bymycar.fr\/webzine\/entretien-mercedes-glc-quelle-periodicite\/"},"author":{"name":"La R\u00e9daction BYmyCAR","@id":"https:\/\/www.bymycar.fr\/webzine\/#\/schema\/person\/8d570fe11eb8929f06c1e6d00f4d9689"},"headline":"Entretien Mercedes GLC : quelle p\u00e9riodicit\u00e9 ?","datePublished":"2022-09-08T05:12:26+00:00","dateModified":"2026-04-27T12:29:53+00:00","mainEntityOfPage":{"@id":"https:\/\/www.bymycar.fr\/webzine\/entretien-mercedes-glc-quelle-periodicite\/"},"wordCount":6,"publisher":{"@id":"https:\/\/www.bymycar.fr\/webzine\/#organization"},"image":{"@id":"https:\/\/www.bymycar.fr\/webzine\/entretien-mercedes-glc-quelle-periodicite\/#primaryimage"},"thumbnailUrl":"https:\/\/cdn.bymycar.eu\/fr-webzine\/wp-content\/uploads\/medias\/Mercedes-Benz-GLC-coupe.jpg","articleSection":["Guide d'achat","Guide d'achat Mercedes"],"inLanguage":"fr-FR"},{"@type":"WebPage","@id":"https:\/\/www.bymycar.fr\/webzine\/entretien-mercedes-glc-quelle-periodicite\/","url":"https:\/\/www.bymycar.fr\/webzine\/entretien-mercedes-glc-quelle-periodicite\/","name":"Entretien Mercedes GLC : quelle p\u00e9riodicit\u00e9 ?","isPartOf":{"@id":"https:\/\/www.bymycar.fr\/webzine\/#website"},"primaryImageOfPage":{"@id":"https:\/\/www.bymycar.fr\/webzine\/entretien-mercedes-glc-quelle-periodicite\/#primaryimage"},"image":{"@id":"https:\/\/www.bymycar.fr\/webzine\/entretien-mercedes-glc-quelle-periodicite\/#primaryimage"},"thumbnailUrl":"https:\/\/cdn.bymycar.eu\/fr-webzine\/wp-content\/uploads\/medias\/Mercedes-Benz-GLC-coupe.jpg","datePublished":"2022-09-08T05:12:26+00:00","dateModified":"2026-04-27T12:29:53+00:00","breadcrumb":{"@id":"https:\/\/www.bymycar.fr\/webzine\/entretien-mercedes-glc-quelle-periodicite\/#breadcrumb"},"inLanguage":"fr-FR","potentialAction":[{"@type":"ReadAction","target":["https:\/\/www.bymycar.fr\/webzine\/entretien-mercedes-glc-quelle-periodicite\/"]}]},{"@type":"ImageObject","inLanguage":"fr-FR","@id":"https:\/\/www.bymycar.fr\/webzine\/entretien-mercedes-glc-quelle-periodicite\/#primaryimage","url":"https:\/\/cdn.bymycar.eu\/fr-webzine\/wp-content\/uploads\/medias\/Mercedes-Benz-GLC-coupe.jpg","contentUrl":"https:\/\/cdn.bymycar.eu\/fr-webzine\/wp-content\/uploads\/medias\/Mercedes-Benz-GLC-coupe.jpg","width":750,"height":410},{"@type":"BreadcrumbList","@id":"https:\/\/www.bymycar.fr\/webzine\/entretien-mercedes-glc-quelle-periodicite\/#breadcrumb","itemListElement":[{"@type":"ListItem","position":1,"name":"Accueil","item":"https:\/\/www.bymycar.fr\/webzine\/"},{"@type":"ListItem","position":2,"name":"Entretien Mercedes GLC : quelle p\u00e9riodicit\u00e9 ?"}]},{"@type":"WebSite","@id":"https:\/\/www.bymycar.fr\/webzine\/#website","url":"https:\/\/www.bymycar.fr\/webzine\/","name":"Webzine auto BYmyCAR","description":"La magazine auto de BYmyCAR","publisher":{"@id":"https:\/\/www.bymycar.fr\/webzine\/#organization"},"potentialAction":[{"@type":"SearchAction","target":{"@type":"EntryPoint","urlTemplate":"https:\/\/www.bymycar.fr\/webzine\/?s={search_term_string}"},"query-input":{"@type":"PropertyValueSpecification","valueRequired":true,"valueName":"search_term_string"}}],"inLanguage":"fr-FR"},{"@type":"Organization","@id":"https:\/\/www.bymycar.fr\/webzine\/#organization","name":"BYmyCAR","url":"https:\/\/www.bymycar.fr\/webzine\/","logo":{"@type":"ImageObject","inLanguage":"fr-FR","@id":"https:\/\/www.bymycar.fr\/webzine\/#\/schema\/logo\/image\/","url":"https:\/\/cdn.bymycar.eu\/fr-webzine\/wp-content\/uploads\/medias\/2017\/08\/logo_DEALER_00000406_001.png","contentUrl":"https:\/\/cdn.bymycar.eu\/fr-webzine\/wp-content\/uploads\/medias\/2017\/08\/logo_DEALER_00000406_001.png","width":2132,"height":720,"caption":"BYmyCAR"},"image":{"@id":"https:\/\/www.bymycar.fr\/webzine\/#\/schema\/logo\/image\/"}},{"@type":"Person","@id":"https:\/\/www.bymycar.fr\/webzine\/#\/schema\/person\/8d570fe11eb8929f06c1e6d00f4d9689","name":"La R\u00e9daction BYmyCAR","image":{"@type":"ImageObject","inLanguage":"fr-FR","@id":"https:\/\/www.bymycar.fr\/webzine\/#\/schema\/person\/image\/","url":"https:\/\/secure.gravatar.com\/avatar\/1aa6b039d0ce106989923af4e2d0f2a0c82bb070d5e449f1b9adf082a5863900?s=96&d=mm&r=g","contentUrl":"https:\/\/secure.gravatar.com\/avatar\/1aa6b039d0ce106989923af4e2d0f2a0c82bb070d5e449f1b9adf082a5863900?s=96&d=mm&r=g","caption":"La R\u00e9daction BYmyCAR"},"sameAs":["https:\/\/www.bymycar.fr\/"]}]}},"_links":{"self":[{"href":"https:\/\/www.bymycar.fr\/webzine\/wp-json\/wp\/v2\/posts\/35527","targetHints":{"allow":["GET"]}}],"collection":[{"href":"https:\/\/www.bymycar.fr\/webzine\/wp-json\/wp\/v2\/posts"}],"about":[{"href":"https:\/\/www.bymycar.fr\/webzine\/wp-json\/wp\/v2\/types\/post"}],"author":[{"embeddable":true,"href":"https:\/\/www.bymycar.fr\/webzine\/wp-json\/wp\/v2\/users\/88"}],"replies":[{"embeddable":true,"href":"https:\/\/www.bymycar.fr\/webzine\/wp-json\/wp\/v2\/comments?post=35527"}],"version-history":[{"count":4,"href":"https:\/\/www.bymycar.fr\/webzine\/wp-json\/wp\/v2\/posts\/35527\/revisions"}],"predecessor-version":[{"id":36449,"href":"https:\/\/www.bymycar.fr\/webzine\/wp-json\/wp\/v2\/posts\/35527\/revisions\/36449"}],"wp:featuredmedia":[{"embeddable":true,"href":"https:\/\/www.bymycar.fr\/webzine\/wp-json\/wp\/v2\/media\/35488"}],"wp:attachment":[{"href":"https:\/\/www.bymycar.fr\/webzine\/wp-json\/wp\/v2\/media?parent=35527"}],"wp:term":[{"taxonomy":"category","embeddable":true,"href":"https:\/\/www.bymycar.fr\/webzine\/wp-json\/wp\/v2\/categories?post=35527"},{"taxonomy":"post_tag","embeddable":true,"href":"https:\/\/www.bymycar.fr\/webzine\/wp-json\/wp\/v2\/tags?post=35527"}],"curies":[{"name":"wp","href":"https:\/\/api.w.org\/{rel}","templated":true}]}}