{"id":35427,"date":"2022-09-05T14:38:19","date_gmt":"2022-09-05T12:38:19","guid":{"rendered":"https:\/\/prod.bymycar.fr\/webzine\/?p=35427"},"modified":"2026-04-27T14:29:54","modified_gmt":"2026-04-27T12:29:54","slug":"journee-portes-ouvertes-peugeot","status":"publish","type":"post","link":"https:\/\/www.bymycar.fr\/webzine\/journee-portes-ouvertes-peugeot\/","title":{"rendered":"Journ\u00e9e portes ouvertes Peugeot"},"content":{"rendered":"","protected":false},"excerpt":{"rendered":"","protected":false},"author":88,"featured_media":35431,"comment_status":"closed","ping_status":"open","sticky":false,"template":"","format":"standard","meta":{"_acf_changed":false,"footnotes":""},"categories":[12939],"tags":[],"class_list":["post-35427","post","type-post","status-publish","format-standard","has-post-thumbnail","hentry","category-journees-portes-ouvertes"],"acf":{"template":"classique","introduction":"<p style=\"text-align: justify;\">Une journ\u00e9e portes ouvertes d\u00e9di\u00e9e aux nouveaut\u00e9s Peugeot se pr\u00e9pare avec BYmyCAR. Ne ratez pas cette occasion de d\u00e9couvrir les v\u00e9hicules les mieux \u00e9quip\u00e9s et les plus performants. Profitez en outre de diverses remises propos\u00e9es par votre concessionnaire fran\u00e7ais BYmyCAR.<\/p>\n<p style=\"text-align: center;\"><a href=\"https:\/\/www.bymycar.fr\/concessions\/peugeot\" target=\"_blank\" class=\"css-button css-button--gold\" >\n                Voir la concession Peugeot BYmyCAR la plus proche de chez vous !\n        <\/a><\/p>\n","strates":[{"type_strate":"texte-simple","ancre":"","contenu":"<h2 style=\"text-align: justify;\">Dates du rendez-vous Journ\u00e9es Portes Ouvertes Peugeot chez BYmyCAR concessionnaire<\/h2>\n<p style=\"text-align: justify;\">Les portes ouvertes se d\u00e9rouleront les 14 et 15 janvier 2023 chez BYmyCAR. Les v\u00e9hicules Peugeot seront pr\u00e9sent\u00e9s durant cet \u00e9v\u00e8nement. Ces journ\u00e9es portes ouvertes seront l\u2019occasion pour les concessionnaires Peugeot de d\u00e9voiler les derni\u00e8res nouveaut\u00e9s et de proposer des offres promotionnelles \u00e0 ne pas manquer.<\/p>\n<p style=\"text-align: justify;\">Vous pourrez d\u00e9couvrir les mod\u00e8les dernier cri de la marque Peugeot via des essais et des d\u00e9monstrations, que ce soit pour l&rsquo;achat, la condition de reprise ou la location longue dur\u00e9e.<\/p>\n<p style=\"text-align: justify;\">Une \u00e9quipe de techniciens sp\u00e9cialistes de la marque et de conseillers sera pr\u00e9sente lors de ce rendez-vous afin de r\u00e9pondre aux questions concernant les sp\u00e9cificit\u00e9s et les d\u00e9tails m\u00e9caniques des voitures Peugeot. Ces experts assisteront \u00e9galement les clients dans leurs projets d\u2019achat et dans leur choix. Les journ\u00e9es portes ouvertes occasionneront des rencontres et des \u00e9changes enrichissants dans une ambiance agr\u00e9able\u00a0: des animations, des restaurations et des offres exclusives ont agr\u00e9ment\u00e9 l\u2019\u00e9v\u00e8nement.<\/p>\n<h2 style=\"text-align: justify;\">Des offres in\u00e9dites lors du week-end Portes ouvertes pour achat ou reprise d&rsquo;une voiture Peugeot<\/h2>\n<p style=\"text-align: justify;\">Comme chaque ann\u00e9e, le concessionnaire BYmyCAR organise des journ\u00e9es portes ouvertes consacr\u00e9es aux diff\u00e9rentes marques pour pr\u00e9senter les mod\u00e8les les plus performants, les mieux \u00e9quip\u00e9s, mais aussi les promotions exceptionnelles. Rendez-vous \u00e0 l\u2019\u00e9dition 2022 pour la marque Peugeot, et d\u00e9couvrez les derniers mod\u00e8les hybrides rechargeables avec accompagnement d\u2019aide \u00e0 la reprise :<\/p>\n<ul style=\"text-align: justify;\">\n<li>\u00a0La Peugeot 3008 hybride rechargeable\u00a0: un SUV de derni\u00e8re g\u00e9n\u00e9ration qui vous fera b\u00e9n\u00e9ficier d\u2019un bonus \u00e9cologique\u00a0;<\/li>\n<li>\u00a0La Peugeot 5008 PHEV haute de gamme\u00a0;<\/li>\n<li>\u00a0La Peugeot 208 \u00c9lectrique et sa large panoplie de finitions\u2026<\/li>\n<\/ul>\n<h2 style=\"text-align: justify;\">La Peugeot e-Rfiter\u00a0\u00e0 d\u00e9couvrir lors du weekend Portes Ouvertes automobile 2022 en concession<\/h2>\n<p style=\"text-align: justify;\">La Peugeot e-Rifter int\u00e8gre la toute nouvelle gamme des v\u00e9hicules \u00e9lectriques en adoptant une silhouette r\u00e9solument innovante. Avec sa silhouette rac\u00e9e et sa robustesse, la Peugeot e-Rifter est con\u00e7ue pour l\u2019aventure.<\/p>\n<h3 style=\"text-align: justify;\">Une Peugeot \u00e9lectrique aux proportions harmonieuses<\/h3>\n<p style=\"text-align: justify;\">La Peugeot e-Rifter reprend quelques traits de la gamme Peugeot 100 % \u00e9lectrique nouvelle g\u00e9n\u00e9ration, \u00e0 l\u2019instar de la trappe de recharge sur l\u2019aile arri\u00e8re gauche, des barres de toit sans oublier les renforts lat\u00e9raux. Outre son empattement \u00e0 la longueur, son capot haut, mais court, ainsi que sa garde au sol rehauss\u00e9e, elle arbore des roues larges et des proportions harmonieuses.<\/p>\n<h3 style=\"text-align: justify;\">Plus d\u2019espace et plus de fonctionnalit\u00e9s high tech<\/h3>\n<p style=\"text-align: justify;\">La Peugeot e-Rifter jouit d\u2019un habitacle spacieux pouvant accueillir 5 \u00e0 7 passagers. Les si\u00e8ges du deuxi\u00e8me rang sont rabattables et peuvent \u00eatre dissimul\u00e9s sous le plancher. Les si\u00e8ges du troisi\u00e8me rang peuvent \u00eatre rabattus. Le volume du coffre peut aller jusqu\u2019\u00e0 3 500 l pour le mod\u00e8le qui mesure 4,75 m.<\/p>\n<p style=\"text-align: justify;\">\u00c0 l\u2019int\u00e9rieur, le v\u00e9hicule s\u2019\u00e9quipe d\u2019un i-Cockpit num\u00e9rique \u00e0 double combin\u00e9 dont un num\u00e9rique. Son \u00e9cran tactile num\u00e9rique haute d\u00e9finition 8 pouces dispose d\u2019un menu \u00ab Electric \u00bb sp\u00e9cialement d\u00e9di\u00e9. La commande des services connect\u00e9s poss\u00e8de une navigation 3D connect\u00e9e, un mirroring et une application Connect Play.<\/p>\n<h3 style=\"text-align: justify;\">Performances 100 % \u00e9lectriques<\/h3>\n<p style=\"text-align: justify;\">Gr\u00e2ce \u00e0 sa batterie de 50 kWh, la Peugeot e-Rifter pr\u00e9sente une autonomie WLTP atteignant 280 km . Celle-ci passe de 0 \u00e0 80 % de charge en seulement 30 minutes sur une borne de 100 kW.<br \/>\nCette batterie conserve en moyenne 70 % de sa capacit\u00e9 de charge pendant les 160 000 premiers kilom\u00e8tres. La puissance maximale est de 136 ch.<\/p>\n<p style=\"text-align: justify;\">L\u2019e-Rifter poss\u00e8de une commande de bo\u00eete de vitesses \u00ab e-Toggle \u00bb et propose trois modes de conduite\u00a0: Eco, Normal et Power.<\/p>\n<p style=\"text-align: justify;\">Le Mode B (activ\u00e9 via la console centrale) r\u00e9cup\u00e8re l\u2019\u00e9nergie obtenue via le freinage et la d\u00e9c\u00e9l\u00e9ration.<\/p>\n<h2 style=\"text-align: justify;\">Offre Peugeot 308\u00a02021 : en version hybride ou en version thermique<\/h2>\n<p style=\"text-align: justify;\">Durant la nouvelle \u00e9dition des portes ouvertes par BYmyCAR, les Peugeot hybrides et \u00e9lectriques seront mis \u00e0 l\u2019honneur. D\u00e9couvrez donc la Peugeot 308 qui se d\u00e9cline en deux versions\u00a0: une avec motorisation thermique (\u00e0 partir de\u00a0229 \u20ac\/mois) et une en version hybride (\u00e0 partir de\u00a0289 \u20ac\/mois).<\/p>\n<p style=\"text-align: justify;\">La nouvelle 308 version 2021 de Peugeot se montre plus rac\u00e9e et embarque toute une panoplie de fonctionnalit\u00e9s technologiques. Dans sa d\u00e9clinaison SW, ce v\u00e9hicule est disponible en break.<\/p>\n<h3 style=\"text-align: justify;\">C\u00f4t\u00e9 s\u00e9duction<\/h3>\n<p style=\"text-align: justify;\">La Peugeot 308 version 2021 a fait l\u2019objet d\u2019une am\u00e9lioration au niveau du design. Le relooking du logo est aussi flagrant que les plis tr\u00e8s marqu\u00e9s de la carrosserie. L\u2019habitable semble plus cintr\u00e9 entre l\u2019avant et l\u2019arri\u00e8re pour faire ressortir le dessin de m\u00e9daillon sur le vitrage lat\u00e9ral.<\/p>\n<h3 style=\"text-align: justify;\">C\u00f4t\u00e9 technologies<\/h3>\n<p style=\"text-align: justify;\">La nouvelle Peugeot\u00a0308 embarque un i-Cockpit\u202fmuni du\u00a0i-Connect\u00a0Advanced. Il s\u2019agit d\u2019un syst\u00e8me d\u2019info-divertissement\u00a0\u00e0 la fois intuitif, fluide et r\u00e9solument\u00a0moderne. Cet i-Cockpit est compos\u00e9 de\u00a03 types \u00e9crans\u202f\u00a0:<\/p>\n<ul style=\"text-align: justify;\">\n<li>Un \u00e9cran num\u00e9rique 3D 10\u00a0pouces est personnalisable en int\u00e9gralit\u00e9 et propose divers modes d\u2019affichages\u00a0(navigation\u00a0connect\u00e9e TomTom, Radio\/M\u00e9dia, Aides \u00e0 la conduite, Flux d\u2019\u00e9nergie\u2026). Il est disponible d\u00e8s la finition Active Pack\u00a0;<\/li>\n<li>Un\u00a0\u00e9cran tactile de 10 pouces\u00a0int\u00e9gr\u00e9\u00a0\u00e0 mi-hauteur de la planche de bord\u00a0et partiellement tourn\u00e9 vers le conducteur. Il est compatible avec Android Auto et Apple\u00a0CarPlay\u00a0;<\/li>\n<li>Les \u00e9crans-touches i-Toggles (disponibles\u00a0d\u00e8s la finition Allure)\u00a0: chaque\u00a0i-Toggle\u00a0est un raccourci tactile\u00a0vers un r\u00e9glage comme la climatisation, le contact t\u00e9l\u00e9phonique, la station radio, etc.<\/li>\n<\/ul>\n<h3 style=\"text-align: justify;\">C\u00f4t\u00e9 motorisation<\/h3>\n<p style=\"text-align: justify;\">Sous le capot, la nouvelle Peugeot 308 est le premier mod\u00e8le \u00e0 proposer des motorisations hybrides rechargeables. Voici les deux d\u00e9clinaisons du moteur hybride\u00a0:<\/p>\n<ul style=\"text-align: justify;\">\n<li>L\u2019HYbrid\u00a0225\u202f:\u00a0motorisation \u00e0 2 roues motrices\u00a0d\u00e9veloppant\u00a0225 ch\u00a0combinant un bloc essence de 180 ch\u00a0et un\u00a0moteur \u00e9lectrique de 81 kW. L\u2019autonomie 100 % \u00e9lectrique est de\u00a059 km.<\/li>\n<li>L\u2019HYbrid 180 : motorisation 2 roues motrices d\u00e9veloppant 180 ch gr\u00e2ce \u00e0 un moteur essence de 150 ch et un moteur \u00e9lectrique de 81 kW. L\u2019autonome 100 % \u00e9lectrique peut atteindre 60 km.<\/li>\n<\/ul>\n<h2 style=\"text-align: justify;\">Les avantages de la marque Peugeot<\/h2>\n<p style=\"text-align: justify;\">Vous n\u2019aurez que des avantages \u00e0 assister aux journ\u00e9es portes ouvertes organis\u00e9es par BYmyCAR concessionnaire. Vous en saurez plus sur les v\u00e9hicules Peugeot dernier cri, et vous red\u00e9couvrirez les mod\u00e8les embl\u00e9matiques qui ont marqu\u00e9 l\u2019histoire de la marque au lion. Que vous soyez fan de Break\/SW, de monospace, ou encore de cabriolet, vous ne serez pas d\u00e9\u00e7u. Les v\u00e9hicules Peugeot sont r\u00e9put\u00e9s depuis des ann\u00e9es pour leur design \u00e9l\u00e9gant et intemporel. Il n\u2019existe pas un classement des plus belles voitures o\u00f9 un Peugeot ne figure pas.<\/p>\n<p style=\"text-align: justify;\">Le confort des si\u00e8ges et de l\u2019espace int\u00e9rieur caract\u00e9rise aussi les Peugeot, qu\u2019elles soient en 3, 4 ou 5 portes. C\u00f4t\u00e9 fiabilit\u00e9, la marque marie savoir-faire et technologies. En 2018, elle occupait la sixi\u00e8me place mondiale des v\u00e9hicules les plus fiables. Ses roues et ses pneus sont connus pour leur robustesse, et les divers \u00e9l\u00e9ments m\u00e9caniques ne s\u2019usent pas facilement. Les moteurs du constructeur sont en outre simples \u00e0 entretenir. Il n\u2019est donc pas \u00e9tonnant que Peugeot compte parmi les marques les plus pris\u00e9es chez le concessionnaire fran\u00e7ais BYmyCAR.<\/p>\n<h2 style=\"text-align: justify;\">Que faire si je ne peux pas assister aux journ\u00e9es portes ouvertes Peugeot\u00a0?<\/h2>\n<p style=\"text-align: justify;\">Les journ\u00e9es portes ouvertes chez BYmyCAR sont de grandes opportunit\u00e9s, mais elles ne durent que 2 ou 3 jours. Si vous n\u2019avez pas la chance de pouvoir y assister, BYmyCAR offre la possibilit\u00e9 de prendre des rendez-vous en visioconf\u00e9rence avec les conseillers commerciaux pour discuter des diff\u00e9rents mod\u00e8les et des conditions de vente. Il est \u00e9galement possible que nos commerciaux ou techniciens se rendent \u00e0 votre domicile pour discuter de vive voix et conclure les ventes. Et si jamais vous ratez les journ\u00e9es portes ouvertes et les ventes priv\u00e9es, le site BYmyCAR reste accessible \u00e0 tout moment. Vous profiterez d\u2019un accompagnement personnalis\u00e9, que ce soit dans le choix du v\u00e9hicule r\u00e9pondant \u00e0 vos besoins et \u00e0 votre budget, ou dans les d\u00e9marches pour obtenir un financement. Tous les v\u00e9hicules vendus chez BYmyCAR b\u00e9n\u00e9ficient d\u2019une garantie, qu\u2019ils soient neufs ou d\u2019occasion.<\/p>\n<h2 style=\"text-align: justify;\">Achetez une voiture Peugeot \u00e0 distance en toute s\u00e9curit\u00e9<\/h2>\n<p style=\"text-align: justify;\">Si vous avez rep\u00e9r\u00e9 une Peugeot qui vous plait lors des journ\u00e9es portes ouvertes, vous pouvez effectuer une r\u00e9servation du mod\u00e8le de votre choix. R\u00e9servez votre prochaine voiture parmi les mod\u00e8les neufs ou d\u2019occasion en stock visibles depuis le site BYmyCAR. Si vous avez besoin d\u2019aide, contactez sans h\u00e9siter nos conseillers. Ils restent joignables du lundi au samedi pour vous fournir tous les renseignements n\u00e9cessaires.<\/p>\n<p style=\"text-align: justify;\">Apr\u00e8s votre r\u00e9servation, un conseiller vous appellera aussit\u00f4t afin de finaliser l\u2019achat et de vous guider dans les prochaines \u00e9tapes. Vous planifierez avec notre agent la livraison de votre v\u00e9hicule. Vous pouvez aussi le r\u00e9cup\u00e9rer aupr\u00e8s du concessionnaire le plus proche de votre domicile. La reprise de votre v\u00e9hicule ou le financement de votre achat peut aussi se faire \u00e0 distance. Il en est de m\u00eame pour l\u2019entretien de votre voiture achet\u00e9e chez BYmyCAR.<\/p>\n","titre":"Texte 1","image":false,"image_libre":false,"image_800x500":false,"legende":"","zoom":false,"texte":"","articles":false,"categorie_droite":false,"images":false,"elements_comparatif":false,"texte_1":"","texte_2":"","image_1":false,"image_1_563x400":false,"image_1_332x332":false,"image_2":false,"image_2_333x240":false,"image_2_563x400":false,"image_3":false,"image_3_333x240":false,"image_3_332x450":false,"image_4":false,"image_4_332x332":false,"image_4_563x400":false,"code_embed":"","legende_video":"","photo":false,"photo_100x100":false,"nom":"","fonction":"","elements_timeline":false,"entetes_colonnes":false,"entetes_lignes":false,"lignes":false,"introduction":"","formulaire":false,"question":"","reponse":"","libelle_bouton_lien":"","url_lien":"","questions":false,"conclusions":false,"pays":false,"region":false,"marque":false,"marqueConcessions":false,"modele":false,"ptvente":false,"typeV":false,"collection":false,"nombre_maximum_elements":10,"lien_fin_carousel":"","texte_lien_fin_carousel":"","trier_par":false},{"type_strate":"carousel-produits","ancre":"","contenu":"","titre":"D\u00e9couvrir les v\u00e9hicules Peugeot du moment","image":false,"image_libre":false,"image_800x500":false,"legende":"","zoom":false,"texte":"","articles":false,"categorie_droite":false,"images":false,"elements_comparatif":false,"texte_1":"","texte_2":"","image_1":false,"image_1_563x400":false,"image_1_332x332":false,"image_2":false,"image_2_333x240":false,"image_2_563x400":false,"image_3":false,"image_3_333x240":false,"image_3_332x450":false,"image_4":false,"image_4_332x332":false,"image_4_563x400":false,"code_embed":"","legende_video":"","photo":false,"photo_100x100":false,"nom":"","fonction":"","elements_timeline":false,"entetes_colonnes":false,"entetes_lignes":false,"lignes":false,"introduction":"","formulaire":false,"question":"","reponse":"","libelle_bouton_lien":"","url_lien":"","questions":false,"conclusions":false,"pays":"1","region":"","marque":"3","marqueConcessions":false,"modele":"","ptvente":"","typeV":"","collection":"","nombre_maximum_elements":"10","lien_fin_carousel":"https:\/\/www.bymycar.fr\/rechercher-un-vehicule?prod_VEHICLES%5BrefinementList%5D%5Bbrand%5D%5B0%5D=PEUGEOT","texte_lien_fin_carousel":"Voir plus de v\u00e9hicules","trier_par":""}],"is_old_post":false,"image":{"ID":35431,"id":35431,"title":"PEUGEOT_RIFTER_2102STYP104","filename":"PEUGEOT_RIFTER_2102STYP104.jpg","filesize":1,"url":"https:\/\/cdn.bymycar.eu\/fr-webzine\/wp-content\/uploads\/medias\/PEUGEOT_RIFTER_2102STYP104.jpg","link":"https:\/\/www.bymycar.fr\/webzine\/journee-portes-ouvertes-peugeot\/peugeot_rifter_2102styp104\/","alt":"","author":"9","description":"","caption":"","name":"peugeot_rifter_2102styp104","status":"inherit","uploaded_to":35427,"date":"2022-09-05 12:38:06","modified":"2022-09-05 12:38:06","menu_order":0,"mime_type":"image\/jpeg","type":"image","subtype":"jpeg","icon":"https:\/\/www.bymycar.fr\/webzine\/wp-includes\/images\/media\/default.png","width":750,"height":410,"sizes":{"thumbnail":"https:\/\/cdn.bymycar.eu\/fr-webzine\/wp-content\/uploads\/medias\/PEUGEOT_RIFTER_2102STYP104-150x150.jpg","thumbnail-width":150,"thumbnail-height":150,"medium":"https:\/\/cdn.bymycar.eu\/fr-webzine\/wp-content\/uploads\/medias\/PEUGEOT_RIFTER_2102STYP104-300x164.jpg","medium-width":300,"medium-height":164,"medium_large":"https:\/\/cdn.bymycar.eu\/fr-webzine\/wp-content\/uploads\/medias\/PEUGEOT_RIFTER_2102STYP104.jpg","medium_large-width":750,"medium_large-height":410,"large":"https:\/\/cdn.bymycar.eu\/fr-webzine\/wp-content\/uploads\/medias\/PEUGEOT_RIFTER_2102STYP104.jpg","large-width":750,"large-height":410,"1536x1536":"https:\/\/cdn.bymycar.eu\/fr-webzine\/wp-content\/uploads\/medias\/PEUGEOT_RIFTER_2102STYP104.jpg","1536x1536-width":750,"1536x1536-height":410,"2048x2048":"https:\/\/cdn.bymycar.eu\/fr-webzine\/wp-content\/uploads\/medias\/PEUGEOT_RIFTER_2102STYP104.jpg","2048x2048-width":750,"2048x2048-height":410}},"page_content":{"block_content":[{"acf_fc_layout":"text-simple","--nav":{"-withNav":false,"-ancre":""},"--group":{"-text":"<h2 style=\"text-align: justify;\">Dates du rendez-vous Journ\u00e9es Portes Ouvertes Peugeot chez BYmyCAR concessionnaire<\/h2>\n<p style=\"text-align: justify;\">Les portes ouvertes se d\u00e9rouleront les 14 et 15 janvier 2023 chez BYmyCAR. Les v\u00e9hicules Peugeot seront pr\u00e9sent\u00e9s durant cet \u00e9v\u00e8nement. Ces journ\u00e9es portes ouvertes seront l\u2019occasion pour les concessionnaires Peugeot de d\u00e9voiler les derni\u00e8res nouveaut\u00e9s et de proposer des offres promotionnelles \u00e0 ne pas manquer.<\/p>\n<p style=\"text-align: justify;\">Vous pourrez d\u00e9couvrir les mod\u00e8les dernier cri de la marque Peugeot via des essais et des d\u00e9monstrations, que ce soit pour l&rsquo;achat, la condition de reprise ou la location longue dur\u00e9e.<\/p>\n<p style=\"text-align: justify;\">Une \u00e9quipe de techniciens sp\u00e9cialistes de la marque et de conseillers sera pr\u00e9sente lors de ce rendez-vous afin de r\u00e9pondre aux questions concernant les sp\u00e9cificit\u00e9s et les d\u00e9tails m\u00e9caniques des voitures Peugeot. Ces experts assisteront \u00e9galement les clients dans leurs projets d\u2019achat et dans leur choix. Les journ\u00e9es portes ouvertes occasionneront des rencontres et des \u00e9changes enrichissants dans une ambiance agr\u00e9able\u00a0: des animations, des restaurations et des offres exclusives ont agr\u00e9ment\u00e9 l\u2019\u00e9v\u00e8nement.<\/p>\n<h2 style=\"text-align: justify;\">Des offres in\u00e9dites lors du week-end Portes ouvertes pour achat ou reprise d&rsquo;une voiture Peugeot<\/h2>\n<p style=\"text-align: justify;\">Comme chaque ann\u00e9e, le concessionnaire BYmyCAR organise des journ\u00e9es portes ouvertes consacr\u00e9es aux diff\u00e9rentes marques pour pr\u00e9senter les mod\u00e8les les plus performants, les mieux \u00e9quip\u00e9s, mais aussi les promotions exceptionnelles. Rendez-vous \u00e0 l\u2019\u00e9dition 2022 pour la marque Peugeot, et d\u00e9couvrez les derniers mod\u00e8les hybrides rechargeables avec accompagnement d\u2019aide \u00e0 la reprise :<\/p>\n<ul style=\"text-align: justify;\">\n<li>\u00a0La Peugeot 3008 hybride rechargeable\u00a0: un SUV de derni\u00e8re g\u00e9n\u00e9ration qui vous fera b\u00e9n\u00e9ficier d\u2019un bonus \u00e9cologique\u00a0;<\/li>\n<li>\u00a0La Peugeot 5008 PHEV haute de gamme\u00a0;<\/li>\n<li>\u00a0La Peugeot 208 \u00c9lectrique et sa large panoplie de finitions\u2026<\/li>\n<\/ul>\n<h2 style=\"text-align: justify;\">La Peugeot e-Rfiter\u00a0\u00e0 d\u00e9couvrir lors du weekend Portes Ouvertes automobile 2022 en concession<\/h2>\n<p style=\"text-align: justify;\">La Peugeot e-Rifter int\u00e8gre la toute nouvelle gamme des v\u00e9hicules \u00e9lectriques en adoptant une silhouette r\u00e9solument innovante. Avec sa silhouette rac\u00e9e et sa robustesse, la Peugeot e-Rifter est con\u00e7ue pour l\u2019aventure.<\/p>\n<h3 style=\"text-align: justify;\">Une Peugeot \u00e9lectrique aux proportions harmonieuses<\/h3>\n<p style=\"text-align: justify;\">La Peugeot e-Rifter reprend quelques traits de la gamme Peugeot 100 % \u00e9lectrique nouvelle g\u00e9n\u00e9ration, \u00e0 l\u2019instar de la trappe de recharge sur l\u2019aile arri\u00e8re gauche, des barres de toit sans oublier les renforts lat\u00e9raux. Outre son empattement \u00e0 la longueur, son capot haut, mais court, ainsi que sa garde au sol rehauss\u00e9e, elle arbore des roues larges et des proportions harmonieuses.<\/p>\n<h3 style=\"text-align: justify;\">Plus d\u2019espace et plus de fonctionnalit\u00e9s high tech<\/h3>\n<p style=\"text-align: justify;\">La Peugeot e-Rifter jouit d\u2019un habitacle spacieux pouvant accueillir 5 \u00e0 7 passagers. Les si\u00e8ges du deuxi\u00e8me rang sont rabattables et peuvent \u00eatre dissimul\u00e9s sous le plancher. Les si\u00e8ges du troisi\u00e8me rang peuvent \u00eatre rabattus. Le volume du coffre peut aller jusqu\u2019\u00e0 3 500 l pour le mod\u00e8le qui mesure 4,75 m.<\/p>\n<p style=\"text-align: justify;\">\u00c0 l\u2019int\u00e9rieur, le v\u00e9hicule s\u2019\u00e9quipe d\u2019un i-Cockpit num\u00e9rique \u00e0 double combin\u00e9 dont un num\u00e9rique. Son \u00e9cran tactile num\u00e9rique haute d\u00e9finition 8 pouces dispose d\u2019un menu \u00ab Electric \u00bb sp\u00e9cialement d\u00e9di\u00e9. La commande des services connect\u00e9s poss\u00e8de une navigation 3D connect\u00e9e, un mirroring et une application Connect Play.<\/p>\n<h3 style=\"text-align: justify;\">Performances 100 % \u00e9lectriques<\/h3>\n<p style=\"text-align: justify;\">Gr\u00e2ce \u00e0 sa batterie de 50 kWh, la Peugeot e-Rifter pr\u00e9sente une autonomie WLTP atteignant 280 km . Celle-ci passe de 0 \u00e0 80 % de charge en seulement 30 minutes sur une borne de 100 kW.<br \/>\nCette batterie conserve en moyenne 70 % de sa capacit\u00e9 de charge pendant les 160 000 premiers kilom\u00e8tres. La puissance maximale est de 136 ch.<\/p>\n<p style=\"text-align: justify;\">L\u2019e-Rifter poss\u00e8de une commande de bo\u00eete de vitesses \u00ab e-Toggle \u00bb et propose trois modes de conduite\u00a0: Eco, Normal et Power.<\/p>\n<p style=\"text-align: justify;\">Le Mode B (activ\u00e9 via la console centrale) r\u00e9cup\u00e8re l\u2019\u00e9nergie obtenue via le freinage et la d\u00e9c\u00e9l\u00e9ration.<\/p>\n<h2 style=\"text-align: justify;\">Offre Peugeot 308\u00a02021 : en version hybride ou en version thermique<\/h2>\n<p style=\"text-align: justify;\">Durant la nouvelle \u00e9dition des portes ouvertes par BYmyCAR, les Peugeot hybrides et \u00e9lectriques seront mis \u00e0 l\u2019honneur. D\u00e9couvrez donc la Peugeot 308 qui se d\u00e9cline en deux versions\u00a0: une avec motorisation thermique (\u00e0 partir de\u00a0229 \u20ac\/mois) et une en version hybride (\u00e0 partir de\u00a0289 \u20ac\/mois).<\/p>\n<p style=\"text-align: justify;\">La nouvelle 308 version 2021 de Peugeot se montre plus rac\u00e9e et embarque toute une panoplie de fonctionnalit\u00e9s technologiques. Dans sa d\u00e9clinaison SW, ce v\u00e9hicule est disponible en break.<\/p>\n<h3 style=\"text-align: justify;\">C\u00f4t\u00e9 s\u00e9duction<\/h3>\n<p style=\"text-align: justify;\">La Peugeot 308 version 2021 a fait l\u2019objet d\u2019une am\u00e9lioration au niveau du design. Le relooking du logo est aussi flagrant que les plis tr\u00e8s marqu\u00e9s de la carrosserie. L\u2019habitable semble plus cintr\u00e9 entre l\u2019avant et l\u2019arri\u00e8re pour faire ressortir le dessin de m\u00e9daillon sur le vitrage lat\u00e9ral.<\/p>\n<h3 style=\"text-align: justify;\">C\u00f4t\u00e9 technologies<\/h3>\n<p style=\"text-align: justify;\">La nouvelle Peugeot\u00a0308 embarque un i-Cockpit\u202fmuni du\u00a0i-Connect\u00a0Advanced. Il s\u2019agit d\u2019un syst\u00e8me d\u2019info-divertissement\u00a0\u00e0 la fois intuitif, fluide et r\u00e9solument\u00a0moderne. Cet i-Cockpit est compos\u00e9 de\u00a03 types \u00e9crans\u202f\u00a0:<\/p>\n<ul style=\"text-align: justify;\">\n<li>Un \u00e9cran num\u00e9rique 3D 10\u00a0pouces est personnalisable en int\u00e9gralit\u00e9 et propose divers modes d\u2019affichages\u00a0(navigation\u00a0connect\u00e9e TomTom, Radio\/M\u00e9dia, Aides \u00e0 la conduite, Flux d\u2019\u00e9nergie\u2026). Il est disponible d\u00e8s la finition Active Pack\u00a0;<\/li>\n<li>Un\u00a0\u00e9cran tactile de 10 pouces\u00a0int\u00e9gr\u00e9\u00a0\u00e0 mi-hauteur de la planche de bord\u00a0et partiellement tourn\u00e9 vers le conducteur. Il est compatible avec Android Auto et Apple\u00a0CarPlay\u00a0;<\/li>\n<li>Les \u00e9crans-touches i-Toggles (disponibles\u00a0d\u00e8s la finition Allure)\u00a0: chaque\u00a0i-Toggle\u00a0est un raccourci tactile\u00a0vers un r\u00e9glage comme la climatisation, le contact t\u00e9l\u00e9phonique, la station radio, etc.<\/li>\n<\/ul>\n<h3 style=\"text-align: justify;\">C\u00f4t\u00e9 motorisation<\/h3>\n<p style=\"text-align: justify;\">Sous le capot, la nouvelle Peugeot 308 est le premier mod\u00e8le \u00e0 proposer des motorisations hybrides rechargeables. Voici les deux d\u00e9clinaisons du moteur hybride\u00a0:<\/p>\n<ul style=\"text-align: justify;\">\n<li>L\u2019HYbrid\u00a0225\u202f:\u00a0motorisation \u00e0 2 roues motrices\u00a0d\u00e9veloppant\u00a0225 ch\u00a0combinant un bloc essence de 180 ch\u00a0et un\u00a0moteur \u00e9lectrique de 81 kW. L\u2019autonomie 100 % \u00e9lectrique est de\u00a059 km.<\/li>\n<li>L\u2019HYbrid 180 : motorisation 2 roues motrices d\u00e9veloppant 180 ch gr\u00e2ce \u00e0 un moteur essence de 150 ch et un moteur \u00e9lectrique de 81 kW. L\u2019autonome 100 % \u00e9lectrique peut atteindre 60 km.<\/li>\n<\/ul>\n<h2 style=\"text-align: justify;\">Les avantages de la marque Peugeot<\/h2>\n<p style=\"text-align: justify;\">Vous n\u2019aurez que des avantages \u00e0 assister aux journ\u00e9es portes ouvertes organis\u00e9es par BYmyCAR concessionnaire. Vous en saurez plus sur les v\u00e9hicules Peugeot dernier cri, et vous red\u00e9couvrirez les mod\u00e8les embl\u00e9matiques qui ont marqu\u00e9 l\u2019histoire de la marque au lion. Que vous soyez fan de Break\/SW, de monospace, ou encore de cabriolet, vous ne serez pas d\u00e9\u00e7u. Les v\u00e9hicules Peugeot sont r\u00e9put\u00e9s depuis des ann\u00e9es pour leur design \u00e9l\u00e9gant et intemporel. Il n\u2019existe pas un classement des plus belles voitures o\u00f9 un Peugeot ne figure pas.<\/p>\n<p style=\"text-align: justify;\">Le confort des si\u00e8ges et de l\u2019espace int\u00e9rieur caract\u00e9rise aussi les Peugeot, qu\u2019elles soient en 3, 4 ou 5 portes. C\u00f4t\u00e9 fiabilit\u00e9, la marque marie savoir-faire et technologies. En 2018, elle occupait la sixi\u00e8me place mondiale des v\u00e9hicules les plus fiables. Ses roues et ses pneus sont connus pour leur robustesse, et les divers \u00e9l\u00e9ments m\u00e9caniques ne s\u2019usent pas facilement. Les moteurs du constructeur sont en outre simples \u00e0 entretenir. Il n\u2019est donc pas \u00e9tonnant que Peugeot compte parmi les marques les plus pris\u00e9es chez le concessionnaire fran\u00e7ais BYmyCAR.<\/p>\n<h2 style=\"text-align: justify;\">Que faire si je ne peux pas assister aux journ\u00e9es portes ouvertes Peugeot\u00a0?<\/h2>\n<p style=\"text-align: justify;\">Les journ\u00e9es portes ouvertes chez BYmyCAR sont de grandes opportunit\u00e9s, mais elles ne durent que 2 ou 3 jours. Si vous n\u2019avez pas la chance de pouvoir y assister, BYmyCAR offre la possibilit\u00e9 de prendre des rendez-vous en visioconf\u00e9rence avec les conseillers commerciaux pour discuter des diff\u00e9rents mod\u00e8les et des conditions de vente. Il est \u00e9galement possible que nos commerciaux ou techniciens se rendent \u00e0 votre domicile pour discuter de vive voix et conclure les ventes. Et si jamais vous ratez les journ\u00e9es portes ouvertes et les ventes priv\u00e9es, le site BYmyCAR reste accessible \u00e0 tout moment. Vous profiterez d\u2019un accompagnement personnalis\u00e9, que ce soit dans le choix du v\u00e9hicule r\u00e9pondant \u00e0 vos besoins et \u00e0 votre budget, ou dans les d\u00e9marches pour obtenir un financement. Tous les v\u00e9hicules vendus chez BYmyCAR b\u00e9n\u00e9ficient d\u2019une garantie, qu\u2019ils soient neufs ou d\u2019occasion.<\/p>\n<h2 style=\"text-align: justify;\">Achetez une voiture Peugeot \u00e0 distance en toute s\u00e9curit\u00e9<\/h2>\n<p style=\"text-align: justify;\">Si vous avez rep\u00e9r\u00e9 une Peugeot qui vous plait lors des journ\u00e9es portes ouvertes, vous pouvez effectuer une r\u00e9servation du mod\u00e8le de votre choix. R\u00e9servez votre prochaine voiture parmi les mod\u00e8les neufs ou d\u2019occasion en stock visibles depuis le site BYmyCAR. Si vous avez besoin d\u2019aide, contactez sans h\u00e9siter nos conseillers. Ils restent joignables du lundi au samedi pour vous fournir tous les renseignements n\u00e9cessaires.<\/p>\n<p style=\"text-align: justify;\">Apr\u00e8s votre r\u00e9servation, un conseiller vous appellera aussit\u00f4t afin de finaliser l\u2019achat et de vous guider dans les prochaines \u00e9tapes. Vous planifierez avec notre agent la livraison de votre v\u00e9hicule. Vous pouvez aussi le r\u00e9cup\u00e9rer aupr\u00e8s du concessionnaire le plus proche de votre domicile. La reprise de votre v\u00e9hicule ou le financement de votre achat peut aussi se faire \u00e0 distance. Il en est de m\u00eame pour l\u2019entretien de votre voiture achet\u00e9e chez BYmyCAR.<\/p>\n"}},{"acf_fc_layout":"carousel-produits"}]},"add-carousel-to-footer":true},"yoast_head":"<!-- This site is optimized with the Yoast SEO Premium plugin v26.4 (Yoast SEO v26.4) - https:\/\/yoast.com\/wordpress\/plugins\/seo\/ -->\n<title>Journ\u00e9e portes ouvertes Peugeot<\/title>\n<meta name=\"robots\" content=\"index, follow, max-snippet:-1, max-image-preview:large, max-video-preview:-1\" \/>\n<link rel=\"canonical\" href=\"https:\/\/www.bymycar.fr\/webzine\/journee-portes-ouvertes-peugeot\/\" \/>\n<meta property=\"og:locale\" content=\"fr_FR\" \/>\n<meta property=\"og:type\" content=\"article\" \/>\n<meta property=\"og:title\" content=\"Journ\u00e9e portes ouvertes Peugeot\" \/>\n<meta property=\"og:url\" content=\"https:\/\/www.bymycar.fr\/webzine\/journee-portes-ouvertes-peugeot\/\" \/>\n<meta property=\"og:site_name\" content=\"Webzine auto BYmyCAR\" \/>\n<meta property=\"article:published_time\" content=\"2022-09-05T12:38:19+00:00\" \/>\n<meta property=\"article:modified_time\" content=\"2026-04-27T12:29:54+00:00\" \/>\n<meta property=\"og:image\" content=\"https:\/\/cdn.bymycar.eu\/fr-webzine\/wp-content\/uploads\/medias\/PEUGEOT_RIFTER_2102STYP104.jpg\" \/>\n\t<meta property=\"og:image:width\" content=\"750\" \/>\n\t<meta property=\"og:image:height\" content=\"410\" \/>\n\t<meta property=\"og:image:type\" content=\"image\/jpeg\" \/>\n<meta name=\"author\" content=\"La R\u00e9daction BYmyCAR\" \/>\n<meta name=\"twitter:card\" content=\"summary_large_image\" \/>\n<meta name=\"twitter:label1\" content=\"\u00c9crit par\" \/>\n\t<meta name=\"twitter:data1\" content=\"La R\u00e9daction BYmyCAR\" \/>\n<script type=\"application\/ld+json\" class=\"yoast-schema-graph\">{\"@context\":\"https:\/\/schema.org\",\"@graph\":[{\"@type\":\"Article\",\"@id\":\"https:\/\/www.bymycar.fr\/webzine\/journee-portes-ouvertes-peugeot\/#article\",\"isPartOf\":{\"@id\":\"https:\/\/www.bymycar.fr\/webzine\/journee-portes-ouvertes-peugeot\/\"},\"author\":{\"name\":\"La R\u00e9daction BYmyCAR\",\"@id\":\"https:\/\/www.bymycar.fr\/webzine\/#\/schema\/person\/8d570fe11eb8929f06c1e6d00f4d9689\"},\"headline\":\"Journ\u00e9e portes ouvertes Peugeot\",\"datePublished\":\"2022-09-05T12:38:19+00:00\",\"dateModified\":\"2026-04-27T12:29:54+00:00\",\"mainEntityOfPage\":{\"@id\":\"https:\/\/www.bymycar.fr\/webzine\/journee-portes-ouvertes-peugeot\/\"},\"wordCount\":5,\"publisher\":{\"@id\":\"https:\/\/www.bymycar.fr\/webzine\/#organization\"},\"image\":{\"@id\":\"https:\/\/www.bymycar.fr\/webzine\/journee-portes-ouvertes-peugeot\/#primaryimage\"},\"thumbnailUrl\":\"https:\/\/cdn.bymycar.eu\/fr-webzine\/wp-content\/uploads\/medias\/PEUGEOT_RIFTER_2102STYP104.jpg\",\"articleSection\":[\"Journ\u00e9es Portes Ouvertes\"],\"inLanguage\":\"fr-FR\"},{\"@type\":\"WebPage\",\"@id\":\"https:\/\/www.bymycar.fr\/webzine\/journee-portes-ouvertes-peugeot\/\",\"url\":\"https:\/\/www.bymycar.fr\/webzine\/journee-portes-ouvertes-peugeot\/\",\"name\":\"Journ\u00e9e portes ouvertes Peugeot\",\"isPartOf\":{\"@id\":\"https:\/\/www.bymycar.fr\/webzine\/#website\"},\"primaryImageOfPage\":{\"@id\":\"https:\/\/www.bymycar.fr\/webzine\/journee-portes-ouvertes-peugeot\/#primaryimage\"},\"image\":{\"@id\":\"https:\/\/www.bymycar.fr\/webzine\/journee-portes-ouvertes-peugeot\/#primaryimage\"},\"thumbnailUrl\":\"https:\/\/cdn.bymycar.eu\/fr-webzine\/wp-content\/uploads\/medias\/PEUGEOT_RIFTER_2102STYP104.jpg\",\"datePublished\":\"2022-09-05T12:38:19+00:00\",\"dateModified\":\"2026-04-27T12:29:54+00:00\",\"breadcrumb\":{\"@id\":\"https:\/\/www.bymycar.fr\/webzine\/journee-portes-ouvertes-peugeot\/#breadcrumb\"},\"inLanguage\":\"fr-FR\",\"potentialAction\":[{\"@type\":\"ReadAction\",\"target\":[\"https:\/\/www.bymycar.fr\/webzine\/journee-portes-ouvertes-peugeot\/\"]}]},{\"@type\":\"ImageObject\",\"inLanguage\":\"fr-FR\",\"@id\":\"https:\/\/www.bymycar.fr\/webzine\/journee-portes-ouvertes-peugeot\/#primaryimage\",\"url\":\"https:\/\/cdn.bymycar.eu\/fr-webzine\/wp-content\/uploads\/medias\/PEUGEOT_RIFTER_2102STYP104.jpg\",\"contentUrl\":\"https:\/\/cdn.bymycar.eu\/fr-webzine\/wp-content\/uploads\/medias\/PEUGEOT_RIFTER_2102STYP104.jpg\",\"width\":750,\"height\":410},{\"@type\":\"BreadcrumbList\",\"@id\":\"https:\/\/www.bymycar.fr\/webzine\/journee-portes-ouvertes-peugeot\/#breadcrumb\",\"itemListElement\":[{\"@type\":\"ListItem\",\"position\":1,\"name\":\"Accueil\",\"item\":\"https:\/\/www.bymycar.fr\/webzine\/\"},{\"@type\":\"ListItem\",\"position\":2,\"name\":\"Journ\u00e9e portes ouvertes Peugeot\"}]},{\"@type\":\"WebSite\",\"@id\":\"https:\/\/www.bymycar.fr\/webzine\/#website\",\"url\":\"https:\/\/www.bymycar.fr\/webzine\/\",\"name\":\"Webzine auto BYmyCAR\",\"description\":\"La magazine auto de BYmyCAR\",\"publisher\":{\"@id\":\"https:\/\/www.bymycar.fr\/webzine\/#organization\"},\"potentialAction\":[{\"@type\":\"SearchAction\",\"target\":{\"@type\":\"EntryPoint\",\"urlTemplate\":\"https:\/\/www.bymycar.fr\/webzine\/?s={search_term_string}\"},\"query-input\":{\"@type\":\"PropertyValueSpecification\",\"valueRequired\":true,\"valueName\":\"search_term_string\"}}],\"inLanguage\":\"fr-FR\"},{\"@type\":\"Organization\",\"@id\":\"https:\/\/www.bymycar.fr\/webzine\/#organization\",\"name\":\"BYmyCAR\",\"url\":\"https:\/\/www.bymycar.fr\/webzine\/\",\"logo\":{\"@type\":\"ImageObject\",\"inLanguage\":\"fr-FR\",\"@id\":\"https:\/\/www.bymycar.fr\/webzine\/#\/schema\/logo\/image\/\",\"url\":\"https:\/\/cdn.bymycar.eu\/fr-webzine\/wp-content\/uploads\/medias\/2017\/08\/logo_DEALER_00000406_001.png\",\"contentUrl\":\"https:\/\/cdn.bymycar.eu\/fr-webzine\/wp-content\/uploads\/medias\/2017\/08\/logo_DEALER_00000406_001.png\",\"width\":2132,\"height\":720,\"caption\":\"BYmyCAR\"},\"image\":{\"@id\":\"https:\/\/www.bymycar.fr\/webzine\/#\/schema\/logo\/image\/\"}},{\"@type\":\"Person\",\"@id\":\"https:\/\/www.bymycar.fr\/webzine\/#\/schema\/person\/8d570fe11eb8929f06c1e6d00f4d9689\",\"name\":\"La R\u00e9daction BYmyCAR\",\"image\":{\"@type\":\"ImageObject\",\"inLanguage\":\"fr-FR\",\"@id\":\"https:\/\/www.bymycar.fr\/webzine\/#\/schema\/person\/image\/\",\"url\":\"https:\/\/secure.gravatar.com\/avatar\/1aa6b039d0ce106989923af4e2d0f2a0c82bb070d5e449f1b9adf082a5863900?s=96&d=mm&r=g\",\"contentUrl\":\"https:\/\/secure.gravatar.com\/avatar\/1aa6b039d0ce106989923af4e2d0f2a0c82bb070d5e449f1b9adf082a5863900?s=96&d=mm&r=g\",\"caption\":\"La R\u00e9daction BYmyCAR\"},\"sameAs\":[\"https:\/\/www.bymycar.fr\/\"]}]}<\/script>\n<!-- \/ Yoast SEO Premium plugin. -->","yoast_head_json":{"title":"Journ\u00e9e portes ouvertes Peugeot","robots":{"index":"index","follow":"follow","max-snippet":"max-snippet:-1","max-image-preview":"max-image-preview:large","max-video-preview":"max-video-preview:-1"},"canonical":"https:\/\/www.bymycar.fr\/webzine\/journee-portes-ouvertes-peugeot\/","og_locale":"fr_FR","og_type":"article","og_title":"Journ\u00e9e portes ouvertes Peugeot","og_url":"https:\/\/www.bymycar.fr\/webzine\/journee-portes-ouvertes-peugeot\/","og_site_name":"Webzine auto BYmyCAR","article_published_time":"2022-09-05T12:38:19+00:00","article_modified_time":"2026-04-27T12:29:54+00:00","og_image":[{"width":750,"height":410,"url":"https:\/\/cdn.bymycar.eu\/fr-webzine\/wp-content\/uploads\/medias\/PEUGEOT_RIFTER_2102STYP104.jpg","type":"image\/jpeg"}],"author":"La R\u00e9daction BYmyCAR","twitter_card":"summary_large_image","twitter_misc":{"\u00c9crit par":"La R\u00e9daction BYmyCAR"},"schema":{"@context":"https:\/\/schema.org","@graph":[{"@type":"Article","@id":"https:\/\/www.bymycar.fr\/webzine\/journee-portes-ouvertes-peugeot\/#article","isPartOf":{"@id":"https:\/\/www.bymycar.fr\/webzine\/journee-portes-ouvertes-peugeot\/"},"author":{"name":"La R\u00e9daction BYmyCAR","@id":"https:\/\/www.bymycar.fr\/webzine\/#\/schema\/person\/8d570fe11eb8929f06c1e6d00f4d9689"},"headline":"Journ\u00e9e portes ouvertes Peugeot","datePublished":"2022-09-05T12:38:19+00:00","dateModified":"2026-04-27T12:29:54+00:00","mainEntityOfPage":{"@id":"https:\/\/www.bymycar.fr\/webzine\/journee-portes-ouvertes-peugeot\/"},"wordCount":5,"publisher":{"@id":"https:\/\/www.bymycar.fr\/webzine\/#organization"},"image":{"@id":"https:\/\/www.bymycar.fr\/webzine\/journee-portes-ouvertes-peugeot\/#primaryimage"},"thumbnailUrl":"https:\/\/cdn.bymycar.eu\/fr-webzine\/wp-content\/uploads\/medias\/PEUGEOT_RIFTER_2102STYP104.jpg","articleSection":["Journ\u00e9es Portes Ouvertes"],"inLanguage":"fr-FR"},{"@type":"WebPage","@id":"https:\/\/www.bymycar.fr\/webzine\/journee-portes-ouvertes-peugeot\/","url":"https:\/\/www.bymycar.fr\/webzine\/journee-portes-ouvertes-peugeot\/","name":"Journ\u00e9e portes ouvertes Peugeot","isPartOf":{"@id":"https:\/\/www.bymycar.fr\/webzine\/#website"},"primaryImageOfPage":{"@id":"https:\/\/www.bymycar.fr\/webzine\/journee-portes-ouvertes-peugeot\/#primaryimage"},"image":{"@id":"https:\/\/www.bymycar.fr\/webzine\/journee-portes-ouvertes-peugeot\/#primaryimage"},"thumbnailUrl":"https:\/\/cdn.bymycar.eu\/fr-webzine\/wp-content\/uploads\/medias\/PEUGEOT_RIFTER_2102STYP104.jpg","datePublished":"2022-09-05T12:38:19+00:00","dateModified":"2026-04-27T12:29:54+00:00","breadcrumb":{"@id":"https:\/\/www.bymycar.fr\/webzine\/journee-portes-ouvertes-peugeot\/#breadcrumb"},"inLanguage":"fr-FR","potentialAction":[{"@type":"ReadAction","target":["https:\/\/www.bymycar.fr\/webzine\/journee-portes-ouvertes-peugeot\/"]}]},{"@type":"ImageObject","inLanguage":"fr-FR","@id":"https:\/\/www.bymycar.fr\/webzine\/journee-portes-ouvertes-peugeot\/#primaryimage","url":"https:\/\/cdn.bymycar.eu\/fr-webzine\/wp-content\/uploads\/medias\/PEUGEOT_RIFTER_2102STYP104.jpg","contentUrl":"https:\/\/cdn.bymycar.eu\/fr-webzine\/wp-content\/uploads\/medias\/PEUGEOT_RIFTER_2102STYP104.jpg","width":750,"height":410},{"@type":"BreadcrumbList","@id":"https:\/\/www.bymycar.fr\/webzine\/journee-portes-ouvertes-peugeot\/#breadcrumb","itemListElement":[{"@type":"ListItem","position":1,"name":"Accueil","item":"https:\/\/www.bymycar.fr\/webzine\/"},{"@type":"ListItem","position":2,"name":"Journ\u00e9e portes ouvertes Peugeot"}]},{"@type":"WebSite","@id":"https:\/\/www.bymycar.fr\/webzine\/#website","url":"https:\/\/www.bymycar.fr\/webzine\/","name":"Webzine auto BYmyCAR","description":"La magazine auto de BYmyCAR","publisher":{"@id":"https:\/\/www.bymycar.fr\/webzine\/#organization"},"potentialAction":[{"@type":"SearchAction","target":{"@type":"EntryPoint","urlTemplate":"https:\/\/www.bymycar.fr\/webzine\/?s={search_term_string}"},"query-input":{"@type":"PropertyValueSpecification","valueRequired":true,"valueName":"search_term_string"}}],"inLanguage":"fr-FR"},{"@type":"Organization","@id":"https:\/\/www.bymycar.fr\/webzine\/#organization","name":"BYmyCAR","url":"https:\/\/www.bymycar.fr\/webzine\/","logo":{"@type":"ImageObject","inLanguage":"fr-FR","@id":"https:\/\/www.bymycar.fr\/webzine\/#\/schema\/logo\/image\/","url":"https:\/\/cdn.bymycar.eu\/fr-webzine\/wp-content\/uploads\/medias\/2017\/08\/logo_DEALER_00000406_001.png","contentUrl":"https:\/\/cdn.bymycar.eu\/fr-webzine\/wp-content\/uploads\/medias\/2017\/08\/logo_DEALER_00000406_001.png","width":2132,"height":720,"caption":"BYmyCAR"},"image":{"@id":"https:\/\/www.bymycar.fr\/webzine\/#\/schema\/logo\/image\/"}},{"@type":"Person","@id":"https:\/\/www.bymycar.fr\/webzine\/#\/schema\/person\/8d570fe11eb8929f06c1e6d00f4d9689","name":"La R\u00e9daction BYmyCAR","image":{"@type":"ImageObject","inLanguage":"fr-FR","@id":"https:\/\/www.bymycar.fr\/webzine\/#\/schema\/person\/image\/","url":"https:\/\/secure.gravatar.com\/avatar\/1aa6b039d0ce106989923af4e2d0f2a0c82bb070d5e449f1b9adf082a5863900?s=96&d=mm&r=g","contentUrl":"https:\/\/secure.gravatar.com\/avatar\/1aa6b039d0ce106989923af4e2d0f2a0c82bb070d5e449f1b9adf082a5863900?s=96&d=mm&r=g","caption":"La R\u00e9daction BYmyCAR"},"sameAs":["https:\/\/www.bymycar.fr\/"]}]}},"_links":{"self":[{"href":"https:\/\/www.bymycar.fr\/webzine\/wp-json\/wp\/v2\/posts\/35427","targetHints":{"allow":["GET"]}}],"collection":[{"href":"https:\/\/www.bymycar.fr\/webzine\/wp-json\/wp\/v2\/posts"}],"about":[{"href":"https:\/\/www.bymycar.fr\/webzine\/wp-json\/wp\/v2\/types\/post"}],"author":[{"embeddable":true,"href":"https:\/\/www.bymycar.fr\/webzine\/wp-json\/wp\/v2\/users\/88"}],"replies":[{"embeddable":true,"href":"https:\/\/www.bymycar.fr\/webzine\/wp-json\/wp\/v2\/comments?post=35427"}],"version-history":[{"count":5,"href":"https:\/\/www.bymycar.fr\/webzine\/wp-json\/wp\/v2\/posts\/35427\/revisions"}],"predecessor-version":[{"id":39126,"href":"https:\/\/www.bymycar.fr\/webzine\/wp-json\/wp\/v2\/posts\/35427\/revisions\/39126"}],"wp:featuredmedia":[{"embeddable":true,"href":"https:\/\/www.bymycar.fr\/webzine\/wp-json\/wp\/v2\/media\/35431"}],"wp:attachment":[{"href":"https:\/\/www.bymycar.fr\/webzine\/wp-json\/wp\/v2\/media?parent=35427"}],"wp:term":[{"taxonomy":"category","embeddable":true,"href":"https:\/\/www.bymycar.fr\/webzine\/wp-json\/wp\/v2\/categories?post=35427"},{"taxonomy":"post_tag","embeddable":true,"href":"https:\/\/www.bymycar.fr\/webzine\/wp-json\/wp\/v2\/tags?post=35427"}],"curies":[{"name":"wp","href":"https:\/\/api.w.org\/{rel}","templated":true}]}}