{"id":35130,"date":"2022-08-25T09:39:05","date_gmt":"2022-08-25T07:39:05","guid":{"rendered":"https:\/\/prod.bymycar.fr\/webzine\/?p=35130"},"modified":"2026-04-27T14:30:00","modified_gmt":"2026-04-27T12:30:00","slug":"journees-portes-ouvertes-skoda-bymycar-2","status":"publish","type":"post","link":"https:\/\/www.bymycar.fr\/webzine\/journees-portes-ouvertes-skoda-bymycar-2\/","title":{"rendered":"Journ\u00e9es portes ouvertes Skoda &#8211; BYmyCAR"},"content":{"rendered":"","protected":false},"excerpt":{"rendered":"","protected":false},"author":88,"featured_media":39478,"comment_status":"closed","ping_status":"open","sticky":false,"template":"","format":"standard","meta":{"_acf_changed":false,"footnotes":""},"categories":[12939],"tags":[],"class_list":["post-35130","post","type-post","status-publish","format-standard","has-post-thumbnail","hentry","category-journees-portes-ouvertes"],"acf":{"template":"classique","introduction":"<p style=\"text-align: justify;\">Comme chaque ann\u00e9e, BYmyCAR propose des journ\u00e9es portes ouvertes pour vous pr\u00e9senter les mod\u00e8les et nouveaut\u00e9s en concession. Nous vous donnons rendez-vous les 11 et 12 mars 2023 dans l&rsquo;ensemble de nos concessions Skoda pour d\u00e9couvrir toutes les actualit\u00e9s et offres exceptionnelles de la marque !<\/p>\n<p style=\"text-align: center;\"><a href=\"https:\/\/www.bymycar.fr\/concessions\/skoda\" target=\"_blank\" class=\"css-button css-button--gold\" >\n                Voir la concession Skoda BYmyCAR la plus proche de chez vous\n        <\/a><\/p>\n","strates":[{"type_strate":"carousel-produits","ancre":"","contenu":"<h2 style=\"text-align: justify;\">Pourquoi assister aux journ\u00e9es portes ouvertes Skoda ?<\/h2>\n<p style=\"text-align: justify;\">BYmyCAR vous invite \u00e0 assister aux journ\u00e9es portes ouvertes destin\u00e9es \u00e0 faire conna\u00eetre les v\u00e9hicules de la marque Skoda. Pour rappel, le constructeur automobile tch\u00e9coslovaque existe depuis 1895. Il est connu des automobilistes pour son fameux logo \u00ab fl\u00e8che ail\u00e9e \u00bb de couleur verte ins\u00e9r\u00e9 dans un cercle gris et noir. Concernant ses voitures, elles ont l\u2019avantage d\u2019\u00eatre abordables. En effet, Skoda est une marque g\u00e9n\u00e9raliste proposant des v\u00e9hicules \u00e0 des co\u00fbts attractifs. Pour autant, ses mod\u00e8les sont de plus en plus modernes et confortables, surtout apr\u00e8s son acquisition par le groupe Volkswagen. En effet, le groupe VW est devenu le propri\u00e9taire du constructeur automobile Skoda en 1991. Logiquement, la marque tch\u00e9coslovaque en a profit\u00e9 pour adopter quelques technologies de VW qui est aussi connu pour avoir regroup\u00e9 des \u00e9quipes commerciales \u00e0 proximit\u00e9 de Roissy-en-France. Le constructeur Skoda offre une large gamme de v\u00e9hicules : du coup\u00e9, au SUV, en passant par la citadine, la familiale ou la berline.<\/p>\n<h3 style=\"text-align: justify;\">D\u00e9couvertes d\u2019offres exclusives durant une journ\u00e9e portes ouvertes en concession<\/h3>\n<p style=\"text-align: justify;\">Les journ\u00e9es portes ouvertes sont l&rsquo;opportunit\u00e9 de d\u00e9couvrir des offres exclusives. Comme lors de chaque \u00e9v\u00e9nement du m\u00eame genre, BYmyCAR propose des promotions et des rabais sur des mod\u00e8les de voiture sp\u00e9cifiques. Pour d\u00e9couvrir les offres sp\u00e9cifiques aux Journ\u00e9es Portes Ouvertes, rendez-vous dans votre concession Skoda BYmyCAR.<\/p>\n<h3 style=\"text-align: justify;\">Rencontre avec les vendeurs dans de meilleures conditions<\/h3>\n<p style=\"text-align: justify;\">Outre les offres exclusives, la journ\u00e9e portes ouvertes est une occasion pour admirer de pr\u00e8s les mod\u00e8les <a href=\"https:\/\/www.bymycar.fr\/marques\/skoda\">Skoda<\/a> disponibles, m\u00eame un dimanche. Vous pouvez constater par vous-m\u00eames l\u2019\u00e9tat des divers mod\u00e8les propos\u00e9s et leur dotation. De plus, il est toujours plus int\u00e9ressant de d\u00e9couvrir de vive voix les conditions d\u2019achat pour une voiture, et de b\u00e9n\u00e9ficier de l&rsquo;expertise de nos conseillers commerciaux experts de la marque.<\/p>\n<p style=\"text-align: justify;\">Par ailleurs, une journ\u00e9e portes ouvertes Skoda permet de d\u00e9couvrir de nouvelles informations sur la marque. Les \u00e9quipes BYmyCAR se tiennent pr\u00eates \u00e0 r\u00e9pondre \u00e0 toutes vos questions concernant les mod\u00e8les et les modalit\u00e9s d\u2019achat. Elles peuvent aussi vous guider pour la s\u00e9lection d\u2019une voiture r\u00e9pondant \u00e0 vos besoins si vous h\u00e9sitez encore entre les diverses gammes Skoda. Les \u00e9quipes BYmyCAR sont aussi en mesure de vous expliquer les conditions pour b\u00e9n\u00e9ficier d&rsquo;un bonus \u00e9cologique par exemple.<\/p>\n<h2 style=\"text-align: justify;\">Quelles offres d\u00e9couvrir lors des portes ouvertes de voitures Skoda, marque de Volkswagen tout comme Seat ?<\/h2>\n<p style=\"text-align: justify;\">Vous d\u00e9couvrirez toutes les offres lors des journ\u00e9es portes ouvertes Skoda. Cependant, vous pouvez d\u2019embl\u00e9e d\u00e9couvrir ici les mod\u00e8les pouvant \u00eatre disponibles ainsi que les modes d\u2019achat propos\u00e9s.<\/p>\n<h3 style=\"text-align: justify;\">En savoir plus sur les v\u00e9hicules de la marque Skoda<\/h3>\n<p style=\"text-align: justify;\">Vous retrouverez un large choix de voitures Skoda lors de cette journ\u00e9e portes ouvertes. C\u00f4t\u00e9 motorisation, BYmyCAR propose toutes les sortes de motorisations, que ce soit thermique, en essence ou diesel, ou bien \u00e9lectrique. Des v\u00e9hicules permettant de b\u00e9n\u00e9ficier d&rsquo;un bonus \u00e9cologique seront aussi disponibles comme l\u2019ENYAQ \u00e9lectrique.<\/p>\n<p style=\"text-align: justify;\">Concernant les mod\u00e8les de voitures Skoda commercialis\u00e9s par le r\u00e9seau, vous pouvez trouver, en toute logique, les best-sellers Skoda comme la Fabia. La Skoda Fabia est une voiture citadine qui se veut confortable et envo\u00fbtante. Les passagers, notamment \u00e0 l\u2019arri\u00e8re, sont mis \u00e0 l\u2019aise d\u00e8s les premiers kilom\u00e8tres, ce qui en fait un petit v\u00e9hicule id\u00e9al pour les longs trajets. De plus, cette voiture a la particularit\u00e9 d\u2019\u00eatre dynamique, facile \u00e0 conduire et tr\u00e8s design. Avec son aspect moderne et sa longueur de 4.108 m, elle peut facilement se garer dans les petits espaces.<\/p>\n<p style=\"text-align: justify;\">Vous \u00eates \u00e0 la recherche d\u2019une voiture plus imposante ? La journ\u00e9e portes ouvertes vous permet de d\u00e9couvrir des SUV comme le Kodiaq, le Karoq et beaucoup de nouveaux mod\u00e8les. Pour rappel, la Skoda Kodiaq est un grand SUV familial d\u2019une longueur de 4.697 m avec une largeur de 1.882 m et une hauteur de 1.676 m. Elle permet de red\u00e9couvrir le vrai plaisir de conduire une voiture diesel sur de longs trajets. La conduite est souple pour le plaisir du conducteur. L\u2019espace \u00e0 bord de ce v\u00e9hicule \u00e0 7 places est tr\u00e8s g\u00e9n\u00e9reux pour satisfaire les besoins en confort de chaque passager.<\/p>\n<p style=\"text-align: justify;\">Quant \u00e0 la Skoda Karoq, il s\u2019agit d\u2019un SUV urbain \u00e0 l\u2019allure solide et audacieuse. Dynamique, cette voiture peut vous accompagner au quotidien pour de courts et de longs trajets. D\u2019autant plus qu\u2019elle est fid\u00e8le \u00e0 l\u2019image de la marque Skoda reconnue pour la g\u00e9n\u00e9rosit\u00e9 de ses v\u00e9hicules en termes d\u2019espace.<\/p>\n<h3 style=\"text-align: justify;\">Offres de Skoda en LLD et LOA durant les portes ouvertes<\/h3>\n<p style=\"text-align: justify;\">Tous les v\u00e9hicules Skoda disponibles peuvent \u00eatre achet\u00e9s dans l\u2019imm\u00e9diat. Toutefois pour les automobilistes int\u00e9ress\u00e9s par les offres de location longue dur\u00e9e, BYmyCAR propose aussi des mod\u00e8les en LLD et en LOA.<\/p>\n<p style=\"text-align: justify;\">La LOA ou la location avec option d\u2019achat est un moyen de financement permettant d\u2019acqu\u00e9rir un v\u00e9hicule sans faire exploser le budget. Elle consiste \u00e0 louer une voiture en contrepartie d\u2019un paiement mensuel durant une dur\u00e9e d\u00e9termin\u00e9e \u00e0 l\u2019avance. Une fois que le contrat touche \u00e0 sa fin, vous avez la possibilit\u00e9 d\u2019acheter d\u00e9finitivement la voiture Skoda ou de partir sur un nouveau bail. Cette solution est id\u00e9ale pour changer fr\u00e9quemment de v\u00e9hicule et b\u00e9n\u00e9ficier des derni\u00e8res innovations technologiques.<\/p>\n<p style=\"text-align: justify;\">La LLD d\u00e9signe la location de longue dur\u00e9e. \u00c0 la diff\u00e9rence de la LOA, elle ne permet pas d\u2019acheter la voiture \u00e0 la fin du contrat. Elle doit \u00eatre restitu\u00e9e en bon \u00e9tat au concessionnaire. La caution vous est restitu\u00e9e en totalit\u00e9 ou partiellement selon le cas. Elle peut \u00eatre utilis\u00e9e pour l\u2019achat d\u2019un nouveau v\u00e9hicule si vous le souhaitez. Il est \u00e0 noter qu&rsquo;il existe un nombre de km maximum \u00e0 respecter dans le cadre d&rsquo;une LLD, ce qui peut \u00eatre contraignant dans certains cas.<\/p>\n<h2 style=\"text-align: justify;\">Comment faire si vous ne pouvez pas assister aux journ\u00e9es portes ouvertes Skoda ?<\/h2>\n<p style=\"text-align: justify;\">Les journ\u00e9es portes ouvertes sont des \u00e9v\u00e9nements de courte dur\u00e9e. Malheureusement, il n\u2019est pas donn\u00e9 \u00e0 tout le monde de pouvoir venir en concession pour d\u00e9couvrir les offres du moment. Toutefois, vous pouvez prendre rendez-vous avec l&rsquo;un de nos conseillers en dehors de ces journ\u00e9es privil\u00e8ges pour \u00e9changer sur votre projet d&rsquo;achat sur nos v\u00e9hicules neufs et d&rsquo;occasion. Restez attentifs aux actualit\u00e9s de votre concessionnaire Skoda favori, puisque les Journ\u00e9es Portes Ouvertes ont lieu plusieurs fois dans l&rsquo;ann\u00e9e !<\/p>\n","titre":"D\u00e9couvrir les v\u00e9hicules Skoda","image":false,"image_libre":false,"image_800x500":false,"legende":"","zoom":false,"texte":"","articles":false,"categorie_droite":false,"images":false,"elements_comparatif":false,"texte_1":"","texte_2":"","image_1":false,"image_1_563x400":false,"image_1_332x332":false,"image_2":false,"image_2_333x240":false,"image_2_563x400":false,"image_3":false,"image_3_333x240":false,"image_3_332x450":false,"image_4":false,"image_4_332x332":false,"image_4_563x400":false,"code_embed":"","legende_video":"","photo":false,"photo_100x100":false,"nom":"","fonction":"","elements_timeline":false,"entetes_colonnes":false,"entetes_lignes":false,"lignes":false,"introduction":"","formulaire":false,"question":"","reponse":"","libelle_bouton_lien":"","url_lien":"","questions":false,"conclusions":false,"pays":"1","region":"","marque":"13","marqueConcessions":false,"modele":"","ptvente":"","typeV":"","collection":"","nombre_maximum_elements":"10","lien_fin_carousel":"https:\/\/www.bymycar.fr\/rechercher-un-vehicule?prod_VEHICLES%5BrefinementList%5D%5Bbrand%5D%5B0%5D=SKODA","texte_lien_fin_carousel":"Voir plus de v\u00e9hicules","trier_par":""},{"type_strate":"texte-simple","ancre":"","contenu":"<h2 style=\"text-align: justify;\">Pourquoi assister aux journ\u00e9es portes ouvertes Skoda ?<\/h2>\n<p style=\"text-align: justify;\">BYmyCAR vous invite \u00e0 assister aux journ\u00e9es portes ouvertes destin\u00e9es \u00e0 faire conna\u00eetre les v\u00e9hicules de la marque Skoda. Pour rappel, le constructeur automobile tch\u00e9coslovaque existe depuis 1895. Il est connu des automobilistes pour son fameux logo \u00ab fl\u00e8che ail\u00e9e \u00bb de couleur verte ins\u00e9r\u00e9 dans un cercle gris et noir. Concernant ses voitures, elles ont l\u2019avantage d\u2019\u00eatre abordables. En effet, Skoda est une marque g\u00e9n\u00e9raliste proposant des v\u00e9hicules \u00e0 des co\u00fbts attractifs. Pour autant, ses mod\u00e8les sont de plus en plus modernes et confortables, surtout apr\u00e8s son acquisition par le groupe Volkswagen. En effet, le groupe VW est devenu le propri\u00e9taire du constructeur automobile Skoda en 1991. Logiquement, la marque tch\u00e9coslovaque en a profit\u00e9 pour adopter quelques technologies de VW qui est aussi connu pour avoir regroup\u00e9 des \u00e9quipes commerciales \u00e0 proximit\u00e9 de Roissy-en-France. Le constructeur Skoda offre une large gamme de v\u00e9hicules : du coup\u00e9, au SUV, en passant par la citadine, la familiale ou la berline.<\/p>\n<h3 style=\"text-align: justify;\">D\u00e9couvertes d\u2019offres exclusives durant une journ\u00e9e portes ouvertes en concession<\/h3>\n<p style=\"text-align: justify;\">Les journ\u00e9es portes ouvertes sont l&rsquo;opportunit\u00e9 de d\u00e9couvrir des offres exclusives. Comme lors de chaque \u00e9v\u00e9nement du m\u00eame genre, BYmyCAR propose des promotions et des rabais sur des mod\u00e8les de voiture sp\u00e9cifiques. Pour d\u00e9couvrir les offres sp\u00e9cifiques aux Journ\u00e9es Portes Ouvertes, rendez-vous dans votre concession Skoda BYmyCAR.<\/p>\n<h3 style=\"text-align: justify;\">Rencontre avec les vendeurs dans de meilleures conditions<\/h3>\n<p style=\"text-align: justify;\">Outre les offres exclusives, la journ\u00e9e portes ouvertes est une occasion pour admirer de pr\u00e8s les mod\u00e8les <a href=\"https:\/\/www.bymycar.fr\/marques\/skoda\">Skoda<\/a> disponibles, m\u00eame un dimanche. Vous pouvez constater par vous-m\u00eames l\u2019\u00e9tat des divers mod\u00e8les propos\u00e9s et leur dotation. De plus, il est toujours plus int\u00e9ressant de d\u00e9couvrir de vive voix les conditions d\u2019achat pour une voiture, et de b\u00e9n\u00e9ficier de l&rsquo;expertise de nos conseillers commerciaux experts de la marque.<\/p>\n<p style=\"text-align: justify;\">Par ailleurs, une journ\u00e9e portes ouvertes Skoda permet de d\u00e9couvrir de nouvelles informations sur la marque. Les \u00e9quipes BYmyCAR se tiennent pr\u00eates \u00e0 r\u00e9pondre \u00e0 toutes vos questions concernant les mod\u00e8les et les modalit\u00e9s d\u2019achat. Elles peuvent aussi vous guider pour la s\u00e9lection d\u2019une voiture r\u00e9pondant \u00e0 vos besoins si vous h\u00e9sitez encore entre les diverses gammes Skoda. Les \u00e9quipes BYmyCAR sont aussi en mesure de vous expliquer les conditions pour b\u00e9n\u00e9ficier d&rsquo;un bonus \u00e9cologique par exemple.<\/p>\n<h2 style=\"text-align: justify;\">Quelles offres d\u00e9couvrir lors des portes ouvertes de voitures Skoda, marque de Volkswagen tout comme Seat ?<\/h2>\n<p style=\"text-align: justify;\">Vous d\u00e9couvrirez toutes les offres lors des journ\u00e9es portes ouvertes Skoda. Cependant, vous pouvez d\u2019embl\u00e9e d\u00e9couvrir ici les mod\u00e8les pouvant \u00eatre disponibles ainsi que les modes d\u2019achat propos\u00e9s.<\/p>\n<h3 style=\"text-align: justify;\">En savoir plus sur les v\u00e9hicules de la marque Skoda<\/h3>\n<p style=\"text-align: justify;\">Vous retrouverez un large choix de voitures Skoda lors de cette journ\u00e9e portes ouvertes. C\u00f4t\u00e9 motorisation, BYmyCAR propose toutes les sortes de motorisations, que ce soit thermique, en essence ou diesel, ou bien \u00e9lectrique. Des v\u00e9hicules permettant de b\u00e9n\u00e9ficier d&rsquo;un bonus \u00e9cologique seront aussi disponibles comme l\u2019ENYAQ \u00e9lectrique.<\/p>\n<p style=\"text-align: justify;\">Concernant les mod\u00e8les de voitures Skoda commercialis\u00e9s par le r\u00e9seau, vous pouvez trouver, en toute logique, les best-sellers Skoda comme la Fabia. La Skoda Fabia est une voiture citadine qui se veut confortable et envo\u00fbtante. Les passagers, notamment \u00e0 l\u2019arri\u00e8re, sont mis \u00e0 l\u2019aise d\u00e8s les premiers kilom\u00e8tres, ce qui en fait un petit v\u00e9hicule id\u00e9al pour les longs trajets. De plus, cette voiture a la particularit\u00e9 d\u2019\u00eatre dynamique, facile \u00e0 conduire et tr\u00e8s design. Avec son aspect moderne et sa longueur de 4.108 m, elle peut facilement se garer dans les petits espaces.<\/p>\n<p style=\"text-align: justify;\">Vous \u00eates \u00e0 la recherche d\u2019une voiture plus imposante ? La journ\u00e9e portes ouvertes vous permet de d\u00e9couvrir des SUV comme le Kodiaq, le Karoq et beaucoup de nouveaux mod\u00e8les. Pour rappel, la Skoda Kodiaq est un grand SUV familial d\u2019une longueur de 4.697 m avec une largeur de 1.882 m et une hauteur de 1.676 m. Elle permet de red\u00e9couvrir le vrai plaisir de conduire une voiture diesel sur de longs trajets. La conduite est souple pour le plaisir du conducteur. L\u2019espace \u00e0 bord de ce v\u00e9hicule \u00e0 7 places est tr\u00e8s g\u00e9n\u00e9reux pour satisfaire les besoins en confort de chaque passager.<\/p>\n<p style=\"text-align: justify;\">Quant \u00e0 la Skoda Karoq, il s\u2019agit d\u2019un SUV urbain \u00e0 l\u2019allure solide et audacieuse. Dynamique, cette voiture peut vous accompagner au quotidien pour de courts et de longs trajets. D\u2019autant plus qu\u2019elle est fid\u00e8le \u00e0 l\u2019image de la marque Skoda reconnue pour la g\u00e9n\u00e9rosit\u00e9 de ses v\u00e9hicules en termes d\u2019espace.<\/p>\n<h3 style=\"text-align: justify;\">Offres de Skoda en LLD et LOA durant les portes ouvertes<\/h3>\n<p style=\"text-align: justify;\">Tous les v\u00e9hicules Skoda disponibles peuvent \u00eatre achet\u00e9s dans l\u2019imm\u00e9diat. Toutefois pour les automobilistes int\u00e9ress\u00e9s par les offres de location longue dur\u00e9e, BYmyCAR propose aussi des mod\u00e8les en LLD et en LOA.<\/p>\n<p style=\"text-align: justify;\">La LOA ou la location avec option d\u2019achat est un moyen de financement permettant d\u2019acqu\u00e9rir un v\u00e9hicule sans faire exploser le budget. Elle consiste \u00e0 louer une voiture en contrepartie d\u2019un paiement mensuel durant une dur\u00e9e d\u00e9termin\u00e9e \u00e0 l\u2019avance. Une fois que le contrat touche \u00e0 sa fin, vous avez la possibilit\u00e9 d\u2019acheter d\u00e9finitivement la voiture Skoda ou de partir sur un nouveau bail. Cette solution est id\u00e9ale pour changer fr\u00e9quemment de v\u00e9hicule et b\u00e9n\u00e9ficier des derni\u00e8res innovations technologiques.<\/p>\n<p style=\"text-align: justify;\">La LLD d\u00e9signe la location de longue dur\u00e9e. \u00c0 la diff\u00e9rence de la LOA, elle ne permet pas d\u2019acheter la voiture \u00e0 la fin du contrat. Elle doit \u00eatre restitu\u00e9e en bon \u00e9tat au concessionnaire. La caution vous est restitu\u00e9e en totalit\u00e9 ou partiellement selon le cas. Elle peut \u00eatre utilis\u00e9e pour l\u2019achat d\u2019un nouveau v\u00e9hicule si vous le souhaitez. Il est \u00e0 noter qu&rsquo;il existe un nombre de km maximum \u00e0 respecter dans le cadre d&rsquo;une LLD, ce qui peut \u00eatre contraignant dans certains cas.<\/p>\n<h2 style=\"text-align: justify;\">Comment faire si vous ne pouvez pas assister aux journ\u00e9es portes ouvertes Skoda ?<\/h2>\n<p style=\"text-align: justify;\">Les journ\u00e9es portes ouvertes sont des \u00e9v\u00e9nements de courte dur\u00e9e. Malheureusement, il n\u2019est pas donn\u00e9 \u00e0 tout le monde de pouvoir venir en concession pour d\u00e9couvrir les offres du moment. Toutefois, vous pouvez prendre rendez-vous avec l&rsquo;un de nos conseillers en dehors de ces journ\u00e9es privil\u00e8ges pour \u00e9changer sur votre projet d&rsquo;achat sur nos v\u00e9hicules neufs et d&rsquo;occasion. Restez attentifs aux actualit\u00e9s de votre concessionnaire Skoda favori, puisque les Journ\u00e9es Portes Ouvertes ont lieu plusieurs fois dans l&rsquo;ann\u00e9e !<\/p>\n","titre":"Texte 1","image":false,"image_libre":false,"image_800x500":false,"legende":"","zoom":false,"texte":"","articles":false,"categorie_droite":false,"images":false,"elements_comparatif":false,"texte_1":"","texte_2":"","image_1":false,"image_1_563x400":false,"image_1_332x332":false,"image_2":false,"image_2_333x240":false,"image_2_563x400":false,"image_3":false,"image_3_333x240":false,"image_3_332x450":false,"image_4":false,"image_4_332x332":false,"image_4_563x400":false,"code_embed":"","legende_video":"","photo":false,"photo_100x100":false,"nom":"","fonction":"","elements_timeline":false,"entetes_colonnes":false,"entetes_lignes":false,"lignes":false,"introduction":"","formulaire":false,"question":"","reponse":"","libelle_bouton_lien":"","url_lien":"","questions":false,"conclusions":false,"pays":"1","region":"","marque":"13","marqueConcessions":false,"modele":"","ptvente":"","typeV":"","collection":"","nombre_maximum_elements":"10","lien_fin_carousel":"https:\/\/www.bymycar.fr\/rechercher-un-vehicule?prod_VEHICLES%5BrefinementList%5D%5Bbrand%5D%5B0%5D=SKODA","texte_lien_fin_carousel":"Voir plus de v\u00e9hicules","trier_par":""},{"type_strate":"carousel-produits","ancre":"","contenu":"","titre":"D\u00e9couvrir les v\u00e9hicules Skoda du moment","image":false,"image_libre":false,"image_800x500":false,"legende":"","zoom":false,"texte":"","articles":false,"categorie_droite":false,"images":false,"elements_comparatif":false,"texte_1":"","texte_2":"","image_1":false,"image_1_563x400":false,"image_1_332x332":false,"image_2":false,"image_2_333x240":false,"image_2_563x400":false,"image_3":false,"image_3_333x240":false,"image_3_332x450":false,"image_4":false,"image_4_332x332":false,"image_4_563x400":false,"code_embed":"","legende_video":"","photo":false,"photo_100x100":false,"nom":"","fonction":"","elements_timeline":false,"entetes_colonnes":false,"entetes_lignes":false,"lignes":false,"introduction":"","formulaire":false,"question":"","reponse":"","libelle_bouton_lien":"","url_lien":"","questions":false,"conclusions":false,"pays":"1","region":"","marque":"13","marqueConcessions":false,"modele":"","ptvente":"","typeV":"","collection":"","nombre_maximum_elements":"10","lien_fin_carousel":"https:\/\/www.bymycar.fr\/rechercher-un-vehicule?prod_VEHICLES%5BrefinementList%5D%5Bbrand%5D%5B0%5D=SKODA","texte_lien_fin_carousel":"Voir plus de v\u00e9hicules","trier_par":""}],"is_old_post":false,"image":{"ID":39478,"id":39478,"title":"SKODA_gamme_SUV_2","filename":"SKODA_gamme_SUV_2.jpg","filesize":1,"url":"https:\/\/cdn.bymycar.eu\/fr-webzine\/wp-content\/uploads\/medias\/SKODA_gamme_SUV_2.jpg","link":"https:\/\/www.bymycar.fr\/webzine\/journees-portes-ouvertes-skoda-bymycar-2\/skoda_gamme_suv_2\/","alt":"","author":"88","description":"","caption":"","name":"skoda_gamme_suv_2","status":"inherit","uploaded_to":35130,"date":"2023-01-30 11:17:04","modified":"2023-01-30 11:17:04","menu_order":0,"mime_type":"image\/jpeg","type":"image","subtype":"jpeg","icon":"https:\/\/www.bymycar.fr\/webzine\/wp-includes\/images\/media\/default.png","width":2560,"height":1707,"sizes":{"thumbnail":"https:\/\/cdn.bymycar.eu\/fr-webzine\/wp-content\/uploads\/medias\/SKODA_gamme_SUV_2-150x150.jpg","thumbnail-width":150,"thumbnail-height":150,"medium":"https:\/\/cdn.bymycar.eu\/fr-webzine\/wp-content\/uploads\/medias\/SKODA_gamme_SUV_2-300x200.jpg","medium-width":300,"medium-height":200,"medium_large":"https:\/\/cdn.bymycar.eu\/fr-webzine\/wp-content\/uploads\/medias\/SKODA_gamme_SUV_2-768x512.jpg","medium_large-width":768,"medium_large-height":512,"large":"https:\/\/cdn.bymycar.eu\/fr-webzine\/wp-content\/uploads\/medias\/SKODA_gamme_SUV_2-1024x683.jpg","large-width":1024,"large-height":683,"1536x1536":"https:\/\/cdn.bymycar.eu\/fr-webzine\/wp-content\/uploads\/medias\/SKODA_gamme_SUV_2-1536x1024.jpg","1536x1536-width":1536,"1536x1536-height":1024,"2048x2048":"https:\/\/cdn.bymycar.eu\/fr-webzine\/wp-content\/uploads\/medias\/SKODA_gamme_SUV_2-2048x1365.jpg","2048x2048-width":2048,"2048x2048-height":1365}},"page_content":{"block_content":[{"acf_fc_layout":"carousel-produits"},{"acf_fc_layout":"carousel-produits"},{"acf_fc_layout":"carousel-produits"},{"acf_fc_layout":"text-simple","--nav":{"-withNav":false,"-ancre":""},"--group":{"-text":"<h2 style=\"text-align: justify;\">Pourquoi assister aux journ\u00e9es portes ouvertes Skoda ?<\/h2>\n<p style=\"text-align: justify;\">BYmyCAR vous invite \u00e0 assister aux journ\u00e9es portes ouvertes destin\u00e9es \u00e0 faire conna\u00eetre les v\u00e9hicules de la marque Skoda. Pour rappel, le constructeur automobile tch\u00e9coslovaque existe depuis 1895. Il est connu des automobilistes pour son fameux logo \u00ab fl\u00e8che ail\u00e9e \u00bb de couleur verte ins\u00e9r\u00e9 dans un cercle gris et noir. Concernant ses voitures, elles ont l\u2019avantage d\u2019\u00eatre abordables. En effet, Skoda est une marque g\u00e9n\u00e9raliste proposant des v\u00e9hicules \u00e0 des co\u00fbts attractifs. Pour autant, ses mod\u00e8les sont de plus en plus modernes et confortables, surtout apr\u00e8s son acquisition par le groupe Volkswagen. En effet, le groupe VW est devenu le propri\u00e9taire du constructeur automobile Skoda en 1991. Logiquement, la marque tch\u00e9coslovaque en a profit\u00e9 pour adopter quelques technologies de VW qui est aussi connu pour avoir regroup\u00e9 des \u00e9quipes commerciales \u00e0 proximit\u00e9 de Roissy-en-France. Le constructeur Skoda offre une large gamme de v\u00e9hicules : du coup\u00e9, au SUV, en passant par la citadine, la familiale ou la berline.<\/p>\n<h3 style=\"text-align: justify;\">D\u00e9couvertes d\u2019offres exclusives durant une journ\u00e9e portes ouvertes en concession<\/h3>\n<p style=\"text-align: justify;\">Les journ\u00e9es portes ouvertes sont l&rsquo;opportunit\u00e9 de d\u00e9couvrir des offres exclusives. Comme lors de chaque \u00e9v\u00e9nement du m\u00eame genre, BYmyCAR propose des promotions et des rabais sur des mod\u00e8les de voiture sp\u00e9cifiques. Pour d\u00e9couvrir les offres sp\u00e9cifiques aux Journ\u00e9es Portes Ouvertes, rendez-vous dans votre concession Skoda BYmyCAR.<\/p>\n<h3 style=\"text-align: justify;\">Rencontre avec les vendeurs dans de meilleures conditions<\/h3>\n<p style=\"text-align: justify;\">Outre les offres exclusives, la journ\u00e9e portes ouvertes est une occasion pour admirer de pr\u00e8s les mod\u00e8les <a href=\"https:\/\/www.bymycar.fr\/marques\/skoda\">Skoda<\/a> disponibles, m\u00eame un dimanche. Vous pouvez constater par vous-m\u00eames l\u2019\u00e9tat des divers mod\u00e8les propos\u00e9s et leur dotation. De plus, il est toujours plus int\u00e9ressant de d\u00e9couvrir de vive voix les conditions d\u2019achat pour une voiture, et de b\u00e9n\u00e9ficier de l&rsquo;expertise de nos conseillers commerciaux experts de la marque.<\/p>\n<p style=\"text-align: justify;\">Par ailleurs, une journ\u00e9e portes ouvertes Skoda permet de d\u00e9couvrir de nouvelles informations sur la marque. Les \u00e9quipes BYmyCAR se tiennent pr\u00eates \u00e0 r\u00e9pondre \u00e0 toutes vos questions concernant les mod\u00e8les et les modalit\u00e9s d\u2019achat. Elles peuvent aussi vous guider pour la s\u00e9lection d\u2019une voiture r\u00e9pondant \u00e0 vos besoins si vous h\u00e9sitez encore entre les diverses gammes Skoda. Les \u00e9quipes BYmyCAR sont aussi en mesure de vous expliquer les conditions pour b\u00e9n\u00e9ficier d&rsquo;un bonus \u00e9cologique par exemple.<\/p>\n<h2 style=\"text-align: justify;\">Quelles offres d\u00e9couvrir lors des portes ouvertes de voitures Skoda, marque de Volkswagen tout comme Seat ?<\/h2>\n<p style=\"text-align: justify;\">Vous d\u00e9couvrirez toutes les offres lors des journ\u00e9es portes ouvertes Skoda. Cependant, vous pouvez d\u2019embl\u00e9e d\u00e9couvrir ici les mod\u00e8les pouvant \u00eatre disponibles ainsi que les modes d\u2019achat propos\u00e9s.<\/p>\n<h3 style=\"text-align: justify;\">En savoir plus sur les v\u00e9hicules de la marque Skoda<\/h3>\n<p style=\"text-align: justify;\">Vous retrouverez un large choix de voitures Skoda lors de cette journ\u00e9e portes ouvertes. C\u00f4t\u00e9 motorisation, BYmyCAR propose toutes les sortes de motorisations, que ce soit thermique, en essence ou diesel, ou bien \u00e9lectrique. Des v\u00e9hicules permettant de b\u00e9n\u00e9ficier d&rsquo;un bonus \u00e9cologique seront aussi disponibles comme l\u2019ENYAQ \u00e9lectrique.<\/p>\n<p style=\"text-align: justify;\">Concernant les mod\u00e8les de voitures Skoda commercialis\u00e9s par le r\u00e9seau, vous pouvez trouver, en toute logique, les best-sellers Skoda comme la Fabia. La Skoda Fabia est une voiture citadine qui se veut confortable et envo\u00fbtante. Les passagers, notamment \u00e0 l\u2019arri\u00e8re, sont mis \u00e0 l\u2019aise d\u00e8s les premiers kilom\u00e8tres, ce qui en fait un petit v\u00e9hicule id\u00e9al pour les longs trajets. De plus, cette voiture a la particularit\u00e9 d\u2019\u00eatre dynamique, facile \u00e0 conduire et tr\u00e8s design. Avec son aspect moderne et sa longueur de 4.108 m, elle peut facilement se garer dans les petits espaces.<\/p>\n<p style=\"text-align: justify;\">Vous \u00eates \u00e0 la recherche d\u2019une voiture plus imposante ? La journ\u00e9e portes ouvertes vous permet de d\u00e9couvrir des SUV comme le Kodiaq, le Karoq et beaucoup de nouveaux mod\u00e8les. Pour rappel, la Skoda Kodiaq est un grand SUV familial d\u2019une longueur de 4.697 m avec une largeur de 1.882 m et une hauteur de 1.676 m. Elle permet de red\u00e9couvrir le vrai plaisir de conduire une voiture diesel sur de longs trajets. La conduite est souple pour le plaisir du conducteur. L\u2019espace \u00e0 bord de ce v\u00e9hicule \u00e0 7 places est tr\u00e8s g\u00e9n\u00e9reux pour satisfaire les besoins en confort de chaque passager.<\/p>\n<p style=\"text-align: justify;\">Quant \u00e0 la Skoda Karoq, il s\u2019agit d\u2019un SUV urbain \u00e0 l\u2019allure solide et audacieuse. Dynamique, cette voiture peut vous accompagner au quotidien pour de courts et de longs trajets. D\u2019autant plus qu\u2019elle est fid\u00e8le \u00e0 l\u2019image de la marque Skoda reconnue pour la g\u00e9n\u00e9rosit\u00e9 de ses v\u00e9hicules en termes d\u2019espace.<\/p>\n<h3 style=\"text-align: justify;\">Offres de Skoda en LLD et LOA durant les portes ouvertes<\/h3>\n<p style=\"text-align: justify;\">Tous les v\u00e9hicules Skoda disponibles peuvent \u00eatre achet\u00e9s dans l\u2019imm\u00e9diat. Toutefois pour les automobilistes int\u00e9ress\u00e9s par les offres de location longue dur\u00e9e, BYmyCAR propose aussi des mod\u00e8les en LLD et en LOA.<\/p>\n<p style=\"text-align: justify;\">La LOA ou la location avec option d\u2019achat est un moyen de financement permettant d\u2019acqu\u00e9rir un v\u00e9hicule sans faire exploser le budget. Elle consiste \u00e0 louer une voiture en contrepartie d\u2019un paiement mensuel durant une dur\u00e9e d\u00e9termin\u00e9e \u00e0 l\u2019avance. Une fois que le contrat touche \u00e0 sa fin, vous avez la possibilit\u00e9 d\u2019acheter d\u00e9finitivement la voiture Skoda ou de partir sur un nouveau bail. Cette solution est id\u00e9ale pour changer fr\u00e9quemment de v\u00e9hicule et b\u00e9n\u00e9ficier des derni\u00e8res innovations technologiques.<\/p>\n<p style=\"text-align: justify;\">La LLD d\u00e9signe la location de longue dur\u00e9e. \u00c0 la diff\u00e9rence de la LOA, elle ne permet pas d\u2019acheter la voiture \u00e0 la fin du contrat. Elle doit \u00eatre restitu\u00e9e en bon \u00e9tat au concessionnaire. La caution vous est restitu\u00e9e en totalit\u00e9 ou partiellement selon le cas. Elle peut \u00eatre utilis\u00e9e pour l\u2019achat d\u2019un nouveau v\u00e9hicule si vous le souhaitez. Il est \u00e0 noter qu&rsquo;il existe un nombre de km maximum \u00e0 respecter dans le cadre d&rsquo;une LLD, ce qui peut \u00eatre contraignant dans certains cas.<\/p>\n<h2 style=\"text-align: justify;\">Comment faire si vous ne pouvez pas assister aux journ\u00e9es portes ouvertes Skoda ?<\/h2>\n<p style=\"text-align: justify;\">Les journ\u00e9es portes ouvertes sont des \u00e9v\u00e9nements de courte dur\u00e9e. Malheureusement, il n\u2019est pas donn\u00e9 \u00e0 tout le monde de pouvoir venir en concession pour d\u00e9couvrir les offres du moment. Toutefois, vous pouvez prendre rendez-vous avec l&rsquo;un de nos conseillers en dehors de ces journ\u00e9es privil\u00e8ges pour \u00e9changer sur votre projet d&rsquo;achat sur nos v\u00e9hicules neufs et d&rsquo;occasion. Restez attentifs aux actualit\u00e9s de votre concessionnaire Skoda favori, puisque les Journ\u00e9es Portes Ouvertes ont lieu plusieurs fois dans l&rsquo;ann\u00e9e !<\/p>\n"}}]},"add-carousel-to-footer":true},"yoast_head":"<!-- This site is optimized with the Yoast SEO Premium plugin v26.4 (Yoast SEO v26.4) - https:\/\/yoast.com\/wordpress\/plugins\/seo\/ -->\n<title>Journ\u00e9es portes ouvertes Skoda - BYmyCAR<\/title>\n<meta name=\"robots\" content=\"index, follow, max-snippet:-1, max-image-preview:large, max-video-preview:-1\" \/>\n<link rel=\"canonical\" href=\"https:\/\/www.bymycar.fr\/webzine\/journees-portes-ouvertes-skoda-bymycar-2\/\" \/>\n<meta property=\"og:locale\" content=\"fr_FR\" \/>\n<meta property=\"og:type\" content=\"article\" \/>\n<meta property=\"og:title\" content=\"Journ\u00e9es portes ouvertes Skoda - BYmyCAR\" \/>\n<meta property=\"og:url\" content=\"https:\/\/www.bymycar.fr\/webzine\/journees-portes-ouvertes-skoda-bymycar-2\/\" \/>\n<meta property=\"og:site_name\" content=\"Webzine auto BYmyCAR\" \/>\n<meta property=\"article:published_time\" content=\"2022-08-25T07:39:05+00:00\" \/>\n<meta property=\"article:modified_time\" content=\"2026-04-27T12:30:00+00:00\" \/>\n<meta property=\"og:image\" content=\"https:\/\/cdn.bymycar.eu\/fr-webzine\/wp-content\/uploads\/medias\/SKODA_gamme_SUV_2.jpg\" \/>\n\t<meta property=\"og:image:width\" content=\"2560\" \/>\n\t<meta property=\"og:image:height\" content=\"1707\" \/>\n\t<meta property=\"og:image:type\" content=\"image\/jpeg\" \/>\n<meta name=\"author\" content=\"La R\u00e9daction BYmyCAR\" \/>\n<meta name=\"twitter:card\" content=\"summary_large_image\" \/>\n<meta name=\"twitter:label1\" content=\"\u00c9crit par\" \/>\n\t<meta name=\"twitter:data1\" content=\"La R\u00e9daction BYmyCAR\" \/>\n<script type=\"application\/ld+json\" class=\"yoast-schema-graph\">{\"@context\":\"https:\/\/schema.org\",\"@graph\":[{\"@type\":\"Article\",\"@id\":\"https:\/\/www.bymycar.fr\/webzine\/journees-portes-ouvertes-skoda-bymycar-2\/#article\",\"isPartOf\":{\"@id\":\"https:\/\/www.bymycar.fr\/webzine\/journees-portes-ouvertes-skoda-bymycar-2\/\"},\"author\":{\"name\":\"La R\u00e9daction BYmyCAR\",\"@id\":\"https:\/\/www.bymycar.fr\/webzine\/#\/schema\/person\/8d570fe11eb8929f06c1e6d00f4d9689\"},\"headline\":\"Journ\u00e9es portes ouvertes Skoda &#8211; BYmyCAR\",\"datePublished\":\"2022-08-25T07:39:05+00:00\",\"dateModified\":\"2026-04-27T12:30:00+00:00\",\"mainEntityOfPage\":{\"@id\":\"https:\/\/www.bymycar.fr\/webzine\/journees-portes-ouvertes-skoda-bymycar-2\/\"},\"wordCount\":7,\"publisher\":{\"@id\":\"https:\/\/www.bymycar.fr\/webzine\/#organization\"},\"image\":{\"@id\":\"https:\/\/www.bymycar.fr\/webzine\/journees-portes-ouvertes-skoda-bymycar-2\/#primaryimage\"},\"thumbnailUrl\":\"https:\/\/cdn.bymycar.eu\/fr-webzine\/wp-content\/uploads\/medias\/SKODA_gamme_SUV_2.jpg\",\"articleSection\":[\"Journ\u00e9es Portes Ouvertes\"],\"inLanguage\":\"fr-FR\"},{\"@type\":\"WebPage\",\"@id\":\"https:\/\/www.bymycar.fr\/webzine\/journees-portes-ouvertes-skoda-bymycar-2\/\",\"url\":\"https:\/\/www.bymycar.fr\/webzine\/journees-portes-ouvertes-skoda-bymycar-2\/\",\"name\":\"Journ\u00e9es portes ouvertes Skoda - BYmyCAR\",\"isPartOf\":{\"@id\":\"https:\/\/www.bymycar.fr\/webzine\/#website\"},\"primaryImageOfPage\":{\"@id\":\"https:\/\/www.bymycar.fr\/webzine\/journees-portes-ouvertes-skoda-bymycar-2\/#primaryimage\"},\"image\":{\"@id\":\"https:\/\/www.bymycar.fr\/webzine\/journees-portes-ouvertes-skoda-bymycar-2\/#primaryimage\"},\"thumbnailUrl\":\"https:\/\/cdn.bymycar.eu\/fr-webzine\/wp-content\/uploads\/medias\/SKODA_gamme_SUV_2.jpg\",\"datePublished\":\"2022-08-25T07:39:05+00:00\",\"dateModified\":\"2026-04-27T12:30:00+00:00\",\"breadcrumb\":{\"@id\":\"https:\/\/www.bymycar.fr\/webzine\/journees-portes-ouvertes-skoda-bymycar-2\/#breadcrumb\"},\"inLanguage\":\"fr-FR\",\"potentialAction\":[{\"@type\":\"ReadAction\",\"target\":[\"https:\/\/www.bymycar.fr\/webzine\/journees-portes-ouvertes-skoda-bymycar-2\/\"]}]},{\"@type\":\"ImageObject\",\"inLanguage\":\"fr-FR\",\"@id\":\"https:\/\/www.bymycar.fr\/webzine\/journees-portes-ouvertes-skoda-bymycar-2\/#primaryimage\",\"url\":\"https:\/\/cdn.bymycar.eu\/fr-webzine\/wp-content\/uploads\/medias\/SKODA_gamme_SUV_2.jpg\",\"contentUrl\":\"https:\/\/cdn.bymycar.eu\/fr-webzine\/wp-content\/uploads\/medias\/SKODA_gamme_SUV_2.jpg\",\"width\":2560,\"height\":1707},{\"@type\":\"BreadcrumbList\",\"@id\":\"https:\/\/www.bymycar.fr\/webzine\/journees-portes-ouvertes-skoda-bymycar-2\/#breadcrumb\",\"itemListElement\":[{\"@type\":\"ListItem\",\"position\":1,\"name\":\"Accueil\",\"item\":\"https:\/\/www.bymycar.fr\/webzine\/\"},{\"@type\":\"ListItem\",\"position\":2,\"name\":\"Journ\u00e9es portes ouvertes Skoda &#8211; BYmyCAR\"}]},{\"@type\":\"WebSite\",\"@id\":\"https:\/\/www.bymycar.fr\/webzine\/#website\",\"url\":\"https:\/\/www.bymycar.fr\/webzine\/\",\"name\":\"Webzine auto BYmyCAR\",\"description\":\"La magazine auto de BYmyCAR\",\"publisher\":{\"@id\":\"https:\/\/www.bymycar.fr\/webzine\/#organization\"},\"potentialAction\":[{\"@type\":\"SearchAction\",\"target\":{\"@type\":\"EntryPoint\",\"urlTemplate\":\"https:\/\/www.bymycar.fr\/webzine\/?s={search_term_string}\"},\"query-input\":{\"@type\":\"PropertyValueSpecification\",\"valueRequired\":true,\"valueName\":\"search_term_string\"}}],\"inLanguage\":\"fr-FR\"},{\"@type\":\"Organization\",\"@id\":\"https:\/\/www.bymycar.fr\/webzine\/#organization\",\"name\":\"BYmyCAR\",\"url\":\"https:\/\/www.bymycar.fr\/webzine\/\",\"logo\":{\"@type\":\"ImageObject\",\"inLanguage\":\"fr-FR\",\"@id\":\"https:\/\/www.bymycar.fr\/webzine\/#\/schema\/logo\/image\/\",\"url\":\"https:\/\/cdn.bymycar.eu\/fr-webzine\/wp-content\/uploads\/medias\/2017\/08\/logo_DEALER_00000406_001.png\",\"contentUrl\":\"https:\/\/cdn.bymycar.eu\/fr-webzine\/wp-content\/uploads\/medias\/2017\/08\/logo_DEALER_00000406_001.png\",\"width\":2132,\"height\":720,\"caption\":\"BYmyCAR\"},\"image\":{\"@id\":\"https:\/\/www.bymycar.fr\/webzine\/#\/schema\/logo\/image\/\"}},{\"@type\":\"Person\",\"@id\":\"https:\/\/www.bymycar.fr\/webzine\/#\/schema\/person\/8d570fe11eb8929f06c1e6d00f4d9689\",\"name\":\"La R\u00e9daction BYmyCAR\",\"image\":{\"@type\":\"ImageObject\",\"inLanguage\":\"fr-FR\",\"@id\":\"https:\/\/www.bymycar.fr\/webzine\/#\/schema\/person\/image\/\",\"url\":\"https:\/\/secure.gravatar.com\/avatar\/1aa6b039d0ce106989923af4e2d0f2a0c82bb070d5e449f1b9adf082a5863900?s=96&d=mm&r=g\",\"contentUrl\":\"https:\/\/secure.gravatar.com\/avatar\/1aa6b039d0ce106989923af4e2d0f2a0c82bb070d5e449f1b9adf082a5863900?s=96&d=mm&r=g\",\"caption\":\"La R\u00e9daction BYmyCAR\"},\"sameAs\":[\"https:\/\/www.bymycar.fr\/\"]}]}<\/script>\n<!-- \/ Yoast SEO Premium plugin. -->","yoast_head_json":{"title":"Journ\u00e9es portes ouvertes Skoda - BYmyCAR","robots":{"index":"index","follow":"follow","max-snippet":"max-snippet:-1","max-image-preview":"max-image-preview:large","max-video-preview":"max-video-preview:-1"},"canonical":"https:\/\/www.bymycar.fr\/webzine\/journees-portes-ouvertes-skoda-bymycar-2\/","og_locale":"fr_FR","og_type":"article","og_title":"Journ\u00e9es portes ouvertes Skoda - BYmyCAR","og_url":"https:\/\/www.bymycar.fr\/webzine\/journees-portes-ouvertes-skoda-bymycar-2\/","og_site_name":"Webzine auto BYmyCAR","article_published_time":"2022-08-25T07:39:05+00:00","article_modified_time":"2026-04-27T12:30:00+00:00","og_image":[{"width":2560,"height":1707,"url":"https:\/\/cdn.bymycar.eu\/fr-webzine\/wp-content\/uploads\/medias\/SKODA_gamme_SUV_2.jpg","type":"image\/jpeg"}],"author":"La R\u00e9daction BYmyCAR","twitter_card":"summary_large_image","twitter_misc":{"\u00c9crit par":"La R\u00e9daction BYmyCAR"},"schema":{"@context":"https:\/\/schema.org","@graph":[{"@type":"Article","@id":"https:\/\/www.bymycar.fr\/webzine\/journees-portes-ouvertes-skoda-bymycar-2\/#article","isPartOf":{"@id":"https:\/\/www.bymycar.fr\/webzine\/journees-portes-ouvertes-skoda-bymycar-2\/"},"author":{"name":"La R\u00e9daction BYmyCAR","@id":"https:\/\/www.bymycar.fr\/webzine\/#\/schema\/person\/8d570fe11eb8929f06c1e6d00f4d9689"},"headline":"Journ\u00e9es portes ouvertes Skoda &#8211; BYmyCAR","datePublished":"2022-08-25T07:39:05+00:00","dateModified":"2026-04-27T12:30:00+00:00","mainEntityOfPage":{"@id":"https:\/\/www.bymycar.fr\/webzine\/journees-portes-ouvertes-skoda-bymycar-2\/"},"wordCount":7,"publisher":{"@id":"https:\/\/www.bymycar.fr\/webzine\/#organization"},"image":{"@id":"https:\/\/www.bymycar.fr\/webzine\/journees-portes-ouvertes-skoda-bymycar-2\/#primaryimage"},"thumbnailUrl":"https:\/\/cdn.bymycar.eu\/fr-webzine\/wp-content\/uploads\/medias\/SKODA_gamme_SUV_2.jpg","articleSection":["Journ\u00e9es Portes Ouvertes"],"inLanguage":"fr-FR"},{"@type":"WebPage","@id":"https:\/\/www.bymycar.fr\/webzine\/journees-portes-ouvertes-skoda-bymycar-2\/","url":"https:\/\/www.bymycar.fr\/webzine\/journees-portes-ouvertes-skoda-bymycar-2\/","name":"Journ\u00e9es portes ouvertes Skoda - BYmyCAR","isPartOf":{"@id":"https:\/\/www.bymycar.fr\/webzine\/#website"},"primaryImageOfPage":{"@id":"https:\/\/www.bymycar.fr\/webzine\/journees-portes-ouvertes-skoda-bymycar-2\/#primaryimage"},"image":{"@id":"https:\/\/www.bymycar.fr\/webzine\/journees-portes-ouvertes-skoda-bymycar-2\/#primaryimage"},"thumbnailUrl":"https:\/\/cdn.bymycar.eu\/fr-webzine\/wp-content\/uploads\/medias\/SKODA_gamme_SUV_2.jpg","datePublished":"2022-08-25T07:39:05+00:00","dateModified":"2026-04-27T12:30:00+00:00","breadcrumb":{"@id":"https:\/\/www.bymycar.fr\/webzine\/journees-portes-ouvertes-skoda-bymycar-2\/#breadcrumb"},"inLanguage":"fr-FR","potentialAction":[{"@type":"ReadAction","target":["https:\/\/www.bymycar.fr\/webzine\/journees-portes-ouvertes-skoda-bymycar-2\/"]}]},{"@type":"ImageObject","inLanguage":"fr-FR","@id":"https:\/\/www.bymycar.fr\/webzine\/journees-portes-ouvertes-skoda-bymycar-2\/#primaryimage","url":"https:\/\/cdn.bymycar.eu\/fr-webzine\/wp-content\/uploads\/medias\/SKODA_gamme_SUV_2.jpg","contentUrl":"https:\/\/cdn.bymycar.eu\/fr-webzine\/wp-content\/uploads\/medias\/SKODA_gamme_SUV_2.jpg","width":2560,"height":1707},{"@type":"BreadcrumbList","@id":"https:\/\/www.bymycar.fr\/webzine\/journees-portes-ouvertes-skoda-bymycar-2\/#breadcrumb","itemListElement":[{"@type":"ListItem","position":1,"name":"Accueil","item":"https:\/\/www.bymycar.fr\/webzine\/"},{"@type":"ListItem","position":2,"name":"Journ\u00e9es portes ouvertes Skoda &#8211; BYmyCAR"}]},{"@type":"WebSite","@id":"https:\/\/www.bymycar.fr\/webzine\/#website","url":"https:\/\/www.bymycar.fr\/webzine\/","name":"Webzine auto BYmyCAR","description":"La magazine auto de BYmyCAR","publisher":{"@id":"https:\/\/www.bymycar.fr\/webzine\/#organization"},"potentialAction":[{"@type":"SearchAction","target":{"@type":"EntryPoint","urlTemplate":"https:\/\/www.bymycar.fr\/webzine\/?s={search_term_string}"},"query-input":{"@type":"PropertyValueSpecification","valueRequired":true,"valueName":"search_term_string"}}],"inLanguage":"fr-FR"},{"@type":"Organization","@id":"https:\/\/www.bymycar.fr\/webzine\/#organization","name":"BYmyCAR","url":"https:\/\/www.bymycar.fr\/webzine\/","logo":{"@type":"ImageObject","inLanguage":"fr-FR","@id":"https:\/\/www.bymycar.fr\/webzine\/#\/schema\/logo\/image\/","url":"https:\/\/cdn.bymycar.eu\/fr-webzine\/wp-content\/uploads\/medias\/2017\/08\/logo_DEALER_00000406_001.png","contentUrl":"https:\/\/cdn.bymycar.eu\/fr-webzine\/wp-content\/uploads\/medias\/2017\/08\/logo_DEALER_00000406_001.png","width":2132,"height":720,"caption":"BYmyCAR"},"image":{"@id":"https:\/\/www.bymycar.fr\/webzine\/#\/schema\/logo\/image\/"}},{"@type":"Person","@id":"https:\/\/www.bymycar.fr\/webzine\/#\/schema\/person\/8d570fe11eb8929f06c1e6d00f4d9689","name":"La R\u00e9daction BYmyCAR","image":{"@type":"ImageObject","inLanguage":"fr-FR","@id":"https:\/\/www.bymycar.fr\/webzine\/#\/schema\/person\/image\/","url":"https:\/\/secure.gravatar.com\/avatar\/1aa6b039d0ce106989923af4e2d0f2a0c82bb070d5e449f1b9adf082a5863900?s=96&d=mm&r=g","contentUrl":"https:\/\/secure.gravatar.com\/avatar\/1aa6b039d0ce106989923af4e2d0f2a0c82bb070d5e449f1b9adf082a5863900?s=96&d=mm&r=g","caption":"La R\u00e9daction BYmyCAR"},"sameAs":["https:\/\/www.bymycar.fr\/"]}]}},"_links":{"self":[{"href":"https:\/\/www.bymycar.fr\/webzine\/wp-json\/wp\/v2\/posts\/35130","targetHints":{"allow":["GET"]}}],"collection":[{"href":"https:\/\/www.bymycar.fr\/webzine\/wp-json\/wp\/v2\/posts"}],"about":[{"href":"https:\/\/www.bymycar.fr\/webzine\/wp-json\/wp\/v2\/types\/post"}],"author":[{"embeddable":true,"href":"https:\/\/www.bymycar.fr\/webzine\/wp-json\/wp\/v2\/users\/88"}],"replies":[{"embeddable":true,"href":"https:\/\/www.bymycar.fr\/webzine\/wp-json\/wp\/v2\/comments?post=35130"}],"version-history":[{"count":8,"href":"https:\/\/www.bymycar.fr\/webzine\/wp-json\/wp\/v2\/posts\/35130\/revisions"}],"predecessor-version":[{"id":39435,"href":"https:\/\/www.bymycar.fr\/webzine\/wp-json\/wp\/v2\/posts\/35130\/revisions\/39435"}],"wp:featuredmedia":[{"embeddable":true,"href":"https:\/\/www.bymycar.fr\/webzine\/wp-json\/wp\/v2\/media\/39478"}],"wp:attachment":[{"href":"https:\/\/www.bymycar.fr\/webzine\/wp-json\/wp\/v2\/media?parent=35130"}],"wp:term":[{"taxonomy":"category","embeddable":true,"href":"https:\/\/www.bymycar.fr\/webzine\/wp-json\/wp\/v2\/categories?post=35130"},{"taxonomy":"post_tag","embeddable":true,"href":"https:\/\/www.bymycar.fr\/webzine\/wp-json\/wp\/v2\/tags?post=35130"}],"curies":[{"name":"wp","href":"https:\/\/api.w.org\/{rel}","templated":true}]}}