{"id":35110,"date":"2022-08-25T08:56:30","date_gmt":"2022-08-25T06:56:30","guid":{"rendered":"https:\/\/prod.bymycar.fr\/webzine\/?p=35110"},"modified":"2026-04-27T14:30:02","modified_gmt":"2026-04-27T12:30:02","slug":"dacia-compte-affirmer-sa-presence-aux-journees-portes-ouvertes","status":"publish","type":"post","link":"https:\/\/www.bymycar.fr\/webzine\/dacia-compte-affirmer-sa-presence-aux-journees-portes-ouvertes\/","title":{"rendered":"Journ\u00e9es Portes Ouvertes dans vos concessions DACIA BYmyCAR"},"content":{"rendered":"","protected":false},"excerpt":{"rendered":"","protected":false},"author":88,"featured_media":39487,"comment_status":"closed","ping_status":"open","sticky":false,"template":"","format":"standard","meta":{"_acf_changed":false,"footnotes":""},"categories":[12939],"tags":[],"class_list":["post-35110","post","type-post","status-publish","format-standard","has-post-thumbnail","hentry","category-journees-portes-ouvertes"],"acf":{"template":"classique","introduction":"<p style=\"text-align: justify;\">Prenez un rendez-vous lors des prochaines journ\u00e9es portes ouvertes les 11 et 12 mars 2023 pour essayer les Dacia. Ces \u00e9v\u00e8nements sont l\u2019occasion d\u2019en admirer le design, d\u2019appr\u00e9cier leur confort, de tester les \u00e9quipements fournis, et de ressentir le plaisir de conduire. Voici les informations \u00e0 retenir sur les prochaines dates.<\/p>\n<p style=\"text-align: center;\"><a href=\"https:\/\/www.bymycar.fr\/concessions\/dacia\" target=\"_blank\" class=\"css-button css-button--gold\" >\n                Voir la concession Dacia BYmyCAR la plus proche de chez vous\n        <\/a><\/p>\n","strates":[{"type_strate":"carousel-produits","ancre":"","contenu":"<h2 style=\"text-align: justify;\">Quelle est la Dacia la plus int\u00e9ressante ?<\/h2>\n<p style=\"text-align: justify;\">Dynamique, agile, confortable, sportive, modulable, la\u00a0<a href=\"https:\/\/www.bymycar.fr\/marques\/dacia\">Dacia<\/a>\u00a0r\u00e9pond \u00e0 de nombreuses attentes. Vous pouvez profiter des journ\u00e9es portes ouvertes pour r\u00e9server l&rsquo;un de nos mod\u00e8les et effectuer un essai gratuit au volant d&rsquo;un v\u00e9hicule neuf avant de prendre votre d\u00e9cision.<\/p>\n<p style=\"text-align: justify;\">Choisissez la simplicit\u00e9 et obtenez toutes les r\u00e9ponses \u00e0 vos questions avec un essai routier en conditions r\u00e9elles de conduite.<\/p>\n<h2 style=\"text-align: justify;\">Quelle remise peut-on avoir chez Dacia ?<\/h2>\n<p style=\"text-align: justify;\">Avec BYmyCAR, des solutions et offres flexibles peuvent \u00eatre adapt\u00e9es \u00e0 vos besoins individuels sous r\u00e9serve d\u2019\u00e9tude de votre dossier. Vous pouvez b\u00e9n\u00e9ficier entre autres :<\/p>\n<ul style=\"text-align: justify;\">\n<li>D\u2019une acceptation par Diac ;<\/li>\n<li>D\u2019une location longue dur\u00e9e \u00e0 un tarif pr\u00e9f\u00e9rentiel ;<\/li>\n<li>D\u2019une reprise sur le prix de l\u2019argus ;<\/li>\n<li>D\u2019une prime \u00e0 la conversion ;<\/li>\n<li>Etc.<\/li>\n<\/ul>\n<p style=\"text-align: justify;\">Quel que soit votre projet auto, l\u2019\u00e9quipe commerciale BYmyCAR vous propose une offre adapt\u00e9e \u00e0 vos besoins.<\/p>\n<h2 style=\"text-align: justify;\">Envie de faire l&rsquo;acquisition d&rsquo;une Dacia ?<\/h2>\n<p style=\"text-align: justify;\">Voici quelques conseils pour vous aiguiller dans l\u2019achat de v\u00e9hicule :<\/p>\n<ul style=\"text-align: justify;\">\n<li>Consultez et comparez divers mod\u00e8les de v\u00e9hicules qui pourraient r\u00e9pondre \u00e0 vos besoins ; cela permet de faire un premier rep\u00e9rage des voitures qui vous int\u00e9ressent<\/li>\n<li>Rendez-vous en concession pour obtenir des informations plus pouss\u00e9es sur les voitures qui ont retenu votre attention, et pouvoir les essayer pour vous faire votre propre avis.<\/li>\n<li>\u00c9tudiez les diff\u00e9rentes conditions de financement : nous vous conseillons de faire appel \u00e0 nos experts en concession qui pourront vous expliquer toutes les modalit\u00e9s et vous accompagner au mieux dans votre projet.<\/li>\n<\/ul>\n<p style=\"text-align: justify;\">Durant les journ\u00e9es Portes Ouvertes, les concessions Dacia BYmyCAR sont exceptionnellement ouvertes le dimanche.<\/p>\n<h2 style=\"text-align: justify;\">Quelle remise sur la Dacia Sandero ?<\/h2>\n<p style=\"text-align: justify;\">BYmyCAR \u00e9value au juste prix toutes ses offres de v\u00e9hicules et certains b\u00e9n\u00e9ficient d\u2019une remise. Vous pouvez prendre un rendez-vous pour une \u00e9tude de dossier personnalis\u00e9e.<\/p>\n<h2 style=\"text-align: justify;\">Offre Dacia : nouveau Dacia<\/h2>\n<p style=\"text-align: justify;\">Une fois votre choix arr\u00eat\u00e9, vous pouvez organiser un essai routier avec votre concessionnaire Dacia BYmyCAR. Si vous avez besoin d&rsquo;une assistance pour faciliter la conduite, BYmyCAR pourra \u00e9galement vous aider \u00e0 organiser des adaptations sp\u00e9cialis\u00e9es.<\/p>\n<h2 style=\"text-align: justify;\">Portes ouvertes voiture : Dacia promotion<\/h2>\n<p style=\"text-align: justify;\">La Dacia est une berline haut de gamme au design radical. Elle regorge d&rsquo;innovations technologiques de pointe pour vous faire profiter d&rsquo;une exp\u00e9rience de conduite exceptionnelle avec l&rsquo;option d&rsquo;une motorisation diesel, essence ou hybride rechargeable.<\/p>\n<h2 style=\"text-align: justify;\">Portes ouvertes concessionnaire avec BYmyCAR<\/h2>\n<p style=\"text-align: justify;\">La gamme Dacia est enrichie de v\u00e9hicules modernes aux performances satisfaisantes. BYmyCAR vous propose plusieurs mod\u00e8les adapt\u00e9s aux attentes de chacun\u00a0:<\/p>\n<ul style=\"text-align: justify;\">\n<li>Duster\u00a0;<\/li>\n<li>Lodgy\u00a0;<\/li>\n<li>Dokker\u00a0:<\/li>\n<li>Logan\u00a0;<\/li>\n<li>Sandero.<\/li>\n<\/ul>\n<p style=\"text-align: justify;\">Le design dynamique de ses mod\u00e8les marie les atouts esth\u00e9tiques de l&rsquo;univers des SUV \u00e0 ceux des coup\u00e9s.<\/p>\n<h2 style=\"text-align: justify;\">Dacia Sandero : \u00e0 d\u00e9couvrir pendant les Portes Ouvertes<\/h2>\n<p style=\"text-align: justify;\">Le design de la nouvelle Dacia Sandero pr\u00e9sente un aspect familial avec des performances sportives. \u00a0Les occupants des si\u00e8ges arri\u00e8re b\u00e9n\u00e9ficient d&rsquo;un espace confortable pour les genoux et pour la t\u00eate, ce qui est significatif pour un tel design. Le coffre est g\u00e9n\u00e9reux et facile d&rsquo;acc\u00e8s, vous permettant de charger tous vos bagages de vacances sans souci.<\/p>\n<h2 style=\"text-align: justify;\">D\u00e9couvrez tous les mod\u00e8les Dacia dans vos concessions<\/h2>\n<p style=\"text-align: justify;\">Les participants des journ\u00e9es portes ouvertes Dacia pourront parcourir la collection actuelle de plusieurs mod\u00e8les Dacia classiques et modernes \u00e0 vendre. Vous souhaitez en savoir davantage sur un mod\u00e8le en particulier de Dacia ? Vous pouvez contacter BYmyCAR.<\/p>\n<h2 style=\"text-align: justify;\">Garage portes ouvertes : date des portes ouvertes<\/h2>\n<p style=\"text-align: justify;\">Les prochaines dates officielles des journ\u00e9es portes ouvertes sont les :<\/p>\n<ul style=\"text-align: justify;\">\n<li>14 et 15 janvier 2023<\/li>\n<li>Puis en mars, juin, septembre et octobre<\/li>\n<\/ul>\n<p style=\"text-align: justify;\">Pendant ces week-ends, BYmyCAR se propose de vous accompagner pour trouver la Dacia qui vous convient.<\/p>\n","titre":"D\u00e9couvrir les v\u00e9hicules DACIA","image":false,"image_libre":false,"image_800x500":false,"legende":"","zoom":false,"texte":"","articles":false,"categorie_droite":false,"images":false,"elements_comparatif":false,"texte_1":"","texte_2":"","image_1":false,"image_1_563x400":false,"image_1_332x332":false,"image_2":false,"image_2_333x240":false,"image_2_563x400":false,"image_3":false,"image_3_333x240":false,"image_3_332x450":false,"image_4":false,"image_4_332x332":false,"image_4_563x400":false,"code_embed":"","legende_video":"","photo":false,"photo_100x100":false,"nom":"","fonction":"","elements_timeline":false,"entetes_colonnes":false,"entetes_lignes":false,"lignes":false,"introduction":"","formulaire":false,"question":"","reponse":"","libelle_bouton_lien":"","url_lien":"","questions":false,"conclusions":false,"pays":"1","region":"","marque":"2","marqueConcessions":false,"modele":"","ptvente":"","typeV":"","collection":"","nombre_maximum_elements":"10","lien_fin_carousel":"https:\/\/www.bymycar.fr\/rechercher-un-vehicule?prod_VEHICLES%5BrefinementList%5D%5Bbrand%5D%5B0%5D=DACIA","texte_lien_fin_carousel":"Voir plus de v\u00e9hicules","trier_par":""},{"type_strate":"texte-simple","ancre":"","contenu":"<h2 style=\"text-align: justify;\">Quelle est la Dacia la plus int\u00e9ressante ?<\/h2>\n<p style=\"text-align: justify;\">Dynamique, agile, confortable, sportive, modulable, la\u00a0<a href=\"https:\/\/www.bymycar.fr\/marques\/dacia\">Dacia<\/a>\u00a0r\u00e9pond \u00e0 de nombreuses attentes. Vous pouvez profiter des journ\u00e9es portes ouvertes pour r\u00e9server l&rsquo;un de nos mod\u00e8les et effectuer un essai gratuit au volant d&rsquo;un v\u00e9hicule neuf avant de prendre votre d\u00e9cision.<\/p>\n<p style=\"text-align: justify;\">Choisissez la simplicit\u00e9 et obtenez toutes les r\u00e9ponses \u00e0 vos questions avec un essai routier en conditions r\u00e9elles de conduite.<\/p>\n<h2 style=\"text-align: justify;\">Quelle remise peut-on avoir chez Dacia ?<\/h2>\n<p style=\"text-align: justify;\">Avec BYmyCAR, des solutions et offres flexibles peuvent \u00eatre adapt\u00e9es \u00e0 vos besoins individuels sous r\u00e9serve d\u2019\u00e9tude de votre dossier. Vous pouvez b\u00e9n\u00e9ficier entre autres :<\/p>\n<ul style=\"text-align: justify;\">\n<li>D\u2019une acceptation par Diac ;<\/li>\n<li>D\u2019une location longue dur\u00e9e \u00e0 un tarif pr\u00e9f\u00e9rentiel ;<\/li>\n<li>D\u2019une reprise sur le prix de l\u2019argus ;<\/li>\n<li>D\u2019une prime \u00e0 la conversion ;<\/li>\n<li>Etc.<\/li>\n<\/ul>\n<p style=\"text-align: justify;\">Quel que soit votre projet auto, l\u2019\u00e9quipe commerciale BYmyCAR vous propose une offre adapt\u00e9e \u00e0 vos besoins.<\/p>\n<h2 style=\"text-align: justify;\">Envie de faire l&rsquo;acquisition d&rsquo;une Dacia ?<\/h2>\n<p style=\"text-align: justify;\">Voici quelques conseils pour vous aiguiller dans l\u2019achat de v\u00e9hicule :<\/p>\n<ul style=\"text-align: justify;\">\n<li>Consultez et comparez divers mod\u00e8les de v\u00e9hicules qui pourraient r\u00e9pondre \u00e0 vos besoins ; cela permet de faire un premier rep\u00e9rage des voitures qui vous int\u00e9ressent<\/li>\n<li>Rendez-vous en concession pour obtenir des informations plus pouss\u00e9es sur les voitures qui ont retenu votre attention, et pouvoir les essayer pour vous faire votre propre avis.<\/li>\n<li>\u00c9tudiez les diff\u00e9rentes conditions de financement : nous vous conseillons de faire appel \u00e0 nos experts en concession qui pourront vous expliquer toutes les modalit\u00e9s et vous accompagner au mieux dans votre projet.<\/li>\n<\/ul>\n<p style=\"text-align: justify;\">Durant les journ\u00e9es Portes Ouvertes, les concessions Dacia BYmyCAR sont exceptionnellement ouvertes le dimanche.<\/p>\n<h2 style=\"text-align: justify;\">Quelle remise sur la Dacia Sandero ?<\/h2>\n<p style=\"text-align: justify;\">BYmyCAR \u00e9value au juste prix toutes ses offres de v\u00e9hicules et certains b\u00e9n\u00e9ficient d\u2019une remise. Vous pouvez prendre un rendez-vous pour une \u00e9tude de dossier personnalis\u00e9e.<\/p>\n<h2 style=\"text-align: justify;\">Offre Dacia : nouveau Dacia<\/h2>\n<p style=\"text-align: justify;\">Une fois votre choix arr\u00eat\u00e9, vous pouvez organiser un essai routier avec votre concessionnaire Dacia BYmyCAR. Si vous avez besoin d&rsquo;une assistance pour faciliter la conduite, BYmyCAR pourra \u00e9galement vous aider \u00e0 organiser des adaptations sp\u00e9cialis\u00e9es.<\/p>\n<h2 style=\"text-align: justify;\">Portes ouvertes voiture : Dacia promotion<\/h2>\n<p style=\"text-align: justify;\">La Dacia est une berline haut de gamme au design radical. Elle regorge d&rsquo;innovations technologiques de pointe pour vous faire profiter d&rsquo;une exp\u00e9rience de conduite exceptionnelle avec l&rsquo;option d&rsquo;une motorisation diesel, essence ou hybride rechargeable.<\/p>\n<h2 style=\"text-align: justify;\">Portes ouvertes concessionnaire avec BYmyCAR<\/h2>\n<p style=\"text-align: justify;\">La gamme Dacia est enrichie de v\u00e9hicules modernes aux performances satisfaisantes. BYmyCAR vous propose plusieurs mod\u00e8les adapt\u00e9s aux attentes de chacun\u00a0:<\/p>\n<ul style=\"text-align: justify;\">\n<li>Duster\u00a0;<\/li>\n<li>Lodgy\u00a0;<\/li>\n<li>Dokker\u00a0:<\/li>\n<li>Logan\u00a0;<\/li>\n<li>Sandero.<\/li>\n<\/ul>\n<p style=\"text-align: justify;\">Le design dynamique de ses mod\u00e8les marie les atouts esth\u00e9tiques de l&rsquo;univers des SUV \u00e0 ceux des coup\u00e9s.<\/p>\n<h2 style=\"text-align: justify;\">Dacia Sandero : \u00e0 d\u00e9couvrir pendant les Portes Ouvertes<\/h2>\n<p style=\"text-align: justify;\">Le design de la nouvelle Dacia Sandero pr\u00e9sente un aspect familial avec des performances sportives. \u00a0Les occupants des si\u00e8ges arri\u00e8re b\u00e9n\u00e9ficient d&rsquo;un espace confortable pour les genoux et pour la t\u00eate, ce qui est significatif pour un tel design. Le coffre est g\u00e9n\u00e9reux et facile d&rsquo;acc\u00e8s, vous permettant de charger tous vos bagages de vacances sans souci.<\/p>\n<h2 style=\"text-align: justify;\">D\u00e9couvrez tous les mod\u00e8les Dacia dans vos concessions<\/h2>\n<p style=\"text-align: justify;\">Les participants des journ\u00e9es portes ouvertes Dacia pourront parcourir la collection actuelle de plusieurs mod\u00e8les Dacia classiques et modernes \u00e0 vendre. Vous souhaitez en savoir davantage sur un mod\u00e8le en particulier de Dacia ? Vous pouvez contacter BYmyCAR.<\/p>\n<h2 style=\"text-align: justify;\">Garage portes ouvertes : date des portes ouvertes<\/h2>\n<p style=\"text-align: justify;\">Les prochaines dates officielles des journ\u00e9es portes ouvertes sont les :<\/p>\n<ul style=\"text-align: justify;\">\n<li>14 et 15 janvier 2023<\/li>\n<li>Puis en mars, juin, septembre et octobre<\/li>\n<\/ul>\n<p style=\"text-align: justify;\">Pendant ces week-ends, BYmyCAR se propose de vous accompagner pour trouver la Dacia qui vous convient.<\/p>\n","titre":"Texte 1","image":false,"image_libre":false,"image_800x500":false,"legende":"","zoom":false,"texte":"","articles":false,"categorie_droite":false,"images":false,"elements_comparatif":false,"texte_1":"","texte_2":"","image_1":false,"image_1_563x400":false,"image_1_332x332":false,"image_2":false,"image_2_333x240":false,"image_2_563x400":false,"image_3":false,"image_3_333x240":false,"image_3_332x450":false,"image_4":false,"image_4_332x332":false,"image_4_563x400":false,"code_embed":"","legende_video":"","photo":false,"photo_100x100":false,"nom":"","fonction":"","elements_timeline":false,"entetes_colonnes":false,"entetes_lignes":false,"lignes":false,"introduction":"","formulaire":false,"question":"","reponse":"","libelle_bouton_lien":"","url_lien":"","questions":false,"conclusions":false,"pays":"1","region":"","marque":"2","marqueConcessions":false,"modele":"","ptvente":"","typeV":"","collection":"","nombre_maximum_elements":"10","lien_fin_carousel":"https:\/\/www.bymycar.fr\/rechercher-un-vehicule?prod_VEHICLES%5BrefinementList%5D%5Bbrand%5D%5B0%5D=DACIA","texte_lien_fin_carousel":"Voir plus de v\u00e9hicules","trier_par":""},{"type_strate":"carousel-produits","ancre":"","contenu":"","titre":"D\u00e9couvrir les v\u00e9hicules Dacia du moment","image":false,"image_libre":false,"image_800x500":false,"legende":"","zoom":false,"texte":"","articles":false,"categorie_droite":false,"images":false,"elements_comparatif":false,"texte_1":"","texte_2":"","image_1":false,"image_1_563x400":false,"image_1_332x332":false,"image_2":false,"image_2_333x240":false,"image_2_563x400":false,"image_3":false,"image_3_333x240":false,"image_3_332x450":false,"image_4":false,"image_4_332x332":false,"image_4_563x400":false,"code_embed":"","legende_video":"","photo":false,"photo_100x100":false,"nom":"","fonction":"","elements_timeline":false,"entetes_colonnes":false,"entetes_lignes":false,"lignes":false,"introduction":"","formulaire":false,"question":"","reponse":"","libelle_bouton_lien":"","url_lien":"","questions":false,"conclusions":false,"pays":"1","region":"","marque":"2","marqueConcessions":false,"modele":"","ptvente":"","typeV":"","collection":"","nombre_maximum_elements":"10","lien_fin_carousel":"https:\/\/www.bymycar.fr\/rechercher-un-vehicule?prod_VEHICLES%5BrefinementList%5D%5Bbrand%5D%5B0%5D=DACIA","texte_lien_fin_carousel":"Voir plus de v\u00e9hicules","trier_par":""}],"is_old_post":false,"image":{"ID":39487,"id":39487,"title":"2020_-_Essais_presse_Nouvelle_Dacia_Sandero","filename":"2020_-_Essais_presse_Nouvelle_Dacia_Sandero.jpeg","filesize":1,"url":"https:\/\/cdn.bymycar.eu\/fr-webzine\/wp-content\/uploads\/medias\/2020_-_Essais_presse_Nouvelle_Dacia_Sandero.jpeg","link":"https:\/\/www.bymycar.fr\/webzine\/dacia-compte-affirmer-sa-presence-aux-journees-portes-ouvertes\/2020_-_essais_presse_nouvelle_dacia_sandero\/","alt":"","author":"88","description":"","caption":"","name":"2020_-_essais_presse_nouvelle_dacia_sandero","status":"inherit","uploaded_to":35110,"date":"2023-01-30 13:45:11","modified":"2023-01-30 13:45:11","menu_order":0,"mime_type":"image\/jpeg","type":"image","subtype":"jpeg","icon":"https:\/\/www.bymycar.fr\/webzine\/wp-includes\/images\/media\/default.png","width":2560,"height":1706,"sizes":{"thumbnail":"https:\/\/cdn.bymycar.eu\/fr-webzine\/wp-content\/uploads\/medias\/2020_-_Essais_presse_Nouvelle_Dacia_Sandero-150x150.jpeg","thumbnail-width":150,"thumbnail-height":150,"medium":"https:\/\/cdn.bymycar.eu\/fr-webzine\/wp-content\/uploads\/medias\/2020_-_Essais_presse_Nouvelle_Dacia_Sandero-300x200.jpeg","medium-width":300,"medium-height":200,"medium_large":"https:\/\/cdn.bymycar.eu\/fr-webzine\/wp-content\/uploads\/medias\/2020_-_Essais_presse_Nouvelle_Dacia_Sandero-768x512.jpeg","medium_large-width":768,"medium_large-height":512,"large":"https:\/\/cdn.bymycar.eu\/fr-webzine\/wp-content\/uploads\/medias\/2020_-_Essais_presse_Nouvelle_Dacia_Sandero-1024x683.jpeg","large-width":1024,"large-height":683,"1536x1536":"https:\/\/cdn.bymycar.eu\/fr-webzine\/wp-content\/uploads\/medias\/2020_-_Essais_presse_Nouvelle_Dacia_Sandero-1536x1024.jpeg","1536x1536-width":1536,"1536x1536-height":1024,"2048x2048":"https:\/\/cdn.bymycar.eu\/fr-webzine\/wp-content\/uploads\/medias\/2020_-_Essais_presse_Nouvelle_Dacia_Sandero-2048x1365.jpeg","2048x2048-width":2048,"2048x2048-height":1365}},"page_content":{"block_content":[{"acf_fc_layout":"carousel-produits"},{"acf_fc_layout":"carousel-produits"},{"acf_fc_layout":"carousel-produits"},{"acf_fc_layout":"text-simple","--nav":{"-withNav":false,"-ancre":""},"--group":{"-text":"<h2 style=\"text-align: justify;\">Quelle est la Dacia la plus int\u00e9ressante ?<\/h2>\n<p style=\"text-align: justify;\">Dynamique, agile, confortable, sportive, modulable, la\u00a0<a href=\"https:\/\/www.bymycar.fr\/marques\/dacia\">Dacia<\/a>\u00a0r\u00e9pond \u00e0 de nombreuses attentes. Vous pouvez profiter des journ\u00e9es portes ouvertes pour r\u00e9server l&rsquo;un de nos mod\u00e8les et effectuer un essai gratuit au volant d&rsquo;un v\u00e9hicule neuf avant de prendre votre d\u00e9cision.<\/p>\n<p style=\"text-align: justify;\">Choisissez la simplicit\u00e9 et obtenez toutes les r\u00e9ponses \u00e0 vos questions avec un essai routier en conditions r\u00e9elles de conduite.<\/p>\n<h2 style=\"text-align: justify;\">Quelle remise peut-on avoir chez Dacia ?<\/h2>\n<p style=\"text-align: justify;\">Avec BYmyCAR, des solutions et offres flexibles peuvent \u00eatre adapt\u00e9es \u00e0 vos besoins individuels sous r\u00e9serve d\u2019\u00e9tude de votre dossier. Vous pouvez b\u00e9n\u00e9ficier entre autres :<\/p>\n<ul style=\"text-align: justify;\">\n<li>D\u2019une acceptation par Diac ;<\/li>\n<li>D\u2019une location longue dur\u00e9e \u00e0 un tarif pr\u00e9f\u00e9rentiel ;<\/li>\n<li>D\u2019une reprise sur le prix de l\u2019argus ;<\/li>\n<li>D\u2019une prime \u00e0 la conversion ;<\/li>\n<li>Etc.<\/li>\n<\/ul>\n<p style=\"text-align: justify;\">Quel que soit votre projet auto, l\u2019\u00e9quipe commerciale BYmyCAR vous propose une offre adapt\u00e9e \u00e0 vos besoins.<\/p>\n<h2 style=\"text-align: justify;\">Envie de faire l&rsquo;acquisition d&rsquo;une Dacia ?<\/h2>\n<p style=\"text-align: justify;\">Voici quelques conseils pour vous aiguiller dans l\u2019achat de v\u00e9hicule :<\/p>\n<ul style=\"text-align: justify;\">\n<li>Consultez et comparez divers mod\u00e8les de v\u00e9hicules qui pourraient r\u00e9pondre \u00e0 vos besoins ; cela permet de faire un premier rep\u00e9rage des voitures qui vous int\u00e9ressent<\/li>\n<li>Rendez-vous en concession pour obtenir des informations plus pouss\u00e9es sur les voitures qui ont retenu votre attention, et pouvoir les essayer pour vous faire votre propre avis.<\/li>\n<li>\u00c9tudiez les diff\u00e9rentes conditions de financement : nous vous conseillons de faire appel \u00e0 nos experts en concession qui pourront vous expliquer toutes les modalit\u00e9s et vous accompagner au mieux dans votre projet.<\/li>\n<\/ul>\n<p style=\"text-align: justify;\">Durant les journ\u00e9es Portes Ouvertes, les concessions Dacia BYmyCAR sont exceptionnellement ouvertes le dimanche.<\/p>\n<h2 style=\"text-align: justify;\">Quelle remise sur la Dacia Sandero ?<\/h2>\n<p style=\"text-align: justify;\">BYmyCAR \u00e9value au juste prix toutes ses offres de v\u00e9hicules et certains b\u00e9n\u00e9ficient d\u2019une remise. Vous pouvez prendre un rendez-vous pour une \u00e9tude de dossier personnalis\u00e9e.<\/p>\n<h2 style=\"text-align: justify;\">Offre Dacia : nouveau Dacia<\/h2>\n<p style=\"text-align: justify;\">Une fois votre choix arr\u00eat\u00e9, vous pouvez organiser un essai routier avec votre concessionnaire Dacia BYmyCAR. Si vous avez besoin d&rsquo;une assistance pour faciliter la conduite, BYmyCAR pourra \u00e9galement vous aider \u00e0 organiser des adaptations sp\u00e9cialis\u00e9es.<\/p>\n<h2 style=\"text-align: justify;\">Portes ouvertes voiture : Dacia promotion<\/h2>\n<p style=\"text-align: justify;\">La Dacia est une berline haut de gamme au design radical. Elle regorge d&rsquo;innovations technologiques de pointe pour vous faire profiter d&rsquo;une exp\u00e9rience de conduite exceptionnelle avec l&rsquo;option d&rsquo;une motorisation diesel, essence ou hybride rechargeable.<\/p>\n<h2 style=\"text-align: justify;\">Portes ouvertes concessionnaire avec BYmyCAR<\/h2>\n<p style=\"text-align: justify;\">La gamme Dacia est enrichie de v\u00e9hicules modernes aux performances satisfaisantes. BYmyCAR vous propose plusieurs mod\u00e8les adapt\u00e9s aux attentes de chacun\u00a0:<\/p>\n<ul style=\"text-align: justify;\">\n<li>Duster\u00a0;<\/li>\n<li>Lodgy\u00a0;<\/li>\n<li>Dokker\u00a0:<\/li>\n<li>Logan\u00a0;<\/li>\n<li>Sandero.<\/li>\n<\/ul>\n<p style=\"text-align: justify;\">Le design dynamique de ses mod\u00e8les marie les atouts esth\u00e9tiques de l&rsquo;univers des SUV \u00e0 ceux des coup\u00e9s.<\/p>\n<h2 style=\"text-align: justify;\">Dacia Sandero : \u00e0 d\u00e9couvrir pendant les Portes Ouvertes<\/h2>\n<p style=\"text-align: justify;\">Le design de la nouvelle Dacia Sandero pr\u00e9sente un aspect familial avec des performances sportives. \u00a0Les occupants des si\u00e8ges arri\u00e8re b\u00e9n\u00e9ficient d&rsquo;un espace confortable pour les genoux et pour la t\u00eate, ce qui est significatif pour un tel design. Le coffre est g\u00e9n\u00e9reux et facile d&rsquo;acc\u00e8s, vous permettant de charger tous vos bagages de vacances sans souci.<\/p>\n<h2 style=\"text-align: justify;\">D\u00e9couvrez tous les mod\u00e8les Dacia dans vos concessions<\/h2>\n<p style=\"text-align: justify;\">Les participants des journ\u00e9es portes ouvertes Dacia pourront parcourir la collection actuelle de plusieurs mod\u00e8les Dacia classiques et modernes \u00e0 vendre. Vous souhaitez en savoir davantage sur un mod\u00e8le en particulier de Dacia ? Vous pouvez contacter BYmyCAR.<\/p>\n<h2 style=\"text-align: justify;\">Garage portes ouvertes : date des portes ouvertes<\/h2>\n<p style=\"text-align: justify;\">Les prochaines dates officielles des journ\u00e9es portes ouvertes sont les :<\/p>\n<ul style=\"text-align: justify;\">\n<li>14 et 15 janvier 2023<\/li>\n<li>Puis en mars, juin, septembre et octobre<\/li>\n<\/ul>\n<p style=\"text-align: justify;\">Pendant ces week-ends, BYmyCAR se propose de vous accompagner pour trouver la Dacia qui vous convient.<\/p>\n"}}]},"add-carousel-to-footer":true},"yoast_head":"<!-- This site is optimized with the Yoast SEO Premium plugin v26.4 (Yoast SEO v26.4) - https:\/\/yoast.com\/wordpress\/plugins\/seo\/ -->\n<title>Journ\u00e9es Portes Ouvertes dans vos concessions DACIA BYmyCAR<\/title>\n<meta name=\"robots\" content=\"index, follow, max-snippet:-1, max-image-preview:large, max-video-preview:-1\" \/>\n<link rel=\"canonical\" href=\"https:\/\/www.bymycar.fr\/webzine\/dacia-compte-affirmer-sa-presence-aux-journees-portes-ouvertes\/\" \/>\n<meta property=\"og:locale\" content=\"fr_FR\" \/>\n<meta property=\"og:type\" content=\"article\" \/>\n<meta property=\"og:title\" content=\"Journ\u00e9es Portes Ouvertes dans vos concessions DACIA BYmyCAR\" \/>\n<meta property=\"og:url\" content=\"https:\/\/www.bymycar.fr\/webzine\/dacia-compte-affirmer-sa-presence-aux-journees-portes-ouvertes\/\" \/>\n<meta property=\"og:site_name\" content=\"Webzine auto BYmyCAR\" \/>\n<meta property=\"article:published_time\" content=\"2022-08-25T06:56:30+00:00\" \/>\n<meta property=\"article:modified_time\" content=\"2026-04-27T12:30:02+00:00\" \/>\n<meta property=\"og:image\" content=\"https:\/\/cdn.bymycar.eu\/fr-webzine\/wp-content\/uploads\/medias\/2020_-_Essais_presse_Nouvelle_Dacia_Sandero.jpeg\" \/>\n\t<meta property=\"og:image:width\" content=\"2560\" \/>\n\t<meta property=\"og:image:height\" content=\"1706\" \/>\n\t<meta property=\"og:image:type\" content=\"image\/jpeg\" \/>\n<meta name=\"author\" content=\"La R\u00e9daction BYmyCAR\" \/>\n<meta name=\"twitter:card\" content=\"summary_large_image\" \/>\n<meta name=\"twitter:label1\" content=\"\u00c9crit par\" \/>\n\t<meta name=\"twitter:data1\" content=\"La R\u00e9daction BYmyCAR\" \/>\n<script type=\"application\/ld+json\" class=\"yoast-schema-graph\">{\"@context\":\"https:\/\/schema.org\",\"@graph\":[{\"@type\":\"Article\",\"@id\":\"https:\/\/www.bymycar.fr\/webzine\/dacia-compte-affirmer-sa-presence-aux-journees-portes-ouvertes\/#article\",\"isPartOf\":{\"@id\":\"https:\/\/www.bymycar.fr\/webzine\/dacia-compte-affirmer-sa-presence-aux-journees-portes-ouvertes\/\"},\"author\":{\"name\":\"La R\u00e9daction BYmyCAR\",\"@id\":\"https:\/\/www.bymycar.fr\/webzine\/#\/schema\/person\/8d570fe11eb8929f06c1e6d00f4d9689\"},\"headline\":\"Journ\u00e9es Portes Ouvertes dans vos concessions DACIA BYmyCAR\",\"datePublished\":\"2022-08-25T06:56:30+00:00\",\"dateModified\":\"2026-04-27T12:30:02+00:00\",\"mainEntityOfPage\":{\"@id\":\"https:\/\/www.bymycar.fr\/webzine\/dacia-compte-affirmer-sa-presence-aux-journees-portes-ouvertes\/\"},\"wordCount\":9,\"publisher\":{\"@id\":\"https:\/\/www.bymycar.fr\/webzine\/#organization\"},\"image\":{\"@id\":\"https:\/\/www.bymycar.fr\/webzine\/dacia-compte-affirmer-sa-presence-aux-journees-portes-ouvertes\/#primaryimage\"},\"thumbnailUrl\":\"https:\/\/cdn.bymycar.eu\/fr-webzine\/wp-content\/uploads\/medias\/2020_-_Essais_presse_Nouvelle_Dacia_Sandero.jpeg\",\"articleSection\":[\"Journ\u00e9es Portes Ouvertes\"],\"inLanguage\":\"fr-FR\"},{\"@type\":\"WebPage\",\"@id\":\"https:\/\/www.bymycar.fr\/webzine\/dacia-compte-affirmer-sa-presence-aux-journees-portes-ouvertes\/\",\"url\":\"https:\/\/www.bymycar.fr\/webzine\/dacia-compte-affirmer-sa-presence-aux-journees-portes-ouvertes\/\",\"name\":\"Journ\u00e9es Portes Ouvertes dans vos concessions DACIA BYmyCAR\",\"isPartOf\":{\"@id\":\"https:\/\/www.bymycar.fr\/webzine\/#website\"},\"primaryImageOfPage\":{\"@id\":\"https:\/\/www.bymycar.fr\/webzine\/dacia-compte-affirmer-sa-presence-aux-journees-portes-ouvertes\/#primaryimage\"},\"image\":{\"@id\":\"https:\/\/www.bymycar.fr\/webzine\/dacia-compte-affirmer-sa-presence-aux-journees-portes-ouvertes\/#primaryimage\"},\"thumbnailUrl\":\"https:\/\/cdn.bymycar.eu\/fr-webzine\/wp-content\/uploads\/medias\/2020_-_Essais_presse_Nouvelle_Dacia_Sandero.jpeg\",\"datePublished\":\"2022-08-25T06:56:30+00:00\",\"dateModified\":\"2026-04-27T12:30:02+00:00\",\"breadcrumb\":{\"@id\":\"https:\/\/www.bymycar.fr\/webzine\/dacia-compte-affirmer-sa-presence-aux-journees-portes-ouvertes\/#breadcrumb\"},\"inLanguage\":\"fr-FR\",\"potentialAction\":[{\"@type\":\"ReadAction\",\"target\":[\"https:\/\/www.bymycar.fr\/webzine\/dacia-compte-affirmer-sa-presence-aux-journees-portes-ouvertes\/\"]}]},{\"@type\":\"ImageObject\",\"inLanguage\":\"fr-FR\",\"@id\":\"https:\/\/www.bymycar.fr\/webzine\/dacia-compte-affirmer-sa-presence-aux-journees-portes-ouvertes\/#primaryimage\",\"url\":\"https:\/\/cdn.bymycar.eu\/fr-webzine\/wp-content\/uploads\/medias\/2020_-_Essais_presse_Nouvelle_Dacia_Sandero.jpeg\",\"contentUrl\":\"https:\/\/cdn.bymycar.eu\/fr-webzine\/wp-content\/uploads\/medias\/2020_-_Essais_presse_Nouvelle_Dacia_Sandero.jpeg\",\"width\":2560,\"height\":1706},{\"@type\":\"BreadcrumbList\",\"@id\":\"https:\/\/www.bymycar.fr\/webzine\/dacia-compte-affirmer-sa-presence-aux-journees-portes-ouvertes\/#breadcrumb\",\"itemListElement\":[{\"@type\":\"ListItem\",\"position\":1,\"name\":\"Accueil\",\"item\":\"https:\/\/www.bymycar.fr\/webzine\/\"},{\"@type\":\"ListItem\",\"position\":2,\"name\":\"Journ\u00e9es Portes Ouvertes dans vos concessions DACIA BYmyCAR\"}]},{\"@type\":\"WebSite\",\"@id\":\"https:\/\/www.bymycar.fr\/webzine\/#website\",\"url\":\"https:\/\/www.bymycar.fr\/webzine\/\",\"name\":\"Webzine auto BYmyCAR\",\"description\":\"La magazine auto de BYmyCAR\",\"publisher\":{\"@id\":\"https:\/\/www.bymycar.fr\/webzine\/#organization\"},\"potentialAction\":[{\"@type\":\"SearchAction\",\"target\":{\"@type\":\"EntryPoint\",\"urlTemplate\":\"https:\/\/www.bymycar.fr\/webzine\/?s={search_term_string}\"},\"query-input\":{\"@type\":\"PropertyValueSpecification\",\"valueRequired\":true,\"valueName\":\"search_term_string\"}}],\"inLanguage\":\"fr-FR\"},{\"@type\":\"Organization\",\"@id\":\"https:\/\/www.bymycar.fr\/webzine\/#organization\",\"name\":\"BYmyCAR\",\"url\":\"https:\/\/www.bymycar.fr\/webzine\/\",\"logo\":{\"@type\":\"ImageObject\",\"inLanguage\":\"fr-FR\",\"@id\":\"https:\/\/www.bymycar.fr\/webzine\/#\/schema\/logo\/image\/\",\"url\":\"https:\/\/cdn.bymycar.eu\/fr-webzine\/wp-content\/uploads\/medias\/2017\/08\/logo_DEALER_00000406_001.png\",\"contentUrl\":\"https:\/\/cdn.bymycar.eu\/fr-webzine\/wp-content\/uploads\/medias\/2017\/08\/logo_DEALER_00000406_001.png\",\"width\":2132,\"height\":720,\"caption\":\"BYmyCAR\"},\"image\":{\"@id\":\"https:\/\/www.bymycar.fr\/webzine\/#\/schema\/logo\/image\/\"}},{\"@type\":\"Person\",\"@id\":\"https:\/\/www.bymycar.fr\/webzine\/#\/schema\/person\/8d570fe11eb8929f06c1e6d00f4d9689\",\"name\":\"La R\u00e9daction BYmyCAR\",\"image\":{\"@type\":\"ImageObject\",\"inLanguage\":\"fr-FR\",\"@id\":\"https:\/\/www.bymycar.fr\/webzine\/#\/schema\/person\/image\/\",\"url\":\"https:\/\/secure.gravatar.com\/avatar\/1aa6b039d0ce106989923af4e2d0f2a0c82bb070d5e449f1b9adf082a5863900?s=96&d=mm&r=g\",\"contentUrl\":\"https:\/\/secure.gravatar.com\/avatar\/1aa6b039d0ce106989923af4e2d0f2a0c82bb070d5e449f1b9adf082a5863900?s=96&d=mm&r=g\",\"caption\":\"La R\u00e9daction BYmyCAR\"},\"sameAs\":[\"https:\/\/www.bymycar.fr\/\"]}]}<\/script>\n<!-- \/ Yoast SEO Premium plugin. -->","yoast_head_json":{"title":"Journ\u00e9es Portes Ouvertes dans vos concessions DACIA BYmyCAR","robots":{"index":"index","follow":"follow","max-snippet":"max-snippet:-1","max-image-preview":"max-image-preview:large","max-video-preview":"max-video-preview:-1"},"canonical":"https:\/\/www.bymycar.fr\/webzine\/dacia-compte-affirmer-sa-presence-aux-journees-portes-ouvertes\/","og_locale":"fr_FR","og_type":"article","og_title":"Journ\u00e9es Portes Ouvertes dans vos concessions DACIA BYmyCAR","og_url":"https:\/\/www.bymycar.fr\/webzine\/dacia-compte-affirmer-sa-presence-aux-journees-portes-ouvertes\/","og_site_name":"Webzine auto BYmyCAR","article_published_time":"2022-08-25T06:56:30+00:00","article_modified_time":"2026-04-27T12:30:02+00:00","og_image":[{"width":2560,"height":1706,"url":"https:\/\/cdn.bymycar.eu\/fr-webzine\/wp-content\/uploads\/medias\/2020_-_Essais_presse_Nouvelle_Dacia_Sandero.jpeg","type":"image\/jpeg"}],"author":"La R\u00e9daction BYmyCAR","twitter_card":"summary_large_image","twitter_misc":{"\u00c9crit par":"La R\u00e9daction BYmyCAR"},"schema":{"@context":"https:\/\/schema.org","@graph":[{"@type":"Article","@id":"https:\/\/www.bymycar.fr\/webzine\/dacia-compte-affirmer-sa-presence-aux-journees-portes-ouvertes\/#article","isPartOf":{"@id":"https:\/\/www.bymycar.fr\/webzine\/dacia-compte-affirmer-sa-presence-aux-journees-portes-ouvertes\/"},"author":{"name":"La R\u00e9daction BYmyCAR","@id":"https:\/\/www.bymycar.fr\/webzine\/#\/schema\/person\/8d570fe11eb8929f06c1e6d00f4d9689"},"headline":"Journ\u00e9es Portes Ouvertes dans vos concessions DACIA BYmyCAR","datePublished":"2022-08-25T06:56:30+00:00","dateModified":"2026-04-27T12:30:02+00:00","mainEntityOfPage":{"@id":"https:\/\/www.bymycar.fr\/webzine\/dacia-compte-affirmer-sa-presence-aux-journees-portes-ouvertes\/"},"wordCount":9,"publisher":{"@id":"https:\/\/www.bymycar.fr\/webzine\/#organization"},"image":{"@id":"https:\/\/www.bymycar.fr\/webzine\/dacia-compte-affirmer-sa-presence-aux-journees-portes-ouvertes\/#primaryimage"},"thumbnailUrl":"https:\/\/cdn.bymycar.eu\/fr-webzine\/wp-content\/uploads\/medias\/2020_-_Essais_presse_Nouvelle_Dacia_Sandero.jpeg","articleSection":["Journ\u00e9es Portes Ouvertes"],"inLanguage":"fr-FR"},{"@type":"WebPage","@id":"https:\/\/www.bymycar.fr\/webzine\/dacia-compte-affirmer-sa-presence-aux-journees-portes-ouvertes\/","url":"https:\/\/www.bymycar.fr\/webzine\/dacia-compte-affirmer-sa-presence-aux-journees-portes-ouvertes\/","name":"Journ\u00e9es Portes Ouvertes dans vos concessions DACIA BYmyCAR","isPartOf":{"@id":"https:\/\/www.bymycar.fr\/webzine\/#website"},"primaryImageOfPage":{"@id":"https:\/\/www.bymycar.fr\/webzine\/dacia-compte-affirmer-sa-presence-aux-journees-portes-ouvertes\/#primaryimage"},"image":{"@id":"https:\/\/www.bymycar.fr\/webzine\/dacia-compte-affirmer-sa-presence-aux-journees-portes-ouvertes\/#primaryimage"},"thumbnailUrl":"https:\/\/cdn.bymycar.eu\/fr-webzine\/wp-content\/uploads\/medias\/2020_-_Essais_presse_Nouvelle_Dacia_Sandero.jpeg","datePublished":"2022-08-25T06:56:30+00:00","dateModified":"2026-04-27T12:30:02+00:00","breadcrumb":{"@id":"https:\/\/www.bymycar.fr\/webzine\/dacia-compte-affirmer-sa-presence-aux-journees-portes-ouvertes\/#breadcrumb"},"inLanguage":"fr-FR","potentialAction":[{"@type":"ReadAction","target":["https:\/\/www.bymycar.fr\/webzine\/dacia-compte-affirmer-sa-presence-aux-journees-portes-ouvertes\/"]}]},{"@type":"ImageObject","inLanguage":"fr-FR","@id":"https:\/\/www.bymycar.fr\/webzine\/dacia-compte-affirmer-sa-presence-aux-journees-portes-ouvertes\/#primaryimage","url":"https:\/\/cdn.bymycar.eu\/fr-webzine\/wp-content\/uploads\/medias\/2020_-_Essais_presse_Nouvelle_Dacia_Sandero.jpeg","contentUrl":"https:\/\/cdn.bymycar.eu\/fr-webzine\/wp-content\/uploads\/medias\/2020_-_Essais_presse_Nouvelle_Dacia_Sandero.jpeg","width":2560,"height":1706},{"@type":"BreadcrumbList","@id":"https:\/\/www.bymycar.fr\/webzine\/dacia-compte-affirmer-sa-presence-aux-journees-portes-ouvertes\/#breadcrumb","itemListElement":[{"@type":"ListItem","position":1,"name":"Accueil","item":"https:\/\/www.bymycar.fr\/webzine\/"},{"@type":"ListItem","position":2,"name":"Journ\u00e9es Portes Ouvertes dans vos concessions DACIA BYmyCAR"}]},{"@type":"WebSite","@id":"https:\/\/www.bymycar.fr\/webzine\/#website","url":"https:\/\/www.bymycar.fr\/webzine\/","name":"Webzine auto BYmyCAR","description":"La magazine auto de BYmyCAR","publisher":{"@id":"https:\/\/www.bymycar.fr\/webzine\/#organization"},"potentialAction":[{"@type":"SearchAction","target":{"@type":"EntryPoint","urlTemplate":"https:\/\/www.bymycar.fr\/webzine\/?s={search_term_string}"},"query-input":{"@type":"PropertyValueSpecification","valueRequired":true,"valueName":"search_term_string"}}],"inLanguage":"fr-FR"},{"@type":"Organization","@id":"https:\/\/www.bymycar.fr\/webzine\/#organization","name":"BYmyCAR","url":"https:\/\/www.bymycar.fr\/webzine\/","logo":{"@type":"ImageObject","inLanguage":"fr-FR","@id":"https:\/\/www.bymycar.fr\/webzine\/#\/schema\/logo\/image\/","url":"https:\/\/cdn.bymycar.eu\/fr-webzine\/wp-content\/uploads\/medias\/2017\/08\/logo_DEALER_00000406_001.png","contentUrl":"https:\/\/cdn.bymycar.eu\/fr-webzine\/wp-content\/uploads\/medias\/2017\/08\/logo_DEALER_00000406_001.png","width":2132,"height":720,"caption":"BYmyCAR"},"image":{"@id":"https:\/\/www.bymycar.fr\/webzine\/#\/schema\/logo\/image\/"}},{"@type":"Person","@id":"https:\/\/www.bymycar.fr\/webzine\/#\/schema\/person\/8d570fe11eb8929f06c1e6d00f4d9689","name":"La R\u00e9daction BYmyCAR","image":{"@type":"ImageObject","inLanguage":"fr-FR","@id":"https:\/\/www.bymycar.fr\/webzine\/#\/schema\/person\/image\/","url":"https:\/\/secure.gravatar.com\/avatar\/1aa6b039d0ce106989923af4e2d0f2a0c82bb070d5e449f1b9adf082a5863900?s=96&d=mm&r=g","contentUrl":"https:\/\/secure.gravatar.com\/avatar\/1aa6b039d0ce106989923af4e2d0f2a0c82bb070d5e449f1b9adf082a5863900?s=96&d=mm&r=g","caption":"La R\u00e9daction BYmyCAR"},"sameAs":["https:\/\/www.bymycar.fr\/"]}]}},"_links":{"self":[{"href":"https:\/\/www.bymycar.fr\/webzine\/wp-json\/wp\/v2\/posts\/35110","targetHints":{"allow":["GET"]}}],"collection":[{"href":"https:\/\/www.bymycar.fr\/webzine\/wp-json\/wp\/v2\/posts"}],"about":[{"href":"https:\/\/www.bymycar.fr\/webzine\/wp-json\/wp\/v2\/types\/post"}],"author":[{"embeddable":true,"href":"https:\/\/www.bymycar.fr\/webzine\/wp-json\/wp\/v2\/users\/88"}],"replies":[{"embeddable":true,"href":"https:\/\/www.bymycar.fr\/webzine\/wp-json\/wp\/v2\/comments?post=35110"}],"version-history":[{"count":7,"href":"https:\/\/www.bymycar.fr\/webzine\/wp-json\/wp\/v2\/posts\/35110\/revisions"}],"predecessor-version":[{"id":39449,"href":"https:\/\/www.bymycar.fr\/webzine\/wp-json\/wp\/v2\/posts\/35110\/revisions\/39449"}],"wp:featuredmedia":[{"embeddable":true,"href":"https:\/\/www.bymycar.fr\/webzine\/wp-json\/wp\/v2\/media\/39487"}],"wp:attachment":[{"href":"https:\/\/www.bymycar.fr\/webzine\/wp-json\/wp\/v2\/media?parent=35110"}],"wp:term":[{"taxonomy":"category","embeddable":true,"href":"https:\/\/www.bymycar.fr\/webzine\/wp-json\/wp\/v2\/categories?post=35110"},{"taxonomy":"post_tag","embeddable":true,"href":"https:\/\/www.bymycar.fr\/webzine\/wp-json\/wp\/v2\/tags?post=35110"}],"curies":[{"name":"wp","href":"https:\/\/api.w.org\/{rel}","templated":true}]}}