{"id":35106,"date":"2022-08-25T08:51:53","date_gmt":"2022-08-25T06:51:53","guid":{"rendered":"https:\/\/prod.bymycar.fr\/webzine\/?p=35106"},"modified":"2026-04-27T14:30:03","modified_gmt":"2026-04-27T12:30:03","slug":"renault-sort-le-grand-jeu-lors-des-journees-portes-ouvertes","status":"publish","type":"post","link":"https:\/\/www.bymycar.fr\/webzine\/renault-sort-le-grand-jeu-lors-des-journees-portes-ouvertes\/","title":{"rendered":"Renault sort le grand jeu lors des journ\u00e9es portes ouvertes"},"content":{"rendered":"","protected":false},"excerpt":{"rendered":"","protected":false},"author":88,"featured_media":39488,"comment_status":"closed","ping_status":"open","sticky":false,"template":"","format":"standard","meta":{"_acf_changed":false,"footnotes":""},"categories":[12939],"tags":[],"class_list":["post-35106","post","type-post","status-publish","format-standard","has-post-thumbnail","hentry","category-journees-portes-ouvertes"],"acf":{"template":"classique","introduction":"<p style=\"text-align: justify;\">Les <a href=\"https:\/\/www.bymycar.fr\/webzine\/dacia-compte-affirmer-sa-presence-aux-journees-portes-ouvertes\/\">journ\u00e9es portes ouvertes<\/a> Renault sont de retour pour l&rsquo;ann\u00e9e 2023. Lors de ces rendez-vous, le r\u00e9seau Renault pr\u00e9sente des v\u00e9hicules en promotion exceptionnelle avec une possibilit\u00e9 de location longue dur\u00e9e, d&rsquo;achat de v\u00e9hicules neufs ou d&rsquo;occasion \u00e0 des tarifs pr\u00e9f\u00e9rentiels. Rendez-vous dans vos concessions Renault BYmyCAR les 11 et 12 mars pour les prochaines journ\u00e9es Portes Ouvertes !<\/p>\n<p style=\"text-align: center;\"><a href=\"https:\/\/www.bymycar.fr\/concessions\/renault\" target=\"_blank\" class=\"css-button css-button--gold\" >\n                Voir la concession Renault BYmyCAR la plus proche de chez vous\n        <\/a><\/p>\n<p>&nbsp;<\/p>\n","strates":[{"type_strate":"carousel-produits","ancre":"","contenu":"<h2 style=\"text-align: justify;\">Renault : portes ouvertes<\/h2>\n<p style=\"text-align: justify;\">Les voitures modernes sont performantes tout en \u00e9tant \u00e9conomiques et efficaces. La longue histoire de Renault dans la technologie automobile le place en position de force pour r\u00e9pondre aux besoins \u00e9volutifs de l&rsquo;automobiliste, offrant des technologies de pointe sans sacrifier le plaisir de conduire.<\/p>\n<p style=\"text-align: justify;\">Avec la M\u00e9gane, le groupe Renault s&rsquo;est efforc\u00e9 de se d\u00e9marquer parmi les berlines du segment B. Vous avez donc un tableau de bord bicolore qui se d\u00e9cline en deux teintes, gris ou orange, selon la couleur ext\u00e9rieure. Les bouches d&rsquo;a\u00e9ration verticales sont optimis\u00e9es et l&rsquo;effet alv\u00e9ol\u00e9 sur la partie color\u00e9e du tableau de bord se d\u00e9marque \u00e9galement.<\/p>\n<h2 style=\"text-align: justify;\">Voiture : concession Renault vs site Renault<\/h2>\n<p style=\"text-align: justify;\">Un grand choix de v\u00e9hicules neufs ou d\u2019occasion est disponible pendant les journ\u00e9es portes ouvertes. Berline, citadine, pick-up, crossover, camion, sportive, fourgonnette, que vous recherchiez un v\u00e9hicule personnel ou professionnel, BYmyCAR vous propose d\u2019essayer l&rsquo;une des voitures de son parc auto. D\u00e9couvrez l&rsquo;\u00e9tendue de la gamme Renault et choisissez parmi les diff\u00e9rents mod\u00e8les.<\/p>\n<p style=\"text-align: justify;\">Plusieurs points de vente servent aussi de lieux d\u2019exposition comme la succursale\u00a0<a href=\"https:\/\/www.bymycar.fr\/marques\/renault\">Renault<\/a>\u00a0\u00e0 Noisy-le-Grand. Pour d\u00e9couvrir toutes les adresses des sites Renault, prenez rendez-vous avec un conseiller BYmyCAR.<\/p>\n<p style=\"text-align: justify;\">Faites-vous une id\u00e9e des exp\u00e9riences en magasin avec un essai routier Renault.<\/p>\n<p style=\"text-align: justify;\">Harmonie int\u00e9rieure, confort d&rsquo;utilisation, douceur du moteur, agr\u00e9ment de conduite, tenue de route du v\u00e9hicule, ces \u00e9l\u00e9ments sont indispensables pour prendre une d\u00e9cision r\u00e9fl\u00e9chie et sereine. Vous h\u00e9sitez entre diff\u00e9rents mod\u00e8les ? Faites-vous confiance et suivez votre instinct apr\u00e8s un essai routier dans le v\u00e9hicule de votre choix.<\/p>\n<p style=\"text-align: justify;\">N&rsquo;attendez plus pour r\u00e9server votre essai routier !<\/p>\n<h2 style=\"text-align: justify;\">Concessionnaire BYmyCAR : portes ouvertes\u00a0<u>auto<\/u><\/h2>\n<p style=\"text-align: justify;\">La marque Renault sera en t\u00eate d\u2019affiche au rendez-vous des prochaines journ\u00e9es portes ouvertes :<\/p>\n<ul style=\"text-align: justify;\">\n<li>14 et 15 janvier 2023<\/li>\n<li>puis en mars, juin, septembre et octobre<\/li>\n<\/ul>\n<p style=\"text-align: justify;\">Si votre emploi du temps ne vous permet pas d\u2019y \u00eatre, BYmyCAR vous accueille tout le reste de l&rsquo;ann\u00e9e dans ses concessions pour tester la voiture souhait\u00e9e.<\/p>\n<h2 style=\"text-align: justify;\">Renault France<\/h2>\n<p style=\"text-align: justify;\">La ville de Boulogne-Billancourt accueille le si\u00e8ge social de Renault. Le groupe dispose d\u2019un Rcs Bobigny (registre de commerce des soci\u00e9t\u00e9s). Il s\u2019agit d\u2019une SA au capital de plusieurs millions d\u2019euros. Renault pr\u00e9voit de quitter son si\u00e8ge social actuel pour s\u2019installer dans de nouveaux locaux. Le d\u00e9m\u00e9nagement du si\u00e8ge social se fera d\u2019ici la fin de l\u2019ann\u00e9e 2022.<\/p>\n<h2 style=\"text-align: justify;\">Testez nos diff\u00e9rents mod\u00e8les en concession<\/h2>\n<p style=\"text-align: justify;\">Profitez de cette opportunit\u00e9 de journ\u00e9es portes ouvertes pour tester la nouvelle Renault Zoe E-TECH. Il s\u2019agit de la voiture \u00e9lectrique la plus vendue en Europe avec ses \u00e9quipements innovants alliant qualit\u00e9 et technologie. En mode autonomie, elle gagne des kilom\u00e8tres suppl\u00e9mentaires.<\/p>\n","titre":"D\u00e9couvrir les v\u00e9hicules Renault","image":false,"image_libre":false,"image_800x500":false,"legende":"","zoom":false,"texte":"","articles":false,"categorie_droite":false,"images":false,"elements_comparatif":false,"texte_1":"","texte_2":"","image_1":false,"image_1_563x400":false,"image_1_332x332":false,"image_2":false,"image_2_333x240":false,"image_2_563x400":false,"image_3":false,"image_3_333x240":false,"image_3_332x450":false,"image_4":false,"image_4_332x332":false,"image_4_563x400":false,"code_embed":"","legende_video":"","photo":false,"photo_100x100":false,"nom":"","fonction":"","elements_timeline":false,"entetes_colonnes":false,"entetes_lignes":false,"lignes":false,"introduction":"","formulaire":false,"question":"","reponse":"","libelle_bouton_lien":"","url_lien":"","questions":false,"conclusions":false,"pays":"1","region":"","marque":"1","marqueConcessions":false,"modele":"","ptvente":"","typeV":"","collection":"","nombre_maximum_elements":"10","lien_fin_carousel":"https:\/\/www.bymycar.fr\/rechercher-un-vehicule?prod_VEHICLES%5BrefinementList%5D%5Bbrand%5D%5B0%5D=RENAULT","texte_lien_fin_carousel":"","trier_par":""},{"type_strate":"texte-simple","ancre":"","contenu":"<h2 style=\"text-align: justify;\">Renault : portes ouvertes<\/h2>\n<p style=\"text-align: justify;\">Les voitures modernes sont performantes tout en \u00e9tant \u00e9conomiques et efficaces. La longue histoire de Renault dans la technologie automobile le place en position de force pour r\u00e9pondre aux besoins \u00e9volutifs de l&rsquo;automobiliste, offrant des technologies de pointe sans sacrifier le plaisir de conduire.<\/p>\n<p style=\"text-align: justify;\">Avec la M\u00e9gane, le groupe Renault s&rsquo;est efforc\u00e9 de se d\u00e9marquer parmi les berlines du segment B. Vous avez donc un tableau de bord bicolore qui se d\u00e9cline en deux teintes, gris ou orange, selon la couleur ext\u00e9rieure. Les bouches d&rsquo;a\u00e9ration verticales sont optimis\u00e9es et l&rsquo;effet alv\u00e9ol\u00e9 sur la partie color\u00e9e du tableau de bord se d\u00e9marque \u00e9galement.<\/p>\n<h2 style=\"text-align: justify;\">Voiture : concession Renault vs site Renault<\/h2>\n<p style=\"text-align: justify;\">Un grand choix de v\u00e9hicules neufs ou d\u2019occasion est disponible pendant les journ\u00e9es portes ouvertes. Berline, citadine, pick-up, crossover, camion, sportive, fourgonnette, que vous recherchiez un v\u00e9hicule personnel ou professionnel, BYmyCAR vous propose d\u2019essayer l&rsquo;une des voitures de son parc auto. D\u00e9couvrez l&rsquo;\u00e9tendue de la gamme Renault et choisissez parmi les diff\u00e9rents mod\u00e8les.<\/p>\n<p style=\"text-align: justify;\">Plusieurs points de vente servent aussi de lieux d\u2019exposition comme la succursale\u00a0<a href=\"https:\/\/www.bymycar.fr\/marques\/renault\">Renault<\/a>\u00a0\u00e0 Noisy-le-Grand. Pour d\u00e9couvrir toutes les adresses des sites Renault, prenez rendez-vous avec un conseiller BYmyCAR.<\/p>\n<p style=\"text-align: justify;\">Faites-vous une id\u00e9e des exp\u00e9riences en magasin avec un essai routier Renault.<\/p>\n<p style=\"text-align: justify;\">Harmonie int\u00e9rieure, confort d&rsquo;utilisation, douceur du moteur, agr\u00e9ment de conduite, tenue de route du v\u00e9hicule, ces \u00e9l\u00e9ments sont indispensables pour prendre une d\u00e9cision r\u00e9fl\u00e9chie et sereine. Vous h\u00e9sitez entre diff\u00e9rents mod\u00e8les ? Faites-vous confiance et suivez votre instinct apr\u00e8s un essai routier dans le v\u00e9hicule de votre choix.<\/p>\n<p style=\"text-align: justify;\">N&rsquo;attendez plus pour r\u00e9server votre essai routier !<\/p>\n<h2 style=\"text-align: justify;\">Concessionnaire BYmyCAR : portes ouvertes\u00a0<u>auto<\/u><\/h2>\n<p style=\"text-align: justify;\">La marque Renault sera en t\u00eate d\u2019affiche au rendez-vous des prochaines journ\u00e9es portes ouvertes :<\/p>\n<ul style=\"text-align: justify;\">\n<li>14 et 15 janvier 2023<\/li>\n<li>puis en mars, juin, septembre et octobre<\/li>\n<\/ul>\n<p style=\"text-align: justify;\">Si votre emploi du temps ne vous permet pas d\u2019y \u00eatre, BYmyCAR vous accueille tout le reste de l&rsquo;ann\u00e9e dans ses concessions pour tester la voiture souhait\u00e9e.<\/p>\n<h2 style=\"text-align: justify;\">Renault France<\/h2>\n<p style=\"text-align: justify;\">La ville de Boulogne-Billancourt accueille le si\u00e8ge social de Renault. Le groupe dispose d\u2019un Rcs Bobigny (registre de commerce des soci\u00e9t\u00e9s). Il s\u2019agit d\u2019une SA au capital de plusieurs millions d\u2019euros. Renault pr\u00e9voit de quitter son si\u00e8ge social actuel pour s\u2019installer dans de nouveaux locaux. Le d\u00e9m\u00e9nagement du si\u00e8ge social se fera d\u2019ici la fin de l\u2019ann\u00e9e 2022.<\/p>\n<h2 style=\"text-align: justify;\">Testez nos diff\u00e9rents mod\u00e8les en concession<\/h2>\n<p style=\"text-align: justify;\">Profitez de cette opportunit\u00e9 de journ\u00e9es portes ouvertes pour tester la nouvelle Renault Zoe E-TECH. Il s\u2019agit de la voiture \u00e9lectrique la plus vendue en Europe avec ses \u00e9quipements innovants alliant qualit\u00e9 et technologie. En mode autonomie, elle gagne des kilom\u00e8tres suppl\u00e9mentaires.<\/p>\n","titre":"Texte 1","image":false,"image_libre":false,"image_800x500":false,"legende":"","zoom":false,"texte":"","articles":false,"categorie_droite":false,"images":false,"elements_comparatif":false,"texte_1":"","texte_2":"","image_1":false,"image_1_563x400":false,"image_1_332x332":false,"image_2":false,"image_2_333x240":false,"image_2_563x400":false,"image_3":false,"image_3_333x240":false,"image_3_332x450":false,"image_4":false,"image_4_332x332":false,"image_4_563x400":false,"code_embed":"","legende_video":"","photo":false,"photo_100x100":false,"nom":"","fonction":"","elements_timeline":false,"entetes_colonnes":false,"entetes_lignes":false,"lignes":false,"introduction":"","formulaire":false,"question":"","reponse":"","libelle_bouton_lien":"","url_lien":"","questions":false,"conclusions":false,"pays":false,"region":false,"marque":false,"marqueConcessions":false,"modele":false,"ptvente":false,"typeV":false,"collection":false,"nombre_maximum_elements":10,"lien_fin_carousel":"","texte_lien_fin_carousel":"","trier_par":false},{"type_strate":"carousel-produits","ancre":"","contenu":"","titre":"Voir les v\u00e9hicules de la marque Renault","image":false,"image_libre":false,"image_800x500":false,"legende":"","zoom":false,"texte":"","articles":false,"categorie_droite":false,"images":false,"elements_comparatif":false,"texte_1":"","texte_2":"","image_1":false,"image_1_563x400":false,"image_1_332x332":false,"image_2":false,"image_2_333x240":false,"image_2_563x400":false,"image_3":false,"image_3_333x240":false,"image_3_332x450":false,"image_4":false,"image_4_332x332":false,"image_4_563x400":false,"code_embed":"","legende_video":"","photo":false,"photo_100x100":false,"nom":"","fonction":"","elements_timeline":false,"entetes_colonnes":false,"entetes_lignes":false,"lignes":false,"introduction":"","formulaire":false,"question":"","reponse":"","libelle_bouton_lien":"","url_lien":"","questions":false,"conclusions":false,"pays":"1","region":"","marque":"1","marqueConcessions":false,"modele":"","ptvente":"","typeV":"","collection":"","nombre_maximum_elements":"10","lien_fin_carousel":"https:\/\/www.bymycar.fr\/rechercher-un-vehicule?prod_VEHICLES%5BrefinementList%5D%5Bbrand%5D%5B0%5D=RENAULT","texte_lien_fin_carousel":"Voir plus de v\u00e9hicules","trier_par":""}],"is_old_post":false,"image":{"ID":39488,"id":39488,"title":"RENAULT CLIO V (BJA)","filename":"2021_-_Renault_Clio_Serie_Limitee_Lutecia.jpeg","filesize":1,"url":"https:\/\/cdn.bymycar.eu\/fr-webzine\/wp-content\/uploads\/medias\/2021_-_Renault_Clio_Serie_Limitee_Lutecia.jpeg","link":"https:\/\/www.bymycar.fr\/webzine\/renault-sort-le-grand-jeu-lors-des-journees-portes-ouvertes\/renault-clio-v-bja\/","alt":"","author":"88","description":"","caption":"","name":"renault-clio-v-bja","status":"inherit","uploaded_to":35106,"date":"2023-01-30 13:50:38","modified":"2023-01-30 13:50:38","menu_order":0,"mime_type":"image\/jpeg","type":"image","subtype":"jpeg","icon":"https:\/\/www.bymycar.fr\/webzine\/wp-includes\/images\/media\/default.png","width":2560,"height":1489,"sizes":{"thumbnail":"https:\/\/cdn.bymycar.eu\/fr-webzine\/wp-content\/uploads\/medias\/2021_-_Renault_Clio_Serie_Limitee_Lutecia-150x150.jpeg","thumbnail-width":150,"thumbnail-height":150,"medium":"https:\/\/cdn.bymycar.eu\/fr-webzine\/wp-content\/uploads\/medias\/2021_-_Renault_Clio_Serie_Limitee_Lutecia-300x174.jpeg","medium-width":300,"medium-height":174,"medium_large":"https:\/\/cdn.bymycar.eu\/fr-webzine\/wp-content\/uploads\/medias\/2021_-_Renault_Clio_Serie_Limitee_Lutecia-768x447.jpeg","medium_large-width":768,"medium_large-height":447,"large":"https:\/\/cdn.bymycar.eu\/fr-webzine\/wp-content\/uploads\/medias\/2021_-_Renault_Clio_Serie_Limitee_Lutecia-1024x596.jpeg","large-width":1024,"large-height":596,"1536x1536":"https:\/\/cdn.bymycar.eu\/fr-webzine\/wp-content\/uploads\/medias\/2021_-_Renault_Clio_Serie_Limitee_Lutecia-1536x893.jpeg","1536x1536-width":1536,"1536x1536-height":893,"2048x2048":"https:\/\/cdn.bymycar.eu\/fr-webzine\/wp-content\/uploads\/medias\/2021_-_Renault_Clio_Serie_Limitee_Lutecia-2048x1191.jpeg","2048x2048-width":2048,"2048x2048-height":1191}},"page_content":{"block_content":[{"acf_fc_layout":"carousel-produits"},{"acf_fc_layout":"text-simple","--nav":{"-withNav":false,"-ancre":""},"--group":{"-text":"<h2 style=\"text-align: justify;\">Renault : portes ouvertes<\/h2>\n<p style=\"text-align: justify;\">Les voitures modernes sont performantes tout en \u00e9tant \u00e9conomiques et efficaces. La longue histoire de Renault dans la technologie automobile le place en position de force pour r\u00e9pondre aux besoins \u00e9volutifs de l&rsquo;automobiliste, offrant des technologies de pointe sans sacrifier le plaisir de conduire.<\/p>\n<p style=\"text-align: justify;\">Avec la M\u00e9gane, le groupe Renault s&rsquo;est efforc\u00e9 de se d\u00e9marquer parmi les berlines du segment B. Vous avez donc un tableau de bord bicolore qui se d\u00e9cline en deux teintes, gris ou orange, selon la couleur ext\u00e9rieure. Les bouches d&rsquo;a\u00e9ration verticales sont optimis\u00e9es et l&rsquo;effet alv\u00e9ol\u00e9 sur la partie color\u00e9e du tableau de bord se d\u00e9marque \u00e9galement.<\/p>\n<h2 style=\"text-align: justify;\">Voiture : concession Renault vs site Renault<\/h2>\n<p style=\"text-align: justify;\">Un grand choix de v\u00e9hicules neufs ou d\u2019occasion est disponible pendant les journ\u00e9es portes ouvertes. Berline, citadine, pick-up, crossover, camion, sportive, fourgonnette, que vous recherchiez un v\u00e9hicule personnel ou professionnel, BYmyCAR vous propose d\u2019essayer l&rsquo;une des voitures de son parc auto. D\u00e9couvrez l&rsquo;\u00e9tendue de la gamme Renault et choisissez parmi les diff\u00e9rents mod\u00e8les.<\/p>\n<p style=\"text-align: justify;\">Plusieurs points de vente servent aussi de lieux d\u2019exposition comme la succursale\u00a0<a href=\"https:\/\/www.bymycar.fr\/marques\/renault\">Renault<\/a>\u00a0\u00e0 Noisy-le-Grand. Pour d\u00e9couvrir toutes les adresses des sites Renault, prenez rendez-vous avec un conseiller BYmyCAR.<\/p>\n<p style=\"text-align: justify;\">Faites-vous une id\u00e9e des exp\u00e9riences en magasin avec un essai routier Renault.<\/p>\n<p style=\"text-align: justify;\">Harmonie int\u00e9rieure, confort d&rsquo;utilisation, douceur du moteur, agr\u00e9ment de conduite, tenue de route du v\u00e9hicule, ces \u00e9l\u00e9ments sont indispensables pour prendre une d\u00e9cision r\u00e9fl\u00e9chie et sereine. Vous h\u00e9sitez entre diff\u00e9rents mod\u00e8les ? Faites-vous confiance et suivez votre instinct apr\u00e8s un essai routier dans le v\u00e9hicule de votre choix.<\/p>\n<p style=\"text-align: justify;\">N&rsquo;attendez plus pour r\u00e9server votre essai routier !<\/p>\n<h2 style=\"text-align: justify;\">Concessionnaire BYmyCAR : portes ouvertes\u00a0<u>auto<\/u><\/h2>\n<p style=\"text-align: justify;\">La marque Renault sera en t\u00eate d\u2019affiche au rendez-vous des prochaines journ\u00e9es portes ouvertes :<\/p>\n<ul style=\"text-align: justify;\">\n<li>14 et 15 janvier 2023<\/li>\n<li>puis en mars, juin, septembre et octobre<\/li>\n<\/ul>\n<p style=\"text-align: justify;\">Si votre emploi du temps ne vous permet pas d\u2019y \u00eatre, BYmyCAR vous accueille tout le reste de l&rsquo;ann\u00e9e dans ses concessions pour tester la voiture souhait\u00e9e.<\/p>\n<h2 style=\"text-align: justify;\">Renault France<\/h2>\n<p style=\"text-align: justify;\">La ville de Boulogne-Billancourt accueille le si\u00e8ge social de Renault. Le groupe dispose d\u2019un Rcs Bobigny (registre de commerce des soci\u00e9t\u00e9s). Il s\u2019agit d\u2019une SA au capital de plusieurs millions d\u2019euros. Renault pr\u00e9voit de quitter son si\u00e8ge social actuel pour s\u2019installer dans de nouveaux locaux. Le d\u00e9m\u00e9nagement du si\u00e8ge social se fera d\u2019ici la fin de l\u2019ann\u00e9e 2022.<\/p>\n<h2 style=\"text-align: justify;\">Testez nos diff\u00e9rents mod\u00e8les en concession<\/h2>\n<p style=\"text-align: justify;\">Profitez de cette opportunit\u00e9 de journ\u00e9es portes ouvertes pour tester la nouvelle Renault Zoe E-TECH. Il s\u2019agit de la voiture \u00e9lectrique la plus vendue en Europe avec ses \u00e9quipements innovants alliant qualit\u00e9 et technologie. En mode autonomie, elle gagne des kilom\u00e8tres suppl\u00e9mentaires.<\/p>\n"}},{"acf_fc_layout":"carousel-produits"}]},"add-carousel-to-footer":true},"yoast_head":"<!-- This site is optimized with the Yoast SEO Premium plugin v26.4 (Yoast SEO v26.4) - https:\/\/yoast.com\/wordpress\/plugins\/seo\/ -->\n<title>Renault sort le grand jeu lors des journ\u00e9es portes ouvertes<\/title>\n<meta name=\"robots\" content=\"index, follow, max-snippet:-1, max-image-preview:large, max-video-preview:-1\" \/>\n<link rel=\"canonical\" href=\"https:\/\/www.bymycar.fr\/webzine\/renault-sort-le-grand-jeu-lors-des-journees-portes-ouvertes\/\" \/>\n<meta property=\"og:locale\" content=\"fr_FR\" \/>\n<meta property=\"og:type\" content=\"article\" \/>\n<meta property=\"og:title\" content=\"Renault sort le grand jeu lors des journ\u00e9es portes ouvertes\" \/>\n<meta property=\"og:url\" content=\"https:\/\/www.bymycar.fr\/webzine\/renault-sort-le-grand-jeu-lors-des-journees-portes-ouvertes\/\" \/>\n<meta property=\"og:site_name\" content=\"Webzine auto BYmyCAR\" \/>\n<meta property=\"article:published_time\" content=\"2022-08-25T06:51:53+00:00\" \/>\n<meta property=\"article:modified_time\" content=\"2026-04-27T12:30:03+00:00\" \/>\n<meta property=\"og:image\" content=\"https:\/\/cdn.bymycar.eu\/fr-webzine\/wp-content\/uploads\/medias\/2021_-_Renault_Clio_Serie_Limitee_Lutecia.jpeg\" \/>\n\t<meta property=\"og:image:width\" content=\"2560\" \/>\n\t<meta property=\"og:image:height\" content=\"1489\" \/>\n\t<meta property=\"og:image:type\" content=\"image\/jpeg\" \/>\n<meta name=\"author\" content=\"La R\u00e9daction BYmyCAR\" \/>\n<meta name=\"twitter:card\" content=\"summary_large_image\" \/>\n<meta name=\"twitter:label1\" content=\"\u00c9crit par\" \/>\n\t<meta name=\"twitter:data1\" content=\"La R\u00e9daction BYmyCAR\" \/>\n<script type=\"application\/ld+json\" class=\"yoast-schema-graph\">{\"@context\":\"https:\/\/schema.org\",\"@graph\":[{\"@type\":\"Article\",\"@id\":\"https:\/\/www.bymycar.fr\/webzine\/renault-sort-le-grand-jeu-lors-des-journees-portes-ouvertes\/#article\",\"isPartOf\":{\"@id\":\"https:\/\/www.bymycar.fr\/webzine\/renault-sort-le-grand-jeu-lors-des-journees-portes-ouvertes\/\"},\"author\":{\"name\":\"La R\u00e9daction BYmyCAR\",\"@id\":\"https:\/\/www.bymycar.fr\/webzine\/#\/schema\/person\/8d570fe11eb8929f06c1e6d00f4d9689\"},\"headline\":\"Renault sort le grand jeu lors des journ\u00e9es portes ouvertes\",\"datePublished\":\"2022-08-25T06:51:53+00:00\",\"dateModified\":\"2026-04-27T12:30:03+00:00\",\"mainEntityOfPage\":{\"@id\":\"https:\/\/www.bymycar.fr\/webzine\/renault-sort-le-grand-jeu-lors-des-journees-portes-ouvertes\/\"},\"wordCount\":11,\"publisher\":{\"@id\":\"https:\/\/www.bymycar.fr\/webzine\/#organization\"},\"image\":{\"@id\":\"https:\/\/www.bymycar.fr\/webzine\/renault-sort-le-grand-jeu-lors-des-journees-portes-ouvertes\/#primaryimage\"},\"thumbnailUrl\":\"https:\/\/cdn.bymycar.eu\/fr-webzine\/wp-content\/uploads\/medias\/2021_-_Renault_Clio_Serie_Limitee_Lutecia.jpeg\",\"articleSection\":[\"Journ\u00e9es Portes Ouvertes\"],\"inLanguage\":\"fr-FR\"},{\"@type\":\"WebPage\",\"@id\":\"https:\/\/www.bymycar.fr\/webzine\/renault-sort-le-grand-jeu-lors-des-journees-portes-ouvertes\/\",\"url\":\"https:\/\/www.bymycar.fr\/webzine\/renault-sort-le-grand-jeu-lors-des-journees-portes-ouvertes\/\",\"name\":\"Renault sort le grand jeu lors des journ\u00e9es portes ouvertes\",\"isPartOf\":{\"@id\":\"https:\/\/www.bymycar.fr\/webzine\/#website\"},\"primaryImageOfPage\":{\"@id\":\"https:\/\/www.bymycar.fr\/webzine\/renault-sort-le-grand-jeu-lors-des-journees-portes-ouvertes\/#primaryimage\"},\"image\":{\"@id\":\"https:\/\/www.bymycar.fr\/webzine\/renault-sort-le-grand-jeu-lors-des-journees-portes-ouvertes\/#primaryimage\"},\"thumbnailUrl\":\"https:\/\/cdn.bymycar.eu\/fr-webzine\/wp-content\/uploads\/medias\/2021_-_Renault_Clio_Serie_Limitee_Lutecia.jpeg\",\"datePublished\":\"2022-08-25T06:51:53+00:00\",\"dateModified\":\"2026-04-27T12:30:03+00:00\",\"breadcrumb\":{\"@id\":\"https:\/\/www.bymycar.fr\/webzine\/renault-sort-le-grand-jeu-lors-des-journees-portes-ouvertes\/#breadcrumb\"},\"inLanguage\":\"fr-FR\",\"potentialAction\":[{\"@type\":\"ReadAction\",\"target\":[\"https:\/\/www.bymycar.fr\/webzine\/renault-sort-le-grand-jeu-lors-des-journees-portes-ouvertes\/\"]}]},{\"@type\":\"ImageObject\",\"inLanguage\":\"fr-FR\",\"@id\":\"https:\/\/www.bymycar.fr\/webzine\/renault-sort-le-grand-jeu-lors-des-journees-portes-ouvertes\/#primaryimage\",\"url\":\"https:\/\/cdn.bymycar.eu\/fr-webzine\/wp-content\/uploads\/medias\/2021_-_Renault_Clio_Serie_Limitee_Lutecia.jpeg\",\"contentUrl\":\"https:\/\/cdn.bymycar.eu\/fr-webzine\/wp-content\/uploads\/medias\/2021_-_Renault_Clio_Serie_Limitee_Lutecia.jpeg\",\"width\":2560,\"height\":1489},{\"@type\":\"BreadcrumbList\",\"@id\":\"https:\/\/www.bymycar.fr\/webzine\/renault-sort-le-grand-jeu-lors-des-journees-portes-ouvertes\/#breadcrumb\",\"itemListElement\":[{\"@type\":\"ListItem\",\"position\":1,\"name\":\"Accueil\",\"item\":\"https:\/\/www.bymycar.fr\/webzine\/\"},{\"@type\":\"ListItem\",\"position\":2,\"name\":\"Renault sort le grand jeu lors des journ\u00e9es portes ouvertes\"}]},{\"@type\":\"WebSite\",\"@id\":\"https:\/\/www.bymycar.fr\/webzine\/#website\",\"url\":\"https:\/\/www.bymycar.fr\/webzine\/\",\"name\":\"Webzine auto BYmyCAR\",\"description\":\"La magazine auto de BYmyCAR\",\"publisher\":{\"@id\":\"https:\/\/www.bymycar.fr\/webzine\/#organization\"},\"potentialAction\":[{\"@type\":\"SearchAction\",\"target\":{\"@type\":\"EntryPoint\",\"urlTemplate\":\"https:\/\/www.bymycar.fr\/webzine\/?s={search_term_string}\"},\"query-input\":{\"@type\":\"PropertyValueSpecification\",\"valueRequired\":true,\"valueName\":\"search_term_string\"}}],\"inLanguage\":\"fr-FR\"},{\"@type\":\"Organization\",\"@id\":\"https:\/\/www.bymycar.fr\/webzine\/#organization\",\"name\":\"BYmyCAR\",\"url\":\"https:\/\/www.bymycar.fr\/webzine\/\",\"logo\":{\"@type\":\"ImageObject\",\"inLanguage\":\"fr-FR\",\"@id\":\"https:\/\/www.bymycar.fr\/webzine\/#\/schema\/logo\/image\/\",\"url\":\"https:\/\/cdn.bymycar.eu\/fr-webzine\/wp-content\/uploads\/medias\/2017\/08\/logo_DEALER_00000406_001.png\",\"contentUrl\":\"https:\/\/cdn.bymycar.eu\/fr-webzine\/wp-content\/uploads\/medias\/2017\/08\/logo_DEALER_00000406_001.png\",\"width\":2132,\"height\":720,\"caption\":\"BYmyCAR\"},\"image\":{\"@id\":\"https:\/\/www.bymycar.fr\/webzine\/#\/schema\/logo\/image\/\"}},{\"@type\":\"Person\",\"@id\":\"https:\/\/www.bymycar.fr\/webzine\/#\/schema\/person\/8d570fe11eb8929f06c1e6d00f4d9689\",\"name\":\"La R\u00e9daction BYmyCAR\",\"image\":{\"@type\":\"ImageObject\",\"inLanguage\":\"fr-FR\",\"@id\":\"https:\/\/www.bymycar.fr\/webzine\/#\/schema\/person\/image\/\",\"url\":\"https:\/\/secure.gravatar.com\/avatar\/1aa6b039d0ce106989923af4e2d0f2a0c82bb070d5e449f1b9adf082a5863900?s=96&d=mm&r=g\",\"contentUrl\":\"https:\/\/secure.gravatar.com\/avatar\/1aa6b039d0ce106989923af4e2d0f2a0c82bb070d5e449f1b9adf082a5863900?s=96&d=mm&r=g\",\"caption\":\"La R\u00e9daction BYmyCAR\"},\"sameAs\":[\"https:\/\/www.bymycar.fr\/\"]}]}<\/script>\n<!-- \/ Yoast SEO Premium plugin. -->","yoast_head_json":{"title":"Renault sort le grand jeu lors des journ\u00e9es portes ouvertes","robots":{"index":"index","follow":"follow","max-snippet":"max-snippet:-1","max-image-preview":"max-image-preview:large","max-video-preview":"max-video-preview:-1"},"canonical":"https:\/\/www.bymycar.fr\/webzine\/renault-sort-le-grand-jeu-lors-des-journees-portes-ouvertes\/","og_locale":"fr_FR","og_type":"article","og_title":"Renault sort le grand jeu lors des journ\u00e9es portes ouvertes","og_url":"https:\/\/www.bymycar.fr\/webzine\/renault-sort-le-grand-jeu-lors-des-journees-portes-ouvertes\/","og_site_name":"Webzine auto BYmyCAR","article_published_time":"2022-08-25T06:51:53+00:00","article_modified_time":"2026-04-27T12:30:03+00:00","og_image":[{"width":2560,"height":1489,"url":"https:\/\/cdn.bymycar.eu\/fr-webzine\/wp-content\/uploads\/medias\/2021_-_Renault_Clio_Serie_Limitee_Lutecia.jpeg","type":"image\/jpeg"}],"author":"La R\u00e9daction BYmyCAR","twitter_card":"summary_large_image","twitter_misc":{"\u00c9crit par":"La R\u00e9daction BYmyCAR"},"schema":{"@context":"https:\/\/schema.org","@graph":[{"@type":"Article","@id":"https:\/\/www.bymycar.fr\/webzine\/renault-sort-le-grand-jeu-lors-des-journees-portes-ouvertes\/#article","isPartOf":{"@id":"https:\/\/www.bymycar.fr\/webzine\/renault-sort-le-grand-jeu-lors-des-journees-portes-ouvertes\/"},"author":{"name":"La R\u00e9daction BYmyCAR","@id":"https:\/\/www.bymycar.fr\/webzine\/#\/schema\/person\/8d570fe11eb8929f06c1e6d00f4d9689"},"headline":"Renault sort le grand jeu lors des journ\u00e9es portes ouvertes","datePublished":"2022-08-25T06:51:53+00:00","dateModified":"2026-04-27T12:30:03+00:00","mainEntityOfPage":{"@id":"https:\/\/www.bymycar.fr\/webzine\/renault-sort-le-grand-jeu-lors-des-journees-portes-ouvertes\/"},"wordCount":11,"publisher":{"@id":"https:\/\/www.bymycar.fr\/webzine\/#organization"},"image":{"@id":"https:\/\/www.bymycar.fr\/webzine\/renault-sort-le-grand-jeu-lors-des-journees-portes-ouvertes\/#primaryimage"},"thumbnailUrl":"https:\/\/cdn.bymycar.eu\/fr-webzine\/wp-content\/uploads\/medias\/2021_-_Renault_Clio_Serie_Limitee_Lutecia.jpeg","articleSection":["Journ\u00e9es Portes Ouvertes"],"inLanguage":"fr-FR"},{"@type":"WebPage","@id":"https:\/\/www.bymycar.fr\/webzine\/renault-sort-le-grand-jeu-lors-des-journees-portes-ouvertes\/","url":"https:\/\/www.bymycar.fr\/webzine\/renault-sort-le-grand-jeu-lors-des-journees-portes-ouvertes\/","name":"Renault sort le grand jeu lors des journ\u00e9es portes ouvertes","isPartOf":{"@id":"https:\/\/www.bymycar.fr\/webzine\/#website"},"primaryImageOfPage":{"@id":"https:\/\/www.bymycar.fr\/webzine\/renault-sort-le-grand-jeu-lors-des-journees-portes-ouvertes\/#primaryimage"},"image":{"@id":"https:\/\/www.bymycar.fr\/webzine\/renault-sort-le-grand-jeu-lors-des-journees-portes-ouvertes\/#primaryimage"},"thumbnailUrl":"https:\/\/cdn.bymycar.eu\/fr-webzine\/wp-content\/uploads\/medias\/2021_-_Renault_Clio_Serie_Limitee_Lutecia.jpeg","datePublished":"2022-08-25T06:51:53+00:00","dateModified":"2026-04-27T12:30:03+00:00","breadcrumb":{"@id":"https:\/\/www.bymycar.fr\/webzine\/renault-sort-le-grand-jeu-lors-des-journees-portes-ouvertes\/#breadcrumb"},"inLanguage":"fr-FR","potentialAction":[{"@type":"ReadAction","target":["https:\/\/www.bymycar.fr\/webzine\/renault-sort-le-grand-jeu-lors-des-journees-portes-ouvertes\/"]}]},{"@type":"ImageObject","inLanguage":"fr-FR","@id":"https:\/\/www.bymycar.fr\/webzine\/renault-sort-le-grand-jeu-lors-des-journees-portes-ouvertes\/#primaryimage","url":"https:\/\/cdn.bymycar.eu\/fr-webzine\/wp-content\/uploads\/medias\/2021_-_Renault_Clio_Serie_Limitee_Lutecia.jpeg","contentUrl":"https:\/\/cdn.bymycar.eu\/fr-webzine\/wp-content\/uploads\/medias\/2021_-_Renault_Clio_Serie_Limitee_Lutecia.jpeg","width":2560,"height":1489},{"@type":"BreadcrumbList","@id":"https:\/\/www.bymycar.fr\/webzine\/renault-sort-le-grand-jeu-lors-des-journees-portes-ouvertes\/#breadcrumb","itemListElement":[{"@type":"ListItem","position":1,"name":"Accueil","item":"https:\/\/www.bymycar.fr\/webzine\/"},{"@type":"ListItem","position":2,"name":"Renault sort le grand jeu lors des journ\u00e9es portes ouvertes"}]},{"@type":"WebSite","@id":"https:\/\/www.bymycar.fr\/webzine\/#website","url":"https:\/\/www.bymycar.fr\/webzine\/","name":"Webzine auto BYmyCAR","description":"La magazine auto de BYmyCAR","publisher":{"@id":"https:\/\/www.bymycar.fr\/webzine\/#organization"},"potentialAction":[{"@type":"SearchAction","target":{"@type":"EntryPoint","urlTemplate":"https:\/\/www.bymycar.fr\/webzine\/?s={search_term_string}"},"query-input":{"@type":"PropertyValueSpecification","valueRequired":true,"valueName":"search_term_string"}}],"inLanguage":"fr-FR"},{"@type":"Organization","@id":"https:\/\/www.bymycar.fr\/webzine\/#organization","name":"BYmyCAR","url":"https:\/\/www.bymycar.fr\/webzine\/","logo":{"@type":"ImageObject","inLanguage":"fr-FR","@id":"https:\/\/www.bymycar.fr\/webzine\/#\/schema\/logo\/image\/","url":"https:\/\/cdn.bymycar.eu\/fr-webzine\/wp-content\/uploads\/medias\/2017\/08\/logo_DEALER_00000406_001.png","contentUrl":"https:\/\/cdn.bymycar.eu\/fr-webzine\/wp-content\/uploads\/medias\/2017\/08\/logo_DEALER_00000406_001.png","width":2132,"height":720,"caption":"BYmyCAR"},"image":{"@id":"https:\/\/www.bymycar.fr\/webzine\/#\/schema\/logo\/image\/"}},{"@type":"Person","@id":"https:\/\/www.bymycar.fr\/webzine\/#\/schema\/person\/8d570fe11eb8929f06c1e6d00f4d9689","name":"La R\u00e9daction BYmyCAR","image":{"@type":"ImageObject","inLanguage":"fr-FR","@id":"https:\/\/www.bymycar.fr\/webzine\/#\/schema\/person\/image\/","url":"https:\/\/secure.gravatar.com\/avatar\/1aa6b039d0ce106989923af4e2d0f2a0c82bb070d5e449f1b9adf082a5863900?s=96&d=mm&r=g","contentUrl":"https:\/\/secure.gravatar.com\/avatar\/1aa6b039d0ce106989923af4e2d0f2a0c82bb070d5e449f1b9adf082a5863900?s=96&d=mm&r=g","caption":"La R\u00e9daction BYmyCAR"},"sameAs":["https:\/\/www.bymycar.fr\/"]}]}},"_links":{"self":[{"href":"https:\/\/www.bymycar.fr\/webzine\/wp-json\/wp\/v2\/posts\/35106","targetHints":{"allow":["GET"]}}],"collection":[{"href":"https:\/\/www.bymycar.fr\/webzine\/wp-json\/wp\/v2\/posts"}],"about":[{"href":"https:\/\/www.bymycar.fr\/webzine\/wp-json\/wp\/v2\/types\/post"}],"author":[{"embeddable":true,"href":"https:\/\/www.bymycar.fr\/webzine\/wp-json\/wp\/v2\/users\/88"}],"replies":[{"embeddable":true,"href":"https:\/\/www.bymycar.fr\/webzine\/wp-json\/wp\/v2\/comments?post=35106"}],"version-history":[{"count":8,"href":"https:\/\/www.bymycar.fr\/webzine\/wp-json\/wp\/v2\/posts\/35106\/revisions"}],"predecessor-version":[{"id":39450,"href":"https:\/\/www.bymycar.fr\/webzine\/wp-json\/wp\/v2\/posts\/35106\/revisions\/39450"}],"wp:featuredmedia":[{"embeddable":true,"href":"https:\/\/www.bymycar.fr\/webzine\/wp-json\/wp\/v2\/media\/39488"}],"wp:attachment":[{"href":"https:\/\/www.bymycar.fr\/webzine\/wp-json\/wp\/v2\/media?parent=35106"}],"wp:term":[{"taxonomy":"category","embeddable":true,"href":"https:\/\/www.bymycar.fr\/webzine\/wp-json\/wp\/v2\/categories?post=35106"},{"taxonomy":"post_tag","embeddable":true,"href":"https:\/\/www.bymycar.fr\/webzine\/wp-json\/wp\/v2\/tags?post=35106"}],"curies":[{"name":"wp","href":"https:\/\/api.w.org\/{rel}","templated":true}]}}