{"id":35066,"date":"2022-08-24T13:33:48","date_gmt":"2022-08-24T11:33:48","guid":{"rendered":"https:\/\/prod.bymycar.fr\/webzine\/?p=35066"},"modified":"2026-04-27T14:30:04","modified_gmt":"2026-04-27T12:30:04","slug":"decouvrez-la-smart-lors-dune-journee-porte-ouverte","status":"publish","type":"post","link":"https:\/\/www.bymycar.fr\/webzine\/decouvrez-la-smart-lors-dune-journee-porte-ouverte\/","title":{"rendered":"D\u00e9couvrez Smart lors des Journ\u00e9es Portes Ouvertes"},"content":{"rendered":"","protected":false},"excerpt":{"rendered":"","protected":false},"author":88,"featured_media":39494,"comment_status":"closed","ping_status":"open","sticky":false,"template":"","format":"standard","meta":{"_acf_changed":false,"footnotes":""},"categories":[12926,12939],"tags":[],"class_list":["post-35066","post","type-post","status-publish","format-standard","has-post-thumbnail","hentry","category-guide-dachat-smart","category-journees-portes-ouvertes"],"acf":{"template":"classique","introduction":"<p style=\"text-align: justify;\">La Smart est une petite voiture intelligente dot\u00e9e de caract\u00e9ristiques standard. Le nom \u00ab smart \u00bb signifie Swatch-Mercedes ART. bas\u00e9 sur la coop\u00e9ration des deux marques dans la cr\u00e9ation de la voiture. Smart fabrique exclusivement des petites voitures \u00e0 deux places comme la FORTWO, ou \u00e0 4 places comme la FORFOUR. Envie d&rsquo;acqu\u00e9rir une smart ou de d\u00e9couvrir la marque ? Rendez-vous en concession les 11 et 12 mars \u00e0 l&rsquo;occasion des Journ\u00e9es Portes Ouvertes !<\/p>\n<p style=\"text-align: center;\"><a href=\"https:\/\/www.bymycar.fr\/concessions\/smart\" target=\"_blank\" class=\"css-button css-button--gold\" >\n                Voir la concession smart la plus proche de chez vous\n        <\/a><\/p>\n","strates":[{"type_strate":"carousel-produits","ancre":"","contenu":"<h2 style=\"text-align: justify;\">Smart : une voiture pratique pour la ville<\/h2>\n<p style=\"text-align: justify;\">Bien qu&rsquo;il s&rsquo;agisse de l&rsquo;une des plus petites voitures \u00e0 quatre portes disponibles, la Smart a toujours la capacit\u00e9 de charge maximale la plus \u00e9lev\u00e9e de la cat\u00e9gorie des citadines avec tous les si\u00e8ges passagers rabattus.<\/p>\n<p style=\"text-align: justify;\">Il existe actuellement six gammes de mod\u00e8les parmi lesquelles choisir lors de l&rsquo;achat d&rsquo;une nouvelle Smart FORTWO :<\/p>\n<ul style=\"text-align: justify;\">\n<li>Pure ;<\/li>\n<li>Passion ;<\/li>\n<li>Prime ;<\/li>\n<li>Sport premium,<\/li>\n<li>\u00c9dition blue\/red ;<\/li>\n<li>BRABUS exclusive.<\/li>\n<\/ul>\n<h2 style=\"text-align: justify;\">Journ\u00e9e portes ouvertes smart<\/h2>\n<p style=\"text-align: justify;\">Si vous avez toujours voulu r\u00e9duire votre empreinte environnementale, pourquoi ne pas participer \u00e0 une journ\u00e9e portes ouvertes ? Smart a enti\u00e8rement repens\u00e9 sa gamme de v\u00e9hicules pour r\u00e9pondre aux attentes \u00e9cologiques. En plus d&rsquo;un look plus robuste et plus affirm\u00e9, d&rsquo;un int\u00e9rieur nouveau et am\u00e9lior\u00e9, ainsi que d&rsquo;une meilleure dynamique de conduite, ses voitures sont \u00e9galement plus grandes.<\/p>\n<p style=\"text-align: justify;\">Assez petite pour entrer et sortir du centre-ville pendant les heures de pointe, tr\u00e8s \u00e9conome en carburant, la Smart est tr\u00e8s facile \u00e0 garer et toujours assez \u00e9l\u00e9gante.<\/p>\n<h2 style=\"text-align: justify;\">Journ\u00e9e portes ouvertes Smart les 14 et 15 janvier 2023<\/h2>\n<p style=\"text-align: justify;\">Le constructeur\u00a0<a href=\"https:\/\/www.bymycar.fr\/marques\/smart\">Smart<\/a> organise des journ\u00e9es portes ouvertes dans ses concessions BYmyCAR. Vous d\u00e9couvrirez \u00e0 cette occasion des voitures smart d&rsquo;occasion ou neuves. Elles sont toutes soumises \u00e0 des contr\u00f4les rigoureux afin de vous assurer d\u2019investir dans un v\u00e9hicule en parfait \u00e9tat.<\/p>\n<p style=\"text-align: justify;\">Une \u00e9quipe d&rsquo;experts est \u00e0 votre disposition pour vous aider et vous conseiller pendant que vous recherchez votre Smart.<\/p>\n<h2 style=\"text-align: justify;\">Smart : une citadine qui sait convaincre<\/h2>\n<p style=\"text-align: justify;\">Gr\u00e2ce \u00e0 son design avant-gardiste, ses solutions intelligentes, ses syst\u00e8mes d&rsquo;assistance innovants, son rayon de braquage in\u00e9gal\u00e9 et son incroyable espace libre, la Smart offre bien plus que ce que vous recherchez. Et cela rend la conduite encore plus agr\u00e9able.<\/p>\n<p style=\"text-align: justify;\">Le DCT \u00e0 double embrayage permet d\u2019optimiser ses performances et permet beaucoup d&rsquo;actions pratiques via la capacit\u00e9 de changement de vitesse manuel standard ainsi qu\u2019avec les modes Eco et Sport.<\/p>\n<p style=\"text-align: justify;\">La gamme Smart est compos\u00e9e de nouveaux mod\u00e8les 100 % \u00e9lectriques :<\/p>\n<ul style=\"text-align: justify;\">\n<li>La Smart BRABUS FORTWO ;<\/li>\n<li>La Smart BRABUS sur mesure ;<\/li>\n<li>La Smart BRABUS FORTWO Cabrio ;<\/li>\n<li>La Smart Cabrio sur mesure.<\/li>\n<\/ul>\n<h2 style=\"text-align: justify;\">Journ\u00e9e portes ouvertes : voiture \u00e9lectrique<\/h2>\n<p style=\"text-align: justify;\">Parall\u00e8lement \u00e0 la tendance des v\u00e9hicules \u00e9lectriques, Smart a lanc\u00e9 sa FORTWO tout \u00e9lectrique en 2007. Une version de deuxi\u00e8me g\u00e9n\u00e9ration vendue dans plus de 18 pays dans le monde a suivi. Les v\u00e9hicules \u00e9lectriques de ce constructeur sont aliment\u00e9s par une batterie lithium-ion avec une capacit\u00e9 initiale de 14 kWh.<\/p>\n<p style=\"text-align: justify;\">Une Smart Fortwo \u00e9lectrique enti\u00e8rement charg\u00e9e peut atteindre jusqu&rsquo;\u00e0 135 kilom\u00e8tres en autonomie. La troisi\u00e8me g\u00e9n\u00e9ration a \u00e9t\u00e9 lanc\u00e9e au deuxi\u00e8me trimestre de 2011 lors du salon de l&rsquo;automobile de Francfort et a \u00e9t\u00e9 produite en s\u00e9rie.<\/p>\n<p style=\"text-align: justify;\">La troisi\u00e8me g\u00e9n\u00e9ration a plus de puissance dans son moteur \u00e9lectrique et une meilleure batterie lithium-ion qui augmentera l&rsquo;autonomie de la Smart Fortwo \u00e0 environ 140 kilom\u00e8tres. Une charge rapide de la batterie est \u00e9galement disponible pour ce dernier mod\u00e8le.<\/p>\n<p style=\"text-align: justify;\">Pour connaitre les prochaines dates des journ\u00e9es portes ouvertes auxquelles le constructeur Smart prendra part, vous pouvez contacter BYmyCAR.<\/p>\n","titre":"D\u00e9couvrir les v\u00e9hicules Smart","image":false,"image_libre":false,"image_800x500":false,"legende":"","zoom":false,"texte":"","articles":false,"categorie_droite":false,"images":false,"elements_comparatif":false,"texte_1":"","texte_2":"","image_1":false,"image_1_563x400":false,"image_1_332x332":false,"image_2":false,"image_2_333x240":false,"image_2_563x400":false,"image_3":false,"image_3_333x240":false,"image_3_332x450":false,"image_4":false,"image_4_332x332":false,"image_4_563x400":false,"code_embed":"","legende_video":"","photo":false,"photo_100x100":false,"nom":"","fonction":"","elements_timeline":false,"entetes_colonnes":false,"entetes_lignes":false,"lignes":false,"introduction":"","formulaire":false,"question":"","reponse":"","libelle_bouton_lien":"","url_lien":"","questions":false,"conclusions":false,"pays":"1","region":"","marque":"17","marqueConcessions":false,"modele":"","ptvente":"","typeV":"","collection":"","nombre_maximum_elements":"10","lien_fin_carousel":"https:\/\/www.bymycar.fr\/rechercher-un-vehicule?prod_VEHICLES%5BrefinementList%5D%5Bbrand%5D%5B0%5D=SMART","texte_lien_fin_carousel":"Voir plus de v\u00e9hicules","trier_par":""},{"type_strate":"texte-simple","ancre":"","contenu":"<h2 style=\"text-align: justify;\">Smart : une voiture pratique pour la ville<\/h2>\n<p style=\"text-align: justify;\">Bien qu&rsquo;il s&rsquo;agisse de l&rsquo;une des plus petites voitures \u00e0 quatre portes disponibles, la Smart a toujours la capacit\u00e9 de charge maximale la plus \u00e9lev\u00e9e de la cat\u00e9gorie des citadines avec tous les si\u00e8ges passagers rabattus.<\/p>\n<p style=\"text-align: justify;\">Il existe actuellement six gammes de mod\u00e8les parmi lesquelles choisir lors de l&rsquo;achat d&rsquo;une nouvelle Smart FORTWO :<\/p>\n<ul style=\"text-align: justify;\">\n<li>Pure ;<\/li>\n<li>Passion ;<\/li>\n<li>Prime ;<\/li>\n<li>Sport premium,<\/li>\n<li>\u00c9dition blue\/red ;<\/li>\n<li>BRABUS exclusive.<\/li>\n<\/ul>\n<h2 style=\"text-align: justify;\">Journ\u00e9e portes ouvertes smart<\/h2>\n<p style=\"text-align: justify;\">Si vous avez toujours voulu r\u00e9duire votre empreinte environnementale, pourquoi ne pas participer \u00e0 une journ\u00e9e portes ouvertes ? Smart a enti\u00e8rement repens\u00e9 sa gamme de v\u00e9hicules pour r\u00e9pondre aux attentes \u00e9cologiques. En plus d&rsquo;un look plus robuste et plus affirm\u00e9, d&rsquo;un int\u00e9rieur nouveau et am\u00e9lior\u00e9, ainsi que d&rsquo;une meilleure dynamique de conduite, ses voitures sont \u00e9galement plus grandes.<\/p>\n<p style=\"text-align: justify;\">Assez petite pour entrer et sortir du centre-ville pendant les heures de pointe, tr\u00e8s \u00e9conome en carburant, la Smart est tr\u00e8s facile \u00e0 garer et toujours assez \u00e9l\u00e9gante.<\/p>\n<h2 style=\"text-align: justify;\">Journ\u00e9e portes ouvertes Smart les 14 et 15 janvier 2023<\/h2>\n<p style=\"text-align: justify;\">Le constructeur\u00a0<a href=\"https:\/\/www.bymycar.fr\/marques\/smart\">Smart<\/a> organise des journ\u00e9es portes ouvertes dans ses concessions BYmyCAR. Vous d\u00e9couvrirez \u00e0 cette occasion des voitures smart d&rsquo;occasion ou neuves. Elles sont toutes soumises \u00e0 des contr\u00f4les rigoureux afin de vous assurer d\u2019investir dans un v\u00e9hicule en parfait \u00e9tat.<\/p>\n<p style=\"text-align: justify;\">Une \u00e9quipe d&rsquo;experts est \u00e0 votre disposition pour vous aider et vous conseiller pendant que vous recherchez votre Smart.<\/p>\n<h2 style=\"text-align: justify;\">Smart : une citadine qui sait convaincre<\/h2>\n<p style=\"text-align: justify;\">Gr\u00e2ce \u00e0 son design avant-gardiste, ses solutions intelligentes, ses syst\u00e8mes d&rsquo;assistance innovants, son rayon de braquage in\u00e9gal\u00e9 et son incroyable espace libre, la Smart offre bien plus que ce que vous recherchez. Et cela rend la conduite encore plus agr\u00e9able.<\/p>\n<p style=\"text-align: justify;\">Le DCT \u00e0 double embrayage permet d\u2019optimiser ses performances et permet beaucoup d&rsquo;actions pratiques via la capacit\u00e9 de changement de vitesse manuel standard ainsi qu\u2019avec les modes Eco et Sport.<\/p>\n<p style=\"text-align: justify;\">La gamme Smart est compos\u00e9e de nouveaux mod\u00e8les 100 % \u00e9lectriques :<\/p>\n<ul style=\"text-align: justify;\">\n<li>La Smart BRABUS FORTWO ;<\/li>\n<li>La Smart BRABUS sur mesure ;<\/li>\n<li>La Smart BRABUS FORTWO Cabrio ;<\/li>\n<li>La Smart Cabrio sur mesure.<\/li>\n<\/ul>\n<h2 style=\"text-align: justify;\">Journ\u00e9e portes ouvertes : voiture \u00e9lectrique<\/h2>\n<p style=\"text-align: justify;\">Parall\u00e8lement \u00e0 la tendance des v\u00e9hicules \u00e9lectriques, Smart a lanc\u00e9 sa FORTWO tout \u00e9lectrique en 2007. Une version de deuxi\u00e8me g\u00e9n\u00e9ration vendue dans plus de 18 pays dans le monde a suivi. Les v\u00e9hicules \u00e9lectriques de ce constructeur sont aliment\u00e9s par une batterie lithium-ion avec une capacit\u00e9 initiale de 14 kWh.<\/p>\n<p style=\"text-align: justify;\">Une Smart Fortwo \u00e9lectrique enti\u00e8rement charg\u00e9e peut atteindre jusqu&rsquo;\u00e0 135 kilom\u00e8tres en autonomie. La troisi\u00e8me g\u00e9n\u00e9ration a \u00e9t\u00e9 lanc\u00e9e au deuxi\u00e8me trimestre de 2011 lors du salon de l&rsquo;automobile de Francfort et a \u00e9t\u00e9 produite en s\u00e9rie.<\/p>\n<p style=\"text-align: justify;\">La troisi\u00e8me g\u00e9n\u00e9ration a plus de puissance dans son moteur \u00e9lectrique et une meilleure batterie lithium-ion qui augmentera l&rsquo;autonomie de la Smart Fortwo \u00e0 environ 140 kilom\u00e8tres. Une charge rapide de la batterie est \u00e9galement disponible pour ce dernier mod\u00e8le.<\/p>\n<p style=\"text-align: justify;\">Pour connaitre les prochaines dates des journ\u00e9es portes ouvertes auxquelles le constructeur Smart prendra part, vous pouvez contacter BYmyCAR.<\/p>\n","titre":"Texte 1","image":false,"image_libre":false,"image_800x500":false,"legende":"","zoom":false,"texte":"","articles":false,"categorie_droite":false,"images":false,"elements_comparatif":false,"texte_1":"","texte_2":"","image_1":false,"image_1_563x400":false,"image_1_332x332":false,"image_2":false,"image_2_333x240":false,"image_2_563x400":false,"image_3":false,"image_3_333x240":false,"image_3_332x450":false,"image_4":false,"image_4_332x332":false,"image_4_563x400":false,"code_embed":"","legende_video":"","photo":false,"photo_100x100":false,"nom":"","fonction":"","elements_timeline":false,"entetes_colonnes":false,"entetes_lignes":false,"lignes":false,"introduction":"","formulaire":false,"question":"","reponse":"","libelle_bouton_lien":"","url_lien":"","questions":false,"conclusions":false,"pays":"1","region":"","marque":"17","marqueConcessions":false,"modele":"","ptvente":"","typeV":"","collection":"","nombre_maximum_elements":"10","lien_fin_carousel":"https:\/\/www.bymycar.fr\/rechercher-un-vehicule?prod_VEHICLES%5BrefinementList%5D%5Bbrand%5D%5B0%5D=SMART","texte_lien_fin_carousel":"Voir plus de v\u00e9hicules","trier_par":""},{"type_strate":"carousel-produits","ancre":"","contenu":"","titre":"Voir les v\u00e9hicules smart du moment","image":false,"image_libre":false,"image_800x500":false,"legende":"","zoom":false,"texte":"","articles":false,"categorie_droite":false,"images":false,"elements_comparatif":false,"texte_1":"","texte_2":"","image_1":false,"image_1_563x400":false,"image_1_332x332":false,"image_2":false,"image_2_333x240":false,"image_2_563x400":false,"image_3":false,"image_3_333x240":false,"image_3_332x450":false,"image_4":false,"image_4_332x332":false,"image_4_563x400":false,"code_embed":"","legende_video":"","photo":false,"photo_100x100":false,"nom":"","fonction":"","elements_timeline":false,"entetes_colonnes":false,"entetes_lignes":false,"lignes":false,"introduction":"","formulaire":false,"question":"","reponse":"","libelle_bouton_lien":"","url_lien":"","questions":false,"conclusions":false,"pays":"1","region":"","marque":"17","marqueConcessions":false,"modele":"","ptvente":"","typeV":"","collection":"","nombre_maximum_elements":"10","lien_fin_carousel":"https:\/\/www.bymycar.fr\/rechercher-un-vehicule?prod_VEHICLES%5BrefinementList%5D%5Bbrand%5D%5B0%5D=SMART","texte_lien_fin_carousel":"Voir plus de v\u00e9hicules","trier_par":""}],"is_old_post":false,"image":{"ID":39494,"id":39494,"title":"eu-brabus-digital-white-metallic-backside-left-lisbon-2","filename":"eu-brabus-digital-white-metallic-backside-left-lisbon-2.jpg","filesize":1,"url":"https:\/\/cdn.bymycar.eu\/fr-webzine\/wp-content\/uploads\/medias\/eu-brabus-digital-white-metallic-backside-left-lisbon-2.jpg","link":"https:\/\/www.bymycar.fr\/webzine\/decouvrez-la-smart-lors-dune-journee-porte-ouverte\/eu-brabus-digital-white-metallic-backside-left-lisbon-2\/","alt":"","author":"88","description":"","caption":"","name":"eu-brabus-digital-white-metallic-backside-left-lisbon-2","status":"inherit","uploaded_to":35066,"date":"2023-01-30 14:05:02","modified":"2023-01-30 14:05:02","menu_order":0,"mime_type":"image\/jpeg","type":"image","subtype":"jpeg","icon":"https:\/\/www.bymycar.fr\/webzine\/wp-includes\/images\/media\/default.png","width":2560,"height":1707,"sizes":{"thumbnail":"https:\/\/cdn.bymycar.eu\/fr-webzine\/wp-content\/uploads\/medias\/eu-brabus-digital-white-metallic-backside-left-lisbon-2-150x150.jpg","thumbnail-width":150,"thumbnail-height":150,"medium":"https:\/\/cdn.bymycar.eu\/fr-webzine\/wp-content\/uploads\/medias\/eu-brabus-digital-white-metallic-backside-left-lisbon-2-300x200.jpg","medium-width":300,"medium-height":200,"medium_large":"https:\/\/cdn.bymycar.eu\/fr-webzine\/wp-content\/uploads\/medias\/eu-brabus-digital-white-metallic-backside-left-lisbon-2-768x512.jpg","medium_large-width":768,"medium_large-height":512,"large":"https:\/\/cdn.bymycar.eu\/fr-webzine\/wp-content\/uploads\/medias\/eu-brabus-digital-white-metallic-backside-left-lisbon-2-1024x683.jpg","large-width":1024,"large-height":683,"1536x1536":"https:\/\/cdn.bymycar.eu\/fr-webzine\/wp-content\/uploads\/medias\/eu-brabus-digital-white-metallic-backside-left-lisbon-2-1536x1024.jpg","1536x1536-width":1536,"1536x1536-height":1024,"2048x2048":"https:\/\/cdn.bymycar.eu\/fr-webzine\/wp-content\/uploads\/medias\/eu-brabus-digital-white-metallic-backside-left-lisbon-2-2048x1365.jpg","2048x2048-width":2048,"2048x2048-height":1365}},"page_content":{"block_content":[{"acf_fc_layout":"carousel-produits"},{"acf_fc_layout":"carousel-produits"},{"acf_fc_layout":"carousel-produits"},{"acf_fc_layout":"text-simple","--nav":{"-withNav":false,"-ancre":""},"--group":{"-text":"<h2 style=\"text-align: justify;\">Smart : une voiture pratique pour la ville<\/h2>\n<p style=\"text-align: justify;\">Bien qu&rsquo;il s&rsquo;agisse de l&rsquo;une des plus petites voitures \u00e0 quatre portes disponibles, la Smart a toujours la capacit\u00e9 de charge maximale la plus \u00e9lev\u00e9e de la cat\u00e9gorie des citadines avec tous les si\u00e8ges passagers rabattus.<\/p>\n<p style=\"text-align: justify;\">Il existe actuellement six gammes de mod\u00e8les parmi lesquelles choisir lors de l&rsquo;achat d&rsquo;une nouvelle Smart FORTWO :<\/p>\n<ul style=\"text-align: justify;\">\n<li>Pure ;<\/li>\n<li>Passion ;<\/li>\n<li>Prime ;<\/li>\n<li>Sport premium,<\/li>\n<li>\u00c9dition blue\/red ;<\/li>\n<li>BRABUS exclusive.<\/li>\n<\/ul>\n<h2 style=\"text-align: justify;\">Journ\u00e9e portes ouvertes smart<\/h2>\n<p style=\"text-align: justify;\">Si vous avez toujours voulu r\u00e9duire votre empreinte environnementale, pourquoi ne pas participer \u00e0 une journ\u00e9e portes ouvertes ? Smart a enti\u00e8rement repens\u00e9 sa gamme de v\u00e9hicules pour r\u00e9pondre aux attentes \u00e9cologiques. En plus d&rsquo;un look plus robuste et plus affirm\u00e9, d&rsquo;un int\u00e9rieur nouveau et am\u00e9lior\u00e9, ainsi que d&rsquo;une meilleure dynamique de conduite, ses voitures sont \u00e9galement plus grandes.<\/p>\n<p style=\"text-align: justify;\">Assez petite pour entrer et sortir du centre-ville pendant les heures de pointe, tr\u00e8s \u00e9conome en carburant, la Smart est tr\u00e8s facile \u00e0 garer et toujours assez \u00e9l\u00e9gante.<\/p>\n<h2 style=\"text-align: justify;\">Journ\u00e9e portes ouvertes Smart les 14 et 15 janvier 2023<\/h2>\n<p style=\"text-align: justify;\">Le constructeur\u00a0<a href=\"https:\/\/www.bymycar.fr\/marques\/smart\">Smart<\/a> organise des journ\u00e9es portes ouvertes dans ses concessions BYmyCAR. Vous d\u00e9couvrirez \u00e0 cette occasion des voitures smart d&rsquo;occasion ou neuves. Elles sont toutes soumises \u00e0 des contr\u00f4les rigoureux afin de vous assurer d\u2019investir dans un v\u00e9hicule en parfait \u00e9tat.<\/p>\n<p style=\"text-align: justify;\">Une \u00e9quipe d&rsquo;experts est \u00e0 votre disposition pour vous aider et vous conseiller pendant que vous recherchez votre Smart.<\/p>\n<h2 style=\"text-align: justify;\">Smart : une citadine qui sait convaincre<\/h2>\n<p style=\"text-align: justify;\">Gr\u00e2ce \u00e0 son design avant-gardiste, ses solutions intelligentes, ses syst\u00e8mes d&rsquo;assistance innovants, son rayon de braquage in\u00e9gal\u00e9 et son incroyable espace libre, la Smart offre bien plus que ce que vous recherchez. Et cela rend la conduite encore plus agr\u00e9able.<\/p>\n<p style=\"text-align: justify;\">Le DCT \u00e0 double embrayage permet d\u2019optimiser ses performances et permet beaucoup d&rsquo;actions pratiques via la capacit\u00e9 de changement de vitesse manuel standard ainsi qu\u2019avec les modes Eco et Sport.<\/p>\n<p style=\"text-align: justify;\">La gamme Smart est compos\u00e9e de nouveaux mod\u00e8les 100 % \u00e9lectriques :<\/p>\n<ul style=\"text-align: justify;\">\n<li>La Smart BRABUS FORTWO ;<\/li>\n<li>La Smart BRABUS sur mesure ;<\/li>\n<li>La Smart BRABUS FORTWO Cabrio ;<\/li>\n<li>La Smart Cabrio sur mesure.<\/li>\n<\/ul>\n<h2 style=\"text-align: justify;\">Journ\u00e9e portes ouvertes : voiture \u00e9lectrique<\/h2>\n<p style=\"text-align: justify;\">Parall\u00e8lement \u00e0 la tendance des v\u00e9hicules \u00e9lectriques, Smart a lanc\u00e9 sa FORTWO tout \u00e9lectrique en 2007. Une version de deuxi\u00e8me g\u00e9n\u00e9ration vendue dans plus de 18 pays dans le monde a suivi. Les v\u00e9hicules \u00e9lectriques de ce constructeur sont aliment\u00e9s par une batterie lithium-ion avec une capacit\u00e9 initiale de 14 kWh.<\/p>\n<p style=\"text-align: justify;\">Une Smart Fortwo \u00e9lectrique enti\u00e8rement charg\u00e9e peut atteindre jusqu&rsquo;\u00e0 135 kilom\u00e8tres en autonomie. La troisi\u00e8me g\u00e9n\u00e9ration a \u00e9t\u00e9 lanc\u00e9e au deuxi\u00e8me trimestre de 2011 lors du salon de l&rsquo;automobile de Francfort et a \u00e9t\u00e9 produite en s\u00e9rie.<\/p>\n<p style=\"text-align: justify;\">La troisi\u00e8me g\u00e9n\u00e9ration a plus de puissance dans son moteur \u00e9lectrique et une meilleure batterie lithium-ion qui augmentera l&rsquo;autonomie de la Smart Fortwo \u00e0 environ 140 kilom\u00e8tres. Une charge rapide de la batterie est \u00e9galement disponible pour ce dernier mod\u00e8le.<\/p>\n<p style=\"text-align: justify;\">Pour connaitre les prochaines dates des journ\u00e9es portes ouvertes auxquelles le constructeur Smart prendra part, vous pouvez contacter BYmyCAR.<\/p>\n"}}]},"add-carousel-to-footer":true},"yoast_head":"<!-- This site is optimized with the Yoast SEO Premium plugin v26.4 (Yoast SEO v26.4) - https:\/\/yoast.com\/wordpress\/plugins\/seo\/ -->\n<title>D\u00e9couvrez Smart lors des Journ\u00e9es Portes Ouvertes<\/title>\n<meta name=\"robots\" content=\"index, follow, max-snippet:-1, max-image-preview:large, max-video-preview:-1\" \/>\n<link rel=\"canonical\" href=\"https:\/\/www.bymycar.fr\/webzine\/decouvrez-la-smart-lors-dune-journee-porte-ouverte\/\" \/>\n<meta property=\"og:locale\" content=\"fr_FR\" \/>\n<meta property=\"og:type\" content=\"article\" \/>\n<meta property=\"og:title\" content=\"D\u00e9couvrez Smart lors des Journ\u00e9es Portes Ouvertes\" \/>\n<meta property=\"og:url\" content=\"https:\/\/www.bymycar.fr\/webzine\/decouvrez-la-smart-lors-dune-journee-porte-ouverte\/\" \/>\n<meta property=\"og:site_name\" content=\"Webzine auto BYmyCAR\" \/>\n<meta property=\"article:published_time\" content=\"2022-08-24T11:33:48+00:00\" \/>\n<meta property=\"article:modified_time\" content=\"2026-04-27T12:30:04+00:00\" \/>\n<meta property=\"og:image\" content=\"https:\/\/cdn.bymycar.eu\/fr-webzine\/wp-content\/uploads\/medias\/eu-brabus-digital-white-metallic-backside-left-lisbon-2.jpg\" \/>\n\t<meta property=\"og:image:width\" content=\"2560\" \/>\n\t<meta property=\"og:image:height\" content=\"1707\" \/>\n\t<meta property=\"og:image:type\" content=\"image\/jpeg\" \/>\n<meta name=\"author\" content=\"La R\u00e9daction BYmyCAR\" \/>\n<meta name=\"twitter:card\" content=\"summary_large_image\" \/>\n<meta name=\"twitter:label1\" content=\"\u00c9crit par\" \/>\n\t<meta name=\"twitter:data1\" content=\"La R\u00e9daction BYmyCAR\" \/>\n<script type=\"application\/ld+json\" class=\"yoast-schema-graph\">{\"@context\":\"https:\/\/schema.org\",\"@graph\":[{\"@type\":\"Article\",\"@id\":\"https:\/\/www.bymycar.fr\/webzine\/decouvrez-la-smart-lors-dune-journee-porte-ouverte\/#article\",\"isPartOf\":{\"@id\":\"https:\/\/www.bymycar.fr\/webzine\/decouvrez-la-smart-lors-dune-journee-porte-ouverte\/\"},\"author\":{\"name\":\"La R\u00e9daction BYmyCAR\",\"@id\":\"https:\/\/www.bymycar.fr\/webzine\/#\/schema\/person\/8d570fe11eb8929f06c1e6d00f4d9689\"},\"headline\":\"D\u00e9couvrez Smart lors des Journ\u00e9es Portes Ouvertes\",\"datePublished\":\"2022-08-24T11:33:48+00:00\",\"dateModified\":\"2026-04-27T12:30:04+00:00\",\"mainEntityOfPage\":{\"@id\":\"https:\/\/www.bymycar.fr\/webzine\/decouvrez-la-smart-lors-dune-journee-porte-ouverte\/\"},\"wordCount\":9,\"publisher\":{\"@id\":\"https:\/\/www.bymycar.fr\/webzine\/#organization\"},\"image\":{\"@id\":\"https:\/\/www.bymycar.fr\/webzine\/decouvrez-la-smart-lors-dune-journee-porte-ouverte\/#primaryimage\"},\"thumbnailUrl\":\"https:\/\/cdn.bymycar.eu\/fr-webzine\/wp-content\/uploads\/medias\/eu-brabus-digital-white-metallic-backside-left-lisbon-2.jpg\",\"articleSection\":[\"Guide d'achat smart\",\"Journ\u00e9es Portes Ouvertes\"],\"inLanguage\":\"fr-FR\"},{\"@type\":\"WebPage\",\"@id\":\"https:\/\/www.bymycar.fr\/webzine\/decouvrez-la-smart-lors-dune-journee-porte-ouverte\/\",\"url\":\"https:\/\/www.bymycar.fr\/webzine\/decouvrez-la-smart-lors-dune-journee-porte-ouverte\/\",\"name\":\"D\u00e9couvrez Smart lors des Journ\u00e9es Portes Ouvertes\",\"isPartOf\":{\"@id\":\"https:\/\/www.bymycar.fr\/webzine\/#website\"},\"primaryImageOfPage\":{\"@id\":\"https:\/\/www.bymycar.fr\/webzine\/decouvrez-la-smart-lors-dune-journee-porte-ouverte\/#primaryimage\"},\"image\":{\"@id\":\"https:\/\/www.bymycar.fr\/webzine\/decouvrez-la-smart-lors-dune-journee-porte-ouverte\/#primaryimage\"},\"thumbnailUrl\":\"https:\/\/cdn.bymycar.eu\/fr-webzine\/wp-content\/uploads\/medias\/eu-brabus-digital-white-metallic-backside-left-lisbon-2.jpg\",\"datePublished\":\"2022-08-24T11:33:48+00:00\",\"dateModified\":\"2026-04-27T12:30:04+00:00\",\"breadcrumb\":{\"@id\":\"https:\/\/www.bymycar.fr\/webzine\/decouvrez-la-smart-lors-dune-journee-porte-ouverte\/#breadcrumb\"},\"inLanguage\":\"fr-FR\",\"potentialAction\":[{\"@type\":\"ReadAction\",\"target\":[\"https:\/\/www.bymycar.fr\/webzine\/decouvrez-la-smart-lors-dune-journee-porte-ouverte\/\"]}]},{\"@type\":\"ImageObject\",\"inLanguage\":\"fr-FR\",\"@id\":\"https:\/\/www.bymycar.fr\/webzine\/decouvrez-la-smart-lors-dune-journee-porte-ouverte\/#primaryimage\",\"url\":\"https:\/\/cdn.bymycar.eu\/fr-webzine\/wp-content\/uploads\/medias\/eu-brabus-digital-white-metallic-backside-left-lisbon-2.jpg\",\"contentUrl\":\"https:\/\/cdn.bymycar.eu\/fr-webzine\/wp-content\/uploads\/medias\/eu-brabus-digital-white-metallic-backside-left-lisbon-2.jpg\",\"width\":2560,\"height\":1707},{\"@type\":\"BreadcrumbList\",\"@id\":\"https:\/\/www.bymycar.fr\/webzine\/decouvrez-la-smart-lors-dune-journee-porte-ouverte\/#breadcrumb\",\"itemListElement\":[{\"@type\":\"ListItem\",\"position\":1,\"name\":\"Accueil\",\"item\":\"https:\/\/www.bymycar.fr\/webzine\/\"},{\"@type\":\"ListItem\",\"position\":2,\"name\":\"D\u00e9couvrez Smart lors des Journ\u00e9es Portes Ouvertes\"}]},{\"@type\":\"WebSite\",\"@id\":\"https:\/\/www.bymycar.fr\/webzine\/#website\",\"url\":\"https:\/\/www.bymycar.fr\/webzine\/\",\"name\":\"Webzine auto BYmyCAR\",\"description\":\"La magazine auto de BYmyCAR\",\"publisher\":{\"@id\":\"https:\/\/www.bymycar.fr\/webzine\/#organization\"},\"potentialAction\":[{\"@type\":\"SearchAction\",\"target\":{\"@type\":\"EntryPoint\",\"urlTemplate\":\"https:\/\/www.bymycar.fr\/webzine\/?s={search_term_string}\"},\"query-input\":{\"@type\":\"PropertyValueSpecification\",\"valueRequired\":true,\"valueName\":\"search_term_string\"}}],\"inLanguage\":\"fr-FR\"},{\"@type\":\"Organization\",\"@id\":\"https:\/\/www.bymycar.fr\/webzine\/#organization\",\"name\":\"BYmyCAR\",\"url\":\"https:\/\/www.bymycar.fr\/webzine\/\",\"logo\":{\"@type\":\"ImageObject\",\"inLanguage\":\"fr-FR\",\"@id\":\"https:\/\/www.bymycar.fr\/webzine\/#\/schema\/logo\/image\/\",\"url\":\"https:\/\/cdn.bymycar.eu\/fr-webzine\/wp-content\/uploads\/medias\/2017\/08\/logo_DEALER_00000406_001.png\",\"contentUrl\":\"https:\/\/cdn.bymycar.eu\/fr-webzine\/wp-content\/uploads\/medias\/2017\/08\/logo_DEALER_00000406_001.png\",\"width\":2132,\"height\":720,\"caption\":\"BYmyCAR\"},\"image\":{\"@id\":\"https:\/\/www.bymycar.fr\/webzine\/#\/schema\/logo\/image\/\"}},{\"@type\":\"Person\",\"@id\":\"https:\/\/www.bymycar.fr\/webzine\/#\/schema\/person\/8d570fe11eb8929f06c1e6d00f4d9689\",\"name\":\"La R\u00e9daction BYmyCAR\",\"image\":{\"@type\":\"ImageObject\",\"inLanguage\":\"fr-FR\",\"@id\":\"https:\/\/www.bymycar.fr\/webzine\/#\/schema\/person\/image\/\",\"url\":\"https:\/\/secure.gravatar.com\/avatar\/1aa6b039d0ce106989923af4e2d0f2a0c82bb070d5e449f1b9adf082a5863900?s=96&d=mm&r=g\",\"contentUrl\":\"https:\/\/secure.gravatar.com\/avatar\/1aa6b039d0ce106989923af4e2d0f2a0c82bb070d5e449f1b9adf082a5863900?s=96&d=mm&r=g\",\"caption\":\"La R\u00e9daction BYmyCAR\"},\"sameAs\":[\"https:\/\/www.bymycar.fr\/\"]}]}<\/script>\n<!-- \/ Yoast SEO Premium plugin. -->","yoast_head_json":{"title":"D\u00e9couvrez Smart lors des Journ\u00e9es Portes Ouvertes","robots":{"index":"index","follow":"follow","max-snippet":"max-snippet:-1","max-image-preview":"max-image-preview:large","max-video-preview":"max-video-preview:-1"},"canonical":"https:\/\/www.bymycar.fr\/webzine\/decouvrez-la-smart-lors-dune-journee-porte-ouverte\/","og_locale":"fr_FR","og_type":"article","og_title":"D\u00e9couvrez Smart lors des Journ\u00e9es Portes Ouvertes","og_url":"https:\/\/www.bymycar.fr\/webzine\/decouvrez-la-smart-lors-dune-journee-porte-ouverte\/","og_site_name":"Webzine auto BYmyCAR","article_published_time":"2022-08-24T11:33:48+00:00","article_modified_time":"2026-04-27T12:30:04+00:00","og_image":[{"width":2560,"height":1707,"url":"https:\/\/cdn.bymycar.eu\/fr-webzine\/wp-content\/uploads\/medias\/eu-brabus-digital-white-metallic-backside-left-lisbon-2.jpg","type":"image\/jpeg"}],"author":"La R\u00e9daction BYmyCAR","twitter_card":"summary_large_image","twitter_misc":{"\u00c9crit par":"La R\u00e9daction BYmyCAR"},"schema":{"@context":"https:\/\/schema.org","@graph":[{"@type":"Article","@id":"https:\/\/www.bymycar.fr\/webzine\/decouvrez-la-smart-lors-dune-journee-porte-ouverte\/#article","isPartOf":{"@id":"https:\/\/www.bymycar.fr\/webzine\/decouvrez-la-smart-lors-dune-journee-porte-ouverte\/"},"author":{"name":"La R\u00e9daction BYmyCAR","@id":"https:\/\/www.bymycar.fr\/webzine\/#\/schema\/person\/8d570fe11eb8929f06c1e6d00f4d9689"},"headline":"D\u00e9couvrez Smart lors des Journ\u00e9es Portes Ouvertes","datePublished":"2022-08-24T11:33:48+00:00","dateModified":"2026-04-27T12:30:04+00:00","mainEntityOfPage":{"@id":"https:\/\/www.bymycar.fr\/webzine\/decouvrez-la-smart-lors-dune-journee-porte-ouverte\/"},"wordCount":9,"publisher":{"@id":"https:\/\/www.bymycar.fr\/webzine\/#organization"},"image":{"@id":"https:\/\/www.bymycar.fr\/webzine\/decouvrez-la-smart-lors-dune-journee-porte-ouverte\/#primaryimage"},"thumbnailUrl":"https:\/\/cdn.bymycar.eu\/fr-webzine\/wp-content\/uploads\/medias\/eu-brabus-digital-white-metallic-backside-left-lisbon-2.jpg","articleSection":["Guide d'achat smart","Journ\u00e9es Portes Ouvertes"],"inLanguage":"fr-FR"},{"@type":"WebPage","@id":"https:\/\/www.bymycar.fr\/webzine\/decouvrez-la-smart-lors-dune-journee-porte-ouverte\/","url":"https:\/\/www.bymycar.fr\/webzine\/decouvrez-la-smart-lors-dune-journee-porte-ouverte\/","name":"D\u00e9couvrez Smart lors des Journ\u00e9es Portes Ouvertes","isPartOf":{"@id":"https:\/\/www.bymycar.fr\/webzine\/#website"},"primaryImageOfPage":{"@id":"https:\/\/www.bymycar.fr\/webzine\/decouvrez-la-smart-lors-dune-journee-porte-ouverte\/#primaryimage"},"image":{"@id":"https:\/\/www.bymycar.fr\/webzine\/decouvrez-la-smart-lors-dune-journee-porte-ouverte\/#primaryimage"},"thumbnailUrl":"https:\/\/cdn.bymycar.eu\/fr-webzine\/wp-content\/uploads\/medias\/eu-brabus-digital-white-metallic-backside-left-lisbon-2.jpg","datePublished":"2022-08-24T11:33:48+00:00","dateModified":"2026-04-27T12:30:04+00:00","breadcrumb":{"@id":"https:\/\/www.bymycar.fr\/webzine\/decouvrez-la-smart-lors-dune-journee-porte-ouverte\/#breadcrumb"},"inLanguage":"fr-FR","potentialAction":[{"@type":"ReadAction","target":["https:\/\/www.bymycar.fr\/webzine\/decouvrez-la-smart-lors-dune-journee-porte-ouverte\/"]}]},{"@type":"ImageObject","inLanguage":"fr-FR","@id":"https:\/\/www.bymycar.fr\/webzine\/decouvrez-la-smart-lors-dune-journee-porte-ouverte\/#primaryimage","url":"https:\/\/cdn.bymycar.eu\/fr-webzine\/wp-content\/uploads\/medias\/eu-brabus-digital-white-metallic-backside-left-lisbon-2.jpg","contentUrl":"https:\/\/cdn.bymycar.eu\/fr-webzine\/wp-content\/uploads\/medias\/eu-brabus-digital-white-metallic-backside-left-lisbon-2.jpg","width":2560,"height":1707},{"@type":"BreadcrumbList","@id":"https:\/\/www.bymycar.fr\/webzine\/decouvrez-la-smart-lors-dune-journee-porte-ouverte\/#breadcrumb","itemListElement":[{"@type":"ListItem","position":1,"name":"Accueil","item":"https:\/\/www.bymycar.fr\/webzine\/"},{"@type":"ListItem","position":2,"name":"D\u00e9couvrez Smart lors des Journ\u00e9es Portes Ouvertes"}]},{"@type":"WebSite","@id":"https:\/\/www.bymycar.fr\/webzine\/#website","url":"https:\/\/www.bymycar.fr\/webzine\/","name":"Webzine auto BYmyCAR","description":"La magazine auto de BYmyCAR","publisher":{"@id":"https:\/\/www.bymycar.fr\/webzine\/#organization"},"potentialAction":[{"@type":"SearchAction","target":{"@type":"EntryPoint","urlTemplate":"https:\/\/www.bymycar.fr\/webzine\/?s={search_term_string}"},"query-input":{"@type":"PropertyValueSpecification","valueRequired":true,"valueName":"search_term_string"}}],"inLanguage":"fr-FR"},{"@type":"Organization","@id":"https:\/\/www.bymycar.fr\/webzine\/#organization","name":"BYmyCAR","url":"https:\/\/www.bymycar.fr\/webzine\/","logo":{"@type":"ImageObject","inLanguage":"fr-FR","@id":"https:\/\/www.bymycar.fr\/webzine\/#\/schema\/logo\/image\/","url":"https:\/\/cdn.bymycar.eu\/fr-webzine\/wp-content\/uploads\/medias\/2017\/08\/logo_DEALER_00000406_001.png","contentUrl":"https:\/\/cdn.bymycar.eu\/fr-webzine\/wp-content\/uploads\/medias\/2017\/08\/logo_DEALER_00000406_001.png","width":2132,"height":720,"caption":"BYmyCAR"},"image":{"@id":"https:\/\/www.bymycar.fr\/webzine\/#\/schema\/logo\/image\/"}},{"@type":"Person","@id":"https:\/\/www.bymycar.fr\/webzine\/#\/schema\/person\/8d570fe11eb8929f06c1e6d00f4d9689","name":"La R\u00e9daction BYmyCAR","image":{"@type":"ImageObject","inLanguage":"fr-FR","@id":"https:\/\/www.bymycar.fr\/webzine\/#\/schema\/person\/image\/","url":"https:\/\/secure.gravatar.com\/avatar\/1aa6b039d0ce106989923af4e2d0f2a0c82bb070d5e449f1b9adf082a5863900?s=96&d=mm&r=g","contentUrl":"https:\/\/secure.gravatar.com\/avatar\/1aa6b039d0ce106989923af4e2d0f2a0c82bb070d5e449f1b9adf082a5863900?s=96&d=mm&r=g","caption":"La R\u00e9daction BYmyCAR"},"sameAs":["https:\/\/www.bymycar.fr\/"]}]}},"_links":{"self":[{"href":"https:\/\/www.bymycar.fr\/webzine\/wp-json\/wp\/v2\/posts\/35066","targetHints":{"allow":["GET"]}}],"collection":[{"href":"https:\/\/www.bymycar.fr\/webzine\/wp-json\/wp\/v2\/posts"}],"about":[{"href":"https:\/\/www.bymycar.fr\/webzine\/wp-json\/wp\/v2\/types\/post"}],"author":[{"embeddable":true,"href":"https:\/\/www.bymycar.fr\/webzine\/wp-json\/wp\/v2\/users\/88"}],"replies":[{"embeddable":true,"href":"https:\/\/www.bymycar.fr\/webzine\/wp-json\/wp\/v2\/comments?post=35066"}],"version-history":[{"count":6,"href":"https:\/\/www.bymycar.fr\/webzine\/wp-json\/wp\/v2\/posts\/35066\/revisions"}],"predecessor-version":[{"id":39455,"href":"https:\/\/www.bymycar.fr\/webzine\/wp-json\/wp\/v2\/posts\/35066\/revisions\/39455"}],"wp:featuredmedia":[{"embeddable":true,"href":"https:\/\/www.bymycar.fr\/webzine\/wp-json\/wp\/v2\/media\/39494"}],"wp:attachment":[{"href":"https:\/\/www.bymycar.fr\/webzine\/wp-json\/wp\/v2\/media?parent=35066"}],"wp:term":[{"taxonomy":"category","embeddable":true,"href":"https:\/\/www.bymycar.fr\/webzine\/wp-json\/wp\/v2\/categories?post=35066"},{"taxonomy":"post_tag","embeddable":true,"href":"https:\/\/www.bymycar.fr\/webzine\/wp-json\/wp\/v2\/tags?post=35066"}],"curies":[{"name":"wp","href":"https:\/\/api.w.org\/{rel}","templated":true}]}}