{"id":35062,"date":"2022-08-24T13:30:16","date_gmt":"2022-08-24T11:30:16","guid":{"rendered":"https:\/\/prod.bymycar.fr\/webzine\/?p=35062"},"modified":"2026-04-27T14:30:04","modified_gmt":"2026-04-27T12:30:04","slug":"a-la-decouverte-des-journees-portes-ouvertes-alpine","status":"publish","type":"post","link":"https:\/\/www.bymycar.fr\/webzine\/a-la-decouverte-des-journees-portes-ouvertes-alpine\/","title":{"rendered":"\u00c0 la d\u00e9couverte des journ\u00e9es portes ouvertes Alpine"},"content":{"rendered":"","protected":false},"excerpt":{"rendered":"","protected":false},"author":88,"featured_media":39495,"comment_status":"closed","ping_status":"open","sticky":false,"template":"","format":"standard","meta":{"_acf_changed":false,"footnotes":""},"categories":[12939],"tags":[],"class_list":["post-35062","post","type-post","status-publish","format-standard","has-post-thumbnail","hentry","category-journees-portes-ouvertes"],"acf":{"template":"classique","introduction":"<p style=\"text-align: justify;\">Alpine est un constructeur fran\u00e7ais de voitures sportives appartenant au groupe Renault. \u00c0 l\u2019occasion des journ\u00e9es portes ouvertes organis\u00e9es par la marque les 11 et 12 mars, les passionn\u00e9s de sport auto pourront effectuer des essais afin de d\u00e9couvrir les v\u00e9hicules Alpine.<\/p>\n<p style=\"text-align: center;\"><a href=\"https:\/\/www.bymycar.fr\/concessions\/alpine\" target=\"_blank\" class=\"css-button css-button--gold\" >\n                Voir les concessions Alpine BYmyCAR\n        <\/a><\/p>\n","strates":[{"type_strate":"carousel-produits","ancre":"","contenu":"<h2 style=\"text-align: justify;\">Porte ouverte voiture : Dieppe alpine<\/h2>\n<p style=\"text-align: justify;\">Jean R\u00e9d\u00e9l\u00e9, le fondateur d\u2019<a href=\"https:\/\/www.bymycar.fr\/marques\/alpine\">Alpine<\/a>, a \u00e9t\u00e9 mis \u00e0 l\u2019honneur lors du rassemblement de 1 000 Alpine organis\u00e9 \u00e0 Dieppe en 2022. Le front de mer a accueilli 1 000 voitures Alpine pour c\u00e9l\u00e9brer les 100 ans du fondateur. Une parade g\u00e9ante a \u00e9t\u00e9 organis\u00e9e pour l&rsquo;\u00e9v\u00e9nement.<\/p>\n<h2 style=\"text-align: justify;\">Portes ouvertes Alpine : une opportunit\u00e9 \u00e0 ne pas manquer<\/h2>\n<p style=\"text-align: justify;\">Une fois par trimestre en moyenne, des journ\u00e9es portes ouvertes sont organis\u00e9es pour permettre aux constructeurs d\u2019exposer leurs derni\u00e8res nouveaut\u00e9s. De nombreuses marques auto les organisent, dont Alpine qui sera \u00e0 l\u2019honneur.<\/p>\n<p style=\"text-align: justify;\">Les prochaines dates retenues pour les journ\u00e9es portes ouvertes sont les week-ends du :<\/p>\n<ul style=\"text-align: justify;\">\n<li>14 et 15 janvier 2023<\/li>\n<li>puis en mars, juin, septembre et octobre<\/li>\n<\/ul>\n<h2 style=\"text-align: justify;\">Journ\u00e9e portes ouvertes concession : Alpine<\/h2>\n<p style=\"text-align: justify;\">En attendant les prochaines journ\u00e9es portes ouvertes les 14 et 15 janvier du constructeur Alpine, l\u2019\u00e9quipe de BYmyCAR reste disponible pour vous renseigner sur les derni\u00e8res mises \u00e0 jour de la marque au caract\u00e8re sportif. Que ce soit pour l\u2019achat d\u2019une Alpine neuve, d\u2019occasion ou pour une reprise, notre service commercial est joignable :<\/p>\n<ul style=\"text-align: justify;\">\n<li>Par t\u00e9l\u00e9phone ;<\/li>\n<li>Par chat sur notre site ;<\/li>\n<li>En remplissant le formulaire de contact.<\/li>\n<\/ul>\n<h2 style=\"text-align: justify;\">\u00c9v\u00e9nements Alpine c\u00e9l\u00e8bres<\/h2>\n<p style=\"text-align: justify;\">L&rsquo;\u00e9dition du 24 heures du Mans qui se d\u00e9roulera en 2023 est l\u2019un des \u00e9v\u00e9nements centenaires les plus attendus. En effet, la premi\u00e8re \u00e9dition a eu lieu en 1923. \u00c0 l\u2019instar du rassemblement des passionn\u00e9s des voitures Alpine, de nombreux mod\u00e8les d\u2019Alpine seront de la partie pour parader dans les rues du Mans. Il s\u2019agira entre autres de l\u2019Alpine M63, de l\u2019Alpine M64, de l\u2019Alpine A106 ou encore de l\u2019Alpine GT4.<\/p>\n<h2 style=\"text-align: justify;\">Portes ouvertes les 14 et 15 janvier<\/h2>\n<p style=\"text-align: justify;\">Pendant le week-end, vous pouvez participer \u00e0 une journ\u00e9e portes ouvertes pour avoir un aper\u00e7u des nouveaut\u00e9s de votre constructeur automobile favori. Vous pourrez profiter de l\u2019occasion pour poser des questions \u00e0 propos :<\/p>\n<ul style=\"text-align: justify;\">\n<li>Du processus de fabrication ;<\/li>\n<li>Du type de motorisation sous le capot des voitures expos\u00e9es ;<\/li>\n<li>Etc.<\/li>\n<\/ul>\n<p style=\"text-align: justify;\">Gr\u00e2ce \u00e0 un guide expert automobile, vous serez conseill\u00e9 sur les diff\u00e9rents modes de conduite et les solutions pour mieux entretenir votre v\u00e9hicule. Et pour ceux qui ne veulent pas seulement regarder, il sera possible de prendre place \u00e0 bord d\u2019une voiture neuve pour en appr\u00e9cier le confort et l\u2019esth\u00e9tique.<\/p>\n<p style=\"text-align: justify;\">Pour connaitre les dates des week-ends et les villes o\u00f9 seront organis\u00e9es les journ\u00e9es portes ouvertes automobiles, vous pouvez contacter BYmyCAR<\/p>\n","titre":"D\u00e9couvrir les v\u00e9hicules Alpine","image":false,"image_libre":false,"image_800x500":false,"legende":"","zoom":false,"texte":"","articles":false,"categorie_droite":false,"images":false,"elements_comparatif":false,"texte_1":"","texte_2":"","image_1":false,"image_1_563x400":false,"image_1_332x332":false,"image_2":false,"image_2_333x240":false,"image_2_563x400":false,"image_3":false,"image_3_333x240":false,"image_3_332x450":false,"image_4":false,"image_4_332x332":false,"image_4_563x400":false,"code_embed":"","legende_video":"","photo":false,"photo_100x100":false,"nom":"","fonction":"","elements_timeline":false,"entetes_colonnes":false,"entetes_lignes":false,"lignes":false,"introduction":"","formulaire":false,"question":"","reponse":"","libelle_bouton_lien":"","url_lien":"","questions":false,"conclusions":false,"pays":"1","region":"","marque":"22","marqueConcessions":false,"modele":"","ptvente":"","typeV":"","collection":"","nombre_maximum_elements":"10","lien_fin_carousel":"https:\/\/www.bymycar.fr\/rechercher-un-vehicule?prod_VEHICLES%5BrefinementList%5D%5Bbrand%5D%5B0%5D=ALPINE","texte_lien_fin_carousel":"Voir plus de v\u00e9hicules","trier_par":""},{"type_strate":"texte-simple","ancre":"","contenu":"<h2 style=\"text-align: justify;\">Porte ouverte voiture : Dieppe alpine<\/h2>\n<p style=\"text-align: justify;\">Jean R\u00e9d\u00e9l\u00e9, le fondateur d\u2019<a href=\"https:\/\/www.bymycar.fr\/marques\/alpine\">Alpine<\/a>, a \u00e9t\u00e9 mis \u00e0 l\u2019honneur lors du rassemblement de 1 000 Alpine organis\u00e9 \u00e0 Dieppe en 2022. Le front de mer a accueilli 1 000 voitures Alpine pour c\u00e9l\u00e9brer les 100 ans du fondateur. Une parade g\u00e9ante a \u00e9t\u00e9 organis\u00e9e pour l&rsquo;\u00e9v\u00e9nement.<\/p>\n<h2 style=\"text-align: justify;\">Portes ouvertes Alpine : une opportunit\u00e9 \u00e0 ne pas manquer<\/h2>\n<p style=\"text-align: justify;\">Une fois par trimestre en moyenne, des journ\u00e9es portes ouvertes sont organis\u00e9es pour permettre aux constructeurs d\u2019exposer leurs derni\u00e8res nouveaut\u00e9s. De nombreuses marques auto les organisent, dont Alpine qui sera \u00e0 l\u2019honneur.<\/p>\n<p style=\"text-align: justify;\">Les prochaines dates retenues pour les journ\u00e9es portes ouvertes sont les week-ends du :<\/p>\n<ul style=\"text-align: justify;\">\n<li>14 et 15 janvier 2023<\/li>\n<li>puis en mars, juin, septembre et octobre<\/li>\n<\/ul>\n<h2 style=\"text-align: justify;\">Journ\u00e9e portes ouvertes concession : Alpine<\/h2>\n<p style=\"text-align: justify;\">En attendant les prochaines journ\u00e9es portes ouvertes les 14 et 15 janvier du constructeur Alpine, l\u2019\u00e9quipe de BYmyCAR reste disponible pour vous renseigner sur les derni\u00e8res mises \u00e0 jour de la marque au caract\u00e8re sportif. Que ce soit pour l\u2019achat d\u2019une Alpine neuve, d\u2019occasion ou pour une reprise, notre service commercial est joignable :<\/p>\n<ul style=\"text-align: justify;\">\n<li>Par t\u00e9l\u00e9phone ;<\/li>\n<li>Par chat sur notre site ;<\/li>\n<li>En remplissant le formulaire de contact.<\/li>\n<\/ul>\n<h2 style=\"text-align: justify;\">\u00c9v\u00e9nements Alpine c\u00e9l\u00e8bres<\/h2>\n<p style=\"text-align: justify;\">L&rsquo;\u00e9dition du 24 heures du Mans qui se d\u00e9roulera en 2023 est l\u2019un des \u00e9v\u00e9nements centenaires les plus attendus. En effet, la premi\u00e8re \u00e9dition a eu lieu en 1923. \u00c0 l\u2019instar du rassemblement des passionn\u00e9s des voitures Alpine, de nombreux mod\u00e8les d\u2019Alpine seront de la partie pour parader dans les rues du Mans. Il s\u2019agira entre autres de l\u2019Alpine M63, de l\u2019Alpine M64, de l\u2019Alpine A106 ou encore de l\u2019Alpine GT4.<\/p>\n<h2 style=\"text-align: justify;\">Portes ouvertes les 14 et 15 janvier<\/h2>\n<p style=\"text-align: justify;\">Pendant le week-end, vous pouvez participer \u00e0 une journ\u00e9e portes ouvertes pour avoir un aper\u00e7u des nouveaut\u00e9s de votre constructeur automobile favori. Vous pourrez profiter de l\u2019occasion pour poser des questions \u00e0 propos :<\/p>\n<ul style=\"text-align: justify;\">\n<li>Du processus de fabrication ;<\/li>\n<li>Du type de motorisation sous le capot des voitures expos\u00e9es ;<\/li>\n<li>Etc.<\/li>\n<\/ul>\n<p style=\"text-align: justify;\">Gr\u00e2ce \u00e0 un guide expert automobile, vous serez conseill\u00e9 sur les diff\u00e9rents modes de conduite et les solutions pour mieux entretenir votre v\u00e9hicule. Et pour ceux qui ne veulent pas seulement regarder, il sera possible de prendre place \u00e0 bord d\u2019une voiture neuve pour en appr\u00e9cier le confort et l\u2019esth\u00e9tique.<\/p>\n<p style=\"text-align: justify;\">Pour connaitre les dates des week-ends et les villes o\u00f9 seront organis\u00e9es les journ\u00e9es portes ouvertes automobiles, vous pouvez contacter BYmyCAR<\/p>\n","titre":"Texte 1","image":false,"image_libre":false,"image_800x500":false,"legende":"","zoom":false,"texte":"","articles":false,"categorie_droite":false,"images":false,"elements_comparatif":false,"texte_1":"","texte_2":"","image_1":false,"image_1_563x400":false,"image_1_332x332":false,"image_2":false,"image_2_333x240":false,"image_2_563x400":false,"image_3":false,"image_3_333x240":false,"image_3_332x450":false,"image_4":false,"image_4_332x332":false,"image_4_563x400":false,"code_embed":"","legende_video":"","photo":false,"photo_100x100":false,"nom":"","fonction":"","elements_timeline":false,"entetes_colonnes":false,"entetes_lignes":false,"lignes":false,"introduction":"","formulaire":false,"question":"","reponse":"","libelle_bouton_lien":"","url_lien":"","questions":false,"conclusions":false,"pays":"1","region":"","marque":"22","marqueConcessions":false,"modele":"","ptvente":"","typeV":"","collection":"","nombre_maximum_elements":"10","lien_fin_carousel":"https:\/\/www.bymycar.fr\/rechercher-un-vehicule?prod_VEHICLES%5BrefinementList%5D%5Bbrand%5D%5B0%5D=ALPINE","texte_lien_fin_carousel":"Voir plus de v\u00e9hicules","trier_par":""},{"type_strate":"carousel-produits","ancre":"","contenu":"","titre":"Voir les v\u00e9hicules du moment Alpine","image":false,"image_libre":false,"image_800x500":false,"legende":"","zoom":false,"texte":"","articles":false,"categorie_droite":false,"images":false,"elements_comparatif":false,"texte_1":"","texte_2":"","image_1":false,"image_1_563x400":false,"image_1_332x332":false,"image_2":false,"image_2_333x240":false,"image_2_563x400":false,"image_3":false,"image_3_333x240":false,"image_3_332x450":false,"image_4":false,"image_4_332x332":false,"image_4_563x400":false,"code_embed":"","legende_video":"","photo":false,"photo_100x100":false,"nom":"","fonction":"","elements_timeline":false,"entetes_colonnes":false,"entetes_lignes":false,"lignes":false,"introduction":"","formulaire":false,"question":"","reponse":"","libelle_bouton_lien":"","url_lien":"","questions":false,"conclusions":false,"pays":"1","region":"","marque":"22","marqueConcessions":false,"modele":"","ptvente":"","typeV":"","collection":"","nombre_maximum_elements":"10","lien_fin_carousel":"https:\/\/www.bymycar.fr\/rechercher-un-vehicule?prod_VEHICLES%5BrefinementList%5D%5Bbrand%5D%5B0%5D=ALPINE","texte_lien_fin_carousel":"Voir plus de v\u00e9hicules","trier_par":""}],"is_old_post":false,"image":{"ID":39495,"id":39495,"title":"ALPINE A110R","filename":"Nouvelle_Alpine_A110_R.jpg","filesize":1,"url":"https:\/\/cdn.bymycar.eu\/fr-webzine\/wp-content\/uploads\/medias\/Nouvelle_Alpine_A110_R.jpg","link":"https:\/\/www.bymycar.fr\/webzine\/a-la-decouverte-des-journees-portes-ouvertes-alpine\/alpine-a110r\/","alt":"","author":"88","description":"","caption":"","name":"alpine-a110r","status":"inherit","uploaded_to":35062,"date":"2023-01-30 14:06:42","modified":"2023-01-30 14:06:42","menu_order":0,"mime_type":"image\/jpeg","type":"image","subtype":"jpeg","icon":"https:\/\/www.bymycar.fr\/webzine\/wp-includes\/images\/media\/default.png","width":2560,"height":1708,"sizes":{"thumbnail":"https:\/\/cdn.bymycar.eu\/fr-webzine\/wp-content\/uploads\/medias\/Nouvelle_Alpine_A110_R-150x150.jpg","thumbnail-width":150,"thumbnail-height":150,"medium":"https:\/\/cdn.bymycar.eu\/fr-webzine\/wp-content\/uploads\/medias\/Nouvelle_Alpine_A110_R-300x200.jpg","medium-width":300,"medium-height":200,"medium_large":"https:\/\/cdn.bymycar.eu\/fr-webzine\/wp-content\/uploads\/medias\/Nouvelle_Alpine_A110_R-768x512.jpg","medium_large-width":768,"medium_large-height":512,"large":"https:\/\/cdn.bymycar.eu\/fr-webzine\/wp-content\/uploads\/medias\/Nouvelle_Alpine_A110_R-1024x683.jpg","large-width":1024,"large-height":683,"1536x1536":"https:\/\/cdn.bymycar.eu\/fr-webzine\/wp-content\/uploads\/medias\/Nouvelle_Alpine_A110_R-1536x1025.jpg","1536x1536-width":1536,"1536x1536-height":1025,"2048x2048":"https:\/\/cdn.bymycar.eu\/fr-webzine\/wp-content\/uploads\/medias\/Nouvelle_Alpine_A110_R-2048x1366.jpg","2048x2048-width":2048,"2048x2048-height":1366}},"page_content":{"block_content":[{"acf_fc_layout":"carousel-produits"},{"acf_fc_layout":"carousel-produits"},{"acf_fc_layout":"carousel-produits"},{"acf_fc_layout":"text-simple","--nav":{"-withNav":false,"-ancre":""},"--group":{"-text":"<h2 style=\"text-align: justify;\">Porte ouverte voiture : Dieppe alpine<\/h2>\n<p style=\"text-align: justify;\">Jean R\u00e9d\u00e9l\u00e9, le fondateur d\u2019<a href=\"https:\/\/www.bymycar.fr\/marques\/alpine\">Alpine<\/a>, a \u00e9t\u00e9 mis \u00e0 l\u2019honneur lors du rassemblement de 1 000 Alpine organis\u00e9 \u00e0 Dieppe en 2022. Le front de mer a accueilli 1 000 voitures Alpine pour c\u00e9l\u00e9brer les 100 ans du fondateur. Une parade g\u00e9ante a \u00e9t\u00e9 organis\u00e9e pour l&rsquo;\u00e9v\u00e9nement.<\/p>\n<h2 style=\"text-align: justify;\">Portes ouvertes Alpine : une opportunit\u00e9 \u00e0 ne pas manquer<\/h2>\n<p style=\"text-align: justify;\">Une fois par trimestre en moyenne, des journ\u00e9es portes ouvertes sont organis\u00e9es pour permettre aux constructeurs d\u2019exposer leurs derni\u00e8res nouveaut\u00e9s. De nombreuses marques auto les organisent, dont Alpine qui sera \u00e0 l\u2019honneur.<\/p>\n<p style=\"text-align: justify;\">Les prochaines dates retenues pour les journ\u00e9es portes ouvertes sont les week-ends du :<\/p>\n<ul style=\"text-align: justify;\">\n<li>14 et 15 janvier 2023<\/li>\n<li>puis en mars, juin, septembre et octobre<\/li>\n<\/ul>\n<h2 style=\"text-align: justify;\">Journ\u00e9e portes ouvertes concession : Alpine<\/h2>\n<p style=\"text-align: justify;\">En attendant les prochaines journ\u00e9es portes ouvertes les 14 et 15 janvier du constructeur Alpine, l\u2019\u00e9quipe de BYmyCAR reste disponible pour vous renseigner sur les derni\u00e8res mises \u00e0 jour de la marque au caract\u00e8re sportif. Que ce soit pour l\u2019achat d\u2019une Alpine neuve, d\u2019occasion ou pour une reprise, notre service commercial est joignable :<\/p>\n<ul style=\"text-align: justify;\">\n<li>Par t\u00e9l\u00e9phone ;<\/li>\n<li>Par chat sur notre site ;<\/li>\n<li>En remplissant le formulaire de contact.<\/li>\n<\/ul>\n<h2 style=\"text-align: justify;\">\u00c9v\u00e9nements Alpine c\u00e9l\u00e8bres<\/h2>\n<p style=\"text-align: justify;\">L&rsquo;\u00e9dition du 24 heures du Mans qui se d\u00e9roulera en 2023 est l\u2019un des \u00e9v\u00e9nements centenaires les plus attendus. En effet, la premi\u00e8re \u00e9dition a eu lieu en 1923. \u00c0 l\u2019instar du rassemblement des passionn\u00e9s des voitures Alpine, de nombreux mod\u00e8les d\u2019Alpine seront de la partie pour parader dans les rues du Mans. Il s\u2019agira entre autres de l\u2019Alpine M63, de l\u2019Alpine M64, de l\u2019Alpine A106 ou encore de l\u2019Alpine GT4.<\/p>\n<h2 style=\"text-align: justify;\">Portes ouvertes les 14 et 15 janvier<\/h2>\n<p style=\"text-align: justify;\">Pendant le week-end, vous pouvez participer \u00e0 une journ\u00e9e portes ouvertes pour avoir un aper\u00e7u des nouveaut\u00e9s de votre constructeur automobile favori. Vous pourrez profiter de l\u2019occasion pour poser des questions \u00e0 propos :<\/p>\n<ul style=\"text-align: justify;\">\n<li>Du processus de fabrication ;<\/li>\n<li>Du type de motorisation sous le capot des voitures expos\u00e9es ;<\/li>\n<li>Etc.<\/li>\n<\/ul>\n<p style=\"text-align: justify;\">Gr\u00e2ce \u00e0 un guide expert automobile, vous serez conseill\u00e9 sur les diff\u00e9rents modes de conduite et les solutions pour mieux entretenir votre v\u00e9hicule. Et pour ceux qui ne veulent pas seulement regarder, il sera possible de prendre place \u00e0 bord d\u2019une voiture neuve pour en appr\u00e9cier le confort et l\u2019esth\u00e9tique.<\/p>\n<p style=\"text-align: justify;\">Pour connaitre les dates des week-ends et les villes o\u00f9 seront organis\u00e9es les journ\u00e9es portes ouvertes automobiles, vous pouvez contacter BYmyCAR<\/p>\n"}}]},"add-carousel-to-footer":true},"yoast_head":"<!-- This site is optimized with the Yoast SEO Premium plugin v26.4 (Yoast SEO v26.4) - https:\/\/yoast.com\/wordpress\/plugins\/seo\/ -->\n<title>\u00c0 la d\u00e9couverte des journ\u00e9es portes ouvertes Alpine<\/title>\n<meta name=\"robots\" content=\"index, follow, max-snippet:-1, max-image-preview:large, max-video-preview:-1\" \/>\n<link rel=\"canonical\" href=\"https:\/\/www.bymycar.fr\/webzine\/a-la-decouverte-des-journees-portes-ouvertes-alpine\/\" \/>\n<meta property=\"og:locale\" content=\"fr_FR\" \/>\n<meta property=\"og:type\" content=\"article\" \/>\n<meta property=\"og:title\" content=\"\u00c0 la d\u00e9couverte des journ\u00e9es portes ouvertes Alpine\" \/>\n<meta property=\"og:url\" content=\"https:\/\/www.bymycar.fr\/webzine\/a-la-decouverte-des-journees-portes-ouvertes-alpine\/\" \/>\n<meta property=\"og:site_name\" content=\"Webzine auto BYmyCAR\" \/>\n<meta property=\"article:published_time\" content=\"2022-08-24T11:30:16+00:00\" \/>\n<meta property=\"article:modified_time\" content=\"2026-04-27T12:30:04+00:00\" \/>\n<meta property=\"og:image\" content=\"https:\/\/cdn.bymycar.eu\/fr-webzine\/wp-content\/uploads\/medias\/Nouvelle_Alpine_A110_R.jpg\" \/>\n\t<meta property=\"og:image:width\" content=\"2560\" \/>\n\t<meta property=\"og:image:height\" content=\"1708\" \/>\n\t<meta property=\"og:image:type\" content=\"image\/jpeg\" \/>\n<meta name=\"author\" content=\"La R\u00e9daction BYmyCAR\" \/>\n<meta name=\"twitter:card\" content=\"summary_large_image\" \/>\n<meta name=\"twitter:label1\" content=\"\u00c9crit par\" \/>\n\t<meta name=\"twitter:data1\" content=\"La R\u00e9daction BYmyCAR\" \/>\n<script type=\"application\/ld+json\" class=\"yoast-schema-graph\">{\"@context\":\"https:\/\/schema.org\",\"@graph\":[{\"@type\":\"Article\",\"@id\":\"https:\/\/www.bymycar.fr\/webzine\/a-la-decouverte-des-journees-portes-ouvertes-alpine\/#article\",\"isPartOf\":{\"@id\":\"https:\/\/www.bymycar.fr\/webzine\/a-la-decouverte-des-journees-portes-ouvertes-alpine\/\"},\"author\":{\"name\":\"La R\u00e9daction BYmyCAR\",\"@id\":\"https:\/\/www.bymycar.fr\/webzine\/#\/schema\/person\/8d570fe11eb8929f06c1e6d00f4d9689\"},\"headline\":\"\u00c0 la d\u00e9couverte des journ\u00e9es portes ouvertes Alpine\",\"datePublished\":\"2022-08-24T11:30:16+00:00\",\"dateModified\":\"2026-04-27T12:30:04+00:00\",\"mainEntityOfPage\":{\"@id\":\"https:\/\/www.bymycar.fr\/webzine\/a-la-decouverte-des-journees-portes-ouvertes-alpine\/\"},\"wordCount\":9,\"publisher\":{\"@id\":\"https:\/\/www.bymycar.fr\/webzine\/#organization\"},\"image\":{\"@id\":\"https:\/\/www.bymycar.fr\/webzine\/a-la-decouverte-des-journees-portes-ouvertes-alpine\/#primaryimage\"},\"thumbnailUrl\":\"https:\/\/cdn.bymycar.eu\/fr-webzine\/wp-content\/uploads\/medias\/Nouvelle_Alpine_A110_R.jpg\",\"articleSection\":[\"Journ\u00e9es Portes Ouvertes\"],\"inLanguage\":\"fr-FR\"},{\"@type\":\"WebPage\",\"@id\":\"https:\/\/www.bymycar.fr\/webzine\/a-la-decouverte-des-journees-portes-ouvertes-alpine\/\",\"url\":\"https:\/\/www.bymycar.fr\/webzine\/a-la-decouverte-des-journees-portes-ouvertes-alpine\/\",\"name\":\"\u00c0 la d\u00e9couverte des journ\u00e9es portes ouvertes Alpine\",\"isPartOf\":{\"@id\":\"https:\/\/www.bymycar.fr\/webzine\/#website\"},\"primaryImageOfPage\":{\"@id\":\"https:\/\/www.bymycar.fr\/webzine\/a-la-decouverte-des-journees-portes-ouvertes-alpine\/#primaryimage\"},\"image\":{\"@id\":\"https:\/\/www.bymycar.fr\/webzine\/a-la-decouverte-des-journees-portes-ouvertes-alpine\/#primaryimage\"},\"thumbnailUrl\":\"https:\/\/cdn.bymycar.eu\/fr-webzine\/wp-content\/uploads\/medias\/Nouvelle_Alpine_A110_R.jpg\",\"datePublished\":\"2022-08-24T11:30:16+00:00\",\"dateModified\":\"2026-04-27T12:30:04+00:00\",\"breadcrumb\":{\"@id\":\"https:\/\/www.bymycar.fr\/webzine\/a-la-decouverte-des-journees-portes-ouvertes-alpine\/#breadcrumb\"},\"inLanguage\":\"fr-FR\",\"potentialAction\":[{\"@type\":\"ReadAction\",\"target\":[\"https:\/\/www.bymycar.fr\/webzine\/a-la-decouverte-des-journees-portes-ouvertes-alpine\/\"]}]},{\"@type\":\"ImageObject\",\"inLanguage\":\"fr-FR\",\"@id\":\"https:\/\/www.bymycar.fr\/webzine\/a-la-decouverte-des-journees-portes-ouvertes-alpine\/#primaryimage\",\"url\":\"https:\/\/cdn.bymycar.eu\/fr-webzine\/wp-content\/uploads\/medias\/Nouvelle_Alpine_A110_R.jpg\",\"contentUrl\":\"https:\/\/cdn.bymycar.eu\/fr-webzine\/wp-content\/uploads\/medias\/Nouvelle_Alpine_A110_R.jpg\",\"width\":2560,\"height\":1708},{\"@type\":\"BreadcrumbList\",\"@id\":\"https:\/\/www.bymycar.fr\/webzine\/a-la-decouverte-des-journees-portes-ouvertes-alpine\/#breadcrumb\",\"itemListElement\":[{\"@type\":\"ListItem\",\"position\":1,\"name\":\"Accueil\",\"item\":\"https:\/\/www.bymycar.fr\/webzine\/\"},{\"@type\":\"ListItem\",\"position\":2,\"name\":\"\u00c0 la d\u00e9couverte des journ\u00e9es portes ouvertes Alpine\"}]},{\"@type\":\"WebSite\",\"@id\":\"https:\/\/www.bymycar.fr\/webzine\/#website\",\"url\":\"https:\/\/www.bymycar.fr\/webzine\/\",\"name\":\"Webzine auto BYmyCAR\",\"description\":\"La magazine auto de BYmyCAR\",\"publisher\":{\"@id\":\"https:\/\/www.bymycar.fr\/webzine\/#organization\"},\"potentialAction\":[{\"@type\":\"SearchAction\",\"target\":{\"@type\":\"EntryPoint\",\"urlTemplate\":\"https:\/\/www.bymycar.fr\/webzine\/?s={search_term_string}\"},\"query-input\":{\"@type\":\"PropertyValueSpecification\",\"valueRequired\":true,\"valueName\":\"search_term_string\"}}],\"inLanguage\":\"fr-FR\"},{\"@type\":\"Organization\",\"@id\":\"https:\/\/www.bymycar.fr\/webzine\/#organization\",\"name\":\"BYmyCAR\",\"url\":\"https:\/\/www.bymycar.fr\/webzine\/\",\"logo\":{\"@type\":\"ImageObject\",\"inLanguage\":\"fr-FR\",\"@id\":\"https:\/\/www.bymycar.fr\/webzine\/#\/schema\/logo\/image\/\",\"url\":\"https:\/\/cdn.bymycar.eu\/fr-webzine\/wp-content\/uploads\/medias\/2017\/08\/logo_DEALER_00000406_001.png\",\"contentUrl\":\"https:\/\/cdn.bymycar.eu\/fr-webzine\/wp-content\/uploads\/medias\/2017\/08\/logo_DEALER_00000406_001.png\",\"width\":2132,\"height\":720,\"caption\":\"BYmyCAR\"},\"image\":{\"@id\":\"https:\/\/www.bymycar.fr\/webzine\/#\/schema\/logo\/image\/\"}},{\"@type\":\"Person\",\"@id\":\"https:\/\/www.bymycar.fr\/webzine\/#\/schema\/person\/8d570fe11eb8929f06c1e6d00f4d9689\",\"name\":\"La R\u00e9daction BYmyCAR\",\"image\":{\"@type\":\"ImageObject\",\"inLanguage\":\"fr-FR\",\"@id\":\"https:\/\/www.bymycar.fr\/webzine\/#\/schema\/person\/image\/\",\"url\":\"https:\/\/secure.gravatar.com\/avatar\/1aa6b039d0ce106989923af4e2d0f2a0c82bb070d5e449f1b9adf082a5863900?s=96&d=mm&r=g\",\"contentUrl\":\"https:\/\/secure.gravatar.com\/avatar\/1aa6b039d0ce106989923af4e2d0f2a0c82bb070d5e449f1b9adf082a5863900?s=96&d=mm&r=g\",\"caption\":\"La R\u00e9daction BYmyCAR\"},\"sameAs\":[\"https:\/\/www.bymycar.fr\/\"]}]}<\/script>\n<!-- \/ Yoast SEO Premium plugin. -->","yoast_head_json":{"title":"\u00c0 la d\u00e9couverte des journ\u00e9es portes ouvertes Alpine","robots":{"index":"index","follow":"follow","max-snippet":"max-snippet:-1","max-image-preview":"max-image-preview:large","max-video-preview":"max-video-preview:-1"},"canonical":"https:\/\/www.bymycar.fr\/webzine\/a-la-decouverte-des-journees-portes-ouvertes-alpine\/","og_locale":"fr_FR","og_type":"article","og_title":"\u00c0 la d\u00e9couverte des journ\u00e9es portes ouvertes Alpine","og_url":"https:\/\/www.bymycar.fr\/webzine\/a-la-decouverte-des-journees-portes-ouvertes-alpine\/","og_site_name":"Webzine auto BYmyCAR","article_published_time":"2022-08-24T11:30:16+00:00","article_modified_time":"2026-04-27T12:30:04+00:00","og_image":[{"width":2560,"height":1708,"url":"https:\/\/cdn.bymycar.eu\/fr-webzine\/wp-content\/uploads\/medias\/Nouvelle_Alpine_A110_R.jpg","type":"image\/jpeg"}],"author":"La R\u00e9daction BYmyCAR","twitter_card":"summary_large_image","twitter_misc":{"\u00c9crit par":"La R\u00e9daction BYmyCAR"},"schema":{"@context":"https:\/\/schema.org","@graph":[{"@type":"Article","@id":"https:\/\/www.bymycar.fr\/webzine\/a-la-decouverte-des-journees-portes-ouvertes-alpine\/#article","isPartOf":{"@id":"https:\/\/www.bymycar.fr\/webzine\/a-la-decouverte-des-journees-portes-ouvertes-alpine\/"},"author":{"name":"La R\u00e9daction BYmyCAR","@id":"https:\/\/www.bymycar.fr\/webzine\/#\/schema\/person\/8d570fe11eb8929f06c1e6d00f4d9689"},"headline":"\u00c0 la d\u00e9couverte des journ\u00e9es portes ouvertes Alpine","datePublished":"2022-08-24T11:30:16+00:00","dateModified":"2026-04-27T12:30:04+00:00","mainEntityOfPage":{"@id":"https:\/\/www.bymycar.fr\/webzine\/a-la-decouverte-des-journees-portes-ouvertes-alpine\/"},"wordCount":9,"publisher":{"@id":"https:\/\/www.bymycar.fr\/webzine\/#organization"},"image":{"@id":"https:\/\/www.bymycar.fr\/webzine\/a-la-decouverte-des-journees-portes-ouvertes-alpine\/#primaryimage"},"thumbnailUrl":"https:\/\/cdn.bymycar.eu\/fr-webzine\/wp-content\/uploads\/medias\/Nouvelle_Alpine_A110_R.jpg","articleSection":["Journ\u00e9es Portes Ouvertes"],"inLanguage":"fr-FR"},{"@type":"WebPage","@id":"https:\/\/www.bymycar.fr\/webzine\/a-la-decouverte-des-journees-portes-ouvertes-alpine\/","url":"https:\/\/www.bymycar.fr\/webzine\/a-la-decouverte-des-journees-portes-ouvertes-alpine\/","name":"\u00c0 la d\u00e9couverte des journ\u00e9es portes ouvertes Alpine","isPartOf":{"@id":"https:\/\/www.bymycar.fr\/webzine\/#website"},"primaryImageOfPage":{"@id":"https:\/\/www.bymycar.fr\/webzine\/a-la-decouverte-des-journees-portes-ouvertes-alpine\/#primaryimage"},"image":{"@id":"https:\/\/www.bymycar.fr\/webzine\/a-la-decouverte-des-journees-portes-ouvertes-alpine\/#primaryimage"},"thumbnailUrl":"https:\/\/cdn.bymycar.eu\/fr-webzine\/wp-content\/uploads\/medias\/Nouvelle_Alpine_A110_R.jpg","datePublished":"2022-08-24T11:30:16+00:00","dateModified":"2026-04-27T12:30:04+00:00","breadcrumb":{"@id":"https:\/\/www.bymycar.fr\/webzine\/a-la-decouverte-des-journees-portes-ouvertes-alpine\/#breadcrumb"},"inLanguage":"fr-FR","potentialAction":[{"@type":"ReadAction","target":["https:\/\/www.bymycar.fr\/webzine\/a-la-decouverte-des-journees-portes-ouvertes-alpine\/"]}]},{"@type":"ImageObject","inLanguage":"fr-FR","@id":"https:\/\/www.bymycar.fr\/webzine\/a-la-decouverte-des-journees-portes-ouvertes-alpine\/#primaryimage","url":"https:\/\/cdn.bymycar.eu\/fr-webzine\/wp-content\/uploads\/medias\/Nouvelle_Alpine_A110_R.jpg","contentUrl":"https:\/\/cdn.bymycar.eu\/fr-webzine\/wp-content\/uploads\/medias\/Nouvelle_Alpine_A110_R.jpg","width":2560,"height":1708},{"@type":"BreadcrumbList","@id":"https:\/\/www.bymycar.fr\/webzine\/a-la-decouverte-des-journees-portes-ouvertes-alpine\/#breadcrumb","itemListElement":[{"@type":"ListItem","position":1,"name":"Accueil","item":"https:\/\/www.bymycar.fr\/webzine\/"},{"@type":"ListItem","position":2,"name":"\u00c0 la d\u00e9couverte des journ\u00e9es portes ouvertes Alpine"}]},{"@type":"WebSite","@id":"https:\/\/www.bymycar.fr\/webzine\/#website","url":"https:\/\/www.bymycar.fr\/webzine\/","name":"Webzine auto BYmyCAR","description":"La magazine auto de BYmyCAR","publisher":{"@id":"https:\/\/www.bymycar.fr\/webzine\/#organization"},"potentialAction":[{"@type":"SearchAction","target":{"@type":"EntryPoint","urlTemplate":"https:\/\/www.bymycar.fr\/webzine\/?s={search_term_string}"},"query-input":{"@type":"PropertyValueSpecification","valueRequired":true,"valueName":"search_term_string"}}],"inLanguage":"fr-FR"},{"@type":"Organization","@id":"https:\/\/www.bymycar.fr\/webzine\/#organization","name":"BYmyCAR","url":"https:\/\/www.bymycar.fr\/webzine\/","logo":{"@type":"ImageObject","inLanguage":"fr-FR","@id":"https:\/\/www.bymycar.fr\/webzine\/#\/schema\/logo\/image\/","url":"https:\/\/cdn.bymycar.eu\/fr-webzine\/wp-content\/uploads\/medias\/2017\/08\/logo_DEALER_00000406_001.png","contentUrl":"https:\/\/cdn.bymycar.eu\/fr-webzine\/wp-content\/uploads\/medias\/2017\/08\/logo_DEALER_00000406_001.png","width":2132,"height":720,"caption":"BYmyCAR"},"image":{"@id":"https:\/\/www.bymycar.fr\/webzine\/#\/schema\/logo\/image\/"}},{"@type":"Person","@id":"https:\/\/www.bymycar.fr\/webzine\/#\/schema\/person\/8d570fe11eb8929f06c1e6d00f4d9689","name":"La R\u00e9daction BYmyCAR","image":{"@type":"ImageObject","inLanguage":"fr-FR","@id":"https:\/\/www.bymycar.fr\/webzine\/#\/schema\/person\/image\/","url":"https:\/\/secure.gravatar.com\/avatar\/1aa6b039d0ce106989923af4e2d0f2a0c82bb070d5e449f1b9adf082a5863900?s=96&d=mm&r=g","contentUrl":"https:\/\/secure.gravatar.com\/avatar\/1aa6b039d0ce106989923af4e2d0f2a0c82bb070d5e449f1b9adf082a5863900?s=96&d=mm&r=g","caption":"La R\u00e9daction BYmyCAR"},"sameAs":["https:\/\/www.bymycar.fr\/"]}]}},"_links":{"self":[{"href":"https:\/\/www.bymycar.fr\/webzine\/wp-json\/wp\/v2\/posts\/35062","targetHints":{"allow":["GET"]}}],"collection":[{"href":"https:\/\/www.bymycar.fr\/webzine\/wp-json\/wp\/v2\/posts"}],"about":[{"href":"https:\/\/www.bymycar.fr\/webzine\/wp-json\/wp\/v2\/types\/post"}],"author":[{"embeddable":true,"href":"https:\/\/www.bymycar.fr\/webzine\/wp-json\/wp\/v2\/users\/88"}],"replies":[{"embeddable":true,"href":"https:\/\/www.bymycar.fr\/webzine\/wp-json\/wp\/v2\/comments?post=35062"}],"version-history":[{"count":5,"href":"https:\/\/www.bymycar.fr\/webzine\/wp-json\/wp\/v2\/posts\/35062\/revisions"}],"predecessor-version":[{"id":39456,"href":"https:\/\/www.bymycar.fr\/webzine\/wp-json\/wp\/v2\/posts\/35062\/revisions\/39456"}],"wp:featuredmedia":[{"embeddable":true,"href":"https:\/\/www.bymycar.fr\/webzine\/wp-json\/wp\/v2\/media\/39495"}],"wp:attachment":[{"href":"https:\/\/www.bymycar.fr\/webzine\/wp-json\/wp\/v2\/media?parent=35062"}],"wp:term":[{"taxonomy":"category","embeddable":true,"href":"https:\/\/www.bymycar.fr\/webzine\/wp-json\/wp\/v2\/categories?post=35062"},{"taxonomy":"post_tag","embeddable":true,"href":"https:\/\/www.bymycar.fr\/webzine\/wp-json\/wp\/v2\/tags?post=35062"}],"curies":[{"name":"wp","href":"https:\/\/api.w.org\/{rel}","templated":true}]}}