{"id":35044,"date":"2022-08-24T12:35:42","date_gmt":"2022-08-24T10:35:42","guid":{"rendered":"https:\/\/prod.bymycar.fr\/webzine\/?p=35044"},"modified":"2026-04-27T14:30:05","modified_gmt":"2026-04-27T12:30:05","slug":"journees-portes-ouvertes-et-voitures-bmw","status":"publish","type":"post","link":"https:\/\/www.bymycar.fr\/webzine\/journees-portes-ouvertes-et-voitures-bmw\/","title":{"rendered":"Journ\u00e9es portes ouvertes et voitures BMW"},"content":{"rendered":"","protected":false},"excerpt":{"rendered":"","protected":false},"author":88,"featured_media":39499,"comment_status":"closed","ping_status":"open","sticky":false,"template":"","format":"standard","meta":{"_acf_changed":false,"footnotes":""},"categories":[12898,12939],"tags":[],"class_list":["post-35044","post","type-post","status-publish","format-standard","has-post-thumbnail","hentry","category-guide-dachat-bmw","category-journees-portes-ouvertes"],"acf":{"template":"classique","introduction":"<p style=\"text-align: justify;\">Vous \u00eates passionn\u00e9 de v\u00e9hicules sportifs ou de voitures tout-terrain\u2009? BYmyCAR vous propose des <a href=\"https:\/\/www.bymycar.fr\/marques\/bmw\">BMW<\/a> neuves et d\u2019occasion que vous pouvez acheter \u00e0 des prix raisonnables. \u00c0 l&rsquo;occasion des Journ\u00e9es Portes Ouvertes les 11 et 12 mars, rendez-vous dans vos concessions BMW BYmyCAR, afin de red\u00e9couvrir nos mod\u00e8les iconiques et b\u00e9n\u00e9ficier des conseils de nos experts commerciaux ! Finalisez enfin votre souhait d&rsquo;acquisition d&rsquo;un v\u00e9hicule BMW durant nos journ\u00e9es irr\u00e9sistibles.<\/p>\n<p style=\"text-align: center;\"><a href=\"https:\/\/www.bymycar.fr\/concessions\/bmw\" target=\"_blank\" class=\"css-button css-button--gold\" >\n                Voir les concessions BMW BYmyCAR\n        <\/a><\/p>\n","strates":[{"type_strate":"carousel-produits","ancre":"","contenu":"<h2>Voitures BMW : concession BYmyCAR 2022<\/h2>\n<p>Sachez que vous trouverez sur notre site :<\/p>\n<ul>\n<li>Des BMW S\u00e9rie 1<\/li>\n<li>Des BMW S\u00e9rie 3<\/li>\n<li>Des BMW X1<\/li>\n<li>Des BMW \u00e9lectriques<\/li>\n<li>Des BMW citadines<\/li>\n<li>Des SUV BMW<\/li>\n<li>Des BMW Familiale<\/li>\n<\/ul>\n<h3>BMW X1 XDRIVE 25E 220 CH BVA6<\/h3>\n<p>Vous avez besoin d\u2019un v\u00e9hicule r\u00e9cent, mais accessible\u2009? La BMW W1 XDRIVE vous conviendra parfaitement. En effet, BYmyCAR vous propose ce mod\u00e8le, car il est accessible \u00e0 moins de 55\u2009000 euros, ce qui est abordable pour une BMW de son genre.<\/p>\n<p>Mise en circulation en 2022, cette voiture est hybride. Elle est \u00e9quip\u00e9e d\u2019un moteur 3 cylindres qui fournit une puissance fiscale de 7 CV. Sa vitesse maximale atteint 193 km\/h. \u00c9conomique, ce v\u00e9hicule est dot\u00e9 d\u2019une bo\u00eete de vitesses automatique et d\u2019une transmission permanente.<\/p>\n<h3>BMW S\u00e9rie 7 Exclusive<\/h3>\n<p>La gamme BMW S\u00e9rie 7 Exclusive est un meilleur choix si vous souhaitez avoir un mod\u00e8le luxueux avec une sellerie en cuir ainsi que des si\u00e8ges Advanced Confort. Elle est dot\u00e9e de quatre jantes en alliage de 21 pouces.<\/p>\n<p>\u00c0 noter que cette voiture est disponible en huit motorisations, avec une bo\u00eete de vitesses automatique :<\/p>\n<ul>\n<li>745e 394 CH BVA8<\/li>\n<li>730 d xDrive 286 CH BVA8<\/li>\n<li>730 Ld xDrive 286 CH BVA8<\/li>\n<li>745 Le 394 CH BVA8<\/li>\n<li>745 Le xDrive 394 CH BVA8<\/li>\n<li>750 Li xDrive 530 CH BVA8<\/li>\n<li>740 d xDrive 340 CH BVA8<\/li>\n<li>740 Ld xDrive 340 CH BVA8<\/li>\n<\/ul>\n<p>Concernant ce v\u00e9hicule, BYmyCAR propose des offres exceptionnelles, car vous pouvez le commander sur mesure. En effet, \u00e0 part les \u00e9quipements de s\u00e9rie, il est possible de choisir des options suppl\u00e9mentaires. \u00c0 noter que cette voiture est accessible \u00e0 partir de 114\u2009300 euros. Vous pouvez b\u00e9n\u00e9ficier d\u2019un tarif promotionnel lors des journ\u00e9es portes ouvertes de la marque ou de notre concession.<\/p>\n<h2>D\u2019autres automobiles BMW de l\u2019ann\u00e9e 2021<\/h2>\n<p>Des voitures BMW d\u2019occasion sont disponibles chez BYmyCAR. Chacun des v\u00e9hicules que nous commercialisons sont en excellent \u00e9tat et parfaitement entretenus.<\/p>\n<h3>BMW M135I xDRIVE 306 CH BVA8<\/h3>\n<p>Cette citadine est disponible depuis 2021. D\u2019occasion, elle est propos\u00e9e \u00e0 moins de 53\u2009000 euros.<\/p>\n<p>La BMW M135I roule avec de l\u2019essence sans plomb. Son moteur \u00e0 quatre cylindres en ligne g\u00e9n\u00e8re une puissance fiscale de 19 CV. Elle est \u00e9galement dot\u00e9e d\u2019une bo\u00eete automatique, avec un type de transmission \u00e0 quatre roues permanent. Sa vitesse maximale atteint 250 km\/h et elle passe de 0 \u00e0 100 km\/h en seulement 4,8 secondes.<\/p>\n<h3>BMW X5 xDRIVE 45E<\/h3>\n<p>Si vous cherchez un mod\u00e8le haut de gamme, optez pour la BMW X5 XDRIVE 45E 394 CH BVA8. Cette voiture vaut moins de 90\u2009000 euros chez BYmyCAR. Hybride, elle roule \u00e0 l\u2019essence et au courant \u00e9lectrique. Munie d\u2019une bo\u00eete de vitesses automatique, elle a une transmission permanente \u00e0 quatre roues. Cinq places, ce v\u00e9hicule est spacieux.<\/p>\n<p>Sachez que la puissance fiscale de la BMW X5 atteint 17 CV. Elle est disponible en SUV et 4&#215;4. Ses six cylindres en ligne fournissent une puissance DIN de 286 CH, ce qui lui permet de rouler \u00e0 235 km\/h. Elle passe de 0 \u00e0 100 km en 5,6 secondes.<\/p>\n","titre":"Voir nos v\u00e9hicules BMW disponibles","image":false,"image_libre":false,"image_800x500":false,"legende":"","zoom":false,"texte":"","articles":false,"categorie_droite":false,"images":false,"elements_comparatif":false,"texte_1":"","texte_2":"","image_1":false,"image_1_563x400":false,"image_1_332x332":false,"image_2":false,"image_2_333x240":false,"image_2_563x400":false,"image_3":false,"image_3_333x240":false,"image_3_332x450":false,"image_4":false,"image_4_332x332":false,"image_4_563x400":false,"code_embed":"","legende_video":"","photo":false,"photo_100x100":false,"nom":"","fonction":"","elements_timeline":false,"entetes_colonnes":false,"entetes_lignes":false,"lignes":false,"introduction":"","formulaire":false,"question":"","reponse":"","libelle_bouton_lien":"","url_lien":"","questions":false,"conclusions":false,"pays":"1","region":"","marque":"7","marqueConcessions":false,"modele":"","ptvente":"","typeV":"","collection":"","nombre_maximum_elements":"10","lien_fin_carousel":"https:\/\/www.bymycar.fr\/rechercher-un-vehicule?prod_VEHICLES%5BrefinementList%5D%5Bbrand%5D%5B0%5D=BMW","texte_lien_fin_carousel":"","trier_par":""},{"type_strate":"texte-simple","ancre":"","contenu":"<h2 style=\"text-align: justify;\">Voitures BMW : concession BYmyCAR 2022<\/h2>\n<p style=\"text-align: justify;\">Sachez que vous trouverez sur notre site :<\/p>\n<ul style=\"text-align: justify;\">\n<li>Des BMW S\u00e9rie 1<\/li>\n<li>Des BMW S\u00e9rie 3<\/li>\n<li>Des BMW X1<\/li>\n<li>Des BMW \u00e9lectriques<\/li>\n<li>Des BMW citadines<\/li>\n<li>Des SUV BMW<\/li>\n<li>Des BMW Familiale<\/li>\n<\/ul>\n<h3 style=\"text-align: justify;\">BMW X1 XDRIVE 25E 220 CH BVA6<\/h3>\n<p style=\"text-align: justify;\">Vous avez besoin d\u2019un v\u00e9hicule r\u00e9cent, mais accessible\u2009? La BMW W1 XDRIVE vous conviendra parfaitement. En effet, BYmyCAR vous propose ce mod\u00e8le, car il est accessible \u00e0 moins de 55\u2009000 euros, ce qui est abordable pour une BMW de son genre.<\/p>\n<p style=\"text-align: justify;\">Mise en circulation en 2022, cette voiture est hybride. Elle est \u00e9quip\u00e9e d\u2019un moteur 3 cylindres qui fournit une puissance fiscale de 7 CV. Sa vitesse maximale atteint 193 km\/h. \u00c9conomique, ce v\u00e9hicule est dot\u00e9 d\u2019une bo\u00eete de vitesses automatique et d\u2019une transmission permanente.<\/p>\n<h3 style=\"text-align: justify;\">BMW S\u00e9rie 7 Exclusive<\/h3>\n<p style=\"text-align: justify;\">La gamme BMW S\u00e9rie 7 Exclusive est un meilleur choix si vous souhaitez avoir un mod\u00e8le luxueux avec une sellerie en cuir ainsi que des si\u00e8ges Advanced Confort. Elle est dot\u00e9e de quatre jantes en alliage de 21 pouces.<\/p>\n<p style=\"text-align: justify;\">\u00c0 noter que cette voiture est disponible en huit motorisations, avec une bo\u00eete de vitesses automatique :<\/p>\n<ul style=\"text-align: justify;\">\n<li>745e 394 CH BVA8<\/li>\n<li>730 d xDrive 286 CH BVA8<\/li>\n<li>730 Ld xDrive 286 CH BVA8<\/li>\n<li>745 Le 394 CH BVA8<\/li>\n<li>745 Le xDrive 394 CH BVA8<\/li>\n<li>750 Li xDrive 530 CH BVA8<\/li>\n<li>740 d xDrive 340 CH BVA8<\/li>\n<li>740 Ld xDrive 340 CH BVA8<\/li>\n<\/ul>\n<p style=\"text-align: justify;\">Concernant ce v\u00e9hicule, BYmyCAR propose des offres exceptionnelles, car vous pouvez le commander sur mesure. En effet, \u00e0 part les \u00e9quipements de s\u00e9rie, il est possible de choisir des options suppl\u00e9mentaires. \u00c0 noter que cette voiture est accessible \u00e0 partir de 114\u2009300 euros. Vous pouvez b\u00e9n\u00e9ficier d\u2019un tarif promotionnel lors des journ\u00e9es portes ouvertes de la marque ou de notre concession.<\/p>\n<h2 style=\"text-align: justify;\">D\u2019autres automobiles BMW de l\u2019ann\u00e9e 2021<\/h2>\n<p style=\"text-align: justify;\">Des voitures BMW d\u2019occasion sont disponibles chez BYmyCAR. Chacun des v\u00e9hicules que nous commercialisons sont en excellent \u00e9tat et parfaitement entretenus.<\/p>\n<h3 style=\"text-align: justify;\">BMW M135I xDRIVE 306 CH BVA8<\/h3>\n<p style=\"text-align: justify;\">Cette citadine est disponible depuis 2021. D\u2019occasion, elle est propos\u00e9e \u00e0 moins de 53\u2009000 euros.<\/p>\n<p style=\"text-align: justify;\">La BMW M135I roule avec de l\u2019essence sans plomb. Son moteur \u00e0 quatre cylindres en ligne g\u00e9n\u00e8re une puissance fiscale de 19 CV. Elle est \u00e9galement dot\u00e9e d\u2019une bo\u00eete automatique, avec un type de transmission \u00e0 quatre roues permanent. Sa vitesse maximale atteint 250 km\/h et elle passe de 0 \u00e0 100 km\/h en seulement 4,8 secondes.<\/p>\n<h3 style=\"text-align: justify;\">BMW X5 xDRIVE 45E<\/h3>\n<p style=\"text-align: justify;\">Si vous cherchez un mod\u00e8le haut de gamme, optez pour la BMW X5 XDRIVE 45E 394 CH BVA8. Cette voiture vaut moins de 90\u2009000 euros chez BYmyCAR. Hybride, elle roule \u00e0 l\u2019essence et au courant \u00e9lectrique. Munie d\u2019une bo\u00eete de vitesses automatique, elle a une transmission permanente \u00e0 quatre roues. Cinq places, ce v\u00e9hicule est spacieux.<\/p>\n<p style=\"text-align: justify;\">Sachez que la puissance fiscale de la BMW X5 atteint 17 CV. Elle est disponible en SUV et 4&#215;4. Ses six cylindres en ligne fournissent une puissance DIN de 286 CH, ce qui lui permet de rouler \u00e0 235 km\/h. Elle passe de 0 \u00e0 100 km en 5,6 secondes.<\/p>\n","titre":"Texte 1","image":false,"image_libre":false,"image_800x500":false,"legende":"","zoom":false,"texte":"","articles":false,"categorie_droite":false,"images":false,"elements_comparatif":false,"texte_1":"","texte_2":"","image_1":false,"image_1_563x400":false,"image_1_332x332":false,"image_2":false,"image_2_333x240":false,"image_2_563x400":false,"image_3":false,"image_3_333x240":false,"image_3_332x450":false,"image_4":false,"image_4_332x332":false,"image_4_563x400":false,"code_embed":"","legende_video":"","photo":false,"photo_100x100":false,"nom":"","fonction":"","elements_timeline":false,"entetes_colonnes":false,"entetes_lignes":false,"lignes":false,"introduction":"","formulaire":false,"question":"","reponse":"","libelle_bouton_lien":"","url_lien":"","questions":false,"conclusions":false,"pays":false,"region":false,"marque":false,"marqueConcessions":false,"modele":false,"ptvente":false,"typeV":false,"collection":false,"nombre_maximum_elements":10,"lien_fin_carousel":"","texte_lien_fin_carousel":"","trier_par":false},{"type_strate":"carousel-produits","ancre":"","contenu":"","titre":"D\u00e9couvrir les v\u00e9hicules BMW","image":false,"image_libre":false,"image_800x500":false,"legende":"","zoom":false,"texte":"","articles":false,"categorie_droite":false,"images":false,"elements_comparatif":false,"texte_1":"","texte_2":"","image_1":false,"image_1_563x400":false,"image_1_332x332":false,"image_2":false,"image_2_333x240":false,"image_2_563x400":false,"image_3":false,"image_3_333x240":false,"image_3_332x450":false,"image_4":false,"image_4_332x332":false,"image_4_563x400":false,"code_embed":"","legende_video":"","photo":false,"photo_100x100":false,"nom":"","fonction":"","elements_timeline":false,"entetes_colonnes":false,"entetes_lignes":false,"lignes":false,"introduction":"","formulaire":false,"question":"","reponse":"","libelle_bouton_lien":"","url_lien":"","questions":false,"conclusions":false,"pays":"1","region":"","marque":"7","marqueConcessions":false,"modele":"","ptvente":"","typeV":"","collection":"","nombre_maximum_elements":"10","lien_fin_carousel":"https:\/\/www.bymycar.fr\/rechercher-un-vehicule?prod_VEHICLES%5BrefinementList%5D%5Bbrand%5D%5B0%5D=BMW","texte_lien_fin_carousel":"Voir plus de v\u00e9hicules","trier_par":""}],"is_old_post":false,"image":{"ID":39499,"id":39499,"title":"P90492480_highRes_bmw-ix1-xdrive30-on-","filename":"P90492480_highRes_bmw-ix1-xdrive30-on-.jpg","filesize":1,"url":"https:\/\/cdn.bymycar.eu\/fr-webzine\/wp-content\/uploads\/medias\/P90492480_highRes_bmw-ix1-xdrive30-on-.jpg","link":"https:\/\/www.bymycar.fr\/webzine\/journees-portes-ouvertes-et-voitures-bmw\/p90492480_highres_bmw-ix1-xdrive30-on\/","alt":"","author":"88","description":"","caption":"","name":"p90492480_highres_bmw-ix1-xdrive30-on","status":"inherit","uploaded_to":35044,"date":"2023-01-30 14:15:14","modified":"2023-01-30 14:15:14","menu_order":0,"mime_type":"image\/jpeg","type":"image","subtype":"jpeg","icon":"https:\/\/www.bymycar.fr\/webzine\/wp-includes\/images\/media\/default.png","width":2560,"height":1707,"sizes":{"thumbnail":"https:\/\/cdn.bymycar.eu\/fr-webzine\/wp-content\/uploads\/medias\/P90492480_highRes_bmw-ix1-xdrive30-on--150x150.jpg","thumbnail-width":150,"thumbnail-height":150,"medium":"https:\/\/cdn.bymycar.eu\/fr-webzine\/wp-content\/uploads\/medias\/P90492480_highRes_bmw-ix1-xdrive30-on--300x200.jpg","medium-width":300,"medium-height":200,"medium_large":"https:\/\/cdn.bymycar.eu\/fr-webzine\/wp-content\/uploads\/medias\/P90492480_highRes_bmw-ix1-xdrive30-on--768x512.jpg","medium_large-width":768,"medium_large-height":512,"large":"https:\/\/cdn.bymycar.eu\/fr-webzine\/wp-content\/uploads\/medias\/P90492480_highRes_bmw-ix1-xdrive30-on--1024x683.jpg","large-width":1024,"large-height":683,"1536x1536":"https:\/\/cdn.bymycar.eu\/fr-webzine\/wp-content\/uploads\/medias\/P90492480_highRes_bmw-ix1-xdrive30-on--1536x1024.jpg","1536x1536-width":1536,"1536x1536-height":1024,"2048x2048":"https:\/\/cdn.bymycar.eu\/fr-webzine\/wp-content\/uploads\/medias\/P90492480_highRes_bmw-ix1-xdrive30-on--2048x1365.jpg","2048x2048-width":2048,"2048x2048-height":1365}},"page_content":{"block_content":[{"acf_fc_layout":"carousel-produits"},{"acf_fc_layout":"text-simple","--nav":{"-withNav":false,"-ancre":""},"--group":{"-text":"<h2 style=\"text-align: justify;\">Voitures BMW : concession BYmyCAR 2022<\/h2>\n<p style=\"text-align: justify;\">Sachez que vous trouverez sur notre site :<\/p>\n<ul style=\"text-align: justify;\">\n<li>Des BMW S\u00e9rie 1<\/li>\n<li>Des BMW S\u00e9rie 3<\/li>\n<li>Des BMW X1<\/li>\n<li>Des BMW \u00e9lectriques<\/li>\n<li>Des BMW citadines<\/li>\n<li>Des SUV BMW<\/li>\n<li>Des BMW Familiale<\/li>\n<\/ul>\n<h3 style=\"text-align: justify;\">BMW X1 XDRIVE 25E 220 CH BVA6<\/h3>\n<p style=\"text-align: justify;\">Vous avez besoin d\u2019un v\u00e9hicule r\u00e9cent, mais accessible\u2009? La BMW W1 XDRIVE vous conviendra parfaitement. En effet, BYmyCAR vous propose ce mod\u00e8le, car il est accessible \u00e0 moins de 55\u2009000 euros, ce qui est abordable pour une BMW de son genre.<\/p>\n<p style=\"text-align: justify;\">Mise en circulation en 2022, cette voiture est hybride. Elle est \u00e9quip\u00e9e d\u2019un moteur 3 cylindres qui fournit une puissance fiscale de 7 CV. Sa vitesse maximale atteint 193 km\/h. \u00c9conomique, ce v\u00e9hicule est dot\u00e9 d\u2019une bo\u00eete de vitesses automatique et d\u2019une transmission permanente.<\/p>\n<h3 style=\"text-align: justify;\">BMW S\u00e9rie 7 Exclusive<\/h3>\n<p style=\"text-align: justify;\">La gamme BMW S\u00e9rie 7 Exclusive est un meilleur choix si vous souhaitez avoir un mod\u00e8le luxueux avec une sellerie en cuir ainsi que des si\u00e8ges Advanced Confort. Elle est dot\u00e9e de quatre jantes en alliage de 21 pouces.<\/p>\n<p style=\"text-align: justify;\">\u00c0 noter que cette voiture est disponible en huit motorisations, avec une bo\u00eete de vitesses automatique :<\/p>\n<ul style=\"text-align: justify;\">\n<li>745e 394 CH BVA8<\/li>\n<li>730 d xDrive 286 CH BVA8<\/li>\n<li>730 Ld xDrive 286 CH BVA8<\/li>\n<li>745 Le 394 CH BVA8<\/li>\n<li>745 Le xDrive 394 CH BVA8<\/li>\n<li>750 Li xDrive 530 CH BVA8<\/li>\n<li>740 d xDrive 340 CH BVA8<\/li>\n<li>740 Ld xDrive 340 CH BVA8<\/li>\n<\/ul>\n<p style=\"text-align: justify;\">Concernant ce v\u00e9hicule, BYmyCAR propose des offres exceptionnelles, car vous pouvez le commander sur mesure. En effet, \u00e0 part les \u00e9quipements de s\u00e9rie, il est possible de choisir des options suppl\u00e9mentaires. \u00c0 noter que cette voiture est accessible \u00e0 partir de 114\u2009300 euros. Vous pouvez b\u00e9n\u00e9ficier d\u2019un tarif promotionnel lors des journ\u00e9es portes ouvertes de la marque ou de notre concession.<\/p>\n<h2 style=\"text-align: justify;\">D\u2019autres automobiles BMW de l\u2019ann\u00e9e 2021<\/h2>\n<p style=\"text-align: justify;\">Des voitures BMW d\u2019occasion sont disponibles chez BYmyCAR. Chacun des v\u00e9hicules que nous commercialisons sont en excellent \u00e9tat et parfaitement entretenus.<\/p>\n<h3 style=\"text-align: justify;\">BMW M135I xDRIVE 306 CH BVA8<\/h3>\n<p style=\"text-align: justify;\">Cette citadine est disponible depuis 2021. D\u2019occasion, elle est propos\u00e9e \u00e0 moins de 53\u2009000 euros.<\/p>\n<p style=\"text-align: justify;\">La BMW M135I roule avec de l\u2019essence sans plomb. Son moteur \u00e0 quatre cylindres en ligne g\u00e9n\u00e8re une puissance fiscale de 19 CV. Elle est \u00e9galement dot\u00e9e d\u2019une bo\u00eete automatique, avec un type de transmission \u00e0 quatre roues permanent. Sa vitesse maximale atteint 250 km\/h et elle passe de 0 \u00e0 100 km\/h en seulement 4,8 secondes.<\/p>\n<h3 style=\"text-align: justify;\">BMW X5 xDRIVE 45E<\/h3>\n<p style=\"text-align: justify;\">Si vous cherchez un mod\u00e8le haut de gamme, optez pour la BMW X5 XDRIVE 45E 394 CH BVA8. Cette voiture vaut moins de 90\u2009000 euros chez BYmyCAR. Hybride, elle roule \u00e0 l\u2019essence et au courant \u00e9lectrique. Munie d\u2019une bo\u00eete de vitesses automatique, elle a une transmission permanente \u00e0 quatre roues. Cinq places, ce v\u00e9hicule est spacieux.<\/p>\n<p style=\"text-align: justify;\">Sachez que la puissance fiscale de la BMW X5 atteint 17 CV. Elle est disponible en SUV et 4&#215;4. Ses six cylindres en ligne fournissent une puissance DIN de 286 CH, ce qui lui permet de rouler \u00e0 235 km\/h. Elle passe de 0 \u00e0 100 km en 5,6 secondes.<\/p>\n"}},{"acf_fc_layout":"carousel-produits"}]},"add-carousel-to-footer":true},"yoast_head":"<!-- This site is optimized with the Yoast SEO Premium plugin v26.4 (Yoast SEO v26.4) - https:\/\/yoast.com\/wordpress\/plugins\/seo\/ -->\n<title>Journ\u00e9es portes ouvertes et voitures BMW<\/title>\n<meta name=\"robots\" content=\"index, follow, max-snippet:-1, max-image-preview:large, max-video-preview:-1\" \/>\n<link rel=\"canonical\" href=\"https:\/\/www.bymycar.fr\/webzine\/journees-portes-ouvertes-et-voitures-bmw\/\" \/>\n<meta property=\"og:locale\" content=\"fr_FR\" \/>\n<meta property=\"og:type\" content=\"article\" \/>\n<meta property=\"og:title\" content=\"Journ\u00e9es portes ouvertes et voitures BMW\" \/>\n<meta property=\"og:url\" content=\"https:\/\/www.bymycar.fr\/webzine\/journees-portes-ouvertes-et-voitures-bmw\/\" \/>\n<meta property=\"og:site_name\" content=\"Webzine auto BYmyCAR\" \/>\n<meta property=\"article:published_time\" content=\"2022-08-24T10:35:42+00:00\" \/>\n<meta property=\"article:modified_time\" content=\"2026-04-27T12:30:05+00:00\" \/>\n<meta property=\"og:image\" content=\"https:\/\/cdn.bymycar.eu\/fr-webzine\/wp-content\/uploads\/medias\/P90492480_highRes_bmw-ix1-xdrive30-on-.jpg\" \/>\n\t<meta property=\"og:image:width\" content=\"2560\" \/>\n\t<meta property=\"og:image:height\" content=\"1707\" \/>\n\t<meta property=\"og:image:type\" content=\"image\/jpeg\" \/>\n<meta name=\"author\" content=\"La R\u00e9daction BYmyCAR\" \/>\n<meta name=\"twitter:card\" content=\"summary_large_image\" \/>\n<meta name=\"twitter:label1\" content=\"\u00c9crit par\" \/>\n\t<meta name=\"twitter:data1\" content=\"La R\u00e9daction BYmyCAR\" \/>\n<script type=\"application\/ld+json\" class=\"yoast-schema-graph\">{\"@context\":\"https:\/\/schema.org\",\"@graph\":[{\"@type\":\"Article\",\"@id\":\"https:\/\/www.bymycar.fr\/webzine\/journees-portes-ouvertes-et-voitures-bmw\/#article\",\"isPartOf\":{\"@id\":\"https:\/\/www.bymycar.fr\/webzine\/journees-portes-ouvertes-et-voitures-bmw\/\"},\"author\":{\"name\":\"La R\u00e9daction BYmyCAR\",\"@id\":\"https:\/\/www.bymycar.fr\/webzine\/#\/schema\/person\/8d570fe11eb8929f06c1e6d00f4d9689\"},\"headline\":\"Journ\u00e9es portes ouvertes et voitures BMW\",\"datePublished\":\"2022-08-24T10:35:42+00:00\",\"dateModified\":\"2026-04-27T12:30:05+00:00\",\"mainEntityOfPage\":{\"@id\":\"https:\/\/www.bymycar.fr\/webzine\/journees-portes-ouvertes-et-voitures-bmw\/\"},\"wordCount\":7,\"publisher\":{\"@id\":\"https:\/\/www.bymycar.fr\/webzine\/#organization\"},\"image\":{\"@id\":\"https:\/\/www.bymycar.fr\/webzine\/journees-portes-ouvertes-et-voitures-bmw\/#primaryimage\"},\"thumbnailUrl\":\"https:\/\/cdn.bymycar.eu\/fr-webzine\/wp-content\/uploads\/medias\/P90492480_highRes_bmw-ix1-xdrive30-on-.jpg\",\"articleSection\":[\"Guide d'achat BMW\",\"Journ\u00e9es Portes Ouvertes\"],\"inLanguage\":\"fr-FR\"},{\"@type\":\"WebPage\",\"@id\":\"https:\/\/www.bymycar.fr\/webzine\/journees-portes-ouvertes-et-voitures-bmw\/\",\"url\":\"https:\/\/www.bymycar.fr\/webzine\/journees-portes-ouvertes-et-voitures-bmw\/\",\"name\":\"Journ\u00e9es portes ouvertes et voitures BMW\",\"isPartOf\":{\"@id\":\"https:\/\/www.bymycar.fr\/webzine\/#website\"},\"primaryImageOfPage\":{\"@id\":\"https:\/\/www.bymycar.fr\/webzine\/journees-portes-ouvertes-et-voitures-bmw\/#primaryimage\"},\"image\":{\"@id\":\"https:\/\/www.bymycar.fr\/webzine\/journees-portes-ouvertes-et-voitures-bmw\/#primaryimage\"},\"thumbnailUrl\":\"https:\/\/cdn.bymycar.eu\/fr-webzine\/wp-content\/uploads\/medias\/P90492480_highRes_bmw-ix1-xdrive30-on-.jpg\",\"datePublished\":\"2022-08-24T10:35:42+00:00\",\"dateModified\":\"2026-04-27T12:30:05+00:00\",\"breadcrumb\":{\"@id\":\"https:\/\/www.bymycar.fr\/webzine\/journees-portes-ouvertes-et-voitures-bmw\/#breadcrumb\"},\"inLanguage\":\"fr-FR\",\"potentialAction\":[{\"@type\":\"ReadAction\",\"target\":[\"https:\/\/www.bymycar.fr\/webzine\/journees-portes-ouvertes-et-voitures-bmw\/\"]}]},{\"@type\":\"ImageObject\",\"inLanguage\":\"fr-FR\",\"@id\":\"https:\/\/www.bymycar.fr\/webzine\/journees-portes-ouvertes-et-voitures-bmw\/#primaryimage\",\"url\":\"https:\/\/cdn.bymycar.eu\/fr-webzine\/wp-content\/uploads\/medias\/P90492480_highRes_bmw-ix1-xdrive30-on-.jpg\",\"contentUrl\":\"https:\/\/cdn.bymycar.eu\/fr-webzine\/wp-content\/uploads\/medias\/P90492480_highRes_bmw-ix1-xdrive30-on-.jpg\",\"width\":2560,\"height\":1707},{\"@type\":\"BreadcrumbList\",\"@id\":\"https:\/\/www.bymycar.fr\/webzine\/journees-portes-ouvertes-et-voitures-bmw\/#breadcrumb\",\"itemListElement\":[{\"@type\":\"ListItem\",\"position\":1,\"name\":\"Accueil\",\"item\":\"https:\/\/www.bymycar.fr\/webzine\/\"},{\"@type\":\"ListItem\",\"position\":2,\"name\":\"Journ\u00e9es portes ouvertes et voitures BMW\"}]},{\"@type\":\"WebSite\",\"@id\":\"https:\/\/www.bymycar.fr\/webzine\/#website\",\"url\":\"https:\/\/www.bymycar.fr\/webzine\/\",\"name\":\"Webzine auto BYmyCAR\",\"description\":\"La magazine auto de BYmyCAR\",\"publisher\":{\"@id\":\"https:\/\/www.bymycar.fr\/webzine\/#organization\"},\"potentialAction\":[{\"@type\":\"SearchAction\",\"target\":{\"@type\":\"EntryPoint\",\"urlTemplate\":\"https:\/\/www.bymycar.fr\/webzine\/?s={search_term_string}\"},\"query-input\":{\"@type\":\"PropertyValueSpecification\",\"valueRequired\":true,\"valueName\":\"search_term_string\"}}],\"inLanguage\":\"fr-FR\"},{\"@type\":\"Organization\",\"@id\":\"https:\/\/www.bymycar.fr\/webzine\/#organization\",\"name\":\"BYmyCAR\",\"url\":\"https:\/\/www.bymycar.fr\/webzine\/\",\"logo\":{\"@type\":\"ImageObject\",\"inLanguage\":\"fr-FR\",\"@id\":\"https:\/\/www.bymycar.fr\/webzine\/#\/schema\/logo\/image\/\",\"url\":\"https:\/\/cdn.bymycar.eu\/fr-webzine\/wp-content\/uploads\/medias\/2017\/08\/logo_DEALER_00000406_001.png\",\"contentUrl\":\"https:\/\/cdn.bymycar.eu\/fr-webzine\/wp-content\/uploads\/medias\/2017\/08\/logo_DEALER_00000406_001.png\",\"width\":2132,\"height\":720,\"caption\":\"BYmyCAR\"},\"image\":{\"@id\":\"https:\/\/www.bymycar.fr\/webzine\/#\/schema\/logo\/image\/\"}},{\"@type\":\"Person\",\"@id\":\"https:\/\/www.bymycar.fr\/webzine\/#\/schema\/person\/8d570fe11eb8929f06c1e6d00f4d9689\",\"name\":\"La R\u00e9daction BYmyCAR\",\"image\":{\"@type\":\"ImageObject\",\"inLanguage\":\"fr-FR\",\"@id\":\"https:\/\/www.bymycar.fr\/webzine\/#\/schema\/person\/image\/\",\"url\":\"https:\/\/secure.gravatar.com\/avatar\/1aa6b039d0ce106989923af4e2d0f2a0c82bb070d5e449f1b9adf082a5863900?s=96&d=mm&r=g\",\"contentUrl\":\"https:\/\/secure.gravatar.com\/avatar\/1aa6b039d0ce106989923af4e2d0f2a0c82bb070d5e449f1b9adf082a5863900?s=96&d=mm&r=g\",\"caption\":\"La R\u00e9daction BYmyCAR\"},\"sameAs\":[\"https:\/\/www.bymycar.fr\/\"]}]}<\/script>\n<!-- \/ Yoast SEO Premium plugin. -->","yoast_head_json":{"title":"Journ\u00e9es portes ouvertes et voitures BMW","robots":{"index":"index","follow":"follow","max-snippet":"max-snippet:-1","max-image-preview":"max-image-preview:large","max-video-preview":"max-video-preview:-1"},"canonical":"https:\/\/www.bymycar.fr\/webzine\/journees-portes-ouvertes-et-voitures-bmw\/","og_locale":"fr_FR","og_type":"article","og_title":"Journ\u00e9es portes ouvertes et voitures BMW","og_url":"https:\/\/www.bymycar.fr\/webzine\/journees-portes-ouvertes-et-voitures-bmw\/","og_site_name":"Webzine auto BYmyCAR","article_published_time":"2022-08-24T10:35:42+00:00","article_modified_time":"2026-04-27T12:30:05+00:00","og_image":[{"width":2560,"height":1707,"url":"https:\/\/cdn.bymycar.eu\/fr-webzine\/wp-content\/uploads\/medias\/P90492480_highRes_bmw-ix1-xdrive30-on-.jpg","type":"image\/jpeg"}],"author":"La R\u00e9daction BYmyCAR","twitter_card":"summary_large_image","twitter_misc":{"\u00c9crit par":"La R\u00e9daction BYmyCAR"},"schema":{"@context":"https:\/\/schema.org","@graph":[{"@type":"Article","@id":"https:\/\/www.bymycar.fr\/webzine\/journees-portes-ouvertes-et-voitures-bmw\/#article","isPartOf":{"@id":"https:\/\/www.bymycar.fr\/webzine\/journees-portes-ouvertes-et-voitures-bmw\/"},"author":{"name":"La R\u00e9daction BYmyCAR","@id":"https:\/\/www.bymycar.fr\/webzine\/#\/schema\/person\/8d570fe11eb8929f06c1e6d00f4d9689"},"headline":"Journ\u00e9es portes ouvertes et voitures BMW","datePublished":"2022-08-24T10:35:42+00:00","dateModified":"2026-04-27T12:30:05+00:00","mainEntityOfPage":{"@id":"https:\/\/www.bymycar.fr\/webzine\/journees-portes-ouvertes-et-voitures-bmw\/"},"wordCount":7,"publisher":{"@id":"https:\/\/www.bymycar.fr\/webzine\/#organization"},"image":{"@id":"https:\/\/www.bymycar.fr\/webzine\/journees-portes-ouvertes-et-voitures-bmw\/#primaryimage"},"thumbnailUrl":"https:\/\/cdn.bymycar.eu\/fr-webzine\/wp-content\/uploads\/medias\/P90492480_highRes_bmw-ix1-xdrive30-on-.jpg","articleSection":["Guide d'achat BMW","Journ\u00e9es Portes Ouvertes"],"inLanguage":"fr-FR"},{"@type":"WebPage","@id":"https:\/\/www.bymycar.fr\/webzine\/journees-portes-ouvertes-et-voitures-bmw\/","url":"https:\/\/www.bymycar.fr\/webzine\/journees-portes-ouvertes-et-voitures-bmw\/","name":"Journ\u00e9es portes ouvertes et voitures BMW","isPartOf":{"@id":"https:\/\/www.bymycar.fr\/webzine\/#website"},"primaryImageOfPage":{"@id":"https:\/\/www.bymycar.fr\/webzine\/journees-portes-ouvertes-et-voitures-bmw\/#primaryimage"},"image":{"@id":"https:\/\/www.bymycar.fr\/webzine\/journees-portes-ouvertes-et-voitures-bmw\/#primaryimage"},"thumbnailUrl":"https:\/\/cdn.bymycar.eu\/fr-webzine\/wp-content\/uploads\/medias\/P90492480_highRes_bmw-ix1-xdrive30-on-.jpg","datePublished":"2022-08-24T10:35:42+00:00","dateModified":"2026-04-27T12:30:05+00:00","breadcrumb":{"@id":"https:\/\/www.bymycar.fr\/webzine\/journees-portes-ouvertes-et-voitures-bmw\/#breadcrumb"},"inLanguage":"fr-FR","potentialAction":[{"@type":"ReadAction","target":["https:\/\/www.bymycar.fr\/webzine\/journees-portes-ouvertes-et-voitures-bmw\/"]}]},{"@type":"ImageObject","inLanguage":"fr-FR","@id":"https:\/\/www.bymycar.fr\/webzine\/journees-portes-ouvertes-et-voitures-bmw\/#primaryimage","url":"https:\/\/cdn.bymycar.eu\/fr-webzine\/wp-content\/uploads\/medias\/P90492480_highRes_bmw-ix1-xdrive30-on-.jpg","contentUrl":"https:\/\/cdn.bymycar.eu\/fr-webzine\/wp-content\/uploads\/medias\/P90492480_highRes_bmw-ix1-xdrive30-on-.jpg","width":2560,"height":1707},{"@type":"BreadcrumbList","@id":"https:\/\/www.bymycar.fr\/webzine\/journees-portes-ouvertes-et-voitures-bmw\/#breadcrumb","itemListElement":[{"@type":"ListItem","position":1,"name":"Accueil","item":"https:\/\/www.bymycar.fr\/webzine\/"},{"@type":"ListItem","position":2,"name":"Journ\u00e9es portes ouvertes et voitures BMW"}]},{"@type":"WebSite","@id":"https:\/\/www.bymycar.fr\/webzine\/#website","url":"https:\/\/www.bymycar.fr\/webzine\/","name":"Webzine auto BYmyCAR","description":"La magazine auto de BYmyCAR","publisher":{"@id":"https:\/\/www.bymycar.fr\/webzine\/#organization"},"potentialAction":[{"@type":"SearchAction","target":{"@type":"EntryPoint","urlTemplate":"https:\/\/www.bymycar.fr\/webzine\/?s={search_term_string}"},"query-input":{"@type":"PropertyValueSpecification","valueRequired":true,"valueName":"search_term_string"}}],"inLanguage":"fr-FR"},{"@type":"Organization","@id":"https:\/\/www.bymycar.fr\/webzine\/#organization","name":"BYmyCAR","url":"https:\/\/www.bymycar.fr\/webzine\/","logo":{"@type":"ImageObject","inLanguage":"fr-FR","@id":"https:\/\/www.bymycar.fr\/webzine\/#\/schema\/logo\/image\/","url":"https:\/\/cdn.bymycar.eu\/fr-webzine\/wp-content\/uploads\/medias\/2017\/08\/logo_DEALER_00000406_001.png","contentUrl":"https:\/\/cdn.bymycar.eu\/fr-webzine\/wp-content\/uploads\/medias\/2017\/08\/logo_DEALER_00000406_001.png","width":2132,"height":720,"caption":"BYmyCAR"},"image":{"@id":"https:\/\/www.bymycar.fr\/webzine\/#\/schema\/logo\/image\/"}},{"@type":"Person","@id":"https:\/\/www.bymycar.fr\/webzine\/#\/schema\/person\/8d570fe11eb8929f06c1e6d00f4d9689","name":"La R\u00e9daction BYmyCAR","image":{"@type":"ImageObject","inLanguage":"fr-FR","@id":"https:\/\/www.bymycar.fr\/webzine\/#\/schema\/person\/image\/","url":"https:\/\/secure.gravatar.com\/avatar\/1aa6b039d0ce106989923af4e2d0f2a0c82bb070d5e449f1b9adf082a5863900?s=96&d=mm&r=g","contentUrl":"https:\/\/secure.gravatar.com\/avatar\/1aa6b039d0ce106989923af4e2d0f2a0c82bb070d5e449f1b9adf082a5863900?s=96&d=mm&r=g","caption":"La R\u00e9daction BYmyCAR"},"sameAs":["https:\/\/www.bymycar.fr\/"]}]}},"_links":{"self":[{"href":"https:\/\/www.bymycar.fr\/webzine\/wp-json\/wp\/v2\/posts\/35044","targetHints":{"allow":["GET"]}}],"collection":[{"href":"https:\/\/www.bymycar.fr\/webzine\/wp-json\/wp\/v2\/posts"}],"about":[{"href":"https:\/\/www.bymycar.fr\/webzine\/wp-json\/wp\/v2\/types\/post"}],"author":[{"embeddable":true,"href":"https:\/\/www.bymycar.fr\/webzine\/wp-json\/wp\/v2\/users\/88"}],"replies":[{"embeddable":true,"href":"https:\/\/www.bymycar.fr\/webzine\/wp-json\/wp\/v2\/comments?post=35044"}],"version-history":[{"count":4,"href":"https:\/\/www.bymycar.fr\/webzine\/wp-json\/wp\/v2\/posts\/35044\/revisions"}],"predecessor-version":[{"id":39459,"href":"https:\/\/www.bymycar.fr\/webzine\/wp-json\/wp\/v2\/posts\/35044\/revisions\/39459"}],"wp:featuredmedia":[{"embeddable":true,"href":"https:\/\/www.bymycar.fr\/webzine\/wp-json\/wp\/v2\/media\/39499"}],"wp:attachment":[{"href":"https:\/\/www.bymycar.fr\/webzine\/wp-json\/wp\/v2\/media?parent=35044"}],"wp:term":[{"taxonomy":"category","embeddable":true,"href":"https:\/\/www.bymycar.fr\/webzine\/wp-json\/wp\/v2\/categories?post=35044"},{"taxonomy":"post_tag","embeddable":true,"href":"https:\/\/www.bymycar.fr\/webzine\/wp-json\/wp\/v2\/tags?post=35044"}],"curies":[{"name":"wp","href":"https:\/\/api.w.org\/{rel}","templated":true}]}}