{"id":34745,"date":"2022-08-12T11:46:42","date_gmt":"2022-08-12T09:46:42","guid":{"rendered":"https:\/\/prod.bymycar.fr\/webzine\/?p=34745"},"modified":"2025-12-04T21:25:54","modified_gmt":"2025-12-04T20:25:54","slug":"combien-coute-une-bmw-x1","status":"publish","type":"post","link":"https:\/\/www.bymycar.fr\/webzine\/combien-coute-une-bmw-x1\/","title":{"rendered":"Combien coute une BMW X1 ?"},"content":{"rendered":"","protected":false},"excerpt":{"rendered":"","protected":false},"author":9,"featured_media":34690,"comment_status":"closed","ping_status":"closed","sticky":false,"template":"","format":"standard","meta":{"_acf_changed":false,"footnotes":""},"categories":[12893,12940],"tags":[],"class_list":["post-34745","post","type-post","status-publish","format-standard","has-post-thumbnail","hentry","category-guide-dachat","category-guide-dachat-bmw-x1"],"acf":{"template":"classique","introduction":"<p>La technologie et les performances d\u00e9finissent la gamme des voitures <a href=\"https:\/\/www.bymycar.fr\/marques\/bmw\">BMW<\/a>, qui allie \u00e9l\u00e9gance et plaisir de conduite. Le SUV compact X1 se d\u00e9cline en plusieurs versions s\u00e9duisantes avec les finitions xLine pour l&rsquo;\u00e9l\u00e9gance et M Sport pour le caract\u00e8re sportif. Le r\u00e9seau BYmyCAR vous propose \u00e9galement l&rsquo;innovant iX1, la version 100 % \u00e9lectrique de ce SUV polyvalent.<\/p>\n<p><strong>\u00c0 retenir<\/strong><\/p>\n<p>Voici les principaux atouts de la BMW X1 qui en font un choix premium incontournable :<\/p>\n<ul>\n<li>La BMW X1 se distingue par sa polyvalence exceptionnelle avec un design distinctif, un habitacle spacieux et un grand compartiment \u00e0 bagages, id\u00e9al pour les familles et les conducteurs exigeants.<\/li>\n<li>Une gamme de motorisations compl\u00e8te avec des versions essence, diesel, hybride rechargeable xDrive25e (245 ch) et m\u00eame 100 % \u00e9lectrique iX1, r\u00e9pondant \u00e0 tous les besoins de mobilit\u00e9.<\/li>\n<li>Une valeur s\u00fbre sur le march\u00e9 de l&rsquo;occasion chez BYmyCAR, b\u00e9n\u00e9ficiant d&rsquo;une fiabilit\u00e9 \u00e9prouv\u00e9e et d&rsquo;un rapport qualit\u00e9-prix attractif pour un SUV premium.<\/li>\n<\/ul>\n<p>La BMW X1 s&rsquo;impose comme le leader des SUV compacts premium en France, alliant performances, confort et technologies innovantes dans un format parfaitement \u00e9quilibr\u00e9.<\/p>\n","strates":[{"type_strate":"texte-simple","ancre":"","contenu":"<h2 style=\"text-align: justify;\">Quel est le prix d&rsquo;une BMW ?<\/h2>\n<p style=\"text-align: justify;\">Voici les tarifs moyens de quelques mod\u00e8les BMW avec les \u00e9quipements en option :<\/p>\n<ul style=\"text-align: justify;\">\n<li>BMW X1 : 45 000 \u20ac*<\/li>\n<li>BMW X2 : 48 000 \u20ac*<\/li>\n<li>BMW X3 : 50 000 \u20ac*<\/li>\n<li>BMW X5 : 65 000 \u20ac*<\/li>\n<\/ul>\n<p style=\"text-align: justify;\">Vous pouvez aussi opter pour une location longue dur\u00e9e aupr\u00e8s d\u2019une concession BMW.<\/p>\n<p>*Voir les tarifs en vigueur dans le <a href=\"https:\/\/www.bymycar.fr\/concessions\/bmw\">r\u00e9seau BMW BYmyCAR<\/a><\/p>\n<p>&nbsp;<\/p>\n<h2 style=\"text-align: justify;\">O\u00f9 est fabriqu\u00e9e la BMW X1 ?<\/h2>\n<p style=\"text-align: justify;\">La BMW X1 est fabriqu\u00e9e dans deux usines en Europe. Une partie de la production se fait aux Pays-Bas, \u00e0 environ 20 km de Maasmechelen. Et l\u2019autre partie est r\u00e9alis\u00e9e en Allemagne m\u00eame, dans L&rsquo;usine de Regensburg, en Bavi\u00e8re.<\/p>\n<p>&nbsp;<\/p>\n<h2 style=\"text-align: justify;\">Pourquoi acheter un X1 ?<\/h2>\n<p style=\"text-align: justify;\">La <a href=\"https:\/\/www.bymycar.fr\/marques\/bmw\/x1\">BMW X1<\/a> est un petit SUV sportif en cylindre essence ou diesel, agr\u00e9able \u00e0 conduire, dot\u00e9e d&rsquo;un int\u00e9rieur pratique et spacieux, et d&rsquo;un habitacle de haute qualit\u00e9. Par ailleurs, en termes d\u2019\u00e9mission de CO2, ce v\u00e9hicule respecte les normes environnementales.<\/p>\n<p style=\"text-align: justify;\">Une version phare du <a href=\"https:\/\/www.bymycar.fr\/v\/bmw-suv-hybride\">SUV hybride rechargeable<\/a>, xDrive 25e, a rejoint la gamme en 2020. Elle int\u00e8gre un moteur essence 1,5 litre de 125 ch entra\u00eenant les roues motrices avant et un moteur \u00e9lectrique de 95 ch faisant tourner les roues arri\u00e8re. Cette nouvelle BMW X1 revendique une \u00e9mission de CO2 basse, de l\u2019ordre de 41 g\/km, et une autonomie \u00e9lectrique de 50 km. La consommation de carburant moyenne de la X1 est de 8,8 L\/100 km.<\/p>\n<p>&nbsp;<\/p>\n<h2 style=\"text-align: justify;\">Acheter une BMW X1 d\u2019occasion ou neuve ?<\/h2>\n<p style=\"text-align: justify;\">Sous r\u00e9serve d&rsquo;acceptation, vous avez la possibilit\u00e9 d\u2019acheter une BMW X1 d\u2019occasion ou neuve en leasing. Vous pouvez contacter le service commercial de BYmyCAR pour de plus amples informations sur ce type de financement de v\u00e9hicule.<\/p>\n<p>&nbsp;<\/p>\n<h2 style=\"text-align: justify;\">Quand va sortir la nouvelle BMW X1 ?<\/h2>\n<p style=\"text-align: justify;\">La commercialisation du nouveau petit SUV BMW X1 est pr\u00e9vue \u00e0 partir du mois d\u2019octobre 2022. L&rsquo;habitacle de la nouvelle X1 M sport est de style conservateur, mais joliment am\u00e9nag\u00e9, avec des mat\u00e9riaux de qualit\u00e9. Ce mod\u00e8le r\u00e9pond au niveau d&rsquo;ajustement et de finition que vous attendez de n&rsquo;importe quel SUV haut de gamme. Depuis le lifting, la liste des kits standards a augment\u00e9 pour inclure des fonctionnalit\u00e9s importantes telles que la mise en miroir des smartphones et les freins d&rsquo;urgence automatiques. Il est aussi \u00e9quip\u00e9 d\u2019une transmission int\u00e9grale xDrive. Toutes les commandes sont bien amorties et pr\u00e9cises, ce qui vous donne une id\u00e9e de la qualit\u00e9 et de la robustesse sous-jacentes de la BMW X1 neuve.<\/p>\n<p>&nbsp;<\/p>\n<h2 style=\"text-align: justify;\">Dimensions du X1<\/h2>\n<p style=\"text-align: justify;\">Pour les jantes, vous avez le choix entre plusieurs dimensions selon le mod\u00e8le :<\/p>\n<ul style=\"text-align: justify;\">\n<li>17 pouces ;<\/li>\n<li>18 pouces ;<\/li>\n<li>19 pouces.<\/li>\n<\/ul>\n<p style=\"text-align: justify;\">Les dimensions g\u00e9n\u00e9rales ont \u00e9t\u00e9 revues l\u00e9g\u00e8rement \u00e0 la hausse par rapport aux pr\u00e9c\u00e9dents mod\u00e8les :<\/p>\n<ul style=\"text-align: justify;\">\n<li>Longueur : 4 500 mm<\/li>\n<li>Largeur : 1 845 mm<\/li>\n<li>Hauteur : 1 642 mm<\/li>\n<li>Coffre : 540 litres<\/li>\n<\/ul>\n<p>&nbsp;<\/p>\n<h2 style=\"text-align: justify;\">BMW X1 2022<\/h2>\n<p style=\"text-align: justify;\">La bo\u00eete manuelle \u00e0 six rapports de s\u00e9rie est pr\u00e9cise et facile \u00e0 utiliser. L&#8217;embrayage est \u00e9lastique et il peut \u00eatre crant\u00e9 lors de l&rsquo;engagement de la vitesse souhait\u00e9e. Il existe deux bo\u00eetes de vitesses automatiques. La transmission traditionnelle \u00e0 huit rapports est en option sur le 18d, de s\u00e9rie sur les 20d et 20i.<\/p>\n<p>&nbsp;<\/p>\n<h2 style=\"text-align: justify;\">BMW X1 hybride<\/h2>\n<p style=\"text-align: justify;\">BMW fabrique son propre hybride. Le plug-in xDrive 25e dispose d&rsquo;une batterie de 9,7 kWh qui peut tenir sur une cinquantaine de km en mode purement \u00e9lectrique. Il est livr\u00e9 avec une prise standard \u00e0 trois broches, se rechargeant \u00e0 partir d&rsquo;une prise domestique en cinq heures. Vous pouvez \u00e9galement utiliser un bo\u00eetier mural et un c\u00e2ble de type 2 pour r\u00e9duire le temps de recharge \u00e0 3,5 heures. Le tableau de bord digital du X1 M sport rehausse son standing.<\/p>\n<p>&nbsp;<\/p>\n<p>&nbsp;<\/p>\n<p style=\"text-align: center;\"><a href=\"https:\/\/www.bymycar.fr\/rechercher-un-vehicule?prod_VEHICLES%5BrefinementList%5D%5Bbrand%5D%5B0%5D=BMW&amp;prod_VEHICLES%5BrefinementList%5D%5BmodelGroup1%5D%5B0%5D=X1\" target=\"_blank\" class=\"css-button css-button--gold\" >\n                Voir les BMW X1 disponibles &gt;\n        <\/a><\/p>\n<p>&nbsp;<\/p>\n<p>&nbsp;<\/p>\n<h3 style=\"text-align: justify;\">\u00c0\u00a0LIRE\u00a0\u00c9GALEMENT<\/h3>\n<p style=\"text-align: justify;\"><a title=\"Bmw x1 : versions, mod\u00e8les et g\u00e9n\u00e9rations\" href=\"https:\/\/www.bymycar.fr\/webzine\/bmw-x1-versions-modeles-et-generations\/\">Bmw\u00a0X1\u00a0: les mod\u00e8les et g\u00e9n\u00e9rations<\/a><\/p>\n<p style=\"text-align: justify;\"><a title=\"BMW X1 rechargeable : les caract\u00e9ristiques\" href=\"https:\/\/www.bymycar.fr\/webzine\/bmw-x1-rechargeable-les-caracteristiques\/\">Bmw\u00a0X1\u00a0rechargeable : les caract\u00e9ristiques<\/a><\/p>\n<p style=\"text-align: justify;\"><a href=\"https:\/\/www.bymycar.fr\/webzine\/comment-changer-la-pile-de-la-cle-bmw-x1\/\">Comment changer la pile de la cl\u00e9\u00a0Bmw\u00a0X1 ?<\/a><\/p>\n<p style=\"text-align: justify;\"><a title=\"Quel moteur choisir sur la BMW X1 ?\" href=\"https:\/\/www.bymycar.fr\/webzine\/quel-moteur-choisir-sur-la-bmw-x1\/\">Quel moteur choisir sur la\u00a0Bmw\u00a0X1\u00a0?<\/a><\/p>\n<p style=\"text-align: justify;\"><a title=\"Bmw x1 : quels sont les avantages et inconv\u00e9nients ?\" href=\"https:\/\/www.bymycar.fr\/webzine\/bmw-x1-quels-sont-les-avantages-et-inconvenients\/\">Bmw\u00a0X1\u00a0: quels sont les avantages et inconv\u00e9nients ?<\/a><\/p>\n<p style=\"text-align: justify;\"><a title=\"Bmw X1 : \u00e0 traction ou propulsion ?\" href=\"https:\/\/www.bymycar.fr\/webzine\/bmw-x1-traction-ou-propulsion\/\">Bmw\u00a0X1\u00a0: \u00e0 traction ou propulsion ?<\/a><\/p>\n<p style=\"text-align: justify;\"><a title=\"BMW X1 vs X2 : quel SUV choisir ?\" href=\"https:\/\/www.bymycar.fr\/webzine\/bmw-x1-vs-x2-quel-suv-choisir\/\">Bmw\u00a0X1\u00a0vs\u00a0X2 : quel suv choisir ?<\/a><\/p>\n<p style=\"text-align: justify;\"><a title=\"BMW X1 : comprendre tous les voyants lumineux\" href=\"https:\/\/www.bymycar.fr\/webzine\/bmw-x1-comprendre-tous-les-voyants-lumineux\/\">Bmw\u00a0X1\u00a0: comprendre tous les voyants lumineux<\/a><\/p>\n<p style=\"text-align: justify;\"><a href=\"https:\/\/www.bymycar.fr\/webzine\/combien-consomme-le-bmw-x1\/\">Combien consomme le Bmw X1 ?<\/a><\/p>\n<p style=\"text-align: justify;\"><a title=\"Bmw X1 vs X3 : le comparatif\" href=\"https:\/\/www.bymycar.fr\/webzine\/bmw-x1-vs-x3-le-comparatif\/\">Bmw\u00a0X1\u00a0vs\u00a0X3 : le comparatif<\/a><\/p>\n","titre":"Texte 1","image":false,"image_libre":false,"image_800x500":false,"legende":"","zoom":false,"texte":"","articles":false,"categorie_droite":false,"images":false,"elements_comparatif":false,"texte_1":"","texte_2":"","image_1":false,"image_1_563x400":false,"image_1_332x332":false,"image_2":false,"image_2_333x240":false,"image_2_563x400":false,"image_3":false,"image_3_333x240":false,"image_3_332x450":false,"image_4":false,"image_4_332x332":false,"image_4_563x400":false,"code_embed":"","legende_video":"","photo":false,"photo_100x100":false,"nom":"","fonction":"","elements_timeline":false,"entetes_colonnes":false,"entetes_lignes":false,"lignes":false,"introduction":"","formulaire":false,"question":"","reponse":"","libelle_bouton_lien":"","url_lien":"","questions":false,"conclusions":false,"pays":false,"region":false,"marque":false,"marqueConcessions":false,"modele":false,"ptvente":false,"typeV":false,"collection":false,"nombre_maximum_elements":10,"lien_fin_carousel":"","texte_lien_fin_carousel":"","trier_par":false}],"is_old_post":false,"image":{"ID":34690,"id":34690,"title":"BMW-X1","filename":"BMW-X1.jpg","filesize":1,"url":"https:\/\/cdn.bymycar.eu\/fr-webzine\/wp-content\/uploads\/medias\/BMW-X1.jpg","link":"https:\/\/www.bymycar.fr\/webzine\/comment-changer-la-pile-de-la-cle-bmw-x1\/bmw-x1-2\/","alt":"","author":"9","description":"","caption":"","name":"bmw-x1-2","status":"inherit","uploaded_to":34687,"date":"2022-08-10 05:59:11","modified":"2022-08-10 05:59:11","menu_order":0,"mime_type":"image\/jpeg","type":"image","subtype":"jpeg","icon":"https:\/\/www.bymycar.fr\/webzine\/wp-includes\/images\/media\/default.png","width":750,"height":410,"sizes":{"thumbnail":"https:\/\/cdn.bymycar.eu\/fr-webzine\/wp-content\/uploads\/medias\/BMW-X1-150x150.jpg","thumbnail-width":150,"thumbnail-height":150,"medium":"https:\/\/cdn.bymycar.eu\/fr-webzine\/wp-content\/uploads\/medias\/BMW-X1-300x164.jpg","medium-width":300,"medium-height":164,"medium_large":"https:\/\/cdn.bymycar.eu\/fr-webzine\/wp-content\/uploads\/medias\/BMW-X1.jpg","medium_large-width":750,"medium_large-height":410,"large":"https:\/\/cdn.bymycar.eu\/fr-webzine\/wp-content\/uploads\/medias\/BMW-X1.jpg","large-width":750,"large-height":410,"1536x1536":"https:\/\/cdn.bymycar.eu\/fr-webzine\/wp-content\/uploads\/medias\/BMW-X1.jpg","1536x1536-width":750,"1536x1536-height":410,"2048x2048":"https:\/\/cdn.bymycar.eu\/fr-webzine\/wp-content\/uploads\/medias\/BMW-X1.jpg","2048x2048-width":750,"2048x2048-height":410}},"page_content":{"block_content":[{"acf_fc_layout":"text-simple","--nav":{"-withNav":false,"-ancre":""},"--group":{"-text":"<h2>BMW X1 neuf : quels prix selon les finitions ?<\/h2>\n<h3>BMW X1 prix 2025<\/h3>\n<p>La BMW X1 neuve est disponible \u00e0 partir de 44 990 \u20ac* chez BYmyCAR. Les prix varient selon les finitions et motorisations choisies, avec des versions adapt\u00e9es \u00e0 tous les besoins, de l&rsquo;entr\u00e9e de gamme aux versions sportives M Sport.<\/p>\n<table>\n<thead>\n<tr>\n<th>Mod\u00e8le<\/th>\n<th>Prix moyen*<\/th>\n<\/tr>\n<\/thead>\n<tbody>\n<tr>\n<td>BMW X1<\/td>\n<td>44 990 \u20ac*<\/td>\n<\/tr>\n<tr>\n<td>BMW X2<\/td>\n<td>48 000 \u20ac*<\/td>\n<\/tr>\n<tr>\n<td>BMW X3<\/td>\n<td>50 000 \u20ac*<\/td>\n<\/tr>\n<tr>\n<td>BMW X5<\/td>\n<td>65 000 \u20ac*<\/td>\n<\/tr>\n<\/tbody>\n<\/table>\n<p>Ces mod\u00e8les se distinguent par leurs performances et leur faible impact environnemental. La consommation de carburant varie entre 4,8 et 7,2 l\/100 km selon les motorisations, avec des \u00e9missions de CO\u2082 comprises entre 125 et 163 g\/km en cycle WLTP pour les versions thermiques. La version hybride rechargeable xDrive25e affiche des \u00e9missions particuli\u00e8rement basses, autour de 23 g\/km.<\/p>\n<p>Vous pouvez \u00e9galement opter pour une location longue dur\u00e9e aupr\u00e8s d&rsquo;une concession <a href=\"https:\/\/www.bymycar.fr\/v\/bmw-x1-neuve\">BMW X1 neuve<\/a> BYmyCAR.<\/p>\n<h2>BMW S\u00e9rie X1 : o\u00f9 est-elle fabriqu\u00e9e ?<\/h2>\n<p>La BMW X1, notamment les mod\u00e8les BMW X1 F48 sDrive, est produite dans deux usines europ\u00e9ennes reconnues pour leur excellence. L&rsquo;usine principale de Regensburg en Bavi\u00e8re (Allemagne) assure la majorit\u00e9 de la production, incarnant toute la rigueur allemande. Une partie est \u00e9galement fabriqu\u00e9e aux Pays-Bas, \u00e0 l&rsquo;usine VDL Nedcar pr\u00e8s de Maasmechelen, garantissant la m\u00eame qualit\u00e9 avec le savoir-faire hollandais.<\/p>\n<h2>BMW X1 SUV : pourquoi le choisir ?<\/h2>\n<p>La <a href=\"https:\/\/www.bymycar.fr\/v\/bmw-x1\">BMW X1<\/a> s&rsquo;impose comme une r\u00e9f\u00e9rence dans le segment des SUV premium. Ce mod\u00e8le polyvalent s\u00e9duit par son design distinctif et son habitacle spacieux offrant un confort exceptionnel pour tous les passagers. Avec ses dimensions g\u00e9n\u00e9reuses (4,50 m de long pour 1,85 m de large) et son coffre de 540 litres, il conjugue praticit\u00e9 et \u00e9l\u00e9gance au quotidien.<\/p>\n<h3>BMW X1 M SPORT : le temp\u00e9rament dynamique<\/h3>\n<p>La\u00a0<a href=\"https:\/\/www.bymycar.fr\/v\/bmw-x1-m-sport\">BMW X1 M SPORT<\/a> r\u00e9v\u00e8le un caract\u00e8re r\u00e9solument sportif avec sa calandre rectangulaire distinctive, ses projecteurs LED \u00e9lanc\u00e9s et ses lignes athl\u00e9tiques. \u00c9quip\u00e9e de si\u00e8ges avant Sport et d&rsquo;un \u00e9cran panoramique BMW Curved Display, elle propose une exp\u00e9rience de conduite immersive. Sa technologie avanc\u00e9e et ses faibles \u00e9missions de CO\u2082 en font un SUV aussi responsable que performant.<\/p>\n<h2>Occasion BMW X1 : LOA, automatique ou diesel ?<\/h2>\n<p>Vous avez la possibilit\u00e9 d&rsquo;acqu\u00e9rir une BMW X1 d&rsquo;occasion ou neuve en LOA aupr\u00e8s du r\u00e9seau BYmyCAR. Cette formule de financement vous permet de profiter du confort d&rsquo;une <a href=\"https:\/\/www.bymycar.fr\/v\/bmw-x1-automatique-occasion\">BMW X1 automatique d&rsquo;occasion<\/a> avec des loyers mensuels adapt\u00e9s \u00e0 votre budget. Les versions diesel s\u00e9duisent par leur couple g\u00e9n\u00e9reux et leur faible consommation, id\u00e9ales pour les longs trajets. Rendez-vous dans l&rsquo;un de nos points de vente pour d\u00e9couvrir notre s\u00e9lection de BMW X1 et b\u00e9n\u00e9ficier des conseils de nos \u00e9quipes commerciales.<\/p>\n<h2>BMW X1 2025 : innovations majeures<\/h2>\n<p>Le nouveau BMW X1 s&rsquo;affirme avec un design plus muscl\u00e9 et un habitacle r\u00e9solument modernis\u00e9. Ce SUV compact se distingue par son \u00e9cran incurv\u00e9 BMW Curved Display qui offre une exp\u00e9rience de conduite connect\u00e9e et intuitive. Vous appr\u00e9cierez \u00e9galement ses technologies d&rsquo;assistance \u00e0 la conduite avanc\u00e9es, comme le Driving Assistant Professional qui g\u00e8re automatiquement vitesse et trajectoire pour plus de s\u00e9curit\u00e9.<\/p>\n<p>La <a href=\"https:\/\/www.bymycar.fr\/v\/bmw-x1-2025\">BMW X1 2025<\/a> impressionne par son int\u00e9rieur \u00e9pur\u00e9 o\u00f9 l&rsquo;\u00e9cran panoramique BMW Curved Display met en valeur toutes les informations essentielles. Des inserts chrom\u00e9s \u00e9l\u00e9gants encadrent les \u00e9crans et se prolongent jusque dans les portes. Le syst\u00e8me d&rsquo;aide au stationnement avec cam\u00e9ra de recul et le r\u00e9gulateur de vitesse avec fonction freinage font partie des \u00e9quipements technologiques qui rendent chaque trajet plus agr\u00e9able et s\u00e9curis\u00e9.<\/p>\n<h2>BMW X1 : dimensions et capacit\u00e9 de coffre<\/h2>\n<p>Voici les diff\u00e9rentes options de jantes disponibles pour votre BMW X1 selon le mod\u00e8le choisi :<\/p>\n<ul>\n<li>17 pouces ;<\/li>\n<li>18 pouces ;<\/li>\n<li>19 pouces.<\/li>\n<\/ul>\n<p>Les dimensions de la BMW X1 offrent un \u00e9quilibre parfait entre compacit\u00e9 urbaine et espace int\u00e9rieur g\u00e9n\u00e9reux. Avec une longueur de 4 500 mm, une largeur de 1 845 mm, une hauteur de 1 642 mm et un volume de coffre allant jusqu&rsquo;\u00e0 540 litres, ce SUV s&rsquo;adapte aussi bien aux trajets quotidiens qu&rsquo;aux escapades du week-end.<\/p>\n<h2>BMW X1 2022 : bo\u00eete de vitesses et plaisir de conduite<\/h2>\n<p>La BMW X1 2022 offre une exp\u00e9rience de conduite exceptionnelle gr\u00e2ce \u00e0 sa bo\u00eete automatique DKG7 \u00e0 sept rapports. Cette transmission \u00e0 double embrayage assure des changements de vitesse ultrarapides et fluides, am\u00e9liorant consid\u00e9rablement la dynamique routi\u00e8re tout en ma\u00eetrisant la consommation. Le plaisir de conduite est au rendez-vous, que vous empruntiez des routes de campagne ou que vous naviguiez en milieu urbain, avec une souplesse et une r\u00e9activit\u00e9 qui font toute la diff\u00e9rence.<\/p>\n<h2>BMW X1 xDrive25e : le SUV hybride rechargeable<\/h2>\n<p>La BMW X1 xDrive25e repr\u00e9sente l&rsquo;expertise de BMW dans le domaine de l&rsquo;hybridation. \u00c9quip\u00e9 d&rsquo;une batterie de 16,4 kWh, ce mod\u00e8le offre une autonomie impressionnante pouvant atteindre jusqu&rsquo;\u00e0 86 km en mode 100 % \u00e9lectrique. La recharge s&rsquo;effecte en 5 heures sur une prise domestique standard ou en seulement 3,5 heures via un bo\u00eetier mural avec c\u00e2ble Type 2. Avec ses 245 ch cumul\u00e9s, le\u00a0<a href=\"https:\/\/www.bymycar.fr\/v\/bmw-x1-hybride-neuve\">BMW X1 hybride<\/a> allie performances dynamiques et \u00e9conomies d&rsquo;\u00e9nergie substantielles.<\/p>\n<h2>FAQ BMW X1 prix<\/h2>\n<h3>Quel est le prix d&rsquo;une BMW X1 neuve ?<\/h3>\n<p>La BMW X1 neuve se positionne comme un SUV compact premium avec un tarif refl\u00e9tant ses qualit\u00e9s et \u00e9quipements. Le prix varie selon la motorisation choisie (essence, diesel, hybride rechargeable ou 100 % \u00e9lectrique avec la version iX1) et la finition s\u00e9lectionn\u00e9e. Pour obtenir le tarif pr\u00e9cis correspondant \u00e0 votre configuration id\u00e9ale, nous vous invitons \u00e0 consulter directement votre concession BYmyCAR qui vous proposera les offres les plus adapt\u00e9es \u00e0 vos besoins et votre budget.<\/p>\n<h3>Est-il judicieux d&rsquo;acheter une BMW X1 d&rsquo;occasion ?<\/h3>\n<p>Acqu\u00e9rir une BMW X1 d&rsquo;occasion repr\u00e9sente une excellente opportunit\u00e9 pour acc\u00e9der \u00e0 l&rsquo;univers premium de la marque bavaroise. Vous b\u00e9n\u00e9ficiez d&rsquo;un v\u00e9hicule alliant dynamisme, qualit\u00e9 de fabrication et consommation de carburant optimis\u00e9e, le tout \u00e0 un prix plus accessible. BYmyCAR propose des mod\u00e8les d&rsquo;occasion rigoureusement s\u00e9lectionn\u00e9s et contr\u00f4l\u00e9s, avec une garantie vous assurant une tranquillit\u00e9 d&rsquo;esprit. La formule LOA permet \u00e9galement d&rsquo;\u00e9taler votre investissement selon vos possibilit\u00e9s financi\u00e8res.<\/p>\n<h3>Quelle BMW est la moins ch\u00e8re ?<\/h3>\n<p>Dans la gamme BMW, la S\u00e9rie 1 repr\u00e9sente le point d&rsquo;entr\u00e9e le plus accessible de la marque, tout en conservant l&rsquo;ADN sportif et premium caract\u00e9ristique du constructeur bavarois. Pour ceux qui recherchent un SUV, la X1 constitue le mod\u00e8le le plus abordable de la famille X. Pour d\u00e9couvrir l&rsquo;ensemble des offres BMW adapt\u00e9es \u00e0 votre budget, nous vous recommandons de vous rapprocher de votre concession BYmyCAR qui saura vous orienter vers le v\u00e9hicule correspondant parfaitement \u00e0 vos attentes.<\/p>\n<h3>\u00c0 LIRE \u00c9GALEMENT<\/h3>\n<ul>\n<li><a href=\"https:\/\/www.bymycar.fr\/webzine\/bmw-x1-versions-modeles-et-generations\/\">Bmw X1 : les mod\u00e8les et g\u00e9n\u00e9rations<\/a><\/li>\n<li><a href=\"https:\/\/www.bymycar.fr\/webzine\/bmw-x1-rechargeable-les-caracteristiques\/\">Bmw X1 rechargeable : les caract\u00e9ristiques<\/a><\/li>\n<li><a href=\"https:\/\/www.bymycar.fr\/webzine\/comment-changer-la-pile-de-la-cle-bmw-x1\/\">Comment changer la pile de la cl\u00e9 Bmw X1 ?<\/a><\/li>\n<li><a href=\"https:\/\/www.bymycar.fr\/webzine\/quel-moteur-choisir-sur-la-bmw-x1\/\">Quel moteur choisir sur la Bmw X1 ?<\/a><\/li>\n<li><a href=\"https:\/\/www.bymycar.fr\/webzine\/bmw-x1-quels-sont-les-avantages-et-inconvenients\/\">Bmw X1 : quels sont les avantages et inconv\u00e9nients ?<\/a><\/li>\n<li><a href=\"https:\/\/www.bymycar.fr\/webzine\/bmw-x1-traction-ou-propulsion\/\">Bmw X1 : \u00e0 traction ou propulsion ?<\/a><\/li>\n<li><a href=\"https:\/\/www.bymycar.fr\/webzine\/bmw-x1-vs-x2-quel-suv-choisir\/\">Bmw X1 vs X2 : quel suv choisir ?<\/a><\/li>\n<li><a href=\"https:\/\/www.bymycar.fr\/webzine\/bmw-x1-comprendre-tous-les-voyants-lumineux\/\">Bmw X1 : comprendre tous les voyants lumineux<\/a><\/li>\n<li><a href=\"https:\/\/www.bymycar.fr\/webzine\/combien-consomme-le-bmw-x1\/\">Combien consomme le Bmw X1 ?<\/a><\/li>\n<li><a href=\"https:\/\/www.bymycar.fr\/webzine\/bmw-x1-vs-x3-le-comparatif\/\">Bmw X1 vs X3 : le comparatif<\/a><\/li>\n<\/ul>\n<p>*Les prix mentionn\u00e9s sont donn\u00e9s \u00e0 titre indicatif et ont \u00e9t\u00e9 constat\u00e9s au moment de la r\u00e9daction. Ils sont susceptibles d&rsquo;\u00e9voluer. Pour obtenir une information exacte et \u00e0 jour, nous vous recommandons de contacter directement votre concession BYmyCAR.<\/p>\n"}}]},"add-to-bo":false,"add-carousel-to-footer":true},"yoast_head":"<!-- This site is optimized with the Yoast SEO Premium plugin v26.4 (Yoast SEO v26.4) - https:\/\/yoast.com\/wordpress\/plugins\/seo\/ -->\n<title>Combien coute une BMW X1 ?<\/title>\n<meta name=\"robots\" content=\"index, follow, max-snippet:-1, max-image-preview:large, max-video-preview:-1\" \/>\n<link rel=\"canonical\" href=\"https:\/\/www.bymycar.fr\/webzine\/combien-coute-une-bmw-x1\/\" \/>\n<meta property=\"og:locale\" content=\"fr_FR\" \/>\n<meta property=\"og:type\" content=\"article\" \/>\n<meta property=\"og:title\" content=\"Combien coute une BMW X1 ?\" \/>\n<meta property=\"og:url\" content=\"https:\/\/www.bymycar.fr\/webzine\/combien-coute-une-bmw-x1\/\" \/>\n<meta property=\"og:site_name\" content=\"Webzine auto BYmyCAR\" \/>\n<meta property=\"article:published_time\" content=\"2022-08-12T09:46:42+00:00\" \/>\n<meta property=\"article:modified_time\" content=\"2025-12-04T20:25:54+00:00\" \/>\n<meta property=\"og:image\" content=\"https:\/\/cdn.bymycar.eu\/fr-webzine\/wp-content\/uploads\/medias\/BMW-X1.jpg\" \/>\n\t<meta property=\"og:image:width\" content=\"750\" \/>\n\t<meta property=\"og:image:height\" content=\"410\" \/>\n\t<meta property=\"og:image:type\" content=\"image\/jpeg\" \/>\n<meta name=\"author\" content=\"Gregoire LE BIHAN\" \/>\n<meta name=\"twitter:card\" content=\"summary_large_image\" \/>\n<meta name=\"twitter:label1\" content=\"\u00c9crit par\" \/>\n\t<meta name=\"twitter:data1\" content=\"Gregoire LE BIHAN\" \/>\n\t<meta name=\"twitter:label2\" content=\"Dur\u00e9e de lecture estim\u00e9e\" \/>\n\t<meta name=\"twitter:data2\" content=\"1 minute\" \/>\n<script type=\"application\/ld+json\" class=\"yoast-schema-graph\">{\"@context\":\"https:\/\/schema.org\",\"@graph\":[{\"@type\":\"Article\",\"@id\":\"https:\/\/www.bymycar.fr\/webzine\/combien-coute-une-bmw-x1\/#article\",\"isPartOf\":{\"@id\":\"https:\/\/www.bymycar.fr\/webzine\/combien-coute-une-bmw-x1\/\"},\"author\":{\"name\":\"Gregoire LE BIHAN\",\"@id\":\"https:\/\/www.bymycar.fr\/webzine\/#\/schema\/person\/8c56906440ec126868bd40232b3445f0\"},\"headline\":\"Combien coute une BMW X1 ?\",\"datePublished\":\"2022-08-12T09:46:42+00:00\",\"dateModified\":\"2025-12-04T20:25:54+00:00\",\"mainEntityOfPage\":{\"@id\":\"https:\/\/www.bymycar.fr\/webzine\/combien-coute-une-bmw-x1\/\"},\"wordCount\":5,\"publisher\":{\"@id\":\"https:\/\/www.bymycar.fr\/webzine\/#organization\"},\"image\":{\"@id\":\"https:\/\/www.bymycar.fr\/webzine\/combien-coute-une-bmw-x1\/#primaryimage\"},\"thumbnailUrl\":\"https:\/\/cdn.bymycar.eu\/fr-webzine\/wp-content\/uploads\/medias\/BMW-X1.jpg\",\"articleSection\":[\"Guide d'achat\",\"Guide d'achat BMW X1\"],\"inLanguage\":\"fr-FR\"},{\"@type\":\"WebPage\",\"@id\":\"https:\/\/www.bymycar.fr\/webzine\/combien-coute-une-bmw-x1\/\",\"url\":\"https:\/\/www.bymycar.fr\/webzine\/combien-coute-une-bmw-x1\/\",\"name\":\"Combien coute une BMW X1 ?\",\"isPartOf\":{\"@id\":\"https:\/\/www.bymycar.fr\/webzine\/#website\"},\"primaryImageOfPage\":{\"@id\":\"https:\/\/www.bymycar.fr\/webzine\/combien-coute-une-bmw-x1\/#primaryimage\"},\"image\":{\"@id\":\"https:\/\/www.bymycar.fr\/webzine\/combien-coute-une-bmw-x1\/#primaryimage\"},\"thumbnailUrl\":\"https:\/\/cdn.bymycar.eu\/fr-webzine\/wp-content\/uploads\/medias\/BMW-X1.jpg\",\"datePublished\":\"2022-08-12T09:46:42+00:00\",\"dateModified\":\"2025-12-04T20:25:54+00:00\",\"breadcrumb\":{\"@id\":\"https:\/\/www.bymycar.fr\/webzine\/combien-coute-une-bmw-x1\/#breadcrumb\"},\"inLanguage\":\"fr-FR\",\"potentialAction\":[{\"@type\":\"ReadAction\",\"target\":[\"https:\/\/www.bymycar.fr\/webzine\/combien-coute-une-bmw-x1\/\"]}]},{\"@type\":\"ImageObject\",\"inLanguage\":\"fr-FR\",\"@id\":\"https:\/\/www.bymycar.fr\/webzine\/combien-coute-une-bmw-x1\/#primaryimage\",\"url\":\"https:\/\/cdn.bymycar.eu\/fr-webzine\/wp-content\/uploads\/medias\/BMW-X1.jpg\",\"contentUrl\":\"https:\/\/cdn.bymycar.eu\/fr-webzine\/wp-content\/uploads\/medias\/BMW-X1.jpg\",\"width\":750,\"height\":410},{\"@type\":\"BreadcrumbList\",\"@id\":\"https:\/\/www.bymycar.fr\/webzine\/combien-coute-une-bmw-x1\/#breadcrumb\",\"itemListElement\":[{\"@type\":\"ListItem\",\"position\":1,\"name\":\"Accueil\",\"item\":\"https:\/\/www.bymycar.fr\/webzine\/\"},{\"@type\":\"ListItem\",\"position\":2,\"name\":\"Combien coute une BMW X1 ?\"}]},{\"@type\":\"WebSite\",\"@id\":\"https:\/\/www.bymycar.fr\/webzine\/#website\",\"url\":\"https:\/\/www.bymycar.fr\/webzine\/\",\"name\":\"Webzine auto BYmyCAR\",\"description\":\"La magazine auto de BYmyCAR\",\"publisher\":{\"@id\":\"https:\/\/www.bymycar.fr\/webzine\/#organization\"},\"potentialAction\":[{\"@type\":\"SearchAction\",\"target\":{\"@type\":\"EntryPoint\",\"urlTemplate\":\"https:\/\/www.bymycar.fr\/webzine\/?s={search_term_string}\"},\"query-input\":{\"@type\":\"PropertyValueSpecification\",\"valueRequired\":true,\"valueName\":\"search_term_string\"}}],\"inLanguage\":\"fr-FR\"},{\"@type\":\"Organization\",\"@id\":\"https:\/\/www.bymycar.fr\/webzine\/#organization\",\"name\":\"BYmyCAR\",\"url\":\"https:\/\/www.bymycar.fr\/webzine\/\",\"logo\":{\"@type\":\"ImageObject\",\"inLanguage\":\"fr-FR\",\"@id\":\"https:\/\/www.bymycar.fr\/webzine\/#\/schema\/logo\/image\/\",\"url\":\"https:\/\/cdn.bymycar.eu\/fr-webzine\/wp-content\/uploads\/medias\/2017\/08\/logo_DEALER_00000406_001.png\",\"contentUrl\":\"https:\/\/cdn.bymycar.eu\/fr-webzine\/wp-content\/uploads\/medias\/2017\/08\/logo_DEALER_00000406_001.png\",\"width\":2132,\"height\":720,\"caption\":\"BYmyCAR\"},\"image\":{\"@id\":\"https:\/\/www.bymycar.fr\/webzine\/#\/schema\/logo\/image\/\"}},{\"@type\":\"Person\",\"@id\":\"https:\/\/www.bymycar.fr\/webzine\/#\/schema\/person\/8c56906440ec126868bd40232b3445f0\",\"name\":\"Gregoire LE BIHAN\",\"image\":{\"@type\":\"ImageObject\",\"inLanguage\":\"fr-FR\",\"@id\":\"https:\/\/www.bymycar.fr\/webzine\/#\/schema\/person\/image\/\",\"url\":\"https:\/\/secure.gravatar.com\/avatar\/1356d71f3c6eed50de358ba425c9944b742a0d35f88e0d5f8afe88fdac525492?s=96&d=mm&r=g\",\"contentUrl\":\"https:\/\/secure.gravatar.com\/avatar\/1356d71f3c6eed50de358ba425c9944b742a0d35f88e0d5f8afe88fdac525492?s=96&d=mm&r=g\",\"caption\":\"Gregoire LE BIHAN\"}}]}<\/script>\n<!-- \/ Yoast SEO Premium plugin. -->","yoast_head_json":{"title":"Combien coute une BMW X1 ?","robots":{"index":"index","follow":"follow","max-snippet":"max-snippet:-1","max-image-preview":"max-image-preview:large","max-video-preview":"max-video-preview:-1"},"canonical":"https:\/\/www.bymycar.fr\/webzine\/combien-coute-une-bmw-x1\/","og_locale":"fr_FR","og_type":"article","og_title":"Combien coute une BMW X1 ?","og_url":"https:\/\/www.bymycar.fr\/webzine\/combien-coute-une-bmw-x1\/","og_site_name":"Webzine auto BYmyCAR","article_published_time":"2022-08-12T09:46:42+00:00","article_modified_time":"2025-12-04T20:25:54+00:00","og_image":[{"width":750,"height":410,"url":"https:\/\/cdn.bymycar.eu\/fr-webzine\/wp-content\/uploads\/medias\/BMW-X1.jpg","type":"image\/jpeg"}],"author":"Gregoire LE BIHAN","twitter_card":"summary_large_image","twitter_misc":{"\u00c9crit par":"Gregoire LE BIHAN","Dur\u00e9e de lecture estim\u00e9e":"1 minute"},"schema":{"@context":"https:\/\/schema.org","@graph":[{"@type":"Article","@id":"https:\/\/www.bymycar.fr\/webzine\/combien-coute-une-bmw-x1\/#article","isPartOf":{"@id":"https:\/\/www.bymycar.fr\/webzine\/combien-coute-une-bmw-x1\/"},"author":{"name":"Gregoire LE BIHAN","@id":"https:\/\/www.bymycar.fr\/webzine\/#\/schema\/person\/8c56906440ec126868bd40232b3445f0"},"headline":"Combien coute une BMW X1 ?","datePublished":"2022-08-12T09:46:42+00:00","dateModified":"2025-12-04T20:25:54+00:00","mainEntityOfPage":{"@id":"https:\/\/www.bymycar.fr\/webzine\/combien-coute-une-bmw-x1\/"},"wordCount":5,"publisher":{"@id":"https:\/\/www.bymycar.fr\/webzine\/#organization"},"image":{"@id":"https:\/\/www.bymycar.fr\/webzine\/combien-coute-une-bmw-x1\/#primaryimage"},"thumbnailUrl":"https:\/\/cdn.bymycar.eu\/fr-webzine\/wp-content\/uploads\/medias\/BMW-X1.jpg","articleSection":["Guide d'achat","Guide d'achat BMW X1"],"inLanguage":"fr-FR"},{"@type":"WebPage","@id":"https:\/\/www.bymycar.fr\/webzine\/combien-coute-une-bmw-x1\/","url":"https:\/\/www.bymycar.fr\/webzine\/combien-coute-une-bmw-x1\/","name":"Combien coute une BMW X1 ?","isPartOf":{"@id":"https:\/\/www.bymycar.fr\/webzine\/#website"},"primaryImageOfPage":{"@id":"https:\/\/www.bymycar.fr\/webzine\/combien-coute-une-bmw-x1\/#primaryimage"},"image":{"@id":"https:\/\/www.bymycar.fr\/webzine\/combien-coute-une-bmw-x1\/#primaryimage"},"thumbnailUrl":"https:\/\/cdn.bymycar.eu\/fr-webzine\/wp-content\/uploads\/medias\/BMW-X1.jpg","datePublished":"2022-08-12T09:46:42+00:00","dateModified":"2025-12-04T20:25:54+00:00","breadcrumb":{"@id":"https:\/\/www.bymycar.fr\/webzine\/combien-coute-une-bmw-x1\/#breadcrumb"},"inLanguage":"fr-FR","potentialAction":[{"@type":"ReadAction","target":["https:\/\/www.bymycar.fr\/webzine\/combien-coute-une-bmw-x1\/"]}]},{"@type":"ImageObject","inLanguage":"fr-FR","@id":"https:\/\/www.bymycar.fr\/webzine\/combien-coute-une-bmw-x1\/#primaryimage","url":"https:\/\/cdn.bymycar.eu\/fr-webzine\/wp-content\/uploads\/medias\/BMW-X1.jpg","contentUrl":"https:\/\/cdn.bymycar.eu\/fr-webzine\/wp-content\/uploads\/medias\/BMW-X1.jpg","width":750,"height":410},{"@type":"BreadcrumbList","@id":"https:\/\/www.bymycar.fr\/webzine\/combien-coute-une-bmw-x1\/#breadcrumb","itemListElement":[{"@type":"ListItem","position":1,"name":"Accueil","item":"https:\/\/www.bymycar.fr\/webzine\/"},{"@type":"ListItem","position":2,"name":"Combien coute une BMW X1 ?"}]},{"@type":"WebSite","@id":"https:\/\/www.bymycar.fr\/webzine\/#website","url":"https:\/\/www.bymycar.fr\/webzine\/","name":"Webzine auto BYmyCAR","description":"La magazine auto de BYmyCAR","publisher":{"@id":"https:\/\/www.bymycar.fr\/webzine\/#organization"},"potentialAction":[{"@type":"SearchAction","target":{"@type":"EntryPoint","urlTemplate":"https:\/\/www.bymycar.fr\/webzine\/?s={search_term_string}"},"query-input":{"@type":"PropertyValueSpecification","valueRequired":true,"valueName":"search_term_string"}}],"inLanguage":"fr-FR"},{"@type":"Organization","@id":"https:\/\/www.bymycar.fr\/webzine\/#organization","name":"BYmyCAR","url":"https:\/\/www.bymycar.fr\/webzine\/","logo":{"@type":"ImageObject","inLanguage":"fr-FR","@id":"https:\/\/www.bymycar.fr\/webzine\/#\/schema\/logo\/image\/","url":"https:\/\/cdn.bymycar.eu\/fr-webzine\/wp-content\/uploads\/medias\/2017\/08\/logo_DEALER_00000406_001.png","contentUrl":"https:\/\/cdn.bymycar.eu\/fr-webzine\/wp-content\/uploads\/medias\/2017\/08\/logo_DEALER_00000406_001.png","width":2132,"height":720,"caption":"BYmyCAR"},"image":{"@id":"https:\/\/www.bymycar.fr\/webzine\/#\/schema\/logo\/image\/"}},{"@type":"Person","@id":"https:\/\/www.bymycar.fr\/webzine\/#\/schema\/person\/8c56906440ec126868bd40232b3445f0","name":"Gregoire LE BIHAN","image":{"@type":"ImageObject","inLanguage":"fr-FR","@id":"https:\/\/www.bymycar.fr\/webzine\/#\/schema\/person\/image\/","url":"https:\/\/secure.gravatar.com\/avatar\/1356d71f3c6eed50de358ba425c9944b742a0d35f88e0d5f8afe88fdac525492?s=96&d=mm&r=g","contentUrl":"https:\/\/secure.gravatar.com\/avatar\/1356d71f3c6eed50de358ba425c9944b742a0d35f88e0d5f8afe88fdac525492?s=96&d=mm&r=g","caption":"Gregoire LE BIHAN"}}]}},"_links":{"self":[{"href":"https:\/\/www.bymycar.fr\/webzine\/wp-json\/wp\/v2\/posts\/34745","targetHints":{"allow":["GET"]}}],"collection":[{"href":"https:\/\/www.bymycar.fr\/webzine\/wp-json\/wp\/v2\/posts"}],"about":[{"href":"https:\/\/www.bymycar.fr\/webzine\/wp-json\/wp\/v2\/types\/post"}],"author":[{"embeddable":true,"href":"https:\/\/www.bymycar.fr\/webzine\/wp-json\/wp\/v2\/users\/9"}],"replies":[{"embeddable":true,"href":"https:\/\/www.bymycar.fr\/webzine\/wp-json\/wp\/v2\/comments?post=34745"}],"version-history":[{"count":11,"href":"https:\/\/www.bymycar.fr\/webzine\/wp-json\/wp\/v2\/posts\/34745\/revisions"}],"predecessor-version":[{"id":62526,"href":"https:\/\/www.bymycar.fr\/webzine\/wp-json\/wp\/v2\/posts\/34745\/revisions\/62526"}],"wp:featuredmedia":[{"embeddable":true,"href":"https:\/\/www.bymycar.fr\/webzine\/wp-json\/wp\/v2\/media\/34690"}],"wp:attachment":[{"href":"https:\/\/www.bymycar.fr\/webzine\/wp-json\/wp\/v2\/media?parent=34745"}],"wp:term":[{"taxonomy":"category","embeddable":true,"href":"https:\/\/www.bymycar.fr\/webzine\/wp-json\/wp\/v2\/categories?post=34745"},{"taxonomy":"post_tag","embeddable":true,"href":"https:\/\/www.bymycar.fr\/webzine\/wp-json\/wp\/v2\/tags?post=34745"}],"curies":[{"name":"wp","href":"https:\/\/api.w.org\/{rel}","templated":true}]}}