{"id":34724,"date":"2022-08-11T13:51:21","date_gmt":"2022-08-11T11:51:21","guid":{"rendered":"https:\/\/prod.bymycar.fr\/webzine\/?p=34724"},"modified":"2022-09-13T10:53:08","modified_gmt":"2022-09-13T08:53:08","slug":"bmw-x1-traction-ou-propulsion","status":"publish","type":"post","link":"https:\/\/www.bymycar.fr\/webzine\/bmw-x1-traction-ou-propulsion\/","title":{"rendered":"BMW X1 : traction ou propulsion ?"},"content":{"rendered":"","protected":false},"excerpt":{"rendered":"","protected":false},"author":9,"featured_media":34726,"comment_status":"closed","ping_status":"open","sticky":false,"template":"","format":"standard","meta":{"_acf_changed":false,"footnotes":""},"categories":[12893,12940],"tags":[],"class_list":["post-34724","post","type-post","status-publish","format-standard","has-post-thumbnail","hentry","category-guide-dachat","category-guide-dachat-bmw-x1"],"acf":{"template":"classique","introduction":"<p style=\"text-align: justify;\">La question de savoir si les <a href=\"https:\/\/www.bymycar.fr\/v\/bmw-suv\">SUV de BMW<\/a>, et notamment le <a href=\"https:\/\/www.bymycar.fr\/marques\/bmw\/x1\">X1<\/a>, sont \u00e9quip\u00e9s uniquement d\u2019une propulsion arri\u00e8re ou d\u2019une traction revient souvent. Ce guide vous permet d\u2019en connaitre la r\u00e9ponse.<\/p>\n<p>&nbsp;<\/p>\n<p>&nbsp;<\/p>\n<p style=\"text-align: center;\"><a href=\"https:\/\/www.bymycar.fr\/rechercher-un-vehicule?prod_VEHICLES%5BrefinementList%5D%5Bbrand%5D%5B0%5D=BMW&amp;prod_VEHICLES%5BrefinementList%5D%5BmodelGroup1%5D%5B0%5D=X1\" target=\"_blank\" class=\"css-button css-button--gold\" >\n                Voir les BMW X1 disponibles &gt;\n        <\/a><\/p>\n","strates":[{"type_strate":"texte-simple","ancre":"","contenu":"<h2 style=\"text-align: justify;\">Est-ce que toutes les BMW sont des propulsions ?<\/h2>\n<p style=\"text-align: justify;\">La plupart des <a href=\"https:\/\/www.bymycar.fr\/marques\/bmw\">BMW<\/a> sont \u00e0 propulsion arri\u00e8re (RWD). Elle a \u00e9t\u00e9 privil\u00e9gi\u00e9e par BMW pendant tr\u00e8s longtemps, bien que d\u00e9sormais BMW ait introduit la transmission int\u00e9grale xDrive et la traction avant (FWD) sur certains mod\u00e8les plus r\u00e9cents. De mani\u00e8re g\u00e9n\u00e9rale, la majorit\u00e9 des v\u00e9hicules BMW sont encore \u00e9quip\u00e9s de la transmission RWD.<\/p>\n<p>&nbsp;<\/p>\n<h2 style=\"text-align: justify;\">O\u00f9 est fabriqu\u00e9e la BMW X1 ?<\/h2>\n<p style=\"text-align: justify;\">La plupart des voitures BMW sont construites en Allemagne. Certaines pi\u00e8ces du X1, notamment du Mini Countryman ou de la Mercedes GLA, sont produites et assembl\u00e9es en Europe et en Am\u00e9rique dans des usines d\u00e9localis\u00e9es. Il s\u2019agit entre autres :<\/p>\n<ul style=\"text-align: justify;\">\n<li>Des cylindres diesel ;<\/li>\n<li>Des \u00e9l\u00e9ments du contr\u00f4le \u00e9lectronique de stabilit\u00e9 ;<\/li>\n<li>De la climatisation automatique bizone ;<\/li>\n<li>Etc.<\/li>\n<\/ul>\n<p>&nbsp;<\/p>\n<h2 style=\"text-align: justify;\">Pourquoi acheter un x1 ?<\/h2>\n<p style=\"text-align: justify;\">La BMW X1 se place au sommet du classement des SUV sous-compacts de luxe gr\u00e2ce \u00e0 son attrait g\u00e9n\u00e9ral, ses performances compl\u00e8tes et un int\u00e9rieur spacieux et \u00e9l\u00e9gant. Les diff\u00e9rentes finitions sur ce mod\u00e8le en entr\u00e9e de gamme ou sur la version restyl\u00e9e du X1 F48 en font une voiture d\u2019exception.<\/p>\n<p style=\"text-align: justify;\">Oui, la <a href=\"https:\/\/www.bymycar.fr\/marques\/bmw\/x1\">BMW X1<\/a> offre \u00e0 peu pr\u00e8s tout ce que l&rsquo;on peut esp\u00e9rer d&rsquo;un petit multi-segment pour un bon agr\u00e9ment de conduite. Ce SUV embarque des commandes d&rsquo;info divertissement simples, l\u2019affichage t\u00eate haute, un tableau de bord intuitif, un moteur \u00e9nergique pour une puissance maximale et une maniabilit\u00e9 sportive. Ce v\u00e9hicule est \u00e9galement peu gourmand en carburant. De multiples options comme le rabattement de la banquette permettent d\u2019avoir plus d\u2019espace arri\u00e8re.<\/p>\n<p style=\"text-align: justify;\">Le prix de la nouvelle BMW X1 tourne aux environs de 45 000 \u20ac*. En int\u00e9grant les diff\u00e9rentes options sur les finitions telles que le Pack Advanced Safety, il faut pr\u00e9voir un budget autour de 50 000 \u20ac*.<\/p>\n<p>*Voir les tarifs en vigueur dans les <a href=\"https:\/\/www.bymycar.fr\/concessions\/bmw\">concessions BMW BYmyCAR<\/a>.<\/p>\n<p>&nbsp;<\/p>\n<h2 style=\"text-align: justify;\">Quelles sont les BMW \u00e0 traction ?<\/h2>\n<p style=\"text-align: justify;\">Les deux options, \u00e0 savoir la traction ou la propulsion du X1, peuvent \u00eatre int\u00e9ressantes en fonction de ce que vous recherchez sur une voiture et de votre style de conduite. Quelques mod\u00e8les \u00e0 traction de BMW :<\/p>\n<ul style=\"text-align: justify;\">\n<li>Le monospace compact BMW S\u00e9rie 2 Active Tourer ;<\/li>\n<li>Le X2 avec son allure coup\u00e9 et sportive ;<\/li>\n<li>La s\u00e9rie 5 de BMW ;<\/li>\n<li><\/li>\n<\/ul>\n<p style=\"text-align: justify;\">Comme la plupart de ses concurrentes telles que l\u2019Audi Q3, la BMW x1 sDrive20i existe aussi en version avec une traction int\u00e9grale.<\/p>\n<p>&nbsp;<\/p>\n<h2 style=\"text-align: justify;\">BMW s\u00e9rie 1 traction ou propulsion ?<\/h2>\n<p style=\"text-align: justify;\">Le choix de la traction du syst\u00e8me de traction ou de propulsion via les roues motrices d\u00e9pend en grande partie de votre mode de conduite. Les premiers \u00e9l\u00e9ments que vous devez consid\u00e9rer sont les pneus. Ils sont l&rsquo;un des aspects les plus importants de votre voiture, surtout lorsqu&rsquo;il s&rsquo;agit d&rsquo;une traction arri\u00e8re. Vous devrez \u00e9galement vous assurer de ralentir et de prendre les virages avec plus de prudence dans des conditions glissantes.<\/p>\n<p style=\"text-align: justify;\">Chaque option du X1 pr\u00e9sente des avantages :<\/p>\n<ul style=\"text-align: justify;\">\n<li>La traction avant fournit de la puissance aux roues avant d&rsquo;une voiture ;<\/li>\n<li>Dans les voitures \u00e0 traction avant, les roues avant tirent le v\u00e9hicule au lieu de le pousser ;<\/li>\n<li>Les voitures \u00e0 traction arri\u00e8re fournissent de la puissance aux roues arri\u00e8re du v\u00e9hicule ;<\/li>\n<li>Les voitures \u00e0 traction arri\u00e8re r\u00e9partissent plus uniform\u00e9ment le poids de leur transmission de l&rsquo;avant vers l&rsquo;arri\u00e8re.<\/li>\n<\/ul>\n<p>&nbsp;<\/p>\n<h2 style=\"text-align: justify;\">BMW X1 dimensions : BMW X1 taille, longueur X1<\/h2>\n<p style=\"text-align: justify;\">Les dimensions de la BMW s\u00e9rie X1 sont :<\/p>\n<ul style=\"text-align: justify;\">\n<li>Longueur : 4 457 mm<\/li>\n<li>Largeur : 1 821 mm<\/li>\n<li>Hauteur : 1 598 mm<\/li>\n<li>Empattement : 2 670 mm<\/li>\n<\/ul>\n<p>&nbsp;<\/p>\n<h2 style=\"text-align: justify;\">BMW X1 moteur<\/h2>\n<p style=\"text-align: justify;\">Le X1 est propuls\u00e9 par un moteur quatre cylindres turbocompress\u00e9 de 2,0 litres qui d\u00e9veloppe 228 chevaux. Le moteur est particuli\u00e8rement puissant, aidant la BMW \u00e0 d\u00e9marrer \u00e0 partir d&rsquo;un arr\u00eat et \u00e0 prendre rapidement de la vitesse. Il convient aussi bien \u00e0 la conduite en ville qu&rsquo;\u00e0 la conduite sur autoroute.<\/p>\n<p style=\"text-align: justify;\">La transmission automatique \u00e0 huit rapports est int\u00e9gr\u00e9e de s\u00e9rie. Elle permet des changements de vitesse fluides et rapides gr\u00e2ce aux roues motrices.<\/p>\n<p>&nbsp;<\/p>\n<h2 style=\"text-align: justify;\">Consommation de la BMW X1 F48<\/h2>\n<p style=\"text-align: justify;\">La consommation du X1 F48 est de :<\/p>\n<ul style=\"text-align: justify;\">\n<li>9,6 L pour 100 kilom\u00e8tres avec le bloc essence ;<\/li>\n<li>6,5 L pour 100 km avec le bloc diesel.<\/li>\n<\/ul>\n<p>&nbsp;<\/p>\n<h2 style=\"text-align: justify;\">Motorisation : BMW X1 E84 vs BMW x1 sDrive<\/h2>\n<p style=\"text-align: justify;\">Comme la plupart des r\u00e9cents moteurs BMW de premi\u00e8re ainsi que de deuxi\u00e8me g\u00e9n\u00e9ration, ils sont propos\u00e9s en mode diesel et essence. Sous le capot du X1, vous pouvez choisir un moteur diesel avec les caract\u00e9ristiques suivantes :<\/p>\n<ul style=\"text-align: justify;\">\n<li>0 : 116 ch ; 6 CV<\/li>\n<li>0 : 143 ch ; 8 CV<\/li>\n<li>0 : 150 ch ; 9 CV<\/li>\n<li>Etc.<\/li>\n<\/ul>\n<p style=\"text-align: justify;\">Ou un moteur essence avec les caract\u00e9ristiques suivantes :<\/p>\n<ul style=\"text-align: justify;\">\n<li>0 : 150 ch ; 9 CV<\/li>\n<li>0 : 218 ch ; 14 CV<\/li>\n<li>0 : 245 ch ; 15 CV<\/li>\n<li>Etc.<\/li>\n<\/ul>\n<p>&nbsp;<\/p>\n<h2 style=\"text-align: justify;\">\u00c9v\u00e9nement : BMW X1 finition<\/h2>\n<p style=\"text-align: justify;\">Plusieurs \u00e9v\u00e9nements en avant-premi\u00e8re sont organis\u00e9s par le constructeur allemand pour pr\u00e9senter ses nouvelles BMW et les derni\u00e8res nouveaut\u00e9s sur son X1. Le rendez-vous du salon de Francfort est un lieu de rencontre pour d\u00e9couvrir le nouveau X1.<\/p>\n<p>&nbsp;<\/p>\n<p>&nbsp;<\/p>\n<p style=\"text-align: center;\"><a href=\"https:\/\/www.bymycar.fr\/rechercher-un-vehicule?prod_VEHICLES%5BrefinementList%5D%5Bbrand%5D%5B0%5D=BMW&amp;prod_VEHICLES%5BrefinementList%5D%5BmodelGroup1%5D%5B0%5D=X1\" target=\"_blank\" class=\"css-button css-button--gold\" >\n                Voir les BMW X1 disponibles &gt;\n        <\/a><\/p>\n<p>&nbsp;<\/p>\n<p>&nbsp;<\/p>\n<h3 style=\"text-align: justify;\">\u00c0\u00a0LIRE\u00a0\u00c9GALEMENT<\/h3>\n<p style=\"text-align: justify;\"><a title=\"Bmw x1 : versions, mod\u00e8les et g\u00e9n\u00e9rations\" href=\"https:\/\/www.bymycar.fr\/webzine\/bmw-x1-versions-modeles-et-generations\/\">Bmw\u00a0X1\u00a0: les mod\u00e8les et g\u00e9n\u00e9rations<\/a><\/p>\n<p style=\"text-align: justify;\"><a title=\"BMW X1 rechargeable : les caract\u00e9ristiques\" href=\"https:\/\/www.bymycar.fr\/webzine\/bmw-x1-rechargeable-les-caracteristiques\/\">Bmw\u00a0X1\u00a0rechargeable : les caract\u00e9ristiques<\/a><\/p>\n<p style=\"text-align: justify;\"><a href=\"https:\/\/www.bymycar.fr\/webzine\/comment-changer-la-pile-de-la-cle-bmw-x1\/\">Comment changer la pile de la cl\u00e9\u00a0Bmw\u00a0X1 ?<\/a><\/p>\n<p style=\"text-align: justify;\"><a title=\"Quel moteur choisir sur la BMW X1 ?\" href=\"https:\/\/www.bymycar.fr\/webzine\/quel-moteur-choisir-sur-la-bmw-x1\/\">Quel moteur choisir sur la\u00a0Bmw\u00a0X1\u00a0?<\/a><\/p>\n<p style=\"text-align: justify;\"><a title=\"Bmw x1 : quels sont les avantages et inconv\u00e9nients ?\" href=\"https:\/\/www.bymycar.fr\/webzine\/bmw-x1-quels-sont-les-avantages-et-inconvenients\/\">Bmw\u00a0X1\u00a0: quels sont les avantages et inconv\u00e9nients ?<\/a><\/p>\n<p style=\"text-align: justify;\"><a title=\"BMW X1 vs X2 : quel SUV choisir ?\" href=\"https:\/\/www.bymycar.fr\/webzine\/bmw-x1-vs-x2-quel-suv-choisir\/\">Bmw\u00a0X1\u00a0vs\u00a0X2 : quel suv choisir ?<\/a><\/p>\n<p style=\"text-align: justify;\"><a title=\"BMW X1 : comprendre tous les voyants lumineux\" href=\"https:\/\/www.bymycar.fr\/webzine\/bmw-x1-comprendre-tous-les-voyants-lumineux\/\">Bmw\u00a0X1\u00a0: comprendre tous les voyants lumineux<\/a><\/p>\n<p style=\"text-align: justify;\"><a href=\"https:\/\/www.bymycar.fr\/webzine\/combien-consomme-le-bmw-x1\/\">Combien consomme le Bmw X1 ?<\/a><a href=\"https:\/\/app.semji.com\/o\/a00b79bef7aa\/w\/98f4b252d2e9\/p\/0e58702de92f\/draft\/6a0de522ac8f\/optimizations#ready\">\u00a0?<\/a><\/p>\n<p style=\"text-align: justify;\"><a title=\"Combien coute une Bmw X1 ?\" href=\"https:\/\/www.bymycar.fr\/webzine\/combien-coute-une-bmw-x1\/\">Combien coute une\u00a0Bmw\u00a0X1\u00a0?<\/a><\/p>\n<p style=\"text-align: justify;\"><a title=\"Bmw X1 vs X3 : le comparatif\" href=\"https:\/\/www.bymycar.fr\/webzine\/bmw-x1-vs-x3-le-comparatif\/\">Bmw\u00a0X1\u00a0vs\u00a0X3 : le comparatif<\/a><\/p>\n","titre":"Texte 1","image":false,"image_libre":false,"image_800x500":false,"legende":"","zoom":false,"texte":"","articles":false,"categorie_droite":false,"images":false,"elements_comparatif":false,"texte_1":"","texte_2":"","image_1":false,"image_1_563x400":false,"image_1_332x332":false,"image_2":false,"image_2_333x240":false,"image_2_563x400":false,"image_3":false,"image_3_333x240":false,"image_3_332x450":false,"image_4":false,"image_4_332x332":false,"image_4_563x400":false,"code_embed":"","legende_video":"","photo":false,"photo_100x100":false,"nom":"","fonction":"","elements_timeline":false,"entetes_colonnes":false,"entetes_lignes":false,"lignes":false,"introduction":"","formulaire":false,"question":"","reponse":"","libelle_bouton_lien":"","url_lien":"","questions":false,"conclusions":false,"pays":false,"region":false,"marque":false,"marqueConcessions":false,"modele":false,"ptvente":false,"typeV":false,"collection":false,"nombre_maximum_elements":10,"lien_fin_carousel":"","texte_lien_fin_carousel":"","trier_par":false}],"is_old_post":false,"image":{"ID":34726,"id":34726,"title":"BMW-X1","filename":"BMW-X1.jpg","filesize":1,"url":"https:\/\/cdn.bymycar.eu\/fr-webzine\/wp-content\/uploads\/medias\/BMW-X1.jpg","link":"https:\/\/www.bymycar.fr\/webzine\/bmw-x1-traction-ou-propulsion\/bmw-x1-3\/","alt":"","author":"9","description":"","caption":"","name":"bmw-x1-3","status":"inherit","uploaded_to":34724,"date":"2022-08-11 11:50:59","modified":"2022-08-11 11:50:59","menu_order":0,"mime_type":"image\/jpeg","type":"image","subtype":"jpeg","icon":"https:\/\/www.bymycar.fr\/webzine\/wp-includes\/images\/media\/default.png","width":750,"height":410,"sizes":{"thumbnail":"https:\/\/cdn.bymycar.eu\/fr-webzine\/wp-content\/uploads\/medias\/BMW-X1-150x150.jpg","thumbnail-width":150,"thumbnail-height":150,"medium":"https:\/\/cdn.bymycar.eu\/fr-webzine\/wp-content\/uploads\/medias\/BMW-X1-300x164.jpg","medium-width":300,"medium-height":164,"medium_large":"https:\/\/cdn.bymycar.eu\/fr-webzine\/wp-content\/uploads\/medias\/BMW-X1.jpg","medium_large-width":750,"medium_large-height":410,"large":"https:\/\/cdn.bymycar.eu\/fr-webzine\/wp-content\/uploads\/medias\/BMW-X1.jpg","large-width":750,"large-height":410,"1536x1536":"https:\/\/cdn.bymycar.eu\/fr-webzine\/wp-content\/uploads\/medias\/BMW-X1.jpg","1536x1536-width":750,"1536x1536-height":410,"2048x2048":"https:\/\/cdn.bymycar.eu\/fr-webzine\/wp-content\/uploads\/medias\/BMW-X1.jpg","2048x2048-width":750,"2048x2048-height":410}},"page_content":{"block_content":[{"acf_fc_layout":"text-simple","--nav":{"-withNav":false,"-ancre":""},"--group":{"-text":"<h2 style=\"text-align: justify;\">Est-ce que toutes les BMW sont des propulsions ?<\/h2>\n<p style=\"text-align: justify;\">La plupart des <a href=\"https:\/\/www.bymycar.fr\/marques\/bmw\">BMW<\/a> sont \u00e0 propulsion arri\u00e8re (RWD). Elle a \u00e9t\u00e9 privil\u00e9gi\u00e9e par BMW pendant tr\u00e8s longtemps, bien que d\u00e9sormais BMW ait introduit la transmission int\u00e9grale xDrive et la traction avant (FWD) sur certains mod\u00e8les plus r\u00e9cents. De mani\u00e8re g\u00e9n\u00e9rale, la majorit\u00e9 des v\u00e9hicules BMW sont encore \u00e9quip\u00e9s de la transmission RWD.<\/p>\n<p>&nbsp;<\/p>\n<h2 style=\"text-align: justify;\">O\u00f9 est fabriqu\u00e9e la BMW X1 ?<\/h2>\n<p style=\"text-align: justify;\">La plupart des voitures BMW sont construites en Allemagne. Certaines pi\u00e8ces du X1, notamment du Mini Countryman ou de la Mercedes GLA, sont produites et assembl\u00e9es en Europe et en Am\u00e9rique dans des usines d\u00e9localis\u00e9es. Il s\u2019agit entre autres :<\/p>\n<ul style=\"text-align: justify;\">\n<li>Des cylindres diesel ;<\/li>\n<li>Des \u00e9l\u00e9ments du contr\u00f4le \u00e9lectronique de stabilit\u00e9 ;<\/li>\n<li>De la climatisation automatique bizone ;<\/li>\n<li>Etc.<\/li>\n<\/ul>\n<p>&nbsp;<\/p>\n<h2 style=\"text-align: justify;\">Pourquoi acheter un x1 ?<\/h2>\n<p style=\"text-align: justify;\">La BMW X1 se place au sommet du classement des SUV sous-compacts de luxe gr\u00e2ce \u00e0 son attrait g\u00e9n\u00e9ral, ses performances compl\u00e8tes et un int\u00e9rieur spacieux et \u00e9l\u00e9gant. Les diff\u00e9rentes finitions sur ce mod\u00e8le en entr\u00e9e de gamme ou sur la version restyl\u00e9e du X1 F48 en font une voiture d\u2019exception.<\/p>\n<p style=\"text-align: justify;\">Oui, la <a href=\"https:\/\/www.bymycar.fr\/marques\/bmw\/x1\">BMW X1<\/a> offre \u00e0 peu pr\u00e8s tout ce que l&rsquo;on peut esp\u00e9rer d&rsquo;un petit multi-segment pour un bon agr\u00e9ment de conduite. Ce SUV embarque des commandes d&rsquo;info divertissement simples, l\u2019affichage t\u00eate haute, un tableau de bord intuitif, un moteur \u00e9nergique pour une puissance maximale et une maniabilit\u00e9 sportive. Ce v\u00e9hicule est \u00e9galement peu gourmand en carburant. De multiples options comme le rabattement de la banquette permettent d\u2019avoir plus d\u2019espace arri\u00e8re.<\/p>\n<p style=\"text-align: justify;\">Le prix de la nouvelle BMW X1 tourne aux environs de 45 000 \u20ac*. En int\u00e9grant les diff\u00e9rentes options sur les finitions telles que le Pack Advanced Safety, il faut pr\u00e9voir un budget autour de 50 000 \u20ac*.<\/p>\n<p>*Voir les tarifs en vigueur dans les <a href=\"https:\/\/www.bymycar.fr\/concessions\/bmw\">concessions BMW BYmyCAR<\/a>.<\/p>\n<p>&nbsp;<\/p>\n<h2 style=\"text-align: justify;\">Quelles sont les BMW \u00e0 traction ?<\/h2>\n<p style=\"text-align: justify;\">Les deux options, \u00e0 savoir la traction ou la propulsion du X1, peuvent \u00eatre int\u00e9ressantes en fonction de ce que vous recherchez sur une voiture et de votre style de conduite. Quelques mod\u00e8les \u00e0 traction de BMW :<\/p>\n<ul style=\"text-align: justify;\">\n<li>Le monospace compact BMW S\u00e9rie 2 Active Tourer ;<\/li>\n<li>Le X2 avec son allure coup\u00e9 et sportive ;<\/li>\n<li>La s\u00e9rie 5 de BMW ;<\/li>\n<li><\/li>\n<\/ul>\n<p style=\"text-align: justify;\">Comme la plupart de ses concurrentes telles que l\u2019Audi Q3, la BMW x1 sDrive20i existe aussi en version avec une traction int\u00e9grale.<\/p>\n<p>&nbsp;<\/p>\n<h2 style=\"text-align: justify;\">BMW s\u00e9rie 1 traction ou propulsion ?<\/h2>\n<p style=\"text-align: justify;\">Le choix de la traction du syst\u00e8me de traction ou de propulsion via les roues motrices d\u00e9pend en grande partie de votre mode de conduite. Les premiers \u00e9l\u00e9ments que vous devez consid\u00e9rer sont les pneus. Ils sont l&rsquo;un des aspects les plus importants de votre voiture, surtout lorsqu&rsquo;il s&rsquo;agit d&rsquo;une traction arri\u00e8re. Vous devrez \u00e9galement vous assurer de ralentir et de prendre les virages avec plus de prudence dans des conditions glissantes.<\/p>\n<p style=\"text-align: justify;\">Chaque option du X1 pr\u00e9sente des avantages :<\/p>\n<ul style=\"text-align: justify;\">\n<li>La traction avant fournit de la puissance aux roues avant d&rsquo;une voiture ;<\/li>\n<li>Dans les voitures \u00e0 traction avant, les roues avant tirent le v\u00e9hicule au lieu de le pousser ;<\/li>\n<li>Les voitures \u00e0 traction arri\u00e8re fournissent de la puissance aux roues arri\u00e8re du v\u00e9hicule ;<\/li>\n<li>Les voitures \u00e0 traction arri\u00e8re r\u00e9partissent plus uniform\u00e9ment le poids de leur transmission de l&rsquo;avant vers l&rsquo;arri\u00e8re.<\/li>\n<\/ul>\n<p>&nbsp;<\/p>\n<h2 style=\"text-align: justify;\">BMW X1 dimensions : BMW X1 taille, longueur X1<\/h2>\n<p style=\"text-align: justify;\">Les dimensions de la BMW s\u00e9rie X1 sont :<\/p>\n<ul style=\"text-align: justify;\">\n<li>Longueur : 4 457 mm<\/li>\n<li>Largeur : 1 821 mm<\/li>\n<li>Hauteur : 1 598 mm<\/li>\n<li>Empattement : 2 670 mm<\/li>\n<\/ul>\n<p>&nbsp;<\/p>\n<h2 style=\"text-align: justify;\">BMW X1 moteur<\/h2>\n<p style=\"text-align: justify;\">Le X1 est propuls\u00e9 par un moteur quatre cylindres turbocompress\u00e9 de 2,0 litres qui d\u00e9veloppe 228 chevaux. Le moteur est particuli\u00e8rement puissant, aidant la BMW \u00e0 d\u00e9marrer \u00e0 partir d&rsquo;un arr\u00eat et \u00e0 prendre rapidement de la vitesse. Il convient aussi bien \u00e0 la conduite en ville qu&rsquo;\u00e0 la conduite sur autoroute.<\/p>\n<p style=\"text-align: justify;\">La transmission automatique \u00e0 huit rapports est int\u00e9gr\u00e9e de s\u00e9rie. Elle permet des changements de vitesse fluides et rapides gr\u00e2ce aux roues motrices.<\/p>\n<p>&nbsp;<\/p>\n<h2 style=\"text-align: justify;\">Consommation de la BMW X1 F48<\/h2>\n<p style=\"text-align: justify;\">La consommation du X1 F48 est de :<\/p>\n<ul style=\"text-align: justify;\">\n<li>9,6 L pour 100 kilom\u00e8tres avec le bloc essence ;<\/li>\n<li>6,5 L pour 100 km avec le bloc diesel.<\/li>\n<\/ul>\n<p>&nbsp;<\/p>\n<h2 style=\"text-align: justify;\">Motorisation : BMW X1 E84 vs BMW x1 sDrive<\/h2>\n<p style=\"text-align: justify;\">Comme la plupart des r\u00e9cents moteurs BMW de premi\u00e8re ainsi que de deuxi\u00e8me g\u00e9n\u00e9ration, ils sont propos\u00e9s en mode diesel et essence. Sous le capot du X1, vous pouvez choisir un moteur diesel avec les caract\u00e9ristiques suivantes :<\/p>\n<ul style=\"text-align: justify;\">\n<li>0 : 116 ch ; 6 CV<\/li>\n<li>0 : 143 ch ; 8 CV<\/li>\n<li>0 : 150 ch ; 9 CV<\/li>\n<li>Etc.<\/li>\n<\/ul>\n<p style=\"text-align: justify;\">Ou un moteur essence avec les caract\u00e9ristiques suivantes :<\/p>\n<ul style=\"text-align: justify;\">\n<li>0 : 150 ch ; 9 CV<\/li>\n<li>0 : 218 ch ; 14 CV<\/li>\n<li>0 : 245 ch ; 15 CV<\/li>\n<li>Etc.<\/li>\n<\/ul>\n<p>&nbsp;<\/p>\n<h2 style=\"text-align: justify;\">\u00c9v\u00e9nement : BMW X1 finition<\/h2>\n<p style=\"text-align: justify;\">Plusieurs \u00e9v\u00e9nements en avant-premi\u00e8re sont organis\u00e9s par le constructeur allemand pour pr\u00e9senter ses nouvelles BMW et les derni\u00e8res nouveaut\u00e9s sur son X1. Le rendez-vous du salon de Francfort est un lieu de rencontre pour d\u00e9couvrir le nouveau X1.<\/p>\n<p>&nbsp;<\/p>\n<p>&nbsp;<\/p>\n<p style=\"text-align: center;\"><a href=\"https:\/\/www.bymycar.fr\/rechercher-un-vehicule?prod_VEHICLES%5BrefinementList%5D%5Bbrand%5D%5B0%5D=BMW&amp;prod_VEHICLES%5BrefinementList%5D%5BmodelGroup1%5D%5B0%5D=X1\" target=\"_blank\" class=\"css-button css-button--gold\" ><br \/>\n                Voir les BMW X1 disponibles &gt;<br \/>\n        <\/a><\/p>\n<p>&nbsp;<\/p>\n<p>&nbsp;<\/p>\n<h3 style=\"text-align: justify;\">\u00c0\u00a0LIRE\u00a0\u00c9GALEMENT<\/h3>\n<p style=\"text-align: justify;\"><a title=\"Bmw x1 : versions, mod\u00e8les et g\u00e9n\u00e9rations\" href=\"https:\/\/www.bymycar.fr\/webzine\/bmw-x1-versions-modeles-et-generations\/\">Bmw\u00a0X1\u00a0: les mod\u00e8les et g\u00e9n\u00e9rations<\/a><\/p>\n<p style=\"text-align: justify;\"><a title=\"BMW X1 rechargeable : les caract\u00e9ristiques\" href=\"https:\/\/www.bymycar.fr\/webzine\/bmw-x1-rechargeable-les-caracteristiques\/\">Bmw\u00a0X1\u00a0rechargeable : les caract\u00e9ristiques<\/a><\/p>\n<p style=\"text-align: justify;\"><a href=\"https:\/\/www.bymycar.fr\/webzine\/comment-changer-la-pile-de-la-cle-bmw-x1\/\">Comment changer la pile de la cl\u00e9\u00a0Bmw\u00a0X1 ?<\/a><\/p>\n<p style=\"text-align: justify;\"><a title=\"Quel moteur choisir sur la BMW X1 ?\" href=\"https:\/\/www.bymycar.fr\/webzine\/quel-moteur-choisir-sur-la-bmw-x1\/\">Quel moteur choisir sur la\u00a0Bmw\u00a0X1\u00a0?<\/a><\/p>\n<p style=\"text-align: justify;\"><a title=\"Bmw x1 : quels sont les avantages et inconv\u00e9nients ?\" href=\"https:\/\/www.bymycar.fr\/webzine\/bmw-x1-quels-sont-les-avantages-et-inconvenients\/\">Bmw\u00a0X1\u00a0: quels sont les avantages et inconv\u00e9nients ?<\/a><\/p>\n<p style=\"text-align: justify;\"><a title=\"BMW X1 vs X2 : quel SUV choisir ?\" href=\"https:\/\/www.bymycar.fr\/webzine\/bmw-x1-vs-x2-quel-suv-choisir\/\">Bmw\u00a0X1\u00a0vs\u00a0X2 : quel suv choisir ?<\/a><\/p>\n<p style=\"text-align: justify;\"><a title=\"BMW X1 : comprendre tous les voyants lumineux\" href=\"https:\/\/www.bymycar.fr\/webzine\/bmw-x1-comprendre-tous-les-voyants-lumineux\/\">Bmw\u00a0X1\u00a0: comprendre tous les voyants lumineux<\/a><\/p>\n<p style=\"text-align: justify;\"><a href=\"https:\/\/www.bymycar.fr\/webzine\/combien-consomme-le-bmw-x1\/\">Combien consomme le Bmw X1 ?<\/a><a href=\"https:\/\/app.semji.com\/o\/a00b79bef7aa\/w\/98f4b252d2e9\/p\/0e58702de92f\/draft\/6a0de522ac8f\/optimizations#ready\">\u00a0?<\/a><\/p>\n<p style=\"text-align: justify;\"><a title=\"Combien coute une Bmw X1 ?\" href=\"https:\/\/www.bymycar.fr\/webzine\/combien-coute-une-bmw-x1\/\">Combien coute une\u00a0Bmw\u00a0X1\u00a0?<\/a><\/p>\n<p style=\"text-align: justify;\"><a title=\"Bmw X1 vs X3 : le comparatif\" href=\"https:\/\/www.bymycar.fr\/webzine\/bmw-x1-vs-x3-le-comparatif\/\">Bmw\u00a0X1\u00a0vs\u00a0X3 : le comparatif<\/a><\/p>\n"}}]},"add-carousel-to-footer":true},"yoast_head":"<!-- This site is optimized with the Yoast SEO Premium plugin v26.4 (Yoast SEO v26.4) - https:\/\/yoast.com\/wordpress\/plugins\/seo\/ -->\n<title>BMW X1 : traction ou propulsion ?<\/title>\n<meta name=\"robots\" content=\"index, follow, max-snippet:-1, max-image-preview:large, max-video-preview:-1\" \/>\n<link rel=\"canonical\" href=\"https:\/\/www.bymycar.fr\/webzine\/bmw-x1-traction-ou-propulsion\/\" \/>\n<meta property=\"og:locale\" content=\"fr_FR\" \/>\n<meta property=\"og:type\" content=\"article\" \/>\n<meta property=\"og:title\" content=\"BMW X1 : traction ou propulsion ?\" \/>\n<meta property=\"og:url\" content=\"https:\/\/www.bymycar.fr\/webzine\/bmw-x1-traction-ou-propulsion\/\" \/>\n<meta property=\"og:site_name\" content=\"Webzine auto BYmyCAR\" \/>\n<meta property=\"article:published_time\" content=\"2022-08-11T11:51:21+00:00\" \/>\n<meta property=\"article:modified_time\" content=\"2022-09-13T08:53:08+00:00\" \/>\n<meta property=\"og:image\" content=\"https:\/\/cdn.bymycar.eu\/fr-webzine\/wp-content\/uploads\/medias\/BMW-X1.jpg\" \/>\n\t<meta property=\"og:image:width\" content=\"750\" \/>\n\t<meta property=\"og:image:height\" content=\"410\" \/>\n\t<meta property=\"og:image:type\" content=\"image\/jpeg\" \/>\n<meta name=\"author\" content=\"Gregoire LE BIHAN\" \/>\n<meta name=\"twitter:card\" content=\"summary_large_image\" \/>\n<meta name=\"twitter:label1\" content=\"\u00c9crit par\" \/>\n\t<meta name=\"twitter:data1\" content=\"Gregoire LE BIHAN\" \/>\n<script type=\"application\/ld+json\" class=\"yoast-schema-graph\">{\"@context\":\"https:\/\/schema.org\",\"@graph\":[{\"@type\":\"Article\",\"@id\":\"https:\/\/www.bymycar.fr\/webzine\/bmw-x1-traction-ou-propulsion\/#article\",\"isPartOf\":{\"@id\":\"https:\/\/www.bymycar.fr\/webzine\/bmw-x1-traction-ou-propulsion\/\"},\"author\":{\"name\":\"Gregoire LE BIHAN\",\"@id\":\"https:\/\/www.bymycar.fr\/webzine\/#\/schema\/person\/8c56906440ec126868bd40232b3445f0\"},\"headline\":\"BMW X1 : traction ou propulsion ?\",\"datePublished\":\"2022-08-11T11:51:21+00:00\",\"dateModified\":\"2022-09-13T08:53:08+00:00\",\"mainEntityOfPage\":{\"@id\":\"https:\/\/www.bymycar.fr\/webzine\/bmw-x1-traction-ou-propulsion\/\"},\"wordCount\":5,\"publisher\":{\"@id\":\"https:\/\/www.bymycar.fr\/webzine\/#organization\"},\"image\":{\"@id\":\"https:\/\/www.bymycar.fr\/webzine\/bmw-x1-traction-ou-propulsion\/#primaryimage\"},\"thumbnailUrl\":\"https:\/\/cdn.bymycar.eu\/fr-webzine\/wp-content\/uploads\/medias\/BMW-X1.jpg\",\"articleSection\":[\"Guide d'achat\",\"Guide d'achat BMW X1\"],\"inLanguage\":\"fr-FR\"},{\"@type\":\"WebPage\",\"@id\":\"https:\/\/www.bymycar.fr\/webzine\/bmw-x1-traction-ou-propulsion\/\",\"url\":\"https:\/\/www.bymycar.fr\/webzine\/bmw-x1-traction-ou-propulsion\/\",\"name\":\"BMW X1 : traction ou propulsion ?\",\"isPartOf\":{\"@id\":\"https:\/\/www.bymycar.fr\/webzine\/#website\"},\"primaryImageOfPage\":{\"@id\":\"https:\/\/www.bymycar.fr\/webzine\/bmw-x1-traction-ou-propulsion\/#primaryimage\"},\"image\":{\"@id\":\"https:\/\/www.bymycar.fr\/webzine\/bmw-x1-traction-ou-propulsion\/#primaryimage\"},\"thumbnailUrl\":\"https:\/\/cdn.bymycar.eu\/fr-webzine\/wp-content\/uploads\/medias\/BMW-X1.jpg\",\"datePublished\":\"2022-08-11T11:51:21+00:00\",\"dateModified\":\"2022-09-13T08:53:08+00:00\",\"breadcrumb\":{\"@id\":\"https:\/\/www.bymycar.fr\/webzine\/bmw-x1-traction-ou-propulsion\/#breadcrumb\"},\"inLanguage\":\"fr-FR\",\"potentialAction\":[{\"@type\":\"ReadAction\",\"target\":[\"https:\/\/www.bymycar.fr\/webzine\/bmw-x1-traction-ou-propulsion\/\"]}]},{\"@type\":\"ImageObject\",\"inLanguage\":\"fr-FR\",\"@id\":\"https:\/\/www.bymycar.fr\/webzine\/bmw-x1-traction-ou-propulsion\/#primaryimage\",\"url\":\"https:\/\/cdn.bymycar.eu\/fr-webzine\/wp-content\/uploads\/medias\/BMW-X1.jpg\",\"contentUrl\":\"https:\/\/cdn.bymycar.eu\/fr-webzine\/wp-content\/uploads\/medias\/BMW-X1.jpg\",\"width\":750,\"height\":410},{\"@type\":\"BreadcrumbList\",\"@id\":\"https:\/\/www.bymycar.fr\/webzine\/bmw-x1-traction-ou-propulsion\/#breadcrumb\",\"itemListElement\":[{\"@type\":\"ListItem\",\"position\":1,\"name\":\"Accueil\",\"item\":\"https:\/\/www.bymycar.fr\/webzine\/\"},{\"@type\":\"ListItem\",\"position\":2,\"name\":\"BMW X1 : traction ou propulsion ?\"}]},{\"@type\":\"WebSite\",\"@id\":\"https:\/\/www.bymycar.fr\/webzine\/#website\",\"url\":\"https:\/\/www.bymycar.fr\/webzine\/\",\"name\":\"Webzine auto BYmyCAR\",\"description\":\"La magazine auto de BYmyCAR\",\"publisher\":{\"@id\":\"https:\/\/www.bymycar.fr\/webzine\/#organization\"},\"potentialAction\":[{\"@type\":\"SearchAction\",\"target\":{\"@type\":\"EntryPoint\",\"urlTemplate\":\"https:\/\/www.bymycar.fr\/webzine\/?s={search_term_string}\"},\"query-input\":{\"@type\":\"PropertyValueSpecification\",\"valueRequired\":true,\"valueName\":\"search_term_string\"}}],\"inLanguage\":\"fr-FR\"},{\"@type\":\"Organization\",\"@id\":\"https:\/\/www.bymycar.fr\/webzine\/#organization\",\"name\":\"BYmyCAR\",\"url\":\"https:\/\/www.bymycar.fr\/webzine\/\",\"logo\":{\"@type\":\"ImageObject\",\"inLanguage\":\"fr-FR\",\"@id\":\"https:\/\/www.bymycar.fr\/webzine\/#\/schema\/logo\/image\/\",\"url\":\"https:\/\/cdn.bymycar.eu\/fr-webzine\/wp-content\/uploads\/medias\/2017\/08\/logo_DEALER_00000406_001.png\",\"contentUrl\":\"https:\/\/cdn.bymycar.eu\/fr-webzine\/wp-content\/uploads\/medias\/2017\/08\/logo_DEALER_00000406_001.png\",\"width\":2132,\"height\":720,\"caption\":\"BYmyCAR\"},\"image\":{\"@id\":\"https:\/\/www.bymycar.fr\/webzine\/#\/schema\/logo\/image\/\"}},{\"@type\":\"Person\",\"@id\":\"https:\/\/www.bymycar.fr\/webzine\/#\/schema\/person\/8c56906440ec126868bd40232b3445f0\",\"name\":\"Gregoire LE BIHAN\",\"image\":{\"@type\":\"ImageObject\",\"inLanguage\":\"fr-FR\",\"@id\":\"https:\/\/www.bymycar.fr\/webzine\/#\/schema\/person\/image\/\",\"url\":\"https:\/\/secure.gravatar.com\/avatar\/1356d71f3c6eed50de358ba425c9944b742a0d35f88e0d5f8afe88fdac525492?s=96&d=mm&r=g\",\"contentUrl\":\"https:\/\/secure.gravatar.com\/avatar\/1356d71f3c6eed50de358ba425c9944b742a0d35f88e0d5f8afe88fdac525492?s=96&d=mm&r=g\",\"caption\":\"Gregoire LE BIHAN\"}}]}<\/script>\n<!-- \/ Yoast SEO Premium plugin. -->","yoast_head_json":{"title":"BMW X1 : traction ou propulsion ?","robots":{"index":"index","follow":"follow","max-snippet":"max-snippet:-1","max-image-preview":"max-image-preview:large","max-video-preview":"max-video-preview:-1"},"canonical":"https:\/\/www.bymycar.fr\/webzine\/bmw-x1-traction-ou-propulsion\/","og_locale":"fr_FR","og_type":"article","og_title":"BMW X1 : traction ou propulsion ?","og_url":"https:\/\/www.bymycar.fr\/webzine\/bmw-x1-traction-ou-propulsion\/","og_site_name":"Webzine auto BYmyCAR","article_published_time":"2022-08-11T11:51:21+00:00","article_modified_time":"2022-09-13T08:53:08+00:00","og_image":[{"width":750,"height":410,"url":"https:\/\/cdn.bymycar.eu\/fr-webzine\/wp-content\/uploads\/medias\/BMW-X1.jpg","type":"image\/jpeg"}],"author":"Gregoire LE BIHAN","twitter_card":"summary_large_image","twitter_misc":{"\u00c9crit par":"Gregoire LE BIHAN"},"schema":{"@context":"https:\/\/schema.org","@graph":[{"@type":"Article","@id":"https:\/\/www.bymycar.fr\/webzine\/bmw-x1-traction-ou-propulsion\/#article","isPartOf":{"@id":"https:\/\/www.bymycar.fr\/webzine\/bmw-x1-traction-ou-propulsion\/"},"author":{"name":"Gregoire LE BIHAN","@id":"https:\/\/www.bymycar.fr\/webzine\/#\/schema\/person\/8c56906440ec126868bd40232b3445f0"},"headline":"BMW X1 : traction ou propulsion ?","datePublished":"2022-08-11T11:51:21+00:00","dateModified":"2022-09-13T08:53:08+00:00","mainEntityOfPage":{"@id":"https:\/\/www.bymycar.fr\/webzine\/bmw-x1-traction-ou-propulsion\/"},"wordCount":5,"publisher":{"@id":"https:\/\/www.bymycar.fr\/webzine\/#organization"},"image":{"@id":"https:\/\/www.bymycar.fr\/webzine\/bmw-x1-traction-ou-propulsion\/#primaryimage"},"thumbnailUrl":"https:\/\/cdn.bymycar.eu\/fr-webzine\/wp-content\/uploads\/medias\/BMW-X1.jpg","articleSection":["Guide d'achat","Guide d'achat BMW X1"],"inLanguage":"fr-FR"},{"@type":"WebPage","@id":"https:\/\/www.bymycar.fr\/webzine\/bmw-x1-traction-ou-propulsion\/","url":"https:\/\/www.bymycar.fr\/webzine\/bmw-x1-traction-ou-propulsion\/","name":"BMW X1 : traction ou propulsion ?","isPartOf":{"@id":"https:\/\/www.bymycar.fr\/webzine\/#website"},"primaryImageOfPage":{"@id":"https:\/\/www.bymycar.fr\/webzine\/bmw-x1-traction-ou-propulsion\/#primaryimage"},"image":{"@id":"https:\/\/www.bymycar.fr\/webzine\/bmw-x1-traction-ou-propulsion\/#primaryimage"},"thumbnailUrl":"https:\/\/cdn.bymycar.eu\/fr-webzine\/wp-content\/uploads\/medias\/BMW-X1.jpg","datePublished":"2022-08-11T11:51:21+00:00","dateModified":"2022-09-13T08:53:08+00:00","breadcrumb":{"@id":"https:\/\/www.bymycar.fr\/webzine\/bmw-x1-traction-ou-propulsion\/#breadcrumb"},"inLanguage":"fr-FR","potentialAction":[{"@type":"ReadAction","target":["https:\/\/www.bymycar.fr\/webzine\/bmw-x1-traction-ou-propulsion\/"]}]},{"@type":"ImageObject","inLanguage":"fr-FR","@id":"https:\/\/www.bymycar.fr\/webzine\/bmw-x1-traction-ou-propulsion\/#primaryimage","url":"https:\/\/cdn.bymycar.eu\/fr-webzine\/wp-content\/uploads\/medias\/BMW-X1.jpg","contentUrl":"https:\/\/cdn.bymycar.eu\/fr-webzine\/wp-content\/uploads\/medias\/BMW-X1.jpg","width":750,"height":410},{"@type":"BreadcrumbList","@id":"https:\/\/www.bymycar.fr\/webzine\/bmw-x1-traction-ou-propulsion\/#breadcrumb","itemListElement":[{"@type":"ListItem","position":1,"name":"Accueil","item":"https:\/\/www.bymycar.fr\/webzine\/"},{"@type":"ListItem","position":2,"name":"BMW X1 : traction ou propulsion ?"}]},{"@type":"WebSite","@id":"https:\/\/www.bymycar.fr\/webzine\/#website","url":"https:\/\/www.bymycar.fr\/webzine\/","name":"Webzine auto BYmyCAR","description":"La magazine auto de BYmyCAR","publisher":{"@id":"https:\/\/www.bymycar.fr\/webzine\/#organization"},"potentialAction":[{"@type":"SearchAction","target":{"@type":"EntryPoint","urlTemplate":"https:\/\/www.bymycar.fr\/webzine\/?s={search_term_string}"},"query-input":{"@type":"PropertyValueSpecification","valueRequired":true,"valueName":"search_term_string"}}],"inLanguage":"fr-FR"},{"@type":"Organization","@id":"https:\/\/www.bymycar.fr\/webzine\/#organization","name":"BYmyCAR","url":"https:\/\/www.bymycar.fr\/webzine\/","logo":{"@type":"ImageObject","inLanguage":"fr-FR","@id":"https:\/\/www.bymycar.fr\/webzine\/#\/schema\/logo\/image\/","url":"https:\/\/cdn.bymycar.eu\/fr-webzine\/wp-content\/uploads\/medias\/2017\/08\/logo_DEALER_00000406_001.png","contentUrl":"https:\/\/cdn.bymycar.eu\/fr-webzine\/wp-content\/uploads\/medias\/2017\/08\/logo_DEALER_00000406_001.png","width":2132,"height":720,"caption":"BYmyCAR"},"image":{"@id":"https:\/\/www.bymycar.fr\/webzine\/#\/schema\/logo\/image\/"}},{"@type":"Person","@id":"https:\/\/www.bymycar.fr\/webzine\/#\/schema\/person\/8c56906440ec126868bd40232b3445f0","name":"Gregoire LE BIHAN","image":{"@type":"ImageObject","inLanguage":"fr-FR","@id":"https:\/\/www.bymycar.fr\/webzine\/#\/schema\/person\/image\/","url":"https:\/\/secure.gravatar.com\/avatar\/1356d71f3c6eed50de358ba425c9944b742a0d35f88e0d5f8afe88fdac525492?s=96&d=mm&r=g","contentUrl":"https:\/\/secure.gravatar.com\/avatar\/1356d71f3c6eed50de358ba425c9944b742a0d35f88e0d5f8afe88fdac525492?s=96&d=mm&r=g","caption":"Gregoire LE BIHAN"}}]}},"_links":{"self":[{"href":"https:\/\/www.bymycar.fr\/webzine\/wp-json\/wp\/v2\/posts\/34724","targetHints":{"allow":["GET"]}}],"collection":[{"href":"https:\/\/www.bymycar.fr\/webzine\/wp-json\/wp\/v2\/posts"}],"about":[{"href":"https:\/\/www.bymycar.fr\/webzine\/wp-json\/wp\/v2\/types\/post"}],"author":[{"embeddable":true,"href":"https:\/\/www.bymycar.fr\/webzine\/wp-json\/wp\/v2\/users\/9"}],"replies":[{"embeddable":true,"href":"https:\/\/www.bymycar.fr\/webzine\/wp-json\/wp\/v2\/comments?post=34724"}],"version-history":[{"count":5,"href":"https:\/\/www.bymycar.fr\/webzine\/wp-json\/wp\/v2\/posts\/34724\/revisions"}],"predecessor-version":[{"id":35641,"href":"https:\/\/www.bymycar.fr\/webzine\/wp-json\/wp\/v2\/posts\/34724\/revisions\/35641"}],"wp:featuredmedia":[{"embeddable":true,"href":"https:\/\/www.bymycar.fr\/webzine\/wp-json\/wp\/v2\/media\/34726"}],"wp:attachment":[{"href":"https:\/\/www.bymycar.fr\/webzine\/wp-json\/wp\/v2\/media?parent=34724"}],"wp:term":[{"taxonomy":"category","embeddable":true,"href":"https:\/\/www.bymycar.fr\/webzine\/wp-json\/wp\/v2\/categories?post=34724"},{"taxonomy":"post_tag","embeddable":true,"href":"https:\/\/www.bymycar.fr\/webzine\/wp-json\/wp\/v2\/tags?post=34724"}],"curies":[{"name":"wp","href":"https:\/\/api.w.org\/{rel}","templated":true}]}}