{"id":34048,"date":"2022-07-22T16:44:54","date_gmt":"2022-07-22T14:44:54","guid":{"rendered":"https:\/\/prod.bymycar.fr\/webzine\/?p=34048"},"modified":"2022-07-22T16:44:55","modified_gmt":"2022-07-22T14:44:55","slug":"les-vivifiantes-retour-sur-laventure","status":"publish","type":"post","link":"https:\/\/www.bymycar.fr\/webzine\/les-vivifiantes-retour-sur-laventure\/","title":{"rendered":"Les vivifiantes, retour sur l&rsquo;aventure"},"content":{"rendered":"","protected":false},"excerpt":{"rendered":"","protected":false},"author":88,"featured_media":34049,"comment_status":"closed","ping_status":"open","sticky":false,"template":"","format":"standard","meta":{"_acf_changed":false,"footnotes":""},"categories":[2852],"tags":[],"class_list":["post-34048","post","type-post","status-publish","format-standard","has-post-thumbnail","hentry","category-actus-rh"],"acf":{"template":"classique","introduction":"<p style=\"font-style: inherit;font-weight: inherit\">Virginie, assistante de direction et Viviane, responsable de gestion sur la plaque AFP Leman ont particip\u00e9 d\u00e9but juin au challenge <strong>Natur&rsquo;elles Aventure sous le pseudo des <em>Vivifiantes<\/em> ! <\/strong>Un challenge d&rsquo;orientation de 6\u00a0jours, 100 % f\u00e9minin et 100% \u00e9lectrique dans les paysages haut-savoyards.<\/p>\n","strates":[{"type_strate":"texte-simple","ancre":"","contenu":"<p>Chaque jour les \u00e9quipages montaient \u00e0 bord de leur Peugeot BYmyCAR pour une 1\u00e8re \u00e9tape en v\u00e9hicule \u00e9lectrique, suivi d&rsquo;un trek de 10 \u00e0 20 km en montagne, pour finir sur l&rsquo;installation de leur campement. Des \u00e9preuves qui n\u00e9cessitaient une r\u00e9elle compl\u00e9mentarit\u00e9 de l&rsquo;\u00e9quipe : lecture des cartes, de la boussole, conduite du v\u00e9hicule, r\u00e9colte des indices, pr\u00e9paration des sacs&#8230; Une aventure unique marqu\u00e9e de rires et de paysages \u00e0 couper le souffle. Parfois, des difficult\u00e9s mais sans jamais abandonner !<\/p>\n","titre":"terk","image":false,"image_libre":false,"image_800x500":{"ID":34049,"id":34049,"title":"Capture","filename":"Capture.png","filesize":1,"url":"https:\/\/cdn.bymycar.eu\/fr-webzine\/wp-content\/uploads\/medias\/Capture.png","link":"https:\/\/www.bymycar.fr\/webzine\/les-vivifiantes-retour-sur-laventure\/capture-18\/","alt":"","author":"88","description":"","caption":"","name":"capture-18","status":"inherit","uploaded_to":34048,"date":"2022-07-22 14:10:35","modified":"2022-07-22 14:10:35","menu_order":0,"mime_type":"image\/png","type":"image","subtype":"png","icon":"https:\/\/www.bymycar.fr\/webzine\/wp-includes\/images\/media\/default.png","width":1010,"height":754,"sizes":{"thumbnail":"https:\/\/cdn.bymycar.eu\/fr-webzine\/wp-content\/uploads\/medias\/Capture-150x150.png","thumbnail-width":150,"thumbnail-height":150,"medium":"https:\/\/cdn.bymycar.eu\/fr-webzine\/wp-content\/uploads\/medias\/Capture-300x224.png","medium-width":300,"medium-height":224,"medium_large":"https:\/\/cdn.bymycar.eu\/fr-webzine\/wp-content\/uploads\/medias\/Capture-768x573.png","medium_large-width":768,"medium_large-height":573,"large":"https:\/\/cdn.bymycar.eu\/fr-webzine\/wp-content\/uploads\/medias\/Capture.png","large-width":1010,"large-height":754,"1536x1536":"https:\/\/cdn.bymycar.eu\/fr-webzine\/wp-content\/uploads\/medias\/Capture.png","1536x1536-width":1010,"1536x1536-height":754,"2048x2048":"https:\/\/cdn.bymycar.eu\/fr-webzine\/wp-content\/uploads\/medias\/Capture.png","2048x2048-width":1010,"2048x2048-height":754}},"legende":"","zoom":false,"texte":"<p style=\"font-style: inherit;font-weight: inherit\">Chaque jour les \u00e9quipages montaient \u00e0 bord de leur Peugeot BYmyCAR pour une 1\u00e8re \u00e9tape en v\u00e9hicule \u00e9lectrique, suivi d&rsquo;un trek de 10 \u00e0 20 km en montagne, pour finir sur l&rsquo;installation de leur campement. Des \u00e9preuves qui n\u00e9cessitaient une r\u00e9elle compl\u00e9mentarit\u00e9 de l&rsquo;\u00e9quipe : lecture des cartes, de la boussole, conduite du v\u00e9hicule, r\u00e9colte des indices, pr\u00e9paration des sacs&#8230; Une aventure unique marqu\u00e9e de rires et de paysages \u00e0 couper le souffle. Parfois, des difficult\u00e9s mais sans jamais abandonner !<\/p>\n<p style=\"font-style: inherit;font-weight: inherit\">\n","articles":false,"categorie_droite":false,"images":[{"image":false,"image_1600x700":false,"image_920x500":false,"legende":""}],"elements_comparatif":false,"texte_1":"","texte_2":"","image_1":false,"image_1_563x400":false,"image_1_332x332":false,"image_2":false,"image_2_333x240":false,"image_2_563x400":false,"image_3":false,"image_3_333x240":false,"image_3_332x450":false,"image_4":false,"image_4_332x332":false,"image_4_563x400":false,"code_embed":"","legende_video":"","photo":false,"photo_100x100":false,"nom":"","fonction":"","elements_timeline":false,"entetes_colonnes":false,"entetes_lignes":false,"lignes":false,"introduction":"","formulaire":false,"question":"","reponse":"","libelle_bouton_lien":"","url_lien":"","questions":false,"conclusions":false,"pays":false,"region":false,"marque":false,"marqueConcessions":false,"modele":false,"ptvente":false,"typeV":false,"collection":false,"nombre_maximum_elements":10,"lien_fin_carousel":"","texte_lien_fin_carousel":"","trier_par":false},{"type_strate":"50-50-image-texte-full","ancre":"","contenu":"<p>Chaque jour les \u00e9quipages montaient \u00e0 bord de leur Peugeot BYmyCAR pour une 1\u00e8re \u00e9tape en v\u00e9hicule \u00e9lectrique, suivi d&rsquo;un trek de 10 \u00e0 20 km en montagne, pour finir sur l&rsquo;installation de leur campement. Des \u00e9preuves qui n\u00e9cessitaient une r\u00e9elle compl\u00e9mentarit\u00e9 de l&rsquo;\u00e9quipe : lecture des cartes, de la boussole, conduite du v\u00e9hicule, r\u00e9colte des indices, pr\u00e9paration des sacs&#8230; Une aventure unique marqu\u00e9e de rires et de paysages \u00e0 couper le souffle. Parfois, des difficult\u00e9s mais sans jamais abandonner !<\/p>\n","titre":"","image":false,"image_libre":false,"image_800x500":{"ID":34049,"id":34049,"title":"Capture","filename":"Capture.png","filesize":1,"url":"https:\/\/cdn.bymycar.eu\/fr-webzine\/wp-content\/uploads\/medias\/Capture.png","link":"https:\/\/www.bymycar.fr\/webzine\/les-vivifiantes-retour-sur-laventure\/capture-18\/","alt":"","author":"88","description":"","caption":"","name":"capture-18","status":"inherit","uploaded_to":34048,"date":"2022-07-22 14:10:35","modified":"2022-07-22 14:10:35","menu_order":0,"mime_type":"image\/png","type":"image","subtype":"png","icon":"https:\/\/www.bymycar.fr\/webzine\/wp-includes\/images\/media\/default.png","width":1010,"height":754,"sizes":{"thumbnail":"https:\/\/cdn.bymycar.eu\/fr-webzine\/wp-content\/uploads\/medias\/Capture-150x150.png","thumbnail-width":150,"thumbnail-height":150,"medium":"https:\/\/cdn.bymycar.eu\/fr-webzine\/wp-content\/uploads\/medias\/Capture-300x224.png","medium-width":300,"medium-height":224,"medium_large":"https:\/\/cdn.bymycar.eu\/fr-webzine\/wp-content\/uploads\/medias\/Capture-768x573.png","medium_large-width":768,"medium_large-height":573,"large":"https:\/\/cdn.bymycar.eu\/fr-webzine\/wp-content\/uploads\/medias\/Capture.png","large-width":1010,"large-height":754,"1536x1536":"https:\/\/cdn.bymycar.eu\/fr-webzine\/wp-content\/uploads\/medias\/Capture.png","1536x1536-width":1010,"1536x1536-height":754,"2048x2048":"https:\/\/cdn.bymycar.eu\/fr-webzine\/wp-content\/uploads\/medias\/Capture.png","2048x2048-width":1010,"2048x2048-height":754}},"legende":"","zoom":false,"texte":"<p style=\"font-style: inherit;font-weight: inherit\">Chaque jour les \u00e9quipages montaient \u00e0 bord de leur Peugeot BYmyCAR pour une 1\u00e8re \u00e9tape en v\u00e9hicule \u00e9lectrique, suivi d&rsquo;un trek de 10 \u00e0 20 km en montagne, pour finir sur l&rsquo;installation de leur campement. Des \u00e9preuves qui n\u00e9cessitaient une r\u00e9elle compl\u00e9mentarit\u00e9 de l&rsquo;\u00e9quipe : lecture des cartes, de la boussole, conduite du v\u00e9hicule, r\u00e9colte des indices, pr\u00e9paration des sacs&#8230; Une aventure unique marqu\u00e9e de rires et de paysages \u00e0 couper le souffle. Parfois, des difficult\u00e9s mais sans jamais abandonner !<\/p>\n<p style=\"font-style: inherit;font-weight: inherit\">\n","articles":false,"categorie_droite":false,"images":false,"elements_comparatif":false,"texte_1":"","texte_2":"","image_1":false,"image_1_563x400":false,"image_1_332x332":false,"image_2":false,"image_2_333x240":false,"image_2_563x400":false,"image_3":false,"image_3_333x240":false,"image_3_332x450":false,"image_4":false,"image_4_332x332":false,"image_4_563x400":false,"code_embed":"","legende_video":"","photo":false,"photo_100x100":false,"nom":"","fonction":"","elements_timeline":false,"entetes_colonnes":false,"entetes_lignes":false,"lignes":false,"introduction":"","formulaire":false,"question":"","reponse":"","libelle_bouton_lien":"","url_lien":"","questions":false,"conclusions":false,"pays":false,"region":false,"marque":false,"marqueConcessions":false,"modele":false,"ptvente":false,"typeV":false,"collection":false,"nombre_maximum_elements":10,"lien_fin_carousel":"","texte_lien_fin_carousel":"","trier_par":false},{"type_strate":"citation","ancre":"","contenu":"","titre":"","image":false,"image_libre":false,"image_800x500":{"ID":34049,"id":34049,"title":"Capture","filename":"Capture.png","filesize":1,"url":"https:\/\/cdn.bymycar.eu\/fr-webzine\/wp-content\/uploads\/medias\/Capture.png","link":"https:\/\/www.bymycar.fr\/webzine\/les-vivifiantes-retour-sur-laventure\/capture-18\/","alt":"","author":"88","description":"","caption":"","name":"capture-18","status":"inherit","uploaded_to":34048,"date":"2022-07-22 14:10:35","modified":"2022-07-22 14:10:35","menu_order":0,"mime_type":"image\/png","type":"image","subtype":"png","icon":"https:\/\/www.bymycar.fr\/webzine\/wp-includes\/images\/media\/default.png","width":1010,"height":754,"sizes":{"thumbnail":"https:\/\/cdn.bymycar.eu\/fr-webzine\/wp-content\/uploads\/medias\/Capture-150x150.png","thumbnail-width":150,"thumbnail-height":150,"medium":"https:\/\/cdn.bymycar.eu\/fr-webzine\/wp-content\/uploads\/medias\/Capture-300x224.png","medium-width":300,"medium-height":224,"medium_large":"https:\/\/cdn.bymycar.eu\/fr-webzine\/wp-content\/uploads\/medias\/Capture-768x573.png","medium_large-width":768,"medium_large-height":573,"large":"https:\/\/cdn.bymycar.eu\/fr-webzine\/wp-content\/uploads\/medias\/Capture.png","large-width":1010,"large-height":754,"1536x1536":"https:\/\/cdn.bymycar.eu\/fr-webzine\/wp-content\/uploads\/medias\/Capture.png","1536x1536-width":1010,"1536x1536-height":754,"2048x2048":"https:\/\/cdn.bymycar.eu\/fr-webzine\/wp-content\/uploads\/medias\/Capture.png","2048x2048-width":1010,"2048x2048-height":754}},"legende":"","zoom":false,"texte":"<p><span style=\"color: #000000\"><em style=\"color: #000000\"><span style=\"font-style: inherit;color: #000000\">\u00ab\u00a0<\/span><span style=\"font-style: inherit;color: #000000\">Nous avons v\u00e9cu, ensemble, une aventure humaine et sportive intense, sans aucun contact avec l&rsquo;ext\u00e9rieur. Nous nous sommes <\/span>r\u00e9ellement<span style=\"font-style: inherit;color: #000000\">\u00a0soutenues sur toute la dur\u00e9e du challenge pour le relever \u00e0 deux.<\/span><span style=\"font-style: inherit;font-weight: inherit;color: #000000\">\u00a0\u00bb &#8211; Viviane\u00a0<\/span><\/em><\/span><\/p>\n","articles":false,"categorie_droite":false,"images":false,"elements_comparatif":false,"texte_1":"","texte_2":"","image_1":false,"image_1_563x400":false,"image_1_332x332":false,"image_2":false,"image_2_333x240":false,"image_2_563x400":false,"image_3":false,"image_3_333x240":false,"image_3_332x450":false,"image_4":false,"image_4_332x332":false,"image_4_563x400":false,"code_embed":"","legende_video":"","photo":false,"photo_100x100":false,"nom":"","fonction":"","elements_timeline":false,"entetes_colonnes":false,"entetes_lignes":false,"lignes":false,"introduction":"","formulaire":false,"question":"","reponse":"","libelle_bouton_lien":"","url_lien":"","questions":false,"conclusions":false,"pays":false,"region":false,"marque":false,"marqueConcessions":false,"modele":false,"ptvente":false,"typeV":false,"collection":false,"nombre_maximum_elements":10,"lien_fin_carousel":"","texte_lien_fin_carousel":"","trier_par":false},{"type_strate":"50-50-image-texte-full","ancre":"","contenu":"<p><span style=\"color: #000000\"><em style=\"color: #000000\">\u00ab\u00a0Nous <\/em><em>remercions en particulier <\/em><\/span><span style=\"color: #000000\"><em>Ronny ROBIN et Christophe AUBRY qui nous ont encourag\u00e9es dans cette aventure ! \u00a0\u00bb &#8211; Les Vivifiantes<\/em><\/span><\/p>\n","titre":"","image":false,"image_libre":false,"image_800x500":{"ID":34056,"id":34056,"title":"20220623_115641","filename":"20220623_115641.jpg","filesize":1,"url":"https:\/\/cdn.bymycar.eu\/fr-webzine\/wp-content\/uploads\/medias\/20220623_115641.jpg","link":"https:\/\/www.bymycar.fr\/webzine\/les-vivifiantes-retour-sur-laventure\/20220623_115641\/","alt":"","author":"88","description":"","caption":"","name":"20220623_115641","status":"inherit","uploaded_to":34048,"date":"2022-07-22 14:26:35","modified":"2022-07-22 14:26:35","menu_order":0,"mime_type":"image\/jpeg","type":"image","subtype":"jpeg","icon":"https:\/\/www.bymycar.fr\/webzine\/wp-includes\/images\/media\/default.png","width":2560,"height":1920,"sizes":{"thumbnail":"https:\/\/cdn.bymycar.eu\/fr-webzine\/wp-content\/uploads\/medias\/20220623_115641-150x150.jpg","thumbnail-width":150,"thumbnail-height":150,"medium":"https:\/\/cdn.bymycar.eu\/fr-webzine\/wp-content\/uploads\/medias\/20220623_115641-300x225.jpg","medium-width":300,"medium-height":225,"medium_large":"https:\/\/cdn.bymycar.eu\/fr-webzine\/wp-content\/uploads\/medias\/20220623_115641-768x576.jpg","medium_large-width":768,"medium_large-height":576,"large":"https:\/\/cdn.bymycar.eu\/fr-webzine\/wp-content\/uploads\/medias\/20220623_115641-1024x768.jpg","large-width":1024,"large-height":768,"1536x1536":"https:\/\/cdn.bymycar.eu\/fr-webzine\/wp-content\/uploads\/medias\/20220623_115641-1536x1152.jpg","1536x1536-width":1536,"1536x1536-height":1152,"2048x2048":"https:\/\/cdn.bymycar.eu\/fr-webzine\/wp-content\/uploads\/medias\/20220623_115641-2048x1536.jpg","2048x2048-width":2048,"2048x2048-height":1536}},"legende":"","zoom":false,"texte":"<p>&nbsp;<\/p>\n<p>&nbsp;<\/p>\n<p>&nbsp;<\/p>\n<p><span style=\"color: #000000\">\u00ab\u00a0<em style=\"color: #000000\">Nous sommes\u00a0fi\u00e8res d&rsquo;\u00eatre sorties de notre zone de confort et tr\u00e8s reconnaissantes \u00e0 BYmyCAR de nous avoir permis d&rsquo;y participer.\u00a0\u00ab\u00a0<\/em><em style=\"color: #000000\"> &#8211; <\/em><em style=\"color: #000000\">Virginie\u00a0<\/em><\/span><\/p>\n","articles":false,"categorie_droite":false,"images":false,"elements_comparatif":false,"texte_1":"","texte_2":"","image_1":false,"image_1_563x400":false,"image_1_332x332":false,"image_2":false,"image_2_333x240":false,"image_2_563x400":false,"image_3":false,"image_3_333x240":false,"image_3_332x450":false,"image_4":false,"image_4_332x332":false,"image_4_563x400":false,"code_embed":"","legende_video":"","photo":false,"photo_100x100":false,"nom":"","fonction":"","elements_timeline":false,"entetes_colonnes":false,"entetes_lignes":false,"lignes":false,"introduction":"","formulaire":false,"question":"","reponse":"","libelle_bouton_lien":"","url_lien":"","questions":false,"conclusions":false,"pays":false,"region":false,"marque":false,"marqueConcessions":false,"modele":false,"ptvente":false,"typeV":false,"collection":false,"nombre_maximum_elements":10,"lien_fin_carousel":"","texte_lien_fin_carousel":"","trier_par":false},{"type_strate":"texte-simple","ancre":"","contenu":"<p><span style=\"color: #000000\"><em style=\"color: #000000\">\u00ab\u00a0Nous <\/em><em>remercions en particulier <\/em><\/span><span style=\"color: #000000\"><em>Ronny ROBIN et Christophe AUBRY qui nous ont encourag\u00e9es dans cette aventure ! \u00a0\u00bb &#8211; Les Vivifiantes<\/em><\/span><\/p>\n","titre":"aventure","image":false,"image_libre":false,"image_800x500":{"ID":34056,"id":34056,"title":"20220623_115641","filename":"20220623_115641.jpg","filesize":1,"url":"https:\/\/cdn.bymycar.eu\/fr-webzine\/wp-content\/uploads\/medias\/20220623_115641.jpg","link":"https:\/\/www.bymycar.fr\/webzine\/les-vivifiantes-retour-sur-laventure\/20220623_115641\/","alt":"","author":"88","description":"","caption":"","name":"20220623_115641","status":"inherit","uploaded_to":34048,"date":"2022-07-22 14:26:35","modified":"2022-07-22 14:26:35","menu_order":0,"mime_type":"image\/jpeg","type":"image","subtype":"jpeg","icon":"https:\/\/www.bymycar.fr\/webzine\/wp-includes\/images\/media\/default.png","width":2560,"height":1920,"sizes":{"thumbnail":"https:\/\/cdn.bymycar.eu\/fr-webzine\/wp-content\/uploads\/medias\/20220623_115641-150x150.jpg","thumbnail-width":150,"thumbnail-height":150,"medium":"https:\/\/cdn.bymycar.eu\/fr-webzine\/wp-content\/uploads\/medias\/20220623_115641-300x225.jpg","medium-width":300,"medium-height":225,"medium_large":"https:\/\/cdn.bymycar.eu\/fr-webzine\/wp-content\/uploads\/medias\/20220623_115641-768x576.jpg","medium_large-width":768,"medium_large-height":576,"large":"https:\/\/cdn.bymycar.eu\/fr-webzine\/wp-content\/uploads\/medias\/20220623_115641-1024x768.jpg","large-width":1024,"large-height":768,"1536x1536":"https:\/\/cdn.bymycar.eu\/fr-webzine\/wp-content\/uploads\/medias\/20220623_115641-1536x1152.jpg","1536x1536-width":1536,"1536x1536-height":1152,"2048x2048":"https:\/\/cdn.bymycar.eu\/fr-webzine\/wp-content\/uploads\/medias\/20220623_115641-2048x1536.jpg","2048x2048-width":2048,"2048x2048-height":1536}},"legende":"","zoom":false,"texte":"<p>&nbsp;<\/p>\n<p>&nbsp;<\/p>\n<p>&nbsp;<\/p>\n<p><span style=\"color: #000000\">\u00ab\u00a0<em style=\"color: #000000\">Nous sommes\u00a0fi\u00e8res d&rsquo;\u00eatre sorties de notre zone de confort et tr\u00e8s reconnaissantes \u00e0 BYmyCAR de nous avoir permis d&rsquo;y participer.\u00a0\u00ab\u00a0<\/em><em style=\"color: #000000\"> &#8211; <\/em><em style=\"color: #000000\">Virginie\u00a0<\/em><\/span><\/p>\n","articles":false,"categorie_droite":false,"images":false,"elements_comparatif":false,"texte_1":"","texte_2":"","image_1":false,"image_1_563x400":false,"image_1_332x332":false,"image_2":false,"image_2_333x240":false,"image_2_563x400":false,"image_3":false,"image_3_333x240":false,"image_3_332x450":false,"image_4":false,"image_4_332x332":false,"image_4_563x400":false,"code_embed":"","legende_video":"","photo":false,"photo_100x100":false,"nom":"","fonction":"","elements_timeline":false,"entetes_colonnes":false,"entetes_lignes":false,"lignes":false,"introduction":"","formulaire":false,"question":"","reponse":"","libelle_bouton_lien":"","url_lien":"","questions":false,"conclusions":false,"pays":false,"region":false,"marque":false,"marqueConcessions":false,"modele":false,"ptvente":false,"typeV":false,"collection":false,"nombre_maximum_elements":10,"lien_fin_carousel":"","texte_lien_fin_carousel":"","trier_par":false}],"is_old_post":false,"image":{"ID":34049,"id":34049,"title":"Capture","filename":"Capture.png","filesize":1,"url":"https:\/\/cdn.bymycar.eu\/fr-webzine\/wp-content\/uploads\/medias\/Capture.png","link":"https:\/\/www.bymycar.fr\/webzine\/les-vivifiantes-retour-sur-laventure\/capture-18\/","alt":"","author":"88","description":"","caption":"","name":"capture-18","status":"inherit","uploaded_to":34048,"date":"2022-07-22 14:10:35","modified":"2022-07-22 14:10:35","menu_order":0,"mime_type":"image\/png","type":"image","subtype":"png","icon":"https:\/\/www.bymycar.fr\/webzine\/wp-includes\/images\/media\/default.png","width":1010,"height":754,"sizes":{"thumbnail":"https:\/\/cdn.bymycar.eu\/fr-webzine\/wp-content\/uploads\/medias\/Capture-150x150.png","thumbnail-width":150,"thumbnail-height":150,"medium":"https:\/\/cdn.bymycar.eu\/fr-webzine\/wp-content\/uploads\/medias\/Capture-300x224.png","medium-width":300,"medium-height":224,"medium_large":"https:\/\/cdn.bymycar.eu\/fr-webzine\/wp-content\/uploads\/medias\/Capture-768x573.png","medium_large-width":768,"medium_large-height":573,"large":"https:\/\/cdn.bymycar.eu\/fr-webzine\/wp-content\/uploads\/medias\/Capture.png","large-width":1010,"large-height":754,"1536x1536":"https:\/\/cdn.bymycar.eu\/fr-webzine\/wp-content\/uploads\/medias\/Capture.png","1536x1536-width":1010,"1536x1536-height":754,"2048x2048":"https:\/\/cdn.bymycar.eu\/fr-webzine\/wp-content\/uploads\/medias\/Capture.png","2048x2048-width":1010,"2048x2048-height":754}},"page_content":{"block_content":[{"acf_fc_layout":"text-simple","--nav":{"-withNav":false,"-ancre":""},"--group":{"-text":"<p>Chaque jour les \u00e9quipages montaient \u00e0 bord de leur Peugeot BYmyCAR pour une 1\u00e8re \u00e9tape en v\u00e9hicule \u00e9lectrique, suivi d&rsquo;un trek de 10 \u00e0 20 km en montagne, pour finir sur l&rsquo;installation de leur campement. Des \u00e9preuves qui n\u00e9cessitaient une r\u00e9elle compl\u00e9mentarit\u00e9 de l&rsquo;\u00e9quipe : lecture des cartes, de la boussole, conduite du v\u00e9hicule, r\u00e9colte des indices, pr\u00e9paration des sacs&#8230; Une aventure unique marqu\u00e9e de rires et de paysages \u00e0 couper le souffle. Parfois, des difficult\u00e9s mais sans jamais abandonner !<\/p>\n"}},{"acf_fc_layout":"text-image","--nav":{"-withNav":false,"-ancre":""},"--group":{"-image":{"ID":34049,"id":34049,"title":"Capture","filename":"Capture.png","filesize":1,"url":"https:\/\/cdn.bymycar.eu\/fr-webzine\/wp-content\/uploads\/medias\/Capture.png","link":"https:\/\/www.bymycar.fr\/webzine\/les-vivifiantes-retour-sur-laventure\/capture-18\/","alt":"","author":"88","description":"","caption":"","name":"capture-18","status":"inherit","uploaded_to":34048,"date":"2022-07-22 14:10:35","modified":"2022-07-22 14:10:35","menu_order":0,"mime_type":"image\/png","type":"image","subtype":"png","icon":"https:\/\/www.bymycar.fr\/webzine\/wp-includes\/images\/media\/default.png","width":1010,"height":754,"sizes":{"thumbnail":"https:\/\/cdn.bymycar.eu\/fr-webzine\/wp-content\/uploads\/medias\/Capture-150x150.png","thumbnail-width":150,"thumbnail-height":150,"medium":"https:\/\/cdn.bymycar.eu\/fr-webzine\/wp-content\/uploads\/medias\/Capture-300x224.png","medium-width":300,"medium-height":224,"medium_large":"https:\/\/cdn.bymycar.eu\/fr-webzine\/wp-content\/uploads\/medias\/Capture-768x573.png","medium_large-width":768,"medium_large-height":573,"large":"https:\/\/cdn.bymycar.eu\/fr-webzine\/wp-content\/uploads\/medias\/Capture.png","large-width":1010,"large-height":754,"1536x1536":"https:\/\/cdn.bymycar.eu\/fr-webzine\/wp-content\/uploads\/medias\/Capture.png","1536x1536-width":1010,"1536x1536-height":754,"2048x2048":"https:\/\/cdn.bymycar.eu\/fr-webzine\/wp-content\/uploads\/medias\/Capture.png","2048x2048-width":1010,"2048x2048-height":754}},"-title":"","-text":"<p style=\"font-style: inherit;font-weight: inherit\">Chaque jour les \u00e9quipages montaient \u00e0 bord de leur Peugeot BYmyCAR pour une 1\u00e8re \u00e9tape en v\u00e9hicule \u00e9lectrique, suivi d&rsquo;un trek de 10 \u00e0 20 km en montagne, pour finir sur l&rsquo;installation de leur campement. Des \u00e9preuves qui n\u00e9cessitaient une r\u00e9elle compl\u00e9mentarit\u00e9 de l&rsquo;\u00e9quipe : lecture des cartes, de la boussole, conduite du v\u00e9hicule, r\u00e9colte des indices, pr\u00e9paration des sacs&#8230; Une aventure unique marqu\u00e9e de rires et de paysages \u00e0 couper le souffle. Parfois, des difficult\u00e9s mais sans jamais abandonner !<\/p>\n<p style=\"font-style: inherit;font-weight: inherit\">\n"}},{"acf_fc_layout":"citation","--nav":{"-withNav":false,"-ancre":""},"--group":{"-citation":"\u00ab\u00a0Nous avons v\u00e9cu, ensemble, une aventure humaine et sportive intense, sans aucun contact avec l&rsquo;ext\u00e9rieur. Nous nous sommes r\u00e9ellement\u00a0soutenues sur toute la dur\u00e9e du challenge pour le relever \u00e0 deux.\u00a0\u00bb &#8211; Viviane\u00a0<br \/>\n","-image":false,"-nom":"","-function":""}},{"acf_fc_layout":"text-image","--nav":{"-withNav":false,"-ancre":""},"--group":{"-image":{"ID":34056,"id":34056,"title":"20220623_115641","filename":"20220623_115641.jpg","filesize":1,"url":"https:\/\/cdn.bymycar.eu\/fr-webzine\/wp-content\/uploads\/medias\/20220623_115641.jpg","link":"https:\/\/www.bymycar.fr\/webzine\/les-vivifiantes-retour-sur-laventure\/20220623_115641\/","alt":"","author":"88","description":"","caption":"","name":"20220623_115641","status":"inherit","uploaded_to":34048,"date":"2022-07-22 14:26:35","modified":"2022-07-22 14:26:35","menu_order":0,"mime_type":"image\/jpeg","type":"image","subtype":"jpeg","icon":"https:\/\/www.bymycar.fr\/webzine\/wp-includes\/images\/media\/default.png","width":2560,"height":1920,"sizes":{"thumbnail":"https:\/\/cdn.bymycar.eu\/fr-webzine\/wp-content\/uploads\/medias\/20220623_115641-150x150.jpg","thumbnail-width":150,"thumbnail-height":150,"medium":"https:\/\/cdn.bymycar.eu\/fr-webzine\/wp-content\/uploads\/medias\/20220623_115641-300x225.jpg","medium-width":300,"medium-height":225,"medium_large":"https:\/\/cdn.bymycar.eu\/fr-webzine\/wp-content\/uploads\/medias\/20220623_115641-768x576.jpg","medium_large-width":768,"medium_large-height":576,"large":"https:\/\/cdn.bymycar.eu\/fr-webzine\/wp-content\/uploads\/medias\/20220623_115641-1024x768.jpg","large-width":1024,"large-height":768,"1536x1536":"https:\/\/cdn.bymycar.eu\/fr-webzine\/wp-content\/uploads\/medias\/20220623_115641-1536x1152.jpg","1536x1536-width":1536,"1536x1536-height":1152,"2048x2048":"https:\/\/cdn.bymycar.eu\/fr-webzine\/wp-content\/uploads\/medias\/20220623_115641-2048x1536.jpg","2048x2048-width":2048,"2048x2048-height":1536}},"-title":"","-text":"<p>&nbsp;<\/p>\n<p>&nbsp;<\/p>\n<p>&nbsp;<\/p>\n<p><span style=\"color: #000000\">\u00ab\u00a0<em style=\"color: #000000\">Nous sommes\u00a0fi\u00e8res d&rsquo;\u00eatre sorties de notre zone de confort et tr\u00e8s reconnaissantes \u00e0 BYmyCAR de nous avoir permis d&rsquo;y participer.\u00a0\u00ab\u00a0<\/em><em style=\"color: #000000\"> &#8211; <\/em><em style=\"color: #000000\">Virginie\u00a0<\/em><\/span><\/p>\n"}},{"acf_fc_layout":"text-simple","--nav":{"-withNav":false,"-ancre":""},"--group":{"-text":"<p><span style=\"color: #000000\"><em style=\"color: #000000\">\u00ab\u00a0Nous <\/em><em>remercions en particulier <\/em><\/span><span style=\"color: #000000\"><em>Ronny ROBIN et Christophe AUBRY qui nous ont encourag\u00e9es dans cette aventure ! \u00a0\u00bb &#8211; Les Vivifiantes<\/em><\/span><\/p>\n"}}]},"add-carousel-to-footer":true},"yoast_head":"<!-- This site is optimized with the Yoast SEO Premium plugin v26.4 (Yoast SEO v26.4) - https:\/\/yoast.com\/wordpress\/plugins\/seo\/ -->\n<title>Les vivifiantes, retour sur l&#039;aventure<\/title>\n<meta name=\"robots\" content=\"index, follow, max-snippet:-1, max-image-preview:large, max-video-preview:-1\" \/>\n<link rel=\"canonical\" href=\"https:\/\/www.bymycar.fr\/webzine\/les-vivifiantes-retour-sur-laventure\/\" \/>\n<meta property=\"og:locale\" content=\"fr_FR\" \/>\n<meta property=\"og:type\" content=\"article\" \/>\n<meta property=\"og:title\" content=\"Les vivifiantes, retour sur l&#039;aventure\" \/>\n<meta property=\"og:url\" content=\"https:\/\/www.bymycar.fr\/webzine\/les-vivifiantes-retour-sur-laventure\/\" \/>\n<meta property=\"og:site_name\" content=\"Webzine auto BYmyCAR\" \/>\n<meta property=\"article:published_time\" content=\"2022-07-22T14:44:54+00:00\" \/>\n<meta property=\"article:modified_time\" content=\"2022-07-22T14:44:55+00:00\" \/>\n<meta property=\"og:image\" content=\"https:\/\/cdn.bymycar.eu\/fr-webzine\/wp-content\/uploads\/medias\/Capture.png\" \/>\n\t<meta property=\"og:image:width\" content=\"1010\" \/>\n\t<meta property=\"og:image:height\" content=\"754\" \/>\n\t<meta property=\"og:image:type\" content=\"image\/png\" \/>\n<meta name=\"author\" content=\"La R\u00e9daction BYmyCAR\" \/>\n<meta name=\"twitter:card\" content=\"summary_large_image\" \/>\n<meta name=\"twitter:label1\" content=\"\u00c9crit par\" \/>\n\t<meta name=\"twitter:data1\" content=\"La R\u00e9daction BYmyCAR\" \/>\n<script type=\"application\/ld+json\" class=\"yoast-schema-graph\">{\"@context\":\"https:\/\/schema.org\",\"@graph\":[{\"@type\":\"Article\",\"@id\":\"https:\/\/www.bymycar.fr\/webzine\/les-vivifiantes-retour-sur-laventure\/#article\",\"isPartOf\":{\"@id\":\"https:\/\/www.bymycar.fr\/webzine\/les-vivifiantes-retour-sur-laventure\/\"},\"author\":{\"name\":\"La R\u00e9daction BYmyCAR\",\"@id\":\"https:\/\/www.bymycar.fr\/webzine\/#\/schema\/person\/8d570fe11eb8929f06c1e6d00f4d9689\"},\"headline\":\"Les vivifiantes, retour sur l&rsquo;aventure\",\"datePublished\":\"2022-07-22T14:44:54+00:00\",\"dateModified\":\"2022-07-22T14:44:55+00:00\",\"mainEntityOfPage\":{\"@id\":\"https:\/\/www.bymycar.fr\/webzine\/les-vivifiantes-retour-sur-laventure\/\"},\"wordCount\":6,\"publisher\":{\"@id\":\"https:\/\/www.bymycar.fr\/webzine\/#organization\"},\"image\":{\"@id\":\"https:\/\/www.bymycar.fr\/webzine\/les-vivifiantes-retour-sur-laventure\/#primaryimage\"},\"thumbnailUrl\":\"https:\/\/cdn.bymycar.eu\/fr-webzine\/wp-content\/uploads\/medias\/Capture.png\",\"articleSection\":[\"Actus RH BYmyCAR\"],\"inLanguage\":\"fr-FR\"},{\"@type\":\"WebPage\",\"@id\":\"https:\/\/www.bymycar.fr\/webzine\/les-vivifiantes-retour-sur-laventure\/\",\"url\":\"https:\/\/www.bymycar.fr\/webzine\/les-vivifiantes-retour-sur-laventure\/\",\"name\":\"Les vivifiantes, retour sur l'aventure\",\"isPartOf\":{\"@id\":\"https:\/\/www.bymycar.fr\/webzine\/#website\"},\"primaryImageOfPage\":{\"@id\":\"https:\/\/www.bymycar.fr\/webzine\/les-vivifiantes-retour-sur-laventure\/#primaryimage\"},\"image\":{\"@id\":\"https:\/\/www.bymycar.fr\/webzine\/les-vivifiantes-retour-sur-laventure\/#primaryimage\"},\"thumbnailUrl\":\"https:\/\/cdn.bymycar.eu\/fr-webzine\/wp-content\/uploads\/medias\/Capture.png\",\"datePublished\":\"2022-07-22T14:44:54+00:00\",\"dateModified\":\"2022-07-22T14:44:55+00:00\",\"breadcrumb\":{\"@id\":\"https:\/\/www.bymycar.fr\/webzine\/les-vivifiantes-retour-sur-laventure\/#breadcrumb\"},\"inLanguage\":\"fr-FR\",\"potentialAction\":[{\"@type\":\"ReadAction\",\"target\":[\"https:\/\/www.bymycar.fr\/webzine\/les-vivifiantes-retour-sur-laventure\/\"]}]},{\"@type\":\"ImageObject\",\"inLanguage\":\"fr-FR\",\"@id\":\"https:\/\/www.bymycar.fr\/webzine\/les-vivifiantes-retour-sur-laventure\/#primaryimage\",\"url\":\"https:\/\/cdn.bymycar.eu\/fr-webzine\/wp-content\/uploads\/medias\/Capture.png\",\"contentUrl\":\"https:\/\/cdn.bymycar.eu\/fr-webzine\/wp-content\/uploads\/medias\/Capture.png\",\"width\":1010,\"height\":754},{\"@type\":\"BreadcrumbList\",\"@id\":\"https:\/\/www.bymycar.fr\/webzine\/les-vivifiantes-retour-sur-laventure\/#breadcrumb\",\"itemListElement\":[{\"@type\":\"ListItem\",\"position\":1,\"name\":\"Accueil\",\"item\":\"https:\/\/www.bymycar.fr\/webzine\/\"},{\"@type\":\"ListItem\",\"position\":2,\"name\":\"Les vivifiantes, retour sur l&rsquo;aventure\"}]},{\"@type\":\"WebSite\",\"@id\":\"https:\/\/www.bymycar.fr\/webzine\/#website\",\"url\":\"https:\/\/www.bymycar.fr\/webzine\/\",\"name\":\"Webzine auto BYmyCAR\",\"description\":\"La magazine auto de BYmyCAR\",\"publisher\":{\"@id\":\"https:\/\/www.bymycar.fr\/webzine\/#organization\"},\"potentialAction\":[{\"@type\":\"SearchAction\",\"target\":{\"@type\":\"EntryPoint\",\"urlTemplate\":\"https:\/\/www.bymycar.fr\/webzine\/?s={search_term_string}\"},\"query-input\":{\"@type\":\"PropertyValueSpecification\",\"valueRequired\":true,\"valueName\":\"search_term_string\"}}],\"inLanguage\":\"fr-FR\"},{\"@type\":\"Organization\",\"@id\":\"https:\/\/www.bymycar.fr\/webzine\/#organization\",\"name\":\"BYmyCAR\",\"url\":\"https:\/\/www.bymycar.fr\/webzine\/\",\"logo\":{\"@type\":\"ImageObject\",\"inLanguage\":\"fr-FR\",\"@id\":\"https:\/\/www.bymycar.fr\/webzine\/#\/schema\/logo\/image\/\",\"url\":\"https:\/\/cdn.bymycar.eu\/fr-webzine\/wp-content\/uploads\/medias\/2017\/08\/logo_DEALER_00000406_001.png\",\"contentUrl\":\"https:\/\/cdn.bymycar.eu\/fr-webzine\/wp-content\/uploads\/medias\/2017\/08\/logo_DEALER_00000406_001.png\",\"width\":2132,\"height\":720,\"caption\":\"BYmyCAR\"},\"image\":{\"@id\":\"https:\/\/www.bymycar.fr\/webzine\/#\/schema\/logo\/image\/\"}},{\"@type\":\"Person\",\"@id\":\"https:\/\/www.bymycar.fr\/webzine\/#\/schema\/person\/8d570fe11eb8929f06c1e6d00f4d9689\",\"name\":\"La R\u00e9daction BYmyCAR\",\"image\":{\"@type\":\"ImageObject\",\"inLanguage\":\"fr-FR\",\"@id\":\"https:\/\/www.bymycar.fr\/webzine\/#\/schema\/person\/image\/\",\"url\":\"https:\/\/secure.gravatar.com\/avatar\/1aa6b039d0ce106989923af4e2d0f2a0c82bb070d5e449f1b9adf082a5863900?s=96&d=mm&r=g\",\"contentUrl\":\"https:\/\/secure.gravatar.com\/avatar\/1aa6b039d0ce106989923af4e2d0f2a0c82bb070d5e449f1b9adf082a5863900?s=96&d=mm&r=g\",\"caption\":\"La R\u00e9daction BYmyCAR\"},\"sameAs\":[\"https:\/\/www.bymycar.fr\/\"]}]}<\/script>\n<!-- \/ Yoast SEO Premium plugin. -->","yoast_head_json":{"title":"Les vivifiantes, retour sur l'aventure","robots":{"index":"index","follow":"follow","max-snippet":"max-snippet:-1","max-image-preview":"max-image-preview:large","max-video-preview":"max-video-preview:-1"},"canonical":"https:\/\/www.bymycar.fr\/webzine\/les-vivifiantes-retour-sur-laventure\/","og_locale":"fr_FR","og_type":"article","og_title":"Les vivifiantes, retour sur l'aventure","og_url":"https:\/\/www.bymycar.fr\/webzine\/les-vivifiantes-retour-sur-laventure\/","og_site_name":"Webzine auto BYmyCAR","article_published_time":"2022-07-22T14:44:54+00:00","article_modified_time":"2022-07-22T14:44:55+00:00","og_image":[{"width":1010,"height":754,"url":"https:\/\/cdn.bymycar.eu\/fr-webzine\/wp-content\/uploads\/medias\/Capture.png","type":"image\/png"}],"author":"La R\u00e9daction BYmyCAR","twitter_card":"summary_large_image","twitter_misc":{"\u00c9crit par":"La R\u00e9daction BYmyCAR"},"schema":{"@context":"https:\/\/schema.org","@graph":[{"@type":"Article","@id":"https:\/\/www.bymycar.fr\/webzine\/les-vivifiantes-retour-sur-laventure\/#article","isPartOf":{"@id":"https:\/\/www.bymycar.fr\/webzine\/les-vivifiantes-retour-sur-laventure\/"},"author":{"name":"La R\u00e9daction BYmyCAR","@id":"https:\/\/www.bymycar.fr\/webzine\/#\/schema\/person\/8d570fe11eb8929f06c1e6d00f4d9689"},"headline":"Les vivifiantes, retour sur l&rsquo;aventure","datePublished":"2022-07-22T14:44:54+00:00","dateModified":"2022-07-22T14:44:55+00:00","mainEntityOfPage":{"@id":"https:\/\/www.bymycar.fr\/webzine\/les-vivifiantes-retour-sur-laventure\/"},"wordCount":6,"publisher":{"@id":"https:\/\/www.bymycar.fr\/webzine\/#organization"},"image":{"@id":"https:\/\/www.bymycar.fr\/webzine\/les-vivifiantes-retour-sur-laventure\/#primaryimage"},"thumbnailUrl":"https:\/\/cdn.bymycar.eu\/fr-webzine\/wp-content\/uploads\/medias\/Capture.png","articleSection":["Actus RH BYmyCAR"],"inLanguage":"fr-FR"},{"@type":"WebPage","@id":"https:\/\/www.bymycar.fr\/webzine\/les-vivifiantes-retour-sur-laventure\/","url":"https:\/\/www.bymycar.fr\/webzine\/les-vivifiantes-retour-sur-laventure\/","name":"Les vivifiantes, retour sur l'aventure","isPartOf":{"@id":"https:\/\/www.bymycar.fr\/webzine\/#website"},"primaryImageOfPage":{"@id":"https:\/\/www.bymycar.fr\/webzine\/les-vivifiantes-retour-sur-laventure\/#primaryimage"},"image":{"@id":"https:\/\/www.bymycar.fr\/webzine\/les-vivifiantes-retour-sur-laventure\/#primaryimage"},"thumbnailUrl":"https:\/\/cdn.bymycar.eu\/fr-webzine\/wp-content\/uploads\/medias\/Capture.png","datePublished":"2022-07-22T14:44:54+00:00","dateModified":"2022-07-22T14:44:55+00:00","breadcrumb":{"@id":"https:\/\/www.bymycar.fr\/webzine\/les-vivifiantes-retour-sur-laventure\/#breadcrumb"},"inLanguage":"fr-FR","potentialAction":[{"@type":"ReadAction","target":["https:\/\/www.bymycar.fr\/webzine\/les-vivifiantes-retour-sur-laventure\/"]}]},{"@type":"ImageObject","inLanguage":"fr-FR","@id":"https:\/\/www.bymycar.fr\/webzine\/les-vivifiantes-retour-sur-laventure\/#primaryimage","url":"https:\/\/cdn.bymycar.eu\/fr-webzine\/wp-content\/uploads\/medias\/Capture.png","contentUrl":"https:\/\/cdn.bymycar.eu\/fr-webzine\/wp-content\/uploads\/medias\/Capture.png","width":1010,"height":754},{"@type":"BreadcrumbList","@id":"https:\/\/www.bymycar.fr\/webzine\/les-vivifiantes-retour-sur-laventure\/#breadcrumb","itemListElement":[{"@type":"ListItem","position":1,"name":"Accueil","item":"https:\/\/www.bymycar.fr\/webzine\/"},{"@type":"ListItem","position":2,"name":"Les vivifiantes, retour sur l&rsquo;aventure"}]},{"@type":"WebSite","@id":"https:\/\/www.bymycar.fr\/webzine\/#website","url":"https:\/\/www.bymycar.fr\/webzine\/","name":"Webzine auto BYmyCAR","description":"La magazine auto de BYmyCAR","publisher":{"@id":"https:\/\/www.bymycar.fr\/webzine\/#organization"},"potentialAction":[{"@type":"SearchAction","target":{"@type":"EntryPoint","urlTemplate":"https:\/\/www.bymycar.fr\/webzine\/?s={search_term_string}"},"query-input":{"@type":"PropertyValueSpecification","valueRequired":true,"valueName":"search_term_string"}}],"inLanguage":"fr-FR"},{"@type":"Organization","@id":"https:\/\/www.bymycar.fr\/webzine\/#organization","name":"BYmyCAR","url":"https:\/\/www.bymycar.fr\/webzine\/","logo":{"@type":"ImageObject","inLanguage":"fr-FR","@id":"https:\/\/www.bymycar.fr\/webzine\/#\/schema\/logo\/image\/","url":"https:\/\/cdn.bymycar.eu\/fr-webzine\/wp-content\/uploads\/medias\/2017\/08\/logo_DEALER_00000406_001.png","contentUrl":"https:\/\/cdn.bymycar.eu\/fr-webzine\/wp-content\/uploads\/medias\/2017\/08\/logo_DEALER_00000406_001.png","width":2132,"height":720,"caption":"BYmyCAR"},"image":{"@id":"https:\/\/www.bymycar.fr\/webzine\/#\/schema\/logo\/image\/"}},{"@type":"Person","@id":"https:\/\/www.bymycar.fr\/webzine\/#\/schema\/person\/8d570fe11eb8929f06c1e6d00f4d9689","name":"La R\u00e9daction BYmyCAR","image":{"@type":"ImageObject","inLanguage":"fr-FR","@id":"https:\/\/www.bymycar.fr\/webzine\/#\/schema\/person\/image\/","url":"https:\/\/secure.gravatar.com\/avatar\/1aa6b039d0ce106989923af4e2d0f2a0c82bb070d5e449f1b9adf082a5863900?s=96&d=mm&r=g","contentUrl":"https:\/\/secure.gravatar.com\/avatar\/1aa6b039d0ce106989923af4e2d0f2a0c82bb070d5e449f1b9adf082a5863900?s=96&d=mm&r=g","caption":"La R\u00e9daction BYmyCAR"},"sameAs":["https:\/\/www.bymycar.fr\/"]}]}},"_links":{"self":[{"href":"https:\/\/www.bymycar.fr\/webzine\/wp-json\/wp\/v2\/posts\/34048","targetHints":{"allow":["GET"]}}],"collection":[{"href":"https:\/\/www.bymycar.fr\/webzine\/wp-json\/wp\/v2\/posts"}],"about":[{"href":"https:\/\/www.bymycar.fr\/webzine\/wp-json\/wp\/v2\/types\/post"}],"author":[{"embeddable":true,"href":"https:\/\/www.bymycar.fr\/webzine\/wp-json\/wp\/v2\/users\/88"}],"replies":[{"embeddable":true,"href":"https:\/\/www.bymycar.fr\/webzine\/wp-json\/wp\/v2\/comments?post=34048"}],"version-history":[{"count":18,"href":"https:\/\/www.bymycar.fr\/webzine\/wp-json\/wp\/v2\/posts\/34048\/revisions"}],"predecessor-version":[{"id":34073,"href":"https:\/\/www.bymycar.fr\/webzine\/wp-json\/wp\/v2\/posts\/34048\/revisions\/34073"}],"wp:featuredmedia":[{"embeddable":true,"href":"https:\/\/www.bymycar.fr\/webzine\/wp-json\/wp\/v2\/media\/34049"}],"wp:attachment":[{"href":"https:\/\/www.bymycar.fr\/webzine\/wp-json\/wp\/v2\/media?parent=34048"}],"wp:term":[{"taxonomy":"category","embeddable":true,"href":"https:\/\/www.bymycar.fr\/webzine\/wp-json\/wp\/v2\/categories?post=34048"},{"taxonomy":"post_tag","embeddable":true,"href":"https:\/\/www.bymycar.fr\/webzine\/wp-json\/wp\/v2\/tags?post=34048"}],"curies":[{"name":"wp","href":"https:\/\/api.w.org\/{rel}","templated":true}]}}