{"id":33637,"date":"2022-07-15T13:38:13","date_gmt":"2022-07-15T11:38:13","guid":{"rendered":"https:\/\/prod.bymycar.fr\/webzine\/?p=33637"},"modified":"2026-04-27T14:34:16","modified_gmt":"2026-04-27T12:34:16","slug":"ou-est-fabrique-le-dacia-dokker","status":"publish","type":"post","link":"https:\/\/www.bymycar.fr\/webzine\/ou-est-fabrique-le-dacia-dokker\/","title":{"rendered":"O\u00f9 est fabriqu\u00e9 le Dacia Dokker ?"},"content":{"rendered":"","protected":false},"excerpt":{"rendered":"","protected":false},"author":88,"featured_media":33645,"comment_status":"closed","ping_status":"open","sticky":false,"template":"","format":"standard","meta":{"_acf_changed":false,"footnotes":""},"categories":[12893,12903],"tags":[],"class_list":["post-33637","post","type-post","status-publish","format-standard","has-post-thumbnail","hentry","category-guide-dachat","category-guide-dachat-dacia"],"acf":{"template":"classique","introduction":"<p>Le Dokker est un mod\u00e8le de v\u00e9hicule utilitaire produit par Dacia depuis 2012. Cette familiale aussi performante que pratique n\u2019a pourtant pas obtenu la popularit\u00e9 qu\u2019elle m\u00e9ritait. M\u00eame si sa production n\u2019a dur\u00e9 que 5 ans, il reste utile d\u2019en savoir plus sur ce mod\u00e8le. O\u00f9 est fabriqu\u00e9 le Dacia Dokker\u00a0? ByMyCar vous \u00e9claire.<\/p>\n","strates":[{"type_strate":"texte-simple","ancre":"","contenu":"<h2>L&rsquo;usine de Pitesti : berceau de la marque Dacia<\/h2>\n<p><a href=\"https:\/\/www.bymycar.fr\/marques\/dacia\">Dacia<\/a>\u00a0est un constructeur automobile qui voit le jour en 1966. La grande majorit\u00e9 des voitures de Dacia sortent alors de l\u2019usine de Pitesti, en Roumanie. Parmi les premiers mod\u00e8les de Dacia se trouvent la Dacia 1100 et la Dacia 1300.<\/p>\n<p>Les voitures Dacia ont la particularit\u00e9 d\u2019\u00eatre accessibles \u00e0 prix abordable. Les citadines de la marque Dacia ont profit\u00e9 d\u2019une certaine popularit\u00e9 aupr\u00e8s des consommateurs roumains, puis europ\u00e9ens. Toutefois, Dacia a d\u00e8s ses d\u00e9buts vis\u00e9 le march\u00e9 international.<\/p>\n<h2>Quel est le lien entre Dacia et Renault ?<\/h2>\n<p>D\u00e8s ses premi\u00e8res ann\u00e9es, Dacia est affili\u00e9 \u00e0 la marque fran\u00e7aise Renault. En effet, en 1966, le g\u00e9ant fran\u00e7ais est choisi par le gouvernement roumain pour la r\u00e9gie de la marque Dacia. L\u2019ann\u00e9e 1999 marque un tournant pour Dacia. Cette ann\u00e9e, Dacia est enti\u00e8rement rachet\u00e9 par Renault et devient donc une filiale du constructeur fran\u00e7ais.<\/p>\n<p>Il est important de pr\u00e9ciser que, m\u00eame si Dacia est un constructeur b\u00e9n\u00e9ficiant d\u2019une grande ind\u00e9pendance et d\u2019une enti\u00e8re libert\u00e9 quant \u00e0 la fabrication de ses v\u00e9hicules, il est impossible de dissocier les deux marques Dacia et Renault. Et pour cause, un grand nombre de mod\u00e8les de Dacia (pour ne pas dire tous depuis 1999) sont calqu\u00e9s sur les mod\u00e8les de Renault, \u00e0 savoir le Duster, le Sandero et le Logan. L\u2019explication de cela est simple\u00a0: depuis l\u2019acquisition de Dacia par Renault, le constructeur roumain est devenu la gamme de voitures \u00ab\u00a0low cost\u00a0\u00bb du fran\u00e7ais.<\/p>\n<p>Pr\u00e9cisons tout de m\u00eame qu\u2019ici, le terme \u00ab\u00a0low cost\u00a0\u00bb est pris au 1<sup>er<\/sup>\u00a0degr\u00e9. Cela signifie qu\u2019il n\u2019y a aucun lien entre la qualit\u00e9 des voitures et leur prix. Le but de Dacia a toujours \u00e9t\u00e9 de proposer des voitures \u00e0 bas prix pour le plus grand nombre, ce qui n\u2019a pas chang\u00e9, m\u00eame sous l\u2019impulsion de Renault. Toutefois, il faut savoir que Dacia profite des derni\u00e8res avanc\u00e9es techniques et technologiques de Renault. Ainsi, les voitures Dacia sont quasiment aussi performantes que les Renault.<\/p>\n<p>Note\u00a0: la Dacia Sandero est la citadine la moins ch\u00e8re du march\u00e9 automobile en ce moment (prix au neuf). Il s\u2019agit \u00e9galement de l\u2019une des citadines les plus vendues de l\u2019histoire, au m\u00eame titre que la Volkswagen Golf et la Fiat 500.<\/p>\n<h2>Le Maroc et la Roumanie : deux pays accueillant la production actuelle de Dacia<\/h2>\n<p>Bien que Dacia ait \u00e9t\u00e9 rachet\u00e9 par le groupe Renault, l\u2019entreprise ne s\u2019est pas d\u00e9localis\u00e9e pour autant. Un grand nombre de voitures Dacia est encore produit dans l\u2019usine de Pitesti en Roumanie. N\u00e9anmoins, il est important de pr\u00e9ciser que le public cible de Dacia n\u2019est pas le march\u00e9 national. M\u00eame si Dacia est distribu\u00e9 dans les pays europ\u00e9ens, ses voitures sont surtout destin\u00e9es \u00e0 l\u2019exportation vers le march\u00e9 international. C\u2019est pourquoi une nouvelle usine au Maroc est ouverte par la marque roumaine. Cela a pour but de permettre une distribution plus facile des voitures de la marque \u00e0 travers le monde, notamment en Afrique du Nord et en Afrique du Sud.<\/p>\n<p>Certains mod\u00e8les de Dacia sont assembl\u00e9s dans d\u2019autres usines multimarques, comme celle d\u2019Oran en Alg\u00e9rie.<\/p>\n<h2>Dacia Dokker : un mod\u00e8le de v\u00e9hicule utilitaire<\/h2>\n<p>Dans la cat\u00e9gorie v\u00e9hicule utilitaire de Dacia, nous avons le Dacia Dokker. Mis en circulation depuis 2012, il fait l\u2019objet d\u2019un restylage en 2017. La version utilitaire du Dokker conna\u00eet une certaine popularit\u00e9 dans le domaine professionnel, notamment dans le secteur des services (d\u00e9m\u00e9nagement, transport\u2026). Cependant, c\u2019est la version familiale du Dacia Dokker qui a surtout \u00e9t\u00e9 mis en avant.<\/p>\n<p>Le Dacia Dokker est un ludospace. Un ludospace est en quelque sorte un v\u00e9hicule monospace compact. C\u2019est-\u00e0-dire que ses dimensions sont inf\u00e9rieures \u00e0 celles d\u2019un monospace classique. Le \u00ab\u00a0ludo\u00a0\u00bb de \u00ab\u00a0ludospace\u00a0\u00bb vient de l\u2019adjectif \u00ab\u00a0ludique\u00a0\u00bb. Cela souligne que le Dacia Dokker est une voiture familiale id\u00e9ale pour toutes sortes de sorties et d\u2019activit\u00e9s \u00e0 faire en famille. Elle n\u2019en est pas moins pratique, puisque pouvant contenir jusqu\u2019\u00e0 7 personnes et supporter un poids de pr\u00e8s de 75 kg sur son toit. Ajoutez \u00e0 cela une int\u00e9ressante vari\u00e9t\u00e9 de motorisations, pour un choix plus large en termes de performances et de puissance.<\/p>\n<h2>Les diff\u00e9rentes motorisations du Dacia Dokker<\/h2>\n<p>Plusieurs motorisations sont disponibles pour le Dacia Dokker.<\/p>\n<p>En essence\u00a0:<\/p>\n<ul>\n<li>6 MPi 85ch\u00a0;<\/li>\n<li>6 SCe 102ch\u00a0;<\/li>\n<li>2 TCe.<\/li>\n<\/ul>\n<p>En diesel : 1.5 DCi 75\/90\/95 ch.<\/p>\n<p>En GPL :<\/p>\n<ul>\n<li>6 MPi 85 ch ;<\/li>\n<li>6 SCe 102 gpl.<\/li>\n<\/ul>\n<p>Il est important de pr\u00e9ciser qu\u2019un moteur au GPL est moins polluant qu\u2019un moteur \u00e0 essence ou diesel.<\/p>\n<p>Pour profiter au maximum de toutes les capacit\u00e9s du Dacia Dokker, il est conseill\u00e9 d\u2019opter pour le moteur 1.6 SCe 102ch, puissant et polyvalent. Si vous avez besoin de plus de puissance pour votre voiture, choisissez le 1.5 DCi 95ch. A savoir que le moteur diesel est moins gourmand que le moteur \u00e0 essence.<\/p>\n<h2>Les dimensions du Dacia Dokker<\/h2>\n<p>Voici les dimensions du Dacia Dokker\u00a0:<\/p>\n<ul>\n<li>Longueur\u00a0: 4,36 m\u00a0;<\/li>\n<li>Largeur\u00a0: 1,41\u00a0m\u00a0;<\/li>\n<li>Hauteur\u00a0: 1,80\u00a0m\u00a0;<\/li>\n<li>Volume de chargement\u00a0: 3,3 m3.<\/li>\n<\/ul>\n<h2>La fabrication du Dacia Dokker stopp\u00e9e au profit du Renault Kangoo<\/h2>\n<p>Une version restyl\u00e9e du Dacia Dokker sort en 2017. Elle jouit de certaines options in\u00e9dites comme la cam\u00e9ra de recul ou le syst\u00e8me de freinage automatique de Renault. N\u00e9anmoins, le Dokker ne rencontre pas le succ\u00e8s esp\u00e9r\u00e9. Une perte de vitesse dans les ventes pousse alors Dacia \u00e0 abandonner la production du Dacia Dokker, toujours sous l\u2019impulsion du groupe Renault. En effet, ce dernier d\u00e9cide de plus se concentrer sur d\u2019autres mod\u00e8les de voitures faisant partie de la m\u00eame cat\u00e9gorie, mais dont les ventes sont meilleures, comme le Renault Kangoo ou le Renault Express. Ces deux mod\u00e8les ont toujours \u00e9t\u00e9, avec le Dacia Lodgy, en concurrence avec le Dacia Dokker.<\/p>\n<h2>Un nouveau mod\u00e8le hybride de Dacia Dokker est-il pr\u00e9vu pour 2022 ?<\/h2>\n<p>Depuis 2017 et jusqu\u2019\u00e0 aujourd\u2019hui, la production de Dacia Dokker est suspendue. Cela signifie qu\u2019une troisi\u00e8me g\u00e9n\u00e9ration de Dokker n\u2019est pas pr\u00e9vue par Dacia, et encore moins un mod\u00e8le hybride.<\/p>\n<h2>O\u00f9 sont fabriqu\u00e9s le Dacia Spring, le Dacia Sandero et le Dacia Dokker ?<\/h2>\n<p>Le Dacia Spring est un mod\u00e8le de voiture 100 % \u00e9lectrique. Elle est produite dans l\u2019usine de Shiyan, en Chine.<\/p>\n<p>Le Dacia Sandero est, tout comme le Dacia Logan, un mod\u00e8le embl\u00e9matique de la marque. Ces mod\u00e8les repr\u00e9sentatifs du constructeur proviennent de l\u2019usine de Pitesti en Roumanie.<\/p>\n<p>De 2012 \u00e0 2017, le Dacia Dokker est fabriqu\u00e9 dans la ville de Tanger, au Maroc.<\/p>\n","titre":"Texte 1","image":false,"image_libre":false,"image_800x500":false,"legende":"","zoom":false,"texte":"","articles":false,"categorie_droite":false,"images":false,"elements_comparatif":false,"texte_1":"","texte_2":"","image_1":false,"image_1_563x400":false,"image_1_332x332":false,"image_2":false,"image_2_333x240":false,"image_2_563x400":false,"image_3":false,"image_3_333x240":false,"image_3_332x450":false,"image_4":false,"image_4_332x332":false,"image_4_563x400":false,"code_embed":"","legende_video":"","photo":false,"photo_100x100":false,"nom":"","fonction":"","elements_timeline":false,"entetes_colonnes":false,"entetes_lignes":false,"lignes":false,"introduction":"","formulaire":false,"question":"","reponse":"","libelle_bouton_lien":"","url_lien":"","questions":false,"conclusions":false,"pays":false,"region":false,"marque":false,"marqueConcessions":false,"modele":false,"ptvente":false,"typeV":false,"collection":false,"nombre_maximum_elements":10,"lien_fin_carousel":"","texte_lien_fin_carousel":"","trier_par":false}],"is_old_post":false,"image":{"ID":33645,"id":33645,"title":"2014_-_Dacia_DOKKER_STEPWAY","filename":"2014_-_Dacia_DOKKER_STEPWAY.jpg","filesize":1,"url":"https:\/\/cdn.bymycar.eu\/fr-webzine\/wp-content\/uploads\/medias\/2014_-_Dacia_DOKKER_STEPWAY.jpg","link":"https:\/\/www.bymycar.fr\/webzine\/ou-est-fabrique-le-dacia-dokker\/2014_-_dacia_dokker_stepway\/","alt":"","author":"9","description":"","caption":"","name":"2014_-_dacia_dokker_stepway","status":"inherit","uploaded_to":33637,"date":"2022-07-15 11:38:07","modified":"2022-07-15 11:38:07","menu_order":0,"mime_type":"image\/jpeg","type":"image","subtype":"jpeg","icon":"https:\/\/www.bymycar.fr\/webzine\/wp-includes\/images\/media\/default.png","width":750,"height":410,"sizes":{"thumbnail":"https:\/\/cdn.bymycar.eu\/fr-webzine\/wp-content\/uploads\/medias\/2014_-_Dacia_DOKKER_STEPWAY-150x150.jpg","thumbnail-width":150,"thumbnail-height":150,"medium":"https:\/\/cdn.bymycar.eu\/fr-webzine\/wp-content\/uploads\/medias\/2014_-_Dacia_DOKKER_STEPWAY-300x164.jpg","medium-width":300,"medium-height":164,"medium_large":"https:\/\/cdn.bymycar.eu\/fr-webzine\/wp-content\/uploads\/medias\/2014_-_Dacia_DOKKER_STEPWAY.jpg","medium_large-width":750,"medium_large-height":410,"large":"https:\/\/cdn.bymycar.eu\/fr-webzine\/wp-content\/uploads\/medias\/2014_-_Dacia_DOKKER_STEPWAY.jpg","large-width":750,"large-height":410,"1536x1536":"https:\/\/cdn.bymycar.eu\/fr-webzine\/wp-content\/uploads\/medias\/2014_-_Dacia_DOKKER_STEPWAY.jpg","1536x1536-width":750,"1536x1536-height":410,"2048x2048":"https:\/\/cdn.bymycar.eu\/fr-webzine\/wp-content\/uploads\/medias\/2014_-_Dacia_DOKKER_STEPWAY.jpg","2048x2048-width":750,"2048x2048-height":410}},"page_content":{"block_content":[{"acf_fc_layout":"text-simple","--nav":{"-withNav":false,"-ancre":""},"--group":{"-text":"<h2>L&rsquo;usine de Pitesti : berceau de la marque Dacia<\/h2>\n<p><a href=\"https:\/\/www.bymycar.fr\/marques\/dacia\">Dacia<\/a>\u00a0est un constructeur automobile qui voit le jour en 1966. La grande majorit\u00e9 des voitures de Dacia sortent alors de l\u2019usine de Pitesti, en Roumanie. Parmi les premiers mod\u00e8les de Dacia se trouvent la Dacia 1100 et la Dacia 1300.<\/p>\n<p>Les voitures Dacia ont la particularit\u00e9 d\u2019\u00eatre accessibles \u00e0 prix abordable. Les citadines de la marque Dacia ont profit\u00e9 d\u2019une certaine popularit\u00e9 aupr\u00e8s des consommateurs roumains, puis europ\u00e9ens. Toutefois, Dacia a d\u00e8s ses d\u00e9buts vis\u00e9 le march\u00e9 international.<\/p>\n<h2>Quel est le lien entre Dacia et Renault ?<\/h2>\n<p>D\u00e8s ses premi\u00e8res ann\u00e9es, Dacia est affili\u00e9 \u00e0 la marque fran\u00e7aise Renault. En effet, en 1966, le g\u00e9ant fran\u00e7ais est choisi par le gouvernement roumain pour la r\u00e9gie de la marque Dacia. L\u2019ann\u00e9e 1999 marque un tournant pour Dacia. Cette ann\u00e9e, Dacia est enti\u00e8rement rachet\u00e9 par Renault et devient donc une filiale du constructeur fran\u00e7ais.<\/p>\n<p>Il est important de pr\u00e9ciser que, m\u00eame si Dacia est un constructeur b\u00e9n\u00e9ficiant d\u2019une grande ind\u00e9pendance et d\u2019une enti\u00e8re libert\u00e9 quant \u00e0 la fabrication de ses v\u00e9hicules, il est impossible de dissocier les deux marques Dacia et Renault. Et pour cause, un grand nombre de mod\u00e8les de Dacia (pour ne pas dire tous depuis 1999) sont calqu\u00e9s sur les mod\u00e8les de Renault, \u00e0 savoir le Duster, le Sandero et le Logan. L\u2019explication de cela est simple\u00a0: depuis l\u2019acquisition de Dacia par Renault, le constructeur roumain est devenu la gamme de voitures \u00ab\u00a0low cost\u00a0\u00bb du fran\u00e7ais.<\/p>\n<p>Pr\u00e9cisons tout de m\u00eame qu\u2019ici, le terme \u00ab\u00a0low cost\u00a0\u00bb est pris au 1<sup>er<\/sup>\u00a0degr\u00e9. Cela signifie qu\u2019il n\u2019y a aucun lien entre la qualit\u00e9 des voitures et leur prix. Le but de Dacia a toujours \u00e9t\u00e9 de proposer des voitures \u00e0 bas prix pour le plus grand nombre, ce qui n\u2019a pas chang\u00e9, m\u00eame sous l\u2019impulsion de Renault. Toutefois, il faut savoir que Dacia profite des derni\u00e8res avanc\u00e9es techniques et technologiques de Renault. Ainsi, les voitures Dacia sont quasiment aussi performantes que les Renault.<\/p>\n<p>Note\u00a0: la Dacia Sandero est la citadine la moins ch\u00e8re du march\u00e9 automobile en ce moment (prix au neuf). Il s\u2019agit \u00e9galement de l\u2019une des citadines les plus vendues de l\u2019histoire, au m\u00eame titre que la Volkswagen Golf et la Fiat 500.<\/p>\n<h2>Le Maroc et la Roumanie : deux pays accueillant la production actuelle de Dacia<\/h2>\n<p>Bien que Dacia ait \u00e9t\u00e9 rachet\u00e9 par le groupe Renault, l\u2019entreprise ne s\u2019est pas d\u00e9localis\u00e9e pour autant. Un grand nombre de voitures Dacia est encore produit dans l\u2019usine de Pitesti en Roumanie. N\u00e9anmoins, il est important de pr\u00e9ciser que le public cible de Dacia n\u2019est pas le march\u00e9 national. M\u00eame si Dacia est distribu\u00e9 dans les pays europ\u00e9ens, ses voitures sont surtout destin\u00e9es \u00e0 l\u2019exportation vers le march\u00e9 international. C\u2019est pourquoi une nouvelle usine au Maroc est ouverte par la marque roumaine. Cela a pour but de permettre une distribution plus facile des voitures de la marque \u00e0 travers le monde, notamment en Afrique du Nord et en Afrique du Sud.<\/p>\n<p>Certains mod\u00e8les de Dacia sont assembl\u00e9s dans d\u2019autres usines multimarques, comme celle d\u2019Oran en Alg\u00e9rie.<\/p>\n<h2>Dacia Dokker : un mod\u00e8le de v\u00e9hicule utilitaire<\/h2>\n<p>Dans la cat\u00e9gorie v\u00e9hicule utilitaire de Dacia, nous avons le Dacia Dokker. Mis en circulation depuis 2012, il fait l\u2019objet d\u2019un restylage en 2017. La version utilitaire du Dokker conna\u00eet une certaine popularit\u00e9 dans le domaine professionnel, notamment dans le secteur des services (d\u00e9m\u00e9nagement, transport\u2026). Cependant, c\u2019est la version familiale du Dacia Dokker qui a surtout \u00e9t\u00e9 mis en avant.<\/p>\n<p>Le Dacia Dokker est un ludospace. Un ludospace est en quelque sorte un v\u00e9hicule monospace compact. C\u2019est-\u00e0-dire que ses dimensions sont inf\u00e9rieures \u00e0 celles d\u2019un monospace classique. Le \u00ab\u00a0ludo\u00a0\u00bb de \u00ab\u00a0ludospace\u00a0\u00bb vient de l\u2019adjectif \u00ab\u00a0ludique\u00a0\u00bb. Cela souligne que le Dacia Dokker est une voiture familiale id\u00e9ale pour toutes sortes de sorties et d\u2019activit\u00e9s \u00e0 faire en famille. Elle n\u2019en est pas moins pratique, puisque pouvant contenir jusqu\u2019\u00e0 7 personnes et supporter un poids de pr\u00e8s de 75 kg sur son toit. Ajoutez \u00e0 cela une int\u00e9ressante vari\u00e9t\u00e9 de motorisations, pour un choix plus large en termes de performances et de puissance.<\/p>\n<h2>Les diff\u00e9rentes motorisations du Dacia Dokker<\/h2>\n<p>Plusieurs motorisations sont disponibles pour le Dacia Dokker.<\/p>\n<p>En essence\u00a0:<\/p>\n<ul>\n<li>6 MPi 85ch\u00a0;<\/li>\n<li>6 SCe 102ch\u00a0;<\/li>\n<li>2 TCe.<\/li>\n<\/ul>\n<p>En diesel : 1.5 DCi 75\/90\/95 ch.<\/p>\n<p>En GPL :<\/p>\n<ul>\n<li>6 MPi 85 ch ;<\/li>\n<li>6 SCe 102 gpl.<\/li>\n<\/ul>\n<p>Il est important de pr\u00e9ciser qu\u2019un moteur au GPL est moins polluant qu\u2019un moteur \u00e0 essence ou diesel.<\/p>\n<p>Pour profiter au maximum de toutes les capacit\u00e9s du Dacia Dokker, il est conseill\u00e9 d\u2019opter pour le moteur 1.6 SCe 102ch, puissant et polyvalent. Si vous avez besoin de plus de puissance pour votre voiture, choisissez le 1.5 DCi 95ch. A savoir que le moteur diesel est moins gourmand que le moteur \u00e0 essence.<\/p>\n<h2>Les dimensions du Dacia Dokker<\/h2>\n<p>Voici les dimensions du Dacia Dokker\u00a0:<\/p>\n<ul>\n<li>Longueur\u00a0: 4,36 m\u00a0;<\/li>\n<li>Largeur\u00a0: 1,41\u00a0m\u00a0;<\/li>\n<li>Hauteur\u00a0: 1,80\u00a0m\u00a0;<\/li>\n<li>Volume de chargement\u00a0: 3,3 m3.<\/li>\n<\/ul>\n<h2>La fabrication du Dacia Dokker stopp\u00e9e au profit du Renault Kangoo<\/h2>\n<p>Une version restyl\u00e9e du Dacia Dokker sort en 2017. Elle jouit de certaines options in\u00e9dites comme la cam\u00e9ra de recul ou le syst\u00e8me de freinage automatique de Renault. N\u00e9anmoins, le Dokker ne rencontre pas le succ\u00e8s esp\u00e9r\u00e9. Une perte de vitesse dans les ventes pousse alors Dacia \u00e0 abandonner la production du Dacia Dokker, toujours sous l\u2019impulsion du groupe Renault. En effet, ce dernier d\u00e9cide de plus se concentrer sur d\u2019autres mod\u00e8les de voitures faisant partie de la m\u00eame cat\u00e9gorie, mais dont les ventes sont meilleures, comme le Renault Kangoo ou le Renault Express. Ces deux mod\u00e8les ont toujours \u00e9t\u00e9, avec le Dacia Lodgy, en concurrence avec le Dacia Dokker.<\/p>\n<h2>Un nouveau mod\u00e8le hybride de Dacia Dokker est-il pr\u00e9vu pour 2022 ?<\/h2>\n<p>Depuis 2017 et jusqu\u2019\u00e0 aujourd\u2019hui, la production de Dacia Dokker est suspendue. Cela signifie qu\u2019une troisi\u00e8me g\u00e9n\u00e9ration de Dokker n\u2019est pas pr\u00e9vue par Dacia, et encore moins un mod\u00e8le hybride.<\/p>\n<h2>O\u00f9 sont fabriqu\u00e9s le Dacia Spring, le Dacia Sandero et le Dacia Dokker ?<\/h2>\n<p>Le Dacia Spring est un mod\u00e8le de voiture 100 % \u00e9lectrique. Elle est produite dans l\u2019usine de Shiyan, en Chine.<\/p>\n<p>Le Dacia Sandero est, tout comme le Dacia Logan, un mod\u00e8le embl\u00e9matique de la marque. Ces mod\u00e8les repr\u00e9sentatifs du constructeur proviennent de l\u2019usine de Pitesti en Roumanie.<\/p>\n<p>De 2012 \u00e0 2017, le Dacia Dokker est fabriqu\u00e9 dans la ville de Tanger, au Maroc.<\/p>\n"}}]},"add-carousel-to-footer":true},"yoast_head":"<!-- This site is optimized with the Yoast SEO Premium plugin v26.4 (Yoast SEO v26.4) - https:\/\/yoast.com\/wordpress\/plugins\/seo\/ -->\n<title>O\u00f9 est fabriqu\u00e9 le Dacia Dokker ?<\/title>\n<meta name=\"robots\" content=\"index, follow, max-snippet:-1, max-image-preview:large, max-video-preview:-1\" \/>\n<link rel=\"canonical\" href=\"https:\/\/www.bymycar.fr\/webzine\/ou-est-fabrique-le-dacia-dokker\/\" \/>\n<meta property=\"og:locale\" content=\"fr_FR\" \/>\n<meta property=\"og:type\" content=\"article\" \/>\n<meta property=\"og:title\" content=\"O\u00f9 est fabriqu\u00e9 le Dacia Dokker ?\" \/>\n<meta property=\"og:url\" content=\"https:\/\/www.bymycar.fr\/webzine\/ou-est-fabrique-le-dacia-dokker\/\" \/>\n<meta property=\"og:site_name\" content=\"Webzine auto BYmyCAR\" \/>\n<meta property=\"article:published_time\" content=\"2022-07-15T11:38:13+00:00\" \/>\n<meta property=\"article:modified_time\" content=\"2026-04-27T12:34:16+00:00\" \/>\n<meta property=\"og:image\" content=\"https:\/\/cdn.bymycar.eu\/fr-webzine\/wp-content\/uploads\/medias\/2014_-_Dacia_DOKKER_STEPWAY.jpg\" \/>\n\t<meta property=\"og:image:width\" content=\"750\" \/>\n\t<meta property=\"og:image:height\" content=\"410\" \/>\n\t<meta property=\"og:image:type\" content=\"image\/jpeg\" \/>\n<meta name=\"author\" content=\"La R\u00e9daction BYmyCAR\" \/>\n<meta name=\"twitter:card\" content=\"summary_large_image\" \/>\n<meta name=\"twitter:label1\" content=\"\u00c9crit par\" \/>\n\t<meta name=\"twitter:data1\" content=\"La R\u00e9daction BYmyCAR\" \/>\n<script type=\"application\/ld+json\" class=\"yoast-schema-graph\">{\"@context\":\"https:\/\/schema.org\",\"@graph\":[{\"@type\":\"Article\",\"@id\":\"https:\/\/www.bymycar.fr\/webzine\/ou-est-fabrique-le-dacia-dokker\/#article\",\"isPartOf\":{\"@id\":\"https:\/\/www.bymycar.fr\/webzine\/ou-est-fabrique-le-dacia-dokker\/\"},\"author\":{\"name\":\"La R\u00e9daction BYmyCAR\",\"@id\":\"https:\/\/www.bymycar.fr\/webzine\/#\/schema\/person\/8d570fe11eb8929f06c1e6d00f4d9689\"},\"headline\":\"O\u00f9 est fabriqu\u00e9 le Dacia Dokker ?\",\"datePublished\":\"2022-07-15T11:38:13+00:00\",\"dateModified\":\"2026-04-27T12:34:16+00:00\",\"mainEntityOfPage\":{\"@id\":\"https:\/\/www.bymycar.fr\/webzine\/ou-est-fabrique-le-dacia-dokker\/\"},\"wordCount\":6,\"publisher\":{\"@id\":\"https:\/\/www.bymycar.fr\/webzine\/#organization\"},\"image\":{\"@id\":\"https:\/\/www.bymycar.fr\/webzine\/ou-est-fabrique-le-dacia-dokker\/#primaryimage\"},\"thumbnailUrl\":\"https:\/\/cdn.bymycar.eu\/fr-webzine\/wp-content\/uploads\/medias\/2014_-_Dacia_DOKKER_STEPWAY.jpg\",\"articleSection\":[\"Guide d'achat\",\"Guide d'achat Dacia\"],\"inLanguage\":\"fr-FR\"},{\"@type\":\"WebPage\",\"@id\":\"https:\/\/www.bymycar.fr\/webzine\/ou-est-fabrique-le-dacia-dokker\/\",\"url\":\"https:\/\/www.bymycar.fr\/webzine\/ou-est-fabrique-le-dacia-dokker\/\",\"name\":\"O\u00f9 est fabriqu\u00e9 le Dacia Dokker ?\",\"isPartOf\":{\"@id\":\"https:\/\/www.bymycar.fr\/webzine\/#website\"},\"primaryImageOfPage\":{\"@id\":\"https:\/\/www.bymycar.fr\/webzine\/ou-est-fabrique-le-dacia-dokker\/#primaryimage\"},\"image\":{\"@id\":\"https:\/\/www.bymycar.fr\/webzine\/ou-est-fabrique-le-dacia-dokker\/#primaryimage\"},\"thumbnailUrl\":\"https:\/\/cdn.bymycar.eu\/fr-webzine\/wp-content\/uploads\/medias\/2014_-_Dacia_DOKKER_STEPWAY.jpg\",\"datePublished\":\"2022-07-15T11:38:13+00:00\",\"dateModified\":\"2026-04-27T12:34:16+00:00\",\"breadcrumb\":{\"@id\":\"https:\/\/www.bymycar.fr\/webzine\/ou-est-fabrique-le-dacia-dokker\/#breadcrumb\"},\"inLanguage\":\"fr-FR\",\"potentialAction\":[{\"@type\":\"ReadAction\",\"target\":[\"https:\/\/www.bymycar.fr\/webzine\/ou-est-fabrique-le-dacia-dokker\/\"]}]},{\"@type\":\"ImageObject\",\"inLanguage\":\"fr-FR\",\"@id\":\"https:\/\/www.bymycar.fr\/webzine\/ou-est-fabrique-le-dacia-dokker\/#primaryimage\",\"url\":\"https:\/\/cdn.bymycar.eu\/fr-webzine\/wp-content\/uploads\/medias\/2014_-_Dacia_DOKKER_STEPWAY.jpg\",\"contentUrl\":\"https:\/\/cdn.bymycar.eu\/fr-webzine\/wp-content\/uploads\/medias\/2014_-_Dacia_DOKKER_STEPWAY.jpg\",\"width\":750,\"height\":410},{\"@type\":\"BreadcrumbList\",\"@id\":\"https:\/\/www.bymycar.fr\/webzine\/ou-est-fabrique-le-dacia-dokker\/#breadcrumb\",\"itemListElement\":[{\"@type\":\"ListItem\",\"position\":1,\"name\":\"Accueil\",\"item\":\"https:\/\/www.bymycar.fr\/webzine\/\"},{\"@type\":\"ListItem\",\"position\":2,\"name\":\"O\u00f9 est fabriqu\u00e9 le Dacia Dokker ?\"}]},{\"@type\":\"WebSite\",\"@id\":\"https:\/\/www.bymycar.fr\/webzine\/#website\",\"url\":\"https:\/\/www.bymycar.fr\/webzine\/\",\"name\":\"Webzine auto BYmyCAR\",\"description\":\"La magazine auto de BYmyCAR\",\"publisher\":{\"@id\":\"https:\/\/www.bymycar.fr\/webzine\/#organization\"},\"potentialAction\":[{\"@type\":\"SearchAction\",\"target\":{\"@type\":\"EntryPoint\",\"urlTemplate\":\"https:\/\/www.bymycar.fr\/webzine\/?s={search_term_string}\"},\"query-input\":{\"@type\":\"PropertyValueSpecification\",\"valueRequired\":true,\"valueName\":\"search_term_string\"}}],\"inLanguage\":\"fr-FR\"},{\"@type\":\"Organization\",\"@id\":\"https:\/\/www.bymycar.fr\/webzine\/#organization\",\"name\":\"BYmyCAR\",\"url\":\"https:\/\/www.bymycar.fr\/webzine\/\",\"logo\":{\"@type\":\"ImageObject\",\"inLanguage\":\"fr-FR\",\"@id\":\"https:\/\/www.bymycar.fr\/webzine\/#\/schema\/logo\/image\/\",\"url\":\"https:\/\/cdn.bymycar.eu\/fr-webzine\/wp-content\/uploads\/medias\/2017\/08\/logo_DEALER_00000406_001.png\",\"contentUrl\":\"https:\/\/cdn.bymycar.eu\/fr-webzine\/wp-content\/uploads\/medias\/2017\/08\/logo_DEALER_00000406_001.png\",\"width\":2132,\"height\":720,\"caption\":\"BYmyCAR\"},\"image\":{\"@id\":\"https:\/\/www.bymycar.fr\/webzine\/#\/schema\/logo\/image\/\"}},{\"@type\":\"Person\",\"@id\":\"https:\/\/www.bymycar.fr\/webzine\/#\/schema\/person\/8d570fe11eb8929f06c1e6d00f4d9689\",\"name\":\"La R\u00e9daction BYmyCAR\",\"image\":{\"@type\":\"ImageObject\",\"inLanguage\":\"fr-FR\",\"@id\":\"https:\/\/www.bymycar.fr\/webzine\/#\/schema\/person\/image\/\",\"url\":\"https:\/\/secure.gravatar.com\/avatar\/1aa6b039d0ce106989923af4e2d0f2a0c82bb070d5e449f1b9adf082a5863900?s=96&d=mm&r=g\",\"contentUrl\":\"https:\/\/secure.gravatar.com\/avatar\/1aa6b039d0ce106989923af4e2d0f2a0c82bb070d5e449f1b9adf082a5863900?s=96&d=mm&r=g\",\"caption\":\"La R\u00e9daction BYmyCAR\"},\"sameAs\":[\"https:\/\/www.bymycar.fr\/\"]}]}<\/script>\n<!-- \/ Yoast SEO Premium plugin. -->","yoast_head_json":{"title":"O\u00f9 est fabriqu\u00e9 le Dacia Dokker ?","robots":{"index":"index","follow":"follow","max-snippet":"max-snippet:-1","max-image-preview":"max-image-preview:large","max-video-preview":"max-video-preview:-1"},"canonical":"https:\/\/www.bymycar.fr\/webzine\/ou-est-fabrique-le-dacia-dokker\/","og_locale":"fr_FR","og_type":"article","og_title":"O\u00f9 est fabriqu\u00e9 le Dacia Dokker ?","og_url":"https:\/\/www.bymycar.fr\/webzine\/ou-est-fabrique-le-dacia-dokker\/","og_site_name":"Webzine auto BYmyCAR","article_published_time":"2022-07-15T11:38:13+00:00","article_modified_time":"2026-04-27T12:34:16+00:00","og_image":[{"width":750,"height":410,"url":"https:\/\/cdn.bymycar.eu\/fr-webzine\/wp-content\/uploads\/medias\/2014_-_Dacia_DOKKER_STEPWAY.jpg","type":"image\/jpeg"}],"author":"La R\u00e9daction BYmyCAR","twitter_card":"summary_large_image","twitter_misc":{"\u00c9crit par":"La R\u00e9daction BYmyCAR"},"schema":{"@context":"https:\/\/schema.org","@graph":[{"@type":"Article","@id":"https:\/\/www.bymycar.fr\/webzine\/ou-est-fabrique-le-dacia-dokker\/#article","isPartOf":{"@id":"https:\/\/www.bymycar.fr\/webzine\/ou-est-fabrique-le-dacia-dokker\/"},"author":{"name":"La R\u00e9daction BYmyCAR","@id":"https:\/\/www.bymycar.fr\/webzine\/#\/schema\/person\/8d570fe11eb8929f06c1e6d00f4d9689"},"headline":"O\u00f9 est fabriqu\u00e9 le Dacia Dokker ?","datePublished":"2022-07-15T11:38:13+00:00","dateModified":"2026-04-27T12:34:16+00:00","mainEntityOfPage":{"@id":"https:\/\/www.bymycar.fr\/webzine\/ou-est-fabrique-le-dacia-dokker\/"},"wordCount":6,"publisher":{"@id":"https:\/\/www.bymycar.fr\/webzine\/#organization"},"image":{"@id":"https:\/\/www.bymycar.fr\/webzine\/ou-est-fabrique-le-dacia-dokker\/#primaryimage"},"thumbnailUrl":"https:\/\/cdn.bymycar.eu\/fr-webzine\/wp-content\/uploads\/medias\/2014_-_Dacia_DOKKER_STEPWAY.jpg","articleSection":["Guide d'achat","Guide d'achat Dacia"],"inLanguage":"fr-FR"},{"@type":"WebPage","@id":"https:\/\/www.bymycar.fr\/webzine\/ou-est-fabrique-le-dacia-dokker\/","url":"https:\/\/www.bymycar.fr\/webzine\/ou-est-fabrique-le-dacia-dokker\/","name":"O\u00f9 est fabriqu\u00e9 le Dacia Dokker ?","isPartOf":{"@id":"https:\/\/www.bymycar.fr\/webzine\/#website"},"primaryImageOfPage":{"@id":"https:\/\/www.bymycar.fr\/webzine\/ou-est-fabrique-le-dacia-dokker\/#primaryimage"},"image":{"@id":"https:\/\/www.bymycar.fr\/webzine\/ou-est-fabrique-le-dacia-dokker\/#primaryimage"},"thumbnailUrl":"https:\/\/cdn.bymycar.eu\/fr-webzine\/wp-content\/uploads\/medias\/2014_-_Dacia_DOKKER_STEPWAY.jpg","datePublished":"2022-07-15T11:38:13+00:00","dateModified":"2026-04-27T12:34:16+00:00","breadcrumb":{"@id":"https:\/\/www.bymycar.fr\/webzine\/ou-est-fabrique-le-dacia-dokker\/#breadcrumb"},"inLanguage":"fr-FR","potentialAction":[{"@type":"ReadAction","target":["https:\/\/www.bymycar.fr\/webzine\/ou-est-fabrique-le-dacia-dokker\/"]}]},{"@type":"ImageObject","inLanguage":"fr-FR","@id":"https:\/\/www.bymycar.fr\/webzine\/ou-est-fabrique-le-dacia-dokker\/#primaryimage","url":"https:\/\/cdn.bymycar.eu\/fr-webzine\/wp-content\/uploads\/medias\/2014_-_Dacia_DOKKER_STEPWAY.jpg","contentUrl":"https:\/\/cdn.bymycar.eu\/fr-webzine\/wp-content\/uploads\/medias\/2014_-_Dacia_DOKKER_STEPWAY.jpg","width":750,"height":410},{"@type":"BreadcrumbList","@id":"https:\/\/www.bymycar.fr\/webzine\/ou-est-fabrique-le-dacia-dokker\/#breadcrumb","itemListElement":[{"@type":"ListItem","position":1,"name":"Accueil","item":"https:\/\/www.bymycar.fr\/webzine\/"},{"@type":"ListItem","position":2,"name":"O\u00f9 est fabriqu\u00e9 le Dacia Dokker ?"}]},{"@type":"WebSite","@id":"https:\/\/www.bymycar.fr\/webzine\/#website","url":"https:\/\/www.bymycar.fr\/webzine\/","name":"Webzine auto BYmyCAR","description":"La magazine auto de BYmyCAR","publisher":{"@id":"https:\/\/www.bymycar.fr\/webzine\/#organization"},"potentialAction":[{"@type":"SearchAction","target":{"@type":"EntryPoint","urlTemplate":"https:\/\/www.bymycar.fr\/webzine\/?s={search_term_string}"},"query-input":{"@type":"PropertyValueSpecification","valueRequired":true,"valueName":"search_term_string"}}],"inLanguage":"fr-FR"},{"@type":"Organization","@id":"https:\/\/www.bymycar.fr\/webzine\/#organization","name":"BYmyCAR","url":"https:\/\/www.bymycar.fr\/webzine\/","logo":{"@type":"ImageObject","inLanguage":"fr-FR","@id":"https:\/\/www.bymycar.fr\/webzine\/#\/schema\/logo\/image\/","url":"https:\/\/cdn.bymycar.eu\/fr-webzine\/wp-content\/uploads\/medias\/2017\/08\/logo_DEALER_00000406_001.png","contentUrl":"https:\/\/cdn.bymycar.eu\/fr-webzine\/wp-content\/uploads\/medias\/2017\/08\/logo_DEALER_00000406_001.png","width":2132,"height":720,"caption":"BYmyCAR"},"image":{"@id":"https:\/\/www.bymycar.fr\/webzine\/#\/schema\/logo\/image\/"}},{"@type":"Person","@id":"https:\/\/www.bymycar.fr\/webzine\/#\/schema\/person\/8d570fe11eb8929f06c1e6d00f4d9689","name":"La R\u00e9daction BYmyCAR","image":{"@type":"ImageObject","inLanguage":"fr-FR","@id":"https:\/\/www.bymycar.fr\/webzine\/#\/schema\/person\/image\/","url":"https:\/\/secure.gravatar.com\/avatar\/1aa6b039d0ce106989923af4e2d0f2a0c82bb070d5e449f1b9adf082a5863900?s=96&d=mm&r=g","contentUrl":"https:\/\/secure.gravatar.com\/avatar\/1aa6b039d0ce106989923af4e2d0f2a0c82bb070d5e449f1b9adf082a5863900?s=96&d=mm&r=g","caption":"La R\u00e9daction BYmyCAR"},"sameAs":["https:\/\/www.bymycar.fr\/"]}]}},"_links":{"self":[{"href":"https:\/\/www.bymycar.fr\/webzine\/wp-json\/wp\/v2\/posts\/33637","targetHints":{"allow":["GET"]}}],"collection":[{"href":"https:\/\/www.bymycar.fr\/webzine\/wp-json\/wp\/v2\/posts"}],"about":[{"href":"https:\/\/www.bymycar.fr\/webzine\/wp-json\/wp\/v2\/types\/post"}],"author":[{"embeddable":true,"href":"https:\/\/www.bymycar.fr\/webzine\/wp-json\/wp\/v2\/users\/88"}],"replies":[{"embeddable":true,"href":"https:\/\/www.bymycar.fr\/webzine\/wp-json\/wp\/v2\/comments?post=33637"}],"version-history":[{"count":2,"href":"https:\/\/www.bymycar.fr\/webzine\/wp-json\/wp\/v2\/posts\/33637\/revisions"}],"predecessor-version":[{"id":33647,"href":"https:\/\/www.bymycar.fr\/webzine\/wp-json\/wp\/v2\/posts\/33637\/revisions\/33647"}],"wp:featuredmedia":[{"embeddable":true,"href":"https:\/\/www.bymycar.fr\/webzine\/wp-json\/wp\/v2\/media\/33645"}],"wp:attachment":[{"href":"https:\/\/www.bymycar.fr\/webzine\/wp-json\/wp\/v2\/media?parent=33637"}],"wp:term":[{"taxonomy":"category","embeddable":true,"href":"https:\/\/www.bymycar.fr\/webzine\/wp-json\/wp\/v2\/categories?post=33637"},{"taxonomy":"post_tag","embeddable":true,"href":"https:\/\/www.bymycar.fr\/webzine\/wp-json\/wp\/v2\/tags?post=33637"}],"curies":[{"name":"wp","href":"https:\/\/api.w.org\/{rel}","templated":true}]}}