{"id":33367,"date":"2022-07-14T10:15:08","date_gmt":"2022-07-14T08:15:08","guid":{"rendered":"https:\/\/prod.bymycar.fr\/webzine\/?p=33367"},"modified":"2025-12-04T09:49:14","modified_gmt":"2025-12-04T08:49:14","slug":"quelle-mercedes-gla-choisir","status":"publish","type":"post","link":"https:\/\/www.bymycar.fr\/webzine\/quelle-mercedes-gla-choisir\/","title":{"rendered":"Quelle Mercedes GLA choisir ?"},"content":{"rendered":"","protected":false},"excerpt":{"rendered":"","protected":false},"author":9,"featured_media":33324,"comment_status":"closed","ping_status":"closed","sticky":false,"template":"","format":"standard","meta":{"_acf_changed":false,"footnotes":""},"categories":[12893,12932],"tags":[],"class_list":["post-33367","post","type-post","status-publish","format-standard","has-post-thumbnail","hentry","category-guide-dachat","category-guide-dachat-mercedes-gla"],"acf":{"template":"classique","introduction":"<p>Vous recherchez un <a href=\"https:\/\/www.bymycar.fr\/v\/suv-occasion\">SUV<\/a> compact alliant \u00e9l\u00e9gance et performance ? La <a href=\"https:\/\/www.bymycar.fr\/v\/mercedes-gla-occasion\">Mercedes GLA<\/a> repr\u00e9sente le choix id\u00e9al pour r\u00e9pondre \u00e0 vos attentes. Que vous privil\u00e9giez l&rsquo;\u00e9conomie en milieu urbain, la polyvalence sur autoroute ou les sensations fortes, notre \u00e9quipe BYmyCAR vous guide pour identifier la Mercedes GLA parfaitement adapt\u00e9e \u00e0 votre style de vie. Gr\u00e2ce \u00e0 sa gamme diversifi\u00e9e de motorisations et finitions, ce SUV compact premium de <a href=\"https:\/\/www.bymycar.fr\/v\/mercedes-occasion\">la c\u00e9l\u00e8bre marque Mercedes<\/a> saura vous s\u00e9duire par son design dynamique et son confort innovant.<\/p>\n<p><strong>Ce qu&rsquo;il faut retenir<\/strong><\/p>\n<p>Voici les points essentiels pour choisir votre Mercedes GLA id\u00e9ale :<\/p>\n<ul>\n<li><strong>Selon votre usage<\/strong> : privil\u00e9giez la GLA 180\/200 essence pour la ville, la GLA 220 d diesel pour les longs trajets, ou les versions AMG pour les performances sportives ;<\/li>\n<li><strong>Finitions disponibles<\/strong> : la Progressive Line offre confort et \u00e9quipements de s\u00e9rie g\u00e9n\u00e9reux, tandis que l&rsquo;AMG Line ajoute un style sportif avec kit carrosserie et jantes 19 pouces ;<\/li>\n<li><strong>Alternative occasion<\/strong> : la Mercedes GLA d&rsquo;occasion repr\u00e9sente un excellent choix gr\u00e2ce \u00e0 sa fiabilit\u00e9 exceptionnelle et sa qualit\u00e9 de finition durable.<\/li>\n<\/ul>\n<p>Nos conseillers BYmyCAR vous accompagnent pour identifier la configuration parfaitement adapt\u00e9e \u00e0 vos besoins et votre budget.<\/p>\n","strates":[{"type_strate":"texte-simple","ancre":"","contenu":"<h2 style=\"text-align: justify;\">Mercedes Classe GLA : un mod\u00e8le entre le SUV et le 4&#215;4<\/h2>\n<p style=\"text-align: justify;\">Le <a href=\"https:\/\/www.bymycar.fr\/marques\/mercedes\/gla\">Mercedes Classe GLA<\/a> est un mod\u00e8le de crossover compact produit par le constructeur allemand depuis 2014. La premi\u00e8re version pr\u00e9sent\u00e9e et sortie cette ann\u00e9e m\u00eame est le Type 156. 6 ans plus tard, en 2020, le Mercedes GLA fait l\u2019objet d\u2019un restylage. Une nouvelle version du Mercedes GLA appara\u00eet : le Type 247.<\/p>\n<p style=\"text-align: justify;\">Les crossovers sont de plus en plus pr\u00e9sents dans les villes et sur les routes. \u00c0 premi\u00e8re vue, un crossover s\u2019apparente \u00e0 un SUV, le SUV lui-m\u00eame s\u2019apparentant \u00e0 un 4&#215;4. N\u00e9anmoins, ces types de voitures sont diff\u00e9rents.<\/p>\n<p style=\"text-align: justify;\">Le 4&#215;4 est, par d\u00e9finition, une voiture tout-terrain munie d\u2019une transmission int\u00e9grale. Ce type de transmission fait que les 4 roues de la voiture sont motrices. En d\u2019autres termes, la vitesse de rotation du moteur est transmise \u00e0 la totalit\u00e9 des pneus. Cela apporte plus de puissance, mais \u00e9galement permet une meilleure adh\u00e9rence des roues. Ainsi, le 4&#215;4 est la voiture adapt\u00e9e \u00e0 tous les types de terrains, m\u00eame les plus difficiles.<\/p>\n<p style=\"text-align: justify;\">Le SUV est un v\u00e9hicule qui, de visu, ressemble \u00e0 un 4&#215;4. N\u00e9anmoins, il fait plus figure de voiture de loisir que de v\u00e9hicule tout-terrain. Le SUV est une automobile moderne adapt\u00e9e \u00e0 la conduite en ville. Tout comme les citadines, il est muni d\u2019un large panel d\u2019\u00e9quipement et d\u2019accessoires, facilitant la conduite en zone urbaine (syst\u00e8mes d\u2019aide \u00e0 la conduite, affichage t\u00eate haute, cam\u00e9ra de recul\u2026). Tr\u00e8s souvent, le SUV est \u00e9quip\u00e9 d\u2019une transmission int\u00e9grale.<\/p>\n<p style=\"text-align: justify;\">Le crossover est un peu le mod\u00e8le se situant \u00e0 mi-chemin entre le 4&#215;4 et le SUV. En effet, tout comme le 4&#215;4, le crossover est muni de la transmission int\u00e9grale. Comme le SUV, il est \u00e9quip\u00e9 de toute l\u2019accessoirisation et de la technologie n\u00e9cessaire pour la conduite en ville. La diff\u00e9rence est que le crossover est une voiture plus petite que le 4&#215;4 et le SUV. Ses dimensions r\u00e9duites rendent le crossover encore plus praticable en ville.<\/p>\n<p style=\"text-align: justify;\">S\u2019il existe des <a href=\"https:\/\/www.bymycar.fr\/v\/mercedes-suv\">SUV Mercedes<\/a>, la Classe GLA r\u00e9unit plut\u00f4t des mod\u00e8les de crossover.<\/p>\n<p>&nbsp;<\/p>\n<h2 style=\"text-align: justify;\">Des dimensions propres \u00e0 un v\u00e9hicule compact (longueur, largeur, hauteur, taille du coffre)<\/h2>\n<p style=\"text-align: justify;\">Comme il a \u00e9t\u00e9 mentionn\u00e9, le Mercedes GLA est un crossover compact. Voici donc ses dimensions :<\/p>\n<ul style=\"text-align: justify;\">\n<li>Longueur : 4,42 m ;<\/li>\n<li>Largeur : 1,80 m ;<\/li>\n<li>Hauteur : 1,49 m ;<\/li>\n<li>Taille du coffre : de 386 \u00e0 435 litres.<\/li>\n<\/ul>\n<p style=\"text-align: justify;\">Remarque : ces dimensions se rapprochent beaucoup des standards des berlines. Avec un gabarit comme celui du Mercedes GLA, se garer et rouler en ville est beaucoup plus facile.<\/p>\n<p>&nbsp;<\/p>\n<h2 style=\"text-align: justify;\">Quel moteur pour le nouveau GLA ?<\/h2>\n<p style=\"text-align: justify;\">Il existe plusieurs moteurs disponibles pour le Mercedes GLA.<\/p>\n<p style=\"text-align: justify;\">Essence :<\/p>\n<ul style=\"text-align: justify;\">\n<li>4 cylindres 1.3 163 ch (200) ;<\/li>\n<li>4 cylindres 2.0 224 ch (250 4MATIC).<\/li>\n<\/ul>\n<p style=\"text-align: justify;\">Diesel :<\/p>\n<ul style=\"text-align: justify;\">\n<li>4 cylindres 2.0 150 ch (200d) ;<\/li>\n<li>4 cylindres 2.0 190 ch (220d 4MATIC).<\/li>\n<\/ul>\n<p>&nbsp;<\/p>\n<h2 style=\"text-align: justify;\">GLA 200 2020 : moteur Renault ou Mercedes ?<\/h2>\n<p style=\"text-align: justify;\">Depuis plus de 10 ans, Mercedes est en \u00e9troite collaboration avec Mercedes. En effet, de nombreux Mercedes sont \u00e9quip\u00e9s d\u2019un moteur fabriqu\u00e9 par le g\u00e9ant fran\u00e7ais. Parmi ces mod\u00e8les se trouvent :<\/p>\n<ul style=\"text-align: justify;\">\n<li>Le Mercedes Classe A ;<\/li>\n<li>Le Mercedes Classe B ;<\/li>\n<li>Certaines versions de la Classe GLA ;<\/li>\n<li>Le Mercedes Citan.<\/li>\n<\/ul>\n<p style=\"text-align: justify;\">Les moteurs Renault qu\u2019il est possible de trouver sous le capot de ces v\u00e9hicules sont :<\/p>\n<ul style=\"text-align: justify;\">\n<li>Le moteur diesel 1.5 DCi ;<\/li>\n<li>Le bloc 1.6 DCi ;<\/li>\n<li>Le moteur 2.0 ;<\/li>\n<li>Le moteur 2.3 :<\/li>\n<li>Le moteur 1.3 TCe H5HT.<\/li>\n<\/ul>\n<p style=\"text-align: justify;\">Si les moteurs Renault sont de qualit\u00e9 sup\u00e9rieure, ils n\u2019\u00e9quipent cependant pas tous les Mercedes du march\u00e9. En effet, le moteur Cdi du Mercedes GLA 200 est un moteur 100 % Mercedes. Ce 4 cylindres de 2.143 cm3 poss\u00e8de une puissance nominale de 136 ch, permettant au v\u00e9hicule d\u2019atteindre une vitesse maximale de 205 km\/h. Il permet \u00e9galement une belle acc\u00e9l\u00e9ration de 0 \u00e0 100 km en 10 secondes.<\/p>\n<p>&nbsp;<\/p>\n<h2 style=\"text-align: justify;\">Mercedes GLA 2020 : moteur essence ou diesel ?<\/h2>\n<p style=\"text-align: justify;\">\u00c0 l\u2019heure o\u00f9 les enjeux environnementaux prennent \u00e9norm\u00e9ment d\u2019ampleur, un grand nombre de constructeurs automobiles, dont Mercedes, a d\u00e9cid\u00e9 de revoir leurs moteurs. Les moteurs \u00e0 essence ont \u00e9t\u00e9 favoris\u00e9s, au d\u00e9triment de l\u2019utilisation des moteurs diesel. En effet, il est important de mentionner que la combustion du diesel provoque une \u00e9mission de CO2 et d\u2019autres gaz toxiques plus importante que celle de l\u2019essence.<\/p>\n<p style=\"text-align: justify;\">N\u00e9anmoins, Mercedes a trouv\u00e9 une solution \u00e0 ce probl\u00e8me tout en offrant au Mercedes GLA 2020 tous les avantages du diesel. En effet, les moteurs diesel de Mercedes ont \u00e9t\u00e9 sp\u00e9cialement con\u00e7us afin de n\u2019\u00e9mettre qu\u2019une faible quantit\u00e9 de CO2. De ce fait, le crossover b\u00e9n\u00e9ficie de la puissance offerte par le diesel, sans pour autant participer \u00e0 la pollution atmosph\u00e9rique. Notons \u00e9galement que question conso, le diesel est la meilleure affaire. Un moteur diesel consomme environ 2 litres de carburant en moins qu\u2019un moteur \u00e0 essence sur 100 km.<\/p>\n<p>&nbsp;<\/p>\n<h2 style=\"text-align: justify;\">Mercedes GLA ou Classe A ?<\/h2>\n<p style=\"text-align: justify;\">Afin de faire un choix entre le GLA et le Classe A, il est important de d\u00e9finir la signification de \u00ab GLA \u00bb. Il ne s\u2019agit \u00e9tonnamment pas d\u2019un acronyme. En effet, le syst\u00e8me de nomination et de classification des v\u00e9hicules par Mercedes est un peu plus complexe que celui des autres conducteurs. Cependant, il n\u2019en est pas moins facile \u00e0 comprendre.<\/p>\n<p style=\"text-align: justify;\">En divisant le sigle GLA en deux, vous obtenez \u00ab GL \u00bb, d\u00e9signant le fait que la voiture appartient \u00e0 la famille des crossovers\/SUV, et \u00ab A \u00bb ce qui signifie que la voiture est un d\u00e9riv\u00e9 du Mercedes Classe A. De ce fait, nous pouvons \u00e9mettre une conjecture : le Mercedes GLA est une voiture \u00ab cousine \u00bb du Mercedes Classe A. Ces deux mod\u00e8les reposent sur la m\u00eame plateforme MBA. Donc, au niveau caract\u00e9ristiques techniques et technologiques, les deux mod\u00e8les sont \u00e9quivalents.<\/p>\n<p style=\"text-align: justify;\">Toutefois, il subsiste une diff\u00e9rence entre ces deux v\u00e9hicules. Le Mercedes GLA int\u00e8gre la cat\u00e9gorie des crossovers, et le Mercedes Classe A est une berline. Cette donn\u00e9e est donc \u00e0 prendre en compte si vous voulez faire un choix entre les deux mod\u00e8les.<\/p>\n<p>&nbsp;<\/p>\n<h2 style=\"text-align: justify;\">Passez \u00e0 l\u2019hybride avec le Mercedes GLA 250e<\/h2>\n<p style=\"text-align: justify;\">En 2020, en plus de la version restyl\u00e9e du Mercedes GLA, sort une version hybride rechargeable du v\u00e9hicule : le Mercedes GLA 250 e 8g-dct EQ Power. Cette voiture a beau \u00eatre une hybride, elle n\u2019en est pas moins puissante. En effet, son moteur peut d\u00e9velopper une puissance allant jusqu\u2019\u00e0 219 ch et 450 Nm de couple.<\/p>\n<p style=\"text-align: justify;\">Voiture responsable et \u00e9conomique, le Mercedes GLA 250 e est le fleuron de l\u2019hybride rechargeable. En plus de rejeter moins de 50 g de CO2\/km, sa consommation de carburant est minime, surtout compar\u00e9e \u00e0 un moteur thermique.<\/p>\n<p>&nbsp;<\/p>\n<h2 style=\"text-align: justify;\">Quel est le prix du Mercedes GLA sur le march\u00e9 ?<\/h2>\n<p style=\"text-align: justify;\">Le prix du Mercedes GLA varie en fonction du niveau de finition et de la motorisation choisie. Voici les tarifs en vigueur sur le march\u00e9 fran\u00e7ais :<\/p>\n<ul style=\"text-align: justify;\">\n<li>Mercedes-Benz GLA 200 163ch Progressive Line 7G-DCT : 42 300 \u20ac ;<\/li>\n<li>Mercedes-Benz GLA 200 163ch Business Line 7G-DCT : 43 050 \u20ac ;<\/li>\n<li>Mercedes-Benz GLA 200 d 150ch Progressive Line 8G-DCT : 43 200 \u20ac ;<\/li>\n<li>Mercedes-Benz GLA 200 163ch AMG Line 7G-DCT : 43 800 \u20ac ;<\/li>\n<li>Mercedes-Benz GLA 200 d 150ch Business Line 8G-DCT : 43 950 \u20ac ;<\/li>\n<li>Mercedes-Benz GLA 200 d 150ch AMG Line 8G-DCT : 44 700 \u20ac ;<\/li>\n<li>Mercedes-Benz GLA 250 e 160+102ch Progressive Line 8G-DCT : 50 600 \u20ac ;<\/li>\n<li>Mercedes-Benz GLA 250 e 160+102ch Business Line 8G-DCT : 51 350 \u20ac ;<\/li>\n<li>Mercedes-Benz GLA 250 224ch 4Matic AMG Line 8G-DCT : 51 400 \u20ac ;<\/li>\n<li>Mercedes-Benz GLA 220 d 190ch 4Matic AMG Line 8G-DCT : 51 400 \u20ac ;<\/li>\n<li>Mercedes-Benz GLA 250 e 160+102ch AMG Line 8G-DCT : 52 100 \u20ac ;<\/li>\n<li>Mercedes-Benz GLA 35 AMG 306ch 4Matic 8G-DCT Speedshift AMG : 57 700 \u20ac ;<\/li>\n<li>Mercedes-Benz GLA 45 S AMG 421ch 4Matic+ 8G-DCT Speedshift AMG : 75 700 \u20ac.<\/li>\n<\/ul>\n<p>&nbsp;<\/p>\n<h2 style=\"text-align: justify;\">Quel est le meilleur Mercedes GLA ?<\/h2>\n<p style=\"text-align: justify;\">Le Mercedes GLA est une voiture de qualit\u00e9 sup\u00e9rieure, et ce, d\u00e8s le mod\u00e8le d\u2019entr\u00e9e de gamme. Toutefois, si vous souhaitez profiter pleinement de l\u2019exp\u00e9rience \u00ab Mercedes \u00bb, optez pour le GLA 250 224ch 4MATIC AMG Line. Il ne s\u2019agit pas \u00e0 proprement parler du \u00ab meilleur \u00bb Mercedes GLA, car la qualification d\u2019une voiture en tant que tel reste subjective. N\u00e9anmoins, avec le GLA 250 224ch 4Matic AMG Line, vous profitez d\u2019une voiture correctement \u00e9quip\u00e9e, d\u2019un moteur performant, et d\u2019une excellente tenue de route appuy\u00e9e par la technologie de transmission int\u00e9grale 4MATIC propre \u00e0 Mercedes.<\/p>\n<p>&nbsp;<\/p>\n<h2 style=\"text-align: justify;\">Acheter neuf ou d\u2019occasion ?<\/h2>\n<p style=\"text-align: justify;\">Il est toujours pr\u00e9f\u00e9rable d\u2019acheter une voiture neuve plut\u00f4t qu\u2019une voiture d\u2019occasion. En effet, en achetant neuf, vous \u00e9vitez tout risque de panne non identifi\u00e9e lors du contr\u00f4le technique, ou encore les vices cach\u00e9s apparaissant plusieurs mois apr\u00e8s l\u2019achat du v\u00e9hicule. De plus, vous b\u00e9n\u00e9ficiez de la garantie constructeur. Enfin, si vous optez pour une voiture hybride ou \u00e9lectrique, vous pouvez profiter d\u2019une aide financi\u00e8re pouvant aller jusqu\u2019\u00e0 5000 \u20ac offerte par l\u2019\u00c9tat et appel\u00e9e EcoBonus, ou bonus \u00e9cologique. N\u00e9anmoins nos voitures d&rsquo;occasion sont r\u00e9vis\u00e9es dans nos ateliers afin de vous garantir un produit en parfait \u00e9tat.<\/p>\n<p>&nbsp;<\/p>\n<p>Voir es tarifs en vigueur dans les <a href=\"https:\/\/www.bymycar.fr\/concessions\/mercedes\">concessions Mercedes BYmyCAR<\/a>.<\/p>\n<p>&nbsp;<\/p>\n<p>&nbsp;<\/p>\n<p style=\"text-align: center;\"><a href=\"https:\/\/www.bymycar.fr\/rechercher-un-vehicule?prod_VEHICLES%5BrefinementList%5D%5Bbrand%5D%5B0%5D=MERCEDES&amp;prod_VEHICLES%5BrefinementList%5D%5BmodelGroup1%5D%5B0%5D=GLA%20II&amp;prod_VEHICLES%5BrefinementList%5D%5BmodelGroup1%5D%5B1%5D=CLASSE%20GLA\" target=\"_blank\" class=\"css-button css-button--gold\" >\n                Voir nos Mercedes GLA disponibles &gt;\n        <\/a><\/p>\n<p>&nbsp;<\/p>\n<p>&nbsp;<\/p>\n<p>&nbsp;<\/p>\n<h3 style=\"text-align: justify;\">\u00c0 LIRE \u00c9GALEMENT :<\/h3>\n<p style=\"text-align: justify;\"><a href=\"https:\/\/www.bymycar.fr\/webzine\/quelle-pression-des-pneus-sur-le-mercedes-gla\/\">Quelle pression des pneus sur le mercedes gla ?<\/a><\/p>\n<p style=\"text-align: justify;\"><a href=\"https:\/\/www.bymycar.fr\/webzine\/combien-coute-une-mercedes-gla-hybride\/\">Combien coute une mercedes gla hybride ?<\/a><\/p>\n<p style=\"text-align: justify;\"><a href=\"https:\/\/www.bymycar.fr\/webzine\/mercedes-gla-vs-jaguar-e-pace-que-choisir\/\">Mercedes gla vs jaguar e pace : que choisir ?<\/a><\/p>\n<p style=\"text-align: justify;\"><a href=\"https:\/\/www.bymycar.fr\/webzine\/comparatif-mercedes-benz-cla-vs-gla\/\">Comparatif : mercedes benz cla vs gla<\/a><\/p>\n<p style=\"text-align: justify;\"><a href=\"https:\/\/www.bymycar.fr\/webzine\/quel-moteur-sur-la-mercedes-gla\/\">Quel moteur sur la mercedes gla ?<\/a><\/p>\n<p style=\"text-align: justify;\"><a href=\"https:\/\/www.bymycar.fr\/webzine\/que-veut-dire-gla-chez-mercedes\/\">Que veut dire gla chez mercedes ?<\/a><\/p>\n<p style=\"text-align: justify;\"><a href=\"https:\/\/www.bymycar.fr\/webzine\/bmw-x1-vs-gla-mercedes-que-choisir\/\">Bmw x1 vs gla mercedes : que choisir ?<\/a><\/p>\n<p style=\"text-align: justify;\"><a href=\"https:\/\/www.bymycar.fr\/webzine\/quelle-est-la-consommation-du-mercedes-gla\/\">Quelle est la consommation du mercedes gla ?<\/a><\/p>\n<p style=\"text-align: justify;\"><a href=\"https:\/\/www.bymycar.fr\/webzine\/combien-coute-une-mercedes-gla\/\">Combien coute une mercedes gla ?<\/a><\/p>\n<p style=\"text-align: justify;\"><a href=\"https:\/\/www.bymycar.fr\/webzine\/mercedes-gla-vs-rav4-que-choisir\/\">Mercedes gla vs rav4 : que choisir ?<\/a><\/p>\n","titre":"Texte 1","image":false,"image_libre":false,"image_800x500":false,"legende":"","zoom":false,"texte":"","articles":false,"categorie_droite":false,"images":false,"elements_comparatif":false,"texte_1":"","texte_2":"","image_1":false,"image_1_563x400":false,"image_1_332x332":false,"image_2":false,"image_2_333x240":false,"image_2_563x400":false,"image_3":false,"image_3_333x240":false,"image_3_332x450":false,"image_4":false,"image_4_332x332":false,"image_4_563x400":false,"code_embed":"","legende_video":"","photo":false,"photo_100x100":false,"nom":"","fonction":"","elements_timeline":false,"entetes_colonnes":false,"entetes_lignes":false,"lignes":false,"introduction":"","formulaire":false,"question":"","reponse":"","libelle_bouton_lien":"","url_lien":"","questions":false,"conclusions":false,"pays":false,"region":false,"marque":false,"marqueConcessions":false,"modele":false,"ptvente":false,"typeV":false,"collection":false,"nombre_maximum_elements":10,"lien_fin_carousel":"","texte_lien_fin_carousel":"","trier_par":false}],"is_old_post":false,"image":{"ID":33324,"id":33324,"title":"20c0046_020","filename":"20c0046_020.jpg","filesize":1,"url":"https:\/\/cdn.bymycar.eu\/fr-webzine\/wp-content\/uploads\/medias\/20c0046_020.jpg","link":"https:\/\/www.bymycar.fr\/webzine\/quelle-pression-des-pneus-sur-le-mercedes-gla\/20c0046_020\/","alt":"","author":"9","description":"","caption":"","name":"20c0046_020","status":"inherit","uploaded_to":33316,"date":"2022-07-14 07:56:52","modified":"2022-07-14 07:56:52","menu_order":0,"mime_type":"image\/jpeg","type":"image","subtype":"jpeg","icon":"https:\/\/www.bymycar.fr\/webzine\/wp-includes\/images\/media\/default.png","width":750,"height":410,"sizes":{"thumbnail":"https:\/\/cdn.bymycar.eu\/fr-webzine\/wp-content\/uploads\/medias\/20c0046_020-150x150.jpg","thumbnail-width":150,"thumbnail-height":150,"medium":"https:\/\/cdn.bymycar.eu\/fr-webzine\/wp-content\/uploads\/medias\/20c0046_020-300x164.jpg","medium-width":300,"medium-height":164,"medium_large":"https:\/\/cdn.bymycar.eu\/fr-webzine\/wp-content\/uploads\/medias\/20c0046_020.jpg","medium_large-width":750,"medium_large-height":410,"large":"https:\/\/cdn.bymycar.eu\/fr-webzine\/wp-content\/uploads\/medias\/20c0046_020.jpg","large-width":750,"large-height":410,"1536x1536":"https:\/\/cdn.bymycar.eu\/fr-webzine\/wp-content\/uploads\/medias\/20c0046_020.jpg","1536x1536-width":750,"1536x1536-height":410,"2048x2048":"https:\/\/cdn.bymycar.eu\/fr-webzine\/wp-content\/uploads\/medias\/20c0046_020.jpg","2048x2048-width":750,"2048x2048-height":410}},"page_content":{"block_content":[{"acf_fc_layout":"carousel-produits"},{"acf_fc_layout":"text-simple","--nav":{"-withNav":false,"-ancre":""},"--group":{"-text":"<h2>Mercedes Classe GLA : dimensions, design et coffre spacieux<\/h2>\n<h3>Un SUV compact premium et polyvalent<\/h3>\n<p>La Mercedes Classe GLA s\u00e9duit par son design parfaitement \u00e9quilibr\u00e9 et son allure dynamique. Ce SUV compact premium se distingue par ses lignes muscl\u00e9es et \u00e9l\u00e9gantes qui incarnent l&rsquo;ADN de la marque \u00e0 l&rsquo;\u00e9toile. Son profil sur\u00e9lev\u00e9 avec une garde au sol confortable de 17 cm lui conf\u00e8re une pr\u00e9sence affirm\u00e9e sur la route tout en conservant des dimensions urbaines id\u00e9ales pour une conduite quotidienne.<\/p>\n<p>L&rsquo;habitacle de la Mercedes GLA a \u00e9t\u00e9 con\u00e7u pour offrir un maximum de confort et de polyvalence. Vous appr\u00e9cierez particuli\u00e8rement sa banquette arri\u00e8re fractionn\u00e9e 40\/20\/40 et coulissante sur 14 centim\u00e8tres, qui vous permet d&rsquo;adapter l&rsquo;espace selon vos besoins. Les mat\u00e9riaux de haute qualit\u00e9 et les finitions soign\u00e9es cr\u00e9ent une ambiance premium typique de la marque. Le syst\u00e8me MBUX de derni\u00e8re g\u00e9n\u00e9ration avec son \u00e9cran tactile haute r\u00e9solution et sa commande vocale intelligente enrichit chaque trajet et vous offre une exp\u00e9rience utilisateur intuitive.<\/p>\n<h3>Dimensions ext\u00e9rieures et volume de coffre<\/h3>\n<p>La Mercedes Classe GLA affiche des dimensions parfaitement \u00e9quilibr\u00e9es qui en font un v\u00e9ritable SUV compact premium. Avec une longueur de 4,41 m\u00e8tres, une largeur de 1,83 m\u00e8tre et une hauteur de 1,62 m\u00e8tre, elle s&rsquo;ins\u00e8re facilement dans l&rsquo;environnement urbain tout en offrant un espace int\u00e9rieur g\u00e9n\u00e9reux. Son coffre spacieux propose un volume de 435 litres en version thermique (385 litres pour l&rsquo;hybride rechargeable), extensible jusqu&rsquo;\u00e0 1 430 litres une fois la banquette rabattue.<\/p>\n<p>Voici comment la Mercedes GLA se positionne face \u00e0 ses principaux concurrents :<\/p>\n<table>\n<thead>\n<tr>\n<th>Mod\u00e8le<\/th>\n<th>Longueur (mm)<\/th>\n<th>Largeur (mm)<\/th>\n<th>Hauteur (mm)<\/th>\n<th>Volume coffre (litres)<\/th>\n<\/tr>\n<\/thead>\n<tbody>\n<tr>\n<td>Mercedes GLA<\/td>\n<td>4 410<\/td>\n<td>1 834<\/td>\n<td>1 616<\/td>\n<td>435<\/td>\n<\/tr>\n<tr>\n<td>BMW X1<\/td>\n<td>4 500<\/td>\n<td>1 845<\/td>\n<td>1 642<\/td>\n<td>540<\/td>\n<\/tr>\n<tr>\n<td>Audi Q3<\/td>\n<td>4 484<\/td>\n<td>1 849<\/td>\n<td>1 585<\/td>\n<td>530<\/td>\n<\/tr>\n<tr>\n<td>Volkswagen Tiguan<\/td>\n<td>4 510<\/td>\n<td>1 839<\/td>\n<td>1 632<\/td>\n<td>520<\/td>\n<\/tr>\n<tr>\n<td>Volvo XC40<\/td>\n<td>4 425<\/td>\n<td>1 863<\/td>\n<td>1 652<\/td>\n<td>460<\/td>\n<\/tr>\n<\/tbody>\n<\/table>\n<p>Bien que son volume de coffre ne soit pas le plus g\u00e9n\u00e9reux de sa cat\u00e9gorie, la Mercedes GLA compense par son allure dynamique, sa qualit\u00e9 de fabrication et ses technologies embarqu\u00e9es qui en font un SUV compact premium de r\u00e9f\u00e9rence. Vous souhaitez d\u00e9couvrir ce mod\u00e8le ? Venez essayer la <a href=\"https:\/\/www.bymycar.fr\/v\/mercedes-classe-gla-2025-occasion\">Mercedes GLA 2025<\/a> dans nos concessions BYmyCAR.<\/p>\n<h2>Motorisations Mercedes GLA : essence, diesel, hybride rechargeable et AMG<\/h2>\n<h3>Essence : de la Mercedes GLA 180 \u00e0 la 250<\/h3>\n<p>La gamme essence de la Mercedes GLA s&rsquo;articule autour de moteurs performants et \u00e9conomiques. La Mercedes GLA 180, avec son bloc 1.3 d\u00e9veloppant 136 ch, repr\u00e9sente le point d&rsquo;entr\u00e9e id\u00e9al pour une utilisation principalement urbaine. Compacte et maniable, elle offre une consommation ma\u00eetris\u00e9e d&rsquo;environ 6,5 l\/100 km en cycle mixte.<\/p>\n<p>La Mercedes GLA 200 propose quant \u00e0 elle une puissance sup\u00e9rieure de 163 ch, toujours avec le moteur 1.3, pour un meilleur dynamisme sans sacrifier l&rsquo;\u00e9conomie de carburant. Cette version interm\u00e9diaire affiche une vitesse maximale de 210 km\/h et un 0 \u00e0 100 km\/h en 8,7 secondes.<\/p>\n<p>Pour ceux recherchant plus de performances, la Mercedes 250 GLA se distingue avec son moteur 2.0 de 224 ch, disponible en version transmission int\u00e9grale 4MATIC. Cette configuration garantit une excellente tenue de route et une puissance maximale exploitable en toutes conditions.<\/p>\n<h3>Moteurs diesel : Mercedes GLA 180d et Mercedes GLA 200 d<\/h3>\n<p>Les motorisations diesel de la Mercedes GLA s\u00e9duisent par leur sobri\u00e9t\u00e9 et leur couple g\u00e9n\u00e9reux, id\u00e9aux pour les grands rouleurs. La Mercedes GLA 180d propose un bloc diesel de 116 ch, parfait pour une utilisation quotidienne \u00e9conomique avec une consommation moyenne inf\u00e9rieure \u00e0 5,5 l\/100 km.<\/p>\n<p>La Mercedes GLA 200 d se positionne comme le choix de raison pour les longs trajets. Son moteur 2.0 d\u00e9veloppant 150 ch offre un excellent compromis entre performances et \u00e9conomie de carburant. Disponible avec la bo\u00eete automatique 8G-DCT, elle garantit un agr\u00e9ment de conduite optimal et des reprises franches en toutes circonstances.<\/p>\n<p>Les versions diesel b\u00e9n\u00e9ficient \u00e9galement d&rsquo;une autonomie \u00e9tendue, permettant de parcourir plus de 800 km avec un plein, un atout consid\u00e9rable pour les trajets autoroutiers.<\/p>\n<h3>Version hybride rechargeable : Mercedes GLA 250e<\/h3>\n<p>La Mercedes GLA 250e repr\u00e9sente l&rsquo;avenir de la mobilit\u00e9 avec sa motorisation hybride rechargeable combinant un moteur essence et un moteur \u00e9lectrique. Cette version d\u00e9veloppe une puissance cumul\u00e9e de 218 ch tout en affichant des \u00e9missions de CO2 r\u00e9duites \u00e0 seulement 24 g\/km.<\/p>\n<p>Son autonomie en mode 100 % \u00e9lectrique atteint environ 50 km, id\u00e9ale pour les trajets quotidiens sans consommer la moindre goutte de carburant. La batterie se recharge en 3 heures sur une wallbox et permet de b\u00e9n\u00e9ficier d&rsquo;avantages fiscaux significatifs.<\/p>\n<p>Cette technologie avanc\u00e9e offre le meilleur des deux mondes : z\u00e9ro \u00e9mission en ville et grande autonomie pour les longs trajets, sans compromis sur les performances.<\/p>\n<h3>Performances AMG : Mercedes GLA 35 et Mercedes GLA 45 S<\/h3>\n<p>Au sommet de la gamme, les versions Mercedes-AMG GLA conjuguent l&rsquo;aspect pratique d&rsquo;un SUV compact avec des performances dignes de voitures de sport. La Mercedes-AMG GLA 35 4MATIC impressionne avec son moteur 2.0 turbocompress\u00e9 de 306 ch, capable d&rsquo;abattre le 0 \u00e0 100 km\/h en seulement 5,2 secondes.<\/p>\n<p>La version ultime, la Mercedes-AMG GLA 45 S, repousse encore les limites avec 421 ch et un couple massif, pour une acc\u00e9l\u00e9ration de 0 \u00e0 100 km\/h en 4,3 secondes et une vitesse maximale brid\u00e9e \u00e0 250 km\/h. Ces mod\u00e8les b\u00e9n\u00e9ficient d&rsquo;une transmission int\u00e9grale 4MATIC+, d&rsquo;une suspension sp\u00e9cifique et d&rsquo;un syst\u00e8me d&rsquo;\u00e9chappement sport pour une exp\u00e9rience de conduite exceptionnelle.<\/p>\n<table>\n<thead>\n<tr>\n<th>Motorisation<\/th>\n<th>Puissance<\/th>\n<th>Couple<\/th>\n<th>Consommation mixte<\/th>\n<th>Transmission<\/th>\n<\/tr>\n<\/thead>\n<tbody>\n<tr>\n<td>GLA 180<\/td>\n<td>136 ch<\/td>\n<td>200 Nm<\/td>\n<td>6,5 l\/100 km<\/td>\n<td>Traction<\/td>\n<\/tr>\n<tr>\n<td>GLA 200<\/td>\n<td>163 ch<\/td>\n<td>250 Nm<\/td>\n<td>6,2 l\/100 km<\/td>\n<td>Traction<\/td>\n<\/tr>\n<tr>\n<td>GLA 250 4MATIC<\/td>\n<td>224 ch<\/td>\n<td>350 Nm<\/td>\n<td>7,0 l\/100 km<\/td>\n<td>Int\u00e9grale<\/td>\n<\/tr>\n<tr>\n<td>GLA 180d<\/td>\n<td>116 ch<\/td>\n<td>280 Nm<\/td>\n<td>5,5 l\/100 km<\/td>\n<td>Traction<\/td>\n<\/tr>\n<tr>\n<td>GLA 200d<\/td>\n<td>150 ch<\/td>\n<td>320 Nm<\/td>\n<td>5,2 l\/100 km<\/td>\n<td>Traction<\/td>\n<\/tr>\n<tr>\n<td>GLA 250e<\/td>\n<td>218 ch<\/td>\n<td>450 Nm<\/td>\n<td>1,5 l\/100 km<\/td>\n<td>Traction<\/td>\n<\/tr>\n<tr>\n<td>AMG GLA 35<\/td>\n<td>306 ch<\/td>\n<td>400 Nm<\/td>\n<td>8,0 l\/100 km<\/td>\n<td>Int\u00e9grale<\/td>\n<\/tr>\n<tr>\n<td>AMG GLA 45 S<\/td>\n<td>421 ch<\/td>\n<td>500 Nm<\/td>\n<td>9,3 l\/100 km<\/td>\n<td>Int\u00e9grale<\/td>\n<\/tr>\n<\/tbody>\n<\/table>\n<h2>Technologies embarqu\u00e9es et aides \u00e0 la conduite<\/h2>\n<p>La Mercedes GLA se distingue par son arsenal technologique de pointe, con\u00e7u pour am\u00e9liorer votre exp\u00e9rience de conduite tout en garantissant une s\u00e9curit\u00e9 optimale. V\u00e9ritable concentr\u00e9 d&rsquo;innovations, ce SUV compact vous propose des \u00e9quipements dignes des segments sup\u00e9rieurs.<\/p>\n<h3>Syst\u00e8mes de s\u00e9curit\u00e9 avanc\u00e9s<\/h3>\n<p>La GLA b\u00e9n\u00e9ficie d&rsquo;un haut niveau de s\u00e9curit\u00e9 active gr\u00e2ce aux technologies Mercedes-Benz Intelligent Drive.<\/p>\n<p>Ces syst\u00e8mes d&rsquo;assistance \u00e0 la conduite vous accompagnent dans toutes les situations :<\/p>\n<ul>\n<li>Un freinage d&rsquo;urgence assist\u00e9 actif qui peut intervenir jusqu&rsquo;\u00e0 60 km\/h en cas de risque de collision ;<\/li>\n<li>Un r\u00e9gulateur de vitesse adaptatif maintenant automatiquement la distance avec le v\u00e9hicule qui vous pr\u00e9c\u00e8de ;<\/li>\n<li>Un assistant de vigilance ATTENTION ASSIST qui d\u00e9tecte les signes de fatigue sur les longs trajets ;<\/li>\n<li>Une aide active au stationnement PARKTRONIC facilitant vos man\u0153uvres quotidiennes ;<\/li>\n<li>Un syst\u00e8me de maintien dans la voie pour une conduite plus sereine.<\/li>\n<\/ul>\n<p>Ces technologies fonctionnent en coop\u00e9ration avec le conducteur pour vous offrir une protection optimale et r\u00e9duire votre charge mentale lors de vos d\u00e9placements.<\/p>\n<h3>Tableau de bord num\u00e9rique et commande vocale<\/h3>\n<p>L&rsquo;habitacle de la GLA s&rsquo;articule autour du syst\u00e8me multim\u00e9dia MBUX (Mercedes-Benz User Experience), v\u00e9ritable r\u00e9volution dans l&rsquo;interaction avec votre v\u00e9hicule. Le double \u00e9cran digital haute r\u00e9solution garantit une lisibilit\u00e9 parfaite de toutes les informations, tandis que l&rsquo;affichage t\u00eate haute projette les donn\u00e9es essentielles dans votre champ de vision.<\/p>\n<p>L&rsquo;assistant vocal intelligent \u00ab Hey Mercedes \u00bb comprend le langage naturel et s&rsquo;adapte \u00e0 vos habitudes pour vous proposer une exp\u00e9rience personnalis\u00e9e. L&rsquo;interface Zero Layer pr\u00e9sente les fonctions les plus pertinentes selon le contexte, et la connectivit\u00e9 smartphone compl\u00e8te vous permet de rester connect\u00e9 en toute s\u00e9curit\u00e9.<\/p>\n<p>Le syst\u00e8me MBUX apprend de vos pr\u00e9f\u00e9rences pour anticiper vos besoins. Gr\u00e2ce \u00e0 la commande vocale \u00ab Hey Mercedes \u00bb, contr\u00f4lez de nombreuses fonctions sans quitter la route des yeux.<\/p>\n<h2>Finitions Mercedes GLA : Progressive Line ou AMG Line ?<\/h2>\n<h3>Progressive Line : confort et \u00e9quipement de s\u00e9rie<\/h3>\n<p>La finition Progressive Line constitue la porte d&rsquo;entr\u00e9e harmonieuse dans l&rsquo;univers de la Mercedes GLA. Elle privil\u00e9gie le confort et l&rsquo;\u00e9l\u00e9gance avec une pr\u00e9sentation int\u00e9rieure raffin\u00e9e et des \u00e9quipements g\u00e9n\u00e9reusement dot\u00e9s de s\u00e9rie. Vous b\u00e9n\u00e9ficiez notamment de la sellerie mixte tissu et similicuir, de si\u00e8ges avant r\u00e9glables \u00e9lectriquement, et d&rsquo;un volant multifonction gain\u00e9 de cuir.<\/p>\n<p>L&rsquo;\u00e9quipement de s\u00e9rie comprend la climatisation automatique bi-zone, les jantes alliage de 18 pouces, le syst\u00e8me d&rsquo;aide au stationnement PARKTRONIC avec cam\u00e9ra de recul, ainsi que les phares LED haute performance. Le syst\u00e8me MBUX avec \u00e9cran tactile 10,25 pouces et la reconnaissance vocale \u00ab Hey Mercedes \u00bb enrichissent votre exp\u00e9rience de conduite quotidienne.<\/p>\n<p>Cette finition s&rsquo;adresse aux conducteurs recherchant un \u00e9quilibre optimal entre prestations premium et usage quotidien confortable, sans sacrifier les technologies essentielles.<\/p>\n<h3>AMG Line : style sport et kit carrosserie AMG<\/h3>\n<p>La finition AMG Line transforme la Mercedes GLA en un SUV au caract\u00e8re affirm\u00e9 et sportif. Le kit carrosserie AMG avec boucliers redessin\u00e9s, diffuseur arri\u00e8re et inserts chrom\u00e9s renforce la pr\u00e9sence routi\u00e8re du v\u00e9hicule. Les jantes AMG de 19 pouces au design dynamique et les \u00e9triers de frein peints compl\u00e8tent cette transformation esth\u00e9tique.<\/p>\n<p>L&rsquo;habitacle b\u00e9n\u00e9ficie d&rsquo;une ambiance sportive avec les si\u00e8ges sport gain\u00e9s d&rsquo;Artico et microfibre, le volant sport AMG aplati dans sa partie inf\u00e9rieure, et les inserts d\u00e9coratifs sp\u00e9cifiques. Le p\u00e9dalier sport en acier inoxydable et les tapis de sol AMG parach\u00e8vent cette atmosph\u00e8re dynamique.<\/p>\n<p>Cette finition ravira les conducteurs exigeants en qu\u00eate d&rsquo;exclusivit\u00e9 et de sensations, tout en conservant le confort et les \u00e9quipements technologiques de la marque. Pour d\u00e9couvrir toutes les possibilit\u00e9s d&rsquo;\u00e9quipement de la Mercedes GLA, nos conseillers BYmyCAR restent \u00e0 votre disposition pour vous accompagner dans votre choix.<\/p>\n<h2>Quel moteur choisir selon votre profil de conducteur<\/h2>\n<h3>Usage urbain : Mercedes GLA 180 et 200<\/h3>\n<p>Pour une utilisation principalement citadine, la Mercedes GLA 180 avec son moteur essence de 136 ch repr\u00e9sente un choix judicieux. Sa compacit\u00e9, sa maniabilit\u00e9 et sa consommation ma\u00eetris\u00e9e en font une alli\u00e9e parfaite pour vos d\u00e9placements quotidiens. La version GLA 200 de 163 ch offre un suppl\u00e9ment de dynamisme appr\u00e9ciable lors des phases d&rsquo;acc\u00e9l\u00e9ration et de d\u00e9passement.<\/p>\n<p>Ces versions essence se distinguent par leur douceur de fonctionnement et leur agr\u00e9ment au quotidien. La finition Progressive Line s&rsquo;av\u00e8re particuli\u00e8rement adapt\u00e9e \u00e0 cet usage, avec son \u00e9quipement de s\u00e9rie g\u00e9n\u00e9reux incluant la climatisation automatique et les aides \u00e0 la conduite essentielles.<\/p>\n<h3>Longs trajets : Mercedes GLA 220 d et 250 4MATIC<\/h3>\n<p>Si vous parcourez r\u00e9guli\u00e8rement de longues distances, le choix d&rsquo;un moteur diesel ou d&rsquo;une version essence puissante s&rsquo;impose. La Mercedes GLA 220 d avec son bloc 2.0 de 190 ch et sa transmission int\u00e9grale 4MATIC offre un confort autoroutier exemplaire, une autonomie \u00e9tendue et une consommation raisonnable.<\/p>\n<p>Pour ceux privil\u00e9giant l&rsquo;essence, la GLA 250 4MATIC de 224 ch constitue un excellent compromis. Sa transmission int\u00e9grale garantit une tenue de route optimale en toutes conditions, tandis que sa puissance permet des reprises franches et s\u00fbres lors des d\u00e9passements autoroutiers. La finition AMG Line valorise particuli\u00e8rement ces versions gr\u00e2ce \u00e0 ses \u00e9quipements sportifs et technologiques.<\/p>\n<h3>Sensations sportives : Mercedes-AMG GLA 35 et 45<\/h3>\n<p>Les conducteurs \u00e0 la recherche de performances exceptionnelles se tourneront vers les versions Mercedes-AMG. La GLA 35 4MATIC d\u00e9veloppe 306 ch et transforme chaque trajet en exp\u00e9rience intense gr\u00e2ce \u00e0 sa suspension sport, son ch\u00e2ssis abaiss\u00e9 et son \u00e9chappement au son caract\u00e9ristique.<\/p>\n<p>Au sommet de la hi\u00e9rarchie, la Mercedes-AMG GLA 45 S avec ses 421 ch repousse les limites du segment des SUV compacts. Son acc\u00e9l\u00e9ration fulgurante (0 \u00e0 100 km\/h en 4,3 secondes), sa transmission int\u00e9grale 4MATIC+ \u00e0 gestion \u00e9lectronique et son freinage haute performance en font une v\u00e9ritable r\u00e9f\u00e9rence pour les passionn\u00e9s de conduite sportive. Ces versions AMG b\u00e9n\u00e9ficient d&rsquo;\u00e9quipements sp\u00e9cifiques incluant si\u00e8ges baquets, instrumentation d\u00e9di\u00e9e et mode de conduite personnalisable.<\/p>\n<h2>Mercedes GLA occasion : l&rsquo;alternative rassurante<\/h2>\n<h3>Pourquoi choisir une Mercedes GLA d&rsquo;occasion ?<\/h3>\n<p>La Mercedes GLA d&rsquo;occasion repr\u00e9sente une option particuli\u00e8rement int\u00e9ressante pour qui souhaite acc\u00e9der \u00e0 l&rsquo;univers premium de la marque \u00e0 l&rsquo;\u00e9toile. Ce SUV compact se distingue par sa fiabilit\u00e9 exceptionnelle, confirm\u00e9e au fil des ann\u00e9es par de nombreux propri\u00e9taires. Les diff\u00e9rentes versions, de l&rsquo;entr\u00e9e de gamme jusqu&rsquo;aux mod\u00e8les AMG, ont d\u00e9montr\u00e9 une remarquable durabilit\u00e9. Sur le march\u00e9 de l&rsquo;occasion, la Mercedes GLA affiche une r\u00e9sistance \u00e0 l&rsquo;usure qui r\u00e9duit consid\u00e9rablement les risques de pannes impr\u00e9vues.<\/p>\n<p>Au-del\u00e0 de sa fiabilit\u00e9 m\u00e9canique, la Mercedes GLA d&rsquo;occasion s\u00e9duit par sa qualit\u00e9 de finition exemplaire. Les mat\u00e9riaux utilis\u00e9s, de grande qualit\u00e9, contribuent \u00e0 une exp\u00e9rience de conduite toujours valorisante. Son habitacle raffin\u00e9, son confort routier et son insonorisation soign\u00e9e en font un v\u00e9hicule particuli\u00e8rement agr\u00e9able au quotidien, que vous privil\u00e9giez les trajets urbains ou les longues distances.<\/p>\n<h3>Points cl\u00e9s \u00e0 v\u00e9rifier avant l&rsquo;achat<\/h3>\n<p>Avant d&rsquo;acqu\u00e9rir une Mercedes GLA d&rsquo;occasion, quelques v\u00e9rifications essentielles s&rsquo;imposent pour garantir votre tranquillit\u00e9. Commencez par examiner l&rsquo;historique d&rsquo;entretien complet du v\u00e9hicule. Les r\u00e9visions r\u00e9guli\u00e8res chez Mercedes (alternant entre r\u00e9visions standard A et r\u00e9visions avec filtres B) sont un gage de bon suivi. Portez une attention particuli\u00e8re \u00e0 la bo\u00eete automatique \u00e0 double embrayage 7G-DCT sur les mod\u00e8les de premi\u00e8re g\u00e9n\u00e9ration (2013-2019), qui constitue l&rsquo;un des points sensibles \u00e0 contr\u00f4ler.<\/p>\n<p>L&rsquo;\u00e9tat du v\u00e9hicule m\u00e9rite \u00e9galement un examen approfondi, notamment au niveau des phares Xenon (risque de condensation), de l&rsquo;\u00e9lectronique embarqu\u00e9e et des silent-blocs. Pour les versions 4MATIC, v\u00e9rifiez le bon fonctionnement de la transmission int\u00e9grale. Les co\u00fbts d&rsquo;entretien, bien que ma\u00eetris\u00e9s pour un v\u00e9hicule premium, restent un \u00e9l\u00e9ment \u00e0 consid\u00e9rer dans votre budget. Pour vous accompagner dans votre projet d&rsquo;achat et b\u00e9n\u00e9ficier d&rsquo;une expertise compl\u00e8te, nos conseillers BYmyCAR sont \u00e0 votre disposition pour vous orienter vers la Mercedes GLA occasion qui correspond parfaitement \u00e0 vos besoins.<\/p>\n<h2>FAQ : tout savoir avant de choisir votre Mercedes GLA<\/h2>\n<h3>Quel moteur choisir pour une Mercedes GLA ?<\/h3>\n<p>Pour une exp\u00e9rience de conduite optimale, le choix du moteur d\u00e9pendra de votre utilisation. En ville, les versions GLA 180 (136 ch) et GLA 200 (163 ch) avec hybridation l\u00e9g\u00e8re offrent une sobri\u00e9t\u00e9 remarquable. Pour plus de polyvalence, le GLA 220 d (190 ch) diesel excelle sur les longs trajets. Si vous recherchez des performances, les versions Mercedes-AMG GLA 35 (306 ch) ou GLA 45 S (421 ch) vous procureront des sensations incomparables avec leur transmission int\u00e9grale 4MATIC.<\/p>\n<h3>Le Mercedes GLA est-il une bonne voiture ?<\/h3>\n<p>Absolument ! La Mercedes GLA se distingue par sa qualit\u00e9 de fabrication exceptionnelle et ses finitions soign\u00e9es. Les mat\u00e9riaux utilis\u00e9s sont de grande qualit\u00e9, contribuant \u00e0 une exp\u00e9rience de conduite agr\u00e9able au quotidien. Son design dynamique et sa position de conduite sur\u00e9lev\u00e9e en font un SUV compact id\u00e9al pour la ville comme pour les trajets plus longs. La tenue de route excellente et le confort de conduite sont \u00e9galement des atouts majeurs r\u00e9guli\u00e8rement salu\u00e9s par les propri\u00e9taires.<\/p>\n<h3>Quelle est la meilleure Mercedes GLA ?<\/h3>\n<p>La GLA 250 224 ch 4MATIC en finition AMG Line repr\u00e9sente l&rsquo;\u00e9quilibre parfait entre performances, \u00e9quipements et agr\u00e9ment de conduite. Cette version combine puissance, transmission int\u00e9grale et finition sportive pour une exp\u00e9rience Mercedes compl\u00e8te. Les mod\u00e8les \u00e9quip\u00e9s du syst\u00e8me 4MATIC offrent une adh\u00e9rence sup\u00e9rieure et une s\u00e9curit\u00e9 accrue. Pour ceux qui privil\u00e9gient l&rsquo;efficience \u00e9nerg\u00e9tique, la GLA 250e hybride rechargeable constitue \u00e9galement un excellent choix avec sa double motorisation essence-\u00e9lectrique.<\/p>\n<h3>Le moteur du Mercedes GLA 200 est-il un Renault ou un Mercedes ?<\/h3>\n<p>Le moteur essence de la Mercedes GLA 200 est issu d&rsquo;une collaboration entre Mercedes-Benz et Renault, t\u00e9moignant d&rsquo;un partenariat technique fructueux entre les deux constructeurs. Cette alliance permet de b\u00e9n\u00e9ficier du savoir-faire des deux marques. En revanche, la version diesel GLA 200 CDI est \u00e9quip\u00e9e d&rsquo;un moteur enti\u00e8rement con\u00e7u par Mercedes-Benz. Dans tous les cas, ces motorisations b\u00e9n\u00e9ficient des standards de qualit\u00e9 et de fiabilit\u00e9 exig\u00e9s par la marque \u00e0 l&rsquo;\u00e9toile.<\/p>\n<h2>Pour en savoir plus<\/h2>\n<h3>\u00c0 lire \u00e9galement :<\/h3>\n<ul>\n<li><a href=\"https:\/\/www.bymycar.fr\/webzine\/quelle-pression-des-pneus-sur-le-mercedes-gla\/\">Quelle pression des pneus sur le mercedes gla ?<\/a><\/li>\n<li><a href=\"https:\/\/www.bymycar.fr\/webzine\/combien-coute-une-mercedes-gla-hybride\/\">Combien coute une mercedes gla hybride ?<\/a><\/li>\n<li><a href=\"https:\/\/www.bymycar.fr\/webzine\/mercedes-gla-vs-jaguar-e-pace-que-choisir\/\">Mercedes gla vs jaguar e pace : que choisir ?<\/a><\/li>\n<li><a href=\"https:\/\/www.bymycar.fr\/webzine\/comparatif-mercedes-benz-cla-vs-gla\/\">Comparatif : mercedes benz cla vs gla<\/a><\/li>\n<li><a href=\"https:\/\/www.bymycar.fr\/webzine\/quel-moteur-sur-la-mercedes-gla\/\">Quel moteur sur la mercedes gla ?<\/a><\/li>\n<li><a href=\"https:\/\/www.bymycar.fr\/webzine\/que-veut-dire-gla-chez-mercedes\/\">Que veut dire gla chez mercedes ?<\/a><\/li>\n<li><a href=\"https:\/\/www.bymycar.fr\/webzine\/bmw-x1-vs-gla-mercedes-que-choisir\/\">Bmw x1 vs gla mercedes : que choisir ?<\/a><\/li>\n<li><a href=\"https:\/\/www.bymycar.fr\/webzine\/quelle-est-la-consommation-du-mercedes-gla\/\">Quelle est la consommation du mercedes gla ?<\/a><\/li>\n<li><a href=\"https:\/\/www.bymycar.fr\/webzine\/combien-coute-une-mercedes-gla\/\">Combien coute une mercedes gla ?<\/a><\/li>\n<li><a href=\"https:\/\/www.bymycar.fr\/webzine\/mercedes-gla-vs-rav4-que-choisir\/\">Mercedes gla vs rav4 : que choisir <\/a><\/li>\n<\/ul>\n<h3>Sources :<\/h3>\n<ul>\n<li><a href=\"https:\/\/www.guideautoweb.com\/vehicules\/mercedes-benz\/gla\/2024\/\" target=\"_blank\" rel=\"noopener\">Mercedes-Benz GLA 2024<\/a><\/li>\n<li><a href=\"https:\/\/www.automobile-magazine.fr\/voitures\/magazine\/essais\/mercedes-gla\" target=\"_blank\" rel=\"noopener\">Mercedes GLA : essais, actualit\u00e9s, prix et fiches techniques<\/a><\/li>\n<li><a href=\"https:\/\/www.bpmcars.fr\/conseils\/mercedes-gla-occasion-quelle-version-choisir\" target=\"_blank\" rel=\"noopener\">Mercedes GLA occasion : quelle version choisir ?<\/a><\/li>\n<li><a href=\"https:\/\/www.auto123.com\/fr\/voitures-neuves\/mercedes-benz\/gla\/2024\/specifications\/250-4matic\/\" target=\"_blank\" rel=\"noopener\">Fiche Technique Mercedes-Benz GLA 250 2024 GLA 250<\/a><\/li>\n<\/ul>\n"}}]},"add-to-bo":false,"add-carousel-to-footer":true},"yoast_head":"<!-- This site is optimized with the Yoast SEO Premium plugin v26.4 (Yoast SEO v26.4) - https:\/\/yoast.com\/wordpress\/plugins\/seo\/ -->\n<title>Quelle Mercedes GLA choisir ?<\/title>\n<meta name=\"robots\" content=\"index, follow, max-snippet:-1, max-image-preview:large, max-video-preview:-1\" \/>\n<link rel=\"canonical\" href=\"https:\/\/www.bymycar.fr\/webzine\/quelle-mercedes-gla-choisir\/\" \/>\n<meta property=\"og:locale\" content=\"fr_FR\" \/>\n<meta property=\"og:type\" content=\"article\" \/>\n<meta property=\"og:title\" content=\"Quelle Mercedes GLA choisir ?\" \/>\n<meta property=\"og:url\" content=\"https:\/\/www.bymycar.fr\/webzine\/quelle-mercedes-gla-choisir\/\" \/>\n<meta property=\"og:site_name\" content=\"Webzine auto BYmyCAR\" \/>\n<meta property=\"article:published_time\" content=\"2022-07-14T08:15:08+00:00\" \/>\n<meta property=\"article:modified_time\" content=\"2025-12-04T08:49:14+00:00\" \/>\n<meta property=\"og:image\" content=\"https:\/\/cdn.bymycar.eu\/fr-webzine\/wp-content\/uploads\/medias\/20c0046_020.jpg\" \/>\n\t<meta property=\"og:image:width\" content=\"750\" \/>\n\t<meta property=\"og:image:height\" content=\"410\" \/>\n\t<meta property=\"og:image:type\" content=\"image\/jpeg\" \/>\n<meta name=\"author\" content=\"Gregoire LE BIHAN\" \/>\n<meta name=\"twitter:card\" content=\"summary_large_image\" \/>\n<meta name=\"twitter:label1\" content=\"\u00c9crit par\" \/>\n\t<meta name=\"twitter:data1\" content=\"Gregoire LE BIHAN\" \/>\n\t<meta name=\"twitter:label2\" content=\"Dur\u00e9e de lecture estim\u00e9e\" \/>\n\t<meta name=\"twitter:data2\" content=\"1 minute\" \/>\n<script type=\"application\/ld+json\" class=\"yoast-schema-graph\">{\"@context\":\"https:\/\/schema.org\",\"@graph\":[{\"@type\":\"Article\",\"@id\":\"https:\/\/www.bymycar.fr\/webzine\/quelle-mercedes-gla-choisir\/#article\",\"isPartOf\":{\"@id\":\"https:\/\/www.bymycar.fr\/webzine\/quelle-mercedes-gla-choisir\/\"},\"author\":{\"name\":\"Gregoire LE BIHAN\",\"@id\":\"https:\/\/www.bymycar.fr\/webzine\/#\/schema\/person\/8c56906440ec126868bd40232b3445f0\"},\"headline\":\"Quelle Mercedes GLA choisir ?\",\"datePublished\":\"2022-07-14T08:15:08+00:00\",\"dateModified\":\"2025-12-04T08:49:14+00:00\",\"mainEntityOfPage\":{\"@id\":\"https:\/\/www.bymycar.fr\/webzine\/quelle-mercedes-gla-choisir\/\"},\"wordCount\":4,\"publisher\":{\"@id\":\"https:\/\/www.bymycar.fr\/webzine\/#organization\"},\"image\":{\"@id\":\"https:\/\/www.bymycar.fr\/webzine\/quelle-mercedes-gla-choisir\/#primaryimage\"},\"thumbnailUrl\":\"https:\/\/cdn.bymycar.eu\/fr-webzine\/wp-content\/uploads\/medias\/20c0046_020.jpg\",\"articleSection\":[\"Guide d'achat\",\"Guide d'achat Mercedes GLA\"],\"inLanguage\":\"fr-FR\"},{\"@type\":\"WebPage\",\"@id\":\"https:\/\/www.bymycar.fr\/webzine\/quelle-mercedes-gla-choisir\/\",\"url\":\"https:\/\/www.bymycar.fr\/webzine\/quelle-mercedes-gla-choisir\/\",\"name\":\"Quelle Mercedes GLA choisir ?\",\"isPartOf\":{\"@id\":\"https:\/\/www.bymycar.fr\/webzine\/#website\"},\"primaryImageOfPage\":{\"@id\":\"https:\/\/www.bymycar.fr\/webzine\/quelle-mercedes-gla-choisir\/#primaryimage\"},\"image\":{\"@id\":\"https:\/\/www.bymycar.fr\/webzine\/quelle-mercedes-gla-choisir\/#primaryimage\"},\"thumbnailUrl\":\"https:\/\/cdn.bymycar.eu\/fr-webzine\/wp-content\/uploads\/medias\/20c0046_020.jpg\",\"datePublished\":\"2022-07-14T08:15:08+00:00\",\"dateModified\":\"2025-12-04T08:49:14+00:00\",\"breadcrumb\":{\"@id\":\"https:\/\/www.bymycar.fr\/webzine\/quelle-mercedes-gla-choisir\/#breadcrumb\"},\"inLanguage\":\"fr-FR\",\"potentialAction\":[{\"@type\":\"ReadAction\",\"target\":[\"https:\/\/www.bymycar.fr\/webzine\/quelle-mercedes-gla-choisir\/\"]}]},{\"@type\":\"ImageObject\",\"inLanguage\":\"fr-FR\",\"@id\":\"https:\/\/www.bymycar.fr\/webzine\/quelle-mercedes-gla-choisir\/#primaryimage\",\"url\":\"https:\/\/cdn.bymycar.eu\/fr-webzine\/wp-content\/uploads\/medias\/20c0046_020.jpg\",\"contentUrl\":\"https:\/\/cdn.bymycar.eu\/fr-webzine\/wp-content\/uploads\/medias\/20c0046_020.jpg\",\"width\":750,\"height\":410},{\"@type\":\"BreadcrumbList\",\"@id\":\"https:\/\/www.bymycar.fr\/webzine\/quelle-mercedes-gla-choisir\/#breadcrumb\",\"itemListElement\":[{\"@type\":\"ListItem\",\"position\":1,\"name\":\"Accueil\",\"item\":\"https:\/\/www.bymycar.fr\/webzine\/\"},{\"@type\":\"ListItem\",\"position\":2,\"name\":\"Quelle Mercedes GLA choisir ?\"}]},{\"@type\":\"WebSite\",\"@id\":\"https:\/\/www.bymycar.fr\/webzine\/#website\",\"url\":\"https:\/\/www.bymycar.fr\/webzine\/\",\"name\":\"Webzine auto BYmyCAR\",\"description\":\"La magazine auto de BYmyCAR\",\"publisher\":{\"@id\":\"https:\/\/www.bymycar.fr\/webzine\/#organization\"},\"potentialAction\":[{\"@type\":\"SearchAction\",\"target\":{\"@type\":\"EntryPoint\",\"urlTemplate\":\"https:\/\/www.bymycar.fr\/webzine\/?s={search_term_string}\"},\"query-input\":{\"@type\":\"PropertyValueSpecification\",\"valueRequired\":true,\"valueName\":\"search_term_string\"}}],\"inLanguage\":\"fr-FR\"},{\"@type\":\"Organization\",\"@id\":\"https:\/\/www.bymycar.fr\/webzine\/#organization\",\"name\":\"BYmyCAR\",\"url\":\"https:\/\/www.bymycar.fr\/webzine\/\",\"logo\":{\"@type\":\"ImageObject\",\"inLanguage\":\"fr-FR\",\"@id\":\"https:\/\/www.bymycar.fr\/webzine\/#\/schema\/logo\/image\/\",\"url\":\"https:\/\/cdn.bymycar.eu\/fr-webzine\/wp-content\/uploads\/medias\/2017\/08\/logo_DEALER_00000406_001.png\",\"contentUrl\":\"https:\/\/cdn.bymycar.eu\/fr-webzine\/wp-content\/uploads\/medias\/2017\/08\/logo_DEALER_00000406_001.png\",\"width\":2132,\"height\":720,\"caption\":\"BYmyCAR\"},\"image\":{\"@id\":\"https:\/\/www.bymycar.fr\/webzine\/#\/schema\/logo\/image\/\"}},{\"@type\":\"Person\",\"@id\":\"https:\/\/www.bymycar.fr\/webzine\/#\/schema\/person\/8c56906440ec126868bd40232b3445f0\",\"name\":\"Gregoire LE BIHAN\",\"image\":{\"@type\":\"ImageObject\",\"inLanguage\":\"fr-FR\",\"@id\":\"https:\/\/www.bymycar.fr\/webzine\/#\/schema\/person\/image\/\",\"url\":\"https:\/\/secure.gravatar.com\/avatar\/1356d71f3c6eed50de358ba425c9944b742a0d35f88e0d5f8afe88fdac525492?s=96&d=mm&r=g\",\"contentUrl\":\"https:\/\/secure.gravatar.com\/avatar\/1356d71f3c6eed50de358ba425c9944b742a0d35f88e0d5f8afe88fdac525492?s=96&d=mm&r=g\",\"caption\":\"Gregoire LE BIHAN\"}}]}<\/script>\n<!-- \/ Yoast SEO Premium plugin. -->","yoast_head_json":{"title":"Quelle Mercedes GLA choisir ?","robots":{"index":"index","follow":"follow","max-snippet":"max-snippet:-1","max-image-preview":"max-image-preview:large","max-video-preview":"max-video-preview:-1"},"canonical":"https:\/\/www.bymycar.fr\/webzine\/quelle-mercedes-gla-choisir\/","og_locale":"fr_FR","og_type":"article","og_title":"Quelle Mercedes GLA choisir ?","og_url":"https:\/\/www.bymycar.fr\/webzine\/quelle-mercedes-gla-choisir\/","og_site_name":"Webzine auto BYmyCAR","article_published_time":"2022-07-14T08:15:08+00:00","article_modified_time":"2025-12-04T08:49:14+00:00","og_image":[{"width":750,"height":410,"url":"https:\/\/cdn.bymycar.eu\/fr-webzine\/wp-content\/uploads\/medias\/20c0046_020.jpg","type":"image\/jpeg"}],"author":"Gregoire LE BIHAN","twitter_card":"summary_large_image","twitter_misc":{"\u00c9crit par":"Gregoire LE BIHAN","Dur\u00e9e de lecture estim\u00e9e":"1 minute"},"schema":{"@context":"https:\/\/schema.org","@graph":[{"@type":"Article","@id":"https:\/\/www.bymycar.fr\/webzine\/quelle-mercedes-gla-choisir\/#article","isPartOf":{"@id":"https:\/\/www.bymycar.fr\/webzine\/quelle-mercedes-gla-choisir\/"},"author":{"name":"Gregoire LE BIHAN","@id":"https:\/\/www.bymycar.fr\/webzine\/#\/schema\/person\/8c56906440ec126868bd40232b3445f0"},"headline":"Quelle Mercedes GLA choisir ?","datePublished":"2022-07-14T08:15:08+00:00","dateModified":"2025-12-04T08:49:14+00:00","mainEntityOfPage":{"@id":"https:\/\/www.bymycar.fr\/webzine\/quelle-mercedes-gla-choisir\/"},"wordCount":4,"publisher":{"@id":"https:\/\/www.bymycar.fr\/webzine\/#organization"},"image":{"@id":"https:\/\/www.bymycar.fr\/webzine\/quelle-mercedes-gla-choisir\/#primaryimage"},"thumbnailUrl":"https:\/\/cdn.bymycar.eu\/fr-webzine\/wp-content\/uploads\/medias\/20c0046_020.jpg","articleSection":["Guide d'achat","Guide d'achat Mercedes GLA"],"inLanguage":"fr-FR"},{"@type":"WebPage","@id":"https:\/\/www.bymycar.fr\/webzine\/quelle-mercedes-gla-choisir\/","url":"https:\/\/www.bymycar.fr\/webzine\/quelle-mercedes-gla-choisir\/","name":"Quelle Mercedes GLA choisir ?","isPartOf":{"@id":"https:\/\/www.bymycar.fr\/webzine\/#website"},"primaryImageOfPage":{"@id":"https:\/\/www.bymycar.fr\/webzine\/quelle-mercedes-gla-choisir\/#primaryimage"},"image":{"@id":"https:\/\/www.bymycar.fr\/webzine\/quelle-mercedes-gla-choisir\/#primaryimage"},"thumbnailUrl":"https:\/\/cdn.bymycar.eu\/fr-webzine\/wp-content\/uploads\/medias\/20c0046_020.jpg","datePublished":"2022-07-14T08:15:08+00:00","dateModified":"2025-12-04T08:49:14+00:00","breadcrumb":{"@id":"https:\/\/www.bymycar.fr\/webzine\/quelle-mercedes-gla-choisir\/#breadcrumb"},"inLanguage":"fr-FR","potentialAction":[{"@type":"ReadAction","target":["https:\/\/www.bymycar.fr\/webzine\/quelle-mercedes-gla-choisir\/"]}]},{"@type":"ImageObject","inLanguage":"fr-FR","@id":"https:\/\/www.bymycar.fr\/webzine\/quelle-mercedes-gla-choisir\/#primaryimage","url":"https:\/\/cdn.bymycar.eu\/fr-webzine\/wp-content\/uploads\/medias\/20c0046_020.jpg","contentUrl":"https:\/\/cdn.bymycar.eu\/fr-webzine\/wp-content\/uploads\/medias\/20c0046_020.jpg","width":750,"height":410},{"@type":"BreadcrumbList","@id":"https:\/\/www.bymycar.fr\/webzine\/quelle-mercedes-gla-choisir\/#breadcrumb","itemListElement":[{"@type":"ListItem","position":1,"name":"Accueil","item":"https:\/\/www.bymycar.fr\/webzine\/"},{"@type":"ListItem","position":2,"name":"Quelle Mercedes GLA choisir ?"}]},{"@type":"WebSite","@id":"https:\/\/www.bymycar.fr\/webzine\/#website","url":"https:\/\/www.bymycar.fr\/webzine\/","name":"Webzine auto BYmyCAR","description":"La magazine auto de BYmyCAR","publisher":{"@id":"https:\/\/www.bymycar.fr\/webzine\/#organization"},"potentialAction":[{"@type":"SearchAction","target":{"@type":"EntryPoint","urlTemplate":"https:\/\/www.bymycar.fr\/webzine\/?s={search_term_string}"},"query-input":{"@type":"PropertyValueSpecification","valueRequired":true,"valueName":"search_term_string"}}],"inLanguage":"fr-FR"},{"@type":"Organization","@id":"https:\/\/www.bymycar.fr\/webzine\/#organization","name":"BYmyCAR","url":"https:\/\/www.bymycar.fr\/webzine\/","logo":{"@type":"ImageObject","inLanguage":"fr-FR","@id":"https:\/\/www.bymycar.fr\/webzine\/#\/schema\/logo\/image\/","url":"https:\/\/cdn.bymycar.eu\/fr-webzine\/wp-content\/uploads\/medias\/2017\/08\/logo_DEALER_00000406_001.png","contentUrl":"https:\/\/cdn.bymycar.eu\/fr-webzine\/wp-content\/uploads\/medias\/2017\/08\/logo_DEALER_00000406_001.png","width":2132,"height":720,"caption":"BYmyCAR"},"image":{"@id":"https:\/\/www.bymycar.fr\/webzine\/#\/schema\/logo\/image\/"}},{"@type":"Person","@id":"https:\/\/www.bymycar.fr\/webzine\/#\/schema\/person\/8c56906440ec126868bd40232b3445f0","name":"Gregoire LE BIHAN","image":{"@type":"ImageObject","inLanguage":"fr-FR","@id":"https:\/\/www.bymycar.fr\/webzine\/#\/schema\/person\/image\/","url":"https:\/\/secure.gravatar.com\/avatar\/1356d71f3c6eed50de358ba425c9944b742a0d35f88e0d5f8afe88fdac525492?s=96&d=mm&r=g","contentUrl":"https:\/\/secure.gravatar.com\/avatar\/1356d71f3c6eed50de358ba425c9944b742a0d35f88e0d5f8afe88fdac525492?s=96&d=mm&r=g","caption":"Gregoire LE BIHAN"}}]}},"_links":{"self":[{"href":"https:\/\/www.bymycar.fr\/webzine\/wp-json\/wp\/v2\/posts\/33367","targetHints":{"allow":["GET"]}}],"collection":[{"href":"https:\/\/www.bymycar.fr\/webzine\/wp-json\/wp\/v2\/posts"}],"about":[{"href":"https:\/\/www.bymycar.fr\/webzine\/wp-json\/wp\/v2\/types\/post"}],"author":[{"embeddable":true,"href":"https:\/\/www.bymycar.fr\/webzine\/wp-json\/wp\/v2\/users\/9"}],"replies":[{"embeddable":true,"href":"https:\/\/www.bymycar.fr\/webzine\/wp-json\/wp\/v2\/comments?post=33367"}],"version-history":[{"count":6,"href":"https:\/\/www.bymycar.fr\/webzine\/wp-json\/wp\/v2\/posts\/33367\/revisions"}],"predecessor-version":[{"id":62478,"href":"https:\/\/www.bymycar.fr\/webzine\/wp-json\/wp\/v2\/posts\/33367\/revisions\/62478"}],"wp:featuredmedia":[{"embeddable":true,"href":"https:\/\/www.bymycar.fr\/webzine\/wp-json\/wp\/v2\/media\/33324"}],"wp:attachment":[{"href":"https:\/\/www.bymycar.fr\/webzine\/wp-json\/wp\/v2\/media?parent=33367"}],"wp:term":[{"taxonomy":"category","embeddable":true,"href":"https:\/\/www.bymycar.fr\/webzine\/wp-json\/wp\/v2\/categories?post=33367"},{"taxonomy":"post_tag","embeddable":true,"href":"https:\/\/www.bymycar.fr\/webzine\/wp-json\/wp\/v2\/tags?post=33367"}],"curies":[{"name":"wp","href":"https:\/\/api.w.org\/{rel}","templated":true}]}}