{"id":33347,"date":"2022-07-14T10:06:41","date_gmt":"2022-07-14T08:06:41","guid":{"rendered":"https:\/\/prod.bymycar.fr\/webzine\/?p=33347"},"modified":"2025-12-03T16:48:06","modified_gmt":"2025-12-03T15:48:06","slug":"quel-moteur-sur-la-mercedes-gla","status":"publish","type":"post","link":"https:\/\/www.bymycar.fr\/webzine\/quel-moteur-sur-la-mercedes-gla\/","title":{"rendered":"Quel moteur sur la Mercedes GLA ?"},"content":{"rendered":"","protected":false},"excerpt":{"rendered":"","protected":false},"author":9,"featured_media":33327,"comment_status":"closed","ping_status":"closed","sticky":false,"template":"","format":"standard","meta":{"_acf_changed":false,"footnotes":""},"categories":[12893,12932],"tags":[],"class_list":["post-33347","post","type-post","status-publish","format-standard","has-post-thumbnail","hentry","category-guide-dachat","category-guide-dachat-mercedes-gla"],"acf":{"template":"classique","introduction":"<p>Le <a href=\"https:\/\/www.bymycar.fr\/v\/suv-occasion\">SUV<\/a> compact <a href=\"https:\/\/www.bymycar.fr\/v\/mercedes-gla-occasion\">Mercedes-Benz GLA<\/a> s\u00e9duit par sa gamme de motorisations diversifi\u00e9e. Ce mod\u00e8le polyvalent propose des blocs essence avec hybridation l\u00e9g\u00e8re, des diesels \u00e9conomiques, une version hybride rechargeable performante et des d\u00e9clinaisons sportives AMG. La transmission int\u00e9grale 4MATIC est disponible sur plusieurs versions pour une adh\u00e9rence optimale en toutes conditions.<\/p>\n<p><strong>Ce qu&rsquo;il faut retenir<\/strong><\/p>\n<p>Le Mercedes GLA vous propose une gamme motoris\u00e9e compl\u00e8te et polyvalente :<\/p>\n<ul>\n<li><strong>Un choix \u00e9tendu de motorisations<\/strong> : essence (136 \u00e0 224 ch), diesel (150 \u00e0 190 ch), hybride rechargeable (218 ch) et versions AMG performantes (306 \u00e0 421 ch) ;<\/li>\n<li><strong>Des technologies avanc\u00e9es<\/strong> : hybridation l\u00e9g\u00e8re 48V sur les versions essence, transmission int\u00e9grale 4MATIC disponible et autonomie \u00e9lectrique jusqu&rsquo;\u00e0 70 km sur la version hybride ;<\/li>\n<li><strong>Une adaptation \u00e0 tous les usages<\/strong> : moteurs \u00e9conomiques pour les trajets urbains, diesels sobres pour les longues distances et versions AMG pour le plaisir de conduite sportif.<\/li>\n<\/ul>\n<p>Cette diversit\u00e9 de motorisations fait du Mercedes GLA un SUV compact capable de r\u00e9pondre \u00e0 tous vos besoins de mobilit\u00e9.<\/p>\n","strates":[{"type_strate":"texte-simple","ancre":"","contenu":"<h2 style=\"text-align: justify;\">Mercedes GLA : SUV, 4&#215;4 ou crossover ?<\/h2>\n<p style=\"text-align: justify;\">Le <a href=\"https:\/\/www.bymycar.fr\/marques\/mercedes\/gla\">Mercedes-Benz GLA<\/a> est une gamme de crossover compact en circulation depuis 2014. Cette ann\u00e9e est sorti le GLA Type 156. En 2020, le GLA fait l\u2019objet d\u2019un restylage et le Type 247 voit le jour. Le Mercedes GLA est un v\u00e9hicule d\u00e9riv\u00e9 du Mercedes Classe A type 176. Il s\u2019apparente donc \u00e0 la Classe CLA, une gamme de berlines, tout comme la Classe A. Mais qu\u2019est-ce qu\u2019un crossover ?<\/p>\n<p style=\"text-align: justify;\">Si les berlines et les citadines compactes sont facilement reconnaissables, les confusions entre 4&#215;4, SUV et crossover sont fr\u00e9quentes.<\/p>\n<p style=\"text-align: justify;\">Un 4&#215;4 est un v\u00e9hicule tout-terrain. Cela signifie qu\u2019il peut emprunter n\u2019importe quelle route, sans pour autant s\u2019embourber ou rencontrer tout autre probl\u00e8me. \u00ab 4&#215;4 \u00bb d\u00e9signe les 4 roues motrices de la transmission int\u00e9grale de ces voitures. La vitesse de rotation du moteur est transmise \u00e0 toutes les roues plut\u00f4t qu\u2019\u00e0 deux uniquement. C\u2019est ce qui fait que le 4&#215;4 peut rouler sur n\u2019importe quelle route sans rencontrer de difficult\u00e9s.<\/p>\n<p style=\"text-align: justify;\">Le SUV, ou v\u00e9hicule utilitaire, est plus un v\u00e9hicule citadin qu\u2019un v\u00e9hicule adapt\u00e9 au terrain. V\u00e9ritable voiture de loisir, le SUV est haut et spacieux. Le SUV est souvent \u00e9quip\u00e9 d\u2019une transmission int\u00e9grale, tout comme le 4&#215;4. Toutefois, sa conception le rend plus \u00e0 l\u2019aise dans les zones urbaines et sur le bitume. Toutefois, il est important de mentionner que le statut de SUV ne peut \u00eatre obtenu que si la voiture en question est aussi bien \u00e9quip\u00e9e qu\u2019une citadine ou une berline moderne.<\/p>\n<p style=\"text-align: justify;\">Le crossover est en quelque sorte le cha\u00eenon manquant entre le 4&#215;4 et le SUV. Plus petite qu\u2019un SUV et moins tout-terrain que le 4&#215;4, cette voiture compacte n\u2019en est pas moins puissante et adapt\u00e9e \u00e0 la conduite sur route. Muni d\u2019un moteur performant, le crossover n\u2019a rien \u00e0 envier aux deux autres types de voitures. En plus de cela, tout comme le 4&#215;4, le crossover est \u00e9quip\u00e9 de la transmission int\u00e9grale. Il b\u00e9n\u00e9ficie d\u2019une panoplie d\u2019\u00e9quipements et d\u2019accessoires, pour une voiture aussi puissante que confortable et pratique.<\/p>\n<p style=\"text-align: justify;\">Le Mercedes Classe GLA est un crossover compact. Il repose sur la plateforme MFA et est \u00e9quip\u00e9 de la technologie 4MATIC, une transmission int\u00e9grale intelligente. Ce syst\u00e8me permet au Mercedes GLA de parfaitement s\u2019adapter \u00e0 tout type de terrain. Facilitant la conduite, la transmission int\u00e9grale 4MATIC donne la sensation de conduire en permanence sur la chauss\u00e9e. Tout petit probl\u00e8me d\u2019adh\u00e9rence est directement r\u00e9gl\u00e9 par l\u2019augmentation du couple moteur, ce qui rend les 4 roues plus fluides.<\/p>\n<p>&nbsp;<\/p>\n<h2 style=\"text-align: justify;\">Un int\u00e9rieur digne des plus grandes voitures<\/h2>\n<p style=\"text-align: justify;\">Le Mercedes GLA poss\u00e8de un habitacle spacieux et confortable. Les si\u00e8ges avant chauffants permettent au conducteur et \u00e0 son aide d\u2019\u00eatre \u00e0 l\u2019aise en tout temps. Le toit ouvrant panoramique exacerbe le c\u00f4t\u00e9 spacieux de la voiture. En bref, le Mercedes GLA est id\u00e9al pour tous les gabarits.<\/p>\n<p style=\"text-align: justify;\">Toutefois, le point fort de l\u2019int\u00e9rieur est l\u2019agencement intelligent du tableau de bord se situant juste au-dessous du pare-brise. Un ordinateur \u00e0 \u00e9cran tactile plac\u00e9 au milieu de la planche de bord fait office de centre de contr\u00f4le du v\u00e9hicule.<\/p>\n<p>&nbsp;<\/p>\n<h2 style=\"text-align: justify;\">Les dimensions du Mercedes GLA (longueur, largeur, hauteur, taille du coffre)<\/h2>\n<p style=\"text-align: justify;\">Il est important de rappeler que le Mercedes GLA est un crossover compact. Ce qui signifie que ses dimensions sont inf\u00e9rieures \u00e0 un crossover lambda.<\/p>\n<p style=\"text-align: justify;\">Voici les dimensions du Mercedes Classe GLA :<\/p>\n<ul style=\"text-align: justify;\">\n<li>Longueur : 4,42 m ;<\/li>\n<li>Largeur : 1,8 m ;<\/li>\n<li>Hauteur : 1,49 m ;<\/li>\n<li>Taille du coffre : de 386 \u00e0 435 litres.<\/li>\n<\/ul>\n<p style=\"text-align: justify;\">Ces dimensions \u00ab r\u00e9duites \u00bb mettent en \u00e9vidence le c\u00f4t\u00e9 citadin du Mercedes GLA. En effet, la conception de ce crossover compact est telle qu\u2019il devient parfaitement adapt\u00e9 \u00e0 la ville. Les d\u00e9placements et le stationnement sont plus faciles gr\u00e2ce \u00e0 ces dimensions.<\/p>\n<p>&nbsp;<\/p>\n<h2 style=\"text-align: justify;\">Les diff\u00e9rentes motorisations du Mercedes GLA (essence et diesel)<\/h2>\n<p style=\"text-align: justify;\">Plusieurs motorisations sont propos\u00e9es pour le Mercedes GLA.<\/p>\n<p style=\"text-align: justify;\">Essence :<\/p>\n<ul style=\"text-align: justify;\">\n<li>4 cylindres 1.3 163 ch (200) ;<\/li>\n<li>4 cylindres 2.0 224 ch (250 4MATIC).<\/li>\n<\/ul>\n<p style=\"text-align: justify;\">Diesel :<\/p>\n<ul style=\"text-align: justify;\">\n<li>4 cylindres 2.0 150 ch (200d) ;<\/li>\n<li>4 cylindres 2.0 190 ch (220d 4MATIC).<\/li>\n<\/ul>\n<p>&nbsp;<\/p>\n<h2 style=\"text-align: justify;\">Mercedes GLA : quel moteur choisir ?<\/h2>\n<p style=\"text-align: justify;\">Le choix de la motorisation d\u2019une voiture doit se faire en fonction de vos besoins au quotidien et de votre mode de conduite. Pour le Mercedes Classe GLA, il est conseill\u00e9 d\u2019opter pour :<\/p>\n<ul style=\"text-align: justify;\">\n<li>Le moteur diesel 4 cylindres 2.0 150 ch (200d) pour une conduite exclusivement citadine ;<\/li>\n<li>Le moteur diesel 4 cylindres 2.0 190 ch (220d 4MATIC) pour une conduite plus vari\u00e9e.<\/li>\n<\/ul>\n<p style=\"text-align: justify;\">Il peut para\u00eetre \u00e9tonnant de pr\u00e9f\u00e9rer le diesel \u00e0 l\u2019essence. En effet, le diesel est un carburant ayant la mauvaise r\u00e9putation d\u2019\u00eatre plus polluant que l\u2019essence. En termes d\u2019\u00e9mission de CO2 et d\u2019autres gaz \u00e0 effet de serre (tels que l\u2019oxyde d\u2019azote), la combustion du diesel s\u2019av\u00e8re en effet plus polluante. Toutefois, ce n\u2019est pas le cas pour le moteur du Mercedes GLA. Il est sp\u00e9cialement con\u00e7u pour n\u2019\u00e9mettre qu\u2019une quantit\u00e9 limit\u00e9e de gaz \u00e0 effet de serre. Il est m\u00eame consid\u00e9r\u00e9 comme un moteur \u00e9cologique par son taux d\u2019\u00e9mission de CO2.<\/p>\n<p style=\"text-align: justify;\">L\u2019avantage du moteur diesel est que pour une m\u00eame puissance nominale (par exemple 150 ch), il reste plus puissant qu\u2019un moteur \u00e0 essence. De plus, en mati\u00e8re de consommation de carburant, le moteur diesel est moins gourmand. Entre un moteur diesel et un moteur \u00e0 essence, il peut y avoir jusqu\u2019\u00e0 un \u00e9cart de 2 litres \/ 100 km de carburant utilis\u00e9 en plus. Le seul point faible du moteur diesel est qu\u2019il requiert plus d\u2019entretien qu\u2019un moteur \u00e0 essence. Par exemple, la vidange d\u2019un moteur \u00e0 essence se fait entre 10 et 15.000 km, quand celle d\u2019un moteur diesel doit \u00eatre effectu\u00e9e d\u00e8s la barre des 9.000 km d\u00e9pass\u00e9e.<\/p>\n<p>&nbsp;<\/p>\n<h2 style=\"text-align: justify;\">Quel moteur pour un Mercedes GLA 180 de 2020 ?<\/h2>\n<p style=\"text-align: justify;\">Pour le Mercedes GLA 180 de 2020, il est conseill\u00e9 d\u2019opter pour le moteur diesel 4 cylindres 2.0 190 ch (220d 4MATIC). Ce moteur est puissant, performant et id\u00e9al pour les conduites sur longue distance. La technologie 4MATIC am\u00e9liore grandement la tenue de route du Mercedes GLA, et le rend plus facile \u00e0 conduire.<\/p>\n<p style=\"text-align: justify;\">L\u2019autre avantage de ce moteur, \u00e0 part sa puissance et sa qualit\u00e9, est le fait qu\u2019avec la technologie 4MATIC, n\u2019importe quel conducteur peut \u00eatre \u00e0 l\u2019aise au volant du Mercedes GLA. En effet, gr\u00e2ce \u00e0 4MATIC, c\u2019est la voiture qui s\u2019adapte au conducteur. De facto, le Mercedes GLA est une voiture adapt\u00e9e aux conducteurs confirm\u00e9s et \u00e0 ceux qui commencent \u00e0 peine \u00e0 tenir un volant.<\/p>\n<p>&nbsp;<\/p>\n<h2 style=\"text-align: justify;\">Mercedes GLA 200 : moteur Renault ou Mercedes ?<\/h2>\n<p style=\"text-align: justify;\">Renault, constructeur automobile fran\u00e7ais, collabore \u00e9troitement avec la marque allemande. En effet, certains des moteurs \u00e9quipant les Mercedes sont fabriqu\u00e9s par Renault. Il s\u2019agit notamment :<\/p>\n<ul style=\"text-align: justify;\">\n<li>Du moteur diesel 1.5 DCi ;<\/li>\n<li>Du bloc 1.6 DCi ;<\/li>\n<li>Du moteur 2.0 ;<\/li>\n<li>De moteur 2.3 :<\/li>\n<li>Du moteur 1.3 TCe H5HT.<\/li>\n<\/ul>\n<p style=\"text-align: justify;\">Il est donc possible de trouver ces moteurs sous le capot d\u2019un Mercedes Classe A, d\u2019un Classe B, de quelques versions de la Classe GLA et d\u2019un Mercedes Citan.<\/p>\n<p style=\"text-align: justify;\">Cette collaboration dure depuis plus de 10 ans. Toutefois, il existe des exceptions. Le moteur diesel Cdi du Mercedes GLA 200 est enti\u00e8rement fabriqu\u00e9 par Mercedes-Benz, pour le Mercedes GLA. Il s\u2019agit d\u2019un 4 cylindres de 2.143 cm3. Ce moteur peut d\u00e9velopper jusqu\u2019\u00e0 136 ch et permet d\u2019atteindre une vitesse de pointe de 205 km\/h.<\/p>\n<p>&nbsp;<\/p>\n<h2 style=\"text-align: justify;\">Quel est le prix du Mercedes GLA ?<\/h2>\n<p style=\"text-align: justify;\">Le Mercedes GLA est propos\u00e9 \u00e0 diff\u00e9rents tarifs en France. En effet, le prix d\u2019une voiture est variable en fonction de la version, du niveau de finition (options) et surtout de la motorisation. Voici les prix en vigueur pour le Mercedes GLA :<\/p>\n<ul style=\"text-align: justify;\">\n<li>Mercedes-Benz GLA 200 163ch Progressive Line 7G-DCT : 42 300 \u20ac ;<\/li>\n<li>Mercedes-Benz GLA 200 163ch Business Line 7G-DCT : 43 050 \u20ac ;<\/li>\n<li>Mercedes-Benz GLA 200 d 150ch Progressive Line 8G-DCT : 43 200 \u20ac ;<\/li>\n<li>Mercedes-Benz GLA 200 163ch AMG Line 7G-DCT : 43 800 \u20ac ;<\/li>\n<li>Mercedes-Benz GLA 200 d 150ch Business Line 8G-DCT : 43 950 \u20ac ;<\/li>\n<li>Mercedes-Benz GLA 200 d 150ch AMG Line 8G-DCT : 44 700 \u20ac ;<\/li>\n<li>Mercedes-Benz GLA 250 e 160+102ch Progressive Line 8G-DCT : 50 600 \u20ac ;<\/li>\n<li>Mercedes-Benz GLA 250 e 160+102ch Business Line 8G-DCT : 51 350 \u20ac ;<\/li>\n<li>Mercedes-Benz GLA 250 224ch 4Matic AMG Line 8G-DCT : 51 400 \u20ac ;<\/li>\n<li>Mercedes-Benz GLA 220 d 190ch 4Matic AMG Line 8G-DCT : 51 400 \u20ac ;<\/li>\n<li>Mercedes-Benz GLA 250 e 160+102ch AMG Line 8G-DCT : 52 100 \u20ac ;<\/li>\n<li>Mercedes-Benz GLA 35 AMG 306ch 4Matic 8G-DCT Speedshift AMG : 57 700 \u20ac ;<\/li>\n<li>Mercedes-Benz GLA 45 S AMG 421ch 4Matic+ 8G-DCT Speedshift AMG : 75 700 \u20ac.<\/li>\n<\/ul>\n<p>&nbsp;<\/p>\n<h2 style=\"text-align: justify;\">Voiture neuve et voiture d&rsquo;occasion : laquelle choisir ?<\/h2>\n<p style=\"text-align: justify;\">Acheter une nouvelle voiture n\u2019est jamais une mince affaire. En effet, la question du budget subsiste. Ceux qui recherchent les bonnes affaires se tournent g\u00e9n\u00e9ralement vers les voitures d\u2019occasion. Il est vrai que ces derni\u00e8res sont vendues \u00e0 des prix g\u00e9n\u00e9ralement 20 \u00e0 30 % moins \u00e9lev\u00e9s qu\u2019une voiture neuve. Toutefois, le risque de panne et\/ou de vices cach\u00e9s non identifi\u00e9s lors du contr\u00f4le technique subsiste. Le co\u00fbt de r\u00e9paration desdites pannes peut alors facilement d\u00e9passer les 20 \u00e0 30 % du prix \u00e9conomis\u00e9.<\/p>\n<p style=\"text-align: justify;\">De ce fait, il est conseill\u00e9 d\u2019opter pour une voiture neuve. Ainsi, vous \u00eates s\u00fbr de l\u2019\u00e9tat du v\u00e9hicule. De plus, acheter un v\u00e9hicule neuf permet de b\u00e9n\u00e9ficier de la garantie constructeur.<\/p>\n<p>&nbsp;<\/p>\n<p>&nbsp;<\/p>\n<p style=\"text-align: center;\"><a href=\"https:\/\/www.bymycar.fr\/rechercher-un-vehicule?prod_VEHICLES%5BrefinementList%5D%5Bbrand%5D%5B0%5D=MERCEDES&amp;prod_VEHICLES%5BrefinementList%5D%5BmodelGroup1%5D%5B0%5D=GLA%20II&amp;prod_VEHICLES%5BrefinementList%5D%5BmodelGroup1%5D%5B1%5D=CLASSE%20GLA\" target=\"_blank\" class=\"css-button css-button--gold\" >\n                Voir nos Mercedes GLA disponibles &gt;\n        <\/a><\/p>\n<p>&nbsp;<\/p>\n<p>&nbsp;<\/p>\n<p>&nbsp;<\/p>\n<h3 style=\"text-align: justify;\">\u00c0 LIRE \u00c9GALEMENT :<\/h3>\n<p style=\"text-align: justify;\"><a href=\"https:\/\/www.bymycar.fr\/webzine\/quelle-pression-des-pneus-sur-le-mercedes-gla\/\">Quelle pression des pneus sur le mercedes gla ?<\/a><\/p>\n<p style=\"text-align: justify;\"><a href=\"https:\/\/www.bymycar.fr\/webzine\/combien-coute-une-mercedes-gla-hybride\/\">Combien coute une mercedes gla hybride ?<\/a><\/p>\n<p style=\"text-align: justify;\"><a href=\"https:\/\/www.bymycar.fr\/webzine\/mercedes-gla-vs-jaguar-e-pace-que-choisir\/\">Mercedes gla vs jaguar e pace : que choisir ?<\/a><\/p>\n<p style=\"text-align: justify;\"><a href=\"https:\/\/www.bymycar.fr\/webzine\/comparatif-mercedes-benz-cla-vs-gla\/\">Comparatif : mercedes benz cla vs gla<\/a><\/p>\n<p style=\"text-align: justify;\"><a href=\"https:\/\/www.bymycar.fr\/webzine\/que-veut-dire-gla-chez-mercedes\/\">Que veut dire gla chez mercedes ?<\/a><\/p>\n<p style=\"text-align: justify;\"><a href=\"https:\/\/www.bymycar.fr\/webzine\/bmw-x1-vs-gla-mercedes-que-choisir\/\">Bmw x1 vs gla mercedes : que choisir ?<\/a><\/p>\n<p style=\"text-align: justify;\"><a href=\"https:\/\/www.bymycar.fr\/webzine\/quelle-mercedes-gla-choisir\/\">Quelle mercedes gla choisir ?<\/a><\/p>\n<p style=\"text-align: justify;\"><a href=\"https:\/\/www.bymycar.fr\/webzine\/quelle-est-la-consommation-du-mercedes-gla\/\">Quelle est la consommation du mercedes gla ?<\/a><\/p>\n<p style=\"text-align: justify;\"><a href=\"https:\/\/www.bymycar.fr\/webzine\/combien-coute-une-mercedes-gla\/\">Combien coute une mercedes gla ?<\/a><\/p>\n<p style=\"text-align: justify;\"><a href=\"https:\/\/www.bymycar.fr\/webzine\/mercedes-gla-vs-rav4-que-choisir\/\">Mercedes gla vs rav4 : que choisir ?<\/a><\/p>\n","titre":"Texte 1","image":false,"image_libre":false,"image_800x500":false,"legende":"","zoom":false,"texte":"","articles":false,"categorie_droite":false,"images":false,"elements_comparatif":false,"texte_1":"","texte_2":"","image_1":false,"image_1_563x400":false,"image_1_332x332":false,"image_2":false,"image_2_333x240":false,"image_2_563x400":false,"image_3":false,"image_3_333x240":false,"image_3_332x450":false,"image_4":false,"image_4_332x332":false,"image_4_563x400":false,"code_embed":"","legende_video":"","photo":false,"photo_100x100":false,"nom":"","fonction":"","elements_timeline":false,"entetes_colonnes":false,"entetes_lignes":false,"lignes":false,"introduction":"","formulaire":false,"question":"","reponse":"","libelle_bouton_lien":"","url_lien":"","questions":false,"conclusions":false,"pays":false,"region":false,"marque":false,"marqueConcessions":false,"modele":false,"ptvente":false,"typeV":false,"collection":false,"nombre_maximum_elements":10,"lien_fin_carousel":"","texte_lien_fin_carousel":"","trier_par":false}],"is_old_post":false,"image":{"ID":33327,"id":33327,"title":"20c0047_026","filename":"20c0047_026.jpg","filesize":1,"url":"https:\/\/cdn.bymycar.eu\/fr-webzine\/wp-content\/uploads\/medias\/20c0047_026.jpg","link":"https:\/\/www.bymycar.fr\/webzine\/quelle-pression-des-pneus-sur-le-mercedes-gla\/20c0047_026\/","alt":"","author":"9","description":"","caption":"","name":"20c0047_026","status":"inherit","uploaded_to":33316,"date":"2022-07-14 07:57:02","modified":"2022-07-14 07:57:02","menu_order":0,"mime_type":"image\/jpeg","type":"image","subtype":"jpeg","icon":"https:\/\/www.bymycar.fr\/webzine\/wp-includes\/images\/media\/default.png","width":750,"height":410,"sizes":{"thumbnail":"https:\/\/cdn.bymycar.eu\/fr-webzine\/wp-content\/uploads\/medias\/20c0047_026-150x150.jpg","thumbnail-width":150,"thumbnail-height":150,"medium":"https:\/\/cdn.bymycar.eu\/fr-webzine\/wp-content\/uploads\/medias\/20c0047_026-300x164.jpg","medium-width":300,"medium-height":164,"medium_large":"https:\/\/cdn.bymycar.eu\/fr-webzine\/wp-content\/uploads\/medias\/20c0047_026.jpg","medium_large-width":750,"medium_large-height":410,"large":"https:\/\/cdn.bymycar.eu\/fr-webzine\/wp-content\/uploads\/medias\/20c0047_026.jpg","large-width":750,"large-height":410,"1536x1536":"https:\/\/cdn.bymycar.eu\/fr-webzine\/wp-content\/uploads\/medias\/20c0047_026.jpg","1536x1536-width":750,"1536x1536-height":410,"2048x2048":"https:\/\/cdn.bymycar.eu\/fr-webzine\/wp-content\/uploads\/medias\/20c0047_026.jpg","2048x2048-width":750,"2048x2048-height":410}},"page_content":{"block_content":[{"acf_fc_layout":"carousel-produits"},{"acf_fc_layout":"text-simple","--nav":{"-withNav":false,"-ancre":""},"--group":{"-text":"<h2>Mercedes SUV GLA : aper\u00e7u des motorisations<\/h2>\n<h3>Une gamme compl\u00e8te de moteurs<\/h3>\n<p>Le Mercedes-Benz GLA propose une offre motoris\u00e9e compl\u00e8te et polyvalente, adapt\u00e9e \u00e0 tous les besoins. Ce SUV compact de <a href=\"https:\/\/www.bymycar.fr\/v\/mercedes-occasion\">la marque \u00e0 l&rsquo;\u00e9toile Mercedes<\/a> se d\u00e9cline en versions essence, diesel, hybride rechargeable et sportives AMG. Les blocs essence comprennent des quatre cylindres 1.3L en versions GLA 180 (136 ch) et GLA 200 (163 ch), tous deux dot\u00e9s d&rsquo;une hybridation l\u00e9g\u00e8re 48V pour optimiser l&rsquo;efficience. Le GLA 250e hybride rechargeable combine quant \u00e0 lui un moteur essence 1.3L et un moteur \u00e9lectrique pour une puissance cumul\u00e9e de 218 ch, offrant jusqu&rsquo;\u00e0 70 km d&rsquo;autonomie en mode \u00e9lectrique.<\/p>\n<h3>Puissances et technologies cl\u00e9s<\/h3>\n<p>Les motorisations diesel s&rsquo;articulent autour d&rsquo;un bloc 2.0L d\u00e9clin\u00e9 en GLA 200d (150 ch) et GLA 220d (190 ch), disponibles en traction ou transmission int\u00e9grale 4MATIC. Pour les amateurs de performances, les versions Mercedes-AMG proposent des mod\u00e8les particuli\u00e8rement dynamiques : le GLA 35 AMG d\u00e9veloppe 306 ch tandis que le GLA 45 S AMG culmine \u00e0 421 ch, pour des acc\u00e9l\u00e9rations de 0 \u00e0 100 km\/h en seulement 4,3 secondes.<\/p>\n<table>\n<thead>\n<tr>\n<th>Motorisation<\/th>\n<th>Puissance<\/th>\n<th>Transmission<\/th>\n<\/tr>\n<\/thead>\n<tbody>\n<tr>\n<td>GLA 180 essence<\/td>\n<td>136 ch<\/td>\n<td>Traction<\/td>\n<\/tr>\n<tr>\n<td>GLA 250e hybride<\/td>\n<td>218 ch<\/td>\n<td>Traction<\/td>\n<\/tr>\n<tr>\n<td>GLA 220d diesel<\/td>\n<td>190 ch<\/td>\n<td>4MATIC<\/td>\n<\/tr>\n<tr>\n<td>GLA 45 S AMG<\/td>\n<td>421 ch<\/td>\n<td>4MATIC<\/td>\n<\/tr>\n<\/tbody>\n<\/table>\n<h2>Moteurs essence et hybride rechargeable du Mercedes GLA<\/h2>\n<h3>Essence : de 136 ch \u00e0 421 ch<\/h3>\n<p>Le Mercedes GLA se distingue par une gamme essence compl\u00e8te, adapt\u00e9e \u00e0 tous les usages. Le GLA 180, avec son bloc 4 cylindres 1.3L de 136 ch, offre une conduite souple en milieu urbain gr\u00e2ce \u00e0 son hybridation l\u00e9g\u00e8re 48V. Le GLA 200 monte en puissance avec 163 ch issus du m\u00eame moteur, pour une consommation moyenne ma\u00eetris\u00e9e autour de 6,2 l\/100 km. Plus dynamique, le GLA 250 embarque un 2.0L de 224 ch capable d&rsquo;atteindre 210 km\/h et d&rsquo;abattre le 0 \u00e0 100 km\/h en moins de 7 secondes.<\/p>\n<p>Pour les amateurs de sensations fortes, les versions sportives AMG impressionnent : le GLA 35 AMG avec son 2.0L turbo de 306 ch et sa bo\u00eete automatique 8G-DCT SpeedShift garantit des acc\u00e9l\u00e9rations franches, tandis que le GLA 45 S AMG culmine \u00e0 421 ch pour des performances exceptionnelles (0 \u00e0 100 km\/h en 4,3 secondes et 270 km\/h en vitesse de pointe).<\/p>\n<p>Les atouts des motorisations essence du Mercedes GLA sont :<\/p>\n<ul>\n<li>Une bo\u00eete automatique 8G-DCT r\u00e9active et fluide sur l&rsquo;ensemble de la gamme ;<\/li>\n<li>Des consommations ma\u00eetris\u00e9es gr\u00e2ce \u00e0 l&rsquo;hybridation l\u00e9g\u00e8re sur les versions d&rsquo;entr\u00e9e de gamme ;<\/li>\n<li>Une transmission int\u00e9grale 4MATIC disponible sur les versions les plus puissantes ;<\/li>\n<li>Des performances de premier ordre sur les versions AMG.<\/li>\n<\/ul>\n<p>Ces motorisations s&rsquo;adaptent parfaitement \u00e0 vos besoins, que vous privil\u00e9giez l&rsquo;\u00e9conomie ou la sportivit\u00e9.<\/p>\n<h3>Hybride rechargeable 250e<\/h3>\n<p>Le Mercedes GLA 250e repr\u00e9sente la solution id\u00e9ale pour combiner mobilit\u00e9 \u00e9lectrique et polyvalence. Cette version hybride rechargeable associe un moteur essence 1.3L de 163 ch \u00e0 un moteur \u00e9lectrique de 102 ch, pour une puissance cumul\u00e9e de 218 ch et un couple g\u00e9n\u00e9reux de 450 Nm. Sa batterie de 15,6 kWh lui permet de parcourir jusqu&rsquo;\u00e0 70 km en mode 100 % \u00e9lectrique, id\u00e9al pour les trajets quotidiens sans \u00e9mission.<\/p>\n<p>C\u00f4t\u00e9 performances, le GLA 250e affiche un 0 \u00e0 100 km\/h en 7,1 secondes et une vitesse maximale de 220 km\/h (140 km\/h en mode \u00e9lectrique). La transmission s&rsquo;effectue via la bo\u00eete automatique 8G-DCT, garantissant souplesse et r\u00e9activit\u00e9 en toutes circonstances.<\/p>\n<h2>Moteur GLA diesel : long\u00e9vit\u00e9 et sobri\u00e9t\u00e9<\/h2>\n<h3>Mercedes GLA 200d : 150 ch<\/h3>\n<p>Le Mercedes GLA 200d embarque un moteur diesel 2.0L d\u00e9velopp\u00e9 par Mercedes-Benz, d\u00e9livrant 150 ch et 320 Nm de couple. Ce bloc OM654, conforme aux normes Euro 6d, se distingue par sa sobri\u00e9t\u00e9 remarquable avec une consommation moyenne de 5,2 l\/100 km. Particuli\u00e8rement adapt\u00e9 aux trajets quotidiens et aux distances moyennes, il offre une autonomie d\u00e9passant les 800 km avec un plein. Sa conception robuste, dot\u00e9e d&rsquo;une cha\u00eene de distribution plut\u00f4t que d&rsquo;une courroie, r\u00e9duit consid\u00e9rablement les co\u00fbts d&rsquo;entretien sur le long terme.<\/p>\n<h3>Mercedes GLA 220d : 190 ch<\/h3>\n<p>Plus puissant, le GLA 220d d\u00e9veloppe 190 ch et 400 Nm de couple gr\u00e2ce \u00e0 son moteur diesel 2.0L. Disponible en version traction ou avec la transmission int\u00e9grale 4MATIC, il offre des performances remarquables : 0 \u00e0 100 km\/h en 7,7 secondes et une vitesse de pointe de 218 km\/h. Sa consommation reste ma\u00eetris\u00e9e autour de 6 l\/100 km sur route et autoroute. La version 4MATIC optimise l&rsquo;adh\u00e9rence sur tous types de terrain, renfor\u00e7ant la polyvalence de cette motorisation diesel particuli\u00e8rement appr\u00e9ci\u00e9e pour les longs trajets. La technologie OM654 garantit \u00e9galement une long\u00e9vit\u00e9 exceptionnelle, avec des intervalles d&rsquo;entretien espac\u00e9s.<\/p>\n<h2>Zoom sur les moteurs embl\u00e9matiques : 180, 200, 200d, 220d<\/h2>\n<h3>Moteur Mercedes GLA 180<\/h3>\n<p>Le Mercedes GLA 180 s&rsquo;\u00e9quipe d&rsquo;un bloc essence 4 cylindres 1.3L d\u00e9veloppant 136 ch, fruit de la collaboration entre Mercedes-Benz et Renault. Ce moteur d&rsquo;entr\u00e9e de gamme offre un couple de 200 Nm disponible \u00e0 bas r\u00e9gime, garantissant une conduite souple en milieu urbain. Avec une vitesse de pointe de 205 km\/h, ce bloc s&rsquo;av\u00e8re parfaitement adapt\u00e9 pour une utilisation quotidienne en ville et sur route. Sa sobri\u00e9t\u00e9 \u00e9nerg\u00e9tique en fait un choix judicieux pour les conducteurs privil\u00e9giant l&rsquo;\u00e9conomie sans sacrifier l&rsquo;agr\u00e9ment de conduite dans un habitacle spacieux.<\/p>\n<h3>Moteur Mercedes GLA 200<\/h3>\n<p>Le GLA 200 repose sur le m\u00eame bloc 1.3L que le 180, mais avec une puissance port\u00e9e \u00e0 163 ch. Con\u00e7u pour offrir plus de dynamisme, ce moteur d\u00e9veloppe un couple g\u00e9n\u00e9reux de 250 Nm disponible d\u00e8s 1 600 tr\/min. Ses performances sont convaincantes avec un 0 \u00e0 100 km\/h abattu en 8,7 secondes et une vitesse maximale de 210 km\/h. Cette version constitue un excellent compromis entre performance et consommation mod\u00e9r\u00e9e (6,2 l\/100 km en cycle mixte), id\u00e9ale pour les conducteurs cherchant une polyvalence accrue dans diverses conditions de conduite.<\/p>\n<h3>Moteur Mercedes GLA 200d<\/h3>\n<p>Le Mercedes GLA 200d embarque un moteur diesel 2.0L d\u00e9velopp\u00e9 par Mercedes-Benz, d\u00e9livrant 150 ch. Ce bloc OM654 respecte les normes environnementales les plus strictes tout en offrant une sobri\u00e9t\u00e9 remarquable. Particuli\u00e8rement recommand\u00e9 pour une conduite urbaine et p\u00e9riurbaine, il brille par son couple g\u00e9n\u00e9reux et sa consommation contenue. Sa conception robuste et son entretien espac\u00e9 en font un choix pertinent pour les conducteurs parcourant r\u00e9guli\u00e8rement des distances moyennes dans diff\u00e9rentes classes de routes.<\/p>\n<h3>Moteur Mercedes GLA 220d<\/h3>\n<p>Le GLA 220d repr\u00e9sente la version la plus puissante des blocs diesel avec son moteur 2.0L de 190 ch. Disponible en version traction ou 4MATIC (transmission int\u00e9grale), il offre des performances dignes d&rsquo;un SUV premium : 7,7 secondes pour le 0 \u00e0 100 km\/h et une vitesse de pointe de 218 km\/h. Sa consommation reste ma\u00eetris\u00e9e avec environ 6 l\/100 km sur route et autoroute. Ce moteur est id\u00e9al pour les longs trajets et les utilisateurs recherchant une conduite dynamique sans compromis sur l&rsquo;efficience. La transmission 4MATIC optimise l&rsquo;adh\u00e9rence sur tous types de terrain, renfor\u00e7ant la polyvalence de cette version.<\/p>\n<table>\n<thead>\n<tr>\n<th>Mod\u00e8le<\/th>\n<th>Puissance<\/th>\n<th>Couple<\/th>\n<th>0-100 km\/h<\/th>\n<th>Consommation moyenne<\/th>\n<\/tr>\n<\/thead>\n<tbody>\n<tr>\n<td>GLA 180<\/td>\n<td>136 ch<\/td>\n<td>200 Nm<\/td>\n<td>9,6 s<\/td>\n<td>6,6 l\/100 km<\/td>\n<\/tr>\n<tr>\n<td>GLA 200<\/td>\n<td>163 ch<\/td>\n<td>250 Nm<\/td>\n<td>8,7 s<\/td>\n<td>6,2 l\/100 km<\/td>\n<\/tr>\n<tr>\n<td>GLA 200d<\/td>\n<td>150 ch<\/td>\n<td>320 Nm<\/td>\n<td>8,9 s<\/td>\n<td>5,2 l\/100 km<\/td>\n<\/tr>\n<tr>\n<td>GLA 220d<\/td>\n<td>190 ch<\/td>\n<td>400 Nm<\/td>\n<td>7,7 s<\/td>\n<td>6,0 l\/100 km<\/td>\n<\/tr>\n<\/tbody>\n<\/table>\n<h2>Mercedes GLA 4MATIC et versions AMG : performances et tenue de route<\/h2>\n<h3>Transmission int\u00e9grale 4MATIC<\/h3>\n<p>La technologie 4MATIC du Mercedes GLA offre une r\u00e9partition intelligente du couple entre les essieux avant et arri\u00e8re. Ce syst\u00e8me assure une traction optimale, particuli\u00e8rement sur chauss\u00e9es glissantes ou mouill\u00e9es. La transmission int\u00e9grale r\u00e9partit le couple dans un rapport de 45\/55 entre l&rsquo;avant et l&rsquo;arri\u00e8re, garantissant une excellente tenue de route en toutes circonstances.<\/p>\n<p>Les avantages de la transmission 4MATIC sont :<\/p>\n<ul>\n<li>Une adh\u00e9rence sup\u00e9rieure sur surfaces difficiles ;<\/li>\n<li>Une stabilit\u00e9 accrue dans les virages ;<\/li>\n<li>Une s\u00e9curit\u00e9 renforc\u00e9e en conditions m\u00e9t\u00e9orologiques d\u00e9favorables ;<\/li>\n<li>Un comportement routier plus pr\u00e9visible.<\/li>\n<\/ul>\n<p>Cette technologie fonctionne de mani\u00e8re transparente pour le conducteur, s&rsquo;adaptant automatiquement aux conditions de route.<\/p>\n<h3>AMG 35 et 45 S<\/h3>\n<p>Les versions AMG du GLA portent les performances \u00e0 leur paroxysme. Le GLA 35 4MATIC d\u00e9veloppe 306 ch tandis que le GLA 45 S 4MATIC+ atteint l&rsquo;impressionnant chiffre de 421 ch, propulsant le SUV de 0 \u00e0 100 km\/h en seulement 4,3 secondes.<\/p>\n<p>Ces mod\u00e8les sportifs se distinguent par leur bo\u00eete de vitesses \u00e0 double embrayage 8G-DCT SPEEDSHIFT AMG, offrant des passages de rapport ultra-rapides et pr\u00e9cis. Le syst\u00e8me RACE-START de s\u00e9rie permet des d\u00e9parts arr\u00eat\u00e9s foudroyants, tandis que le freinage haute performance assure une d\u00e9c\u00e9l\u00e9ration \u00e0 la hauteur de la puissance d\u00e9livr\u00e9e.<\/p>\n<h2>Quel moteur choisir pour votre Mercedes GLA ?<\/h2>\n<h3>Usage urbain et trajets courts<\/h3>\n<p>Pour la conduite en milieu urbain et les trajets courts, la version hybride rechargeable GLA 250e repr\u00e9sente un choix id\u00e9al. Son autonomie \u00e9lectrique allant jusqu&rsquo;\u00e0 70 km vous permet d&rsquo;effectuer vos d\u00e9placements quotidiens sans consommer une goutte de carburant. Cette motorisation combine un moteur essence 1.3L de 163 ch avec un moteur \u00e9lectrique de 109 ch, offrant une exp\u00e9rience de conduite silencieuse et r\u00e9active. Son mode de conduite \u00e9lectrique est parfaitement adapt\u00e9 aux zones \u00e0 faibles \u00e9missions et aux embouteillages.<\/p>\n<h3>Longues distances et \u00e9conomie<\/h3>\n<p>Les motorisations diesel restent le point fort du Mercedes GLA pour les grands rouleurs. Le GLA 200d (150 ch) et le GLA 220d (190 ch) se distinguent par leur sobri\u00e9t\u00e9 remarquable sur autoroute avec une consommation moyenne d&rsquo;environ 5,7 l\/100 km. Ces moteurs offrent une autonomie impressionnante d\u00e9passant les 800 km avec un plein, id\u00e9ale pour les trajets sur autoroute fr\u00e9quents. La technologie de d\u00e9pollution avanc\u00e9e garantit \u00e9galement une conformit\u00e9 aux derni\u00e8res normes environnementales.<\/p>\n<h3>Plaisir de conduite sportif<\/h3>\n<p>Pour les amateurs de sensations fortes, les versions AMG subliment l&rsquo;exp\u00e9rience de conduite. Le GLA 35 AMG avec ses 306 ch offre un compromis id\u00e9al entre performances et polyvalence quotidienne. Pour une exp\u00e9rience encore plus intense, la version AMG 45 S d\u00e9livre 421 ch pour des acc\u00e9l\u00e9rations fulgurantes (0 \u00e0 100 km\/h en 4,3 secondes). Ces mod\u00e8les b\u00e9n\u00e9ficient de modes de conduite sp\u00e9cifiques permettant d&rsquo;adapter le comportement du v\u00e9hicule selon vos envies.<\/p>\n<p>Vous h\u00e9sitez encore ? Nos conseillers BYmyCAR sont \u00e0 votre disposition pour vous faire essayer les diff\u00e9rentes motorisations et vous aider \u00e0 trouver celle qui correspondra parfaitement \u00e0 vos besoins.<\/p>\n<h2>Dimensions, march\u00e9 de l&rsquo;occasion et budget d&rsquo;un Mercedes GLA<\/h2>\n<h3>Dimensions Mercedes GLA et habitabilit\u00e9<\/h3>\n<p>Le Mercedes GLA se distingue comme un SUV compact aux dimensions parfaitement \u00e9quilibr\u00e9es : 4,41 m\u00e8tres de longueur, 1,83 m\u00e8tre de largeur et 1,62 m\u00e8tre de hauteur. Son empattement allong\u00e9 de 2,73 m\u00e8tres offre une habitabilit\u00e9 g\u00e9n\u00e9reuse, avec un espace aux jambes accru de 12 cm par rapport \u00e0 la g\u00e9n\u00e9ration pr\u00e9c\u00e9dente. La position de conduite sur\u00e9lev\u00e9e vous garantit une excellente visibilit\u00e9, tandis que le coffre de 435 litres s&rsquo;adapte \u00e0 tous vos besoins gr\u00e2ce \u00e0 la banquette arri\u00e8re fractionn\u00e9e 40\/20\/40.<\/p>\n<h3>Occasion Mercedes GLA et estimation de budget<\/h3>\n<p>Sur le march\u00e9 de l&rsquo;occasion, le Mercedes GLA s\u00e9duit par sa polyvalence et sa robustesse. Pour d\u00e9terminer le budget adapt\u00e9 \u00e0 votre projet, nos conseillers BYmyCAR vous accompagnent en tenant compte de l&rsquo;ann\u00e9e du mod\u00e8le, de l&rsquo;\u00e9tat du v\u00e9hicule et des \u00e9quipements pr\u00e9sents. Que vous recherchiez une version essence, diesel ou hybride rechargeable, nos experts \u00e9valuent chaque v\u00e9hicule avec pr\u00e9cision pour vous proposer le meilleur rapport qualit\u00e9-prix.<\/p>\n<h2>FAQ moteurs Mercedes GLA<\/h2>\n<h3>Quel moteur \u00e9quipe la Mercedes GLA ?<\/h3>\n<p>Le Mercedes-Benz GLA propose une gamme compl\u00e8te allant des moteurs essence 1.3L (136-163 ch) avec hybridation l\u00e9g\u00e8re aux puissants 2.0L (224 ch), sans oublier les versions diesel 2.0L (150-190 ch) et hybride rechargeable offrant 70 km d&rsquo;autonomie \u00e9lectrique.<\/p>\n<h3>Le moteur du Mercedes GLA est-il un moteur Renault ?<\/h3>\n<p>Certaines versions du GLA \u00e9taient \u00e9quip\u00e9es du moteur diesel 1.5 dCi d&rsquo;origine Renault, notamment sur les mod\u00e8les 180d. Toutefois, les GLA 200d et 220d utilisent des moteurs 2.0L d\u00e9velopp\u00e9s par Mercedes-Benz.<\/p>\n<h3>Quelle diff\u00e9rence entre les moteurs GLA 200 et GLA 220 ?<\/h3>\n<p>Le GLA 200 d\u00e9veloppe 163 ch pour une conduite \u00e9quilibr\u00e9e, tandis que le GLA 220d propose 190 ch et un couple sup\u00e9rieur (400 Nm). Le 220d est \u00e9galement disponible en version 4MATIC pour une meilleure motricit\u00e9 sur tous types de terrains.<\/p>\n<h3>Quel moteur diesel pour la Mercedes GLA 200 ?<\/h3>\n<p>Le GLA 200d est \u00e9quip\u00e9 d&rsquo;un moteur diesel 4 cylindres de 2.0L d\u00e9veloppant 150 ch. Ce bloc OM654 se distingue par sa sobri\u00e9t\u00e9 et sa fiabilit\u00e9, id\u00e9al pour les conducteurs parcourant de nombreux kilom\u00e8tres.<\/p>\n<h3>Quelle huile moteur pour Mercedes GLA 200 diesel ?<\/h3>\n<p>Pour votre GLA 200 diesel, privil\u00e9giez une huile moteur synth\u00e9tique respectant les sp\u00e9cifications Mercedes-Benz (TotalEnergies, ELF, CASTROL ou SHELL). Consultez nos conseillers BYmyCAR pour conna\u00eetre la viscosit\u00e9 recommand\u00e9e selon votre kilom\u00e9trage.<\/p>\n<h2>Pour en savoir plus<\/h2>\n<h3>\u00c0 lire \u00e9galement :<\/h3>\n<ul>\n<li><a href=\"https:\/\/www.bymycar.fr\/webzine\/mercedes-gla-occasion-quel-modele-choisir\/\">Guide complet du Mercedes GLA d&rsquo;occasion : quel mod\u00e8le choisir ?<\/a><\/li>\n<li><a href=\"https:\/\/www.bymycar.fr\/webzine\/mercedes-gla-dimensions-et-coffre-guide-complet\/\">Dimensions et volume de coffre du Mercedes GLA : guide pratique<\/a><\/li>\n<\/ul>\n<h3>Sources :<\/h3>\n<ul>\n<li><a href=\"https:\/\/www.mercedes-benz.fr\/passengercars\/mercedes-benz-cars\/models\/gla\/model-overview.html\" target=\"_blank\" rel=\"noopener\">GLA &#8211; mercedes-benz.fr<\/a><\/li>\n<li><a href=\"https:\/\/www.auto-doc.fr\/magazin\/moteurs-mercedes-benz-gla-autodoc-blog\" target=\"_blank\" rel=\"noopener\">Moteurs Mercedes-Benz GLA AUTODOC BLOG<\/a><\/li>\n<li><a href=\"https:\/\/www.automobile-magazine.fr\/voitures\/mercedes\/gla\" target=\"_blank\" rel=\"noopener\">Mercedes GLA : essais, actualit\u00e9s, prix et fiches techniques<\/a><\/li>\n<li><a href=\"https:\/\/fr.wikipedia.org\/wiki\/Mercedes-Benz_Classe_GLA_(Type_247)\" target=\"_blank\" rel=\"noopener\">Mercedes-Benz Classe GLA (Type 247) &#8211; Wikip\u00e9dia<\/a><\/li>\n<li><a href=\"https:\/\/www.groupechopard.com\/mercedes\/actualites\/mercedes-gla-2023-un-suv-taille-pour-la-ville\" target=\"_blank\" rel=\"noopener\">Mercedes GLA 2023 : un SUV taill\u00e9 pour la ville &#8211; Groupe Chopard<\/a><\/li>\n<\/ul>\n"}}]},"add-to-bo":false,"add-carousel-to-footer":true},"yoast_head":"<!-- This site is optimized with the Yoast SEO Premium plugin v26.4 (Yoast SEO v26.4) - https:\/\/yoast.com\/wordpress\/plugins\/seo\/ -->\n<title>Quel moteur sur la Mercedes GLA ?<\/title>\n<meta name=\"robots\" content=\"index, follow, max-snippet:-1, max-image-preview:large, max-video-preview:-1\" \/>\n<link rel=\"canonical\" href=\"https:\/\/www.bymycar.fr\/webzine\/quel-moteur-sur-la-mercedes-gla\/\" \/>\n<meta property=\"og:locale\" content=\"fr_FR\" \/>\n<meta property=\"og:type\" content=\"article\" \/>\n<meta property=\"og:title\" content=\"Quel moteur sur la Mercedes GLA ?\" \/>\n<meta property=\"og:url\" content=\"https:\/\/www.bymycar.fr\/webzine\/quel-moteur-sur-la-mercedes-gla\/\" \/>\n<meta property=\"og:site_name\" content=\"Webzine auto BYmyCAR\" \/>\n<meta property=\"article:published_time\" content=\"2022-07-14T08:06:41+00:00\" \/>\n<meta property=\"article:modified_time\" content=\"2025-12-03T15:48:06+00:00\" \/>\n<meta property=\"og:image\" content=\"https:\/\/cdn.bymycar.eu\/fr-webzine\/wp-content\/uploads\/medias\/20c0047_026.jpg\" \/>\n\t<meta property=\"og:image:width\" content=\"750\" \/>\n\t<meta property=\"og:image:height\" content=\"410\" \/>\n\t<meta property=\"og:image:type\" content=\"image\/jpeg\" \/>\n<meta name=\"author\" content=\"Gregoire LE BIHAN\" \/>\n<meta name=\"twitter:card\" content=\"summary_large_image\" \/>\n<meta name=\"twitter:label1\" content=\"\u00c9crit par\" \/>\n\t<meta name=\"twitter:data1\" content=\"Gregoire LE BIHAN\" \/>\n\t<meta name=\"twitter:label2\" content=\"Dur\u00e9e de lecture estim\u00e9e\" \/>\n\t<meta name=\"twitter:data2\" content=\"1 minute\" \/>\n<script type=\"application\/ld+json\" class=\"yoast-schema-graph\">{\"@context\":\"https:\/\/schema.org\",\"@graph\":[{\"@type\":\"Article\",\"@id\":\"https:\/\/www.bymycar.fr\/webzine\/quel-moteur-sur-la-mercedes-gla\/#article\",\"isPartOf\":{\"@id\":\"https:\/\/www.bymycar.fr\/webzine\/quel-moteur-sur-la-mercedes-gla\/\"},\"author\":{\"name\":\"Gregoire LE BIHAN\",\"@id\":\"https:\/\/www.bymycar.fr\/webzine\/#\/schema\/person\/8c56906440ec126868bd40232b3445f0\"},\"headline\":\"Quel moteur sur la Mercedes GLA ?\",\"datePublished\":\"2022-07-14T08:06:41+00:00\",\"dateModified\":\"2025-12-03T15:48:06+00:00\",\"mainEntityOfPage\":{\"@id\":\"https:\/\/www.bymycar.fr\/webzine\/quel-moteur-sur-la-mercedes-gla\/\"},\"wordCount\":6,\"publisher\":{\"@id\":\"https:\/\/www.bymycar.fr\/webzine\/#organization\"},\"image\":{\"@id\":\"https:\/\/www.bymycar.fr\/webzine\/quel-moteur-sur-la-mercedes-gla\/#primaryimage\"},\"thumbnailUrl\":\"https:\/\/cdn.bymycar.eu\/fr-webzine\/wp-content\/uploads\/medias\/20c0047_026.jpg\",\"articleSection\":[\"Guide d'achat\",\"Guide d'achat Mercedes GLA\"],\"inLanguage\":\"fr-FR\"},{\"@type\":\"WebPage\",\"@id\":\"https:\/\/www.bymycar.fr\/webzine\/quel-moteur-sur-la-mercedes-gla\/\",\"url\":\"https:\/\/www.bymycar.fr\/webzine\/quel-moteur-sur-la-mercedes-gla\/\",\"name\":\"Quel moteur sur la Mercedes GLA ?\",\"isPartOf\":{\"@id\":\"https:\/\/www.bymycar.fr\/webzine\/#website\"},\"primaryImageOfPage\":{\"@id\":\"https:\/\/www.bymycar.fr\/webzine\/quel-moteur-sur-la-mercedes-gla\/#primaryimage\"},\"image\":{\"@id\":\"https:\/\/www.bymycar.fr\/webzine\/quel-moteur-sur-la-mercedes-gla\/#primaryimage\"},\"thumbnailUrl\":\"https:\/\/cdn.bymycar.eu\/fr-webzine\/wp-content\/uploads\/medias\/20c0047_026.jpg\",\"datePublished\":\"2022-07-14T08:06:41+00:00\",\"dateModified\":\"2025-12-03T15:48:06+00:00\",\"breadcrumb\":{\"@id\":\"https:\/\/www.bymycar.fr\/webzine\/quel-moteur-sur-la-mercedes-gla\/#breadcrumb\"},\"inLanguage\":\"fr-FR\",\"potentialAction\":[{\"@type\":\"ReadAction\",\"target\":[\"https:\/\/www.bymycar.fr\/webzine\/quel-moteur-sur-la-mercedes-gla\/\"]}]},{\"@type\":\"ImageObject\",\"inLanguage\":\"fr-FR\",\"@id\":\"https:\/\/www.bymycar.fr\/webzine\/quel-moteur-sur-la-mercedes-gla\/#primaryimage\",\"url\":\"https:\/\/cdn.bymycar.eu\/fr-webzine\/wp-content\/uploads\/medias\/20c0047_026.jpg\",\"contentUrl\":\"https:\/\/cdn.bymycar.eu\/fr-webzine\/wp-content\/uploads\/medias\/20c0047_026.jpg\",\"width\":750,\"height\":410},{\"@type\":\"BreadcrumbList\",\"@id\":\"https:\/\/www.bymycar.fr\/webzine\/quel-moteur-sur-la-mercedes-gla\/#breadcrumb\",\"itemListElement\":[{\"@type\":\"ListItem\",\"position\":1,\"name\":\"Accueil\",\"item\":\"https:\/\/www.bymycar.fr\/webzine\/\"},{\"@type\":\"ListItem\",\"position\":2,\"name\":\"Quel moteur sur la Mercedes GLA ?\"}]},{\"@type\":\"WebSite\",\"@id\":\"https:\/\/www.bymycar.fr\/webzine\/#website\",\"url\":\"https:\/\/www.bymycar.fr\/webzine\/\",\"name\":\"Webzine auto BYmyCAR\",\"description\":\"La magazine auto de BYmyCAR\",\"publisher\":{\"@id\":\"https:\/\/www.bymycar.fr\/webzine\/#organization\"},\"potentialAction\":[{\"@type\":\"SearchAction\",\"target\":{\"@type\":\"EntryPoint\",\"urlTemplate\":\"https:\/\/www.bymycar.fr\/webzine\/?s={search_term_string}\"},\"query-input\":{\"@type\":\"PropertyValueSpecification\",\"valueRequired\":true,\"valueName\":\"search_term_string\"}}],\"inLanguage\":\"fr-FR\"},{\"@type\":\"Organization\",\"@id\":\"https:\/\/www.bymycar.fr\/webzine\/#organization\",\"name\":\"BYmyCAR\",\"url\":\"https:\/\/www.bymycar.fr\/webzine\/\",\"logo\":{\"@type\":\"ImageObject\",\"inLanguage\":\"fr-FR\",\"@id\":\"https:\/\/www.bymycar.fr\/webzine\/#\/schema\/logo\/image\/\",\"url\":\"https:\/\/cdn.bymycar.eu\/fr-webzine\/wp-content\/uploads\/medias\/2017\/08\/logo_DEALER_00000406_001.png\",\"contentUrl\":\"https:\/\/cdn.bymycar.eu\/fr-webzine\/wp-content\/uploads\/medias\/2017\/08\/logo_DEALER_00000406_001.png\",\"width\":2132,\"height\":720,\"caption\":\"BYmyCAR\"},\"image\":{\"@id\":\"https:\/\/www.bymycar.fr\/webzine\/#\/schema\/logo\/image\/\"}},{\"@type\":\"Person\",\"@id\":\"https:\/\/www.bymycar.fr\/webzine\/#\/schema\/person\/8c56906440ec126868bd40232b3445f0\",\"name\":\"Gregoire LE BIHAN\",\"image\":{\"@type\":\"ImageObject\",\"inLanguage\":\"fr-FR\",\"@id\":\"https:\/\/www.bymycar.fr\/webzine\/#\/schema\/person\/image\/\",\"url\":\"https:\/\/secure.gravatar.com\/avatar\/1356d71f3c6eed50de358ba425c9944b742a0d35f88e0d5f8afe88fdac525492?s=96&d=mm&r=g\",\"contentUrl\":\"https:\/\/secure.gravatar.com\/avatar\/1356d71f3c6eed50de358ba425c9944b742a0d35f88e0d5f8afe88fdac525492?s=96&d=mm&r=g\",\"caption\":\"Gregoire LE BIHAN\"}}]}<\/script>\n<!-- \/ Yoast SEO Premium plugin. -->","yoast_head_json":{"title":"Quel moteur sur la Mercedes GLA ?","robots":{"index":"index","follow":"follow","max-snippet":"max-snippet:-1","max-image-preview":"max-image-preview:large","max-video-preview":"max-video-preview:-1"},"canonical":"https:\/\/www.bymycar.fr\/webzine\/quel-moteur-sur-la-mercedes-gla\/","og_locale":"fr_FR","og_type":"article","og_title":"Quel moteur sur la Mercedes GLA ?","og_url":"https:\/\/www.bymycar.fr\/webzine\/quel-moteur-sur-la-mercedes-gla\/","og_site_name":"Webzine auto BYmyCAR","article_published_time":"2022-07-14T08:06:41+00:00","article_modified_time":"2025-12-03T15:48:06+00:00","og_image":[{"width":750,"height":410,"url":"https:\/\/cdn.bymycar.eu\/fr-webzine\/wp-content\/uploads\/medias\/20c0047_026.jpg","type":"image\/jpeg"}],"author":"Gregoire LE BIHAN","twitter_card":"summary_large_image","twitter_misc":{"\u00c9crit par":"Gregoire LE BIHAN","Dur\u00e9e de lecture estim\u00e9e":"1 minute"},"schema":{"@context":"https:\/\/schema.org","@graph":[{"@type":"Article","@id":"https:\/\/www.bymycar.fr\/webzine\/quel-moteur-sur-la-mercedes-gla\/#article","isPartOf":{"@id":"https:\/\/www.bymycar.fr\/webzine\/quel-moteur-sur-la-mercedes-gla\/"},"author":{"name":"Gregoire LE BIHAN","@id":"https:\/\/www.bymycar.fr\/webzine\/#\/schema\/person\/8c56906440ec126868bd40232b3445f0"},"headline":"Quel moteur sur la Mercedes GLA ?","datePublished":"2022-07-14T08:06:41+00:00","dateModified":"2025-12-03T15:48:06+00:00","mainEntityOfPage":{"@id":"https:\/\/www.bymycar.fr\/webzine\/quel-moteur-sur-la-mercedes-gla\/"},"wordCount":6,"publisher":{"@id":"https:\/\/www.bymycar.fr\/webzine\/#organization"},"image":{"@id":"https:\/\/www.bymycar.fr\/webzine\/quel-moteur-sur-la-mercedes-gla\/#primaryimage"},"thumbnailUrl":"https:\/\/cdn.bymycar.eu\/fr-webzine\/wp-content\/uploads\/medias\/20c0047_026.jpg","articleSection":["Guide d'achat","Guide d'achat Mercedes GLA"],"inLanguage":"fr-FR"},{"@type":"WebPage","@id":"https:\/\/www.bymycar.fr\/webzine\/quel-moteur-sur-la-mercedes-gla\/","url":"https:\/\/www.bymycar.fr\/webzine\/quel-moteur-sur-la-mercedes-gla\/","name":"Quel moteur sur la Mercedes GLA ?","isPartOf":{"@id":"https:\/\/www.bymycar.fr\/webzine\/#website"},"primaryImageOfPage":{"@id":"https:\/\/www.bymycar.fr\/webzine\/quel-moteur-sur-la-mercedes-gla\/#primaryimage"},"image":{"@id":"https:\/\/www.bymycar.fr\/webzine\/quel-moteur-sur-la-mercedes-gla\/#primaryimage"},"thumbnailUrl":"https:\/\/cdn.bymycar.eu\/fr-webzine\/wp-content\/uploads\/medias\/20c0047_026.jpg","datePublished":"2022-07-14T08:06:41+00:00","dateModified":"2025-12-03T15:48:06+00:00","breadcrumb":{"@id":"https:\/\/www.bymycar.fr\/webzine\/quel-moteur-sur-la-mercedes-gla\/#breadcrumb"},"inLanguage":"fr-FR","potentialAction":[{"@type":"ReadAction","target":["https:\/\/www.bymycar.fr\/webzine\/quel-moteur-sur-la-mercedes-gla\/"]}]},{"@type":"ImageObject","inLanguage":"fr-FR","@id":"https:\/\/www.bymycar.fr\/webzine\/quel-moteur-sur-la-mercedes-gla\/#primaryimage","url":"https:\/\/cdn.bymycar.eu\/fr-webzine\/wp-content\/uploads\/medias\/20c0047_026.jpg","contentUrl":"https:\/\/cdn.bymycar.eu\/fr-webzine\/wp-content\/uploads\/medias\/20c0047_026.jpg","width":750,"height":410},{"@type":"BreadcrumbList","@id":"https:\/\/www.bymycar.fr\/webzine\/quel-moteur-sur-la-mercedes-gla\/#breadcrumb","itemListElement":[{"@type":"ListItem","position":1,"name":"Accueil","item":"https:\/\/www.bymycar.fr\/webzine\/"},{"@type":"ListItem","position":2,"name":"Quel moteur sur la Mercedes GLA ?"}]},{"@type":"WebSite","@id":"https:\/\/www.bymycar.fr\/webzine\/#website","url":"https:\/\/www.bymycar.fr\/webzine\/","name":"Webzine auto BYmyCAR","description":"La magazine auto de BYmyCAR","publisher":{"@id":"https:\/\/www.bymycar.fr\/webzine\/#organization"},"potentialAction":[{"@type":"SearchAction","target":{"@type":"EntryPoint","urlTemplate":"https:\/\/www.bymycar.fr\/webzine\/?s={search_term_string}"},"query-input":{"@type":"PropertyValueSpecification","valueRequired":true,"valueName":"search_term_string"}}],"inLanguage":"fr-FR"},{"@type":"Organization","@id":"https:\/\/www.bymycar.fr\/webzine\/#organization","name":"BYmyCAR","url":"https:\/\/www.bymycar.fr\/webzine\/","logo":{"@type":"ImageObject","inLanguage":"fr-FR","@id":"https:\/\/www.bymycar.fr\/webzine\/#\/schema\/logo\/image\/","url":"https:\/\/cdn.bymycar.eu\/fr-webzine\/wp-content\/uploads\/medias\/2017\/08\/logo_DEALER_00000406_001.png","contentUrl":"https:\/\/cdn.bymycar.eu\/fr-webzine\/wp-content\/uploads\/medias\/2017\/08\/logo_DEALER_00000406_001.png","width":2132,"height":720,"caption":"BYmyCAR"},"image":{"@id":"https:\/\/www.bymycar.fr\/webzine\/#\/schema\/logo\/image\/"}},{"@type":"Person","@id":"https:\/\/www.bymycar.fr\/webzine\/#\/schema\/person\/8c56906440ec126868bd40232b3445f0","name":"Gregoire LE BIHAN","image":{"@type":"ImageObject","inLanguage":"fr-FR","@id":"https:\/\/www.bymycar.fr\/webzine\/#\/schema\/person\/image\/","url":"https:\/\/secure.gravatar.com\/avatar\/1356d71f3c6eed50de358ba425c9944b742a0d35f88e0d5f8afe88fdac525492?s=96&d=mm&r=g","contentUrl":"https:\/\/secure.gravatar.com\/avatar\/1356d71f3c6eed50de358ba425c9944b742a0d35f88e0d5f8afe88fdac525492?s=96&d=mm&r=g","caption":"Gregoire LE BIHAN"}}]}},"_links":{"self":[{"href":"https:\/\/www.bymycar.fr\/webzine\/wp-json\/wp\/v2\/posts\/33347","targetHints":{"allow":["GET"]}}],"collection":[{"href":"https:\/\/www.bymycar.fr\/webzine\/wp-json\/wp\/v2\/posts"}],"about":[{"href":"https:\/\/www.bymycar.fr\/webzine\/wp-json\/wp\/v2\/types\/post"}],"author":[{"embeddable":true,"href":"https:\/\/www.bymycar.fr\/webzine\/wp-json\/wp\/v2\/users\/9"}],"replies":[{"embeddable":true,"href":"https:\/\/www.bymycar.fr\/webzine\/wp-json\/wp\/v2\/comments?post=33347"}],"version-history":[{"count":6,"href":"https:\/\/www.bymycar.fr\/webzine\/wp-json\/wp\/v2\/posts\/33347\/revisions"}],"predecessor-version":[{"id":62469,"href":"https:\/\/www.bymycar.fr\/webzine\/wp-json\/wp\/v2\/posts\/33347\/revisions\/62469"}],"wp:featuredmedia":[{"embeddable":true,"href":"https:\/\/www.bymycar.fr\/webzine\/wp-json\/wp\/v2\/media\/33327"}],"wp:attachment":[{"href":"https:\/\/www.bymycar.fr\/webzine\/wp-json\/wp\/v2\/media?parent=33347"}],"wp:term":[{"taxonomy":"category","embeddable":true,"href":"https:\/\/www.bymycar.fr\/webzine\/wp-json\/wp\/v2\/categories?post=33347"},{"taxonomy":"post_tag","embeddable":true,"href":"https:\/\/www.bymycar.fr\/webzine\/wp-json\/wp\/v2\/tags?post=33347"}],"curies":[{"name":"wp","href":"https:\/\/api.w.org\/{rel}","templated":true}]}}