{"id":33019,"date":"2022-07-13T11:14:16","date_gmt":"2022-07-13T09:14:16","guid":{"rendered":"https:\/\/prod.bymycar.fr\/webzine\/?p=33019"},"modified":"2026-04-27T14:37:20","modified_gmt":"2026-04-27T12:37:20","slug":"tous-les-modeles-de-la-gamme-smart","status":"publish","type":"post","link":"https:\/\/www.bymycar.fr\/webzine\/tous-les-modeles-de-la-gamme-smart\/","title":{"rendered":"Tous les mod\u00e8les de la gamme smart"},"content":{"rendered":"","protected":false},"excerpt":{"rendered":"","protected":false},"author":88,"featured_media":33021,"comment_status":"closed","ping_status":"open","sticky":false,"template":"","format":"standard","meta":{"_acf_changed":false,"footnotes":""},"categories":[12893,12926],"tags":[],"class_list":["post-33019","post","type-post","status-publish","format-standard","has-post-thumbnail","hentry","category-guide-dachat","category-guide-dachat-smart"],"acf":{"template":"classique","introduction":"<p style=\"text-align: justify;\">Le projet <a href=\"https:\/\/www.bymycar.fr\/marques\/smart\">Smart<\/a> d\u00e9bute dans les ann\u00e9es 90. Depuis, la marque a produit une grande vari\u00e9t\u00e9 de mod\u00e8les qui sont disponibles en version coup\u00e9e, cabriolet et citadine. BYmyCAR vous en dit plus sur les diff\u00e9rents mod\u00e8les de la gamme Smart.<\/p>\n<p style=\"text-align: center;\"><a href=\"https:\/\/www.bymycar.fr\/rechercher-un-vehicule?prod_VEHICLES%5BrefinementList%5D%5Bbrand%5D%5B0%5D=SMART\" target=\"_blank\" class=\"css-button css-button--gold\" >\n                Voir nos v\u00e9hicules Smart neufs et d'occasion\n        <\/a><\/p>\n<p>&nbsp;<\/p>\n","strates":[{"type_strate":"carousel-produits","ancre":"","contenu":"<h2 style=\"text-align: justify;\">Smart : d\u00e9finition, origine et activit\u00e9<\/h2>\n<p style=\"text-align: justify;\">Avant de parler des diff\u00e9rentes cat\u00e9gories de la gamme Smart, il est important de conna\u00eetre l&rsquo;histoire de la marque et son origine. Son fondateur est Nicolas Hayek, le pr\u00e9sident du groupe Swatch. Il a l&rsquo;id\u00e9e de produire une petite citadine qui a la m\u00eame apparence que les montres Swatch, avec une motorisation \u00e9lectrique et une carrosserie personnalisable.<\/p>\n<p style=\"text-align: justify;\">En 1991, le constructeur allemand Volkswagen adh\u00e8re au projet et travaille sur la conception de la Smart avec Nicolas Hayek. Mais la collaboration est interrompue au bout d&rsquo;une ann\u00e9e de crise et c&rsquo;est vers Mercedes Benz qu&rsquo;il se tourne. Leur alliance donn naissance \u00e0 la co-entreprise MMC (Mercedes Micro Car). Les premiers prototypes de la marque voient le jour en 1994.<\/p>\n<p style=\"text-align: justify;\">Ce n&rsquo;est qu&rsquo;en 1998 que les premi\u00e8res voitures\u00a0<a href=\"https:\/\/www.bymycar.fr\/marques\/smart\">Smart<\/a>\u00a0sont commercialis\u00e9es en Europe. Apr\u00e8s les divergences entre les deux propri\u00e9taires, Nicolas Hayek finit par se retirer de la soci\u00e9t\u00e9 MCC et c\u00e8de toutes ses parts \u00e0 Mercedes Benz. Ce dernier devient ainsi propri\u00e9taire enti\u00e8re de la marque. Le groupe Daimler-Benz continue la commercialisation des micro-citadines et \u00e9largit sa gamme avec la Smart Cityt Coup\u00e9. Boud\u00e9e par le public, elle est abandonn\u00e9e. La marque se recentre ainsi sur son mod\u00e8le phare, la Smart biplace et la nomme Fortwo.<\/p>\n<h2 style=\"text-align: justify;\">Que veut dire l&rsquo;acronyme Smart ?<\/h2>\n<p style=\"text-align: justify;\">Apr\u00e8s la dissolution de l&rsquo;entreprise MCC, la marque garde le nom Smart, acronyme de Swatch Mercedes Art. La marque s&rsquo;impose notamment comme le constructeur de r\u00e9f\u00e9rence en mati\u00e8re de citadines compactes, agiles et \u00e9conomes. D\u00e9sormais, la marque propose plusieurs mod\u00e8les de citadines de format r\u00e9duit, parfaits pour la circulation en ville. N\u00e9anmoins, elle finit par reprendre l&rsquo;id\u00e9e originale de Nicolas Hayek avec la production de voitures \u00e9lectriques compactes. En effet, la marque d\u00e9cide de passer au tout \u00e9lectrique. Dans sa nouvelle gamme EQ, elle propose les mod\u00e8les EQ Fortwo, EQ Forfour et EQ Fortwo Cabrio.<\/p>\n<h2 style=\"text-align: justify;\">M\u00e9thode pour diff\u00e9rencier le logo Smart de celui de Volvo : comment faire ?<\/h2>\n<p style=\"text-align: justify;\">Bien qu\u2019il existe une certaine ressemblance entre le logo Volvo et celui de la Smart, il s&rsquo;agit de deux marques diff\u00e9rentes avec des symboles diff\u00e9rents. Le logo Volvo se caract\u00e9rise notamment par un rond barr\u00e9 d&rsquo;une fl\u00e8che tandis que celui de la marque Smart est repr\u00e9sent\u00e9 par la lettre \u00ab\u00a0C\u00a0\u00bb suivie d&rsquo;une fl\u00e8che jaune.<\/p>\n<h2 style=\"text-align: justify;\">La gamme Smart d&rsquo;hier et d&rsquo;aujourd&rsquo;hui : quel mod\u00e8le choisir ?<\/h2>\n<p style=\"text-align: justify;\">Depuis ses d\u00e9buts, l&rsquo;entreprise Smart a fait un long chemin et propose divers mod\u00e8les en version cabriolet, familial et \u00e9lectrique.<\/p>\n<h3 style=\"text-align: justify;\">Les anciens mod\u00e8les de la marque Smart<\/h3>\n<p style=\"text-align: justify;\">Voici diff\u00e9rents mod\u00e8les de la gamme Smart d&rsquo;hier :<\/p>\n<ul style=\"text-align: justify;\">\n<li>City-coup\u00e9 ;<\/li>\n<li>Crossblade ;<\/li>\n<li>Roadster ;<\/li>\n<li>Forfour.<\/li>\n<\/ul>\n<p style=\"text-align: justify;\">La premi\u00e8re s\u00e9rie de la marque est lanc\u00e9e en 1998. Construite dans l&rsquo;usine d&rsquo;Hambach, la City-Car suscite de l&rsquo;int\u00e9r\u00eat gr\u00e2ce aux nombreux avantages qu&rsquo;elle offre en ville. \u00c0 titre d&rsquo;exemple, cette petite citadine est en mesure de se faufiler dans des passages \u00e9troits et de se garer partout. Les r\u00e9sultats de la premi\u00e8re commercialisation de la Smart impactent le chiffre d&rsquo;affaires du constructeur et l&rsquo;encouragent \u00e0 \u00e9largir sa gamme en adoptant la m\u00eame m\u00e9thode de production. Cependant, la City-Coup\u00e9 n&rsquo;arrive pas \u00e0 trouver son public en raison de son prix \u00e9lev\u00e9.<\/p>\n<p style=\"text-align: justify;\">En 2001, la marque souligne son engagement fort pour la production de micro-citadines compactes et lance la Crossblade. La mise en place de ce projet a n\u00e9cessit\u00e9 de nombreuses \u00e9tudes, car cette voiture ne comporte ni toit, ni pare-brise, ni porte. Malgr\u00e9 les efforts n\u00e9cessaires \u00e0 sa production, ce mod\u00e8le est finalement produit en s\u00e9rie limit\u00e9e avec 2 000 exemplaires en 2002.<\/p>\n<p style=\"text-align: justify;\">En outre, les \u00e9quipes d&rsquo;ing\u00e9nieurs de la marque travaillent depuis 1998 sur la mise en place d&rsquo;un mod\u00e8le sportif. Les r\u00e9sultats de leur recherche donnent notamment naissance \u00e0 la Smart Roadster, une voiture qui se rapproche des Roadsters anglais des ann\u00e9es 60.<\/p>\n<h3 style=\"text-align: justify;\">Le dernier projet concept Smart-car : un mod\u00e8le de production avant-gardiste<\/h3>\n<p style=\"text-align: justify;\">La marque ne l\u00e9sine pas sur les moyens et mise sur une meilleure solution pour conqu\u00e9rir une nouvelle client\u00e8le. En d\u00e9cembre 2020, elle annonce notamment l&rsquo;arriv\u00e9e d&rsquo;un premier SUV \u00e9lectrique avec des d\u00e9tails r\u00e9alistes et des r\u00e9sultats surprenants. La m\u00e9thode de production mise en place pour ce projet diff\u00e8re des autres voitures de la marque. En effet, sa production sera d\u00e9localis\u00e9e en Chine d\u00e8s 2023, car le groupe Geely a rachet\u00e9 50 % du capital de la marque.<\/p>\n<p style=\"text-align: justify;\">Pour la marque, le concept #1 est un moyen d&rsquo;\u00e9voluer sur de nouvelles parts de march\u00e9. Il s&rsquo;agit notamment d&rsquo;un SUV urbain qui fait 4.29 m\u00e8tres de long et 1.70 m\u00e8tre de haut. Un prototype issu de l&rsquo;alignement de la strat\u00e9gie de la marque et qui marque sa motivation \u00e0 aller au-del\u00e0 du concept de micro-car.<\/p>\n<p style=\"text-align: justify;\">Avec la mise en place de son nouveau plan d&rsquo;action, la marque affirme sa volont\u00e9 de produire des mod\u00e8les 100 % \u00e9lectriques. Son SUV urbain ne sera notamment disponible qu&rsquo;en version \u00e9lectrique. Il sera dot\u00e9 de deux niveaux de batteries dans le but pr\u00e9cis d&rsquo;assurer une autonomie maximale de 430 km.<\/p>\n<h2 style=\"text-align: justify;\">Les mod\u00e8les 100 % \u00e9lectriques de l&rsquo;entreprise Smart : un objectif r\u00e9ussi<\/h2>\n<p style=\"text-align: justify;\">La nouvelle gamme \u00e9lectrique de la marque comprend trois mod\u00e8les, \u00e0 savoir la Smart EQ Fortwo, EQ Fortwo Cabrio et EQ Forfour. Cependant, cette derni\u00e8re n&rsquo;est plus disponible \u00e0 la vente suite \u00e0 l&rsquo;arr\u00eat de production d\u00e9cid\u00e9e par la marque en janvier 2022. Les amateurs de ce mod\u00e8le devront ainsi attendre la sortie du nouveau mod\u00e8le #1 pour retrouver une version SUV urbain \u00e9lectrique.<\/p>\n<p style=\"text-align: justify;\">Avant de choisir une Smart Electric Drive, il faut se poser les bonnes questions, en se r\u00e9f\u00e9rant \u00e0 sa puissance, son autonomie ou encore son prix. Les r\u00e9ponses vont notamment vous permettre d&rsquo;opter pour le mod\u00e8le qui vous correspond le mieux. D&rsquo;ailleurs, le concept Smart reprend l&rsquo;id\u00e9e originale de la marque, avec comme pour objectif de produire une petite voiture \u00e9lectrique.<\/p>\n<h2 style=\"text-align: justify;\">Smart Electric Drive : dans les crit\u00e8res du bonus \u00e9cologique<\/h2>\n<p style=\"text-align: justify;\">L&rsquo;ensemble des mod\u00e8les \u00e9lectriques de la marque sont \u00e9ligibles au bonus \u00e9cologique. Ils permettent ainsi de b\u00e9n\u00e9ficier de l&rsquo;aide la plus \u00e9lev\u00e9e destin\u00e9e aux voitures \u00e9lectriques, soit un montant de 6 000 \u20ac. En effet, le bonus \u00e9cologique concerne particuli\u00e8rement les voitures hybrides et \u00e9lectriques. Il est accessible \u00e0 l&rsquo;achat pour tous les particuliers.<\/p>\n<h4 style=\"text-align: justify;\">Une micro-citadine id\u00e9ale pour la ville<\/h4>\n<p style=\"text-align: justify;\">Avant la commercialisation de son mod\u00e8le \u00e9lectrique phare, la marque lance un premier test sur les routes de Londres pour obtenir des r\u00e9sultats r\u00e9alistes. La m\u00e9thode est reprise deux ans plus tard, avec plus de 1 000 v\u00e9hicules d\u00e9ploy\u00e9s en Europe. Cette \u00e9tude r\u00e9aliste est men\u00e9e pendant quatre ans, et permet de commercialiser les premi\u00e8res voitures \u00e9lectriques de la marque en 2012.<\/p>\n<p style=\"text-align: justify;\">En effet, la <a href=\"https:\/\/www.bymycar.fr\/electrique\">petite voiture \u00e9lectrique<\/a> de la marque est con\u00e7ue principalement pour un usage urbain. \u00c0 l&rsquo;ext\u00e9rieur, son apparence ressemble \u00e0 la version thermique. Cependant, elle est \u00e9quip\u00e9e d&rsquo;un moteur \u00e9lectrique de 60 kW et d&rsquo;une batterie lithium-ion de 17.6 kWh. D&rsquo;ailleurs, elle est en mesure de parcourir jusqu&rsquo;\u00e0 135 km en pleine charge.<\/p>\n<h3 style=\"text-align: justify;\">M\u00e9thode d&rsquo;\u00e9conomie d&rsquo;\u00e9nergie : comment l&rsquo;utiliser ?<\/h3>\n<p style=\"text-align: justify;\">Bien que les mod\u00e8les Fortwo \u00e9lectriques puissent atteindre une autonomie maximale de 135 km, la marque a mis en place un moyen pour \u00e9conomiser davantage de l&rsquo;\u00e9nergie. Pour cela, elle a \u00e9quip\u00e9 ses v\u00e9hicules d&rsquo;une option permettant de gagner en autonomie. Il suffit notamment d&rsquo;appuyer sur le mode Eco de la console centrale de la voiture pour l&rsquo;activer.<\/p>\n<h3 style=\"text-align: justify;\">\u00c0\u00a0LIRE \u00c9GALEMENT<\/h3>\n<p style=\"text-align: justify;\"><a href=\"https:\/\/www.bymycar.fr\/webzine\/quel-est-le-prix-dune-smart\/\">Quel est le prix d&rsquo;une smart ?<\/a><\/p>\n<p style=\"text-align: justify;\"><a href=\"https:\/\/www.bymycar.fr\/webzine\/comment-changer-la-pile-dune-cle-smart\/\">Comment changer la pile d&rsquo;une cl\u00e9 smart ?<\/a><\/p>\n<p style=\"text-align: justify;\"><a href=\"https:\/\/www.bymycar.fr\/webzine\/comment-changer-une-ampoule-sur-une-smart\/\">Comment changer une ampoule sur une smart ?<\/a><\/p>\n<p style=\"text-align: justify;\"><a href=\"https:\/\/www.bymycar.fr\/webzine\/smart-ou-fiat-500-quel-modele-choisir\/\">Smart ou fiat 500 : quel mod\u00e8le choisir ?<\/a><\/p>\n<p style=\"text-align: justify;\"><a href=\"https:\/\/www.bymycar.fr\/webzine\/comment-changer-le-leve-vitre-dune-smart\/\">Comment changer le leve vitre smart ?<\/a><\/p>\n<p style=\"text-align: justify;\"><a href=\"https:\/\/www.bymycar.fr\/webzine\/comment-changer-une-roue-de-smart\/\">Comment changer une roue de smart ?<\/a><\/p>\n<p style=\"text-align: justify;\"><a href=\"https:\/\/www.bymycar.fr\/webzine\/quels-moteurs-sur-une-smart\/\">Quels moteurs sur une smart ?<\/a><\/p>\n<p style=\"text-align: justify;\"><a href=\"https:\/\/www.bymycar.fr\/webzine\/quel-est-le-prix-dune-smart-electrique\/\">Quel est le prix d&rsquo;une smart \u00e9lectrique ?<\/a><\/p>\n<p style=\"text-align: justify;\"><a href=\"https:\/\/www.bymycar.fr\/webzine\/logo-smart-histoire-et-signification\/\">Logo Smart : histoire et signification<\/a><\/p>\n<p style=\"text-align: justify;\"><a href=\"https:\/\/www.bymycar.fr\/webzine\/quelle-smart-choisir\/\">Quelle smart choisir ?<\/a><\/p>\n","titre":"Voir nos v\u00e9hicules Smart disponibles","image":false,"image_libre":false,"image_800x500":false,"legende":"","zoom":false,"texte":"","articles":false,"categorie_droite":false,"images":false,"elements_comparatif":false,"texte_1":"","texte_2":"","image_1":false,"image_1_563x400":false,"image_1_332x332":false,"image_2":false,"image_2_333x240":false,"image_2_563x400":false,"image_3":false,"image_3_333x240":false,"image_3_332x450":false,"image_4":false,"image_4_332x332":false,"image_4_563x400":false,"code_embed":"","legende_video":"","photo":false,"photo_100x100":false,"nom":"","fonction":"","elements_timeline":false,"entetes_colonnes":false,"entetes_lignes":false,"lignes":false,"introduction":"","formulaire":false,"question":"","reponse":"","libelle_bouton_lien":"","url_lien":"","questions":false,"conclusions":false,"pays":"1","region":"","marque":"17","marqueConcessions":false,"modele":"","ptvente":"","typeV":"","collection":"","nombre_maximum_elements":"5","lien_fin_carousel":"https:\/\/www.bymycar.fr\/rechercher-un-vehicule?prod_VEHICLES%5BrefinementList%5D%5Bbrand%5D%5B0%5D=SMART","texte_lien_fin_carousel":"Voir plus de v\u00e9hicules","trier_par":"prix"},{"type_strate":"texte-simple","ancre":"","contenu":"<h2 style=\"text-align: justify;\">Smart : d\u00e9finition, origine et activit\u00e9<\/h2>\n<p style=\"text-align: justify;\">Avant de parler des diff\u00e9rentes cat\u00e9gories de la gamme Smart, il est important de conna\u00eetre l&rsquo;histoire de la marque et son origine. Son fondateur est Nicolas Hayek, le pr\u00e9sident du groupe Swatch. Il a l&rsquo;id\u00e9e de produire une petite citadine qui a la m\u00eame apparence que les montres Swatch, avec une motorisation \u00e9lectrique et une carrosserie personnalisable.<\/p>\n<p style=\"text-align: justify;\">En 1991, le constructeur allemand Volkswagen adh\u00e8re au projet et travaille sur la conception de la Smart avec Nicolas Hayek. Mais la collaboration est interrompue au bout d&rsquo;une ann\u00e9e de crise et c&rsquo;est vers Mercedes Benz qu&rsquo;il se tourne. Leur alliance donn naissance \u00e0 la co-entreprise MMC (Mercedes Micro Car). Les premiers prototypes de la marque voient le jour en 1994.<\/p>\n<p style=\"text-align: justify;\">Ce n&rsquo;est qu&rsquo;en 1998 que les premi\u00e8res voitures\u00a0<a href=\"https:\/\/www.bymycar.fr\/marques\/smart\">Smart<\/a>\u00a0sont commercialis\u00e9es en Europe. Apr\u00e8s les divergences entre les deux propri\u00e9taires, Nicolas Hayek finit par se retirer de la soci\u00e9t\u00e9 MCC et c\u00e8de toutes ses parts \u00e0 Mercedes Benz. Ce dernier devient ainsi propri\u00e9taire enti\u00e8re de la marque. Le groupe Daimler-Benz continue la commercialisation des micro-citadines et \u00e9largit sa gamme avec la Smart Cityt Coup\u00e9. Boud\u00e9e par le public, elle est abandonn\u00e9e. La marque se recentre ainsi sur son mod\u00e8le phare, la Smart biplace et la nomme Fortwo.<\/p>\n<h2 style=\"text-align: justify;\">Que veut dire l&rsquo;acronyme Smart ?<\/h2>\n<p style=\"text-align: justify;\">Apr\u00e8s la dissolution de l&rsquo;entreprise MCC, la marque garde le nom Smart, acronyme de Swatch Mercedes Art. La marque s&rsquo;impose notamment comme le constructeur de r\u00e9f\u00e9rence en mati\u00e8re de citadines compactes, agiles et \u00e9conomes. D\u00e9sormais, la marque propose plusieurs mod\u00e8les de citadines de format r\u00e9duit, parfaits pour la circulation en ville. N\u00e9anmoins, elle finit par reprendre l&rsquo;id\u00e9e originale de Nicolas Hayek avec la production de voitures \u00e9lectriques compactes. En effet, la marque d\u00e9cide de passer au tout \u00e9lectrique. Dans sa nouvelle gamme EQ, elle propose les mod\u00e8les EQ Fortwo, EQ Forfour et EQ Fortwo Cabrio.<\/p>\n<h2 style=\"text-align: justify;\">M\u00e9thode pour diff\u00e9rencier le logo Smart de celui de Volvo : comment faire ?<\/h2>\n<p style=\"text-align: justify;\">Bien qu\u2019il existe une certaine ressemblance entre le logo Volvo et celui de la Smart, il s&rsquo;agit de deux marques diff\u00e9rentes avec des symboles diff\u00e9rents. Le logo Volvo se caract\u00e9rise notamment par un rond barr\u00e9 d&rsquo;une fl\u00e8che tandis que celui de la marque Smart est repr\u00e9sent\u00e9 par la lettre \u00ab\u00a0C\u00a0\u00bb suivie d&rsquo;une fl\u00e8che jaune.<\/p>\n<h2 style=\"text-align: justify;\">La gamme Smart d&rsquo;hier et d&rsquo;aujourd&rsquo;hui : quel mod\u00e8le choisir ?<\/h2>\n<p style=\"text-align: justify;\">Depuis ses d\u00e9buts, l&rsquo;entreprise Smart a fait un long chemin et propose divers mod\u00e8les en version cabriolet, familial et \u00e9lectrique.<\/p>\n<h3 style=\"text-align: justify;\">Les anciens mod\u00e8les de la marque Smart<\/h3>\n<p style=\"text-align: justify;\">Voici diff\u00e9rents mod\u00e8les de la gamme Smart d&rsquo;hier :<\/p>\n<ul style=\"text-align: justify;\">\n<li>City-coup\u00e9 ;<\/li>\n<li>Crossblade ;<\/li>\n<li>Roadster ;<\/li>\n<li>Forfour.<\/li>\n<\/ul>\n<p style=\"text-align: justify;\">La premi\u00e8re s\u00e9rie de la marque est lanc\u00e9e en 1998. Construite dans l&rsquo;usine d&rsquo;Hambach, la City-Car suscite de l&rsquo;int\u00e9r\u00eat gr\u00e2ce aux nombreux avantages qu&rsquo;elle offre en ville. \u00c0 titre d&rsquo;exemple, cette petite citadine est en mesure de se faufiler dans des passages \u00e9troits et de se garer partout. Les r\u00e9sultats de la premi\u00e8re commercialisation de la Smart impactent le chiffre d&rsquo;affaires du constructeur et l&rsquo;encouragent \u00e0 \u00e9largir sa gamme en adoptant la m\u00eame m\u00e9thode de production. Cependant, la City-Coup\u00e9 n&rsquo;arrive pas \u00e0 trouver son public en raison de son prix \u00e9lev\u00e9.<\/p>\n<p style=\"text-align: justify;\">En 2001, la marque souligne son engagement fort pour la production de micro-citadines compactes et lance la Crossblade. La mise en place de ce projet a n\u00e9cessit\u00e9 de nombreuses \u00e9tudes, car cette voiture ne comporte ni toit, ni pare-brise, ni porte. Malgr\u00e9 les efforts n\u00e9cessaires \u00e0 sa production, ce mod\u00e8le est finalement produit en s\u00e9rie limit\u00e9e avec 2 000 exemplaires en 2002.<\/p>\n<p style=\"text-align: justify;\">En outre, les \u00e9quipes d&rsquo;ing\u00e9nieurs de la marque travaillent depuis 1998 sur la mise en place d&rsquo;un mod\u00e8le sportif. Les r\u00e9sultats de leur recherche donnent notamment naissance \u00e0 la Smart Roadster, une voiture qui se rapproche des Roadsters anglais des ann\u00e9es 60.<\/p>\n<h3 style=\"text-align: justify;\">Le dernier projet concept Smart-car : un mod\u00e8le de production avant-gardiste<\/h3>\n<p style=\"text-align: justify;\">La marque ne l\u00e9sine pas sur les moyens et mise sur une meilleure solution pour conqu\u00e9rir une nouvelle client\u00e8le. En d\u00e9cembre 2020, elle annonce notamment l&rsquo;arriv\u00e9e d&rsquo;un premier SUV \u00e9lectrique avec des d\u00e9tails r\u00e9alistes et des r\u00e9sultats surprenants. La m\u00e9thode de production mise en place pour ce projet diff\u00e8re des autres voitures de la marque. En effet, sa production sera d\u00e9localis\u00e9e en Chine d\u00e8s 2023, car le groupe Geely a rachet\u00e9 50 % du capital de la marque.<\/p>\n<p style=\"text-align: justify;\">Pour la marque, le concept #1 est un moyen d&rsquo;\u00e9voluer sur de nouvelles parts de march\u00e9. Il s&rsquo;agit notamment d&rsquo;un SUV urbain qui fait 4.29 m\u00e8tres de long et 1.70 m\u00e8tre de haut. Un prototype issu de l&rsquo;alignement de la strat\u00e9gie de la marque et qui marque sa motivation \u00e0 aller au-del\u00e0 du concept de micro-car.<\/p>\n<p style=\"text-align: justify;\">Avec la mise en place de son nouveau plan d&rsquo;action, la marque affirme sa volont\u00e9 de produire des mod\u00e8les 100 % \u00e9lectriques. Son SUV urbain ne sera notamment disponible qu&rsquo;en version \u00e9lectrique. Il sera dot\u00e9 de deux niveaux de batteries dans le but pr\u00e9cis d&rsquo;assurer une autonomie maximale de 430 km.<\/p>\n<h2 style=\"text-align: justify;\">Les mod\u00e8les 100 % \u00e9lectriques de l&rsquo;entreprise Smart : un objectif r\u00e9ussi<\/h2>\n<p style=\"text-align: justify;\">La nouvelle gamme \u00e9lectrique de la marque comprend trois mod\u00e8les, \u00e0 savoir la Smart EQ Fortwo, EQ Fortwo Cabrio et EQ Forfour. Cependant, cette derni\u00e8re n&rsquo;est plus disponible \u00e0 la vente suite \u00e0 l&rsquo;arr\u00eat de production d\u00e9cid\u00e9e par la marque en janvier 2022. Les amateurs de ce mod\u00e8le devront ainsi attendre la sortie du nouveau mod\u00e8le #1 pour retrouver une version SUV urbain \u00e9lectrique.<\/p>\n<p style=\"text-align: justify;\">Avant de choisir une Smart Electric Drive, il faut se poser les bonnes questions, en se r\u00e9f\u00e9rant \u00e0 sa puissance, son autonomie ou encore son prix. Les r\u00e9ponses vont notamment vous permettre d&rsquo;opter pour le mod\u00e8le qui vous correspond le mieux. D&rsquo;ailleurs, le concept Smart reprend l&rsquo;id\u00e9e originale de la marque, avec comme pour objectif de produire une petite voiture \u00e9lectrique.<\/p>\n<h2 style=\"text-align: justify;\">Smart Electric Drive : dans les crit\u00e8res du bonus \u00e9cologique<\/h2>\n<p style=\"text-align: justify;\">L&rsquo;ensemble des mod\u00e8les \u00e9lectriques de la marque sont \u00e9ligibles au bonus \u00e9cologique. Ils permettent ainsi de b\u00e9n\u00e9ficier de l&rsquo;aide la plus \u00e9lev\u00e9e destin\u00e9e aux voitures \u00e9lectriques, soit un montant de 6 000 \u20ac. En effet, le bonus \u00e9cologique concerne particuli\u00e8rement les voitures hybrides et \u00e9lectriques. Il est accessible \u00e0 l&rsquo;achat pour tous les particuliers.<\/p>\n<h4 style=\"text-align: justify;\">Une micro-citadine id\u00e9ale pour la ville<\/h4>\n<p style=\"text-align: justify;\">Avant la commercialisation de son mod\u00e8le \u00e9lectrique phare, la marque lance un premier test sur les routes de Londres pour obtenir des r\u00e9sultats r\u00e9alistes. La m\u00e9thode est reprise deux ans plus tard, avec plus de 1 000 v\u00e9hicules d\u00e9ploy\u00e9s en Europe. Cette \u00e9tude r\u00e9aliste est men\u00e9e pendant quatre ans, et permet de commercialiser les premi\u00e8res voitures \u00e9lectriques de la marque en 2012.<\/p>\n<p style=\"text-align: justify;\">En effet, la <a href=\"https:\/\/www.bymycar.fr\/electrique\">petite voiture \u00e9lectrique<\/a> de la marque est con\u00e7ue principalement pour un usage urbain. \u00c0 l&rsquo;ext\u00e9rieur, son apparence ressemble \u00e0 la version thermique. Cependant, elle est \u00e9quip\u00e9e d&rsquo;un moteur \u00e9lectrique de 60 kW et d&rsquo;une batterie lithium-ion de 17.6 kWh. D&rsquo;ailleurs, elle est en mesure de parcourir jusqu&rsquo;\u00e0 135 km en pleine charge.<\/p>\n<h3 style=\"text-align: justify;\">M\u00e9thode d&rsquo;\u00e9conomie d&rsquo;\u00e9nergie : comment l&rsquo;utiliser ?<\/h3>\n<p style=\"text-align: justify;\">Bien que les mod\u00e8les Fortwo \u00e9lectriques puissent atteindre une autonomie maximale de 135 km, la marque a mis en place un moyen pour \u00e9conomiser davantage de l&rsquo;\u00e9nergie. Pour cela, elle a \u00e9quip\u00e9 ses v\u00e9hicules d&rsquo;une option permettant de gagner en autonomie. Il suffit notamment d&rsquo;appuyer sur le mode Eco de la console centrale de la voiture pour l&rsquo;activer.<\/p>\n<h3 style=\"text-align: justify;\">\u00c0\u00a0LIRE \u00c9GALEMENT<\/h3>\n<p style=\"text-align: justify;\"><a href=\"https:\/\/www.bymycar.fr\/webzine\/quel-est-le-prix-dune-smart\/\">Quel est le prix d&rsquo;une smart ?<\/a><\/p>\n<p style=\"text-align: justify;\"><a href=\"https:\/\/www.bymycar.fr\/webzine\/comment-changer-la-pile-dune-cle-smart\/\">Comment changer la pile d&rsquo;une cl\u00e9 smart ?<\/a><\/p>\n<p style=\"text-align: justify;\"><a href=\"https:\/\/www.bymycar.fr\/webzine\/comment-changer-une-ampoule-sur-une-smart\/\">Comment changer une ampoule sur une smart ?<\/a><\/p>\n<p style=\"text-align: justify;\"><a href=\"https:\/\/www.bymycar.fr\/webzine\/smart-ou-fiat-500-quel-modele-choisir\/\">Smart ou fiat 500 : quel mod\u00e8le choisir ?<\/a><\/p>\n<p style=\"text-align: justify;\"><a href=\"https:\/\/www.bymycar.fr\/webzine\/comment-changer-le-leve-vitre-dune-smart\/\">Comment changer le leve vitre smart ?<\/a><\/p>\n<p style=\"text-align: justify;\"><a href=\"https:\/\/www.bymycar.fr\/webzine\/comment-changer-une-roue-de-smart\/\">Comment changer une roue de smart ?<\/a><\/p>\n<p style=\"text-align: justify;\"><a href=\"https:\/\/www.bymycar.fr\/webzine\/quels-moteurs-sur-une-smart\/\">Quels moteurs sur une smart ?<\/a><\/p>\n<p style=\"text-align: justify;\"><a href=\"https:\/\/www.bymycar.fr\/webzine\/quel-est-le-prix-dune-smart-electrique\/\">Quel est le prix d&rsquo;une smart \u00e9lectrique ?<\/a><\/p>\n<p style=\"text-align: justify;\"><a href=\"https:\/\/www.bymycar.fr\/webzine\/logo-smart-histoire-et-signification\/\">Logo Smart : histoire et signification<\/a><\/p>\n<p style=\"text-align: justify;\"><a href=\"https:\/\/www.bymycar.fr\/webzine\/quelle-smart-choisir\/\">Quelle smart choisir ?<\/a><\/p>\n","titre":"Texte 1","image":false,"image_libre":false,"image_800x500":false,"legende":"","zoom":false,"texte":"","articles":false,"categorie_droite":false,"images":false,"elements_comparatif":false,"texte_1":"","texte_2":"","image_1":false,"image_1_563x400":false,"image_1_332x332":false,"image_2":false,"image_2_333x240":false,"image_2_563x400":false,"image_3":false,"image_3_333x240":false,"image_3_332x450":false,"image_4":false,"image_4_332x332":false,"image_4_563x400":false,"code_embed":"","legende_video":"","photo":false,"photo_100x100":false,"nom":"","fonction":"","elements_timeline":false,"entetes_colonnes":false,"entetes_lignes":false,"lignes":false,"introduction":"","formulaire":false,"question":"","reponse":"","libelle_bouton_lien":"","url_lien":"","questions":false,"conclusions":false,"pays":"1","region":"","marque":"17","marqueConcessions":false,"modele":"","ptvente":"","typeV":"","collection":"","nombre_maximum_elements":"10","lien_fin_carousel":"https:\/\/www.bymycar.fr\/rechercher-un-vehicule?prod_VEHICLES%5BrefinementList%5D%5Bbrand%5D%5B0%5D=SMART","texte_lien_fin_carousel":"voir plus de v\u00e9hicules","trier_par":""},{"type_strate":"carousel-produits","ancre":"","contenu":"","titre":"Voir une s\u00e9lection de v\u00e9hicules Smart disponibles","image":false,"image_libre":false,"image_800x500":false,"legende":"","zoom":false,"texte":"","articles":false,"categorie_droite":false,"images":false,"elements_comparatif":false,"texte_1":"","texte_2":"","image_1":false,"image_1_563x400":false,"image_1_332x332":false,"image_2":false,"image_2_333x240":false,"image_2_563x400":false,"image_3":false,"image_3_333x240":false,"image_3_332x450":false,"image_4":false,"image_4_332x332":false,"image_4_563x400":false,"code_embed":"","legende_video":"","photo":false,"photo_100x100":false,"nom":"","fonction":"","elements_timeline":false,"entetes_colonnes":false,"entetes_lignes":false,"lignes":false,"introduction":"","formulaire":false,"question":"","reponse":"","libelle_bouton_lien":"","url_lien":"","questions":false,"conclusions":false,"pays":"1","region":"","marque":"17","marqueConcessions":false,"modele":"","ptvente":"","typeV":"","collection":"","nombre_maximum_elements":"5","lien_fin_carousel":"https:\/\/www.bymycar.fr\/rechercher-un-vehicule?prod_VEHICLES%5BrefinementList%5D%5Bbrand%5D%5B0%5D=SMART","texte_lien_fin_carousel":"voir plus de v\u00e9hicules","trier_par":"prix"}],"is_old_post":false,"image":{"ID":33021,"id":33021,"title":"Tous-les-mod\u00e8les-de-la-gamme-smart","filename":"Tous-les-modeles-de-la-gamme-smart.jpg","filesize":1,"url":"https:\/\/cdn.bymycar.eu\/fr-webzine\/wp-content\/uploads\/medias\/Tous-les-modeles-de-la-gamme-smart.jpg","link":"https:\/\/www.bymycar.fr\/webzine\/tous-les-modeles-de-la-gamme-smart\/tous-les-modeles-de-la-gamme-smart\/","alt":"","author":"9","description":"","caption":"","name":"tous-les-modeles-de-la-gamme-smart","status":"inherit","uploaded_to":33019,"date":"2022-07-13 09:14:08","modified":"2022-07-13 09:14:08","menu_order":0,"mime_type":"image\/jpeg","type":"image","subtype":"jpeg","icon":"https:\/\/www.bymycar.fr\/webzine\/wp-includes\/images\/media\/default.png","width":750,"height":410,"sizes":{"thumbnail":"https:\/\/cdn.bymycar.eu\/fr-webzine\/wp-content\/uploads\/medias\/Tous-les-modeles-de-la-gamme-smart-150x150.jpg","thumbnail-width":150,"thumbnail-height":150,"medium":"https:\/\/cdn.bymycar.eu\/fr-webzine\/wp-content\/uploads\/medias\/Tous-les-modeles-de-la-gamme-smart-300x164.jpg","medium-width":300,"medium-height":164,"medium_large":"https:\/\/cdn.bymycar.eu\/fr-webzine\/wp-content\/uploads\/medias\/Tous-les-modeles-de-la-gamme-smart.jpg","medium_large-width":750,"medium_large-height":410,"large":"https:\/\/cdn.bymycar.eu\/fr-webzine\/wp-content\/uploads\/medias\/Tous-les-modeles-de-la-gamme-smart.jpg","large-width":750,"large-height":410,"1536x1536":"https:\/\/cdn.bymycar.eu\/fr-webzine\/wp-content\/uploads\/medias\/Tous-les-modeles-de-la-gamme-smart.jpg","1536x1536-width":750,"1536x1536-height":410,"2048x2048":"https:\/\/cdn.bymycar.eu\/fr-webzine\/wp-content\/uploads\/medias\/Tous-les-modeles-de-la-gamme-smart.jpg","2048x2048-width":750,"2048x2048-height":410}},"page_content":{"block_content":[{"acf_fc_layout":"carousel-produits"},{"acf_fc_layout":"carousel-produits"},{"acf_fc_layout":"carousel-produits"},{"acf_fc_layout":"text-simple","--nav":{"-withNav":false,"-ancre":""},"--group":{"-text":"<h2 style=\"text-align: justify;\">Smart : d\u00e9finition, origine et activit\u00e9<\/h2>\n<p style=\"text-align: justify;\">Avant de parler des diff\u00e9rentes cat\u00e9gories de la gamme Smart, il est important de conna\u00eetre l&rsquo;histoire de la marque et son origine. Son fondateur est Nicolas Hayek, le pr\u00e9sident du groupe Swatch. Il a l&rsquo;id\u00e9e de produire une petite citadine qui a la m\u00eame apparence que les montres Swatch, avec une motorisation \u00e9lectrique et une carrosserie personnalisable.<\/p>\n<p style=\"text-align: justify;\">En 1991, le constructeur allemand Volkswagen adh\u00e8re au projet et travaille sur la conception de la Smart avec Nicolas Hayek. Mais la collaboration est interrompue au bout d&rsquo;une ann\u00e9e de crise et c&rsquo;est vers Mercedes Benz qu&rsquo;il se tourne. Leur alliance donn naissance \u00e0 la co-entreprise MMC (Mercedes Micro Car). Les premiers prototypes de la marque voient le jour en 1994.<\/p>\n<p style=\"text-align: justify;\">Ce n&rsquo;est qu&rsquo;en 1998 que les premi\u00e8res voitures\u00a0<a href=\"https:\/\/www.bymycar.fr\/marques\/smart\">Smart<\/a>\u00a0sont commercialis\u00e9es en Europe. Apr\u00e8s les divergences entre les deux propri\u00e9taires, Nicolas Hayek finit par se retirer de la soci\u00e9t\u00e9 MCC et c\u00e8de toutes ses parts \u00e0 Mercedes Benz. Ce dernier devient ainsi propri\u00e9taire enti\u00e8re de la marque. Le groupe Daimler-Benz continue la commercialisation des micro-citadines et \u00e9largit sa gamme avec la Smart Cityt Coup\u00e9. Boud\u00e9e par le public, elle est abandonn\u00e9e. La marque se recentre ainsi sur son mod\u00e8le phare, la Smart biplace et la nomme Fortwo.<\/p>\n<h2 style=\"text-align: justify;\">Que veut dire l&rsquo;acronyme Smart ?<\/h2>\n<p style=\"text-align: justify;\">Apr\u00e8s la dissolution de l&rsquo;entreprise MCC, la marque garde le nom Smart, acronyme de Swatch Mercedes Art. La marque s&rsquo;impose notamment comme le constructeur de r\u00e9f\u00e9rence en mati\u00e8re de citadines compactes, agiles et \u00e9conomes. D\u00e9sormais, la marque propose plusieurs mod\u00e8les de citadines de format r\u00e9duit, parfaits pour la circulation en ville. N\u00e9anmoins, elle finit par reprendre l&rsquo;id\u00e9e originale de Nicolas Hayek avec la production de voitures \u00e9lectriques compactes. En effet, la marque d\u00e9cide de passer au tout \u00e9lectrique. Dans sa nouvelle gamme EQ, elle propose les mod\u00e8les EQ Fortwo, EQ Forfour et EQ Fortwo Cabrio.<\/p>\n<h2 style=\"text-align: justify;\">M\u00e9thode pour diff\u00e9rencier le logo Smart de celui de Volvo : comment faire ?<\/h2>\n<p style=\"text-align: justify;\">Bien qu\u2019il existe une certaine ressemblance entre le logo Volvo et celui de la Smart, il s&rsquo;agit de deux marques diff\u00e9rentes avec des symboles diff\u00e9rents. Le logo Volvo se caract\u00e9rise notamment par un rond barr\u00e9 d&rsquo;une fl\u00e8che tandis que celui de la marque Smart est repr\u00e9sent\u00e9 par la lettre \u00ab\u00a0C\u00a0\u00bb suivie d&rsquo;une fl\u00e8che jaune.<\/p>\n<h2 style=\"text-align: justify;\">La gamme Smart d&rsquo;hier et d&rsquo;aujourd&rsquo;hui : quel mod\u00e8le choisir ?<\/h2>\n<p style=\"text-align: justify;\">Depuis ses d\u00e9buts, l&rsquo;entreprise Smart a fait un long chemin et propose divers mod\u00e8les en version cabriolet, familial et \u00e9lectrique.<\/p>\n<h3 style=\"text-align: justify;\">Les anciens mod\u00e8les de la marque Smart<\/h3>\n<p style=\"text-align: justify;\">Voici diff\u00e9rents mod\u00e8les de la gamme Smart d&rsquo;hier :<\/p>\n<ul style=\"text-align: justify;\">\n<li>City-coup\u00e9 ;<\/li>\n<li>Crossblade ;<\/li>\n<li>Roadster ;<\/li>\n<li>Forfour.<\/li>\n<\/ul>\n<p style=\"text-align: justify;\">La premi\u00e8re s\u00e9rie de la marque est lanc\u00e9e en 1998. Construite dans l&rsquo;usine d&rsquo;Hambach, la City-Car suscite de l&rsquo;int\u00e9r\u00eat gr\u00e2ce aux nombreux avantages qu&rsquo;elle offre en ville. \u00c0 titre d&rsquo;exemple, cette petite citadine est en mesure de se faufiler dans des passages \u00e9troits et de se garer partout. Les r\u00e9sultats de la premi\u00e8re commercialisation de la Smart impactent le chiffre d&rsquo;affaires du constructeur et l&rsquo;encouragent \u00e0 \u00e9largir sa gamme en adoptant la m\u00eame m\u00e9thode de production. Cependant, la City-Coup\u00e9 n&rsquo;arrive pas \u00e0 trouver son public en raison de son prix \u00e9lev\u00e9.<\/p>\n<p style=\"text-align: justify;\">En 2001, la marque souligne son engagement fort pour la production de micro-citadines compactes et lance la Crossblade. La mise en place de ce projet a n\u00e9cessit\u00e9 de nombreuses \u00e9tudes, car cette voiture ne comporte ni toit, ni pare-brise, ni porte. Malgr\u00e9 les efforts n\u00e9cessaires \u00e0 sa production, ce mod\u00e8le est finalement produit en s\u00e9rie limit\u00e9e avec 2 000 exemplaires en 2002.<\/p>\n<p style=\"text-align: justify;\">En outre, les \u00e9quipes d&rsquo;ing\u00e9nieurs de la marque travaillent depuis 1998 sur la mise en place d&rsquo;un mod\u00e8le sportif. Les r\u00e9sultats de leur recherche donnent notamment naissance \u00e0 la Smart Roadster, une voiture qui se rapproche des Roadsters anglais des ann\u00e9es 60.<\/p>\n<h3 style=\"text-align: justify;\">Le dernier projet concept Smart-car : un mod\u00e8le de production avant-gardiste<\/h3>\n<p style=\"text-align: justify;\">La marque ne l\u00e9sine pas sur les moyens et mise sur une meilleure solution pour conqu\u00e9rir une nouvelle client\u00e8le. En d\u00e9cembre 2020, elle annonce notamment l&rsquo;arriv\u00e9e d&rsquo;un premier SUV \u00e9lectrique avec des d\u00e9tails r\u00e9alistes et des r\u00e9sultats surprenants. La m\u00e9thode de production mise en place pour ce projet diff\u00e8re des autres voitures de la marque. En effet, sa production sera d\u00e9localis\u00e9e en Chine d\u00e8s 2023, car le groupe Geely a rachet\u00e9 50 % du capital de la marque.<\/p>\n<p style=\"text-align: justify;\">Pour la marque, le concept #1 est un moyen d&rsquo;\u00e9voluer sur de nouvelles parts de march\u00e9. Il s&rsquo;agit notamment d&rsquo;un SUV urbain qui fait 4.29 m\u00e8tres de long et 1.70 m\u00e8tre de haut. Un prototype issu de l&rsquo;alignement de la strat\u00e9gie de la marque et qui marque sa motivation \u00e0 aller au-del\u00e0 du concept de micro-car.<\/p>\n<p style=\"text-align: justify;\">Avec la mise en place de son nouveau plan d&rsquo;action, la marque affirme sa volont\u00e9 de produire des mod\u00e8les 100 % \u00e9lectriques. Son SUV urbain ne sera notamment disponible qu&rsquo;en version \u00e9lectrique. Il sera dot\u00e9 de deux niveaux de batteries dans le but pr\u00e9cis d&rsquo;assurer une autonomie maximale de 430 km.<\/p>\n<h2 style=\"text-align: justify;\">Les mod\u00e8les 100 % \u00e9lectriques de l&rsquo;entreprise Smart : un objectif r\u00e9ussi<\/h2>\n<p style=\"text-align: justify;\">La nouvelle gamme \u00e9lectrique de la marque comprend trois mod\u00e8les, \u00e0 savoir la Smart EQ Fortwo, EQ Fortwo Cabrio et EQ Forfour. Cependant, cette derni\u00e8re n&rsquo;est plus disponible \u00e0 la vente suite \u00e0 l&rsquo;arr\u00eat de production d\u00e9cid\u00e9e par la marque en janvier 2022. Les amateurs de ce mod\u00e8le devront ainsi attendre la sortie du nouveau mod\u00e8le #1 pour retrouver une version SUV urbain \u00e9lectrique.<\/p>\n<p style=\"text-align: justify;\">Avant de choisir une Smart Electric Drive, il faut se poser les bonnes questions, en se r\u00e9f\u00e9rant \u00e0 sa puissance, son autonomie ou encore son prix. Les r\u00e9ponses vont notamment vous permettre d&rsquo;opter pour le mod\u00e8le qui vous correspond le mieux. D&rsquo;ailleurs, le concept Smart reprend l&rsquo;id\u00e9e originale de la marque, avec comme pour objectif de produire une petite voiture \u00e9lectrique.<\/p>\n<h2 style=\"text-align: justify;\">Smart Electric Drive : dans les crit\u00e8res du bonus \u00e9cologique<\/h2>\n<p style=\"text-align: justify;\">L&rsquo;ensemble des mod\u00e8les \u00e9lectriques de la marque sont \u00e9ligibles au bonus \u00e9cologique. Ils permettent ainsi de b\u00e9n\u00e9ficier de l&rsquo;aide la plus \u00e9lev\u00e9e destin\u00e9e aux voitures \u00e9lectriques, soit un montant de 6 000 \u20ac. En effet, le bonus \u00e9cologique concerne particuli\u00e8rement les voitures hybrides et \u00e9lectriques. Il est accessible \u00e0 l&rsquo;achat pour tous les particuliers.<\/p>\n<h4 style=\"text-align: justify;\">Une micro-citadine id\u00e9ale pour la ville<\/h4>\n<p style=\"text-align: justify;\">Avant la commercialisation de son mod\u00e8le \u00e9lectrique phare, la marque lance un premier test sur les routes de Londres pour obtenir des r\u00e9sultats r\u00e9alistes. La m\u00e9thode est reprise deux ans plus tard, avec plus de 1 000 v\u00e9hicules d\u00e9ploy\u00e9s en Europe. Cette \u00e9tude r\u00e9aliste est men\u00e9e pendant quatre ans, et permet de commercialiser les premi\u00e8res voitures \u00e9lectriques de la marque en 2012.<\/p>\n<p style=\"text-align: justify;\">En effet, la <a href=\"https:\/\/www.bymycar.fr\/electrique\">petite voiture \u00e9lectrique<\/a> de la marque est con\u00e7ue principalement pour un usage urbain. \u00c0 l&rsquo;ext\u00e9rieur, son apparence ressemble \u00e0 la version thermique. Cependant, elle est \u00e9quip\u00e9e d&rsquo;un moteur \u00e9lectrique de 60 kW et d&rsquo;une batterie lithium-ion de 17.6 kWh. D&rsquo;ailleurs, elle est en mesure de parcourir jusqu&rsquo;\u00e0 135 km en pleine charge.<\/p>\n<h3 style=\"text-align: justify;\">M\u00e9thode d&rsquo;\u00e9conomie d&rsquo;\u00e9nergie : comment l&rsquo;utiliser ?<\/h3>\n<p style=\"text-align: justify;\">Bien que les mod\u00e8les Fortwo \u00e9lectriques puissent atteindre une autonomie maximale de 135 km, la marque a mis en place un moyen pour \u00e9conomiser davantage de l&rsquo;\u00e9nergie. Pour cela, elle a \u00e9quip\u00e9 ses v\u00e9hicules d&rsquo;une option permettant de gagner en autonomie. Il suffit notamment d&rsquo;appuyer sur le mode Eco de la console centrale de la voiture pour l&rsquo;activer.<\/p>\n<h3 style=\"text-align: justify;\">\u00c0\u00a0LIRE \u00c9GALEMENT<\/h3>\n<p style=\"text-align: justify;\"><a href=\"https:\/\/www.bymycar.fr\/webzine\/quel-est-le-prix-dune-smart\/\">Quel est le prix d&rsquo;une smart ?<\/a><\/p>\n<p style=\"text-align: justify;\"><a href=\"https:\/\/www.bymycar.fr\/webzine\/comment-changer-la-pile-dune-cle-smart\/\">Comment changer la pile d&rsquo;une cl\u00e9 smart ?<\/a><\/p>\n<p style=\"text-align: justify;\"><a href=\"https:\/\/www.bymycar.fr\/webzine\/comment-changer-une-ampoule-sur-une-smart\/\">Comment changer une ampoule sur une smart ?<\/a><\/p>\n<p style=\"text-align: justify;\"><a href=\"https:\/\/www.bymycar.fr\/webzine\/smart-ou-fiat-500-quel-modele-choisir\/\">Smart ou fiat 500 : quel mod\u00e8le choisir ?<\/a><\/p>\n<p style=\"text-align: justify;\"><a href=\"https:\/\/www.bymycar.fr\/webzine\/comment-changer-le-leve-vitre-dune-smart\/\">Comment changer le leve vitre smart ?<\/a><\/p>\n<p style=\"text-align: justify;\"><a href=\"https:\/\/www.bymycar.fr\/webzine\/comment-changer-une-roue-de-smart\/\">Comment changer une roue de smart ?<\/a><\/p>\n<p style=\"text-align: justify;\"><a href=\"https:\/\/www.bymycar.fr\/webzine\/quels-moteurs-sur-une-smart\/\">Quels moteurs sur une smart ?<\/a><\/p>\n<p style=\"text-align: justify;\"><a href=\"https:\/\/www.bymycar.fr\/webzine\/quel-est-le-prix-dune-smart-electrique\/\">Quel est le prix d&rsquo;une smart \u00e9lectrique ?<\/a><\/p>\n<p style=\"text-align: justify;\"><a href=\"https:\/\/www.bymycar.fr\/webzine\/logo-smart-histoire-et-signification\/\">Logo Smart : histoire et signification<\/a><\/p>\n<p style=\"text-align: justify;\"><a href=\"https:\/\/www.bymycar.fr\/webzine\/quelle-smart-choisir\/\">Quelle smart choisir ?<\/a><\/p>\n"}}]},"add-carousel-to-footer":true},"yoast_head":"<!-- This site is optimized with the Yoast SEO Premium plugin v26.4 (Yoast SEO v26.4) - https:\/\/yoast.com\/wordpress\/plugins\/seo\/ -->\n<title>Tous les mod\u00e8les de la gamme smart<\/title>\n<meta name=\"robots\" content=\"index, follow, max-snippet:-1, max-image-preview:large, max-video-preview:-1\" \/>\n<link rel=\"canonical\" href=\"https:\/\/www.bymycar.fr\/webzine\/tous-les-modeles-de-la-gamme-smart\/\" \/>\n<meta property=\"og:locale\" content=\"fr_FR\" \/>\n<meta property=\"og:type\" content=\"article\" \/>\n<meta property=\"og:title\" content=\"Tous les mod\u00e8les de la gamme smart\" \/>\n<meta property=\"og:url\" content=\"https:\/\/www.bymycar.fr\/webzine\/tous-les-modeles-de-la-gamme-smart\/\" \/>\n<meta property=\"og:site_name\" content=\"Webzine auto BYmyCAR\" \/>\n<meta property=\"article:published_time\" content=\"2022-07-13T09:14:16+00:00\" \/>\n<meta property=\"article:modified_time\" content=\"2026-04-27T12:37:20+00:00\" \/>\n<meta property=\"og:image\" content=\"https:\/\/cdn.bymycar.eu\/fr-webzine\/wp-content\/uploads\/medias\/Tous-les-modeles-de-la-gamme-smart.jpg\" \/>\n\t<meta property=\"og:image:width\" content=\"750\" \/>\n\t<meta property=\"og:image:height\" content=\"410\" \/>\n\t<meta property=\"og:image:type\" content=\"image\/jpeg\" \/>\n<meta name=\"author\" content=\"La R\u00e9daction BYmyCAR\" \/>\n<meta name=\"twitter:card\" content=\"summary_large_image\" \/>\n<meta name=\"twitter:label1\" content=\"\u00c9crit par\" \/>\n\t<meta name=\"twitter:data1\" content=\"La R\u00e9daction BYmyCAR\" \/>\n<script type=\"application\/ld+json\" class=\"yoast-schema-graph\">{\"@context\":\"https:\/\/schema.org\",\"@graph\":[{\"@type\":\"Article\",\"@id\":\"https:\/\/www.bymycar.fr\/webzine\/tous-les-modeles-de-la-gamme-smart\/#article\",\"isPartOf\":{\"@id\":\"https:\/\/www.bymycar.fr\/webzine\/tous-les-modeles-de-la-gamme-smart\/\"},\"author\":{\"name\":\"La R\u00e9daction BYmyCAR\",\"@id\":\"https:\/\/www.bymycar.fr\/webzine\/#\/schema\/person\/8d570fe11eb8929f06c1e6d00f4d9689\"},\"headline\":\"Tous les mod\u00e8les de la gamme smart\",\"datePublished\":\"2022-07-13T09:14:16+00:00\",\"dateModified\":\"2026-04-27T12:37:20+00:00\",\"mainEntityOfPage\":{\"@id\":\"https:\/\/www.bymycar.fr\/webzine\/tous-les-modeles-de-la-gamme-smart\/\"},\"wordCount\":8,\"publisher\":{\"@id\":\"https:\/\/www.bymycar.fr\/webzine\/#organization\"},\"image\":{\"@id\":\"https:\/\/www.bymycar.fr\/webzine\/tous-les-modeles-de-la-gamme-smart\/#primaryimage\"},\"thumbnailUrl\":\"https:\/\/cdn.bymycar.eu\/fr-webzine\/wp-content\/uploads\/medias\/Tous-les-modeles-de-la-gamme-smart.jpg\",\"articleSection\":[\"Guide d'achat\",\"Guide d'achat smart\"],\"inLanguage\":\"fr-FR\"},{\"@type\":\"WebPage\",\"@id\":\"https:\/\/www.bymycar.fr\/webzine\/tous-les-modeles-de-la-gamme-smart\/\",\"url\":\"https:\/\/www.bymycar.fr\/webzine\/tous-les-modeles-de-la-gamme-smart\/\",\"name\":\"Tous les mod\u00e8les de la gamme smart\",\"isPartOf\":{\"@id\":\"https:\/\/www.bymycar.fr\/webzine\/#website\"},\"primaryImageOfPage\":{\"@id\":\"https:\/\/www.bymycar.fr\/webzine\/tous-les-modeles-de-la-gamme-smart\/#primaryimage\"},\"image\":{\"@id\":\"https:\/\/www.bymycar.fr\/webzine\/tous-les-modeles-de-la-gamme-smart\/#primaryimage\"},\"thumbnailUrl\":\"https:\/\/cdn.bymycar.eu\/fr-webzine\/wp-content\/uploads\/medias\/Tous-les-modeles-de-la-gamme-smart.jpg\",\"datePublished\":\"2022-07-13T09:14:16+00:00\",\"dateModified\":\"2026-04-27T12:37:20+00:00\",\"breadcrumb\":{\"@id\":\"https:\/\/www.bymycar.fr\/webzine\/tous-les-modeles-de-la-gamme-smart\/#breadcrumb\"},\"inLanguage\":\"fr-FR\",\"potentialAction\":[{\"@type\":\"ReadAction\",\"target\":[\"https:\/\/www.bymycar.fr\/webzine\/tous-les-modeles-de-la-gamme-smart\/\"]}]},{\"@type\":\"ImageObject\",\"inLanguage\":\"fr-FR\",\"@id\":\"https:\/\/www.bymycar.fr\/webzine\/tous-les-modeles-de-la-gamme-smart\/#primaryimage\",\"url\":\"https:\/\/cdn.bymycar.eu\/fr-webzine\/wp-content\/uploads\/medias\/Tous-les-modeles-de-la-gamme-smart.jpg\",\"contentUrl\":\"https:\/\/cdn.bymycar.eu\/fr-webzine\/wp-content\/uploads\/medias\/Tous-les-modeles-de-la-gamme-smart.jpg\",\"width\":750,\"height\":410},{\"@type\":\"BreadcrumbList\",\"@id\":\"https:\/\/www.bymycar.fr\/webzine\/tous-les-modeles-de-la-gamme-smart\/#breadcrumb\",\"itemListElement\":[{\"@type\":\"ListItem\",\"position\":1,\"name\":\"Accueil\",\"item\":\"https:\/\/www.bymycar.fr\/webzine\/\"},{\"@type\":\"ListItem\",\"position\":2,\"name\":\"Tous les mod\u00e8les de la gamme smart\"}]},{\"@type\":\"WebSite\",\"@id\":\"https:\/\/www.bymycar.fr\/webzine\/#website\",\"url\":\"https:\/\/www.bymycar.fr\/webzine\/\",\"name\":\"Webzine auto BYmyCAR\",\"description\":\"La magazine auto de BYmyCAR\",\"publisher\":{\"@id\":\"https:\/\/www.bymycar.fr\/webzine\/#organization\"},\"potentialAction\":[{\"@type\":\"SearchAction\",\"target\":{\"@type\":\"EntryPoint\",\"urlTemplate\":\"https:\/\/www.bymycar.fr\/webzine\/?s={search_term_string}\"},\"query-input\":{\"@type\":\"PropertyValueSpecification\",\"valueRequired\":true,\"valueName\":\"search_term_string\"}}],\"inLanguage\":\"fr-FR\"},{\"@type\":\"Organization\",\"@id\":\"https:\/\/www.bymycar.fr\/webzine\/#organization\",\"name\":\"BYmyCAR\",\"url\":\"https:\/\/www.bymycar.fr\/webzine\/\",\"logo\":{\"@type\":\"ImageObject\",\"inLanguage\":\"fr-FR\",\"@id\":\"https:\/\/www.bymycar.fr\/webzine\/#\/schema\/logo\/image\/\",\"url\":\"https:\/\/cdn.bymycar.eu\/fr-webzine\/wp-content\/uploads\/medias\/2017\/08\/logo_DEALER_00000406_001.png\",\"contentUrl\":\"https:\/\/cdn.bymycar.eu\/fr-webzine\/wp-content\/uploads\/medias\/2017\/08\/logo_DEALER_00000406_001.png\",\"width\":2132,\"height\":720,\"caption\":\"BYmyCAR\"},\"image\":{\"@id\":\"https:\/\/www.bymycar.fr\/webzine\/#\/schema\/logo\/image\/\"}},{\"@type\":\"Person\",\"@id\":\"https:\/\/www.bymycar.fr\/webzine\/#\/schema\/person\/8d570fe11eb8929f06c1e6d00f4d9689\",\"name\":\"La R\u00e9daction BYmyCAR\",\"image\":{\"@type\":\"ImageObject\",\"inLanguage\":\"fr-FR\",\"@id\":\"https:\/\/www.bymycar.fr\/webzine\/#\/schema\/person\/image\/\",\"url\":\"https:\/\/secure.gravatar.com\/avatar\/1aa6b039d0ce106989923af4e2d0f2a0c82bb070d5e449f1b9adf082a5863900?s=96&d=mm&r=g\",\"contentUrl\":\"https:\/\/secure.gravatar.com\/avatar\/1aa6b039d0ce106989923af4e2d0f2a0c82bb070d5e449f1b9adf082a5863900?s=96&d=mm&r=g\",\"caption\":\"La R\u00e9daction BYmyCAR\"},\"sameAs\":[\"https:\/\/www.bymycar.fr\/\"]}]}<\/script>\n<!-- \/ Yoast SEO Premium plugin. -->","yoast_head_json":{"title":"Tous les mod\u00e8les de la gamme smart","robots":{"index":"index","follow":"follow","max-snippet":"max-snippet:-1","max-image-preview":"max-image-preview:large","max-video-preview":"max-video-preview:-1"},"canonical":"https:\/\/www.bymycar.fr\/webzine\/tous-les-modeles-de-la-gamme-smart\/","og_locale":"fr_FR","og_type":"article","og_title":"Tous les mod\u00e8les de la gamme smart","og_url":"https:\/\/www.bymycar.fr\/webzine\/tous-les-modeles-de-la-gamme-smart\/","og_site_name":"Webzine auto BYmyCAR","article_published_time":"2022-07-13T09:14:16+00:00","article_modified_time":"2026-04-27T12:37:20+00:00","og_image":[{"width":750,"height":410,"url":"https:\/\/cdn.bymycar.eu\/fr-webzine\/wp-content\/uploads\/medias\/Tous-les-modeles-de-la-gamme-smart.jpg","type":"image\/jpeg"}],"author":"La R\u00e9daction BYmyCAR","twitter_card":"summary_large_image","twitter_misc":{"\u00c9crit par":"La R\u00e9daction BYmyCAR"},"schema":{"@context":"https:\/\/schema.org","@graph":[{"@type":"Article","@id":"https:\/\/www.bymycar.fr\/webzine\/tous-les-modeles-de-la-gamme-smart\/#article","isPartOf":{"@id":"https:\/\/www.bymycar.fr\/webzine\/tous-les-modeles-de-la-gamme-smart\/"},"author":{"name":"La R\u00e9daction BYmyCAR","@id":"https:\/\/www.bymycar.fr\/webzine\/#\/schema\/person\/8d570fe11eb8929f06c1e6d00f4d9689"},"headline":"Tous les mod\u00e8les de la gamme smart","datePublished":"2022-07-13T09:14:16+00:00","dateModified":"2026-04-27T12:37:20+00:00","mainEntityOfPage":{"@id":"https:\/\/www.bymycar.fr\/webzine\/tous-les-modeles-de-la-gamme-smart\/"},"wordCount":8,"publisher":{"@id":"https:\/\/www.bymycar.fr\/webzine\/#organization"},"image":{"@id":"https:\/\/www.bymycar.fr\/webzine\/tous-les-modeles-de-la-gamme-smart\/#primaryimage"},"thumbnailUrl":"https:\/\/cdn.bymycar.eu\/fr-webzine\/wp-content\/uploads\/medias\/Tous-les-modeles-de-la-gamme-smart.jpg","articleSection":["Guide d'achat","Guide d'achat smart"],"inLanguage":"fr-FR"},{"@type":"WebPage","@id":"https:\/\/www.bymycar.fr\/webzine\/tous-les-modeles-de-la-gamme-smart\/","url":"https:\/\/www.bymycar.fr\/webzine\/tous-les-modeles-de-la-gamme-smart\/","name":"Tous les mod\u00e8les de la gamme smart","isPartOf":{"@id":"https:\/\/www.bymycar.fr\/webzine\/#website"},"primaryImageOfPage":{"@id":"https:\/\/www.bymycar.fr\/webzine\/tous-les-modeles-de-la-gamme-smart\/#primaryimage"},"image":{"@id":"https:\/\/www.bymycar.fr\/webzine\/tous-les-modeles-de-la-gamme-smart\/#primaryimage"},"thumbnailUrl":"https:\/\/cdn.bymycar.eu\/fr-webzine\/wp-content\/uploads\/medias\/Tous-les-modeles-de-la-gamme-smart.jpg","datePublished":"2022-07-13T09:14:16+00:00","dateModified":"2026-04-27T12:37:20+00:00","breadcrumb":{"@id":"https:\/\/www.bymycar.fr\/webzine\/tous-les-modeles-de-la-gamme-smart\/#breadcrumb"},"inLanguage":"fr-FR","potentialAction":[{"@type":"ReadAction","target":["https:\/\/www.bymycar.fr\/webzine\/tous-les-modeles-de-la-gamme-smart\/"]}]},{"@type":"ImageObject","inLanguage":"fr-FR","@id":"https:\/\/www.bymycar.fr\/webzine\/tous-les-modeles-de-la-gamme-smart\/#primaryimage","url":"https:\/\/cdn.bymycar.eu\/fr-webzine\/wp-content\/uploads\/medias\/Tous-les-modeles-de-la-gamme-smart.jpg","contentUrl":"https:\/\/cdn.bymycar.eu\/fr-webzine\/wp-content\/uploads\/medias\/Tous-les-modeles-de-la-gamme-smart.jpg","width":750,"height":410},{"@type":"BreadcrumbList","@id":"https:\/\/www.bymycar.fr\/webzine\/tous-les-modeles-de-la-gamme-smart\/#breadcrumb","itemListElement":[{"@type":"ListItem","position":1,"name":"Accueil","item":"https:\/\/www.bymycar.fr\/webzine\/"},{"@type":"ListItem","position":2,"name":"Tous les mod\u00e8les de la gamme smart"}]},{"@type":"WebSite","@id":"https:\/\/www.bymycar.fr\/webzine\/#website","url":"https:\/\/www.bymycar.fr\/webzine\/","name":"Webzine auto BYmyCAR","description":"La magazine auto de BYmyCAR","publisher":{"@id":"https:\/\/www.bymycar.fr\/webzine\/#organization"},"potentialAction":[{"@type":"SearchAction","target":{"@type":"EntryPoint","urlTemplate":"https:\/\/www.bymycar.fr\/webzine\/?s={search_term_string}"},"query-input":{"@type":"PropertyValueSpecification","valueRequired":true,"valueName":"search_term_string"}}],"inLanguage":"fr-FR"},{"@type":"Organization","@id":"https:\/\/www.bymycar.fr\/webzine\/#organization","name":"BYmyCAR","url":"https:\/\/www.bymycar.fr\/webzine\/","logo":{"@type":"ImageObject","inLanguage":"fr-FR","@id":"https:\/\/www.bymycar.fr\/webzine\/#\/schema\/logo\/image\/","url":"https:\/\/cdn.bymycar.eu\/fr-webzine\/wp-content\/uploads\/medias\/2017\/08\/logo_DEALER_00000406_001.png","contentUrl":"https:\/\/cdn.bymycar.eu\/fr-webzine\/wp-content\/uploads\/medias\/2017\/08\/logo_DEALER_00000406_001.png","width":2132,"height":720,"caption":"BYmyCAR"},"image":{"@id":"https:\/\/www.bymycar.fr\/webzine\/#\/schema\/logo\/image\/"}},{"@type":"Person","@id":"https:\/\/www.bymycar.fr\/webzine\/#\/schema\/person\/8d570fe11eb8929f06c1e6d00f4d9689","name":"La R\u00e9daction BYmyCAR","image":{"@type":"ImageObject","inLanguage":"fr-FR","@id":"https:\/\/www.bymycar.fr\/webzine\/#\/schema\/person\/image\/","url":"https:\/\/secure.gravatar.com\/avatar\/1aa6b039d0ce106989923af4e2d0f2a0c82bb070d5e449f1b9adf082a5863900?s=96&d=mm&r=g","contentUrl":"https:\/\/secure.gravatar.com\/avatar\/1aa6b039d0ce106989923af4e2d0f2a0c82bb070d5e449f1b9adf082a5863900?s=96&d=mm&r=g","caption":"La R\u00e9daction BYmyCAR"},"sameAs":["https:\/\/www.bymycar.fr\/"]}]}},"_links":{"self":[{"href":"https:\/\/www.bymycar.fr\/webzine\/wp-json\/wp\/v2\/posts\/33019","targetHints":{"allow":["GET"]}}],"collection":[{"href":"https:\/\/www.bymycar.fr\/webzine\/wp-json\/wp\/v2\/posts"}],"about":[{"href":"https:\/\/www.bymycar.fr\/webzine\/wp-json\/wp\/v2\/types\/post"}],"author":[{"embeddable":true,"href":"https:\/\/www.bymycar.fr\/webzine\/wp-json\/wp\/v2\/users\/88"}],"replies":[{"embeddable":true,"href":"https:\/\/www.bymycar.fr\/webzine\/wp-json\/wp\/v2\/comments?post=33019"}],"version-history":[{"count":8,"href":"https:\/\/www.bymycar.fr\/webzine\/wp-json\/wp\/v2\/posts\/33019\/revisions"}],"predecessor-version":[{"id":40235,"href":"https:\/\/www.bymycar.fr\/webzine\/wp-json\/wp\/v2\/posts\/33019\/revisions\/40235"}],"wp:featuredmedia":[{"embeddable":true,"href":"https:\/\/www.bymycar.fr\/webzine\/wp-json\/wp\/v2\/media\/33021"}],"wp:attachment":[{"href":"https:\/\/www.bymycar.fr\/webzine\/wp-json\/wp\/v2\/media?parent=33019"}],"wp:term":[{"taxonomy":"category","embeddable":true,"href":"https:\/\/www.bymycar.fr\/webzine\/wp-json\/wp\/v2\/categories?post=33019"},{"taxonomy":"post_tag","embeddable":true,"href":"https:\/\/www.bymycar.fr\/webzine\/wp-json\/wp\/v2\/tags?post=33019"}],"curies":[{"name":"wp","href":"https:\/\/api.w.org\/{rel}","templated":true}]}}