{"id":33015,"date":"2022-07-13T11:02:39","date_gmt":"2022-07-13T09:02:39","guid":{"rendered":"https:\/\/prod.bymycar.fr\/webzine\/?p=33015"},"modified":"2026-04-27T14:37:20","modified_gmt":"2026-04-27T12:37:20","slug":"logo-smart-histoire-et-signification","status":"publish","type":"post","link":"https:\/\/www.bymycar.fr\/webzine\/logo-smart-histoire-et-signification\/","title":{"rendered":"Logo Smart : histoire et signification"},"content":{"rendered":"","protected":false},"excerpt":{"rendered":"","protected":false},"author":88,"featured_media":33016,"comment_status":"closed","ping_status":"open","sticky":false,"template":"","format":"standard","meta":{"_acf_changed":false,"footnotes":""},"categories":[12893,12926],"tags":[],"class_list":["post-33015","post","type-post","status-publish","format-standard","has-post-thumbnail","hentry","category-guide-dachat","category-guide-dachat-smart"],"acf":{"template":"classique","introduction":"<p style=\"text-align: justify;\"><a href=\"https:\/\/www.bymycar.fr\/marques\/smart\">Smart<\/a> est une marque de renomm\u00e9e mondiale, sp\u00e9cialis\u00e9e dans la production de micro-citadines compactes. Format r\u00e9duit, design \u00e9pur\u00e9 et performance, Smart pr\u00e9sente une r\u00e9elle praticit\u00e9 pour circuler en ville. Le nom de la marque reprend notamment l&rsquo;id\u00e9e originale de la Smartmobile et se distingue par son histoire particuli\u00e8re. BYmyCAR vous parle en d\u00e9tail de l&rsquo;histoire de la marque Smart et de la signification de son logo.<\/p>\n<p style=\"text-align: center;\"><a href=\"https:\/\/www.bymycar.fr\/rechercher-un-vehicule?prod_VEHICLES%5BrefinementList%5D%5Bbrand%5D%5B0%5D=SMART\" target=\"_blank\" class=\"css-button css-button--gold\" >\n                Voir nos v\u00e9hicules Smart neufs et d'occasion\n        <\/a><\/p>\n","strates":[{"type_strate":"carousel-produits","ancre":"","contenu":"<h2 style=\"text-align: justify;\">Smart : une voiture citadine petit format<\/h2>\n<p style=\"text-align: justify;\">La principale particularit\u00e9 de cette citadine est certainement sa taille. Il s&rsquo;agit d&rsquo;une voiture compacte qui peut circuler et se garer partout. Id\u00e9ale pour se glisser dans les rues \u00e9troites, elle est pratique pour les d\u00e9placements en ville au quotidien. Ses dimensions rendent notamment les man\u0153uvres plus faciles, surtout en ville, o\u00f9 il est difficile de trouver une place de stationnement.<\/p>\n<p style=\"text-align: justify;\">Disponible en 2 ou 4 places, elle offre un espace int\u00e9rieur confortable. Par ailleurs, le si\u00e8ge passager peut \u00eatre rabattu pour transporter des objets en tout genre. En plus de sa praticit\u00e9 et de sa maniabilit\u00e9, la Smart se distingue \u00e9galement par son design original. Parmi les autres voitures citadines, elle est facilement reconnaissable gr\u00e2ce \u00e0 son design et \u00e0 sa taille compacte.<\/p>\n<h2 style=\"text-align: justify;\">L&rsquo;histoire du logo Smart<\/h2>\n<p style=\"text-align: justify;\">Le nom de la marque\u00a0<a href=\"https:\/\/www.bymycar.fr\/marques\/smart\">Smart<\/a>\u00a0est un acronyme de Swatch Mercedes Art. Il reprend le nom de la c\u00e9l\u00e8bre compagnie suisse qui produit les montres Swatch, de celui de Mercedes qui est le constructeur des voitures Smart et du mot \u00ab\u00a0Art\u00a0\u00bb. Son logo met notamment en avant la compacit\u00e9 des v\u00e9hicules de la marque, avec la lettre C, suivie du nom Smart en lettres minuscules. Vous pouvez le reconna\u00eetre \u00e0 sa couleur grise et la petite fl\u00e8che jaune qui l&rsquo;accompagnent pour souligner l&rsquo;esprit avant-gardiste de la marque ainsi que sa capacit\u00e9 \u00e0 s&rsquo;adapter \u00e0 la soci\u00e9t\u00e9.<\/p>\n<p style=\"text-align: justify;\">L&rsquo;id\u00e9e de cr\u00e9er une micro-voiture vient du grand homme d&rsquo;affaires Nicholas Hayek. \u00c0 la t\u00eate de l&rsquo;entreprise d&rsquo;horlogerie suisse Swatch, il a l&rsquo;id\u00e9e de mettre sur pied une voiture ultra-petite, connue sous la marque Swatchmobile pour la promotion des produits de son entreprise. \u00c0 la fin des ann\u00e9es 80, il part \u00e0 la conqu\u00eate de constructeurs en leur proposant une voiture compacte \u00e0 deux places, dot\u00e9e d&rsquo;un syst\u00e8me de propulsion hybride.<\/p>\n<p style=\"text-align: justify;\">Hayek conclu une premi\u00e8re alliance avec Volkswagen, mais elle s&rsquo;arr\u00eate au bout de deux ans. Le constructeur s&rsquo;est retir\u00e9 du projet pour des raisons de rentabilit\u00e9 et des soucis d&rsquo;ordre technique. Plus tard, Hayek se tourne vers le groupe Daimler-Benz et signe un accord pour la production de la Swatchmobile en 1994. Les deux parties fondent la co-entreprise Mercedes City Car.<\/p>\n<p style=\"text-align: justify;\">Mais les avis divergent \u00e0 son lancement. Si le pr\u00e9sident du groupe Swatch souhaite une micro-citadine \u00e9cologique accessible \u00e0 tous, le constructeur allemand pr\u00e9f\u00e8re une citadine branch\u00e9e et luxueuse. Hayek finit par se retirer du projet et la marque MCS est dissoute. De son c\u00f4t\u00e9, Mercedes lance la production de la Smart \u00e0 Hambach, en Moselle, avec une petite citadine de 2.5 m\u00e8tres de long.<\/p>\n<h2 style=\"text-align: justify;\">Commercialisation de la Smart par le constructeur automobile Mercedes Benz<\/h2>\n<p style=\"text-align: justify;\">La petite citadine est commercialis\u00e9e en Europe en 1998 par Daimler-Benz avec un slogan qui reprend l&rsquo;id\u00e9e originale de Nicolas Hayek, \u00ab\u00a0R\u00e9duce to the max\u00a0\u00bb. Celui-ci sera chang\u00e9 en 2005 par \u00ab\u00a0Open your mind\u00a0\u00bb. Le pr\u00e9sident du groupe Swatch se retire finalement en 1998 et c\u00e8de sa part au groupe Daimler-Benz. Ce dernier devient ainsi propri\u00e9taire \u00e0 100 % de la marque. De 2002 \u00e0 2006, elle op\u00e8re sous le nom de la soci\u00e9t\u00e9 Smart Gmbh, avant son int\u00e9gration dans la division de Mercedes Benz. Le si\u00e8ge social de la marque se trouve \u00e0 Boblingen en Allemagne.<\/p>\n<p style=\"text-align: justify;\">En 15 ans, la marque a chang\u00e9 son logo 3 fois. Le premier a \u00e9t\u00e9 cr\u00e9\u00e9 en 1998 et repr\u00e9sente le nom de la marque avec une fl\u00e8che jaune qui surmonte le \u00ab\u00a0a\u00a0\u00bb. \u00c0 l&rsquo;arriv\u00e9e de la Forfour en 2004, Smart change de slogan et le \u00ab\u00a0C\u00a0\u00bb avec la fl\u00e8che jaune est d\u00e9plac\u00e9 sur la gauche avant le nom de la marque en lettres minuscules. Le dernier slogan reprend la m\u00eame police que le pr\u00e9c\u00e9dent, mais cette fois-ci sur un fond noir.<\/p>\n<h3 style=\"text-align: justify;\">Smart Mercedes Art : un nouveau concept voit le jour<\/h3>\n<p style=\"text-align: justify;\">Apr\u00e8s la cr\u00e9ation de la co-entreprise MMC (Micro Compact Car), le groupe Daimler-Benz d\u00e9voile en 1998 deux concepts-cars avec la toute premi\u00e8re silhouette de la Smart City-Coup\u00e9. L&rsquo;ann\u00e9e suivante, l&rsquo;entreprise MMC est abandonn\u00e9e et la marque choisit le nom Smart (Swatch Mercedes Art) pour la commercialisation de la voiture. En 2002, elle abandonne l&rsquo;appellation City-Coup\u00e9 et opte pour Fortwo. La soci\u00e9t\u00e9 continue sa production avec la troisi\u00e8me et quatri\u00e8me g\u00e9n\u00e9ration, avant de passer au 100 % \u00e9lectrique en 2020.<\/p>\n<h2 style=\"text-align: justify;\">Signification du symbole C sur la Smart<\/h2>\n<p style=\"text-align: justify;\">Le logo de la marque est repr\u00e9sent\u00e9 par la lettre \u00ab\u00a0C\u00a0\u00bb avec une fl\u00e8che jaune sur le c\u00f4t\u00e9 droit, suivi du nom Smart. Le \u00ab\u00a0C\u00a0\u00bb signifie \u00ab\u00a0Compact\u00a0\u00bb, car, la marque ne produit que des petites voitures compactes. Quant \u00e0 la fl\u00e8che jaune, elle repr\u00e9sente l&rsquo;esprit d&rsquo;avant-garde avec une vision d&rsquo;aller de l&rsquo;avant. Ce logo est \u00e9galement utilis\u00e9 comme badge de voiture. Plac\u00e9 \u00e0 l&rsquo;avant de la voiture, celui-ci prend l&rsquo;apparence d&rsquo;un anneau avec un triangle sur son c\u00f4t\u00e9 droit.<\/p>\n<h2 style=\"text-align: justify;\">Production de la Smart en France<\/h2>\n<p style=\"text-align: justify;\">Les voitures de la marque sont fabriqu\u00e9es \u00e0 Hambach en Moselle depuis leur cr\u00e9ation. Mais en 2019, la marque annonce une d\u00e9localisation de production en Chine. L&rsquo;usine de production en France continuera de tourner jusqu&rsquo;en 2024. Et pour cause, le groupe Geely devient propri\u00e9taire \u00e0 50 % de la marque Smart, suite \u00e0 son partenariat avec Daimler-Benz. Quant \u00e0 l&rsquo;usine fran\u00e7aise, elle sera d\u00e9di\u00e9e aux futures voitures de Mercedes.<\/p>\n<h2 style=\"text-align: justify;\">Smart auto : les diff\u00e9rents mod\u00e8les de la marque<\/h2>\n<p style=\"text-align: justify;\">La marque commercialise une version cabriolet du City-Coup\u00e9 en 2002, suivie en 2003 de la version Roadster. En 2004, elle propose la Smart 4 places, d\u00e9velopp\u00e9e avec Mitsubishi. Mais la production de la Roadster et de la Forfour fut interrompue successivement en 2005 et 2006. Finalement, la marque reprend la petite citadine deux places, appel\u00e9e Fortwo et lance sa deuxi\u00e8me g\u00e9n\u00e9ration en 2007. Une troisi\u00e8me g\u00e9n\u00e9ration est commercialis\u00e9e en 2014 en collaboration avec Renault-Nissan suivie de la deuxi\u00e8me g\u00e9n\u00e9ration de la Forfour. En 2016 est sorti le mod\u00e8le Brabus, suivi de l&rsquo;\u00e9dition limit\u00e9e Brabus R en 2021.<\/p>\n<p style=\"text-align: justify;\">Tout comme Nicolas Hayek l&rsquo;avait souhait\u00e9, la premi\u00e8re Fortwo Electric Drive a \u00e9t\u00e9 commercialis\u00e9 en 2012. Et en 2020, la marque devient 100 % \u00e9lectrique et lance la gamme Smart EQ.<\/p>\n<h2 style=\"text-align: justify;\">La nouvelle Smart \u00e9lectrique<\/h2>\n<p style=\"text-align: justify;\">La marque abandonne les moteurs thermiques, au profit de la version \u00e9lectrique. La nouvelle g\u00e9n\u00e9ration \u00e9lectrique figure notamment parmi les v\u00e9hicules qui \u00e9mettent le moins de dioxyde de carbone. Le concept reste le m\u00eame avec une voiture de format et de poids r\u00e9duits, mais avec un moteur \u00e9lectrique et une batterie de 17.2 kWh. De quoi offrir une autonomie suffisante pour circuler en ville et dans les p\u00e9riph\u00e9ries.<\/p>\n<h3 style=\"text-align: justify;\">\u00c0\u00a0LIRE \u00c9GALEMENT<\/h3>\n<p style=\"text-align: justify;\"><a href=\"https:\/\/www.bymycar.fr\/webzine\/quel-est-le-prix-dune-smart\/\">Quel est le prix d&rsquo;une smart ?<\/a><\/p>\n<p style=\"text-align: justify;\"><a href=\"https:\/\/www.bymycar.fr\/webzine\/comment-changer-la-pile-dune-cle-smart\/\">Comment changer la pile d&rsquo;une cl\u00e9 smart ?<\/a><\/p>\n<p style=\"text-align: justify;\"><a href=\"https:\/\/www.bymycar.fr\/webzine\/comment-changer-une-ampoule-sur-une-smart\/\">Comment changer une ampoule sur une smart ?<\/a><\/p>\n<p style=\"text-align: justify;\"><a href=\"https:\/\/www.bymycar.fr\/webzine\/smart-ou-fiat-500-quel-modele-choisir\/\">Smart ou fiat 500 : quel mod\u00e8le choisir ?<\/a><\/p>\n<p style=\"text-align: justify;\"><a href=\"https:\/\/www.bymycar.fr\/webzine\/comment-changer-le-leve-vitre-dune-smart\/\">Comment changer le leve vitre smart ?<\/a><\/p>\n<p style=\"text-align: justify;\"><a href=\"https:\/\/www.bymycar.fr\/webzine\/comment-changer-une-roue-de-smart\/\">Comment changer une roue de smart ?<\/a><\/p>\n<p style=\"text-align: justify;\"><a href=\"https:\/\/www.bymycar.fr\/webzine\/quels-moteurs-sur-une-smart\/\">Quels moteurs sur une smart ?<\/a><\/p>\n<p style=\"text-align: justify;\"><a href=\"https:\/\/www.bymycar.fr\/webzine\/quel-est-le-prix-dune-smart-electrique\/\">Quel est le prix d&rsquo;une smart \u00e9lectrique ?<\/a><\/p>\n<p style=\"text-align: justify;\"><a href=\"https:\/\/www.bymycar.fr\/webzine\/tous-les-modeles-de-la-gamme-smart\/\">Tous les mod\u00e8les de la gamme smart<\/a><\/p>\n<p style=\"text-align: justify;\"><a href=\"https:\/\/www.bymycar.fr\/webzine\/quelle-smart-choisir\/\">Quelle smart choisir ?<\/a><\/p>\n","titre":"Voir nos v\u00e9hicules Smart disponibles","image":false,"image_libre":false,"image_800x500":false,"legende":"","zoom":false,"texte":"","articles":false,"categorie_droite":false,"images":false,"elements_comparatif":false,"texte_1":"","texte_2":"","image_1":false,"image_1_563x400":false,"image_1_332x332":false,"image_2":false,"image_2_333x240":false,"image_2_563x400":false,"image_3":false,"image_3_333x240":false,"image_3_332x450":false,"image_4":false,"image_4_332x332":false,"image_4_563x400":false,"code_embed":"","legende_video":"","photo":false,"photo_100x100":false,"nom":"","fonction":"","elements_timeline":false,"entetes_colonnes":false,"entetes_lignes":false,"lignes":false,"introduction":"","formulaire":false,"question":"","reponse":"","libelle_bouton_lien":"","url_lien":"","questions":false,"conclusions":false,"pays":"1","region":"","marque":"17","marqueConcessions":false,"modele":"","ptvente":"","typeV":"","collection":"","nombre_maximum_elements":"4","lien_fin_carousel":"https:\/\/www.bymycar.fr\/rechercher-un-vehicule?prod_VEHICLES%5BrefinementList%5D%5Bbrand%5D%5B0%5D=SMART","texte_lien_fin_carousel":"Voir plus de v\u00e9hicules","trier_par":"prix"},{"type_strate":"texte-simple","ancre":"","contenu":"<h2 style=\"text-align: justify;\">Smart : une voiture citadine petit format<\/h2>\n<p style=\"text-align: justify;\">La principale particularit\u00e9 de cette citadine est certainement sa taille. Il s&rsquo;agit d&rsquo;une voiture compacte qui peut circuler et se garer partout. Id\u00e9ale pour se glisser dans les rues \u00e9troites, elle est pratique pour les d\u00e9placements en ville au quotidien. Ses dimensions rendent notamment les man\u0153uvres plus faciles, surtout en ville, o\u00f9 il est difficile de trouver une place de stationnement.<\/p>\n<p style=\"text-align: justify;\">Disponible en 2 ou 4 places, elle offre un espace int\u00e9rieur confortable. Par ailleurs, le si\u00e8ge passager peut \u00eatre rabattu pour transporter des objets en tout genre. En plus de sa praticit\u00e9 et de sa maniabilit\u00e9, la Smart se distingue \u00e9galement par son design original. Parmi les autres voitures citadines, elle est facilement reconnaissable gr\u00e2ce \u00e0 son design et \u00e0 sa taille compacte.<\/p>\n<h2 style=\"text-align: justify;\">L&rsquo;histoire du logo Smart<\/h2>\n<p style=\"text-align: justify;\">Le nom de la marque\u00a0<a href=\"https:\/\/www.bymycar.fr\/marques\/smart\">Smart<\/a>\u00a0est un acronyme de Swatch Mercedes Art. Il reprend le nom de la c\u00e9l\u00e8bre compagnie suisse qui produit les montres Swatch, de celui de Mercedes qui est le constructeur des voitures Smart et du mot \u00ab\u00a0Art\u00a0\u00bb. Son logo met notamment en avant la compacit\u00e9 des v\u00e9hicules de la marque, avec la lettre C, suivie du nom Smart en lettres minuscules. Vous pouvez le reconna\u00eetre \u00e0 sa couleur grise et la petite fl\u00e8che jaune qui l&rsquo;accompagnent pour souligner l&rsquo;esprit avant-gardiste de la marque ainsi que sa capacit\u00e9 \u00e0 s&rsquo;adapter \u00e0 la soci\u00e9t\u00e9.<\/p>\n<p style=\"text-align: justify;\">L&rsquo;id\u00e9e de cr\u00e9er une micro-voiture vient du grand homme d&rsquo;affaires Nicholas Hayek. \u00c0 la t\u00eate de l&rsquo;entreprise d&rsquo;horlogerie suisse Swatch, il a l&rsquo;id\u00e9e de mettre sur pied une voiture ultra-petite, connue sous la marque Swatchmobile pour la promotion des produits de son entreprise. \u00c0 la fin des ann\u00e9es 80, il part \u00e0 la conqu\u00eate de constructeurs en leur proposant une voiture compacte \u00e0 deux places, dot\u00e9e d&rsquo;un syst\u00e8me de propulsion hybride.<\/p>\n<p style=\"text-align: justify;\">Hayek conclu une premi\u00e8re alliance avec Volkswagen, mais elle s&rsquo;arr\u00eate au bout de deux ans. Le constructeur s&rsquo;est retir\u00e9 du projet pour des raisons de rentabilit\u00e9 et des soucis d&rsquo;ordre technique. Plus tard, Hayek se tourne vers le groupe Daimler-Benz et signe un accord pour la production de la Swatchmobile en 1994. Les deux parties fondent la co-entreprise Mercedes City Car.<\/p>\n<p style=\"text-align: justify;\">Mais les avis divergent \u00e0 son lancement. Si le pr\u00e9sident du groupe Swatch souhaite une micro-citadine \u00e9cologique accessible \u00e0 tous, le constructeur allemand pr\u00e9f\u00e8re une citadine branch\u00e9e et luxueuse. Hayek finit par se retirer du projet et la marque MCS est dissoute. De son c\u00f4t\u00e9, Mercedes lance la production de la Smart \u00e0 Hambach, en Moselle, avec une petite citadine de 2.5 m\u00e8tres de long.<\/p>\n<h2 style=\"text-align: justify;\">Commercialisation de la Smart par le constructeur automobile Mercedes Benz<\/h2>\n<p style=\"text-align: justify;\">La petite citadine est commercialis\u00e9e en Europe en 1998 par Daimler-Benz avec un slogan qui reprend l&rsquo;id\u00e9e originale de Nicolas Hayek, \u00ab\u00a0R\u00e9duce to the max\u00a0\u00bb. Celui-ci sera chang\u00e9 en 2005 par \u00ab\u00a0Open your mind\u00a0\u00bb. Le pr\u00e9sident du groupe Swatch se retire finalement en 1998 et c\u00e8de sa part au groupe Daimler-Benz. Ce dernier devient ainsi propri\u00e9taire \u00e0 100 % de la marque. De 2002 \u00e0 2006, elle op\u00e8re sous le nom de la soci\u00e9t\u00e9 Smart Gmbh, avant son int\u00e9gration dans la division de Mercedes Benz. Le si\u00e8ge social de la marque se trouve \u00e0 Boblingen en Allemagne.<\/p>\n<p style=\"text-align: justify;\">En 15 ans, la marque a chang\u00e9 son logo 3 fois. Le premier a \u00e9t\u00e9 cr\u00e9\u00e9 en 1998 et repr\u00e9sente le nom de la marque avec une fl\u00e8che jaune qui surmonte le \u00ab\u00a0a\u00a0\u00bb. \u00c0 l&rsquo;arriv\u00e9e de la Forfour en 2004, Smart change de slogan et le \u00ab\u00a0C\u00a0\u00bb avec la fl\u00e8che jaune est d\u00e9plac\u00e9 sur la gauche avant le nom de la marque en lettres minuscules. Le dernier slogan reprend la m\u00eame police que le pr\u00e9c\u00e9dent, mais cette fois-ci sur un fond noir.<\/p>\n<h3 style=\"text-align: justify;\">Smart Mercedes Art : un nouveau concept voit le jour<\/h3>\n<p style=\"text-align: justify;\">Apr\u00e8s la cr\u00e9ation de la co-entreprise MMC (Micro Compact Car), le groupe Daimler-Benz d\u00e9voile en 1998 deux concepts-cars avec la toute premi\u00e8re silhouette de la Smart City-Coup\u00e9. L&rsquo;ann\u00e9e suivante, l&rsquo;entreprise MMC est abandonn\u00e9e et la marque choisit le nom Smart (Swatch Mercedes Art) pour la commercialisation de la voiture. En 2002, elle abandonne l&rsquo;appellation City-Coup\u00e9 et opte pour Fortwo. La soci\u00e9t\u00e9 continue sa production avec la troisi\u00e8me et quatri\u00e8me g\u00e9n\u00e9ration, avant de passer au 100 % \u00e9lectrique en 2020.<\/p>\n<h2 style=\"text-align: justify;\">Signification du symbole C sur la Smart<\/h2>\n<p style=\"text-align: justify;\">Le logo de la marque est repr\u00e9sent\u00e9 par la lettre \u00ab\u00a0C\u00a0\u00bb avec une fl\u00e8che jaune sur le c\u00f4t\u00e9 droit, suivi du nom Smart. Le \u00ab\u00a0C\u00a0\u00bb signifie \u00ab\u00a0Compact\u00a0\u00bb, car, la marque ne produit que des petites voitures compactes. Quant \u00e0 la fl\u00e8che jaune, elle repr\u00e9sente l&rsquo;esprit d&rsquo;avant-garde avec une vision d&rsquo;aller de l&rsquo;avant. Ce logo est \u00e9galement utilis\u00e9 comme badge de voiture. Plac\u00e9 \u00e0 l&rsquo;avant de la voiture, celui-ci prend l&rsquo;apparence d&rsquo;un anneau avec un triangle sur son c\u00f4t\u00e9 droit.<\/p>\n<h2 style=\"text-align: justify;\">Production de la Smart en France<\/h2>\n<p style=\"text-align: justify;\">Les voitures de la marque sont fabriqu\u00e9es \u00e0 Hambach en Moselle depuis leur cr\u00e9ation. Mais en 2019, la marque annonce une d\u00e9localisation de production en Chine. L&rsquo;usine de production en France continuera de tourner jusqu&rsquo;en 2024. Et pour cause, le groupe Geely devient propri\u00e9taire \u00e0 50 % de la marque Smart, suite \u00e0 son partenariat avec Daimler-Benz. Quant \u00e0 l&rsquo;usine fran\u00e7aise, elle sera d\u00e9di\u00e9e aux futures voitures de Mercedes.<\/p>\n<h2 style=\"text-align: justify;\">Smart auto : les diff\u00e9rents mod\u00e8les de la marque<\/h2>\n<p style=\"text-align: justify;\">La marque commercialise une version cabriolet du City-Coup\u00e9 en 2002, suivie en 2003 de la version Roadster. En 2004, elle propose la Smart 4 places, d\u00e9velopp\u00e9e avec Mitsubishi. Mais la production de la Roadster et de la Forfour fut interrompue successivement en 2005 et 2006. Finalement, la marque reprend la petite citadine deux places, appel\u00e9e Fortwo et lance sa deuxi\u00e8me g\u00e9n\u00e9ration en 2007. Une troisi\u00e8me g\u00e9n\u00e9ration est commercialis\u00e9e en 2014 en collaboration avec Renault-Nissan suivie de la deuxi\u00e8me g\u00e9n\u00e9ration de la Forfour. En 2016 est sorti le mod\u00e8le Brabus, suivi de l&rsquo;\u00e9dition limit\u00e9e Brabus R en 2021.<\/p>\n<p style=\"text-align: justify;\">Tout comme Nicolas Hayek l&rsquo;avait souhait\u00e9, la premi\u00e8re Fortwo Electric Drive a \u00e9t\u00e9 commercialis\u00e9 en 2012. Et en 2020, la marque devient 100 % \u00e9lectrique et lance la gamme Smart EQ.<\/p>\n<h2 style=\"text-align: justify;\">La nouvelle Smart \u00e9lectrique<\/h2>\n<p style=\"text-align: justify;\">La marque abandonne les moteurs thermiques, au profit de la version \u00e9lectrique. La nouvelle g\u00e9n\u00e9ration \u00e9lectrique figure notamment parmi les v\u00e9hicules qui \u00e9mettent le moins de dioxyde de carbone. Le concept reste le m\u00eame avec une voiture de format et de poids r\u00e9duits, mais avec un moteur \u00e9lectrique et une batterie de 17.2 kWh. De quoi offrir une autonomie suffisante pour circuler en ville et dans les p\u00e9riph\u00e9ries.<\/p>\n<h3 style=\"text-align: justify;\">\u00c0\u00a0LIRE \u00c9GALEMENT<\/h3>\n<p style=\"text-align: justify;\"><a href=\"https:\/\/www.bymycar.fr\/webzine\/quel-est-le-prix-dune-smart\/\">Quel est le prix d&rsquo;une smart ?<\/a><\/p>\n<p style=\"text-align: justify;\"><a href=\"https:\/\/www.bymycar.fr\/webzine\/comment-changer-la-pile-dune-cle-smart\/\">Comment changer la pile d&rsquo;une cl\u00e9 smart ?<\/a><\/p>\n<p style=\"text-align: justify;\"><a href=\"https:\/\/www.bymycar.fr\/webzine\/comment-changer-une-ampoule-sur-une-smart\/\">Comment changer une ampoule sur une smart ?<\/a><\/p>\n<p style=\"text-align: justify;\"><a href=\"https:\/\/www.bymycar.fr\/webzine\/smart-ou-fiat-500-quel-modele-choisir\/\">Smart ou fiat 500 : quel mod\u00e8le choisir ?<\/a><\/p>\n<p style=\"text-align: justify;\"><a href=\"https:\/\/www.bymycar.fr\/webzine\/comment-changer-le-leve-vitre-dune-smart\/\">Comment changer le leve vitre smart ?<\/a><\/p>\n<p style=\"text-align: justify;\"><a href=\"https:\/\/www.bymycar.fr\/webzine\/comment-changer-une-roue-de-smart\/\">Comment changer une roue de smart ?<\/a><\/p>\n<p style=\"text-align: justify;\"><a href=\"https:\/\/www.bymycar.fr\/webzine\/quels-moteurs-sur-une-smart\/\">Quels moteurs sur une smart ?<\/a><\/p>\n<p style=\"text-align: justify;\"><a href=\"https:\/\/www.bymycar.fr\/webzine\/quel-est-le-prix-dune-smart-electrique\/\">Quel est le prix d&rsquo;une smart \u00e9lectrique ?<\/a><\/p>\n<p style=\"text-align: justify;\"><a href=\"https:\/\/www.bymycar.fr\/webzine\/tous-les-modeles-de-la-gamme-smart\/\">Tous les mod\u00e8les de la gamme smart<\/a><\/p>\n<p style=\"text-align: justify;\"><a href=\"https:\/\/www.bymycar.fr\/webzine\/quelle-smart-choisir\/\">Quelle smart choisir ?<\/a><\/p>\n","titre":"Texte 1","image":false,"image_libre":false,"image_800x500":false,"legende":"","zoom":false,"texte":"","articles":false,"categorie_droite":false,"images":false,"elements_comparatif":false,"texte_1":"","texte_2":"","image_1":false,"image_1_563x400":false,"image_1_332x332":false,"image_2":false,"image_2_333x240":false,"image_2_563x400":false,"image_3":false,"image_3_333x240":false,"image_3_332x450":false,"image_4":false,"image_4_332x332":false,"image_4_563x400":false,"code_embed":"","legende_video":"","photo":false,"photo_100x100":false,"nom":"","fonction":"","elements_timeline":false,"entetes_colonnes":false,"entetes_lignes":false,"lignes":false,"introduction":"","formulaire":false,"question":"","reponse":"","libelle_bouton_lien":"","url_lien":"","questions":false,"conclusions":false,"pays":"1","region":"","marque":"17","marqueConcessions":false,"modele":"","ptvente":"","typeV":"","collection":"","nombre_maximum_elements":"10","lien_fin_carousel":"https:\/\/www.bymycar.fr\/rechercher-un-vehicule?prod_VEHICLES%5BrefinementList%5D%5Bbrand%5D%5B0%5D=SMART","texte_lien_fin_carousel":"Voir plus de v\u00e9hicules","trier_par":""},{"type_strate":"carousel-produits","ancre":"","contenu":"","titre":"Voir une s\u00e9lection de v\u00e9hicules Smart disponibles","image":false,"image_libre":false,"image_800x500":false,"legende":"","zoom":false,"texte":"","articles":false,"categorie_droite":false,"images":false,"elements_comparatif":false,"texte_1":"","texte_2":"","image_1":false,"image_1_563x400":false,"image_1_332x332":false,"image_2":false,"image_2_333x240":false,"image_2_563x400":false,"image_3":false,"image_3_333x240":false,"image_3_332x450":false,"image_4":false,"image_4_332x332":false,"image_4_563x400":false,"code_embed":"","legende_video":"","photo":false,"photo_100x100":false,"nom":"","fonction":"","elements_timeline":false,"entetes_colonnes":false,"entetes_lignes":false,"lignes":false,"introduction":"","formulaire":false,"question":"","reponse":"","libelle_bouton_lien":"","url_lien":"","questions":false,"conclusions":false,"pays":"1","region":"","marque":"17","marqueConcessions":false,"modele":"","ptvente":"","typeV":"","collection":"","nombre_maximum_elements":"5","lien_fin_carousel":"https:\/\/www.bymycar.fr\/rechercher-un-vehicule?prod_VEHICLES%5BrefinementList%5D%5Bbrand%5D%5B0%5D=SMART","texte_lien_fin_carousel":"Voir plus de v\u00e9hicules","trier_par":"prix"}],"is_old_post":false,"image":{"ID":33016,"id":33016,"title":"Logo-Smart","filename":"Logo-Smart.jpg","filesize":1,"url":"https:\/\/cdn.bymycar.eu\/fr-webzine\/wp-content\/uploads\/medias\/Logo-Smart.jpg","link":"https:\/\/www.bymycar.fr\/webzine\/logo-smart-histoire-et-signification\/logo-smart\/","alt":"","author":"9","description":"","caption":"","name":"logo-smart","status":"inherit","uploaded_to":33015,"date":"2022-07-13 09:02:24","modified":"2022-07-13 09:02:24","menu_order":0,"mime_type":"image\/jpeg","type":"image","subtype":"jpeg","icon":"https:\/\/www.bymycar.fr\/webzine\/wp-includes\/images\/media\/default.png","width":750,"height":410,"sizes":{"thumbnail":"https:\/\/cdn.bymycar.eu\/fr-webzine\/wp-content\/uploads\/medias\/Logo-Smart-150x150.jpg","thumbnail-width":150,"thumbnail-height":150,"medium":"https:\/\/cdn.bymycar.eu\/fr-webzine\/wp-content\/uploads\/medias\/Logo-Smart-300x164.jpg","medium-width":300,"medium-height":164,"medium_large":"https:\/\/cdn.bymycar.eu\/fr-webzine\/wp-content\/uploads\/medias\/Logo-Smart.jpg","medium_large-width":750,"medium_large-height":410,"large":"https:\/\/cdn.bymycar.eu\/fr-webzine\/wp-content\/uploads\/medias\/Logo-Smart.jpg","large-width":750,"large-height":410,"1536x1536":"https:\/\/cdn.bymycar.eu\/fr-webzine\/wp-content\/uploads\/medias\/Logo-Smart.jpg","1536x1536-width":750,"1536x1536-height":410,"2048x2048":"https:\/\/cdn.bymycar.eu\/fr-webzine\/wp-content\/uploads\/medias\/Logo-Smart.jpg","2048x2048-width":750,"2048x2048-height":410}},"page_content":{"block_content":[{"acf_fc_layout":"carousel-produits"},{"acf_fc_layout":"carousel-produits"},{"acf_fc_layout":"carousel-produits"},{"acf_fc_layout":"text-simple","--nav":{"-withNav":false,"-ancre":""},"--group":{"-text":"<h2 style=\"text-align: justify;\">Smart : une voiture citadine petit format<\/h2>\n<p style=\"text-align: justify;\">La principale particularit\u00e9 de cette citadine est certainement sa taille. Il s&rsquo;agit d&rsquo;une voiture compacte qui peut circuler et se garer partout. Id\u00e9ale pour se glisser dans les rues \u00e9troites, elle est pratique pour les d\u00e9placements en ville au quotidien. Ses dimensions rendent notamment les man\u0153uvres plus faciles, surtout en ville, o\u00f9 il est difficile de trouver une place de stationnement.<\/p>\n<p style=\"text-align: justify;\">Disponible en 2 ou 4 places, elle offre un espace int\u00e9rieur confortable. Par ailleurs, le si\u00e8ge passager peut \u00eatre rabattu pour transporter des objets en tout genre. En plus de sa praticit\u00e9 et de sa maniabilit\u00e9, la Smart se distingue \u00e9galement par son design original. Parmi les autres voitures citadines, elle est facilement reconnaissable gr\u00e2ce \u00e0 son design et \u00e0 sa taille compacte.<\/p>\n<h2 style=\"text-align: justify;\">L&rsquo;histoire du logo Smart<\/h2>\n<p style=\"text-align: justify;\">Le nom de la marque\u00a0<a href=\"https:\/\/www.bymycar.fr\/marques\/smart\">Smart<\/a>\u00a0est un acronyme de Swatch Mercedes Art. Il reprend le nom de la c\u00e9l\u00e8bre compagnie suisse qui produit les montres Swatch, de celui de Mercedes qui est le constructeur des voitures Smart et du mot \u00ab\u00a0Art\u00a0\u00bb. Son logo met notamment en avant la compacit\u00e9 des v\u00e9hicules de la marque, avec la lettre C, suivie du nom Smart en lettres minuscules. Vous pouvez le reconna\u00eetre \u00e0 sa couleur grise et la petite fl\u00e8che jaune qui l&rsquo;accompagnent pour souligner l&rsquo;esprit avant-gardiste de la marque ainsi que sa capacit\u00e9 \u00e0 s&rsquo;adapter \u00e0 la soci\u00e9t\u00e9.<\/p>\n<p style=\"text-align: justify;\">L&rsquo;id\u00e9e de cr\u00e9er une micro-voiture vient du grand homme d&rsquo;affaires Nicholas Hayek. \u00c0 la t\u00eate de l&rsquo;entreprise d&rsquo;horlogerie suisse Swatch, il a l&rsquo;id\u00e9e de mettre sur pied une voiture ultra-petite, connue sous la marque Swatchmobile pour la promotion des produits de son entreprise. \u00c0 la fin des ann\u00e9es 80, il part \u00e0 la conqu\u00eate de constructeurs en leur proposant une voiture compacte \u00e0 deux places, dot\u00e9e d&rsquo;un syst\u00e8me de propulsion hybride.<\/p>\n<p style=\"text-align: justify;\">Hayek conclu une premi\u00e8re alliance avec Volkswagen, mais elle s&rsquo;arr\u00eate au bout de deux ans. Le constructeur s&rsquo;est retir\u00e9 du projet pour des raisons de rentabilit\u00e9 et des soucis d&rsquo;ordre technique. Plus tard, Hayek se tourne vers le groupe Daimler-Benz et signe un accord pour la production de la Swatchmobile en 1994. Les deux parties fondent la co-entreprise Mercedes City Car.<\/p>\n<p style=\"text-align: justify;\">Mais les avis divergent \u00e0 son lancement. Si le pr\u00e9sident du groupe Swatch souhaite une micro-citadine \u00e9cologique accessible \u00e0 tous, le constructeur allemand pr\u00e9f\u00e8re une citadine branch\u00e9e et luxueuse. Hayek finit par se retirer du projet et la marque MCS est dissoute. De son c\u00f4t\u00e9, Mercedes lance la production de la Smart \u00e0 Hambach, en Moselle, avec une petite citadine de 2.5 m\u00e8tres de long.<\/p>\n<h2 style=\"text-align: justify;\">Commercialisation de la Smart par le constructeur automobile Mercedes Benz<\/h2>\n<p style=\"text-align: justify;\">La petite citadine est commercialis\u00e9e en Europe en 1998 par Daimler-Benz avec un slogan qui reprend l&rsquo;id\u00e9e originale de Nicolas Hayek, \u00ab\u00a0R\u00e9duce to the max\u00a0\u00bb. Celui-ci sera chang\u00e9 en 2005 par \u00ab\u00a0Open your mind\u00a0\u00bb. Le pr\u00e9sident du groupe Swatch se retire finalement en 1998 et c\u00e8de sa part au groupe Daimler-Benz. Ce dernier devient ainsi propri\u00e9taire \u00e0 100 % de la marque. De 2002 \u00e0 2006, elle op\u00e8re sous le nom de la soci\u00e9t\u00e9 Smart Gmbh, avant son int\u00e9gration dans la division de Mercedes Benz. Le si\u00e8ge social de la marque se trouve \u00e0 Boblingen en Allemagne.<\/p>\n<p style=\"text-align: justify;\">En 15 ans, la marque a chang\u00e9 son logo 3 fois. Le premier a \u00e9t\u00e9 cr\u00e9\u00e9 en 1998 et repr\u00e9sente le nom de la marque avec une fl\u00e8che jaune qui surmonte le \u00ab\u00a0a\u00a0\u00bb. \u00c0 l&rsquo;arriv\u00e9e de la Forfour en 2004, Smart change de slogan et le \u00ab\u00a0C\u00a0\u00bb avec la fl\u00e8che jaune est d\u00e9plac\u00e9 sur la gauche avant le nom de la marque en lettres minuscules. Le dernier slogan reprend la m\u00eame police que le pr\u00e9c\u00e9dent, mais cette fois-ci sur un fond noir.<\/p>\n<h3 style=\"text-align: justify;\">Smart Mercedes Art : un nouveau concept voit le jour<\/h3>\n<p style=\"text-align: justify;\">Apr\u00e8s la cr\u00e9ation de la co-entreprise MMC (Micro Compact Car), le groupe Daimler-Benz d\u00e9voile en 1998 deux concepts-cars avec la toute premi\u00e8re silhouette de la Smart City-Coup\u00e9. L&rsquo;ann\u00e9e suivante, l&rsquo;entreprise MMC est abandonn\u00e9e et la marque choisit le nom Smart (Swatch Mercedes Art) pour la commercialisation de la voiture. En 2002, elle abandonne l&rsquo;appellation City-Coup\u00e9 et opte pour Fortwo. La soci\u00e9t\u00e9 continue sa production avec la troisi\u00e8me et quatri\u00e8me g\u00e9n\u00e9ration, avant de passer au 100 % \u00e9lectrique en 2020.<\/p>\n<h2 style=\"text-align: justify;\">Signification du symbole C sur la Smart<\/h2>\n<p style=\"text-align: justify;\">Le logo de la marque est repr\u00e9sent\u00e9 par la lettre \u00ab\u00a0C\u00a0\u00bb avec une fl\u00e8che jaune sur le c\u00f4t\u00e9 droit, suivi du nom Smart. Le \u00ab\u00a0C\u00a0\u00bb signifie \u00ab\u00a0Compact\u00a0\u00bb, car, la marque ne produit que des petites voitures compactes. Quant \u00e0 la fl\u00e8che jaune, elle repr\u00e9sente l&rsquo;esprit d&rsquo;avant-garde avec une vision d&rsquo;aller de l&rsquo;avant. Ce logo est \u00e9galement utilis\u00e9 comme badge de voiture. Plac\u00e9 \u00e0 l&rsquo;avant de la voiture, celui-ci prend l&rsquo;apparence d&rsquo;un anneau avec un triangle sur son c\u00f4t\u00e9 droit.<\/p>\n<h2 style=\"text-align: justify;\">Production de la Smart en France<\/h2>\n<p style=\"text-align: justify;\">Les voitures de la marque sont fabriqu\u00e9es \u00e0 Hambach en Moselle depuis leur cr\u00e9ation. Mais en 2019, la marque annonce une d\u00e9localisation de production en Chine. L&rsquo;usine de production en France continuera de tourner jusqu&rsquo;en 2024. Et pour cause, le groupe Geely devient propri\u00e9taire \u00e0 50 % de la marque Smart, suite \u00e0 son partenariat avec Daimler-Benz. Quant \u00e0 l&rsquo;usine fran\u00e7aise, elle sera d\u00e9di\u00e9e aux futures voitures de Mercedes.<\/p>\n<h2 style=\"text-align: justify;\">Smart auto : les diff\u00e9rents mod\u00e8les de la marque<\/h2>\n<p style=\"text-align: justify;\">La marque commercialise une version cabriolet du City-Coup\u00e9 en 2002, suivie en 2003 de la version Roadster. En 2004, elle propose la Smart 4 places, d\u00e9velopp\u00e9e avec Mitsubishi. Mais la production de la Roadster et de la Forfour fut interrompue successivement en 2005 et 2006. Finalement, la marque reprend la petite citadine deux places, appel\u00e9e Fortwo et lance sa deuxi\u00e8me g\u00e9n\u00e9ration en 2007. Une troisi\u00e8me g\u00e9n\u00e9ration est commercialis\u00e9e en 2014 en collaboration avec Renault-Nissan suivie de la deuxi\u00e8me g\u00e9n\u00e9ration de la Forfour. En 2016 est sorti le mod\u00e8le Brabus, suivi de l&rsquo;\u00e9dition limit\u00e9e Brabus R en 2021.<\/p>\n<p style=\"text-align: justify;\">Tout comme Nicolas Hayek l&rsquo;avait souhait\u00e9, la premi\u00e8re Fortwo Electric Drive a \u00e9t\u00e9 commercialis\u00e9 en 2012. Et en 2020, la marque devient 100 % \u00e9lectrique et lance la gamme Smart EQ.<\/p>\n<h2 style=\"text-align: justify;\">La nouvelle Smart \u00e9lectrique<\/h2>\n<p style=\"text-align: justify;\">La marque abandonne les moteurs thermiques, au profit de la version \u00e9lectrique. La nouvelle g\u00e9n\u00e9ration \u00e9lectrique figure notamment parmi les v\u00e9hicules qui \u00e9mettent le moins de dioxyde de carbone. Le concept reste le m\u00eame avec une voiture de format et de poids r\u00e9duits, mais avec un moteur \u00e9lectrique et une batterie de 17.2 kWh. De quoi offrir une autonomie suffisante pour circuler en ville et dans les p\u00e9riph\u00e9ries.<\/p>\n<h3 style=\"text-align: justify;\">\u00c0\u00a0LIRE \u00c9GALEMENT<\/h3>\n<p style=\"text-align: justify;\"><a href=\"https:\/\/www.bymycar.fr\/webzine\/quel-est-le-prix-dune-smart\/\">Quel est le prix d&rsquo;une smart ?<\/a><\/p>\n<p style=\"text-align: justify;\"><a href=\"https:\/\/www.bymycar.fr\/webzine\/comment-changer-la-pile-dune-cle-smart\/\">Comment changer la pile d&rsquo;une cl\u00e9 smart ?<\/a><\/p>\n<p style=\"text-align: justify;\"><a href=\"https:\/\/www.bymycar.fr\/webzine\/comment-changer-une-ampoule-sur-une-smart\/\">Comment changer une ampoule sur une smart ?<\/a><\/p>\n<p style=\"text-align: justify;\"><a href=\"https:\/\/www.bymycar.fr\/webzine\/smart-ou-fiat-500-quel-modele-choisir\/\">Smart ou fiat 500 : quel mod\u00e8le choisir ?<\/a><\/p>\n<p style=\"text-align: justify;\"><a href=\"https:\/\/www.bymycar.fr\/webzine\/comment-changer-le-leve-vitre-dune-smart\/\">Comment changer le leve vitre smart ?<\/a><\/p>\n<p style=\"text-align: justify;\"><a href=\"https:\/\/www.bymycar.fr\/webzine\/comment-changer-une-roue-de-smart\/\">Comment changer une roue de smart ?<\/a><\/p>\n<p style=\"text-align: justify;\"><a href=\"https:\/\/www.bymycar.fr\/webzine\/quels-moteurs-sur-une-smart\/\">Quels moteurs sur une smart ?<\/a><\/p>\n<p style=\"text-align: justify;\"><a href=\"https:\/\/www.bymycar.fr\/webzine\/quel-est-le-prix-dune-smart-electrique\/\">Quel est le prix d&rsquo;une smart \u00e9lectrique ?<\/a><\/p>\n<p style=\"text-align: justify;\"><a href=\"https:\/\/www.bymycar.fr\/webzine\/tous-les-modeles-de-la-gamme-smart\/\">Tous les mod\u00e8les de la gamme smart<\/a><\/p>\n<p style=\"text-align: justify;\"><a href=\"https:\/\/www.bymycar.fr\/webzine\/quelle-smart-choisir\/\">Quelle smart choisir ?<\/a><\/p>\n"}}]},"add-carousel-to-footer":true},"yoast_head":"<!-- This site is optimized with the Yoast SEO Premium plugin v26.4 (Yoast SEO v26.4) - https:\/\/yoast.com\/wordpress\/plugins\/seo\/ -->\n<title>Logo Smart : histoire et signification<\/title>\n<meta name=\"robots\" content=\"index, follow, max-snippet:-1, max-image-preview:large, max-video-preview:-1\" \/>\n<link rel=\"canonical\" href=\"https:\/\/www.bymycar.fr\/webzine\/logo-smart-histoire-et-signification\/\" \/>\n<meta property=\"og:locale\" content=\"fr_FR\" \/>\n<meta property=\"og:type\" content=\"article\" \/>\n<meta property=\"og:title\" content=\"Logo Smart : histoire et signification\" \/>\n<meta property=\"og:url\" content=\"https:\/\/www.bymycar.fr\/webzine\/logo-smart-histoire-et-signification\/\" \/>\n<meta property=\"og:site_name\" content=\"Webzine auto BYmyCAR\" \/>\n<meta property=\"article:published_time\" content=\"2022-07-13T09:02:39+00:00\" \/>\n<meta property=\"article:modified_time\" content=\"2026-04-27T12:37:20+00:00\" \/>\n<meta property=\"og:image\" content=\"https:\/\/cdn.bymycar.eu\/fr-webzine\/wp-content\/uploads\/medias\/Logo-Smart.jpg\" \/>\n\t<meta property=\"og:image:width\" content=\"750\" \/>\n\t<meta property=\"og:image:height\" content=\"410\" \/>\n\t<meta property=\"og:image:type\" content=\"image\/jpeg\" \/>\n<meta name=\"author\" content=\"La R\u00e9daction BYmyCAR\" \/>\n<meta name=\"twitter:card\" content=\"summary_large_image\" \/>\n<meta name=\"twitter:label1\" content=\"\u00c9crit par\" \/>\n\t<meta name=\"twitter:data1\" content=\"La R\u00e9daction BYmyCAR\" \/>\n<script type=\"application\/ld+json\" class=\"yoast-schema-graph\">{\"@context\":\"https:\/\/schema.org\",\"@graph\":[{\"@type\":\"Article\",\"@id\":\"https:\/\/www.bymycar.fr\/webzine\/logo-smart-histoire-et-signification\/#article\",\"isPartOf\":{\"@id\":\"https:\/\/www.bymycar.fr\/webzine\/logo-smart-histoire-et-signification\/\"},\"author\":{\"name\":\"La R\u00e9daction BYmyCAR\",\"@id\":\"https:\/\/www.bymycar.fr\/webzine\/#\/schema\/person\/8d570fe11eb8929f06c1e6d00f4d9689\"},\"headline\":\"Logo Smart : histoire et signification\",\"datePublished\":\"2022-07-13T09:02:39+00:00\",\"dateModified\":\"2026-04-27T12:37:20+00:00\",\"mainEntityOfPage\":{\"@id\":\"https:\/\/www.bymycar.fr\/webzine\/logo-smart-histoire-et-signification\/\"},\"wordCount\":5,\"publisher\":{\"@id\":\"https:\/\/www.bymycar.fr\/webzine\/#organization\"},\"image\":{\"@id\":\"https:\/\/www.bymycar.fr\/webzine\/logo-smart-histoire-et-signification\/#primaryimage\"},\"thumbnailUrl\":\"https:\/\/cdn.bymycar.eu\/fr-webzine\/wp-content\/uploads\/medias\/Logo-Smart.jpg\",\"articleSection\":[\"Guide d'achat\",\"Guide d'achat smart\"],\"inLanguage\":\"fr-FR\"},{\"@type\":\"WebPage\",\"@id\":\"https:\/\/www.bymycar.fr\/webzine\/logo-smart-histoire-et-signification\/\",\"url\":\"https:\/\/www.bymycar.fr\/webzine\/logo-smart-histoire-et-signification\/\",\"name\":\"Logo Smart : histoire et signification\",\"isPartOf\":{\"@id\":\"https:\/\/www.bymycar.fr\/webzine\/#website\"},\"primaryImageOfPage\":{\"@id\":\"https:\/\/www.bymycar.fr\/webzine\/logo-smart-histoire-et-signification\/#primaryimage\"},\"image\":{\"@id\":\"https:\/\/www.bymycar.fr\/webzine\/logo-smart-histoire-et-signification\/#primaryimage\"},\"thumbnailUrl\":\"https:\/\/cdn.bymycar.eu\/fr-webzine\/wp-content\/uploads\/medias\/Logo-Smart.jpg\",\"datePublished\":\"2022-07-13T09:02:39+00:00\",\"dateModified\":\"2026-04-27T12:37:20+00:00\",\"breadcrumb\":{\"@id\":\"https:\/\/www.bymycar.fr\/webzine\/logo-smart-histoire-et-signification\/#breadcrumb\"},\"inLanguage\":\"fr-FR\",\"potentialAction\":[{\"@type\":\"ReadAction\",\"target\":[\"https:\/\/www.bymycar.fr\/webzine\/logo-smart-histoire-et-signification\/\"]}]},{\"@type\":\"ImageObject\",\"inLanguage\":\"fr-FR\",\"@id\":\"https:\/\/www.bymycar.fr\/webzine\/logo-smart-histoire-et-signification\/#primaryimage\",\"url\":\"https:\/\/cdn.bymycar.eu\/fr-webzine\/wp-content\/uploads\/medias\/Logo-Smart.jpg\",\"contentUrl\":\"https:\/\/cdn.bymycar.eu\/fr-webzine\/wp-content\/uploads\/medias\/Logo-Smart.jpg\",\"width\":750,\"height\":410},{\"@type\":\"BreadcrumbList\",\"@id\":\"https:\/\/www.bymycar.fr\/webzine\/logo-smart-histoire-et-signification\/#breadcrumb\",\"itemListElement\":[{\"@type\":\"ListItem\",\"position\":1,\"name\":\"Accueil\",\"item\":\"https:\/\/www.bymycar.fr\/webzine\/\"},{\"@type\":\"ListItem\",\"position\":2,\"name\":\"Logo Smart : histoire et signification\"}]},{\"@type\":\"WebSite\",\"@id\":\"https:\/\/www.bymycar.fr\/webzine\/#website\",\"url\":\"https:\/\/www.bymycar.fr\/webzine\/\",\"name\":\"Webzine auto BYmyCAR\",\"description\":\"La magazine auto de BYmyCAR\",\"publisher\":{\"@id\":\"https:\/\/www.bymycar.fr\/webzine\/#organization\"},\"potentialAction\":[{\"@type\":\"SearchAction\",\"target\":{\"@type\":\"EntryPoint\",\"urlTemplate\":\"https:\/\/www.bymycar.fr\/webzine\/?s={search_term_string}\"},\"query-input\":{\"@type\":\"PropertyValueSpecification\",\"valueRequired\":true,\"valueName\":\"search_term_string\"}}],\"inLanguage\":\"fr-FR\"},{\"@type\":\"Organization\",\"@id\":\"https:\/\/www.bymycar.fr\/webzine\/#organization\",\"name\":\"BYmyCAR\",\"url\":\"https:\/\/www.bymycar.fr\/webzine\/\",\"logo\":{\"@type\":\"ImageObject\",\"inLanguage\":\"fr-FR\",\"@id\":\"https:\/\/www.bymycar.fr\/webzine\/#\/schema\/logo\/image\/\",\"url\":\"https:\/\/cdn.bymycar.eu\/fr-webzine\/wp-content\/uploads\/medias\/2017\/08\/logo_DEALER_00000406_001.png\",\"contentUrl\":\"https:\/\/cdn.bymycar.eu\/fr-webzine\/wp-content\/uploads\/medias\/2017\/08\/logo_DEALER_00000406_001.png\",\"width\":2132,\"height\":720,\"caption\":\"BYmyCAR\"},\"image\":{\"@id\":\"https:\/\/www.bymycar.fr\/webzine\/#\/schema\/logo\/image\/\"}},{\"@type\":\"Person\",\"@id\":\"https:\/\/www.bymycar.fr\/webzine\/#\/schema\/person\/8d570fe11eb8929f06c1e6d00f4d9689\",\"name\":\"La R\u00e9daction BYmyCAR\",\"image\":{\"@type\":\"ImageObject\",\"inLanguage\":\"fr-FR\",\"@id\":\"https:\/\/www.bymycar.fr\/webzine\/#\/schema\/person\/image\/\",\"url\":\"https:\/\/secure.gravatar.com\/avatar\/1aa6b039d0ce106989923af4e2d0f2a0c82bb070d5e449f1b9adf082a5863900?s=96&d=mm&r=g\",\"contentUrl\":\"https:\/\/secure.gravatar.com\/avatar\/1aa6b039d0ce106989923af4e2d0f2a0c82bb070d5e449f1b9adf082a5863900?s=96&d=mm&r=g\",\"caption\":\"La R\u00e9daction BYmyCAR\"},\"sameAs\":[\"https:\/\/www.bymycar.fr\/\"]}]}<\/script>\n<!-- \/ Yoast SEO Premium plugin. -->","yoast_head_json":{"title":"Logo Smart : histoire et signification","robots":{"index":"index","follow":"follow","max-snippet":"max-snippet:-1","max-image-preview":"max-image-preview:large","max-video-preview":"max-video-preview:-1"},"canonical":"https:\/\/www.bymycar.fr\/webzine\/logo-smart-histoire-et-signification\/","og_locale":"fr_FR","og_type":"article","og_title":"Logo Smart : histoire et signification","og_url":"https:\/\/www.bymycar.fr\/webzine\/logo-smart-histoire-et-signification\/","og_site_name":"Webzine auto BYmyCAR","article_published_time":"2022-07-13T09:02:39+00:00","article_modified_time":"2026-04-27T12:37:20+00:00","og_image":[{"width":750,"height":410,"url":"https:\/\/cdn.bymycar.eu\/fr-webzine\/wp-content\/uploads\/medias\/Logo-Smart.jpg","type":"image\/jpeg"}],"author":"La R\u00e9daction BYmyCAR","twitter_card":"summary_large_image","twitter_misc":{"\u00c9crit par":"La R\u00e9daction BYmyCAR"},"schema":{"@context":"https:\/\/schema.org","@graph":[{"@type":"Article","@id":"https:\/\/www.bymycar.fr\/webzine\/logo-smart-histoire-et-signification\/#article","isPartOf":{"@id":"https:\/\/www.bymycar.fr\/webzine\/logo-smart-histoire-et-signification\/"},"author":{"name":"La R\u00e9daction BYmyCAR","@id":"https:\/\/www.bymycar.fr\/webzine\/#\/schema\/person\/8d570fe11eb8929f06c1e6d00f4d9689"},"headline":"Logo Smart : histoire et signification","datePublished":"2022-07-13T09:02:39+00:00","dateModified":"2026-04-27T12:37:20+00:00","mainEntityOfPage":{"@id":"https:\/\/www.bymycar.fr\/webzine\/logo-smart-histoire-et-signification\/"},"wordCount":5,"publisher":{"@id":"https:\/\/www.bymycar.fr\/webzine\/#organization"},"image":{"@id":"https:\/\/www.bymycar.fr\/webzine\/logo-smart-histoire-et-signification\/#primaryimage"},"thumbnailUrl":"https:\/\/cdn.bymycar.eu\/fr-webzine\/wp-content\/uploads\/medias\/Logo-Smart.jpg","articleSection":["Guide d'achat","Guide d'achat smart"],"inLanguage":"fr-FR"},{"@type":"WebPage","@id":"https:\/\/www.bymycar.fr\/webzine\/logo-smart-histoire-et-signification\/","url":"https:\/\/www.bymycar.fr\/webzine\/logo-smart-histoire-et-signification\/","name":"Logo Smart : histoire et signification","isPartOf":{"@id":"https:\/\/www.bymycar.fr\/webzine\/#website"},"primaryImageOfPage":{"@id":"https:\/\/www.bymycar.fr\/webzine\/logo-smart-histoire-et-signification\/#primaryimage"},"image":{"@id":"https:\/\/www.bymycar.fr\/webzine\/logo-smart-histoire-et-signification\/#primaryimage"},"thumbnailUrl":"https:\/\/cdn.bymycar.eu\/fr-webzine\/wp-content\/uploads\/medias\/Logo-Smart.jpg","datePublished":"2022-07-13T09:02:39+00:00","dateModified":"2026-04-27T12:37:20+00:00","breadcrumb":{"@id":"https:\/\/www.bymycar.fr\/webzine\/logo-smart-histoire-et-signification\/#breadcrumb"},"inLanguage":"fr-FR","potentialAction":[{"@type":"ReadAction","target":["https:\/\/www.bymycar.fr\/webzine\/logo-smart-histoire-et-signification\/"]}]},{"@type":"ImageObject","inLanguage":"fr-FR","@id":"https:\/\/www.bymycar.fr\/webzine\/logo-smart-histoire-et-signification\/#primaryimage","url":"https:\/\/cdn.bymycar.eu\/fr-webzine\/wp-content\/uploads\/medias\/Logo-Smart.jpg","contentUrl":"https:\/\/cdn.bymycar.eu\/fr-webzine\/wp-content\/uploads\/medias\/Logo-Smart.jpg","width":750,"height":410},{"@type":"BreadcrumbList","@id":"https:\/\/www.bymycar.fr\/webzine\/logo-smart-histoire-et-signification\/#breadcrumb","itemListElement":[{"@type":"ListItem","position":1,"name":"Accueil","item":"https:\/\/www.bymycar.fr\/webzine\/"},{"@type":"ListItem","position":2,"name":"Logo Smart : histoire et signification"}]},{"@type":"WebSite","@id":"https:\/\/www.bymycar.fr\/webzine\/#website","url":"https:\/\/www.bymycar.fr\/webzine\/","name":"Webzine auto BYmyCAR","description":"La magazine auto de BYmyCAR","publisher":{"@id":"https:\/\/www.bymycar.fr\/webzine\/#organization"},"potentialAction":[{"@type":"SearchAction","target":{"@type":"EntryPoint","urlTemplate":"https:\/\/www.bymycar.fr\/webzine\/?s={search_term_string}"},"query-input":{"@type":"PropertyValueSpecification","valueRequired":true,"valueName":"search_term_string"}}],"inLanguage":"fr-FR"},{"@type":"Organization","@id":"https:\/\/www.bymycar.fr\/webzine\/#organization","name":"BYmyCAR","url":"https:\/\/www.bymycar.fr\/webzine\/","logo":{"@type":"ImageObject","inLanguage":"fr-FR","@id":"https:\/\/www.bymycar.fr\/webzine\/#\/schema\/logo\/image\/","url":"https:\/\/cdn.bymycar.eu\/fr-webzine\/wp-content\/uploads\/medias\/2017\/08\/logo_DEALER_00000406_001.png","contentUrl":"https:\/\/cdn.bymycar.eu\/fr-webzine\/wp-content\/uploads\/medias\/2017\/08\/logo_DEALER_00000406_001.png","width":2132,"height":720,"caption":"BYmyCAR"},"image":{"@id":"https:\/\/www.bymycar.fr\/webzine\/#\/schema\/logo\/image\/"}},{"@type":"Person","@id":"https:\/\/www.bymycar.fr\/webzine\/#\/schema\/person\/8d570fe11eb8929f06c1e6d00f4d9689","name":"La R\u00e9daction BYmyCAR","image":{"@type":"ImageObject","inLanguage":"fr-FR","@id":"https:\/\/www.bymycar.fr\/webzine\/#\/schema\/person\/image\/","url":"https:\/\/secure.gravatar.com\/avatar\/1aa6b039d0ce106989923af4e2d0f2a0c82bb070d5e449f1b9adf082a5863900?s=96&d=mm&r=g","contentUrl":"https:\/\/secure.gravatar.com\/avatar\/1aa6b039d0ce106989923af4e2d0f2a0c82bb070d5e449f1b9adf082a5863900?s=96&d=mm&r=g","caption":"La R\u00e9daction BYmyCAR"},"sameAs":["https:\/\/www.bymycar.fr\/"]}]}},"_links":{"self":[{"href":"https:\/\/www.bymycar.fr\/webzine\/wp-json\/wp\/v2\/posts\/33015","targetHints":{"allow":["GET"]}}],"collection":[{"href":"https:\/\/www.bymycar.fr\/webzine\/wp-json\/wp\/v2\/posts"}],"about":[{"href":"https:\/\/www.bymycar.fr\/webzine\/wp-json\/wp\/v2\/types\/post"}],"author":[{"embeddable":true,"href":"https:\/\/www.bymycar.fr\/webzine\/wp-json\/wp\/v2\/users\/88"}],"replies":[{"embeddable":true,"href":"https:\/\/www.bymycar.fr\/webzine\/wp-json\/wp\/v2\/comments?post=33015"}],"version-history":[{"count":6,"href":"https:\/\/www.bymycar.fr\/webzine\/wp-json\/wp\/v2\/posts\/33015\/revisions"}],"predecessor-version":[{"id":40148,"href":"https:\/\/www.bymycar.fr\/webzine\/wp-json\/wp\/v2\/posts\/33015\/revisions\/40148"}],"wp:featuredmedia":[{"embeddable":true,"href":"https:\/\/www.bymycar.fr\/webzine\/wp-json\/wp\/v2\/media\/33016"}],"wp:attachment":[{"href":"https:\/\/www.bymycar.fr\/webzine\/wp-json\/wp\/v2\/media?parent=33015"}],"wp:term":[{"taxonomy":"category","embeddable":true,"href":"https:\/\/www.bymycar.fr\/webzine\/wp-json\/wp\/v2\/categories?post=33015"},{"taxonomy":"post_tag","embeddable":true,"href":"https:\/\/www.bymycar.fr\/webzine\/wp-json\/wp\/v2\/tags?post=33015"}],"curies":[{"name":"wp","href":"https:\/\/api.w.org\/{rel}","templated":true}]}}