{"id":32903,"date":"2022-07-13T07:59:05","date_gmt":"2022-07-13T05:59:05","guid":{"rendered":"https:\/\/prod.bymycar.fr\/webzine\/?p=32903"},"modified":"2026-04-27T14:37:23","modified_gmt":"2026-04-27T12:37:23","slug":"quel-est-le-prix-dune-mini-electrique","status":"publish","type":"post","link":"https:\/\/www.bymycar.fr\/webzine\/quel-est-le-prix-dune-mini-electrique\/","title":{"rendered":"Quel est le prix d\u2019une mini \u00e9lectrique ?"},"content":{"rendered":"","protected":false},"excerpt":{"rendered":"","protected":false},"author":88,"featured_media":32904,"comment_status":"closed","ping_status":"open","sticky":false,"template":"","format":"standard","meta":{"_acf_changed":false,"footnotes":""},"categories":[12893,12912],"tags":[],"class_list":["post-32903","post","type-post","status-publish","format-standard","has-post-thumbnail","hentry","category-guide-dachat","category-guide-dachat-mini"],"acf":{"template":"classique","introduction":"<p style=\"text-align: justify;\">Vous envisagez d\u2019acheter une Mini Austin ou Cooper \u00e9lectrique prochainement\u00a0? La premi\u00e8re chose \u00e0 faire est de pr\u00e9parer un budget suffisant. Pour cela, vous devez conna\u00eetre le prix du mod\u00e8le que vous recherchez. BYmyCAR vous propose de d\u00e9couvrir combien co\u00fbte une <a href=\"https:\/\/www.bymycar.fr\/marques\/mini\">Mini<\/a> \u00e9lectrique sur le march\u00e9.<\/p>\n<p style=\"text-align: center;\"><a href=\"https:\/\/www.bymycar.fr\/rechercher-un-vehicule?prod_VEHICLES%5BrefinementList%5D%5Bbrand%5D%5B0%5D=MINI\" target=\"_blank\" class=\"css-button css-button--gold\" >\n                Voir les v\u00e9hicules Mini neufs et d'occasion\n        <\/a><\/p>\n","strates":[{"type_strate":"carousel-produits","ancre":"","contenu":"<h2 style=\"text-align: justify;\"><strong>Avis : quelle est la meilleure voiture \u00e9lectrique Mini\u00a0?<\/strong><\/h2>\n<p style=\"text-align: justify;\">La voiture \u00e9lectrique la plus surveill\u00e9e sur le march\u00e9 est la Mini Cooper SE.<\/p>\n<h3 style=\"text-align: justify;\"><strong>Quelle voiture Mini 100 % \u00e9lectrique propose la plus grande autonomie\u00a0?<\/strong><\/h3>\n<p style=\"text-align: justify;\">La Mini Cooper SE de la marque britannique est le mod\u00e8le \u00e9lectrique le plus int\u00e9ressant produit par le constructeur du fameux Austin. Sur le papier, elle pr\u00e9sente une autonomie de 225 \u00e0 233 km environ en WLTP mixte. Cela est possible gr\u00e2ce \u00e0 une batterie lithium-ion d\u2019une puissance de 32,6 kWh. Il est \u00e0 rappeler que l\u2019autonomie peut l\u00e9g\u00e8rement augmenter ou diminuer en fonction du mode de conduite des propri\u00e9taires de ce type de v\u00e9hicule.<\/p>\n<p style=\"text-align: justify;\">Gr\u00e2ce \u00e0 cette autonomie, cette\u00a0<a href=\"https:\/\/www.bymycar.fr\/marques\/mini\">Mini<\/a>\u00a0\u00e9lectrique peut \u00eatre votre compagnon de tous les jours pour aller au travail par exemple. De plus, vous pouvez la recharger sur une borne publique. Cette voiture peut \u00eatre recharg\u00e9e \u00e9galement \u00e0 domicile gr\u00e2ce \u00e0 un connecteur Type 2 pour la recharge acc\u00e9l\u00e9r\u00e9e en courant alternatif et le connecteur Combo CCS pour une recharge en courant continu. Une recharge compl\u00e8te peut \u00eatre achev\u00e9e en seulement 4 heures pour ceux qui disposent d\u2019une Wallbox.<\/p>\n<h3 style=\"text-align: justify;\"><strong>Quelle est la voiture Mini 100 % \u00e9lectrique la plus puissante\u00a0?<\/strong><\/h3>\n<p style=\"text-align: justify;\">En termes de puissance, la Mini Cooper SE peut d\u00e9velopper 184 ch. Cette voiture \u00e9lectrique peut faire du 0 \u00e0 100 km\/h en 7,3 s. Cette puissance permet aussi d\u2019atteindre les 150 km\/h sur la route. Pour le conducteur, ces performances se traduisent par une exp\u00e9rience de conduite plaisante. Cette voiture permet de rouler vite sur autoroute sans exc\u00e8s. Elle reste stable en tout temps gr\u00e2ce \u00e0 un ch\u00e2ssis de qualit\u00e9.<\/p>\n<h2 style=\"text-align: justify;\"><strong>Quel est le prix neuf et d\u2019occasion d\u2019une nouvelle Mini Cooper \u00e9lectrique\u00a0du constructeur de l\u2019Austin ?<\/strong><\/h2>\n<p style=\"text-align: justify;\">Les Mini Mini sont appel\u00e9es ainsi depuis 2001. L\u2019\u00e9volution du march\u00e9 a pouss\u00e9 le constructeur \u00e0 proposer des mod\u00e8les \u00e9lectriques comme la Mini Cooper SE.<\/p>\n<h3 style=\"text-align: justify;\"><strong>Combien co\u00fbte une Mini Cooper \u00e9lectrique neuve\u00a0?<\/strong><\/h3>\n<p style=\"text-align: justify;\">La Mini Cooper electric est propos\u00e9e \u00e0 partir de 33\u00a0900 \u20ac hors bonus \u00e9cologique si elle est neuve. Il est \u00e9galement possible de la louer pour un tarif mensuel \u00e0 partir de 350 \u20ac. Les conditions sont \u00e0 v\u00e9rifier en concession. Pour ces prix, il est possible d\u2019acqu\u00e9rir une Mini Cooper SE avec 4 places modulables et des \u00e9l\u00e9ments comme une cam\u00e9ra de recul.<\/p>\n<h3 style=\"text-align: justify;\"><strong>Quel est le tarif d\u2019une Mini Cooper \u00e9lectrique d\u2019occasion\u00a0?<\/strong><\/h3>\n<p style=\"text-align: justify;\">Le prix d\u2019une Mini Cooper d\u2019occasion est encore \u00e9lev\u00e9 pour la plupart. En effet, il existe des offres aux alentours de 29\u00a0000 \u20ac. Elles peuvent augmenter \u00e0 plus de 43\u00a0010 \u20ac. Cela s\u2019explique par le fait que les v\u00e9hicules propos\u00e9s pr\u00e9sentent des kilom\u00e9trages peu \u00e9lev\u00e9s. Parfois, certaines voitures sont mises en vente alors qu\u2019elles pr\u00e9sentent moins de 20\u00a0000 km au compteur. Aussi, certains mod\u00e8les disposent d\u00e9j\u00e0 des options que le propri\u00e9taire a ajout\u00e9es au moment de l\u2019achat.<\/p>\n<p style=\"text-align: justify;\">Ainsi, il est tout \u00e0 fait possible de trouver des Mini Cooper \u00e9lectriques d\u00e9j\u00e0 \u00e9quip\u00e9es sur le march\u00e9 de l\u2019occasion. D\u2019ailleurs, il s\u2019agit de l\u2019un des avantages \u00e0 acheter une voiture d\u2019occasion. De plus, le prix peut \u00eatre plus int\u00e9ressant en calculant le co\u00fbt de la voiture et de toutes les options \u00e0 bord.<\/p>\n<p style=\"text-align: justify;\">Pour rappel, l\u2019achat d\u2019une voiture \u00e9lectrique d\u2019occasion est avantageux, mais il est n\u00e9cessaire de prendre des pr\u00e9cautions. Vous devez vous faire accompagner par un connaisseur pour \u00eatre s\u00fbr d\u2019acheter un v\u00e9hicule en bon \u00e9tat. Pour \u00e9carter tous les doutes, il est recommand\u00e9 d\u2019acheter une voiture d\u2019occasion en concession. Les v\u00e9hicules sont sous garantie. Ils sont s\u00fbrs d\u2019\u00eatre en bon \u00e9tat.<\/p>\n<h2 style=\"text-align: justify;\"><strong>Existe-t-il des Mini Clubman et Countryman \u00e9lectriques 5 portes\u00a0?<\/strong><\/h2>\n<p style=\"text-align: justify;\">Les Mini Clubman et Countryman sont des variantes plus grandes des voitures Mini. La Mini Clubman n\u2019est pas encore produite en version \u00e9lectrique. Il existe en version essence avec une puissance de 102 \u00e0 plus de 300 ch et diesel de 116 \u00e0 190 ch. Pour acheter un mod\u00e8le essence, il faut pr\u00e9voir un budget compris entre 25\u00a0900 \u20ac et 45\u00a0860 \u20ac. Si vous souhaitez acqu\u00e9rir une version diesel, vous devrez payer entre 28\u00a0900 et 38\u00a0840 \u20ac, selon le mod\u00e8le.<\/p>\n<p style=\"text-align: justify;\">Quant \u00e0 la Mini Countryman, une version hybride est d\u00e9velopp\u00e9e par le constructeur automobile britannique. Baptis\u00e9 Mini Countryman Cooper SE ALL4, ce SUV urbain est commercialis\u00e9 \u00e0 partir de 40\u00a0800 \u20ac. Il propose une puissance cumul\u00e9e de 220 ch\u00a0: 125 ch du c\u00f4t\u00e9 m\u00e9canique et 95 ch avec le moteur \u00e9lectrique. Ces puissances combin\u00e9es permettent d\u2019atteindre une vitesse de pointe de 196 km\/h.<\/p>\n<h3 style=\"text-align: justify;\">\u00c0\u00a0LIRE\u00a0\u00c9GALEMENT<\/h3>\n<p style=\"text-align: justify;\"><a href=\"https:\/\/www.bymycar.fr\/webzine\/logo-mini-histoire-et-evolution\/\">Logo mini : histoire et \u00e9volution<\/a><\/p>\n<p style=\"text-align: justify;\"><a href=\"https:\/\/www.bymycar.fr\/webzine\/quelle-mini-choisir\/\">Quelle mini choisir ?<\/a><\/p>\n<p style=\"text-align: justify;\"><a href=\"https:\/\/www.bymycar.fr\/webzine\/mini-tous-les-modeles-de-la-gamme\/\">Mini : tous les mod\u00e8les de la gamme<\/a><\/p>\n<p style=\"text-align: justify;\"><a href=\"https:\/\/www.bymycar.fr\/webzine\/combien-coute-une-mini\/\">Combien co\u00fbte une Mini ?<\/a><\/p>\n<p style=\"text-align: justify;\"><a href=\"https:\/\/www.bymycar.fr\/webzine\/quelle-est-la-mini-la-plus-fiable\/\">Quelle est la mini la plus fiable ?<\/a><\/p>\n<p style=\"text-align: justify;\"><a href=\"https:\/\/www.bymycar.fr\/webzine\/smart-vs-mini-quelle-marque-est-faite-pour-vous\/\">Smart vs mini quelle marque est faite pour vous ?<\/a><\/p>\n<p style=\"text-align: justify;\"><a href=\"https:\/\/www.bymycar.fr\/webzine\/quelle-est-la-meilleure-mini-citadine\/\">Quelle est la meilleure mini citadine ?<\/a><\/p>\n<p style=\"text-align: justify;\"><a href=\"https:\/\/www.bymycar.fr\/webzine\/quelle-mini-possede-un-moteur-bmw\/\">Quelle mini poss\u00e8de un moteur bmw ?<\/a><\/p>\n<p style=\"text-align: justify;\"><a href=\"https:\/\/www.bymycar.fr\/webzine\/a-quel-groupe-appartient-mini\/\">\u00c0\u00a0quel groupe appartient Mini ?<\/a><\/p>\n<p style=\"text-align: justify;\"><a href=\"https:\/\/www.bymycar.fr\/webzine\/quelle-est-la-plus-grande-des-mini\/\">Quelle est la plus grande des mini ?<\/a><\/p>\n","titre":"Voir les v\u00e9hicules Mini disponibles","image":false,"image_libre":false,"image_800x500":false,"legende":"","zoom":false,"texte":"","articles":false,"categorie_droite":false,"images":false,"elements_comparatif":false,"texte_1":"","texte_2":"","image_1":false,"image_1_563x400":false,"image_1_332x332":false,"image_2":false,"image_2_333x240":false,"image_2_563x400":false,"image_3":false,"image_3_333x240":false,"image_3_332x450":false,"image_4":false,"image_4_332x332":false,"image_4_563x400":false,"code_embed":"","legende_video":"","photo":false,"photo_100x100":false,"nom":"","fonction":"","elements_timeline":false,"entetes_colonnes":false,"entetes_lignes":false,"lignes":false,"introduction":"","formulaire":false,"question":"","reponse":"","libelle_bouton_lien":"","url_lien":"","questions":false,"conclusions":false,"pays":"1","region":"","marque":"8","marqueConcessions":false,"modele":"","ptvente":"","typeV":"","collection":"","nombre_maximum_elements":"5","lien_fin_carousel":"https:\/\/www.bymycar.fr\/rechercher-un-vehicule?prod_VEHICLES%5BrefinementList%5D%5Bbrand%5D%5B0%5D=MINI","texte_lien_fin_carousel":"Voir plus de v\u00e9hicules","trier_par":"prix"},{"type_strate":"texte-simple","ancre":"","contenu":"<h2 style=\"text-align: justify;\"><strong>Avis : quelle est la meilleure voiture \u00e9lectrique Mini\u00a0?<\/strong><\/h2>\n<p style=\"text-align: justify;\">La voiture \u00e9lectrique la plus surveill\u00e9e sur le march\u00e9 est la Mini Cooper SE.<\/p>\n<h3 style=\"text-align: justify;\"><strong>Quelle voiture Mini 100 % \u00e9lectrique propose la plus grande autonomie\u00a0?<\/strong><\/h3>\n<p style=\"text-align: justify;\">La Mini Cooper SE de la marque britannique est le mod\u00e8le \u00e9lectrique le plus int\u00e9ressant produit par le constructeur du fameux Austin. Sur le papier, elle pr\u00e9sente une autonomie de 225 \u00e0 233 km environ en WLTP mixte. Cela est possible gr\u00e2ce \u00e0 une batterie lithium-ion d\u2019une puissance de 32,6 kWh. Il est \u00e0 rappeler que l\u2019autonomie peut l\u00e9g\u00e8rement augmenter ou diminuer en fonction du mode de conduite des propri\u00e9taires de ce type de v\u00e9hicule.<\/p>\n<p style=\"text-align: justify;\">Gr\u00e2ce \u00e0 cette autonomie, cette\u00a0<a href=\"https:\/\/www.bymycar.fr\/marques\/mini\">Mini<\/a>\u00a0\u00e9lectrique peut \u00eatre votre compagnon de tous les jours pour aller au travail par exemple. De plus, vous pouvez la recharger sur une borne publique. Cette voiture peut \u00eatre recharg\u00e9e \u00e9galement \u00e0 domicile gr\u00e2ce \u00e0 un connecteur Type 2 pour la recharge acc\u00e9l\u00e9r\u00e9e en courant alternatif et le connecteur Combo CCS pour une recharge en courant continu. Une recharge compl\u00e8te peut \u00eatre achev\u00e9e en seulement 4 heures pour ceux qui disposent d\u2019une Wallbox.<\/p>\n<h3 style=\"text-align: justify;\"><strong>Quelle est la voiture Mini 100 % \u00e9lectrique la plus puissante\u00a0?<\/strong><\/h3>\n<p style=\"text-align: justify;\">En termes de puissance, la Mini Cooper SE peut d\u00e9velopper 184 ch. Cette voiture \u00e9lectrique peut faire du 0 \u00e0 100 km\/h en 7,3 s. Cette puissance permet aussi d\u2019atteindre les 150 km\/h sur la route. Pour le conducteur, ces performances se traduisent par une exp\u00e9rience de conduite plaisante. Cette voiture permet de rouler vite sur autoroute sans exc\u00e8s. Elle reste stable en tout temps gr\u00e2ce \u00e0 un ch\u00e2ssis de qualit\u00e9.<\/p>\n<h2 style=\"text-align: justify;\"><strong>Quel est le prix neuf et d\u2019occasion d\u2019une nouvelle Mini Cooper \u00e9lectrique\u00a0du constructeur de l\u2019Austin ?<\/strong><\/h2>\n<p style=\"text-align: justify;\">Les Mini Mini sont appel\u00e9es ainsi depuis 2001. L\u2019\u00e9volution du march\u00e9 a pouss\u00e9 le constructeur \u00e0 proposer des mod\u00e8les \u00e9lectriques comme la Mini Cooper SE.<\/p>\n<h3 style=\"text-align: justify;\"><strong>Combien co\u00fbte une Mini Cooper \u00e9lectrique neuve\u00a0?<\/strong><\/h3>\n<p style=\"text-align: justify;\">La Mini Cooper electric est propos\u00e9e \u00e0 partir de 33\u00a0900 \u20ac hors bonus \u00e9cologique si elle est neuve. Il est \u00e9galement possible de la louer pour un tarif mensuel \u00e0 partir de 350 \u20ac. Les conditions sont \u00e0 v\u00e9rifier en concession. Pour ces prix, il est possible d\u2019acqu\u00e9rir une Mini Cooper SE avec 4 places modulables et des \u00e9l\u00e9ments comme une cam\u00e9ra de recul.<\/p>\n<h3 style=\"text-align: justify;\"><strong>Quel est le tarif d\u2019une Mini Cooper \u00e9lectrique d\u2019occasion\u00a0?<\/strong><\/h3>\n<p style=\"text-align: justify;\">Le prix d\u2019une Mini Cooper d\u2019occasion est encore \u00e9lev\u00e9 pour la plupart. En effet, il existe des offres aux alentours de 29\u00a0000 \u20ac. Elles peuvent augmenter \u00e0 plus de 43\u00a0010 \u20ac. Cela s\u2019explique par le fait que les v\u00e9hicules propos\u00e9s pr\u00e9sentent des kilom\u00e9trages peu \u00e9lev\u00e9s. Parfois, certaines voitures sont mises en vente alors qu\u2019elles pr\u00e9sentent moins de 20\u00a0000 km au compteur. Aussi, certains mod\u00e8les disposent d\u00e9j\u00e0 des options que le propri\u00e9taire a ajout\u00e9es au moment de l\u2019achat.<\/p>\n<p style=\"text-align: justify;\">Ainsi, il est tout \u00e0 fait possible de trouver des Mini Cooper \u00e9lectriques d\u00e9j\u00e0 \u00e9quip\u00e9es sur le march\u00e9 de l\u2019occasion. D\u2019ailleurs, il s\u2019agit de l\u2019un des avantages \u00e0 acheter une voiture d\u2019occasion. De plus, le prix peut \u00eatre plus int\u00e9ressant en calculant le co\u00fbt de la voiture et de toutes les options \u00e0 bord.<\/p>\n<p style=\"text-align: justify;\">Pour rappel, l\u2019achat d\u2019une voiture \u00e9lectrique d\u2019occasion est avantageux, mais il est n\u00e9cessaire de prendre des pr\u00e9cautions. Vous devez vous faire accompagner par un connaisseur pour \u00eatre s\u00fbr d\u2019acheter un v\u00e9hicule en bon \u00e9tat. Pour \u00e9carter tous les doutes, il est recommand\u00e9 d\u2019acheter une voiture d\u2019occasion en concession. Les v\u00e9hicules sont sous garantie. Ils sont s\u00fbrs d\u2019\u00eatre en bon \u00e9tat.<\/p>\n<h2 style=\"text-align: justify;\"><strong>Existe-t-il des Mini Clubman et Countryman \u00e9lectriques 5 portes\u00a0?<\/strong><\/h2>\n<p style=\"text-align: justify;\">Les Mini Clubman et Countryman sont des variantes plus grandes des voitures Mini. La Mini Clubman n\u2019est pas encore produite en version \u00e9lectrique. Il existe en version essence avec une puissance de 102 \u00e0 plus de 300 ch et diesel de 116 \u00e0 190 ch. Pour acheter un mod\u00e8le essence, il faut pr\u00e9voir un budget compris entre 25\u00a0900 \u20ac et 45\u00a0860 \u20ac. Si vous souhaitez acqu\u00e9rir une version diesel, vous devrez payer entre 28\u00a0900 et 38\u00a0840 \u20ac, selon le mod\u00e8le.<\/p>\n<p style=\"text-align: justify;\">Quant \u00e0 la Mini Countryman, une version hybride est d\u00e9velopp\u00e9e par le constructeur automobile britannique. Baptis\u00e9 Mini Countryman Cooper SE ALL4, ce SUV urbain est commercialis\u00e9 \u00e0 partir de 40\u00a0800 \u20ac. Il propose une puissance cumul\u00e9e de 220 ch\u00a0: 125 ch du c\u00f4t\u00e9 m\u00e9canique et 95 ch avec le moteur \u00e9lectrique. Ces puissances combin\u00e9es permettent d\u2019atteindre une vitesse de pointe de 196 km\/h.<\/p>\n<h3 style=\"text-align: justify;\">\u00c0\u00a0LIRE\u00a0\u00c9GALEMENT<\/h3>\n<p style=\"text-align: justify;\"><a href=\"https:\/\/www.bymycar.fr\/webzine\/logo-mini-histoire-et-evolution\/\">Logo mini : histoire et \u00e9volution<\/a><\/p>\n<p style=\"text-align: justify;\"><a href=\"https:\/\/www.bymycar.fr\/webzine\/quelle-mini-choisir\/\">Quelle mini choisir ?<\/a><\/p>\n<p style=\"text-align: justify;\"><a href=\"https:\/\/www.bymycar.fr\/webzine\/mini-tous-les-modeles-de-la-gamme\/\">Mini : tous les mod\u00e8les de la gamme<\/a><\/p>\n<p style=\"text-align: justify;\"><a href=\"https:\/\/www.bymycar.fr\/webzine\/combien-coute-une-mini\/\">Combien co\u00fbte une Mini ?<\/a><\/p>\n<p style=\"text-align: justify;\"><a href=\"https:\/\/www.bymycar.fr\/webzine\/quelle-est-la-mini-la-plus-fiable\/\">Quelle est la mini la plus fiable ?<\/a><\/p>\n<p style=\"text-align: justify;\"><a href=\"https:\/\/www.bymycar.fr\/webzine\/smart-vs-mini-quelle-marque-est-faite-pour-vous\/\">Smart vs mini quelle marque est faite pour vous ?<\/a><\/p>\n<p style=\"text-align: justify;\"><a href=\"https:\/\/www.bymycar.fr\/webzine\/quelle-est-la-meilleure-mini-citadine\/\">Quelle est la meilleure mini citadine ?<\/a><\/p>\n<p style=\"text-align: justify;\"><a href=\"https:\/\/www.bymycar.fr\/webzine\/quelle-mini-possede-un-moteur-bmw\/\">Quelle mini poss\u00e8de un moteur bmw ?<\/a><\/p>\n<p style=\"text-align: justify;\"><a href=\"https:\/\/www.bymycar.fr\/webzine\/a-quel-groupe-appartient-mini\/\">\u00c0\u00a0quel groupe appartient Mini ?<\/a><\/p>\n<p style=\"text-align: justify;\"><a href=\"https:\/\/www.bymycar.fr\/webzine\/quelle-est-la-plus-grande-des-mini\/\">Quelle est la plus grande des mini ?<\/a><\/p>\n","titre":"Texte 1","image":false,"image_libre":false,"image_800x500":false,"legende":"","zoom":false,"texte":"","articles":false,"categorie_droite":false,"images":false,"elements_comparatif":false,"texte_1":"","texte_2":"","image_1":false,"image_1_563x400":false,"image_1_332x332":false,"image_2":false,"image_2_333x240":false,"image_2_563x400":false,"image_3":false,"image_3_333x240":false,"image_3_332x450":false,"image_4":false,"image_4_332x332":false,"image_4_563x400":false,"code_embed":"","legende_video":"","photo":false,"photo_100x100":false,"nom":"","fonction":"","elements_timeline":false,"entetes_colonnes":false,"entetes_lignes":false,"lignes":false,"introduction":"","formulaire":false,"question":"","reponse":"","libelle_bouton_lien":"","url_lien":"","questions":false,"conclusions":false,"pays":"1","region":"","marque":"8","marqueConcessions":false,"modele":"","ptvente":"","typeV":"","collection":"","nombre_maximum_elements":"10","lien_fin_carousel":"https:\/\/www.bymycar.fr\/rechercher-un-vehicule?prod_VEHICLES%5BrefinementList%5D%5Bbrand%5D%5B0%5D=MINI","texte_lien_fin_carousel":"Voir plus de v\u00e9hicules","trier_par":""},{"type_strate":"carousel-produits","ancre":"","contenu":"","titre":"Voir une s\u00e9lection de v\u00e9hicules Mini disponibles","image":false,"image_libre":false,"image_800x500":false,"legende":"","zoom":false,"texte":"","articles":false,"categorie_droite":false,"images":false,"elements_comparatif":false,"texte_1":"","texte_2":"","image_1":false,"image_1_563x400":false,"image_1_332x332":false,"image_2":false,"image_2_333x240":false,"image_2_563x400":false,"image_3":false,"image_3_333x240":false,"image_3_332x450":false,"image_4":false,"image_4_332x332":false,"image_4_563x400":false,"code_embed":"","legende_video":"","photo":false,"photo_100x100":false,"nom":"","fonction":"","elements_timeline":false,"entetes_colonnes":false,"entetes_lignes":false,"lignes":false,"introduction":"","formulaire":false,"question":"","reponse":"","libelle_bouton_lien":"","url_lien":"","questions":false,"conclusions":false,"pays":"1","region":"","marque":"8","marqueConcessions":false,"modele":"","ptvente":"","typeV":"","collection":"","nombre_maximum_elements":"5","lien_fin_carousel":"https:\/\/www.bymycar.fr\/rechercher-un-vehicule?prod_VEHICLES%5BrefinementList%5D%5Bbrand%5D%5B0%5D=MINI","texte_lien_fin_carousel":"Voir plus de v\u00e9hicules","trier_par":"prix"}],"is_old_post":false,"image":{"ID":32904,"id":32904,"title":"Quel-est-le-prix-d\u2019une-mini-\u00e9lectrique","filename":"Quel-est-le-prix-dune-mini-electrique.jpg","filesize":1,"url":"https:\/\/cdn.bymycar.eu\/fr-webzine\/wp-content\/uploads\/medias\/Quel-est-le-prix-dune-mini-electrique.jpg","link":"https:\/\/www.bymycar.fr\/webzine\/quel-est-le-prix-dune-mini-electrique\/quel-est-le-prix-dune-mini-electrique\/","alt":"","author":"9","description":"","caption":"","name":"quel-est-le-prix-dune-mini-electrique","status":"inherit","uploaded_to":32903,"date":"2022-07-13 05:58:54","modified":"2022-07-13 05:58:54","menu_order":0,"mime_type":"image\/jpeg","type":"image","subtype":"jpeg","icon":"https:\/\/www.bymycar.fr\/webzine\/wp-includes\/images\/media\/default.png","width":750,"height":410,"sizes":{"thumbnail":"https:\/\/cdn.bymycar.eu\/fr-webzine\/wp-content\/uploads\/medias\/Quel-est-le-prix-dune-mini-electrique-150x150.jpg","thumbnail-width":150,"thumbnail-height":150,"medium":"https:\/\/cdn.bymycar.eu\/fr-webzine\/wp-content\/uploads\/medias\/Quel-est-le-prix-dune-mini-electrique-300x164.jpg","medium-width":300,"medium-height":164,"medium_large":"https:\/\/cdn.bymycar.eu\/fr-webzine\/wp-content\/uploads\/medias\/Quel-est-le-prix-dune-mini-electrique.jpg","medium_large-width":750,"medium_large-height":410,"large":"https:\/\/cdn.bymycar.eu\/fr-webzine\/wp-content\/uploads\/medias\/Quel-est-le-prix-dune-mini-electrique.jpg","large-width":750,"large-height":410,"1536x1536":"https:\/\/cdn.bymycar.eu\/fr-webzine\/wp-content\/uploads\/medias\/Quel-est-le-prix-dune-mini-electrique.jpg","1536x1536-width":750,"1536x1536-height":410,"2048x2048":"https:\/\/cdn.bymycar.eu\/fr-webzine\/wp-content\/uploads\/medias\/Quel-est-le-prix-dune-mini-electrique.jpg","2048x2048-width":750,"2048x2048-height":410}},"page_content":{"block_content":[{"acf_fc_layout":"carousel-produits"},{"acf_fc_layout":"carousel-produits"},{"acf_fc_layout":"carousel-produits"},{"acf_fc_layout":"text-simple","--nav":{"-withNav":false,"-ancre":""},"--group":{"-text":"<h2 style=\"text-align: justify;\"><strong>Avis : quelle est la meilleure voiture \u00e9lectrique Mini\u00a0?<\/strong><\/h2>\n<p style=\"text-align: justify;\">La voiture \u00e9lectrique la plus surveill\u00e9e sur le march\u00e9 est la Mini Cooper SE.<\/p>\n<h3 style=\"text-align: justify;\"><strong>Quelle voiture Mini 100 % \u00e9lectrique propose la plus grande autonomie\u00a0?<\/strong><\/h3>\n<p style=\"text-align: justify;\">La Mini Cooper SE de la marque britannique est le mod\u00e8le \u00e9lectrique le plus int\u00e9ressant produit par le constructeur du fameux Austin. Sur le papier, elle pr\u00e9sente une autonomie de 225 \u00e0 233 km environ en WLTP mixte. Cela est possible gr\u00e2ce \u00e0 une batterie lithium-ion d\u2019une puissance de 32,6 kWh. Il est \u00e0 rappeler que l\u2019autonomie peut l\u00e9g\u00e8rement augmenter ou diminuer en fonction du mode de conduite des propri\u00e9taires de ce type de v\u00e9hicule.<\/p>\n<p style=\"text-align: justify;\">Gr\u00e2ce \u00e0 cette autonomie, cette\u00a0<a href=\"https:\/\/www.bymycar.fr\/marques\/mini\">Mini<\/a>\u00a0\u00e9lectrique peut \u00eatre votre compagnon de tous les jours pour aller au travail par exemple. De plus, vous pouvez la recharger sur une borne publique. Cette voiture peut \u00eatre recharg\u00e9e \u00e9galement \u00e0 domicile gr\u00e2ce \u00e0 un connecteur Type 2 pour la recharge acc\u00e9l\u00e9r\u00e9e en courant alternatif et le connecteur Combo CCS pour une recharge en courant continu. Une recharge compl\u00e8te peut \u00eatre achev\u00e9e en seulement 4 heures pour ceux qui disposent d\u2019une Wallbox.<\/p>\n<h3 style=\"text-align: justify;\"><strong>Quelle est la voiture Mini 100 % \u00e9lectrique la plus puissante\u00a0?<\/strong><\/h3>\n<p style=\"text-align: justify;\">En termes de puissance, la Mini Cooper SE peut d\u00e9velopper 184 ch. Cette voiture \u00e9lectrique peut faire du 0 \u00e0 100 km\/h en 7,3 s. Cette puissance permet aussi d\u2019atteindre les 150 km\/h sur la route. Pour le conducteur, ces performances se traduisent par une exp\u00e9rience de conduite plaisante. Cette voiture permet de rouler vite sur autoroute sans exc\u00e8s. Elle reste stable en tout temps gr\u00e2ce \u00e0 un ch\u00e2ssis de qualit\u00e9.<\/p>\n<h2 style=\"text-align: justify;\"><strong>Quel est le prix neuf et d\u2019occasion d\u2019une nouvelle Mini Cooper \u00e9lectrique\u00a0du constructeur de l\u2019Austin ?<\/strong><\/h2>\n<p style=\"text-align: justify;\">Les Mini Mini sont appel\u00e9es ainsi depuis 2001. L\u2019\u00e9volution du march\u00e9 a pouss\u00e9 le constructeur \u00e0 proposer des mod\u00e8les \u00e9lectriques comme la Mini Cooper SE.<\/p>\n<h3 style=\"text-align: justify;\"><strong>Combien co\u00fbte une Mini Cooper \u00e9lectrique neuve\u00a0?<\/strong><\/h3>\n<p style=\"text-align: justify;\">La Mini Cooper electric est propos\u00e9e \u00e0 partir de 33\u00a0900 \u20ac hors bonus \u00e9cologique si elle est neuve. Il est \u00e9galement possible de la louer pour un tarif mensuel \u00e0 partir de 350 \u20ac. Les conditions sont \u00e0 v\u00e9rifier en concession. Pour ces prix, il est possible d\u2019acqu\u00e9rir une Mini Cooper SE avec 4 places modulables et des \u00e9l\u00e9ments comme une cam\u00e9ra de recul.<\/p>\n<h3 style=\"text-align: justify;\"><strong>Quel est le tarif d\u2019une Mini Cooper \u00e9lectrique d\u2019occasion\u00a0?<\/strong><\/h3>\n<p style=\"text-align: justify;\">Le prix d\u2019une Mini Cooper d\u2019occasion est encore \u00e9lev\u00e9 pour la plupart. En effet, il existe des offres aux alentours de 29\u00a0000 \u20ac. Elles peuvent augmenter \u00e0 plus de 43\u00a0010 \u20ac. Cela s\u2019explique par le fait que les v\u00e9hicules propos\u00e9s pr\u00e9sentent des kilom\u00e9trages peu \u00e9lev\u00e9s. Parfois, certaines voitures sont mises en vente alors qu\u2019elles pr\u00e9sentent moins de 20\u00a0000 km au compteur. Aussi, certains mod\u00e8les disposent d\u00e9j\u00e0 des options que le propri\u00e9taire a ajout\u00e9es au moment de l\u2019achat.<\/p>\n<p style=\"text-align: justify;\">Ainsi, il est tout \u00e0 fait possible de trouver des Mini Cooper \u00e9lectriques d\u00e9j\u00e0 \u00e9quip\u00e9es sur le march\u00e9 de l\u2019occasion. D\u2019ailleurs, il s\u2019agit de l\u2019un des avantages \u00e0 acheter une voiture d\u2019occasion. De plus, le prix peut \u00eatre plus int\u00e9ressant en calculant le co\u00fbt de la voiture et de toutes les options \u00e0 bord.<\/p>\n<p style=\"text-align: justify;\">Pour rappel, l\u2019achat d\u2019une voiture \u00e9lectrique d\u2019occasion est avantageux, mais il est n\u00e9cessaire de prendre des pr\u00e9cautions. Vous devez vous faire accompagner par un connaisseur pour \u00eatre s\u00fbr d\u2019acheter un v\u00e9hicule en bon \u00e9tat. Pour \u00e9carter tous les doutes, il est recommand\u00e9 d\u2019acheter une voiture d\u2019occasion en concession. Les v\u00e9hicules sont sous garantie. Ils sont s\u00fbrs d\u2019\u00eatre en bon \u00e9tat.<\/p>\n<h2 style=\"text-align: justify;\"><strong>Existe-t-il des Mini Clubman et Countryman \u00e9lectriques 5 portes\u00a0?<\/strong><\/h2>\n<p style=\"text-align: justify;\">Les Mini Clubman et Countryman sont des variantes plus grandes des voitures Mini. La Mini Clubman n\u2019est pas encore produite en version \u00e9lectrique. Il existe en version essence avec une puissance de 102 \u00e0 plus de 300 ch et diesel de 116 \u00e0 190 ch. Pour acheter un mod\u00e8le essence, il faut pr\u00e9voir un budget compris entre 25\u00a0900 \u20ac et 45\u00a0860 \u20ac. Si vous souhaitez acqu\u00e9rir une version diesel, vous devrez payer entre 28\u00a0900 et 38\u00a0840 \u20ac, selon le mod\u00e8le.<\/p>\n<p style=\"text-align: justify;\">Quant \u00e0 la Mini Countryman, une version hybride est d\u00e9velopp\u00e9e par le constructeur automobile britannique. Baptis\u00e9 Mini Countryman Cooper SE ALL4, ce SUV urbain est commercialis\u00e9 \u00e0 partir de 40\u00a0800 \u20ac. Il propose une puissance cumul\u00e9e de 220 ch\u00a0: 125 ch du c\u00f4t\u00e9 m\u00e9canique et 95 ch avec le moteur \u00e9lectrique. Ces puissances combin\u00e9es permettent d\u2019atteindre une vitesse de pointe de 196 km\/h.<\/p>\n<h3 style=\"text-align: justify;\">\u00c0\u00a0LIRE\u00a0\u00c9GALEMENT<\/h3>\n<p style=\"text-align: justify;\"><a href=\"https:\/\/www.bymycar.fr\/webzine\/logo-mini-histoire-et-evolution\/\">Logo mini : histoire et \u00e9volution<\/a><\/p>\n<p style=\"text-align: justify;\"><a href=\"https:\/\/www.bymycar.fr\/webzine\/quelle-mini-choisir\/\">Quelle mini choisir ?<\/a><\/p>\n<p style=\"text-align: justify;\"><a href=\"https:\/\/www.bymycar.fr\/webzine\/mini-tous-les-modeles-de-la-gamme\/\">Mini : tous les mod\u00e8les de la gamme<\/a><\/p>\n<p style=\"text-align: justify;\"><a href=\"https:\/\/www.bymycar.fr\/webzine\/combien-coute-une-mini\/\">Combien co\u00fbte une Mini ?<\/a><\/p>\n<p style=\"text-align: justify;\"><a href=\"https:\/\/www.bymycar.fr\/webzine\/quelle-est-la-mini-la-plus-fiable\/\">Quelle est la mini la plus fiable ?<\/a><\/p>\n<p style=\"text-align: justify;\"><a href=\"https:\/\/www.bymycar.fr\/webzine\/smart-vs-mini-quelle-marque-est-faite-pour-vous\/\">Smart vs mini quelle marque est faite pour vous ?<\/a><\/p>\n<p style=\"text-align: justify;\"><a href=\"https:\/\/www.bymycar.fr\/webzine\/quelle-est-la-meilleure-mini-citadine\/\">Quelle est la meilleure mini citadine ?<\/a><\/p>\n<p style=\"text-align: justify;\"><a href=\"https:\/\/www.bymycar.fr\/webzine\/quelle-mini-possede-un-moteur-bmw\/\">Quelle mini poss\u00e8de un moteur bmw ?<\/a><\/p>\n<p style=\"text-align: justify;\"><a href=\"https:\/\/www.bymycar.fr\/webzine\/a-quel-groupe-appartient-mini\/\">\u00c0\u00a0quel groupe appartient Mini ?<\/a><\/p>\n<p style=\"text-align: justify;\"><a href=\"https:\/\/www.bymycar.fr\/webzine\/quelle-est-la-plus-grande-des-mini\/\">Quelle est la plus grande des mini ?<\/a><\/p>\n"}}]},"add-carousel-to-footer":true},"yoast_head":"<!-- This site is optimized with the Yoast SEO Premium plugin v26.4 (Yoast SEO v26.4) - https:\/\/yoast.com\/wordpress\/plugins\/seo\/ -->\n<title>Quel est le prix d\u2019une mini \u00e9lectrique ?<\/title>\n<meta name=\"robots\" content=\"index, follow, max-snippet:-1, max-image-preview:large, max-video-preview:-1\" \/>\n<link rel=\"canonical\" href=\"https:\/\/www.bymycar.fr\/webzine\/quel-est-le-prix-dune-mini-electrique\/\" \/>\n<meta property=\"og:locale\" content=\"fr_FR\" \/>\n<meta property=\"og:type\" content=\"article\" \/>\n<meta property=\"og:title\" content=\"Quel est le prix d\u2019une mini \u00e9lectrique ?\" \/>\n<meta property=\"og:url\" content=\"https:\/\/www.bymycar.fr\/webzine\/quel-est-le-prix-dune-mini-electrique\/\" \/>\n<meta property=\"og:site_name\" content=\"Webzine auto BYmyCAR\" \/>\n<meta property=\"article:published_time\" content=\"2022-07-13T05:59:05+00:00\" \/>\n<meta property=\"article:modified_time\" content=\"2026-04-27T12:37:23+00:00\" \/>\n<meta property=\"og:image\" content=\"https:\/\/cdn.bymycar.eu\/fr-webzine\/wp-content\/uploads\/medias\/Quel-est-le-prix-dune-mini-electrique.jpg\" \/>\n\t<meta property=\"og:image:width\" content=\"750\" \/>\n\t<meta property=\"og:image:height\" content=\"410\" \/>\n\t<meta property=\"og:image:type\" content=\"image\/jpeg\" \/>\n<meta name=\"author\" content=\"La R\u00e9daction BYmyCAR\" \/>\n<meta name=\"twitter:card\" content=\"summary_large_image\" \/>\n<meta name=\"twitter:label1\" content=\"\u00c9crit par\" \/>\n\t<meta name=\"twitter:data1\" content=\"La R\u00e9daction BYmyCAR\" \/>\n<script type=\"application\/ld+json\" class=\"yoast-schema-graph\">{\"@context\":\"https:\/\/schema.org\",\"@graph\":[{\"@type\":\"Article\",\"@id\":\"https:\/\/www.bymycar.fr\/webzine\/quel-est-le-prix-dune-mini-electrique\/#article\",\"isPartOf\":{\"@id\":\"https:\/\/www.bymycar.fr\/webzine\/quel-est-le-prix-dune-mini-electrique\/\"},\"author\":{\"name\":\"La R\u00e9daction BYmyCAR\",\"@id\":\"https:\/\/www.bymycar.fr\/webzine\/#\/schema\/person\/8d570fe11eb8929f06c1e6d00f4d9689\"},\"headline\":\"Quel est le prix d\u2019une mini \u00e9lectrique ?\",\"datePublished\":\"2022-07-13T05:59:05+00:00\",\"dateModified\":\"2026-04-27T12:37:23+00:00\",\"mainEntityOfPage\":{\"@id\":\"https:\/\/www.bymycar.fr\/webzine\/quel-est-le-prix-dune-mini-electrique\/\"},\"wordCount\":8,\"publisher\":{\"@id\":\"https:\/\/www.bymycar.fr\/webzine\/#organization\"},\"image\":{\"@id\":\"https:\/\/www.bymycar.fr\/webzine\/quel-est-le-prix-dune-mini-electrique\/#primaryimage\"},\"thumbnailUrl\":\"https:\/\/cdn.bymycar.eu\/fr-webzine\/wp-content\/uploads\/medias\/Quel-est-le-prix-dune-mini-electrique.jpg\",\"articleSection\":[\"Guide d'achat\",\"Guide d'achat MINI\"],\"inLanguage\":\"fr-FR\"},{\"@type\":\"WebPage\",\"@id\":\"https:\/\/www.bymycar.fr\/webzine\/quel-est-le-prix-dune-mini-electrique\/\",\"url\":\"https:\/\/www.bymycar.fr\/webzine\/quel-est-le-prix-dune-mini-electrique\/\",\"name\":\"Quel est le prix d\u2019une mini \u00e9lectrique ?\",\"isPartOf\":{\"@id\":\"https:\/\/www.bymycar.fr\/webzine\/#website\"},\"primaryImageOfPage\":{\"@id\":\"https:\/\/www.bymycar.fr\/webzine\/quel-est-le-prix-dune-mini-electrique\/#primaryimage\"},\"image\":{\"@id\":\"https:\/\/www.bymycar.fr\/webzine\/quel-est-le-prix-dune-mini-electrique\/#primaryimage\"},\"thumbnailUrl\":\"https:\/\/cdn.bymycar.eu\/fr-webzine\/wp-content\/uploads\/medias\/Quel-est-le-prix-dune-mini-electrique.jpg\",\"datePublished\":\"2022-07-13T05:59:05+00:00\",\"dateModified\":\"2026-04-27T12:37:23+00:00\",\"breadcrumb\":{\"@id\":\"https:\/\/www.bymycar.fr\/webzine\/quel-est-le-prix-dune-mini-electrique\/#breadcrumb\"},\"inLanguage\":\"fr-FR\",\"potentialAction\":[{\"@type\":\"ReadAction\",\"target\":[\"https:\/\/www.bymycar.fr\/webzine\/quel-est-le-prix-dune-mini-electrique\/\"]}]},{\"@type\":\"ImageObject\",\"inLanguage\":\"fr-FR\",\"@id\":\"https:\/\/www.bymycar.fr\/webzine\/quel-est-le-prix-dune-mini-electrique\/#primaryimage\",\"url\":\"https:\/\/cdn.bymycar.eu\/fr-webzine\/wp-content\/uploads\/medias\/Quel-est-le-prix-dune-mini-electrique.jpg\",\"contentUrl\":\"https:\/\/cdn.bymycar.eu\/fr-webzine\/wp-content\/uploads\/medias\/Quel-est-le-prix-dune-mini-electrique.jpg\",\"width\":750,\"height\":410},{\"@type\":\"BreadcrumbList\",\"@id\":\"https:\/\/www.bymycar.fr\/webzine\/quel-est-le-prix-dune-mini-electrique\/#breadcrumb\",\"itemListElement\":[{\"@type\":\"ListItem\",\"position\":1,\"name\":\"Accueil\",\"item\":\"https:\/\/www.bymycar.fr\/webzine\/\"},{\"@type\":\"ListItem\",\"position\":2,\"name\":\"Quel est le prix d\u2019une mini \u00e9lectrique ?\"}]},{\"@type\":\"WebSite\",\"@id\":\"https:\/\/www.bymycar.fr\/webzine\/#website\",\"url\":\"https:\/\/www.bymycar.fr\/webzine\/\",\"name\":\"Webzine auto BYmyCAR\",\"description\":\"La magazine auto de BYmyCAR\",\"publisher\":{\"@id\":\"https:\/\/www.bymycar.fr\/webzine\/#organization\"},\"potentialAction\":[{\"@type\":\"SearchAction\",\"target\":{\"@type\":\"EntryPoint\",\"urlTemplate\":\"https:\/\/www.bymycar.fr\/webzine\/?s={search_term_string}\"},\"query-input\":{\"@type\":\"PropertyValueSpecification\",\"valueRequired\":true,\"valueName\":\"search_term_string\"}}],\"inLanguage\":\"fr-FR\"},{\"@type\":\"Organization\",\"@id\":\"https:\/\/www.bymycar.fr\/webzine\/#organization\",\"name\":\"BYmyCAR\",\"url\":\"https:\/\/www.bymycar.fr\/webzine\/\",\"logo\":{\"@type\":\"ImageObject\",\"inLanguage\":\"fr-FR\",\"@id\":\"https:\/\/www.bymycar.fr\/webzine\/#\/schema\/logo\/image\/\",\"url\":\"https:\/\/cdn.bymycar.eu\/fr-webzine\/wp-content\/uploads\/medias\/2017\/08\/logo_DEALER_00000406_001.png\",\"contentUrl\":\"https:\/\/cdn.bymycar.eu\/fr-webzine\/wp-content\/uploads\/medias\/2017\/08\/logo_DEALER_00000406_001.png\",\"width\":2132,\"height\":720,\"caption\":\"BYmyCAR\"},\"image\":{\"@id\":\"https:\/\/www.bymycar.fr\/webzine\/#\/schema\/logo\/image\/\"}},{\"@type\":\"Person\",\"@id\":\"https:\/\/www.bymycar.fr\/webzine\/#\/schema\/person\/8d570fe11eb8929f06c1e6d00f4d9689\",\"name\":\"La R\u00e9daction BYmyCAR\",\"image\":{\"@type\":\"ImageObject\",\"inLanguage\":\"fr-FR\",\"@id\":\"https:\/\/www.bymycar.fr\/webzine\/#\/schema\/person\/image\/\",\"url\":\"https:\/\/secure.gravatar.com\/avatar\/1aa6b039d0ce106989923af4e2d0f2a0c82bb070d5e449f1b9adf082a5863900?s=96&d=mm&r=g\",\"contentUrl\":\"https:\/\/secure.gravatar.com\/avatar\/1aa6b039d0ce106989923af4e2d0f2a0c82bb070d5e449f1b9adf082a5863900?s=96&d=mm&r=g\",\"caption\":\"La R\u00e9daction BYmyCAR\"},\"sameAs\":[\"https:\/\/www.bymycar.fr\/\"]}]}<\/script>\n<!-- \/ Yoast SEO Premium plugin. -->","yoast_head_json":{"title":"Quel est le prix d\u2019une mini \u00e9lectrique ?","robots":{"index":"index","follow":"follow","max-snippet":"max-snippet:-1","max-image-preview":"max-image-preview:large","max-video-preview":"max-video-preview:-1"},"canonical":"https:\/\/www.bymycar.fr\/webzine\/quel-est-le-prix-dune-mini-electrique\/","og_locale":"fr_FR","og_type":"article","og_title":"Quel est le prix d\u2019une mini \u00e9lectrique ?","og_url":"https:\/\/www.bymycar.fr\/webzine\/quel-est-le-prix-dune-mini-electrique\/","og_site_name":"Webzine auto BYmyCAR","article_published_time":"2022-07-13T05:59:05+00:00","article_modified_time":"2026-04-27T12:37:23+00:00","og_image":[{"width":750,"height":410,"url":"https:\/\/cdn.bymycar.eu\/fr-webzine\/wp-content\/uploads\/medias\/Quel-est-le-prix-dune-mini-electrique.jpg","type":"image\/jpeg"}],"author":"La R\u00e9daction BYmyCAR","twitter_card":"summary_large_image","twitter_misc":{"\u00c9crit par":"La R\u00e9daction BYmyCAR"},"schema":{"@context":"https:\/\/schema.org","@graph":[{"@type":"Article","@id":"https:\/\/www.bymycar.fr\/webzine\/quel-est-le-prix-dune-mini-electrique\/#article","isPartOf":{"@id":"https:\/\/www.bymycar.fr\/webzine\/quel-est-le-prix-dune-mini-electrique\/"},"author":{"name":"La R\u00e9daction BYmyCAR","@id":"https:\/\/www.bymycar.fr\/webzine\/#\/schema\/person\/8d570fe11eb8929f06c1e6d00f4d9689"},"headline":"Quel est le prix d\u2019une mini \u00e9lectrique ?","datePublished":"2022-07-13T05:59:05+00:00","dateModified":"2026-04-27T12:37:23+00:00","mainEntityOfPage":{"@id":"https:\/\/www.bymycar.fr\/webzine\/quel-est-le-prix-dune-mini-electrique\/"},"wordCount":8,"publisher":{"@id":"https:\/\/www.bymycar.fr\/webzine\/#organization"},"image":{"@id":"https:\/\/www.bymycar.fr\/webzine\/quel-est-le-prix-dune-mini-electrique\/#primaryimage"},"thumbnailUrl":"https:\/\/cdn.bymycar.eu\/fr-webzine\/wp-content\/uploads\/medias\/Quel-est-le-prix-dune-mini-electrique.jpg","articleSection":["Guide d'achat","Guide d'achat MINI"],"inLanguage":"fr-FR"},{"@type":"WebPage","@id":"https:\/\/www.bymycar.fr\/webzine\/quel-est-le-prix-dune-mini-electrique\/","url":"https:\/\/www.bymycar.fr\/webzine\/quel-est-le-prix-dune-mini-electrique\/","name":"Quel est le prix d\u2019une mini \u00e9lectrique ?","isPartOf":{"@id":"https:\/\/www.bymycar.fr\/webzine\/#website"},"primaryImageOfPage":{"@id":"https:\/\/www.bymycar.fr\/webzine\/quel-est-le-prix-dune-mini-electrique\/#primaryimage"},"image":{"@id":"https:\/\/www.bymycar.fr\/webzine\/quel-est-le-prix-dune-mini-electrique\/#primaryimage"},"thumbnailUrl":"https:\/\/cdn.bymycar.eu\/fr-webzine\/wp-content\/uploads\/medias\/Quel-est-le-prix-dune-mini-electrique.jpg","datePublished":"2022-07-13T05:59:05+00:00","dateModified":"2026-04-27T12:37:23+00:00","breadcrumb":{"@id":"https:\/\/www.bymycar.fr\/webzine\/quel-est-le-prix-dune-mini-electrique\/#breadcrumb"},"inLanguage":"fr-FR","potentialAction":[{"@type":"ReadAction","target":["https:\/\/www.bymycar.fr\/webzine\/quel-est-le-prix-dune-mini-electrique\/"]}]},{"@type":"ImageObject","inLanguage":"fr-FR","@id":"https:\/\/www.bymycar.fr\/webzine\/quel-est-le-prix-dune-mini-electrique\/#primaryimage","url":"https:\/\/cdn.bymycar.eu\/fr-webzine\/wp-content\/uploads\/medias\/Quel-est-le-prix-dune-mini-electrique.jpg","contentUrl":"https:\/\/cdn.bymycar.eu\/fr-webzine\/wp-content\/uploads\/medias\/Quel-est-le-prix-dune-mini-electrique.jpg","width":750,"height":410},{"@type":"BreadcrumbList","@id":"https:\/\/www.bymycar.fr\/webzine\/quel-est-le-prix-dune-mini-electrique\/#breadcrumb","itemListElement":[{"@type":"ListItem","position":1,"name":"Accueil","item":"https:\/\/www.bymycar.fr\/webzine\/"},{"@type":"ListItem","position":2,"name":"Quel est le prix d\u2019une mini \u00e9lectrique ?"}]},{"@type":"WebSite","@id":"https:\/\/www.bymycar.fr\/webzine\/#website","url":"https:\/\/www.bymycar.fr\/webzine\/","name":"Webzine auto BYmyCAR","description":"La magazine auto de BYmyCAR","publisher":{"@id":"https:\/\/www.bymycar.fr\/webzine\/#organization"},"potentialAction":[{"@type":"SearchAction","target":{"@type":"EntryPoint","urlTemplate":"https:\/\/www.bymycar.fr\/webzine\/?s={search_term_string}"},"query-input":{"@type":"PropertyValueSpecification","valueRequired":true,"valueName":"search_term_string"}}],"inLanguage":"fr-FR"},{"@type":"Organization","@id":"https:\/\/www.bymycar.fr\/webzine\/#organization","name":"BYmyCAR","url":"https:\/\/www.bymycar.fr\/webzine\/","logo":{"@type":"ImageObject","inLanguage":"fr-FR","@id":"https:\/\/www.bymycar.fr\/webzine\/#\/schema\/logo\/image\/","url":"https:\/\/cdn.bymycar.eu\/fr-webzine\/wp-content\/uploads\/medias\/2017\/08\/logo_DEALER_00000406_001.png","contentUrl":"https:\/\/cdn.bymycar.eu\/fr-webzine\/wp-content\/uploads\/medias\/2017\/08\/logo_DEALER_00000406_001.png","width":2132,"height":720,"caption":"BYmyCAR"},"image":{"@id":"https:\/\/www.bymycar.fr\/webzine\/#\/schema\/logo\/image\/"}},{"@type":"Person","@id":"https:\/\/www.bymycar.fr\/webzine\/#\/schema\/person\/8d570fe11eb8929f06c1e6d00f4d9689","name":"La R\u00e9daction BYmyCAR","image":{"@type":"ImageObject","inLanguage":"fr-FR","@id":"https:\/\/www.bymycar.fr\/webzine\/#\/schema\/person\/image\/","url":"https:\/\/secure.gravatar.com\/avatar\/1aa6b039d0ce106989923af4e2d0f2a0c82bb070d5e449f1b9adf082a5863900?s=96&d=mm&r=g","contentUrl":"https:\/\/secure.gravatar.com\/avatar\/1aa6b039d0ce106989923af4e2d0f2a0c82bb070d5e449f1b9adf082a5863900?s=96&d=mm&r=g","caption":"La R\u00e9daction BYmyCAR"},"sameAs":["https:\/\/www.bymycar.fr\/"]}]}},"_links":{"self":[{"href":"https:\/\/www.bymycar.fr\/webzine\/wp-json\/wp\/v2\/posts\/32903","targetHints":{"allow":["GET"]}}],"collection":[{"href":"https:\/\/www.bymycar.fr\/webzine\/wp-json\/wp\/v2\/posts"}],"about":[{"href":"https:\/\/www.bymycar.fr\/webzine\/wp-json\/wp\/v2\/types\/post"}],"author":[{"embeddable":true,"href":"https:\/\/www.bymycar.fr\/webzine\/wp-json\/wp\/v2\/users\/88"}],"replies":[{"embeddable":true,"href":"https:\/\/www.bymycar.fr\/webzine\/wp-json\/wp\/v2\/comments?post=32903"}],"version-history":[{"count":6,"href":"https:\/\/www.bymycar.fr\/webzine\/wp-json\/wp\/v2\/posts\/32903\/revisions"}],"predecessor-version":[{"id":40099,"href":"https:\/\/www.bymycar.fr\/webzine\/wp-json\/wp\/v2\/posts\/32903\/revisions\/40099"}],"wp:featuredmedia":[{"embeddable":true,"href":"https:\/\/www.bymycar.fr\/webzine\/wp-json\/wp\/v2\/media\/32904"}],"wp:attachment":[{"href":"https:\/\/www.bymycar.fr\/webzine\/wp-json\/wp\/v2\/media?parent=32903"}],"wp:term":[{"taxonomy":"category","embeddable":true,"href":"https:\/\/www.bymycar.fr\/webzine\/wp-json\/wp\/v2\/categories?post=32903"},{"taxonomy":"post_tag","embeddable":true,"href":"https:\/\/www.bymycar.fr\/webzine\/wp-json\/wp\/v2\/tags?post=32903"}],"curies":[{"name":"wp","href":"https:\/\/api.w.org\/{rel}","templated":true}]}}