{"id":32785,"date":"2022-07-12T11:36:05","date_gmt":"2022-07-12T09:36:05","guid":{"rendered":"https:\/\/prod.bymycar.fr\/webzine\/?p=32785"},"modified":"2026-04-27T14:40:03","modified_gmt":"2026-04-27T12:40:03","slug":"logo-mini-histoire-et-evolution","status":"publish","type":"post","link":"https:\/\/www.bymycar.fr\/webzine\/logo-mini-histoire-et-evolution\/","title":{"rendered":"Logo mini : histoire et \u00e9volution"},"content":{"rendered":"","protected":false},"excerpt":{"rendered":"","protected":false},"author":88,"featured_media":32793,"comment_status":"closed","ping_status":"open","sticky":false,"template":"","format":"standard","meta":{"_acf_changed":false,"footnotes":""},"categories":[12893,12912],"tags":[],"class_list":["post-32785","post","type-post","status-publish","format-standard","has-post-thumbnail","hentry","category-guide-dachat","category-guide-dachat-mini"],"acf":{"template":"classique","introduction":"<p>Vous \u00eates fan de <a href=\"https:\/\/www.bymycar.fr\/marques\/mini\">Mini<\/a>\u00a0et vous vous int\u00e9ressez \u00e0 l\u2019histoire de la marque\u00a0? Commencez par d\u00e9couvrir l\u2019histoire et l\u2019\u00e9volution de son logo. BYmyCAR vous pr\u00e9sente ce qu\u2019il y a \u00e0 savoir sur le logo de Mini.<\/p>\n<p style=\"text-align: center;\"><a href=\"https:\/\/www.bymycar.fr\/rechercher-un-vehicule?prod_VEHICLES%5BrefinementList%5D%5Bbrand%5D%5B0%5D=MINI\" target=\"_blank\" class=\"css-button css-button--gold\" >\n                Voir les v\u00e9hicules Mini neufs et d'occasion disponibles\n        <\/a><\/p>\n","strates":[{"type_strate":"carousel-produits","ancre":"","contenu":"<h2 style=\"text-align: justify;\">Logo car Mini\u00a0: \u00e9volution du logo de la filiale de BMW<\/h2>\n<p style=\"text-align: justify;\">Bas\u00e9 au Royaume-Uni,\u00a0<a href=\"https:\/\/www.bymycar.fr\/marques\/mini\">Mini<\/a>\u00a0est un constructeur automobile fond\u00e9 par Alec Issigonis en 1959. L\u2019entreprise faisait partie de la British Motor Corporation \u00e0 l\u2019\u00e9poque. D\u00e9sormais, elle appartient \u00e0 BMW. La soci\u00e9t\u00e9 a connu de nombreux changements tout comme son logo.<\/p>\n<p style=\"text-align: justify;\">En 1959, le mot Mini n\u2019apparaissait pas encore sur l\u2019embl\u00e8me des voitures de la marque. Le logo de l\u2019\u00e9poque reprenait la forme d\u2019une h\u00e9lice avec deux cercles au milieu. \u00c0 l\u2019int\u00e9rieur, les designers de l\u2019\u00e9poque ont d\u00e9cid\u00e9 de repr\u00e9senter un taureau et d\u2019ajouter le terme \u00ab\u00a0Morris\u00a0\u00bb. Ce choix a \u00e9t\u00e9 motiv\u00e9 par le fait que certains des mod\u00e8les baptis\u00e9s Morris Mini Minor ont \u00e9t\u00e9 produits dans l\u2019usine de l\u2019avionneur Morris Motors \u00e0 Cowley. Le nom de la compagnie \u00ab\u00a0Mini\u00a0\u00bb a commenc\u00e9 \u00e0 \u00eatre utilis\u00e9 \u00e0 partir de 1962. Il a \u00e9t\u00e9 inscrit sur le logo avec le terme \u00ab\u00a0Cooper\u00a0\u00bb jusqu\u2019en 1968 pour marquer la collaboration entre l\u2019entreprise et le designer John Cooper. Pour information, ce dernier est l\u2019auteur des mod\u00e8les Mini Cooper. Le logo ressemblait \u00e0 une h\u00e9lice. Toutefois, elle est repr\u00e9sent\u00e9e par quatre lignes au lieu d\u2019une seule pour renvoyer en m\u00eame temps \u00e0 l\u2019image d\u2019une calandre. Un style similaire a \u00e9t\u00e9 adopt\u00e9 entre 1968 et 1969, mais le mot Cooper a \u00e9t\u00e9 enlev\u00e9. C\u2019est \u00e0 partir de l\u00e0 que seul le mot \u00ab\u00a0Mini\u00a0\u00bb a \u00e9t\u00e9 gard\u00e9 pour symboliser la marque.<\/p>\n<p style=\"text-align: justify;\">Entre 1969 et 2001, la marque Mini \u00e9tait g\u00e9r\u00e9e par l\u2019entreprise Leyland Motors. Les petites voitures ont \u00e9t\u00e9 baptis\u00e9es Mini uniquement. Le logo a \u00e9t\u00e9 remplac\u00e9 par un insigne ressemblant \u00e0 un bouclier. Le logo \u00e0 l\u2019aspect d\u2019une h\u00e9lice est uniquement revenu apr\u00e8s la reprise de la marque anglaise par BMW.<\/p>\n<h2 style=\"text-align: justify;\">Quel est le logo des voitures Mini\u00a0: noir, gris ?<\/h2>\n<p style=\"text-align: justify;\">Il n\u2019est pas rare de croiser des voitures Mini qui se ressemblent, mais avec des logos diff\u00e9rents.<\/p>\n<h3 style=\"text-align: justify;\">Quel logo ou monogramme sur une Mini classique ou le coffre d\u2019un mod\u00e8le Countryman\u00a0?<\/h3>\n<p style=\"text-align: justify;\">Pour une Mini classique ou Countryman, le logo appos\u00e9 sur le v\u00e9hicule d\u00e9pend de l\u2019ann\u00e9e de production. Produite avant 2001, la Mini dispose s\u00fbrement du logo en bouclier. Cet insigne n\u2019est pas le plus \u00e9l\u00e9gant. Cependant, il d\u00e9signe bien la marque et non une copie. Pour une Mini d\u00e9velopp\u00e9e entre 2011 et 2018, le logo est plus moderne et dans l\u2019air du temps. L\u2019h\u00e9lice est ainsi chrom\u00e9e et le cercle est propos\u00e9 avec un fond noir. \u00c0 partir de 2018, le logo a \u00e9t\u00e9 simplifi\u00e9. Il ne garde que l\u2019essentiel, soit un insigne 2D jouant avec le noir et le blanc uniquement.<\/p>\n<h3 style=\"text-align: justify;\">Est-il possible de changer l\u2019insigne d\u2019une Mini\u00a0Cooper One, Clubman, Austin par un nouveau logo ?<\/h3>\n<p style=\"text-align: justify;\">Qu\u2019il s\u2019agisse d\u2019une Mini Cooper, Clubman ou autres, il est tout \u00e0 fait possible de changer le logo de votre v\u00e9hicule. Vous pouvez m\u00eame le faire vous-m\u00eame. Pour cela, il faut utiliser un outil plat pour faire d\u00e9coller l\u2019insigne et placer le nouveau logo. En cas de doute, un garagiste pourra effectuer un changement de logo s\u00fbr et rapide \u00e0 votre place.<\/p>\n<h3 style=\"text-align: justify;\">\u00c0\u00a0LIRE\u00a0\u00c9GALEMENT<\/h3>\n<p style=\"text-align: justify;\"><a href=\"https:\/\/www.bymycar.fr\/webzine\/quelle-mini-choisir\/\">Quelle mini choisir ?<\/a><\/p>\n<p style=\"text-align: justify;\"><a href=\"https:\/\/www.bymycar.fr\/webzine\/mini-tous-les-modeles-de-la-gamme\/\">Mini : tous les mod\u00e8les de la gamme<\/a><\/p>\n<p style=\"text-align: justify;\"><a href=\"https:\/\/www.bymycar.fr\/webzine\/combien-coute-une-mini\/\">Combien co\u00fbte une Mini ?<\/a><\/p>\n<p style=\"text-align: justify;\"><a href=\"https:\/\/www.bymycar.fr\/webzine\/quelle-est-la-mini-la-plus-fiable\/\">Quelle est la mini la plus fiable ?<\/a><\/p>\n<p style=\"text-align: justify;\"><a href=\"https:\/\/www.bymycar.fr\/webzine\/smart-vs-mini-quelle-marque-est-faite-pour-vous\/\">Smart vs mini quelle marque est faite pour vous ?<\/a><\/p>\n<p style=\"text-align: justify;\"><a href=\"https:\/\/www.bymycar.fr\/webzine\/quelle-est-la-meilleure-mini-citadine\/\">Quelle est la meilleure mini citadine ?<\/a><\/p>\n<p style=\"text-align: justify;\"><a href=\"https:\/\/www.bymycar.fr\/webzine\/quelle-mini-possede-un-moteur-bmw\/\">Quelle mini poss\u00e8de un moteur bmw ?<\/a><\/p>\n<p style=\"text-align: justify;\"><a href=\"https:\/\/www.bymycar.fr\/webzine\/a-quel-groupe-appartient-mini\/\">\u00c0\u00a0quel groupe appartient Mini ?<\/a><\/p>\n<p style=\"text-align: justify;\"><a href=\"https:\/\/www.bymycar.fr\/webzine\/quelle-est-la-plus-grande-des-mini\/\">Quelle est la plus grande des mini ?<\/a><\/p>\n<p style=\"text-align: justify;\"><a href=\"https:\/\/www.bymycar.fr\/webzine\/quel-est-le-prix-dune-mini-electrique\/\">Quel est le prix d&rsquo;une mini \u00e9lectrique ?<\/a><\/p>\n","titre":"Voir nos v\u00e9hicules Mini disponibles","image":false,"image_libre":false,"image_800x500":false,"legende":"","zoom":false,"texte":"","articles":false,"categorie_droite":false,"images":false,"elements_comparatif":false,"texte_1":"","texte_2":"","image_1":false,"image_1_563x400":false,"image_1_332x332":false,"image_2":false,"image_2_333x240":false,"image_2_563x400":false,"image_3":false,"image_3_333x240":false,"image_3_332x450":false,"image_4":false,"image_4_332x332":false,"image_4_563x400":false,"code_embed":"","legende_video":"","photo":false,"photo_100x100":false,"nom":"","fonction":"","elements_timeline":false,"entetes_colonnes":false,"entetes_lignes":false,"lignes":false,"introduction":"","formulaire":false,"question":"","reponse":"","libelle_bouton_lien":"","url_lien":"","questions":false,"conclusions":false,"pays":"1","region":"","marque":"8","marqueConcessions":false,"modele":"","ptvente":"","typeV":"","collection":"","nombre_maximum_elements":"5","lien_fin_carousel":"https:\/\/www.bymycar.fr\/rechercher-un-vehicule?prod_VEHICLES%5BrefinementList%5D%5Bbrand%5D%5B0%5D=MINI","texte_lien_fin_carousel":"Voir plus de v\u00e9hicules","trier_par":"prix"},{"type_strate":"texte-simple","ancre":"","contenu":"<h2 style=\"text-align: justify;\">Logo car Mini\u00a0: \u00e9volution du logo de la filiale de BMW<\/h2>\n<p style=\"text-align: justify;\">Bas\u00e9 au Royaume-Uni,\u00a0<a href=\"https:\/\/www.bymycar.fr\/marques\/mini\">Mini<\/a>\u00a0est un constructeur automobile fond\u00e9 par Alec Issigonis en 1959. L\u2019entreprise faisait partie de la British Motor Corporation \u00e0 l\u2019\u00e9poque. D\u00e9sormais, elle appartient \u00e0 BMW. La soci\u00e9t\u00e9 a connu de nombreux changements tout comme son logo.<\/p>\n<p style=\"text-align: justify;\">En 1959, le mot Mini n\u2019apparaissait pas encore sur l\u2019embl\u00e8me des voitures de la marque. Le logo de l\u2019\u00e9poque reprenait la forme d\u2019une h\u00e9lice avec deux cercles au milieu. \u00c0 l\u2019int\u00e9rieur, les designers de l\u2019\u00e9poque ont d\u00e9cid\u00e9 de repr\u00e9senter un taureau et d\u2019ajouter le terme \u00ab\u00a0Morris\u00a0\u00bb. Ce choix a \u00e9t\u00e9 motiv\u00e9 par le fait que certains des mod\u00e8les baptis\u00e9s Morris Mini Minor ont \u00e9t\u00e9 produits dans l\u2019usine de l\u2019avionneur Morris Motors \u00e0 Cowley. Le nom de la compagnie \u00ab\u00a0Mini\u00a0\u00bb a commenc\u00e9 \u00e0 \u00eatre utilis\u00e9 \u00e0 partir de 1962. Il a \u00e9t\u00e9 inscrit sur le logo avec le terme \u00ab\u00a0Cooper\u00a0\u00bb jusqu\u2019en 1968 pour marquer la collaboration entre l\u2019entreprise et le designer John Cooper. Pour information, ce dernier est l\u2019auteur des mod\u00e8les Mini Cooper. Le logo ressemblait \u00e0 une h\u00e9lice. Toutefois, elle est repr\u00e9sent\u00e9e par quatre lignes au lieu d\u2019une seule pour renvoyer en m\u00eame temps \u00e0 l\u2019image d\u2019une calandre. Un style similaire a \u00e9t\u00e9 adopt\u00e9 entre 1968 et 1969, mais le mot Cooper a \u00e9t\u00e9 enlev\u00e9. C\u2019est \u00e0 partir de l\u00e0 que seul le mot \u00ab\u00a0Mini\u00a0\u00bb a \u00e9t\u00e9 gard\u00e9 pour symboliser la marque.<\/p>\n<p style=\"text-align: justify;\">Entre 1969 et 2001, la marque Mini \u00e9tait g\u00e9r\u00e9e par l\u2019entreprise Leyland Motors. Les petites voitures ont \u00e9t\u00e9 baptis\u00e9es Mini uniquement. Le logo a \u00e9t\u00e9 remplac\u00e9 par un insigne ressemblant \u00e0 un bouclier. Le logo \u00e0 l\u2019aspect d\u2019une h\u00e9lice est uniquement revenu apr\u00e8s la reprise de la marque anglaise par BMW.<\/p>\n<h2 style=\"text-align: justify;\">Quel est le logo des voitures Mini\u00a0: noir, gris ?<\/h2>\n<p style=\"text-align: justify;\">Il n\u2019est pas rare de croiser des voitures Mini qui se ressemblent, mais avec des logos diff\u00e9rents.<\/p>\n<h3 style=\"text-align: justify;\">Quel logo ou monogramme sur une Mini classique ou le coffre d\u2019un mod\u00e8le Countryman\u00a0?<\/h3>\n<p style=\"text-align: justify;\">Pour une Mini classique ou Countryman, le logo appos\u00e9 sur le v\u00e9hicule d\u00e9pend de l\u2019ann\u00e9e de production. Produite avant 2001, la Mini dispose s\u00fbrement du logo en bouclier. Cet insigne n\u2019est pas le plus \u00e9l\u00e9gant. Cependant, il d\u00e9signe bien la marque et non une copie. Pour une Mini d\u00e9velopp\u00e9e entre 2011 et 2018, le logo est plus moderne et dans l\u2019air du temps. L\u2019h\u00e9lice est ainsi chrom\u00e9e et le cercle est propos\u00e9 avec un fond noir. \u00c0 partir de 2018, le logo a \u00e9t\u00e9 simplifi\u00e9. Il ne garde que l\u2019essentiel, soit un insigne 2D jouant avec le noir et le blanc uniquement.<\/p>\n<h3 style=\"text-align: justify;\">Est-il possible de changer l\u2019insigne d\u2019une Mini\u00a0Cooper One, Clubman, Austin par un nouveau logo ?<\/h3>\n<p style=\"text-align: justify;\">Qu\u2019il s\u2019agisse d\u2019une Mini Cooper, Clubman ou autres, il est tout \u00e0 fait possible de changer le logo de votre v\u00e9hicule. Vous pouvez m\u00eame le faire vous-m\u00eame. Pour cela, il faut utiliser un outil plat pour faire d\u00e9coller l\u2019insigne et placer le nouveau logo. En cas de doute, un garagiste pourra effectuer un changement de logo s\u00fbr et rapide \u00e0 votre place.<\/p>\n<h3 style=\"text-align: justify;\">\u00c0\u00a0LIRE\u00a0\u00c9GALEMENT<\/h3>\n<p style=\"text-align: justify;\"><a href=\"https:\/\/www.bymycar.fr\/webzine\/quelle-mini-choisir\/\">Quelle mini choisir ?<\/a><\/p>\n<p style=\"text-align: justify;\"><a href=\"https:\/\/www.bymycar.fr\/webzine\/mini-tous-les-modeles-de-la-gamme\/\">Mini : tous les mod\u00e8les de la gamme<\/a><\/p>\n<p style=\"text-align: justify;\"><a href=\"https:\/\/www.bymycar.fr\/webzine\/combien-coute-une-mini\/\">Combien co\u00fbte une Mini ?<\/a><\/p>\n<p style=\"text-align: justify;\"><a href=\"https:\/\/www.bymycar.fr\/webzine\/quelle-est-la-mini-la-plus-fiable\/\">Quelle est la mini la plus fiable ?<\/a><\/p>\n<p style=\"text-align: justify;\"><a href=\"https:\/\/www.bymycar.fr\/webzine\/smart-vs-mini-quelle-marque-est-faite-pour-vous\/\">Smart vs mini quelle marque est faite pour vous ?<\/a><\/p>\n<p style=\"text-align: justify;\"><a href=\"https:\/\/www.bymycar.fr\/webzine\/quelle-est-la-meilleure-mini-citadine\/\">Quelle est la meilleure mini citadine ?<\/a><\/p>\n<p style=\"text-align: justify;\"><a href=\"https:\/\/www.bymycar.fr\/webzine\/quelle-mini-possede-un-moteur-bmw\/\">Quelle mini poss\u00e8de un moteur bmw ?<\/a><\/p>\n<p style=\"text-align: justify;\"><a href=\"https:\/\/www.bymycar.fr\/webzine\/a-quel-groupe-appartient-mini\/\">\u00c0\u00a0quel groupe appartient Mini ?<\/a><\/p>\n<p style=\"text-align: justify;\"><a href=\"https:\/\/www.bymycar.fr\/webzine\/quelle-est-la-plus-grande-des-mini\/\">Quelle est la plus grande des mini ?<\/a><\/p>\n<p style=\"text-align: justify;\"><a href=\"https:\/\/www.bymycar.fr\/webzine\/quel-est-le-prix-dune-mini-electrique\/\">Quel est le prix d&rsquo;une mini \u00e9lectrique ?<\/a><\/p>\n","titre":"Texte 1","image":false,"image_libre":false,"image_800x500":false,"legende":"","zoom":false,"texte":"","articles":false,"categorie_droite":false,"images":false,"elements_comparatif":false,"texte_1":"","texte_2":"","image_1":false,"image_1_563x400":false,"image_1_332x332":false,"image_2":false,"image_2_333x240":false,"image_2_563x400":false,"image_3":false,"image_3_333x240":false,"image_3_332x450":false,"image_4":false,"image_4_332x332":false,"image_4_563x400":false,"code_embed":"","legende_video":"","photo":false,"photo_100x100":false,"nom":"","fonction":"","elements_timeline":false,"entetes_colonnes":false,"entetes_lignes":false,"lignes":false,"introduction":"","formulaire":false,"question":"","reponse":"","libelle_bouton_lien":"","url_lien":"","questions":false,"conclusions":false,"pays":"1","region":"","marque":"8","marqueConcessions":false,"modele":"","ptvente":"","typeV":"","collection":"","nombre_maximum_elements":"10","lien_fin_carousel":"https:\/\/www.bymycar.fr\/rechercher-un-vehicule?prod_VEHICLES%5BrefinementList%5D%5Bbrand%5D%5B0%5D=MINI","texte_lien_fin_carousel":"Voir plus de v\u00e9hicules","trier_par":""},{"type_strate":"carousel-produits","ancre":"","contenu":"","titre":"Voir une s\u00e9lection de v\u00e9hicules Mini disponibles","image":false,"image_libre":false,"image_800x500":false,"legende":"","zoom":false,"texte":"","articles":false,"categorie_droite":false,"images":false,"elements_comparatif":false,"texte_1":"","texte_2":"","image_1":false,"image_1_563x400":false,"image_1_332x332":false,"image_2":false,"image_2_333x240":false,"image_2_563x400":false,"image_3":false,"image_3_333x240":false,"image_3_332x450":false,"image_4":false,"image_4_332x332":false,"image_4_563x400":false,"code_embed":"","legende_video":"","photo":false,"photo_100x100":false,"nom":"","fonction":"","elements_timeline":false,"entetes_colonnes":false,"entetes_lignes":false,"lignes":false,"introduction":"","formulaire":false,"question":"","reponse":"","libelle_bouton_lien":"","url_lien":"","questions":false,"conclusions":false,"pays":"1","region":"","marque":"8","marqueConcessions":false,"modele":"","ptvente":"","typeV":"","collection":"","nombre_maximum_elements":"5","lien_fin_carousel":"https:\/\/www.bymycar.fr\/rechercher-un-vehicule?prod_VEHICLES%5BrefinementList%5D%5Bbrand%5D%5B0%5D=MINI","texte_lien_fin_carousel":"Voir plus de v\u00e9hicules","trier_par":"prix"}],"is_old_post":false,"image":{"ID":32793,"id":32793,"title":"logo-mini","filename":"logo-mini.jpg","filesize":1,"url":"https:\/\/cdn.bymycar.eu\/fr-webzine\/wp-content\/uploads\/medias\/logo-mini.jpg","link":"https:\/\/www.bymycar.fr\/webzine\/logo-mini-histoire-et-evolution\/logo-mini\/","alt":"","author":"9","description":"","caption":"","name":"logo-mini","status":"inherit","uploaded_to":32785,"date":"2022-07-12 09:35:57","modified":"2022-07-12 09:35:57","menu_order":0,"mime_type":"image\/jpeg","type":"image","subtype":"jpeg","icon":"https:\/\/www.bymycar.fr\/webzine\/wp-includes\/images\/media\/default.png","width":750,"height":410,"sizes":{"thumbnail":"https:\/\/cdn.bymycar.eu\/fr-webzine\/wp-content\/uploads\/medias\/logo-mini-150x150.jpg","thumbnail-width":150,"thumbnail-height":150,"medium":"https:\/\/cdn.bymycar.eu\/fr-webzine\/wp-content\/uploads\/medias\/logo-mini-300x164.jpg","medium-width":300,"medium-height":164,"medium_large":"https:\/\/cdn.bymycar.eu\/fr-webzine\/wp-content\/uploads\/medias\/logo-mini.jpg","medium_large-width":750,"medium_large-height":410,"large":"https:\/\/cdn.bymycar.eu\/fr-webzine\/wp-content\/uploads\/medias\/logo-mini.jpg","large-width":750,"large-height":410,"1536x1536":"https:\/\/cdn.bymycar.eu\/fr-webzine\/wp-content\/uploads\/medias\/logo-mini.jpg","1536x1536-width":750,"1536x1536-height":410,"2048x2048":"https:\/\/cdn.bymycar.eu\/fr-webzine\/wp-content\/uploads\/medias\/logo-mini.jpg","2048x2048-width":750,"2048x2048-height":410}},"page_content":{"block_content":[{"acf_fc_layout":"carousel-produits"},{"acf_fc_layout":"carousel-produits"},{"acf_fc_layout":"carousel-produits"},{"acf_fc_layout":"text-simple","--nav":{"-withNav":false,"-ancre":""},"--group":{"-text":"<h2 style=\"text-align: justify;\">Logo car Mini\u00a0: \u00e9volution du logo de la filiale de BMW<\/h2>\n<p style=\"text-align: justify;\">Bas\u00e9 au Royaume-Uni,\u00a0<a href=\"https:\/\/www.bymycar.fr\/marques\/mini\">Mini<\/a>\u00a0est un constructeur automobile fond\u00e9 par Alec Issigonis en 1959. L\u2019entreprise faisait partie de la British Motor Corporation \u00e0 l\u2019\u00e9poque. D\u00e9sormais, elle appartient \u00e0 BMW. La soci\u00e9t\u00e9 a connu de nombreux changements tout comme son logo.<\/p>\n<p style=\"text-align: justify;\">En 1959, le mot Mini n\u2019apparaissait pas encore sur l\u2019embl\u00e8me des voitures de la marque. Le logo de l\u2019\u00e9poque reprenait la forme d\u2019une h\u00e9lice avec deux cercles au milieu. \u00c0 l\u2019int\u00e9rieur, les designers de l\u2019\u00e9poque ont d\u00e9cid\u00e9 de repr\u00e9senter un taureau et d\u2019ajouter le terme \u00ab\u00a0Morris\u00a0\u00bb. Ce choix a \u00e9t\u00e9 motiv\u00e9 par le fait que certains des mod\u00e8les baptis\u00e9s Morris Mini Minor ont \u00e9t\u00e9 produits dans l\u2019usine de l\u2019avionneur Morris Motors \u00e0 Cowley. Le nom de la compagnie \u00ab\u00a0Mini\u00a0\u00bb a commenc\u00e9 \u00e0 \u00eatre utilis\u00e9 \u00e0 partir de 1962. Il a \u00e9t\u00e9 inscrit sur le logo avec le terme \u00ab\u00a0Cooper\u00a0\u00bb jusqu\u2019en 1968 pour marquer la collaboration entre l\u2019entreprise et le designer John Cooper. Pour information, ce dernier est l\u2019auteur des mod\u00e8les Mini Cooper. Le logo ressemblait \u00e0 une h\u00e9lice. Toutefois, elle est repr\u00e9sent\u00e9e par quatre lignes au lieu d\u2019une seule pour renvoyer en m\u00eame temps \u00e0 l\u2019image d\u2019une calandre. Un style similaire a \u00e9t\u00e9 adopt\u00e9 entre 1968 et 1969, mais le mot Cooper a \u00e9t\u00e9 enlev\u00e9. C\u2019est \u00e0 partir de l\u00e0 que seul le mot \u00ab\u00a0Mini\u00a0\u00bb a \u00e9t\u00e9 gard\u00e9 pour symboliser la marque.<\/p>\n<p style=\"text-align: justify;\">Entre 1969 et 2001, la marque Mini \u00e9tait g\u00e9r\u00e9e par l\u2019entreprise Leyland Motors. Les petites voitures ont \u00e9t\u00e9 baptis\u00e9es Mini uniquement. Le logo a \u00e9t\u00e9 remplac\u00e9 par un insigne ressemblant \u00e0 un bouclier. Le logo \u00e0 l\u2019aspect d\u2019une h\u00e9lice est uniquement revenu apr\u00e8s la reprise de la marque anglaise par BMW.<\/p>\n<h2 style=\"text-align: justify;\">Quel est le logo des voitures Mini\u00a0: noir, gris ?<\/h2>\n<p style=\"text-align: justify;\">Il n\u2019est pas rare de croiser des voitures Mini qui se ressemblent, mais avec des logos diff\u00e9rents.<\/p>\n<h3 style=\"text-align: justify;\">Quel logo ou monogramme sur une Mini classique ou le coffre d\u2019un mod\u00e8le Countryman\u00a0?<\/h3>\n<p style=\"text-align: justify;\">Pour une Mini classique ou Countryman, le logo appos\u00e9 sur le v\u00e9hicule d\u00e9pend de l\u2019ann\u00e9e de production. Produite avant 2001, la Mini dispose s\u00fbrement du logo en bouclier. Cet insigne n\u2019est pas le plus \u00e9l\u00e9gant. Cependant, il d\u00e9signe bien la marque et non une copie. Pour une Mini d\u00e9velopp\u00e9e entre 2011 et 2018, le logo est plus moderne et dans l\u2019air du temps. L\u2019h\u00e9lice est ainsi chrom\u00e9e et le cercle est propos\u00e9 avec un fond noir. \u00c0 partir de 2018, le logo a \u00e9t\u00e9 simplifi\u00e9. Il ne garde que l\u2019essentiel, soit un insigne 2D jouant avec le noir et le blanc uniquement.<\/p>\n<h3 style=\"text-align: justify;\">Est-il possible de changer l\u2019insigne d\u2019une Mini\u00a0Cooper One, Clubman, Austin par un nouveau logo ?<\/h3>\n<p style=\"text-align: justify;\">Qu\u2019il s\u2019agisse d\u2019une Mini Cooper, Clubman ou autres, il est tout \u00e0 fait possible de changer le logo de votre v\u00e9hicule. Vous pouvez m\u00eame le faire vous-m\u00eame. Pour cela, il faut utiliser un outil plat pour faire d\u00e9coller l\u2019insigne et placer le nouveau logo. En cas de doute, un garagiste pourra effectuer un changement de logo s\u00fbr et rapide \u00e0 votre place.<\/p>\n<h3 style=\"text-align: justify;\">\u00c0\u00a0LIRE\u00a0\u00c9GALEMENT<\/h3>\n<p style=\"text-align: justify;\"><a href=\"https:\/\/www.bymycar.fr\/webzine\/quelle-mini-choisir\/\">Quelle mini choisir ?<\/a><\/p>\n<p style=\"text-align: justify;\"><a href=\"https:\/\/www.bymycar.fr\/webzine\/mini-tous-les-modeles-de-la-gamme\/\">Mini : tous les mod\u00e8les de la gamme<\/a><\/p>\n<p style=\"text-align: justify;\"><a href=\"https:\/\/www.bymycar.fr\/webzine\/combien-coute-une-mini\/\">Combien co\u00fbte une Mini ?<\/a><\/p>\n<p style=\"text-align: justify;\"><a href=\"https:\/\/www.bymycar.fr\/webzine\/quelle-est-la-mini-la-plus-fiable\/\">Quelle est la mini la plus fiable ?<\/a><\/p>\n<p style=\"text-align: justify;\"><a href=\"https:\/\/www.bymycar.fr\/webzine\/smart-vs-mini-quelle-marque-est-faite-pour-vous\/\">Smart vs mini quelle marque est faite pour vous ?<\/a><\/p>\n<p style=\"text-align: justify;\"><a href=\"https:\/\/www.bymycar.fr\/webzine\/quelle-est-la-meilleure-mini-citadine\/\">Quelle est la meilleure mini citadine ?<\/a><\/p>\n<p style=\"text-align: justify;\"><a href=\"https:\/\/www.bymycar.fr\/webzine\/quelle-mini-possede-un-moteur-bmw\/\">Quelle mini poss\u00e8de un moteur bmw ?<\/a><\/p>\n<p style=\"text-align: justify;\"><a href=\"https:\/\/www.bymycar.fr\/webzine\/a-quel-groupe-appartient-mini\/\">\u00c0\u00a0quel groupe appartient Mini ?<\/a><\/p>\n<p style=\"text-align: justify;\"><a href=\"https:\/\/www.bymycar.fr\/webzine\/quelle-est-la-plus-grande-des-mini\/\">Quelle est la plus grande des mini ?<\/a><\/p>\n<p style=\"text-align: justify;\"><a href=\"https:\/\/www.bymycar.fr\/webzine\/quel-est-le-prix-dune-mini-electrique\/\">Quel est le prix d&rsquo;une mini \u00e9lectrique ?<\/a><\/p>\n"}}]},"add-carousel-to-footer":true},"yoast_head":"<!-- This site is optimized with the Yoast SEO Premium plugin v26.4 (Yoast SEO v26.4) - https:\/\/yoast.com\/wordpress\/plugins\/seo\/ -->\n<title>Logo mini : histoire et \u00e9volution<\/title>\n<meta name=\"robots\" content=\"index, follow, max-snippet:-1, max-image-preview:large, max-video-preview:-1\" \/>\n<link rel=\"canonical\" href=\"https:\/\/www.bymycar.fr\/webzine\/logo-mini-histoire-et-evolution\/\" \/>\n<meta property=\"og:locale\" content=\"fr_FR\" \/>\n<meta property=\"og:type\" content=\"article\" \/>\n<meta property=\"og:title\" content=\"Logo mini : histoire et \u00e9volution\" \/>\n<meta property=\"og:url\" content=\"https:\/\/www.bymycar.fr\/webzine\/logo-mini-histoire-et-evolution\/\" \/>\n<meta property=\"og:site_name\" content=\"Webzine auto BYmyCAR\" \/>\n<meta property=\"article:published_time\" content=\"2022-07-12T09:36:05+00:00\" \/>\n<meta property=\"article:modified_time\" content=\"2026-04-27T12:40:03+00:00\" \/>\n<meta property=\"og:image\" content=\"https:\/\/cdn.bymycar.eu\/fr-webzine\/wp-content\/uploads\/medias\/logo-mini.jpg\" \/>\n\t<meta property=\"og:image:width\" content=\"750\" \/>\n\t<meta property=\"og:image:height\" content=\"410\" \/>\n\t<meta property=\"og:image:type\" content=\"image\/jpeg\" \/>\n<meta name=\"author\" content=\"La R\u00e9daction BYmyCAR\" \/>\n<meta name=\"twitter:card\" content=\"summary_large_image\" \/>\n<meta name=\"twitter:label1\" content=\"\u00c9crit par\" \/>\n\t<meta name=\"twitter:data1\" content=\"La R\u00e9daction BYmyCAR\" \/>\n<script type=\"application\/ld+json\" class=\"yoast-schema-graph\">{\"@context\":\"https:\/\/schema.org\",\"@graph\":[{\"@type\":\"Article\",\"@id\":\"https:\/\/www.bymycar.fr\/webzine\/logo-mini-histoire-et-evolution\/#article\",\"isPartOf\":{\"@id\":\"https:\/\/www.bymycar.fr\/webzine\/logo-mini-histoire-et-evolution\/\"},\"author\":{\"name\":\"La R\u00e9daction BYmyCAR\",\"@id\":\"https:\/\/www.bymycar.fr\/webzine\/#\/schema\/person\/8d570fe11eb8929f06c1e6d00f4d9689\"},\"headline\":\"Logo mini : histoire et \u00e9volution\",\"datePublished\":\"2022-07-12T09:36:05+00:00\",\"dateModified\":\"2026-04-27T12:40:03+00:00\",\"mainEntityOfPage\":{\"@id\":\"https:\/\/www.bymycar.fr\/webzine\/logo-mini-histoire-et-evolution\/\"},\"wordCount\":5,\"publisher\":{\"@id\":\"https:\/\/www.bymycar.fr\/webzine\/#organization\"},\"image\":{\"@id\":\"https:\/\/www.bymycar.fr\/webzine\/logo-mini-histoire-et-evolution\/#primaryimage\"},\"thumbnailUrl\":\"https:\/\/cdn.bymycar.eu\/fr-webzine\/wp-content\/uploads\/medias\/logo-mini.jpg\",\"articleSection\":[\"Guide d'achat\",\"Guide d'achat MINI\"],\"inLanguage\":\"fr-FR\"},{\"@type\":\"WebPage\",\"@id\":\"https:\/\/www.bymycar.fr\/webzine\/logo-mini-histoire-et-evolution\/\",\"url\":\"https:\/\/www.bymycar.fr\/webzine\/logo-mini-histoire-et-evolution\/\",\"name\":\"Logo mini : histoire et \u00e9volution\",\"isPartOf\":{\"@id\":\"https:\/\/www.bymycar.fr\/webzine\/#website\"},\"primaryImageOfPage\":{\"@id\":\"https:\/\/www.bymycar.fr\/webzine\/logo-mini-histoire-et-evolution\/#primaryimage\"},\"image\":{\"@id\":\"https:\/\/www.bymycar.fr\/webzine\/logo-mini-histoire-et-evolution\/#primaryimage\"},\"thumbnailUrl\":\"https:\/\/cdn.bymycar.eu\/fr-webzine\/wp-content\/uploads\/medias\/logo-mini.jpg\",\"datePublished\":\"2022-07-12T09:36:05+00:00\",\"dateModified\":\"2026-04-27T12:40:03+00:00\",\"breadcrumb\":{\"@id\":\"https:\/\/www.bymycar.fr\/webzine\/logo-mini-histoire-et-evolution\/#breadcrumb\"},\"inLanguage\":\"fr-FR\",\"potentialAction\":[{\"@type\":\"ReadAction\",\"target\":[\"https:\/\/www.bymycar.fr\/webzine\/logo-mini-histoire-et-evolution\/\"]}]},{\"@type\":\"ImageObject\",\"inLanguage\":\"fr-FR\",\"@id\":\"https:\/\/www.bymycar.fr\/webzine\/logo-mini-histoire-et-evolution\/#primaryimage\",\"url\":\"https:\/\/cdn.bymycar.eu\/fr-webzine\/wp-content\/uploads\/medias\/logo-mini.jpg\",\"contentUrl\":\"https:\/\/cdn.bymycar.eu\/fr-webzine\/wp-content\/uploads\/medias\/logo-mini.jpg\",\"width\":750,\"height\":410},{\"@type\":\"BreadcrumbList\",\"@id\":\"https:\/\/www.bymycar.fr\/webzine\/logo-mini-histoire-et-evolution\/#breadcrumb\",\"itemListElement\":[{\"@type\":\"ListItem\",\"position\":1,\"name\":\"Accueil\",\"item\":\"https:\/\/www.bymycar.fr\/webzine\/\"},{\"@type\":\"ListItem\",\"position\":2,\"name\":\"Logo mini : histoire et \u00e9volution\"}]},{\"@type\":\"WebSite\",\"@id\":\"https:\/\/www.bymycar.fr\/webzine\/#website\",\"url\":\"https:\/\/www.bymycar.fr\/webzine\/\",\"name\":\"Webzine auto BYmyCAR\",\"description\":\"La magazine auto de BYmyCAR\",\"publisher\":{\"@id\":\"https:\/\/www.bymycar.fr\/webzine\/#organization\"},\"potentialAction\":[{\"@type\":\"SearchAction\",\"target\":{\"@type\":\"EntryPoint\",\"urlTemplate\":\"https:\/\/www.bymycar.fr\/webzine\/?s={search_term_string}\"},\"query-input\":{\"@type\":\"PropertyValueSpecification\",\"valueRequired\":true,\"valueName\":\"search_term_string\"}}],\"inLanguage\":\"fr-FR\"},{\"@type\":\"Organization\",\"@id\":\"https:\/\/www.bymycar.fr\/webzine\/#organization\",\"name\":\"BYmyCAR\",\"url\":\"https:\/\/www.bymycar.fr\/webzine\/\",\"logo\":{\"@type\":\"ImageObject\",\"inLanguage\":\"fr-FR\",\"@id\":\"https:\/\/www.bymycar.fr\/webzine\/#\/schema\/logo\/image\/\",\"url\":\"https:\/\/cdn.bymycar.eu\/fr-webzine\/wp-content\/uploads\/medias\/2017\/08\/logo_DEALER_00000406_001.png\",\"contentUrl\":\"https:\/\/cdn.bymycar.eu\/fr-webzine\/wp-content\/uploads\/medias\/2017\/08\/logo_DEALER_00000406_001.png\",\"width\":2132,\"height\":720,\"caption\":\"BYmyCAR\"},\"image\":{\"@id\":\"https:\/\/www.bymycar.fr\/webzine\/#\/schema\/logo\/image\/\"}},{\"@type\":\"Person\",\"@id\":\"https:\/\/www.bymycar.fr\/webzine\/#\/schema\/person\/8d570fe11eb8929f06c1e6d00f4d9689\",\"name\":\"La R\u00e9daction BYmyCAR\",\"image\":{\"@type\":\"ImageObject\",\"inLanguage\":\"fr-FR\",\"@id\":\"https:\/\/www.bymycar.fr\/webzine\/#\/schema\/person\/image\/\",\"url\":\"https:\/\/secure.gravatar.com\/avatar\/1aa6b039d0ce106989923af4e2d0f2a0c82bb070d5e449f1b9adf082a5863900?s=96&d=mm&r=g\",\"contentUrl\":\"https:\/\/secure.gravatar.com\/avatar\/1aa6b039d0ce106989923af4e2d0f2a0c82bb070d5e449f1b9adf082a5863900?s=96&d=mm&r=g\",\"caption\":\"La R\u00e9daction BYmyCAR\"},\"sameAs\":[\"https:\/\/www.bymycar.fr\/\"]}]}<\/script>\n<!-- \/ Yoast SEO Premium plugin. -->","yoast_head_json":{"title":"Logo mini : histoire et \u00e9volution","robots":{"index":"index","follow":"follow","max-snippet":"max-snippet:-1","max-image-preview":"max-image-preview:large","max-video-preview":"max-video-preview:-1"},"canonical":"https:\/\/www.bymycar.fr\/webzine\/logo-mini-histoire-et-evolution\/","og_locale":"fr_FR","og_type":"article","og_title":"Logo mini : histoire et \u00e9volution","og_url":"https:\/\/www.bymycar.fr\/webzine\/logo-mini-histoire-et-evolution\/","og_site_name":"Webzine auto BYmyCAR","article_published_time":"2022-07-12T09:36:05+00:00","article_modified_time":"2026-04-27T12:40:03+00:00","og_image":[{"width":750,"height":410,"url":"https:\/\/cdn.bymycar.eu\/fr-webzine\/wp-content\/uploads\/medias\/logo-mini.jpg","type":"image\/jpeg"}],"author":"La R\u00e9daction BYmyCAR","twitter_card":"summary_large_image","twitter_misc":{"\u00c9crit par":"La R\u00e9daction BYmyCAR"},"schema":{"@context":"https:\/\/schema.org","@graph":[{"@type":"Article","@id":"https:\/\/www.bymycar.fr\/webzine\/logo-mini-histoire-et-evolution\/#article","isPartOf":{"@id":"https:\/\/www.bymycar.fr\/webzine\/logo-mini-histoire-et-evolution\/"},"author":{"name":"La R\u00e9daction BYmyCAR","@id":"https:\/\/www.bymycar.fr\/webzine\/#\/schema\/person\/8d570fe11eb8929f06c1e6d00f4d9689"},"headline":"Logo mini : histoire et \u00e9volution","datePublished":"2022-07-12T09:36:05+00:00","dateModified":"2026-04-27T12:40:03+00:00","mainEntityOfPage":{"@id":"https:\/\/www.bymycar.fr\/webzine\/logo-mini-histoire-et-evolution\/"},"wordCount":5,"publisher":{"@id":"https:\/\/www.bymycar.fr\/webzine\/#organization"},"image":{"@id":"https:\/\/www.bymycar.fr\/webzine\/logo-mini-histoire-et-evolution\/#primaryimage"},"thumbnailUrl":"https:\/\/cdn.bymycar.eu\/fr-webzine\/wp-content\/uploads\/medias\/logo-mini.jpg","articleSection":["Guide d'achat","Guide d'achat MINI"],"inLanguage":"fr-FR"},{"@type":"WebPage","@id":"https:\/\/www.bymycar.fr\/webzine\/logo-mini-histoire-et-evolution\/","url":"https:\/\/www.bymycar.fr\/webzine\/logo-mini-histoire-et-evolution\/","name":"Logo mini : histoire et \u00e9volution","isPartOf":{"@id":"https:\/\/www.bymycar.fr\/webzine\/#website"},"primaryImageOfPage":{"@id":"https:\/\/www.bymycar.fr\/webzine\/logo-mini-histoire-et-evolution\/#primaryimage"},"image":{"@id":"https:\/\/www.bymycar.fr\/webzine\/logo-mini-histoire-et-evolution\/#primaryimage"},"thumbnailUrl":"https:\/\/cdn.bymycar.eu\/fr-webzine\/wp-content\/uploads\/medias\/logo-mini.jpg","datePublished":"2022-07-12T09:36:05+00:00","dateModified":"2026-04-27T12:40:03+00:00","breadcrumb":{"@id":"https:\/\/www.bymycar.fr\/webzine\/logo-mini-histoire-et-evolution\/#breadcrumb"},"inLanguage":"fr-FR","potentialAction":[{"@type":"ReadAction","target":["https:\/\/www.bymycar.fr\/webzine\/logo-mini-histoire-et-evolution\/"]}]},{"@type":"ImageObject","inLanguage":"fr-FR","@id":"https:\/\/www.bymycar.fr\/webzine\/logo-mini-histoire-et-evolution\/#primaryimage","url":"https:\/\/cdn.bymycar.eu\/fr-webzine\/wp-content\/uploads\/medias\/logo-mini.jpg","contentUrl":"https:\/\/cdn.bymycar.eu\/fr-webzine\/wp-content\/uploads\/medias\/logo-mini.jpg","width":750,"height":410},{"@type":"BreadcrumbList","@id":"https:\/\/www.bymycar.fr\/webzine\/logo-mini-histoire-et-evolution\/#breadcrumb","itemListElement":[{"@type":"ListItem","position":1,"name":"Accueil","item":"https:\/\/www.bymycar.fr\/webzine\/"},{"@type":"ListItem","position":2,"name":"Logo mini : histoire et \u00e9volution"}]},{"@type":"WebSite","@id":"https:\/\/www.bymycar.fr\/webzine\/#website","url":"https:\/\/www.bymycar.fr\/webzine\/","name":"Webzine auto BYmyCAR","description":"La magazine auto de BYmyCAR","publisher":{"@id":"https:\/\/www.bymycar.fr\/webzine\/#organization"},"potentialAction":[{"@type":"SearchAction","target":{"@type":"EntryPoint","urlTemplate":"https:\/\/www.bymycar.fr\/webzine\/?s={search_term_string}"},"query-input":{"@type":"PropertyValueSpecification","valueRequired":true,"valueName":"search_term_string"}}],"inLanguage":"fr-FR"},{"@type":"Organization","@id":"https:\/\/www.bymycar.fr\/webzine\/#organization","name":"BYmyCAR","url":"https:\/\/www.bymycar.fr\/webzine\/","logo":{"@type":"ImageObject","inLanguage":"fr-FR","@id":"https:\/\/www.bymycar.fr\/webzine\/#\/schema\/logo\/image\/","url":"https:\/\/cdn.bymycar.eu\/fr-webzine\/wp-content\/uploads\/medias\/2017\/08\/logo_DEALER_00000406_001.png","contentUrl":"https:\/\/cdn.bymycar.eu\/fr-webzine\/wp-content\/uploads\/medias\/2017\/08\/logo_DEALER_00000406_001.png","width":2132,"height":720,"caption":"BYmyCAR"},"image":{"@id":"https:\/\/www.bymycar.fr\/webzine\/#\/schema\/logo\/image\/"}},{"@type":"Person","@id":"https:\/\/www.bymycar.fr\/webzine\/#\/schema\/person\/8d570fe11eb8929f06c1e6d00f4d9689","name":"La R\u00e9daction BYmyCAR","image":{"@type":"ImageObject","inLanguage":"fr-FR","@id":"https:\/\/www.bymycar.fr\/webzine\/#\/schema\/person\/image\/","url":"https:\/\/secure.gravatar.com\/avatar\/1aa6b039d0ce106989923af4e2d0f2a0c82bb070d5e449f1b9adf082a5863900?s=96&d=mm&r=g","contentUrl":"https:\/\/secure.gravatar.com\/avatar\/1aa6b039d0ce106989923af4e2d0f2a0c82bb070d5e449f1b9adf082a5863900?s=96&d=mm&r=g","caption":"La R\u00e9daction BYmyCAR"},"sameAs":["https:\/\/www.bymycar.fr\/"]}]}},"_links":{"self":[{"href":"https:\/\/www.bymycar.fr\/webzine\/wp-json\/wp\/v2\/posts\/32785","targetHints":{"allow":["GET"]}}],"collection":[{"href":"https:\/\/www.bymycar.fr\/webzine\/wp-json\/wp\/v2\/posts"}],"about":[{"href":"https:\/\/www.bymycar.fr\/webzine\/wp-json\/wp\/v2\/types\/post"}],"author":[{"embeddable":true,"href":"https:\/\/www.bymycar.fr\/webzine\/wp-json\/wp\/v2\/users\/88"}],"replies":[{"embeddable":true,"href":"https:\/\/www.bymycar.fr\/webzine\/wp-json\/wp\/v2\/comments?post=32785"}],"version-history":[{"count":5,"href":"https:\/\/www.bymycar.fr\/webzine\/wp-json\/wp\/v2\/posts\/32785\/revisions"}],"predecessor-version":[{"id":40101,"href":"https:\/\/www.bymycar.fr\/webzine\/wp-json\/wp\/v2\/posts\/32785\/revisions\/40101"}],"wp:featuredmedia":[{"embeddable":true,"href":"https:\/\/www.bymycar.fr\/webzine\/wp-json\/wp\/v2\/media\/32793"}],"wp:attachment":[{"href":"https:\/\/www.bymycar.fr\/webzine\/wp-json\/wp\/v2\/media?parent=32785"}],"wp:term":[{"taxonomy":"category","embeddable":true,"href":"https:\/\/www.bymycar.fr\/webzine\/wp-json\/wp\/v2\/categories?post=32785"},{"taxonomy":"post_tag","embeddable":true,"href":"https:\/\/www.bymycar.fr\/webzine\/wp-json\/wp\/v2\/tags?post=32785"}],"curies":[{"name":"wp","href":"https:\/\/api.w.org\/{rel}","templated":true}]}}