{"id":31984,"date":"2022-07-04T16:02:29","date_gmt":"2022-07-04T14:02:29","guid":{"rendered":"https:\/\/prod.bymycar.fr\/webzine\/?p=31984"},"modified":"2022-07-07T11:21:38","modified_gmt":"2022-07-07T09:21:38","slug":"itouch-du-nouveaux-chez-it-automotive","status":"publish","type":"post","link":"https:\/\/www.bymycar.fr\/webzine\/itouch-du-nouveaux-chez-it-automotive\/","title":{"rendered":"I&rsquo;Touch : Du nouveaux sur bymycar.fr"},"content":{"rendered":"","protected":false},"excerpt":{"rendered":"","protected":false},"author":88,"featured_media":31994,"comment_status":"closed","ping_status":"open","sticky":false,"template":"","format":"standard","meta":{"_acf_changed":false,"footnotes":""},"categories":[2852],"tags":[],"class_list":["post-31984","post","type-post","status-publish","format-standard","has-post-thumbnail","hentry","category-actus-rh"],"acf":{"template":"classique","introduction":"<p>Refonte du site e-commerce dans un optique d\u2019optimisation de l\u2019exp\u00e9rience utilisateur\u00a0:<\/p>\n<p>&nbsp;<\/p>\n<ul>\n<li>Un<span style=\"color: #ba9265\"><strong> nouveau moteur de recherche<\/strong><\/span> qui permet une analyse plus approfondie du comportement des utilisateurs, afin de leur proposer des v\u00e9hicules et des offres adapt\u00e9es lors de leurs parcours en ligne.<\/li>\n<\/ul>\n<p>&nbsp;<\/p>\n<ul>\n<li>Une am\u00e9lioration du parcours de <span style=\"color: #ba9265\"><strong>reprise d\u2019un v\u00e9hicule<\/strong><\/span> qui propose aux utilisateurs d\u2019obtenir en quelques clics une valeur de reprise, ainsi qu\u2019un rendez-vous en concession ou \u00e0 leur domicile.<\/li>\n<\/ul>\n<p>&nbsp;<\/p>\n<ul>\n<li>Un nouveau <span style=\"color: #ba9265\"><strong>parcours apr\u00e8s-vente<\/strong><\/span> qui fournit aux utilisateurs une vue en temps r\u00e9el des disponibilit\u00e9s atelier, ainsi qu\u2019un nouveau service de camion atelier.<\/li>\n<\/ul>\n<p>&nbsp;<\/p>\n<ul>\n<li>Une <span style=\"color: #ba9265\"><strong>\u00e9volution des pages v\u00e9hicules d\u2019occasion et neufs<\/strong><\/span> qui sont devenues plus intuitives, organis\u00e9es intelligemment par rapport aux informations cl\u00e9s recherch\u00e9s par les utilisateurs.<\/li>\n<\/ul>\n<p>&nbsp;<\/p>\n<p><span style=\"color: #000000\"><span style=\"color: #ba9265\"><strong>Du c\u00f4t\u00e9 international<\/strong><\/span>, livraison d\u2019une premi\u00e8re version du site Espagnol et Catalan. Bient\u00f4t une vitrine digitale pour les nouvelles concessions BYmyCAR de Barcelone sera disponible.\u00a0<\/span><\/p>\n","strates":[{"type_strate":"50-50-image-texte-full","ancre":"","contenu":"","titre":"","image":false,"image_libre":false,"image_800x500":{"ID":31988,"id":31988,"title":"goa","filename":"goa.png","filesize":1,"url":"https:\/\/cdn.bymycar.eu\/fr-webzine\/wp-content\/uploads\/medias\/goa.png","link":"https:\/\/www.bymycar.fr\/webzine\/itouch-du-nouveaux-chez-it-automotive\/goa\/","alt":"","author":"88","description":"","caption":"","name":"goa","status":"inherit","uploaded_to":31984,"date":"2022-07-04 13:52:09","modified":"2022-07-04 13:52:09","menu_order":0,"mime_type":"image\/png","type":"image","subtype":"png","icon":"https:\/\/www.bymycar.fr\/webzine\/wp-includes\/images\/media\/default.png","width":1899,"height":939,"sizes":{"thumbnail":"https:\/\/cdn.bymycar.eu\/fr-webzine\/wp-content\/uploads\/medias\/goa-150x150.png","thumbnail-width":150,"thumbnail-height":150,"medium":"https:\/\/cdn.bymycar.eu\/fr-webzine\/wp-content\/uploads\/medias\/goa-300x148.png","medium-width":300,"medium-height":148,"medium_large":"https:\/\/cdn.bymycar.eu\/fr-webzine\/wp-content\/uploads\/medias\/goa-768x380.png","medium_large-width":768,"medium_large-height":380,"large":"https:\/\/cdn.bymycar.eu\/fr-webzine\/wp-content\/uploads\/medias\/goa-1024x506.png","large-width":1024,"large-height":506,"1536x1536":"https:\/\/cdn.bymycar.eu\/fr-webzine\/wp-content\/uploads\/medias\/goa-1536x760.png","1536x1536-width":1536,"1536x1536-height":760,"2048x2048":"https:\/\/cdn.bymycar.eu\/fr-webzine\/wp-content\/uploads\/medias\/goa.png","2048x2048-width":1899,"2048x2048-height":939}},"legende":"","zoom":false,"texte":"<p style=\"font-style: inherit;font-weight: inherit\">Pour r\u00e9pondre aux besoins IT de<strong> GOA<\/strong>, nouvelle marque d\u2019auto-mobilit\u00e9 du groupe, un nouveau syst\u00e8me d\u2019information est en cours de cr\u00e9ation avec :<\/p>\n<ul style=\"font-style: inherit;font-weight: inherit\">\n<li><strong>Une application GOA Store<\/strong>\u00a0: un back-office d\u00e9di\u00e9 aux Mobility Manager, facilitant leurs t\u00e2ches quotidiennes (gestion des v\u00e9hicules, abonnements, clients, devis et r\u00e9servations),<\/li>\n<li><span style=\"font-style: inherit;font-weight: inherit\">Un CRM, Salesforce, synchronis\u00e9 avec l\u2019application GOA Store,<\/span><\/li>\n<li>Des applications Mobile iOS &amp; Android,<\/li>\n<li><strong>Un Site Web vitrine<\/strong><\/li>\n<\/ul>\n","articles":false,"categorie_droite":false,"images":false,"elements_comparatif":false,"texte_1":"","texte_2":"","image_1":false,"image_1_563x400":false,"image_1_332x332":false,"image_2":false,"image_2_333x240":false,"image_2_563x400":false,"image_3":false,"image_3_333x240":false,"image_3_332x450":false,"image_4":false,"image_4_332x332":false,"image_4_563x400":false,"code_embed":"","legende_video":"","photo":false,"photo_100x100":false,"nom":"","fonction":"","elements_timeline":false,"entetes_colonnes":false,"entetes_lignes":false,"lignes":false,"introduction":"","formulaire":false,"question":"","reponse":"","libelle_bouton_lien":"","url_lien":"","questions":false,"conclusions":false,"pays":false,"region":false,"marque":false,"marqueConcessions":false,"modele":false,"ptvente":false,"typeV":false,"collection":false,"nombre_maximum_elements":10,"lien_fin_carousel":"","texte_lien_fin_carousel":"","trier_par":false}],"is_old_post":false,"image":{"ID":31994,"id":31994,"title":"20210322_231111","filename":"20210322_231111.jpg","filesize":1,"url":"https:\/\/cdn.bymycar.eu\/fr-webzine\/wp-content\/uploads\/medias\/20210322_231111.jpg","link":"https:\/\/www.bymycar.fr\/webzine\/itouch-du-nouveaux-chez-it-automotive\/20210322_231111-2\/","alt":"","author":"88","description":"","caption":"","name":"20210322_231111-2","status":"inherit","uploaded_to":31984,"date":"2022-07-04 13:58:42","modified":"2022-07-04 13:58:42","menu_order":0,"mime_type":"image\/jpeg","type":"image","subtype":"jpeg","icon":"https:\/\/www.bymycar.fr\/webzine\/wp-includes\/images\/media\/default.png","width":2560,"height":1920,"sizes":{"thumbnail":"https:\/\/cdn.bymycar.eu\/fr-webzine\/wp-content\/uploads\/medias\/20210322_231111-150x150.jpg","thumbnail-width":150,"thumbnail-height":150,"medium":"https:\/\/cdn.bymycar.eu\/fr-webzine\/wp-content\/uploads\/medias\/20210322_231111-300x225.jpg","medium-width":300,"medium-height":225,"medium_large":"https:\/\/cdn.bymycar.eu\/fr-webzine\/wp-content\/uploads\/medias\/20210322_231111-768x576.jpg","medium_large-width":768,"medium_large-height":576,"large":"https:\/\/cdn.bymycar.eu\/fr-webzine\/wp-content\/uploads\/medias\/20210322_231111-1024x768.jpg","large-width":1024,"large-height":768,"1536x1536":"https:\/\/cdn.bymycar.eu\/fr-webzine\/wp-content\/uploads\/medias\/20210322_231111-1536x1152.jpg","1536x1536-width":1536,"1536x1536-height":1152,"2048x2048":"https:\/\/cdn.bymycar.eu\/fr-webzine\/wp-content\/uploads\/medias\/20210322_231111-2048x1536.jpg","2048x2048-width":2048,"2048x2048-height":1536}},"page_content":{"block_content":[{"acf_fc_layout":"text-image","--nav":{"-withNav":false,"-ancre":""},"--group":{"-image":{"ID":31988,"id":31988,"title":"goa","filename":"goa.png","filesize":1,"url":"https:\/\/cdn.bymycar.eu\/fr-webzine\/wp-content\/uploads\/medias\/goa.png","link":"https:\/\/www.bymycar.fr\/webzine\/itouch-du-nouveaux-chez-it-automotive\/goa\/","alt":"","author":"88","description":"","caption":"","name":"goa","status":"inherit","uploaded_to":31984,"date":"2022-07-04 13:52:09","modified":"2022-07-04 13:52:09","menu_order":0,"mime_type":"image\/png","type":"image","subtype":"png","icon":"https:\/\/www.bymycar.fr\/webzine\/wp-includes\/images\/media\/default.png","width":1899,"height":939,"sizes":{"thumbnail":"https:\/\/cdn.bymycar.eu\/fr-webzine\/wp-content\/uploads\/medias\/goa-150x150.png","thumbnail-width":150,"thumbnail-height":150,"medium":"https:\/\/cdn.bymycar.eu\/fr-webzine\/wp-content\/uploads\/medias\/goa-300x148.png","medium-width":300,"medium-height":148,"medium_large":"https:\/\/cdn.bymycar.eu\/fr-webzine\/wp-content\/uploads\/medias\/goa-768x380.png","medium_large-width":768,"medium_large-height":380,"large":"https:\/\/cdn.bymycar.eu\/fr-webzine\/wp-content\/uploads\/medias\/goa-1024x506.png","large-width":1024,"large-height":506,"1536x1536":"https:\/\/cdn.bymycar.eu\/fr-webzine\/wp-content\/uploads\/medias\/goa-1536x760.png","1536x1536-width":1536,"1536x1536-height":760,"2048x2048":"https:\/\/cdn.bymycar.eu\/fr-webzine\/wp-content\/uploads\/medias\/goa.png","2048x2048-width":1899,"2048x2048-height":939}},"-title":"","-text":"<p style=\"font-style: inherit;font-weight: inherit\">Pour r\u00e9pondre aux besoins IT de<strong> GOA<\/strong>, nouvelle marque d\u2019auto-mobilit\u00e9 du groupe, un nouveau syst\u00e8me d\u2019information est en cours de cr\u00e9ation avec :<\/p>\n<ul style=\"font-style: inherit;font-weight: inherit\">\n<li><strong>Une application GOA Store<\/strong>\u00a0: un back-office d\u00e9di\u00e9 aux Mobility Manager, facilitant leurs t\u00e2ches quotidiennes (gestion des v\u00e9hicules, abonnements, clients, devis et r\u00e9servations),<\/li>\n<li><span style=\"font-style: inherit;font-weight: inherit\">Un CRM, Salesforce, synchronis\u00e9 avec l\u2019application GOA Store,<\/span><\/li>\n<li>Des applications Mobile iOS &amp; Android,<\/li>\n<li><strong>Un Site Web vitrine<\/strong><\/li>\n<\/ul>\n"}}]},"add-carousel-to-footer":true},"yoast_head":"<!-- This site is optimized with the Yoast SEO Premium plugin v26.4 (Yoast SEO v26.4) - https:\/\/yoast.com\/wordpress\/plugins\/seo\/ -->\n<title>I&#039;Touch : Du nouveaux sur bymycar.fr<\/title>\n<meta name=\"robots\" content=\"index, follow, max-snippet:-1, max-image-preview:large, max-video-preview:-1\" \/>\n<link rel=\"canonical\" href=\"https:\/\/www.bymycar.fr\/webzine\/itouch-du-nouveaux-chez-it-automotive\/\" \/>\n<meta property=\"og:locale\" content=\"fr_FR\" \/>\n<meta property=\"og:type\" content=\"article\" \/>\n<meta property=\"og:title\" content=\"I&#039;Touch : Du nouveaux sur bymycar.fr\" \/>\n<meta property=\"og:url\" content=\"https:\/\/www.bymycar.fr\/webzine\/itouch-du-nouveaux-chez-it-automotive\/\" \/>\n<meta property=\"og:site_name\" content=\"Webzine auto BYmyCAR\" \/>\n<meta property=\"article:published_time\" content=\"2022-07-04T14:02:29+00:00\" \/>\n<meta property=\"article:modified_time\" content=\"2022-07-07T09:21:38+00:00\" \/>\n<meta property=\"og:image\" content=\"https:\/\/cdn.bymycar.eu\/fr-webzine\/wp-content\/uploads\/medias\/20210322_231111.jpg\" \/>\n\t<meta property=\"og:image:width\" content=\"2560\" \/>\n\t<meta property=\"og:image:height\" content=\"1920\" \/>\n\t<meta property=\"og:image:type\" content=\"image\/jpeg\" \/>\n<meta name=\"author\" content=\"La R\u00e9daction BYmyCAR\" \/>\n<meta name=\"twitter:card\" content=\"summary_large_image\" \/>\n<meta name=\"twitter:label1\" content=\"\u00c9crit par\" \/>\n\t<meta name=\"twitter:data1\" content=\"La R\u00e9daction BYmyCAR\" \/>\n<script type=\"application\/ld+json\" class=\"yoast-schema-graph\">{\"@context\":\"https:\/\/schema.org\",\"@graph\":[{\"@type\":\"Article\",\"@id\":\"https:\/\/www.bymycar.fr\/webzine\/itouch-du-nouveaux-chez-it-automotive\/#article\",\"isPartOf\":{\"@id\":\"https:\/\/www.bymycar.fr\/webzine\/itouch-du-nouveaux-chez-it-automotive\/\"},\"author\":{\"name\":\"La R\u00e9daction BYmyCAR\",\"@id\":\"https:\/\/www.bymycar.fr\/webzine\/#\/schema\/person\/8d570fe11eb8929f06c1e6d00f4d9689\"},\"headline\":\"I&rsquo;Touch : Du nouveaux sur bymycar.fr\",\"datePublished\":\"2022-07-04T14:02:29+00:00\",\"dateModified\":\"2022-07-07T09:21:38+00:00\",\"mainEntityOfPage\":{\"@id\":\"https:\/\/www.bymycar.fr\/webzine\/itouch-du-nouveaux-chez-it-automotive\/\"},\"wordCount\":7,\"publisher\":{\"@id\":\"https:\/\/www.bymycar.fr\/webzine\/#organization\"},\"image\":{\"@id\":\"https:\/\/www.bymycar.fr\/webzine\/itouch-du-nouveaux-chez-it-automotive\/#primaryimage\"},\"thumbnailUrl\":\"https:\/\/cdn.bymycar.eu\/fr-webzine\/wp-content\/uploads\/medias\/20210322_231111.jpg\",\"articleSection\":[\"Actus RH BYmyCAR\"],\"inLanguage\":\"fr-FR\"},{\"@type\":\"WebPage\",\"@id\":\"https:\/\/www.bymycar.fr\/webzine\/itouch-du-nouveaux-chez-it-automotive\/\",\"url\":\"https:\/\/www.bymycar.fr\/webzine\/itouch-du-nouveaux-chez-it-automotive\/\",\"name\":\"I'Touch : Du nouveaux sur bymycar.fr\",\"isPartOf\":{\"@id\":\"https:\/\/www.bymycar.fr\/webzine\/#website\"},\"primaryImageOfPage\":{\"@id\":\"https:\/\/www.bymycar.fr\/webzine\/itouch-du-nouveaux-chez-it-automotive\/#primaryimage\"},\"image\":{\"@id\":\"https:\/\/www.bymycar.fr\/webzine\/itouch-du-nouveaux-chez-it-automotive\/#primaryimage\"},\"thumbnailUrl\":\"https:\/\/cdn.bymycar.eu\/fr-webzine\/wp-content\/uploads\/medias\/20210322_231111.jpg\",\"datePublished\":\"2022-07-04T14:02:29+00:00\",\"dateModified\":\"2022-07-07T09:21:38+00:00\",\"breadcrumb\":{\"@id\":\"https:\/\/www.bymycar.fr\/webzine\/itouch-du-nouveaux-chez-it-automotive\/#breadcrumb\"},\"inLanguage\":\"fr-FR\",\"potentialAction\":[{\"@type\":\"ReadAction\",\"target\":[\"https:\/\/www.bymycar.fr\/webzine\/itouch-du-nouveaux-chez-it-automotive\/\"]}]},{\"@type\":\"ImageObject\",\"inLanguage\":\"fr-FR\",\"@id\":\"https:\/\/www.bymycar.fr\/webzine\/itouch-du-nouveaux-chez-it-automotive\/#primaryimage\",\"url\":\"https:\/\/cdn.bymycar.eu\/fr-webzine\/wp-content\/uploads\/medias\/20210322_231111.jpg\",\"contentUrl\":\"https:\/\/cdn.bymycar.eu\/fr-webzine\/wp-content\/uploads\/medias\/20210322_231111.jpg\",\"width\":2560,\"height\":1920},{\"@type\":\"BreadcrumbList\",\"@id\":\"https:\/\/www.bymycar.fr\/webzine\/itouch-du-nouveaux-chez-it-automotive\/#breadcrumb\",\"itemListElement\":[{\"@type\":\"ListItem\",\"position\":1,\"name\":\"Accueil\",\"item\":\"https:\/\/www.bymycar.fr\/webzine\/\"},{\"@type\":\"ListItem\",\"position\":2,\"name\":\"I&rsquo;Touch : Du nouveaux sur bymycar.fr\"}]},{\"@type\":\"WebSite\",\"@id\":\"https:\/\/www.bymycar.fr\/webzine\/#website\",\"url\":\"https:\/\/www.bymycar.fr\/webzine\/\",\"name\":\"Webzine auto BYmyCAR\",\"description\":\"La magazine auto de BYmyCAR\",\"publisher\":{\"@id\":\"https:\/\/www.bymycar.fr\/webzine\/#organization\"},\"potentialAction\":[{\"@type\":\"SearchAction\",\"target\":{\"@type\":\"EntryPoint\",\"urlTemplate\":\"https:\/\/www.bymycar.fr\/webzine\/?s={search_term_string}\"},\"query-input\":{\"@type\":\"PropertyValueSpecification\",\"valueRequired\":true,\"valueName\":\"search_term_string\"}}],\"inLanguage\":\"fr-FR\"},{\"@type\":\"Organization\",\"@id\":\"https:\/\/www.bymycar.fr\/webzine\/#organization\",\"name\":\"BYmyCAR\",\"url\":\"https:\/\/www.bymycar.fr\/webzine\/\",\"logo\":{\"@type\":\"ImageObject\",\"inLanguage\":\"fr-FR\",\"@id\":\"https:\/\/www.bymycar.fr\/webzine\/#\/schema\/logo\/image\/\",\"url\":\"https:\/\/cdn.bymycar.eu\/fr-webzine\/wp-content\/uploads\/medias\/2017\/08\/logo_DEALER_00000406_001.png\",\"contentUrl\":\"https:\/\/cdn.bymycar.eu\/fr-webzine\/wp-content\/uploads\/medias\/2017\/08\/logo_DEALER_00000406_001.png\",\"width\":2132,\"height\":720,\"caption\":\"BYmyCAR\"},\"image\":{\"@id\":\"https:\/\/www.bymycar.fr\/webzine\/#\/schema\/logo\/image\/\"}},{\"@type\":\"Person\",\"@id\":\"https:\/\/www.bymycar.fr\/webzine\/#\/schema\/person\/8d570fe11eb8929f06c1e6d00f4d9689\",\"name\":\"La R\u00e9daction BYmyCAR\",\"image\":{\"@type\":\"ImageObject\",\"inLanguage\":\"fr-FR\",\"@id\":\"https:\/\/www.bymycar.fr\/webzine\/#\/schema\/person\/image\/\",\"url\":\"https:\/\/secure.gravatar.com\/avatar\/1aa6b039d0ce106989923af4e2d0f2a0c82bb070d5e449f1b9adf082a5863900?s=96&d=mm&r=g\",\"contentUrl\":\"https:\/\/secure.gravatar.com\/avatar\/1aa6b039d0ce106989923af4e2d0f2a0c82bb070d5e449f1b9adf082a5863900?s=96&d=mm&r=g\",\"caption\":\"La R\u00e9daction BYmyCAR\"},\"sameAs\":[\"https:\/\/www.bymycar.fr\/\"]}]}<\/script>\n<!-- \/ Yoast SEO Premium plugin. -->","yoast_head_json":{"title":"I'Touch : Du nouveaux sur bymycar.fr","robots":{"index":"index","follow":"follow","max-snippet":"max-snippet:-1","max-image-preview":"max-image-preview:large","max-video-preview":"max-video-preview:-1"},"canonical":"https:\/\/www.bymycar.fr\/webzine\/itouch-du-nouveaux-chez-it-automotive\/","og_locale":"fr_FR","og_type":"article","og_title":"I'Touch : Du nouveaux sur bymycar.fr","og_url":"https:\/\/www.bymycar.fr\/webzine\/itouch-du-nouveaux-chez-it-automotive\/","og_site_name":"Webzine auto BYmyCAR","article_published_time":"2022-07-04T14:02:29+00:00","article_modified_time":"2022-07-07T09:21:38+00:00","og_image":[{"width":2560,"height":1920,"url":"https:\/\/cdn.bymycar.eu\/fr-webzine\/wp-content\/uploads\/medias\/20210322_231111.jpg","type":"image\/jpeg"}],"author":"La R\u00e9daction BYmyCAR","twitter_card":"summary_large_image","twitter_misc":{"\u00c9crit par":"La R\u00e9daction BYmyCAR"},"schema":{"@context":"https:\/\/schema.org","@graph":[{"@type":"Article","@id":"https:\/\/www.bymycar.fr\/webzine\/itouch-du-nouveaux-chez-it-automotive\/#article","isPartOf":{"@id":"https:\/\/www.bymycar.fr\/webzine\/itouch-du-nouveaux-chez-it-automotive\/"},"author":{"name":"La R\u00e9daction BYmyCAR","@id":"https:\/\/www.bymycar.fr\/webzine\/#\/schema\/person\/8d570fe11eb8929f06c1e6d00f4d9689"},"headline":"I&rsquo;Touch : Du nouveaux sur bymycar.fr","datePublished":"2022-07-04T14:02:29+00:00","dateModified":"2022-07-07T09:21:38+00:00","mainEntityOfPage":{"@id":"https:\/\/www.bymycar.fr\/webzine\/itouch-du-nouveaux-chez-it-automotive\/"},"wordCount":7,"publisher":{"@id":"https:\/\/www.bymycar.fr\/webzine\/#organization"},"image":{"@id":"https:\/\/www.bymycar.fr\/webzine\/itouch-du-nouveaux-chez-it-automotive\/#primaryimage"},"thumbnailUrl":"https:\/\/cdn.bymycar.eu\/fr-webzine\/wp-content\/uploads\/medias\/20210322_231111.jpg","articleSection":["Actus RH BYmyCAR"],"inLanguage":"fr-FR"},{"@type":"WebPage","@id":"https:\/\/www.bymycar.fr\/webzine\/itouch-du-nouveaux-chez-it-automotive\/","url":"https:\/\/www.bymycar.fr\/webzine\/itouch-du-nouveaux-chez-it-automotive\/","name":"I'Touch : Du nouveaux sur bymycar.fr","isPartOf":{"@id":"https:\/\/www.bymycar.fr\/webzine\/#website"},"primaryImageOfPage":{"@id":"https:\/\/www.bymycar.fr\/webzine\/itouch-du-nouveaux-chez-it-automotive\/#primaryimage"},"image":{"@id":"https:\/\/www.bymycar.fr\/webzine\/itouch-du-nouveaux-chez-it-automotive\/#primaryimage"},"thumbnailUrl":"https:\/\/cdn.bymycar.eu\/fr-webzine\/wp-content\/uploads\/medias\/20210322_231111.jpg","datePublished":"2022-07-04T14:02:29+00:00","dateModified":"2022-07-07T09:21:38+00:00","breadcrumb":{"@id":"https:\/\/www.bymycar.fr\/webzine\/itouch-du-nouveaux-chez-it-automotive\/#breadcrumb"},"inLanguage":"fr-FR","potentialAction":[{"@type":"ReadAction","target":["https:\/\/www.bymycar.fr\/webzine\/itouch-du-nouveaux-chez-it-automotive\/"]}]},{"@type":"ImageObject","inLanguage":"fr-FR","@id":"https:\/\/www.bymycar.fr\/webzine\/itouch-du-nouveaux-chez-it-automotive\/#primaryimage","url":"https:\/\/cdn.bymycar.eu\/fr-webzine\/wp-content\/uploads\/medias\/20210322_231111.jpg","contentUrl":"https:\/\/cdn.bymycar.eu\/fr-webzine\/wp-content\/uploads\/medias\/20210322_231111.jpg","width":2560,"height":1920},{"@type":"BreadcrumbList","@id":"https:\/\/www.bymycar.fr\/webzine\/itouch-du-nouveaux-chez-it-automotive\/#breadcrumb","itemListElement":[{"@type":"ListItem","position":1,"name":"Accueil","item":"https:\/\/www.bymycar.fr\/webzine\/"},{"@type":"ListItem","position":2,"name":"I&rsquo;Touch : Du nouveaux sur bymycar.fr"}]},{"@type":"WebSite","@id":"https:\/\/www.bymycar.fr\/webzine\/#website","url":"https:\/\/www.bymycar.fr\/webzine\/","name":"Webzine auto BYmyCAR","description":"La magazine auto de BYmyCAR","publisher":{"@id":"https:\/\/www.bymycar.fr\/webzine\/#organization"},"potentialAction":[{"@type":"SearchAction","target":{"@type":"EntryPoint","urlTemplate":"https:\/\/www.bymycar.fr\/webzine\/?s={search_term_string}"},"query-input":{"@type":"PropertyValueSpecification","valueRequired":true,"valueName":"search_term_string"}}],"inLanguage":"fr-FR"},{"@type":"Organization","@id":"https:\/\/www.bymycar.fr\/webzine\/#organization","name":"BYmyCAR","url":"https:\/\/www.bymycar.fr\/webzine\/","logo":{"@type":"ImageObject","inLanguage":"fr-FR","@id":"https:\/\/www.bymycar.fr\/webzine\/#\/schema\/logo\/image\/","url":"https:\/\/cdn.bymycar.eu\/fr-webzine\/wp-content\/uploads\/medias\/2017\/08\/logo_DEALER_00000406_001.png","contentUrl":"https:\/\/cdn.bymycar.eu\/fr-webzine\/wp-content\/uploads\/medias\/2017\/08\/logo_DEALER_00000406_001.png","width":2132,"height":720,"caption":"BYmyCAR"},"image":{"@id":"https:\/\/www.bymycar.fr\/webzine\/#\/schema\/logo\/image\/"}},{"@type":"Person","@id":"https:\/\/www.bymycar.fr\/webzine\/#\/schema\/person\/8d570fe11eb8929f06c1e6d00f4d9689","name":"La R\u00e9daction BYmyCAR","image":{"@type":"ImageObject","inLanguage":"fr-FR","@id":"https:\/\/www.bymycar.fr\/webzine\/#\/schema\/person\/image\/","url":"https:\/\/secure.gravatar.com\/avatar\/1aa6b039d0ce106989923af4e2d0f2a0c82bb070d5e449f1b9adf082a5863900?s=96&d=mm&r=g","contentUrl":"https:\/\/secure.gravatar.com\/avatar\/1aa6b039d0ce106989923af4e2d0f2a0c82bb070d5e449f1b9adf082a5863900?s=96&d=mm&r=g","caption":"La R\u00e9daction BYmyCAR"},"sameAs":["https:\/\/www.bymycar.fr\/"]}]}},"_links":{"self":[{"href":"https:\/\/www.bymycar.fr\/webzine\/wp-json\/wp\/v2\/posts\/31984","targetHints":{"allow":["GET"]}}],"collection":[{"href":"https:\/\/www.bymycar.fr\/webzine\/wp-json\/wp\/v2\/posts"}],"about":[{"href":"https:\/\/www.bymycar.fr\/webzine\/wp-json\/wp\/v2\/types\/post"}],"author":[{"embeddable":true,"href":"https:\/\/www.bymycar.fr\/webzine\/wp-json\/wp\/v2\/users\/88"}],"replies":[{"embeddable":true,"href":"https:\/\/www.bymycar.fr\/webzine\/wp-json\/wp\/v2\/comments?post=31984"}],"version-history":[{"count":11,"href":"https:\/\/www.bymycar.fr\/webzine\/wp-json\/wp\/v2\/posts\/31984\/revisions"}],"predecessor-version":[{"id":32147,"href":"https:\/\/www.bymycar.fr\/webzine\/wp-json\/wp\/v2\/posts\/31984\/revisions\/32147"}],"wp:featuredmedia":[{"embeddable":true,"href":"https:\/\/www.bymycar.fr\/webzine\/wp-json\/wp\/v2\/media\/31994"}],"wp:attachment":[{"href":"https:\/\/www.bymycar.fr\/webzine\/wp-json\/wp\/v2\/media?parent=31984"}],"wp:term":[{"taxonomy":"category","embeddable":true,"href":"https:\/\/www.bymycar.fr\/webzine\/wp-json\/wp\/v2\/categories?post=31984"},{"taxonomy":"post_tag","embeddable":true,"href":"https:\/\/www.bymycar.fr\/webzine\/wp-json\/wp\/v2\/tags?post=31984"}],"curies":[{"name":"wp","href":"https:\/\/api.w.org\/{rel}","templated":true}]}}