{"id":31633,"date":"2022-06-29T13:21:26","date_gmt":"2022-06-29T11:21:26","guid":{"rendered":"https:\/\/prod.bymycar.fr\/webzine\/?p=31633"},"modified":"2025-11-27T14:10:12","modified_gmt":"2025-11-27T13:10:12","slug":"fiat-ou-opel-quelle-marque-est-faite-pour-vous","status":"publish","type":"post","link":"https:\/\/www.bymycar.fr\/webzine\/fiat-ou-opel-quelle-marque-est-faite-pour-vous\/","title":{"rendered":"Fiat ou Opel : quelle marque est faite pour vous ?"},"content":{"rendered":"","protected":false},"excerpt":{"rendered":"","protected":false},"author":9,"featured_media":31634,"comment_status":"closed","ping_status":"closed","sticky":false,"template":"","format":"standard","meta":{"_acf_changed":false,"footnotes":""},"categories":[12893,12907],"tags":[],"class_list":["post-31633","post","type-post","status-publish","format-standard","has-post-thumbnail","hentry","category-guide-dachat","category-guide-dachat-fiat"],"acf":{"template":"classique","introduction":"<p>Fiat ou Opel : comment choisir entre ces deux constructeurs embl\u00e9matiques du groupe Stellantis ? Ces marques historiques proposent des v\u00e9hicules aux caract\u00e9ristiques distinctes, chacune avec son propre h\u00e9ritage industriel. D\u00e9couvrez notre comparatif complet qui passe en revue leur fiabilit\u00e9 m\u00e9canique, leurs technologies innovantes, leurs \u00e9quipements de s\u00e9curit\u00e9 et leur image de marque pour vous aider \u00e0 faire le meilleur choix.<\/p>\n<p><strong>Ce qu&rsquo;il faut retenir<\/strong><\/p>\n<p>Les points essentiels sur la fiabilit\u00e9 m\u00e9canique de ces deux marques :<\/p>\n<ul>\n<li>Fiat excelle avec ses moteurs Fire et Multijet reconnus pour leur simplicit\u00e9, leur \u00e9conomie d&rsquo;entretien et leur robustesse urbaine, avec plus de 22 millions d&rsquo;exemplaires produits ;<\/li>\n<li>Opel mise sur sa tradition allemande d&rsquo;excellence technique avec ses moteurs ECOTEC qui offrent un \u00e9quilibre remarquable entre performance et respect de l&rsquo;environnement ;<\/li>\n<li>Les deux constructeurs b\u00e9n\u00e9ficient d\u00e9sormais de la synergie du groupe Stellantis, vous garantissant des standards de qualit\u00e9 \u00e9lev\u00e9s et un entretien facilit\u00e9 dans nos concessions BYmyCAR.<\/li>\n<\/ul>\n<p>Ces deux marques vous offrent ainsi des solutions fiables adapt\u00e9es \u00e0 diff\u00e9rents profils d&rsquo;utilisation.<\/p>\n","strates":[{"type_strate":"carousel-produits","ancre":"","contenu":"<h2 style=\"text-align: justify;\"><strong>Quelle marque de voiture vous convient entre les concurrents de Ford\u00a0: Fiat ou l\u2019ancienne marque du PSA Peugeot-Citro\u00ebn Opel\u00a0?<\/strong><\/h2>\n<p style=\"text-align: justify;\">Plusieurs raisons poussent \u00e0 choisir une voiture Opel ou Fiat.<\/p>\n<h3 style=\"text-align: justify;\"><strong>Pourquoi choisir une voiture Fiat\u00a0?<\/strong><\/h3>\n<p style=\"text-align: justify;\">Les v\u00e9hicules du constructeur italien Fiat<b> <\/b>sont adapt\u00e9s aux automobilistes \u00e0 la recherche d\u2019une petite voiture citadine. Cette marque en propose une grande vari\u00e9t\u00e9 depuis sa cr\u00e9ation. Parmi les gammes les plus connues, la 500 est consid\u00e9r\u00e9e comme mythique aupr\u00e8s de nombreux amateurs.<\/p>\n<p style=\"text-align: justify;\">Par ailleurs, Fiat ne propose pas uniquement des petites voitures. Le groupe italien d\u00e9veloppe aussi des pick-ups et des utilitaires\u00a0: Scudo, Fullback, etc. Outre un large choix, il faut aussi savoir que les voitures Fiat se vendent bien sur le march\u00e9 de l\u2019occasion.<\/p>\n<h3 style=\"text-align: justify;\"><strong>Pourquoi choisir une voiture de la marque Opel, ancien partenaire de Renault\u00a0?<\/strong><\/h3>\n<p style=\"text-align: justify;\">Les voitures Opel pr\u00e9sentent les m\u00eames qualit\u00e9s et points forts reconnus chez les v\u00e9hicules allemands depuis de nombreuses ann\u00e9es. La robustesse est au rendez-vous. Les v\u00e9hicules Opel sont aussi puissants la plupart du temps. En outre, ils pr\u00e9sentent des finitions de qualit\u00e9.<\/p>\n<h2 style=\"text-align: justify;\"><strong>Fiat 500 ou Opel Corsa, cousine du mod\u00e8le Opel Adam\u00a0: quelle citadine vous convient\u00a0?<\/strong><\/h2>\n<p style=\"text-align: justify;\">Le moyen le plus facile pour d\u00e9partager une marque est de s&rsquo;attarder sur ses mod\u00e8les. Sur le segment des citadines, ces deux marques proposent entre autres les 500 et les Corsa.<\/p>\n<h3 style=\"text-align: justify;\"><strong>Commentaires sur les caract\u00e9ristiques de la Fiat 500<\/strong><\/h3>\n<p style=\"text-align: justify;\">La <a href=\"https:\/\/www.bymycar.fr\/marques\/fiat\/500\">Fiat 500<\/a> est une gamme qui a cess\u00e9 d\u2019\u00eatre d\u00e9velopp\u00e9e en 1975, mais dont la production a \u00e9t\u00e9 reprise \u00e0 partir de l\u2019ann\u00e9e 2007. Les nouvelles versions pr\u00e9sentent un design inspir\u00e9 de celui des anciens mod\u00e8les. La 500 demeure une petite citadine, mais avec quelques am\u00e9liorations. Entre autres, la version 500 3+1 peut pr\u00e9senter une ouverture antagoniste. Cette gamme est aussi propos\u00e9e sur diverses motorisations\u00a0: essence, diesel et \u00e9lectrique. D\u2019ailleurs, le mod\u00e8le 500 e est la premi\u00e8re voiture Fiat 100 % \u00e9lectrique. Concernant ses dimensions, les voitures 500 font 3,546 m de long, 1,627 m de large et 1,488 m de hauteur. Pour information, cette gamme est accessible \u00e0 partir de 18\u00a0790 \u20ac.<\/p>\n<h3 style=\"text-align: justify;\"><strong>Quelles sont les caract\u00e9ristiques de l\u2019Opel Corsa\u00a0?<\/strong><\/h3>\n<p style=\"text-align: justify;\">La gamme Corsa existe depuis de nombreuses ann\u00e9es. Elle fait partie de celles qui ont pu r\u00e9sister \u00e0 l\u2019\u00e9volution du march\u00e9. Elle a \u00e9t\u00e9 produite \u00e0 partir de 1982 et en est \u00e0 sa sixi\u00e8me g\u00e9n\u00e9ration aujourd\u2019hui. Cette derni\u00e8re a commenc\u00e9 \u00e0 \u00eatre commercialis\u00e9e \u00e0 partir de 2019. L\u2019Opel Corsa F est une citadine dot\u00e9e d\u2019une puissance allant de 75 \u00e0 136 ch. Elle se d\u00e9cline en plusieurs versions\u00a0: essence, diesel et \u00e9lectrique. Il faut savoir qu\u2019il s\u2019agit d\u2019un mod\u00e8le 5 portes avec des dimensions de 4,060 m de long, 1,740 m de large et 1,460 m de hauteur. Le prix de la version de base est affich\u00e9 aux alentours de 15\u00a0900 \u20ac.<\/p>\n<h2 style=\"text-align: justify;\"><strong>Fiat Doblo ou Opel Combo\u00a0: quel utilitaire est fait pour vous\u00a0?<\/strong><\/h2>\n<p style=\"text-align: justify;\">Ceux qui recherchent un v\u00e9hicule utilitaire peuvent se tourner vers les mod\u00e8les Doblo ou Combo.<\/p>\n<h3 style=\"text-align: justify;\"><strong>Quelles sont les caract\u00e9ristiques de la Fiat Doblo\u00a0?<\/strong><\/h3>\n<p style=\"text-align: justify;\">La Fiat Doblo est un utilitaire l\u00e9ger produit entre 2000 et 2021. Le v\u00e9hicule en question affiche une longueur de 4,158 \u00e0 4,633 m, une largeur de 1,715 m et une hauteur de 1,831 \u00e0 2,086 m selon le mod\u00e8le. Concernant sa puissance, elle peut aller de 65 \u00e0 120 ch. Il faut savoir que ce mod\u00e8le est propos\u00e9 \u00e0 partir de 24\u00a0438 \u20ac en 2022.<\/p>\n<h3 style=\"text-align: justify;\"><strong>Quelles sont les caract\u00e9ristiques de l\u2019Opel Combo\u00a0?<\/strong><\/h3>\n<p style=\"text-align: justify;\">L\u2019Opel Combo est un v\u00e9hicule utilitaire propos\u00e9 avec des motorisations essence et diesel. Cette voiture peut disposer d\u2019une puissance maximale de 90 \u00e0 plus de 130 ch. Selon la puissance du moteur choisie, la voiture peut passer de 0 \u00e0 100 km\/h entre 9 et 14 secondes. Concernant ses dimensions, la longueur est de 4,390 m quand la largeur et la hauteur sont de 1,840 m et de 1,850 m. Ceux qui sont int\u00e9ress\u00e9s par ce mod\u00e8le seront ravis de savoir que ce mod\u00e8le est accessible \u00e0 partir de 23\u00a0840 \u20ac.<\/p>\n<h3 style=\"text-align: justify;\">\u00c0 LIRE \u00c9GALEMENT :<\/h3>\n<p style=\"text-align: justify;\"><a href=\"https:\/\/www.bymycar.fr\/webzine\/logo-fiat-signification-et-evolution\/\">Logo Fiat : signification et \u00e9volution<\/a><\/p>\n<p style=\"text-align: justify;\"><a href=\"https:\/\/www.bymycar.fr\/webzine\/fiat-histoire-et-origine-de-la-marque\/\">Fiat : histoire et origine de la marque<\/a><\/p>\n<p style=\"text-align: justify;\"><a href=\"https:\/\/www.bymycar.fr\/webzine\/quel-est-le-prix-dune-fiat\/\">Quel est le prix d&rsquo;une Fiat ?<\/a><\/p>\n<p style=\"text-align: justify;\"><a href=\"https:\/\/www.bymycar.fr\/webzine\/quels-sont-les-moteurs-fiat\/\">Quels sont les moteurs Fiat ?<\/a><\/p>\n<p style=\"text-align: justify;\"><a href=\"https:\/\/www.bymycar.fr\/webzine\/quel-est-le-prix-dune-fiat-electrique\/\">Quel est le prix d\u2019une Fiat \u00e9lectrique ?<\/a><\/p>\n<p style=\"text-align: justify;\"><a href=\"https:\/\/www.bymycar.fr\/webzine\/que-veut-dire-fiat\/\">Que veut dire Fiat ?<\/a><\/p>\n<p style=\"text-align: justify;\"><a href=\"https:\/\/www.bymycar.fr\/webzine\/ou-trouver-le-code-moteur-dune-fiat\/\">O\u00f9 trouver le code moteur d\u2019une Fiat ?<\/a><\/p>\n<p style=\"text-align: justify;\"><a href=\"https:\/\/www.bymycar.fr\/webzine\/quelles-sont-les-marques-du-groupe-fiat\/\">Quelles sont les marques du groupe Fiat ?<\/a><\/p>\n<p style=\"text-align: justify;\"><a href=\"https:\/\/www.bymycar.fr\/webzine\/fiat-ou-peugeot-quelle-marque-est-faite-pour-vous\/\">Fiat ou Peugeot : quelle marque est faite pour vous ?<\/a><\/p>\n<p style=\"text-align: justify;\"><a href=\"https:\/\/www.bymycar.fr\/webzine\/fiat-ou-dacia-quelle-marque-est-faite-pour-vous\/\">Fiat ou Dacia : quelle marque est faite pour vous ?<\/a><\/p>\n","titre":"Voir nos v\u00e9hicules Fiat disponibles","image":false,"image_libre":false,"image_800x500":false,"legende":"","zoom":false,"texte":"","articles":false,"categorie_droite":false,"images":false,"elements_comparatif":false,"texte_1":"","texte_2":"","image_1":false,"image_1_563x400":false,"image_1_332x332":false,"image_2":false,"image_2_333x240":false,"image_2_563x400":false,"image_3":false,"image_3_333x240":false,"image_3_332x450":false,"image_4":false,"image_4_332x332":false,"image_4_563x400":false,"code_embed":"","legende_video":"","photo":false,"photo_100x100":false,"nom":"","fonction":"","elements_timeline":false,"entetes_colonnes":false,"entetes_lignes":false,"lignes":false,"introduction":"","formulaire":false,"question":"","reponse":"","libelle_bouton_lien":"","url_lien":"","questions":false,"conclusions":false,"pays":"1","region":"","marque":"9","marqueConcessions":false,"modele":"","ptvente":"","typeV":"","collection":"","nombre_maximum_elements":"5","lien_fin_carousel":"https:\/\/www.bymycar.fr\/rechercher-un-vehicule?prod_VEHICLES%5BrefinementList%5D%5Bbrand%5D%5B0%5D=FIAT","texte_lien_fin_carousel":"Voir plus de v\u00e9hicules","trier_par":"prix"},{"type_strate":"texte-simple","ancre":"","contenu":"<h2 style=\"text-align: justify;\"><strong>Quelle marque de voiture vous convient entre les concurrents de Ford\u00a0: Fiat ou l\u2019ancienne marque du PSA Peugeot-Citro\u00ebn Opel\u00a0?<\/strong><\/h2>\n<p style=\"text-align: justify;\">Plusieurs raisons poussent \u00e0 choisir une voiture Opel ou Fiat.<\/p>\n<h3 style=\"text-align: justify;\"><strong>Pourquoi choisir une voiture Fiat\u00a0?<\/strong><\/h3>\n<p style=\"text-align: justify;\">Les v\u00e9hicules du constructeur italien Fiat<b> <\/b>sont adapt\u00e9s aux automobilistes \u00e0 la recherche d\u2019une petite voiture citadine. Cette marque en propose une grande vari\u00e9t\u00e9 depuis sa cr\u00e9ation. Parmi les gammes les plus connues, la 500 est consid\u00e9r\u00e9e comme mythique aupr\u00e8s de nombreux amateurs.<\/p>\n<p style=\"text-align: justify;\">Par ailleurs, Fiat ne propose pas uniquement des petites voitures. Le groupe italien d\u00e9veloppe aussi des pick-ups et des utilitaires\u00a0: Scudo, Fullback, etc. Outre un large choix, il faut aussi savoir que les voitures Fiat se vendent bien sur le march\u00e9 de l\u2019occasion.<\/p>\n<h3 style=\"text-align: justify;\"><strong>Pourquoi choisir une voiture de la marque Opel, ancien partenaire de Renault\u00a0?<\/strong><\/h3>\n<p style=\"text-align: justify;\">Les voitures Opel pr\u00e9sentent les m\u00eames qualit\u00e9s et points forts reconnus chez les v\u00e9hicules allemands depuis de nombreuses ann\u00e9es. La robustesse est au rendez-vous. Les v\u00e9hicules Opel sont aussi puissants la plupart du temps. En outre, ils pr\u00e9sentent des finitions de qualit\u00e9.<\/p>\n<h2 style=\"text-align: justify;\"><strong>Fiat 500 ou Opel Corsa, cousine du mod\u00e8le Opel Adam\u00a0: quelle citadine vous convient\u00a0?<\/strong><\/h2>\n<p style=\"text-align: justify;\">Le moyen le plus facile pour d\u00e9partager une marque est de s&rsquo;attarder sur ses mod\u00e8les. Sur le segment des citadines, ces deux marques proposent entre autres les 500 et les Corsa.<\/p>\n<h3 style=\"text-align: justify;\"><strong>Commentaires sur les caract\u00e9ristiques de la Fiat 500<\/strong><\/h3>\n<p style=\"text-align: justify;\">La <a href=\"https:\/\/www.bymycar.fr\/marques\/fiat\/500\">Fiat 500<\/a> est une gamme qui a cess\u00e9 d\u2019\u00eatre d\u00e9velopp\u00e9e en 1975, mais dont la production a \u00e9t\u00e9 reprise \u00e0 partir de l\u2019ann\u00e9e 2007. Les nouvelles versions pr\u00e9sentent un design inspir\u00e9 de celui des anciens mod\u00e8les. La 500 demeure une petite citadine, mais avec quelques am\u00e9liorations. Entre autres, la version 500 3+1 peut pr\u00e9senter une ouverture antagoniste. Cette gamme est aussi propos\u00e9e sur diverses motorisations\u00a0: essence, diesel et \u00e9lectrique. D\u2019ailleurs, le mod\u00e8le 500 e est la premi\u00e8re voiture Fiat 100 % \u00e9lectrique. Concernant ses dimensions, les voitures 500 font 3,546 m de long, 1,627 m de large et 1,488 m de hauteur. Pour information, cette gamme est accessible \u00e0 partir de 18\u00a0790 \u20ac.<\/p>\n<h3 style=\"text-align: justify;\"><strong>Quelles sont les caract\u00e9ristiques de l\u2019Opel Corsa\u00a0?<\/strong><\/h3>\n<p style=\"text-align: justify;\">La gamme Corsa existe depuis de nombreuses ann\u00e9es. Elle fait partie de celles qui ont pu r\u00e9sister \u00e0 l\u2019\u00e9volution du march\u00e9. Elle a \u00e9t\u00e9 produite \u00e0 partir de 1982 et en est \u00e0 sa sixi\u00e8me g\u00e9n\u00e9ration aujourd\u2019hui. Cette derni\u00e8re a commenc\u00e9 \u00e0 \u00eatre commercialis\u00e9e \u00e0 partir de 2019. L\u2019Opel Corsa F est une citadine dot\u00e9e d\u2019une puissance allant de 75 \u00e0 136 ch. Elle se d\u00e9cline en plusieurs versions\u00a0: essence, diesel et \u00e9lectrique. Il faut savoir qu\u2019il s\u2019agit d\u2019un mod\u00e8le 5 portes avec des dimensions de 4,060 m de long, 1,740 m de large et 1,460 m de hauteur. Le prix de la version de base est affich\u00e9 aux alentours de 15\u00a0900 \u20ac.<\/p>\n<h2 style=\"text-align: justify;\"><strong>Fiat Doblo ou Opel Combo\u00a0: quel utilitaire est fait pour vous\u00a0?<\/strong><\/h2>\n<p style=\"text-align: justify;\">Ceux qui recherchent un v\u00e9hicule utilitaire peuvent se tourner vers les mod\u00e8les Doblo ou Combo.<\/p>\n<h3 style=\"text-align: justify;\"><strong>Quelles sont les caract\u00e9ristiques de la Fiat Doblo\u00a0?<\/strong><\/h3>\n<p style=\"text-align: justify;\">La Fiat Doblo est un utilitaire l\u00e9ger produit entre 2000 et 2021. Le v\u00e9hicule en question affiche une longueur de 4,158 \u00e0 4,633 m, une largeur de 1,715 m et une hauteur de 1,831 \u00e0 2,086 m selon le mod\u00e8le. Concernant sa puissance, elle peut aller de 65 \u00e0 120 ch. Il faut savoir que ce mod\u00e8le est propos\u00e9 \u00e0 partir de 24\u00a0438 \u20ac en 2022.<\/p>\n<h3 style=\"text-align: justify;\"><strong>Quelles sont les caract\u00e9ristiques de l\u2019Opel Combo\u00a0?<\/strong><\/h3>\n<p style=\"text-align: justify;\">L\u2019Opel Combo est un v\u00e9hicule utilitaire propos\u00e9 avec des motorisations essence et diesel. Cette voiture peut disposer d\u2019une puissance maximale de 90 \u00e0 plus de 130 ch. Selon la puissance du moteur choisie, la voiture peut passer de 0 \u00e0 100 km\/h entre 9 et 14 secondes. Concernant ses dimensions, la longueur est de 4,390 m quand la largeur et la hauteur sont de 1,840 m et de 1,850 m. Ceux qui sont int\u00e9ress\u00e9s par ce mod\u00e8le seront ravis de savoir que ce mod\u00e8le est accessible \u00e0 partir de 23\u00a0840 \u20ac.<\/p>\n<h3 style=\"text-align: justify;\">\u00c0 LIRE \u00c9GALEMENT :<\/h3>\n<p style=\"text-align: justify;\"><a href=\"https:\/\/www.bymycar.fr\/webzine\/logo-fiat-signification-et-evolution\/\">Logo Fiat : signification et \u00e9volution<\/a><\/p>\n<p style=\"text-align: justify;\"><a href=\"https:\/\/www.bymycar.fr\/webzine\/fiat-histoire-et-origine-de-la-marque\/\">Fiat : histoire et origine de la marque<\/a><\/p>\n<p style=\"text-align: justify;\"><a href=\"https:\/\/www.bymycar.fr\/webzine\/quel-est-le-prix-dune-fiat\/\">Quel est le prix d&rsquo;une Fiat ?<\/a><\/p>\n<p style=\"text-align: justify;\"><a href=\"https:\/\/www.bymycar.fr\/webzine\/quels-sont-les-moteurs-fiat\/\">Quels sont les moteurs Fiat ?<\/a><\/p>\n<p style=\"text-align: justify;\"><a href=\"https:\/\/www.bymycar.fr\/webzine\/quel-est-le-prix-dune-fiat-electrique\/\">Quel est le prix d\u2019une Fiat \u00e9lectrique ?<\/a><\/p>\n<p style=\"text-align: justify;\"><a href=\"https:\/\/www.bymycar.fr\/webzine\/que-veut-dire-fiat\/\">Que veut dire Fiat ?<\/a><\/p>\n<p style=\"text-align: justify;\"><a href=\"https:\/\/www.bymycar.fr\/webzine\/ou-trouver-le-code-moteur-dune-fiat\/\">O\u00f9 trouver le code moteur d\u2019une Fiat ?<\/a><\/p>\n<p style=\"text-align: justify;\"><a href=\"https:\/\/www.bymycar.fr\/webzine\/quelles-sont-les-marques-du-groupe-fiat\/\">Quelles sont les marques du groupe Fiat ?<\/a><\/p>\n<p style=\"text-align: justify;\"><a href=\"https:\/\/www.bymycar.fr\/webzine\/fiat-ou-peugeot-quelle-marque-est-faite-pour-vous\/\">Fiat ou Peugeot : quelle marque est faite pour vous ?<\/a><\/p>\n<p style=\"text-align: justify;\"><a href=\"https:\/\/www.bymycar.fr\/webzine\/fiat-ou-dacia-quelle-marque-est-faite-pour-vous\/\">Fiat ou Dacia : quelle marque est faite pour vous ?<\/a><\/p>\n","titre":"Texte 1","image":false,"image_libre":false,"image_800x500":false,"legende":"","zoom":false,"texte":"","articles":false,"categorie_droite":false,"images":false,"elements_comparatif":false,"texte_1":"","texte_2":"","image_1":false,"image_1_563x400":false,"image_1_332x332":false,"image_2":false,"image_2_333x240":false,"image_2_563x400":false,"image_3":false,"image_3_333x240":false,"image_3_332x450":false,"image_4":false,"image_4_332x332":false,"image_4_563x400":false,"code_embed":"","legende_video":"","photo":false,"photo_100x100":false,"nom":"","fonction":"","elements_timeline":false,"entetes_colonnes":false,"entetes_lignes":false,"lignes":false,"introduction":"","formulaire":false,"question":"","reponse":"","libelle_bouton_lien":"","url_lien":"","questions":false,"conclusions":false,"pays":"1","region":"","marque":"9","marqueConcessions":false,"modele":"","ptvente":"","typeV":"","collection":"","nombre_maximum_elements":"10","lien_fin_carousel":"https:\/\/www.bymycar.fr\/rechercher-un-vehicule?prod_VEHICLES%5BrefinementList%5D%5Bbrand%5D%5B0%5D=FIAT","texte_lien_fin_carousel":"Voir plus de v\u00e9hicules","trier_par":""},{"type_strate":"carousel-produits","ancre":"","contenu":"","titre":"Nos v\u00e9hicules Fiat disponibles","image":false,"image_libre":false,"image_800x500":false,"legende":"","zoom":false,"texte":"","articles":false,"categorie_droite":false,"images":false,"elements_comparatif":false,"texte_1":"","texte_2":"","image_1":false,"image_1_563x400":false,"image_1_332x332":false,"image_2":false,"image_2_333x240":false,"image_2_563x400":false,"image_3":false,"image_3_333x240":false,"image_3_332x450":false,"image_4":false,"image_4_332x332":false,"image_4_563x400":false,"code_embed":"","legende_video":"","photo":false,"photo_100x100":false,"nom":"","fonction":"","elements_timeline":false,"entetes_colonnes":false,"entetes_lignes":false,"lignes":false,"introduction":"","formulaire":false,"question":"","reponse":"","libelle_bouton_lien":"","url_lien":"","questions":false,"conclusions":false,"pays":"1","region":"","marque":"9","marqueConcessions":false,"modele":"","ptvente":"","typeV":"","collection":"","nombre_maximum_elements":"5","lien_fin_carousel":"https:\/\/www.bymycar.fr\/rechercher-un-vehicule?prod_VEHICLES%5BrefinementList%5D%5Bbrand%5D%5B0%5D=FIAT","texte_lien_fin_carousel":"Voir plus de v\u00e9hicules","trier_par":"prix"}],"is_old_post":false,"image":{"ID":31634,"id":31634,"title":"fiat-ou-opel","filename":"fiat-ou-opel.jpeg","filesize":1,"url":"https:\/\/cdn.bymycar.eu\/fr-webzine\/wp-content\/uploads\/medias\/fiat-ou-opel.jpeg","link":"https:\/\/www.bymycar.fr\/webzine\/fiat-ou-opel-quelle-marque-est-faite-pour-vous\/fiat-ou-opel\/","alt":"","author":"9","description":"","caption":"","name":"fiat-ou-opel","status":"inherit","uploaded_to":31633,"date":"2022-06-29 09:57:43","modified":"2022-06-29 09:57:43","menu_order":0,"mime_type":"image\/jpeg","type":"image","subtype":"jpeg","icon":"https:\/\/www.bymycar.fr\/webzine\/wp-includes\/images\/media\/default.png","width":750,"height":410,"sizes":{"thumbnail":"https:\/\/cdn.bymycar.eu\/fr-webzine\/wp-content\/uploads\/medias\/fiat-ou-opel-150x150.jpeg","thumbnail-width":150,"thumbnail-height":150,"medium":"https:\/\/cdn.bymycar.eu\/fr-webzine\/wp-content\/uploads\/medias\/fiat-ou-opel-300x164.jpeg","medium-width":300,"medium-height":164,"medium_large":"https:\/\/cdn.bymycar.eu\/fr-webzine\/wp-content\/uploads\/medias\/fiat-ou-opel.jpeg","medium_large-width":750,"medium_large-height":410,"large":"https:\/\/cdn.bymycar.eu\/fr-webzine\/wp-content\/uploads\/medias\/fiat-ou-opel.jpeg","large-width":750,"large-height":410,"1536x1536":"https:\/\/cdn.bymycar.eu\/fr-webzine\/wp-content\/uploads\/medias\/fiat-ou-opel.jpeg","1536x1536-width":750,"1536x1536-height":410,"2048x2048":"https:\/\/cdn.bymycar.eu\/fr-webzine\/wp-content\/uploads\/medias\/fiat-ou-opel.jpeg","2048x2048-width":750,"2048x2048-height":410}},"page_content":{"block_content":[{"acf_fc_layout":"carousel-produits"},{"acf_fc_layout":"carousel-produits"},{"acf_fc_layout":"carousel-produits"},{"acf_fc_layout":"text-simple","--nav":{"-withNav":false,"-ancre":""},"--group":{"-text":"<h2>Fiabilit\u00e9 m\u00e9canique<\/h2>\n<p><a href=\"https:\/\/www.bymycar.fr\/v\/fiat-occasion\">Fiat<\/a> se distingue par ses moteurs Fire et Multijet, con\u00e7us avec une approche privil\u00e9giant la simplicit\u00e9 et l&rsquo;\u00e9conomie d&rsquo;entretien. Les blocs Fire atmosph\u00e9riques (1.2 et 1.4) brillent particuli\u00e8rement en usage urbain avec plus de 22 millions d&rsquo;exemplaires produits, offrant une robustesse reconnue m\u00eame apr\u00e8s des ann\u00e9es d&rsquo;utilisation intensive. Les Multijet de deuxi\u00e8me g\u00e9n\u00e9ration compl\u00e8tent cette r\u00e9putation de fiabilit\u00e9, id\u00e9ale pour les conducteurs recherchant un v\u00e9hicule \u00e9conomique au quotidien.<\/p>\n<p>De son c\u00f4t\u00e9, <a href=\"https:\/\/www.bymycar.fr\/v\/opel-occasion\">Opel<\/a> mise sur sa tradition allemande d&rsquo;excellence technique avec ses moteurs ECOTEC. Ces blocs, appr\u00e9ci\u00e9s pour leur \u00e9quilibre entre performance et respect de l&rsquo;environnement, d\u00e9montrent une fiabilit\u00e9 remarquable lorsqu&rsquo;ils b\u00e9n\u00e9ficient d&rsquo;un entretien r\u00e9gulier. Vous pouvez d&rsquo;ailleurs d\u00e9couvrir ces qualit\u00e9s techniques en essayant l&rsquo;<a href=\"https:\/\/www.bymycar.fr\/v\/opel-mokka-occasion\">Opel Mokka<\/a> disponible dans nos concessions BYmyCAR, un mod\u00e8le qui illustre parfaitement les points forts de la marque.<\/p>\n<h2>Technologies et motorisations propres<\/h2>\n<p>Face aux enjeux environnementaux, Fiat et Opel proposent des solutions \u00e9lectriques innovantes. La <a href=\"https:\/\/www.bymycar.fr\/v\/fiat-500e-occasion\">Fiat 500e<\/a> s\u00e9duit avec sa batterie de 42 kWh offrant jusqu&rsquo;\u00e0 330 km d&rsquo;autonomie, disponible en versions Berline, Cabriolet et 3+1. Ses mises \u00e0 jour logicielles r\u00e9guli\u00e8res optimisent la gestion \u00e9nerg\u00e9tique pour maximiser l&rsquo;efficacit\u00e9 de sa batterie.<\/p>\n<p>Opel n&rsquo;est pas en reste avec sa Corsa-e, d\u00e9sormais propos\u00e9e en deux versions : 136 ch avec 357 km d&rsquo;autonomie ou 156 ch atteignant 402 km gr\u00e2ce \u00e0 une nouvelle batterie de 51 kWh. Le Mokka-e compl\u00e8te cette offre \u00e9lectrique, tous deux b\u00e9n\u00e9ficiant de la plateforme modulaire CMP du groupe Stellantis qui garantit performances et fiabilit\u00e9.<\/p>\n<h2>S\u00e9curit\u00e9 et assistances \u00e0 la conduite<\/h2>\n<p>Opel se distingue par ses technologies de s\u00e9curit\u00e9 avanc\u00e9es, notamment gr\u00e2ce au syst\u00e8me intelligent de cam\u00e9ra avant Opel Eye qui d\u00e9tecte les dangers potentiels. Les mod\u00e8les r\u00e9cents int\u00e8grent la reconnaissance des panneaux de signalisation, le maintien dans la voie et le r\u00e9gulateur de vitesse adaptatif qui ajuste automatiquement votre allure selon le trafic. Vous b\u00e9n\u00e9ficiez ainsi d&rsquo;une conduite plus sereine au quotidien.<\/p>\n<p>Fiat n&rsquo;est pas en reste avec ses assistances \u00e0 la conduite performantes, particuli\u00e8rement sur la E-Ulysse et les mod\u00e8les Tipo. La marque italienne propose des syst\u00e8mes ADAS complets incluant l&rsquo;alerte de franchissement de ligne, la d\u00e9tection d&rsquo;obstacles et le freinage d&rsquo;urgence automatique. Ces technologies sont parfaitement adapt\u00e9es aux dimensions compactes des v\u00e9hicules, offrant une s\u00e9curit\u00e9 optimale m\u00eame en environnement urbain.<\/p>\n<h2>Image de marque, citadines et co\u00fbt d&rsquo;usage<\/h2>\n<p>Fiat s\u00e9duit par son design italien n\u00e9o-r\u00e9tro, particuli\u00e8rement avec sa 500 embl\u00e9matique qui incarne l&rsquo;\u00e9l\u00e9gance fonctionnelle italienne. Opel mise sur sa r\u00e9putation de fiabilit\u00e9 allemande avec sa Corsa, class\u00e9e 7e des citadines en Europe. \u00c0 la revente, les <a href=\"https:\/\/www.bymycar.fr\/v\/opel-citadine\">Citadines<\/a> Fiat conservent un l\u00e9ger avantage dans les pays m\u00e9diterran\u00e9ens, tandis que les mod\u00e8les Opel b\u00e9n\u00e9ficient d&rsquo;une image de long\u00e9vit\u00e9 appr\u00e9ci\u00e9e sur le march\u00e9 de l&rsquo;occasion.<\/p>\n<p>Les deux constructeurs proposent d\u00e9sormais des versions \u00e9lectriques et hybrides dans leur gamme, vous offrant ainsi un large choix selon vos besoins et votre budget.<\/p>\n<h2>Fiat 500 vs Opel Corsa : quelle citadine choisir ?<\/h2>\n<h3>Design et habitabilit\u00e9<\/h3>\n<p>La <a href=\"https:\/\/www.bymycar.fr\/v\/fiat-500-occasion\">Fiat 500<\/a> s\u00e9duit par son design n\u00e9o-r\u00e9tro iconique et ses lignes arrondies qui lui conf\u00e8rent un charme intemporel. Compacte avec son allure de petit bolide urbain, elle vous offre un habitacle bien pens\u00e9 o\u00f9 deux adultes trouveront confortablement leur place \u00e0 l&rsquo;avant. Son volume de coffre de 185 litres, quoique modeste, r\u00e9pond parfaitement aux besoins quotidiens en ville.<\/p>\n<p>L&rsquo;<a href=\"https:\/\/www.bymycar.fr\/v\/opel-corsa-occasion\">Opel Corsa<\/a>, quant \u00e0 elle, adopte un style plus contemporain avec des lignes affirm\u00e9es et dynamiques. Plus spacieuse, elle propose un volume de coffre g\u00e9n\u00e9reux de 309 litres pour les versions thermiques, vous permettant d&#8217;emporter davantage de bagages lors de vos d\u00e9placements.<\/p>\n<h3>Motorisations et autonomie<\/h3>\n<p>La Fiat 500 se distingue par sa version \u00e9lectrique offrant jusqu&rsquo;\u00e0 320 km d&rsquo;autonomie en cycle mixte avec sa batterie de 42 kWh, et m\u00eame 460 km en usage urbain. Sa puissance maximale de 118 ch (87 kW) lui conf\u00e8re un dynamisme appr\u00e9ciable en ville.<\/p>\n<p>L&rsquo;Opel Corsa propose \u00e9galement une version \u00e9lectrique performante avec une puissance de 156 ch dans sa derni\u00e8re g\u00e9n\u00e9ration, permettant une autonomie pouvant atteindre 405 km selon le cycle WLTP. Ses diff\u00e9rents modes de conduite vous permettent d&rsquo;adapter la puissance selon vos besoins : de 82 ch en mode Eco \u00e0 la puissance maximale en mode Sport, offrant ainsi une polyvalence remarquable pour tous vos trajets.<\/p>\n<p>Pour plus d&rsquo;informations sur l&rsquo;Opel Corsa, n&rsquo;h\u00e9sitez pas \u00e0 contacter nos conseillers BYmyCAR.<\/p>\n<h2>Fiat Panda vs Opel Adam : duel des mini-citadines<\/h2>\n<h3>Comparatif express<\/h3>\n<p>La Fiat Panda se distingue par son gabarit inf\u00e9rieur et sa polyvalence urbaine avec son petit moteur hybride 1.0 GSE de 70 ch, offrant une excellente \u00e9conomie de carburant et un acc\u00e8s facilit\u00e9 aux ZFE. L&rsquo;<a href=\"https:\/\/www.bymycar.fr\/v\/opel-adam-occasion\">Opel Adam<\/a> s\u00e9duit quant \u00e0 elle par son style personnalisable, ses dimensions compactes (3,70 m de long) et ses motorisations dynamiques comme le TwinPort 87 ch, id\u00e9al pour ceux qui recherchent plus de caract\u00e8re dans un format citadin.<\/p>\n<h2>FAQ : vos questions sur Fiat ou Opel<\/h2>\n<h3>Est-ce qu&rsquo;Opel est une bonne marque ?<\/h3>\n<p>Opel offre des v\u00e9hicules fiables avec une excellente qualit\u00e9 allemande et des technologies innovantes.<\/p>\n<h3>Est-ce que Fiat est une marque fiable ?<\/h3>\n<p>La marque Fiat propose des moteurs robustes et \u00e9conomiques, parfaitement adapt\u00e9s \u00e0 une utilisation urbaine.<\/p>\n<h3>Fiat 500 ou Opel Adam : quel choix faire ?<\/h3>\n<p>La Fiat 500 s\u00e9duit par son style italien tandis que l&rsquo;Opel Adam offre plus d&rsquo;options de personnalisation.<\/p>\n<h3>Fiat 500 ou Opel Corsa : laquelle est la meilleure ?<\/h3>\n<p>Dans ce comparatif, la Corsa propose plus d&rsquo;espace int\u00e9rieur tandis que la 500 excelle en agilit\u00e9 urbaine.<\/p>\n<h2>Conclusion<\/h2>\n<p>Le choix entre Fiat et Opel repose sur vos priorit\u00e9s : usage urbain ou routier, budget, technologies \u00e9lectriques ou motorisations \u00e9prouv\u00e9es. Ces deux marques Stellantis offrent d\u00e9sormais des gammes compl\u00e9mentaires avec des garanties de qualit\u00e9 partag\u00e9es.<\/p>\n<h3>\u00c0 lire \u00e9galement :<\/h3>\n<ul>\n<li><a href=\"https:\/\/www.bymycar.fr\/webzine\/logo-fiat-signification-et-evolution\/\">Logo Fiat : signification et \u00e9volution<\/a><\/li>\n<li><a href=\"https:\/\/www.bymycar.fr\/webzine\/fiat-histoire-et-origine-de-la-marque\/\">Fiat : histoire et origine de la marque<\/a><\/li>\n<li><a href=\"https:\/\/www.bymycar.fr\/webzine\/quel-est-le-prix-dune-fiat\/\">Quel est le prix d\u2019une Fiat ?<\/a><\/li>\n<li><a href=\"https:\/\/www.bymycar.fr\/webzine\/quels-sont-les-moteurs-fiat\/\">Quels sont les moteurs Fiat ?<\/a><\/li>\n<li><a href=\"https:\/\/www.bymycar.fr\/webzine\/quel-est-le-prix-dune-fiat-electrique\/\">Quel est le prix d\u2019une Fiat \u00e9lectrique ?<\/a><\/li>\n<li><a href=\"https:\/\/www.bymycar.fr\/webzine\/que-veut-dire-fiat\/\">Que veut dire Fiat ?<\/a><\/li>\n<li><a href=\"https:\/\/www.bymycar.fr\/webzine\/ou-trouver-le-code-moteur-dune-fiat\/\">O\u00f9 trouver le code moteur d\u2019une Fiat ?<\/a><\/li>\n<li><a href=\"https:\/\/www.bymycar.fr\/webzine\/quelles-sont-les-marques-du-groupe-fiat\/\">Quelles sont les marques du groupe Fiat ?<\/a><\/li>\n<li><a href=\"https:\/\/www.bymycar.fr\/webzine\/fiat-ou-peugeot-quelle-marque-est-faite-pour-vous\/\">Fiat ou Peugeot : quelle marque est faite pour vous ?<\/a><\/li>\n<li><a href=\"https:\/\/www.bymycar.fr\/webzine\/fiat-ou-dacia-quelle-marque-est-faite-pour-vous\/\">Fiat ou Dacia : quelle marque est faite pour vous ?<\/a><\/li>\n<\/ul>\n<h3>Sources :<\/h3>\n<ul>\n<li><a href=\"https:\/\/www.fiat.com\/corporate\/technical-overview\" target=\"_blank\" rel=\"noopener\">FIAT Corporate &#8211; Technical Overview<\/a><\/li>\n<li><a href=\"https:\/\/www.opel.com\/technologies.html\" target=\"_blank\" rel=\"noopener\">Opel International &#8211; Technologies<\/a><\/li>\n<li><a href=\"https:\/\/www.stellantis.com\/en\/technology\/electric-platforms\" target=\"_blank\" rel=\"noopener\">Stellantis Official \u2013 Electric Platforms<\/a><\/li>\n<li><a href=\"https:\/\/www.fiatpowertrain.com\/products\/multijet\" target=\"_blank\" rel=\"noopener\">Fiat Multijet engine specs<\/a><\/li>\n<li><a href=\"https:\/\/www.opel.com\/engines.html\" target=\"_blank\" rel=\"noopener\">Opel Powertrain ECOTEC<\/a><\/li>\n<\/ul>\n"}}]},"add-to-bo":false,"add-carousel-to-footer":true},"yoast_head":"<!-- This site is optimized with the Yoast SEO Premium plugin v26.4 (Yoast SEO v26.4) - https:\/\/yoast.com\/wordpress\/plugins\/seo\/ -->\n<title>Fiat ou Opel : quelle marque est faite pour vous ?<\/title>\n<meta name=\"robots\" content=\"index, follow, max-snippet:-1, max-image-preview:large, max-video-preview:-1\" \/>\n<link rel=\"canonical\" href=\"https:\/\/www.bymycar.fr\/webzine\/fiat-ou-opel-quelle-marque-est-faite-pour-vous\/\" \/>\n<meta property=\"og:locale\" content=\"fr_FR\" \/>\n<meta property=\"og:type\" content=\"article\" \/>\n<meta property=\"og:title\" content=\"Fiat ou Opel : quelle marque est faite pour vous ?\" \/>\n<meta property=\"og:url\" content=\"https:\/\/www.bymycar.fr\/webzine\/fiat-ou-opel-quelle-marque-est-faite-pour-vous\/\" \/>\n<meta property=\"og:site_name\" content=\"Webzine auto BYmyCAR\" \/>\n<meta property=\"article:published_time\" content=\"2022-06-29T11:21:26+00:00\" \/>\n<meta property=\"article:modified_time\" content=\"2025-11-27T13:10:12+00:00\" \/>\n<meta property=\"og:image\" content=\"https:\/\/cdn.bymycar.eu\/fr-webzine\/wp-content\/uploads\/medias\/fiat-ou-opel.jpeg\" \/>\n\t<meta property=\"og:image:width\" content=\"750\" \/>\n\t<meta property=\"og:image:height\" content=\"410\" \/>\n\t<meta property=\"og:image:type\" content=\"image\/jpeg\" \/>\n<meta name=\"author\" content=\"Gregoire LE BIHAN\" \/>\n<meta name=\"twitter:card\" content=\"summary_large_image\" \/>\n<meta name=\"twitter:label1\" content=\"\u00c9crit par\" \/>\n\t<meta name=\"twitter:data1\" content=\"Gregoire LE BIHAN\" \/>\n\t<meta name=\"twitter:label2\" content=\"Dur\u00e9e de lecture estim\u00e9e\" \/>\n\t<meta name=\"twitter:data2\" content=\"1 minute\" \/>\n<script type=\"application\/ld+json\" class=\"yoast-schema-graph\">{\"@context\":\"https:\/\/schema.org\",\"@graph\":[{\"@type\":\"Article\",\"@id\":\"https:\/\/www.bymycar.fr\/webzine\/fiat-ou-opel-quelle-marque-est-faite-pour-vous\/#article\",\"isPartOf\":{\"@id\":\"https:\/\/www.bymycar.fr\/webzine\/fiat-ou-opel-quelle-marque-est-faite-pour-vous\/\"},\"author\":{\"name\":\"Gregoire LE BIHAN\",\"@id\":\"https:\/\/www.bymycar.fr\/webzine\/#\/schema\/person\/8c56906440ec126868bd40232b3445f0\"},\"headline\":\"Fiat ou Opel : quelle marque est faite pour vous ?\",\"datePublished\":\"2022-06-29T11:21:26+00:00\",\"dateModified\":\"2025-11-27T13:10:12+00:00\",\"mainEntityOfPage\":{\"@id\":\"https:\/\/www.bymycar.fr\/webzine\/fiat-ou-opel-quelle-marque-est-faite-pour-vous\/\"},\"wordCount\":9,\"publisher\":{\"@id\":\"https:\/\/www.bymycar.fr\/webzine\/#organization\"},\"image\":{\"@id\":\"https:\/\/www.bymycar.fr\/webzine\/fiat-ou-opel-quelle-marque-est-faite-pour-vous\/#primaryimage\"},\"thumbnailUrl\":\"https:\/\/cdn.bymycar.eu\/fr-webzine\/wp-content\/uploads\/medias\/fiat-ou-opel.jpeg\",\"articleSection\":[\"Guide d'achat\",\"Guide d'achat Fiat\"],\"inLanguage\":\"fr-FR\"},{\"@type\":\"WebPage\",\"@id\":\"https:\/\/www.bymycar.fr\/webzine\/fiat-ou-opel-quelle-marque-est-faite-pour-vous\/\",\"url\":\"https:\/\/www.bymycar.fr\/webzine\/fiat-ou-opel-quelle-marque-est-faite-pour-vous\/\",\"name\":\"Fiat ou Opel : quelle marque est faite pour vous ?\",\"isPartOf\":{\"@id\":\"https:\/\/www.bymycar.fr\/webzine\/#website\"},\"primaryImageOfPage\":{\"@id\":\"https:\/\/www.bymycar.fr\/webzine\/fiat-ou-opel-quelle-marque-est-faite-pour-vous\/#primaryimage\"},\"image\":{\"@id\":\"https:\/\/www.bymycar.fr\/webzine\/fiat-ou-opel-quelle-marque-est-faite-pour-vous\/#primaryimage\"},\"thumbnailUrl\":\"https:\/\/cdn.bymycar.eu\/fr-webzine\/wp-content\/uploads\/medias\/fiat-ou-opel.jpeg\",\"datePublished\":\"2022-06-29T11:21:26+00:00\",\"dateModified\":\"2025-11-27T13:10:12+00:00\",\"breadcrumb\":{\"@id\":\"https:\/\/www.bymycar.fr\/webzine\/fiat-ou-opel-quelle-marque-est-faite-pour-vous\/#breadcrumb\"},\"inLanguage\":\"fr-FR\",\"potentialAction\":[{\"@type\":\"ReadAction\",\"target\":[\"https:\/\/www.bymycar.fr\/webzine\/fiat-ou-opel-quelle-marque-est-faite-pour-vous\/\"]}]},{\"@type\":\"ImageObject\",\"inLanguage\":\"fr-FR\",\"@id\":\"https:\/\/www.bymycar.fr\/webzine\/fiat-ou-opel-quelle-marque-est-faite-pour-vous\/#primaryimage\",\"url\":\"https:\/\/cdn.bymycar.eu\/fr-webzine\/wp-content\/uploads\/medias\/fiat-ou-opel.jpeg\",\"contentUrl\":\"https:\/\/cdn.bymycar.eu\/fr-webzine\/wp-content\/uploads\/medias\/fiat-ou-opel.jpeg\",\"width\":750,\"height\":410},{\"@type\":\"BreadcrumbList\",\"@id\":\"https:\/\/www.bymycar.fr\/webzine\/fiat-ou-opel-quelle-marque-est-faite-pour-vous\/#breadcrumb\",\"itemListElement\":[{\"@type\":\"ListItem\",\"position\":1,\"name\":\"Accueil\",\"item\":\"https:\/\/www.bymycar.fr\/webzine\/\"},{\"@type\":\"ListItem\",\"position\":2,\"name\":\"Fiat ou Opel : quelle marque est faite pour vous ?\"}]},{\"@type\":\"WebSite\",\"@id\":\"https:\/\/www.bymycar.fr\/webzine\/#website\",\"url\":\"https:\/\/www.bymycar.fr\/webzine\/\",\"name\":\"Webzine auto BYmyCAR\",\"description\":\"La magazine auto de BYmyCAR\",\"publisher\":{\"@id\":\"https:\/\/www.bymycar.fr\/webzine\/#organization\"},\"potentialAction\":[{\"@type\":\"SearchAction\",\"target\":{\"@type\":\"EntryPoint\",\"urlTemplate\":\"https:\/\/www.bymycar.fr\/webzine\/?s={search_term_string}\"},\"query-input\":{\"@type\":\"PropertyValueSpecification\",\"valueRequired\":true,\"valueName\":\"search_term_string\"}}],\"inLanguage\":\"fr-FR\"},{\"@type\":\"Organization\",\"@id\":\"https:\/\/www.bymycar.fr\/webzine\/#organization\",\"name\":\"BYmyCAR\",\"url\":\"https:\/\/www.bymycar.fr\/webzine\/\",\"logo\":{\"@type\":\"ImageObject\",\"inLanguage\":\"fr-FR\",\"@id\":\"https:\/\/www.bymycar.fr\/webzine\/#\/schema\/logo\/image\/\",\"url\":\"https:\/\/cdn.bymycar.eu\/fr-webzine\/wp-content\/uploads\/medias\/2017\/08\/logo_DEALER_00000406_001.png\",\"contentUrl\":\"https:\/\/cdn.bymycar.eu\/fr-webzine\/wp-content\/uploads\/medias\/2017\/08\/logo_DEALER_00000406_001.png\",\"width\":2132,\"height\":720,\"caption\":\"BYmyCAR\"},\"image\":{\"@id\":\"https:\/\/www.bymycar.fr\/webzine\/#\/schema\/logo\/image\/\"}},{\"@type\":\"Person\",\"@id\":\"https:\/\/www.bymycar.fr\/webzine\/#\/schema\/person\/8c56906440ec126868bd40232b3445f0\",\"name\":\"Gregoire LE BIHAN\",\"image\":{\"@type\":\"ImageObject\",\"inLanguage\":\"fr-FR\",\"@id\":\"https:\/\/www.bymycar.fr\/webzine\/#\/schema\/person\/image\/\",\"url\":\"https:\/\/secure.gravatar.com\/avatar\/1356d71f3c6eed50de358ba425c9944b742a0d35f88e0d5f8afe88fdac525492?s=96&d=mm&r=g\",\"contentUrl\":\"https:\/\/secure.gravatar.com\/avatar\/1356d71f3c6eed50de358ba425c9944b742a0d35f88e0d5f8afe88fdac525492?s=96&d=mm&r=g\",\"caption\":\"Gregoire LE BIHAN\"}}]}<\/script>\n<!-- \/ Yoast SEO Premium plugin. -->","yoast_head_json":{"title":"Fiat ou Opel : quelle marque est faite pour vous ?","robots":{"index":"index","follow":"follow","max-snippet":"max-snippet:-1","max-image-preview":"max-image-preview:large","max-video-preview":"max-video-preview:-1"},"canonical":"https:\/\/www.bymycar.fr\/webzine\/fiat-ou-opel-quelle-marque-est-faite-pour-vous\/","og_locale":"fr_FR","og_type":"article","og_title":"Fiat ou Opel : quelle marque est faite pour vous ?","og_url":"https:\/\/www.bymycar.fr\/webzine\/fiat-ou-opel-quelle-marque-est-faite-pour-vous\/","og_site_name":"Webzine auto BYmyCAR","article_published_time":"2022-06-29T11:21:26+00:00","article_modified_time":"2025-11-27T13:10:12+00:00","og_image":[{"width":750,"height":410,"url":"https:\/\/cdn.bymycar.eu\/fr-webzine\/wp-content\/uploads\/medias\/fiat-ou-opel.jpeg","type":"image\/jpeg"}],"author":"Gregoire LE BIHAN","twitter_card":"summary_large_image","twitter_misc":{"\u00c9crit par":"Gregoire LE BIHAN","Dur\u00e9e de lecture estim\u00e9e":"1 minute"},"schema":{"@context":"https:\/\/schema.org","@graph":[{"@type":"Article","@id":"https:\/\/www.bymycar.fr\/webzine\/fiat-ou-opel-quelle-marque-est-faite-pour-vous\/#article","isPartOf":{"@id":"https:\/\/www.bymycar.fr\/webzine\/fiat-ou-opel-quelle-marque-est-faite-pour-vous\/"},"author":{"name":"Gregoire LE BIHAN","@id":"https:\/\/www.bymycar.fr\/webzine\/#\/schema\/person\/8c56906440ec126868bd40232b3445f0"},"headline":"Fiat ou Opel : quelle marque est faite pour vous ?","datePublished":"2022-06-29T11:21:26+00:00","dateModified":"2025-11-27T13:10:12+00:00","mainEntityOfPage":{"@id":"https:\/\/www.bymycar.fr\/webzine\/fiat-ou-opel-quelle-marque-est-faite-pour-vous\/"},"wordCount":9,"publisher":{"@id":"https:\/\/www.bymycar.fr\/webzine\/#organization"},"image":{"@id":"https:\/\/www.bymycar.fr\/webzine\/fiat-ou-opel-quelle-marque-est-faite-pour-vous\/#primaryimage"},"thumbnailUrl":"https:\/\/cdn.bymycar.eu\/fr-webzine\/wp-content\/uploads\/medias\/fiat-ou-opel.jpeg","articleSection":["Guide d'achat","Guide d'achat Fiat"],"inLanguage":"fr-FR"},{"@type":"WebPage","@id":"https:\/\/www.bymycar.fr\/webzine\/fiat-ou-opel-quelle-marque-est-faite-pour-vous\/","url":"https:\/\/www.bymycar.fr\/webzine\/fiat-ou-opel-quelle-marque-est-faite-pour-vous\/","name":"Fiat ou Opel : quelle marque est faite pour vous ?","isPartOf":{"@id":"https:\/\/www.bymycar.fr\/webzine\/#website"},"primaryImageOfPage":{"@id":"https:\/\/www.bymycar.fr\/webzine\/fiat-ou-opel-quelle-marque-est-faite-pour-vous\/#primaryimage"},"image":{"@id":"https:\/\/www.bymycar.fr\/webzine\/fiat-ou-opel-quelle-marque-est-faite-pour-vous\/#primaryimage"},"thumbnailUrl":"https:\/\/cdn.bymycar.eu\/fr-webzine\/wp-content\/uploads\/medias\/fiat-ou-opel.jpeg","datePublished":"2022-06-29T11:21:26+00:00","dateModified":"2025-11-27T13:10:12+00:00","breadcrumb":{"@id":"https:\/\/www.bymycar.fr\/webzine\/fiat-ou-opel-quelle-marque-est-faite-pour-vous\/#breadcrumb"},"inLanguage":"fr-FR","potentialAction":[{"@type":"ReadAction","target":["https:\/\/www.bymycar.fr\/webzine\/fiat-ou-opel-quelle-marque-est-faite-pour-vous\/"]}]},{"@type":"ImageObject","inLanguage":"fr-FR","@id":"https:\/\/www.bymycar.fr\/webzine\/fiat-ou-opel-quelle-marque-est-faite-pour-vous\/#primaryimage","url":"https:\/\/cdn.bymycar.eu\/fr-webzine\/wp-content\/uploads\/medias\/fiat-ou-opel.jpeg","contentUrl":"https:\/\/cdn.bymycar.eu\/fr-webzine\/wp-content\/uploads\/medias\/fiat-ou-opel.jpeg","width":750,"height":410},{"@type":"BreadcrumbList","@id":"https:\/\/www.bymycar.fr\/webzine\/fiat-ou-opel-quelle-marque-est-faite-pour-vous\/#breadcrumb","itemListElement":[{"@type":"ListItem","position":1,"name":"Accueil","item":"https:\/\/www.bymycar.fr\/webzine\/"},{"@type":"ListItem","position":2,"name":"Fiat ou Opel : quelle marque est faite pour vous ?"}]},{"@type":"WebSite","@id":"https:\/\/www.bymycar.fr\/webzine\/#website","url":"https:\/\/www.bymycar.fr\/webzine\/","name":"Webzine auto BYmyCAR","description":"La magazine auto de BYmyCAR","publisher":{"@id":"https:\/\/www.bymycar.fr\/webzine\/#organization"},"potentialAction":[{"@type":"SearchAction","target":{"@type":"EntryPoint","urlTemplate":"https:\/\/www.bymycar.fr\/webzine\/?s={search_term_string}"},"query-input":{"@type":"PropertyValueSpecification","valueRequired":true,"valueName":"search_term_string"}}],"inLanguage":"fr-FR"},{"@type":"Organization","@id":"https:\/\/www.bymycar.fr\/webzine\/#organization","name":"BYmyCAR","url":"https:\/\/www.bymycar.fr\/webzine\/","logo":{"@type":"ImageObject","inLanguage":"fr-FR","@id":"https:\/\/www.bymycar.fr\/webzine\/#\/schema\/logo\/image\/","url":"https:\/\/cdn.bymycar.eu\/fr-webzine\/wp-content\/uploads\/medias\/2017\/08\/logo_DEALER_00000406_001.png","contentUrl":"https:\/\/cdn.bymycar.eu\/fr-webzine\/wp-content\/uploads\/medias\/2017\/08\/logo_DEALER_00000406_001.png","width":2132,"height":720,"caption":"BYmyCAR"},"image":{"@id":"https:\/\/www.bymycar.fr\/webzine\/#\/schema\/logo\/image\/"}},{"@type":"Person","@id":"https:\/\/www.bymycar.fr\/webzine\/#\/schema\/person\/8c56906440ec126868bd40232b3445f0","name":"Gregoire LE BIHAN","image":{"@type":"ImageObject","inLanguage":"fr-FR","@id":"https:\/\/www.bymycar.fr\/webzine\/#\/schema\/person\/image\/","url":"https:\/\/secure.gravatar.com\/avatar\/1356d71f3c6eed50de358ba425c9944b742a0d35f88e0d5f8afe88fdac525492?s=96&d=mm&r=g","contentUrl":"https:\/\/secure.gravatar.com\/avatar\/1356d71f3c6eed50de358ba425c9944b742a0d35f88e0d5f8afe88fdac525492?s=96&d=mm&r=g","caption":"Gregoire LE BIHAN"}}]}},"_links":{"self":[{"href":"https:\/\/www.bymycar.fr\/webzine\/wp-json\/wp\/v2\/posts\/31633","targetHints":{"allow":["GET"]}}],"collection":[{"href":"https:\/\/www.bymycar.fr\/webzine\/wp-json\/wp\/v2\/posts"}],"about":[{"href":"https:\/\/www.bymycar.fr\/webzine\/wp-json\/wp\/v2\/types\/post"}],"author":[{"embeddable":true,"href":"https:\/\/www.bymycar.fr\/webzine\/wp-json\/wp\/v2\/users\/9"}],"replies":[{"embeddable":true,"href":"https:\/\/www.bymycar.fr\/webzine\/wp-json\/wp\/v2\/comments?post=31633"}],"version-history":[{"count":16,"href":"https:\/\/www.bymycar.fr\/webzine\/wp-json\/wp\/v2\/posts\/31633\/revisions"}],"predecessor-version":[{"id":62299,"href":"https:\/\/www.bymycar.fr\/webzine\/wp-json\/wp\/v2\/posts\/31633\/revisions\/62299"}],"wp:featuredmedia":[{"embeddable":true,"href":"https:\/\/www.bymycar.fr\/webzine\/wp-json\/wp\/v2\/media\/31634"}],"wp:attachment":[{"href":"https:\/\/www.bymycar.fr\/webzine\/wp-json\/wp\/v2\/media?parent=31633"}],"wp:term":[{"taxonomy":"category","embeddable":true,"href":"https:\/\/www.bymycar.fr\/webzine\/wp-json\/wp\/v2\/categories?post=31633"},{"taxonomy":"post_tag","embeddable":true,"href":"https:\/\/www.bymycar.fr\/webzine\/wp-json\/wp\/v2\/tags?post=31633"}],"curies":[{"name":"wp","href":"https:\/\/api.w.org\/{rel}","templated":true}]}}