{"id":31016,"date":"2022-06-28T11:21:43","date_gmt":"2022-06-28T09:21:43","guid":{"rendered":"https:\/\/prod.bymycar.fr\/webzine\/?p=31016"},"modified":"2025-12-12T11:36:47","modified_gmt":"2025-12-12T10:36:47","slug":"combien-coute-la-seat-ibiza","status":"publish","type":"post","link":"https:\/\/www.bymycar.fr\/webzine\/combien-coute-la-seat-ibiza\/","title":{"rendered":"Combien co\u00fbte la Seat Ibiza\u2009?"},"content":{"rendered":"","protected":false},"excerpt":{"rendered":"","protected":false},"author":9,"featured_media":31065,"comment_status":"closed","ping_status":"closed","sticky":false,"template":"","format":"standard","meta":{"_acf_changed":false,"footnotes":""},"categories":[12893,12936],"tags":[],"class_list":["post-31016","post","type-post","status-publish","format-standard","has-post-thumbnail","hentry","category-guide-dachat","category-guide-dachat-seat-ibiza"],"acf":{"template":"classique","introduction":"<p>Ic\u00f4ne de la marque espagnole avec pr\u00e8s de 6 millions d&rsquo;exemplaires vendus depuis 1984, la <a href=\"https:\/\/www.bymycar.fr\/marques\/seat\/nouvelle-ibiza\">Seat Ibiza<\/a> s\u00e9duit par sa polyvalence et son rapport qualit\u00e9-prix. D\u00e9couvrez dans ce guide complet tout ce que vous devez savoir sur le prix Seat Ibiza selon les finitions, motorisations et options, sans oublier les avantages de la garantie propos\u00e9e par BYmyCAR.<\/p>\n<p><strong>\u00c0 retenir<\/strong><\/p>\n<p>Voici les principaux atouts de la Seat Ibiza qui en font un choix judicieux :<\/p>\n<ul>\n<li>Une connectivit\u00e9 totale avec int\u00e9gration smartphone, acc\u00e8s \u00e0 distance et technologies de s\u00e9curit\u00e9 avanc\u00e9es qui vous maintiennent connect\u00e9 o\u00f9 que vous soyez ;<\/li>\n<li>Une gamme de motorisations essence efficientes de 80 \u00e0 150 ch offrant un parfait \u00e9quilibre entre dynamisme et sobri\u00e9t\u00e9 pour tous les styles de conduite ;<\/li>\n<li>Un rapport qualit\u00e9-prix attractif avec un \u00e9quipement g\u00e9n\u00e9reux incluant des aides \u00e0 la conduite modernes et un habitacle au confort am\u00e9lior\u00e9.<\/li>\n<\/ul>\n<p>La Seat Ibiza se distingue ainsi comme une citadine polyvalente qui sait allier technologie, performance et accessibilit\u00e9 pour r\u00e9pondre aux besoins des conducteurs exigeants.<\/p>\n","strates":[{"type_strate":"texte-simple","ancre":"","contenu":"<h2 style=\"text-align: justify;\">Seat\u00a0: marque de voiture espagnole<\/h2>\n<p style=\"text-align: justify;\"><a href=\"https:\/\/www.bymycar.fr\/marques\/seat\">Seat<\/a>\u00a0est devenue une filiale du groupe allemand Volkswagen depuis 1986. Parmi les plus grands succ\u00e8s de ce constructeur automobile espagnol bas\u00e9 \u00e0 Martorell, \u00e0 Barcelone, figure l\u2019Ibiza. Lanc\u00e9e en 1984 et produite en 500\u2009000 exemplaires, la citadine fut le premier mod\u00e8le original de Seat.<\/p>\n<h3 style=\"text-align: justify;\">Style de la nouvelle Seat Ibiza\u00a02021\u00a0: une \u00e9volution en douceur<\/h3>\n<p style=\"text-align: justify;\">M\u00eame si le succ\u00e8s \u00e9tait au rendez-vous lors de la commercialisation de la cinqui\u00e8me g\u00e9n\u00e9ration du Seat Ibiza, la marque ne s\u2019est pas arr\u00eat\u00e9e l\u00e0. En 2021, le constructeur automobile espagnol d\u00e9cide de la relooker.<\/p>\n<p style=\"text-align: justify;\">Le nouvel habitacle de la petite voiture citadine est soulign\u00e9 par une planche de bord en plastique mouss\u00e9, un volant en Nappa et des buses d\u2019a\u00e9ration \u00e9clair\u00e9es. La Seat Ibiza\u00a02021 est enti\u00e8rement connect\u00e9e. Ce SUV dispose d\u2019un syst\u00e8me Wireless Full Link de l\u2019application Seat Connect, sans compter l\u2019\u00e9cran tactile de 8,25 ou 9,2 pouces, selon les finitions choisies, ainsi que le mode de reconnaissance vocale. Il faut noter aussi l\u2019ajout de deux prises USB-C.<\/p>\n<p style=\"text-align: justify;\">De plus, la Seat Ibiza neuve est \u00e9quip\u00e9e de technologies d\u2019aide \u00e0 la conduite,\u00a0\u00e0 savoir\u00a0:<\/p>\n<ul style=\"text-align: justify;\">\n<li>Le Travel Assist, pour la conduite automatique\u2009;<\/li>\n<li>L\u2019Exit Assist, l\u2019assistant de sortie de stationnement arri\u00e8re\u2009;<\/li>\n<li>Le Side Assist, d\u00e9tecteur d\u2019angles morts\u2009;<\/li>\n<li>Le High Beam Assist, le syst\u00e8me de reconnaissance des panneaux de signalisation et des feux de route.<\/li>\n<\/ul>\n<h3 style=\"text-align: justify;\">Seat Ibiza\u00a0: un nouveau moteur<\/h3>\n<p style=\"text-align: justify;\">La nouvelle citadine Seat Ibiza est disponible avec une large gamme de motorisations de 80 \u00e0 150\u00a0ch, essence ou au gaz naturel comprim\u00e9, et avec une bo\u00eete manuelle ou bo\u00eete DSG \u00e0 double embrayage. L\u2019hybridation n\u2019est pas encore au programme.<\/p>\n<p>&nbsp;<\/p>\n<h2 style=\"text-align: justify;\">Quel est le prix d\u2019une Seat Ibiza\u2009?<\/h2>\n<p style=\"text-align: justify;\">Selon la version, <a href=\"https:\/\/www.bymycar.fr\/v\/seat-ibiza-neuve\">neuve<\/a> ou <a href=\"https:\/\/www.bymycar.fr\/v\/seat-ibiza-occasion\">d&rsquo;occasion<\/a>, le prix d\u2019une Seat Ibiza peut aussi varier en fonction de la motorisation.<\/p>\n<h3 style=\"text-align: justify;\">Prix d\u2019une voiture Ibiza neuve\u00a0: Reference, Urban, Xcellence, FR et FR Xclusive<\/h3>\n<p style=\"text-align: justify;\">Le prix sur catalogue de la nouvelle voiture Ibiza diff\u00e8re en fonction de la finition et des principaux \u00e9quipements.<\/p>\n<ul style=\"text-align: justify;\">\n<li>Ibiza Reference : \u00e0 partir de 16\u2009900 \u20ac*<\/li>\n<li>Ibiza Urban : \u00e0 partir de 20\u2009745 \u20ac*<\/li>\n<li>Ibiza Xcellence (pommeau de la bo\u00eete de vitesses automatique DSG en cuir v\u00e9ritable) : \u00e0 partir de 22\u2009850 \u20ac*<\/li>\n<li>Ibiza FR : \u00e0 partir de 25\u2009450 \u20ac*<\/li>\n<li>Ibiza FR Xclusive : \u00e0 partir de 29\u2009265 \u20ac*<\/li>\n<\/ul>\n<p style=\"text-align: justify;\">Il est possible de personnaliser la couleur\u00a0: rouge passion, blanc Candy, blanc Nevada, gris magn\u00e9tique, gris urbain, noir minuit, bleu asphalte\u2026<\/p>\n<h3 style=\"text-align: justify;\">Tarifs Ibiza\u00a0motorisation essence et consommation en carburant<\/h3>\n<p style=\"text-align: justify;\">Les tarifs sur catalogue de la Seat Ibiza avec moteur essence et la consommation en carburant\u00a0:<\/p>\n<ul style=\"text-align: justify;\">\n<li>Reference 1.0 MPI 80 ch BVM5 Start\/Stop \u2013 consommation mixte (5,3 l\/100 km) : 16\u2009900 \u20ac*<\/li>\n<li>Urban 1.0 MPI 80 ch BVM5 Start\/Stop \u2013 consommation mixte (5,3 l\/100 km) : 20\u2009745 \u20ac*<\/li>\n<li>Urban 1.0 TSI 95 ch BVM5 Start\/Stop \u2013 consommation mixte (5,3 \u2013 5,7 l\/100 km) : 21 245 \u20ac*<\/li>\n<li>Xcellence 1.0 TSI 95 ch BVM5 Start\/Stop \u2013 consommation mixte (5,3 \u2013 5,7 l\/100 km) : 22 850 \u20ac*<\/li>\n<li>Xcellence 1.0 TSI 110 ch BVM6 Start\/Stop \u2013 consommation mixte (5,1 \u2013 5,5 l\/100 km) : 23 350 \u20ac*<\/li>\n<li>FR 1.0 TSI 110 ch BVM6 Start\/Stop \u2013 consommation mixte (5,1 \u2013 5,5 l\/100 km) : 25 450 \u20ac*<\/li>\n<li>Xcellence 1.0 TSI 110 ch DSG7 Start\/Stop \u2013 consommation mixte (5,6 \u2013 6 l\/100 km) : 24 850 \u20ac*<\/li>\n<li>FR 1.0 TSI 110 ch DSG7 Start\/Stop \u2013 consommation mixte (5,6 \u2013 6 l\/100 km) : 26 950 \u20ac*<\/li>\n<li>FR Xclusive 1.0 TSI 110 ch DSG7 Start\/Stop \u2013 consommation mixte (5,6 \u2013 6 l\/100 km) : 29 265 \u20ac*<\/li>\n<li>FR 1.5 TSI 150 ch ACT DSG7\u2013 consommation mixte (6,1 \u2013 6,2 l\/100 km) : 28 350 \u20ac*<\/li>\n<li>FR Xclusive 1.5 TSI 150 ch ACT DSG7\u2013 consommation mixte (6,1 \u2013 6,2 l\/100 km) : 30 665 \u20ac*<\/li>\n<\/ul>\n<h3 style=\"text-align: justify;\">Tarif d\u2019occasion et en leasing de la derni\u00e8re Seat Ibiza\u00a05 portes<\/h3>\n<p style=\"text-align: justify;\">La Seat Ibiza est accessible en leasing ou LOA d\u00e8s 104 \u20ac* par mois pour la Ibiza 1.0 EcoTSI 95 ch BVM5 Start\/Stop essence d\u2019occasion.<\/p>\n<h3 style=\"text-align: justify;\">Tarif du Seat Ibiza Cupra ou Ibiza Sport<\/h3>\n<p style=\"text-align: justify;\">Il s\u2019agit de la quatri\u00e8me g\u00e9n\u00e9ration qui vient compl\u00e9ter la gamme Ibiza. Pour sa version restylis\u00e9e pr\u00e9sent\u00e9e en 2018, cette citadine polyvalente se veut plus sportive. L\u2019Ibiza Cupra relook\u00e9e est dot\u00e9e d\u2019un moteur 4-cylindres \u00e0 injection directe avec compresseur et turbocompresseur. Elle d\u00e9veloppe une puissance de 180 ch \u00e0 6\u2009200 tr\/min lui permettant d\u2019abattre le 0 \u00e0 100 km\/h en 6,9 s. Il faut d\u00e9bourser 21\u2009950 \u20ac* plus 100 \u20ac de malus pour pouvoir conduire cette citadine sportive.<\/p>\n<p>*Voir les tarifs en vigueur dans les <a href=\"https:\/\/www.bymycar.fr\/concessions\/seat\">concessions Seat BYmyCAR<\/a>.<\/p>\n<p>&nbsp;<\/p>\n<h2 style=\"text-align: justify;\">Offres et services Seat\u00a0: assurance et entretien<\/h2>\n<p style=\"text-align: justify;\">Comme tous les constructeurs automobiles, Seat propose diff\u00e9rents services et garanties comme l\u2019entretien, la r\u00e9paration et le contr\u00f4le technique. Par ailleurs, les fans de la petite citadine Ibiza peuvent compter sur le Seat Assurance et son Service SEAT Mobilit\u00e9 afin de profiter d\u2019une aide en cas de panne ou d\u2019accident. Cette offre est valable dans 35 pays d\u2019Europe.<\/p>\n<p>&nbsp;<\/p>\n<p>&nbsp;<\/p>\n<p style=\"text-align: center;\"><a href=\"https:\/\/www.bymycar.fr\/rechercher-un-vehicule?prod_VEHICLES%5BrefinementList%5D%5Bbrand%5D%5B0%5D=SEAT&amp;prod_VEHICLES%5BrefinementList%5D%5BmodelGroup1%5D%5B0%5D=IBIZA\" target=\"_blank\" class=\"css-button css-button--gold\" >\n                D\u00e9couvrez les Seat Ibiza disponibles &gt;\n        <\/a><\/p>\n<p>&nbsp;<\/p>\n<p>&nbsp;<\/p>\n<h3 style=\"text-align: justify;\">\u00c0 LIRE \u00c9GALEMENT :<\/h3>\n<p style=\"text-align: justify;\"><a href=\"https:\/\/www.bymycar.fr\/webzine\/ou-se-trouve-la-boite-a-fusible-de-la-seat-ibiza\/\">Ou se trouve la boite \u00e0 fusible de la Seat Ibiza ?<\/a><\/p>\n<p style=\"text-align: justify;\"><a href=\"https:\/\/www.bymycar.fr\/webzine\/comment-reinitialiser-le-compteur-vidange-seat-ibiza\/\">Comment r\u00e9initialiser le compteur vidange seat ibiza ?<\/a><\/p>\n<p style=\"text-align: justify;\"><a href=\"https:\/\/www.bymycar.fr\/webzine\/comment-changer-la-pile-de-la-cle-dune-seat-ibiza\/\">Comment changer la pile de la cl\u00e9 d&rsquo;une Seat Ibiza ?<\/a><\/p>\n<p style=\"text-align: justify;\"><a href=\"https:\/\/www.bymycar.fr\/webzine\/seat-ibiza-vs-audi-a1-que-choisir\/\">Seat ibiza vs audi a1 : que choisir ?<\/a><\/p>\n<p style=\"text-align: justify;\"><a href=\"https:\/\/www.bymycar.fr\/webzine\/comment-reparer-la-resistance-chauffage-du-seat-ibiza\/\">Comment r\u00e9parer la r\u00e9sistance chauffage du Seat Ibiza ?<\/a><\/p>\n<p style=\"text-align: justify;\"><a href=\"https:\/\/www.bymycar.fr\/webzine\/quels-moteurs-sur-la-seat-ibiza\/\">Seat Ibiza : Que faire lorsque le voyant de pr\u00e9chauffage clignote ?<\/a><\/p>\n<p style=\"text-align: justify;\"><a href=\"https:\/\/www.bymycar.fr\/webzine\/courroie-de-distribution-seat-ibiza-prix-et-conseils-dentretien\/\">Courroie de distribution seat ibiza : prix et conseils d&rsquo;entretien<\/a><\/p>\n<p style=\"text-align: justify;\"><a href=\"https:\/\/www.bymycar.fr\/webzine\/quelle-essence-pour-seat-ibiza\/\">Quelle carburant pour Seat Ibiza ?<\/a><\/p>\n<p style=\"text-align: justify;\"><a href=\"https:\/\/www.bymycar.fr\/webzine\/seat-ibiza-vs-ford-fiesta-que-choisir\/\">Seat ibiza vs Ford Fiesta : que choisir ?<\/a><\/p>\n<p style=\"text-align: justify;\"><a href=\"https:\/\/www.bymycar.fr\/webzine\/quels-moteurs-sur-la-seat-ibiza\/\">Quels moteurs sur la seat ibiza ?<\/a><\/p>\n","titre":"Texte 1","image":false,"image_libre":false,"image_800x500":false,"legende":"","zoom":false,"texte":"","articles":false,"categorie_droite":false,"images":false,"elements_comparatif":false,"texte_1":"","texte_2":"","image_1":false,"image_1_563x400":false,"image_1_332x332":false,"image_2":false,"image_2_333x240":false,"image_2_563x400":false,"image_3":false,"image_3_333x240":false,"image_3_332x450":false,"image_4":false,"image_4_332x332":false,"image_4_563x400":false,"code_embed":"","legende_video":"","photo":false,"photo_100x100":false,"nom":"","fonction":"","elements_timeline":false,"entetes_colonnes":false,"entetes_lignes":false,"lignes":false,"introduction":"","formulaire":false,"question":"","reponse":"","libelle_bouton_lien":"","url_lien":"","questions":false,"conclusions":false,"pays":false,"region":false,"marque":false,"marqueConcessions":false,"modele":false,"ptvente":false,"typeV":false,"collection":false,"nombre_maximum_elements":10,"lien_fin_carousel":"","texte_lien_fin_carousel":"","trier_par":false}],"is_old_post":false,"image":{"ID":31065,"id":31065,"title":"prix seat ibiza","filename":"prix-seat-ibiza.jpeg","filesize":1,"url":"https:\/\/cdn.bymycar.eu\/fr-webzine\/wp-content\/uploads\/medias\/prix-seat-ibiza.jpeg","link":"https:\/\/www.bymycar.fr\/webzine\/audi-r8-vs-lamborghini-aventador-le-comparatif\/prix-seat-ibiza\/","alt":"","author":"9","description":"","caption":"","name":"prix-seat-ibiza","status":"inherit","uploaded_to":31058,"date":"2022-06-23 10:28:30","modified":"2022-06-23 10:28:30","menu_order":0,"mime_type":"image\/jpeg","type":"image","subtype":"jpeg","icon":"https:\/\/www.bymycar.fr\/webzine\/wp-includes\/images\/media\/default.png","width":750,"height":410,"sizes":{"thumbnail":"https:\/\/cdn.bymycar.eu\/fr-webzine\/wp-content\/uploads\/medias\/prix-seat-ibiza-150x150.jpeg","thumbnail-width":150,"thumbnail-height":150,"medium":"https:\/\/cdn.bymycar.eu\/fr-webzine\/wp-content\/uploads\/medias\/prix-seat-ibiza-300x164.jpeg","medium-width":300,"medium-height":164,"medium_large":"https:\/\/cdn.bymycar.eu\/fr-webzine\/wp-content\/uploads\/medias\/prix-seat-ibiza.jpeg","medium_large-width":750,"medium_large-height":410,"large":"https:\/\/cdn.bymycar.eu\/fr-webzine\/wp-content\/uploads\/medias\/prix-seat-ibiza.jpeg","large-width":750,"large-height":410,"1536x1536":"https:\/\/cdn.bymycar.eu\/fr-webzine\/wp-content\/uploads\/medias\/prix-seat-ibiza.jpeg","1536x1536-width":750,"1536x1536-height":410,"2048x2048":"https:\/\/cdn.bymycar.eu\/fr-webzine\/wp-content\/uploads\/medias\/prix-seat-ibiza.jpeg","2048x2048-width":750,"2048x2048-height":410}},"page_content":{"block_content":[{"acf_fc_layout":"text-simple","--nav":{"-withNav":false,"-ancre":""},"--group":{"-text":"<h2>Seat : marque de voiture espagnole<\/h2>\n<p>Fond\u00e9e en 1950, Seat est devenue une filiale du groupe allemand Volkswagen depuis 1986. Ce constructeur automobile espagnol bas\u00e9 \u00e0 Barcelone s&rsquo;est impos\u00e9 sur le march\u00e9 europ\u00e9en avec l&rsquo;Ibiza comme mod\u00e8le embl\u00e9matique, vendue \u00e0 plus de 6 millions d&rsquo;exemplaires depuis son lancement en 1984.<\/p>\n<h3>Design et technologies de la nouvelle Seat Ibiza<\/h3>\n<p>La nouvelle Seat Ibiza se distingue par son habitacle modernis\u00e9 avec une planche de bord en plastique mouss\u00e9, un volant en Nappa et des buses d&rsquo;a\u00e9ration \u00e9clair\u00e9es. Enti\u00e8rement connect\u00e9e, elle propose un syst\u00e8me Wireless Full Link, un \u00e9cran tactile de 8,25 ou 9,2 pouces et deux prises USB-C. C\u00f4t\u00e9 s\u00e9curit\u00e9, elle int\u00e8gre des technologies d&rsquo;aide \u00e0 la conduite comme le Travel Assist, l&rsquo;Exit Assist, le Side Assist et le High Beam Assist, garantissant une exp\u00e9rience de conduite optimale avec une consommation de carburant ma\u00eetris\u00e9e.<\/p>\n<h3>Seat Ibiza 2020 : quelles \u00e9volutions r\u00e9centes ?<\/h3>\n<p>La <a href=\"https:\/\/www.bymycar.fr\/v\/seat-ibiza-2020\">Seat Ibiza 2020<\/a> b\u00e9n\u00e9ficie d&rsquo;une large gamme de motorisations allant de 80 \u00e0 150 ch, disponibles en essence ou au gaz naturel comprim\u00e9. Elle propose le choix entre une bo\u00eete manuelle ou une bo\u00eete DSG \u00e0 double embrayage pour s&rsquo;adapter \u00e0 tous les styles de conduite. Avec une garantie constructeur solide et des valeurs de consommation optimis\u00e9es selon les normes WLTP (entre 5,1 et 6,2 l\/100 km selon les versions), cette citadine polyvalente continue d&rsquo;\u00e9voluer pour r\u00e9pondre aux attentes des conducteurs exigeants.<\/p>\n<h2>Quel est le prix d&rsquo;une Seat Ibiza ?<\/h2>\n<h3>Quel est le prix d&rsquo;une Seat Ibiza neuve ?<\/h3>\n<p>La Seat Ibiza est disponible en plusieurs finitions, chacune offrant un niveau d&rsquo;\u00e9quipement adapt\u00e9 \u00e0 vos besoins. Voici les tarifs catalogue des principales versions :<\/p>\n<table>\n<thead>\n<tr>\n<th>Finition<\/th>\n<th>\u00c0 partir de<\/th>\n<\/tr>\n<\/thead>\n<tbody>\n<tr>\n<td>Ibiza Reference<\/td>\n<td>16 900 \u20ac*<\/td>\n<\/tr>\n<tr>\n<td>Ibiza Copa<\/td>\n<td>18 450 \u20ac*<\/td>\n<\/tr>\n<tr>\n<td>Ibiza Urban<\/td>\n<td>20 745 \u20ac*<\/td>\n<\/tr>\n<tr>\n<td>Ibiza Xcellence<\/td>\n<td>22 850 \u20ac*<\/td>\n<\/tr>\n<tr>\n<td>Ibiza FR<\/td>\n<td>25 450 \u20ac*<\/td>\n<\/tr>\n<\/tbody>\n<\/table>\n<p>Vous pouvez personnaliser votre Seat Ibiza avec diff\u00e9rentes couleurs comme le rouge passion, blanc Candy, gris magn\u00e9tique, bleu asphalte ou noir minuit, selon la disponibilit\u00e9 des teintes.<\/p>\n<h3>Est-ce que la Seat Ibiza est une bonne voiture ?<\/h3>\n<p>La Seat Ibiza est une excellente citadine qui se distingue par sa polyvalence et son agr\u00e9ment de conduite. Son habitacle spacieux et ergonomique offre un confort remarquable pour tous les passagers, m\u00eame lors des longs trajets. Ses motorisations performantes et \u00e9conomiques en font une voiture r\u00e9active et plaisante \u00e0 conduire au quotidien. De plus, sa fiabilit\u00e9 reconnue et sa garantie constructeur vous assurent une tranquillit\u00e9 d&rsquo;esprit pour vos d\u00e9placements.<\/p>\n<h3>Seat Ibiza Copa : quels tarifs catalogue ?<\/h3>\n<p>La <a href=\"https:\/\/www.bymycar.fr\/v\/seat-ibiza-copa\">Ibiza Copa<\/a> repr\u00e9sente un excellent compromis entre prix abordable et \u00e9quipements g\u00e9n\u00e9reux. Cette finition sp\u00e9ciale propose un tarif \u00e0 partir de 18 450 \u20ac*, avec une dotation enrichie incluant l&rsquo;\u00e9cran tactile multim\u00e9dia, la climatisation automatique et les aides \u00e0 la conduite. La Seat Ibiza Copa est disponible avec plusieurs motorisations essence \u00e9conomiques, de 80 \u00e0 115 ch, associ\u00e9es \u00e0 une bo\u00eete manuelle ou automatique DSG selon vos pr\u00e9f\u00e9rences.<\/p>\n<h2>Offres et services Seat : assurance et entretien<\/h2>\n<h3>LOA Seat : quelle mensualit\u00e9 pour l&rsquo;Ibiza ?<\/h3>\n<p>La formule de Location avec Option d&rsquo;Achat (LOA) vous permet d&rsquo;acc\u00e9der \u00e0 la <a href=\"https:\/\/www.bymycar.fr\/v\/seat-ibiza-2024\">Ibiza 2024<\/a> avec une grande flexibilit\u00e9 financi\u00e8re. Cette solution inclut \u00e9galement le service Seat Mobilit\u00e9 qui vous assure une assistance rapide en cas de panne ou d&rsquo;accident dans 35 pays d&rsquo;Europe, pour rouler en toute s\u00e9r\u00e9nit\u00e9.<\/p>\n<h3>Garantie et entretien BYmyCAR<\/h3>\n<p>Votre concession BYmyCAR vous accompagne avec une garantie constructeur compl\u00e8te et des services d&rsquo;entretien, de r\u00e9paration et de contr\u00f4le technique adapt\u00e9s \u00e0 votre Seat Ibiza. Vous b\u00e9n\u00e9ficiez d&rsquo;un suivi professionnel et personnalis\u00e9 pour pr\u00e9server les performances et la long\u00e9vit\u00e9 de votre v\u00e9hicule.<\/p>\n<h3>\u00c0 LIRE \u00c9GALEMENT :<\/h3>\n<ul>\n<li><a href=\"https:\/\/www.bymycar.fr\/webzine\/ou-se-trouve-la-boite-a-fusible-de-la-seat-ibiza\/\">Ou se trouve la boite \u00e0 fusible de la Seat Ibiza ?<\/a><\/li>\n<li><a href=\"https:\/\/www.bymycar.fr\/webzine\/comment-reinitialiser-le-compteur-vidange-seat-ibiza\/\">Comment r\u00e9initialiser le compteur vidange seat ibiza ?<\/a><\/li>\n<li><a href=\"https:\/\/www.bymycar.fr\/webzine\/comment-changer-la-pile-de-la-cle-dune-seat-ibiza\/\">Comment changer la pile de la cl\u00e9 d&rsquo;une Seat Ibiza ?<\/a><\/li>\n<li><a href=\"https:\/\/www.bymycar.fr\/webzine\/seat-ibiza-vs-audi-a1-que-choisir\/\">Seat ibiza vs audi a1 : que choisir ?<\/a><\/li>\n<li><a href=\"https:\/\/www.bymycar.fr\/webzine\/comment-reparer-la-resistance-chauffage-du-seat-ibiza\/\">Comment r\u00e9parer la r\u00e9sistance chauffage du Seat Ibiza ?<\/a><\/li>\n<li><a href=\"https:\/\/www.bymycar.fr\/webzine\/quels-moteurs-sur-la-seat-ibiza\/\">Seat Ibiza : Que faire lorsque le voyant de pr\u00e9chauffage clignote ?<\/a><\/li>\n<li><a href=\"https:\/\/www.bymycar.fr\/webzine\/courroie-de-distribution-seat-ibiza-prix-et-conseils-dentretien\/\">Courroie de distribution seat ibiza : prix et conseils d&rsquo;entretien<\/a><\/li>\n<li><a href=\"https:\/\/www.bymycar.fr\/webzine\/quelle-essence-pour-seat-ibiza\/\">Quelle carburant pour Seat Ibiza ?<\/a><\/li>\n<li><a href=\"https:\/\/www.bymycar.fr\/webzine\/seat-ibiza-vs-ford-fiesta-que-choisir\/\">Seat ibiza vs Ford Fiesta : que choisir ?<\/a><\/li>\n<li><a href=\"https:\/\/www.bymycar.fr\/webzine\/quels-moteurs-sur-la-seat-ibiza\/\">Quels moteurs sur la seat ibiza ?<\/a><\/li>\n<\/ul>\n<p><em>Les prix mentionn\u00e9s sont donn\u00e9s \u00e0 titre indicatif et ont \u00e9t\u00e9 constat\u00e9s au moment de la r\u00e9daction. Ils sont susceptibles d&rsquo;\u00e9voluer. Pour obtenir une information exacte et \u00e0 jour, nous vous recommandons de contacter directement votre concession BYmyCAR.<\/em><\/p>\n"}}]},"add-to-bo":false,"add-carousel-to-footer":true},"yoast_head":"<!-- This site is optimized with the Yoast SEO Premium plugin v26.4 (Yoast SEO v26.4) - https:\/\/yoast.com\/wordpress\/plugins\/seo\/ -->\n<title>Combien co\u00fbte la Seat Ibiza\u2009?<\/title>\n<meta name=\"robots\" content=\"index, follow, max-snippet:-1, max-image-preview:large, max-video-preview:-1\" \/>\n<link rel=\"canonical\" href=\"https:\/\/www.bymycar.fr\/webzine\/combien-coute-la-seat-ibiza\/\" \/>\n<meta property=\"og:locale\" content=\"fr_FR\" \/>\n<meta property=\"og:type\" content=\"article\" \/>\n<meta property=\"og:title\" content=\"Combien co\u00fbte la Seat Ibiza\u2009?\" \/>\n<meta property=\"og:url\" content=\"https:\/\/www.bymycar.fr\/webzine\/combien-coute-la-seat-ibiza\/\" \/>\n<meta property=\"og:site_name\" content=\"Webzine auto BYmyCAR\" \/>\n<meta property=\"article:published_time\" content=\"2022-06-28T09:21:43+00:00\" \/>\n<meta property=\"article:modified_time\" content=\"2025-12-12T10:36:47+00:00\" \/>\n<meta property=\"og:image\" content=\"https:\/\/cdn.bymycar.eu\/fr-webzine\/wp-content\/uploads\/medias\/prix-seat-ibiza.jpeg\" \/>\n\t<meta property=\"og:image:width\" content=\"750\" \/>\n\t<meta property=\"og:image:height\" content=\"410\" \/>\n\t<meta property=\"og:image:type\" content=\"image\/jpeg\" \/>\n<meta name=\"author\" content=\"Gregoire LE BIHAN\" \/>\n<meta name=\"twitter:card\" content=\"summary_large_image\" \/>\n<meta name=\"twitter:label1\" content=\"\u00c9crit par\" \/>\n\t<meta name=\"twitter:data1\" content=\"Gregoire LE BIHAN\" \/>\n\t<meta name=\"twitter:label2\" content=\"Dur\u00e9e de lecture estim\u00e9e\" \/>\n\t<meta name=\"twitter:data2\" content=\"1 minute\" \/>\n<script type=\"application\/ld+json\" class=\"yoast-schema-graph\">{\"@context\":\"https:\/\/schema.org\",\"@graph\":[{\"@type\":\"Article\",\"@id\":\"https:\/\/www.bymycar.fr\/webzine\/combien-coute-la-seat-ibiza\/#article\",\"isPartOf\":{\"@id\":\"https:\/\/www.bymycar.fr\/webzine\/combien-coute-la-seat-ibiza\/\"},\"author\":{\"name\":\"Gregoire LE BIHAN\",\"@id\":\"https:\/\/www.bymycar.fr\/webzine\/#\/schema\/person\/8c56906440ec126868bd40232b3445f0\"},\"headline\":\"Combien co\u00fbte la Seat Ibiza\u2009?\",\"datePublished\":\"2022-06-28T09:21:43+00:00\",\"dateModified\":\"2025-12-12T10:36:47+00:00\",\"mainEntityOfPage\":{\"@id\":\"https:\/\/www.bymycar.fr\/webzine\/combien-coute-la-seat-ibiza\/\"},\"wordCount\":6,\"publisher\":{\"@id\":\"https:\/\/www.bymycar.fr\/webzine\/#organization\"},\"image\":{\"@id\":\"https:\/\/www.bymycar.fr\/webzine\/combien-coute-la-seat-ibiza\/#primaryimage\"},\"thumbnailUrl\":\"https:\/\/cdn.bymycar.eu\/fr-webzine\/wp-content\/uploads\/medias\/prix-seat-ibiza.jpeg\",\"articleSection\":[\"Guide d'achat\",\"Guide d'achat Seat Ibiza\"],\"inLanguage\":\"fr-FR\"},{\"@type\":\"WebPage\",\"@id\":\"https:\/\/www.bymycar.fr\/webzine\/combien-coute-la-seat-ibiza\/\",\"url\":\"https:\/\/www.bymycar.fr\/webzine\/combien-coute-la-seat-ibiza\/\",\"name\":\"Combien co\u00fbte la Seat Ibiza\u2009?\",\"isPartOf\":{\"@id\":\"https:\/\/www.bymycar.fr\/webzine\/#website\"},\"primaryImageOfPage\":{\"@id\":\"https:\/\/www.bymycar.fr\/webzine\/combien-coute-la-seat-ibiza\/#primaryimage\"},\"image\":{\"@id\":\"https:\/\/www.bymycar.fr\/webzine\/combien-coute-la-seat-ibiza\/#primaryimage\"},\"thumbnailUrl\":\"https:\/\/cdn.bymycar.eu\/fr-webzine\/wp-content\/uploads\/medias\/prix-seat-ibiza.jpeg\",\"datePublished\":\"2022-06-28T09:21:43+00:00\",\"dateModified\":\"2025-12-12T10:36:47+00:00\",\"breadcrumb\":{\"@id\":\"https:\/\/www.bymycar.fr\/webzine\/combien-coute-la-seat-ibiza\/#breadcrumb\"},\"inLanguage\":\"fr-FR\",\"potentialAction\":[{\"@type\":\"ReadAction\",\"target\":[\"https:\/\/www.bymycar.fr\/webzine\/combien-coute-la-seat-ibiza\/\"]}]},{\"@type\":\"ImageObject\",\"inLanguage\":\"fr-FR\",\"@id\":\"https:\/\/www.bymycar.fr\/webzine\/combien-coute-la-seat-ibiza\/#primaryimage\",\"url\":\"https:\/\/cdn.bymycar.eu\/fr-webzine\/wp-content\/uploads\/medias\/prix-seat-ibiza.jpeg\",\"contentUrl\":\"https:\/\/cdn.bymycar.eu\/fr-webzine\/wp-content\/uploads\/medias\/prix-seat-ibiza.jpeg\",\"width\":750,\"height\":410},{\"@type\":\"BreadcrumbList\",\"@id\":\"https:\/\/www.bymycar.fr\/webzine\/combien-coute-la-seat-ibiza\/#breadcrumb\",\"itemListElement\":[{\"@type\":\"ListItem\",\"position\":1,\"name\":\"Accueil\",\"item\":\"https:\/\/www.bymycar.fr\/webzine\/\"},{\"@type\":\"ListItem\",\"position\":2,\"name\":\"Combien co\u00fbte la Seat Ibiza\u2009?\"}]},{\"@type\":\"WebSite\",\"@id\":\"https:\/\/www.bymycar.fr\/webzine\/#website\",\"url\":\"https:\/\/www.bymycar.fr\/webzine\/\",\"name\":\"Webzine auto BYmyCAR\",\"description\":\"La magazine auto de BYmyCAR\",\"publisher\":{\"@id\":\"https:\/\/www.bymycar.fr\/webzine\/#organization\"},\"potentialAction\":[{\"@type\":\"SearchAction\",\"target\":{\"@type\":\"EntryPoint\",\"urlTemplate\":\"https:\/\/www.bymycar.fr\/webzine\/?s={search_term_string}\"},\"query-input\":{\"@type\":\"PropertyValueSpecification\",\"valueRequired\":true,\"valueName\":\"search_term_string\"}}],\"inLanguage\":\"fr-FR\"},{\"@type\":\"Organization\",\"@id\":\"https:\/\/www.bymycar.fr\/webzine\/#organization\",\"name\":\"BYmyCAR\",\"url\":\"https:\/\/www.bymycar.fr\/webzine\/\",\"logo\":{\"@type\":\"ImageObject\",\"inLanguage\":\"fr-FR\",\"@id\":\"https:\/\/www.bymycar.fr\/webzine\/#\/schema\/logo\/image\/\",\"url\":\"https:\/\/cdn.bymycar.eu\/fr-webzine\/wp-content\/uploads\/medias\/2017\/08\/logo_DEALER_00000406_001.png\",\"contentUrl\":\"https:\/\/cdn.bymycar.eu\/fr-webzine\/wp-content\/uploads\/medias\/2017\/08\/logo_DEALER_00000406_001.png\",\"width\":2132,\"height\":720,\"caption\":\"BYmyCAR\"},\"image\":{\"@id\":\"https:\/\/www.bymycar.fr\/webzine\/#\/schema\/logo\/image\/\"}},{\"@type\":\"Person\",\"@id\":\"https:\/\/www.bymycar.fr\/webzine\/#\/schema\/person\/8c56906440ec126868bd40232b3445f0\",\"name\":\"Gregoire LE BIHAN\",\"image\":{\"@type\":\"ImageObject\",\"inLanguage\":\"fr-FR\",\"@id\":\"https:\/\/www.bymycar.fr\/webzine\/#\/schema\/person\/image\/\",\"url\":\"https:\/\/secure.gravatar.com\/avatar\/1356d71f3c6eed50de358ba425c9944b742a0d35f88e0d5f8afe88fdac525492?s=96&d=mm&r=g\",\"contentUrl\":\"https:\/\/secure.gravatar.com\/avatar\/1356d71f3c6eed50de358ba425c9944b742a0d35f88e0d5f8afe88fdac525492?s=96&d=mm&r=g\",\"caption\":\"Gregoire LE BIHAN\"}}]}<\/script>\n<!-- \/ Yoast SEO Premium plugin. -->","yoast_head_json":{"title":"Combien co\u00fbte la Seat Ibiza\u2009?","robots":{"index":"index","follow":"follow","max-snippet":"max-snippet:-1","max-image-preview":"max-image-preview:large","max-video-preview":"max-video-preview:-1"},"canonical":"https:\/\/www.bymycar.fr\/webzine\/combien-coute-la-seat-ibiza\/","og_locale":"fr_FR","og_type":"article","og_title":"Combien co\u00fbte la Seat Ibiza\u2009?","og_url":"https:\/\/www.bymycar.fr\/webzine\/combien-coute-la-seat-ibiza\/","og_site_name":"Webzine auto BYmyCAR","article_published_time":"2022-06-28T09:21:43+00:00","article_modified_time":"2025-12-12T10:36:47+00:00","og_image":[{"width":750,"height":410,"url":"https:\/\/cdn.bymycar.eu\/fr-webzine\/wp-content\/uploads\/medias\/prix-seat-ibiza.jpeg","type":"image\/jpeg"}],"author":"Gregoire LE BIHAN","twitter_card":"summary_large_image","twitter_misc":{"\u00c9crit par":"Gregoire LE BIHAN","Dur\u00e9e de lecture estim\u00e9e":"1 minute"},"schema":{"@context":"https:\/\/schema.org","@graph":[{"@type":"Article","@id":"https:\/\/www.bymycar.fr\/webzine\/combien-coute-la-seat-ibiza\/#article","isPartOf":{"@id":"https:\/\/www.bymycar.fr\/webzine\/combien-coute-la-seat-ibiza\/"},"author":{"name":"Gregoire LE BIHAN","@id":"https:\/\/www.bymycar.fr\/webzine\/#\/schema\/person\/8c56906440ec126868bd40232b3445f0"},"headline":"Combien co\u00fbte la Seat Ibiza\u2009?","datePublished":"2022-06-28T09:21:43+00:00","dateModified":"2025-12-12T10:36:47+00:00","mainEntityOfPage":{"@id":"https:\/\/www.bymycar.fr\/webzine\/combien-coute-la-seat-ibiza\/"},"wordCount":6,"publisher":{"@id":"https:\/\/www.bymycar.fr\/webzine\/#organization"},"image":{"@id":"https:\/\/www.bymycar.fr\/webzine\/combien-coute-la-seat-ibiza\/#primaryimage"},"thumbnailUrl":"https:\/\/cdn.bymycar.eu\/fr-webzine\/wp-content\/uploads\/medias\/prix-seat-ibiza.jpeg","articleSection":["Guide d'achat","Guide d'achat Seat Ibiza"],"inLanguage":"fr-FR"},{"@type":"WebPage","@id":"https:\/\/www.bymycar.fr\/webzine\/combien-coute-la-seat-ibiza\/","url":"https:\/\/www.bymycar.fr\/webzine\/combien-coute-la-seat-ibiza\/","name":"Combien co\u00fbte la Seat Ibiza\u2009?","isPartOf":{"@id":"https:\/\/www.bymycar.fr\/webzine\/#website"},"primaryImageOfPage":{"@id":"https:\/\/www.bymycar.fr\/webzine\/combien-coute-la-seat-ibiza\/#primaryimage"},"image":{"@id":"https:\/\/www.bymycar.fr\/webzine\/combien-coute-la-seat-ibiza\/#primaryimage"},"thumbnailUrl":"https:\/\/cdn.bymycar.eu\/fr-webzine\/wp-content\/uploads\/medias\/prix-seat-ibiza.jpeg","datePublished":"2022-06-28T09:21:43+00:00","dateModified":"2025-12-12T10:36:47+00:00","breadcrumb":{"@id":"https:\/\/www.bymycar.fr\/webzine\/combien-coute-la-seat-ibiza\/#breadcrumb"},"inLanguage":"fr-FR","potentialAction":[{"@type":"ReadAction","target":["https:\/\/www.bymycar.fr\/webzine\/combien-coute-la-seat-ibiza\/"]}]},{"@type":"ImageObject","inLanguage":"fr-FR","@id":"https:\/\/www.bymycar.fr\/webzine\/combien-coute-la-seat-ibiza\/#primaryimage","url":"https:\/\/cdn.bymycar.eu\/fr-webzine\/wp-content\/uploads\/medias\/prix-seat-ibiza.jpeg","contentUrl":"https:\/\/cdn.bymycar.eu\/fr-webzine\/wp-content\/uploads\/medias\/prix-seat-ibiza.jpeg","width":750,"height":410},{"@type":"BreadcrumbList","@id":"https:\/\/www.bymycar.fr\/webzine\/combien-coute-la-seat-ibiza\/#breadcrumb","itemListElement":[{"@type":"ListItem","position":1,"name":"Accueil","item":"https:\/\/www.bymycar.fr\/webzine\/"},{"@type":"ListItem","position":2,"name":"Combien co\u00fbte la Seat Ibiza\u2009?"}]},{"@type":"WebSite","@id":"https:\/\/www.bymycar.fr\/webzine\/#website","url":"https:\/\/www.bymycar.fr\/webzine\/","name":"Webzine auto BYmyCAR","description":"La magazine auto de BYmyCAR","publisher":{"@id":"https:\/\/www.bymycar.fr\/webzine\/#organization"},"potentialAction":[{"@type":"SearchAction","target":{"@type":"EntryPoint","urlTemplate":"https:\/\/www.bymycar.fr\/webzine\/?s={search_term_string}"},"query-input":{"@type":"PropertyValueSpecification","valueRequired":true,"valueName":"search_term_string"}}],"inLanguage":"fr-FR"},{"@type":"Organization","@id":"https:\/\/www.bymycar.fr\/webzine\/#organization","name":"BYmyCAR","url":"https:\/\/www.bymycar.fr\/webzine\/","logo":{"@type":"ImageObject","inLanguage":"fr-FR","@id":"https:\/\/www.bymycar.fr\/webzine\/#\/schema\/logo\/image\/","url":"https:\/\/cdn.bymycar.eu\/fr-webzine\/wp-content\/uploads\/medias\/2017\/08\/logo_DEALER_00000406_001.png","contentUrl":"https:\/\/cdn.bymycar.eu\/fr-webzine\/wp-content\/uploads\/medias\/2017\/08\/logo_DEALER_00000406_001.png","width":2132,"height":720,"caption":"BYmyCAR"},"image":{"@id":"https:\/\/www.bymycar.fr\/webzine\/#\/schema\/logo\/image\/"}},{"@type":"Person","@id":"https:\/\/www.bymycar.fr\/webzine\/#\/schema\/person\/8c56906440ec126868bd40232b3445f0","name":"Gregoire LE BIHAN","image":{"@type":"ImageObject","inLanguage":"fr-FR","@id":"https:\/\/www.bymycar.fr\/webzine\/#\/schema\/person\/image\/","url":"https:\/\/secure.gravatar.com\/avatar\/1356d71f3c6eed50de358ba425c9944b742a0d35f88e0d5f8afe88fdac525492?s=96&d=mm&r=g","contentUrl":"https:\/\/secure.gravatar.com\/avatar\/1356d71f3c6eed50de358ba425c9944b742a0d35f88e0d5f8afe88fdac525492?s=96&d=mm&r=g","caption":"Gregoire LE BIHAN"}}]}},"_links":{"self":[{"href":"https:\/\/www.bymycar.fr\/webzine\/wp-json\/wp\/v2\/posts\/31016","targetHints":{"allow":["GET"]}}],"collection":[{"href":"https:\/\/www.bymycar.fr\/webzine\/wp-json\/wp\/v2\/posts"}],"about":[{"href":"https:\/\/www.bymycar.fr\/webzine\/wp-json\/wp\/v2\/types\/post"}],"author":[{"embeddable":true,"href":"https:\/\/www.bymycar.fr\/webzine\/wp-json\/wp\/v2\/users\/9"}],"replies":[{"embeddable":true,"href":"https:\/\/www.bymycar.fr\/webzine\/wp-json\/wp\/v2\/comments?post=31016"}],"version-history":[{"count":7,"href":"https:\/\/www.bymycar.fr\/webzine\/wp-json\/wp\/v2\/posts\/31016\/revisions"}],"predecessor-version":[{"id":62810,"href":"https:\/\/www.bymycar.fr\/webzine\/wp-json\/wp\/v2\/posts\/31016\/revisions\/62810"}],"wp:featuredmedia":[{"embeddable":true,"href":"https:\/\/www.bymycar.fr\/webzine\/wp-json\/wp\/v2\/media\/31065"}],"wp:attachment":[{"href":"https:\/\/www.bymycar.fr\/webzine\/wp-json\/wp\/v2\/media?parent=31016"}],"wp:term":[{"taxonomy":"category","embeddable":true,"href":"https:\/\/www.bymycar.fr\/webzine\/wp-json\/wp\/v2\/categories?post=31016"},{"taxonomy":"post_tag","embeddable":true,"href":"https:\/\/www.bymycar.fr\/webzine\/wp-json\/wp\/v2\/tags?post=31016"}],"curies":[{"name":"wp","href":"https:\/\/api.w.org\/{rel}","templated":true}]}}