{"id":30818,"date":"2022-06-28T10:37:42","date_gmt":"2022-06-28T08:37:42","guid":{"rendered":"https:\/\/prod.bymycar.fr\/webzine\/?p=30818"},"modified":"2025-12-10T16:47:16","modified_gmt":"2025-12-10T15:47:16","slug":"quel-est-le-prix-du-renault-espace","status":"publish","type":"post","link":"https:\/\/www.bymycar.fr\/webzine\/quel-est-le-prix-du-renault-espace\/","title":{"rendered":"Quel est le prix du Renault Espace ?"},"content":{"rendered":"","protected":false},"excerpt":{"rendered":"","protected":false},"author":9,"featured_media":39836,"comment_status":"closed","ping_status":"closed","sticky":false,"template":"","format":"standard","meta":{"_acf_changed":false,"footnotes":""},"categories":[12893,12920],"tags":[],"class_list":["post-30818","post","type-post","status-publish","format-standard","has-post-thumbnail","hentry","category-guide-dachat","category-guide-dachat-renault-espace"],"acf":{"template":"classique","introduction":"<p>Mod\u00e8le embl\u00e9matique de la gamme Renault, l&rsquo;Espace a connu une remarquable \u00e9volution depuis sa cr\u00e9ation. Ce SUV familial, d\u00e9sormais disponible en version hybride, offre un confort exceptionnel et une habitabilit\u00e9 g\u00e9n\u00e9reuse. D\u00e9couvrez avec BYmyCAR tout ce que vous devez savoir sur le prix du Renault Espace.<\/p>\n<p><strong>\u00c0 retenir : les 3 atouts majeurs du Renault Espace<\/strong><\/p>\n<p>Le Renault Espace se distingue par trois avantages majeurs :<\/p>\n<ul>\n<li>Un habitacle spacieux et modulable avec banquette arri\u00e8re coulissante sur 22 cm et le meilleur espace aux jambes de sa cat\u00e9gorie.<\/li>\n<li>Une motorisation full hybrid E-Tech de 200 ch offrant jusqu&rsquo;\u00e0 80 % de temps de conduite \u00e9lectrique en ville sans besoin de recharge.<\/li>\n<li>Un design modernis\u00e9 avec un toit panoramique opacifiant Solarbay pour un confort exceptionnel lors de tous vos trajets.<\/li>\n<\/ul>\n<p>Le Renault Espace allie ainsi parfaitement espace, technologie et confort pour r\u00e9pondre \u00e0 tous vos besoins familiaux comme professionnels.<\/p>\n","strates":[{"type_strate":"carousel-produits","ancre":"","contenu":"<h2 style=\"text-align: justify;\">Renault Espace : br\u00e8ve description de la voiture<\/h2>\n<p style=\"text-align: justify;\">Le <a href=\"https:\/\/www.bymycar.fr\/marques\/renault\/espace\">Renault Espace\u00a0<\/a>est un monospace apparu en 1984. Il se caract\u00e9rise par un habitacle spacieux et un confort adapt\u00e9 au transport de plusieurs personnes. Le Renault Espace est tout aussi id\u00e9al en voiture familiale qu\u2019en voiture de transport de personnel.<\/p>\n<h2 style=\"text-align: justify;\">Les diff\u00e9rentes g\u00e9n\u00e9rations de Renault Espace<\/h2>\n<p style=\"text-align: justify;\">Depuis le premier Espace, 4 autres g\u00e9n\u00e9rations d\u2019Espace ont vu le jour. Chaque g\u00e9n\u00e9ration a \u00e9volu\u00e9 avec son temps, gr\u00e2ce aux avanc\u00e9es technologiques et aux tendances en mati\u00e8re de design automobile.<\/p>\n<h3 style=\"text-align: justify;\">Espace I (1984 &#8211; 1991)<\/h3>\n<p style=\"text-align: justify;\">Cette premi\u00e8re g\u00e9n\u00e9ration d\u2019Espace est imagin\u00e9e et con\u00e7ue par Matra. Il s\u2019agit d\u2019une voiture modulaire destin\u00e9e au transport des familles et de leurs bagages, tout en profitant d\u2019un excellent confort.<\/p>\n<p style=\"text-align: justify;\">L\u2019Espace I s\u2019est vendu \u00e0 191\u00a0694 exemplaires. Des versions \u00e0 essence et diesel ont \u00e9t\u00e9 mises en vente. La traction int\u00e9grale de l\u2019Espace I a \u00e9t\u00e9 coupl\u00e9e \u00e0 une bo\u00eete de vitesses manuelle \u00e0 5 rapports. Produit entre 1984 et 1991, il subit un restylage en 1988.<\/p>\n<h3 style=\"text-align: justify;\">Espace II (1991 &#8211; 1997)<\/h3>\n<p style=\"text-align: justify;\">L\u2019Espace II appara\u00eet d\u00e8s que la production de la premi\u00e8re g\u00e9n\u00e9ration se termine. Cette version de l\u2019espace est plus puissante que la pr\u00e9c\u00e9dente. Il se diff\u00e9rencie \u00e9galement par son design, favorisant les lignes arrondies plut\u00f4t que franches. Il s\u2019est vendu \u00e0 317\u00a0225 exemplaires.<\/p>\n<h3 style=\"text-align: justify;\">Espace III (1996 &#8211; 2002)<\/h3>\n<p style=\"text-align: justify;\">L\u2019Espace III est le premier mod\u00e8le proposant une version roulant au GPL. Il dispose \u00e9galement d&rsquo;un syst\u00e8me d&rsquo;assistance \u00e0 la conduite. L\u2019Espace III phase 1 est produite de 1996 \u00e0 2000. La phase 2 l\u2019est de 2000 \u00e0 2002. L\u2019Espace III s\u2019est \u00e9coul\u00e9 \u00e0 365\u00a0323 exemplaires.<\/p>\n<h3 style=\"text-align: justify;\">Espace IV (2002 &#8211; 2014)<\/h3>\n<p style=\"text-align: justify;\">L\u2019Espace IV se d\u00e9marque de ses pr\u00e9d\u00e9cesseurs par une bo\u00eete manuelle de vitesse pouvant \u00eatre de 5 rapports. Son design \u00e9volue \u00e9galement afin de mieux correspondre aux tendances actuelles de design automobile. Question technologie, l&rsquo;Espace IV dispose d&rsquo;une cam\u00e9ra de recul ainsi que de la climatisation automatique. De 2002 \u00e0 2014, 4 diff\u00e9rentes phases d\u2019Espace IV ont \u00e9t\u00e9 produites, \u00e0 raison de 372\u00a0692 exemplaires vendus durant cette p\u00e9riode.<\/p>\n<h3 style=\"text-align: justify;\">Espace V (2015, 2016, 2017, 2018, 2019, 2020, 2021, 2022)<\/h3>\n<p style=\"text-align: justify;\">L\u2019Espace V est la derni\u00e8re g\u00e9n\u00e9ration de Renault Espace. Il s\u2019agit de la plus puissante, puisque pouvant g\u00e9n\u00e9rer jusqu\u2019\u00e0 225 ch. Sa bo\u00eete de vitesse peut \u00eatre\u00a0:<\/p>\n<ul style=\"text-align: justify;\">\n<li>Manuelle \u00e0 6 rapports\u00a0;<\/li>\n<li>Automatique \u00e0 7 rapports.<\/li>\n<\/ul>\n<h2 style=\"text-align: justify;\">Prix d&rsquo;un Renault Espace neuf<\/h2>\n<ul style=\"text-align: justify;\">\n<li>Espace III\u00a0: 31 600 \u20ac\u00a0;<\/li>\n<li>Espace IV\u00a0: 35 700 \u20ac\u00a0;<\/li>\n<li>Espace V\u00a0: 41 712 \u20ac.<\/li>\n<\/ul>\n<p style=\"text-align: justify;\">Les prix affich\u00e9s sont ceux des mod\u00e8les d\u2019entr\u00e9e de gamme (cote argus).<\/p>\n<p style=\"text-align: justify;\">NB\u00a0: comme les 2 premi\u00e8res g\u00e9n\u00e9rations sont des anciennes voitures, il est impossible d\u2019en trouver sur le march\u00e9 du neuf.<\/p>\n<h2 style=\"text-align: justify;\">Prix d&rsquo;un Renault Espace d&rsquo;occasion<\/h2>\n<p style=\"text-align: justify;\">Il est possible de trouver des Renault Espace d\u2019occasion \u00e0 partir de 3 490 \u20ac. Le prix d\u2019une voiture \u00e0 l\u2019occasion d\u00e9pend de sa date de production, de son kilom\u00e9trage, et de l\u2019\u00e9tat g\u00e9n\u00e9ral de son int\u00e9rieur, de sa carrosserie et de son moteur.<\/p>\n<h2 style=\"text-align: justify;\">Prix du nouveau Renault Espace hybride<\/h2>\n<p style=\"text-align: justify;\">La premi\u00e8re version hybride de Renault Espace ne verra le jour qu\u2019en 2023. Aucune information sur le prix de ce nouvel Espace n\u2019a encore \u00e9t\u00e9 communiqu\u00e9e.<\/p>\n<h2 style=\"text-align: justify;\">Quel est le tarif pour la location d&rsquo;un Renault Espace en France ?<\/h2>\n<p style=\"text-align: justify;\">Il est possible de louer un Renault Espace pour 15 \u20ac\/jour. Les prix diff\u00e8rent en fonction des tarifs impos\u00e9s par les entreprises de location, ainsi que de l\u2019\u00e9tat et de la g\u00e9n\u00e9ration du Renault Espace.<\/p>\n<h3 style=\"text-align: justify;\">\u00c0 LIRE \u00c9GALEMENT :<\/h3>\n<p style=\"text-align: justify;\"><a href=\"https:\/\/www.bymycar.fr\/webzine\/peugeot-5008-vs-renault-espace-5-que-choisir\/\">Peugeot 5008 vs Renault Espace 5 : que choisir ?<\/a><\/p>\n<p style=\"text-align: justify;\"><a href=\"https:\/\/www.bymycar.fr\/webzine\/quelle-finition-acheter-sur-le-renault-espace\/\">Quelle finition acheter sur le Renault Espace ?<\/a><\/p>\n<p style=\"text-align: justify;\"><a href=\"https:\/\/www.bymycar.fr\/webzine\/renault-espace-vs-scenic-que-choisir\/\">Renault Espace vs Scenic : que choisir ?<\/a><\/p>\n<p style=\"text-align: justify;\"><a href=\"https:\/\/www.bymycar.fr\/webzine\/renault-espace-ou-grand-scenic-que-choisir\/\">Renault Espace ou Grand Scenic : que choisir ?<\/a><\/p>\n<p style=\"text-align: justify;\"><a href=\"https:\/\/www.bymycar.fr\/webzine\/comment-faire-la-vidange-dun-renault-espace\/\">Comment faire la vidange d&rsquo;un Renault Espace ?<\/a><\/p>\n<p style=\"text-align: justify;\"><a href=\"https:\/\/www.bymycar.fr\/webzine\/renault-espace-vs-touran-que-choisir\/\">Renault Espace vs Touran : que choisir ?<\/a><\/p>\n<p style=\"text-align: justify;\"><a href=\"https:\/\/www.bymycar.fr\/webzine\/ou-se-trouve-le-demarreur-sur-un-renault-espace-4\/\">O\u00f9 se trouve le d\u00e9marreur sur un Renault espace 4 ?<\/a><\/p>\n<p style=\"text-align: justify;\"><a href=\"https:\/\/www.bymycar.fr\/webzine\/quel-renault-espace-choisir\/\">Quel Renault Espace choisir ?<\/a><\/p>\n<p style=\"text-align: justify;\"><a href=\"https:\/\/www.bymycar.fr\/webzine\/comment-ouvrir-un-capot-de-renault-espace\/\">Comment ouvrir un capot de Renault Espace ?<\/a><\/p>\n<p style=\"text-align: justify;\"><a href=\"https:\/\/www.bymycar.fr\/webzine\/comment-ouvrir-un-renault-espace-sans-cle\/\">Comment ouvrir un Renault Espace sans cl\u00e9 ?<\/a><\/p>\n","titre":"Voir nos v\u00e9hicules Renault Espace disponibles","image":false,"image_libre":false,"image_800x500":false,"legende":"","zoom":false,"texte":"","articles":false,"categorie_droite":false,"images":false,"elements_comparatif":false,"texte_1":"","texte_2":"","image_1":false,"image_1_563x400":false,"image_1_332x332":false,"image_2":false,"image_2_333x240":false,"image_2_563x400":false,"image_3":false,"image_3_333x240":false,"image_3_332x450":false,"image_4":false,"image_4_332x332":false,"image_4_563x400":false,"code_embed":"","legende_video":"","photo":false,"photo_100x100":false,"nom":"","fonction":"","elements_timeline":false,"entetes_colonnes":false,"entetes_lignes":false,"lignes":false,"introduction":"","formulaire":false,"question":"","reponse":"","libelle_bouton_lien":"","url_lien":"","questions":false,"conclusions":false,"pays":"1","region":"","marque":"1","marqueConcessions":false,"modele":"ESPACE","ptvente":"","typeV":"","collection":"","nombre_maximum_elements":"5","lien_fin_carousel":"https:\/\/www.bymycar.fr\/rechercher-un-vehicule?prod_VEHICLES%5BrefinementList%5D%5Bbrand%5D%5B0%5D=RENAULT&prod_VEHICLES%5BrefinementList%5D%5BmodelGroup1%5D%5B0%5D=ESPACE","texte_lien_fin_carousel":"voir plus de v\u00e9hicules","trier_par":"prix"},{"type_strate":"texte-simple","ancre":"","contenu":"<h2 style=\"text-align: justify;\">Renault Espace : br\u00e8ve description de la voiture<\/h2>\n<p style=\"text-align: justify;\">Le <a href=\"https:\/\/www.bymycar.fr\/marques\/renault\/espace\">Renault Espace\u00a0<\/a>est un monospace apparu en 1984. Il se caract\u00e9rise par un habitacle spacieux et un confort adapt\u00e9 au transport de plusieurs personnes. Le Renault Espace est tout aussi id\u00e9al en voiture familiale qu\u2019en voiture de transport de personnel.<\/p>\n<h2 style=\"text-align: justify;\">Les diff\u00e9rentes g\u00e9n\u00e9rations de Renault Espace<\/h2>\n<p style=\"text-align: justify;\">Depuis le premier Espace, 4 autres g\u00e9n\u00e9rations d\u2019Espace ont vu le jour. Chaque g\u00e9n\u00e9ration a \u00e9volu\u00e9 avec son temps, gr\u00e2ce aux avanc\u00e9es technologiques et aux tendances en mati\u00e8re de design automobile.<\/p>\n<h3 style=\"text-align: justify;\">Espace I (1984 &#8211; 1991)<\/h3>\n<p style=\"text-align: justify;\">Cette premi\u00e8re g\u00e9n\u00e9ration d\u2019Espace est imagin\u00e9e et con\u00e7ue par Matra. Il s\u2019agit d\u2019une voiture modulaire destin\u00e9e au transport des familles et de leurs bagages, tout en profitant d\u2019un excellent confort.<\/p>\n<p style=\"text-align: justify;\">L\u2019Espace I s\u2019est vendu \u00e0 191\u00a0694 exemplaires. Des versions \u00e0 essence et diesel ont \u00e9t\u00e9 mises en vente. La traction int\u00e9grale de l\u2019Espace I a \u00e9t\u00e9 coupl\u00e9e \u00e0 une bo\u00eete de vitesses manuelle \u00e0 5 rapports. Produit entre 1984 et 1991, il subit un restylage en 1988.<\/p>\n<h3 style=\"text-align: justify;\">Espace II (1991 &#8211; 1997)<\/h3>\n<p style=\"text-align: justify;\">L\u2019Espace II appara\u00eet d\u00e8s que la production de la premi\u00e8re g\u00e9n\u00e9ration se termine. Cette version de l\u2019espace est plus puissante que la pr\u00e9c\u00e9dente. Il se diff\u00e9rencie \u00e9galement par son design, favorisant les lignes arrondies plut\u00f4t que franches. Il s\u2019est vendu \u00e0 317\u00a0225 exemplaires.<\/p>\n<h3 style=\"text-align: justify;\">Espace III (1996 &#8211; 2002)<\/h3>\n<p style=\"text-align: justify;\">L\u2019Espace III est le premier mod\u00e8le proposant une version roulant au GPL. Il dispose \u00e9galement d&rsquo;un syst\u00e8me d&rsquo;assistance \u00e0 la conduite. L\u2019Espace III phase 1 est produite de 1996 \u00e0 2000. La phase 2 l\u2019est de 2000 \u00e0 2002. L\u2019Espace III s\u2019est \u00e9coul\u00e9 \u00e0 365\u00a0323 exemplaires.<\/p>\n<h3 style=\"text-align: justify;\">Espace IV (2002 &#8211; 2014)<\/h3>\n<p style=\"text-align: justify;\">L\u2019Espace IV se d\u00e9marque de ses pr\u00e9d\u00e9cesseurs par une bo\u00eete manuelle de vitesse pouvant \u00eatre de 5 rapports. Son design \u00e9volue \u00e9galement afin de mieux correspondre aux tendances actuelles de design automobile. Question technologie, l&rsquo;Espace IV dispose d&rsquo;une cam\u00e9ra de recul ainsi que de la climatisation automatique. De 2002 \u00e0 2014, 4 diff\u00e9rentes phases d\u2019Espace IV ont \u00e9t\u00e9 produites, \u00e0 raison de 372\u00a0692 exemplaires vendus durant cette p\u00e9riode.<\/p>\n<h3 style=\"text-align: justify;\">Espace V (2015, 2016, 2017, 2018, 2019, 2020, 2021, 2022)<\/h3>\n<p style=\"text-align: justify;\">L\u2019Espace V est la derni\u00e8re g\u00e9n\u00e9ration de Renault Espace. Il s\u2019agit de la plus puissante, puisque pouvant g\u00e9n\u00e9rer jusqu\u2019\u00e0 225 ch. Sa bo\u00eete de vitesse peut \u00eatre\u00a0:<\/p>\n<ul style=\"text-align: justify;\">\n<li>Manuelle \u00e0 6 rapports\u00a0;<\/li>\n<li>Automatique \u00e0 7 rapports.<\/li>\n<\/ul>\n<h2 style=\"text-align: justify;\">Prix d&rsquo;un Renault Espace neuf<\/h2>\n<ul style=\"text-align: justify;\">\n<li>Espace III\u00a0: 31 600 \u20ac\u00a0;<\/li>\n<li>Espace IV\u00a0: 35 700 \u20ac\u00a0;<\/li>\n<li>Espace V\u00a0: 41 712 \u20ac.<\/li>\n<\/ul>\n<p style=\"text-align: justify;\">Les prix affich\u00e9s sont ceux des mod\u00e8les d\u2019entr\u00e9e de gamme (cote argus).<\/p>\n<p style=\"text-align: justify;\">NB\u00a0: comme les 2 premi\u00e8res g\u00e9n\u00e9rations sont des anciennes voitures, il est impossible d\u2019en trouver sur le march\u00e9 du neuf.<\/p>\n<h2 style=\"text-align: justify;\">Prix d&rsquo;un Renault Espace d&rsquo;occasion<\/h2>\n<p style=\"text-align: justify;\">Il est possible de trouver des Renault Espace d\u2019occasion \u00e0 partir de 3 490 \u20ac. Le prix d\u2019une voiture \u00e0 l\u2019occasion d\u00e9pend de sa date de production, de son kilom\u00e9trage, et de l\u2019\u00e9tat g\u00e9n\u00e9ral de son int\u00e9rieur, de sa carrosserie et de son moteur.<\/p>\n<h2 style=\"text-align: justify;\">Prix du nouveau Renault Espace hybride<\/h2>\n<p style=\"text-align: justify;\">La premi\u00e8re version hybride de Renault Espace ne verra le jour qu\u2019en 2023. Aucune information sur le prix de ce nouvel Espace n\u2019a encore \u00e9t\u00e9 communiqu\u00e9e.<\/p>\n<h2 style=\"text-align: justify;\">Quel est le tarif pour la location d&rsquo;un Renault Espace en France ?<\/h2>\n<p style=\"text-align: justify;\">Il est possible de louer un Renault Espace pour 15 \u20ac\/jour. Les prix diff\u00e8rent en fonction des tarifs impos\u00e9s par les entreprises de location, ainsi que de l\u2019\u00e9tat et de la g\u00e9n\u00e9ration du Renault Espace.<\/p>\n<h3 style=\"text-align: justify;\">\u00c0 LIRE \u00c9GALEMENT :<\/h3>\n<p style=\"text-align: justify;\"><a href=\"https:\/\/www.bymycar.fr\/webzine\/peugeot-5008-vs-renault-espace-5-que-choisir\/\">Peugeot 5008 vs Renault Espace 5 : que choisir ?<\/a><\/p>\n<p style=\"text-align: justify;\"><a href=\"https:\/\/www.bymycar.fr\/webzine\/quelle-finition-acheter-sur-le-renault-espace\/\">Quelle finition acheter sur le Renault Espace ?<\/a><\/p>\n<p style=\"text-align: justify;\"><a href=\"https:\/\/www.bymycar.fr\/webzine\/renault-espace-vs-scenic-que-choisir\/\">Renault Espace vs Scenic : que choisir ?<\/a><\/p>\n<p style=\"text-align: justify;\"><a href=\"https:\/\/www.bymycar.fr\/webzine\/renault-espace-ou-grand-scenic-que-choisir\/\">Renault Espace ou Grand Scenic : que choisir ?<\/a><\/p>\n<p style=\"text-align: justify;\"><a href=\"https:\/\/www.bymycar.fr\/webzine\/comment-faire-la-vidange-dun-renault-espace\/\">Comment faire la vidange d&rsquo;un Renault Espace ?<\/a><\/p>\n<p style=\"text-align: justify;\"><a href=\"https:\/\/www.bymycar.fr\/webzine\/renault-espace-vs-touran-que-choisir\/\">Renault Espace vs Touran : que choisir ?<\/a><\/p>\n<p style=\"text-align: justify;\"><a href=\"https:\/\/www.bymycar.fr\/webzine\/ou-se-trouve-le-demarreur-sur-un-renault-espace-4\/\">O\u00f9 se trouve le d\u00e9marreur sur un Renault espace 4 ?<\/a><\/p>\n<p style=\"text-align: justify;\"><a href=\"https:\/\/www.bymycar.fr\/webzine\/quel-renault-espace-choisir\/\">Quel Renault Espace choisir ?<\/a><\/p>\n<p style=\"text-align: justify;\"><a href=\"https:\/\/www.bymycar.fr\/webzine\/comment-ouvrir-un-capot-de-renault-espace\/\">Comment ouvrir un capot de Renault Espace ?<\/a><\/p>\n<p style=\"text-align: justify;\"><a href=\"https:\/\/www.bymycar.fr\/webzine\/comment-ouvrir-un-renault-espace-sans-cle\/\">Comment ouvrir un Renault Espace sans cl\u00e9 ?<\/a><\/p>\n","titre":"Texte 1","image":false,"image_libre":false,"image_800x500":false,"legende":"","zoom":false,"texte":"","articles":false,"categorie_droite":false,"images":false,"elements_comparatif":false,"texte_1":"","texte_2":"","image_1":false,"image_1_563x400":false,"image_1_332x332":false,"image_2":false,"image_2_333x240":false,"image_2_563x400":false,"image_3":false,"image_3_333x240":false,"image_3_332x450":false,"image_4":false,"image_4_332x332":false,"image_4_563x400":false,"code_embed":"","legende_video":"","photo":false,"photo_100x100":false,"nom":"","fonction":"","elements_timeline":false,"entetes_colonnes":false,"entetes_lignes":false,"lignes":false,"introduction":"","formulaire":false,"question":"","reponse":"","libelle_bouton_lien":"","url_lien":"","questions":false,"conclusions":false,"pays":"1","region":"","marque":"1","marqueConcessions":false,"modele":"ESPACE","ptvente":"","typeV":"","collection":"","nombre_maximum_elements":"10","lien_fin_carousel":"https:\/\/www.bymycar.fr\/rechercher-un-vehicule?prod_VEHICLES%5BrefinementList%5D%5Bbrand%5D%5B0%5D=RENAULT&prod_VEHICLES%5BrefinementList%5D%5BmodelGroup1%5D%5B0%5D=ESPACE","texte_lien_fin_carousel":"Voir plus de v\u00e9hicules","trier_par":""},{"type_strate":"carousel-produits","ancre":"","contenu":"","titre":"Voir nos v\u00e9hicules Renault Espace en stock","image":false,"image_libre":false,"image_800x500":false,"legende":"","zoom":false,"texte":"","articles":false,"categorie_droite":false,"images":false,"elements_comparatif":false,"texte_1":"","texte_2":"","image_1":false,"image_1_563x400":false,"image_1_332x332":false,"image_2":false,"image_2_333x240":false,"image_2_563x400":false,"image_3":false,"image_3_333x240":false,"image_3_332x450":false,"image_4":false,"image_4_332x332":false,"image_4_563x400":false,"code_embed":"","legende_video":"","photo":false,"photo_100x100":false,"nom":"","fonction":"","elements_timeline":false,"entetes_colonnes":false,"entetes_lignes":false,"lignes":false,"introduction":"","formulaire":false,"question":"","reponse":"","libelle_bouton_lien":"","url_lien":"","questions":false,"conclusions":false,"pays":"1","region":"","marque":"1","marqueConcessions":false,"modele":"ESPACE","ptvente":"","typeV":"","collection":"","nombre_maximum_elements":"5","lien_fin_carousel":"https:\/\/www.bymycar.fr\/rechercher-un-vehicule?prod_VEHICLES%5BrefinementList%5D%5Bbrand%5D%5B0%5D=RENAULT&prod_VEHICLES%5BrefinementList%5D%5BmodelGroup1%5D%5B0%5D=ESPACE","texte_lien_fin_carousel":"Voir plus de v\u00e9hicules","trier_par":"prix"}],"is_old_post":false,"image":{"ID":39836,"id":39836,"title":"2019 - Nouveau Renault ESPACE Initiale Paris","filename":"2019_-_Nouveau_Renault_ESPACE_Initiale_Paris.jpeg","filesize":1,"url":"https:\/\/cdn.bymycar.eu\/fr-webzine\/wp-content\/uploads\/medias\/2019_-_Nouveau_Renault_ESPACE_Initiale_Paris.jpeg","link":"https:\/\/www.bymycar.fr\/webzine\/quel-est-le-prix-du-renault-espace\/2019-nouveau-renault-espace-initiale-paris-3\/","alt":"","author":"88","description":"","caption":"2019 - Nouveau Renault ESPACE Initiale Paris","name":"2019-nouveau-renault-espace-initiale-paris-3","status":"inherit","uploaded_to":30818,"date":"2023-02-20 09:59:01","modified":"2023-02-20 09:59:01","menu_order":0,"mime_type":"image\/jpeg","type":"image","subtype":"jpeg","icon":"https:\/\/www.bymycar.fr\/webzine\/wp-includes\/images\/media\/default.png","width":2560,"height":1707,"sizes":{"thumbnail":"https:\/\/cdn.bymycar.eu\/fr-webzine\/wp-content\/uploads\/medias\/2019_-_Nouveau_Renault_ESPACE_Initiale_Paris-150x150.jpeg","thumbnail-width":150,"thumbnail-height":150,"medium":"https:\/\/cdn.bymycar.eu\/fr-webzine\/wp-content\/uploads\/medias\/2019_-_Nouveau_Renault_ESPACE_Initiale_Paris-300x200.jpeg","medium-width":300,"medium-height":200,"medium_large":"https:\/\/cdn.bymycar.eu\/fr-webzine\/wp-content\/uploads\/medias\/2019_-_Nouveau_Renault_ESPACE_Initiale_Paris-768x512.jpeg","medium_large-width":768,"medium_large-height":512,"large":"https:\/\/cdn.bymycar.eu\/fr-webzine\/wp-content\/uploads\/medias\/2019_-_Nouveau_Renault_ESPACE_Initiale_Paris-1024x683.jpeg","large-width":1024,"large-height":683,"1536x1536":"https:\/\/cdn.bymycar.eu\/fr-webzine\/wp-content\/uploads\/medias\/2019_-_Nouveau_Renault_ESPACE_Initiale_Paris-1536x1024.jpeg","1536x1536-width":1536,"1536x1536-height":1024,"2048x2048":"https:\/\/cdn.bymycar.eu\/fr-webzine\/wp-content\/uploads\/medias\/2019_-_Nouveau_Renault_ESPACE_Initiale_Paris-2048x1365.jpeg","2048x2048-width":2048,"2048x2048-height":1365}},"page_content":{"block_content":[{"acf_fc_layout":"carousel-produits"},{"acf_fc_layout":"carousel-produits"},{"acf_fc_layout":"carousel-produits"},{"acf_fc_layout":"text-simple","--nav":{"-withNav":false,"-ancre":""},"--group":{"-text":"<h2>Renault Espace : le SUV familial polyvalent<\/h2>\n<p>Le <a href=\"https:\/\/www.bymycar.fr\/v\/renault-espace\">Renault Espace<\/a> s&rsquo;est m\u00e9tamorphos\u00e9 en un \u00e9l\u00e9gant SUV alliant espace g\u00e9n\u00e9reux et technologies innovantes. Dot\u00e9 de la motorisation full hybrid E-Tech de 200 ch, il vous offre une conduite dynamique tout en ma\u00eetrisant sa consommation. Son habitacle modulable peut accueillir jusqu&rsquo;\u00e0 7 passagers dans un confort premium. Le syst\u00e8me multim\u00e9dia openR link avec \u00e9cran tactile haute d\u00e9finition vous connecte \u00e0 vos applications favorites et facilite chaque trajet gr\u00e2ce \u00e0 la navigation intuitive et l&rsquo;assistant vocal int\u00e9gr\u00e9.<\/p>\n<h2>Renault Espace neuve : quel prix pour chaque finition ?<\/h2>\n<p>Le Renault Espace se d\u00e9cline actuellement en trois finitions distinctes, toutes \u00e9quip\u00e9es de la motorisation full hybrid E-Tech de 200 ch. Ce SUV familial offre un excellent rapport \u00e9quipement\/prix, disponible en configuration 5 ou 7 places sans surco\u00fbt.<\/p>\n<table>\n<thead>\n<tr>\n<th>Finition<\/th>\n<th>Motorisation<\/th>\n<th>Prix*<\/th>\n<\/tr>\n<\/thead>\n<tbody>\n<tr>\n<td>Techno<\/td>\n<td>E-Tech full hybrid 200 ch<\/td>\n<td>48 800\u20ac*<\/td>\n<\/tr>\n<tr>\n<td>Esprit Alpine<\/td>\n<td>E-Tech full hybrid 200 ch<\/td>\n<td>50 800\u20ac*<\/td>\n<\/tr>\n<tr>\n<td>Iconic<\/td>\n<td>E-Tech full hybrid 200 ch<\/td>\n<td>52 800\u20ac*<\/td>\n<\/tr>\n<\/tbody>\n<\/table>\n<p>La version Esprit Alpine se distingue par son design sportif avec calandre \u00e0 damier et surpiq\u00fbres bleues exclusives, tandis que la finition Iconic offre un niveau de luxe sup\u00e9rieur avec des mat\u00e9riaux premium comme les inserts en bois v\u00e9ritable. D\u00e9couvrez le <a href=\"https:\/\/www.bymycar.fr\/v\/renault-espace-2023\">Renault Espace 2023<\/a> chez BYmyCAR pour essayer ce SUV hybride performant.<\/p>\n<h2>Prix d&rsquo;un Renault Espace d&rsquo;occasion<\/h2>\n<p>Vous trouverez chez BYmyCAR une s\u00e9lection de <a href=\"https:\/\/www.bymycar.fr\/v\/renault-espace-occasion\">Renault Espace d&rsquo;occasion<\/a> \u00e0 partir de 12 000\u20ac*. Ce mod\u00e8le embl\u00e9matique de Renault se distingue par sa polyvalence exceptionnelle. Chaque v\u00e9hicule propos\u00e9 b\u00e9n\u00e9ficie d&rsquo;un contr\u00f4le technique complet et d&rsquo;une garantie, vous assurant une tranquillit\u00e9 d&rsquo;esprit pour votre investissement dans ce SUV familial spacieux et confortable. Le prix varie selon l&rsquo;ann\u00e9e de mise en circulation, le kilom\u00e9trage et la motorisation, qu&rsquo;il s&rsquo;agisse de versions diesel ou essence.<\/p>\n<h2>Combien co\u00fbte le Renault Espace E-Tech full hybrid ?<\/h2>\n<p>Le\u00a0<a href=\"https:\/\/www.bymycar.fr\/marques\/renault\/espace-e-tech-full-hybrid\">Renault Espace E-Tech full hybrid<\/a>\u00a0est disponible \u00e0 partir de 48 800\u20ac* avec sa motorisation de 200 ch dans la finition Techno. Ce SUV familial se d\u00e9cline en versions 5 ou 7 places sans surco\u00fbt suppl\u00e9mentaire, offrant ainsi une polyvalence exceptionnelle. Trois niveaux de finition sont propos\u00e9s (Techno, Esprit Alpine et Iconic), chacun apportant des \u00e9quipements sp\u00e9cifiques pour r\u00e9pondre aux attentes des familles modernes \u00e0 la recherche d&rsquo;un v\u00e9hicule spacieux et \u00e9conome en carburant.<\/p>\n<h2>Location LOA : tarif d&rsquo;un Renault Espace chez BYmyCAR<\/h2>\n<p>Vous pouvez acqu\u00e9rir un Renault Espace en formule LOA chez BYmyCAR d\u00e8s 460\u20ac*\/mois. Cette solution de financement s&rsquo;adapte parfaitement \u00e0 vos besoins avec diff\u00e9rentes dur\u00e9es et kilom\u00e9trages possibles. Le Renault Espace propose une exp\u00e9rience de conduite exceptionnelle gr\u00e2ce \u00e0 sa bo\u00eete automatique multimode, vous garantissant fluidit\u00e9 et agr\u00e9ment au quotidien.<\/p>\n<h2>Versions 5 ou 7 places : Techno, Iconic ou Esprit Alpine<\/h2>\n<table>\n<thead>\n<tr>\n<th>Configuration<\/th>\n<th>Particularit\u00e9s<\/th>\n<\/tr>\n<\/thead>\n<tbody>\n<tr>\n<td>Espace 7 places<\/td>\n<td>Modularit\u00e9 optimale avec 3\u1d49 rang\u00e9e de si\u00e8ges rabattables, coffre de 159 L en configuration 7 places<\/td>\n<\/tr>\n<tr>\n<td>Espace 5 places<\/td>\n<td>Volume de coffre g\u00e9n\u00e9reux jusqu&rsquo;\u00e0 777 dm\u00b3, banquette arri\u00e8re coulissante<\/td>\n<\/tr>\n<tr>\n<td>Espace Techno<\/td>\n<td>Finition d&rsquo;entr\u00e9e de gamme avec syst\u00e8me multim\u00e9dia openR link et Google int\u00e9gr\u00e9<\/td>\n<\/tr>\n<tr>\n<td>Espace Iconic<\/td>\n<td>Haut de gamme avec si\u00e8ges matelass\u00e9s gris sable et appuie-t\u00eates grand confort<\/td>\n<\/tr>\n<tr>\n<td>Esprit Alpine<\/td>\n<td>Look sportif avec calandre noire \u00e0 damiers, jantes 20&Prime; et surpiq\u00fbres bleues<\/td>\n<\/tr>\n<\/tbody>\n<\/table>\n<p>Toutes les versions du <a href=\"https:\/\/www.bymycar.fr\/v\/renault-espace-vi-2025\">Renault Espace VI 2025<\/a> sont \u00e9quip\u00e9es de la motorisation E-Tech full hybrid de 200 ch avec bo\u00eete automatique de s\u00e9rie. L&rsquo;Espace offre ainsi une conduite fluide et \u00e9conomique, id\u00e9ale pour les longs trajets comme pour la ville.<\/p>\n<h2>FAQ sur le prix du Renault Espace<\/h2>\n<h3>Quelle est la diff\u00e9rence de prix entre l&rsquo;Espace 5 et 7 places ?<\/h3>\n<p>Le Renault Espace propose les configurations 5 et 7 places au m\u00eame prix, sans surco\u00fbt pour la troisi\u00e8me rang\u00e9e de si\u00e8ges. Cette modularit\u00e9 vous permet de choisir librement selon vos besoins.<\/p>\n<h3>Quelle finition offre le meilleur rapport qualit\u00e9-prix ?<\/h3>\n<p>La finition Techno constitue l&rsquo;entr\u00e9e de gamme \u00e0 partir de 48 800\u20ac* et offre d\u00e9j\u00e0 un \u00e9quipement complet avec le syst\u00e8me multim\u00e9dia openR link et de nombreuses aides \u00e0 la conduite.<\/p>\n<h3>Le prix du Renault Espace inclut-il la garantie constructeur ?<\/h3>\n<p>Tous les Renault Espace neufs b\u00e9n\u00e9ficient de la garantie constructeur standard. Contactez votre concession BYmyCAR pour conna\u00eetre les d\u00e9tails des garanties applicables \u00e0 votre v\u00e9hicule.<\/p>\n<h3>\u00c0 LIRE \u00c9GALEMENT :<\/h3>\n<ul>\n<li><a href=\"https:\/\/www.bymycar.fr\/webzine\/peugeot-5008-vs-renault-espace-5-que-choisir\/\">Peugeot 5008 vs Renault Espace 5 : que choisir ?<\/a><\/li>\n<li><a href=\"https:\/\/www.bymycar.fr\/webzine\/quelle-finition-acheter-sur-le-renault-espace\/\">Quelle finition acheter sur le Renault Espace ?<\/a><\/li>\n<li><a href=\"https:\/\/www.bymycar.fr\/webzine\/renault-espace-vs-scenic-que-choisir\/\">Renault Espace vs Scenic : que choisir ?<\/a><\/li>\n<li><a href=\"https:\/\/www.bymycar.fr\/webzine\/renault-espace-ou-grand-scenic-que-choisir\/\">Renault Espace ou Grand Scenic : que choisir ?<\/a><\/li>\n<li><a href=\"https:\/\/www.bymycar.fr\/webzine\/comment-faire-la-vidange-dun-renault-espace\/\">Comment faire la vidange d\u2019un Renault Espace ?<\/a><\/li>\n<li><a href=\"https:\/\/www.bymycar.fr\/webzine\/renault-espace-vs-touran-que-choisir\/\">Renault Espace vs Touran : que choisir ?<\/a><\/li>\n<li><a href=\"https:\/\/www.bymycar.fr\/webzine\/ou-se-trouve-le-demarreur-sur-un-renault-espace-4\/\">O\u00f9 se trouve le d\u00e9marreur sur un Renault espace 4 ?<\/a><\/li>\n<li><a href=\"https:\/\/www.bymycar.fr\/webzine\/quel-renault-espace-choisir\/\">Quel Renault Espace choisir ?<\/a><\/li>\n<li><a href=\"https:\/\/www.bymycar.fr\/webzine\/comment-ouvrir-un-capot-de-renault-espace\/\">Comment ouvrir un capot de Renault Espace ?<\/a><\/li>\n<li><a href=\"https:\/\/www.bymycar.fr\/webzine\/comment-ouvrir-un-renault-espace-sans-cle\/\">Comment ouvrir un Renault Espace sans cl\u00e9 ?<\/a><\/li>\n<\/ul>\n<p>*Les prix mentionn\u00e9s sont donn\u00e9s \u00e0 titre indicatif et ont \u00e9t\u00e9 constat\u00e9s au moment de la r\u00e9daction. Ils sont susceptibles d&rsquo;\u00e9voluer. Pour obtenir une information exacte et \u00e0 jour, nous vous recommandons de contacter directement votre concession BYmyCAR.<\/p>\n"}}]},"add-to-bo":false,"add-carousel-to-footer":true},"yoast_head":"<!-- This site is optimized with the Yoast SEO Premium plugin v26.4 (Yoast SEO v26.4) - https:\/\/yoast.com\/wordpress\/plugins\/seo\/ -->\n<title>Quel est le prix du Renault Espace ?<\/title>\n<meta name=\"robots\" content=\"index, follow, max-snippet:-1, max-image-preview:large, max-video-preview:-1\" \/>\n<link rel=\"canonical\" href=\"https:\/\/www.bymycar.fr\/webzine\/quel-est-le-prix-du-renault-espace\/\" \/>\n<meta property=\"og:locale\" content=\"fr_FR\" \/>\n<meta property=\"og:type\" content=\"article\" \/>\n<meta property=\"og:title\" content=\"Quel est le prix du Renault Espace ?\" \/>\n<meta property=\"og:url\" content=\"https:\/\/www.bymycar.fr\/webzine\/quel-est-le-prix-du-renault-espace\/\" \/>\n<meta property=\"og:site_name\" content=\"Webzine auto BYmyCAR\" \/>\n<meta property=\"article:published_time\" content=\"2022-06-28T08:37:42+00:00\" \/>\n<meta property=\"article:modified_time\" content=\"2025-12-10T15:47:16+00:00\" \/>\n<meta property=\"og:image\" content=\"https:\/\/cdn.bymycar.eu\/fr-webzine\/wp-content\/uploads\/medias\/2019_-_Nouveau_Renault_ESPACE_Initiale_Paris.jpeg\" \/>\n\t<meta property=\"og:image:width\" content=\"2560\" \/>\n\t<meta property=\"og:image:height\" content=\"1707\" \/>\n\t<meta property=\"og:image:type\" content=\"image\/jpeg\" \/>\n<meta name=\"author\" content=\"Gregoire LE BIHAN\" \/>\n<meta name=\"twitter:card\" content=\"summary_large_image\" \/>\n<meta name=\"twitter:label1\" content=\"\u00c9crit par\" \/>\n\t<meta name=\"twitter:data1\" content=\"Gregoire LE BIHAN\" \/>\n\t<meta name=\"twitter:label2\" content=\"Dur\u00e9e de lecture estim\u00e9e\" \/>\n\t<meta name=\"twitter:data2\" content=\"1 minute\" \/>\n<script type=\"application\/ld+json\" class=\"yoast-schema-graph\">{\"@context\":\"https:\/\/schema.org\",\"@graph\":[{\"@type\":\"Article\",\"@id\":\"https:\/\/www.bymycar.fr\/webzine\/quel-est-le-prix-du-renault-espace\/#article\",\"isPartOf\":{\"@id\":\"https:\/\/www.bymycar.fr\/webzine\/quel-est-le-prix-du-renault-espace\/\"},\"author\":{\"name\":\"Gregoire LE BIHAN\",\"@id\":\"https:\/\/www.bymycar.fr\/webzine\/#\/schema\/person\/8c56906440ec126868bd40232b3445f0\"},\"headline\":\"Quel est le prix du Renault Espace ?\",\"datePublished\":\"2022-06-28T08:37:42+00:00\",\"dateModified\":\"2025-12-10T15:47:16+00:00\",\"mainEntityOfPage\":{\"@id\":\"https:\/\/www.bymycar.fr\/webzine\/quel-est-le-prix-du-renault-espace\/\"},\"wordCount\":7,\"publisher\":{\"@id\":\"https:\/\/www.bymycar.fr\/webzine\/#organization\"},\"image\":{\"@id\":\"https:\/\/www.bymycar.fr\/webzine\/quel-est-le-prix-du-renault-espace\/#primaryimage\"},\"thumbnailUrl\":\"https:\/\/cdn.bymycar.eu\/fr-webzine\/wp-content\/uploads\/medias\/2019_-_Nouveau_Renault_ESPACE_Initiale_Paris.jpeg\",\"articleSection\":[\"Guide d'achat\",\"Guide d'achat Renault Espace\"],\"inLanguage\":\"fr-FR\"},{\"@type\":\"WebPage\",\"@id\":\"https:\/\/www.bymycar.fr\/webzine\/quel-est-le-prix-du-renault-espace\/\",\"url\":\"https:\/\/www.bymycar.fr\/webzine\/quel-est-le-prix-du-renault-espace\/\",\"name\":\"Quel est le prix du Renault Espace ?\",\"isPartOf\":{\"@id\":\"https:\/\/www.bymycar.fr\/webzine\/#website\"},\"primaryImageOfPage\":{\"@id\":\"https:\/\/www.bymycar.fr\/webzine\/quel-est-le-prix-du-renault-espace\/#primaryimage\"},\"image\":{\"@id\":\"https:\/\/www.bymycar.fr\/webzine\/quel-est-le-prix-du-renault-espace\/#primaryimage\"},\"thumbnailUrl\":\"https:\/\/cdn.bymycar.eu\/fr-webzine\/wp-content\/uploads\/medias\/2019_-_Nouveau_Renault_ESPACE_Initiale_Paris.jpeg\",\"datePublished\":\"2022-06-28T08:37:42+00:00\",\"dateModified\":\"2025-12-10T15:47:16+00:00\",\"breadcrumb\":{\"@id\":\"https:\/\/www.bymycar.fr\/webzine\/quel-est-le-prix-du-renault-espace\/#breadcrumb\"},\"inLanguage\":\"fr-FR\",\"potentialAction\":[{\"@type\":\"ReadAction\",\"target\":[\"https:\/\/www.bymycar.fr\/webzine\/quel-est-le-prix-du-renault-espace\/\"]}]},{\"@type\":\"ImageObject\",\"inLanguage\":\"fr-FR\",\"@id\":\"https:\/\/www.bymycar.fr\/webzine\/quel-est-le-prix-du-renault-espace\/#primaryimage\",\"url\":\"https:\/\/cdn.bymycar.eu\/fr-webzine\/wp-content\/uploads\/medias\/2019_-_Nouveau_Renault_ESPACE_Initiale_Paris.jpeg\",\"contentUrl\":\"https:\/\/cdn.bymycar.eu\/fr-webzine\/wp-content\/uploads\/medias\/2019_-_Nouveau_Renault_ESPACE_Initiale_Paris.jpeg\",\"width\":2560,\"height\":1707,\"caption\":\"2019 - Nouveau Renault ESPACE Initiale Paris\"},{\"@type\":\"BreadcrumbList\",\"@id\":\"https:\/\/www.bymycar.fr\/webzine\/quel-est-le-prix-du-renault-espace\/#breadcrumb\",\"itemListElement\":[{\"@type\":\"ListItem\",\"position\":1,\"name\":\"Accueil\",\"item\":\"https:\/\/www.bymycar.fr\/webzine\/\"},{\"@type\":\"ListItem\",\"position\":2,\"name\":\"Quel est le prix du Renault Espace ?\"}]},{\"@type\":\"WebSite\",\"@id\":\"https:\/\/www.bymycar.fr\/webzine\/#website\",\"url\":\"https:\/\/www.bymycar.fr\/webzine\/\",\"name\":\"Webzine auto BYmyCAR\",\"description\":\"La magazine auto de BYmyCAR\",\"publisher\":{\"@id\":\"https:\/\/www.bymycar.fr\/webzine\/#organization\"},\"potentialAction\":[{\"@type\":\"SearchAction\",\"target\":{\"@type\":\"EntryPoint\",\"urlTemplate\":\"https:\/\/www.bymycar.fr\/webzine\/?s={search_term_string}\"},\"query-input\":{\"@type\":\"PropertyValueSpecification\",\"valueRequired\":true,\"valueName\":\"search_term_string\"}}],\"inLanguage\":\"fr-FR\"},{\"@type\":\"Organization\",\"@id\":\"https:\/\/www.bymycar.fr\/webzine\/#organization\",\"name\":\"BYmyCAR\",\"url\":\"https:\/\/www.bymycar.fr\/webzine\/\",\"logo\":{\"@type\":\"ImageObject\",\"inLanguage\":\"fr-FR\",\"@id\":\"https:\/\/www.bymycar.fr\/webzine\/#\/schema\/logo\/image\/\",\"url\":\"https:\/\/cdn.bymycar.eu\/fr-webzine\/wp-content\/uploads\/medias\/2017\/08\/logo_DEALER_00000406_001.png\",\"contentUrl\":\"https:\/\/cdn.bymycar.eu\/fr-webzine\/wp-content\/uploads\/medias\/2017\/08\/logo_DEALER_00000406_001.png\",\"width\":2132,\"height\":720,\"caption\":\"BYmyCAR\"},\"image\":{\"@id\":\"https:\/\/www.bymycar.fr\/webzine\/#\/schema\/logo\/image\/\"}},{\"@type\":\"Person\",\"@id\":\"https:\/\/www.bymycar.fr\/webzine\/#\/schema\/person\/8c56906440ec126868bd40232b3445f0\",\"name\":\"Gregoire LE BIHAN\",\"image\":{\"@type\":\"ImageObject\",\"inLanguage\":\"fr-FR\",\"@id\":\"https:\/\/www.bymycar.fr\/webzine\/#\/schema\/person\/image\/\",\"url\":\"https:\/\/secure.gravatar.com\/avatar\/1356d71f3c6eed50de358ba425c9944b742a0d35f88e0d5f8afe88fdac525492?s=96&d=mm&r=g\",\"contentUrl\":\"https:\/\/secure.gravatar.com\/avatar\/1356d71f3c6eed50de358ba425c9944b742a0d35f88e0d5f8afe88fdac525492?s=96&d=mm&r=g\",\"caption\":\"Gregoire LE BIHAN\"}}]}<\/script>\n<!-- \/ Yoast SEO Premium plugin. -->","yoast_head_json":{"title":"Quel est le prix du Renault Espace ?","robots":{"index":"index","follow":"follow","max-snippet":"max-snippet:-1","max-image-preview":"max-image-preview:large","max-video-preview":"max-video-preview:-1"},"canonical":"https:\/\/www.bymycar.fr\/webzine\/quel-est-le-prix-du-renault-espace\/","og_locale":"fr_FR","og_type":"article","og_title":"Quel est le prix du Renault Espace ?","og_url":"https:\/\/www.bymycar.fr\/webzine\/quel-est-le-prix-du-renault-espace\/","og_site_name":"Webzine auto BYmyCAR","article_published_time":"2022-06-28T08:37:42+00:00","article_modified_time":"2025-12-10T15:47:16+00:00","og_image":[{"width":2560,"height":1707,"url":"https:\/\/cdn.bymycar.eu\/fr-webzine\/wp-content\/uploads\/medias\/2019_-_Nouveau_Renault_ESPACE_Initiale_Paris.jpeg","type":"image\/jpeg"}],"author":"Gregoire LE BIHAN","twitter_card":"summary_large_image","twitter_misc":{"\u00c9crit par":"Gregoire LE BIHAN","Dur\u00e9e de lecture estim\u00e9e":"1 minute"},"schema":{"@context":"https:\/\/schema.org","@graph":[{"@type":"Article","@id":"https:\/\/www.bymycar.fr\/webzine\/quel-est-le-prix-du-renault-espace\/#article","isPartOf":{"@id":"https:\/\/www.bymycar.fr\/webzine\/quel-est-le-prix-du-renault-espace\/"},"author":{"name":"Gregoire LE BIHAN","@id":"https:\/\/www.bymycar.fr\/webzine\/#\/schema\/person\/8c56906440ec126868bd40232b3445f0"},"headline":"Quel est le prix du Renault Espace ?","datePublished":"2022-06-28T08:37:42+00:00","dateModified":"2025-12-10T15:47:16+00:00","mainEntityOfPage":{"@id":"https:\/\/www.bymycar.fr\/webzine\/quel-est-le-prix-du-renault-espace\/"},"wordCount":7,"publisher":{"@id":"https:\/\/www.bymycar.fr\/webzine\/#organization"},"image":{"@id":"https:\/\/www.bymycar.fr\/webzine\/quel-est-le-prix-du-renault-espace\/#primaryimage"},"thumbnailUrl":"https:\/\/cdn.bymycar.eu\/fr-webzine\/wp-content\/uploads\/medias\/2019_-_Nouveau_Renault_ESPACE_Initiale_Paris.jpeg","articleSection":["Guide d'achat","Guide d'achat Renault Espace"],"inLanguage":"fr-FR"},{"@type":"WebPage","@id":"https:\/\/www.bymycar.fr\/webzine\/quel-est-le-prix-du-renault-espace\/","url":"https:\/\/www.bymycar.fr\/webzine\/quel-est-le-prix-du-renault-espace\/","name":"Quel est le prix du Renault Espace ?","isPartOf":{"@id":"https:\/\/www.bymycar.fr\/webzine\/#website"},"primaryImageOfPage":{"@id":"https:\/\/www.bymycar.fr\/webzine\/quel-est-le-prix-du-renault-espace\/#primaryimage"},"image":{"@id":"https:\/\/www.bymycar.fr\/webzine\/quel-est-le-prix-du-renault-espace\/#primaryimage"},"thumbnailUrl":"https:\/\/cdn.bymycar.eu\/fr-webzine\/wp-content\/uploads\/medias\/2019_-_Nouveau_Renault_ESPACE_Initiale_Paris.jpeg","datePublished":"2022-06-28T08:37:42+00:00","dateModified":"2025-12-10T15:47:16+00:00","breadcrumb":{"@id":"https:\/\/www.bymycar.fr\/webzine\/quel-est-le-prix-du-renault-espace\/#breadcrumb"},"inLanguage":"fr-FR","potentialAction":[{"@type":"ReadAction","target":["https:\/\/www.bymycar.fr\/webzine\/quel-est-le-prix-du-renault-espace\/"]}]},{"@type":"ImageObject","inLanguage":"fr-FR","@id":"https:\/\/www.bymycar.fr\/webzine\/quel-est-le-prix-du-renault-espace\/#primaryimage","url":"https:\/\/cdn.bymycar.eu\/fr-webzine\/wp-content\/uploads\/medias\/2019_-_Nouveau_Renault_ESPACE_Initiale_Paris.jpeg","contentUrl":"https:\/\/cdn.bymycar.eu\/fr-webzine\/wp-content\/uploads\/medias\/2019_-_Nouveau_Renault_ESPACE_Initiale_Paris.jpeg","width":2560,"height":1707,"caption":"2019 - Nouveau Renault ESPACE Initiale Paris"},{"@type":"BreadcrumbList","@id":"https:\/\/www.bymycar.fr\/webzine\/quel-est-le-prix-du-renault-espace\/#breadcrumb","itemListElement":[{"@type":"ListItem","position":1,"name":"Accueil","item":"https:\/\/www.bymycar.fr\/webzine\/"},{"@type":"ListItem","position":2,"name":"Quel est le prix du Renault Espace ?"}]},{"@type":"WebSite","@id":"https:\/\/www.bymycar.fr\/webzine\/#website","url":"https:\/\/www.bymycar.fr\/webzine\/","name":"Webzine auto BYmyCAR","description":"La magazine auto de BYmyCAR","publisher":{"@id":"https:\/\/www.bymycar.fr\/webzine\/#organization"},"potentialAction":[{"@type":"SearchAction","target":{"@type":"EntryPoint","urlTemplate":"https:\/\/www.bymycar.fr\/webzine\/?s={search_term_string}"},"query-input":{"@type":"PropertyValueSpecification","valueRequired":true,"valueName":"search_term_string"}}],"inLanguage":"fr-FR"},{"@type":"Organization","@id":"https:\/\/www.bymycar.fr\/webzine\/#organization","name":"BYmyCAR","url":"https:\/\/www.bymycar.fr\/webzine\/","logo":{"@type":"ImageObject","inLanguage":"fr-FR","@id":"https:\/\/www.bymycar.fr\/webzine\/#\/schema\/logo\/image\/","url":"https:\/\/cdn.bymycar.eu\/fr-webzine\/wp-content\/uploads\/medias\/2017\/08\/logo_DEALER_00000406_001.png","contentUrl":"https:\/\/cdn.bymycar.eu\/fr-webzine\/wp-content\/uploads\/medias\/2017\/08\/logo_DEALER_00000406_001.png","width":2132,"height":720,"caption":"BYmyCAR"},"image":{"@id":"https:\/\/www.bymycar.fr\/webzine\/#\/schema\/logo\/image\/"}},{"@type":"Person","@id":"https:\/\/www.bymycar.fr\/webzine\/#\/schema\/person\/8c56906440ec126868bd40232b3445f0","name":"Gregoire LE BIHAN","image":{"@type":"ImageObject","inLanguage":"fr-FR","@id":"https:\/\/www.bymycar.fr\/webzine\/#\/schema\/person\/image\/","url":"https:\/\/secure.gravatar.com\/avatar\/1356d71f3c6eed50de358ba425c9944b742a0d35f88e0d5f8afe88fdac525492?s=96&d=mm&r=g","contentUrl":"https:\/\/secure.gravatar.com\/avatar\/1356d71f3c6eed50de358ba425c9944b742a0d35f88e0d5f8afe88fdac525492?s=96&d=mm&r=g","caption":"Gregoire LE BIHAN"}}]}},"_links":{"self":[{"href":"https:\/\/www.bymycar.fr\/webzine\/wp-json\/wp\/v2\/posts\/30818","targetHints":{"allow":["GET"]}}],"collection":[{"href":"https:\/\/www.bymycar.fr\/webzine\/wp-json\/wp\/v2\/posts"}],"about":[{"href":"https:\/\/www.bymycar.fr\/webzine\/wp-json\/wp\/v2\/types\/post"}],"author":[{"embeddable":true,"href":"https:\/\/www.bymycar.fr\/webzine\/wp-json\/wp\/v2\/users\/9"}],"replies":[{"embeddable":true,"href":"https:\/\/www.bymycar.fr\/webzine\/wp-json\/wp\/v2\/comments?post=30818"}],"version-history":[{"count":12,"href":"https:\/\/www.bymycar.fr\/webzine\/wp-json\/wp\/v2\/posts\/30818\/revisions"}],"predecessor-version":[{"id":62702,"href":"https:\/\/www.bymycar.fr\/webzine\/wp-json\/wp\/v2\/posts\/30818\/revisions\/62702"}],"wp:featuredmedia":[{"embeddable":true,"href":"https:\/\/www.bymycar.fr\/webzine\/wp-json\/wp\/v2\/media\/39836"}],"wp:attachment":[{"href":"https:\/\/www.bymycar.fr\/webzine\/wp-json\/wp\/v2\/media?parent=30818"}],"wp:term":[{"taxonomy":"category","embeddable":true,"href":"https:\/\/www.bymycar.fr\/webzine\/wp-json\/wp\/v2\/categories?post=30818"},{"taxonomy":"post_tag","embeddable":true,"href":"https:\/\/www.bymycar.fr\/webzine\/wp-json\/wp\/v2\/tags?post=30818"}],"curies":[{"name":"wp","href":"https:\/\/api.w.org\/{rel}","templated":true}]}}