{"id":30804,"date":"2022-06-28T09:59:30","date_gmt":"2022-06-28T07:59:30","guid":{"rendered":"https:\/\/prod.bymycar.fr\/webzine\/?p=30804"},"modified":"2023-02-08T10:40:32","modified_gmt":"2023-02-08T09:40:32","slug":"quel-moteur-opel-sur-quel-vehicule","status":"publish","type":"post","link":"https:\/\/www.bymycar.fr\/webzine\/quel-moteur-opel-sur-quel-vehicule\/","title":{"rendered":"Quel moteur Opel sur quel v\u00e9hicule ?"},"content":{"rendered":"","protected":false},"excerpt":{"rendered":"","protected":false},"author":9,"featured_media":30805,"comment_status":"closed","ping_status":"open","sticky":false,"template":"","format":"standard","meta":{"_acf_changed":false,"footnotes":""},"categories":[12893,12919],"tags":[],"class_list":["post-30804","post","type-post","status-publish","format-standard","has-post-thumbnail","hentry","category-guide-dachat","category-guide-dachat-opel"],"acf":{"template":"classique","introduction":"<p style=\"text-align: justify;\">L\u2019un des crit\u00e8res de base \u00e0 prendre en compte lors de l\u2019achat d\u2019un v\u00e9hicule est le moteur. Le type de moteur d\u00e9finit la puissance de la voiture, mais pas seulement. Il d\u00e9finit \u00e9galement le type de carburant utilis\u00e9, et donne une id\u00e9e sur les besoins de la voiture en mati\u00e8re d\u2019entretien (r\u00e9parations, changement de pi\u00e8ces, etc.). Si vous souhaitez vous offrir une <a href=\"https:\/\/www.bymycar.fr\/marques\/opel\">Opel<\/a>, BYmyCAR vous en dit un peu plus sur les diff\u00e9rentes motorisations.<\/p>\n<p style=\"text-align: center;\"><a href=\"https:\/\/www.bymycar.fr\/rechercher-un-vehicule?prod_VEHICLES%5BrefinementList%5D%5Bbrand%5D%5B0%5D=OPEL\" target=\"_blank\" class=\"css-button css-button--gold\" >\n                Voir nos v\u00e9hicules Opel\n        <\/a><\/p>\n<p>&nbsp;<\/p>\n","strates":[{"type_strate":"carousel-produits","ancre":"","contenu":"<h2 style=\"text-align: justify;\">Pourquoi acheter une Opel ?<\/h2>\n<p style=\"text-align: justify;\">Pour r\u00e9pondre simplement \u00e0 cette question, il convient de dire\u00a0: parce que c\u2019est une voiture de qualit\u00e9.<\/p>\n<p style=\"text-align: justify;\">Opel est un constructeur automobile allemand, fort d\u2019une exp\u00e9rience de plusieurs dizaines d\u2019ann\u00e9es. Plusieurs mod\u00e8les d\u2019<a href=\"https:\/\/www.bymycar.fr\/marques\/opel\">Opel<\/a> se sont succ\u00e9d\u00e9s, et certains ont marqu\u00e9 l\u2019histoire automobile, dont un en particulier : l&rsquo;Opel Corsa. Depuis sa mise en vente sur le march\u00e9, cette citadine d\u2019exception a \u00e9t\u00e9 vendue \u00e0 pas moins de 11 millions d\u2019exemplaires \u00e0 travers le monde.<\/p>\n<p style=\"text-align: justify;\">Les voitures Opel sont robustes et puissantes. De plus, les nouveaux mod\u00e8les d\u2019Opel sont dot\u00e9s d\u2019une technologie avanc\u00e9e. Cela permet au conducteur d\u2019avoir un meilleur confort de conduite, et un meilleur confort en g\u00e9n\u00e9ral.<\/p>\n<h2 style=\"text-align: justify;\">Qui fabrique les moteurs Opel ?<\/h2>\n<p style=\"text-align: justify;\">Tout d\u2019abord, voici quelques dates importantes pour Opel \u00e0 retenir\u00a0:<\/p>\n<ul style=\"text-align: justify;\">\n<li>1862\u00a0: cr\u00e9ation de la marque Opel\u00a0;<\/li>\n<li>1899\u00a0: cr\u00e9ation de l\u2019Opel Patent Motor\u00a0;<\/li>\n<li>1929\u00a0: rachat de 80 % des parts d\u2019Opel par General Motors\u00a0;<\/li>\n<li>2017\u00a0: GM se s\u00e9pare de ses parts et Opel est vendu \u00e0 PSA\u00a0;<\/li>\n<li>2021\u00a0: PSA et FCA fusionnent pour devenir Stellantis, Opel faisant partie de ce groupe.<\/li>\n<\/ul>\n<p style=\"text-align: justify;\">Depuis la cr\u00e9ation d\u2019Opel en 1862 jusqu\u2019en 1929, les moteurs Opel ont \u00e9t\u00e9 fabriqu\u00e9s par l\u2019usine de R\u00fcsselsheim, par la marque elle-m\u00eame.<\/p>\n<p style=\"text-align: justify;\">De 1929 \u00e0 2017, c\u2019est General Motors qui fabriquait les moteurs Opel.<\/p>\n<p style=\"text-align: justify;\">Les mod\u00e8les d\u2019Opel produits entre 2017 et 2021 ont \u00e9t\u00e9 motoris\u00e9s par PSA.<\/p>\n<p style=\"text-align: justify;\">Tous les mod\u00e8les r\u00e9cents et actuels de Opel b\u00e9n\u00e9ficient des moteurs Stellantis.<\/p>\n<h2 style=\"text-align: justify;\">C&rsquo;est quoi CDTi ?<\/h2>\n<p style=\"text-align: justify;\">CDTi est l\u2019acronyme de Common rail Diesel Turbo Injection. Il d\u00e9signe les moteurs turbo fonctionnant au diesel et utilisant un syst\u00e8me d\u2019injection directe du carburant Common rail.<\/p>\n<p style=\"text-align: justify;\">Le bloc CDTi est disponible sur quasiment toute la gamme Opel. En effet, le moteur thermique diesel pr\u00e9sente un avantage de taille compar\u00e9 au moteur \u00e0 essence. Pour une m\u00eame distance parcourue, le moteur diesel consomme moins de carburant que le moteur \u00e0 essence. Cela peut s\u2019av\u00e9rer tr\u00e8s int\u00e9ressant si vous d\u00e9cidez de rouler de grandes distances. En g\u00e9n\u00e9ral, un moteur CDTi est \u00e0 bo\u00eete manuelle.<\/p>\n<h2 style=\"text-align: justify;\">Quel moteur sur l&rsquo;Opel Mokka ?<\/h2>\n<p style=\"text-align: justify;\">Mokka est le SUV produit par Opel. \u00c0 sa mise en vente sur le march\u00e9 fran\u00e7ais, 3 versions sont propos\u00e9es\u00a0:<\/p>\n<ul style=\"text-align: justify;\">\n<li>4 TURBO 140 S\/S COSMO PACK 4&#215;4\u00a0;<\/li>\n<li>7 CDTi ECOFLEX S\/S COSMO PACK 4&#215;4\u00a0;<\/li>\n<li>7 CDTi ECOFLEX S\/S EDITION 4&#215;2.<\/li>\n<\/ul>\n<h2 style=\"text-align: justify;\">O\u00f9 sont fabriqu\u00e9es les Opel Astra ?<\/h2>\n<p style=\"text-align: justify;\">Durant plusieurs ann\u00e9es, les voitures Opel ont \u00e9t\u00e9 fabriqu\u00e9es par l\u2019usine de R\u00fcsselsheim, ville d\u2019origine de la marque. Les moteurs y \u00e9taient \u00e9galement fabriqu\u00e9s et le montage des voitures s\u2019y effectuait.<\/p>\n<p style=\"text-align: justify;\">Cela concerne \u00e9galement l\u2019Opel Astra. Produite \u00e0 partir de 2009, son moteur est fabriqu\u00e9 \u00e0 l\u2019usine de R\u00fcsselsheim. Toutefois, un changement s\u2019op\u00e8re en 2015. Depuis cette ann\u00e9e jusqu\u2019\u00e0 aujourd\u2019hui, le moteur de l\u2019Opel Astra est fabriqu\u00e9 \u00e0 Ellesmere Port au Royaume-Uni, et \u00e0 Gliwice en Pologne.<\/p>\n<h2 style=\"text-align: justify;\">O\u00f9 trouver code moteur Opel Zafira 1.6 essence et Astra 1.7 CDTi\u00a0?<\/h2>\n<p style=\"text-align: justify;\">Le code moteur est le syst\u00e8me d\u2019appellation des moteurs de v\u00e9hicules. Il se compose g\u00e9n\u00e9ralement de 3 \u00e0 4 lettres (BKC, KFX, CDZ, CATA, CAEB, etc.). Il est \u00e9galement possible qu\u2019il contienne un ou plusieurs chiffres (1Y, 1 F, LDA2, R9M414, etc.).<\/p>\n<p style=\"text-align: justify;\">Le code moteur est donc le code d\u2019identification du moteur. Gr\u00e2ce \u00e0 ce code, il est possible d\u2019avoir toutes les informations relatives au moteur. En effet, il apporte des informations capitales comme le type de moteur, sa puissance, l\u2019\u00e9nergie avec laquelle il fonctionne, etc. De plus, avec le code moteur, il est plus facile de trouver les pi\u00e8ces d\u00e9tach\u00e9es adapt\u00e9es au moteur.<\/p>\n<p style=\"text-align: justify;\">Le code moteur de l\u2019Opel Zafira peut se trouver \u00e0 2 diff\u00e9rents endroits\u00a0:<\/p>\n<ul style=\"text-align: justify;\">\n<li>Sur un autocollant situ\u00e9 sur la porti\u00e8re du c\u00f4t\u00e9 du conducteur\u00a0;<\/li>\n<li>Sous le capot, sur la partie avant du moteur.<\/li>\n<\/ul>\n<p style=\"text-align: justify;\">Il en est de m\u00eame pour l\u2019Opel Astra, ainsi que les autres mod\u00e8les d\u2019Opel.<\/p>\n<h2 style=\"text-align: justify;\">Comment \u00e9teindre un voyant moteur d\u2019une Opel corsa ?<\/h2>\n<p style=\"text-align: justify;\">Tout d\u2019abord, il est important de pr\u00e9ciser qu\u2019un voyant moteur ne s\u2019allume jamais au hasard. Lorsqu\u2019un voyant moteur est allum\u00e9, il y a une anomalie au niveau du moteur. Il peut s\u2019agir d\u2019une panne plus ou moins grave, en fonction du voyant qui se trouve \u00eatre allum\u00e9.<\/p>\n<p style=\"text-align: justify;\">Il existe 3 types de voyants\u00a0:<\/p>\n<ul style=\"text-align: justify;\">\n<li>Les voyants d\u2019alarme (rouge)\u00a0;<\/li>\n<li>Les voyants d\u2019alerte (jaune ou orange)\u00a0;<\/li>\n<li>Les voyants des feux (vert ou autre).<\/li>\n<\/ul>\n<p style=\"text-align: justify;\">Lorsqu\u2019un voyant est allum\u00e9, la premi\u00e8re chose \u00e0 faire est de v\u00e9rifier de quelle couleur il est. \u00c9videmment, toute panne du moteur est importante. Toutefois, certaines sont plus urgentes que d\u2019autres et les voyants rouges sont prioritaires, parce qu\u2019il peut \u00eatre question d\u2019une panne pouvant entra\u00eener un grave accident, tel que\u00a0:<\/p>\n<ul style=\"text-align: justify;\">\n<li>Une anomalie de transmission\u00a0;<\/li>\n<li>Une d\u00e9faillance de la direction assist\u00e9e\u00a0;<\/li>\n<li>Une surchauffe d\u2019huile moteur\u00a0;<\/li>\n<li>Etc.<\/li>\n<\/ul>\n<p style=\"text-align: justify;\">Une fois que la panne est identifi\u00e9e, la prochaine chose \u00e0 faire est logiquement d\u2019effectuer des r\u00e9parations. Si elles sont moindres, vous pouvez vous en occuper vous-m\u00eame. Dans le cas o\u00f9 de grandes r\u00e9parations s\u2019imposent, prenez imm\u00e9diatement rendez-vous chez un garagiste.<\/p>\n<p style=\"text-align: justify;\">\u00c0 la minute o\u00f9 la panne est r\u00e9gl\u00e9e, le voyant moteur s\u2019\u00e9teint automatiquement. Cela est valable pour l\u2019Opel Corsa ainsi que toutes les autres marques et tous les mod\u00e8les de voiture.<\/p>\n<h2 style=\"text-align: justify;\">Quelques mod\u00e8les d&rsquo;Opel et leur motorisation<\/h2>\n<p style=\"text-align: justify;\">Voici quelques exemples de motorisation pour quelques mod\u00e8les d\u2019Opel.<\/p>\n<p style=\"text-align: justify;\">Remarque\u00a0: un seul mod\u00e8le a \u00e9t\u00e9 s\u00e9lectionn\u00e9 pour chaque gamme.<\/p>\n<h3 style=\"text-align: justify;\">Astra 5 Sports Tourer Affaire<\/h3>\n<ul style=\"text-align: justify;\">\n<li>TURBO 105 ECOTEC S\/S PACK CLIM +\u00a0;<\/li>\n<li>6 DIESEL 110 S\/S PACK CLIM\u00a0;<\/li>\n<li>6 DIESEL 95 PACK CLIM.<\/li>\n<\/ul>\n<h3 style=\"text-align: justify;\">Nouvelle Corsa 2022<\/h3>\n<ul style=\"text-align: justify;\">\n<li>2 75 BVM5\u00a0;<\/li>\n<li>2 TURBO 100\u00a0;<\/li>\n<li>2 TURBO 130 7CV\u00a0;<\/li>\n<li>2 TURO 130 GS LINE\u00a0;<\/li>\n<li>5 DIESEL 100.<\/li>\n<\/ul>\n<h3 style=\"text-align: justify;\">Insignia 2 Country Tourer<\/h3>\n<ul style=\"text-align: justify;\">\n<li>0 DIESEL\u00a0;<\/li>\n<li>0 DIESEL BLUEINJECTION\u00a0;<\/li>\n<li>0 DIESEL 170\u00a0;<\/li>\n<li>0 DIESEL BITURBO 210 BLUEINJECTION AWD.<\/li>\n<\/ul>\n<h3 style=\"text-align: justify;\">Vivaro 3<\/h3>\n<ul style=\"text-align: justify;\">\n<li>5 DIESEL 120 CH\u00a0;<\/li>\n<li>0 DIESEL 140 7CV\u00a0;<\/li>\n<li>0 DIESEL 145\u00a0;<\/li>\n<li>0 DIESEL 150\u00a0;<\/li>\n<li>0 DIESEL 180.<\/li>\n<\/ul>\n<h2 style=\"text-align: justify;\">Qu\u2019en est-il des voitures hybrides et \u00e9lectriques\u00a0?<\/h2>\n<p style=\"text-align: justify;\">Les moteurs \u00e0 combustion ne sont pas les seuls concern\u00e9s lorsqu\u2019il est question de motorisation. Il convient \u00e9galement de mentionner les voitures hybrides et les voitures \u00e9lectriques.<\/p>\n<p style=\"text-align: justify;\">Il existe une diff\u00e9rence de taille en termes de voitures hybride et \u00e9lectrique.<\/p>\n<p style=\"text-align: justify;\">Un moteur \u00e9lectrique, comme son nom l\u2019indique, d\u00e9signe un moteur qui fonctionne \u00e0 100 % \u00e0 l\u2019\u00e9lectricit\u00e9. Il n\u2019utilise aucun carburant d\u2019origine p\u00e9troli\u00e8re. De ce fait, une voiture \u00e9lectrique n\u2019a aucune empreinte carbone, puisque son \u00e9mission en CO2 est nulle.<\/p>\n<p style=\"text-align: justify;\">Le moteur hybride est une \u00ab\u00a0combinaison\u00a0\u00bb du moteur thermique et du moteur \u00e9lectrique. Cela signifie que la voiture hybride utilise deux sources d\u2019\u00e9nergie. La voiture hybride peut switcher de mode en fonction de ses besoins. De ce fait, la consommation de carburant d\u2019une voiture hybride est largement inf\u00e9rieure \u00e0 celle d\u2019une voiture \u00e0 moteur thermique. Toutefois, contrairement \u00e0 la voiture \u00e9lectrique, son empreinte carbone n\u2019est pas nulle, bien que n\u2019\u00e9tant pas du m\u00eame niveau qu\u2019une voiture \u00e0 moteur thermique.<\/p>\n<p style=\"text-align: justify;\">En somme, les voitures hybrides et \u00e9lectriques sont des voitures respectueuses de l\u2019environnement. Dans un souci \u00e9thique et engag\u00e9, Opel a d\u00e9cid\u00e9 de produire des voitures hybrides et des voitures \u00e9lectriques. Comptez tout de m\u00eame un budget assez \u00e9lev\u00e9 si vous souhaitez acheter une voiture hybride ou \u00e9lectrique. Elles sont propos\u00e9es \u00e0 des prix plus \u00e9lev\u00e9s que les voitures \u00e0 moteur thermique.<\/p>\n<p style=\"text-align: justify;\">Lorsqu\u2019il est question d\u2019Opel hybride, l\u2019Ampera est la premi\u00e8re qui vient en t\u00eate. Son moteur \u00e9lectrique est aliment\u00e9 par une batterie lithium-ion de 16 kWh. Il est coupl\u00e9 \u00e0 un petit moteur \u00e0 essence 1.4 L. La batterie se charge en 3 heures et, gr\u00e2ce \u00e0 un prolongateur d\u2019autonomie, il est possible de rouler jusqu\u2019\u00e0 500 km (en mode mixte). L\u2019Ampera d\u00e9gage une puissance de 149 ch, pour une vitesse maximale de 161 km\/h.<\/p>\n<p style=\"text-align: justify;\">Les voitures \u00e9lectriques Opel sont nombreuses. La Corsa-e est celle qui se d\u00e9marque des autres par son autonomie exceptionnelle. En effet, gr\u00e2ce \u00e0 un moteur aliment\u00e9 par une batterie lithium-ion de 50 kWh, la Corsa-e a une autonomie de 330 km pour une seule charge. La Corsa-e d\u00e9veloppe 136 ch et sa vitesse de pointe maximale est de 130 km\/h.<\/p>\n<h3 style=\"text-align: justify;\">\u00c0 LIRE \u00c9GALEMENT<\/h3>\n<p style=\"text-align: justify;\"><a href=\"https:\/\/www.bymycar.fr\/webzine\/quel-est-le-prix-dune-opel-electrique\/\">Quel est le prix d&rsquo;une opel \u00e9lectrique ?<\/a><\/p>\n<p style=\"text-align: justify;\"><a href=\"https:\/\/www.bymycar.fr\/webzine\/modeles-opel-tous-les-vehicules-de-la-gamme\/\">Mod\u00e8les Opel : Tous les v\u00e9hicules de la gamme<\/a><\/p>\n<p style=\"text-align: justify;\"><a href=\"https:\/\/www.bymycar.fr\/webzine\/opel-courroie-de-distribution-ou-chaine\/\">Opel : Courroie de distribution ou chaine ?<\/a><\/p>\n<p style=\"text-align: justify;\"><a href=\"https:\/\/www.bymycar.fr\/webzine\/opel-origine-et-histoire-de-la-marque\/\">Opel : Origine et histoire de la marque<\/a><\/p>\n<p style=\"text-align: justify;\"><a href=\"https:\/\/www.bymycar.fr\/webzine\/que-veut-dire-opel\/\">Que veut dire opel ?<\/a><\/p>\n<p style=\"text-align: justify;\"><a href=\"https:\/\/www.bymycar.fr\/webzine\/que-veut-dire-opc-chez-opel\/\">Que veut dire opc chez opel ?<\/a><\/p>\n<p style=\"text-align: justify;\"><a href=\"https:\/\/www.bymycar.fr\/webzine\/a-qui-appartient-opel\/\">A\u00a0qui appartient opel ?<\/a><\/p>\n<p style=\"text-align: justify;\"><a href=\"https:\/\/www.bymycar.fr\/webzine\/opel-ou-peugeot-quelle-marque-est-faite-pour-vous\/\">Opel ou peugeot : quelle marque est faite pour vous ?<\/a><\/p>\n<p style=\"text-align: justify;\"><a href=\"https:\/\/www.bymycar.fr\/webzine\/ford-ou-opel-quelle-marque-est-faite-pour-vous\/\">Ford ou opel : quelle marque est faite pour vous ?<\/a><\/p>\n<p style=\"text-align: justify;\"><a href=\"https:\/\/www.bymycar.fr\/webzine\/le-logo-dopel-histoire-et-signification\/\">Le logo d\u2019Opel, histoire et signification<\/a><\/p>\n","titre":"Voir les v\u00e9hicules Opel disponibles","image":false,"image_libre":false,"image_800x500":false,"legende":"","zoom":false,"texte":"","articles":false,"categorie_droite":false,"images":false,"elements_comparatif":false,"texte_1":"","texte_2":"","image_1":false,"image_1_563x400":false,"image_1_332x332":false,"image_2":false,"image_2_333x240":false,"image_2_563x400":false,"image_3":false,"image_3_333x240":false,"image_3_332x450":false,"image_4":false,"image_4_332x332":false,"image_4_563x400":false,"code_embed":"","legende_video":"","photo":false,"photo_100x100":false,"nom":"","fonction":"","elements_timeline":false,"entetes_colonnes":false,"entetes_lignes":false,"lignes":false,"introduction":"","formulaire":false,"question":"","reponse":"","libelle_bouton_lien":"","url_lien":"","questions":false,"conclusions":false,"pays":"1","region":"","marque":"4","marqueConcessions":false,"modele":"","ptvente":"","typeV":"","collection":"","nombre_maximum_elements":"5","lien_fin_carousel":"https:\/\/www.bymycar.fr\/rechercher-un-vehicule?prod_VEHICLES%5BrefinementList%5D%5Bbrand%5D%5B0%5D=OPEL","texte_lien_fin_carousel":"voir plus de v\u00e9hicules","trier_par":"prix"},{"type_strate":"texte-simple","ancre":"","contenu":"<h2 style=\"text-align: justify;\">Pourquoi acheter une Opel ?<\/h2>\n<p style=\"text-align: justify;\">Pour r\u00e9pondre simplement \u00e0 cette question, il convient de dire\u00a0: parce que c\u2019est une voiture de qualit\u00e9.<\/p>\n<p style=\"text-align: justify;\">Opel est un constructeur automobile allemand, fort d\u2019une exp\u00e9rience de plusieurs dizaines d\u2019ann\u00e9es. Plusieurs mod\u00e8les d\u2019<a href=\"https:\/\/www.bymycar.fr\/marques\/opel\">Opel<\/a> se sont succ\u00e9d\u00e9s, et certains ont marqu\u00e9 l\u2019histoire automobile, dont un en particulier : l&rsquo;Opel Corsa. Depuis sa mise en vente sur le march\u00e9, cette citadine d\u2019exception a \u00e9t\u00e9 vendue \u00e0 pas moins de 11 millions d\u2019exemplaires \u00e0 travers le monde.<\/p>\n<p style=\"text-align: justify;\">Les voitures Opel sont robustes et puissantes. De plus, les nouveaux mod\u00e8les d\u2019Opel sont dot\u00e9s d\u2019une technologie avanc\u00e9e. Cela permet au conducteur d\u2019avoir un meilleur confort de conduite, et un meilleur confort en g\u00e9n\u00e9ral.<\/p>\n<h2 style=\"text-align: justify;\">Qui fabrique les moteurs Opel ?<\/h2>\n<p style=\"text-align: justify;\">Tout d\u2019abord, voici quelques dates importantes pour Opel \u00e0 retenir\u00a0:<\/p>\n<ul style=\"text-align: justify;\">\n<li>1862\u00a0: cr\u00e9ation de la marque Opel\u00a0;<\/li>\n<li>1899\u00a0: cr\u00e9ation de l\u2019Opel Patent Motor\u00a0;<\/li>\n<li>1929\u00a0: rachat de 80 % des parts d\u2019Opel par General Motors\u00a0;<\/li>\n<li>2017\u00a0: GM se s\u00e9pare de ses parts et Opel est vendu \u00e0 PSA\u00a0;<\/li>\n<li>2021\u00a0: PSA et FCA fusionnent pour devenir Stellantis, Opel faisant partie de ce groupe.<\/li>\n<\/ul>\n<p style=\"text-align: justify;\">Depuis la cr\u00e9ation d\u2019Opel en 1862 jusqu\u2019en 1929, les moteurs Opel ont \u00e9t\u00e9 fabriqu\u00e9s par l\u2019usine de R\u00fcsselsheim, par la marque elle-m\u00eame.<\/p>\n<p style=\"text-align: justify;\">De 1929 \u00e0 2017, c\u2019est General Motors qui fabriquait les moteurs Opel.<\/p>\n<p style=\"text-align: justify;\">Les mod\u00e8les d\u2019Opel produits entre 2017 et 2021 ont \u00e9t\u00e9 motoris\u00e9s par PSA.<\/p>\n<p style=\"text-align: justify;\">Tous les mod\u00e8les r\u00e9cents et actuels de Opel b\u00e9n\u00e9ficient des moteurs Stellantis.<\/p>\n<h2 style=\"text-align: justify;\">C&rsquo;est quoi CDTi ?<\/h2>\n<p style=\"text-align: justify;\">CDTi est l\u2019acronyme de Common rail Diesel Turbo Injection. Il d\u00e9signe les moteurs turbo fonctionnant au diesel et utilisant un syst\u00e8me d\u2019injection directe du carburant Common rail.<\/p>\n<p style=\"text-align: justify;\">Le bloc CDTi est disponible sur quasiment toute la gamme Opel. En effet, le moteur thermique diesel pr\u00e9sente un avantage de taille compar\u00e9 au moteur \u00e0 essence. Pour une m\u00eame distance parcourue, le moteur diesel consomme moins de carburant que le moteur \u00e0 essence. Cela peut s\u2019av\u00e9rer tr\u00e8s int\u00e9ressant si vous d\u00e9cidez de rouler de grandes distances. En g\u00e9n\u00e9ral, un moteur CDTi est \u00e0 bo\u00eete manuelle.<\/p>\n<h2 style=\"text-align: justify;\">Quel moteur sur l&rsquo;Opel Mokka ?<\/h2>\n<p style=\"text-align: justify;\">Mokka est le SUV produit par Opel. \u00c0 sa mise en vente sur le march\u00e9 fran\u00e7ais, 3 versions sont propos\u00e9es\u00a0:<\/p>\n<ul style=\"text-align: justify;\">\n<li>4 TURBO 140 S\/S COSMO PACK 4&#215;4\u00a0;<\/li>\n<li>7 CDTi ECOFLEX S\/S COSMO PACK 4&#215;4\u00a0;<\/li>\n<li>7 CDTi ECOFLEX S\/S EDITION 4&#215;2.<\/li>\n<\/ul>\n<h2 style=\"text-align: justify;\">O\u00f9 sont fabriqu\u00e9es les Opel Astra ?<\/h2>\n<p style=\"text-align: justify;\">Durant plusieurs ann\u00e9es, les voitures Opel ont \u00e9t\u00e9 fabriqu\u00e9es par l\u2019usine de R\u00fcsselsheim, ville d\u2019origine de la marque. Les moteurs y \u00e9taient \u00e9galement fabriqu\u00e9s et le montage des voitures s\u2019y effectuait.<\/p>\n<p style=\"text-align: justify;\">Cela concerne \u00e9galement l\u2019Opel Astra. Produite \u00e0 partir de 2009, son moteur est fabriqu\u00e9 \u00e0 l\u2019usine de R\u00fcsselsheim. Toutefois, un changement s\u2019op\u00e8re en 2015. Depuis cette ann\u00e9e jusqu\u2019\u00e0 aujourd\u2019hui, le moteur de l\u2019Opel Astra est fabriqu\u00e9 \u00e0 Ellesmere Port au Royaume-Uni, et \u00e0 Gliwice en Pologne.<\/p>\n<h2 style=\"text-align: justify;\">O\u00f9 trouver code moteur Opel Zafira 1.6 essence et Astra 1.7 CDTi\u00a0?<\/h2>\n<p style=\"text-align: justify;\">Le code moteur est le syst\u00e8me d\u2019appellation des moteurs de v\u00e9hicules. Il se compose g\u00e9n\u00e9ralement de 3 \u00e0 4 lettres (BKC, KFX, CDZ, CATA, CAEB, etc.). Il est \u00e9galement possible qu\u2019il contienne un ou plusieurs chiffres (1Y, 1 F, LDA2, R9M414, etc.).<\/p>\n<p style=\"text-align: justify;\">Le code moteur est donc le code d\u2019identification du moteur. Gr\u00e2ce \u00e0 ce code, il est possible d\u2019avoir toutes les informations relatives au moteur. En effet, il apporte des informations capitales comme le type de moteur, sa puissance, l\u2019\u00e9nergie avec laquelle il fonctionne, etc. De plus, avec le code moteur, il est plus facile de trouver les pi\u00e8ces d\u00e9tach\u00e9es adapt\u00e9es au moteur.<\/p>\n<p style=\"text-align: justify;\">Le code moteur de l\u2019Opel Zafira peut se trouver \u00e0 2 diff\u00e9rents endroits\u00a0:<\/p>\n<ul style=\"text-align: justify;\">\n<li>Sur un autocollant situ\u00e9 sur la porti\u00e8re du c\u00f4t\u00e9 du conducteur\u00a0;<\/li>\n<li>Sous le capot, sur la partie avant du moteur.<\/li>\n<\/ul>\n<p style=\"text-align: justify;\">Il en est de m\u00eame pour l\u2019Opel Astra, ainsi que les autres mod\u00e8les d\u2019Opel.<\/p>\n<h2 style=\"text-align: justify;\">Comment \u00e9teindre un voyant moteur d\u2019une Opel corsa ?<\/h2>\n<p style=\"text-align: justify;\">Tout d\u2019abord, il est important de pr\u00e9ciser qu\u2019un voyant moteur ne s\u2019allume jamais au hasard. Lorsqu\u2019un voyant moteur est allum\u00e9, il y a une anomalie au niveau du moteur. Il peut s\u2019agir d\u2019une panne plus ou moins grave, en fonction du voyant qui se trouve \u00eatre allum\u00e9.<\/p>\n<p style=\"text-align: justify;\">Il existe 3 types de voyants\u00a0:<\/p>\n<ul style=\"text-align: justify;\">\n<li>Les voyants d\u2019alarme (rouge)\u00a0;<\/li>\n<li>Les voyants d\u2019alerte (jaune ou orange)\u00a0;<\/li>\n<li>Les voyants des feux (vert ou autre).<\/li>\n<\/ul>\n<p style=\"text-align: justify;\">Lorsqu\u2019un voyant est allum\u00e9, la premi\u00e8re chose \u00e0 faire est de v\u00e9rifier de quelle couleur il est. \u00c9videmment, toute panne du moteur est importante. Toutefois, certaines sont plus urgentes que d\u2019autres et les voyants rouges sont prioritaires, parce qu\u2019il peut \u00eatre question d\u2019une panne pouvant entra\u00eener un grave accident, tel que\u00a0:<\/p>\n<ul style=\"text-align: justify;\">\n<li>Une anomalie de transmission\u00a0;<\/li>\n<li>Une d\u00e9faillance de la direction assist\u00e9e\u00a0;<\/li>\n<li>Une surchauffe d\u2019huile moteur\u00a0;<\/li>\n<li>Etc.<\/li>\n<\/ul>\n<p style=\"text-align: justify;\">Une fois que la panne est identifi\u00e9e, la prochaine chose \u00e0 faire est logiquement d\u2019effectuer des r\u00e9parations. Si elles sont moindres, vous pouvez vous en occuper vous-m\u00eame. Dans le cas o\u00f9 de grandes r\u00e9parations s\u2019imposent, prenez imm\u00e9diatement rendez-vous chez un garagiste.<\/p>\n<p style=\"text-align: justify;\">\u00c0 la minute o\u00f9 la panne est r\u00e9gl\u00e9e, le voyant moteur s\u2019\u00e9teint automatiquement. Cela est valable pour l\u2019Opel Corsa ainsi que toutes les autres marques et tous les mod\u00e8les de voiture.<\/p>\n<h2 style=\"text-align: justify;\">Quelques mod\u00e8les d&rsquo;Opel et leur motorisation<\/h2>\n<p style=\"text-align: justify;\">Voici quelques exemples de motorisation pour quelques mod\u00e8les d\u2019Opel.<\/p>\n<p style=\"text-align: justify;\">Remarque\u00a0: un seul mod\u00e8le a \u00e9t\u00e9 s\u00e9lectionn\u00e9 pour chaque gamme.<\/p>\n<h3 style=\"text-align: justify;\">Astra 5 Sports Tourer Affaire<\/h3>\n<ul style=\"text-align: justify;\">\n<li>TURBO 105 ECOTEC S\/S PACK CLIM +\u00a0;<\/li>\n<li>6 DIESEL 110 S\/S PACK CLIM\u00a0;<\/li>\n<li>6 DIESEL 95 PACK CLIM.<\/li>\n<\/ul>\n<h3 style=\"text-align: justify;\">Nouvelle Corsa 2022<\/h3>\n<ul style=\"text-align: justify;\">\n<li>2 75 BVM5\u00a0;<\/li>\n<li>2 TURBO 100\u00a0;<\/li>\n<li>2 TURBO 130 7CV\u00a0;<\/li>\n<li>2 TURO 130 GS LINE\u00a0;<\/li>\n<li>5 DIESEL 100.<\/li>\n<\/ul>\n<h3 style=\"text-align: justify;\">Insignia 2 Country Tourer<\/h3>\n<ul style=\"text-align: justify;\">\n<li>0 DIESEL\u00a0;<\/li>\n<li>0 DIESEL BLUEINJECTION\u00a0;<\/li>\n<li>0 DIESEL 170\u00a0;<\/li>\n<li>0 DIESEL BITURBO 210 BLUEINJECTION AWD.<\/li>\n<\/ul>\n<h3 style=\"text-align: justify;\">Vivaro 3<\/h3>\n<ul style=\"text-align: justify;\">\n<li>5 DIESEL 120 CH\u00a0;<\/li>\n<li>0 DIESEL 140 7CV\u00a0;<\/li>\n<li>0 DIESEL 145\u00a0;<\/li>\n<li>0 DIESEL 150\u00a0;<\/li>\n<li>0 DIESEL 180.<\/li>\n<\/ul>\n<h2 style=\"text-align: justify;\">Qu\u2019en est-il des voitures hybrides et \u00e9lectriques\u00a0?<\/h2>\n<p style=\"text-align: justify;\">Les moteurs \u00e0 combustion ne sont pas les seuls concern\u00e9s lorsqu\u2019il est question de motorisation. Il convient \u00e9galement de mentionner les voitures hybrides et les voitures \u00e9lectriques.<\/p>\n<p style=\"text-align: justify;\">Il existe une diff\u00e9rence de taille en termes de voitures hybride et \u00e9lectrique.<\/p>\n<p style=\"text-align: justify;\">Un moteur \u00e9lectrique, comme son nom l\u2019indique, d\u00e9signe un moteur qui fonctionne \u00e0 100 % \u00e0 l\u2019\u00e9lectricit\u00e9. Il n\u2019utilise aucun carburant d\u2019origine p\u00e9troli\u00e8re. De ce fait, une voiture \u00e9lectrique n\u2019a aucune empreinte carbone, puisque son \u00e9mission en CO2 est nulle.<\/p>\n<p style=\"text-align: justify;\">Le moteur hybride est une \u00ab\u00a0combinaison\u00a0\u00bb du moteur thermique et du moteur \u00e9lectrique. Cela signifie que la voiture hybride utilise deux sources d\u2019\u00e9nergie. La voiture hybride peut switcher de mode en fonction de ses besoins. De ce fait, la consommation de carburant d\u2019une voiture hybride est largement inf\u00e9rieure \u00e0 celle d\u2019une voiture \u00e0 moteur thermique. Toutefois, contrairement \u00e0 la voiture \u00e9lectrique, son empreinte carbone n\u2019est pas nulle, bien que n\u2019\u00e9tant pas du m\u00eame niveau qu\u2019une voiture \u00e0 moteur thermique.<\/p>\n<p style=\"text-align: justify;\">En somme, les voitures hybrides et \u00e9lectriques sont des voitures respectueuses de l\u2019environnement. Dans un souci \u00e9thique et engag\u00e9, Opel a d\u00e9cid\u00e9 de produire des voitures hybrides et des voitures \u00e9lectriques. Comptez tout de m\u00eame un budget assez \u00e9lev\u00e9 si vous souhaitez acheter une voiture hybride ou \u00e9lectrique. Elles sont propos\u00e9es \u00e0 des prix plus \u00e9lev\u00e9s que les voitures \u00e0 moteur thermique.<\/p>\n<p style=\"text-align: justify;\">Lorsqu\u2019il est question d\u2019Opel hybride, l\u2019Ampera est la premi\u00e8re qui vient en t\u00eate. Son moteur \u00e9lectrique est aliment\u00e9 par une batterie lithium-ion de 16 kWh. Il est coupl\u00e9 \u00e0 un petit moteur \u00e0 essence 1.4 L. La batterie se charge en 3 heures et, gr\u00e2ce \u00e0 un prolongateur d\u2019autonomie, il est possible de rouler jusqu\u2019\u00e0 500 km (en mode mixte). L\u2019Ampera d\u00e9gage une puissance de 149 ch, pour une vitesse maximale de 161 km\/h.<\/p>\n<p style=\"text-align: justify;\">Les voitures \u00e9lectriques Opel sont nombreuses. La Corsa-e est celle qui se d\u00e9marque des autres par son autonomie exceptionnelle. En effet, gr\u00e2ce \u00e0 un moteur aliment\u00e9 par une batterie lithium-ion de 50 kWh, la Corsa-e a une autonomie de 330 km pour une seule charge. La Corsa-e d\u00e9veloppe 136 ch et sa vitesse de pointe maximale est de 130 km\/h.<\/p>\n<h3 style=\"text-align: justify;\">Guide d&rsquo;achat OPEL :<\/h3>\n<p style=\"text-align: justify;\"><a href=\"https:\/\/www.bymycar.fr\/webzine\/quel-est-le-prix-dune-opel-electrique\/\">Quel est le prix d&rsquo;une opel \u00e9lectrique ?<\/a><\/p>\n<p style=\"text-align: justify;\"><a href=\"https:\/\/www.bymycar.fr\/webzine\/modeles-opel-tous-les-vehicules-de-la-gamme\/\">Mod\u00e8les Opel : Tous les v\u00e9hicules de la gamme<\/a><\/p>\n<p style=\"text-align: justify;\"><a href=\"https:\/\/www.bymycar.fr\/webzine\/opel-courroie-de-distribution-ou-chaine\/\">Opel : Courroie de distribution ou chaine ?<\/a><\/p>\n<p style=\"text-align: justify;\"><a href=\"https:\/\/www.bymycar.fr\/webzine\/opel-origine-et-histoire-de-la-marque\/\">Opel : Origine et histoire de la marque<\/a><\/p>\n<p style=\"text-align: justify;\"><a href=\"https:\/\/www.bymycar.fr\/webzine\/que-veut-dire-opel\/\">Que veut dire opel ?<\/a><\/p>\n<p style=\"text-align: justify;\"><a href=\"https:\/\/www.bymycar.fr\/webzine\/que-veut-dire-opc-chez-opel\/\">Que veut dire opc chez opel ?<\/a><\/p>\n<p style=\"text-align: justify;\"><a href=\"https:\/\/www.bymycar.fr\/webzine\/a-qui-appartient-opel\/\">A\u00a0qui appartient opel ?<\/a><\/p>\n<p style=\"text-align: justify;\"><a href=\"https:\/\/www.bymycar.fr\/webzine\/opel-ou-peugeot-quelle-marque-est-faite-pour-vous\/\">Opel ou peugeot : quelle marque est faite pour vous ?<\/a><\/p>\n<p style=\"text-align: justify;\"><a href=\"https:\/\/www.bymycar.fr\/webzine\/ford-ou-opel-quelle-marque-est-faite-pour-vous\/\">Ford ou opel : quelle marque est faite pour vous ?<\/a><\/p>\n<p style=\"text-align: justify;\"><a href=\"https:\/\/www.bymycar.fr\/webzine\/le-logo-dopel-histoire-et-signification\/\">Le logo d\u2019Opel, histoire et signification<\/a><\/p>\n","titre":"Texte 1","image":false,"image_libre":false,"image_800x500":false,"legende":"","zoom":false,"texte":"","articles":false,"categorie_droite":false,"images":false,"elements_comparatif":false,"texte_1":"","texte_2":"","image_1":false,"image_1_563x400":false,"image_1_332x332":false,"image_2":false,"image_2_333x240":false,"image_2_563x400":false,"image_3":false,"image_3_333x240":false,"image_3_332x450":false,"image_4":false,"image_4_332x332":false,"image_4_563x400":false,"code_embed":"","legende_video":"","photo":false,"photo_100x100":false,"nom":"","fonction":"","elements_timeline":false,"entetes_colonnes":false,"entetes_lignes":false,"lignes":false,"introduction":"","formulaire":false,"question":"","reponse":"","libelle_bouton_lien":"","url_lien":"","questions":false,"conclusions":false,"pays":"1","region":"","marque":"4","marqueConcessions":false,"modele":"","ptvente":"","typeV":"VO","collection":"","nombre_maximum_elements":"10","lien_fin_carousel":"https:\/\/www.bymycar.fr\/rechercher-un-vehicule?prod_VEHICLES%5BrefinementList%5D%5Bbrand%5D%5B0%5D=OPEL","texte_lien_fin_carousel":"Voir tous les v\u00e9hicules","trier_par":""},{"type_strate":"carousel-produits","ancre":"","contenu":"","titre":"Nos v\u00e9hicules Opel en stock","image":false,"image_libre":false,"image_800x500":false,"legende":"","zoom":false,"texte":"","articles":false,"categorie_droite":false,"images":false,"elements_comparatif":false,"texte_1":"","texte_2":"","image_1":false,"image_1_563x400":false,"image_1_332x332":false,"image_2":false,"image_2_333x240":false,"image_2_563x400":false,"image_3":false,"image_3_333x240":false,"image_3_332x450":false,"image_4":false,"image_4_332x332":false,"image_4_563x400":false,"code_embed":"","legende_video":"","photo":false,"photo_100x100":false,"nom":"","fonction":"","elements_timeline":false,"entetes_colonnes":false,"entetes_lignes":false,"lignes":false,"introduction":"","formulaire":false,"question":"","reponse":"","libelle_bouton_lien":"","url_lien":"","questions":false,"conclusions":false,"pays":"1","region":"","marque":"4","marqueConcessions":false,"modele":"","ptvente":"","typeV":"VO","collection":"","nombre_maximum_elements":"5","lien_fin_carousel":"https:\/\/www.bymycar.fr\/rechercher-un-vehicule?prod_VEHICLES%5BrefinementList%5D%5Bbrand%5D%5B0%5D=OPEL","texte_lien_fin_carousel":"Voir tous les v\u00e9hicules","trier_par":""}],"is_old_post":false,"image":{"ID":30805,"id":30805,"title":"Quel-moteur-Opel-sur-quel-v\u00e9hicule","filename":"Quel-moteur-Opel-sur-quel-vehicule.jpg","filesize":1,"url":"https:\/\/cdn.bymycar.eu\/fr-webzine\/wp-content\/uploads\/medias\/Quel-moteur-Opel-sur-quel-vehicule.jpg","link":"https:\/\/www.bymycar.fr\/webzine\/quel-moteur-opel-sur-quel-vehicule\/quel-moteur-opel-sur-quel-vehicule\/","alt":"","author":"9","description":"","caption":"","name":"quel-moteur-opel-sur-quel-vehicule","status":"inherit","uploaded_to":30804,"date":"2022-06-22 11:41:21","modified":"2022-06-22 11:41:21","menu_order":0,"mime_type":"image\/jpeg","type":"image","subtype":"jpeg","icon":"https:\/\/www.bymycar.fr\/webzine\/wp-includes\/images\/media\/default.png","width":750,"height":410,"sizes":{"thumbnail":"https:\/\/cdn.bymycar.eu\/fr-webzine\/wp-content\/uploads\/medias\/Quel-moteur-Opel-sur-quel-vehicule-150x150.jpg","thumbnail-width":150,"thumbnail-height":150,"medium":"https:\/\/cdn.bymycar.eu\/fr-webzine\/wp-content\/uploads\/medias\/Quel-moteur-Opel-sur-quel-vehicule-300x164.jpg","medium-width":300,"medium-height":164,"medium_large":"https:\/\/cdn.bymycar.eu\/fr-webzine\/wp-content\/uploads\/medias\/Quel-moteur-Opel-sur-quel-vehicule.jpg","medium_large-width":750,"medium_large-height":410,"large":"https:\/\/cdn.bymycar.eu\/fr-webzine\/wp-content\/uploads\/medias\/Quel-moteur-Opel-sur-quel-vehicule.jpg","large-width":750,"large-height":410,"1536x1536":"https:\/\/cdn.bymycar.eu\/fr-webzine\/wp-content\/uploads\/medias\/Quel-moteur-Opel-sur-quel-vehicule.jpg","1536x1536-width":750,"1536x1536-height":410,"2048x2048":"https:\/\/cdn.bymycar.eu\/fr-webzine\/wp-content\/uploads\/medias\/Quel-moteur-Opel-sur-quel-vehicule.jpg","2048x2048-width":750,"2048x2048-height":410}},"page_content":{"block_content":[{"acf_fc_layout":"carousel-produits"},{"acf_fc_layout":"carousel-produits"},{"acf_fc_layout":"carousel-produits"},{"acf_fc_layout":"text-simple","--nav":{"-withNav":false,"-ancre":""},"--group":{"-text":"<h2 style=\"text-align: justify;\">Pourquoi acheter une Opel ?<\/h2>\n<p style=\"text-align: justify;\">Pour r\u00e9pondre simplement \u00e0 cette question, il convient de dire\u00a0: parce que c\u2019est une voiture de qualit\u00e9.<\/p>\n<p style=\"text-align: justify;\">Opel est un constructeur automobile allemand, fort d\u2019une exp\u00e9rience de plusieurs dizaines d\u2019ann\u00e9es. Plusieurs mod\u00e8les d\u2019<a href=\"https:\/\/www.bymycar.fr\/marques\/opel\">Opel<\/a> se sont succ\u00e9d\u00e9s, et certains ont marqu\u00e9 l\u2019histoire automobile, dont un en particulier : l&rsquo;Opel Corsa. Depuis sa mise en vente sur le march\u00e9, cette citadine d\u2019exception a \u00e9t\u00e9 vendue \u00e0 pas moins de 11 millions d\u2019exemplaires \u00e0 travers le monde.<\/p>\n<p style=\"text-align: justify;\">Les voitures Opel sont robustes et puissantes. De plus, les nouveaux mod\u00e8les d\u2019Opel sont dot\u00e9s d\u2019une technologie avanc\u00e9e. Cela permet au conducteur d\u2019avoir un meilleur confort de conduite, et un meilleur confort en g\u00e9n\u00e9ral.<\/p>\n<h2 style=\"text-align: justify;\">Qui fabrique les moteurs Opel ?<\/h2>\n<p style=\"text-align: justify;\">Tout d\u2019abord, voici quelques dates importantes pour Opel \u00e0 retenir\u00a0:<\/p>\n<ul style=\"text-align: justify;\">\n<li>1862\u00a0: cr\u00e9ation de la marque Opel\u00a0;<\/li>\n<li>1899\u00a0: cr\u00e9ation de l\u2019Opel Patent Motor\u00a0;<\/li>\n<li>1929\u00a0: rachat de 80 % des parts d\u2019Opel par General Motors\u00a0;<\/li>\n<li>2017\u00a0: GM se s\u00e9pare de ses parts et Opel est vendu \u00e0 PSA\u00a0;<\/li>\n<li>2021\u00a0: PSA et FCA fusionnent pour devenir Stellantis, Opel faisant partie de ce groupe.<\/li>\n<\/ul>\n<p style=\"text-align: justify;\">Depuis la cr\u00e9ation d\u2019Opel en 1862 jusqu\u2019en 1929, les moteurs Opel ont \u00e9t\u00e9 fabriqu\u00e9s par l\u2019usine de R\u00fcsselsheim, par la marque elle-m\u00eame.<\/p>\n<p style=\"text-align: justify;\">De 1929 \u00e0 2017, c\u2019est General Motors qui fabriquait les moteurs Opel.<\/p>\n<p style=\"text-align: justify;\">Les mod\u00e8les d\u2019Opel produits entre 2017 et 2021 ont \u00e9t\u00e9 motoris\u00e9s par PSA.<\/p>\n<p style=\"text-align: justify;\">Tous les mod\u00e8les r\u00e9cents et actuels de Opel b\u00e9n\u00e9ficient des moteurs Stellantis.<\/p>\n<h2 style=\"text-align: justify;\">C&rsquo;est quoi CDTi ?<\/h2>\n<p style=\"text-align: justify;\">CDTi est l\u2019acronyme de Common rail Diesel Turbo Injection. Il d\u00e9signe les moteurs turbo fonctionnant au diesel et utilisant un syst\u00e8me d\u2019injection directe du carburant Common rail.<\/p>\n<p style=\"text-align: justify;\">Le bloc CDTi est disponible sur quasiment toute la gamme Opel. En effet, le moteur thermique diesel pr\u00e9sente un avantage de taille compar\u00e9 au moteur \u00e0 essence. Pour une m\u00eame distance parcourue, le moteur diesel consomme moins de carburant que le moteur \u00e0 essence. Cela peut s\u2019av\u00e9rer tr\u00e8s int\u00e9ressant si vous d\u00e9cidez de rouler de grandes distances. En g\u00e9n\u00e9ral, un moteur CDTi est \u00e0 bo\u00eete manuelle.<\/p>\n<h2 style=\"text-align: justify;\">Quel moteur sur l&rsquo;Opel Mokka ?<\/h2>\n<p style=\"text-align: justify;\">Mokka est le SUV produit par Opel. \u00c0 sa mise en vente sur le march\u00e9 fran\u00e7ais, 3 versions sont propos\u00e9es\u00a0:<\/p>\n<ul style=\"text-align: justify;\">\n<li>4 TURBO 140 S\/S COSMO PACK 4&#215;4\u00a0;<\/li>\n<li>7 CDTi ECOFLEX S\/S COSMO PACK 4&#215;4\u00a0;<\/li>\n<li>7 CDTi ECOFLEX S\/S EDITION 4&#215;2.<\/li>\n<\/ul>\n<h2 style=\"text-align: justify;\">O\u00f9 sont fabriqu\u00e9es les Opel Astra ?<\/h2>\n<p style=\"text-align: justify;\">Durant plusieurs ann\u00e9es, les voitures Opel ont \u00e9t\u00e9 fabriqu\u00e9es par l\u2019usine de R\u00fcsselsheim, ville d\u2019origine de la marque. Les moteurs y \u00e9taient \u00e9galement fabriqu\u00e9s et le montage des voitures s\u2019y effectuait.<\/p>\n<p style=\"text-align: justify;\">Cela concerne \u00e9galement l\u2019Opel Astra. Produite \u00e0 partir de 2009, son moteur est fabriqu\u00e9 \u00e0 l\u2019usine de R\u00fcsselsheim. Toutefois, un changement s\u2019op\u00e8re en 2015. Depuis cette ann\u00e9e jusqu\u2019\u00e0 aujourd\u2019hui, le moteur de l\u2019Opel Astra est fabriqu\u00e9 \u00e0 Ellesmere Port au Royaume-Uni, et \u00e0 Gliwice en Pologne.<\/p>\n<h2 style=\"text-align: justify;\">O\u00f9 trouver code moteur Opel Zafira 1.6 essence et Astra 1.7 CDTi\u00a0?<\/h2>\n<p style=\"text-align: justify;\">Le code moteur est le syst\u00e8me d\u2019appellation des moteurs de v\u00e9hicules. Il se compose g\u00e9n\u00e9ralement de 3 \u00e0 4 lettres (BKC, KFX, CDZ, CATA, CAEB, etc.). Il est \u00e9galement possible qu\u2019il contienne un ou plusieurs chiffres (1Y, 1 F, LDA2, R9M414, etc.).<\/p>\n<p style=\"text-align: justify;\">Le code moteur est donc le code d\u2019identification du moteur. Gr\u00e2ce \u00e0 ce code, il est possible d\u2019avoir toutes les informations relatives au moteur. En effet, il apporte des informations capitales comme le type de moteur, sa puissance, l\u2019\u00e9nergie avec laquelle il fonctionne, etc. De plus, avec le code moteur, il est plus facile de trouver les pi\u00e8ces d\u00e9tach\u00e9es adapt\u00e9es au moteur.<\/p>\n<p style=\"text-align: justify;\">Le code moteur de l\u2019Opel Zafira peut se trouver \u00e0 2 diff\u00e9rents endroits\u00a0:<\/p>\n<ul style=\"text-align: justify;\">\n<li>Sur un autocollant situ\u00e9 sur la porti\u00e8re du c\u00f4t\u00e9 du conducteur\u00a0;<\/li>\n<li>Sous le capot, sur la partie avant du moteur.<\/li>\n<\/ul>\n<p style=\"text-align: justify;\">Il en est de m\u00eame pour l\u2019Opel Astra, ainsi que les autres mod\u00e8les d\u2019Opel.<\/p>\n<h2 style=\"text-align: justify;\">Comment \u00e9teindre un voyant moteur d\u2019une Opel corsa ?<\/h2>\n<p style=\"text-align: justify;\">Tout d\u2019abord, il est important de pr\u00e9ciser qu\u2019un voyant moteur ne s\u2019allume jamais au hasard. Lorsqu\u2019un voyant moteur est allum\u00e9, il y a une anomalie au niveau du moteur. Il peut s\u2019agir d\u2019une panne plus ou moins grave, en fonction du voyant qui se trouve \u00eatre allum\u00e9.<\/p>\n<p style=\"text-align: justify;\">Il existe 3 types de voyants\u00a0:<\/p>\n<ul style=\"text-align: justify;\">\n<li>Les voyants d\u2019alarme (rouge)\u00a0;<\/li>\n<li>Les voyants d\u2019alerte (jaune ou orange)\u00a0;<\/li>\n<li>Les voyants des feux (vert ou autre).<\/li>\n<\/ul>\n<p style=\"text-align: justify;\">Lorsqu\u2019un voyant est allum\u00e9, la premi\u00e8re chose \u00e0 faire est de v\u00e9rifier de quelle couleur il est. \u00c9videmment, toute panne du moteur est importante. Toutefois, certaines sont plus urgentes que d\u2019autres et les voyants rouges sont prioritaires, parce qu\u2019il peut \u00eatre question d\u2019une panne pouvant entra\u00eener un grave accident, tel que\u00a0:<\/p>\n<ul style=\"text-align: justify;\">\n<li>Une anomalie de transmission\u00a0;<\/li>\n<li>Une d\u00e9faillance de la direction assist\u00e9e\u00a0;<\/li>\n<li>Une surchauffe d\u2019huile moteur\u00a0;<\/li>\n<li>Etc.<\/li>\n<\/ul>\n<p style=\"text-align: justify;\">Une fois que la panne est identifi\u00e9e, la prochaine chose \u00e0 faire est logiquement d\u2019effectuer des r\u00e9parations. Si elles sont moindres, vous pouvez vous en occuper vous-m\u00eame. Dans le cas o\u00f9 de grandes r\u00e9parations s\u2019imposent, prenez imm\u00e9diatement rendez-vous chez un garagiste.<\/p>\n<p style=\"text-align: justify;\">\u00c0 la minute o\u00f9 la panne est r\u00e9gl\u00e9e, le voyant moteur s\u2019\u00e9teint automatiquement. Cela est valable pour l\u2019Opel Corsa ainsi que toutes les autres marques et tous les mod\u00e8les de voiture.<\/p>\n<h2 style=\"text-align: justify;\">Quelques mod\u00e8les d&rsquo;Opel et leur motorisation<\/h2>\n<p style=\"text-align: justify;\">Voici quelques exemples de motorisation pour quelques mod\u00e8les d\u2019Opel.<\/p>\n<p style=\"text-align: justify;\">Remarque\u00a0: un seul mod\u00e8le a \u00e9t\u00e9 s\u00e9lectionn\u00e9 pour chaque gamme.<\/p>\n<h3 style=\"text-align: justify;\">Astra 5 Sports Tourer Affaire<\/h3>\n<ul style=\"text-align: justify;\">\n<li>TURBO 105 ECOTEC S\/S PACK CLIM +\u00a0;<\/li>\n<li>6 DIESEL 110 S\/S PACK CLIM\u00a0;<\/li>\n<li>6 DIESEL 95 PACK CLIM.<\/li>\n<\/ul>\n<h3 style=\"text-align: justify;\">Nouvelle Corsa 2022<\/h3>\n<ul style=\"text-align: justify;\">\n<li>2 75 BVM5\u00a0;<\/li>\n<li>2 TURBO 100\u00a0;<\/li>\n<li>2 TURBO 130 7CV\u00a0;<\/li>\n<li>2 TURO 130 GS LINE\u00a0;<\/li>\n<li>5 DIESEL 100.<\/li>\n<\/ul>\n<h3 style=\"text-align: justify;\">Insignia 2 Country Tourer<\/h3>\n<ul style=\"text-align: justify;\">\n<li>0 DIESEL\u00a0;<\/li>\n<li>0 DIESEL BLUEINJECTION\u00a0;<\/li>\n<li>0 DIESEL 170\u00a0;<\/li>\n<li>0 DIESEL BITURBO 210 BLUEINJECTION AWD.<\/li>\n<\/ul>\n<h3 style=\"text-align: justify;\">Vivaro 3<\/h3>\n<ul style=\"text-align: justify;\">\n<li>5 DIESEL 120 CH\u00a0;<\/li>\n<li>0 DIESEL 140 7CV\u00a0;<\/li>\n<li>0 DIESEL 145\u00a0;<\/li>\n<li>0 DIESEL 150\u00a0;<\/li>\n<li>0 DIESEL 180.<\/li>\n<\/ul>\n<h2 style=\"text-align: justify;\">Qu\u2019en est-il des voitures hybrides et \u00e9lectriques\u00a0?<\/h2>\n<p style=\"text-align: justify;\">Les moteurs \u00e0 combustion ne sont pas les seuls concern\u00e9s lorsqu\u2019il est question de motorisation. Il convient \u00e9galement de mentionner les voitures hybrides et les voitures \u00e9lectriques.<\/p>\n<p style=\"text-align: justify;\">Il existe une diff\u00e9rence de taille en termes de voitures hybride et \u00e9lectrique.<\/p>\n<p style=\"text-align: justify;\">Un moteur \u00e9lectrique, comme son nom l\u2019indique, d\u00e9signe un moteur qui fonctionne \u00e0 100 % \u00e0 l\u2019\u00e9lectricit\u00e9. Il n\u2019utilise aucun carburant d\u2019origine p\u00e9troli\u00e8re. De ce fait, une voiture \u00e9lectrique n\u2019a aucune empreinte carbone, puisque son \u00e9mission en CO2 est nulle.<\/p>\n<p style=\"text-align: justify;\">Le moteur hybride est une \u00ab\u00a0combinaison\u00a0\u00bb du moteur thermique et du moteur \u00e9lectrique. Cela signifie que la voiture hybride utilise deux sources d\u2019\u00e9nergie. La voiture hybride peut switcher de mode en fonction de ses besoins. De ce fait, la consommation de carburant d\u2019une voiture hybride est largement inf\u00e9rieure \u00e0 celle d\u2019une voiture \u00e0 moteur thermique. Toutefois, contrairement \u00e0 la voiture \u00e9lectrique, son empreinte carbone n\u2019est pas nulle, bien que n\u2019\u00e9tant pas du m\u00eame niveau qu\u2019une voiture \u00e0 moteur thermique.<\/p>\n<p style=\"text-align: justify;\">En somme, les voitures hybrides et \u00e9lectriques sont des voitures respectueuses de l\u2019environnement. Dans un souci \u00e9thique et engag\u00e9, Opel a d\u00e9cid\u00e9 de produire des voitures hybrides et des voitures \u00e9lectriques. Comptez tout de m\u00eame un budget assez \u00e9lev\u00e9 si vous souhaitez acheter une voiture hybride ou \u00e9lectrique. Elles sont propos\u00e9es \u00e0 des prix plus \u00e9lev\u00e9s que les voitures \u00e0 moteur thermique.<\/p>\n<p style=\"text-align: justify;\">Lorsqu\u2019il est question d\u2019Opel hybride, l\u2019Ampera est la premi\u00e8re qui vient en t\u00eate. Son moteur \u00e9lectrique est aliment\u00e9 par une batterie lithium-ion de 16 kWh. Il est coupl\u00e9 \u00e0 un petit moteur \u00e0 essence 1.4 L. La batterie se charge en 3 heures et, gr\u00e2ce \u00e0 un prolongateur d\u2019autonomie, il est possible de rouler jusqu\u2019\u00e0 500 km (en mode mixte). L\u2019Ampera d\u00e9gage une puissance de 149 ch, pour une vitesse maximale de 161 km\/h.<\/p>\n<p style=\"text-align: justify;\">Les voitures \u00e9lectriques Opel sont nombreuses. La Corsa-e est celle qui se d\u00e9marque des autres par son autonomie exceptionnelle. En effet, gr\u00e2ce \u00e0 un moteur aliment\u00e9 par une batterie lithium-ion de 50 kWh, la Corsa-e a une autonomie de 330 km pour une seule charge. La Corsa-e d\u00e9veloppe 136 ch et sa vitesse de pointe maximale est de 130 km\/h.<\/p>\n<h3 style=\"text-align: justify;\">Guide d&rsquo;achat OPEL :<\/h3>\n<p style=\"text-align: justify;\"><a href=\"https:\/\/www.bymycar.fr\/webzine\/quel-est-le-prix-dune-opel-electrique\/\">Quel est le prix d&rsquo;une opel \u00e9lectrique ?<\/a><\/p>\n<p style=\"text-align: justify;\"><a href=\"https:\/\/www.bymycar.fr\/webzine\/modeles-opel-tous-les-vehicules-de-la-gamme\/\">Mod\u00e8les Opel : Tous les v\u00e9hicules de la gamme<\/a><\/p>\n<p style=\"text-align: justify;\"><a href=\"https:\/\/www.bymycar.fr\/webzine\/opel-courroie-de-distribution-ou-chaine\/\">Opel : Courroie de distribution ou chaine ?<\/a><\/p>\n<p style=\"text-align: justify;\"><a href=\"https:\/\/www.bymycar.fr\/webzine\/opel-origine-et-histoire-de-la-marque\/\">Opel : Origine et histoire de la marque<\/a><\/p>\n<p style=\"text-align: justify;\"><a href=\"https:\/\/www.bymycar.fr\/webzine\/que-veut-dire-opel\/\">Que veut dire opel ?<\/a><\/p>\n<p style=\"text-align: justify;\"><a href=\"https:\/\/www.bymycar.fr\/webzine\/que-veut-dire-opc-chez-opel\/\">Que veut dire opc chez opel ?<\/a><\/p>\n<p style=\"text-align: justify;\"><a href=\"https:\/\/www.bymycar.fr\/webzine\/a-qui-appartient-opel\/\">A\u00a0qui appartient opel ?<\/a><\/p>\n<p style=\"text-align: justify;\"><a href=\"https:\/\/www.bymycar.fr\/webzine\/opel-ou-peugeot-quelle-marque-est-faite-pour-vous\/\">Opel ou peugeot : quelle marque est faite pour vous ?<\/a><\/p>\n<p style=\"text-align: justify;\"><a href=\"https:\/\/www.bymycar.fr\/webzine\/ford-ou-opel-quelle-marque-est-faite-pour-vous\/\">Ford ou opel : quelle marque est faite pour vous ?<\/a><\/p>\n<p style=\"text-align: justify;\"><a href=\"https:\/\/www.bymycar.fr\/webzine\/le-logo-dopel-histoire-et-signification\/\">Le logo d\u2019Opel, histoire et signification<\/a><\/p>\n"}}]},"add-carousel-to-footer":true},"yoast_head":"<!-- This site is optimized with the Yoast SEO Premium plugin v26.4 (Yoast SEO v26.4) - https:\/\/yoast.com\/wordpress\/plugins\/seo\/ -->\n<title>Quel moteur Opel sur quel v\u00e9hicule ?<\/title>\n<meta name=\"robots\" content=\"index, follow, max-snippet:-1, max-image-preview:large, max-video-preview:-1\" \/>\n<link rel=\"canonical\" href=\"https:\/\/www.bymycar.fr\/webzine\/quel-moteur-opel-sur-quel-vehicule\/\" \/>\n<meta property=\"og:locale\" content=\"fr_FR\" \/>\n<meta property=\"og:type\" content=\"article\" \/>\n<meta property=\"og:title\" content=\"Quel moteur Opel sur quel v\u00e9hicule ?\" \/>\n<meta property=\"og:url\" content=\"https:\/\/www.bymycar.fr\/webzine\/quel-moteur-opel-sur-quel-vehicule\/\" \/>\n<meta property=\"og:site_name\" content=\"Webzine auto BYmyCAR\" \/>\n<meta property=\"article:published_time\" content=\"2022-06-28T07:59:30+00:00\" \/>\n<meta property=\"article:modified_time\" content=\"2023-02-08T09:40:32+00:00\" \/>\n<meta property=\"og:image\" content=\"https:\/\/cdn.bymycar.eu\/fr-webzine\/wp-content\/uploads\/medias\/Quel-moteur-Opel-sur-quel-vehicule.jpg\" \/>\n\t<meta property=\"og:image:width\" content=\"750\" \/>\n\t<meta property=\"og:image:height\" content=\"410\" \/>\n\t<meta property=\"og:image:type\" content=\"image\/jpeg\" \/>\n<meta name=\"author\" content=\"Gregoire LE BIHAN\" \/>\n<meta name=\"twitter:card\" content=\"summary_large_image\" \/>\n<meta name=\"twitter:label1\" content=\"\u00c9crit par\" \/>\n\t<meta name=\"twitter:data1\" content=\"Gregoire LE BIHAN\" \/>\n<script type=\"application\/ld+json\" class=\"yoast-schema-graph\">{\"@context\":\"https:\/\/schema.org\",\"@graph\":[{\"@type\":\"Article\",\"@id\":\"https:\/\/www.bymycar.fr\/webzine\/quel-moteur-opel-sur-quel-vehicule\/#article\",\"isPartOf\":{\"@id\":\"https:\/\/www.bymycar.fr\/webzine\/quel-moteur-opel-sur-quel-vehicule\/\"},\"author\":{\"name\":\"Gregoire LE BIHAN\",\"@id\":\"https:\/\/www.bymycar.fr\/webzine\/#\/schema\/person\/8c56906440ec126868bd40232b3445f0\"},\"headline\":\"Quel moteur Opel sur quel v\u00e9hicule ?\",\"datePublished\":\"2022-06-28T07:59:30+00:00\",\"dateModified\":\"2023-02-08T09:40:32+00:00\",\"mainEntityOfPage\":{\"@id\":\"https:\/\/www.bymycar.fr\/webzine\/quel-moteur-opel-sur-quel-vehicule\/\"},\"wordCount\":7,\"publisher\":{\"@id\":\"https:\/\/www.bymycar.fr\/webzine\/#organization\"},\"image\":{\"@id\":\"https:\/\/www.bymycar.fr\/webzine\/quel-moteur-opel-sur-quel-vehicule\/#primaryimage\"},\"thumbnailUrl\":\"https:\/\/cdn.bymycar.eu\/fr-webzine\/wp-content\/uploads\/medias\/Quel-moteur-Opel-sur-quel-vehicule.jpg\",\"articleSection\":[\"Guide d'achat\",\"Guide d'achat Opel\"],\"inLanguage\":\"fr-FR\"},{\"@type\":\"WebPage\",\"@id\":\"https:\/\/www.bymycar.fr\/webzine\/quel-moteur-opel-sur-quel-vehicule\/\",\"url\":\"https:\/\/www.bymycar.fr\/webzine\/quel-moteur-opel-sur-quel-vehicule\/\",\"name\":\"Quel moteur Opel sur quel v\u00e9hicule ?\",\"isPartOf\":{\"@id\":\"https:\/\/www.bymycar.fr\/webzine\/#website\"},\"primaryImageOfPage\":{\"@id\":\"https:\/\/www.bymycar.fr\/webzine\/quel-moteur-opel-sur-quel-vehicule\/#primaryimage\"},\"image\":{\"@id\":\"https:\/\/www.bymycar.fr\/webzine\/quel-moteur-opel-sur-quel-vehicule\/#primaryimage\"},\"thumbnailUrl\":\"https:\/\/cdn.bymycar.eu\/fr-webzine\/wp-content\/uploads\/medias\/Quel-moteur-Opel-sur-quel-vehicule.jpg\",\"datePublished\":\"2022-06-28T07:59:30+00:00\",\"dateModified\":\"2023-02-08T09:40:32+00:00\",\"breadcrumb\":{\"@id\":\"https:\/\/www.bymycar.fr\/webzine\/quel-moteur-opel-sur-quel-vehicule\/#breadcrumb\"},\"inLanguage\":\"fr-FR\",\"potentialAction\":[{\"@type\":\"ReadAction\",\"target\":[\"https:\/\/www.bymycar.fr\/webzine\/quel-moteur-opel-sur-quel-vehicule\/\"]}]},{\"@type\":\"ImageObject\",\"inLanguage\":\"fr-FR\",\"@id\":\"https:\/\/www.bymycar.fr\/webzine\/quel-moteur-opel-sur-quel-vehicule\/#primaryimage\",\"url\":\"https:\/\/cdn.bymycar.eu\/fr-webzine\/wp-content\/uploads\/medias\/Quel-moteur-Opel-sur-quel-vehicule.jpg\",\"contentUrl\":\"https:\/\/cdn.bymycar.eu\/fr-webzine\/wp-content\/uploads\/medias\/Quel-moteur-Opel-sur-quel-vehicule.jpg\",\"width\":750,\"height\":410},{\"@type\":\"BreadcrumbList\",\"@id\":\"https:\/\/www.bymycar.fr\/webzine\/quel-moteur-opel-sur-quel-vehicule\/#breadcrumb\",\"itemListElement\":[{\"@type\":\"ListItem\",\"position\":1,\"name\":\"Accueil\",\"item\":\"https:\/\/www.bymycar.fr\/webzine\/\"},{\"@type\":\"ListItem\",\"position\":2,\"name\":\"Quel moteur Opel sur quel v\u00e9hicule ?\"}]},{\"@type\":\"WebSite\",\"@id\":\"https:\/\/www.bymycar.fr\/webzine\/#website\",\"url\":\"https:\/\/www.bymycar.fr\/webzine\/\",\"name\":\"Webzine auto BYmyCAR\",\"description\":\"La magazine auto de BYmyCAR\",\"publisher\":{\"@id\":\"https:\/\/www.bymycar.fr\/webzine\/#organization\"},\"potentialAction\":[{\"@type\":\"SearchAction\",\"target\":{\"@type\":\"EntryPoint\",\"urlTemplate\":\"https:\/\/www.bymycar.fr\/webzine\/?s={search_term_string}\"},\"query-input\":{\"@type\":\"PropertyValueSpecification\",\"valueRequired\":true,\"valueName\":\"search_term_string\"}}],\"inLanguage\":\"fr-FR\"},{\"@type\":\"Organization\",\"@id\":\"https:\/\/www.bymycar.fr\/webzine\/#organization\",\"name\":\"BYmyCAR\",\"url\":\"https:\/\/www.bymycar.fr\/webzine\/\",\"logo\":{\"@type\":\"ImageObject\",\"inLanguage\":\"fr-FR\",\"@id\":\"https:\/\/www.bymycar.fr\/webzine\/#\/schema\/logo\/image\/\",\"url\":\"https:\/\/cdn.bymycar.eu\/fr-webzine\/wp-content\/uploads\/medias\/2017\/08\/logo_DEALER_00000406_001.png\",\"contentUrl\":\"https:\/\/cdn.bymycar.eu\/fr-webzine\/wp-content\/uploads\/medias\/2017\/08\/logo_DEALER_00000406_001.png\",\"width\":2132,\"height\":720,\"caption\":\"BYmyCAR\"},\"image\":{\"@id\":\"https:\/\/www.bymycar.fr\/webzine\/#\/schema\/logo\/image\/\"}},{\"@type\":\"Person\",\"@id\":\"https:\/\/www.bymycar.fr\/webzine\/#\/schema\/person\/8c56906440ec126868bd40232b3445f0\",\"name\":\"Gregoire LE BIHAN\",\"image\":{\"@type\":\"ImageObject\",\"inLanguage\":\"fr-FR\",\"@id\":\"https:\/\/www.bymycar.fr\/webzine\/#\/schema\/person\/image\/\",\"url\":\"https:\/\/secure.gravatar.com\/avatar\/1356d71f3c6eed50de358ba425c9944b742a0d35f88e0d5f8afe88fdac525492?s=96&d=mm&r=g\",\"contentUrl\":\"https:\/\/secure.gravatar.com\/avatar\/1356d71f3c6eed50de358ba425c9944b742a0d35f88e0d5f8afe88fdac525492?s=96&d=mm&r=g\",\"caption\":\"Gregoire LE BIHAN\"}}]}<\/script>\n<!-- \/ Yoast SEO Premium plugin. -->","yoast_head_json":{"title":"Quel moteur Opel sur quel v\u00e9hicule ?","robots":{"index":"index","follow":"follow","max-snippet":"max-snippet:-1","max-image-preview":"max-image-preview:large","max-video-preview":"max-video-preview:-1"},"canonical":"https:\/\/www.bymycar.fr\/webzine\/quel-moteur-opel-sur-quel-vehicule\/","og_locale":"fr_FR","og_type":"article","og_title":"Quel moteur Opel sur quel v\u00e9hicule ?","og_url":"https:\/\/www.bymycar.fr\/webzine\/quel-moteur-opel-sur-quel-vehicule\/","og_site_name":"Webzine auto BYmyCAR","article_published_time":"2022-06-28T07:59:30+00:00","article_modified_time":"2023-02-08T09:40:32+00:00","og_image":[{"width":750,"height":410,"url":"https:\/\/cdn.bymycar.eu\/fr-webzine\/wp-content\/uploads\/medias\/Quel-moteur-Opel-sur-quel-vehicule.jpg","type":"image\/jpeg"}],"author":"Gregoire LE BIHAN","twitter_card":"summary_large_image","twitter_misc":{"\u00c9crit par":"Gregoire LE BIHAN"},"schema":{"@context":"https:\/\/schema.org","@graph":[{"@type":"Article","@id":"https:\/\/www.bymycar.fr\/webzine\/quel-moteur-opel-sur-quel-vehicule\/#article","isPartOf":{"@id":"https:\/\/www.bymycar.fr\/webzine\/quel-moteur-opel-sur-quel-vehicule\/"},"author":{"name":"Gregoire LE BIHAN","@id":"https:\/\/www.bymycar.fr\/webzine\/#\/schema\/person\/8c56906440ec126868bd40232b3445f0"},"headline":"Quel moteur Opel sur quel v\u00e9hicule ?","datePublished":"2022-06-28T07:59:30+00:00","dateModified":"2023-02-08T09:40:32+00:00","mainEntityOfPage":{"@id":"https:\/\/www.bymycar.fr\/webzine\/quel-moteur-opel-sur-quel-vehicule\/"},"wordCount":7,"publisher":{"@id":"https:\/\/www.bymycar.fr\/webzine\/#organization"},"image":{"@id":"https:\/\/www.bymycar.fr\/webzine\/quel-moteur-opel-sur-quel-vehicule\/#primaryimage"},"thumbnailUrl":"https:\/\/cdn.bymycar.eu\/fr-webzine\/wp-content\/uploads\/medias\/Quel-moteur-Opel-sur-quel-vehicule.jpg","articleSection":["Guide d'achat","Guide d'achat Opel"],"inLanguage":"fr-FR"},{"@type":"WebPage","@id":"https:\/\/www.bymycar.fr\/webzine\/quel-moteur-opel-sur-quel-vehicule\/","url":"https:\/\/www.bymycar.fr\/webzine\/quel-moteur-opel-sur-quel-vehicule\/","name":"Quel moteur Opel sur quel v\u00e9hicule ?","isPartOf":{"@id":"https:\/\/www.bymycar.fr\/webzine\/#website"},"primaryImageOfPage":{"@id":"https:\/\/www.bymycar.fr\/webzine\/quel-moteur-opel-sur-quel-vehicule\/#primaryimage"},"image":{"@id":"https:\/\/www.bymycar.fr\/webzine\/quel-moteur-opel-sur-quel-vehicule\/#primaryimage"},"thumbnailUrl":"https:\/\/cdn.bymycar.eu\/fr-webzine\/wp-content\/uploads\/medias\/Quel-moteur-Opel-sur-quel-vehicule.jpg","datePublished":"2022-06-28T07:59:30+00:00","dateModified":"2023-02-08T09:40:32+00:00","breadcrumb":{"@id":"https:\/\/www.bymycar.fr\/webzine\/quel-moteur-opel-sur-quel-vehicule\/#breadcrumb"},"inLanguage":"fr-FR","potentialAction":[{"@type":"ReadAction","target":["https:\/\/www.bymycar.fr\/webzine\/quel-moteur-opel-sur-quel-vehicule\/"]}]},{"@type":"ImageObject","inLanguage":"fr-FR","@id":"https:\/\/www.bymycar.fr\/webzine\/quel-moteur-opel-sur-quel-vehicule\/#primaryimage","url":"https:\/\/cdn.bymycar.eu\/fr-webzine\/wp-content\/uploads\/medias\/Quel-moteur-Opel-sur-quel-vehicule.jpg","contentUrl":"https:\/\/cdn.bymycar.eu\/fr-webzine\/wp-content\/uploads\/medias\/Quel-moteur-Opel-sur-quel-vehicule.jpg","width":750,"height":410},{"@type":"BreadcrumbList","@id":"https:\/\/www.bymycar.fr\/webzine\/quel-moteur-opel-sur-quel-vehicule\/#breadcrumb","itemListElement":[{"@type":"ListItem","position":1,"name":"Accueil","item":"https:\/\/www.bymycar.fr\/webzine\/"},{"@type":"ListItem","position":2,"name":"Quel moteur Opel sur quel v\u00e9hicule ?"}]},{"@type":"WebSite","@id":"https:\/\/www.bymycar.fr\/webzine\/#website","url":"https:\/\/www.bymycar.fr\/webzine\/","name":"Webzine auto BYmyCAR","description":"La magazine auto de BYmyCAR","publisher":{"@id":"https:\/\/www.bymycar.fr\/webzine\/#organization"},"potentialAction":[{"@type":"SearchAction","target":{"@type":"EntryPoint","urlTemplate":"https:\/\/www.bymycar.fr\/webzine\/?s={search_term_string}"},"query-input":{"@type":"PropertyValueSpecification","valueRequired":true,"valueName":"search_term_string"}}],"inLanguage":"fr-FR"},{"@type":"Organization","@id":"https:\/\/www.bymycar.fr\/webzine\/#organization","name":"BYmyCAR","url":"https:\/\/www.bymycar.fr\/webzine\/","logo":{"@type":"ImageObject","inLanguage":"fr-FR","@id":"https:\/\/www.bymycar.fr\/webzine\/#\/schema\/logo\/image\/","url":"https:\/\/cdn.bymycar.eu\/fr-webzine\/wp-content\/uploads\/medias\/2017\/08\/logo_DEALER_00000406_001.png","contentUrl":"https:\/\/cdn.bymycar.eu\/fr-webzine\/wp-content\/uploads\/medias\/2017\/08\/logo_DEALER_00000406_001.png","width":2132,"height":720,"caption":"BYmyCAR"},"image":{"@id":"https:\/\/www.bymycar.fr\/webzine\/#\/schema\/logo\/image\/"}},{"@type":"Person","@id":"https:\/\/www.bymycar.fr\/webzine\/#\/schema\/person\/8c56906440ec126868bd40232b3445f0","name":"Gregoire LE BIHAN","image":{"@type":"ImageObject","inLanguage":"fr-FR","@id":"https:\/\/www.bymycar.fr\/webzine\/#\/schema\/person\/image\/","url":"https:\/\/secure.gravatar.com\/avatar\/1356d71f3c6eed50de358ba425c9944b742a0d35f88e0d5f8afe88fdac525492?s=96&d=mm&r=g","contentUrl":"https:\/\/secure.gravatar.com\/avatar\/1356d71f3c6eed50de358ba425c9944b742a0d35f88e0d5f8afe88fdac525492?s=96&d=mm&r=g","caption":"Gregoire LE BIHAN"}}]}},"_links":{"self":[{"href":"https:\/\/www.bymycar.fr\/webzine\/wp-json\/wp\/v2\/posts\/30804","targetHints":{"allow":["GET"]}}],"collection":[{"href":"https:\/\/www.bymycar.fr\/webzine\/wp-json\/wp\/v2\/posts"}],"about":[{"href":"https:\/\/www.bymycar.fr\/webzine\/wp-json\/wp\/v2\/types\/post"}],"author":[{"embeddable":true,"href":"https:\/\/www.bymycar.fr\/webzine\/wp-json\/wp\/v2\/users\/9"}],"replies":[{"embeddable":true,"href":"https:\/\/www.bymycar.fr\/webzine\/wp-json\/wp\/v2\/comments?post=30804"}],"version-history":[{"count":8,"href":"https:\/\/www.bymycar.fr\/webzine\/wp-json\/wp\/v2\/posts\/30804\/revisions"}],"predecessor-version":[{"id":39551,"href":"https:\/\/www.bymycar.fr\/webzine\/wp-json\/wp\/v2\/posts\/30804\/revisions\/39551"}],"wp:featuredmedia":[{"embeddable":true,"href":"https:\/\/www.bymycar.fr\/webzine\/wp-json\/wp\/v2\/media\/30805"}],"wp:attachment":[{"href":"https:\/\/www.bymycar.fr\/webzine\/wp-json\/wp\/v2\/media?parent=30804"}],"wp:term":[{"taxonomy":"category","embeddable":true,"href":"https:\/\/www.bymycar.fr\/webzine\/wp-json\/wp\/v2\/categories?post=30804"},{"taxonomy":"post_tag","embeddable":true,"href":"https:\/\/www.bymycar.fr\/webzine\/wp-json\/wp\/v2\/tags?post=30804"}],"curies":[{"name":"wp","href":"https:\/\/api.w.org\/{rel}","templated":true}]}}