{"id":30797,"date":"2022-06-28T09:59:08","date_gmt":"2022-06-28T07:59:08","guid":{"rendered":"https:\/\/prod.bymycar.fr\/webzine\/?p=30797"},"modified":"2023-02-08T10:25:56","modified_gmt":"2023-02-08T09:25:56","slug":"le-logo-dopel-histoire-et-signification","status":"publish","type":"post","link":"https:\/\/www.bymycar.fr\/webzine\/le-logo-dopel-histoire-et-signification\/","title":{"rendered":"Le logo d\u2019Opel, histoire et signification"},"content":{"rendered":"","protected":false},"excerpt":{"rendered":"","protected":false},"author":9,"featured_media":30798,"comment_status":"closed","ping_status":"open","sticky":false,"template":"","format":"standard","meta":{"_acf_changed":false,"footnotes":""},"categories":[12893,12919],"tags":[],"class_list":["post-30797","post","type-post","status-publish","format-standard","has-post-thumbnail","hentry","category-guide-dachat","category-guide-dachat-opel"],"acf":{"template":"classique","introduction":"<p style=\"text-align: justify;\"><a href=\"https:\/\/www.bymycar.fr\/marques\/opel\">Opel<\/a> est une marque de voiture qui a su traverser les ann\u00e9es pour devenir celle qu\u2019elle est aujourd\u2019hui. Opel est l\u2019un des constructeurs les plus populaires dans le monde entier, r\u00e9put\u00e9 pour sa cr\u00e9ativit\u00e9 et reconnaissable \u00e0 son embl\u00e9matique logo. Quelle est l\u2019histoire et la signification de ce dernier\u00a0? Avec ByMyCar, apprenez-en plus sur Opel et son logo.<\/p>\n<p>&nbsp;<\/p>\n<p style=\"text-align: center;\"><a href=\"https:\/\/www.bymycar.fr\/rechercher-un-vehicule?prod_VEHICLES%5BrefinementList%5D%5Bbrand%5D%5B0%5D=OPEL\" target=\"_blank\" class=\"css-button css-button--gold\" >\n                Voir nos v\u00e9hicules Opel\n        <\/a><\/p>\n","strates":[{"type_strate":"carousel-produits","ancre":"","contenu":"<h2 style=\"text-align: justify;\">Opel : de son origine \u00e0 R\u00fcsselsheim \u00e0 aujourd\u2019hui<\/h2>\n<p style=\"text-align: justify;\">Pour conna\u00eetre l\u2019origine d\u2019Opel, il faut remonter jusqu\u2019au XIX\u00e8me si\u00e8cle, plus pr\u00e9cis\u00e9ment en 1862. Sa cr\u00e9ation est due \u00e0 Adam <a href=\"https:\/\/www.bymycar.fr\/marques\/opel\">Opel<\/a>, fils de ferronnier originaire de R\u00fcsselsheim, en Allemagne. C\u2019est en 1858, en voyage \u00e0 Paris, que Adam Opel a l\u2019id\u00e9e de la fabrication de machines \u00e0 coudre. Chose qu\u2019il fait de retour en Allemagne, et ce, \u00e0 tout juste vingt-cinq ans. Il entreprend de fabriquer la machine \u00e0 la main, mais \u00e0 cause des restrictions concernant les possibilit\u00e9s de production, il n\u2019en cr\u00e9e que 5 en tout. Il faudra attendre 1863 pour qu\u2019il arrive \u00e0 fonder sa premi\u00e8re usine, une ancienne grange abandonn\u00e9e. En 1868, gr\u00e2ce \u00e0 ses b\u00e9n\u00e9fices, il acquiert une parcelle de 1.500 m\u00b2, qui lui servira \u00e0 construire sa nouvelle usine. En 1882, gr\u00e2ce \u00e0 d\u2019importants agrandissements, un moteur \u00e0 vapeur de 42 CH est install\u00e9 dans l\u2019usine. En 1886, l\u2019usine se diversifie et se met \u00e0 la production de bicyclettes.<\/p>\n<p style=\"text-align: justify;\">En 1899, 4 ans apr\u00e8s la mort d\u2019Adam Opel, l\u2019entreprise ach\u00e8te une licence de production de voitures. C\u2019est cette ann\u00e9e qu\u2019est cr\u00e9\u00e9e l&rsquo;Opel Patent Motor Car, System Lutzmann. Malgr\u00e9 certains probl\u00e8mes au long des ann\u00e9es, le succ\u00e8s d\u2019Opel est tel qu\u2019en 1916, il devient le plus grand constructeur allemand de v\u00e9hicules utilitaires.<\/p>\n<p style=\"text-align: justify;\">En 1929, General Motors se procure 80 % des parts d\u2019Opel, et les 20 % restants l\u2019ann\u00e9e d\u2019apr\u00e8s.<\/p>\n<p style=\"text-align: justify;\">\u00c0 cause de difficult\u00e9s financi\u00e8res et gestionnaires, GM se s\u00e9pare de ses parts et le 6 mars 2017, la vente d\u2019Opel par GM \u00e0 PSA est confirm\u00e9e.<\/p>\n<p style=\"text-align: justify;\">2021 est l\u2019ann\u00e9e o\u00f9 Opel entre dans le groupe Stellantis et en 2022, le constructeur annonce qu\u2019il lancera 4 nouveaux mod\u00e8les de voitures \u00e9lectriques d\u2019ici 2028.<\/p>\n<h2 style=\"text-align: justify;\">Pourquoi PSA a rachet\u00e9 le constructeur Opel ?<\/h2>\n<p style=\"text-align: justify;\">Plusieurs erreurs ont fait qu\u2019Opel a cumul\u00e9 pr\u00e8s de 15 milliards de dollars en 2000, ce qui aurait pouss\u00e9 la marque \u00e0 se tourner vers le groupe PSA pour un possible rachat.<\/p>\n<p style=\"text-align: justify;\">La rumeur du rachat d\u2019Opel par PSA a \u00e9t\u00e9 colport\u00e9e par les m\u00e9dias en octobre 2012. En effet, cette ann\u00e9e, une alliance entre GM et PSA a \u00e9t\u00e9 mise en place et PSA obtient 7 % du capital d\u2019Opel. Si cette alliance ne dure que 2 ans, elle a tout de m\u00eame \u00e9t\u00e9 la source d\u2019int\u00e9ressants projets communs.<\/p>\n<p style=\"text-align: justify;\">C\u2019est en 2017 qu\u2019Opel est v\u00e9ritablement rachet\u00e9 par PSA, pour un prix de 1,3\u00a0milliard d\u2019\u20ac.<\/p>\n<h2 style=\"text-align: justify;\">\u00c0 qui appartient Opel en 2021 ?<\/h2>\n<p style=\"text-align: justify;\">En 2021, PSA et Fiat Chrysler Automobiles (FCA) fusionnent pour devenir Stellantis. Depuis, et jusqu\u2019\u00e0 ce jour, Opel fait toujours partie du groupe Stellantis.<\/p>\n<p style=\"text-align: justify;\">Actuellement, Fr\u00e9d\u00e9ric Brunet est le directeur financier d\u2019Opel et Xavier Duchemin en est le directeur des ventes.<\/p>\n<p style=\"text-align: justify;\">Malgr\u00e9 le fait que les \u00ab\u00a0propri\u00e9taires\u00a0\u00bb d\u2019Opel se soient succ\u00e9d\u00e9 au fil des ann\u00e9es, Opel est rest\u00e9 un constructeur allemand, dont l\u2019usine principale se situe dans sa ville d\u2019origine\u00a0: R\u00fcsselsheim.<\/p>\n<h2 style=\"text-align: justify;\">Quel est le logo de la marque Opel ?<\/h2>\n<p style=\"text-align: justify;\">Le logo de la marque Opel est tr\u00e8s facile \u00e0 reconna\u00eetre. Les \u00e9l\u00e9ments le composant sont un \u00e9clair horizontal similaire \u00e0 un Z et un anneau qui l&rsquo;entoure, le tout sur un fond blanc.<\/p>\n<h2 style=\"text-align: justify;\">Quelle est la signification du logo d\u2019Opel ?<\/h2>\n<p style=\"text-align: justify;\">L\u2019\u00e9clair du logo est en fait un flash, inspir\u00e9 du populaire mod\u00e8le de bicyclette Blitz, tr\u00e8s populaire en Allemagne au XIX\u00e8me si\u00e8cle. \u00ab\u00a0Blitz\u00a0\u00bb se traduit litt\u00e9ralement par \u00ab\u00a0\u00e9clair\u00a0\u00bb.<\/p>\n<h2 style=\"text-align: justify;\">\u00c9volution du logo d\u2019Opel<\/h2>\n<p style=\"text-align: justify;\">Le logo d\u2019Opel tel que nous le connaissons aujourd\u2019hui n\u2019a \u00e9t\u00e9 adopt\u00e9 qu\u2019en 1964.<\/p>\n<p style=\"text-align: justify;\">Aux d\u00e9buts de la marque, en 1862, son logo \u00e9tait repr\u00e9sent\u00e9 par un zeppelin (un dirigeable gris) . Il changea en 1980 et en 1901. En 1902, le logo est simplifi\u00e9. Cette ann\u00e9e, le logo n\u2019est que le nom \u00ab\u00a0Opel\u00a0\u00bb calligraphi\u00e9 et de couleur dor\u00e9e. En 1910, le zeppelin revient, mais n\u2019est plus que le contour du logo qui arbore le nom de la marque \u00e0 l\u2019int\u00e9rieur. En 1928, le logo change encore et le zeppelin contenant le nom Opel se minimalise et est entour\u00e9 par un cercle rouge. En 1937, le logo commence \u00e0 ressembler au \u00ab\u00a0Blitz\u00a0\u00bb, mais ne se constitue toujours que d\u2019un zeppelin traversant un anneau dor\u00e9. S\u2019il change encore une fois pour le nom de la marque entour\u00e9 en 1950, il ne faudra que 4 ans pour qu\u2019il change et devienne un zeppelin tr\u00e8s proche d\u2019un \u00e9clair qui traverse toujours un anneau en or. En 1963, le zeppelin prend de plus en plus la forme de l\u2019\u00e9clair embl\u00e9matique d\u2019Opel. C\u2019est finalement en 1964 que le logo actuel a \u00e9t\u00e9 adopt\u00e9.<\/p>\n<p style=\"text-align: justify;\">Depuis, le logo a \u00e9t\u00e9 sensiblement modifi\u00e9, mais la base est rest\u00e9e la m\u00eame. En 2002, le logo est design\u00e9 en 3D. En 2007, il est modifi\u00e9 et le nom Opel est inscrit au-dessus de l\u2019anneau.<\/p>\n<p style=\"text-align: justify;\">La version actuelle du logo est celle qui a \u00e9t\u00e9 adopt\u00e9e en 2016. Elle arbore un style minimaliste, en toute simplicit\u00e9, symbole de modernit\u00e9. Re-design\u00e9 en 2D, le logo va \u00e0 l\u2019essentiel\u00a0: un \u00e9clair dans un anneau, le tout en noir. Il s\u2019agit de la version la plus simplifi\u00e9e, mais non moins sobre et \u00e9l\u00e9gante du logo.<\/p>\n<h2 style=\"text-align: justify;\">Pourquoi le logo Opel est-il diff\u00e9rent en Angleterre ?<\/h2>\n<p style=\"text-align: justify;\">En Angleterre, il est possible de trouver des voitures compl\u00e8tement identiques \u00e0 celles produites par Opel, comme la Corsa ou l\u2019Astra, mais avec un nom diff\u00e9rent\u00a0: Vauxhall. Bien que les voitures soient identiques, les logos des 2 marques sont diff\u00e9rents. En fait, Vauxhall pourrait \u00eatre d\u00e9finie comme la version anglaise d\u2019Opel.<\/p>\n<p style=\"text-align: justify;\">Vauxhall est un constructeur automobile londonien, fond\u00e9 en 1903, et rachet\u00e9 par General Motors en 1925. Comme Opel a \u00e9t\u00e9 rachet\u00e9 par le m\u00eame groupe en 1929, General Motors devient alors propri\u00e9taire des deux marques. Suite \u00e0 ce rachat, les deux marques ont entrepris de produire des voitures identiques, autant c\u00f4t\u00e9 design que c\u00f4t\u00e9 capacit\u00e9s et caract\u00e9ristiques techniques. Si bien que les deux marques peuvent \u00eatre consid\u00e9r\u00e9es comme s\u0153urs. Toutefois, il subsiste 3 diff\u00e9rences notoires concernant Opel et Vauxhall\u00a0:<\/p>\n<ul style=\"text-align: justify;\">\n<li>Leur nom\u00a0;<\/li>\n<li>Leur logo\u00a0;<\/li>\n<li>Vauxhall est surtout destin\u00e9 \u00e0 la conduite en Angleterre. De ce fait, les voitures de Vauxhall sont mont\u00e9es \u00ab\u00a0\u00e0 l\u2019envers\u00a0\u00bb par rapport \u00e0 l\u2019Opel. En effet, le syst\u00e8me de conduite anglais est l\u2019inverse de celui de la France. C\u2019est pourquoi les voitures doivent y \u00eatre adapt\u00e9es.<\/li>\n<\/ul>\n<p style=\"text-align: justify;\">NB\u00a0: le logo de Vauxhall est la repr\u00e9sentation d\u2019un aigle entour\u00e9 d\u2019un anneau. Dans le cercle, la lettre V est mise en \u00e9vidence.<\/p>\n<h2 style=\"text-align: justify;\">Quels sont les mod\u00e8les anciens embl\u00e9matiques d\u2019Opel ?<\/h2>\n<p style=\"text-align: justify;\">Parmi les mod\u00e8les d\u2019Opel qui ont marqu\u00e9 l\u2019histoire, 3 se d\u00e9marquent des autres\u00a0:<\/p>\n<ul style=\"text-align: justify;\">\n<li>Opel Admiral A\u00a0;<\/li>\n<li>Opel Kadett\u00a0;<\/li>\n<li>Opel Ascona.<\/li>\n<\/ul>\n<h3 style=\"text-align: justify;\">Opel Admiral A<\/h3>\n<p style=\"text-align: justify;\">La premi\u00e8re Admiral A est construite en 1964. La production de l\u2019Admiral A s\u2019arr\u00eatera en 1968, apr\u00e8s 55\u00a0876 exemplaires vendus.<\/p>\n<p style=\"text-align: justify;\">L\u2019Admiral A est une voiture qui est caract\u00e9ris\u00e9e par son incroyable puissance, m\u00eame compar\u00e9e aux voitures actuelles. En effet, elle dispose d\u2019un moteur \u00e0 6 cylindres en ligne de 2,6. En 1965, certains exemplaires d\u2019Admiral A \u00e9taient dot\u00e9s d\u2019un moteur \u00e0 6 cylindres en ligne de 4,6, lui procurant une puissance pouvant aller jusqu\u2019\u00e0 140 ch. Il \u00e9tait \u00e9galement possible de se procurer une Admiral A motoris\u00e9e d\u2019un V8, d\u00e9veloppant une puissance de 190 ch pour une vitesse de pointe atteignant facilement 200 km\/h.<\/p>\n<h3 style=\"text-align: justify;\">Opel Kadett<\/h3>\n<p style=\"text-align: justify;\">L\u2019Opel Kadett est construite entre 1937 et 1940. Il s\u2019agit d\u2019un v\u00e9hicule compact dot\u00e9 d\u2019un moteur de 1.074 m3, de 23 ch et pouvant atteindre la vitesse maximale de 90 km\/h. En seulement 3 ann\u00e9es de production, Opel a pu vendre 106\u00a0608 exemplaires de Kadett. Ensuite, 5 mod\u00e8les de Kadett se sont succ\u00e9d\u00e9 de 1962 \u00e0 1993.<\/p>\n<h3 style=\"text-align: justify;\">Opel Ascona<\/h3>\n<p style=\"text-align: justify;\">Dans la gamme des berlines familiales, celle qui arrive en t\u00eate de liste est l\u2019Opel Ascona, produite entre 1970 et 1988. Bien que voiture familiale, l\u2019Ascona n\u2019en est pas moins un mod\u00e8le puissant, pouvant d\u00e9velopper jusqu\u2019\u00e0 129 ch. L\u2019Ascona est l\u2019une des Opel les plus populaires de l\u2019histoire. En effet, durant toutes les ann\u00e9es depuis la conception de la voiture \u00e0 l&rsquo;arr\u00eat de production, Opel a r\u00e9ussi \u00e0 \u00e9couler 3.925.858 exemplaires d&rsquo;Ascona.<\/p>\n<h2 style=\"text-align: justify;\">Opel Corsa : une voiture qui a marqu\u00e9 l&rsquo;Allemagne et le monde entier<\/h2>\n<p style=\"text-align: justify;\">Lorsqu\u2019il est question d\u2019Opel, le mod\u00e8le qui vient tout de suite en t\u00eate est la Corsa. Et pour cause, la Corsa a su marquer l\u2019histoire d\u2019Opel, et m\u00eame jusqu\u2019\u00e0 aujourd\u2019hui. En quelques sortes, il s\u2019agit du must en mati\u00e8re d\u2019automobile destin\u00e9 \u00e0 la conduite en zone urbaine.<\/p>\n<p style=\"text-align: justify;\">La premi\u00e8re Opel Corsa est la Corsa A qui voit le jour en 1982. Le premier mod\u00e8le d\u2019Opel Corsa dispose de 5 possibilit\u00e9s de motorisation, dont l\u2019une monte \u00e0 100 ch. La Corsa est surtout appr\u00e9ci\u00e9e pour son design simple, et id\u00e9al pour la ville. Elle conna\u00eet un tel succ\u00e8s que 5 autres mod\u00e8les de Corsa ont \u00e9t\u00e9 cr\u00e9\u00e9s apr\u00e8s la A\u00a0:<\/p>\n<ul style=\"text-align: justify;\">\n<li>Corsa B (1993 \u2013 2000)\u00a0;<\/li>\n<li>Corsa C (2000 \u2013 2006)\u00a0;<\/li>\n<li>Corsa D (2006 \u2013 2014)\u00a0;<\/li>\n<li>Corsa E (2014 \u2013 2019)\u00a0;<\/li>\n<li>Corsa F (2019 \u00e0 aujourd\u2019hui).<\/li>\n<\/ul>\n<p style=\"text-align: justify;\">Depuis sa cr\u00e9ation, l\u2019Opel Corsa a \u00e9t\u00e9 produite \u00e0 plus de 11 millions d\u2019exemplaires, ce qui en fait le mod\u00e8le le plus vendu par la marque.<\/p>\n<h3 style=\"text-align: justify;\">\u00c0 LIRE \u00c9GALEMENT<\/h3>\n<p style=\"text-align: justify;\"><a href=\"https:\/\/www.bymycar.fr\/webzine\/quel-moteur-opel-sur-quel-vehicule\/\">Quels moteurs Opel sur quels v\u00e9hicules ?<\/a><\/p>\n<p style=\"text-align: justify;\"><a href=\"https:\/\/www.bymycar.fr\/webzine\/quel-est-le-prix-dune-opel-electrique\/\">Quel est le prix d&rsquo;une Opel \u00e9lectrique ?<\/a><\/p>\n<p style=\"text-align: justify;\"><a href=\"https:\/\/www.bymycar.fr\/webzine\/modeles-opel-tous-les-vehicules-de-la-gamme\/\">Mod\u00e8les Opel : Tous les v\u00e9hicules de la gamme<\/a><\/p>\n<p style=\"text-align: justify;\"><a href=\"https:\/\/www.bymycar.fr\/webzine\/opel-courroie-de-distribution-ou-chaine\/\">Opel : Courroie de distribution ou chaine ?<\/a><\/p>\n<p style=\"text-align: justify;\"><a href=\"https:\/\/www.bymycar.fr\/webzine\/opel-origine-et-histoire-de-la-marque\/\">Opel : Origine et histoire de la marque<\/a><\/p>\n<p style=\"text-align: justify;\"><a href=\"https:\/\/www.bymycar.fr\/webzine\/que-veut-dire-opel\/\">Que veut dire Opel ?<\/a><\/p>\n<p style=\"text-align: justify;\"><a href=\"https:\/\/www.bymycar.fr\/webzine\/que-veut-dire-opc-chez-opel\/\">Que veut dire opc chez Opel ?<\/a><\/p>\n<p style=\"text-align: justify;\"><a href=\"https:\/\/www.bymycar.fr\/webzine\/a-qui-appartient-opel\/\">A qui appartient Opel ?<\/a><\/p>\n<p style=\"text-align: justify;\"><a href=\"https:\/\/www.bymycar.fr\/webzine\/opel-ou-peugeot-quelle-marque-est-faite-pour-vous\/\">Opel ou Peugeot : quelle marque est faite pour vous ?<\/a><\/p>\n<p style=\"text-align: justify;\"><a href=\"https:\/\/www.bymycar.fr\/webzine\/ford-ou-opel-quelle-marque-est-faite-pour-vous\/\">Ford ou Opel : quelle marque est faite pour vous ?<\/a><\/p>\n","titre":"Voir nos v\u00e9hicules Opel disponibles","image":false,"image_libre":false,"image_800x500":false,"legende":"","zoom":false,"texte":"","articles":false,"categorie_droite":false,"images":false,"elements_comparatif":false,"texte_1":"","texte_2":"","image_1":false,"image_1_563x400":false,"image_1_332x332":false,"image_2":false,"image_2_333x240":false,"image_2_563x400":false,"image_3":false,"image_3_333x240":false,"image_3_332x450":false,"image_4":false,"image_4_332x332":false,"image_4_563x400":false,"code_embed":"","legende_video":"","photo":false,"photo_100x100":false,"nom":"","fonction":"","elements_timeline":false,"entetes_colonnes":false,"entetes_lignes":false,"lignes":false,"introduction":"","formulaire":false,"question":"","reponse":"","libelle_bouton_lien":"","url_lien":"","questions":false,"conclusions":false,"pays":"1","region":"","marque":"4","marqueConcessions":false,"modele":"","ptvente":"","typeV":"","collection":"","nombre_maximum_elements":"5","lien_fin_carousel":"https:\/\/www.bymycar.fr\/rechercher-un-vehicule?prod_VEHICLES%5BrefinementList%5D%5Bbrand%5D%5B0%5D=OPEL","texte_lien_fin_carousel":"Voir plus de v\u00e9hicules","trier_par":"prix"},{"type_strate":"texte-simple","ancre":"","contenu":"<h2 style=\"text-align: justify;\">Opel : de son origine \u00e0 R\u00fcsselsheim \u00e0 aujourd\u2019hui<\/h2>\n<p style=\"text-align: justify;\">Pour conna\u00eetre l\u2019origine d\u2019Opel, il faut remonter jusqu\u2019au XIX\u00e8me si\u00e8cle, plus pr\u00e9cis\u00e9ment en 1862. Sa cr\u00e9ation est due \u00e0 Adam <a href=\"https:\/\/www.bymycar.fr\/marques\/opel\">Opel<\/a>, fils de ferronnier originaire de R\u00fcsselsheim, en Allemagne. C\u2019est en 1858, en voyage \u00e0 Paris, que Adam Opel a l\u2019id\u00e9e de la fabrication de machines \u00e0 coudre. Chose qu\u2019il fait de retour en Allemagne, et ce, \u00e0 tout juste vingt-cinq ans. Il entreprend de fabriquer la machine \u00e0 la main, mais \u00e0 cause des restrictions concernant les possibilit\u00e9s de production, il n\u2019en cr\u00e9e que 5 en tout. Il faudra attendre 1863 pour qu\u2019il arrive \u00e0 fonder sa premi\u00e8re usine, une ancienne grange abandonn\u00e9e. En 1868, gr\u00e2ce \u00e0 ses b\u00e9n\u00e9fices, il acquiert une parcelle de 1.500 m\u00b2, qui lui servira \u00e0 construire sa nouvelle usine. En 1882, gr\u00e2ce \u00e0 d\u2019importants agrandissements, un moteur \u00e0 vapeur de 42 CH est install\u00e9 dans l\u2019usine. En 1886, l\u2019usine se diversifie et se met \u00e0 la production de bicyclettes.<\/p>\n<p style=\"text-align: justify;\">En 1899, 4 ans apr\u00e8s la mort d\u2019Adam Opel, l\u2019entreprise ach\u00e8te une licence de production de voitures. C\u2019est cette ann\u00e9e qu\u2019est cr\u00e9\u00e9e l&rsquo;Opel Patent Motor Car, System Lutzmann. Malgr\u00e9 certains probl\u00e8mes au long des ann\u00e9es, le succ\u00e8s d\u2019Opel est tel qu\u2019en 1916, il devient le plus grand constructeur allemand de v\u00e9hicules utilitaires.<\/p>\n<p style=\"text-align: justify;\">En 1929, General Motors se procure 80 % des parts d\u2019Opel, et les 20 % restants l\u2019ann\u00e9e d\u2019apr\u00e8s.<\/p>\n<p style=\"text-align: justify;\">\u00c0 cause de difficult\u00e9s financi\u00e8res et gestionnaires, GM se s\u00e9pare de ses parts et le 6 mars 2017, la vente d\u2019Opel par GM \u00e0 PSA est confirm\u00e9e.<\/p>\n<p style=\"text-align: justify;\">2021 est l\u2019ann\u00e9e o\u00f9 Opel entre dans le groupe Stellantis et en 2022, le constructeur annonce qu\u2019il lancera 4 nouveaux mod\u00e8les de voitures \u00e9lectriques d\u2019ici 2028.<\/p>\n<h2 style=\"text-align: justify;\">Pourquoi PSA a rachet\u00e9 le constructeur Opel ?<\/h2>\n<p style=\"text-align: justify;\">Plusieurs erreurs ont fait qu\u2019Opel a cumul\u00e9 pr\u00e8s de 15 milliards de dollars en 2000, ce qui aurait pouss\u00e9 la marque \u00e0 se tourner vers le groupe PSA pour un possible rachat.<\/p>\n<p style=\"text-align: justify;\">La rumeur du rachat d\u2019Opel par PSA a \u00e9t\u00e9 colport\u00e9e par les m\u00e9dias en octobre 2012. En effet, cette ann\u00e9e, une alliance entre GM et PSA a \u00e9t\u00e9 mise en place et PSA obtient 7 % du capital d\u2019Opel. Si cette alliance ne dure que 2 ans, elle a tout de m\u00eame \u00e9t\u00e9 la source d\u2019int\u00e9ressants projets communs.<\/p>\n<p style=\"text-align: justify;\">C\u2019est en 2017 qu\u2019Opel est v\u00e9ritablement rachet\u00e9 par PSA, pour un prix de 1,3\u00a0milliard d\u2019\u20ac.<\/p>\n<h2 style=\"text-align: justify;\">\u00c0 qui appartient Opel en 2021 ?<\/h2>\n<p style=\"text-align: justify;\">En 2021, PSA et Fiat Chrysler Automobiles (FCA) fusionnent pour devenir Stellantis. Depuis, et jusqu\u2019\u00e0 ce jour, Opel fait toujours partie du groupe Stellantis.<\/p>\n<p style=\"text-align: justify;\">Actuellement, Fr\u00e9d\u00e9ric Brunet est le directeur financier d\u2019Opel et Xavier Duchemin en est le directeur des ventes.<\/p>\n<p style=\"text-align: justify;\">Malgr\u00e9 le fait que les \u00ab\u00a0propri\u00e9taires\u00a0\u00bb d\u2019Opel se soient succ\u00e9d\u00e9 au fil des ann\u00e9es, Opel est rest\u00e9 un constructeur allemand, dont l\u2019usine principale se situe dans sa ville d\u2019origine\u00a0: R\u00fcsselsheim.<\/p>\n<h2 style=\"text-align: justify;\">Quel est le logo de la marque Opel ?<\/h2>\n<p style=\"text-align: justify;\">Le logo de la marque Opel est tr\u00e8s facile \u00e0 reconna\u00eetre. Les \u00e9l\u00e9ments le composant sont un \u00e9clair horizontal similaire \u00e0 un Z et un anneau qui l&rsquo;entoure, le tout sur un fond blanc.<\/p>\n<h2 style=\"text-align: justify;\">Quelle est la signification du logo d\u2019Opel ?<\/h2>\n<p style=\"text-align: justify;\">L\u2019\u00e9clair du logo est en fait un flash, inspir\u00e9 du populaire mod\u00e8le de bicyclette Blitz, tr\u00e8s populaire en Allemagne au XIX\u00e8me si\u00e8cle. \u00ab\u00a0Blitz\u00a0\u00bb se traduit litt\u00e9ralement par \u00ab\u00a0\u00e9clair\u00a0\u00bb.<\/p>\n<h2 style=\"text-align: justify;\">\u00c9volution du logo d\u2019Opel<\/h2>\n<p style=\"text-align: justify;\">Le logo d\u2019Opel tel que nous le connaissons aujourd\u2019hui n\u2019a \u00e9t\u00e9 adopt\u00e9 qu\u2019en 1964.<\/p>\n<p style=\"text-align: justify;\">Aux d\u00e9buts de la marque, en 1862, son logo \u00e9tait repr\u00e9sent\u00e9 par un zeppelin (un dirigeable gris) . Il changea en 1980 et en 1901. En 1902, le logo est simplifi\u00e9. Cette ann\u00e9e, le logo n\u2019est que le nom \u00ab\u00a0Opel\u00a0\u00bb calligraphi\u00e9 et de couleur dor\u00e9e. En 1910, le zeppelin revient, mais n\u2019est plus que le contour du logo qui arbore le nom de la marque \u00e0 l\u2019int\u00e9rieur. En 1928, le logo change encore et le zeppelin contenant le nom Opel se minimalise et est entour\u00e9 par un cercle rouge. En 1937, le logo commence \u00e0 ressembler au \u00ab\u00a0Blitz\u00a0\u00bb, mais ne se constitue toujours que d\u2019un zeppelin traversant un anneau dor\u00e9. S\u2019il change encore une fois pour le nom de la marque entour\u00e9 en 1950, il ne faudra que 4 ans pour qu\u2019il change et devienne un zeppelin tr\u00e8s proche d\u2019un \u00e9clair qui traverse toujours un anneau en or. En 1963, le zeppelin prend de plus en plus la forme de l\u2019\u00e9clair embl\u00e9matique d\u2019Opel. C\u2019est finalement en 1964 que le logo actuel a \u00e9t\u00e9 adopt\u00e9.<\/p>\n<p style=\"text-align: justify;\">Depuis, le logo a \u00e9t\u00e9 sensiblement modifi\u00e9, mais la base est rest\u00e9e la m\u00eame. En 2002, le logo est design\u00e9 en 3D. En 2007, il est modifi\u00e9 et le nom Opel est inscrit au-dessus de l\u2019anneau.<\/p>\n<p style=\"text-align: justify;\">La version actuelle du logo est celle qui a \u00e9t\u00e9 adopt\u00e9e en 2016. Elle arbore un style minimaliste, en toute simplicit\u00e9, symbole de modernit\u00e9. Re-design\u00e9 en 2D, le logo va \u00e0 l\u2019essentiel\u00a0: un \u00e9clair dans un anneau, le tout en noir. Il s\u2019agit de la version la plus simplifi\u00e9e, mais non moins sobre et \u00e9l\u00e9gante du logo.<\/p>\n<h2 style=\"text-align: justify;\">Pourquoi le logo Opel est-il diff\u00e9rent en Angleterre ?<\/h2>\n<p style=\"text-align: justify;\">En Angleterre, il est possible de trouver des voitures compl\u00e8tement identiques \u00e0 celles produites par Opel, comme la Corsa ou l\u2019Astra, mais avec un nom diff\u00e9rent\u00a0: Vauxhall. Bien que les voitures soient identiques, les logos des 2 marques sont diff\u00e9rents. En fait, Vauxhall pourrait \u00eatre d\u00e9finie comme la version anglaise d\u2019Opel.<\/p>\n<p style=\"text-align: justify;\">Vauxhall est un constructeur automobile londonien, fond\u00e9 en 1903, et rachet\u00e9 par General Motors en 1925. Comme Opel a \u00e9t\u00e9 rachet\u00e9 par le m\u00eame groupe en 1929, General Motors devient alors propri\u00e9taire des deux marques. Suite \u00e0 ce rachat, les deux marques ont entrepris de produire des voitures identiques, autant c\u00f4t\u00e9 design que c\u00f4t\u00e9 capacit\u00e9s et caract\u00e9ristiques techniques. Si bien que les deux marques peuvent \u00eatre consid\u00e9r\u00e9es comme s\u0153urs. Toutefois, il subsiste 3 diff\u00e9rences notoires concernant Opel et Vauxhall\u00a0:<\/p>\n<ul style=\"text-align: justify;\">\n<li>Leur nom\u00a0;<\/li>\n<li>Leur logo\u00a0;<\/li>\n<li>Vauxhall est surtout destin\u00e9 \u00e0 la conduite en Angleterre. De ce fait, les voitures de Vauxhall sont mont\u00e9es \u00ab\u00a0\u00e0 l\u2019envers\u00a0\u00bb par rapport \u00e0 l\u2019Opel. En effet, le syst\u00e8me de conduite anglais est l\u2019inverse de celui de la France. C\u2019est pourquoi les voitures doivent y \u00eatre adapt\u00e9es.<\/li>\n<\/ul>\n<p style=\"text-align: justify;\">NB\u00a0: le logo de Vauxhall est la repr\u00e9sentation d\u2019un aigle entour\u00e9 d\u2019un anneau. Dans le cercle, la lettre V est mise en \u00e9vidence.<\/p>\n<h2 style=\"text-align: justify;\">Quels sont les mod\u00e8les anciens embl\u00e9matiques d\u2019Opel ?<\/h2>\n<p style=\"text-align: justify;\">Parmi les mod\u00e8les d\u2019Opel qui ont marqu\u00e9 l\u2019histoire, 3 se d\u00e9marquent des autres\u00a0:<\/p>\n<ul style=\"text-align: justify;\">\n<li>Opel Admiral A\u00a0;<\/li>\n<li>Opel Kadett\u00a0;<\/li>\n<li>Opel Ascona.<\/li>\n<\/ul>\n<h3 style=\"text-align: justify;\">Opel Admiral A<\/h3>\n<p style=\"text-align: justify;\">La premi\u00e8re Admiral A est construite en 1964. La production de l\u2019Admiral A s\u2019arr\u00eatera en 1968, apr\u00e8s 55\u00a0876 exemplaires vendus.<\/p>\n<p style=\"text-align: justify;\">L\u2019Admiral A est une voiture qui est caract\u00e9ris\u00e9e par son incroyable puissance, m\u00eame compar\u00e9e aux voitures actuelles. En effet, elle dispose d\u2019un moteur \u00e0 6 cylindres en ligne de 2,6. En 1965, certains exemplaires d\u2019Admiral A \u00e9taient dot\u00e9s d\u2019un moteur \u00e0 6 cylindres en ligne de 4,6, lui procurant une puissance pouvant aller jusqu\u2019\u00e0 140 ch. Il \u00e9tait \u00e9galement possible de se procurer une Admiral A motoris\u00e9e d\u2019un V8, d\u00e9veloppant une puissance de 190 ch pour une vitesse de pointe atteignant facilement 200 km\/h.<\/p>\n<h3 style=\"text-align: justify;\">Opel Kadett<\/h3>\n<p style=\"text-align: justify;\">L\u2019Opel Kadett est construite entre 1937 et 1940. Il s\u2019agit d\u2019un v\u00e9hicule compact dot\u00e9 d\u2019un moteur de 1.074 m3, de 23 ch et pouvant atteindre la vitesse maximale de 90 km\/h. En seulement 3 ann\u00e9es de production, Opel a pu vendre 106\u00a0608 exemplaires de Kadett. Ensuite, 5 mod\u00e8les de Kadett se sont succ\u00e9d\u00e9 de 1962 \u00e0 1993.<\/p>\n<h3 style=\"text-align: justify;\">Opel Ascona<\/h3>\n<p style=\"text-align: justify;\">Dans la gamme des berlines familiales, celle qui arrive en t\u00eate de liste est l\u2019Opel Ascona, produite entre 1970 et 1988. Bien que voiture familiale, l\u2019Ascona n\u2019en est pas moins un mod\u00e8le puissant, pouvant d\u00e9velopper jusqu\u2019\u00e0 129 ch. L\u2019Ascona est l\u2019une des Opel les plus populaires de l\u2019histoire. En effet, durant toutes les ann\u00e9es depuis la conception de la voiture \u00e0 l&rsquo;arr\u00eat de production, Opel a r\u00e9ussi \u00e0 \u00e9couler 3.925.858 exemplaires d&rsquo;Ascona.<\/p>\n<h2 style=\"text-align: justify;\">Opel Corsa : une voiture qui a marqu\u00e9 l&rsquo;Allemagne et le monde entier<\/h2>\n<p style=\"text-align: justify;\">Lorsqu\u2019il est question d\u2019Opel, le mod\u00e8le qui vient tout de suite en t\u00eate est la Corsa. Et pour cause, la Corsa a su marquer l\u2019histoire d\u2019Opel, et m\u00eame jusqu\u2019\u00e0 aujourd\u2019hui. En quelques sortes, il s\u2019agit du must en mati\u00e8re d\u2019automobile destin\u00e9 \u00e0 la conduite en zone urbaine.<\/p>\n<p style=\"text-align: justify;\">La premi\u00e8re Opel Corsa est la Corsa A qui voit le jour en 1982. Le premier mod\u00e8le d\u2019Opel Corsa dispose de 5 possibilit\u00e9s de motorisation, dont l\u2019une monte \u00e0 100 ch. La Corsa est surtout appr\u00e9ci\u00e9e pour son design simple, et id\u00e9al pour la ville. Elle conna\u00eet un tel succ\u00e8s que 5 autres mod\u00e8les de Corsa ont \u00e9t\u00e9 cr\u00e9\u00e9s apr\u00e8s la A\u00a0:<\/p>\n<ul style=\"text-align: justify;\">\n<li>Corsa B (1993 \u2013 2000)\u00a0;<\/li>\n<li>Corsa C (2000 \u2013 2006)\u00a0;<\/li>\n<li>Corsa D (2006 \u2013 2014)\u00a0;<\/li>\n<li>Corsa E (2014 \u2013 2019)\u00a0;<\/li>\n<li>Corsa F (2019 \u00e0 aujourd\u2019hui).<\/li>\n<\/ul>\n<p style=\"text-align: justify;\">Depuis sa cr\u00e9ation, l\u2019Opel Corsa a \u00e9t\u00e9 produite \u00e0 plus de 11 millions d\u2019exemplaires, ce qui en fait le mod\u00e8le le plus vendu par la marque.<\/p>\n<h3 style=\"text-align: justify;\">Guide d&rsquo;achat Opel :<\/h3>\n<p style=\"text-align: justify;\"><a href=\"https:\/\/www.bymycar.fr\/webzine\/quel-moteur-opel-sur-quel-vehicule\/\">Quels moteurs Opel sur quels v\u00e9hicules ?<\/a><\/p>\n<p style=\"text-align: justify;\"><a href=\"https:\/\/www.bymycar.fr\/webzine\/quel-est-le-prix-dune-opel-electrique\/\">Quel est le prix d&rsquo;une Opel \u00e9lectrique ?<\/a><\/p>\n<p style=\"text-align: justify;\"><a href=\"https:\/\/www.bymycar.fr\/webzine\/modeles-opel-tous-les-vehicules-de-la-gamme\/\">Mod\u00e8les Opel : Tous les v\u00e9hicules de la gamme<\/a><\/p>\n<p style=\"text-align: justify;\"><a href=\"https:\/\/www.bymycar.fr\/webzine\/opel-courroie-de-distribution-ou-chaine\/\">Opel : Courroie de distribution ou chaine ?<\/a><\/p>\n<p style=\"text-align: justify;\"><a href=\"https:\/\/www.bymycar.fr\/webzine\/opel-origine-et-histoire-de-la-marque\/\">Opel : Origine et histoire de la marque<\/a><\/p>\n<p style=\"text-align: justify;\"><a href=\"https:\/\/www.bymycar.fr\/webzine\/que-veut-dire-opel\/\">Que veut dire Opel ?<\/a><\/p>\n<p style=\"text-align: justify;\"><a href=\"https:\/\/www.bymycar.fr\/webzine\/que-veut-dire-opc-chez-opel\/\">Que veut dire opc chez Opel ?<\/a><\/p>\n<p style=\"text-align: justify;\"><a href=\"https:\/\/www.bymycar.fr\/webzine\/a-qui-appartient-opel\/\">A qui appartient Opel ?<\/a><\/p>\n<p style=\"text-align: justify;\"><a href=\"https:\/\/www.bymycar.fr\/webzine\/opel-ou-peugeot-quelle-marque-est-faite-pour-vous\/\">Opel ou Peugeot : quelle marque est faite pour vous ?<\/a><\/p>\n<p style=\"text-align: justify;\"><a href=\"https:\/\/www.bymycar.fr\/webzine\/ford-ou-opel-quelle-marque-est-faite-pour-vous\/\">Ford ou Opel : quelle marque est faite pour vous ?<\/a><\/p>\n","titre":"Texte 1","image":false,"image_libre":false,"image_800x500":false,"legende":"","zoom":false,"texte":"","articles":false,"categorie_droite":false,"images":false,"elements_comparatif":false,"texte_1":"","texte_2":"","image_1":false,"image_1_563x400":false,"image_1_332x332":false,"image_2":false,"image_2_333x240":false,"image_2_563x400":false,"image_3":false,"image_3_333x240":false,"image_3_332x450":false,"image_4":false,"image_4_332x332":false,"image_4_563x400":false,"code_embed":"","legende_video":"","photo":false,"photo_100x100":false,"nom":"","fonction":"","elements_timeline":false,"entetes_colonnes":false,"entetes_lignes":false,"lignes":false,"introduction":"","formulaire":false,"question":"","reponse":"","libelle_bouton_lien":"","url_lien":"","questions":false,"conclusions":false,"pays":"1","region":"","marque":"4","marqueConcessions":false,"modele":"","ptvente":"","typeV":"VO","collection":"","nombre_maximum_elements":"10","lien_fin_carousel":"https:\/\/www.bymycar.fr\/rechercher-un-vehicule?prod_VEHICLES%5BrefinementList%5D%5Bbrand%5D%5B0%5D=OPEL","texte_lien_fin_carousel":"Voir tous les v\u00e9hicules","trier_par":""},{"type_strate":"carousel-produits","ancre":"","contenu":"","titre":"Nos v\u00e9hicules Opel en stock","image":false,"image_libre":false,"image_800x500":false,"legende":"","zoom":false,"texte":"","articles":false,"categorie_droite":false,"images":false,"elements_comparatif":false,"texte_1":"","texte_2":"","image_1":false,"image_1_563x400":false,"image_1_332x332":false,"image_2":false,"image_2_333x240":false,"image_2_563x400":false,"image_3":false,"image_3_333x240":false,"image_3_332x450":false,"image_4":false,"image_4_332x332":false,"image_4_563x400":false,"code_embed":"","legende_video":"","photo":false,"photo_100x100":false,"nom":"","fonction":"","elements_timeline":false,"entetes_colonnes":false,"entetes_lignes":false,"lignes":false,"introduction":"","formulaire":false,"question":"","reponse":"","libelle_bouton_lien":"","url_lien":"","questions":false,"conclusions":false,"pays":"1","region":"","marque":"4","marqueConcessions":false,"modele":"","ptvente":"","typeV":"VO","collection":"","nombre_maximum_elements":"5","lien_fin_carousel":"https:\/\/www.bymycar.fr\/rechercher-un-vehicule?prod_VEHICLES%5BrefinementList%5D%5Bbrand%5D%5B0%5D=OPEL","texte_lien_fin_carousel":"Voir tous les v\u00e9hicules","trier_par":"prix"}],"is_old_post":false,"image":{"ID":30798,"id":30798,"title":"opel-logo","filename":"opel-logo.jpg","filesize":1,"url":"https:\/\/cdn.bymycar.eu\/fr-webzine\/wp-content\/uploads\/medias\/opel-logo.jpg","link":"https:\/\/www.bymycar.fr\/webzine\/le-logo-dopel-histoire-et-signification\/opel-logo\/","alt":"","author":"9","description":"","caption":"","name":"opel-logo","status":"inherit","uploaded_to":30797,"date":"2022-06-22 10:06:55","modified":"2022-06-22 10:06:55","menu_order":0,"mime_type":"image\/jpeg","type":"image","subtype":"jpeg","icon":"https:\/\/www.bymycar.fr\/webzine\/wp-includes\/images\/media\/default.png","width":750,"height":410,"sizes":{"thumbnail":"https:\/\/cdn.bymycar.eu\/fr-webzine\/wp-content\/uploads\/medias\/opel-logo-150x150.jpg","thumbnail-width":150,"thumbnail-height":150,"medium":"https:\/\/cdn.bymycar.eu\/fr-webzine\/wp-content\/uploads\/medias\/opel-logo-300x164.jpg","medium-width":300,"medium-height":164,"medium_large":"https:\/\/cdn.bymycar.eu\/fr-webzine\/wp-content\/uploads\/medias\/opel-logo.jpg","medium_large-width":750,"medium_large-height":410,"large":"https:\/\/cdn.bymycar.eu\/fr-webzine\/wp-content\/uploads\/medias\/opel-logo.jpg","large-width":750,"large-height":410,"1536x1536":"https:\/\/cdn.bymycar.eu\/fr-webzine\/wp-content\/uploads\/medias\/opel-logo.jpg","1536x1536-width":750,"1536x1536-height":410,"2048x2048":"https:\/\/cdn.bymycar.eu\/fr-webzine\/wp-content\/uploads\/medias\/opel-logo.jpg","2048x2048-width":750,"2048x2048-height":410}},"page_content":{"block_content":[{"acf_fc_layout":"carousel-produits"},{"acf_fc_layout":"carousel-produits"},{"acf_fc_layout":"carousel-produits"},{"acf_fc_layout":"text-simple","--nav":{"-withNav":false,"-ancre":""},"--group":{"-text":"<h2 style=\"text-align: justify;\">Opel : de son origine \u00e0 R\u00fcsselsheim \u00e0 aujourd\u2019hui<\/h2>\n<p style=\"text-align: justify;\">Pour conna\u00eetre l\u2019origine d\u2019Opel, il faut remonter jusqu\u2019au XIX\u00e8me si\u00e8cle, plus pr\u00e9cis\u00e9ment en 1862. Sa cr\u00e9ation est due \u00e0 Adam <a href=\"https:\/\/www.bymycar.fr\/marques\/opel\">Opel<\/a>, fils de ferronnier originaire de R\u00fcsselsheim, en Allemagne. C\u2019est en 1858, en voyage \u00e0 Paris, que Adam Opel a l\u2019id\u00e9e de la fabrication de machines \u00e0 coudre. Chose qu\u2019il fait de retour en Allemagne, et ce, \u00e0 tout juste vingt-cinq ans. Il entreprend de fabriquer la machine \u00e0 la main, mais \u00e0 cause des restrictions concernant les possibilit\u00e9s de production, il n\u2019en cr\u00e9e que 5 en tout. Il faudra attendre 1863 pour qu\u2019il arrive \u00e0 fonder sa premi\u00e8re usine, une ancienne grange abandonn\u00e9e. En 1868, gr\u00e2ce \u00e0 ses b\u00e9n\u00e9fices, il acquiert une parcelle de 1.500 m\u00b2, qui lui servira \u00e0 construire sa nouvelle usine. En 1882, gr\u00e2ce \u00e0 d\u2019importants agrandissements, un moteur \u00e0 vapeur de 42 CH est install\u00e9 dans l\u2019usine. En 1886, l\u2019usine se diversifie et se met \u00e0 la production de bicyclettes.<\/p>\n<p style=\"text-align: justify;\">En 1899, 4 ans apr\u00e8s la mort d\u2019Adam Opel, l\u2019entreprise ach\u00e8te une licence de production de voitures. C\u2019est cette ann\u00e9e qu\u2019est cr\u00e9\u00e9e l&rsquo;Opel Patent Motor Car, System Lutzmann. Malgr\u00e9 certains probl\u00e8mes au long des ann\u00e9es, le succ\u00e8s d\u2019Opel est tel qu\u2019en 1916, il devient le plus grand constructeur allemand de v\u00e9hicules utilitaires.<\/p>\n<p style=\"text-align: justify;\">En 1929, General Motors se procure 80 % des parts d\u2019Opel, et les 20 % restants l\u2019ann\u00e9e d\u2019apr\u00e8s.<\/p>\n<p style=\"text-align: justify;\">\u00c0 cause de difficult\u00e9s financi\u00e8res et gestionnaires, GM se s\u00e9pare de ses parts et le 6 mars 2017, la vente d\u2019Opel par GM \u00e0 PSA est confirm\u00e9e.<\/p>\n<p style=\"text-align: justify;\">2021 est l\u2019ann\u00e9e o\u00f9 Opel entre dans le groupe Stellantis et en 2022, le constructeur annonce qu\u2019il lancera 4 nouveaux mod\u00e8les de voitures \u00e9lectriques d\u2019ici 2028.<\/p>\n<h2 style=\"text-align: justify;\">Pourquoi PSA a rachet\u00e9 le constructeur Opel ?<\/h2>\n<p style=\"text-align: justify;\">Plusieurs erreurs ont fait qu\u2019Opel a cumul\u00e9 pr\u00e8s de 15 milliards de dollars en 2000, ce qui aurait pouss\u00e9 la marque \u00e0 se tourner vers le groupe PSA pour un possible rachat.<\/p>\n<p style=\"text-align: justify;\">La rumeur du rachat d\u2019Opel par PSA a \u00e9t\u00e9 colport\u00e9e par les m\u00e9dias en octobre 2012. En effet, cette ann\u00e9e, une alliance entre GM et PSA a \u00e9t\u00e9 mise en place et PSA obtient 7 % du capital d\u2019Opel. Si cette alliance ne dure que 2 ans, elle a tout de m\u00eame \u00e9t\u00e9 la source d\u2019int\u00e9ressants projets communs.<\/p>\n<p style=\"text-align: justify;\">C\u2019est en 2017 qu\u2019Opel est v\u00e9ritablement rachet\u00e9 par PSA, pour un prix de 1,3\u00a0milliard d\u2019\u20ac.<\/p>\n<h2 style=\"text-align: justify;\">\u00c0 qui appartient Opel en 2021 ?<\/h2>\n<p style=\"text-align: justify;\">En 2021, PSA et Fiat Chrysler Automobiles (FCA) fusionnent pour devenir Stellantis. Depuis, et jusqu\u2019\u00e0 ce jour, Opel fait toujours partie du groupe Stellantis.<\/p>\n<p style=\"text-align: justify;\">Actuellement, Fr\u00e9d\u00e9ric Brunet est le directeur financier d\u2019Opel et Xavier Duchemin en est le directeur des ventes.<\/p>\n<p style=\"text-align: justify;\">Malgr\u00e9 le fait que les \u00ab\u00a0propri\u00e9taires\u00a0\u00bb d\u2019Opel se soient succ\u00e9d\u00e9 au fil des ann\u00e9es, Opel est rest\u00e9 un constructeur allemand, dont l\u2019usine principale se situe dans sa ville d\u2019origine\u00a0: R\u00fcsselsheim.<\/p>\n<h2 style=\"text-align: justify;\">Quel est le logo de la marque Opel ?<\/h2>\n<p style=\"text-align: justify;\">Le logo de la marque Opel est tr\u00e8s facile \u00e0 reconna\u00eetre. Les \u00e9l\u00e9ments le composant sont un \u00e9clair horizontal similaire \u00e0 un Z et un anneau qui l&rsquo;entoure, le tout sur un fond blanc.<\/p>\n<h2 style=\"text-align: justify;\">Quelle est la signification du logo d\u2019Opel ?<\/h2>\n<p style=\"text-align: justify;\">L\u2019\u00e9clair du logo est en fait un flash, inspir\u00e9 du populaire mod\u00e8le de bicyclette Blitz, tr\u00e8s populaire en Allemagne au XIX\u00e8me si\u00e8cle. \u00ab\u00a0Blitz\u00a0\u00bb se traduit litt\u00e9ralement par \u00ab\u00a0\u00e9clair\u00a0\u00bb.<\/p>\n<h2 style=\"text-align: justify;\">\u00c9volution du logo d\u2019Opel<\/h2>\n<p style=\"text-align: justify;\">Le logo d\u2019Opel tel que nous le connaissons aujourd\u2019hui n\u2019a \u00e9t\u00e9 adopt\u00e9 qu\u2019en 1964.<\/p>\n<p style=\"text-align: justify;\">Aux d\u00e9buts de la marque, en 1862, son logo \u00e9tait repr\u00e9sent\u00e9 par un zeppelin (un dirigeable gris) . Il changea en 1980 et en 1901. En 1902, le logo est simplifi\u00e9. Cette ann\u00e9e, le logo n\u2019est que le nom \u00ab\u00a0Opel\u00a0\u00bb calligraphi\u00e9 et de couleur dor\u00e9e. En 1910, le zeppelin revient, mais n\u2019est plus que le contour du logo qui arbore le nom de la marque \u00e0 l\u2019int\u00e9rieur. En 1928, le logo change encore et le zeppelin contenant le nom Opel se minimalise et est entour\u00e9 par un cercle rouge. En 1937, le logo commence \u00e0 ressembler au \u00ab\u00a0Blitz\u00a0\u00bb, mais ne se constitue toujours que d\u2019un zeppelin traversant un anneau dor\u00e9. S\u2019il change encore une fois pour le nom de la marque entour\u00e9 en 1950, il ne faudra que 4 ans pour qu\u2019il change et devienne un zeppelin tr\u00e8s proche d\u2019un \u00e9clair qui traverse toujours un anneau en or. En 1963, le zeppelin prend de plus en plus la forme de l\u2019\u00e9clair embl\u00e9matique d\u2019Opel. C\u2019est finalement en 1964 que le logo actuel a \u00e9t\u00e9 adopt\u00e9.<\/p>\n<p style=\"text-align: justify;\">Depuis, le logo a \u00e9t\u00e9 sensiblement modifi\u00e9, mais la base est rest\u00e9e la m\u00eame. En 2002, le logo est design\u00e9 en 3D. En 2007, il est modifi\u00e9 et le nom Opel est inscrit au-dessus de l\u2019anneau.<\/p>\n<p style=\"text-align: justify;\">La version actuelle du logo est celle qui a \u00e9t\u00e9 adopt\u00e9e en 2016. Elle arbore un style minimaliste, en toute simplicit\u00e9, symbole de modernit\u00e9. Re-design\u00e9 en 2D, le logo va \u00e0 l\u2019essentiel\u00a0: un \u00e9clair dans un anneau, le tout en noir. Il s\u2019agit de la version la plus simplifi\u00e9e, mais non moins sobre et \u00e9l\u00e9gante du logo.<\/p>\n<h2 style=\"text-align: justify;\">Pourquoi le logo Opel est-il diff\u00e9rent en Angleterre ?<\/h2>\n<p style=\"text-align: justify;\">En Angleterre, il est possible de trouver des voitures compl\u00e8tement identiques \u00e0 celles produites par Opel, comme la Corsa ou l\u2019Astra, mais avec un nom diff\u00e9rent\u00a0: Vauxhall. Bien que les voitures soient identiques, les logos des 2 marques sont diff\u00e9rents. En fait, Vauxhall pourrait \u00eatre d\u00e9finie comme la version anglaise d\u2019Opel.<\/p>\n<p style=\"text-align: justify;\">Vauxhall est un constructeur automobile londonien, fond\u00e9 en 1903, et rachet\u00e9 par General Motors en 1925. Comme Opel a \u00e9t\u00e9 rachet\u00e9 par le m\u00eame groupe en 1929, General Motors devient alors propri\u00e9taire des deux marques. Suite \u00e0 ce rachat, les deux marques ont entrepris de produire des voitures identiques, autant c\u00f4t\u00e9 design que c\u00f4t\u00e9 capacit\u00e9s et caract\u00e9ristiques techniques. Si bien que les deux marques peuvent \u00eatre consid\u00e9r\u00e9es comme s\u0153urs. Toutefois, il subsiste 3 diff\u00e9rences notoires concernant Opel et Vauxhall\u00a0:<\/p>\n<ul style=\"text-align: justify;\">\n<li>Leur nom\u00a0;<\/li>\n<li>Leur logo\u00a0;<\/li>\n<li>Vauxhall est surtout destin\u00e9 \u00e0 la conduite en Angleterre. De ce fait, les voitures de Vauxhall sont mont\u00e9es \u00ab\u00a0\u00e0 l\u2019envers\u00a0\u00bb par rapport \u00e0 l\u2019Opel. En effet, le syst\u00e8me de conduite anglais est l\u2019inverse de celui de la France. C\u2019est pourquoi les voitures doivent y \u00eatre adapt\u00e9es.<\/li>\n<\/ul>\n<p style=\"text-align: justify;\">NB\u00a0: le logo de Vauxhall est la repr\u00e9sentation d\u2019un aigle entour\u00e9 d\u2019un anneau. Dans le cercle, la lettre V est mise en \u00e9vidence.<\/p>\n<h2 style=\"text-align: justify;\">Quels sont les mod\u00e8les anciens embl\u00e9matiques d\u2019Opel ?<\/h2>\n<p style=\"text-align: justify;\">Parmi les mod\u00e8les d\u2019Opel qui ont marqu\u00e9 l\u2019histoire, 3 se d\u00e9marquent des autres\u00a0:<\/p>\n<ul style=\"text-align: justify;\">\n<li>Opel Admiral A\u00a0;<\/li>\n<li>Opel Kadett\u00a0;<\/li>\n<li>Opel Ascona.<\/li>\n<\/ul>\n<h3 style=\"text-align: justify;\">Opel Admiral A<\/h3>\n<p style=\"text-align: justify;\">La premi\u00e8re Admiral A est construite en 1964. La production de l\u2019Admiral A s\u2019arr\u00eatera en 1968, apr\u00e8s 55\u00a0876 exemplaires vendus.<\/p>\n<p style=\"text-align: justify;\">L\u2019Admiral A est une voiture qui est caract\u00e9ris\u00e9e par son incroyable puissance, m\u00eame compar\u00e9e aux voitures actuelles. En effet, elle dispose d\u2019un moteur \u00e0 6 cylindres en ligne de 2,6. En 1965, certains exemplaires d\u2019Admiral A \u00e9taient dot\u00e9s d\u2019un moteur \u00e0 6 cylindres en ligne de 4,6, lui procurant une puissance pouvant aller jusqu\u2019\u00e0 140 ch. Il \u00e9tait \u00e9galement possible de se procurer une Admiral A motoris\u00e9e d\u2019un V8, d\u00e9veloppant une puissance de 190 ch pour une vitesse de pointe atteignant facilement 200 km\/h.<\/p>\n<h3 style=\"text-align: justify;\">Opel Kadett<\/h3>\n<p style=\"text-align: justify;\">L\u2019Opel Kadett est construite entre 1937 et 1940. Il s\u2019agit d\u2019un v\u00e9hicule compact dot\u00e9 d\u2019un moteur de 1.074 m3, de 23 ch et pouvant atteindre la vitesse maximale de 90 km\/h. En seulement 3 ann\u00e9es de production, Opel a pu vendre 106\u00a0608 exemplaires de Kadett. Ensuite, 5 mod\u00e8les de Kadett se sont succ\u00e9d\u00e9 de 1962 \u00e0 1993.<\/p>\n<h3 style=\"text-align: justify;\">Opel Ascona<\/h3>\n<p style=\"text-align: justify;\">Dans la gamme des berlines familiales, celle qui arrive en t\u00eate de liste est l\u2019Opel Ascona, produite entre 1970 et 1988. Bien que voiture familiale, l\u2019Ascona n\u2019en est pas moins un mod\u00e8le puissant, pouvant d\u00e9velopper jusqu\u2019\u00e0 129 ch. L\u2019Ascona est l\u2019une des Opel les plus populaires de l\u2019histoire. En effet, durant toutes les ann\u00e9es depuis la conception de la voiture \u00e0 l&rsquo;arr\u00eat de production, Opel a r\u00e9ussi \u00e0 \u00e9couler 3.925.858 exemplaires d&rsquo;Ascona.<\/p>\n<h2 style=\"text-align: justify;\">Opel Corsa : une voiture qui a marqu\u00e9 l&rsquo;Allemagne et le monde entier<\/h2>\n<p style=\"text-align: justify;\">Lorsqu\u2019il est question d\u2019Opel, le mod\u00e8le qui vient tout de suite en t\u00eate est la Corsa. Et pour cause, la Corsa a su marquer l\u2019histoire d\u2019Opel, et m\u00eame jusqu\u2019\u00e0 aujourd\u2019hui. En quelques sortes, il s\u2019agit du must en mati\u00e8re d\u2019automobile destin\u00e9 \u00e0 la conduite en zone urbaine.<\/p>\n<p style=\"text-align: justify;\">La premi\u00e8re Opel Corsa est la Corsa A qui voit le jour en 1982. Le premier mod\u00e8le d\u2019Opel Corsa dispose de 5 possibilit\u00e9s de motorisation, dont l\u2019une monte \u00e0 100 ch. La Corsa est surtout appr\u00e9ci\u00e9e pour son design simple, et id\u00e9al pour la ville. Elle conna\u00eet un tel succ\u00e8s que 5 autres mod\u00e8les de Corsa ont \u00e9t\u00e9 cr\u00e9\u00e9s apr\u00e8s la A\u00a0:<\/p>\n<ul style=\"text-align: justify;\">\n<li>Corsa B (1993 \u2013 2000)\u00a0;<\/li>\n<li>Corsa C (2000 \u2013 2006)\u00a0;<\/li>\n<li>Corsa D (2006 \u2013 2014)\u00a0;<\/li>\n<li>Corsa E (2014 \u2013 2019)\u00a0;<\/li>\n<li>Corsa F (2019 \u00e0 aujourd\u2019hui).<\/li>\n<\/ul>\n<p style=\"text-align: justify;\">Depuis sa cr\u00e9ation, l\u2019Opel Corsa a \u00e9t\u00e9 produite \u00e0 plus de 11 millions d\u2019exemplaires, ce qui en fait le mod\u00e8le le plus vendu par la marque.<\/p>\n<h3 style=\"text-align: justify;\">Guide d&rsquo;achat Opel :<\/h3>\n<p style=\"text-align: justify;\"><a href=\"https:\/\/www.bymycar.fr\/webzine\/quel-moteur-opel-sur-quel-vehicule\/\">Quels moteurs Opel sur quels v\u00e9hicules ?<\/a><\/p>\n<p style=\"text-align: justify;\"><a href=\"https:\/\/www.bymycar.fr\/webzine\/quel-est-le-prix-dune-opel-electrique\/\">Quel est le prix d&rsquo;une Opel \u00e9lectrique ?<\/a><\/p>\n<p style=\"text-align: justify;\"><a href=\"https:\/\/www.bymycar.fr\/webzine\/modeles-opel-tous-les-vehicules-de-la-gamme\/\">Mod\u00e8les Opel : Tous les v\u00e9hicules de la gamme<\/a><\/p>\n<p style=\"text-align: justify;\"><a href=\"https:\/\/www.bymycar.fr\/webzine\/opel-courroie-de-distribution-ou-chaine\/\">Opel : Courroie de distribution ou chaine ?<\/a><\/p>\n<p style=\"text-align: justify;\"><a href=\"https:\/\/www.bymycar.fr\/webzine\/opel-origine-et-histoire-de-la-marque\/\">Opel : Origine et histoire de la marque<\/a><\/p>\n<p style=\"text-align: justify;\"><a href=\"https:\/\/www.bymycar.fr\/webzine\/que-veut-dire-opel\/\">Que veut dire Opel ?<\/a><\/p>\n<p style=\"text-align: justify;\"><a href=\"https:\/\/www.bymycar.fr\/webzine\/que-veut-dire-opc-chez-opel\/\">Que veut dire opc chez Opel ?<\/a><\/p>\n<p style=\"text-align: justify;\"><a href=\"https:\/\/www.bymycar.fr\/webzine\/a-qui-appartient-opel\/\">A qui appartient Opel ?<\/a><\/p>\n<p style=\"text-align: justify;\"><a href=\"https:\/\/www.bymycar.fr\/webzine\/opel-ou-peugeot-quelle-marque-est-faite-pour-vous\/\">Opel ou Peugeot : quelle marque est faite pour vous ?<\/a><\/p>\n<p style=\"text-align: justify;\"><a href=\"https:\/\/www.bymycar.fr\/webzine\/ford-ou-opel-quelle-marque-est-faite-pour-vous\/\">Ford ou Opel : quelle marque est faite pour vous ?<\/a><\/p>\n"}}]},"add-carousel-to-footer":true},"yoast_head":"<!-- This site is optimized with the Yoast SEO Premium plugin v26.4 (Yoast SEO v26.4) - https:\/\/yoast.com\/wordpress\/plugins\/seo\/ -->\n<title>Le logo d\u2019Opel, histoire et signification<\/title>\n<meta name=\"robots\" content=\"index, follow, max-snippet:-1, max-image-preview:large, max-video-preview:-1\" \/>\n<link rel=\"canonical\" href=\"https:\/\/www.bymycar.fr\/webzine\/le-logo-dopel-histoire-et-signification\/\" \/>\n<meta property=\"og:locale\" content=\"fr_FR\" \/>\n<meta property=\"og:type\" content=\"article\" \/>\n<meta property=\"og:title\" content=\"Le logo d\u2019Opel, histoire et signification\" \/>\n<meta property=\"og:url\" content=\"https:\/\/www.bymycar.fr\/webzine\/le-logo-dopel-histoire-et-signification\/\" \/>\n<meta property=\"og:site_name\" content=\"Webzine auto BYmyCAR\" \/>\n<meta property=\"article:published_time\" content=\"2022-06-28T07:59:08+00:00\" \/>\n<meta property=\"article:modified_time\" content=\"2023-02-08T09:25:56+00:00\" \/>\n<meta property=\"og:image\" content=\"https:\/\/cdn.bymycar.eu\/fr-webzine\/wp-content\/uploads\/medias\/opel-logo.jpg\" \/>\n\t<meta property=\"og:image:width\" content=\"750\" \/>\n\t<meta property=\"og:image:height\" content=\"410\" \/>\n\t<meta property=\"og:image:type\" content=\"image\/jpeg\" \/>\n<meta name=\"author\" content=\"Gregoire LE BIHAN\" \/>\n<meta name=\"twitter:card\" content=\"summary_large_image\" \/>\n<meta name=\"twitter:label1\" content=\"\u00c9crit par\" \/>\n\t<meta name=\"twitter:data1\" content=\"Gregoire LE BIHAN\" \/>\n<script type=\"application\/ld+json\" class=\"yoast-schema-graph\">{\"@context\":\"https:\/\/schema.org\",\"@graph\":[{\"@type\":\"Article\",\"@id\":\"https:\/\/www.bymycar.fr\/webzine\/le-logo-dopel-histoire-et-signification\/#article\",\"isPartOf\":{\"@id\":\"https:\/\/www.bymycar.fr\/webzine\/le-logo-dopel-histoire-et-signification\/\"},\"author\":{\"name\":\"Gregoire LE BIHAN\",\"@id\":\"https:\/\/www.bymycar.fr\/webzine\/#\/schema\/person\/8c56906440ec126868bd40232b3445f0\"},\"headline\":\"Le logo d\u2019Opel, histoire et signification\",\"datePublished\":\"2022-06-28T07:59:08+00:00\",\"dateModified\":\"2023-02-08T09:25:56+00:00\",\"mainEntityOfPage\":{\"@id\":\"https:\/\/www.bymycar.fr\/webzine\/le-logo-dopel-histoire-et-signification\/\"},\"wordCount\":7,\"publisher\":{\"@id\":\"https:\/\/www.bymycar.fr\/webzine\/#organization\"},\"image\":{\"@id\":\"https:\/\/www.bymycar.fr\/webzine\/le-logo-dopel-histoire-et-signification\/#primaryimage\"},\"thumbnailUrl\":\"https:\/\/cdn.bymycar.eu\/fr-webzine\/wp-content\/uploads\/medias\/opel-logo.jpg\",\"articleSection\":[\"Guide d'achat\",\"Guide d'achat Opel\"],\"inLanguage\":\"fr-FR\"},{\"@type\":\"WebPage\",\"@id\":\"https:\/\/www.bymycar.fr\/webzine\/le-logo-dopel-histoire-et-signification\/\",\"url\":\"https:\/\/www.bymycar.fr\/webzine\/le-logo-dopel-histoire-et-signification\/\",\"name\":\"Le logo d\u2019Opel, histoire et signification\",\"isPartOf\":{\"@id\":\"https:\/\/www.bymycar.fr\/webzine\/#website\"},\"primaryImageOfPage\":{\"@id\":\"https:\/\/www.bymycar.fr\/webzine\/le-logo-dopel-histoire-et-signification\/#primaryimage\"},\"image\":{\"@id\":\"https:\/\/www.bymycar.fr\/webzine\/le-logo-dopel-histoire-et-signification\/#primaryimage\"},\"thumbnailUrl\":\"https:\/\/cdn.bymycar.eu\/fr-webzine\/wp-content\/uploads\/medias\/opel-logo.jpg\",\"datePublished\":\"2022-06-28T07:59:08+00:00\",\"dateModified\":\"2023-02-08T09:25:56+00:00\",\"breadcrumb\":{\"@id\":\"https:\/\/www.bymycar.fr\/webzine\/le-logo-dopel-histoire-et-signification\/#breadcrumb\"},\"inLanguage\":\"fr-FR\",\"potentialAction\":[{\"@type\":\"ReadAction\",\"target\":[\"https:\/\/www.bymycar.fr\/webzine\/le-logo-dopel-histoire-et-signification\/\"]}]},{\"@type\":\"ImageObject\",\"inLanguage\":\"fr-FR\",\"@id\":\"https:\/\/www.bymycar.fr\/webzine\/le-logo-dopel-histoire-et-signification\/#primaryimage\",\"url\":\"https:\/\/cdn.bymycar.eu\/fr-webzine\/wp-content\/uploads\/medias\/opel-logo.jpg\",\"contentUrl\":\"https:\/\/cdn.bymycar.eu\/fr-webzine\/wp-content\/uploads\/medias\/opel-logo.jpg\",\"width\":750,\"height\":410},{\"@type\":\"BreadcrumbList\",\"@id\":\"https:\/\/www.bymycar.fr\/webzine\/le-logo-dopel-histoire-et-signification\/#breadcrumb\",\"itemListElement\":[{\"@type\":\"ListItem\",\"position\":1,\"name\":\"Accueil\",\"item\":\"https:\/\/www.bymycar.fr\/webzine\/\"},{\"@type\":\"ListItem\",\"position\":2,\"name\":\"Le logo d\u2019Opel, histoire et signification\"}]},{\"@type\":\"WebSite\",\"@id\":\"https:\/\/www.bymycar.fr\/webzine\/#website\",\"url\":\"https:\/\/www.bymycar.fr\/webzine\/\",\"name\":\"Webzine auto BYmyCAR\",\"description\":\"La magazine auto de BYmyCAR\",\"publisher\":{\"@id\":\"https:\/\/www.bymycar.fr\/webzine\/#organization\"},\"potentialAction\":[{\"@type\":\"SearchAction\",\"target\":{\"@type\":\"EntryPoint\",\"urlTemplate\":\"https:\/\/www.bymycar.fr\/webzine\/?s={search_term_string}\"},\"query-input\":{\"@type\":\"PropertyValueSpecification\",\"valueRequired\":true,\"valueName\":\"search_term_string\"}}],\"inLanguage\":\"fr-FR\"},{\"@type\":\"Organization\",\"@id\":\"https:\/\/www.bymycar.fr\/webzine\/#organization\",\"name\":\"BYmyCAR\",\"url\":\"https:\/\/www.bymycar.fr\/webzine\/\",\"logo\":{\"@type\":\"ImageObject\",\"inLanguage\":\"fr-FR\",\"@id\":\"https:\/\/www.bymycar.fr\/webzine\/#\/schema\/logo\/image\/\",\"url\":\"https:\/\/cdn.bymycar.eu\/fr-webzine\/wp-content\/uploads\/medias\/2017\/08\/logo_DEALER_00000406_001.png\",\"contentUrl\":\"https:\/\/cdn.bymycar.eu\/fr-webzine\/wp-content\/uploads\/medias\/2017\/08\/logo_DEALER_00000406_001.png\",\"width\":2132,\"height\":720,\"caption\":\"BYmyCAR\"},\"image\":{\"@id\":\"https:\/\/www.bymycar.fr\/webzine\/#\/schema\/logo\/image\/\"}},{\"@type\":\"Person\",\"@id\":\"https:\/\/www.bymycar.fr\/webzine\/#\/schema\/person\/8c56906440ec126868bd40232b3445f0\",\"name\":\"Gregoire LE BIHAN\",\"image\":{\"@type\":\"ImageObject\",\"inLanguage\":\"fr-FR\",\"@id\":\"https:\/\/www.bymycar.fr\/webzine\/#\/schema\/person\/image\/\",\"url\":\"https:\/\/secure.gravatar.com\/avatar\/1356d71f3c6eed50de358ba425c9944b742a0d35f88e0d5f8afe88fdac525492?s=96&d=mm&r=g\",\"contentUrl\":\"https:\/\/secure.gravatar.com\/avatar\/1356d71f3c6eed50de358ba425c9944b742a0d35f88e0d5f8afe88fdac525492?s=96&d=mm&r=g\",\"caption\":\"Gregoire LE BIHAN\"}}]}<\/script>\n<!-- \/ Yoast SEO Premium plugin. -->","yoast_head_json":{"title":"Le logo d\u2019Opel, histoire et signification","robots":{"index":"index","follow":"follow","max-snippet":"max-snippet:-1","max-image-preview":"max-image-preview:large","max-video-preview":"max-video-preview:-1"},"canonical":"https:\/\/www.bymycar.fr\/webzine\/le-logo-dopel-histoire-et-signification\/","og_locale":"fr_FR","og_type":"article","og_title":"Le logo d\u2019Opel, histoire et signification","og_url":"https:\/\/www.bymycar.fr\/webzine\/le-logo-dopel-histoire-et-signification\/","og_site_name":"Webzine auto BYmyCAR","article_published_time":"2022-06-28T07:59:08+00:00","article_modified_time":"2023-02-08T09:25:56+00:00","og_image":[{"width":750,"height":410,"url":"https:\/\/cdn.bymycar.eu\/fr-webzine\/wp-content\/uploads\/medias\/opel-logo.jpg","type":"image\/jpeg"}],"author":"Gregoire LE BIHAN","twitter_card":"summary_large_image","twitter_misc":{"\u00c9crit par":"Gregoire LE BIHAN"},"schema":{"@context":"https:\/\/schema.org","@graph":[{"@type":"Article","@id":"https:\/\/www.bymycar.fr\/webzine\/le-logo-dopel-histoire-et-signification\/#article","isPartOf":{"@id":"https:\/\/www.bymycar.fr\/webzine\/le-logo-dopel-histoire-et-signification\/"},"author":{"name":"Gregoire LE BIHAN","@id":"https:\/\/www.bymycar.fr\/webzine\/#\/schema\/person\/8c56906440ec126868bd40232b3445f0"},"headline":"Le logo d\u2019Opel, histoire et signification","datePublished":"2022-06-28T07:59:08+00:00","dateModified":"2023-02-08T09:25:56+00:00","mainEntityOfPage":{"@id":"https:\/\/www.bymycar.fr\/webzine\/le-logo-dopel-histoire-et-signification\/"},"wordCount":7,"publisher":{"@id":"https:\/\/www.bymycar.fr\/webzine\/#organization"},"image":{"@id":"https:\/\/www.bymycar.fr\/webzine\/le-logo-dopel-histoire-et-signification\/#primaryimage"},"thumbnailUrl":"https:\/\/cdn.bymycar.eu\/fr-webzine\/wp-content\/uploads\/medias\/opel-logo.jpg","articleSection":["Guide d'achat","Guide d'achat Opel"],"inLanguage":"fr-FR"},{"@type":"WebPage","@id":"https:\/\/www.bymycar.fr\/webzine\/le-logo-dopel-histoire-et-signification\/","url":"https:\/\/www.bymycar.fr\/webzine\/le-logo-dopel-histoire-et-signification\/","name":"Le logo d\u2019Opel, histoire et signification","isPartOf":{"@id":"https:\/\/www.bymycar.fr\/webzine\/#website"},"primaryImageOfPage":{"@id":"https:\/\/www.bymycar.fr\/webzine\/le-logo-dopel-histoire-et-signification\/#primaryimage"},"image":{"@id":"https:\/\/www.bymycar.fr\/webzine\/le-logo-dopel-histoire-et-signification\/#primaryimage"},"thumbnailUrl":"https:\/\/cdn.bymycar.eu\/fr-webzine\/wp-content\/uploads\/medias\/opel-logo.jpg","datePublished":"2022-06-28T07:59:08+00:00","dateModified":"2023-02-08T09:25:56+00:00","breadcrumb":{"@id":"https:\/\/www.bymycar.fr\/webzine\/le-logo-dopel-histoire-et-signification\/#breadcrumb"},"inLanguage":"fr-FR","potentialAction":[{"@type":"ReadAction","target":["https:\/\/www.bymycar.fr\/webzine\/le-logo-dopel-histoire-et-signification\/"]}]},{"@type":"ImageObject","inLanguage":"fr-FR","@id":"https:\/\/www.bymycar.fr\/webzine\/le-logo-dopel-histoire-et-signification\/#primaryimage","url":"https:\/\/cdn.bymycar.eu\/fr-webzine\/wp-content\/uploads\/medias\/opel-logo.jpg","contentUrl":"https:\/\/cdn.bymycar.eu\/fr-webzine\/wp-content\/uploads\/medias\/opel-logo.jpg","width":750,"height":410},{"@type":"BreadcrumbList","@id":"https:\/\/www.bymycar.fr\/webzine\/le-logo-dopel-histoire-et-signification\/#breadcrumb","itemListElement":[{"@type":"ListItem","position":1,"name":"Accueil","item":"https:\/\/www.bymycar.fr\/webzine\/"},{"@type":"ListItem","position":2,"name":"Le logo d\u2019Opel, histoire et signification"}]},{"@type":"WebSite","@id":"https:\/\/www.bymycar.fr\/webzine\/#website","url":"https:\/\/www.bymycar.fr\/webzine\/","name":"Webzine auto BYmyCAR","description":"La magazine auto de BYmyCAR","publisher":{"@id":"https:\/\/www.bymycar.fr\/webzine\/#organization"},"potentialAction":[{"@type":"SearchAction","target":{"@type":"EntryPoint","urlTemplate":"https:\/\/www.bymycar.fr\/webzine\/?s={search_term_string}"},"query-input":{"@type":"PropertyValueSpecification","valueRequired":true,"valueName":"search_term_string"}}],"inLanguage":"fr-FR"},{"@type":"Organization","@id":"https:\/\/www.bymycar.fr\/webzine\/#organization","name":"BYmyCAR","url":"https:\/\/www.bymycar.fr\/webzine\/","logo":{"@type":"ImageObject","inLanguage":"fr-FR","@id":"https:\/\/www.bymycar.fr\/webzine\/#\/schema\/logo\/image\/","url":"https:\/\/cdn.bymycar.eu\/fr-webzine\/wp-content\/uploads\/medias\/2017\/08\/logo_DEALER_00000406_001.png","contentUrl":"https:\/\/cdn.bymycar.eu\/fr-webzine\/wp-content\/uploads\/medias\/2017\/08\/logo_DEALER_00000406_001.png","width":2132,"height":720,"caption":"BYmyCAR"},"image":{"@id":"https:\/\/www.bymycar.fr\/webzine\/#\/schema\/logo\/image\/"}},{"@type":"Person","@id":"https:\/\/www.bymycar.fr\/webzine\/#\/schema\/person\/8c56906440ec126868bd40232b3445f0","name":"Gregoire LE BIHAN","image":{"@type":"ImageObject","inLanguage":"fr-FR","@id":"https:\/\/www.bymycar.fr\/webzine\/#\/schema\/person\/image\/","url":"https:\/\/secure.gravatar.com\/avatar\/1356d71f3c6eed50de358ba425c9944b742a0d35f88e0d5f8afe88fdac525492?s=96&d=mm&r=g","contentUrl":"https:\/\/secure.gravatar.com\/avatar\/1356d71f3c6eed50de358ba425c9944b742a0d35f88e0d5f8afe88fdac525492?s=96&d=mm&r=g","caption":"Gregoire LE BIHAN"}}]}},"_links":{"self":[{"href":"https:\/\/www.bymycar.fr\/webzine\/wp-json\/wp\/v2\/posts\/30797","targetHints":{"allow":["GET"]}}],"collection":[{"href":"https:\/\/www.bymycar.fr\/webzine\/wp-json\/wp\/v2\/posts"}],"about":[{"href":"https:\/\/www.bymycar.fr\/webzine\/wp-json\/wp\/v2\/types\/post"}],"author":[{"embeddable":true,"href":"https:\/\/www.bymycar.fr\/webzine\/wp-json\/wp\/v2\/users\/9"}],"replies":[{"embeddable":true,"href":"https:\/\/www.bymycar.fr\/webzine\/wp-json\/wp\/v2\/comments?post=30797"}],"version-history":[{"count":10,"href":"https:\/\/www.bymycar.fr\/webzine\/wp-json\/wp\/v2\/posts\/30797\/revisions"}],"predecessor-version":[{"id":39549,"href":"https:\/\/www.bymycar.fr\/webzine\/wp-json\/wp\/v2\/posts\/30797\/revisions\/39549"}],"wp:featuredmedia":[{"embeddable":true,"href":"https:\/\/www.bymycar.fr\/webzine\/wp-json\/wp\/v2\/media\/30798"}],"wp:attachment":[{"href":"https:\/\/www.bymycar.fr\/webzine\/wp-json\/wp\/v2\/media?parent=30797"}],"wp:term":[{"taxonomy":"category","embeddable":true,"href":"https:\/\/www.bymycar.fr\/webzine\/wp-json\/wp\/v2\/categories?post=30797"},{"taxonomy":"post_tag","embeddable":true,"href":"https:\/\/www.bymycar.fr\/webzine\/wp-json\/wp\/v2\/tags?post=30797"}],"curies":[{"name":"wp","href":"https:\/\/api.w.org\/{rel}","templated":true}]}}