{"id":30775,"date":"2022-06-28T10:05:12","date_gmt":"2022-06-28T08:05:12","guid":{"rendered":"https:\/\/prod.bymycar.fr\/webzine\/?p=30775"},"modified":"2025-12-01T10:25:17","modified_gmt":"2025-12-01T09:25:17","slug":"ford-ou-opel-quelle-marque-est-faite-pour-vous","status":"publish","type":"post","link":"https:\/\/www.bymycar.fr\/webzine\/ford-ou-opel-quelle-marque-est-faite-pour-vous\/","title":{"rendered":"Ford ou Opel : quelle marque est faite pour vous ?"},"content":{"rendered":"","protected":false},"excerpt":{"rendered":"","protected":false},"author":9,"featured_media":30778,"comment_status":"closed","ping_status":"closed","sticky":false,"template":"","format":"standard","meta":{"_acf_changed":false,"footnotes":""},"categories":[12893,12919],"tags":[],"class_list":["post-30775","post","type-post","status-publish","format-standard","has-post-thumbnail","hentry","category-guide-dachat","category-guide-dachat-opel"],"acf":{"template":"classique","introduction":"<p>Vous h\u00e9sitez entre <a href=\"https:\/\/www.bymycar.fr\/v\/ford-occasion\">Ford<\/a> ou <a href=\"https:\/\/www.bymycar.fr\/v\/opel-occasion\">Opel<\/a> pour votre prochain v\u00e9hicule ? Ces deux constructeurs embl\u00e9matiques de l&rsquo;industrie automobile europ\u00e9enne proposent des approches compl\u00e9mentaires en mati\u00e8re d&rsquo;innovation et de motorisation. Chaque marque se distingue par une gamme compl\u00e8te allant des citadines dynamiques aux berlines compactes \u00e9l\u00e9gantes, en passant par <a href=\"https:\/\/www.bymycar.fr\/v\/suv-occasion\">des SUV polyvalents<\/a>. Cette comparaison vous permet d&rsquo;explorer des d\u00e9cennies d&rsquo;expertise technique et d&rsquo;\u00e9volutions pens\u00e9es pour r\u00e9pondre parfaitement aux besoins des conducteurs d&rsquo;aujourd&rsquo;hui.<\/p>\n<p><strong>Ce qu&rsquo;il faut retenir<\/strong><\/p>\n<ul>\n<li><strong>Ford privil\u00e9gie la conduite dynamique<\/strong> : avec ses technologies BlueCruise, ses motorisations EcoBoost performantes et ses syst\u00e8mes de contr\u00f4le vectoriel du couple, Ford s&rsquo;adresse aux conducteurs recherchant des sensations au volant et une exp\u00e9rience de conduite sportive ;<\/li>\n<li><strong>Opel mise sur la praticit\u00e9 au quotidien<\/strong> : gr\u00e2ce \u00e0 ses solutions modulaires, son design moderne avec le Pure Panel, ses versions \u00e9lectriques et son excellent rapport \u00e9quipement-prix, Opel convient parfaitement aux familles et aux utilisateurs privil\u00e9giant le confort et la fonctionnalit\u00e9 ;<\/li>\n<li><strong>Les deux marques offrent une fiabilit\u00e9 comparable<\/strong> : Ford avec sa garantie 3 ans extensible \u00e0 5 ans et Opel avec sa garantie exceptionnelle jusqu&rsquo;\u00e0 8 ans, chaque constructeur propose des v\u00e9hicules fiables adapt\u00e9s \u00e0 des profils d&rsquo;utilisateurs compl\u00e9mentaires.<\/li>\n<\/ul>\n","strates":[{"type_strate":"texte-simple","ancre":"","contenu":"<h2 style=\"text-align: justify;\">Comparatif\u00a0: quel mod\u00e8le acheter entre une Opel Corsa ou une Ford Fiesta\u00a0?<\/h2>\n<p style=\"text-align: justify;\">Sur le segment des citadines, les r\u00e9centes Opel Corsa et Ford Fiesta font partie des mod\u00e8les les plus appr\u00e9ci\u00e9s par les automobilistes.<\/p>\n<h3 style=\"text-align: justify;\">Quelles sont les caract\u00e9ristiques d\u2019une Opel Corsa\u00a0?<\/h3>\n<p style=\"text-align: justify;\">Opel pr\u00e9sente la Corsa comme une voiture citadine pour l\u2019avenir. Pour cause, ce mod\u00e8le, avec une unique barre de logo chrom\u00e9e, embarque des technologies permettant l\u2019optimisation du plaisir de conduire et du confort. D\u2019une longueur de 4,06 m, cette voiture pr\u00e9sente, en \u00e9quipement de s\u00e9rie, des jantes 15 pouces, des vitres avant \u00e9lectriques, un \u00e9cran tactile 5 pouces, etc. C\u00f4t\u00e9 s\u00e9curit\u00e9, les syst\u00e8mes anti-collision \u00e0 basse vitesse, d\u00e9tection des pi\u00e9tons, d\u2019aide au d\u00e9marrage en c\u00f4te et le r\u00e9gulateur ou limiteur de vitesse sont d\u00e9j\u00e0 disponibles avec la version de base vendue \u00e0 partir de 14\u00a0400 \u20ac. En option, il est possible d\u2019avoir des technologies plus avanc\u00e9es\u00a0: maintien actif dans la voie, cam\u00e9ra de recul panoramique, aide au stationnement avanc\u00e9e, etc. Pour la motorisation, le choix se fera entre les moteurs trois cylindres 1.2 litre de 75 ch, 110 ch et 130 ch.<\/p>\n<h3 style=\"text-align: justify;\">Quelles sont les particularit\u00e9s de la Ford Fiesta\u00a0?<\/h3>\n<p style=\"text-align: justify;\">Les nouvelles Ford Fiesta se distinguent par un design moderne avec un bas du bouclier revu et une dotation technologique bien fournie. Le tableau de bord num\u00e9rique est personnalisable. La voiture embarque aussi un grand nombre de syst\u00e8mes d\u2019aide \u00e0 la conduite\u00a0comme le r\u00e9gulateur de vitesse avec fonction Stop&amp;Go et la conduite semi-autonome. Elle est \u00e9galement \u00e9quip\u00e9e de feux LED matriciels avec syst\u00e8me d\u2019anti-\u00e9blouissement, un syst\u00e8me multim\u00e9dia Sync3 et de recharge de smartphone.<\/p>\n<p style=\"text-align: justify;\">Sous le capot, les motorisations principales sont les Ecoboost 1 litre de 125 et 155 ch, le bloc 1.1 litre de 75 chevaux ainsi que le bloc 1 litre Flexifuel de 95 ch. \u00c0 noter que la Ford Fiesta est propos\u00e9e \u00e0 partir de 19\u00a0190 \u20ac avec la version Titanium Business.<\/p>\n<h2 style=\"text-align: justify;\">La cousine de Mondeo Ford Focus ou la cousine de l&rsquo;Insignia Opel Astra : quelle berline compacte vous convient\u00a0?<\/h2>\n<p style=\"text-align: justify;\">Du c\u00f4t\u00e9 des berlines compactes, les choix \u00e0 privil\u00e9gier sont les Ford Focus et Opel Astra.<\/p>\n<h3 style=\"text-align: justify;\">Ford Focus\u00a0: descriptif<\/h3>\n<p style=\"text-align: justify;\">La Focus est certainement l\u2019une des gammes les plus connues de Ford, surtout par les amateurs de rallye. Les premiers mod\u00e8les ont particip\u00e9 \u00e0 un grand nombre de courses automobiles. En ce qui concerne la nouvelle Ford Focus, la principale \u00e9volution est marqu\u00e9e par les porte-\u00e0-faux r\u00e9duits et une ligne de toit plus basse, elle est \u00e9galement tr\u00e8s connect\u00e9e selon le constructeur. Entre autres, cette voiture embarque une tablette multim\u00e9dia grand format. Bas\u00e9e sur la plateforme C2 de Ford, la Focus est \u00e9galement compatible avec les technologies Android Auto et Apple CarPlay.<\/p>\n<p style=\"text-align: justify;\">La nouvelle Ford Fiesta est une compacte hybride et E85 qui peut \u00eatre \u00e9quip\u00e9e d\u2019une bo\u00eete de vitesse manuelle et automatique. Pour information, le prix de d\u00e9part pour ce mod\u00e8le est de 29\u00a0900 \u20ac.<\/p>\n<h3 style=\"text-align: justify;\">Quelles sont les caract\u00e9ristiques d\u2019une Opel Astra\u00a0?<\/h3>\n<p style=\"text-align: justify;\">Construite essentiellement en Allemagne, l\u2019<a href=\"https:\/\/www.bymycar.fr\/marques\/opel\">Opel<\/a><b> <\/b>Astra propose un style ext\u00e9rieur \u00e9l\u00e9gant alli\u00e9 \u00e0 une conduite dynamique sur la route. La nouvelle g\u00e9n\u00e9ration d&rsquo;Astra pr\u00e9sente des traits caract\u00e9ristiques techniques au go\u00fbt du jour\u00a0:<\/p>\n<ul style=\"text-align: justify;\">\n<li>Pure Panel avec \u00e9cran tactile 10 pouces\u00a0;<\/li>\n<li>Radio connect\u00e9e\u00a0;<\/li>\n<li>Connexion de smartphone sans fil via Apple CarPlay et Android Auto\u00a0;<\/li>\n<li>D\u00e9tecteur de pluie\u00a0;<\/li>\n<li>Frein de parking ;<\/li>\n<li>Compteur de vitesse facile \u00e0 lire ;<\/li>\n<li>Climatisation automatique bizone selon la finition.<\/li>\n<\/ul>\n<p style=\"text-align: justify;\">Pour la motorisation, cette voiture d\u2019une longueur de 4,374 m peut embarquer l\u2019un des blocs suivants\u00a0:<\/p>\n<ul style=\"text-align: justify;\">\n<li>Essence 1.2 Turbo 110 ch\u00a0et 130 ch avec une consommation de 5,7 m\/100 selon le cycle Wltp;<\/li>\n<li>Diesel 1.5 diesel 130 ch\u00a0;<\/li>\n<li>Hybride 180 ch.<\/li>\n<\/ul>\n<p style=\"text-align: justify;\">La version de base de l\u2019Opel Astra est commercialis\u00e9e \u00e0 partir de 22\u00a0750 \u20ac alors que pour la version Ultimate, le prix de d\u00e9part est de 34\u00a0350 \u20ac.<\/p>\n<h2 style=\"text-align: justify;\">Ford Puma potentiel rempla\u00e7ant de l&rsquo;Ecosport ou Opel Mokka : quel SUV est fait pour vous\u00a0?<\/h2>\n<p style=\"text-align: justify;\">Vous \u00eates \u00e0 la recherche d\u2019un SUV\u00a0? Le Ford Puma ou l\u2019Opel Mokka peuvent vous convenir si vous d\u00e9sirez acqu\u00e9rir une voiture de ces marques.<\/p>\n<h3 style=\"text-align: justify;\">Quel Ford Puma choisir\u00a0?<\/h3>\n<p style=\"text-align: justify;\">Le Ford Puma, disposant d&rsquo;un grand espace de rangement, est disponible en 5 versions\u00a0:<\/p>\n<ul style=\"text-align: justify;\">\n<li>Titanium\u00a0: Cette finition propose de s\u00e9rie un grand nombre de dispositifs d\u2019aide \u00e0 la conduite. Entre autres, les conducteurs peuvent compter sur les syst\u00e8mes d\u2019aide au maintien dans la voie, au stationnement arri\u00e8re, de reconnaissance de panneaux de signalisation et de navigation Europe avec \u00e9cran tactile. Cette finition est accessible \u00e0 partir de 24\u00a0400 \u20ac.<\/li>\n<li>Titanium Business\u00a0: En plus de la dotation sur une version Titanium, le Ford Puma re\u00e7oit des packs confort et s\u00e9curit\u00e9 incluant des essuie-glaces automatiques, l\u2019Active Park Assiste, etc. Cette finition, proposant \u00e9galement un hayon \u00e0 ouverture mains libres, est commercialis\u00e9e \u00e0 partir de 26\u00a0300 \u20ac.<\/li>\n<li>ST-Line\u00a0: Le Ford Puma ST-Line est commercialis\u00e9 d\u00e8s 26\u00a0400 \u20ac. En plus des \u00e9quipements de la version Titanium, la voiture embarque un combin\u00e9 d\u2019instrumentation num\u00e9rique 12.3 pouces et des syst\u00e8mes d\u2019air conditionn\u00e9 et d\u2019allumage automatique. Elle dispose aussi d\u2019un kit carrosserie ST-Line incluant des suspensions sport, des jantes en alliage, une calandre sp\u00e9cifique, etc.<\/li>\n<li>ST-Line X\u00a0: La finition ST-Line X est bas\u00e9e sur le ST-Line. Quelques options en plus sont propos\u00e9es avec ce niveau\u00a0: syst\u00e8me audio B&amp;O 10 haut-parleurs, vitres arri\u00e8re surteint\u00e9es, p\u00e9dalier sport, etc. Pour information, le Ford Puma ST-Line X est propos\u00e9 d\u00e8s 28\u00a0400 \u20ac sur le march\u00e9.<\/li>\n<li>ST-Line V\u00a0: Le niveau de finition ST-Line V est affich\u00e9 au prix 30\u00a0800 \u20ac dans le catalogue du groupe Ford. La voiture embarque la dotation de la finition ST-Line X et d\u2019autres \u00e9l\u00e9ments de finition\u00a0: sellerie Sensico, phares full LED, kit carrosserie ST-Line V avec inserts chrom\u00e9s, etc.<\/li>\n<\/ul>\n<h3 style=\"text-align: justify;\">Quel Opel Mokka choisir\u00a0?<\/h3>\n<p style=\"text-align: justify;\">Cinq finitions sont disponibles pour l\u2019Opel Mokka. La version de base d\u00e9bute \u00e0 partir de 22\u00a0750 \u20ac avec le niveau de finition Edition. Disponible avec le moteur 1.2 Turbo 100 ch, le v\u00e9hicule dispose de feux LED \u00e0 l&rsquo;avant et \u00e0 la partie arri\u00e8re, d\u2019une climatisation manuelle, des r\u00e9troviseurs \u00e9lectriques. Il embarque \u00e9galement quelques syst\u00e8mes d\u2019aide \u00e0 la conduite\u00a0: r\u00e9gulateur et limiteur de vitesse, reconnaissance des panneaux, etc.<\/p>\n<p style=\"text-align: justify;\">Pour 1\u00a0650 \u20ac environ, il est possible d\u2019acqu\u00e9rir l\u2019Opel Mokka Elegance. Cette fois-ci, la climatisation est automatique et les r\u00e9tros sont d\u00e9givrants. Les man\u0153uvres dans les parkings sont aussi facilit\u00e9es gr\u00e2ce \u00e0 une cam\u00e9ra de recul 180\u00b0. Il est \u00e0 noter que la version Elegance Business est accessible \u00e0 25\u00a0700 \u20ac.<\/p>\n<p style=\"text-align: justify;\">Pour avoir une version haut de gamme de l\u2019Opel Mokka, les acheteurs ont le choix entre les finitions GS Line et Ultimate accessibles \u00e0 partir de 25\u00a0250 \u20ac et 30\u00a0050 \u20ac.<\/p>\n<h3 style=\"text-align: justify;\">\u00c0 LIRE \u00c9GALEMENT<\/h3>\n<p style=\"text-align: justify;\"><a href=\"https:\/\/www.bymycar.fr\/webzine\/quel-est-le-prix-dune-opel-electrique\/\">Quel est le prix d&rsquo;une opel \u00e9lectrique ?<\/a><\/p>\n<p style=\"text-align: justify;\"><a href=\"https:\/\/www.bymycar.fr\/webzine\/modeles-opel-tous-les-vehicules-de-la-gamme\/\">Mod\u00e8les Opel : Tous les v\u00e9hicules de la gamme<\/a><\/p>\n<p style=\"text-align: justify;\"><a href=\"https:\/\/www.bymycar.fr\/webzine\/opel-courroie-de-distribution-ou-chaine\/\">Opel : Courroie de distribution ou chaine ?<\/a><\/p>\n<p style=\"text-align: justify;\"><a href=\"https:\/\/www.bymycar.fr\/webzine\/opel-origine-et-histoire-de-la-marque\/\">Opel : Origine et histoire de la marque<\/a><\/p>\n<p style=\"text-align: justify;\"><a href=\"https:\/\/www.bymycar.fr\/webzine\/que-veut-dire-opel\/\">Que veut dire opel ?<\/a><\/p>\n<p style=\"text-align: justify;\"><a href=\"https:\/\/www.bymycar.fr\/webzine\/que-veut-dire-opc-chez-opel\/\">Que veut dire opc chez opel ?<\/a><\/p>\n<p style=\"text-align: justify;\"><a href=\"https:\/\/www.bymycar.fr\/webzine\/a-qui-appartient-opel\/\">A\u00a0qui appartient opel ?<\/a><\/p>\n<p style=\"text-align: justify;\"><a href=\"https:\/\/www.bymycar.fr\/webzine\/opel-ou-peugeot-quelle-marque-est-faite-pour-vous\/\">Opel ou peugeot : quelle marque est faite pour vous ?<\/a><\/p>\n<p style=\"text-align: justify;\"><a href=\"https:\/\/www.bymycar.fr\/webzine\/le-logo-dopel-histoire-et-signification\/\">Le logo d\u2019Opel, histoire et signification<\/a><\/p>\n<p style=\"text-align: justify;\"><a href=\"https:\/\/www.bymycar.fr\/webzine\/quel-moteur-opel-sur-quel-vehicule\/\">Quels moteurs Opel sur quels v\u00e9hicules ?<\/a><\/p>\n","titre":"Texte 1","image":false,"image_libre":false,"image_800x500":false,"legende":"","zoom":false,"texte":"","articles":false,"categorie_droite":false,"images":false,"elements_comparatif":false,"texte_1":"","texte_2":"","image_1":false,"image_1_563x400":false,"image_1_332x332":false,"image_2":false,"image_2_333x240":false,"image_2_563x400":false,"image_3":false,"image_3_333x240":false,"image_3_332x450":false,"image_4":false,"image_4_332x332":false,"image_4_563x400":false,"code_embed":"","legende_video":"","photo":false,"photo_100x100":false,"nom":"","fonction":"","elements_timeline":false,"entetes_colonnes":false,"entetes_lignes":false,"lignes":false,"introduction":"","formulaire":false,"question":"","reponse":"","libelle_bouton_lien":"","url_lien":"","questions":false,"conclusions":false,"pays":false,"region":false,"marque":false,"marqueConcessions":false,"modele":false,"ptvente":false,"typeV":false,"collection":false,"nombre_maximum_elements":10,"lien_fin_carousel":"","texte_lien_fin_carousel":"","trier_par":false},{"type_strate":"carousel-produits","ancre":"","contenu":"","titre":"Voir nos v\u00e9hicules Opel en stock","image":false,"image_libre":false,"image_800x500":false,"legende":"","zoom":false,"texte":"","articles":false,"categorie_droite":false,"images":false,"elements_comparatif":false,"texte_1":"","texte_2":"","image_1":false,"image_1_563x400":false,"image_1_332x332":false,"image_2":false,"image_2_333x240":false,"image_2_563x400":false,"image_3":false,"image_3_333x240":false,"image_3_332x450":false,"image_4":false,"image_4_332x332":false,"image_4_563x400":false,"code_embed":"","legende_video":"","photo":false,"photo_100x100":false,"nom":"","fonction":"","elements_timeline":false,"entetes_colonnes":false,"entetes_lignes":false,"lignes":false,"introduction":"","formulaire":false,"question":"","reponse":"","libelle_bouton_lien":"","url_lien":"","questions":false,"conclusions":false,"pays":"1","region":"","marque":"4","marqueConcessions":false,"modele":"","ptvente":"","typeV":"VO","collection":"","nombre_maximum_elements":"10","lien_fin_carousel":"https:\/\/www.bymycar.fr\/rechercher-un-vehicule?prod_VEHICLES%5BrefinementList%5D%5Bbrand%5D%5B0%5D=OPEL","texte_lien_fin_carousel":"Voir plus de v\u00e9hicules","trier_par":""}],"is_old_post":false,"image":{"ID":30778,"id":30778,"title":"ford-ou-opel","filename":"ford-ou-opel.jpg","filesize":1,"url":"https:\/\/cdn.bymycar.eu\/fr-webzine\/wp-content\/uploads\/medias\/ford-ou-opel.jpg","link":"https:\/\/www.bymycar.fr\/webzine\/ford-ou-opel-quelle-marque-est-faite-pour-vous\/ford-ou-opel\/","alt":"","author":"9","description":"","caption":"","name":"ford-ou-opel","status":"inherit","uploaded_to":30775,"date":"2022-06-22 09:30:12","modified":"2022-06-22 09:30:12","menu_order":0,"mime_type":"image\/jpeg","type":"image","subtype":"jpeg","icon":"https:\/\/www.bymycar.fr\/webzine\/wp-includes\/images\/media\/default.png","width":750,"height":410,"sizes":{"thumbnail":"https:\/\/cdn.bymycar.eu\/fr-webzine\/wp-content\/uploads\/medias\/ford-ou-opel-150x150.jpg","thumbnail-width":150,"thumbnail-height":150,"medium":"https:\/\/cdn.bymycar.eu\/fr-webzine\/wp-content\/uploads\/medias\/ford-ou-opel-300x164.jpg","medium-width":300,"medium-height":164,"medium_large":"https:\/\/cdn.bymycar.eu\/fr-webzine\/wp-content\/uploads\/medias\/ford-ou-opel.jpg","medium_large-width":750,"medium_large-height":410,"large":"https:\/\/cdn.bymycar.eu\/fr-webzine\/wp-content\/uploads\/medias\/ford-ou-opel.jpg","large-width":750,"large-height":410,"1536x1536":"https:\/\/cdn.bymycar.eu\/fr-webzine\/wp-content\/uploads\/medias\/ford-ou-opel.jpg","1536x1536-width":750,"1536x1536-height":410,"2048x2048":"https:\/\/cdn.bymycar.eu\/fr-webzine\/wp-content\/uploads\/medias\/ford-ou-opel.jpg","2048x2048-width":750,"2048x2048-height":410}},"page_content":{"block_content":[{"acf_fc_layout":"text-simple","--nav":{"-withNav":false,"-ancre":""},"--group":{"-text":"<p>Vous h\u00e9sitez entre <a href=\"https:\/\/www.bymycar.fr\/v\/ford-occasion\">Ford<\/a> ou <a href=\"https:\/\/www.bymycar.fr\/v\/opel-occasion\">Opel<\/a> pour votre prochain v\u00e9hicule ? Ces deux constructeurs embl\u00e9matiques de l&rsquo;industrie automobile europ\u00e9enne proposent des approches compl\u00e9mentaires en mati\u00e8re d&rsquo;innovation et de motorisation. Chaque marque se distingue par une gamme compl\u00e8te allant des citadines dynamiques aux berlines compactes \u00e9l\u00e9gantes, en passant par <a href=\"https:\/\/www.bymycar.fr\/v\/suv-occasion\">des SUV polyvalents<\/a>. Cette comparaison vous permet d&rsquo;explorer des d\u00e9cennies d&rsquo;expertise technique et d&rsquo;\u00e9volutions pens\u00e9es pour r\u00e9pondre parfaitement aux besoins des conducteurs d&rsquo;aujourd&rsquo;hui.<\/p>\n<p><strong>Ce qu&rsquo;il faut retenir<\/strong><\/p>\n<ul>\n<li><strong>Ford privil\u00e9gie la conduite dynamique<\/strong> : avec ses technologies BlueCruise, ses motorisations EcoBoost performantes et ses syst\u00e8mes de contr\u00f4le vectoriel du couple, Ford s&rsquo;adresse aux conducteurs recherchant des sensations au volant et une exp\u00e9rience de conduite sportive ;<\/li>\n<li><strong>Opel mise sur la praticit\u00e9 au quotidien<\/strong> : gr\u00e2ce \u00e0 ses solutions modulaires, son design moderne avec le Pure Panel, ses versions \u00e9lectriques et son excellent rapport \u00e9quipement-prix, Opel convient parfaitement aux familles et aux utilisateurs privil\u00e9giant le confort et la fonctionnalit\u00e9 ;<\/li>\n<li><strong>Les deux marques offrent une fiabilit\u00e9 comparable<\/strong> : Ford avec sa garantie 3 ans extensible \u00e0 5 ans et Opel avec sa garantie exceptionnelle jusqu&rsquo;\u00e0 8 ans, chaque constructeur propose des v\u00e9hicules fiables adapt\u00e9s \u00e0 des profils d&rsquo;utilisateurs compl\u00e9mentaires.<\/li>\n<\/ul>\n"}},{"acf_fc_layout":"carousel-produits"},{"acf_fc_layout":"text-simple","--nav":{"-withNav":false,"-ancre":""},"--group":{"-text":"<h2>Approche technique et innovations \u00e9lectriques<\/h2>\n<p>Ford et Opel se distinguent par leurs avanc\u00e9es technologiques qui transforment l&rsquo;exp\u00e9rience de conduite moderne. Ces deux constructeurs europ\u00e9ens adoptent des approches diff\u00e9rentes mais compl\u00e9mentaires pour r\u00e9pondre aux d\u00e9fis de la mobilit\u00e9 \u00e9lectrique et connect\u00e9e.<\/p>\n<h3>Technologies de conduite et aides embarqu\u00e9es chez Ford<\/h3>\n<p>L&rsquo;innovation est inscrite dans l&rsquo;ADN de Ford depuis l&rsquo;introduction de la production \u00e0 la cha\u00eene. Aujourd&rsquo;hui, le constructeur am\u00e9ricain se d\u00e9marque par son syst\u00e8me BlueCruise, une technologie de conduite semi-autonome permettant de rouler \u00ab mains libres \u00bb sur autoroute. Cette innovation, disponible sur la Mustang Mach-E, repr\u00e9sente une avanc\u00e9e majeure en Europe. Ford excelle \u00e9galement dans le d\u00e9veloppement du contr\u00f4le \u00e9lectronique de suspension \u00ab Continuously Controlled Damping \u00bb, qui optimise le confort et la tenue de route. La marque d\u00e9mocratise l&rsquo;acc\u00e8s aux v\u00e9hicules \u00e9lectriques avec des mod\u00e8les comme la <a href=\"https:\/\/www.bymycar.fr\/v\/ford-fiesta-occasion\">Ford Fiesta<\/a>, le\u00a0<a href=\"https:\/\/www.bymycar.fr\/v\/ford-puma-occasion\">Ford Puma<\/a> et la <a href=\"https:\/\/www.bymycar.fr\/v\/mustang-mach-e-occasion\">Mustang Mach-E<\/a>, tout en int\u00e9grant des syst\u00e8mes de connectivit\u00e9 avanc\u00e9s compatibles Android Auto et Apple CarPlay sur l&rsquo;ensemble de sa gamme.<\/p>\n<h3>Innovations modulaires et connect\u00e9es chez Opel<\/h3>\n<p>Opel privil\u00e9gie une approche centr\u00e9e sur la modularit\u00e9 et les solutions pratiques au quotidien. La marque allemande a d\u00e9velopp\u00e9 des concepts innovants comme les assises modulaires Flex7, r\u00e9volutionnant le segment des monospaces. Aujourd&rsquo;hui, Opel mise sur l&rsquo;\u00e9lectrification avec des mod\u00e8les comme l&rsquo;<a href=\"https:\/\/www.bymycar.fr\/v\/opel-corsa-electrique-occasion\">Opel Corsa Electric<\/a> et l&rsquo;<a href=\"https:\/\/www.bymycar.fr\/v\/opel-mokka-electrique-occasion\">Opel Mokka Electric<\/a>, \u00e9quip\u00e9s du syst\u00e8me OpelConnect qui facilite la gestion des trajets et de la recharge. Le Pure Panel, tableau de bord num\u00e9rique pr\u00e9sent dans les nouveaux mod\u00e8les, offre une interface \u00e9pur\u00e9e avec des informations essentielles \u00e0 la conduite. Les v\u00e9hicules Opel b\u00e9n\u00e9ficient \u00e9galement d&rsquo;une connectivit\u00e9 compl\u00e8te avec cam\u00e9ra de recul et compatibilit\u00e9 Apple CarPlay et Android Auto, refl\u00e9tant l&rsquo;esprit d&rsquo;ing\u00e9nierie allemande ax\u00e9 sur l&rsquo;ergonomie et la durabilit\u00e9.<\/p>\n<table>\n<thead>\n<tr>\n<th>Technologies cl\u00e9s<\/th>\n<th>Ford<\/th>\n<th>Opel<\/th>\n<\/tr>\n<\/thead>\n<tbody>\n<tr>\n<td>Conduite assist\u00e9e<\/td>\n<td>BlueCruise (mains libres)<\/td>\n<td>OpelConnect avec planificateur de trajet<\/td>\n<\/tr>\n<tr>\n<td>Connectivit\u00e9<\/td>\n<td>SYNC 4 avec \u00e9cran tactile 12&Prime;<\/td>\n<td>Pure Panel avec affichage num\u00e9rique<\/td>\n<\/tr>\n<tr>\n<td>Compatibilit\u00e9<\/td>\n<td>Android Auto et Apple CarPlay<\/td>\n<td>Android Auto et Apple CarPlay<\/td>\n<\/tr>\n<\/tbody>\n<\/table>\n<h2>Gamme et caract\u00e9ristiques techniques des mod\u00e8les<\/h2>\n<h3>Citadines : Ford Fiesta vs Opel Corsa<\/h3>\n<p>La Ford Fiesta se distingue par son caract\u00e8re dynamique et sportif. Dot\u00e9e des moteurs EcoBoost reconnus pour leur performance et leur sobri\u00e9t\u00e9 (6 litres aux 100 km en moyenne), cette citadine offre un comportement routier nerveux et agile qui la rend particuli\u00e8rement amusante \u00e0 conduire. Son design moderne et ses lignes fluides lui conf\u00e8rent une allure valorisante pour une taille compacte id\u00e9ale en milieu urbain.<\/p>\n<p>L&rsquo;Opel Corsa, quant \u00e0 elle, propose une approche plus zen avec un temp\u00e9rament calme et une polyvalence au quotidien. Commercialis\u00e9e depuis 1982 et d\u00e9sormais dans sa sixi\u00e8me g\u00e9n\u00e9ration, elle s\u00e9duit par son rapport \u00e9quipement\/prix tr\u00e8s comp\u00e9titif et son habitacle bien con\u00e7u. Disponible en version \u00e9lectrique, elle offre une conduite douce et un confort remarquable pour une citadine.<\/p>\n<h3>Berlines compactes : Ford Focus vs Opel Astra<\/h3>\n<p>La <a href=\"https:\/\/www.bymycar.fr\/v\/ford-focus-occasion\">Ford Focus<\/a> incarne l&rsquo;esprit dynamique de la marque avec un ch\u00e2ssis pr\u00e9cis et des motorisations performantes. Son design distinctif et son comportement routier engag\u00e9 en font une r\u00e9f\u00e9rence pour les conducteurs recherchant une exp\u00e9rience de conduite plaisante. La Focus se d\u00e9marque \u00e9galement par ses technologies d&rsquo;aide \u00e0 la conduite avanc\u00e9es et son syst\u00e8me multim\u00e9dia intuitif.<\/p>\n<p>L&rsquo;<a href=\"https:\/\/www.bymycar.fr\/v\/opel-astra-occasion\">Opel Astra<\/a> impressionne par son design moderne et sa qualit\u00e9 de fabrication. Disponible en versions hybride rechargeable et \u00e9lectrique, elle offre un excellent compromis entre confort et comportement routier. Son volume de coffre g\u00e9n\u00e9reux et son habitacle bien agenc\u00e9 en font une compagne id\u00e9ale pour les familles.<\/p>\n<table>\n<thead>\n<tr>\n<th>Atout Ford<\/th>\n<th>Atout Opel<\/th>\n<\/tr>\n<\/thead>\n<tbody>\n<tr>\n<td>Comportement routier dynamique<\/td>\n<td>Design moderne et \u00e9pur\u00e9<\/td>\n<\/tr>\n<tr>\n<td>Motorisations EcoBoost efficientes<\/td>\n<td>Disponibilit\u00e9 en version \u00e9lectrique<\/td>\n<\/tr>\n<tr>\n<td>Technologies d&rsquo;aide \u00e0 la conduite<\/td>\n<td>Volume de coffre g\u00e9n\u00e9reux<\/td>\n<\/tr>\n<\/tbody>\n<\/table>\n<h3>SUV compacts : Ford Puma vs Opel Mokka<\/h3>\n<p>Le Ford Puma, commercialis\u00e9 depuis 2020, est rapidement devenu un mod\u00e8le phare de la gamme. Ce SUV compact de 4,19 m\u00e8tres se distingue par son allure sportive et ses phares expressifs \u00e9voquant la Ford GT. Son atout majeur : le \u00ab MegaBox \u00bb, un compartiment suppl\u00e9mentaire sous le plancher du coffre qui augmente consid\u00e9rablement sa capacit\u00e9 de chargement. Sa motorisation mild-hybrid offre un excellent compromis entre performance et sobri\u00e9t\u00e9.<\/p>\n<p>L&rsquo;Opel Mokka, avec ses 4,15 m\u00e8tres de longueur, pr\u00e9sente un design audacieux qui incarne le renouveau stylistique de la marque. Son tableau de bord digital \u00ab Pure Panel \u00bb et son habitacle moderne cr\u00e9ent une ambiance technologique tr\u00e8s r\u00e9ussie. Disponible en version 100 % \u00e9lectrique, il offre une conduite silencieuse et agr\u00e9able en ville, tout en conservant un gabarit compact id\u00e9al pour les man\u0153uvres urbaines.<\/p>\n<h2>Choisir selon vos besoins sp\u00e9cifiques<\/h2>\n<h3>Conduite dynamique et plaisir au volant<\/h3>\n<p>Pour les conducteurs en qu\u00eate d&rsquo;une exp\u00e9rience de conduite dynamique, Ford se distingue par plusieurs atouts qui transforment chaque trajet en moment de plaisir.<\/p>\n<p>Parmi ces atouts, nous retrouvons :<\/p>\n<ul>\n<li>Une technologie de contr\u00f4le vectoriel du couple qui optimise l&rsquo;adh\u00e9rence et la tenue de route, vous permettant d&rsquo;aborder les virages avec une confiance totale ;<\/li>\n<li>Une direction adaptative proposant deux r\u00e9glages distincts : un mode normal pour la conduite quotidienne et un mode sport pour une exp\u00e9rience plus r\u00e9active et gratifiante ;<\/li>\n<li>Des suspensions \u00e0 contr\u00f4le \u00e9lectronique \u00ab Continuously Controlled Damping \u00bb qui s&rsquo;adaptent instantan\u00e9ment \u00e0 votre style de conduite ;<\/li>\n<li>Des jantes en alliage sp\u00e9cifiquement con\u00e7ues et test\u00e9es pour chaque mod\u00e8le, rehaussant \u00e0 la fois l&rsquo;esth\u00e9tique et les performances dynamiques ;<\/li>\n<li>Un syst\u00e8me BlueCruise, technologie de conduite \u00ab mains libres \u00bb disponible sur certains mod\u00e8les comme la Mustang Mach-E, rendant la conduite plus agr\u00e9able et moins stressante ;<\/li>\n<li>Des motorisations EcoBoost alliant performances et efficience \u00e9nerg\u00e9tique pour un plaisir de conduite responsable.<\/li>\n<\/ul>\n<p>Ces caract\u00e9ristiques font de Ford le choix id\u00e9al pour les conducteurs privil\u00e9giant les sensations au volant.<\/p>\n<h3>Modularit\u00e9 et fonctionnalit\u00e9s du quotidien<\/h3>\n<p>Opel excelle dans l&rsquo;art de faciliter votre vie quotidienne gr\u00e2ce \u00e0 des solutions pratiques et une modularit\u00e9 exemplaire.<\/p>\n<p>Nous retrouvons parmi ces solutions :<\/p>\n<ul>\n<li>Des habitacles parfaitement modulables avec configurations flexibles des si\u00e8ges, id\u00e9ales pour les familles et les professionnels ayant besoin d&rsquo;adapter l&rsquo;espace ;<\/li>\n<li>Des syst\u00e8mes multim\u00e9dias modernes avec \u00e9crans tactiles compatibles Apple CarPlay et Android Auto pour rester connect\u00e9 en toute circonstance ;<\/li>\n<li>Des rangements astucieux r\u00e9partis dans tout l&rsquo;habitacle, permettant d&rsquo;organiser efficacement vos objets du quotidien ;<\/li>\n<li>Des options de confort comme le volant chauffant, la climatisation automatique et les si\u00e8ges ergonomiques qui transforment chaque trajet en moment agr\u00e9able ;<\/li>\n<li>Une connectivit\u00e9 embarqu\u00e9e compl\u00e8te qui facilite vos d\u00e9placements professionnels avec une int\u00e9gration parfaite de vos appareils mobiles.<\/li>\n<\/ul>\n<p>Ces caract\u00e9ristiques font d&rsquo;Opel un choix judicieux pour ceux qui recherchent avant tout praticit\u00e9 et besoins sp\u00e9cifiques au quotidien.<\/p>\n<p>Quel que soit votre choix entre ces deux marques, nos conseillers BYmyCAR sont \u00e0 votre disposition pour vous accompagner dans la s\u00e9lection du v\u00e9hicule parfaitement adapt\u00e9 \u00e0 vos besoins sp\u00e9cifiques.<\/p>\n<h2>Fiabilit\u00e9 et garanties constructeur<\/h2>\n<h3>Programmes de garantie Ford<\/h3>\n<p>Ford d\u00e9montre son engagement qualit\u00e9 avec un programme de garantie complet pour tous ses v\u00e9hicules. Chaque voiture neuve b\u00e9n\u00e9ficie d&rsquo;une garantie constructeur de 3 ans ou 100 000 km, t\u00e9moignant de la confiance de la marque dans ses produits. Le programme Ford Protect permet d&rsquo;\u00e9tendre cette protection jusqu&rsquo;\u00e0 5 ans, offrant une tranquillit\u00e9 d&rsquo;esprit suppl\u00e9mentaire pour votre v\u00e9hicule. L&rsquo;assistance routi\u00e8re Ford est \u00e9galement incluse, avec une couverture g\u00e9ographique \u00e9tendue dans toute l&rsquo;Europe, disponible 24h\/24 et 7j\/7. Ces garanties, conformes au cycle WLTP, repr\u00e9sentent le meilleur choix pour les conducteurs exigeants.<\/p>\n<h3>Engagement qualit\u00e9 Opel<\/h3>\n<p>Opel se distingue par son engagement qualit\u00e9 exceptionnel avec sa \u00ab Garantie Sp\u00e9ciale \u00bb permettant d&rsquo;\u00e9tendre la protection jusqu&rsquo;\u00e0 8 ans ou 160 000 km. Cette garantie s&rsquo;active automatiquement \u00e0 chaque entretien r\u00e9alis\u00e9 dans le r\u00e9seau agr\u00e9\u00e9 Opel, couvrant les pi\u00e8ces m\u00e9caniques et \u00e9lectriques ainsi que la main-d&rsquo;\u0153uvre. Ce programme t\u00e9moigne de la confiance d&rsquo;Opel dans la fiabilit\u00e9 de ses mod\u00e8les, y compris l&rsquo;Opel Astra qui repr\u00e9sente parfaitement cette philosophie. Nos conseillers BYmyCAR vous accompagnent pour optimiser cette garantie et vous proposer un suivi personnalis\u00e9 adapt\u00e9 \u00e0 votre utilisation, qu&rsquo;elle soit quotidienne ou intensive.<\/p>\n<h2>Questions fr\u00e9quentes sur Ford ou Opel<\/h2>\n<h3>Ford est-elle une marque fiable ?<\/h3>\n<p>Ford se positionne dans la moyenne haute des constructeurs en mati\u00e8re de fiabilit\u00e9. Les moteurs EcoBoost sont reconnus pour leur efficacit\u00e9 et leur durabilit\u00e9, tandis que les syst\u00e8mes \u00e9lectroniques b\u00e9n\u00e9ficient d&rsquo;une conception robuste. Les \u00e9tudes r\u00e9centes confirment cette tendance positive, particuli\u00e8rement sur les mod\u00e8les comme le Puma et la Focus. Pour vous accompagner dans le choix d&rsquo;un v\u00e9hicule Ford fiable, nos conseillers BYmyCAR sont \u00e0 votre disposition pour vous orienter vers les mod\u00e8les les plus adapt\u00e9s \u00e0 vos besoins.<\/p>\n<h3>Ford poss\u00e8de-t-il Opel ?<\/h3>\n<p>Non, Ford et Opel appartiennent \u00e0 des groupes distincts. Ford Motor Company reste un constructeur ind\u00e9pendant d&rsquo;origine am\u00e9ricaine, tandis qu&rsquo;Opel fait partie du groupe Stellantis depuis 2017, apr\u00e8s avoir appartenu \u00e0 General Motors pendant pr\u00e8s de 90 ans. Cette acquisition par Stellantis (issu de la fusion entre PSA et FCA) a permis \u00e0 Opel de b\u00e9n\u00e9ficier de nouvelles technologies et plateformes partag\u00e9es. Nos conseillers BYmyCAR vous pr\u00e9senteront les sp\u00e9cificit\u00e9s de chaque constructeur pour vous guider dans votre choix automobile.<\/p>\n<h3>Opel est-elle une bonne marque ?<\/h3>\n<p>Opel s&rsquo;impose comme une marque de qualit\u00e9 offrant un excellent rapport \u00e9quipement-prix. Son appartenance au groupe Stellantis lui permet d&rsquo;acc\u00e9der \u00e0 des technologies avanc\u00e9es tout en conservant l&rsquo;esprit d&rsquo;ing\u00e9nierie allemande qui la caract\u00e9rise. Les r\u00e9cents mod\u00e8les comme l&rsquo;Astra et le Mokka se distinguent par leur design moderne et leurs finitions soign\u00e9es. La marque a \u00e9galement \u00e9t\u00e9 r\u00e9compens\u00e9e pour ses innovations en mati\u00e8re de confort et de s\u00e9curit\u00e9. Nos \u00e9quipes BYmyCAR vous feront d\u00e9couvrir tous les atouts des v\u00e9hicules Opel.<\/p>\n<h3>Ford Fiesta ou Opel Corsa : quel mod\u00e8le choisir ?<\/h3>\n<p>La Ford Fiesta s\u00e9duit par son comportement dynamique et ses moteurs EcoBoost performants et \u00e9conomiques. Plus agile en conduite sportive, elle offre \u00e9galement une meilleure sobri\u00e9t\u00e9 (6 litres aux 100 km contre 6,5 pour la Corsa). L&rsquo;Opel Corsa, quant \u00e0 elle, propose un habitacle plus accueillant, un confort sup\u00e9rieur et un syst\u00e8me d&rsquo;infodivertissement intuitif. Son design ext\u00e9rieur est \u00e9galement plus moderne. Pour d\u00e9terminer le mod\u00e8le qui correspond le mieux \u00e0 votre profil, venez essayer ces deux citadines chez BYmyCAR.<\/p>\n<h3>Ford Focus ou Opel Astra : laquelle privil\u00e9gier ?<\/h3>\n<p>La Ford Focus se distingue par son comportement routier pr\u00e9cis et son agr\u00e9ment de conduite sup\u00e9rieur, fid\u00e8le \u00e0 l&rsquo;ADN dynamique de la marque. Ses moteurs EcoBoost offrent un excellent compromis performances\/consommation. L&rsquo;Opel Astra impressionne par son habitacle moderne, ses technologies embarqu\u00e9es et son confort de suspension. Les deux berlines pr\u00e9sentent une fiabilit\u00e9 comparable, mais l&rsquo;Astra propose g\u00e9n\u00e9ralement un \u00e9quipement plus complet \u00e0 prix \u00e9quivalent. Pour vous aider dans votre d\u00e9cision, nos conseillers BYmyCAR vous proposeront des essais comparatifs.<\/p>\n<h3>Ford Puma ou Opel Mokka : quel SUV choisir ?<\/h3>\n<p>Le Ford Puma se d\u00e9marque par sa praticit\u00e9 avec un coffre plus volumineux (456 litres contre 350 pour le Mokka) et une meilleure habitabilit\u00e9 aux places arri\u00e8re. Son comportement routier dynamique et son limiteur de vitesse intelligent en font un compagnon id\u00e9al au quotidien. L&rsquo;Opel Mokka s\u00e9duit par son design distinctif, son tableau de bord num\u00e9rique innovant et son \u00e9quipement de s\u00e9rie plus g\u00e9n\u00e9reux. Les deux SUV proposent des motorisations efficientes et des aides \u00e0 la conduite modernes. Venez d\u00e9couvrir ces deux mod\u00e8les dans nos concessions BYmyCAR.<\/p>\n<h2>Pour aller plus loin avec BYmyCAR<\/h2>\n<p>Vous souhaitez d\u00e9couvrir par vous-m\u00eame les performances d&rsquo;un mod\u00e8le Ford ou Opel ? Nos conseillers BYmyCAR sont \u00e0 votre disposition pour organiser un essai personnalis\u00e9 ou vous pr\u00e9senter nos solutions de financement en LOA adapt\u00e9es \u00e0 vos besoins.<\/p>\n<h3>\u00c0 lire \u00e9galement :<\/h3>\n<ul>\n<li><a href=\"https:\/\/www.bymycar.fr\/webzine\/quel-est-le-prix-dune-opel-electrique\/\">Quel est le prix d\u2019une opel \u00e9lectrique ?<\/a><\/li>\n<li><a href=\"https:\/\/www.bymycar.fr\/webzine\/modeles-opel-tous-les-vehicules-de-la-gamme\/\">Mod\u00e8les Opel : Tous les v\u00e9hicules de la gamme<\/a><\/li>\n<li><a href=\"https:\/\/www.bymycar.fr\/webzine\/opel-courroie-de-distribution-ou-chaine\/\">Opel : Courroie de distribution ou chaine ?<\/a><\/li>\n<li><a href=\"https:\/\/www.bymycar.fr\/webzine\/opel-origine-et-histoire-de-la-marque\/\">Opel : Origine et histoire de la marque<\/a><\/li>\n<li><a href=\"https:\/\/www.bymycar.fr\/webzine\/que-veut-dire-opel\/\">Que veut dire opel ?<\/a><\/li>\n<li><a href=\"https:\/\/www.bymycar.fr\/webzine\/que-veut-dire-opc-chez-opel\/\">Que veut dire opc chez opel ?<\/a><\/li>\n<li><a href=\"https:\/\/www.bymycar.fr\/webzine\/a-qui-appartient-opel\/\">A qui appartient opel ?<\/a><\/li>\n<li><a href=\"https:\/\/www.bymycar.fr\/webzine\/opel-ou-peugeot-quelle-marque-est-faite-pour-vous\/\">Opel ou peugeot : quelle marque est faite pour vous ?<\/a><\/li>\n<li><a href=\"https:\/\/www.bymycar.fr\/webzine\/le-logo-dopel-histoire-et-signification\/\">Le logo d\u2019Opel, histoire et signification<\/a><\/li>\n<li><a href=\"https:\/\/www.bymycar.fr\/webzine\/quel-moteur-opel-sur-quel-vehicule\/\">Quels moteurs Opel sur quels v\u00e9hicules ?<\/a><\/li>\n<\/ul>\n<h3>Sources :<\/h3>\n<ul>\n<li><a href=\"https:\/\/www.ford.fr\/\" target=\"_blank\" rel=\"noopener\">Le Site Officiel de Ford France | Ford FR<\/a><\/li>\n<li><a href=\"https:\/\/www.autodiscount.fr\/fiche-technique\/ford\" target=\"_blank\" rel=\"noopener\">Fiche technique Ford : Voiture neuve Autodiscount<\/a><\/li>\n<li><a href=\"https:\/\/www.media.stellantis.com\/em-en\/opel\/press\/olympic-level-innovations-even-more-hidden-treasures-from-160-years-of-opel-history\" target=\"_blank\" rel=\"noopener\">Olympic Level Innovations: Even More Hidden Treasures from 160 Years of Opel History<\/a><\/li>\n<li><a href=\"https:\/\/www.popularmechanics.com\/cars\/a3658\/4284734\/\" target=\"_blank\" rel=\"noopener\">Top 10 Ford Model T Tech Innovations That Matter 100 Years Later<\/a><\/li>\n<li><a href=\"https:\/\/media.ronalgroup.com\/en\/press-release\/opel-experimental-concept-car-relies-on-wheels-with-ronal-technology\/\" target=\"_blank\" rel=\"noopener\">Opel Experimental concept car relies on wheels with RONAL &#8230;<\/a><\/li>\n<li><a href=\"https:\/\/www.autoplus.fr\/occasion\/fiabilite-le-barometre-des-constructeurs-auto-par-marque-320301.html\" target=\"_blank\" rel=\"noopener\">Fiabilit\u00e9 : le barom\u00e8tre des constructeurs auto par marque<\/a><\/li>\n<li><a href=\"https:\/\/matscarlux.fr\/blogs\/articles\/les-10-marques-de-voiture-les-moins-fiables-en-2022\" target=\"_blank\" rel=\"noopener\">Les voitures peu fiables 2022 | Rapports et commentaires<\/a><\/li>\n<li><a href=\"https:\/\/www.mohawkford.com\/check-out-these-innovations-from-ford-motor-company\/\" target=\"_blank\" rel=\"noopener\">Check Out These Innovations from Ford Motor Company<\/a><\/li>\n<li><a href=\"https:\/\/www.willisford.com\/fords-legacy-of-innovation-milestones.htm\" target=\"_blank\" rel=\"noopener\">Ford&rsquo;s Legacy of Innovation Smyrna DE | Key Milestones in &#8230;<\/a><\/li>\n<\/ul>\n"}}]},"add-to-bo":false,"add-carousel-to-footer":true},"yoast_head":"<!-- This site is optimized with the Yoast SEO Premium plugin v26.4 (Yoast SEO v26.4) - https:\/\/yoast.com\/wordpress\/plugins\/seo\/ -->\n<title>Ford ou Opel : quelle marque est faite pour vous ?<\/title>\n<meta name=\"robots\" content=\"index, follow, max-snippet:-1, max-image-preview:large, max-video-preview:-1\" \/>\n<link rel=\"canonical\" href=\"https:\/\/www.bymycar.fr\/webzine\/ford-ou-opel-quelle-marque-est-faite-pour-vous\/\" \/>\n<meta property=\"og:locale\" content=\"fr_FR\" \/>\n<meta property=\"og:type\" content=\"article\" \/>\n<meta property=\"og:title\" content=\"Ford ou Opel : quelle marque est faite pour vous ?\" \/>\n<meta property=\"og:url\" content=\"https:\/\/www.bymycar.fr\/webzine\/ford-ou-opel-quelle-marque-est-faite-pour-vous\/\" \/>\n<meta property=\"og:site_name\" content=\"Webzine auto BYmyCAR\" \/>\n<meta property=\"article:published_time\" content=\"2022-06-28T08:05:12+00:00\" \/>\n<meta property=\"article:modified_time\" content=\"2025-12-01T09:25:17+00:00\" \/>\n<meta property=\"og:image\" content=\"https:\/\/cdn.bymycar.eu\/fr-webzine\/wp-content\/uploads\/medias\/ford-ou-opel.jpg\" \/>\n\t<meta property=\"og:image:width\" content=\"750\" \/>\n\t<meta property=\"og:image:height\" content=\"410\" \/>\n\t<meta property=\"og:image:type\" content=\"image\/jpeg\" \/>\n<meta name=\"author\" content=\"Gregoire LE BIHAN\" \/>\n<meta name=\"twitter:card\" content=\"summary_large_image\" \/>\n<meta name=\"twitter:label1\" content=\"\u00c9crit par\" \/>\n\t<meta name=\"twitter:data1\" content=\"Gregoire LE BIHAN\" \/>\n\t<meta name=\"twitter:label2\" content=\"Dur\u00e9e de lecture estim\u00e9e\" \/>\n\t<meta name=\"twitter:data2\" content=\"1 minute\" \/>\n<script type=\"application\/ld+json\" class=\"yoast-schema-graph\">{\"@context\":\"https:\/\/schema.org\",\"@graph\":[{\"@type\":\"Article\",\"@id\":\"https:\/\/www.bymycar.fr\/webzine\/ford-ou-opel-quelle-marque-est-faite-pour-vous\/#article\",\"isPartOf\":{\"@id\":\"https:\/\/www.bymycar.fr\/webzine\/ford-ou-opel-quelle-marque-est-faite-pour-vous\/\"},\"author\":{\"name\":\"Gregoire LE BIHAN\",\"@id\":\"https:\/\/www.bymycar.fr\/webzine\/#\/schema\/person\/8c56906440ec126868bd40232b3445f0\"},\"headline\":\"Ford ou Opel : quelle marque est faite pour vous ?\",\"datePublished\":\"2022-06-28T08:05:12+00:00\",\"dateModified\":\"2025-12-01T09:25:17+00:00\",\"mainEntityOfPage\":{\"@id\":\"https:\/\/www.bymycar.fr\/webzine\/ford-ou-opel-quelle-marque-est-faite-pour-vous\/\"},\"wordCount\":9,\"publisher\":{\"@id\":\"https:\/\/www.bymycar.fr\/webzine\/#organization\"},\"image\":{\"@id\":\"https:\/\/www.bymycar.fr\/webzine\/ford-ou-opel-quelle-marque-est-faite-pour-vous\/#primaryimage\"},\"thumbnailUrl\":\"https:\/\/cdn.bymycar.eu\/fr-webzine\/wp-content\/uploads\/medias\/ford-ou-opel.jpg\",\"articleSection\":[\"Guide d'achat\",\"Guide d'achat Opel\"],\"inLanguage\":\"fr-FR\"},{\"@type\":\"WebPage\",\"@id\":\"https:\/\/www.bymycar.fr\/webzine\/ford-ou-opel-quelle-marque-est-faite-pour-vous\/\",\"url\":\"https:\/\/www.bymycar.fr\/webzine\/ford-ou-opel-quelle-marque-est-faite-pour-vous\/\",\"name\":\"Ford ou Opel : quelle marque est faite pour vous ?\",\"isPartOf\":{\"@id\":\"https:\/\/www.bymycar.fr\/webzine\/#website\"},\"primaryImageOfPage\":{\"@id\":\"https:\/\/www.bymycar.fr\/webzine\/ford-ou-opel-quelle-marque-est-faite-pour-vous\/#primaryimage\"},\"image\":{\"@id\":\"https:\/\/www.bymycar.fr\/webzine\/ford-ou-opel-quelle-marque-est-faite-pour-vous\/#primaryimage\"},\"thumbnailUrl\":\"https:\/\/cdn.bymycar.eu\/fr-webzine\/wp-content\/uploads\/medias\/ford-ou-opel.jpg\",\"datePublished\":\"2022-06-28T08:05:12+00:00\",\"dateModified\":\"2025-12-01T09:25:17+00:00\",\"breadcrumb\":{\"@id\":\"https:\/\/www.bymycar.fr\/webzine\/ford-ou-opel-quelle-marque-est-faite-pour-vous\/#breadcrumb\"},\"inLanguage\":\"fr-FR\",\"potentialAction\":[{\"@type\":\"ReadAction\",\"target\":[\"https:\/\/www.bymycar.fr\/webzine\/ford-ou-opel-quelle-marque-est-faite-pour-vous\/\"]}]},{\"@type\":\"ImageObject\",\"inLanguage\":\"fr-FR\",\"@id\":\"https:\/\/www.bymycar.fr\/webzine\/ford-ou-opel-quelle-marque-est-faite-pour-vous\/#primaryimage\",\"url\":\"https:\/\/cdn.bymycar.eu\/fr-webzine\/wp-content\/uploads\/medias\/ford-ou-opel.jpg\",\"contentUrl\":\"https:\/\/cdn.bymycar.eu\/fr-webzine\/wp-content\/uploads\/medias\/ford-ou-opel.jpg\",\"width\":750,\"height\":410},{\"@type\":\"BreadcrumbList\",\"@id\":\"https:\/\/www.bymycar.fr\/webzine\/ford-ou-opel-quelle-marque-est-faite-pour-vous\/#breadcrumb\",\"itemListElement\":[{\"@type\":\"ListItem\",\"position\":1,\"name\":\"Accueil\",\"item\":\"https:\/\/www.bymycar.fr\/webzine\/\"},{\"@type\":\"ListItem\",\"position\":2,\"name\":\"Ford ou Opel : quelle marque est faite pour vous ?\"}]},{\"@type\":\"WebSite\",\"@id\":\"https:\/\/www.bymycar.fr\/webzine\/#website\",\"url\":\"https:\/\/www.bymycar.fr\/webzine\/\",\"name\":\"Webzine auto BYmyCAR\",\"description\":\"La magazine auto de BYmyCAR\",\"publisher\":{\"@id\":\"https:\/\/www.bymycar.fr\/webzine\/#organization\"},\"potentialAction\":[{\"@type\":\"SearchAction\",\"target\":{\"@type\":\"EntryPoint\",\"urlTemplate\":\"https:\/\/www.bymycar.fr\/webzine\/?s={search_term_string}\"},\"query-input\":{\"@type\":\"PropertyValueSpecification\",\"valueRequired\":true,\"valueName\":\"search_term_string\"}}],\"inLanguage\":\"fr-FR\"},{\"@type\":\"Organization\",\"@id\":\"https:\/\/www.bymycar.fr\/webzine\/#organization\",\"name\":\"BYmyCAR\",\"url\":\"https:\/\/www.bymycar.fr\/webzine\/\",\"logo\":{\"@type\":\"ImageObject\",\"inLanguage\":\"fr-FR\",\"@id\":\"https:\/\/www.bymycar.fr\/webzine\/#\/schema\/logo\/image\/\",\"url\":\"https:\/\/cdn.bymycar.eu\/fr-webzine\/wp-content\/uploads\/medias\/2017\/08\/logo_DEALER_00000406_001.png\",\"contentUrl\":\"https:\/\/cdn.bymycar.eu\/fr-webzine\/wp-content\/uploads\/medias\/2017\/08\/logo_DEALER_00000406_001.png\",\"width\":2132,\"height\":720,\"caption\":\"BYmyCAR\"},\"image\":{\"@id\":\"https:\/\/www.bymycar.fr\/webzine\/#\/schema\/logo\/image\/\"}},{\"@type\":\"Person\",\"@id\":\"https:\/\/www.bymycar.fr\/webzine\/#\/schema\/person\/8c56906440ec126868bd40232b3445f0\",\"name\":\"Gregoire LE BIHAN\",\"image\":{\"@type\":\"ImageObject\",\"inLanguage\":\"fr-FR\",\"@id\":\"https:\/\/www.bymycar.fr\/webzine\/#\/schema\/person\/image\/\",\"url\":\"https:\/\/secure.gravatar.com\/avatar\/1356d71f3c6eed50de358ba425c9944b742a0d35f88e0d5f8afe88fdac525492?s=96&d=mm&r=g\",\"contentUrl\":\"https:\/\/secure.gravatar.com\/avatar\/1356d71f3c6eed50de358ba425c9944b742a0d35f88e0d5f8afe88fdac525492?s=96&d=mm&r=g\",\"caption\":\"Gregoire LE BIHAN\"}}]}<\/script>\n<!-- \/ Yoast SEO Premium plugin. -->","yoast_head_json":{"title":"Ford ou Opel : quelle marque est faite pour vous ?","robots":{"index":"index","follow":"follow","max-snippet":"max-snippet:-1","max-image-preview":"max-image-preview:large","max-video-preview":"max-video-preview:-1"},"canonical":"https:\/\/www.bymycar.fr\/webzine\/ford-ou-opel-quelle-marque-est-faite-pour-vous\/","og_locale":"fr_FR","og_type":"article","og_title":"Ford ou Opel : quelle marque est faite pour vous ?","og_url":"https:\/\/www.bymycar.fr\/webzine\/ford-ou-opel-quelle-marque-est-faite-pour-vous\/","og_site_name":"Webzine auto BYmyCAR","article_published_time":"2022-06-28T08:05:12+00:00","article_modified_time":"2025-12-01T09:25:17+00:00","og_image":[{"width":750,"height":410,"url":"https:\/\/cdn.bymycar.eu\/fr-webzine\/wp-content\/uploads\/medias\/ford-ou-opel.jpg","type":"image\/jpeg"}],"author":"Gregoire LE BIHAN","twitter_card":"summary_large_image","twitter_misc":{"\u00c9crit par":"Gregoire LE BIHAN","Dur\u00e9e de lecture estim\u00e9e":"1 minute"},"schema":{"@context":"https:\/\/schema.org","@graph":[{"@type":"Article","@id":"https:\/\/www.bymycar.fr\/webzine\/ford-ou-opel-quelle-marque-est-faite-pour-vous\/#article","isPartOf":{"@id":"https:\/\/www.bymycar.fr\/webzine\/ford-ou-opel-quelle-marque-est-faite-pour-vous\/"},"author":{"name":"Gregoire LE BIHAN","@id":"https:\/\/www.bymycar.fr\/webzine\/#\/schema\/person\/8c56906440ec126868bd40232b3445f0"},"headline":"Ford ou Opel : quelle marque est faite pour vous ?","datePublished":"2022-06-28T08:05:12+00:00","dateModified":"2025-12-01T09:25:17+00:00","mainEntityOfPage":{"@id":"https:\/\/www.bymycar.fr\/webzine\/ford-ou-opel-quelle-marque-est-faite-pour-vous\/"},"wordCount":9,"publisher":{"@id":"https:\/\/www.bymycar.fr\/webzine\/#organization"},"image":{"@id":"https:\/\/www.bymycar.fr\/webzine\/ford-ou-opel-quelle-marque-est-faite-pour-vous\/#primaryimage"},"thumbnailUrl":"https:\/\/cdn.bymycar.eu\/fr-webzine\/wp-content\/uploads\/medias\/ford-ou-opel.jpg","articleSection":["Guide d'achat","Guide d'achat Opel"],"inLanguage":"fr-FR"},{"@type":"WebPage","@id":"https:\/\/www.bymycar.fr\/webzine\/ford-ou-opel-quelle-marque-est-faite-pour-vous\/","url":"https:\/\/www.bymycar.fr\/webzine\/ford-ou-opel-quelle-marque-est-faite-pour-vous\/","name":"Ford ou Opel : quelle marque est faite pour vous ?","isPartOf":{"@id":"https:\/\/www.bymycar.fr\/webzine\/#website"},"primaryImageOfPage":{"@id":"https:\/\/www.bymycar.fr\/webzine\/ford-ou-opel-quelle-marque-est-faite-pour-vous\/#primaryimage"},"image":{"@id":"https:\/\/www.bymycar.fr\/webzine\/ford-ou-opel-quelle-marque-est-faite-pour-vous\/#primaryimage"},"thumbnailUrl":"https:\/\/cdn.bymycar.eu\/fr-webzine\/wp-content\/uploads\/medias\/ford-ou-opel.jpg","datePublished":"2022-06-28T08:05:12+00:00","dateModified":"2025-12-01T09:25:17+00:00","breadcrumb":{"@id":"https:\/\/www.bymycar.fr\/webzine\/ford-ou-opel-quelle-marque-est-faite-pour-vous\/#breadcrumb"},"inLanguage":"fr-FR","potentialAction":[{"@type":"ReadAction","target":["https:\/\/www.bymycar.fr\/webzine\/ford-ou-opel-quelle-marque-est-faite-pour-vous\/"]}]},{"@type":"ImageObject","inLanguage":"fr-FR","@id":"https:\/\/www.bymycar.fr\/webzine\/ford-ou-opel-quelle-marque-est-faite-pour-vous\/#primaryimage","url":"https:\/\/cdn.bymycar.eu\/fr-webzine\/wp-content\/uploads\/medias\/ford-ou-opel.jpg","contentUrl":"https:\/\/cdn.bymycar.eu\/fr-webzine\/wp-content\/uploads\/medias\/ford-ou-opel.jpg","width":750,"height":410},{"@type":"BreadcrumbList","@id":"https:\/\/www.bymycar.fr\/webzine\/ford-ou-opel-quelle-marque-est-faite-pour-vous\/#breadcrumb","itemListElement":[{"@type":"ListItem","position":1,"name":"Accueil","item":"https:\/\/www.bymycar.fr\/webzine\/"},{"@type":"ListItem","position":2,"name":"Ford ou Opel : quelle marque est faite pour vous ?"}]},{"@type":"WebSite","@id":"https:\/\/www.bymycar.fr\/webzine\/#website","url":"https:\/\/www.bymycar.fr\/webzine\/","name":"Webzine auto BYmyCAR","description":"La magazine auto de BYmyCAR","publisher":{"@id":"https:\/\/www.bymycar.fr\/webzine\/#organization"},"potentialAction":[{"@type":"SearchAction","target":{"@type":"EntryPoint","urlTemplate":"https:\/\/www.bymycar.fr\/webzine\/?s={search_term_string}"},"query-input":{"@type":"PropertyValueSpecification","valueRequired":true,"valueName":"search_term_string"}}],"inLanguage":"fr-FR"},{"@type":"Organization","@id":"https:\/\/www.bymycar.fr\/webzine\/#organization","name":"BYmyCAR","url":"https:\/\/www.bymycar.fr\/webzine\/","logo":{"@type":"ImageObject","inLanguage":"fr-FR","@id":"https:\/\/www.bymycar.fr\/webzine\/#\/schema\/logo\/image\/","url":"https:\/\/cdn.bymycar.eu\/fr-webzine\/wp-content\/uploads\/medias\/2017\/08\/logo_DEALER_00000406_001.png","contentUrl":"https:\/\/cdn.bymycar.eu\/fr-webzine\/wp-content\/uploads\/medias\/2017\/08\/logo_DEALER_00000406_001.png","width":2132,"height":720,"caption":"BYmyCAR"},"image":{"@id":"https:\/\/www.bymycar.fr\/webzine\/#\/schema\/logo\/image\/"}},{"@type":"Person","@id":"https:\/\/www.bymycar.fr\/webzine\/#\/schema\/person\/8c56906440ec126868bd40232b3445f0","name":"Gregoire LE BIHAN","image":{"@type":"ImageObject","inLanguage":"fr-FR","@id":"https:\/\/www.bymycar.fr\/webzine\/#\/schema\/person\/image\/","url":"https:\/\/secure.gravatar.com\/avatar\/1356d71f3c6eed50de358ba425c9944b742a0d35f88e0d5f8afe88fdac525492?s=96&d=mm&r=g","contentUrl":"https:\/\/secure.gravatar.com\/avatar\/1356d71f3c6eed50de358ba425c9944b742a0d35f88e0d5f8afe88fdac525492?s=96&d=mm&r=g","caption":"Gregoire LE BIHAN"}}]}},"_links":{"self":[{"href":"https:\/\/www.bymycar.fr\/webzine\/wp-json\/wp\/v2\/posts\/30775","targetHints":{"allow":["GET"]}}],"collection":[{"href":"https:\/\/www.bymycar.fr\/webzine\/wp-json\/wp\/v2\/posts"}],"about":[{"href":"https:\/\/www.bymycar.fr\/webzine\/wp-json\/wp\/v2\/types\/post"}],"author":[{"embeddable":true,"href":"https:\/\/www.bymycar.fr\/webzine\/wp-json\/wp\/v2\/users\/9"}],"replies":[{"embeddable":true,"href":"https:\/\/www.bymycar.fr\/webzine\/wp-json\/wp\/v2\/comments?post=30775"}],"version-history":[{"count":8,"href":"https:\/\/www.bymycar.fr\/webzine\/wp-json\/wp\/v2\/posts\/30775\/revisions"}],"predecessor-version":[{"id":62321,"href":"https:\/\/www.bymycar.fr\/webzine\/wp-json\/wp\/v2\/posts\/30775\/revisions\/62321"}],"wp:featuredmedia":[{"embeddable":true,"href":"https:\/\/www.bymycar.fr\/webzine\/wp-json\/wp\/v2\/media\/30778"}],"wp:attachment":[{"href":"https:\/\/www.bymycar.fr\/webzine\/wp-json\/wp\/v2\/media?parent=30775"}],"wp:term":[{"taxonomy":"category","embeddable":true,"href":"https:\/\/www.bymycar.fr\/webzine\/wp-json\/wp\/v2\/categories?post=30775"},{"taxonomy":"post_tag","embeddable":true,"href":"https:\/\/www.bymycar.fr\/webzine\/wp-json\/wp\/v2\/tags?post=30775"}],"curies":[{"name":"wp","href":"https:\/\/api.w.org\/{rel}","templated":true}]}}