{"id":30764,"date":"2022-06-28T10:05:06","date_gmt":"2022-06-28T08:05:06","guid":{"rendered":"https:\/\/prod.bymycar.fr\/webzine\/?p=30764"},"modified":"2023-02-08T11:15:39","modified_gmt":"2023-02-08T10:15:39","slug":"a-qui-appartient-opel","status":"publish","type":"post","link":"https:\/\/www.bymycar.fr\/webzine\/a-qui-appartient-opel\/","title":{"rendered":"\u00c0 qui appartient Opel ?"},"content":{"rendered":"","protected":false},"excerpt":{"rendered":"","protected":false},"author":9,"featured_media":31056,"comment_status":"closed","ping_status":"open","sticky":false,"template":"","format":"standard","meta":{"_acf_changed":false,"footnotes":""},"categories":[12893,12919],"tags":[],"class_list":["post-30764","post","type-post","status-publish","format-standard","has-post-thumbnail","hentry","category-guide-dachat","category-guide-dachat-opel"],"acf":{"template":"classique","introduction":"<p style=\"text-align: justify;\"><a href=\"https:\/\/www.bymycar.fr\/marques\/opel\">Opel<\/a> fait partie des plus anciens constructeurs automobiles. Le groupe a travers\u00e9 plusieurs situations combinant succ\u00e8s et \u00e9checs durant son histoire. La marque Opel est aussi pass\u00e9e aux mains d\u2019autres constructeurs de voitures au point de cr\u00e9er une confusion quant \u00e0 l\u2019identit\u00e9 de son propri\u00e9taire. Qui d\u00e9tient actuellement la marque \u00e0 l&rsquo;\u00e9clair\u00a0? D\u00e9couvrez la r\u00e9ponse avec BYmyCAR.<\/p>\n<p style=\"text-align: center;\"><a href=\"https:\/\/www.bymycar.fr\/rechercher-un-vehicule?prod_VEHICLES%5BrefinementList%5D%5Bbrand%5D%5B0%5D=OPEL\" target=\"_blank\" class=\"css-button css-button--gold\" >\n                Voir nos v\u00e9hicules Opel\n        <\/a><\/p>\n","strates":[{"type_strate":"carousel-produits","ancre":"","contenu":"<h2 style=\"text-align: justify;\">\u00c0 qui appartient Opel, entreprise cr\u00e9\u00e9e \u00e0 Russelsheim\u00a0?<\/h2>\n<p style=\"text-align: justify;\">Il convient de d\u00e9couvrir l\u2019origine du constructeur automobile Opel avant d\u2019en d\u00e9couvrir plus sur son propri\u00e9taire.<\/p>\n<h3 style=\"text-align: justify;\">Origine\u00a0: est-ce que Opel est allemand\u00a0?<\/h3>\n<p style=\"text-align: justify;\">Opel est une soci\u00e9t\u00e9 allemande sp\u00e9cialis\u00e9e dans la fabrication de machines \u00e0 coudre \u00e0 l\u2019origine. Pr\u00e9cis\u00e9ment, elle a \u00e9t\u00e9 fond\u00e9e en 1862 \u00e0 Russelsheim, en Allemagne par Adam Opel, d\u00e9c\u00e9d\u00e9 en 1895 des suites de la fi\u00e8vre typho\u00efde. Sa femme et ses fils Carl et Wilhelm Opel ont repris le flambeau et le cr\u00e9neau de la production automobile a \u00e9t\u00e9 adopt\u00e9 4 ans plus tard.<\/p>\n<p style=\"text-align: justify;\">L\u2019entreprise Opel ach\u00e8te une licence de production et une usine \u00e0 Friedrich Lutzmann, un ma\u00eetre serrurier de la cour, en 1899. Elle a ensuite commenc\u00e9 \u00e0 assembler son premier v\u00e9hicule Opel Patent Motor Car, System Lutzmann. En 1901, l\u2019entreprise commence son aventure internationale en concluant un contrat de collaboration avec le pionnier de l\u2019automobile fran\u00e7aise, Alexandre Darracq.<\/p>\n<p style=\"text-align: justify;\">Par la suite, Opel est devenue le num\u00e9ro un de l\u2019automobile allemande bien qu\u2019elle ait d\u00fb investir dans des usines \u00e0 la suite d\u2019un incendie ayant ravag\u00e9 son complexe industriel en 1991. Son succ\u00e8s ne s\u2019arr\u00eate pas l\u00e0, car le groupe devient le plus grand constructeur de voitures de grande s\u00e9rie en Allemagne de l\u2019\u00e9poque. Sa r\u00e9ussite a \u00e9t\u00e9 renforc\u00e9e par l\u2019int\u00e9gration de nouveaux modes de production\u00a0: introduction des ch\u00e2ssis en acier, des presses hydrauliques pour fabriquer des panneaux de carrosserie en quelques secondes, etc.<\/p>\n<h3 style=\"text-align: justify;\">\u00c0 qui appartient Opel\u00a0: PSA automobile Peugeot-Citroen ou groupes Stellantis ?<\/h3>\n<p style=\"text-align: justify;\">Il est faux de penser que la marque automobile Opel appartient encore au groupe PSA ou \u00e0 General Motors ou GM, cr\u00e9\u00e9 aux \u00c9tats-Unis. En effet, la marque est pass\u00e9e sous le giron du groupe Stellantis en 2021. Pour comprendre ce changement, un d\u00e9tour sur son histoire s\u2019impose.<\/p>\n<p style=\"text-align: justify;\">Il est de notori\u00e9t\u00e9 qu\u2019Opel a appartenu au constructeur automobile am\u00e9ricain General Motors durant de nombreuses ann\u00e9es. En 1929, en plein c\u0153ur de la Grande D\u00e9pression, le groupe am\u00e9ricain a acquis 80 % d\u2019Opel aupr\u00e8s des fr\u00e8res Opel. Il en est devenu le seul propri\u00e9taire un an plus tard. \u00c0 partir de ce moment, Opel n\u2019a cess\u00e9 de se d\u00e9velopper au point de devenir l\u2019un des plus grands constructeurs automobiles de l\u2019Europe. L\u2019entreprise a\u00a0m\u00eame pu d\u00e9velopper ses activit\u00e9s\u00a0: construction de sa propre gare de chemin de fer, production de camions Opel Blitz et d\u2019avions tels le JU-88, etc. Toutefois, la belle histoire entre les deux entreprises a cess\u00e9 lorsqu\u2019elles ont rencontr\u00e9 des difficult\u00e9s financi\u00e8res. La maison-m\u00e8re General Motors a d\u00e9cid\u00e9 de mettre en vente Opel apr\u00e8s avoir subi une importante perte au niveau de ses chiffres d&rsquo;affaires durant de nombreuses ann\u00e9es. Fiat ou le groupe canadien Magna International ont \u00e9t\u00e9 pressentis comme acheteur apr\u00e8s que le groupe am\u00e9ricain a re\u00e7u l&rsquo;aval du gouvernement allemand pour la cession. Finalement, c\u2019est le groupe PSA qui a pu devenir la maison-m\u00e8re de la marque automobile Opel pour le montant de 1,3\u00a0milliard d\u2019euros et apr\u00e8s de longues et nombreuses n\u00e9gociations.<\/p>\n<p style=\"text-align: justify;\">Gr\u00e2ce \u00e0 ce rachat d&rsquo;Opel en 2017, le groupe fran\u00e7ais PSA est devenu le deuxi\u00e8me constructeur automobile mondiale. Il avait l\u2019ambition de sauver Opel avec un plan de redressement incluant la production de voitures PSA dans les usines de cette derni\u00e8re en 2021. Cependant, les choses ont chang\u00e9 avec la fusion de PSA et de Fiat Chrysler Automobiles pour la cr\u00e9ation du groupe Stellantis. En effet, Opel a rejoint ce dernier en janvier 2021. D\u00e9sormais, le groupe Stellantis g\u00e8re Opel et ses productions. Le plus grand changement annonc\u00e9 avec ce changement est le d\u00e9veloppement de nombreuses versions \u00e9lectriques des voitures Opel d&rsquo;ici 2028.<\/p>\n<h2 style=\"text-align: justify;\">Est-ce que Opel, ancienne filiale de PSA, est une bonne marque\u00a0?<\/h2>\n<p style=\"text-align: justify;\">La marque <a href=\"https:\/\/www.bymycar.fr\/marques\/opel\">Opel<\/a> n\u2019est pas le leader sur le march\u00e9 de l\u2019automobile, mais cette entreprise reste l\u2019une des meilleures marques, surtout en Allemagne. Opel avec Volkswagen, BMW,Audi, Daimler et Porsche font de l\u2019Allemagne le troisi\u00e8me pays producteur de voitures mondial. La marque tient, donc, une place importante sur le march\u00e9 de l\u2019automobile, surtout qu\u2019elle propose des v\u00e9hicules esth\u00e9tiques et avec un bon rapport qualit\u00e9\/prix.<\/p>\n<h3 style=\"text-align: justify;\">Quelle est la place d\u2019Opel en France\u00a0ou fr ?<\/h3>\n<p style=\"text-align: justify;\">La marque Opel n\u2019a pas toujours eu le succ\u00e8s escompt\u00e9 en France. Cependant, l\u2019entreprise a \u00e9t\u00e9 bien accueillie apr\u00e8s sa reprise par le groupe PSA. Cela s\u2019explique par le fait que le groupe a d\u00e9cid\u00e9 de mettre fin \u00e0 des mod\u00e8les\u00a0peu convaincants comme les Karl, Adam et Mokka X. Il s&rsquo;est concentr\u00e9 sur des gammes \u00e0 succ\u00e8s et historiques telles que l\u2019Astra et la Corsa. Pour 2020, il a \u00e9t\u00e9 annonc\u00e9 qu\u2019Opel France mettait le cap sur les 5 % de part de march\u00e9.<\/p>\n<h3 style=\"text-align: justify;\">Quelle est la place d\u2019Opel en Europe\u00a0?<\/h3>\n<p style=\"text-align: justify;\">En Europe, la marque Opel a toujours eu une image assez neutre. Les avis sont partag\u00e9s, mais il existe tout de m\u00eame des mod\u00e8les tr\u00e8s appr\u00e9ci\u00e9s et se trouvant g\u00e9n\u00e9ralement dans les premi\u00e8res ventes sur le march\u00e9 de l\u2019automobile europ\u00e9en. Tel est le cas de la nouvelle Opel Corsa. Ce mod\u00e8le est consid\u00e9r\u00e9 comme une star sur le segment des citadines. En effet, l\u2019Opel Corsa s\u2019est retrouv\u00e9e \u00e0 la sixi\u00e8me place des ventes de citadines en Europe en 2019. Le succ\u00e8s de ce mod\u00e8le s\u2019explique par le fait qu\u2019il tire le meilleur de la Peugeot 208\u00a0: plateforme CMP, motorisation \u00e9lectrique, etc.<\/p>\n<h2 style=\"text-align: justify;\">Pourquoi il n\u2019y a pas d\u2019Opel en Angleterre\u00a0?<\/h2>\n<p style=\"text-align: justify;\">Dire qu\u2019il n\u2019y a pas de voitures Opel au Royaume-Uni est partiellement faux. En effet, de nombreux mod\u00e8les de la marque circulent en Grande-Bretagne, entre autres, mais sous un autre nom\u00a0: Vauxhall.<\/p>\n<h3 style=\"text-align: justify;\">Pourquoi les voitures Opel sont appel\u00e9es Vauxhall en Angleterre\u00a0?<\/h3>\n<p style=\"text-align: justify;\">Vauxhall est l\u2019appellation choisie pour les v\u00e9hicules Opel commercialis\u00e9s en Angleterre, car l\u2019entreprise du m\u00eame nom en d\u00e9veloppe sur le territoire. Pour l\u2019histoire, la marque Vauxhall a \u00e9t\u00e9 rachet\u00e9e par le groupe General Motors en 1925. Puis, le constructeur automobile am\u00e9ricain a acquis Opel en 1929. General Motors a l\u2019habitude de faire partager les productions entre ses filiales. C\u2019est ce qui s\u2019est pass\u00e9 entre Vauxhall et Opel. Au d\u00e9but, les deux entreprises produisaient leurs propres mod\u00e8les. Avec le temps, il a \u00e9t\u00e9 d\u00e9cid\u00e9 que certains mod\u00e8les de la marque Opel devaient \u00eatre produits dans les usines de Vauxhall et vice-versa, au point de ne produire que les m\u00eames mod\u00e8les. Ainsi, ces deux constructeurs d\u00e9veloppent les m\u00eames voitures et leurs noms ont \u00e9t\u00e9 gard\u00e9s en fonction du march\u00e9 cibl\u00e9.<\/p>\n<h3 style=\"text-align: justify;\">Quelles sont les voitures Opel rebaptis\u00e9es Vauxhall\u00a0?<\/h3>\n<p style=\"text-align: justify;\">De nombreuses voitures Opel sont commercialis\u00e9es en Grande-Bretagne sous le nom de Vauxhall\u00a0:<\/p>\n<ul style=\"text-align: justify;\">\n<li>Opel Corsa A ou Vauxhall Nova ;<\/li>\n<li>Opel Vectra A ou Vauxhall Cavalier\u00a0;<\/li>\n<li>Opel Speedster ou Vauxhhall VX220 ;<\/li>\n<li>Opel Corsa OPC ou Vauxhall Corsa VXR\u00a0;<\/li>\n<li>Vauxhall Ampera-e\u00a0;<\/li>\n<li>Vauxhall Astra\u00a0;<\/li>\n<li>Vauxhall Grandland X\u00a0;<\/li>\n<li>Vauxhall Insignia\u00a0;<\/li>\n<li>Etc.<\/li>\n<\/ul>\n<h2 style=\"text-align: justify;\">Dans quels pays sont fabriqu\u00e9es les voitures de la marque Opel\u00a0?<\/h2>\n<p style=\"text-align: justify;\">Comme la plupart des constructeurs automobiles, Opel ne produit plus uniquement ses voitures dans son pays d\u2019origine, l\u2019Allemagne.<\/p>\n<h3 style=\"text-align: justify;\">O\u00f9 sont fabriqu\u00e9es les voitures Opel\u00a0?<\/h3>\n<p style=\"text-align: justify;\">En Allemagne, Opel produit principalement ses v\u00e9hicules dans les usines d\u2019Eisenach et de R\u00fcsselsheim en Allemagne. Entre autres, l\u2019usine d\u2019Eisenach a assembl\u00e9 les v\u00e9hicules de la gamme Opel Grandland X. Quant \u00e0 l\u2019usine de R\u00fcsselsheim, elle s\u2019est charg\u00e9e du d\u00e9veloppement des mod\u00e8les Insignia. Il est \u00e0 noter que ce site fait partie du si\u00e8ge social d\u2019Opel.<\/p>\n<p style=\"text-align: justify;\">En dehors de l\u2019Allemagne, Opel produit de nombreuses voitures dans divers pays de l\u2019Europe\u00a0:<\/p>\n<ul style=\"text-align: justify;\">\n<li>Angleterre\u00a0: dans ce pays, les voitures Opel sont assembl\u00e9es dans les usines de Vauxhall \u00e0 Ellesmere Port et \u00e0 Lutton. L\u2019usine Vauxhall d\u2019Ellesmere Port existe depuis 1962. Elle d\u00e9veloppe entre autres les gammes 5 portes de l\u2019Astra, ST et GTC. Sur le site de Lutton, cr\u00e9\u00e9 en 1905, ce sont les mod\u00e8les Opel Vivaro III qui y ont \u00e9t\u00e9 produits. Ils sont assembl\u00e9s avec d\u2019autres v\u00e9hicules\u00a0: Nissan NV 300, Renault Traffic III ou Fiat Talento II.<\/li>\n<li>Espagne\u00a0: Opel assemble des v\u00e9hicules en Espagne depuis 1982. Saragosse a vu sortir de son usine des mod\u00e8les comme Meriva, Mokka et Crossland X.<\/li>\n<li>Pologne\u00a0: depuis 1998, Opel a assembl\u00e9 de nombreux mod\u00e8les \u00e0 l\u2019usine de Gliwice\u00a0: Sports Tourer, Cascada et Astra.<\/li>\n<\/ul>\n<p style=\"text-align: justify;\">Outre dans ses propres sites, Opel confie l\u2019assemblage de certains de ces mod\u00e8les \u00e0 des usines partenaires\u00a0:<\/p>\n<ul style=\"text-align: justify;\">\n<li>Usine de Suzuki \u00e0 Esztergom en Hongrie\u00a0;<\/li>\n<li>Usine Renault de Batilly\u00a0;<\/li>\n<li>Etc.<\/li>\n<\/ul>\n<h3 style=\"text-align: justify;\">Qui fabrique les moteurs d\u2019Opel\u00a0?<\/h3>\n<p style=\"text-align: justify;\">Depuis de nombreuses ann\u00e9es, Opel d\u00e9veloppe des moteurs et d\u2019autres \u00e9quipements de voiture dans de nombreuses usines\u00a0\u00e0 Kaiserslauten, \u00e0 Tychy, \u00e0 Aspern et St Gotthard. Parmi les moteurs con\u00e7us, il y a les blocs 1.2 PureTech. Il faut savoir qu\u2019Opel n\u2019utilise pas uniquement ses moteurs dans ses v\u00e9hicules. La preuve, la r\u00e9cente Opel Astra embarque une motorisation d\u00e9velopp\u00e9e par le groupe General Motors. Il s\u2019agit d\u2019un bloc de trois cylindres 1.2 essence 110, 130 et 145 ch et diesel de trois-cylindres 1.5 105 et 122 ch.<\/p>\n<h2 style=\"text-align: justify;\">\u00c0 qui appartient Fiat, une entreprise proche d\u2019Opel\u00a0?<\/h2>\n<p style=\"text-align: justify;\">Fiat et Opel ont connu des histoires diff\u00e9rentes, mais ces constructeurs ont toujours \u00e9t\u00e9 proches. Certains de leurs mod\u00e8les sont assembl\u00e9s dans un m\u00eame site comme celui de Vauxhall \u00e0 Lutton. Le groupe Fiat Chrysler a \u00e9galement tent\u00e9 de racheter Opel aupr\u00e8s de General Motors. Aujourd\u2019hui, ces groupes sont devenus encore plus proches. En effet, Opel fait d\u00e9sormais partie de Stellantis. Sa nouvelle maison-m\u00e8re est le r\u00e9sultat de la fusion entre Fiat et le groupe PSA. Pour information, Fiat est d\u00e9tenue \u00e0 hauteur de 30 % par le groupe Exor S.P.A. appartenant \u00e0 la famille Agnelli, de 41,5 % par diverses institutions et 3,5 par Fiat en auto-contr\u00f4le. Les 24,5 % sont flottants \u00e0 la bourse.<\/p>\n<h3 style=\"text-align: justify;\">A\u00a0 LIRE EGALEMENT<\/h3>\n<p style=\"text-align: justify;\"><a href=\"https:\/\/www.bymycar.fr\/webzine\/quel-est-le-prix-dune-opel-electrique\/\">Quel est le prix d&rsquo;une opel \u00e9lectrique ?<\/a><\/p>\n<p style=\"text-align: justify;\"><a href=\"https:\/\/www.bymycar.fr\/webzine\/modeles-opel-tous-les-vehicules-de-la-gamme\/\">Mod\u00e8les Opel : Tous les v\u00e9hicules de la gamme<\/a><\/p>\n<p style=\"text-align: justify;\"><a href=\"https:\/\/www.bymycar.fr\/webzine\/opel-courroie-de-distribution-ou-chaine\/\">Opel : Courroie de distribution ou chaine ?<\/a><\/p>\n<p style=\"text-align: justify;\"><a href=\"https:\/\/www.bymycar.fr\/webzine\/opel-origine-et-histoire-de-la-marque\/\">Opel : Origine et histoire de la marque<\/a><\/p>\n<p style=\"text-align: justify;\"><a href=\"https:\/\/www.bymycar.fr\/webzine\/que-veut-dire-opel\/\">Que veut dire opel ?<\/a><\/p>\n<p style=\"text-align: justify;\"><a href=\"https:\/\/www.bymycar.fr\/webzine\/que-veut-dire-opc-chez-opel\/\">Que veut dire opc chez opel ?<\/a><\/p>\n<p style=\"text-align: justify;\"><a href=\"https:\/\/www.bymycar.fr\/webzine\/opel-ou-peugeot-quelle-marque-est-faite-pour-vous\/\">Opel ou peugeot : quelle marque est faite pour vous ?<\/a><\/p>\n<p style=\"text-align: justify;\"><a href=\"https:\/\/www.bymycar.fr\/webzine\/ford-ou-opel-quelle-marque-est-faite-pour-vous\/\">Ford ou opel : quelle marque est faite pour vous ?<\/a><\/p>\n<p style=\"text-align: justify;\"><a href=\"https:\/\/www.bymycar.fr\/webzine\/le-logo-dopel-histoire-et-signification\/\">Le logo d\u2019Opel, histoire et signification<\/a><\/p>\n<p style=\"text-align: justify;\"><a href=\"https:\/\/www.bymycar.fr\/webzine\/quel-moteur-opel-sur-quel-vehicule\/\">Quels moteurs Opel sur quels v\u00e9hicules ?<\/a><\/p>\n","titre":"Voir nos v\u00e9hicules Opel disponibles","image":false,"image_libre":false,"image_800x500":false,"legende":"","zoom":false,"texte":"","articles":false,"categorie_droite":false,"images":false,"elements_comparatif":false,"texte_1":"","texte_2":"","image_1":false,"image_1_563x400":false,"image_1_332x332":false,"image_2":false,"image_2_333x240":false,"image_2_563x400":false,"image_3":false,"image_3_333x240":false,"image_3_332x450":false,"image_4":false,"image_4_332x332":false,"image_4_563x400":false,"code_embed":"","legende_video":"","photo":false,"photo_100x100":false,"nom":"","fonction":"","elements_timeline":false,"entetes_colonnes":false,"entetes_lignes":false,"lignes":false,"introduction":"","formulaire":false,"question":"","reponse":"","libelle_bouton_lien":"","url_lien":"","questions":false,"conclusions":false,"pays":"1","region":"","marque":"4","marqueConcessions":false,"modele":"","ptvente":"","typeV":"","collection":"","nombre_maximum_elements":"5","lien_fin_carousel":"https:\/\/www.bymycar.fr\/rechercher-un-vehicule?prod_VEHICLES%5BrefinementList%5D%5Bbrand%5D%5B0%5D=OPEL","texte_lien_fin_carousel":"Voir plus de v\u00e9hicules","trier_par":"prix"},{"type_strate":"texte-simple","ancre":"","contenu":"<h2 style=\"text-align: justify;\">\u00c0 qui appartient Opel, entreprise cr\u00e9\u00e9e \u00e0 Russelsheim\u00a0?<\/h2>\n<p style=\"text-align: justify;\">Il convient de d\u00e9couvrir l\u2019origine du constructeur automobile Opel avant d\u2019en d\u00e9couvrir plus sur son propri\u00e9taire.<\/p>\n<h3 style=\"text-align: justify;\">Origine\u00a0: est-ce que Opel est allemand\u00a0?<\/h3>\n<p style=\"text-align: justify;\">Opel est une soci\u00e9t\u00e9 allemande sp\u00e9cialis\u00e9e dans la fabrication de machines \u00e0 coudre \u00e0 l\u2019origine. Pr\u00e9cis\u00e9ment, elle a \u00e9t\u00e9 fond\u00e9e en 1862 \u00e0 Russelsheim, en Allemagne par Adam Opel, d\u00e9c\u00e9d\u00e9 en 1895 des suites de la fi\u00e8vre typho\u00efde. Sa femme et ses fils Carl et Wilhelm Opel ont repris le flambeau et le cr\u00e9neau de la production automobile a \u00e9t\u00e9 adopt\u00e9 4 ans plus tard.<\/p>\n<p style=\"text-align: justify;\">L\u2019entreprise Opel ach\u00e8te une licence de production et une usine \u00e0 Friedrich Lutzmann, un ma\u00eetre serrurier de la cour, en 1899. Elle a ensuite commenc\u00e9 \u00e0 assembler son premier v\u00e9hicule Opel Patent Motor Car, System Lutzmann. En 1901, l\u2019entreprise commence son aventure internationale en concluant un contrat de collaboration avec le pionnier de l\u2019automobile fran\u00e7aise, Alexandre Darracq.<\/p>\n<p style=\"text-align: justify;\">Par la suite, Opel est devenue le num\u00e9ro un de l\u2019automobile allemande bien qu\u2019elle ait d\u00fb investir dans des usines \u00e0 la suite d\u2019un incendie ayant ravag\u00e9 son complexe industriel en 1991. Son succ\u00e8s ne s\u2019arr\u00eate pas l\u00e0, car le groupe devient le plus grand constructeur de voitures de grande s\u00e9rie en Allemagne de l\u2019\u00e9poque. Sa r\u00e9ussite a \u00e9t\u00e9 renforc\u00e9e par l\u2019int\u00e9gration de nouveaux modes de production\u00a0: introduction des ch\u00e2ssis en acier, des presses hydrauliques pour fabriquer des panneaux de carrosserie en quelques secondes, etc.<\/p>\n<h3 style=\"text-align: justify;\">\u00c0 qui appartient Opel\u00a0: PSA automobile Peugeot-Citroen ou groupes Stellantis ?<\/h3>\n<p style=\"text-align: justify;\">Il est faux de penser que la marque automobile Opel appartient encore au groupe PSA ou \u00e0 General Motors ou GM, cr\u00e9\u00e9 aux \u00c9tats-Unis. En effet, la marque est pass\u00e9e sous le giron du groupe Stellantis en 2021. Pour comprendre ce changement, un d\u00e9tour sur son histoire s\u2019impose.<\/p>\n<p style=\"text-align: justify;\">Il est de notori\u00e9t\u00e9 qu\u2019Opel a appartenu au constructeur automobile am\u00e9ricain General Motors durant de nombreuses ann\u00e9es. En 1929, en plein c\u0153ur de la Grande D\u00e9pression, le groupe am\u00e9ricain a acquis 80 % d\u2019Opel aupr\u00e8s des fr\u00e8res Opel. Il en est devenu le seul propri\u00e9taire un an plus tard. \u00c0 partir de ce moment, Opel n\u2019a cess\u00e9 de se d\u00e9velopper au point de devenir l\u2019un des plus grands constructeurs automobiles de l\u2019Europe. L\u2019entreprise a\u00a0m\u00eame pu d\u00e9velopper ses activit\u00e9s\u00a0: construction de sa propre gare de chemin de fer, production de camions Opel Blitz et d\u2019avions tels le JU-88, etc. Toutefois, la belle histoire entre les deux entreprises a cess\u00e9 lorsqu\u2019elles ont rencontr\u00e9 des difficult\u00e9s financi\u00e8res. La maison-m\u00e8re General Motors a d\u00e9cid\u00e9 de mettre en vente Opel apr\u00e8s avoir subi une importante perte au niveau de ses chiffres d&rsquo;affaires durant de nombreuses ann\u00e9es. Fiat ou le groupe canadien Magna International ont \u00e9t\u00e9 pressentis comme acheteur apr\u00e8s que le groupe am\u00e9ricain a re\u00e7u l&rsquo;aval du gouvernement allemand pour la cession. Finalement, c\u2019est le groupe PSA qui a pu devenir la maison-m\u00e8re de la marque automobile Opel pour le montant de 1,3\u00a0milliard d\u2019euros et apr\u00e8s de longues et nombreuses n\u00e9gociations.<\/p>\n<p style=\"text-align: justify;\">Gr\u00e2ce \u00e0 ce rachat d&rsquo;Opel en 2017, le groupe fran\u00e7ais PSA est devenu le deuxi\u00e8me constructeur automobile mondiale. Il avait l\u2019ambition de sauver Opel avec un plan de redressement incluant la production de voitures PSA dans les usines de cette derni\u00e8re en 2021. Cependant, les choses ont chang\u00e9 avec la fusion de PSA et de Fiat Chrysler Automobiles pour la cr\u00e9ation du groupe Stellantis. En effet, Opel a rejoint ce dernier en janvier 2021. D\u00e9sormais, le groupe Stellantis g\u00e8re Opel et ses productions. Le plus grand changement annonc\u00e9 avec ce changement est le d\u00e9veloppement de nombreuses versions \u00e9lectriques des voitures Opel d&rsquo;ici 2028.<\/p>\n<h2 style=\"text-align: justify;\">Est-ce que Opel, ancienne filiale de PSA, est une bonne marque\u00a0?<\/h2>\n<p style=\"text-align: justify;\">La marque <a href=\"https:\/\/www.bymycar.fr\/marques\/opel\">Opel<\/a> n\u2019est pas le leader sur le march\u00e9 de l\u2019automobile, mais cette entreprise reste l\u2019une des meilleures marques, surtout en Allemagne. Opel avec Volkswagen, BMW,Audi, Daimler et Porsche font de l\u2019Allemagne le troisi\u00e8me pays producteur de voitures mondial. La marque tient, donc, une place importante sur le march\u00e9 de l\u2019automobile, surtout qu\u2019elle propose des v\u00e9hicules esth\u00e9tiques et avec un bon rapport qualit\u00e9\/prix.<\/p>\n<h3 style=\"text-align: justify;\">Quelle est la place d\u2019Opel en France\u00a0ou fr ?<\/h3>\n<p style=\"text-align: justify;\">La marque Opel n\u2019a pas toujours eu le succ\u00e8s escompt\u00e9 en France. Cependant, l\u2019entreprise a \u00e9t\u00e9 bien accueillie apr\u00e8s sa reprise par le groupe PSA. Cela s\u2019explique par le fait que le groupe a d\u00e9cid\u00e9 de mettre fin \u00e0 des mod\u00e8les\u00a0peu convaincants comme les Karl, Adam et Mokka X. Il s&rsquo;est concentr\u00e9 sur des gammes \u00e0 succ\u00e8s et historiques telles que l\u2019Astra et la Corsa. Pour 2020, il a \u00e9t\u00e9 annonc\u00e9 qu\u2019Opel France mettait le cap sur les 5 % de part de march\u00e9.<\/p>\n<h3 style=\"text-align: justify;\">Quelle est la place d\u2019Opel en Europe\u00a0?<\/h3>\n<p style=\"text-align: justify;\">En Europe, la marque Opel a toujours eu une image assez neutre. Les avis sont partag\u00e9s, mais il existe tout de m\u00eame des mod\u00e8les tr\u00e8s appr\u00e9ci\u00e9s et se trouvant g\u00e9n\u00e9ralement dans les premi\u00e8res ventes sur le march\u00e9 de l\u2019automobile europ\u00e9en. Tel est le cas de la nouvelle Opel Corsa. Ce mod\u00e8le est consid\u00e9r\u00e9 comme une star sur le segment des citadines. En effet, l\u2019Opel Corsa s\u2019est retrouv\u00e9e \u00e0 la sixi\u00e8me place des ventes de citadines en Europe en 2019. Le succ\u00e8s de ce mod\u00e8le s\u2019explique par le fait qu\u2019il tire le meilleur de la Peugeot 208\u00a0: plateforme CMP, motorisation \u00e9lectrique, etc.<\/p>\n<h2 style=\"text-align: justify;\">Pourquoi il n\u2019y a pas d\u2019Opel en Angleterre\u00a0?<\/h2>\n<p style=\"text-align: justify;\">Dire qu\u2019il n\u2019y a pas de voitures Opel au Royaume-Uni est partiellement faux. En effet, de nombreux mod\u00e8les de la marque circulent en Grande-Bretagne, entre autres, mais sous un autre nom\u00a0: Vauxhall.<\/p>\n<h3 style=\"text-align: justify;\">Pourquoi les voitures Opel sont appel\u00e9es Vauxhall en Angleterre\u00a0?<\/h3>\n<p style=\"text-align: justify;\">Vauxhall est l\u2019appellation choisie pour les v\u00e9hicules Opel commercialis\u00e9s en Angleterre, car l\u2019entreprise du m\u00eame nom en d\u00e9veloppe sur le territoire. Pour l\u2019histoire, la marque Vauxhall a \u00e9t\u00e9 rachet\u00e9e par le groupe General Motors en 1925. Puis, le constructeur automobile am\u00e9ricain a acquis Opel en 1929. General Motors a l\u2019habitude de faire partager les productions entre ses filiales. C\u2019est ce qui s\u2019est pass\u00e9 entre Vauxhall et Opel. Au d\u00e9but, les deux entreprises produisaient leurs propres mod\u00e8les. Avec le temps, il a \u00e9t\u00e9 d\u00e9cid\u00e9 que certains mod\u00e8les de la marque Opel devaient \u00eatre produits dans les usines de Vauxhall et vice-versa, au point de ne produire que les m\u00eames mod\u00e8les. Ainsi, ces deux constructeurs d\u00e9veloppent les m\u00eames voitures et leurs noms ont \u00e9t\u00e9 gard\u00e9s en fonction du march\u00e9 cibl\u00e9.<\/p>\n<h3 style=\"text-align: justify;\">Quelles sont les voitures Opel rebaptis\u00e9es Vauxhall\u00a0?<\/h3>\n<p style=\"text-align: justify;\">De nombreuses voitures Opel sont commercialis\u00e9es en Grande-Bretagne sous le nom de Vauxhall\u00a0:<\/p>\n<ul style=\"text-align: justify;\">\n<li>Opel Corsa A ou Vauxhall Nova ;<\/li>\n<li>Opel Vectra A ou Vauxhall Cavalier\u00a0;<\/li>\n<li>Opel Speedster ou Vauxhhall VX220 ;<\/li>\n<li>Opel Corsa OPC ou Vauxhall Corsa VXR\u00a0;<\/li>\n<li>Vauxhall Ampera-e\u00a0;<\/li>\n<li>Vauxhall Astra\u00a0;<\/li>\n<li>Vauxhall Grandland X\u00a0;<\/li>\n<li>Vauxhall Insignia\u00a0;<\/li>\n<li>Etc.<\/li>\n<\/ul>\n<h2 style=\"text-align: justify;\">Dans quels pays sont fabriqu\u00e9es les voitures de la marque Opel\u00a0?<\/h2>\n<p style=\"text-align: justify;\">Comme la plupart des constructeurs automobiles, Opel ne produit plus uniquement ses voitures dans son pays d\u2019origine, l\u2019Allemagne.<\/p>\n<h3 style=\"text-align: justify;\">O\u00f9 sont fabriqu\u00e9es les voitures Opel\u00a0?<\/h3>\n<p style=\"text-align: justify;\">En Allemagne, Opel produit principalement ses v\u00e9hicules dans les usines d\u2019Eisenach et de R\u00fcsselsheim en Allemagne. Entre autres, l\u2019usine d\u2019Eisenach a assembl\u00e9 les v\u00e9hicules de la gamme Opel Grandland X. Quant \u00e0 l\u2019usine de R\u00fcsselsheim, elle s\u2019est charg\u00e9e du d\u00e9veloppement des mod\u00e8les Insignia. Il est \u00e0 noter que ce site fait partie du si\u00e8ge social d\u2019Opel.<\/p>\n<p style=\"text-align: justify;\">En dehors de l\u2019Allemagne, Opel produit de nombreuses voitures dans divers pays de l\u2019Europe\u00a0:<\/p>\n<ul style=\"text-align: justify;\">\n<li>Angleterre\u00a0: dans ce pays, les voitures Opel sont assembl\u00e9es dans les usines de Vauxhall \u00e0 Ellesmere Port et \u00e0 Lutton. L\u2019usine Vauxhall d\u2019Ellesmere Port existe depuis 1962. Elle d\u00e9veloppe entre autres les gammes 5 portes de l\u2019Astra, ST et GTC. Sur le site de Lutton, cr\u00e9\u00e9 en 1905, ce sont les mod\u00e8les Opel Vivaro III qui y ont \u00e9t\u00e9 produits. Ils sont assembl\u00e9s avec d\u2019autres v\u00e9hicules\u00a0: Nissan NV 300, Renault Traffic III ou Fiat Talento II.<\/li>\n<li>Espagne\u00a0: Opel assemble des v\u00e9hicules en Espagne depuis 1982. Saragosse a vu sortir de son usine des mod\u00e8les comme Meriva, Mokka et Crossland X.<\/li>\n<li>Pologne\u00a0: depuis 1998, Opel a assembl\u00e9 de nombreux mod\u00e8les \u00e0 l\u2019usine de Gliwice\u00a0: Sports Tourer, Cascada et Astra.<\/li>\n<\/ul>\n<p style=\"text-align: justify;\">Outre dans ses propres sites, Opel confie l\u2019assemblage de certains de ces mod\u00e8les \u00e0 des usines partenaires\u00a0:<\/p>\n<ul style=\"text-align: justify;\">\n<li>Usine de Suzuki \u00e0 Esztergom en Hongrie\u00a0;<\/li>\n<li>Usine Renault de Batilly\u00a0;<\/li>\n<li>Etc.<\/li>\n<\/ul>\n<h3 style=\"text-align: justify;\">Qui fabrique les moteurs d\u2019Opel\u00a0?<\/h3>\n<p style=\"text-align: justify;\">Depuis de nombreuses ann\u00e9es, Opel d\u00e9veloppe des moteurs et d\u2019autres \u00e9quipements de voiture dans de nombreuses usines\u00a0\u00e0 Kaiserslauten, \u00e0 Tychy, \u00e0 Aspern et St Gotthard. Parmi les moteurs con\u00e7us, il y a les blocs 1.2 PureTech. Il faut savoir qu\u2019Opel n\u2019utilise pas uniquement ses moteurs dans ses v\u00e9hicules. La preuve, la r\u00e9cente Opel Astra embarque une motorisation d\u00e9velopp\u00e9e par le groupe General Motors. Il s\u2019agit d\u2019un bloc de trois cylindres 1.2 essence 110, 130 et 145 ch et diesel de trois-cylindres 1.5 105 et 122 ch.<\/p>\n<h2 style=\"text-align: justify;\">\u00c0 qui appartient Fiat, une entreprise proche d\u2019Opel\u00a0?<\/h2>\n<p style=\"text-align: justify;\">Fiat et Opel ont connu des histoires diff\u00e9rentes, mais ces constructeurs ont toujours \u00e9t\u00e9 proches. Certains de leurs mod\u00e8les sont assembl\u00e9s dans un m\u00eame site comme celui de Vauxhall \u00e0 Lutton. Le groupe Fiat Chrysler a \u00e9galement tent\u00e9 de racheter Opel aupr\u00e8s de General Motors. Aujourd\u2019hui, ces groupes sont devenus encore plus proches. En effet, Opel fait d\u00e9sormais partie de Stellantis. Sa nouvelle maison-m\u00e8re est le r\u00e9sultat de la fusion entre Fiat et le groupe PSA. Pour information, Fiat est d\u00e9tenue \u00e0 hauteur de 30 % par le groupe Exor S.P.A. appartenant \u00e0 la famille Agnelli, de 41,5 % par diverses institutions et 3,5 par Fiat en auto-contr\u00f4le. Les 24,5 % sont flottants \u00e0 la bourse.<\/p>\n<h3 style=\"text-align: justify;\">Guide d&rsquo;achat Opel<\/h3>\n<p style=\"text-align: justify;\"><a href=\"https:\/\/www.bymycar.fr\/webzine\/quel-est-le-prix-dune-opel-electrique\/\">Quel est le prix d&rsquo;une opel \u00e9lectrique ?<\/a><\/p>\n<p style=\"text-align: justify;\"><a href=\"https:\/\/www.bymycar.fr\/webzine\/modeles-opel-tous-les-vehicules-de-la-gamme\/\">Mod\u00e8les Opel : Tous les v\u00e9hicules de la gamme<\/a><\/p>\n<p style=\"text-align: justify;\"><a href=\"https:\/\/www.bymycar.fr\/webzine\/opel-courroie-de-distribution-ou-chaine\/\">Opel : Courroie de distribution ou chaine ?<\/a><\/p>\n<p style=\"text-align: justify;\"><a href=\"https:\/\/www.bymycar.fr\/webzine\/opel-origine-et-histoire-de-la-marque\/\">Opel : Origine et histoire de la marque<\/a><\/p>\n<p style=\"text-align: justify;\"><a href=\"https:\/\/www.bymycar.fr\/webzine\/que-veut-dire-opel\/\">Que veut dire opel ?<\/a><\/p>\n<p style=\"text-align: justify;\"><a href=\"https:\/\/www.bymycar.fr\/webzine\/que-veut-dire-opc-chez-opel\/\">Que veut dire opc chez opel ?<\/a><\/p>\n<p style=\"text-align: justify;\"><a href=\"https:\/\/www.bymycar.fr\/webzine\/opel-ou-peugeot-quelle-marque-est-faite-pour-vous\/\">Opel ou peugeot : quelle marque est faite pour vous ?<\/a><\/p>\n<p style=\"text-align: justify;\"><a href=\"https:\/\/www.bymycar.fr\/webzine\/ford-ou-opel-quelle-marque-est-faite-pour-vous\/\">Ford ou opel : quelle marque est faite pour vous ?<\/a><\/p>\n<p style=\"text-align: justify;\"><a href=\"https:\/\/www.bymycar.fr\/webzine\/le-logo-dopel-histoire-et-signification\/\">Le logo d\u2019Opel, histoire et signification<\/a><\/p>\n<p style=\"text-align: justify;\"><a href=\"https:\/\/www.bymycar.fr\/webzine\/quel-moteur-opel-sur-quel-vehicule\/\">Quels moteurs Opel sur quels v\u00e9hicules ?<\/a><\/p>\n","titre":"Texte 1","image":false,"image_libre":false,"image_800x500":false,"legende":"","zoom":false,"texte":"","articles":false,"categorie_droite":false,"images":false,"elements_comparatif":false,"texte_1":"","texte_2":"","image_1":false,"image_1_563x400":false,"image_1_332x332":false,"image_2":false,"image_2_333x240":false,"image_2_563x400":false,"image_3":false,"image_3_333x240":false,"image_3_332x450":false,"image_4":false,"image_4_332x332":false,"image_4_563x400":false,"code_embed":"","legende_video":"","photo":false,"photo_100x100":false,"nom":"","fonction":"","elements_timeline":false,"entetes_colonnes":false,"entetes_lignes":false,"lignes":false,"introduction":"","formulaire":false,"question":"","reponse":"","libelle_bouton_lien":"","url_lien":"","questions":false,"conclusions":false,"pays":"1","region":"","marque":"4","marqueConcessions":false,"modele":"","ptvente":"","typeV":"VO","collection":"","nombre_maximum_elements":"10","lien_fin_carousel":"https:\/\/www.bymycar.fr\/rechercher-un-vehicule?prod_VEHICLES%5BrefinementList%5D%5Bbrand%5D%5B0%5D=OPEL","texte_lien_fin_carousel":"Voir tous les v\u00e9hicules","trier_par":""},{"type_strate":"carousel-produits","ancre":"","contenu":"","titre":"Voir nos v\u00e9hicules Opel en stock","image":false,"image_libre":false,"image_800x500":false,"legende":"","zoom":false,"texte":"","articles":false,"categorie_droite":false,"images":false,"elements_comparatif":false,"texte_1":"","texte_2":"","image_1":false,"image_1_563x400":false,"image_1_332x332":false,"image_2":false,"image_2_333x240":false,"image_2_563x400":false,"image_3":false,"image_3_333x240":false,"image_3_332x450":false,"image_4":false,"image_4_332x332":false,"image_4_563x400":false,"code_embed":"","legende_video":"","photo":false,"photo_100x100":false,"nom":"","fonction":"","elements_timeline":false,"entetes_colonnes":false,"entetes_lignes":false,"lignes":false,"introduction":"","formulaire":false,"question":"","reponse":"","libelle_bouton_lien":"","url_lien":"","questions":false,"conclusions":false,"pays":"1","region":"","marque":"4","marqueConcessions":false,"modele":"","ptvente":"","typeV":"VO","collection":"","nombre_maximum_elements":"5","lien_fin_carousel":"https:\/\/www.bymycar.fr\/rechercher-un-vehicule?prod_VEHICLES%5BrefinementList%5D%5Bbrand%5D%5B0%5D=OPEL","texte_lien_fin_carousel":"Voir tous les v\u00e9hicules","trier_par":"prix"}],"is_old_post":false,"image":{"ID":31056,"id":31056,"title":"\u00c0-qui-appartient-Opel","filename":"A-qui-appartient-Opel.jpg","filesize":1,"url":"https:\/\/cdn.bymycar.eu\/fr-webzine\/wp-content\/uploads\/medias\/A-qui-appartient-Opel.jpg","link":"https:\/\/www.bymycar.fr\/webzine\/a-qui-appartient-opel\/a-qui-appartient-opel\/","alt":"","author":"9","description":"","caption":"","name":"a-qui-appartient-opel","status":"inherit","uploaded_to":30764,"date":"2022-06-23 10:15:00","modified":"2022-06-23 10:15:00","menu_order":0,"mime_type":"image\/jpeg","type":"image","subtype":"jpeg","icon":"https:\/\/www.bymycar.fr\/webzine\/wp-includes\/images\/media\/default.png","width":750,"height":410,"sizes":{"thumbnail":"https:\/\/cdn.bymycar.eu\/fr-webzine\/wp-content\/uploads\/medias\/A-qui-appartient-Opel-150x150.jpg","thumbnail-width":150,"thumbnail-height":150,"medium":"https:\/\/cdn.bymycar.eu\/fr-webzine\/wp-content\/uploads\/medias\/A-qui-appartient-Opel-300x164.jpg","medium-width":300,"medium-height":164,"medium_large":"https:\/\/cdn.bymycar.eu\/fr-webzine\/wp-content\/uploads\/medias\/A-qui-appartient-Opel.jpg","medium_large-width":750,"medium_large-height":410,"large":"https:\/\/cdn.bymycar.eu\/fr-webzine\/wp-content\/uploads\/medias\/A-qui-appartient-Opel.jpg","large-width":750,"large-height":410,"1536x1536":"https:\/\/cdn.bymycar.eu\/fr-webzine\/wp-content\/uploads\/medias\/A-qui-appartient-Opel.jpg","1536x1536-width":750,"1536x1536-height":410,"2048x2048":"https:\/\/cdn.bymycar.eu\/fr-webzine\/wp-content\/uploads\/medias\/A-qui-appartient-Opel.jpg","2048x2048-width":750,"2048x2048-height":410}},"page_content":{"block_content":[{"acf_fc_layout":"carousel-produits"},{"acf_fc_layout":"carousel-produits"},{"acf_fc_layout":"carousel-produits"},{"acf_fc_layout":"text-simple","--nav":{"-withNav":false,"-ancre":""},"--group":{"-text":"<h2 style=\"text-align: justify;\">\u00c0 qui appartient Opel, entreprise cr\u00e9\u00e9e \u00e0 Russelsheim\u00a0?<\/h2>\n<p style=\"text-align: justify;\">Il convient de d\u00e9couvrir l\u2019origine du constructeur automobile Opel avant d\u2019en d\u00e9couvrir plus sur son propri\u00e9taire.<\/p>\n<h3 style=\"text-align: justify;\">Origine\u00a0: est-ce que Opel est allemand\u00a0?<\/h3>\n<p style=\"text-align: justify;\">Opel est une soci\u00e9t\u00e9 allemande sp\u00e9cialis\u00e9e dans la fabrication de machines \u00e0 coudre \u00e0 l\u2019origine. Pr\u00e9cis\u00e9ment, elle a \u00e9t\u00e9 fond\u00e9e en 1862 \u00e0 Russelsheim, en Allemagne par Adam Opel, d\u00e9c\u00e9d\u00e9 en 1895 des suites de la fi\u00e8vre typho\u00efde. Sa femme et ses fils Carl et Wilhelm Opel ont repris le flambeau et le cr\u00e9neau de la production automobile a \u00e9t\u00e9 adopt\u00e9 4 ans plus tard.<\/p>\n<p style=\"text-align: justify;\">L\u2019entreprise Opel ach\u00e8te une licence de production et une usine \u00e0 Friedrich Lutzmann, un ma\u00eetre serrurier de la cour, en 1899. Elle a ensuite commenc\u00e9 \u00e0 assembler son premier v\u00e9hicule Opel Patent Motor Car, System Lutzmann. En 1901, l\u2019entreprise commence son aventure internationale en concluant un contrat de collaboration avec le pionnier de l\u2019automobile fran\u00e7aise, Alexandre Darracq.<\/p>\n<p style=\"text-align: justify;\">Par la suite, Opel est devenue le num\u00e9ro un de l\u2019automobile allemande bien qu\u2019elle ait d\u00fb investir dans des usines \u00e0 la suite d\u2019un incendie ayant ravag\u00e9 son complexe industriel en 1991. Son succ\u00e8s ne s\u2019arr\u00eate pas l\u00e0, car le groupe devient le plus grand constructeur de voitures de grande s\u00e9rie en Allemagne de l\u2019\u00e9poque. Sa r\u00e9ussite a \u00e9t\u00e9 renforc\u00e9e par l\u2019int\u00e9gration de nouveaux modes de production\u00a0: introduction des ch\u00e2ssis en acier, des presses hydrauliques pour fabriquer des panneaux de carrosserie en quelques secondes, etc.<\/p>\n<h3 style=\"text-align: justify;\">\u00c0 qui appartient Opel\u00a0: PSA automobile Peugeot-Citroen ou groupes Stellantis ?<\/h3>\n<p style=\"text-align: justify;\">Il est faux de penser que la marque automobile Opel appartient encore au groupe PSA ou \u00e0 General Motors ou GM, cr\u00e9\u00e9 aux \u00c9tats-Unis. En effet, la marque est pass\u00e9e sous le giron du groupe Stellantis en 2021. Pour comprendre ce changement, un d\u00e9tour sur son histoire s\u2019impose.<\/p>\n<p style=\"text-align: justify;\">Il est de notori\u00e9t\u00e9 qu\u2019Opel a appartenu au constructeur automobile am\u00e9ricain General Motors durant de nombreuses ann\u00e9es. En 1929, en plein c\u0153ur de la Grande D\u00e9pression, le groupe am\u00e9ricain a acquis 80 % d\u2019Opel aupr\u00e8s des fr\u00e8res Opel. Il en est devenu le seul propri\u00e9taire un an plus tard. \u00c0 partir de ce moment, Opel n\u2019a cess\u00e9 de se d\u00e9velopper au point de devenir l\u2019un des plus grands constructeurs automobiles de l\u2019Europe. L\u2019entreprise a\u00a0m\u00eame pu d\u00e9velopper ses activit\u00e9s\u00a0: construction de sa propre gare de chemin de fer, production de camions Opel Blitz et d\u2019avions tels le JU-88, etc. Toutefois, la belle histoire entre les deux entreprises a cess\u00e9 lorsqu\u2019elles ont rencontr\u00e9 des difficult\u00e9s financi\u00e8res. La maison-m\u00e8re General Motors a d\u00e9cid\u00e9 de mettre en vente Opel apr\u00e8s avoir subi une importante perte au niveau de ses chiffres d&rsquo;affaires durant de nombreuses ann\u00e9es. Fiat ou le groupe canadien Magna International ont \u00e9t\u00e9 pressentis comme acheteur apr\u00e8s que le groupe am\u00e9ricain a re\u00e7u l&rsquo;aval du gouvernement allemand pour la cession. Finalement, c\u2019est le groupe PSA qui a pu devenir la maison-m\u00e8re de la marque automobile Opel pour le montant de 1,3\u00a0milliard d\u2019euros et apr\u00e8s de longues et nombreuses n\u00e9gociations.<\/p>\n<p style=\"text-align: justify;\">Gr\u00e2ce \u00e0 ce rachat d&rsquo;Opel en 2017, le groupe fran\u00e7ais PSA est devenu le deuxi\u00e8me constructeur automobile mondiale. Il avait l\u2019ambition de sauver Opel avec un plan de redressement incluant la production de voitures PSA dans les usines de cette derni\u00e8re en 2021. Cependant, les choses ont chang\u00e9 avec la fusion de PSA et de Fiat Chrysler Automobiles pour la cr\u00e9ation du groupe Stellantis. En effet, Opel a rejoint ce dernier en janvier 2021. D\u00e9sormais, le groupe Stellantis g\u00e8re Opel et ses productions. Le plus grand changement annonc\u00e9 avec ce changement est le d\u00e9veloppement de nombreuses versions \u00e9lectriques des voitures Opel d&rsquo;ici 2028.<\/p>\n<h2 style=\"text-align: justify;\">Est-ce que Opel, ancienne filiale de PSA, est une bonne marque\u00a0?<\/h2>\n<p style=\"text-align: justify;\">La marque <a href=\"https:\/\/www.bymycar.fr\/marques\/opel\">Opel<\/a> n\u2019est pas le leader sur le march\u00e9 de l\u2019automobile, mais cette entreprise reste l\u2019une des meilleures marques, surtout en Allemagne. Opel avec Volkswagen, BMW,Audi, Daimler et Porsche font de l\u2019Allemagne le troisi\u00e8me pays producteur de voitures mondial. La marque tient, donc, une place importante sur le march\u00e9 de l\u2019automobile, surtout qu\u2019elle propose des v\u00e9hicules esth\u00e9tiques et avec un bon rapport qualit\u00e9\/prix.<\/p>\n<h3 style=\"text-align: justify;\">Quelle est la place d\u2019Opel en France\u00a0ou fr ?<\/h3>\n<p style=\"text-align: justify;\">La marque Opel n\u2019a pas toujours eu le succ\u00e8s escompt\u00e9 en France. Cependant, l\u2019entreprise a \u00e9t\u00e9 bien accueillie apr\u00e8s sa reprise par le groupe PSA. Cela s\u2019explique par le fait que le groupe a d\u00e9cid\u00e9 de mettre fin \u00e0 des mod\u00e8les\u00a0peu convaincants comme les Karl, Adam et Mokka X. Il s&rsquo;est concentr\u00e9 sur des gammes \u00e0 succ\u00e8s et historiques telles que l\u2019Astra et la Corsa. Pour 2020, il a \u00e9t\u00e9 annonc\u00e9 qu\u2019Opel France mettait le cap sur les 5 % de part de march\u00e9.<\/p>\n<h3 style=\"text-align: justify;\">Quelle est la place d\u2019Opel en Europe\u00a0?<\/h3>\n<p style=\"text-align: justify;\">En Europe, la marque Opel a toujours eu une image assez neutre. Les avis sont partag\u00e9s, mais il existe tout de m\u00eame des mod\u00e8les tr\u00e8s appr\u00e9ci\u00e9s et se trouvant g\u00e9n\u00e9ralement dans les premi\u00e8res ventes sur le march\u00e9 de l\u2019automobile europ\u00e9en. Tel est le cas de la nouvelle Opel Corsa. Ce mod\u00e8le est consid\u00e9r\u00e9 comme une star sur le segment des citadines. En effet, l\u2019Opel Corsa s\u2019est retrouv\u00e9e \u00e0 la sixi\u00e8me place des ventes de citadines en Europe en 2019. Le succ\u00e8s de ce mod\u00e8le s\u2019explique par le fait qu\u2019il tire le meilleur de la Peugeot 208\u00a0: plateforme CMP, motorisation \u00e9lectrique, etc.<\/p>\n<h2 style=\"text-align: justify;\">Pourquoi il n\u2019y a pas d\u2019Opel en Angleterre\u00a0?<\/h2>\n<p style=\"text-align: justify;\">Dire qu\u2019il n\u2019y a pas de voitures Opel au Royaume-Uni est partiellement faux. En effet, de nombreux mod\u00e8les de la marque circulent en Grande-Bretagne, entre autres, mais sous un autre nom\u00a0: Vauxhall.<\/p>\n<h3 style=\"text-align: justify;\">Pourquoi les voitures Opel sont appel\u00e9es Vauxhall en Angleterre\u00a0?<\/h3>\n<p style=\"text-align: justify;\">Vauxhall est l\u2019appellation choisie pour les v\u00e9hicules Opel commercialis\u00e9s en Angleterre, car l\u2019entreprise du m\u00eame nom en d\u00e9veloppe sur le territoire. Pour l\u2019histoire, la marque Vauxhall a \u00e9t\u00e9 rachet\u00e9e par le groupe General Motors en 1925. Puis, le constructeur automobile am\u00e9ricain a acquis Opel en 1929. General Motors a l\u2019habitude de faire partager les productions entre ses filiales. C\u2019est ce qui s\u2019est pass\u00e9 entre Vauxhall et Opel. Au d\u00e9but, les deux entreprises produisaient leurs propres mod\u00e8les. Avec le temps, il a \u00e9t\u00e9 d\u00e9cid\u00e9 que certains mod\u00e8les de la marque Opel devaient \u00eatre produits dans les usines de Vauxhall et vice-versa, au point de ne produire que les m\u00eames mod\u00e8les. Ainsi, ces deux constructeurs d\u00e9veloppent les m\u00eames voitures et leurs noms ont \u00e9t\u00e9 gard\u00e9s en fonction du march\u00e9 cibl\u00e9.<\/p>\n<h3 style=\"text-align: justify;\">Quelles sont les voitures Opel rebaptis\u00e9es Vauxhall\u00a0?<\/h3>\n<p style=\"text-align: justify;\">De nombreuses voitures Opel sont commercialis\u00e9es en Grande-Bretagne sous le nom de Vauxhall\u00a0:<\/p>\n<ul style=\"text-align: justify;\">\n<li>Opel Corsa A ou Vauxhall Nova ;<\/li>\n<li>Opel Vectra A ou Vauxhall Cavalier\u00a0;<\/li>\n<li>Opel Speedster ou Vauxhhall VX220 ;<\/li>\n<li>Opel Corsa OPC ou Vauxhall Corsa VXR\u00a0;<\/li>\n<li>Vauxhall Ampera-e\u00a0;<\/li>\n<li>Vauxhall Astra\u00a0;<\/li>\n<li>Vauxhall Grandland X\u00a0;<\/li>\n<li>Vauxhall Insignia\u00a0;<\/li>\n<li>Etc.<\/li>\n<\/ul>\n<h2 style=\"text-align: justify;\">Dans quels pays sont fabriqu\u00e9es les voitures de la marque Opel\u00a0?<\/h2>\n<p style=\"text-align: justify;\">Comme la plupart des constructeurs automobiles, Opel ne produit plus uniquement ses voitures dans son pays d\u2019origine, l\u2019Allemagne.<\/p>\n<h3 style=\"text-align: justify;\">O\u00f9 sont fabriqu\u00e9es les voitures Opel\u00a0?<\/h3>\n<p style=\"text-align: justify;\">En Allemagne, Opel produit principalement ses v\u00e9hicules dans les usines d\u2019Eisenach et de R\u00fcsselsheim en Allemagne. Entre autres, l\u2019usine d\u2019Eisenach a assembl\u00e9 les v\u00e9hicules de la gamme Opel Grandland X. Quant \u00e0 l\u2019usine de R\u00fcsselsheim, elle s\u2019est charg\u00e9e du d\u00e9veloppement des mod\u00e8les Insignia. Il est \u00e0 noter que ce site fait partie du si\u00e8ge social d\u2019Opel.<\/p>\n<p style=\"text-align: justify;\">En dehors de l\u2019Allemagne, Opel produit de nombreuses voitures dans divers pays de l\u2019Europe\u00a0:<\/p>\n<ul style=\"text-align: justify;\">\n<li>Angleterre\u00a0: dans ce pays, les voitures Opel sont assembl\u00e9es dans les usines de Vauxhall \u00e0 Ellesmere Port et \u00e0 Lutton. L\u2019usine Vauxhall d\u2019Ellesmere Port existe depuis 1962. Elle d\u00e9veloppe entre autres les gammes 5 portes de l\u2019Astra, ST et GTC. Sur le site de Lutton, cr\u00e9\u00e9 en 1905, ce sont les mod\u00e8les Opel Vivaro III qui y ont \u00e9t\u00e9 produits. Ils sont assembl\u00e9s avec d\u2019autres v\u00e9hicules\u00a0: Nissan NV 300, Renault Traffic III ou Fiat Talento II.<\/li>\n<li>Espagne\u00a0: Opel assemble des v\u00e9hicules en Espagne depuis 1982. Saragosse a vu sortir de son usine des mod\u00e8les comme Meriva, Mokka et Crossland X.<\/li>\n<li>Pologne\u00a0: depuis 1998, Opel a assembl\u00e9 de nombreux mod\u00e8les \u00e0 l\u2019usine de Gliwice\u00a0: Sports Tourer, Cascada et Astra.<\/li>\n<\/ul>\n<p style=\"text-align: justify;\">Outre dans ses propres sites, Opel confie l\u2019assemblage de certains de ces mod\u00e8les \u00e0 des usines partenaires\u00a0:<\/p>\n<ul style=\"text-align: justify;\">\n<li>Usine de Suzuki \u00e0 Esztergom en Hongrie\u00a0;<\/li>\n<li>Usine Renault de Batilly\u00a0;<\/li>\n<li>Etc.<\/li>\n<\/ul>\n<h3 style=\"text-align: justify;\">Qui fabrique les moteurs d\u2019Opel\u00a0?<\/h3>\n<p style=\"text-align: justify;\">Depuis de nombreuses ann\u00e9es, Opel d\u00e9veloppe des moteurs et d\u2019autres \u00e9quipements de voiture dans de nombreuses usines\u00a0\u00e0 Kaiserslauten, \u00e0 Tychy, \u00e0 Aspern et St Gotthard. Parmi les moteurs con\u00e7us, il y a les blocs 1.2 PureTech. Il faut savoir qu\u2019Opel n\u2019utilise pas uniquement ses moteurs dans ses v\u00e9hicules. La preuve, la r\u00e9cente Opel Astra embarque une motorisation d\u00e9velopp\u00e9e par le groupe General Motors. Il s\u2019agit d\u2019un bloc de trois cylindres 1.2 essence 110, 130 et 145 ch et diesel de trois-cylindres 1.5 105 et 122 ch.<\/p>\n<h2 style=\"text-align: justify;\">\u00c0 qui appartient Fiat, une entreprise proche d\u2019Opel\u00a0?<\/h2>\n<p style=\"text-align: justify;\">Fiat et Opel ont connu des histoires diff\u00e9rentes, mais ces constructeurs ont toujours \u00e9t\u00e9 proches. Certains de leurs mod\u00e8les sont assembl\u00e9s dans un m\u00eame site comme celui de Vauxhall \u00e0 Lutton. Le groupe Fiat Chrysler a \u00e9galement tent\u00e9 de racheter Opel aupr\u00e8s de General Motors. Aujourd\u2019hui, ces groupes sont devenus encore plus proches. En effet, Opel fait d\u00e9sormais partie de Stellantis. Sa nouvelle maison-m\u00e8re est le r\u00e9sultat de la fusion entre Fiat et le groupe PSA. Pour information, Fiat est d\u00e9tenue \u00e0 hauteur de 30 % par le groupe Exor S.P.A. appartenant \u00e0 la famille Agnelli, de 41,5 % par diverses institutions et 3,5 par Fiat en auto-contr\u00f4le. Les 24,5 % sont flottants \u00e0 la bourse.<\/p>\n<h3 style=\"text-align: justify;\">Guide d&rsquo;achat Opel<\/h3>\n<p style=\"text-align: justify;\"><a href=\"https:\/\/www.bymycar.fr\/webzine\/quel-est-le-prix-dune-opel-electrique\/\">Quel est le prix d&rsquo;une opel \u00e9lectrique ?<\/a><\/p>\n<p style=\"text-align: justify;\"><a href=\"https:\/\/www.bymycar.fr\/webzine\/modeles-opel-tous-les-vehicules-de-la-gamme\/\">Mod\u00e8les Opel : Tous les v\u00e9hicules de la gamme<\/a><\/p>\n<p style=\"text-align: justify;\"><a href=\"https:\/\/www.bymycar.fr\/webzine\/opel-courroie-de-distribution-ou-chaine\/\">Opel : Courroie de distribution ou chaine ?<\/a><\/p>\n<p style=\"text-align: justify;\"><a href=\"https:\/\/www.bymycar.fr\/webzine\/opel-origine-et-histoire-de-la-marque\/\">Opel : Origine et histoire de la marque<\/a><\/p>\n<p style=\"text-align: justify;\"><a href=\"https:\/\/www.bymycar.fr\/webzine\/que-veut-dire-opel\/\">Que veut dire opel ?<\/a><\/p>\n<p style=\"text-align: justify;\"><a href=\"https:\/\/www.bymycar.fr\/webzine\/que-veut-dire-opc-chez-opel\/\">Que veut dire opc chez opel ?<\/a><\/p>\n<p style=\"text-align: justify;\"><a href=\"https:\/\/www.bymycar.fr\/webzine\/opel-ou-peugeot-quelle-marque-est-faite-pour-vous\/\">Opel ou peugeot : quelle marque est faite pour vous ?<\/a><\/p>\n<p style=\"text-align: justify;\"><a href=\"https:\/\/www.bymycar.fr\/webzine\/ford-ou-opel-quelle-marque-est-faite-pour-vous\/\">Ford ou opel : quelle marque est faite pour vous ?<\/a><\/p>\n<p style=\"text-align: justify;\"><a href=\"https:\/\/www.bymycar.fr\/webzine\/le-logo-dopel-histoire-et-signification\/\">Le logo d\u2019Opel, histoire et signification<\/a><\/p>\n<p style=\"text-align: justify;\"><a href=\"https:\/\/www.bymycar.fr\/webzine\/quel-moteur-opel-sur-quel-vehicule\/\">Quels moteurs Opel sur quels v\u00e9hicules ?<\/a><\/p>\n"}}]},"add-carousel-to-footer":true},"yoast_head":"<!-- This site is optimized with the Yoast SEO Premium plugin v26.4 (Yoast SEO v26.4) - https:\/\/yoast.com\/wordpress\/plugins\/seo\/ -->\n<title>\u00c0 qui appartient Opel ?<\/title>\n<meta name=\"robots\" content=\"index, follow, max-snippet:-1, max-image-preview:large, max-video-preview:-1\" \/>\n<link rel=\"canonical\" href=\"https:\/\/www.bymycar.fr\/webzine\/a-qui-appartient-opel\/\" \/>\n<meta property=\"og:locale\" content=\"fr_FR\" \/>\n<meta property=\"og:type\" content=\"article\" \/>\n<meta property=\"og:title\" content=\"\u00c0 qui appartient Opel ?\" \/>\n<meta property=\"og:url\" content=\"https:\/\/www.bymycar.fr\/webzine\/a-qui-appartient-opel\/\" \/>\n<meta property=\"og:site_name\" content=\"Webzine auto BYmyCAR\" \/>\n<meta property=\"article:published_time\" content=\"2022-06-28T08:05:06+00:00\" \/>\n<meta property=\"article:modified_time\" content=\"2023-02-08T10:15:39+00:00\" \/>\n<meta property=\"og:image\" content=\"https:\/\/cdn.bymycar.eu\/fr-webzine\/wp-content\/uploads\/medias\/A-qui-appartient-Opel.jpg\" \/>\n\t<meta property=\"og:image:width\" content=\"750\" \/>\n\t<meta property=\"og:image:height\" content=\"410\" \/>\n\t<meta property=\"og:image:type\" content=\"image\/jpeg\" \/>\n<meta name=\"author\" content=\"Gregoire LE BIHAN\" \/>\n<meta name=\"twitter:card\" content=\"summary_large_image\" \/>\n<meta name=\"twitter:label1\" content=\"\u00c9crit par\" \/>\n\t<meta name=\"twitter:data1\" content=\"Gregoire LE BIHAN\" \/>\n<script type=\"application\/ld+json\" class=\"yoast-schema-graph\">{\"@context\":\"https:\/\/schema.org\",\"@graph\":[{\"@type\":\"Article\",\"@id\":\"https:\/\/www.bymycar.fr\/webzine\/a-qui-appartient-opel\/#article\",\"isPartOf\":{\"@id\":\"https:\/\/www.bymycar.fr\/webzine\/a-qui-appartient-opel\/\"},\"author\":{\"name\":\"Gregoire LE BIHAN\",\"@id\":\"https:\/\/www.bymycar.fr\/webzine\/#\/schema\/person\/8c56906440ec126868bd40232b3445f0\"},\"headline\":\"\u00c0 qui appartient Opel ?\",\"datePublished\":\"2022-06-28T08:05:06+00:00\",\"dateModified\":\"2023-02-08T10:15:39+00:00\",\"mainEntityOfPage\":{\"@id\":\"https:\/\/www.bymycar.fr\/webzine\/a-qui-appartient-opel\/\"},\"wordCount\":3,\"publisher\":{\"@id\":\"https:\/\/www.bymycar.fr\/webzine\/#organization\"},\"image\":{\"@id\":\"https:\/\/www.bymycar.fr\/webzine\/a-qui-appartient-opel\/#primaryimage\"},\"thumbnailUrl\":\"https:\/\/cdn.bymycar.eu\/fr-webzine\/wp-content\/uploads\/medias\/A-qui-appartient-Opel.jpg\",\"articleSection\":[\"Guide d'achat\",\"Guide d'achat Opel\"],\"inLanguage\":\"fr-FR\"},{\"@type\":\"WebPage\",\"@id\":\"https:\/\/www.bymycar.fr\/webzine\/a-qui-appartient-opel\/\",\"url\":\"https:\/\/www.bymycar.fr\/webzine\/a-qui-appartient-opel\/\",\"name\":\"\u00c0 qui appartient Opel ?\",\"isPartOf\":{\"@id\":\"https:\/\/www.bymycar.fr\/webzine\/#website\"},\"primaryImageOfPage\":{\"@id\":\"https:\/\/www.bymycar.fr\/webzine\/a-qui-appartient-opel\/#primaryimage\"},\"image\":{\"@id\":\"https:\/\/www.bymycar.fr\/webzine\/a-qui-appartient-opel\/#primaryimage\"},\"thumbnailUrl\":\"https:\/\/cdn.bymycar.eu\/fr-webzine\/wp-content\/uploads\/medias\/A-qui-appartient-Opel.jpg\",\"datePublished\":\"2022-06-28T08:05:06+00:00\",\"dateModified\":\"2023-02-08T10:15:39+00:00\",\"breadcrumb\":{\"@id\":\"https:\/\/www.bymycar.fr\/webzine\/a-qui-appartient-opel\/#breadcrumb\"},\"inLanguage\":\"fr-FR\",\"potentialAction\":[{\"@type\":\"ReadAction\",\"target\":[\"https:\/\/www.bymycar.fr\/webzine\/a-qui-appartient-opel\/\"]}]},{\"@type\":\"ImageObject\",\"inLanguage\":\"fr-FR\",\"@id\":\"https:\/\/www.bymycar.fr\/webzine\/a-qui-appartient-opel\/#primaryimage\",\"url\":\"https:\/\/cdn.bymycar.eu\/fr-webzine\/wp-content\/uploads\/medias\/A-qui-appartient-Opel.jpg\",\"contentUrl\":\"https:\/\/cdn.bymycar.eu\/fr-webzine\/wp-content\/uploads\/medias\/A-qui-appartient-Opel.jpg\",\"width\":750,\"height\":410},{\"@type\":\"BreadcrumbList\",\"@id\":\"https:\/\/www.bymycar.fr\/webzine\/a-qui-appartient-opel\/#breadcrumb\",\"itemListElement\":[{\"@type\":\"ListItem\",\"position\":1,\"name\":\"Accueil\",\"item\":\"https:\/\/www.bymycar.fr\/webzine\/\"},{\"@type\":\"ListItem\",\"position\":2,\"name\":\"\u00c0 qui appartient Opel ?\"}]},{\"@type\":\"WebSite\",\"@id\":\"https:\/\/www.bymycar.fr\/webzine\/#website\",\"url\":\"https:\/\/www.bymycar.fr\/webzine\/\",\"name\":\"Webzine auto BYmyCAR\",\"description\":\"La magazine auto de BYmyCAR\",\"publisher\":{\"@id\":\"https:\/\/www.bymycar.fr\/webzine\/#organization\"},\"potentialAction\":[{\"@type\":\"SearchAction\",\"target\":{\"@type\":\"EntryPoint\",\"urlTemplate\":\"https:\/\/www.bymycar.fr\/webzine\/?s={search_term_string}\"},\"query-input\":{\"@type\":\"PropertyValueSpecification\",\"valueRequired\":true,\"valueName\":\"search_term_string\"}}],\"inLanguage\":\"fr-FR\"},{\"@type\":\"Organization\",\"@id\":\"https:\/\/www.bymycar.fr\/webzine\/#organization\",\"name\":\"BYmyCAR\",\"url\":\"https:\/\/www.bymycar.fr\/webzine\/\",\"logo\":{\"@type\":\"ImageObject\",\"inLanguage\":\"fr-FR\",\"@id\":\"https:\/\/www.bymycar.fr\/webzine\/#\/schema\/logo\/image\/\",\"url\":\"https:\/\/cdn.bymycar.eu\/fr-webzine\/wp-content\/uploads\/medias\/2017\/08\/logo_DEALER_00000406_001.png\",\"contentUrl\":\"https:\/\/cdn.bymycar.eu\/fr-webzine\/wp-content\/uploads\/medias\/2017\/08\/logo_DEALER_00000406_001.png\",\"width\":2132,\"height\":720,\"caption\":\"BYmyCAR\"},\"image\":{\"@id\":\"https:\/\/www.bymycar.fr\/webzine\/#\/schema\/logo\/image\/\"}},{\"@type\":\"Person\",\"@id\":\"https:\/\/www.bymycar.fr\/webzine\/#\/schema\/person\/8c56906440ec126868bd40232b3445f0\",\"name\":\"Gregoire LE BIHAN\",\"image\":{\"@type\":\"ImageObject\",\"inLanguage\":\"fr-FR\",\"@id\":\"https:\/\/www.bymycar.fr\/webzine\/#\/schema\/person\/image\/\",\"url\":\"https:\/\/secure.gravatar.com\/avatar\/1356d71f3c6eed50de358ba425c9944b742a0d35f88e0d5f8afe88fdac525492?s=96&d=mm&r=g\",\"contentUrl\":\"https:\/\/secure.gravatar.com\/avatar\/1356d71f3c6eed50de358ba425c9944b742a0d35f88e0d5f8afe88fdac525492?s=96&d=mm&r=g\",\"caption\":\"Gregoire LE BIHAN\"}}]}<\/script>\n<!-- \/ Yoast SEO Premium plugin. -->","yoast_head_json":{"title":"\u00c0 qui appartient Opel ?","robots":{"index":"index","follow":"follow","max-snippet":"max-snippet:-1","max-image-preview":"max-image-preview:large","max-video-preview":"max-video-preview:-1"},"canonical":"https:\/\/www.bymycar.fr\/webzine\/a-qui-appartient-opel\/","og_locale":"fr_FR","og_type":"article","og_title":"\u00c0 qui appartient Opel ?","og_url":"https:\/\/www.bymycar.fr\/webzine\/a-qui-appartient-opel\/","og_site_name":"Webzine auto BYmyCAR","article_published_time":"2022-06-28T08:05:06+00:00","article_modified_time":"2023-02-08T10:15:39+00:00","og_image":[{"width":750,"height":410,"url":"https:\/\/cdn.bymycar.eu\/fr-webzine\/wp-content\/uploads\/medias\/A-qui-appartient-Opel.jpg","type":"image\/jpeg"}],"author":"Gregoire LE BIHAN","twitter_card":"summary_large_image","twitter_misc":{"\u00c9crit par":"Gregoire LE BIHAN"},"schema":{"@context":"https:\/\/schema.org","@graph":[{"@type":"Article","@id":"https:\/\/www.bymycar.fr\/webzine\/a-qui-appartient-opel\/#article","isPartOf":{"@id":"https:\/\/www.bymycar.fr\/webzine\/a-qui-appartient-opel\/"},"author":{"name":"Gregoire LE BIHAN","@id":"https:\/\/www.bymycar.fr\/webzine\/#\/schema\/person\/8c56906440ec126868bd40232b3445f0"},"headline":"\u00c0 qui appartient Opel ?","datePublished":"2022-06-28T08:05:06+00:00","dateModified":"2023-02-08T10:15:39+00:00","mainEntityOfPage":{"@id":"https:\/\/www.bymycar.fr\/webzine\/a-qui-appartient-opel\/"},"wordCount":3,"publisher":{"@id":"https:\/\/www.bymycar.fr\/webzine\/#organization"},"image":{"@id":"https:\/\/www.bymycar.fr\/webzine\/a-qui-appartient-opel\/#primaryimage"},"thumbnailUrl":"https:\/\/cdn.bymycar.eu\/fr-webzine\/wp-content\/uploads\/medias\/A-qui-appartient-Opel.jpg","articleSection":["Guide d'achat","Guide d'achat Opel"],"inLanguage":"fr-FR"},{"@type":"WebPage","@id":"https:\/\/www.bymycar.fr\/webzine\/a-qui-appartient-opel\/","url":"https:\/\/www.bymycar.fr\/webzine\/a-qui-appartient-opel\/","name":"\u00c0 qui appartient Opel ?","isPartOf":{"@id":"https:\/\/www.bymycar.fr\/webzine\/#website"},"primaryImageOfPage":{"@id":"https:\/\/www.bymycar.fr\/webzine\/a-qui-appartient-opel\/#primaryimage"},"image":{"@id":"https:\/\/www.bymycar.fr\/webzine\/a-qui-appartient-opel\/#primaryimage"},"thumbnailUrl":"https:\/\/cdn.bymycar.eu\/fr-webzine\/wp-content\/uploads\/medias\/A-qui-appartient-Opel.jpg","datePublished":"2022-06-28T08:05:06+00:00","dateModified":"2023-02-08T10:15:39+00:00","breadcrumb":{"@id":"https:\/\/www.bymycar.fr\/webzine\/a-qui-appartient-opel\/#breadcrumb"},"inLanguage":"fr-FR","potentialAction":[{"@type":"ReadAction","target":["https:\/\/www.bymycar.fr\/webzine\/a-qui-appartient-opel\/"]}]},{"@type":"ImageObject","inLanguage":"fr-FR","@id":"https:\/\/www.bymycar.fr\/webzine\/a-qui-appartient-opel\/#primaryimage","url":"https:\/\/cdn.bymycar.eu\/fr-webzine\/wp-content\/uploads\/medias\/A-qui-appartient-Opel.jpg","contentUrl":"https:\/\/cdn.bymycar.eu\/fr-webzine\/wp-content\/uploads\/medias\/A-qui-appartient-Opel.jpg","width":750,"height":410},{"@type":"BreadcrumbList","@id":"https:\/\/www.bymycar.fr\/webzine\/a-qui-appartient-opel\/#breadcrumb","itemListElement":[{"@type":"ListItem","position":1,"name":"Accueil","item":"https:\/\/www.bymycar.fr\/webzine\/"},{"@type":"ListItem","position":2,"name":"\u00c0 qui appartient Opel ?"}]},{"@type":"WebSite","@id":"https:\/\/www.bymycar.fr\/webzine\/#website","url":"https:\/\/www.bymycar.fr\/webzine\/","name":"Webzine auto BYmyCAR","description":"La magazine auto de BYmyCAR","publisher":{"@id":"https:\/\/www.bymycar.fr\/webzine\/#organization"},"potentialAction":[{"@type":"SearchAction","target":{"@type":"EntryPoint","urlTemplate":"https:\/\/www.bymycar.fr\/webzine\/?s={search_term_string}"},"query-input":{"@type":"PropertyValueSpecification","valueRequired":true,"valueName":"search_term_string"}}],"inLanguage":"fr-FR"},{"@type":"Organization","@id":"https:\/\/www.bymycar.fr\/webzine\/#organization","name":"BYmyCAR","url":"https:\/\/www.bymycar.fr\/webzine\/","logo":{"@type":"ImageObject","inLanguage":"fr-FR","@id":"https:\/\/www.bymycar.fr\/webzine\/#\/schema\/logo\/image\/","url":"https:\/\/cdn.bymycar.eu\/fr-webzine\/wp-content\/uploads\/medias\/2017\/08\/logo_DEALER_00000406_001.png","contentUrl":"https:\/\/cdn.bymycar.eu\/fr-webzine\/wp-content\/uploads\/medias\/2017\/08\/logo_DEALER_00000406_001.png","width":2132,"height":720,"caption":"BYmyCAR"},"image":{"@id":"https:\/\/www.bymycar.fr\/webzine\/#\/schema\/logo\/image\/"}},{"@type":"Person","@id":"https:\/\/www.bymycar.fr\/webzine\/#\/schema\/person\/8c56906440ec126868bd40232b3445f0","name":"Gregoire LE BIHAN","image":{"@type":"ImageObject","inLanguage":"fr-FR","@id":"https:\/\/www.bymycar.fr\/webzine\/#\/schema\/person\/image\/","url":"https:\/\/secure.gravatar.com\/avatar\/1356d71f3c6eed50de358ba425c9944b742a0d35f88e0d5f8afe88fdac525492?s=96&d=mm&r=g","contentUrl":"https:\/\/secure.gravatar.com\/avatar\/1356d71f3c6eed50de358ba425c9944b742a0d35f88e0d5f8afe88fdac525492?s=96&d=mm&r=g","caption":"Gregoire LE BIHAN"}}]}},"_links":{"self":[{"href":"https:\/\/www.bymycar.fr\/webzine\/wp-json\/wp\/v2\/posts\/30764","targetHints":{"allow":["GET"]}}],"collection":[{"href":"https:\/\/www.bymycar.fr\/webzine\/wp-json\/wp\/v2\/posts"}],"about":[{"href":"https:\/\/www.bymycar.fr\/webzine\/wp-json\/wp\/v2\/types\/post"}],"author":[{"embeddable":true,"href":"https:\/\/www.bymycar.fr\/webzine\/wp-json\/wp\/v2\/users\/9"}],"replies":[{"embeddable":true,"href":"https:\/\/www.bymycar.fr\/webzine\/wp-json\/wp\/v2\/comments?post=30764"}],"version-history":[{"count":9,"href":"https:\/\/www.bymycar.fr\/webzine\/wp-json\/wp\/v2\/posts\/30764\/revisions"}],"predecessor-version":[{"id":39555,"href":"https:\/\/www.bymycar.fr\/webzine\/wp-json\/wp\/v2\/posts\/30764\/revisions\/39555"}],"wp:featuredmedia":[{"embeddable":true,"href":"https:\/\/www.bymycar.fr\/webzine\/wp-json\/wp\/v2\/media\/31056"}],"wp:attachment":[{"href":"https:\/\/www.bymycar.fr\/webzine\/wp-json\/wp\/v2\/media?parent=30764"}],"wp:term":[{"taxonomy":"category","embeddable":true,"href":"https:\/\/www.bymycar.fr\/webzine\/wp-json\/wp\/v2\/categories?post=30764"},{"taxonomy":"post_tag","embeddable":true,"href":"https:\/\/www.bymycar.fr\/webzine\/wp-json\/wp\/v2\/tags?post=30764"}],"curies":[{"name":"wp","href":"https:\/\/api.w.org\/{rel}","templated":true}]}}