{"id":30756,"date":"2022-06-28T10:04:02","date_gmt":"2022-06-28T08:04:02","guid":{"rendered":"https:\/\/prod.bymycar.fr\/webzine\/?p=30756"},"modified":"2023-02-08T11:13:22","modified_gmt":"2023-02-08T10:13:22","slug":"que-veut-dire-opc-chez-opel","status":"publish","type":"post","link":"https:\/\/www.bymycar.fr\/webzine\/que-veut-dire-opc-chez-opel\/","title":{"rendered":"Que veut dire OPC chez Opel ?"},"content":{"rendered":"","protected":false},"excerpt":{"rendered":"","protected":false},"author":9,"featured_media":30757,"comment_status":"closed","ping_status":"open","sticky":false,"template":"","format":"standard","meta":{"_acf_changed":false,"footnotes":""},"categories":[12893,12919],"tags":[],"class_list":["post-30756","post","type-post","status-publish","format-standard","has-post-thumbnail","hentry","category-guide-dachat","category-guide-dachat-opel"],"acf":{"template":"classique","introduction":"<p style=\"text-align: justify;\">Il n\u2019est pas rare de croiser une voiture Opel dot\u00e9e de l\u2019inscription OPC. Cependant, peu de gens connaissent r\u00e9ellement sa signification ou depuis quand elle est utilis\u00e9e. D\u00e9couvrez avec BYmyCAR les r\u00e9ponses \u00e0 vos questions concernant les gammes Opel OPC.<\/p>\n<p style=\"text-align: center;\"><a href=\"https:\/\/www.bymycar.fr\/rechercher-un-vehicule?prod_VEHICLES%5BrefinementList%5D%5Bbrand%5D%5B0%5D=OPEL\" target=\"_blank\" class=\"css-button css-button--gold\" >\n                Voir nos v\u00e9hicules Opel\n        <\/a><\/p>\n","strates":[{"type_strate":"carousel-produits","ancre":"","contenu":"<h2 style=\"text-align: justify;\">Que signifie OPC chez Opel\u00a0?<\/h2>\n<p style=\"text-align: justify;\">Chez Opel, OPC renvoie \u00e0 Opel Performance Center, une filiale du constructeur allemand. Ce p\u00f4le a \u00e9t\u00e9 cr\u00e9\u00e9 pour se consacrer \u00e0 la production de voitures hautes performances de la marque. Ainsi, les v\u00e9hicules OPC sont tout simplement des mod\u00e8les sportifs de la marque Opel. Voil\u00e0 pourquoi ils paraissent souvent plus robustes et dynamiques.<\/p>\n<h3 style=\"text-align: justify;\">Cr\u00e9ation d&rsquo;Opel Performance Center<\/h3>\n<p style=\"text-align: justify;\">Opel n\u2019est pas seulement la propri\u00e9t\u00e9 d\u2019un autre constructeur automobile. Le constructeur automobile allemand poss\u00e8de aussi une filiale r\u00e9pondant au nom d&rsquo;OPC ou d&rsquo;<a href=\"https:\/\/www.bymycar.fr\/marques\/opel\">Ope<\/a>l\u00a0Performance Center GMBH. Cr\u00e9\u00e9e en 1997, cette filiale ind\u00e9pendante de la marque dispose de 15 ans d\u2019exp\u00e9rience dans le d\u00e9veloppement de voitures Opel sportives.<\/p>\n<p style=\"text-align: justify;\">Sous la direction de l\u2019ancien pilote et champion de DTM Volker Strycek, le nom de la filiale est devenu un label sportif et moderne \u00e0 la fois. Un logo gris avec une courbe jaune \u00e9tait utilis\u00e9 avant 2004, p\u00e9riode pendant laquelle le march\u00e9 automobile \u00e9tait en pleine transformation. Par la suite, le logo a gard\u00e9 sa couleur grise tout en adoptant une nouvelle police pour le texte. Par ailleurs, Opel Performance Center a su devenir une valeur ajout\u00e9e pour la marque allemande Opel gr\u00e2ce \u00e0 ses v\u00e9hicules performants. Certains mod\u00e8les participent m\u00eame \u00e0 des championnats de voitures de tourisme et au championnat DTM en Allemagne. En effet, les labels OPC, l\u2019\u00e9quivalent de VXR en Angleterre, sont \u00e9troitement li\u00e9s \u00e0 l\u2019univers de la comp\u00e9tition automobile.<\/p>\n<h3 style=\"text-align: justify;\">Quelles sont les voitures produites au sein des usines de la filiale OPC\u00a0de Opel ?<\/h3>\n<p style=\"text-align: justify;\">Depuis sa cr\u00e9ation, la filiale OPC de Opel a produit plus d\u2019une dizaine de voitures. La filiale du constructeur allemand a lanc\u00e9 l\u2019Astra OPC en 1999. Deux ans plus tard, elle a d\u00e9cid\u00e9 de pr\u00e9senter l\u2019Opel Zafira badg\u00e9e Opel Performance Center, puis un mod\u00e8le Astra restyl\u00e9 est apparu en 2002 ainsi qu\u2019une autre Astra SW OPC. Durant les ann\u00e9es suivantes, d\u2019autres mod\u00e8les OPC ont \u00e9t\u00e9 d\u00e9velopp\u00e9s pour renforcer le positionnement du groupe Opel sur le march\u00e9 de l\u2019automobile sportif\u00a0:<\/p>\n<ul style=\"text-align: justify;\">\n<li>Opel Corsa OPC en 2005\u00a0;<\/li>\n<li>Opel Vectra OPC en 2005\u00a0;<\/li>\n<li>Opel Zafira OPC en 2006\u00a0;<\/li>\n<li>Opel Meriva OPC en 2006\u00a0;<\/li>\n<li>Opel Vectra OPC restyl\u00e9 en 2007\u00a0;<\/li>\n<li>Opel Corsa D OPC en 2007\u00a0;<\/li>\n<li>Opel Insignia OPC en 2009\u00a0;<\/li>\n<li>Opel Insignia OPC Unlimited en 2011 ;<\/li>\n<li>Opel Corsa OPC N\u00fcrburgring Edition en 2011;<\/li>\n<li>Opel Astra OPC depuis 2013.<\/li>\n<\/ul>\n<h2 style=\"text-align: justify;\">Quel est le premier v\u00e9hicule badg\u00e9 OPC\u00a0?<\/h2>\n<p style=\"text-align: justify;\">Le premier v\u00e9hicule Opel sigl\u00e9 OPC n\u2019est autre que le mod\u00e8le Astra. Cette voiture est sortie en 1999, ce qui laisse penser que l\u2019OPC existe depuis cette ann\u00e9e. Le constructeur allemand Opel a choisi ce mod\u00e8le comme fer de lance de sa gamme sportive. Il faut savoir que de nombreuses d\u00e9clinaisons G et H ont \u00e9t\u00e9 produites\u00a0durant les ann\u00e9es suivantes.<\/p>\n<h3 style=\"text-align: justify;\">Descriptions des Opel Astra G 160 ou GTC OPC<\/h3>\n<p style=\"text-align: justify;\">L\u2019Opel Astra G OPC est produite entre 1999 et 2001. Bas\u00e9e sur la plateforme T mise au point par General Motors et utilis\u00e9e sur la version 3 de l\u2019Astra, cette voiture dispose d\u2019un moteur X20XEV, \u00e0 double arbre \u00e0 cames en t\u00eate, capable de d\u00e9velopper une puissance de 160 ch et une vitesse maximale de 218 km\/h. Pour la version turbo de ce mod\u00e8le OPC, la puissance maximale est de 200 ch pour 240 km\/h. Concernant leur gabarit, ces v\u00e9hicules, b\u00e9n\u00e9ficiant de la d\u00e9rogation Ferrari, d&rsquo;un train avant sp\u00e9cifique et d&rsquo;une bo\u00eete de vitesses manuelle, disposent d\u2019une longueur de 4,110 m, d\u2019une largeur de 1,710 et d\u2019une hauteur de 1,425 m.<\/p>\n<h3 style=\"text-align: justify;\">Description de l\u2019Opel Astra H OPC<\/h3>\n<p style=\"text-align: justify;\">Une autre version de l\u2019Opel Astra OPC baptis\u00e9e H a \u00e9t\u00e9 produite entre 2005 et 2010. Un moteur Z20LEH de 240 ch et d&rsquo;un couple de 320 NM, \u00e0 double arbre \u00e0 cames en t\u00eate, coupl\u00e9 \u00e0 une bo\u00eete de vitesses manuelle \u00e0 6 rapports est install\u00e9 sous le capot. Cela se traduit par une vitesse maximale de 244 km\/h et une acc\u00e9l\u00e9ration de 0 \u00e0 100 km\/h en 6,4 secondes. Ce mod\u00e8le compact sportif est imposant avec sa longueur de 4,290 m, sa largeur de 1,753 m et sa hauteur de 1,415 m. Pour information, ce mod\u00e8le d\u00e9tient le record du tour au N\u00fcrburgring. Il est \u00e9galement \u00e9quip\u00e9 d&rsquo;\u00e9l\u00e9ments sp\u00e9cifiques : becquet de toit, calandre en nid d&rsquo;abeille, phares Bi-X\u00e9non adaptatifs, etc. Cette voiture est \u00e9galement compatible avec le syst\u00e8me de freinage brembo.<\/p>\n<h2 style=\"text-align: justify;\">Opel Corsa D pack OPC ou Vauxhall Corsa D VXR\u00a0: descriptif<\/h2>\n<p style=\"text-align: justify;\">L\u2019Opel Corsa fait aussi partie des mod\u00e8les du constructeur allemand disposant d&rsquo;une d\u00e9clinaison baptis\u00e9e Opel Performance Center. Deux gammes ont \u00e9t\u00e9 lanc\u00e9es\u00a0: D et E.<\/p>\n<h3 style=\"text-align: justify;\">Quelles sont les caract\u00e9ristiques de l\u2019Opel Corsa D OPC\u00a0?<\/h3>\n<p style=\"text-align: justify;\">Deux versions de l\u2019Opel Corsa OPC ont \u00e9t\u00e9 d\u00e9velopp\u00e9es par les ing\u00e9nieurs du centre :<\/p>\n<ul style=\"text-align: justify;\">\n<li>Opel Corsa OPC\u00a0: D\u00e9velopp\u00e9e entre 2007 et 2014, l\u2019Opel Corsa OPC ou Vauxhall Corsa D VXR en Grande-Bretagne est une citadine \u00e9quip\u00e9e du moteur A16LER mise au point pour la GM Family I et d\u2019une puissance maximale de 192 ch. Elle a \u00e9t\u00e9 d\u00e9velopp\u00e9e sur la base du ch\u00e2ssis SCCS issue du partenariat entre Fiat et GM. D\u2019une longueur de 4,040 m et d\u2019une largeur de 1,712 m, cette voiture consomme 7,9 l\/100 km avec une acc\u00e9l\u00e9ration de 0 \u00e0 100 km\/h en 7,2 secondes. Elle est capable de rouler correctement aussi bien dans l&rsquo;enfer vert ou dans la jungle urbaine.<\/li>\n<li>Opel Corsa D OPC N\u00fcrburgring Edition : Il s\u2019agit d\u2019une \u00e9dition s\u00e9rie limit\u00e9e de l\u2019Opel Corsa D qui dispose d&rsquo;un diff\u00e9rentiel \u00e0 glissement limit\u00e9. L\u2019Opel Corsa D OPC N\u00fcrburgring Edition a \u00e9t\u00e9 produite en 500 exemplaires en 2011. Gr\u00e2ce au moteur A16LES dont elle est \u00e9quip\u00e9e, cette voiture peut atteindre une vitesse maximale de 210 ch, avec un comportement routier appr\u00e9ciable sur ligne droite et dans les virages. C\u00f4t\u00e9 dimension et style, elle ressemble \u00e0 sa grande s\u0153ur en tout point et dispose d&rsquo;une jante en alliage de 18 pouces.<\/li>\n<\/ul>\n<h3 style=\"text-align: justify;\">Quelles sont les caract\u00e9ristiques de l\u2019Opel Corsa E\u00a0?<\/h3>\n<p style=\"text-align: justify;\">Apparue sur le march\u00e9 entre 2015 et 2019, l\u2019Opel Corsa E OPC remplace l\u2019Opel Corsa D OPC. La particularit\u00e9 de ce mod\u00e8le est qu\u2019il est construit sur la base d\u2019une reconception de l\u2019ancienne plateforme SCCS. Sous le moteur se cache aussi un moteur B16LES d\u00e9riv\u00e9 du bloc utilis\u00e9 pour la Corsa D. Ce moteur respecte plus les normes Euro 6 et permet d\u2019atteindre une vitesse maximale de 230 km\/h. En outre, l\u2019Opel Corsa E de 4 m de long pour une largeur de 1,74 m et une hauteur de 1,480 m dispose d&rsquo;une double sortie d&rsquo;\u00e9chappement, d&rsquo;un volant \u00e0 m\u00e9plat et des jupes lat\u00e9rales sp\u00e9cifiques.<\/p>\n<h2 style=\"text-align: justify;\">Description des berlines Opel OPC\u00a0: Vectra et Insignia<\/h2>\n<p style=\"text-align: justify;\">Les berlines OPC les plus connues sont les mod\u00e8les Vectra C et Insignia.<\/p>\n<h3 style=\"text-align: justify;\">Quelles sont les particularit\u00e9s de l\u2019Opel Vectra C OPC\u00a0?<\/h3>\n<p style=\"text-align: justify;\">Vendue sous le nom de Vauxhall Vectra VXR en Angleterre, l\u2019Opel Vectra C OPC est une berline familiale 5 portes mise au point et d\u00e9velopp\u00e9e entre 2006 et 2009. Un moteur V6 essence, baptis\u00e9 2xDOHC et \u00e0 quatre arbres \u00e0 cames anime cette voiture sur la route. Il d\u00e9veloppe une puissance maximale de 280 ch permettant d\u2019atteindre 250 km\/h. Malgr\u00e9 sa taille assez imposante, avec une longueur comprise entre 4,642 m et 4,780 m, cette voiture affiche une acc\u00e9l\u00e9ration de 0 \u00e0 100 km\/h en seulement 6,4 secondes.<\/p>\n<h3 style=\"text-align: justify;\">Quelles sont les caract\u00e9ristiques de l\u2019Opel Insignia OPC\u00a0?<\/h3>\n<p style=\"text-align: justify;\">Commercialis\u00e9e entre 2009 et 2017, l\u2019Opel Insignia OPC Sports tourer embarque \u00e9galement un moteur V6 SOHC. Elle est compatible avec des bo\u00eetes manuelles et automatiques \u00e0 6 rapports de vitesses. Sur la route, cette voiture pr\u00e9sente une acc\u00e9l\u00e9ration de 0 \u00e0 100 km\/h en 6 secondes, une puissance de 325 ch et une vitesse maximale de 250 km\/h.<\/p>\n<h2 style=\"text-align: justify;\">Quel prix payer pour avoir comme nouvelle voiture une Opel Astra OPC\u00a0ou Corsa OPC ?<\/h2>\n<p style=\"text-align: justify;\">\u00c0 la recherche d\u2019une petite sportive d\u2019occasion, les mod\u00e8les Opel Astra OPC et Corsa OPC ne sont pas \u00e0 n\u00e9gliger. Ces voitures font partie des plus connues propos\u00e9es par Opel Performance Center. Elles sont encore assez cot\u00e9es sur le march\u00e9, ce qui peut \u00eatre int\u00e9ressant en cas de revente.<\/p>\n<p style=\"text-align: justify;\">Concernant l\u2019Opel Astra OPC, le prix varie en fonction de l\u2019\u00e9tat g\u00e9n\u00e9ral de la voiture. Par exemple, les Astra OPC \u00e0 faible kilom\u00e9trage, d\u2019environ 25 000 \u20ac, sont toujours affich\u00e9es aux alentours de 25\u00a0000 \u20ac, et m\u00eame, plus. Au-del\u00e0 de 100\u00a0000 km parcourus, le prix de ce type de voiture peut descendre aux environs de 10\u00a0000 \u20ac, et m\u00eame, en dessous.<\/p>\n<p style=\"text-align: justify;\">Pour une Opel Corsa OPC, il faut pr\u00e9voir un budget compris entre 8\u00a0000 \u20ac et 20\u00a0000 \u20ac en moyenne. Cette variation s\u2019explique aussi par l\u2019\u00e9tat de la voiture et de l\u2019entretien r\u00e9alis\u00e9 par le vendeur avant la mise en vente. Logiquement, les voitures en tr\u00e8s bon \u00e9tat sont toujours plus on\u00e9reuses.<\/p>\n<p style=\"text-align: justify;\">Par ailleurs, ceux qui souhaitent acheter une voiture plus grande peuvent se tourner vers les mod\u00e8les Meriva OPC ou Zafira OPC. L\u2019Opel Zafira OPC est une voiture de type monospace produite entre 2001 et 2012. Il en existe \u00e0 moins de 10\u00a0000 \u20ac et \u00e0 plus de 60\u00a0000 \u20ac sur le march\u00e9 d\u2019occasion. En ce qui concerne l\u2019Opel Meriva OPC, cette gamme a \u00e9t\u00e9 propos\u00e9e entre 2004 et 2010. Il s\u2019agit d\u2019une berline compacte spacieuse. Son prix en occasion tourne en moyenne aux alentours de 10\u00a0000 \u20ac. Il est tout \u00e0 fait possible de trouver des mod\u00e8les largement en dessous de ce seuil, \u00e0 3\u00a0000 \u20ac par exemple. Pour rappel, le prix d\u2019une Opel Meriva OPC \u00e9tait aux alentours de 15\u00a0400 \u20ac au moment de son lancement.<\/p>\n<h3 style=\"text-align: justify;\">\u00c0 LIRE \u00c9GALEMENT<\/h3>\n<p style=\"text-align: justify;\"><a href=\"https:\/\/www.bymycar.fr\/webzine\/quel-est-le-prix-dune-opel-electrique\/\">Quel est le prix d&rsquo;une opel \u00e9lectrique ?<\/a><\/p>\n<p style=\"text-align: justify;\"><a href=\"https:\/\/www.bymycar.fr\/webzine\/modeles-opel-tous-les-vehicules-de-la-gamme\/\">Mod\u00e8les Opel : Tous les v\u00e9hicules de la gamme<\/a><\/p>\n<p style=\"text-align: justify;\"><a href=\"https:\/\/www.bymycar.fr\/webzine\/opel-courroie-de-distribution-ou-chaine\/\">Opel : Courroie de distribution ou chaine ?<\/a><\/p>\n<p style=\"text-align: justify;\"><a href=\"https:\/\/www.bymycar.fr\/webzine\/opel-origine-et-histoire-de-la-marque\/\">Opel : Origine et histoire de la marque<\/a><\/p>\n<p style=\"text-align: justify;\"><a href=\"https:\/\/www.bymycar.fr\/webzine\/que-veut-dire-opel\/\">Que veut dire opel ?<\/a><\/p>\n<p style=\"text-align: justify;\"><a href=\"https:\/\/www.bymycar.fr\/webzine\/a-qui-appartient-opel\/\">A\u00a0qui appartient opel ?<\/a><\/p>\n<p style=\"text-align: justify;\"><a href=\"https:\/\/www.bymycar.fr\/webzine\/opel-ou-peugeot-quelle-marque-est-faite-pour-vous\/\">Opel ou peugeot : quelle marque est faite pour vous ?<\/a><\/p>\n<p style=\"text-align: justify;\"><a href=\"https:\/\/www.bymycar.fr\/webzine\/ford-ou-opel-quelle-marque-est-faite-pour-vous\/\">Ford ou opel : quelle marque est faite pour vous ?<\/a><\/p>\n<p style=\"text-align: justify;\"><a href=\"https:\/\/www.bymycar.fr\/webzine\/le-logo-dopel-histoire-et-signification\/\">Le logo d\u2019Opel, histoire et signification<\/a><\/p>\n<p style=\"text-align: justify;\"><a href=\"https:\/\/www.bymycar.fr\/webzine\/quel-moteur-opel-sur-quel-vehicule\/\">Quels moteurs Opel sur quels v\u00e9hicules ?<\/a><\/p>\n","titre":"Voir nos v\u00e9hicules Opel disponibles","image":false,"image_libre":false,"image_800x500":false,"legende":"","zoom":false,"texte":"","articles":false,"categorie_droite":false,"images":false,"elements_comparatif":false,"texte_1":"","texte_2":"","image_1":false,"image_1_563x400":false,"image_1_332x332":false,"image_2":false,"image_2_333x240":false,"image_2_563x400":false,"image_3":false,"image_3_333x240":false,"image_3_332x450":false,"image_4":false,"image_4_332x332":false,"image_4_563x400":false,"code_embed":"","legende_video":"","photo":false,"photo_100x100":false,"nom":"","fonction":"","elements_timeline":false,"entetes_colonnes":false,"entetes_lignes":false,"lignes":false,"introduction":"","formulaire":false,"question":"","reponse":"","libelle_bouton_lien":"","url_lien":"","questions":false,"conclusions":false,"pays":"1","region":"","marque":"4","marqueConcessions":false,"modele":"","ptvente":"","typeV":"","collection":"","nombre_maximum_elements":"5","lien_fin_carousel":"https:\/\/www.bymycar.fr\/rechercher-un-vehicule?prod_VEHICLES%5BrefinementList%5D%5Bbrand%5D%5B0%5D=OPEL","texte_lien_fin_carousel":"Voir plus de v\u00e9hicules","trier_par":"prix"},{"type_strate":"texte-simple","ancre":"","contenu":"<h2 style=\"text-align: justify;\">Que signifie OPC chez Opel\u00a0?<\/h2>\n<p style=\"text-align: justify;\">Chez Opel, OPC renvoie \u00e0 Opel Performance Center, une filiale du constructeur allemand. Ce p\u00f4le a \u00e9t\u00e9 cr\u00e9\u00e9 pour se consacrer \u00e0 la production de voitures hautes performances de la marque. Ainsi, les v\u00e9hicules OPC sont tout simplement des mod\u00e8les sportifs de la marque Opel. Voil\u00e0 pourquoi ils paraissent souvent plus robustes et dynamiques.<\/p>\n<h3 style=\"text-align: justify;\">Cr\u00e9ation d&rsquo;Opel Performance Center<\/h3>\n<p style=\"text-align: justify;\">Opel n\u2019est pas seulement la propri\u00e9t\u00e9 d\u2019un autre constructeur automobile. Le constructeur automobile allemand poss\u00e8de aussi une filiale r\u00e9pondant au nom d&rsquo;OPC ou d&rsquo;<a href=\"https:\/\/www.bymycar.fr\/marques\/opel\">Ope<\/a>l\u00a0Performance Center GMBH. Cr\u00e9\u00e9e en 1997, cette filiale ind\u00e9pendante de la marque dispose de 15 ans d\u2019exp\u00e9rience dans le d\u00e9veloppement de voitures Opel sportives.<\/p>\n<p style=\"text-align: justify;\">Sous la direction de l\u2019ancien pilote et champion de DTM Volker Strycek, le nom de la filiale est devenu un label sportif et moderne \u00e0 la fois. Un logo gris avec une courbe jaune \u00e9tait utilis\u00e9 avant 2004, p\u00e9riode pendant laquelle le march\u00e9 automobile \u00e9tait en pleine transformation. Par la suite, le logo a gard\u00e9 sa couleur grise tout en adoptant une nouvelle police pour le texte. Par ailleurs, Opel Performance Center a su devenir une valeur ajout\u00e9e pour la marque allemande Opel gr\u00e2ce \u00e0 ses v\u00e9hicules performants. Certains mod\u00e8les participent m\u00eame \u00e0 des championnats de voitures de tourisme et au championnat DTM en Allemagne. En effet, les labels OPC, l\u2019\u00e9quivalent de VXR en Angleterre, sont \u00e9troitement li\u00e9s \u00e0 l\u2019univers de la comp\u00e9tition automobile.<\/p>\n<h3 style=\"text-align: justify;\">Quelles sont les voitures produites au sein des usines de la filiale OPC\u00a0de Opel ?<\/h3>\n<p style=\"text-align: justify;\">Depuis sa cr\u00e9ation, la filiale OPC de Opel a produit plus d\u2019une dizaine de voitures. La filiale du constructeur allemand a lanc\u00e9 l\u2019Astra OPC en 1999. Deux ans plus tard, elle a d\u00e9cid\u00e9 de pr\u00e9senter l\u2019Opel Zafira badg\u00e9e Opel Performance Center, puis un mod\u00e8le Astra restyl\u00e9 est apparu en 2002 ainsi qu\u2019une autre Astra SW OPC. Durant les ann\u00e9es suivantes, d\u2019autres mod\u00e8les OPC ont \u00e9t\u00e9 d\u00e9velopp\u00e9s pour renforcer le positionnement du groupe Opel sur le march\u00e9 de l\u2019automobile sportif\u00a0:<\/p>\n<ul style=\"text-align: justify;\">\n<li>Opel Corsa OPC en 2005\u00a0;<\/li>\n<li>Opel Vectra OPC en 2005\u00a0;<\/li>\n<li>Opel Zafira OPC en 2006\u00a0;<\/li>\n<li>Opel Meriva OPC en 2006\u00a0;<\/li>\n<li>Opel Vectra OPC restyl\u00e9 en 2007\u00a0;<\/li>\n<li>Opel Corsa D OPC en 2007\u00a0;<\/li>\n<li>Opel Insignia OPC en 2009\u00a0;<\/li>\n<li>Opel Insignia OPC Unlimited en 2011 ;<\/li>\n<li>Opel Corsa OPC N\u00fcrburgring Edition en 2011;<\/li>\n<li>Opel Astra OPC depuis 2013.<\/li>\n<\/ul>\n<h2 style=\"text-align: justify;\">Quel est le premier v\u00e9hicule badg\u00e9 OPC\u00a0?<\/h2>\n<p style=\"text-align: justify;\">Le premier v\u00e9hicule Opel sigl\u00e9 OPC n\u2019est autre que le mod\u00e8le Astra. Cette voiture est sortie en 1999, ce qui laisse penser que l\u2019OPC existe depuis cette ann\u00e9e. Le constructeur allemand Opel a choisi ce mod\u00e8le comme fer de lance de sa gamme sportive. Il faut savoir que de nombreuses d\u00e9clinaisons G et H ont \u00e9t\u00e9 produites\u00a0durant les ann\u00e9es suivantes.<\/p>\n<h3 style=\"text-align: justify;\">Descriptions des Opel Astra G 160 ou GTC OPC<\/h3>\n<p style=\"text-align: justify;\">L\u2019Opel Astra G OPC est produite entre 1999 et 2001. Bas\u00e9e sur la plateforme T mise au point par General Motors et utilis\u00e9e sur la version 3 de l\u2019Astra, cette voiture dispose d\u2019un moteur X20XEV, \u00e0 double arbre \u00e0 cames en t\u00eate, capable de d\u00e9velopper une puissance de 160 ch et une vitesse maximale de 218 km\/h. Pour la version turbo de ce mod\u00e8le OPC, la puissance maximale est de 200 ch pour 240 km\/h. Concernant leur gabarit, ces v\u00e9hicules, b\u00e9n\u00e9ficiant de la d\u00e9rogation Ferrari, d&rsquo;un train avant sp\u00e9cifique et d&rsquo;une bo\u00eete de vitesses manuelle, disposent d\u2019une longueur de 4,110 m, d\u2019une largeur de 1,710 et d\u2019une hauteur de 1,425 m.<\/p>\n<h3 style=\"text-align: justify;\">Description de l\u2019Opel Astra H OPC<\/h3>\n<p style=\"text-align: justify;\">Une autre version de l\u2019Opel Astra OPC baptis\u00e9e H a \u00e9t\u00e9 produite entre 2005 et 2010. Un moteur Z20LEH de 240 ch et d&rsquo;un couple de 320 NM, \u00e0 double arbre \u00e0 cames en t\u00eate, coupl\u00e9 \u00e0 une bo\u00eete de vitesses manuelle \u00e0 6 rapports est install\u00e9 sous le capot. Cela se traduit par une vitesse maximale de 244 km\/h et une acc\u00e9l\u00e9ration de 0 \u00e0 100 km\/h en 6,4 secondes. Ce mod\u00e8le compact sportif est imposant avec sa longueur de 4,290 m, sa largeur de 1,753 m et sa hauteur de 1,415 m. Pour information, ce mod\u00e8le d\u00e9tient le record du tour au N\u00fcrburgring. Il est \u00e9galement \u00e9quip\u00e9 d&rsquo;\u00e9l\u00e9ments sp\u00e9cifiques : becquet de toit, calandre en nid d&rsquo;abeille, phares Bi-X\u00e9non adaptatifs, etc. Cette voiture est \u00e9galement compatible avec le syst\u00e8me de freinage brembo.<\/p>\n<h2 style=\"text-align: justify;\">Opel Corsa D pack OPC ou Vauxhall Corsa D VXR\u00a0: descriptif<\/h2>\n<p style=\"text-align: justify;\">L\u2019Opel Corsa fait aussi partie des mod\u00e8les du constructeur allemand disposant d&rsquo;une d\u00e9clinaison baptis\u00e9e Opel Performance Center. Deux gammes ont \u00e9t\u00e9 lanc\u00e9es\u00a0: D et E.<\/p>\n<h3 style=\"text-align: justify;\">Quelles sont les caract\u00e9ristiques de l\u2019Opel Corsa D OPC\u00a0?<\/h3>\n<p style=\"text-align: justify;\">Deux versions de l\u2019Opel Corsa OPC ont \u00e9t\u00e9 d\u00e9velopp\u00e9es par les ing\u00e9nieurs du centre :<\/p>\n<ul style=\"text-align: justify;\">\n<li>Opel Corsa OPC\u00a0: D\u00e9velopp\u00e9e entre 2007 et 2014, l\u2019Opel Corsa OPC ou Vauxhall Corsa D VXR en Grande-Bretagne est une citadine \u00e9quip\u00e9e du moteur A16LER mise au point pour la GM Family I et d\u2019une puissance maximale de 192 ch. Elle a \u00e9t\u00e9 d\u00e9velopp\u00e9e sur la base du ch\u00e2ssis SCCS issue du partenariat entre Fiat et GM. D\u2019une longueur de 4,040 m et d\u2019une largeur de 1,712 m, cette voiture consomme 7,9 l\/100 km avec une acc\u00e9l\u00e9ration de 0 \u00e0 100 km\/h en 7,2 secondes. Elle est capable de rouler correctement aussi bien dans l&rsquo;enfer vert ou dans la jungle urbaine.<\/li>\n<li>Opel Corsa D OPC N\u00fcrburgring Edition : Il s\u2019agit d\u2019une \u00e9dition s\u00e9rie limit\u00e9e de l\u2019Opel Corsa D qui dispose d&rsquo;un diff\u00e9rentiel \u00e0 glissement limit\u00e9. L\u2019Opel Corsa D OPC N\u00fcrburgring Edition a \u00e9t\u00e9 produite en 500 exemplaires en 2011. Gr\u00e2ce au moteur A16LES dont elle est \u00e9quip\u00e9e, cette voiture peut atteindre une vitesse maximale de 210 ch, avec un comportement routier appr\u00e9ciable sur ligne droite et dans les virages. C\u00f4t\u00e9 dimension et style, elle ressemble \u00e0 sa grande s\u0153ur en tout point et dispose d&rsquo;une jante en alliage de 18 pouces.<\/li>\n<\/ul>\n<h3 style=\"text-align: justify;\">Quelles sont les caract\u00e9ristiques de l\u2019Opel Corsa E\u00a0?<\/h3>\n<p style=\"text-align: justify;\">Apparue sur le march\u00e9 entre 2015 et 2019, l\u2019Opel Corsa E OPC remplace l\u2019Opel Corsa D OPC. La particularit\u00e9 de ce mod\u00e8le est qu\u2019il est construit sur la base d\u2019une reconception de l\u2019ancienne plateforme SCCS. Sous le moteur se cache aussi un moteur B16LES d\u00e9riv\u00e9 du bloc utilis\u00e9 pour la Corsa D. Ce moteur respecte plus les normes Euro 6 et permet d\u2019atteindre une vitesse maximale de 230 km\/h. En outre, l\u2019Opel Corsa E de 4 m de long pour une largeur de 1,74 m et une hauteur de 1,480 m dispose d&rsquo;une double sortie d&rsquo;\u00e9chappement, d&rsquo;un volant \u00e0 m\u00e9plat et des jupes lat\u00e9rales sp\u00e9cifiques.<\/p>\n<h2 style=\"text-align: justify;\">Description des berlines Opel OPC\u00a0: Vectra et Insignia<\/h2>\n<p style=\"text-align: justify;\">Les berlines OPC les plus connues sont les mod\u00e8les Vectra C et Insignia.<\/p>\n<h3 style=\"text-align: justify;\">Quelles sont les particularit\u00e9s de l\u2019Opel Vectra C OPC\u00a0?<\/h3>\n<p style=\"text-align: justify;\">Vendue sous le nom de Vauxhall Vectra VXR en Angleterre, l\u2019Opel Vectra C OPC est une berline familiale 5 portes mise au point et d\u00e9velopp\u00e9e entre 2006 et 2009. Un moteur V6 essence, baptis\u00e9 2xDOHC et \u00e0 quatre arbres \u00e0 cames anime cette voiture sur la route. Il d\u00e9veloppe une puissance maximale de 280 ch permettant d\u2019atteindre 250 km\/h. Malgr\u00e9 sa taille assez imposante, avec une longueur comprise entre 4,642 m et 4,780 m, cette voiture affiche une acc\u00e9l\u00e9ration de 0 \u00e0 100 km\/h en seulement 6,4 secondes.<\/p>\n<h3 style=\"text-align: justify;\">Quelles sont les caract\u00e9ristiques de l\u2019Opel Insignia OPC\u00a0?<\/h3>\n<p style=\"text-align: justify;\">Commercialis\u00e9e entre 2009 et 2017, l\u2019Opel Insignia OPC Sports tourer embarque \u00e9galement un moteur V6 SOHC. Elle est compatible avec des bo\u00eetes manuelles et automatiques \u00e0 6 rapports de vitesses. Sur la route, cette voiture pr\u00e9sente une acc\u00e9l\u00e9ration de 0 \u00e0 100 km\/h en 6 secondes, une puissance de 325 ch et une vitesse maximale de 250 km\/h.<\/p>\n<h2 style=\"text-align: justify;\">Quel prix payer pour avoir comme nouvelle voiture une Opel Astra OPC\u00a0ou Corsa OPC ?<\/h2>\n<p style=\"text-align: justify;\">\u00c0 la recherche d\u2019une petite sportive d\u2019occasion, les mod\u00e8les Opel Astra OPC et Corsa OPC ne sont pas \u00e0 n\u00e9gliger. Ces voitures font partie des plus connues propos\u00e9es par Opel Performance Center. Elles sont encore assez cot\u00e9es sur le march\u00e9, ce qui peut \u00eatre int\u00e9ressant en cas de revente.<\/p>\n<p style=\"text-align: justify;\">Concernant l\u2019Opel Astra OPC, le prix varie en fonction de l\u2019\u00e9tat g\u00e9n\u00e9ral de la voiture. Par exemple, les Astra OPC \u00e0 faible kilom\u00e9trage, d\u2019environ 25 000 \u20ac, sont toujours affich\u00e9es aux alentours de 25\u00a0000 \u20ac, et m\u00eame, plus. Au-del\u00e0 de 100\u00a0000 km parcourus, le prix de ce type de voiture peut descendre aux environs de 10\u00a0000 \u20ac, et m\u00eame, en dessous.<\/p>\n<p style=\"text-align: justify;\">Pour une Opel Corsa OPC, il faut pr\u00e9voir un budget compris entre 8\u00a0000 \u20ac et 20\u00a0000 \u20ac en moyenne. Cette variation s\u2019explique aussi par l\u2019\u00e9tat de la voiture et de l\u2019entretien r\u00e9alis\u00e9 par le vendeur avant la mise en vente. Logiquement, les voitures en tr\u00e8s bon \u00e9tat sont toujours plus on\u00e9reuses.<\/p>\n<p style=\"text-align: justify;\">Par ailleurs, ceux qui souhaitent acheter une voiture plus grande peuvent se tourner vers les mod\u00e8les Meriva OPC ou Zafira OPC. L\u2019Opel Zafira OPC est une voiture de type monospace produite entre 2001 et 2012. Il en existe \u00e0 moins de 10\u00a0000 \u20ac et \u00e0 plus de 60\u00a0000 \u20ac sur le march\u00e9 d\u2019occasion. En ce qui concerne l\u2019Opel Meriva OPC, cette gamme a \u00e9t\u00e9 propos\u00e9e entre 2004 et 2010. Il s\u2019agit d\u2019une berline compacte spacieuse. Son prix en occasion tourne en moyenne aux alentours de 10\u00a0000 \u20ac. Il est tout \u00e0 fait possible de trouver des mod\u00e8les largement en dessous de ce seuil, \u00e0 3\u00a0000 \u20ac par exemple. Pour rappel, le prix d\u2019une Opel Meriva OPC \u00e9tait aux alentours de 15\u00a0400 \u20ac au moment de son lancement.<\/p>\n<h3 style=\"text-align: justify;\">Guide d&rsquo;achat Opel :<\/h3>\n<p style=\"text-align: justify;\"><a href=\"https:\/\/www.bymycar.fr\/webzine\/quel-est-le-prix-dune-opel-electrique\/\">Quel est le prix d&rsquo;une opel \u00e9lectrique ?<\/a><\/p>\n<p style=\"text-align: justify;\"><a href=\"https:\/\/www.bymycar.fr\/webzine\/modeles-opel-tous-les-vehicules-de-la-gamme\/\">Mod\u00e8les Opel : Tous les v\u00e9hicules de la gamme<\/a><\/p>\n<p style=\"text-align: justify;\"><a href=\"https:\/\/www.bymycar.fr\/webzine\/opel-courroie-de-distribution-ou-chaine\/\">Opel : Courroie de distribution ou chaine ?<\/a><\/p>\n<p style=\"text-align: justify;\"><a href=\"https:\/\/www.bymycar.fr\/webzine\/opel-origine-et-histoire-de-la-marque\/\">Opel : Origine et histoire de la marque<\/a><\/p>\n<p style=\"text-align: justify;\"><a href=\"https:\/\/www.bymycar.fr\/webzine\/que-veut-dire-opel\/\">Que veut dire opel ?<\/a><\/p>\n<p style=\"text-align: justify;\"><a href=\"https:\/\/www.bymycar.fr\/webzine\/a-qui-appartient-opel\/\">A\u00a0qui appartient opel ?<\/a><\/p>\n<p style=\"text-align: justify;\"><a href=\"https:\/\/www.bymycar.fr\/webzine\/opel-ou-peugeot-quelle-marque-est-faite-pour-vous\/\">Opel ou peugeot : quelle marque est faite pour vous ?<\/a><\/p>\n<p style=\"text-align: justify;\"><a href=\"https:\/\/www.bymycar.fr\/webzine\/ford-ou-opel-quelle-marque-est-faite-pour-vous\/\">Ford ou opel : quelle marque est faite pour vous ?<\/a><\/p>\n<p style=\"text-align: justify;\"><a href=\"https:\/\/www.bymycar.fr\/webzine\/le-logo-dopel-histoire-et-signification\/\">Le logo d\u2019Opel, histoire et signification<\/a><\/p>\n<p style=\"text-align: justify;\"><a href=\"https:\/\/www.bymycar.fr\/webzine\/quel-moteur-opel-sur-quel-vehicule\/\">Quels moteurs Opel sur quels v\u00e9hicules ?<\/a><\/p>\n","titre":"Texte 1","image":false,"image_libre":false,"image_800x500":false,"legende":"","zoom":false,"texte":"","articles":false,"categorie_droite":false,"images":false,"elements_comparatif":false,"texte_1":"","texte_2":"","image_1":false,"image_1_563x400":false,"image_1_332x332":false,"image_2":false,"image_2_333x240":false,"image_2_563x400":false,"image_3":false,"image_3_333x240":false,"image_3_332x450":false,"image_4":false,"image_4_332x332":false,"image_4_563x400":false,"code_embed":"","legende_video":"","photo":false,"photo_100x100":false,"nom":"","fonction":"","elements_timeline":false,"entetes_colonnes":false,"entetes_lignes":false,"lignes":false,"introduction":"","formulaire":false,"question":"","reponse":"","libelle_bouton_lien":"","url_lien":"","questions":false,"conclusions":false,"pays":"1","region":"","marque":"4","marqueConcessions":false,"modele":"","ptvente":"","typeV":"VO","collection":"","nombre_maximum_elements":"10","lien_fin_carousel":"https:\/\/www.bymycar.fr\/rechercher-un-vehicule?prod_VEHICLES%5BrefinementList%5D%5Bbrand%5D%5B0%5D=OPEL","texte_lien_fin_carousel":"Voir tous les v\u00e9hicules","trier_par":""},{"type_strate":"carousel-produits","ancre":"","contenu":"","titre":"Voir nos v\u00e9hicules Opel en stock","image":false,"image_libre":false,"image_800x500":false,"legende":"","zoom":false,"texte":"","articles":false,"categorie_droite":false,"images":false,"elements_comparatif":false,"texte_1":"","texte_2":"","image_1":false,"image_1_563x400":false,"image_1_332x332":false,"image_2":false,"image_2_333x240":false,"image_2_563x400":false,"image_3":false,"image_3_333x240":false,"image_3_332x450":false,"image_4":false,"image_4_332x332":false,"image_4_563x400":false,"code_embed":"","legende_video":"","photo":false,"photo_100x100":false,"nom":"","fonction":"","elements_timeline":false,"entetes_colonnes":false,"entetes_lignes":false,"lignes":false,"introduction":"","formulaire":false,"question":"","reponse":"","libelle_bouton_lien":"","url_lien":"","questions":false,"conclusions":false,"pays":"1","region":"","marque":"4","marqueConcessions":false,"modele":"","ptvente":"","typeV":"VO","collection":"","nombre_maximum_elements":"5","lien_fin_carousel":"https:\/\/www.bymycar.fr\/rechercher-un-vehicule?prod_VEHICLES%5BrefinementList%5D%5Bbrand%5D%5B0%5D=OPEL","texte_lien_fin_carousel":"Voir tous les v\u00e9hicules","trier_par":"prix"}],"is_old_post":false,"image":{"ID":30757,"id":30757,"title":"que-veut-dire-opc-chez-Opel","filename":"que-veut-dire-opc-chez-Opel.jpg","filesize":1,"url":"https:\/\/cdn.bymycar.eu\/fr-webzine\/wp-content\/uploads\/medias\/que-veut-dire-opc-chez-Opel.jpg","link":"https:\/\/www.bymycar.fr\/webzine\/que-veut-dire-opc-chez-opel\/que-veut-dire-opc-chez-opel\/","alt":"","author":"9","description":"","caption":"","name":"que-veut-dire-opc-chez-opel","status":"inherit","uploaded_to":30756,"date":"2022-06-22 09:09:21","modified":"2022-06-22 09:09:21","menu_order":0,"mime_type":"image\/jpeg","type":"image","subtype":"jpeg","icon":"https:\/\/www.bymycar.fr\/webzine\/wp-includes\/images\/media\/default.png","width":750,"height":410,"sizes":{"thumbnail":"https:\/\/cdn.bymycar.eu\/fr-webzine\/wp-content\/uploads\/medias\/que-veut-dire-opc-chez-Opel-150x150.jpg","thumbnail-width":150,"thumbnail-height":150,"medium":"https:\/\/cdn.bymycar.eu\/fr-webzine\/wp-content\/uploads\/medias\/que-veut-dire-opc-chez-Opel-300x164.jpg","medium-width":300,"medium-height":164,"medium_large":"https:\/\/cdn.bymycar.eu\/fr-webzine\/wp-content\/uploads\/medias\/que-veut-dire-opc-chez-Opel.jpg","medium_large-width":750,"medium_large-height":410,"large":"https:\/\/cdn.bymycar.eu\/fr-webzine\/wp-content\/uploads\/medias\/que-veut-dire-opc-chez-Opel.jpg","large-width":750,"large-height":410,"1536x1536":"https:\/\/cdn.bymycar.eu\/fr-webzine\/wp-content\/uploads\/medias\/que-veut-dire-opc-chez-Opel.jpg","1536x1536-width":750,"1536x1536-height":410,"2048x2048":"https:\/\/cdn.bymycar.eu\/fr-webzine\/wp-content\/uploads\/medias\/que-veut-dire-opc-chez-Opel.jpg","2048x2048-width":750,"2048x2048-height":410}},"page_content":{"block_content":[{"acf_fc_layout":"carousel-produits"},{"acf_fc_layout":"carousel-produits"},{"acf_fc_layout":"carousel-produits"},{"acf_fc_layout":"text-simple","--nav":{"-withNav":false,"-ancre":""},"--group":{"-text":"<h2 style=\"text-align: justify;\">Que signifie OPC chez Opel\u00a0?<\/h2>\n<p style=\"text-align: justify;\">Chez Opel, OPC renvoie \u00e0 Opel Performance Center, une filiale du constructeur allemand. Ce p\u00f4le a \u00e9t\u00e9 cr\u00e9\u00e9 pour se consacrer \u00e0 la production de voitures hautes performances de la marque. Ainsi, les v\u00e9hicules OPC sont tout simplement des mod\u00e8les sportifs de la marque Opel. Voil\u00e0 pourquoi ils paraissent souvent plus robustes et dynamiques.<\/p>\n<h3 style=\"text-align: justify;\">Cr\u00e9ation d&rsquo;Opel Performance Center<\/h3>\n<p style=\"text-align: justify;\">Opel n\u2019est pas seulement la propri\u00e9t\u00e9 d\u2019un autre constructeur automobile. Le constructeur automobile allemand poss\u00e8de aussi une filiale r\u00e9pondant au nom d&rsquo;OPC ou d&rsquo;<a href=\"https:\/\/www.bymycar.fr\/marques\/opel\">Ope<\/a>l\u00a0Performance Center GMBH. Cr\u00e9\u00e9e en 1997, cette filiale ind\u00e9pendante de la marque dispose de 15 ans d\u2019exp\u00e9rience dans le d\u00e9veloppement de voitures Opel sportives.<\/p>\n<p style=\"text-align: justify;\">Sous la direction de l\u2019ancien pilote et champion de DTM Volker Strycek, le nom de la filiale est devenu un label sportif et moderne \u00e0 la fois. Un logo gris avec une courbe jaune \u00e9tait utilis\u00e9 avant 2004, p\u00e9riode pendant laquelle le march\u00e9 automobile \u00e9tait en pleine transformation. Par la suite, le logo a gard\u00e9 sa couleur grise tout en adoptant une nouvelle police pour le texte. Par ailleurs, Opel Performance Center a su devenir une valeur ajout\u00e9e pour la marque allemande Opel gr\u00e2ce \u00e0 ses v\u00e9hicules performants. Certains mod\u00e8les participent m\u00eame \u00e0 des championnats de voitures de tourisme et au championnat DTM en Allemagne. En effet, les labels OPC, l\u2019\u00e9quivalent de VXR en Angleterre, sont \u00e9troitement li\u00e9s \u00e0 l\u2019univers de la comp\u00e9tition automobile.<\/p>\n<h3 style=\"text-align: justify;\">Quelles sont les voitures produites au sein des usines de la filiale OPC\u00a0de Opel ?<\/h3>\n<p style=\"text-align: justify;\">Depuis sa cr\u00e9ation, la filiale OPC de Opel a produit plus d\u2019une dizaine de voitures. La filiale du constructeur allemand a lanc\u00e9 l\u2019Astra OPC en 1999. Deux ans plus tard, elle a d\u00e9cid\u00e9 de pr\u00e9senter l\u2019Opel Zafira badg\u00e9e Opel Performance Center, puis un mod\u00e8le Astra restyl\u00e9 est apparu en 2002 ainsi qu\u2019une autre Astra SW OPC. Durant les ann\u00e9es suivantes, d\u2019autres mod\u00e8les OPC ont \u00e9t\u00e9 d\u00e9velopp\u00e9s pour renforcer le positionnement du groupe Opel sur le march\u00e9 de l\u2019automobile sportif\u00a0:<\/p>\n<ul style=\"text-align: justify;\">\n<li>Opel Corsa OPC en 2005\u00a0;<\/li>\n<li>Opel Vectra OPC en 2005\u00a0;<\/li>\n<li>Opel Zafira OPC en 2006\u00a0;<\/li>\n<li>Opel Meriva OPC en 2006\u00a0;<\/li>\n<li>Opel Vectra OPC restyl\u00e9 en 2007\u00a0;<\/li>\n<li>Opel Corsa D OPC en 2007\u00a0;<\/li>\n<li>Opel Insignia OPC en 2009\u00a0;<\/li>\n<li>Opel Insignia OPC Unlimited en 2011 ;<\/li>\n<li>Opel Corsa OPC N\u00fcrburgring Edition en 2011;<\/li>\n<li>Opel Astra OPC depuis 2013.<\/li>\n<\/ul>\n<h2 style=\"text-align: justify;\">Quel est le premier v\u00e9hicule badg\u00e9 OPC\u00a0?<\/h2>\n<p style=\"text-align: justify;\">Le premier v\u00e9hicule Opel sigl\u00e9 OPC n\u2019est autre que le mod\u00e8le Astra. Cette voiture est sortie en 1999, ce qui laisse penser que l\u2019OPC existe depuis cette ann\u00e9e. Le constructeur allemand Opel a choisi ce mod\u00e8le comme fer de lance de sa gamme sportive. Il faut savoir que de nombreuses d\u00e9clinaisons G et H ont \u00e9t\u00e9 produites\u00a0durant les ann\u00e9es suivantes.<\/p>\n<h3 style=\"text-align: justify;\">Descriptions des Opel Astra G 160 ou GTC OPC<\/h3>\n<p style=\"text-align: justify;\">L\u2019Opel Astra G OPC est produite entre 1999 et 2001. Bas\u00e9e sur la plateforme T mise au point par General Motors et utilis\u00e9e sur la version 3 de l\u2019Astra, cette voiture dispose d\u2019un moteur X20XEV, \u00e0 double arbre \u00e0 cames en t\u00eate, capable de d\u00e9velopper une puissance de 160 ch et une vitesse maximale de 218 km\/h. Pour la version turbo de ce mod\u00e8le OPC, la puissance maximale est de 200 ch pour 240 km\/h. Concernant leur gabarit, ces v\u00e9hicules, b\u00e9n\u00e9ficiant de la d\u00e9rogation Ferrari, d&rsquo;un train avant sp\u00e9cifique et d&rsquo;une bo\u00eete de vitesses manuelle, disposent d\u2019une longueur de 4,110 m, d\u2019une largeur de 1,710 et d\u2019une hauteur de 1,425 m.<\/p>\n<h3 style=\"text-align: justify;\">Description de l\u2019Opel Astra H OPC<\/h3>\n<p style=\"text-align: justify;\">Une autre version de l\u2019Opel Astra OPC baptis\u00e9e H a \u00e9t\u00e9 produite entre 2005 et 2010. Un moteur Z20LEH de 240 ch et d&rsquo;un couple de 320 NM, \u00e0 double arbre \u00e0 cames en t\u00eate, coupl\u00e9 \u00e0 une bo\u00eete de vitesses manuelle \u00e0 6 rapports est install\u00e9 sous le capot. Cela se traduit par une vitesse maximale de 244 km\/h et une acc\u00e9l\u00e9ration de 0 \u00e0 100 km\/h en 6,4 secondes. Ce mod\u00e8le compact sportif est imposant avec sa longueur de 4,290 m, sa largeur de 1,753 m et sa hauteur de 1,415 m. Pour information, ce mod\u00e8le d\u00e9tient le record du tour au N\u00fcrburgring. Il est \u00e9galement \u00e9quip\u00e9 d&rsquo;\u00e9l\u00e9ments sp\u00e9cifiques : becquet de toit, calandre en nid d&rsquo;abeille, phares Bi-X\u00e9non adaptatifs, etc. Cette voiture est \u00e9galement compatible avec le syst\u00e8me de freinage brembo.<\/p>\n<h2 style=\"text-align: justify;\">Opel Corsa D pack OPC ou Vauxhall Corsa D VXR\u00a0: descriptif<\/h2>\n<p style=\"text-align: justify;\">L\u2019Opel Corsa fait aussi partie des mod\u00e8les du constructeur allemand disposant d&rsquo;une d\u00e9clinaison baptis\u00e9e Opel Performance Center. Deux gammes ont \u00e9t\u00e9 lanc\u00e9es\u00a0: D et E.<\/p>\n<h3 style=\"text-align: justify;\">Quelles sont les caract\u00e9ristiques de l\u2019Opel Corsa D OPC\u00a0?<\/h3>\n<p style=\"text-align: justify;\">Deux versions de l\u2019Opel Corsa OPC ont \u00e9t\u00e9 d\u00e9velopp\u00e9es par les ing\u00e9nieurs du centre :<\/p>\n<ul style=\"text-align: justify;\">\n<li>Opel Corsa OPC\u00a0: D\u00e9velopp\u00e9e entre 2007 et 2014, l\u2019Opel Corsa OPC ou Vauxhall Corsa D VXR en Grande-Bretagne est une citadine \u00e9quip\u00e9e du moteur A16LER mise au point pour la GM Family I et d\u2019une puissance maximale de 192 ch. Elle a \u00e9t\u00e9 d\u00e9velopp\u00e9e sur la base du ch\u00e2ssis SCCS issue du partenariat entre Fiat et GM. D\u2019une longueur de 4,040 m et d\u2019une largeur de 1,712 m, cette voiture consomme 7,9 l\/100 km avec une acc\u00e9l\u00e9ration de 0 \u00e0 100 km\/h en 7,2 secondes. Elle est capable de rouler correctement aussi bien dans l&rsquo;enfer vert ou dans la jungle urbaine.<\/li>\n<li>Opel Corsa D OPC N\u00fcrburgring Edition : Il s\u2019agit d\u2019une \u00e9dition s\u00e9rie limit\u00e9e de l\u2019Opel Corsa D qui dispose d&rsquo;un diff\u00e9rentiel \u00e0 glissement limit\u00e9. L\u2019Opel Corsa D OPC N\u00fcrburgring Edition a \u00e9t\u00e9 produite en 500 exemplaires en 2011. Gr\u00e2ce au moteur A16LES dont elle est \u00e9quip\u00e9e, cette voiture peut atteindre une vitesse maximale de 210 ch, avec un comportement routier appr\u00e9ciable sur ligne droite et dans les virages. C\u00f4t\u00e9 dimension et style, elle ressemble \u00e0 sa grande s\u0153ur en tout point et dispose d&rsquo;une jante en alliage de 18 pouces.<\/li>\n<\/ul>\n<h3 style=\"text-align: justify;\">Quelles sont les caract\u00e9ristiques de l\u2019Opel Corsa E\u00a0?<\/h3>\n<p style=\"text-align: justify;\">Apparue sur le march\u00e9 entre 2015 et 2019, l\u2019Opel Corsa E OPC remplace l\u2019Opel Corsa D OPC. La particularit\u00e9 de ce mod\u00e8le est qu\u2019il est construit sur la base d\u2019une reconception de l\u2019ancienne plateforme SCCS. Sous le moteur se cache aussi un moteur B16LES d\u00e9riv\u00e9 du bloc utilis\u00e9 pour la Corsa D. Ce moteur respecte plus les normes Euro 6 et permet d\u2019atteindre une vitesse maximale de 230 km\/h. En outre, l\u2019Opel Corsa E de 4 m de long pour une largeur de 1,74 m et une hauteur de 1,480 m dispose d&rsquo;une double sortie d&rsquo;\u00e9chappement, d&rsquo;un volant \u00e0 m\u00e9plat et des jupes lat\u00e9rales sp\u00e9cifiques.<\/p>\n<h2 style=\"text-align: justify;\">Description des berlines Opel OPC\u00a0: Vectra et Insignia<\/h2>\n<p style=\"text-align: justify;\">Les berlines OPC les plus connues sont les mod\u00e8les Vectra C et Insignia.<\/p>\n<h3 style=\"text-align: justify;\">Quelles sont les particularit\u00e9s de l\u2019Opel Vectra C OPC\u00a0?<\/h3>\n<p style=\"text-align: justify;\">Vendue sous le nom de Vauxhall Vectra VXR en Angleterre, l\u2019Opel Vectra C OPC est une berline familiale 5 portes mise au point et d\u00e9velopp\u00e9e entre 2006 et 2009. Un moteur V6 essence, baptis\u00e9 2xDOHC et \u00e0 quatre arbres \u00e0 cames anime cette voiture sur la route. Il d\u00e9veloppe une puissance maximale de 280 ch permettant d\u2019atteindre 250 km\/h. Malgr\u00e9 sa taille assez imposante, avec une longueur comprise entre 4,642 m et 4,780 m, cette voiture affiche une acc\u00e9l\u00e9ration de 0 \u00e0 100 km\/h en seulement 6,4 secondes.<\/p>\n<h3 style=\"text-align: justify;\">Quelles sont les caract\u00e9ristiques de l\u2019Opel Insignia OPC\u00a0?<\/h3>\n<p style=\"text-align: justify;\">Commercialis\u00e9e entre 2009 et 2017, l\u2019Opel Insignia OPC Sports tourer embarque \u00e9galement un moteur V6 SOHC. Elle est compatible avec des bo\u00eetes manuelles et automatiques \u00e0 6 rapports de vitesses. Sur la route, cette voiture pr\u00e9sente une acc\u00e9l\u00e9ration de 0 \u00e0 100 km\/h en 6 secondes, une puissance de 325 ch et une vitesse maximale de 250 km\/h.<\/p>\n<h2 style=\"text-align: justify;\">Quel prix payer pour avoir comme nouvelle voiture une Opel Astra OPC\u00a0ou Corsa OPC ?<\/h2>\n<p style=\"text-align: justify;\">\u00c0 la recherche d\u2019une petite sportive d\u2019occasion, les mod\u00e8les Opel Astra OPC et Corsa OPC ne sont pas \u00e0 n\u00e9gliger. Ces voitures font partie des plus connues propos\u00e9es par Opel Performance Center. Elles sont encore assez cot\u00e9es sur le march\u00e9, ce qui peut \u00eatre int\u00e9ressant en cas de revente.<\/p>\n<p style=\"text-align: justify;\">Concernant l\u2019Opel Astra OPC, le prix varie en fonction de l\u2019\u00e9tat g\u00e9n\u00e9ral de la voiture. Par exemple, les Astra OPC \u00e0 faible kilom\u00e9trage, d\u2019environ 25 000 \u20ac, sont toujours affich\u00e9es aux alentours de 25\u00a0000 \u20ac, et m\u00eame, plus. Au-del\u00e0 de 100\u00a0000 km parcourus, le prix de ce type de voiture peut descendre aux environs de 10\u00a0000 \u20ac, et m\u00eame, en dessous.<\/p>\n<p style=\"text-align: justify;\">Pour une Opel Corsa OPC, il faut pr\u00e9voir un budget compris entre 8\u00a0000 \u20ac et 20\u00a0000 \u20ac en moyenne. Cette variation s\u2019explique aussi par l\u2019\u00e9tat de la voiture et de l\u2019entretien r\u00e9alis\u00e9 par le vendeur avant la mise en vente. Logiquement, les voitures en tr\u00e8s bon \u00e9tat sont toujours plus on\u00e9reuses.<\/p>\n<p style=\"text-align: justify;\">Par ailleurs, ceux qui souhaitent acheter une voiture plus grande peuvent se tourner vers les mod\u00e8les Meriva OPC ou Zafira OPC. L\u2019Opel Zafira OPC est une voiture de type monospace produite entre 2001 et 2012. Il en existe \u00e0 moins de 10\u00a0000 \u20ac et \u00e0 plus de 60\u00a0000 \u20ac sur le march\u00e9 d\u2019occasion. En ce qui concerne l\u2019Opel Meriva OPC, cette gamme a \u00e9t\u00e9 propos\u00e9e entre 2004 et 2010. Il s\u2019agit d\u2019une berline compacte spacieuse. Son prix en occasion tourne en moyenne aux alentours de 10\u00a0000 \u20ac. Il est tout \u00e0 fait possible de trouver des mod\u00e8les largement en dessous de ce seuil, \u00e0 3\u00a0000 \u20ac par exemple. Pour rappel, le prix d\u2019une Opel Meriva OPC \u00e9tait aux alentours de 15\u00a0400 \u20ac au moment de son lancement.<\/p>\n<h3 style=\"text-align: justify;\">Guide d&rsquo;achat Opel :<\/h3>\n<p style=\"text-align: justify;\"><a href=\"https:\/\/www.bymycar.fr\/webzine\/quel-est-le-prix-dune-opel-electrique\/\">Quel est le prix d&rsquo;une opel \u00e9lectrique ?<\/a><\/p>\n<p style=\"text-align: justify;\"><a href=\"https:\/\/www.bymycar.fr\/webzine\/modeles-opel-tous-les-vehicules-de-la-gamme\/\">Mod\u00e8les Opel : Tous les v\u00e9hicules de la gamme<\/a><\/p>\n<p style=\"text-align: justify;\"><a href=\"https:\/\/www.bymycar.fr\/webzine\/opel-courroie-de-distribution-ou-chaine\/\">Opel : Courroie de distribution ou chaine ?<\/a><\/p>\n<p style=\"text-align: justify;\"><a href=\"https:\/\/www.bymycar.fr\/webzine\/opel-origine-et-histoire-de-la-marque\/\">Opel : Origine et histoire de la marque<\/a><\/p>\n<p style=\"text-align: justify;\"><a href=\"https:\/\/www.bymycar.fr\/webzine\/que-veut-dire-opel\/\">Que veut dire opel ?<\/a><\/p>\n<p style=\"text-align: justify;\"><a href=\"https:\/\/www.bymycar.fr\/webzine\/a-qui-appartient-opel\/\">A\u00a0qui appartient opel ?<\/a><\/p>\n<p style=\"text-align: justify;\"><a href=\"https:\/\/www.bymycar.fr\/webzine\/opel-ou-peugeot-quelle-marque-est-faite-pour-vous\/\">Opel ou peugeot : quelle marque est faite pour vous ?<\/a><\/p>\n<p style=\"text-align: justify;\"><a href=\"https:\/\/www.bymycar.fr\/webzine\/ford-ou-opel-quelle-marque-est-faite-pour-vous\/\">Ford ou opel : quelle marque est faite pour vous ?<\/a><\/p>\n<p style=\"text-align: justify;\"><a href=\"https:\/\/www.bymycar.fr\/webzine\/le-logo-dopel-histoire-et-signification\/\">Le logo d\u2019Opel, histoire et signification<\/a><\/p>\n<p style=\"text-align: justify;\"><a href=\"https:\/\/www.bymycar.fr\/webzine\/quel-moteur-opel-sur-quel-vehicule\/\">Quels moteurs Opel sur quels v\u00e9hicules ?<\/a><\/p>\n"}}]},"add-carousel-to-footer":true},"yoast_head":"<!-- This site is optimized with the Yoast SEO Premium plugin v26.4 (Yoast SEO v26.4) - https:\/\/yoast.com\/wordpress\/plugins\/seo\/ -->\n<title>Que veut dire OPC chez Opel ?<\/title>\n<meta name=\"robots\" content=\"index, follow, max-snippet:-1, max-image-preview:large, max-video-preview:-1\" \/>\n<link rel=\"canonical\" href=\"https:\/\/www.bymycar.fr\/webzine\/que-veut-dire-opc-chez-opel\/\" \/>\n<meta property=\"og:locale\" content=\"fr_FR\" \/>\n<meta property=\"og:type\" content=\"article\" \/>\n<meta property=\"og:title\" content=\"Que veut dire OPC chez Opel ?\" \/>\n<meta property=\"og:url\" content=\"https:\/\/www.bymycar.fr\/webzine\/que-veut-dire-opc-chez-opel\/\" \/>\n<meta property=\"og:site_name\" content=\"Webzine auto BYmyCAR\" \/>\n<meta property=\"article:published_time\" content=\"2022-06-28T08:04:02+00:00\" \/>\n<meta property=\"article:modified_time\" content=\"2023-02-08T10:13:22+00:00\" \/>\n<meta property=\"og:image\" content=\"https:\/\/cdn.bymycar.eu\/fr-webzine\/wp-content\/uploads\/medias\/que-veut-dire-opc-chez-Opel.jpg\" \/>\n\t<meta property=\"og:image:width\" content=\"750\" \/>\n\t<meta property=\"og:image:height\" content=\"410\" \/>\n\t<meta property=\"og:image:type\" content=\"image\/jpeg\" \/>\n<meta name=\"author\" content=\"Gregoire LE BIHAN\" \/>\n<meta name=\"twitter:card\" content=\"summary_large_image\" \/>\n<meta name=\"twitter:label1\" content=\"\u00c9crit par\" \/>\n\t<meta name=\"twitter:data1\" content=\"Gregoire LE BIHAN\" \/>\n<script type=\"application\/ld+json\" class=\"yoast-schema-graph\">{\"@context\":\"https:\/\/schema.org\",\"@graph\":[{\"@type\":\"Article\",\"@id\":\"https:\/\/www.bymycar.fr\/webzine\/que-veut-dire-opc-chez-opel\/#article\",\"isPartOf\":{\"@id\":\"https:\/\/www.bymycar.fr\/webzine\/que-veut-dire-opc-chez-opel\/\"},\"author\":{\"name\":\"Gregoire LE BIHAN\",\"@id\":\"https:\/\/www.bymycar.fr\/webzine\/#\/schema\/person\/8c56906440ec126868bd40232b3445f0\"},\"headline\":\"Que veut dire OPC chez Opel ?\",\"datePublished\":\"2022-06-28T08:04:02+00:00\",\"dateModified\":\"2023-02-08T10:13:22+00:00\",\"mainEntityOfPage\":{\"@id\":\"https:\/\/www.bymycar.fr\/webzine\/que-veut-dire-opc-chez-opel\/\"},\"wordCount\":6,\"publisher\":{\"@id\":\"https:\/\/www.bymycar.fr\/webzine\/#organization\"},\"image\":{\"@id\":\"https:\/\/www.bymycar.fr\/webzine\/que-veut-dire-opc-chez-opel\/#primaryimage\"},\"thumbnailUrl\":\"https:\/\/cdn.bymycar.eu\/fr-webzine\/wp-content\/uploads\/medias\/que-veut-dire-opc-chez-Opel.jpg\",\"articleSection\":[\"Guide d'achat\",\"Guide d'achat Opel\"],\"inLanguage\":\"fr-FR\"},{\"@type\":\"WebPage\",\"@id\":\"https:\/\/www.bymycar.fr\/webzine\/que-veut-dire-opc-chez-opel\/\",\"url\":\"https:\/\/www.bymycar.fr\/webzine\/que-veut-dire-opc-chez-opel\/\",\"name\":\"Que veut dire OPC chez Opel ?\",\"isPartOf\":{\"@id\":\"https:\/\/www.bymycar.fr\/webzine\/#website\"},\"primaryImageOfPage\":{\"@id\":\"https:\/\/www.bymycar.fr\/webzine\/que-veut-dire-opc-chez-opel\/#primaryimage\"},\"image\":{\"@id\":\"https:\/\/www.bymycar.fr\/webzine\/que-veut-dire-opc-chez-opel\/#primaryimage\"},\"thumbnailUrl\":\"https:\/\/cdn.bymycar.eu\/fr-webzine\/wp-content\/uploads\/medias\/que-veut-dire-opc-chez-Opel.jpg\",\"datePublished\":\"2022-06-28T08:04:02+00:00\",\"dateModified\":\"2023-02-08T10:13:22+00:00\",\"breadcrumb\":{\"@id\":\"https:\/\/www.bymycar.fr\/webzine\/que-veut-dire-opc-chez-opel\/#breadcrumb\"},\"inLanguage\":\"fr-FR\",\"potentialAction\":[{\"@type\":\"ReadAction\",\"target\":[\"https:\/\/www.bymycar.fr\/webzine\/que-veut-dire-opc-chez-opel\/\"]}]},{\"@type\":\"ImageObject\",\"inLanguage\":\"fr-FR\",\"@id\":\"https:\/\/www.bymycar.fr\/webzine\/que-veut-dire-opc-chez-opel\/#primaryimage\",\"url\":\"https:\/\/cdn.bymycar.eu\/fr-webzine\/wp-content\/uploads\/medias\/que-veut-dire-opc-chez-Opel.jpg\",\"contentUrl\":\"https:\/\/cdn.bymycar.eu\/fr-webzine\/wp-content\/uploads\/medias\/que-veut-dire-opc-chez-Opel.jpg\",\"width\":750,\"height\":410},{\"@type\":\"BreadcrumbList\",\"@id\":\"https:\/\/www.bymycar.fr\/webzine\/que-veut-dire-opc-chez-opel\/#breadcrumb\",\"itemListElement\":[{\"@type\":\"ListItem\",\"position\":1,\"name\":\"Accueil\",\"item\":\"https:\/\/www.bymycar.fr\/webzine\/\"},{\"@type\":\"ListItem\",\"position\":2,\"name\":\"Que veut dire OPC chez Opel ?\"}]},{\"@type\":\"WebSite\",\"@id\":\"https:\/\/www.bymycar.fr\/webzine\/#website\",\"url\":\"https:\/\/www.bymycar.fr\/webzine\/\",\"name\":\"Webzine auto BYmyCAR\",\"description\":\"La magazine auto de BYmyCAR\",\"publisher\":{\"@id\":\"https:\/\/www.bymycar.fr\/webzine\/#organization\"},\"potentialAction\":[{\"@type\":\"SearchAction\",\"target\":{\"@type\":\"EntryPoint\",\"urlTemplate\":\"https:\/\/www.bymycar.fr\/webzine\/?s={search_term_string}\"},\"query-input\":{\"@type\":\"PropertyValueSpecification\",\"valueRequired\":true,\"valueName\":\"search_term_string\"}}],\"inLanguage\":\"fr-FR\"},{\"@type\":\"Organization\",\"@id\":\"https:\/\/www.bymycar.fr\/webzine\/#organization\",\"name\":\"BYmyCAR\",\"url\":\"https:\/\/www.bymycar.fr\/webzine\/\",\"logo\":{\"@type\":\"ImageObject\",\"inLanguage\":\"fr-FR\",\"@id\":\"https:\/\/www.bymycar.fr\/webzine\/#\/schema\/logo\/image\/\",\"url\":\"https:\/\/cdn.bymycar.eu\/fr-webzine\/wp-content\/uploads\/medias\/2017\/08\/logo_DEALER_00000406_001.png\",\"contentUrl\":\"https:\/\/cdn.bymycar.eu\/fr-webzine\/wp-content\/uploads\/medias\/2017\/08\/logo_DEALER_00000406_001.png\",\"width\":2132,\"height\":720,\"caption\":\"BYmyCAR\"},\"image\":{\"@id\":\"https:\/\/www.bymycar.fr\/webzine\/#\/schema\/logo\/image\/\"}},{\"@type\":\"Person\",\"@id\":\"https:\/\/www.bymycar.fr\/webzine\/#\/schema\/person\/8c56906440ec126868bd40232b3445f0\",\"name\":\"Gregoire LE BIHAN\",\"image\":{\"@type\":\"ImageObject\",\"inLanguage\":\"fr-FR\",\"@id\":\"https:\/\/www.bymycar.fr\/webzine\/#\/schema\/person\/image\/\",\"url\":\"https:\/\/secure.gravatar.com\/avatar\/1356d71f3c6eed50de358ba425c9944b742a0d35f88e0d5f8afe88fdac525492?s=96&d=mm&r=g\",\"contentUrl\":\"https:\/\/secure.gravatar.com\/avatar\/1356d71f3c6eed50de358ba425c9944b742a0d35f88e0d5f8afe88fdac525492?s=96&d=mm&r=g\",\"caption\":\"Gregoire LE BIHAN\"}}]}<\/script>\n<!-- \/ Yoast SEO Premium plugin. -->","yoast_head_json":{"title":"Que veut dire OPC chez Opel ?","robots":{"index":"index","follow":"follow","max-snippet":"max-snippet:-1","max-image-preview":"max-image-preview:large","max-video-preview":"max-video-preview:-1"},"canonical":"https:\/\/www.bymycar.fr\/webzine\/que-veut-dire-opc-chez-opel\/","og_locale":"fr_FR","og_type":"article","og_title":"Que veut dire OPC chez Opel ?","og_url":"https:\/\/www.bymycar.fr\/webzine\/que-veut-dire-opc-chez-opel\/","og_site_name":"Webzine auto BYmyCAR","article_published_time":"2022-06-28T08:04:02+00:00","article_modified_time":"2023-02-08T10:13:22+00:00","og_image":[{"width":750,"height":410,"url":"https:\/\/cdn.bymycar.eu\/fr-webzine\/wp-content\/uploads\/medias\/que-veut-dire-opc-chez-Opel.jpg","type":"image\/jpeg"}],"author":"Gregoire LE BIHAN","twitter_card":"summary_large_image","twitter_misc":{"\u00c9crit par":"Gregoire LE BIHAN"},"schema":{"@context":"https:\/\/schema.org","@graph":[{"@type":"Article","@id":"https:\/\/www.bymycar.fr\/webzine\/que-veut-dire-opc-chez-opel\/#article","isPartOf":{"@id":"https:\/\/www.bymycar.fr\/webzine\/que-veut-dire-opc-chez-opel\/"},"author":{"name":"Gregoire LE BIHAN","@id":"https:\/\/www.bymycar.fr\/webzine\/#\/schema\/person\/8c56906440ec126868bd40232b3445f0"},"headline":"Que veut dire OPC chez Opel ?","datePublished":"2022-06-28T08:04:02+00:00","dateModified":"2023-02-08T10:13:22+00:00","mainEntityOfPage":{"@id":"https:\/\/www.bymycar.fr\/webzine\/que-veut-dire-opc-chez-opel\/"},"wordCount":6,"publisher":{"@id":"https:\/\/www.bymycar.fr\/webzine\/#organization"},"image":{"@id":"https:\/\/www.bymycar.fr\/webzine\/que-veut-dire-opc-chez-opel\/#primaryimage"},"thumbnailUrl":"https:\/\/cdn.bymycar.eu\/fr-webzine\/wp-content\/uploads\/medias\/que-veut-dire-opc-chez-Opel.jpg","articleSection":["Guide d'achat","Guide d'achat Opel"],"inLanguage":"fr-FR"},{"@type":"WebPage","@id":"https:\/\/www.bymycar.fr\/webzine\/que-veut-dire-opc-chez-opel\/","url":"https:\/\/www.bymycar.fr\/webzine\/que-veut-dire-opc-chez-opel\/","name":"Que veut dire OPC chez Opel ?","isPartOf":{"@id":"https:\/\/www.bymycar.fr\/webzine\/#website"},"primaryImageOfPage":{"@id":"https:\/\/www.bymycar.fr\/webzine\/que-veut-dire-opc-chez-opel\/#primaryimage"},"image":{"@id":"https:\/\/www.bymycar.fr\/webzine\/que-veut-dire-opc-chez-opel\/#primaryimage"},"thumbnailUrl":"https:\/\/cdn.bymycar.eu\/fr-webzine\/wp-content\/uploads\/medias\/que-veut-dire-opc-chez-Opel.jpg","datePublished":"2022-06-28T08:04:02+00:00","dateModified":"2023-02-08T10:13:22+00:00","breadcrumb":{"@id":"https:\/\/www.bymycar.fr\/webzine\/que-veut-dire-opc-chez-opel\/#breadcrumb"},"inLanguage":"fr-FR","potentialAction":[{"@type":"ReadAction","target":["https:\/\/www.bymycar.fr\/webzine\/que-veut-dire-opc-chez-opel\/"]}]},{"@type":"ImageObject","inLanguage":"fr-FR","@id":"https:\/\/www.bymycar.fr\/webzine\/que-veut-dire-opc-chez-opel\/#primaryimage","url":"https:\/\/cdn.bymycar.eu\/fr-webzine\/wp-content\/uploads\/medias\/que-veut-dire-opc-chez-Opel.jpg","contentUrl":"https:\/\/cdn.bymycar.eu\/fr-webzine\/wp-content\/uploads\/medias\/que-veut-dire-opc-chez-Opel.jpg","width":750,"height":410},{"@type":"BreadcrumbList","@id":"https:\/\/www.bymycar.fr\/webzine\/que-veut-dire-opc-chez-opel\/#breadcrumb","itemListElement":[{"@type":"ListItem","position":1,"name":"Accueil","item":"https:\/\/www.bymycar.fr\/webzine\/"},{"@type":"ListItem","position":2,"name":"Que veut dire OPC chez Opel ?"}]},{"@type":"WebSite","@id":"https:\/\/www.bymycar.fr\/webzine\/#website","url":"https:\/\/www.bymycar.fr\/webzine\/","name":"Webzine auto BYmyCAR","description":"La magazine auto de BYmyCAR","publisher":{"@id":"https:\/\/www.bymycar.fr\/webzine\/#organization"},"potentialAction":[{"@type":"SearchAction","target":{"@type":"EntryPoint","urlTemplate":"https:\/\/www.bymycar.fr\/webzine\/?s={search_term_string}"},"query-input":{"@type":"PropertyValueSpecification","valueRequired":true,"valueName":"search_term_string"}}],"inLanguage":"fr-FR"},{"@type":"Organization","@id":"https:\/\/www.bymycar.fr\/webzine\/#organization","name":"BYmyCAR","url":"https:\/\/www.bymycar.fr\/webzine\/","logo":{"@type":"ImageObject","inLanguage":"fr-FR","@id":"https:\/\/www.bymycar.fr\/webzine\/#\/schema\/logo\/image\/","url":"https:\/\/cdn.bymycar.eu\/fr-webzine\/wp-content\/uploads\/medias\/2017\/08\/logo_DEALER_00000406_001.png","contentUrl":"https:\/\/cdn.bymycar.eu\/fr-webzine\/wp-content\/uploads\/medias\/2017\/08\/logo_DEALER_00000406_001.png","width":2132,"height":720,"caption":"BYmyCAR"},"image":{"@id":"https:\/\/www.bymycar.fr\/webzine\/#\/schema\/logo\/image\/"}},{"@type":"Person","@id":"https:\/\/www.bymycar.fr\/webzine\/#\/schema\/person\/8c56906440ec126868bd40232b3445f0","name":"Gregoire LE BIHAN","image":{"@type":"ImageObject","inLanguage":"fr-FR","@id":"https:\/\/www.bymycar.fr\/webzine\/#\/schema\/person\/image\/","url":"https:\/\/secure.gravatar.com\/avatar\/1356d71f3c6eed50de358ba425c9944b742a0d35f88e0d5f8afe88fdac525492?s=96&d=mm&r=g","contentUrl":"https:\/\/secure.gravatar.com\/avatar\/1356d71f3c6eed50de358ba425c9944b742a0d35f88e0d5f8afe88fdac525492?s=96&d=mm&r=g","caption":"Gregoire LE BIHAN"}}]}},"_links":{"self":[{"href":"https:\/\/www.bymycar.fr\/webzine\/wp-json\/wp\/v2\/posts\/30756","targetHints":{"allow":["GET"]}}],"collection":[{"href":"https:\/\/www.bymycar.fr\/webzine\/wp-json\/wp\/v2\/posts"}],"about":[{"href":"https:\/\/www.bymycar.fr\/webzine\/wp-json\/wp\/v2\/types\/post"}],"author":[{"embeddable":true,"href":"https:\/\/www.bymycar.fr\/webzine\/wp-json\/wp\/v2\/users\/9"}],"replies":[{"embeddable":true,"href":"https:\/\/www.bymycar.fr\/webzine\/wp-json\/wp\/v2\/comments?post=30756"}],"version-history":[{"count":9,"href":"https:\/\/www.bymycar.fr\/webzine\/wp-json\/wp\/v2\/posts\/30756\/revisions"}],"predecessor-version":[{"id":39553,"href":"https:\/\/www.bymycar.fr\/webzine\/wp-json\/wp\/v2\/posts\/30756\/revisions\/39553"}],"wp:featuredmedia":[{"embeddable":true,"href":"https:\/\/www.bymycar.fr\/webzine\/wp-json\/wp\/v2\/media\/30757"}],"wp:attachment":[{"href":"https:\/\/www.bymycar.fr\/webzine\/wp-json\/wp\/v2\/media?parent=30756"}],"wp:term":[{"taxonomy":"category","embeddable":true,"href":"https:\/\/www.bymycar.fr\/webzine\/wp-json\/wp\/v2\/categories?post=30756"},{"taxonomy":"post_tag","embeddable":true,"href":"https:\/\/www.bymycar.fr\/webzine\/wp-json\/wp\/v2\/tags?post=30756"}],"curies":[{"name":"wp","href":"https:\/\/api.w.org\/{rel}","templated":true}]}}