{"id":28956,"date":"2022-05-19T11:25:53","date_gmt":"2022-05-19T09:25:53","guid":{"rendered":"https:\/\/prod.bymycar.fr\/webzine\/?p=28956"},"modified":"2025-11-17T12:07:08","modified_gmt":"2025-11-17T11:07:08","slug":"tout-savoir-sur-la-declaration-de-cession-dun-vehicule","status":"publish","type":"post","link":"https:\/\/www.bymycar.fr\/webzine\/tout-savoir-sur-la-declaration-de-cession-dun-vehicule\/","title":{"rendered":"Tout savoir sur la d\u00e9claration de cession d\u2019un v\u00e9hicule"},"content":{"rendered":"","protected":false},"excerpt":{"rendered":"","protected":false},"author":9,"featured_media":22578,"comment_status":"closed","ping_status":"closed","sticky":false,"template":"","format":"standard","meta":{"_acf_changed":false,"footnotes":""},"categories":[13],"tags":[],"class_list":["post-28956","post","type-post","status-publish","format-standard","has-post-thumbnail","hentry","category-achat-location-et-vente"],"acf":{"template":"classique","introduction":"<p><b>Vous vendez ou donnez votre voiture ? Certificat de cession, certificat de non gage, vous connaissez les d\u00e9marches \u00e0 entreprendre, mais savez-vous comment d\u00e9clarer la cession de ce v\u00e9hicule ?<\/b><\/p>\n<p>&nbsp;<\/p>\n<p style=\"text-align: center;\"><a href=\"\" target=\"_blank\" class=\"css-button css-button--gold\" >\n                D\u00e9couvrez nos voitures en stock &gt;\n        <\/a><\/p>\n","strates":[{"type_strate":"texte-simple","ancre":"","contenu":"<h2><b>Qu\u2019est-ce qu\u2019une d\u00e9claration de cession ?<\/b><\/h2>\n<p><span style=\"font-weight: 400;\">Lors de la vente ou d\u2019un don d\u2019un v\u00e9hicule d\u2019occasion, le vendeur comme l\u2019acheteur doivent effectuer diff\u00e9rentes d\u00e9marches, parmi lesquelles la d\u00e9claration de cession. Ce document, obtenu via le site Internet de l\u2019<\/span><a href=\"https:\/\/ants.gouv.fr\/\"><span style=\"font-weight: 400;\">Agence nationale des titres s\u00e9curis\u00e9s<\/span><\/a><span style=\"font-weight: 400;\"> (ANTS), permet d\u2019informer l\u2019administration du changement de propri\u00e9taire d\u2019un v\u00e9hicule. Gr\u00e2ce \u00e0 cette formalit\u00e9, le vendeur peut prouver qu\u2019il n\u2019est plus le propri\u00e9taire du v\u00e9hicule. De son c\u00f4t\u00e9, l\u2019acheteur peut demander un nouveau certificat d\u2019immatriculation (anciennement appel\u00e9 carte grise) pour circuler avec la voiture achet\u00e9e.<\/span><\/p>\n<h2><b>Quels sont les v\u00e9hicules concern\u00e9s ?<\/b><\/h2>\n<p><span style=\"font-weight: 400;\">La d\u00e9claration de cession concerne certains v\u00e9hicules et transactions :<\/span><\/p>\n<ul>\n<li><span style=\"font-weight: 400;\">Les v\u00e9hicules d\u2019occasion d\u00e9j\u00e0 immatricul\u00e9s en France<\/span><\/li>\n<li><span style=\"font-weight: 400;\">Les v\u00e9hicules soumis \u00e0 l\u2019obligation d\u2019immatriculation (<\/span><a href=\"https:\/\/www.legifrance.gouv.fr\/codes\/article_lc\/LEGIARTI000020242034\/2016-11-04\"><span style=\"font-weight: 400;\">article R322-1 du Code de la route<\/span><\/a><span style=\"font-weight: 400;\">) : il peut s\u2019agir de v\u00e9hicules \u00e0 moteur comme les cyclomoteurs, les voitures citadines, les<\/span><a href=\"https:\/\/www.bymycar.fr\/webzine\/les-utilitaires-mercedes-bymycar\/\"> <span style=\"font-weight: 400;\">v\u00e9hicules utilitaires<\/span><\/a><span style=\"font-weight: 400;\">, les<\/span><a href=\"https:\/\/www.bymycar.fr\/webzine\/quelle-est-la-meilleure-voiture-electrique\/\"> <span style=\"font-weight: 400;\">voitures \u00e9lectriques<\/span><\/a><span style=\"font-weight: 400;\"> ou les voitures hybrides, mais \u00e9galement les remorques dont le poids total autoris\u00e9 en charge est sup\u00e9rieur \u00e0 500 kilogrammes<\/span><\/li>\n<li><span style=\"font-weight: 400;\">Les v\u00e9hicules qui sont vendus ou donn\u00e9s<\/span><\/li>\n<li><span style=\"font-weight: 400;\">Les voitures qui sont en \u00e9tat de rouler : pour rappel, il est interdit de c\u00e9der \u00e0 un particulier une voiture immatricul\u00e9e qui ne peut pas rouler, seul un centre agr\u00e9\u00e9 V\u00e9hicule Hors d&rsquo;Usage (VHU) peut r\u00e9cup\u00e9rer une voiture non roulante destin\u00e9e \u00e0 la destruction ; dans ce cas, le vendeur doit faire une d\u00e9claration de v\u00e9hicule \u00e0 d\u00e9truire dans la rubrique<\/span><a href=\"https:\/\/immatriculation.ants.gouv.fr\/demarches-en-ligne\/signaler-un-changement-sur-la-situation-de-votre-vehicule\"> <span style=\"font-weight: 400;\">\u00ab Signaler un changement sur la situation de votre v\u00e9hicule \u00bb<\/span><\/a><span style=\"font-weight: 400;\"> du site de l\u2019ANTS<\/span><\/li>\n<li><span style=\"font-weight: 400;\">Les ventes et les dons de v\u00e9hicules r\u00e9alis\u00e9s entre des particuliers, entre des professionnels ou entre un particulier et un professionnel<\/span><\/li>\n<\/ul>\n<h2><b>Pourquoi d\u00e9clarer la cession d\u2019un v\u00e9hicule ?<\/b><\/h2>\n<p><span style=\"font-weight: 400;\">La d\u00e9claration de cession est une formalit\u00e9 obligatoire, impos\u00e9e par l\u2019<\/span><a href=\"https:\/\/www.legifrance.gouv.fr\/codes\/article_lc\/LEGIARTI000035433238\"><span style=\"font-weight: 400;\">article R322-4 du Code de la route<\/span><\/a><span style=\"font-weight: 400;\">. Si le vendeur oublie de d\u00e9clarer la vente ou le don de son v\u00e9hicule, l\u2019administration n\u2019est pas inform\u00e9e du transfert de propri\u00e9t\u00e9. L\u2019effet de cette absence de d\u00e9claration est que le vendeur est pr\u00e9sum\u00e9 \u00eatre toujours propri\u00e9taire de la voiture. Il peut donc \u00eatre tenu pour responsable en cas d\u2019infractions commises par l\u2019acheteur avec le v\u00e9hicule c\u00e9d\u00e9.<\/span><\/p>\n<p><span style=\"font-weight: 400;\">Comme la d\u00e9claration de cession est une obligation l\u00e9gale, en cas de non-r\u00e9alisation de la d\u00e9marche,ou de non-respect des d\u00e9lais impartis, le vendeur peut se voir infliger une amende. Dans cette hypoth\u00e8se, il s\u2019agit d\u2019une amende forfaitaire pr\u00e9vue pour les contraventions de la quatri\u00e8me classe, dont le montant s\u2019\u00e9l\u00e8ve \u00e0 135 euros selon l\u2019<\/span><a href=\"https:\/\/www.legifrance.gouv.fr\/codes\/article_lc\/LEGIARTI000041765693\"><span style=\"font-weight: 400;\">article R49 du Code de proc\u00e9dure p\u00e9nale<\/span><\/a><span style=\"font-weight: 400;\">, ce montant pouvant \u00eatre minor\u00e9 ou major\u00e9 selon les situations.<\/span><\/p>\n<p><span style=\"font-weight: 400;\">La personne qui c\u00e8de son v\u00e9hicule \u00e0 une autre a donc tout int\u00e9r\u00eat \u00e0 effectuer cette d\u00e9marche rapidement pour \u00e9viter toute sanction.<\/span><\/p>\n<h2><b>Les pr\u00e9requis \u00e0 la vente d\u2019un v\u00e9hicule d\u2019occasion<\/b><\/h2>\n<p><span style=\"font-weight: 400;\">Afin de vendre son v\u00e9hicule, le vendeur doit effectuer plusieurs d\u00e9marches particuli\u00e8res, dont les principales sont :<\/span><\/p>\n<ul>\n<li><span style=\"font-weight: 400;\">Faire passer un contr\u00f4le technique \u00e0 son v\u00e9hicule dans un centre agr\u00e9\u00e9. Cette obligation existe si la voiture vendue a plus de quatre ans. Lors de la transaction, le vendeur doit alors fournir \u00e0 l\u2019acheteur un proc\u00e8s-verbal de contr\u00f4le technique informant de la n\u00e9cessit\u00e9 ou pas de faire des contre-visites. Ce contr\u00f4le technique s\u2019effectue aux frais du vendeur et doit dater de moins de six mois au moment de la vente (<\/span><a href=\"https:\/\/www.legifrance.gouv.fr\/codes\/article_lc\/LEGIARTI000034075672\/\"><span style=\"font-weight: 400;\">article R323-22 du Code de la route<\/span><\/a><span style=\"font-weight: 400;\">).<\/span><\/li>\n<li><span style=\"font-weight: 400;\">Obtenir un certificat de situation, pr\u00e9c\u00e9demment appel\u00e9 certificat de non-gage via le site<\/span><a href=\"https:\/\/histovec.interieur.gouv.fr\/histovec\/home\"> <span style=\"font-weight: 400;\">Histovec<\/span><\/a><span style=\"font-weight: 400;\"> du minist\u00e8re de l\u2019Int\u00e9rieur. Ce document doit \u00eatre dat\u00e9 de moins de quinze jours au moment de la cession. Il prouve que le vendeur n&rsquo;a pas donn\u00e9 sa voiture en gage dans le cadre de la souscription d&rsquo;un pr\u00eat. Il permet \u00e9galement de justifier que le v\u00e9hicule ne fait l\u2019objet d\u2019aucune opposition de la part du Tr\u00e9sor public suite \u00e0 des contraventions non r\u00e9gl\u00e9es par exemple.<\/span><\/li>\n<li><span style=\"font-weight: 400;\"> Transmettre le certificat d\u2019<a href=\"https:\/\/www.bymycar.fr\/webzine\/immatriculation-dun-vehicule-quelles-sont-les-demarches\/\">immatriculation du v\u00e9hicule<\/a> \u00e0 l\u2019acheteur au moment de la cession. Le vendeur doit barrer ce document et \u00e9crire dessus, d&rsquo;une mani\u00e8re lisible : \u00ab\u00a0vendu le\u00a0\u00bb en pr\u00e9cisant la date et l&rsquo;heure de la cession, suivie de sa signature de chaque partie.<\/span><\/li>\n<\/ul>\n<p><span style=\"font-weight: 400;\">En parall\u00e8le, il est \u00e9galement recommand\u00e9 de rassembler les diff\u00e9rentes factures des r\u00e9parations effectu\u00e9es sur le v\u00e9hicule ainsi que le carnet d\u2019entretien de celui-ci. La transmission de ces documents \u00e0 l\u2019acqu\u00e9reur lors de la vente permet de lui apporter une information compl\u00e8te sur les caract\u00e9ristiques de la voiture.<\/span><\/p>\n<h2><b>Comment faire une demande de d\u00e9claration de cession ?<\/b><\/h2>\n<p><span style=\"font-weight: 400;\">Qu\u2019il s\u2019agisse d\u2019une vente ou d\u2019un don, la proc\u00e9dure pour d\u00e9clarer la cession d\u2019un v\u00e9hicule est enti\u00e8rement d\u00e9mat\u00e9rialis\u00e9e et gratuite. Elle s\u2019effectue sur le site de l&rsquo;Agence nationale des titres s\u00e9curis\u00e9s (ANTS) en allant dans la rubrique<\/span><a href=\"https:\/\/immatriculation.ants.gouv.fr\/demarches-en-ligne\/vendre-ou-donner-votre-vehicule\"> <span style=\"font-weight: 400;\">\u00ab Vendre ou donner son v\u00e9hicule \u00bb<\/span><\/a><span style=\"font-weight: 400;\">. Il faut ensuite se connecter avec les identifiants FranceConnect ou en cr\u00e9ant un compte sp\u00e9cifique aupr\u00e8s du service de l\u2019ANTS.<\/span><\/p>\n<p><span style=\"font-weight: 400;\">Deux entit\u00e9s peuvent r\u00e9aliser la d\u00e9marche :<\/span><\/p>\n<ul>\n<li><span style=\"font-weight: 400;\">Le vendeur en personne<\/span><\/li>\n<li><span style=\"font-weight: 400;\">Un professionnel<\/span><a href=\"https:\/\/immatriculation.ants.gouv.fr\/services-et-formulaires\/geolocaliser-des-professionnels-habilites-a-limmatriculation\"> <span style=\"font-weight: 400;\">agr\u00e9\u00e9 et habilit\u00e9 au syst\u00e8me d&rsquo;immatriculation d&rsquo;un v\u00e9hicule (SIV)<\/span><\/a><span style=\"font-weight: 400;\"> par le minist\u00e8re de l&rsquo;Int\u00e9rieur et qui agit au nom et pour le compte du vendeur<\/span><\/li>\n<\/ul>\n<h2><b>Quand d\u00e9clarer la cession de son v\u00e9hicule ?<\/b><\/h2>\n<p><span style=\"font-weight: 400;\">Le vendeur a deux possibilit\u00e9s pour d\u00e9clarer la cession de son v\u00e9hicule :<\/span><\/p>\n<ul>\n<li><span style=\"font-weight: 400;\">Il peut commencer les d\u00e9marches sur le site de l\u2019ANTS avant que la vente soit r\u00e9alis\u00e9e. Dans ce cas, le vendeur remplit la d\u00e9claration avec les informations qu\u2019il a en sa possession. Il peut ensuite revenir sur son compte ANTS une fois la cession effectu\u00e9e, en cliquant dans la partie \u00ab D\u00e9marche en cours \u00bb. Il termine alors sa d\u00e9marche avec les documents et les renseignements manquants, parmi lesquels le <\/span><a href=\"https:\/\/www.bymycar.fr\/webzine\/le-certificat-de-cession-de-vehicule-a-quoi-sert-il\/\"><span style=\"font-weight: 400;\">certificat de cession<\/span><\/a><span style=\"font-weight: 400;\"> sign\u00e9, la date et l\u2019heure de la cession ou le kilom\u00e9trage du v\u00e9hicule au moment de la vente.<\/span><\/li>\n<li><span style=\"font-weight: 400;\">Il peut faire la d\u00e9claration en une seule fois lorsque la voiture est vendue et que la vente est sign\u00e9e.<\/span><\/li>\n<\/ul>\n<p><span style=\"font-weight: 400;\">En toute hypoth\u00e8se, l\u2019<\/span><a href=\"https:\/\/www.legifrance.gouv.fr\/codes\/article_lc\/LEGIARTI000035433238\"><span style=\"font-weight: 400;\">article R322-4 du Code de la route<\/span><\/a><span style=\"font-weight: 400;\"> impose d\u2019effectuer la d\u00e9claration de cession dans les quinze jours suivant la signature du certificat de cession. Au-del\u00e0 de ce d\u00e9lai, le vendeur peut donc \u00eatre sanctionn\u00e9 pour non-respect des obligations qui s\u2019imposent \u00e0 lui.<\/span><\/p>\n<h2><b>Quelles sont les pi\u00e8ces n\u00e9cessaires pour cette formalit\u00e9 ?<\/b><\/h2>\n<p><span style=\"font-weight: 400;\">Diff\u00e9rentes informations et pi\u00e8ces justificatives sont obligatoires pour proc\u00e9der \u00e0 la d\u00e9claration de cession d\u2019un v\u00e9hicule :<\/span><\/p>\n<ul>\n<li><span style=\"font-weight: 400;\">Les renseignements concernant le futur propri\u00e9taire : son nom, son pr\u00e9nom, son adresse et sa date de naissance notamment<\/span><\/li>\n<li><span style=\"font-weight: 400;\">Les informations concernant le v\u00e9hicule et la cession : le num\u00e9ro d\u2019immatriculation, le kilom\u00e9trage de la voiture au moment de la vente<\/span><\/li>\n<li><span style=\"font-weight: 400;\">Les pr\u00e9cisions concernant la transaction : la date et l\u2019heure de la cession<\/span><\/li>\n<li><span style=\"font-weight: 400;\">Le certificat de cession d\u2019un v\u00e9hicule d\u2019occasion (formulaire<\/span><a href=\"https:\/\/www.service-public.fr\/simulateur\/calcul\/15776\"> <span style=\"font-weight: 400;\">Cerfa n\u00b0 15776*02<\/span><\/a><span style=\"font-weight: 400;\">) d\u00fbment rempli. Il est \u00e9tabli en deux exemplaires (un exemplaire pour chaque partie) sur lesquels sont appos\u00e9es les signatures de l\u2019acheteur et du vendeur<\/span><\/li>\n<li><span style=\"font-weight: 400;\">Le<\/span><a href=\"https:\/\/siv.interieur.gouv.fr\/map-usg-ui\/do\/csa_retour_dem_certificat\"> <span style=\"font-weight: 400;\">certificat de situation administrative<\/span><\/a><span style=\"font-weight: 400;\"> qui atteste de l\u2019absence d&rsquo;inscription de gage sur le v\u00e9hicule et de l\u2019absence d&rsquo;opposition au transfert de la carte grise.<\/span><\/li>\n<li><span style=\"font-weight: 400;\">Le code confidentiel mentionn\u00e9 sur le courrier qui accompagne le certificat d\u2019immatriculation du v\u00e9hicule : s\u2019il d\u00e9l\u00e8gue cette formalit\u00e9, le vendeur doit transmettre ce code au professionnel qui fait la d\u00e9claration pour lui afin que celui-ci m\u00e8ne \u00e0 bien le processus de d\u00e9claration<\/span><\/li>\n<\/ul>\n<h2><b>Que se passe-t-il apr\u00e8s la d\u00e9claration de cession du v\u00e9hicule ?<\/b><\/h2>\n<p><span style=\"font-weight: 400;\">Une fois l\u2019ensemble des formulaires compl\u00e9t\u00e9s et des pi\u00e8ces justificatives transmises, si le dossier est complet, un accus\u00e9 de d\u00e9claration de cession est remis au vendeur. Celui-ci pr\u00e9cise notamment :<\/span><\/p>\n<ul>\n<li><span style=\"font-weight: 400;\">La date d\u2019enregistrement de la d\u00e9claration de cession du v\u00e9hicule<\/span><\/li>\n<li><span style=\"font-weight: 400;\">La date et l\u2019heure de la cession<\/span><\/li>\n<li><span style=\"font-weight: 400;\">Le num\u00e9ro d\u2019immatriculation du v\u00e9hicule<\/span><\/li>\n<li><span style=\"font-weight: 400;\">L\u2019identit\u00e9 de chaque partie : le vendeur et l\u2019acheteur<\/span><\/li>\n<li><span style=\"font-weight: 400;\">Le code de cession compos\u00e9 d\u2019une s\u00e9rie de chiffres et de lettres attribu\u00e9e \u00e0 la transaction : ce code de cession est valable quinze jours, le vendeur doit le transmettre \u00e0 l\u2019acqu\u00e9reur afin que ce dernier engage les d\u00e9marches n\u00e9cessaires pour obtenir un nouveau certificat d\u2019immatriculation aupr\u00e8s de l\u2019ANTS<\/span><\/li>\n<\/ul>\n<p><span style=\"font-weight: 400;\">En parall\u00e8le, et apr\u00e8s la cession d\u00e9finitive du v\u00e9hicule, le vendeur doit \u00e9galement penser \u00e0 r\u00e9silier le contrat d\u2019assurance qui y \u00e9tait li\u00e9 afin d\u2019\u00e9viter des frais inutiles.<\/span><\/p>\n<p>&nbsp;<\/p>\n<p style=\"text-align: center;\"><a href=\"\" target=\"_blank\" class=\"css-button css-button--gold\" >\n                D\u00e9couvrez nos voitures en stock &gt;\n        <\/a><\/p>\n<p>&nbsp;<\/p>\n<p><i><span style=\"font-weight: 400;\">D\u00e9couvrez \u00e9galement :<\/span><\/i><\/p>\n<p><a href=\"https:\/\/www.bymycar.fr\/v\/voiture-occasion\"><i><span style=\"font-weight: 400;\">Voiture occasion<\/span><\/i><\/a><\/p>\n<p><a href=\"https:\/\/www.bymycar.fr\/webzine\/guide-vendre-sa-voiture-toute-serenite\/\"><i><span style=\"font-weight: 400;\">Vente de voiture<\/span><\/i><\/a><\/p>\n<p><a href=\"https:\/\/www.bymycar.fr\/webzine\/le-nouveau-nissan-qashqai\/\"><i><span style=\"font-weight: 400;\">Nouveau v\u00e9hicule<\/span><\/i><\/a><\/p>\n<p><a href=\"https:\/\/www.bymycar.fr\/webzine\/comment-bien-preparer-la-vente-de-votre-vehicule\/\"><i><span style=\"font-weight: 400;\">Vente v\u00e9hicule<\/span><\/i><\/a><\/p>\n<p><a href=\"https:\/\/www.bymycar.fr\/webzine\/pourquoi-acheter-un-vehicule-en-ligne-et-comment-sy-prendre\/\"><i><span style=\"font-weight: 400;\">V\u00e9hicule en ligne<\/span><\/i><\/a><\/p>\n<p><a href=\"https:\/\/www.bymycar.fr\/webzine\/quelles-sont-les-perspectives-du-marche-de-loccasion-automobile\/\"><i><span style=\"font-weight: 400;\">March\u00e9 d&rsquo;occasion<\/span><\/i><\/a><\/p>\n<p><a href=\"https:\/\/www.bymycar.fr\/webzine\/comment-acheter-une-voiture-aux-encheres\/\"><i><span style=\"font-weight: 400;\">Ventes aux ench\u00e8res<\/span><\/i><\/a><\/p>\n<p><a href=\"https:\/\/www.bymycar.fr\/webzine\/acheter-sa-voiture-aux-encheres-comment-ca-marche\/\"><i><span style=\"font-weight: 400;\">Acheter aux ench\u00e8res<\/span><\/i><\/a><\/p>\n<p><a href=\"https:\/\/www.bymycar.fr\/webzine\/encheres-des-voitures-doccasion-un-marche-en-plein-essor\/\"><i><span style=\"font-weight: 400;\">Ench\u00e8res des voitures d&rsquo;occasion<\/span><\/i><\/a><\/p>\n<p><a href=\"https:\/\/www.bymycar.fr\/webzine\/cession-de-vehicule-comment-proceder\/\"><i><span style=\"font-weight: 400;\">Cession vehicule<\/span><\/i><\/a><\/p>\n","titre":"Tout savoir sur la d\u00e9claration de cession d\u2019un v\u00e9hicule","image":false,"image_libre":false,"image_800x500":false,"legende":"","zoom":false,"texte":"","articles":false,"categorie_droite":false,"images":false,"elements_comparatif":false,"texte_1":"","texte_2":"","image_1":false,"image_1_563x400":false,"image_1_332x332":false,"image_2":false,"image_2_333x240":false,"image_2_563x400":false,"image_3":false,"image_3_333x240":false,"image_3_332x450":false,"image_4":false,"image_4_332x332":false,"image_4_563x400":false,"code_embed":"","legende_video":"","photo":false,"photo_100x100":false,"nom":"","fonction":"","elements_timeline":false,"entetes_colonnes":false,"entetes_lignes":false,"lignes":false,"introduction":"","formulaire":false,"question":"","reponse":"","libelle_bouton_lien":"","url_lien":"","questions":false,"conclusions":false,"pays":false,"region":false,"marque":false,"marqueConcessions":false,"modele":false,"ptvente":false,"typeV":false,"collection":false,"nombre_maximum_elements":10,"lien_fin_carousel":"","texte_lien_fin_carousel":"","trier_par":false}],"is_old_post":false,"image":{"ID":22578,"id":22578,"title":"All-new Nissan Qashqai: elevating the drive","filename":"2021-06-01-All-New-Nissan-Qashqai-Dynamics-Hi-13.JPG.jpg","filesize":1,"url":"https:\/\/cdn.bymycar.eu\/fr-webzine\/wp-content\/uploads\/medias\/2021-06-01-All-New-Nissan-Qashqai-Dynamics-Hi-13.JPG.jpg","link":"https:\/\/www.bymycar.fr\/webzine\/?attachment_id=22578","alt":"d\u00e9claration de cession d\u2019un v\u00e9hicule","author":"20","description":"","caption":"From June 1st, 2021, European media will have the opportunity to take the latest generation of Nissan's pioneering crossover on its first test drive on European roads.","name":"all-new-nissan-qashqai-elevating-the-drive-3","status":"inherit","uploaded_to":22575,"date":"2021-12-29 11:38:48","modified":"2022-05-19 09:25:30","menu_order":0,"mime_type":"image\/jpeg","type":"image","subtype":"jpeg","icon":"https:\/\/www.bymycar.fr\/webzine\/wp-includes\/images\/media\/default.png","width":1868,"height":1708,"sizes":{"thumbnail":"https:\/\/cdn.bymycar.eu\/fr-webzine\/wp-content\/uploads\/medias\/2021-06-01-All-New-Nissan-Qashqai-Dynamics-Hi-13.JPG-scaled-e1640778018526-150x150.jpg","thumbnail-width":150,"thumbnail-height":150,"medium":"https:\/\/cdn.bymycar.eu\/fr-webzine\/wp-content\/uploads\/medias\/2021-06-01-All-New-Nissan-Qashqai-Dynamics-Hi-13.JPG-scaled-e1640778018526-300x274.jpg","medium-width":300,"medium-height":274,"medium_large":"https:\/\/cdn.bymycar.eu\/fr-webzine\/wp-content\/uploads\/medias\/2021-06-01-All-New-Nissan-Qashqai-Dynamics-Hi-13.JPG-scaled-e1640778018526-768x702.jpg","medium_large-width":768,"medium_large-height":702,"large":"https:\/\/cdn.bymycar.eu\/fr-webzine\/wp-content\/uploads\/medias\/2021-06-01-All-New-Nissan-Qashqai-Dynamics-Hi-13.JPG-scaled-e1640778018526-1024x936.jpg","large-width":1024,"large-height":936,"1536x1536":"https:\/\/cdn.bymycar.eu\/fr-webzine\/wp-content\/uploads\/medias\/2021-06-01-All-New-Nissan-Qashqai-Dynamics-Hi-13.JPG-scaled-e1640778018526-1536x1404.jpg","1536x1536-width":1536,"1536x1536-height":1404,"2048x2048":"https:\/\/cdn.bymycar.eu\/fr-webzine\/wp-content\/uploads\/medias\/2021-06-01-All-New-Nissan-Qashqai-Dynamics-Hi-13.JPG-2048x1366.jpg","2048x2048-width":2048,"2048x2048-height":1366}},"page_content":{"block_content":[{"acf_fc_layout":"text-simple","--nav":{"-withNav":false,"-ancre":""},"--group":{"-text":"<h2><b>Qu\u2019est-ce qu\u2019une d\u00e9claration de cession ?<\/b><\/h2>\n<p><span style=\"font-weight: 400;\">Lors de la vente ou d\u2019un don d\u2019un v\u00e9hicule d\u2019occasion, le vendeur comme l\u2019acheteur doivent effectuer diff\u00e9rentes d\u00e9marches, parmi lesquelles la d\u00e9claration de cession. Ce document, obtenu via le site Internet de l\u2019<\/span><a href=\"https:\/\/ants.gouv.fr\/\"><span style=\"font-weight: 400;\">Agence nationale des titres s\u00e9curis\u00e9s<\/span><\/a><span style=\"font-weight: 400;\"> (ANTS), permet d\u2019informer l\u2019administration du changement de propri\u00e9taire d\u2019un v\u00e9hicule. Gr\u00e2ce \u00e0 cette formalit\u00e9, le vendeur peut prouver qu\u2019il n\u2019est plus le propri\u00e9taire du v\u00e9hicule. De son c\u00f4t\u00e9, l\u2019acheteur peut demander un nouveau certificat d\u2019immatriculation (anciennement appel\u00e9 carte grise) pour circuler avec la voiture achet\u00e9e.<\/span><\/p>\n<h2><b>Quels sont les v\u00e9hicules concern\u00e9s ?<\/b><\/h2>\n<p><span style=\"font-weight: 400;\">La d\u00e9claration de cession concerne certains v\u00e9hicules et transactions :<\/span><\/p>\n<ul>\n<li><span style=\"font-weight: 400;\">Les v\u00e9hicules d\u2019occasion d\u00e9j\u00e0 immatricul\u00e9s en France<\/span><\/li>\n<li><span style=\"font-weight: 400;\">Les v\u00e9hicules soumis \u00e0 l\u2019obligation d\u2019immatriculation (<\/span><a href=\"https:\/\/www.legifrance.gouv.fr\/codes\/article_lc\/LEGIARTI000020242034\/2016-11-04\"><span style=\"font-weight: 400;\">article R322-1 du Code de la route<\/span><\/a><span style=\"font-weight: 400;\">) : il peut s\u2019agir de v\u00e9hicules \u00e0 moteur comme les cyclomoteurs, les voitures citadines, les<\/span><a href=\"https:\/\/www.bymycar.fr\/webzine\/les-utilitaires-mercedes-bymycar\/\"> <span style=\"font-weight: 400;\">v\u00e9hicules utilitaires<\/span><\/a><span style=\"font-weight: 400;\">, les<\/span><a href=\"https:\/\/www.bymycar.fr\/webzine\/quelle-est-la-meilleure-voiture-electrique\/\"> <span style=\"font-weight: 400;\">voitures \u00e9lectriques<\/span><\/a><span style=\"font-weight: 400;\"> ou les voitures hybrides, mais \u00e9galement les remorques dont le poids total autoris\u00e9 en charge est sup\u00e9rieur \u00e0 500 kilogrammes<\/span><\/li>\n<li><span style=\"font-weight: 400;\">Les v\u00e9hicules qui sont vendus ou donn\u00e9s<\/span><\/li>\n<li><span style=\"font-weight: 400;\">Les voitures qui sont en \u00e9tat de rouler : pour rappel, il est interdit de c\u00e9der \u00e0 un particulier une voiture immatricul\u00e9e qui ne peut pas rouler, seul un centre agr\u00e9\u00e9 V\u00e9hicule Hors d\u2019Usage (VHU) peut r\u00e9cup\u00e9rer une voiture non roulante destin\u00e9e \u00e0 la destruction ; dans ce cas, le vendeur doit faire une d\u00e9claration de v\u00e9hicule \u00e0 d\u00e9truire dans la rubrique<\/span><a href=\"https:\/\/immatriculation.ants.gouv.fr\/demarches-en-ligne\/signaler-un-changement-sur-la-situation-de-votre-vehicule\"> <span style=\"font-weight: 400;\">\u00ab Signaler un changement sur la situation de votre v\u00e9hicule \u00bb<\/span><\/a><span style=\"font-weight: 400;\"> du site de l\u2019ANTS<\/span><\/li>\n<li><span style=\"font-weight: 400;\">Les ventes et les dons de v\u00e9hicules r\u00e9alis\u00e9s entre des particuliers, entre des professionnels ou entre un particulier et un professionnel<\/span><\/li>\n<\/ul>\n<h2><b>Pourquoi d\u00e9clarer la cession d\u2019un v\u00e9hicule ?<\/b><\/h2>\n<p><span style=\"font-weight: 400;\">La d\u00e9claration de cession est une formalit\u00e9 obligatoire, impos\u00e9e par l\u2019<\/span><a href=\"https:\/\/www.legifrance.gouv.fr\/codes\/article_lc\/LEGIARTI000035433238\"><span style=\"font-weight: 400;\">article R322-4 du Code de la route<\/span><\/a><span style=\"font-weight: 400;\">. Si le vendeur oublie de d\u00e9clarer la vente ou le don de son v\u00e9hicule, l\u2019administration n\u2019est pas inform\u00e9e du transfert de propri\u00e9t\u00e9. L\u2019effet de cette absence de d\u00e9claration est que le vendeur est pr\u00e9sum\u00e9 \u00eatre toujours propri\u00e9taire de la voiture. Il peut donc \u00eatre tenu pour responsable en cas d\u2019infractions commises par l\u2019acheteur avec le v\u00e9hicule c\u00e9d\u00e9.<\/span><\/p>\n<p><span style=\"font-weight: 400;\">Comme la d\u00e9claration de cession est une obligation l\u00e9gale, en cas de non-r\u00e9alisation de la d\u00e9marche,ou de non-respect des d\u00e9lais impartis, le vendeur peut se voir infliger une amende. Dans cette hypoth\u00e8se, il s\u2019agit d\u2019une amende forfaitaire pr\u00e9vue pour les contraventions de la quatri\u00e8me classe, dont le montant s\u2019\u00e9l\u00e8ve \u00e0 135 euros selon l\u2019<\/span><a href=\"https:\/\/www.legifrance.gouv.fr\/codes\/article_lc\/LEGIARTI000041765693\"><span style=\"font-weight: 400;\">article R49 du Code de proc\u00e9dure p\u00e9nale<\/span><\/a><span style=\"font-weight: 400;\">, ce montant pouvant \u00eatre minor\u00e9 ou major\u00e9 selon les situations.<\/span><\/p>\n<p><span style=\"font-weight: 400;\">La personne qui c\u00e8de son v\u00e9hicule \u00e0 une autre a donc tout int\u00e9r\u00eat \u00e0 effectuer cette d\u00e9marche rapidement pour \u00e9viter toute sanction.<\/span><\/p>\n<h2><b>Les pr\u00e9requis \u00e0 la vente d\u2019un v\u00e9hicule d\u2019occasion<\/b><\/h2>\n<p><span style=\"font-weight: 400;\">Afin de vendre son v\u00e9hicule, le vendeur doit effectuer plusieurs d\u00e9marches particuli\u00e8res, dont les principales sont :<\/span><\/p>\n<ul>\n<li><span style=\"font-weight: 400;\">Faire passer un contr\u00f4le technique \u00e0 son v\u00e9hicule dans un centre agr\u00e9\u00e9. Cette obligation existe si la voiture vendue a plus de quatre ans. Lors de la transaction, le vendeur doit alors fournir \u00e0 l\u2019acheteur un proc\u00e8s-verbal de contr\u00f4le technique informant de la n\u00e9cessit\u00e9 ou pas de faire des contre-visites. Ce contr\u00f4le technique s\u2019effectue aux frais du vendeur et doit dater de moins de six mois au moment de la vente (<\/span><a href=\"https:\/\/www.legifrance.gouv.fr\/codes\/article_lc\/LEGIARTI000034075672\/\"><span style=\"font-weight: 400;\">article R323-22 du Code de la route<\/span><\/a><span style=\"font-weight: 400;\">).<\/span><\/li>\n<li><span style=\"font-weight: 400;\">Obtenir un certificat de situation, pr\u00e9c\u00e9demment appel\u00e9 certificat de non-gage via le site<\/span><a href=\"https:\/\/histovec.interieur.gouv.fr\/histovec\/home\"> <span style=\"font-weight: 400;\">Histovec<\/span><\/a><span style=\"font-weight: 400;\"> du minist\u00e8re de l\u2019Int\u00e9rieur. Ce document doit \u00eatre dat\u00e9 de moins de quinze jours au moment de la cession. Il prouve que le vendeur n\u2019a pas donn\u00e9 sa voiture en gage dans le cadre de la souscription d\u2019un pr\u00eat. Il permet \u00e9galement de justifier que le v\u00e9hicule ne fait l\u2019objet d\u2019aucune opposition de la part du Tr\u00e9sor public suite \u00e0 des contraventions non r\u00e9gl\u00e9es par exemple.<\/span><\/li>\n<li><span style=\"font-weight: 400;\"> Transmettre le certificat d\u2019<a href=\"https:\/\/www.bymycar.fr\/webzine\/immatriculation-dun-vehicule-quelles-sont-les-demarches\/\">immatriculation du v\u00e9hicule<\/a> \u00e0 l\u2019acheteur au moment de la cession. Le vendeur doit barrer ce document et \u00e9crire dessus, d\u2019une mani\u00e8re lisible : \u00ab\u00a0vendu le\u00a0\u00bb en pr\u00e9cisant la date et l\u2019heure de la cession, suivie de sa signature de chaque partie.<\/span><\/li>\n<\/ul>\n<p><span style=\"font-weight: 400;\">En parall\u00e8le, il est \u00e9galement recommand\u00e9 de rassembler les diff\u00e9rentes factures des r\u00e9parations effectu\u00e9es sur le v\u00e9hicule ainsi que le carnet d\u2019entretien de celui-ci. La transmission de ces documents \u00e0 l\u2019acqu\u00e9reur lors de la vente permet de lui apporter une information compl\u00e8te sur les caract\u00e9ristiques de la voiture.<\/span><\/p>\n<h2><b>Comment faire une demande de d\u00e9claration de cession ?<\/b><\/h2>\n<p><span style=\"font-weight: 400;\">Qu\u2019il s\u2019agisse d\u2019une vente ou d\u2019un don, la proc\u00e9dure pour d\u00e9clarer la cession d\u2019un v\u00e9hicule est enti\u00e8rement d\u00e9mat\u00e9rialis\u00e9e et gratuite. Elle s\u2019effectue sur le site de l\u2019Agence nationale des titres s\u00e9curis\u00e9s (ANTS) en allant dans la rubrique<\/span><a href=\"https:\/\/immatriculation.ants.gouv.fr\/demarches-en-ligne\/vendre-ou-donner-votre-vehicule\"> <span style=\"font-weight: 400;\">\u00ab Vendre ou donner son v\u00e9hicule \u00bb<\/span><\/a><span style=\"font-weight: 400;\">. Il faut ensuite se connecter avec les identifiants FranceConnect ou en cr\u00e9ant un compte sp\u00e9cifique aupr\u00e8s du service de l\u2019ANTS.<\/span><\/p>\n<p><span style=\"font-weight: 400;\">Deux entit\u00e9s peuvent r\u00e9aliser la d\u00e9marche :<\/span><\/p>\n<ul>\n<li><span style=\"font-weight: 400;\">Le vendeur en personne<\/span><\/li>\n<li><span style=\"font-weight: 400;\">Un professionnel<\/span><a href=\"https:\/\/immatriculation.ants.gouv.fr\/services-et-formulaires\/geolocaliser-des-professionnels-habilites-a-limmatriculation\"> <span style=\"font-weight: 400;\">agr\u00e9\u00e9 et habilit\u00e9 au syst\u00e8me d\u2019immatriculation d\u2019un v\u00e9hicule (SIV)<\/span><\/a><span style=\"font-weight: 400;\"> par le minist\u00e8re de l\u2019Int\u00e9rieur et qui agit au nom et pour le compte du vendeur<\/span><\/li>\n<\/ul>\n<h2><b>Quand d\u00e9clarer la cession de son v\u00e9hicule ?<\/b><\/h2>\n<p><span style=\"font-weight: 400;\">Le vendeur a deux possibilit\u00e9s pour d\u00e9clarer la cession de son v\u00e9hicule :<\/span><\/p>\n<ul>\n<li><span style=\"font-weight: 400;\">Il peut commencer les d\u00e9marches sur le site de l\u2019ANTS avant que la vente soit r\u00e9alis\u00e9e. Dans ce cas, le vendeur remplit la d\u00e9claration avec les informations qu\u2019il a en sa possession. Il peut ensuite revenir sur son compte ANTS une fois la cession effectu\u00e9e, en cliquant dans la partie \u00ab D\u00e9marche en cours \u00bb. Il termine alors sa d\u00e9marche avec les documents et les renseignements manquants, parmi lesquels le <\/span><a href=\"https:\/\/www.bymycar.fr\/webzine\/le-certificat-de-cession-de-vehicule-a-quoi-sert-il\/\"><span style=\"font-weight: 400;\">certificat de cession<\/span><\/a><span style=\"font-weight: 400;\"> sign\u00e9, la date et l\u2019heure de la cession ou le kilom\u00e9trage du v\u00e9hicule au moment de la vente.<\/span><\/li>\n<li><span style=\"font-weight: 400;\">Il peut faire la d\u00e9claration en une seule fois lorsque la voiture est vendue et que la vente est sign\u00e9e.<\/span><\/li>\n<\/ul>\n<p><span style=\"font-weight: 400;\">En toute hypoth\u00e8se, l\u2019<\/span><a href=\"https:\/\/www.legifrance.gouv.fr\/codes\/article_lc\/LEGIARTI000035433238\"><span style=\"font-weight: 400;\">article R322-4 du Code de la route<\/span><\/a><span style=\"font-weight: 400;\"> impose d\u2019effectuer la d\u00e9claration de cession dans les quinze jours suivant la signature du certificat de cession. Au-del\u00e0 de ce d\u00e9lai, le vendeur peut donc \u00eatre sanctionn\u00e9 pour non-respect des obligations qui s\u2019imposent \u00e0 lui.<\/span><\/p>\n<h2><b>Quelles sont les pi\u00e8ces n\u00e9cessaires pour cette formalit\u00e9 ?<\/b><\/h2>\n<p><span style=\"font-weight: 400;\">Diff\u00e9rentes informations et pi\u00e8ces justificatives sont obligatoires pour proc\u00e9der \u00e0 la d\u00e9claration de cession d\u2019un v\u00e9hicule :<\/span><\/p>\n<ul>\n<li><span style=\"font-weight: 400;\">Les renseignements concernant le futur propri\u00e9taire : son nom, son pr\u00e9nom, son adresse et sa date de naissance notamment<\/span><\/li>\n<li><span style=\"font-weight: 400;\">Les informations concernant le v\u00e9hicule et la cession : le num\u00e9ro d\u2019immatriculation, le kilom\u00e9trage de la voiture au moment de la vente<\/span><\/li>\n<li><span style=\"font-weight: 400;\">Les pr\u00e9cisions concernant la transaction : la date et l\u2019heure de la cession<\/span><\/li>\n<li><span style=\"font-weight: 400;\">Le certificat de cession d\u2019un v\u00e9hicule d\u2019occasion (formulaire<\/span><a href=\"https:\/\/www.service-public.fr\/simulateur\/calcul\/15776\"> <span style=\"font-weight: 400;\">Cerfa n\u00b0 15776*02<\/span><\/a><span style=\"font-weight: 400;\">) d\u00fbment rempli. Il est \u00e9tabli en deux exemplaires (un exemplaire pour chaque partie) sur lesquels sont appos\u00e9es les signatures de l\u2019acheteur et du vendeur<\/span><\/li>\n<li><span style=\"font-weight: 400;\">Le<\/span><a href=\"https:\/\/siv.interieur.gouv.fr\/map-usg-ui\/do\/csa_retour_dem_certificat\"> <span style=\"font-weight: 400;\">certificat de situation administrative<\/span><\/a><span style=\"font-weight: 400;\"> qui atteste de l\u2019absence d\u2019inscription de gage sur le v\u00e9hicule et de l\u2019absence d\u2019opposition au transfert de la carte grise.<\/span><\/li>\n<li><span style=\"font-weight: 400;\">Le code confidentiel mentionn\u00e9 sur le courrier qui accompagne le certificat d\u2019immatriculation du v\u00e9hicule : s\u2019il d\u00e9l\u00e8gue cette formalit\u00e9, le vendeur doit transmettre ce code au professionnel qui fait la d\u00e9claration pour lui afin que celui-ci m\u00e8ne \u00e0 bien le processus de d\u00e9claration<\/span><\/li>\n<\/ul>\n<h2><b>Que se passe-t-il apr\u00e8s la d\u00e9claration de cession du v\u00e9hicule ?<\/b><\/h2>\n<p><span style=\"font-weight: 400;\">Une fois l\u2019ensemble des formulaires compl\u00e9t\u00e9s et des pi\u00e8ces justificatives transmises, si le dossier est complet, un accus\u00e9 de d\u00e9claration de cession est remis au vendeur. Celui-ci pr\u00e9cise notamment :<\/span><\/p>\n<ul>\n<li><span style=\"font-weight: 400;\">La date d\u2019enregistrement de la d\u00e9claration de cession du v\u00e9hicule<\/span><\/li>\n<li><span style=\"font-weight: 400;\">La date et l\u2019heure de la cession<\/span><\/li>\n<li><span style=\"font-weight: 400;\">Le num\u00e9ro d\u2019immatriculation du v\u00e9hicule<\/span><\/li>\n<li><span style=\"font-weight: 400;\">L\u2019identit\u00e9 de chaque partie : le vendeur et l\u2019acheteur<\/span><\/li>\n<li><span style=\"font-weight: 400;\">Le code de cession compos\u00e9 d\u2019une s\u00e9rie de chiffres et de lettres attribu\u00e9e \u00e0 la transaction : ce code de cession est valable quinze jours, le vendeur doit le transmettre \u00e0 l\u2019acqu\u00e9reur afin que ce dernier engage les d\u00e9marches n\u00e9cessaires pour obtenir un nouveau certificat d\u2019immatriculation aupr\u00e8s de l\u2019ANTS<\/span><\/li>\n<\/ul>\n<p><span style=\"font-weight: 400;\">En parall\u00e8le, et apr\u00e8s la cession d\u00e9finitive du v\u00e9hicule, le vendeur doit \u00e9galement penser \u00e0 r\u00e9silier le contrat d\u2019assurance qui y \u00e9tait li\u00e9 afin d\u2019\u00e9viter des frais inutiles.<\/span><\/p>\n<p>&nbsp;<\/p>\n<p style=\"text-align: center;\"><a class=\"css-button css-button--gold\" target=\"_blank\" rel=\"noopener\"><br \/>\nD\u00e9couvrez nos voitures en stock &gt;<br \/>\n<\/a><\/p>\n<p>&nbsp;<\/p>\n<p><i><span style=\"font-weight: 400;\">D\u00e9couvrez \u00e9galement :<\/span><\/i><\/p>\n<p><a href=\"https:\/\/www.bymycar.fr\/v\/voiture-occasion\"><i><span style=\"font-weight: 400;\">Voiture occasion<\/span><\/i><\/a><\/p>\n<p><a href=\"https:\/\/www.bymycar.fr\/webzine\/guide-vendre-sa-voiture-toute-serenite\/\"><i><span style=\"font-weight: 400;\">Vente de voiture<\/span><\/i><\/a><\/p>\n<p><a href=\"https:\/\/www.bymycar.fr\/webzine\/comment-bien-preparer-la-vente-de-votre-vehicule\/\"><i><span style=\"font-weight: 400;\">Vente v\u00e9hicule<\/span><\/i><\/a><\/p>\n<p><a href=\"https:\/\/www.bymycar.fr\/webzine\/pourquoi-acheter-un-vehicule-en-ligne-et-comment-sy-prendre\/\"><i><span style=\"font-weight: 400;\">V\u00e9hicule en ligne<\/span><\/i><\/a><\/p>\n<p><a href=\"https:\/\/www.bymycar.fr\/webzine\/quelles-sont-les-perspectives-du-marche-de-loccasion-automobile\/\"><i><span style=\"font-weight: 400;\">March\u00e9 d\u2019occasion<\/span><\/i><\/a><\/p>\n<p><a href=\"https:\/\/www.bymycar.fr\/webzine\/comment-acheter-une-voiture-aux-encheres\/\"><i><span style=\"font-weight: 400;\">Ventes aux ench\u00e8res<\/span><\/i><\/a><\/p>\n<p><a href=\"https:\/\/www.bymycar.fr\/webzine\/acheter-sa-voiture-aux-encheres-comment-ca-marche\/\"><i><span style=\"font-weight: 400;\">Acheter aux ench\u00e8res<\/span><\/i><\/a><\/p>\n<p><a href=\"https:\/\/www.bymycar.fr\/webzine\/encheres-des-voitures-doccasion-un-marche-en-plein-essor\/\"><i><span style=\"font-weight: 400;\">Ench\u00e8res des voitures d\u2019occasion<\/span><\/i><\/a><\/p>\n<p><a href=\"https:\/\/www.bymycar.fr\/webzine\/cession-de-vehicule-comment-proceder\/\"><i><span style=\"font-weight: 400;\">Cession vehicule<\/span><\/i><\/a><\/p>\n"}}]},"add-to-bo":false,"add-carousel-to-footer":true},"yoast_head":"<!-- This site is optimized with the Yoast SEO Premium plugin v26.4 (Yoast SEO v26.4) - https:\/\/yoast.com\/wordpress\/plugins\/seo\/ -->\n<title>Tout savoir sur la d\u00e9claration de cession d\u2019un v\u00e9hicule<\/title>\n<meta name=\"description\" content=\"Vous vendez ou donnez votre voiture ? Certificat de cession, certificat de non gage, vous connaissez les d\u00e9marches \u00e0 entreprendre, mais savez-vous comment d\u00e9clarer la cession de ce v\u00e9hicule ?\" \/>\n<meta name=\"robots\" content=\"index, follow, max-snippet:-1, max-image-preview:large, max-video-preview:-1\" \/>\n<link rel=\"canonical\" href=\"https:\/\/www.bymycar.fr\/webzine\/tout-savoir-sur-la-declaration-de-cession-dun-vehicule\/\" \/>\n<meta property=\"og:locale\" content=\"fr_FR\" \/>\n<meta property=\"og:type\" content=\"article\" \/>\n<meta property=\"og:title\" content=\"Tout savoir sur la d\u00e9claration de cession d\u2019un v\u00e9hicule\" \/>\n<meta property=\"og:description\" content=\"Vous vendez ou donnez votre voiture ? Certificat de cession, certificat de non gage, vous connaissez les d\u00e9marches \u00e0 entreprendre, mais savez-vous comment d\u00e9clarer la cession de ce v\u00e9hicule ?\" \/>\n<meta property=\"og:url\" content=\"https:\/\/www.bymycar.fr\/webzine\/tout-savoir-sur-la-declaration-de-cession-dun-vehicule\/\" \/>\n<meta property=\"og:site_name\" content=\"Webzine auto BYmyCAR\" \/>\n<meta property=\"article:published_time\" content=\"2022-05-19T09:25:53+00:00\" \/>\n<meta property=\"article:modified_time\" content=\"2025-11-17T11:07:08+00:00\" \/>\n<meta property=\"og:image\" content=\"https:\/\/cdn.bymycar.eu\/fr-webzine\/wp-content\/uploads\/medias\/2021-06-01-All-New-Nissan-Qashqai-Dynamics-Hi-13.JPG.jpg\" \/>\n\t<meta property=\"og:image:width\" content=\"1868\" \/>\n\t<meta property=\"og:image:height\" content=\"1708\" \/>\n\t<meta property=\"og:image:type\" content=\"image\/jpeg\" \/>\n<meta name=\"author\" content=\"Gregoire LE BIHAN\" \/>\n<meta name=\"twitter:card\" content=\"summary_large_image\" \/>\n<meta name=\"twitter:label1\" content=\"\u00c9crit par\" \/>\n\t<meta name=\"twitter:data1\" content=\"Gregoire LE BIHAN\" \/>\n\t<meta name=\"twitter:label2\" content=\"Dur\u00e9e de lecture estim\u00e9e\" \/>\n\t<meta name=\"twitter:data2\" content=\"1 minute\" \/>\n<script type=\"application\/ld+json\" class=\"yoast-schema-graph\">{\"@context\":\"https:\/\/schema.org\",\"@graph\":[{\"@type\":\"Article\",\"@id\":\"https:\/\/www.bymycar.fr\/webzine\/tout-savoir-sur-la-declaration-de-cession-dun-vehicule\/#article\",\"isPartOf\":{\"@id\":\"https:\/\/www.bymycar.fr\/webzine\/tout-savoir-sur-la-declaration-de-cession-dun-vehicule\/\"},\"author\":{\"name\":\"Gregoire LE BIHAN\",\"@id\":\"https:\/\/www.bymycar.fr\/webzine\/#\/schema\/person\/8c56906440ec126868bd40232b3445f0\"},\"headline\":\"Tout savoir sur la d\u00e9claration de cession d\u2019un v\u00e9hicule\",\"datePublished\":\"2022-05-19T09:25:53+00:00\",\"dateModified\":\"2025-11-17T11:07:08+00:00\",\"mainEntityOfPage\":{\"@id\":\"https:\/\/www.bymycar.fr\/webzine\/tout-savoir-sur-la-declaration-de-cession-dun-vehicule\/\"},\"wordCount\":12,\"publisher\":{\"@id\":\"https:\/\/www.bymycar.fr\/webzine\/#organization\"},\"image\":{\"@id\":\"https:\/\/www.bymycar.fr\/webzine\/tout-savoir-sur-la-declaration-de-cession-dun-vehicule\/#primaryimage\"},\"thumbnailUrl\":\"https:\/\/cdn.bymycar.eu\/fr-webzine\/wp-content\/uploads\/medias\/2021-06-01-All-New-Nissan-Qashqai-Dynamics-Hi-13.JPG.jpg\",\"articleSection\":[\"Achat, location et vente\"],\"inLanguage\":\"fr-FR\"},{\"@type\":\"WebPage\",\"@id\":\"https:\/\/www.bymycar.fr\/webzine\/tout-savoir-sur-la-declaration-de-cession-dun-vehicule\/\",\"url\":\"https:\/\/www.bymycar.fr\/webzine\/tout-savoir-sur-la-declaration-de-cession-dun-vehicule\/\",\"name\":\"Tout savoir sur la d\u00e9claration de cession d\u2019un v\u00e9hicule\",\"isPartOf\":{\"@id\":\"https:\/\/www.bymycar.fr\/webzine\/#website\"},\"primaryImageOfPage\":{\"@id\":\"https:\/\/www.bymycar.fr\/webzine\/tout-savoir-sur-la-declaration-de-cession-dun-vehicule\/#primaryimage\"},\"image\":{\"@id\":\"https:\/\/www.bymycar.fr\/webzine\/tout-savoir-sur-la-declaration-de-cession-dun-vehicule\/#primaryimage\"},\"thumbnailUrl\":\"https:\/\/cdn.bymycar.eu\/fr-webzine\/wp-content\/uploads\/medias\/2021-06-01-All-New-Nissan-Qashqai-Dynamics-Hi-13.JPG.jpg\",\"datePublished\":\"2022-05-19T09:25:53+00:00\",\"dateModified\":\"2025-11-17T11:07:08+00:00\",\"description\":\"Vous vendez ou donnez votre voiture ? Certificat de cession, certificat de non gage, vous connaissez les d\u00e9marches \u00e0 entreprendre, mais savez-vous comment d\u00e9clarer la cession de ce v\u00e9hicule ?\",\"breadcrumb\":{\"@id\":\"https:\/\/www.bymycar.fr\/webzine\/tout-savoir-sur-la-declaration-de-cession-dun-vehicule\/#breadcrumb\"},\"inLanguage\":\"fr-FR\",\"potentialAction\":[{\"@type\":\"ReadAction\",\"target\":[\"https:\/\/www.bymycar.fr\/webzine\/tout-savoir-sur-la-declaration-de-cession-dun-vehicule\/\"]}]},{\"@type\":\"ImageObject\",\"inLanguage\":\"fr-FR\",\"@id\":\"https:\/\/www.bymycar.fr\/webzine\/tout-savoir-sur-la-declaration-de-cession-dun-vehicule\/#primaryimage\",\"url\":\"https:\/\/cdn.bymycar.eu\/fr-webzine\/wp-content\/uploads\/medias\/2021-06-01-All-New-Nissan-Qashqai-Dynamics-Hi-13.JPG.jpg\",\"contentUrl\":\"https:\/\/cdn.bymycar.eu\/fr-webzine\/wp-content\/uploads\/medias\/2021-06-01-All-New-Nissan-Qashqai-Dynamics-Hi-13.JPG.jpg\",\"width\":1868,\"height\":1708,\"caption\":\"From June 1st, 2021, European media will have the opportunity to take the latest generation of Nissan's pioneering crossover on its first test drive on European roads.\"},{\"@type\":\"BreadcrumbList\",\"@id\":\"https:\/\/www.bymycar.fr\/webzine\/tout-savoir-sur-la-declaration-de-cession-dun-vehicule\/#breadcrumb\",\"itemListElement\":[{\"@type\":\"ListItem\",\"position\":1,\"name\":\"Accueil\",\"item\":\"https:\/\/www.bymycar.fr\/webzine\/\"},{\"@type\":\"ListItem\",\"position\":2,\"name\":\"Tout savoir sur la d\u00e9claration de cession d\u2019un v\u00e9hicule\"}]},{\"@type\":\"WebSite\",\"@id\":\"https:\/\/www.bymycar.fr\/webzine\/#website\",\"url\":\"https:\/\/www.bymycar.fr\/webzine\/\",\"name\":\"Webzine auto BYmyCAR\",\"description\":\"La magazine auto de BYmyCAR\",\"publisher\":{\"@id\":\"https:\/\/www.bymycar.fr\/webzine\/#organization\"},\"potentialAction\":[{\"@type\":\"SearchAction\",\"target\":{\"@type\":\"EntryPoint\",\"urlTemplate\":\"https:\/\/www.bymycar.fr\/webzine\/?s={search_term_string}\"},\"query-input\":{\"@type\":\"PropertyValueSpecification\",\"valueRequired\":true,\"valueName\":\"search_term_string\"}}],\"inLanguage\":\"fr-FR\"},{\"@type\":\"Organization\",\"@id\":\"https:\/\/www.bymycar.fr\/webzine\/#organization\",\"name\":\"BYmyCAR\",\"url\":\"https:\/\/www.bymycar.fr\/webzine\/\",\"logo\":{\"@type\":\"ImageObject\",\"inLanguage\":\"fr-FR\",\"@id\":\"https:\/\/www.bymycar.fr\/webzine\/#\/schema\/logo\/image\/\",\"url\":\"https:\/\/cdn.bymycar.eu\/fr-webzine\/wp-content\/uploads\/medias\/2017\/08\/logo_DEALER_00000406_001.png\",\"contentUrl\":\"https:\/\/cdn.bymycar.eu\/fr-webzine\/wp-content\/uploads\/medias\/2017\/08\/logo_DEALER_00000406_001.png\",\"width\":2132,\"height\":720,\"caption\":\"BYmyCAR\"},\"image\":{\"@id\":\"https:\/\/www.bymycar.fr\/webzine\/#\/schema\/logo\/image\/\"}},{\"@type\":\"Person\",\"@id\":\"https:\/\/www.bymycar.fr\/webzine\/#\/schema\/person\/8c56906440ec126868bd40232b3445f0\",\"name\":\"Gregoire LE BIHAN\",\"image\":{\"@type\":\"ImageObject\",\"inLanguage\":\"fr-FR\",\"@id\":\"https:\/\/www.bymycar.fr\/webzine\/#\/schema\/person\/image\/\",\"url\":\"https:\/\/secure.gravatar.com\/avatar\/1356d71f3c6eed50de358ba425c9944b742a0d35f88e0d5f8afe88fdac525492?s=96&d=mm&r=g\",\"contentUrl\":\"https:\/\/secure.gravatar.com\/avatar\/1356d71f3c6eed50de358ba425c9944b742a0d35f88e0d5f8afe88fdac525492?s=96&d=mm&r=g\",\"caption\":\"Gregoire LE BIHAN\"}}]}<\/script>\n<!-- \/ Yoast SEO Premium plugin. -->","yoast_head_json":{"title":"Tout savoir sur la d\u00e9claration de cession d\u2019un v\u00e9hicule","description":"Vous vendez ou donnez votre voiture ? Certificat de cession, certificat de non gage, vous connaissez les d\u00e9marches \u00e0 entreprendre, mais savez-vous comment d\u00e9clarer la cession de ce v\u00e9hicule ?","robots":{"index":"index","follow":"follow","max-snippet":"max-snippet:-1","max-image-preview":"max-image-preview:large","max-video-preview":"max-video-preview:-1"},"canonical":"https:\/\/www.bymycar.fr\/webzine\/tout-savoir-sur-la-declaration-de-cession-dun-vehicule\/","og_locale":"fr_FR","og_type":"article","og_title":"Tout savoir sur la d\u00e9claration de cession d\u2019un v\u00e9hicule","og_description":"Vous vendez ou donnez votre voiture ? Certificat de cession, certificat de non gage, vous connaissez les d\u00e9marches \u00e0 entreprendre, mais savez-vous comment d\u00e9clarer la cession de ce v\u00e9hicule ?","og_url":"https:\/\/www.bymycar.fr\/webzine\/tout-savoir-sur-la-declaration-de-cession-dun-vehicule\/","og_site_name":"Webzine auto BYmyCAR","article_published_time":"2022-05-19T09:25:53+00:00","article_modified_time":"2025-11-17T11:07:08+00:00","og_image":[{"width":1868,"height":1708,"url":"https:\/\/cdn.bymycar.eu\/fr-webzine\/wp-content\/uploads\/medias\/2021-06-01-All-New-Nissan-Qashqai-Dynamics-Hi-13.JPG.jpg","type":"image\/jpeg"}],"author":"Gregoire LE BIHAN","twitter_card":"summary_large_image","twitter_misc":{"\u00c9crit par":"Gregoire LE BIHAN","Dur\u00e9e de lecture estim\u00e9e":"1 minute"},"schema":{"@context":"https:\/\/schema.org","@graph":[{"@type":"Article","@id":"https:\/\/www.bymycar.fr\/webzine\/tout-savoir-sur-la-declaration-de-cession-dun-vehicule\/#article","isPartOf":{"@id":"https:\/\/www.bymycar.fr\/webzine\/tout-savoir-sur-la-declaration-de-cession-dun-vehicule\/"},"author":{"name":"Gregoire LE BIHAN","@id":"https:\/\/www.bymycar.fr\/webzine\/#\/schema\/person\/8c56906440ec126868bd40232b3445f0"},"headline":"Tout savoir sur la d\u00e9claration de cession d\u2019un v\u00e9hicule","datePublished":"2022-05-19T09:25:53+00:00","dateModified":"2025-11-17T11:07:08+00:00","mainEntityOfPage":{"@id":"https:\/\/www.bymycar.fr\/webzine\/tout-savoir-sur-la-declaration-de-cession-dun-vehicule\/"},"wordCount":12,"publisher":{"@id":"https:\/\/www.bymycar.fr\/webzine\/#organization"},"image":{"@id":"https:\/\/www.bymycar.fr\/webzine\/tout-savoir-sur-la-declaration-de-cession-dun-vehicule\/#primaryimage"},"thumbnailUrl":"https:\/\/cdn.bymycar.eu\/fr-webzine\/wp-content\/uploads\/medias\/2021-06-01-All-New-Nissan-Qashqai-Dynamics-Hi-13.JPG.jpg","articleSection":["Achat, location et vente"],"inLanguage":"fr-FR"},{"@type":"WebPage","@id":"https:\/\/www.bymycar.fr\/webzine\/tout-savoir-sur-la-declaration-de-cession-dun-vehicule\/","url":"https:\/\/www.bymycar.fr\/webzine\/tout-savoir-sur-la-declaration-de-cession-dun-vehicule\/","name":"Tout savoir sur la d\u00e9claration de cession d\u2019un v\u00e9hicule","isPartOf":{"@id":"https:\/\/www.bymycar.fr\/webzine\/#website"},"primaryImageOfPage":{"@id":"https:\/\/www.bymycar.fr\/webzine\/tout-savoir-sur-la-declaration-de-cession-dun-vehicule\/#primaryimage"},"image":{"@id":"https:\/\/www.bymycar.fr\/webzine\/tout-savoir-sur-la-declaration-de-cession-dun-vehicule\/#primaryimage"},"thumbnailUrl":"https:\/\/cdn.bymycar.eu\/fr-webzine\/wp-content\/uploads\/medias\/2021-06-01-All-New-Nissan-Qashqai-Dynamics-Hi-13.JPG.jpg","datePublished":"2022-05-19T09:25:53+00:00","dateModified":"2025-11-17T11:07:08+00:00","description":"Vous vendez ou donnez votre voiture ? Certificat de cession, certificat de non gage, vous connaissez les d\u00e9marches \u00e0 entreprendre, mais savez-vous comment d\u00e9clarer la cession de ce v\u00e9hicule ?","breadcrumb":{"@id":"https:\/\/www.bymycar.fr\/webzine\/tout-savoir-sur-la-declaration-de-cession-dun-vehicule\/#breadcrumb"},"inLanguage":"fr-FR","potentialAction":[{"@type":"ReadAction","target":["https:\/\/www.bymycar.fr\/webzine\/tout-savoir-sur-la-declaration-de-cession-dun-vehicule\/"]}]},{"@type":"ImageObject","inLanguage":"fr-FR","@id":"https:\/\/www.bymycar.fr\/webzine\/tout-savoir-sur-la-declaration-de-cession-dun-vehicule\/#primaryimage","url":"https:\/\/cdn.bymycar.eu\/fr-webzine\/wp-content\/uploads\/medias\/2021-06-01-All-New-Nissan-Qashqai-Dynamics-Hi-13.JPG.jpg","contentUrl":"https:\/\/cdn.bymycar.eu\/fr-webzine\/wp-content\/uploads\/medias\/2021-06-01-All-New-Nissan-Qashqai-Dynamics-Hi-13.JPG.jpg","width":1868,"height":1708,"caption":"From June 1st, 2021, European media will have the opportunity to take the latest generation of Nissan's pioneering crossover on its first test drive on European roads."},{"@type":"BreadcrumbList","@id":"https:\/\/www.bymycar.fr\/webzine\/tout-savoir-sur-la-declaration-de-cession-dun-vehicule\/#breadcrumb","itemListElement":[{"@type":"ListItem","position":1,"name":"Accueil","item":"https:\/\/www.bymycar.fr\/webzine\/"},{"@type":"ListItem","position":2,"name":"Tout savoir sur la d\u00e9claration de cession d\u2019un v\u00e9hicule"}]},{"@type":"WebSite","@id":"https:\/\/www.bymycar.fr\/webzine\/#website","url":"https:\/\/www.bymycar.fr\/webzine\/","name":"Webzine auto BYmyCAR","description":"La magazine auto de BYmyCAR","publisher":{"@id":"https:\/\/www.bymycar.fr\/webzine\/#organization"},"potentialAction":[{"@type":"SearchAction","target":{"@type":"EntryPoint","urlTemplate":"https:\/\/www.bymycar.fr\/webzine\/?s={search_term_string}"},"query-input":{"@type":"PropertyValueSpecification","valueRequired":true,"valueName":"search_term_string"}}],"inLanguage":"fr-FR"},{"@type":"Organization","@id":"https:\/\/www.bymycar.fr\/webzine\/#organization","name":"BYmyCAR","url":"https:\/\/www.bymycar.fr\/webzine\/","logo":{"@type":"ImageObject","inLanguage":"fr-FR","@id":"https:\/\/www.bymycar.fr\/webzine\/#\/schema\/logo\/image\/","url":"https:\/\/cdn.bymycar.eu\/fr-webzine\/wp-content\/uploads\/medias\/2017\/08\/logo_DEALER_00000406_001.png","contentUrl":"https:\/\/cdn.bymycar.eu\/fr-webzine\/wp-content\/uploads\/medias\/2017\/08\/logo_DEALER_00000406_001.png","width":2132,"height":720,"caption":"BYmyCAR"},"image":{"@id":"https:\/\/www.bymycar.fr\/webzine\/#\/schema\/logo\/image\/"}},{"@type":"Person","@id":"https:\/\/www.bymycar.fr\/webzine\/#\/schema\/person\/8c56906440ec126868bd40232b3445f0","name":"Gregoire LE BIHAN","image":{"@type":"ImageObject","inLanguage":"fr-FR","@id":"https:\/\/www.bymycar.fr\/webzine\/#\/schema\/person\/image\/","url":"https:\/\/secure.gravatar.com\/avatar\/1356d71f3c6eed50de358ba425c9944b742a0d35f88e0d5f8afe88fdac525492?s=96&d=mm&r=g","contentUrl":"https:\/\/secure.gravatar.com\/avatar\/1356d71f3c6eed50de358ba425c9944b742a0d35f88e0d5f8afe88fdac525492?s=96&d=mm&r=g","caption":"Gregoire LE BIHAN"}}]}},"_links":{"self":[{"href":"https:\/\/www.bymycar.fr\/webzine\/wp-json\/wp\/v2\/posts\/28956","targetHints":{"allow":["GET"]}}],"collection":[{"href":"https:\/\/www.bymycar.fr\/webzine\/wp-json\/wp\/v2\/posts"}],"about":[{"href":"https:\/\/www.bymycar.fr\/webzine\/wp-json\/wp\/v2\/types\/post"}],"author":[{"embeddable":true,"href":"https:\/\/www.bymycar.fr\/webzine\/wp-json\/wp\/v2\/users\/9"}],"replies":[{"embeddable":true,"href":"https:\/\/www.bymycar.fr\/webzine\/wp-json\/wp\/v2\/comments?post=28956"}],"version-history":[{"count":9,"href":"https:\/\/www.bymycar.fr\/webzine\/wp-json\/wp\/v2\/posts\/28956\/revisions"}],"predecessor-version":[{"id":62067,"href":"https:\/\/www.bymycar.fr\/webzine\/wp-json\/wp\/v2\/posts\/28956\/revisions\/62067"}],"wp:featuredmedia":[{"embeddable":true,"href":"https:\/\/www.bymycar.fr\/webzine\/wp-json\/wp\/v2\/media\/22578"}],"wp:attachment":[{"href":"https:\/\/www.bymycar.fr\/webzine\/wp-json\/wp\/v2\/media?parent=28956"}],"wp:term":[{"taxonomy":"category","embeddable":true,"href":"https:\/\/www.bymycar.fr\/webzine\/wp-json\/wp\/v2\/categories?post=28956"},{"taxonomy":"post_tag","embeddable":true,"href":"https:\/\/www.bymycar.fr\/webzine\/wp-json\/wp\/v2\/tags?post=28956"}],"curies":[{"name":"wp","href":"https:\/\/api.w.org\/{rel}","templated":true}]}}