{"id":27855,"date":"2022-04-22T10:09:49","date_gmt":"2022-04-22T08:09:49","guid":{"rendered":"https:\/\/prod.bymycar.fr\/webzine\/?p=27855"},"modified":"2023-01-11T15:26:34","modified_gmt":"2023-01-11T14:26:34","slug":"logo-bmw-histoire-et-signification","status":"publish","type":"post","link":"https:\/\/www.bymycar.fr\/webzine\/logo-bmw-histoire-et-signification\/","title":{"rendered":"Logo BMW : histoire et signification"},"content":{"rendered":"","protected":false},"excerpt":{"rendered":"","protected":false},"author":9,"featured_media":1435,"comment_status":"closed","ping_status":"open","sticky":false,"template":"","format":"standard","meta":{"_acf_changed":false,"footnotes":""},"categories":[12893,12898],"tags":[],"class_list":["post-27855","post","type-post","status-publish","format-standard","has-post-thumbnail","hentry","category-guide-dachat","category-guide-dachat-bmw"],"acf":{"template":"classique","introduction":"<p style=\"text-align: justify;\"><span style=\"font-weight: 400;\">Aux d\u00e9buts de la marque, le logo de <a href=\"https:\/\/www.bymycar.fr\/marques\/bmw\">BMW<\/a> n\u2019avait pas r\u00e9ellement d\u2019importance. En effet, l\u2019activit\u00e9 de BMW \u00e0 ses balbutiements ne n\u00e9cessitait pas vraiment d\u2019attirer des clients finaux. Toutefois, la soci\u00e9t\u00e9 a \u00e9volu\u00e9, et le logo avec. Aujourd\u2019hui, le logo de BMW est l\u2019un des plus connus au monde entier. D\u00e9couvrez son historique avec BYmyCAR.<\/span><\/p>\n<p>&nbsp;<\/p>\n<p style=\"text-align: center;\"><a href=\"https:\/\/www.bymycar.fr\/rechercher-un-vehicule?prod_VEHICLES%5BrefinementList%5D%5Bbrand%5D%5B0%5D=BMW&amp;prod_VEHICLES%5BrefinementList%5D%5Bbrand%5D%5B1%5D=BMW%20i\" target=\"_blank\" class=\"css-button css-button--gold\" >\n                D\u00e9couvrez nos voitures BMW &gt;\n        <\/a><\/p>\n<p style=\"text-align: justify;\">\n","strates":[{"type_strate":"texte-simple","ancre":"","contenu":"<h2 style=\"text-align: justify;\"><b>Que veut dire BMW ?<\/b><\/h2>\n<p style=\"text-align: justify;\"><span style=\"font-weight: 400;\">BMW signifie Bayersche Motoren Werke. Il s\u2019agit d\u2019un constructeur automobile allemand, connu de nos jours comme l\u2019une des r\u00e9f\u00e9rences en la mati\u00e8re. \u00c0 la base, BMW \u00e9tait Rapp Motorenwerke. Datant de 1913, cette soci\u00e9t\u00e9 se sp\u00e9cialise alors dans la fabrication de moteurs d\u2019avion. C\u2019est apr\u00e8s 4 ann\u00e9es d&rsquo;existence, en 1917, qu\u2019elle prend le nom de Bayersche Motoren Werke, soit BMW.<\/span><\/p>\n<p>&nbsp;<\/p>\n<h2 style=\"text-align: justify;\"><b>Le logo du groupe BMW : description<\/b><\/h2>\n<p style=\"text-align: justify;\"><span style=\"font-weight: 400;\">Le logo de BMW est essentiellement un anneau noir, dans lequel se trouve un disque divis\u00e9 en 4 et color\u00e9 en bleu et blanc. L\u2019inscription BMW se situe dans la partie sup\u00e9rieure du logo.<\/span><\/p>\n<p style=\"text-align: justify;\"><span style=\"font-weight: 400;\">Le logo de BMW s\u2019inspire fortement de celui de Rapp Motorenwerke.<\/span><\/p>\n<p style=\"text-align: justify;\"><span style=\"font-weight: 400;\">NB : le logo a \u00e9volu\u00e9 au fil du temps, mais a gard\u00e9 ces bases.<\/span><\/p>\n<p>&nbsp;<\/p>\n<h2 style=\"text-align: justify;\"><b>Que signifie le logo BMW ?<\/b><\/h2>\n<p style=\"text-align: justify;\"><span style=\"font-weight: 400;\">Il existe un mythe selon lequel le logo de BMW repr\u00e9senterait les h\u00e9lices d\u2019un avion. Ce mythe est n\u00e9 apr\u00e8s que BMW ait fait sa promotion avec une pub qui montre un avion portant son logo. Cette pub fut lanc\u00e9e en 1929, et depuis, un grand nombre de personnes y croient.<\/span><\/p>\n<p style=\"text-align: justify;\"><span style=\"font-weight: 400;\">En r\u00e9alit\u00e9, les couleurs bleu et blanc repr\u00e9sentent le drapeau de la Bavi\u00e8re. Il s\u2019agit d\u2019un \u00c9tat du sud de l\u2019Allemagne, d\u2019o\u00f9 BMW est originaire. Il faut pr\u00e9ciser que sur le logo, les couleurs sont invers\u00e9es, si elles sont \u00ab\u00a0lues\u00a0\u00bb dans le sens des aiguilles d&rsquo;une montre. Cela est d\u00fb au fait qu\u2019utiliser des embl\u00e8mes nationaux pour des logos est interdit par la loi.<\/span><\/p>\n<p style=\"text-align: justify;\"><span style=\"font-weight: 400;\">Toutefois, le mythe selon lequel le logo repr\u00e9senterait les h\u00e9lices d\u2019un avion n\u2019a jamais \u00e9t\u00e9 r\u00e9fut\u00e9 par BMW. Depuis 90 ans, c\u2019est une interpr\u00e9tation courante qui, d\u2019une certaine mani\u00e8re, la rend l\u00e9gitime.<\/span><\/p>\n<p>&nbsp;<\/p>\n<h2 style=\"text-align: justify;\"><b>L\u2019\u00e9volution du logo de BMW<\/b><\/h2>\n<p style=\"text-align: justify;\"><span style=\"font-weight: 400;\">Depuis la cr\u00e9ation de la marque en 1917, le logo de l&rsquo;ancienne fabrique de moteurs d&rsquo;avions a \u00e9t\u00e9 modifi\u00e9 plusieurs fois :<\/span><\/p>\n<ul style=\"text-align: justify;\">\n<li style=\"font-weight: 400;\" aria-level=\"1\"><span style=\"font-weight: 400;\">En 1933 ;<\/span><\/li>\n<li style=\"font-weight: 400;\" aria-level=\"1\"><span style=\"font-weight: 400;\">En 1953 ;<\/span><\/li>\n<li style=\"font-weight: 400;\" aria-level=\"1\"><span style=\"font-weight: 400;\">En 1963 ;<\/span><\/li>\n<li style=\"font-weight: 400;\" aria-level=\"1\"><span style=\"font-weight: 400;\">En 1997 ;<\/span><\/li>\n<li style=\"font-weight: 400;\" aria-level=\"1\"><span style=\"font-weight: 400;\">En 2020.<\/span><\/li>\n<\/ul>\n<p style=\"text-align: justify;\"><span style=\"font-weight: 400;\">Pour avoir un visuel de l\u2019\u00e9volution du logo de BMW, cliquez<\/span><a href=\"https:\/\/www.bmw.com\/fr\/automotive-life\/logo-bmw-histoire-et-signification1.html\"> <span style=\"font-weight: 400;\">ici<\/span><\/a><span style=\"font-weight: 400;\">.<\/span><\/p>\n<p style=\"text-align: justify;\"><span style=\"font-weight: 400;\">C\u2019est en 1997 que BMW d\u00e9cide d\u2019adopter un logo en 3D, donnant une impression de volume lorsqu\u2019on le regarde. En 2020, la tendance graphique est au minimalisme. C\u2019est pourquoi le logo de BMW s\u2019est simplifi\u00e9, et est revenu \u00e0 la 2D d\u2019avant 97.<\/span><\/p>\n<p>&nbsp;<\/p>\n<h2 style=\"text-align: justify;\"><b>Un nouveau sigle pour les 50 ans de la BMW Motorsport<\/b><\/h2>\n<p style=\"text-align: justify;\"><span style=\"font-weight: 400;\">L\u2019une des filiales de BMW, BMW M, f\u00eatera ses 50 ans en mai 2022. Pour cette occasion, la marque a cr\u00e9\u00e9 un logo sp\u00e9cial.<\/span><\/p>\n<p>&nbsp;<\/p>\n<h2 style=\"text-align: justify;\"><b>Comment dessiner le logo BMW ?<\/b><\/h2>\n<p style=\"text-align: justify;\"><span style=\"font-weight: 400;\">Le logo de BMW est tr\u00e8s simple \u00e0 dessiner. Pour cela, il faut :<\/span><\/p>\n<ul style=\"text-align: justify;\">\n<li style=\"font-weight: 400;\" aria-level=\"1\"><span style=\"font-weight: 400;\">Dessiner un cercle ;<\/span><\/li>\n<li style=\"font-weight: 400;\" aria-level=\"1\"><span style=\"font-weight: 400;\">En dessiner un plus petit \u00e0 l\u2019int\u00e9rieur de celui d\u00e9j\u00e0 dessin\u00e9 ;<\/span><\/li>\n<li style=\"font-weight: 400;\" aria-level=\"1\"><span style=\"font-weight: 400;\">Marquer BMW entre les deux ;<\/span><\/li>\n<li style=\"font-weight: 400;\" aria-level=\"1\"><span style=\"font-weight: 400;\">Diviser le plus petit cercle en 4 ;<\/span><\/li>\n<li style=\"font-weight: 400;\" aria-level=\"1\"><span style=\"font-weight: 400;\">Colorer la partie sup\u00e9rieure gauche et la partie inf\u00e9rieure droite en bleu, et laisser les autres parties en blanc.<\/span><\/li>\n<\/ul>\n<p style=\"text-align: justify;\"><span style=\"font-weight: 400;\">NB : selon l\u2019ann\u00e9e du logo, il est possible d\u2019avoir besoin de colorer l\u2019int\u00e9rieur de l\u2019anneau en noir et de repasser les cercles en dor\u00e9.<\/span><\/p>\n<p>&nbsp;<\/p>\n<h2 style=\"text-align: justify;\"><b>Comment retirer le logo d&rsquo;une voiture BMW d&rsquo;origine ?<\/b><\/h2>\n<p style=\"text-align: justify;\"><span style=\"font-weight: 400;\">Il se peut que vous ayez besoin, ou envie de retirer le logo de BMW, soit pour le remplacer, soit pour des raisons esth\u00e9tiques. Voici les \u00e9tapes \u00e0 suivre pour le retirer sans laisser aucune trace :<\/span><\/p>\n<ol style=\"text-align: justify;\">\n<li style=\"font-weight: 400;\" aria-level=\"1\"><span style=\"font-weight: 400;\">V\u00e9rifiez que le badge est fix\u00e9 avec de la colle. Si c\u2019est le cas, chauffez-le avec un s\u00e8che-cheveux et il se d\u00e9collera tout seul. Dans le cas contraire, il faudra d\u00e9licatement le d\u00e9monter ;<\/span><\/li>\n<li style=\"font-weight: 400;\" aria-level=\"1\"><span style=\"font-weight: 400;\">Avec du fil dentaire, enlevez le badge en faisant glisser le fil parall\u00e8lement, de haut en bas ;<\/span><\/li>\n<li style=\"font-weight: 400;\" aria-level=\"1\"><span style=\"font-weight: 400;\">Nettoyez les r\u00e9sidus adh\u00e9sifs ;<\/span><\/li>\n<li style=\"font-weight: 400;\" aria-level=\"1\"><span style=\"font-weight: 400;\">Polissez la carrosserie en appliquant une couche de polish \u00e0 la polisseuse ou \u00e0 la perceuse d\u2019angle. Si vous n\u2019en disposez pas, faites-le \u00e0 la main.<\/span><\/li>\n<\/ol>\n<p style=\"text-align: justify;\"><span style=\"font-weight: 400;\">Une fois ces \u00e9tapes termin\u00e9es, effectuez une v\u00e9rification du travail. Rectifiez ce qu\u2019il y a \u00e0 rectifier, apposez un nouveau badge ou laissez votre v\u00e9hicule tel quel.<\/span><\/p>\n<p>&nbsp;<\/p>\n<h2 style=\"text-align: justify;\"><b>Comment changer le logo BMW sur le volant et sur le capot ?<\/b><\/h2>\n<p style=\"text-align: justify;\"><span style=\"font-weight: 400;\">Pour le logo sur le capot et sur le volant, vous pouvez le retirer exactement de la m\u00eame mani\u00e8re que pour le badge (cf. point pr\u00e9c\u00e9dent). Sauf que pour le volant, vous n\u2019aurez pas forc\u00e9ment besoin de fil dentaire. Remplacez-le ensuite en collant un logo neuf, mais avec la colle ad\u00e9quate.<\/span><\/p>\n<p>&nbsp;<\/p>\n<p>&nbsp;<\/p>\n<p>Pour plus d&rsquo;informations sur la marque, rendez-vous dans les <a href=\"https:\/\/www.bymycar.fr\/concessions\/bmw\">concessions BMW BYmyCAR<\/a> proche de chez vous.<\/p>\n<p>&nbsp;<\/p>\n<p>&nbsp;<\/p>\n<p style=\"text-align: center;\"><a href=\"https:\/\/www.bymycar.fr\/rechercher-un-vehicule?prod_VEHICLES%5BrefinementList%5D%5Bbrand%5D%5B0%5D=BMW&amp;prod_VEHICLES%5BrefinementList%5D%5Bbrand%5D%5B1%5D=BMW%20i\" target=\"_blank\" class=\"css-button css-button--gold\" >\n                D\u00e9couvrez nos voitures BMW &gt;\n        <\/a><\/p>\n<p>&nbsp;<\/p>\n<p><a href=\"https:\/\/www.bymycar.fr\/webzine\/quand-bmw-a-rachete-mini\/\">Quand BMW a rachet\u00e9 MINI ?<\/a><\/p>\n<p>&nbsp;<\/p>\n","titre":"Logo BMW : histoire et signification","image":false,"image_libre":false,"image_800x500":false,"legende":"","zoom":false,"texte":"","articles":false,"categorie_droite":false,"images":false,"elements_comparatif":false,"texte_1":"","texte_2":"","image_1":false,"image_1_563x400":false,"image_1_332x332":false,"image_2":false,"image_2_333x240":false,"image_2_563x400":false,"image_3":false,"image_3_333x240":false,"image_3_332x450":false,"image_4":false,"image_4_332x332":false,"image_4_563x400":false,"code_embed":"","legende_video":"","photo":false,"photo_100x100":false,"nom":"","fonction":"","elements_timeline":false,"entetes_colonnes":false,"entetes_lignes":false,"lignes":false,"introduction":"","formulaire":false,"question":"","reponse":"","libelle_bouton_lien":"","url_lien":"","questions":false,"conclusions":false,"pays":false,"region":false,"marque":false,"marqueConcessions":false,"modele":false,"ptvente":false,"typeV":false,"collection":false,"nombre_maximum_elements":10,"lien_fin_carousel":"","texte_lien_fin_carousel":"","trier_par":false}],"is_old_post":false,"image":{"ID":1435,"id":1435,"title":"BMW Logo on a Black Car 5 Series","filename":"BMW-LOGO-2.jpg","filesize":0,"url":"https:\/\/www.bymycar.fr\/webzine\/wp-content\/uploads\/2017\/07\/BMW-LOGO-2.jpg","link":"https:\/\/www.bymycar.fr\/webzine\/logo-bmw-histoire-et-signification\/bmw-logo-on-a-black-car-5-series\/","alt":"Logo BMW : histoire et signification","author":"1","description":"","caption":"\"Hanover, Lower Saxony, Germany-September, 4th 2011: BMW 5 Series logo parked at Hanover airport.\"","name":"bmw-logo-on-a-black-car-5-series","status":"inherit","uploaded_to":27855,"date":"2017-07-28 12:57:54","modified":"2025-06-19 14:23:09","menu_order":0,"mime_type":"image\/jpeg","type":"image","subtype":"jpeg","icon":"https:\/\/www.bymycar.fr\/webzine\/wp-includes\/images\/media\/default.png","width":1257,"height":835,"sizes":{"thumbnail":"https:\/\/www.bymycar.fr\/webzine\/wp-content\/uploads\/2017\/07\/BMW-LOGO-2-150x150.jpg","thumbnail-width":150,"thumbnail-height":150,"medium":"https:\/\/www.bymycar.fr\/webzine\/wp-content\/uploads\/2017\/07\/BMW-LOGO-2-300x199.jpg","medium-width":300,"medium-height":199,"medium_large":"https:\/\/www.bymycar.fr\/webzine\/wp-content\/uploads\/2017\/07\/BMW-LOGO-2-768x510.jpg","medium_large-width":768,"medium_large-height":510,"large":"https:\/\/www.bymycar.fr\/webzine\/wp-content\/uploads\/2017\/07\/BMW-LOGO-2-1024x680.jpg","large-width":1024,"large-height":680,"1536x1536":"https:\/\/www.bymycar.fr\/webzine\/wp-content\/uploads\/2017\/07\/BMW-LOGO-2.jpg","1536x1536-width":1257,"1536x1536-height":835,"2048x2048":"https:\/\/www.bymycar.fr\/webzine\/wp-content\/uploads\/2017\/07\/BMW-LOGO-2.jpg","2048x2048-width":1257,"2048x2048-height":835}},"page_content":{"block_content":[{"acf_fc_layout":"text-simple","--nav":{"-withNav":false,"-ancre":""},"--group":{"-text":"<h2 style=\"text-align: justify;\"><b>Que veut dire BMW ?<\/b><\/h2>\n<p style=\"text-align: justify;\"><span style=\"font-weight: 400;\">BMW signifie Bayersche Motoren Werke. Il s\u2019agit d\u2019un constructeur automobile allemand, connu de nos jours comme l\u2019une des r\u00e9f\u00e9rences en la mati\u00e8re. \u00c0 la base, BMW \u00e9tait Rapp Motorenwerke. Datant de 1913, cette soci\u00e9t\u00e9 se sp\u00e9cialise alors dans la fabrication de moteurs d\u2019avion. C\u2019est apr\u00e8s 4 ann\u00e9es d&rsquo;existence, en 1917, qu\u2019elle prend le nom de Bayersche Motoren Werke, soit BMW.<\/span><\/p>\n<p>&nbsp;<\/p>\n<h2 style=\"text-align: justify;\"><b>Le logo du groupe BMW : description<\/b><\/h2>\n<p style=\"text-align: justify;\"><span style=\"font-weight: 400;\">Le logo de BMW est essentiellement un anneau noir, dans lequel se trouve un disque divis\u00e9 en 4 et color\u00e9 en bleu et blanc. L\u2019inscription BMW se situe dans la partie sup\u00e9rieure du logo.<\/span><\/p>\n<p style=\"text-align: justify;\"><span style=\"font-weight: 400;\">Le logo de BMW s\u2019inspire fortement de celui de Rapp Motorenwerke.<\/span><\/p>\n<p style=\"text-align: justify;\"><span style=\"font-weight: 400;\">NB : le logo a \u00e9volu\u00e9 au fil du temps, mais a gard\u00e9 ces bases.<\/span><\/p>\n<p>&nbsp;<\/p>\n<h2 style=\"text-align: justify;\"><b>Que signifie le logo BMW ?<\/b><\/h2>\n<p style=\"text-align: justify;\"><span style=\"font-weight: 400;\">Il existe un mythe selon lequel le logo de BMW repr\u00e9senterait les h\u00e9lices d\u2019un avion. Ce mythe est n\u00e9 apr\u00e8s que BMW ait fait sa promotion avec une pub qui montre un avion portant son logo. Cette pub fut lanc\u00e9e en 1929, et depuis, un grand nombre de personnes y croient.<\/span><\/p>\n<p style=\"text-align: justify;\"><span style=\"font-weight: 400;\">En r\u00e9alit\u00e9, les couleurs bleu et blanc repr\u00e9sentent le drapeau de la Bavi\u00e8re. Il s\u2019agit d\u2019un \u00c9tat du sud de l\u2019Allemagne, d\u2019o\u00f9 BMW est originaire. Il faut pr\u00e9ciser que sur le logo, les couleurs sont invers\u00e9es, si elles sont \u00ab\u00a0lues\u00a0\u00bb dans le sens des aiguilles d&rsquo;une montre. Cela est d\u00fb au fait qu\u2019utiliser des embl\u00e8mes nationaux pour des logos est interdit par la loi.<\/span><\/p>\n<p style=\"text-align: justify;\"><span style=\"font-weight: 400;\">Toutefois, le mythe selon lequel le logo repr\u00e9senterait les h\u00e9lices d\u2019un avion n\u2019a jamais \u00e9t\u00e9 r\u00e9fut\u00e9 par BMW. Depuis 90 ans, c\u2019est une interpr\u00e9tation courante qui, d\u2019une certaine mani\u00e8re, la rend l\u00e9gitime.<\/span><\/p>\n<p>&nbsp;<\/p>\n<h2 style=\"text-align: justify;\"><b>L\u2019\u00e9volution du logo de BMW<\/b><\/h2>\n<p style=\"text-align: justify;\"><span style=\"font-weight: 400;\">Depuis la cr\u00e9ation de la marque en 1917, le logo de l&rsquo;ancienne fabrique de moteurs d&rsquo;avions a \u00e9t\u00e9 modifi\u00e9 plusieurs fois :<\/span><\/p>\n<ul style=\"text-align: justify;\">\n<li style=\"font-weight: 400;\" aria-level=\"1\"><span style=\"font-weight: 400;\">En 1933 ;<\/span><\/li>\n<li style=\"font-weight: 400;\" aria-level=\"1\"><span style=\"font-weight: 400;\">En 1953 ;<\/span><\/li>\n<li style=\"font-weight: 400;\" aria-level=\"1\"><span style=\"font-weight: 400;\">En 1963 ;<\/span><\/li>\n<li style=\"font-weight: 400;\" aria-level=\"1\"><span style=\"font-weight: 400;\">En 1997 ;<\/span><\/li>\n<li style=\"font-weight: 400;\" aria-level=\"1\"><span style=\"font-weight: 400;\">En 2020.<\/span><\/li>\n<\/ul>\n<p style=\"text-align: justify;\"><span style=\"font-weight: 400;\">Pour avoir un visuel de l\u2019\u00e9volution du logo de BMW, cliquez<\/span><a href=\"https:\/\/www.bmw.com\/fr\/automotive-life\/logo-bmw-histoire-et-signification1.html\"> <span style=\"font-weight: 400;\">ici<\/span><\/a><span style=\"font-weight: 400;\">.<\/span><\/p>\n<p style=\"text-align: justify;\"><span style=\"font-weight: 400;\">C\u2019est en 1997 que BMW d\u00e9cide d\u2019adopter un logo en 3D, donnant une impression de volume lorsqu\u2019on le regarde. En 2020, la tendance graphique est au minimalisme. C\u2019est pourquoi le logo de BMW s\u2019est simplifi\u00e9, et est revenu \u00e0 la 2D d\u2019avant 97.<\/span><\/p>\n<p>&nbsp;<\/p>\n<h2 style=\"text-align: justify;\"><b>Un nouveau sigle pour les 50 ans de la BMW Motorsport<\/b><\/h2>\n<p style=\"text-align: justify;\"><span style=\"font-weight: 400;\">L\u2019une des filiales de BMW, BMW M, f\u00eatera ses 50 ans en mai 2022. Pour cette occasion, la marque a cr\u00e9\u00e9 un logo sp\u00e9cial.<\/span><\/p>\n<p>&nbsp;<\/p>\n<h2 style=\"text-align: justify;\"><b>Comment dessiner le logo BMW ?<\/b><\/h2>\n<p style=\"text-align: justify;\"><span style=\"font-weight: 400;\">Le logo de BMW est tr\u00e8s simple \u00e0 dessiner. Pour cela, il faut :<\/span><\/p>\n<ul style=\"text-align: justify;\">\n<li style=\"font-weight: 400;\" aria-level=\"1\"><span style=\"font-weight: 400;\">Dessiner un cercle ;<\/span><\/li>\n<li style=\"font-weight: 400;\" aria-level=\"1\"><span style=\"font-weight: 400;\">En dessiner un plus petit \u00e0 l\u2019int\u00e9rieur de celui d\u00e9j\u00e0 dessin\u00e9 ;<\/span><\/li>\n<li style=\"font-weight: 400;\" aria-level=\"1\"><span style=\"font-weight: 400;\">Marquer BMW entre les deux ;<\/span><\/li>\n<li style=\"font-weight: 400;\" aria-level=\"1\"><span style=\"font-weight: 400;\">Diviser le plus petit cercle en 4 ;<\/span><\/li>\n<li style=\"font-weight: 400;\" aria-level=\"1\"><span style=\"font-weight: 400;\">Colorer la partie sup\u00e9rieure gauche et la partie inf\u00e9rieure droite en bleu, et laisser les autres parties en blanc.<\/span><\/li>\n<\/ul>\n<p style=\"text-align: justify;\"><span style=\"font-weight: 400;\">NB : selon l\u2019ann\u00e9e du logo, il est possible d\u2019avoir besoin de colorer l\u2019int\u00e9rieur de l\u2019anneau en noir et de repasser les cercles en dor\u00e9.<\/span><\/p>\n<p>&nbsp;<\/p>\n<h2 style=\"text-align: justify;\"><b>Comment retirer le logo d&rsquo;une voiture BMW d&rsquo;origine ?<\/b><\/h2>\n<p style=\"text-align: justify;\"><span style=\"font-weight: 400;\">Il se peut que vous ayez besoin, ou envie de retirer le logo de BMW, soit pour le remplacer, soit pour des raisons esth\u00e9tiques. Voici les \u00e9tapes \u00e0 suivre pour le retirer sans laisser aucune trace :<\/span><\/p>\n<ol style=\"text-align: justify;\">\n<li style=\"font-weight: 400;\" aria-level=\"1\"><span style=\"font-weight: 400;\">V\u00e9rifiez que le badge est fix\u00e9 avec de la colle. Si c\u2019est le cas, chauffez-le avec un s\u00e8che-cheveux et il se d\u00e9collera tout seul. Dans le cas contraire, il faudra d\u00e9licatement le d\u00e9monter ;<\/span><\/li>\n<li style=\"font-weight: 400;\" aria-level=\"1\"><span style=\"font-weight: 400;\">Avec du fil dentaire, enlevez le badge en faisant glisser le fil parall\u00e8lement, de haut en bas ;<\/span><\/li>\n<li style=\"font-weight: 400;\" aria-level=\"1\"><span style=\"font-weight: 400;\">Nettoyez les r\u00e9sidus adh\u00e9sifs ;<\/span><\/li>\n<li style=\"font-weight: 400;\" aria-level=\"1\"><span style=\"font-weight: 400;\">Polissez la carrosserie en appliquant une couche de polish \u00e0 la polisseuse ou \u00e0 la perceuse d\u2019angle. Si vous n\u2019en disposez pas, faites-le \u00e0 la main.<\/span><\/li>\n<\/ol>\n<p style=\"text-align: justify;\"><span style=\"font-weight: 400;\">Une fois ces \u00e9tapes termin\u00e9es, effectuez une v\u00e9rification du travail. Rectifiez ce qu\u2019il y a \u00e0 rectifier, apposez un nouveau badge ou laissez votre v\u00e9hicule tel quel.<\/span><\/p>\n<p>&nbsp;<\/p>\n<h2 style=\"text-align: justify;\"><b>Comment changer le logo BMW sur le volant et sur le capot ?<\/b><\/h2>\n<p style=\"text-align: justify;\"><span style=\"font-weight: 400;\">Pour le logo sur le capot et sur le volant, vous pouvez le retirer exactement de la m\u00eame mani\u00e8re que pour le badge (cf. point pr\u00e9c\u00e9dent). Sauf que pour le volant, vous n\u2019aurez pas forc\u00e9ment besoin de fil dentaire. Remplacez-le ensuite en collant un logo neuf, mais avec la colle ad\u00e9quate.<\/span><\/p>\n<p>&nbsp;<\/p>\n<p>&nbsp;<\/p>\n<p>Pour plus d&rsquo;informations sur la marque, rendez-vous dans les <a href=\"https:\/\/www.bymycar.fr\/concessions\/bmw\">concessions BMW BYmyCAR<\/a> proche de chez vous.<\/p>\n<p>&nbsp;<\/p>\n<p>&nbsp;<\/p>\n<p style=\"text-align: center;\"><a href=\"https:\/\/www.bymycar.fr\/rechercher-un-vehicule?prod_VEHICLES%5BrefinementList%5D%5Bbrand%5D%5B0%5D=BMW&amp;prod_VEHICLES%5BrefinementList%5D%5Bbrand%5D%5B1%5D=BMW%20i\" target=\"_blank\" class=\"css-button css-button--gold\" ><br \/>\n                D\u00e9couvrez nos voitures BMW &gt;<br \/>\n        <\/a><\/p>\n<p>&nbsp;<\/p>\n<p><a href=\"https:\/\/www.bymycar.fr\/webzine\/quand-bmw-a-rachete-mini\/\">Quand BMW a rachet\u00e9 MINI ?<\/a><\/p>\n<p>&nbsp;<\/p>\n"}}]},"add-carousel-to-footer":true},"yoast_head":"<!-- This site is optimized with the Yoast SEO Premium plugin v26.4 (Yoast SEO v26.4) - https:\/\/yoast.com\/wordpress\/plugins\/seo\/ -->\n<title>Logo BMW : histoire et signification<\/title>\n<meta name=\"description\" content=\"Aux d\u00e9buts de la marque, le logo de BMW n\u2019avait pas r\u00e9ellement d\u2019importance. En effet, l\u2019activit\u00e9 de BMW \u00e0 ses balbutiements ne n\u00e9cessitait pas vraiment d\u2019attirer des clients finaux. Toutefois, la soci\u00e9t\u00e9 a \u00e9volu\u00e9, et le logo avec. Aujourd\u2019hui, le logo de BMW est l\u2019un des plus connus au monde entier.\" \/>\n<meta name=\"robots\" content=\"index, follow, max-snippet:-1, max-image-preview:large, max-video-preview:-1\" \/>\n<link rel=\"canonical\" href=\"https:\/\/www.bymycar.fr\/webzine\/logo-bmw-histoire-et-signification\/\" \/>\n<meta property=\"og:locale\" content=\"fr_FR\" \/>\n<meta property=\"og:type\" content=\"article\" \/>\n<meta property=\"og:title\" content=\"Logo BMW : histoire et signification\" \/>\n<meta property=\"og:description\" content=\"Aux d\u00e9buts de la marque, le logo de BMW n\u2019avait pas r\u00e9ellement d\u2019importance. En effet, l\u2019activit\u00e9 de BMW \u00e0 ses balbutiements ne n\u00e9cessitait pas vraiment d\u2019attirer des clients finaux. Toutefois, la soci\u00e9t\u00e9 a \u00e9volu\u00e9, et le logo avec. Aujourd\u2019hui, le logo de BMW est l\u2019un des plus connus au monde entier.\" \/>\n<meta property=\"og:url\" content=\"https:\/\/www.bymycar.fr\/webzine\/logo-bmw-histoire-et-signification\/\" \/>\n<meta property=\"og:site_name\" content=\"Webzine auto BYmyCAR\" \/>\n<meta property=\"article:published_time\" content=\"2022-04-22T08:09:49+00:00\" \/>\n<meta property=\"article:modified_time\" content=\"2023-01-11T14:26:34+00:00\" \/>\n<meta property=\"og:image\" content=\"https:\/\/www.bymycar.fr\/webzine\/wp-content\/uploads\/2017\/07\/BMW-LOGO-2.jpg\" \/>\n\t<meta property=\"og:image:width\" content=\"1257\" \/>\n\t<meta property=\"og:image:height\" content=\"835\" \/>\n\t<meta property=\"og:image:type\" content=\"image\/jpeg\" \/>\n<meta name=\"author\" content=\"Gregoire LE BIHAN\" \/>\n<meta name=\"twitter:card\" content=\"summary_large_image\" \/>\n<meta name=\"twitter:label1\" content=\"\u00c9crit par\" \/>\n\t<meta name=\"twitter:data1\" content=\"Gregoire LE BIHAN\" \/>\n<script type=\"application\/ld+json\" class=\"yoast-schema-graph\">{\"@context\":\"https:\/\/schema.org\",\"@graph\":[{\"@type\":\"Article\",\"@id\":\"https:\/\/www.bymycar.fr\/webzine\/logo-bmw-histoire-et-signification\/#article\",\"isPartOf\":{\"@id\":\"https:\/\/www.bymycar.fr\/webzine\/logo-bmw-histoire-et-signification\/\"},\"author\":{\"name\":\"Gregoire LE BIHAN\",\"@id\":\"https:\/\/www.bymycar.fr\/webzine\/#\/schema\/person\/8c56906440ec126868bd40232b3445f0\"},\"headline\":\"Logo BMW : histoire et signification\",\"datePublished\":\"2022-04-22T08:09:49+00:00\",\"dateModified\":\"2023-01-11T14:26:34+00:00\",\"mainEntityOfPage\":{\"@id\":\"https:\/\/www.bymycar.fr\/webzine\/logo-bmw-histoire-et-signification\/\"},\"wordCount\":5,\"publisher\":{\"@id\":\"https:\/\/www.bymycar.fr\/webzine\/#organization\"},\"image\":{\"@id\":\"https:\/\/www.bymycar.fr\/webzine\/logo-bmw-histoire-et-signification\/#primaryimage\"},\"thumbnailUrl\":\"https:\/\/www.bymycar.fr\/webzine\/wp-content\/uploads\/2017\/07\/BMW-LOGO-2.jpg\",\"articleSection\":[\"Guide d'achat\",\"Guide d'achat BMW\"],\"inLanguage\":\"fr-FR\"},{\"@type\":\"WebPage\",\"@id\":\"https:\/\/www.bymycar.fr\/webzine\/logo-bmw-histoire-et-signification\/\",\"url\":\"https:\/\/www.bymycar.fr\/webzine\/logo-bmw-histoire-et-signification\/\",\"name\":\"Logo BMW : histoire et signification\",\"isPartOf\":{\"@id\":\"https:\/\/www.bymycar.fr\/webzine\/#website\"},\"primaryImageOfPage\":{\"@id\":\"https:\/\/www.bymycar.fr\/webzine\/logo-bmw-histoire-et-signification\/#primaryimage\"},\"image\":{\"@id\":\"https:\/\/www.bymycar.fr\/webzine\/logo-bmw-histoire-et-signification\/#primaryimage\"},\"thumbnailUrl\":\"https:\/\/www.bymycar.fr\/webzine\/wp-content\/uploads\/2017\/07\/BMW-LOGO-2.jpg\",\"datePublished\":\"2022-04-22T08:09:49+00:00\",\"dateModified\":\"2023-01-11T14:26:34+00:00\",\"description\":\"Aux d\u00e9buts de la marque, le logo de BMW n\u2019avait pas r\u00e9ellement d\u2019importance. En effet, l\u2019activit\u00e9 de BMW \u00e0 ses balbutiements ne n\u00e9cessitait pas vraiment d\u2019attirer des clients finaux. Toutefois, la soci\u00e9t\u00e9 a \u00e9volu\u00e9, et le logo avec. Aujourd\u2019hui, le logo de BMW est l\u2019un des plus connus au monde entier.\",\"breadcrumb\":{\"@id\":\"https:\/\/www.bymycar.fr\/webzine\/logo-bmw-histoire-et-signification\/#breadcrumb\"},\"inLanguage\":\"fr-FR\",\"potentialAction\":[{\"@type\":\"ReadAction\",\"target\":[\"https:\/\/www.bymycar.fr\/webzine\/logo-bmw-histoire-et-signification\/\"]}]},{\"@type\":\"ImageObject\",\"inLanguage\":\"fr-FR\",\"@id\":\"https:\/\/www.bymycar.fr\/webzine\/logo-bmw-histoire-et-signification\/#primaryimage\",\"url\":\"https:\/\/www.bymycar.fr\/webzine\/wp-content\/uploads\/2017\/07\/BMW-LOGO-2.jpg\",\"contentUrl\":\"https:\/\/www.bymycar.fr\/webzine\/wp-content\/uploads\/2017\/07\/BMW-LOGO-2.jpg\",\"width\":1257,\"height\":835,\"caption\":\"\\\"Hanover, Lower Saxony, Germany-September, 4th 2011: BMW 5 Series logo parked at Hanover airport.\\\"\"},{\"@type\":\"BreadcrumbList\",\"@id\":\"https:\/\/www.bymycar.fr\/webzine\/logo-bmw-histoire-et-signification\/#breadcrumb\",\"itemListElement\":[{\"@type\":\"ListItem\",\"position\":1,\"name\":\"Accueil\",\"item\":\"https:\/\/www.bymycar.fr\/webzine\/\"},{\"@type\":\"ListItem\",\"position\":2,\"name\":\"Logo BMW : histoire et signification\"}]},{\"@type\":\"WebSite\",\"@id\":\"https:\/\/www.bymycar.fr\/webzine\/#website\",\"url\":\"https:\/\/www.bymycar.fr\/webzine\/\",\"name\":\"Webzine auto BYmyCAR\",\"description\":\"La magazine auto de BYmyCAR\",\"publisher\":{\"@id\":\"https:\/\/www.bymycar.fr\/webzine\/#organization\"},\"potentialAction\":[{\"@type\":\"SearchAction\",\"target\":{\"@type\":\"EntryPoint\",\"urlTemplate\":\"https:\/\/www.bymycar.fr\/webzine\/?s={search_term_string}\"},\"query-input\":{\"@type\":\"PropertyValueSpecification\",\"valueRequired\":true,\"valueName\":\"search_term_string\"}}],\"inLanguage\":\"fr-FR\"},{\"@type\":\"Organization\",\"@id\":\"https:\/\/www.bymycar.fr\/webzine\/#organization\",\"name\":\"BYmyCAR\",\"url\":\"https:\/\/www.bymycar.fr\/webzine\/\",\"logo\":{\"@type\":\"ImageObject\",\"inLanguage\":\"fr-FR\",\"@id\":\"https:\/\/www.bymycar.fr\/webzine\/#\/schema\/logo\/image\/\",\"url\":\"https:\/\/cdn.bymycar.eu\/fr-webzine\/wp-content\/uploads\/medias\/2017\/08\/logo_DEALER_00000406_001.png\",\"contentUrl\":\"https:\/\/cdn.bymycar.eu\/fr-webzine\/wp-content\/uploads\/medias\/2017\/08\/logo_DEALER_00000406_001.png\",\"width\":2132,\"height\":720,\"caption\":\"BYmyCAR\"},\"image\":{\"@id\":\"https:\/\/www.bymycar.fr\/webzine\/#\/schema\/logo\/image\/\"}},{\"@type\":\"Person\",\"@id\":\"https:\/\/www.bymycar.fr\/webzine\/#\/schema\/person\/8c56906440ec126868bd40232b3445f0\",\"name\":\"Gregoire LE BIHAN\",\"image\":{\"@type\":\"ImageObject\",\"inLanguage\":\"fr-FR\",\"@id\":\"https:\/\/www.bymycar.fr\/webzine\/#\/schema\/person\/image\/\",\"url\":\"https:\/\/secure.gravatar.com\/avatar\/1356d71f3c6eed50de358ba425c9944b742a0d35f88e0d5f8afe88fdac525492?s=96&d=mm&r=g\",\"contentUrl\":\"https:\/\/secure.gravatar.com\/avatar\/1356d71f3c6eed50de358ba425c9944b742a0d35f88e0d5f8afe88fdac525492?s=96&d=mm&r=g\",\"caption\":\"Gregoire LE BIHAN\"}}]}<\/script>\n<!-- \/ Yoast SEO Premium plugin. -->","yoast_head_json":{"title":"Logo BMW : histoire et signification","description":"Aux d\u00e9buts de la marque, le logo de BMW n\u2019avait pas r\u00e9ellement d\u2019importance. En effet, l\u2019activit\u00e9 de BMW \u00e0 ses balbutiements ne n\u00e9cessitait pas vraiment d\u2019attirer des clients finaux. Toutefois, la soci\u00e9t\u00e9 a \u00e9volu\u00e9, et le logo avec. Aujourd\u2019hui, le logo de BMW est l\u2019un des plus connus au monde entier.","robots":{"index":"index","follow":"follow","max-snippet":"max-snippet:-1","max-image-preview":"max-image-preview:large","max-video-preview":"max-video-preview:-1"},"canonical":"https:\/\/www.bymycar.fr\/webzine\/logo-bmw-histoire-et-signification\/","og_locale":"fr_FR","og_type":"article","og_title":"Logo BMW : histoire et signification","og_description":"Aux d\u00e9buts de la marque, le logo de BMW n\u2019avait pas r\u00e9ellement d\u2019importance. En effet, l\u2019activit\u00e9 de BMW \u00e0 ses balbutiements ne n\u00e9cessitait pas vraiment d\u2019attirer des clients finaux. Toutefois, la soci\u00e9t\u00e9 a \u00e9volu\u00e9, et le logo avec. Aujourd\u2019hui, le logo de BMW est l\u2019un des plus connus au monde entier.","og_url":"https:\/\/www.bymycar.fr\/webzine\/logo-bmw-histoire-et-signification\/","og_site_name":"Webzine auto BYmyCAR","article_published_time":"2022-04-22T08:09:49+00:00","article_modified_time":"2023-01-11T14:26:34+00:00","og_image":[{"width":1257,"height":835,"url":"https:\/\/www.bymycar.fr\/webzine\/wp-content\/uploads\/2017\/07\/BMW-LOGO-2.jpg","type":"image\/jpeg"}],"author":"Gregoire LE BIHAN","twitter_card":"summary_large_image","twitter_misc":{"\u00c9crit par":"Gregoire LE BIHAN"},"schema":{"@context":"https:\/\/schema.org","@graph":[{"@type":"Article","@id":"https:\/\/www.bymycar.fr\/webzine\/logo-bmw-histoire-et-signification\/#article","isPartOf":{"@id":"https:\/\/www.bymycar.fr\/webzine\/logo-bmw-histoire-et-signification\/"},"author":{"name":"Gregoire LE BIHAN","@id":"https:\/\/www.bymycar.fr\/webzine\/#\/schema\/person\/8c56906440ec126868bd40232b3445f0"},"headline":"Logo BMW : histoire et signification","datePublished":"2022-04-22T08:09:49+00:00","dateModified":"2023-01-11T14:26:34+00:00","mainEntityOfPage":{"@id":"https:\/\/www.bymycar.fr\/webzine\/logo-bmw-histoire-et-signification\/"},"wordCount":5,"publisher":{"@id":"https:\/\/www.bymycar.fr\/webzine\/#organization"},"image":{"@id":"https:\/\/www.bymycar.fr\/webzine\/logo-bmw-histoire-et-signification\/#primaryimage"},"thumbnailUrl":"https:\/\/www.bymycar.fr\/webzine\/wp-content\/uploads\/2017\/07\/BMW-LOGO-2.jpg","articleSection":["Guide d'achat","Guide d'achat BMW"],"inLanguage":"fr-FR"},{"@type":"WebPage","@id":"https:\/\/www.bymycar.fr\/webzine\/logo-bmw-histoire-et-signification\/","url":"https:\/\/www.bymycar.fr\/webzine\/logo-bmw-histoire-et-signification\/","name":"Logo BMW : histoire et signification","isPartOf":{"@id":"https:\/\/www.bymycar.fr\/webzine\/#website"},"primaryImageOfPage":{"@id":"https:\/\/www.bymycar.fr\/webzine\/logo-bmw-histoire-et-signification\/#primaryimage"},"image":{"@id":"https:\/\/www.bymycar.fr\/webzine\/logo-bmw-histoire-et-signification\/#primaryimage"},"thumbnailUrl":"https:\/\/www.bymycar.fr\/webzine\/wp-content\/uploads\/2017\/07\/BMW-LOGO-2.jpg","datePublished":"2022-04-22T08:09:49+00:00","dateModified":"2023-01-11T14:26:34+00:00","description":"Aux d\u00e9buts de la marque, le logo de BMW n\u2019avait pas r\u00e9ellement d\u2019importance. En effet, l\u2019activit\u00e9 de BMW \u00e0 ses balbutiements ne n\u00e9cessitait pas vraiment d\u2019attirer des clients finaux. Toutefois, la soci\u00e9t\u00e9 a \u00e9volu\u00e9, et le logo avec. Aujourd\u2019hui, le logo de BMW est l\u2019un des plus connus au monde entier.","breadcrumb":{"@id":"https:\/\/www.bymycar.fr\/webzine\/logo-bmw-histoire-et-signification\/#breadcrumb"},"inLanguage":"fr-FR","potentialAction":[{"@type":"ReadAction","target":["https:\/\/www.bymycar.fr\/webzine\/logo-bmw-histoire-et-signification\/"]}]},{"@type":"ImageObject","inLanguage":"fr-FR","@id":"https:\/\/www.bymycar.fr\/webzine\/logo-bmw-histoire-et-signification\/#primaryimage","url":"https:\/\/www.bymycar.fr\/webzine\/wp-content\/uploads\/2017\/07\/BMW-LOGO-2.jpg","contentUrl":"https:\/\/www.bymycar.fr\/webzine\/wp-content\/uploads\/2017\/07\/BMW-LOGO-2.jpg","width":1257,"height":835,"caption":"\"Hanover, Lower Saxony, Germany-September, 4th 2011: BMW 5 Series logo parked at Hanover airport.\""},{"@type":"BreadcrumbList","@id":"https:\/\/www.bymycar.fr\/webzine\/logo-bmw-histoire-et-signification\/#breadcrumb","itemListElement":[{"@type":"ListItem","position":1,"name":"Accueil","item":"https:\/\/www.bymycar.fr\/webzine\/"},{"@type":"ListItem","position":2,"name":"Logo BMW : histoire et signification"}]},{"@type":"WebSite","@id":"https:\/\/www.bymycar.fr\/webzine\/#website","url":"https:\/\/www.bymycar.fr\/webzine\/","name":"Webzine auto BYmyCAR","description":"La magazine auto de BYmyCAR","publisher":{"@id":"https:\/\/www.bymycar.fr\/webzine\/#organization"},"potentialAction":[{"@type":"SearchAction","target":{"@type":"EntryPoint","urlTemplate":"https:\/\/www.bymycar.fr\/webzine\/?s={search_term_string}"},"query-input":{"@type":"PropertyValueSpecification","valueRequired":true,"valueName":"search_term_string"}}],"inLanguage":"fr-FR"},{"@type":"Organization","@id":"https:\/\/www.bymycar.fr\/webzine\/#organization","name":"BYmyCAR","url":"https:\/\/www.bymycar.fr\/webzine\/","logo":{"@type":"ImageObject","inLanguage":"fr-FR","@id":"https:\/\/www.bymycar.fr\/webzine\/#\/schema\/logo\/image\/","url":"https:\/\/cdn.bymycar.eu\/fr-webzine\/wp-content\/uploads\/medias\/2017\/08\/logo_DEALER_00000406_001.png","contentUrl":"https:\/\/cdn.bymycar.eu\/fr-webzine\/wp-content\/uploads\/medias\/2017\/08\/logo_DEALER_00000406_001.png","width":2132,"height":720,"caption":"BYmyCAR"},"image":{"@id":"https:\/\/www.bymycar.fr\/webzine\/#\/schema\/logo\/image\/"}},{"@type":"Person","@id":"https:\/\/www.bymycar.fr\/webzine\/#\/schema\/person\/8c56906440ec126868bd40232b3445f0","name":"Gregoire LE BIHAN","image":{"@type":"ImageObject","inLanguage":"fr-FR","@id":"https:\/\/www.bymycar.fr\/webzine\/#\/schema\/person\/image\/","url":"https:\/\/secure.gravatar.com\/avatar\/1356d71f3c6eed50de358ba425c9944b742a0d35f88e0d5f8afe88fdac525492?s=96&d=mm&r=g","contentUrl":"https:\/\/secure.gravatar.com\/avatar\/1356d71f3c6eed50de358ba425c9944b742a0d35f88e0d5f8afe88fdac525492?s=96&d=mm&r=g","caption":"Gregoire LE BIHAN"}}]}},"_links":{"self":[{"href":"https:\/\/www.bymycar.fr\/webzine\/wp-json\/wp\/v2\/posts\/27855","targetHints":{"allow":["GET"]}}],"collection":[{"href":"https:\/\/www.bymycar.fr\/webzine\/wp-json\/wp\/v2\/posts"}],"about":[{"href":"https:\/\/www.bymycar.fr\/webzine\/wp-json\/wp\/v2\/types\/post"}],"author":[{"embeddable":true,"href":"https:\/\/www.bymycar.fr\/webzine\/wp-json\/wp\/v2\/users\/9"}],"replies":[{"embeddable":true,"href":"https:\/\/www.bymycar.fr\/webzine\/wp-json\/wp\/v2\/comments?post=27855"}],"version-history":[{"count":6,"href":"https:\/\/www.bymycar.fr\/webzine\/wp-json\/wp\/v2\/posts\/27855\/revisions"}],"predecessor-version":[{"id":29535,"href":"https:\/\/www.bymycar.fr\/webzine\/wp-json\/wp\/v2\/posts\/27855\/revisions\/29535"}],"wp:featuredmedia":[{"embeddable":true,"href":"https:\/\/www.bymycar.fr\/webzine\/wp-json\/wp\/v2\/media\/1435"}],"wp:attachment":[{"href":"https:\/\/www.bymycar.fr\/webzine\/wp-json\/wp\/v2\/media?parent=27855"}],"wp:term":[{"taxonomy":"category","embeddable":true,"href":"https:\/\/www.bymycar.fr\/webzine\/wp-json\/wp\/v2\/categories?post=27855"},{"taxonomy":"post_tag","embeddable":true,"href":"https:\/\/www.bymycar.fr\/webzine\/wp-json\/wp\/v2\/tags?post=27855"}],"curies":[{"name":"wp","href":"https:\/\/api.w.org\/{rel}","templated":true}]}}