{"id":27776,"date":"2022-04-22T09:15:52","date_gmt":"2022-04-22T07:15:52","guid":{"rendered":"https:\/\/prod.bymycar.fr\/webzine\/?p=27776"},"modified":"2023-01-11T15:26:50","modified_gmt":"2023-01-11T14:26:50","slug":"que-veut-dire-bmw","status":"publish","type":"post","link":"https:\/\/www.bymycar.fr\/webzine\/que-veut-dire-bmw\/","title":{"rendered":"Que veut dire BMW ?"},"content":{"rendered":"","protected":false},"excerpt":{"rendered":"","protected":false},"author":9,"featured_media":1435,"comment_status":"closed","ping_status":"open","sticky":false,"template":"","format":"standard","meta":{"_acf_changed":false,"footnotes":""},"categories":[12893,12898],"tags":[],"class_list":["post-27776","post","type-post","status-publish","format-standard","has-post-thumbnail","hentry","category-guide-dachat","category-guide-dachat-bmw"],"acf":{"template":"classique","introduction":"<p style=\"text-align: justify;\"><span style=\"font-weight: 400;\">BMW, propri\u00e9taire de Rolls-Royce avec Bentley, fait partie des grands noms du secteur de l\u2019automobile allemand et du monde entier. Presque tous les automobilistes reconnaissent son logo et ses mod\u00e8les comme la X5. Pourtant, peu de gens connaissent r\u00e9ellement son histoire, surtout ce que signifie le sigle <a href=\"https:\/\/www.bymycar.fr\/marques\/bmw\">BMW<\/a>. BYmyCAR vous d\u00e9voile l\u2019essentiel \u00e0 savoir \u00e0 ce sujet.<\/span><\/p>\n<p>&nbsp;<\/p>\n<p style=\"text-align: center;\"><a href=\"https:\/\/www.bymycar.fr\/rechercher-un-vehicule?prod_VEHICLES%5BrefinementList%5D%5Bbrand%5D%5B0%5D=BMW&amp;prod_VEHICLES%5BrefinementList%5D%5Bbrand%5D%5B1%5D=BMW%20i\" target=\"_blank\" class=\"css-button css-button--gold\" >\n                D\u00e9couvrez nos voitures BMW &gt;\n        <\/a><\/p>\n","strates":[{"type_strate":"texte-simple","ancre":"","contenu":"<h2 style=\"text-align: justify;\"><b>Origine : BMW group vient de quel pays ?<\/b><\/h2>\n<p style=\"text-align: justify;\"><span style=\"font-weight: 400;\">BMW fait partie des plus grands constructeurs automobiles du monde. Pourtant, rien ne laissait pr\u00e9sager que l\u2019entreprise allait le devenir au regard de son pass\u00e9.<\/span><\/p>\n<h3 style=\"text-align: justify;\"><b>O\u00f9 est n\u00e9e la marque BMW ?<\/b><\/h3>\n<p style=\"text-align: justify;\"><span style=\"font-weight: 400;\">BMW est une entreprise allemande fond\u00e9e en 1916 par Gustav Otto, Max Friz et Karl Friedrich Rapp. La soci\u00e9t\u00e9 trouve son origine l\u00e0 o\u00f9 se trouve son mus\u00e9e, c\u2019est-\u00e0-dire \u00e0 Munich en Allemagne.<\/span><\/p>\n<p style=\"text-align: justify;\"><span style=\"font-weight: 400;\">\u00c0 cette \u00e9poque, BMW n\u2019a pas encore \u00e9t\u00e9 le grand constructeur automobile que tout le monde conna\u00eet aujourd\u2019hui. L\u2019entreprise n\u2019a m\u00eame pas \u00e9t\u00e9 sp\u00e9cialis\u00e9e dans la production de v\u00e9hicules. Issue de la fusion des soci\u00e9t\u00e9s Baerische Fiugzeugwerke et Rapp Motorenwerke, elle s\u2019est concentr\u00e9e dans le d\u00e9veloppement de moteurs d\u2019avion en tant qu&rsquo;un des pionniers de l&rsquo;aviation. Cette activit\u00e9 a d\u00fb \u00eatre arr\u00eat\u00e9e \u00e0 cause d\u2019une interdiction apparue apr\u00e8s la Premi\u00e8re Guerre mondiale. \u00c0 la suite de cette interdiction, les dirigeants de la soci\u00e9t\u00e9 ont d\u00e9cid\u00e9 de diversifier leurs productions en se penchant sur le d\u00e9veloppement de moteurs de motocyclettes, de camions et de voitures.<\/span><\/p>\n<p style=\"text-align: justify;\"><span style=\"font-weight: 400;\">La production de voitures a d\u00e9but\u00e9 apr\u00e8s le rachat du constructeur allemand Dixi en 1928. Pr\u00e9cis\u00e9ment, BMW a particip\u00e9 \u00e0 l\u2019assemblage de la minuscule Austin Seven pour permettre la naissance de la 3\/15 PS. Puis, d\u2019autres mod\u00e8les sont apparus comme le Wartburg ou la 303. Cependant, la production a d\u00fb \u00eatre arr\u00eat\u00e9e quand la Deuxi\u00e8me Guerre mondiale a \u00e9clat\u00e9. Elle n\u2019a repris qu\u2019en 1950 avec le d\u00e9veloppement de la berline 501. Quelques ann\u00e9es plus tard, BMW a travers\u00e9 une crise qui l\u2019a presque men\u00e9 \u00e0 la faillite, mais elle a su rebondir. Ensuite, de nombreuses productions de voitures plus abordables ont eu lieu. L\u2019entreprise allemande a \u00e9galement fait l\u2019acquisition d\u2019autres constructeurs automobiles comme Rover.<\/span><\/p>\n<h3 style=\"text-align: justify;\"><b>Qui dirige BMW ?<\/b><\/h3>\n<p style=\"text-align: justify;\"><span style=\"font-weight: 400;\">Plus d\u2019une centaine d\u2019ann\u00e9es apr\u00e8s la cr\u00e9ation de l\u2019entreprise, le si\u00e8ge social de BMW se trouve toujours \u00e0 Munich, en Allemagne. Cependant, de nombreux dirigeants se sont succ\u00e9d\u00e9 \u00e0 la t\u00eate du groupe. Le dernier \u00e0 avoir pris le poste de patron de BMW est Oliver Zipse qui a remplac\u00e9 Harald Kr\u00fcger en ao\u00fbt 2019.<\/span><\/p>\n<p>&nbsp;<\/p>\n<h2 style=\"text-align: justify;\"><b>Que signifient le sigle et l&#8217;embl\u00e8me de BMW ?<\/b><\/h2>\n<p style=\"text-align: justify;\"><span style=\"font-weight: 400;\">Peu de gens le savent, mais BMW est un sigle qui a une signification. Son logo dispose aussi de nombreuses interpr\u00e9tations.<\/span><\/p>\n<h3 style=\"text-align: justify;\"><b>Signification : que veut dire la marque auto BMW en anglais et en allemand ?<\/b><\/h3>\n<p style=\"text-align: justify;\"><span style=\"font-weight: 400;\">La marque BMW est l\u2019acronyme de Bayerische Motoren Werke qui signifie \u00ab fabrique de moteur Bavi\u00e8re \u00bb en fran\u00e7ais et \u00ab Bavarian Engine Works Company \u00bb en anglais. Ce nom refl\u00e8te deux aspects de la vie du constructeur allemand :<\/span><\/p>\n<ul style=\"text-align: justify;\">\n<li style=\"font-weight: 400;\" aria-level=\"1\"><span style=\"font-weight: 400;\">Le premier est de faire r\u00e9f\u00e9rence \u00e0 l\u2019origine de BMW qui est la Bavi\u00e8re en Allemagne.<\/span><\/li>\n<li style=\"font-weight: 400;\" aria-level=\"1\"><span style=\"font-weight: 400;\">Le second concerne son ambition de produire des moteurs pour tous les types d\u2019utilisations possibles.<\/span><\/li>\n<\/ul>\n<h3 style=\"text-align: justify;\"><b>Quelle est la signification des couleurs du logo de BMW ?<\/b><\/h3>\n<p style=\"text-align: justify;\"><span style=\"font-weight: 400;\">Il n\u2019y a pas que la marque de BMW qui dispose d\u2019une signification, mais aussi son logo. Pour information, le logo BMW tire son cercle noir de celui de l\u2019entreprise Rapp. Pour les couleurs, les dirigeants ont d\u00e9cid\u00e9 d\u2019utiliser celles qui repr\u00e9sentent le plus la Bavi\u00e8re : le bleu et le blanc. Au d\u00e9but, le blanc passait avant le bleu. Cependant, les dirigeants ont d\u00e9cid\u00e9 de les inverser afin d\u2019\u00e9viter le rapprochement avec les tendances r\u00e9gionales de l\u2019\u00e9poque. Outre le fait de symboliser la Bavi\u00e8re, des significations ont \u00e9t\u00e9 attribu\u00e9es \u00e0 ces deux couleurs en 1929, soit douze ans apr\u00e8s la cr\u00e9ation du logo BMW. Il a \u00e9t\u00e9 d\u00e9cid\u00e9 que le blanc repr\u00e9sente une h\u00e9lice et le bleu le ciel, ce qui donne une h\u00e9lice en rotation dans une publicit\u00e9.<\/span><\/p>\n<p>&nbsp;<\/p>\n<h2 style=\"text-align: justify;\"><b>O\u00f9 sont construites les BMW ?<\/b><\/h2>\n<p style=\"text-align: justify;\"><span style=\"font-weight: 400;\">Comme la plupart des constructeurs automobiles allemands, la marque BMW garde la plupart de ses productions au niveau national.<\/span><\/p>\n<h3 style=\"text-align: justify;\"><b>Histoire : Quelle est la premi\u00e8re voiture de la marque BMW ?<\/b><\/h3>\n<p style=\"text-align: justify;\"><span style=\"font-weight: 400;\">En 1929, BMW fait son entr\u00e9e dans l\u2019industrie automobile avec sa version du mod\u00e8le DIXI baptis\u00e9 3\/15 DA. Il s\u2019agissait de la premi\u00e8re voiture qu\u2019il a commercialis\u00e9e. Cette auto avait la particularit\u00e9 de faire partie des toutes premi\u00e8res voitures dot\u00e9es d\u2019un p\u00e9dalier \u00e0 trois p\u00e9dales. Autres caract\u00e9ristiques, cette voiture disposait d\u2019un moteur essence d\u2019une puissance de 15 ch et d\u2019une cylindr\u00e9e de 749 cm3.<\/span><\/p>\n<h3 style=\"text-align: justify;\"><b>O\u00f9 se trouvent les usines d\u2019assemblage de l\u2019entreprise BMW ?<\/b><\/h3>\n<p style=\"text-align: justify;\"><span style=\"font-weight: 400;\">BMW produit toujours pr\u00e8s du million de v\u00e9hicules \u00e0 l\u2019H\u00e9lice par an en Allemagne. Cela est possible gr\u00e2ce \u00e0 ses quatre sites d\u2019assemblage. En effet, les usines de Munich, de Dingolfing, de Leipzig et de Ratisbonne de la compagnie bavaroise sont toujours en activit\u00e9.<\/span><\/p>\n<p style=\"text-align: justify;\"><span style=\"font-weight: 400;\">\u00c0 part ces sites, BMW dispose d\u2019autres usines d\u2019assemblage en Europe, notamment au Royaume-Uni et aux Pays-Bas. Hors du continent europ\u00e9en, le constructeur automobile allemand fait assembler des BMW s\u00e9rie 3 et X3 en Afrique du Sud et la plupart de ses SUV aux USA. En Asie, c\u2019est en Chine, \u00e0 Dadong, que la marque \u00e0 l\u2019H\u00e9lice assemble les S\u00e9rie 5 et certains mod\u00e8les X3.<\/span><\/p>\n<p>&nbsp;<\/p>\n<p>Pour en apprendre plus, n&rsquo;h\u00e9sitez pas \u00e0 vous rendre dans les <a href=\"https:\/\/www.bymycar.fr\/concessions\/bmw\">concessions BMW BYmyCAR<\/a> afin d&rsquo;\u00e9changer avec nos experts.<\/p>\n<p>&nbsp;<\/p>\n<p>&nbsp;<\/p>\n<p style=\"text-align: center;\"><a href=\"https:\/\/www.bymycar.fr\/rechercher-un-vehicule?prod_VEHICLES%5BrefinementList%5D%5Bbrand%5D%5B0%5D=BMW&amp;prod_VEHICLES%5BrefinementList%5D%5Bbrand%5D%5B1%5D=BMW%20i\" target=\"_blank\" class=\"css-button css-button--gold\" >\n                D\u00e9couvrez nos voitures BMW &gt;\n        <\/a><\/p>\n<p>&nbsp;<\/p>\n<p><a href=\"https:\/\/www.bymycar.fr\/webzine\/quelle-bmw-choisir\/\">Quelle BMW choisir ?<\/a><\/p>\n<p>&nbsp;<\/p>\n<p>&nbsp;<\/p>\n","titre":"Que veut dire BMW ?","image":false,"image_libre":false,"image_800x500":false,"legende":"","zoom":false,"texte":"","articles":false,"categorie_droite":false,"images":false,"elements_comparatif":false,"texte_1":"","texte_2":"","image_1":false,"image_1_563x400":false,"image_1_332x332":false,"image_2":false,"image_2_333x240":false,"image_2_563x400":false,"image_3":false,"image_3_333x240":false,"image_3_332x450":false,"image_4":false,"image_4_332x332":false,"image_4_563x400":false,"code_embed":"","legende_video":"","photo":false,"photo_100x100":false,"nom":"","fonction":"","elements_timeline":false,"entetes_colonnes":false,"entetes_lignes":false,"lignes":false,"introduction":"","formulaire":false,"question":"","reponse":"","libelle_bouton_lien":"","url_lien":"","questions":false,"conclusions":false,"pays":false,"region":false,"marque":false,"marqueConcessions":false,"modele":false,"ptvente":false,"typeV":false,"collection":false,"nombre_maximum_elements":10,"lien_fin_carousel":"","texte_lien_fin_carousel":"","trier_par":false}],"is_old_post":false,"image":{"ID":1435,"id":1435,"title":"BMW Logo on a Black Car 5 Series","filename":"BMW-LOGO-2.jpg","filesize":0,"url":"https:\/\/www.bymycar.fr\/webzine\/wp-content\/uploads\/2017\/07\/BMW-LOGO-2.jpg","link":"https:\/\/www.bymycar.fr\/webzine\/logo-bmw-histoire-et-signification\/bmw-logo-on-a-black-car-5-series\/","alt":"Logo BMW : histoire et signification","author":"1","description":"","caption":"\"Hanover, Lower Saxony, Germany-September, 4th 2011: BMW 5 Series logo parked at Hanover airport.\"","name":"bmw-logo-on-a-black-car-5-series","status":"inherit","uploaded_to":27855,"date":"2017-07-28 12:57:54","modified":"2025-06-19 14:23:09","menu_order":0,"mime_type":"image\/jpeg","type":"image","subtype":"jpeg","icon":"https:\/\/www.bymycar.fr\/webzine\/wp-includes\/images\/media\/default.png","width":1257,"height":835,"sizes":{"thumbnail":"https:\/\/www.bymycar.fr\/webzine\/wp-content\/uploads\/2017\/07\/BMW-LOGO-2-150x150.jpg","thumbnail-width":150,"thumbnail-height":150,"medium":"https:\/\/www.bymycar.fr\/webzine\/wp-content\/uploads\/2017\/07\/BMW-LOGO-2-300x199.jpg","medium-width":300,"medium-height":199,"medium_large":"https:\/\/www.bymycar.fr\/webzine\/wp-content\/uploads\/2017\/07\/BMW-LOGO-2-768x510.jpg","medium_large-width":768,"medium_large-height":510,"large":"https:\/\/www.bymycar.fr\/webzine\/wp-content\/uploads\/2017\/07\/BMW-LOGO-2-1024x680.jpg","large-width":1024,"large-height":680,"1536x1536":"https:\/\/www.bymycar.fr\/webzine\/wp-content\/uploads\/2017\/07\/BMW-LOGO-2.jpg","1536x1536-width":1257,"1536x1536-height":835,"2048x2048":"https:\/\/www.bymycar.fr\/webzine\/wp-content\/uploads\/2017\/07\/BMW-LOGO-2.jpg","2048x2048-width":1257,"2048x2048-height":835}},"page_content":{"block_content":[{"acf_fc_layout":"text-simple","--nav":{"-withNav":false,"-ancre":""},"--group":{"-text":"<h2 style=\"text-align: justify;\"><b>Origine : BMW group vient de quel pays ?<\/b><\/h2>\n<p style=\"text-align: justify;\"><span style=\"font-weight: 400;\">BMW fait partie des plus grands constructeurs automobiles du monde. Pourtant, rien ne laissait pr\u00e9sager que l\u2019entreprise allait le devenir au regard de son pass\u00e9.<\/span><\/p>\n<h3 style=\"text-align: justify;\"><b>O\u00f9 est n\u00e9e la marque BMW ?<\/b><\/h3>\n<p style=\"text-align: justify;\"><span style=\"font-weight: 400;\">BMW est une entreprise allemande fond\u00e9e en 1916 par Gustav Otto, Max Friz et Karl Friedrich Rapp. La soci\u00e9t\u00e9 trouve son origine l\u00e0 o\u00f9 se trouve son mus\u00e9e, c\u2019est-\u00e0-dire \u00e0 Munich en Allemagne.<\/span><\/p>\n<p style=\"text-align: justify;\"><span style=\"font-weight: 400;\">\u00c0 cette \u00e9poque, BMW n\u2019a pas encore \u00e9t\u00e9 le grand constructeur automobile que tout le monde conna\u00eet aujourd\u2019hui. L\u2019entreprise n\u2019a m\u00eame pas \u00e9t\u00e9 sp\u00e9cialis\u00e9e dans la production de v\u00e9hicules. Issue de la fusion des soci\u00e9t\u00e9s Baerische Fiugzeugwerke et Rapp Motorenwerke, elle s\u2019est concentr\u00e9e dans le d\u00e9veloppement de moteurs d\u2019avion en tant qu&rsquo;un des pionniers de l&rsquo;aviation. Cette activit\u00e9 a d\u00fb \u00eatre arr\u00eat\u00e9e \u00e0 cause d\u2019une interdiction apparue apr\u00e8s la Premi\u00e8re Guerre mondiale. \u00c0 la suite de cette interdiction, les dirigeants de la soci\u00e9t\u00e9 ont d\u00e9cid\u00e9 de diversifier leurs productions en se penchant sur le d\u00e9veloppement de moteurs de motocyclettes, de camions et de voitures.<\/span><\/p>\n<p style=\"text-align: justify;\"><span style=\"font-weight: 400;\">La production de voitures a d\u00e9but\u00e9 apr\u00e8s le rachat du constructeur allemand Dixi en 1928. Pr\u00e9cis\u00e9ment, BMW a particip\u00e9 \u00e0 l\u2019assemblage de la minuscule Austin Seven pour permettre la naissance de la 3\/15 PS. Puis, d\u2019autres mod\u00e8les sont apparus comme le Wartburg ou la 303. Cependant, la production a d\u00fb \u00eatre arr\u00eat\u00e9e quand la Deuxi\u00e8me Guerre mondiale a \u00e9clat\u00e9. Elle n\u2019a repris qu\u2019en 1950 avec le d\u00e9veloppement de la berline 501. Quelques ann\u00e9es plus tard, BMW a travers\u00e9 une crise qui l\u2019a presque men\u00e9 \u00e0 la faillite, mais elle a su rebondir. Ensuite, de nombreuses productions de voitures plus abordables ont eu lieu. L\u2019entreprise allemande a \u00e9galement fait l\u2019acquisition d\u2019autres constructeurs automobiles comme Rover.<\/span><\/p>\n<h3 style=\"text-align: justify;\"><b>Qui dirige BMW ?<\/b><\/h3>\n<p style=\"text-align: justify;\"><span style=\"font-weight: 400;\">Plus d\u2019une centaine d\u2019ann\u00e9es apr\u00e8s la cr\u00e9ation de l\u2019entreprise, le si\u00e8ge social de BMW se trouve toujours \u00e0 Munich, en Allemagne. Cependant, de nombreux dirigeants se sont succ\u00e9d\u00e9 \u00e0 la t\u00eate du groupe. Le dernier \u00e0 avoir pris le poste de patron de BMW est Oliver Zipse qui a remplac\u00e9 Harald Kr\u00fcger en ao\u00fbt 2019.<\/span><\/p>\n<p>&nbsp;<\/p>\n<h2 style=\"text-align: justify;\"><b>Que signifient le sigle et l&#8217;embl\u00e8me de BMW ?<\/b><\/h2>\n<p style=\"text-align: justify;\"><span style=\"font-weight: 400;\">Peu de gens le savent, mais BMW est un sigle qui a une signification. Son logo dispose aussi de nombreuses interpr\u00e9tations.<\/span><\/p>\n<h3 style=\"text-align: justify;\"><b>Signification : que veut dire la marque auto BMW en anglais et en allemand ?<\/b><\/h3>\n<p style=\"text-align: justify;\"><span style=\"font-weight: 400;\">La marque BMW est l\u2019acronyme de Bayerische Motoren Werke qui signifie \u00ab fabrique de moteur Bavi\u00e8re \u00bb en fran\u00e7ais et \u00ab Bavarian Engine Works Company \u00bb en anglais. Ce nom refl\u00e8te deux aspects de la vie du constructeur allemand :<\/span><\/p>\n<ul style=\"text-align: justify;\">\n<li style=\"font-weight: 400;\" aria-level=\"1\"><span style=\"font-weight: 400;\">Le premier est de faire r\u00e9f\u00e9rence \u00e0 l\u2019origine de BMW qui est la Bavi\u00e8re en Allemagne.<\/span><\/li>\n<li style=\"font-weight: 400;\" aria-level=\"1\"><span style=\"font-weight: 400;\">Le second concerne son ambition de produire des moteurs pour tous les types d\u2019utilisations possibles.<\/span><\/li>\n<\/ul>\n<h3 style=\"text-align: justify;\"><b>Quelle est la signification des couleurs du logo de BMW ?<\/b><\/h3>\n<p style=\"text-align: justify;\"><span style=\"font-weight: 400;\">Il n\u2019y a pas que la marque de BMW qui dispose d\u2019une signification, mais aussi son logo. Pour information, le logo BMW tire son cercle noir de celui de l\u2019entreprise Rapp. Pour les couleurs, les dirigeants ont d\u00e9cid\u00e9 d\u2019utiliser celles qui repr\u00e9sentent le plus la Bavi\u00e8re : le bleu et le blanc. Au d\u00e9but, le blanc passait avant le bleu. Cependant, les dirigeants ont d\u00e9cid\u00e9 de les inverser afin d\u2019\u00e9viter le rapprochement avec les tendances r\u00e9gionales de l\u2019\u00e9poque. Outre le fait de symboliser la Bavi\u00e8re, des significations ont \u00e9t\u00e9 attribu\u00e9es \u00e0 ces deux couleurs en 1929, soit douze ans apr\u00e8s la cr\u00e9ation du logo BMW. Il a \u00e9t\u00e9 d\u00e9cid\u00e9 que le blanc repr\u00e9sente une h\u00e9lice et le bleu le ciel, ce qui donne une h\u00e9lice en rotation dans une publicit\u00e9.<\/span><\/p>\n<p>&nbsp;<\/p>\n<h2 style=\"text-align: justify;\"><b>O\u00f9 sont construites les BMW ?<\/b><\/h2>\n<p style=\"text-align: justify;\"><span style=\"font-weight: 400;\">Comme la plupart des constructeurs automobiles allemands, la marque BMW garde la plupart de ses productions au niveau national.<\/span><\/p>\n<h3 style=\"text-align: justify;\"><b>Histoire : Quelle est la premi\u00e8re voiture de la marque BMW ?<\/b><\/h3>\n<p style=\"text-align: justify;\"><span style=\"font-weight: 400;\">En 1929, BMW fait son entr\u00e9e dans l\u2019industrie automobile avec sa version du mod\u00e8le DIXI baptis\u00e9 3\/15 DA. Il s\u2019agissait de la premi\u00e8re voiture qu\u2019il a commercialis\u00e9e. Cette auto avait la particularit\u00e9 de faire partie des toutes premi\u00e8res voitures dot\u00e9es d\u2019un p\u00e9dalier \u00e0 trois p\u00e9dales. Autres caract\u00e9ristiques, cette voiture disposait d\u2019un moteur essence d\u2019une puissance de 15 ch et d\u2019une cylindr\u00e9e de 749 cm3.<\/span><\/p>\n<h3 style=\"text-align: justify;\"><b>O\u00f9 se trouvent les usines d\u2019assemblage de l\u2019entreprise BMW ?<\/b><\/h3>\n<p style=\"text-align: justify;\"><span style=\"font-weight: 400;\">BMW produit toujours pr\u00e8s du million de v\u00e9hicules \u00e0 l\u2019H\u00e9lice par an en Allemagne. Cela est possible gr\u00e2ce \u00e0 ses quatre sites d\u2019assemblage. En effet, les usines de Munich, de Dingolfing, de Leipzig et de Ratisbonne de la compagnie bavaroise sont toujours en activit\u00e9.<\/span><\/p>\n<p style=\"text-align: justify;\"><span style=\"font-weight: 400;\">\u00c0 part ces sites, BMW dispose d\u2019autres usines d\u2019assemblage en Europe, notamment au Royaume-Uni et aux Pays-Bas. Hors du continent europ\u00e9en, le constructeur automobile allemand fait assembler des BMW s\u00e9rie 3 et X3 en Afrique du Sud et la plupart de ses SUV aux USA. En Asie, c\u2019est en Chine, \u00e0 Dadong, que la marque \u00e0 l\u2019H\u00e9lice assemble les S\u00e9rie 5 et certains mod\u00e8les X3.<\/span><\/p>\n<p>&nbsp;<\/p>\n<p>Pour en apprendre plus, n&rsquo;h\u00e9sitez pas \u00e0 vous rendre dans les <a href=\"https:\/\/www.bymycar.fr\/concessions\/bmw\">concessions BMW BYmyCAR<\/a> afin d&rsquo;\u00e9changer avec nos experts.<\/p>\n<p>&nbsp;<\/p>\n<p>&nbsp;<\/p>\n<p style=\"text-align: center;\"><a href=\"https:\/\/www.bymycar.fr\/rechercher-un-vehicule?prod_VEHICLES%5BrefinementList%5D%5Bbrand%5D%5B0%5D=BMW&amp;prod_VEHICLES%5BrefinementList%5D%5Bbrand%5D%5B1%5D=BMW%20i\" target=\"_blank\" class=\"css-button css-button--gold\" ><br \/>\n                D\u00e9couvrez nos voitures BMW &gt;<br \/>\n        <\/a><\/p>\n<p>&nbsp;<\/p>\n<p><a href=\"https:\/\/www.bymycar.fr\/webzine\/quelle-bmw-choisir\/\">Quelle BMW choisir ?<\/a><\/p>\n<p>&nbsp;<\/p>\n<p>&nbsp;<\/p>\n"}}]},"add-carousel-to-footer":true},"yoast_head":"<!-- This site is optimized with the Yoast SEO Premium plugin v26.4 (Yoast SEO v26.4) - https:\/\/yoast.com\/wordpress\/plugins\/seo\/ -->\n<title>Que veut dire BMW ?<\/title>\n<meta name=\"description\" content=\"BMW, propri\u00e9taire de Rolls-Royce avec Bentley, fait partie des grands noms du secteur de l\u2019automobile allemand et du monde entier. Presque tous les automobilistes reconnaissent son logo et ses mod\u00e8les comme la X5.\" \/>\n<meta name=\"robots\" content=\"index, follow, max-snippet:-1, max-image-preview:large, max-video-preview:-1\" \/>\n<link rel=\"canonical\" href=\"https:\/\/www.bymycar.fr\/webzine\/que-veut-dire-bmw\/\" \/>\n<meta property=\"og:locale\" content=\"fr_FR\" \/>\n<meta property=\"og:type\" content=\"article\" \/>\n<meta property=\"og:title\" content=\"Que veut dire BMW ?\" \/>\n<meta property=\"og:description\" content=\"BMW, propri\u00e9taire de Rolls-Royce avec Bentley, fait partie des grands noms du secteur de l\u2019automobile allemand et du monde entier. Presque tous les automobilistes reconnaissent son logo et ses mod\u00e8les comme la X5.\" \/>\n<meta property=\"og:url\" content=\"https:\/\/www.bymycar.fr\/webzine\/que-veut-dire-bmw\/\" \/>\n<meta property=\"og:site_name\" content=\"Webzine auto BYmyCAR\" \/>\n<meta property=\"article:published_time\" content=\"2022-04-22T07:15:52+00:00\" \/>\n<meta property=\"article:modified_time\" content=\"2023-01-11T14:26:50+00:00\" \/>\n<meta property=\"og:image\" content=\"https:\/\/www.bymycar.fr\/webzine\/wp-content\/uploads\/2017\/07\/BMW-LOGO-2.jpg\" \/>\n\t<meta property=\"og:image:width\" content=\"1257\" \/>\n\t<meta property=\"og:image:height\" content=\"835\" \/>\n\t<meta property=\"og:image:type\" content=\"image\/jpeg\" \/>\n<meta name=\"author\" content=\"Gregoire LE BIHAN\" \/>\n<meta name=\"twitter:card\" content=\"summary_large_image\" \/>\n<meta name=\"twitter:label1\" content=\"\u00c9crit par\" \/>\n\t<meta name=\"twitter:data1\" content=\"Gregoire LE BIHAN\" \/>\n<script type=\"application\/ld+json\" class=\"yoast-schema-graph\">{\"@context\":\"https:\/\/schema.org\",\"@graph\":[{\"@type\":\"Article\",\"@id\":\"https:\/\/www.bymycar.fr\/webzine\/que-veut-dire-bmw\/#article\",\"isPartOf\":{\"@id\":\"https:\/\/www.bymycar.fr\/webzine\/que-veut-dire-bmw\/\"},\"author\":{\"name\":\"Gregoire LE BIHAN\",\"@id\":\"https:\/\/www.bymycar.fr\/webzine\/#\/schema\/person\/8c56906440ec126868bd40232b3445f0\"},\"headline\":\"Que veut dire BMW ?\",\"datePublished\":\"2022-04-22T07:15:52+00:00\",\"dateModified\":\"2023-01-11T14:26:50+00:00\",\"mainEntityOfPage\":{\"@id\":\"https:\/\/www.bymycar.fr\/webzine\/que-veut-dire-bmw\/\"},\"wordCount\":4,\"publisher\":{\"@id\":\"https:\/\/www.bymycar.fr\/webzine\/#organization\"},\"image\":{\"@id\":\"https:\/\/www.bymycar.fr\/webzine\/que-veut-dire-bmw\/#primaryimage\"},\"thumbnailUrl\":\"https:\/\/www.bymycar.fr\/webzine\/wp-content\/uploads\/2017\/07\/BMW-LOGO-2.jpg\",\"articleSection\":[\"Guide d'achat\",\"Guide d'achat BMW\"],\"inLanguage\":\"fr-FR\"},{\"@type\":\"WebPage\",\"@id\":\"https:\/\/www.bymycar.fr\/webzine\/que-veut-dire-bmw\/\",\"url\":\"https:\/\/www.bymycar.fr\/webzine\/que-veut-dire-bmw\/\",\"name\":\"Que veut dire BMW ?\",\"isPartOf\":{\"@id\":\"https:\/\/www.bymycar.fr\/webzine\/#website\"},\"primaryImageOfPage\":{\"@id\":\"https:\/\/www.bymycar.fr\/webzine\/que-veut-dire-bmw\/#primaryimage\"},\"image\":{\"@id\":\"https:\/\/www.bymycar.fr\/webzine\/que-veut-dire-bmw\/#primaryimage\"},\"thumbnailUrl\":\"https:\/\/www.bymycar.fr\/webzine\/wp-content\/uploads\/2017\/07\/BMW-LOGO-2.jpg\",\"datePublished\":\"2022-04-22T07:15:52+00:00\",\"dateModified\":\"2023-01-11T14:26:50+00:00\",\"description\":\"BMW, propri\u00e9taire de Rolls-Royce avec Bentley, fait partie des grands noms du secteur de l\u2019automobile allemand et du monde entier. Presque tous les automobilistes reconnaissent son logo et ses mod\u00e8les comme la X5.\",\"breadcrumb\":{\"@id\":\"https:\/\/www.bymycar.fr\/webzine\/que-veut-dire-bmw\/#breadcrumb\"},\"inLanguage\":\"fr-FR\",\"potentialAction\":[{\"@type\":\"ReadAction\",\"target\":[\"https:\/\/www.bymycar.fr\/webzine\/que-veut-dire-bmw\/\"]}]},{\"@type\":\"ImageObject\",\"inLanguage\":\"fr-FR\",\"@id\":\"https:\/\/www.bymycar.fr\/webzine\/que-veut-dire-bmw\/#primaryimage\",\"url\":\"https:\/\/www.bymycar.fr\/webzine\/wp-content\/uploads\/2017\/07\/BMW-LOGO-2.jpg\",\"contentUrl\":\"https:\/\/www.bymycar.fr\/webzine\/wp-content\/uploads\/2017\/07\/BMW-LOGO-2.jpg\",\"width\":1257,\"height\":835,\"caption\":\"\\\"Hanover, Lower Saxony, Germany-September, 4th 2011: BMW 5 Series logo parked at Hanover airport.\\\"\"},{\"@type\":\"BreadcrumbList\",\"@id\":\"https:\/\/www.bymycar.fr\/webzine\/que-veut-dire-bmw\/#breadcrumb\",\"itemListElement\":[{\"@type\":\"ListItem\",\"position\":1,\"name\":\"Accueil\",\"item\":\"https:\/\/www.bymycar.fr\/webzine\/\"},{\"@type\":\"ListItem\",\"position\":2,\"name\":\"Que veut dire BMW ?\"}]},{\"@type\":\"WebSite\",\"@id\":\"https:\/\/www.bymycar.fr\/webzine\/#website\",\"url\":\"https:\/\/www.bymycar.fr\/webzine\/\",\"name\":\"Webzine auto BYmyCAR\",\"description\":\"La magazine auto de BYmyCAR\",\"publisher\":{\"@id\":\"https:\/\/www.bymycar.fr\/webzine\/#organization\"},\"potentialAction\":[{\"@type\":\"SearchAction\",\"target\":{\"@type\":\"EntryPoint\",\"urlTemplate\":\"https:\/\/www.bymycar.fr\/webzine\/?s={search_term_string}\"},\"query-input\":{\"@type\":\"PropertyValueSpecification\",\"valueRequired\":true,\"valueName\":\"search_term_string\"}}],\"inLanguage\":\"fr-FR\"},{\"@type\":\"Organization\",\"@id\":\"https:\/\/www.bymycar.fr\/webzine\/#organization\",\"name\":\"BYmyCAR\",\"url\":\"https:\/\/www.bymycar.fr\/webzine\/\",\"logo\":{\"@type\":\"ImageObject\",\"inLanguage\":\"fr-FR\",\"@id\":\"https:\/\/www.bymycar.fr\/webzine\/#\/schema\/logo\/image\/\",\"url\":\"https:\/\/cdn.bymycar.eu\/fr-webzine\/wp-content\/uploads\/medias\/2017\/08\/logo_DEALER_00000406_001.png\",\"contentUrl\":\"https:\/\/cdn.bymycar.eu\/fr-webzine\/wp-content\/uploads\/medias\/2017\/08\/logo_DEALER_00000406_001.png\",\"width\":2132,\"height\":720,\"caption\":\"BYmyCAR\"},\"image\":{\"@id\":\"https:\/\/www.bymycar.fr\/webzine\/#\/schema\/logo\/image\/\"}},{\"@type\":\"Person\",\"@id\":\"https:\/\/www.bymycar.fr\/webzine\/#\/schema\/person\/8c56906440ec126868bd40232b3445f0\",\"name\":\"Gregoire LE BIHAN\",\"image\":{\"@type\":\"ImageObject\",\"inLanguage\":\"fr-FR\",\"@id\":\"https:\/\/www.bymycar.fr\/webzine\/#\/schema\/person\/image\/\",\"url\":\"https:\/\/secure.gravatar.com\/avatar\/1356d71f3c6eed50de358ba425c9944b742a0d35f88e0d5f8afe88fdac525492?s=96&d=mm&r=g\",\"contentUrl\":\"https:\/\/secure.gravatar.com\/avatar\/1356d71f3c6eed50de358ba425c9944b742a0d35f88e0d5f8afe88fdac525492?s=96&d=mm&r=g\",\"caption\":\"Gregoire LE BIHAN\"}}]}<\/script>\n<!-- \/ Yoast SEO Premium plugin. -->","yoast_head_json":{"title":"Que veut dire BMW ?","description":"BMW, propri\u00e9taire de Rolls-Royce avec Bentley, fait partie des grands noms du secteur de l\u2019automobile allemand et du monde entier. Presque tous les automobilistes reconnaissent son logo et ses mod\u00e8les comme la X5.","robots":{"index":"index","follow":"follow","max-snippet":"max-snippet:-1","max-image-preview":"max-image-preview:large","max-video-preview":"max-video-preview:-1"},"canonical":"https:\/\/www.bymycar.fr\/webzine\/que-veut-dire-bmw\/","og_locale":"fr_FR","og_type":"article","og_title":"Que veut dire BMW ?","og_description":"BMW, propri\u00e9taire de Rolls-Royce avec Bentley, fait partie des grands noms du secteur de l\u2019automobile allemand et du monde entier. Presque tous les automobilistes reconnaissent son logo et ses mod\u00e8les comme la X5.","og_url":"https:\/\/www.bymycar.fr\/webzine\/que-veut-dire-bmw\/","og_site_name":"Webzine auto BYmyCAR","article_published_time":"2022-04-22T07:15:52+00:00","article_modified_time":"2023-01-11T14:26:50+00:00","og_image":[{"width":1257,"height":835,"url":"https:\/\/www.bymycar.fr\/webzine\/wp-content\/uploads\/2017\/07\/BMW-LOGO-2.jpg","type":"image\/jpeg"}],"author":"Gregoire LE BIHAN","twitter_card":"summary_large_image","twitter_misc":{"\u00c9crit par":"Gregoire LE BIHAN"},"schema":{"@context":"https:\/\/schema.org","@graph":[{"@type":"Article","@id":"https:\/\/www.bymycar.fr\/webzine\/que-veut-dire-bmw\/#article","isPartOf":{"@id":"https:\/\/www.bymycar.fr\/webzine\/que-veut-dire-bmw\/"},"author":{"name":"Gregoire LE BIHAN","@id":"https:\/\/www.bymycar.fr\/webzine\/#\/schema\/person\/8c56906440ec126868bd40232b3445f0"},"headline":"Que veut dire BMW ?","datePublished":"2022-04-22T07:15:52+00:00","dateModified":"2023-01-11T14:26:50+00:00","mainEntityOfPage":{"@id":"https:\/\/www.bymycar.fr\/webzine\/que-veut-dire-bmw\/"},"wordCount":4,"publisher":{"@id":"https:\/\/www.bymycar.fr\/webzine\/#organization"},"image":{"@id":"https:\/\/www.bymycar.fr\/webzine\/que-veut-dire-bmw\/#primaryimage"},"thumbnailUrl":"https:\/\/www.bymycar.fr\/webzine\/wp-content\/uploads\/2017\/07\/BMW-LOGO-2.jpg","articleSection":["Guide d'achat","Guide d'achat BMW"],"inLanguage":"fr-FR"},{"@type":"WebPage","@id":"https:\/\/www.bymycar.fr\/webzine\/que-veut-dire-bmw\/","url":"https:\/\/www.bymycar.fr\/webzine\/que-veut-dire-bmw\/","name":"Que veut dire BMW ?","isPartOf":{"@id":"https:\/\/www.bymycar.fr\/webzine\/#website"},"primaryImageOfPage":{"@id":"https:\/\/www.bymycar.fr\/webzine\/que-veut-dire-bmw\/#primaryimage"},"image":{"@id":"https:\/\/www.bymycar.fr\/webzine\/que-veut-dire-bmw\/#primaryimage"},"thumbnailUrl":"https:\/\/www.bymycar.fr\/webzine\/wp-content\/uploads\/2017\/07\/BMW-LOGO-2.jpg","datePublished":"2022-04-22T07:15:52+00:00","dateModified":"2023-01-11T14:26:50+00:00","description":"BMW, propri\u00e9taire de Rolls-Royce avec Bentley, fait partie des grands noms du secteur de l\u2019automobile allemand et du monde entier. Presque tous les automobilistes reconnaissent son logo et ses mod\u00e8les comme la X5.","breadcrumb":{"@id":"https:\/\/www.bymycar.fr\/webzine\/que-veut-dire-bmw\/#breadcrumb"},"inLanguage":"fr-FR","potentialAction":[{"@type":"ReadAction","target":["https:\/\/www.bymycar.fr\/webzine\/que-veut-dire-bmw\/"]}]},{"@type":"ImageObject","inLanguage":"fr-FR","@id":"https:\/\/www.bymycar.fr\/webzine\/que-veut-dire-bmw\/#primaryimage","url":"https:\/\/www.bymycar.fr\/webzine\/wp-content\/uploads\/2017\/07\/BMW-LOGO-2.jpg","contentUrl":"https:\/\/www.bymycar.fr\/webzine\/wp-content\/uploads\/2017\/07\/BMW-LOGO-2.jpg","width":1257,"height":835,"caption":"\"Hanover, Lower Saxony, Germany-September, 4th 2011: BMW 5 Series logo parked at Hanover airport.\""},{"@type":"BreadcrumbList","@id":"https:\/\/www.bymycar.fr\/webzine\/que-veut-dire-bmw\/#breadcrumb","itemListElement":[{"@type":"ListItem","position":1,"name":"Accueil","item":"https:\/\/www.bymycar.fr\/webzine\/"},{"@type":"ListItem","position":2,"name":"Que veut dire BMW ?"}]},{"@type":"WebSite","@id":"https:\/\/www.bymycar.fr\/webzine\/#website","url":"https:\/\/www.bymycar.fr\/webzine\/","name":"Webzine auto BYmyCAR","description":"La magazine auto de BYmyCAR","publisher":{"@id":"https:\/\/www.bymycar.fr\/webzine\/#organization"},"potentialAction":[{"@type":"SearchAction","target":{"@type":"EntryPoint","urlTemplate":"https:\/\/www.bymycar.fr\/webzine\/?s={search_term_string}"},"query-input":{"@type":"PropertyValueSpecification","valueRequired":true,"valueName":"search_term_string"}}],"inLanguage":"fr-FR"},{"@type":"Organization","@id":"https:\/\/www.bymycar.fr\/webzine\/#organization","name":"BYmyCAR","url":"https:\/\/www.bymycar.fr\/webzine\/","logo":{"@type":"ImageObject","inLanguage":"fr-FR","@id":"https:\/\/www.bymycar.fr\/webzine\/#\/schema\/logo\/image\/","url":"https:\/\/cdn.bymycar.eu\/fr-webzine\/wp-content\/uploads\/medias\/2017\/08\/logo_DEALER_00000406_001.png","contentUrl":"https:\/\/cdn.bymycar.eu\/fr-webzine\/wp-content\/uploads\/medias\/2017\/08\/logo_DEALER_00000406_001.png","width":2132,"height":720,"caption":"BYmyCAR"},"image":{"@id":"https:\/\/www.bymycar.fr\/webzine\/#\/schema\/logo\/image\/"}},{"@type":"Person","@id":"https:\/\/www.bymycar.fr\/webzine\/#\/schema\/person\/8c56906440ec126868bd40232b3445f0","name":"Gregoire LE BIHAN","image":{"@type":"ImageObject","inLanguage":"fr-FR","@id":"https:\/\/www.bymycar.fr\/webzine\/#\/schema\/person\/image\/","url":"https:\/\/secure.gravatar.com\/avatar\/1356d71f3c6eed50de358ba425c9944b742a0d35f88e0d5f8afe88fdac525492?s=96&d=mm&r=g","contentUrl":"https:\/\/secure.gravatar.com\/avatar\/1356d71f3c6eed50de358ba425c9944b742a0d35f88e0d5f8afe88fdac525492?s=96&d=mm&r=g","caption":"Gregoire LE BIHAN"}}]}},"_links":{"self":[{"href":"https:\/\/www.bymycar.fr\/webzine\/wp-json\/wp\/v2\/posts\/27776","targetHints":{"allow":["GET"]}}],"collection":[{"href":"https:\/\/www.bymycar.fr\/webzine\/wp-json\/wp\/v2\/posts"}],"about":[{"href":"https:\/\/www.bymycar.fr\/webzine\/wp-json\/wp\/v2\/types\/post"}],"author":[{"embeddable":true,"href":"https:\/\/www.bymycar.fr\/webzine\/wp-json\/wp\/v2\/users\/9"}],"replies":[{"embeddable":true,"href":"https:\/\/www.bymycar.fr\/webzine\/wp-json\/wp\/v2\/comments?post=27776"}],"version-history":[{"count":6,"href":"https:\/\/www.bymycar.fr\/webzine\/wp-json\/wp\/v2\/posts\/27776\/revisions"}],"predecessor-version":[{"id":29657,"href":"https:\/\/www.bymycar.fr\/webzine\/wp-json\/wp\/v2\/posts\/27776\/revisions\/29657"}],"wp:featuredmedia":[{"embeddable":true,"href":"https:\/\/www.bymycar.fr\/webzine\/wp-json\/wp\/v2\/media\/1435"}],"wp:attachment":[{"href":"https:\/\/www.bymycar.fr\/webzine\/wp-json\/wp\/v2\/media?parent=27776"}],"wp:term":[{"taxonomy":"category","embeddable":true,"href":"https:\/\/www.bymycar.fr\/webzine\/wp-json\/wp\/v2\/categories?post=27776"},{"taxonomy":"post_tag","embeddable":true,"href":"https:\/\/www.bymycar.fr\/webzine\/wp-json\/wp\/v2\/tags?post=27776"}],"curies":[{"name":"wp","href":"https:\/\/api.w.org\/{rel}","templated":true}]}}