{"id":27731,"date":"2022-04-22T08:53:47","date_gmt":"2022-04-22T06:53:47","guid":{"rendered":"https:\/\/prod.bymycar.fr\/webzine\/?p=27731"},"modified":"2025-12-03T14:32:47","modified_gmt":"2025-12-03T13:32:47","slug":"comparatif-mercedes-gla-ou-classe-a","status":"publish","type":"post","link":"https:\/\/www.bymycar.fr\/webzine\/comparatif-mercedes-gla-ou-classe-a\/","title":{"rendered":"Comparatif : Mercedes GLA ou Classe A ?"},"content":{"rendered":"","protected":false},"excerpt":{"rendered":"","protected":false},"author":9,"featured_media":23552,"comment_status":"closed","ping_status":"closed","sticky":false,"template":"","format":"standard","meta":{"_acf_changed":false,"footnotes":""},"categories":[12893,12913],"tags":[],"class_list":["post-27731","post","type-post","status-publish","format-standard","has-post-thumbnail","hentry","category-guide-dachat","category-guide-dachat-mercedes-classe-a"],"acf":{"template":"classique","introduction":"<p>Vous h\u00e9sitez entre deux visions de la compacit\u00e9 premium sign\u00e9es <a href=\"https:\/\/www.bymycar.fr\/v\/mercedes-occasion\">Mercedes-Benz<\/a> ? Le <a href=\"https:\/\/www.bymycar.fr\/v\/mercedes-gla-occasion\">Mercedes-Benz GLA<\/a> s&rsquo;impose comme un petit <a href=\"https:\/\/www.bymycar.fr\/v\/suv-occasion\">SUV<\/a> aux lignes muscl\u00e9es et au profil sur\u00e9lev\u00e9, directement issu de la <a href=\"https:\/\/www.bymycar.fr\/v\/mercedes-classe-a-occasion\">Mercedes Classe A<\/a>. Cette <a href=\"https:\/\/www.bymycar.fr\/v\/berline-occasion\">berline<\/a> sur\u00e9lev\u00e9e offre une allure affirm\u00e9e et une modularit\u00e9 accrue, tandis que la Classe A s\u00e9duit par son \u00e9l\u00e9gance sportive et son raffinement. D\u00e9couvrez leurs diff\u00e9rences en mati\u00e8re de design, d&rsquo;espace int\u00e9rieur, de motorisations et de technologies embarqu\u00e9es.<\/p>\n<p><strong>Ce qu&rsquo;il faut retenir<\/strong><\/p>\n<ul>\n<li><strong>Le Mercedes-Benz GLA<\/strong> se positionne comme un SUV compact sur\u00e9lev\u00e9 (1,62 m de hauteur) avec un coffre g\u00e9n\u00e9reux de 435 litres, une garde au sol de 17 cm et une banquette coulissante, id\u00e9al pour les familles recherchant polyvalence et modularit\u00e9 ;<\/li>\n<li><strong>La Mercedes Classe A<\/strong> privil\u00e9gie l&rsquo;\u00e9l\u00e9gance sportive avec sa silhouette basse (1,44 m) et raffin\u00e9e, offrant une exp\u00e9rience de conduite plus dynamique et un design int\u00e9rieur centr\u00e9 sur le conducteur ;<\/li>\n<li><strong>Les deux mod\u00e8les partagent<\/strong> les m\u00eames motorisations (essence, diesel, hybride rechargeable jusqu&rsquo;\u00e0 218 ch), les technologies MBUX avanc\u00e9es et les finitions Progressive Line ou AMG Line, votre choix d\u00e9pendant de vos priorit\u00e9s entre praticit\u00e9 familiale (GLA) ou sportivit\u00e9 (Classe A).<\/li>\n<\/ul>\n","strates":[{"type_strate":"texte-simple","ancre":"","contenu":"<h2 style=\"text-align: justify;\"><b>Que choisir entre les mod\u00e8les GLA 2020 et Classe A, la cousine du mod\u00e8le B ?<\/b><\/h2>\n<p style=\"text-align: justify;\"><span style=\"font-weight: 400;\">Les mod\u00e8les compar\u00e9s ici sont les plus r\u00e9cents. Ainsi, il s\u2019agit de la GLA deuxi\u00e8me g\u00e9n\u00e9ration, pr\u00e9cis\u00e9ment de 2020. La particularit\u00e9 de ce v\u00e9hicule est de se pr\u00e9senter dans la <a href=\"https:\/\/www.bymycar.fr\/v\/mercedes-suv\">gamme SUV<\/a> compact alors que la premi\u00e8re g\u00e9n\u00e9ration se situait entre une berline sur\u00e9lev\u00e9e et un SUV. Quant \u00e0 la Mercedes Classe A, les mod\u00e8les de 2018 vont aussi servir de r\u00e9f\u00e9rence, m\u00eame si une nouvelle version est pr\u00e9vue courant 2022.<\/span><\/p>\n<h3 style=\"text-align: justify;\"><b>Quelles finitions pour la nouvelle Mercedes GLA ?<\/b><\/h3>\n<p style=\"text-align: justify;\"><span style=\"font-weight: 400;\">Pour la gamme GLA, Mercedes a fait l\u2019impasse sur la classique finition Style Line servant de base \u00e0 la Classe A. L\u2019offre de base se limite donc \u00e0 deux options :<\/span><\/p>\n<ul style=\"text-align: justify;\">\n<li style=\"font-weight: 400;\" aria-level=\"1\"><span style=\"font-weight: 400;\">Progressive Line ;<\/span><\/li>\n<li style=\"font-weight: 400;\" aria-level=\"1\"><span style=\"font-weight: 400;\">AMG Line.<\/span><\/li>\n<\/ul>\n<p style=\"text-align: justify;\"><span style=\"font-weight: 400;\">La version d\u2019entr\u00e9e de gamme, la Mercedes GLA Progressive Line, propose de nombreux \u00e9quipements et syst\u00e8mes destin\u00e9s \u00e0 optimiser le plaisir de conduire et la s\u00e9curit\u00e9 routi\u00e8re. Les conducteurs peuvent appr\u00e9cier le bon \u00e9clairage offert par des phares LED et la puissance des 4 roues motrices de son moteur. La climatisation est d\u00e9j\u00e0 automatique pour cette version tandis que l\u2019\u00e9cran de 10 pouces environ permet une bonne navigation. Outre ces dotations, le conducteur profite d\u2019un bon niveau de syst\u00e8me d\u2019aide \u00e0 la conduite :<\/span><\/p>\n<ul style=\"text-align: justify;\">\n<li style=\"font-weight: 400;\" aria-level=\"1\"><span style=\"font-weight: 400;\">Cam\u00e9ra de recul ;<\/span><\/li>\n<li style=\"font-weight: 400;\" aria-level=\"1\"><span style=\"font-weight: 400;\">Freinage d\u2019urgence actif ;<\/span><\/li>\n<li style=\"font-weight: 400;\" aria-level=\"1\"><span style=\"font-weight: 400;\">Aide au maintien de la voie ;<\/span><\/li>\n<li style=\"font-weight: 400;\" aria-level=\"1\"><span style=\"font-weight: 400;\">Aide au stationnement ;<\/span><\/li>\n<li style=\"font-weight: 400;\" aria-level=\"1\"><span style=\"font-weight: 400;\">etc.<\/span><\/li>\n<\/ul>\n<p style=\"text-align: justify;\"><span style=\"font-weight: 400;\">Quant \u00e0 la version AMG Line, le nouveau GLA embarque tous les \u00e9quipements de la Progressive Line avec des options en plus. Les plus notables sont la pr\u00e9sence du kit carrosserie AMG, de jantes de 19 pouces, d\u2019inserts d\u00e9coratifs en carbone ou encore le ch\u00e2ssis abaiss\u00e9.<\/span><\/p>\n<h3 style=\"text-align: justify;\"><b>Quelles finitions pour la Mercedes Classe A ?<\/b><\/h3>\n<p style=\"text-align: justify;\"><span style=\"font-weight: 400;\">Du c\u00f4t\u00e9 de la Mercedes Classe A, trois niveaux de finition sont propos\u00e9s. L\u2019offre de la marque \u00e0 l\u2019\u00e9toile d\u00e9bute donc avec la Classe A Style Line. Cette finition inclut des \u00e9quipements de base tr\u00e8s riche :<\/span><\/p>\n<ul style=\"text-align: justify;\">\n<li style=\"font-weight: 400;\" aria-level=\"1\"><span style=\"font-weight: 400;\">Jantes en alliage de 17 pouces ;<\/span><\/li>\n<li style=\"font-weight: 400;\" aria-level=\"1\"><span style=\"font-weight: 400;\">Phares \u00e0 diodes et automatiques ;<\/span><\/li>\n<li style=\"font-weight: 400;\" aria-level=\"1\"><span style=\"font-weight: 400;\">Cam\u00e9ra de recul ;<\/span><\/li>\n<li style=\"font-weight: 400;\" aria-level=\"1\"><span style=\"font-weight: 400;\">Limiteur de vitesse ;<\/span><\/li>\n<li style=\"font-weight: 400;\" aria-level=\"1\"><span style=\"font-weight: 400;\">\u00c9cran tactile 7 pouces ;<\/span><\/li>\n<li style=\"font-weight: 400;\" aria-level=\"1\"><span style=\"font-weight: 400;\">Climatisation automatique ;<\/span><\/li>\n<li style=\"font-weight: 400;\" aria-level=\"1\"><span style=\"font-weight: 400;\">Volant en cuir ;<\/span><\/li>\n<li style=\"font-weight: 400;\" aria-level=\"1\"><span style=\"font-weight: 400;\">Compteurs num\u00e9riques.<\/span><\/li>\n<\/ul>\n<p style=\"text-align: justify;\"><span style=\"font-weight: 400;\">\u00c0 ces \u00e9quipements s\u2019ajoutent des vitres, un \u00e9chappement chrom\u00e9 et une climatisation automatique bi-zone pour la finition Progressive Line. La Classe A dispose aussi de radars de stationnement, des r\u00e9troviseurs \u00e9lectriques et un \u00e9cran tactile plus grand et qui int\u00e8gre la fonction GPS.<\/span><\/p>\n<p style=\"text-align: justify;\"><span style=\"font-weight: 400;\">Avec la finition AMG Line, la Classe A se distingue par des \u00e9l\u00e9ments sp\u00e9cifiques : kit carrosserie AMG, volant cuir, jantes de 18 pouces 5 branches, p\u00e9dalier sport, si\u00e8ge sport, etc.<\/span><\/p>\n<p>&nbsp;<\/p>\n<h2 style=\"text-align: justify;\"><b>Mercedes GLA : sensation ou fascination ?<\/b><\/h2>\n<p style=\"text-align: justify;\"><span style=\"font-weight: 400;\">Avec la gamme GLA, Mercedes propose des mod\u00e8les badg\u00e9s Sensation et Fascination. Pour faire le choix entre ces deux mod\u00e8les, il est question de go\u00fbt et de budget. En effet, la Mercedes GLA Fascination dispose de tous les \u00e9quipements de la Sensation avec quelques options en plus : jantes 19 pouces, aide au stationnement, syst\u00e8me de navigation GPS en 3D, bas de caisse AMG, etc.<\/span><\/p>\n<p style=\"text-align: justify;\"><span style=\"font-weight: 400;\">Pour information, la Mercedes GLA Sensation est \u00e9quip\u00e9e d\u2019\u00e9quipements de style et de confort :<\/span><\/p>\n<ul style=\"text-align: justify;\">\n<li style=\"font-weight: 400;\" aria-level=\"1\"><span style=\"font-weight: 400;\">Jantes en alliage de 18 pouces ;<\/span><\/li>\n<li style=\"font-weight: 400;\" aria-level=\"1\"><span style=\"font-weight: 400;\">Vitres teint\u00e9es ;<\/span><\/li>\n<li style=\"font-weight: 400;\" aria-level=\"1\"><span style=\"font-weight: 400;\">Si\u00e8ges sport ;<\/span><\/li>\n<li style=\"font-weight: 400;\" aria-level=\"1\"><span style=\"font-weight: 400;\">Climatisation manuelle ;<\/span><\/li>\n<li style=\"font-weight: 400;\" aria-level=\"1\"><span style=\"font-weight: 400;\">etc.<\/span><\/li>\n<\/ul>\n<p>&nbsp;<\/p>\n<h2 style=\"text-align: justify;\"><b>Mercedes GLA SUV vs Classe A : int\u00e9rieur et dimensions<\/b><\/h2>\n<p style=\"text-align: justify;\"><span style=\"font-weight: 400;\">Avant de parler de confort et d\u2019habitabilit\u00e9, il faut commencer par d\u00e9couvrir les dimensions de ces deux mod\u00e8les. De plus, ces informations peuvent \u00eatre utiles au moment de d\u00e9partager la Mercedes GLA et Classe A. En ce qui concerne le GLA, cette voiture pr\u00e9sente un garde au sol de 17 centim\u00e8tres une longueur de 4,42 m\u00e8tres, une largeur de 1,80 m\u00e8tre, une hauteur de 1,49 m\u00e8tre et un empattement de 2,73 m\u00e8tres.<\/span><\/p>\n<p style=\"text-align: justify;\"><span style=\"font-weight: 400;\">\u00c0 propos de la Classe A, elle fait 4,42 m de long. La largeur est de 1,91 m tandis que la hauteur est de 1,42 m.<\/span><\/p>\n<h3 style=\"text-align: justify;\"><b>Quel est le niveau de confort pour les passagers ?<\/b><\/h3>\n<p style=\"text-align: justify;\"><span style=\"font-weight: 400;\">En termes de confort, tout est pens\u00e9 pour assurer des voyages agr\u00e9ables \u00e0 bord de la Mercedes GLA: si\u00e8ges, affichage t\u00eate haute, etc. Une r\u00e9elle sensation d\u2019espace est offerte \u00e0 l\u2019avant et \u00e0 l\u2019arri\u00e8re. De plus, la deuxi\u00e8me rang\u00e9e de la banquette arri\u00e8re est coulissante, permettant un gain d\u2019espace pour les plus grands. Un autre aspect rend le voyage agr\u00e9able \u00e0 l\u2019int\u00e9rieur du GLA. Il s\u2019agit de l\u2019omnipr\u00e9sence de l\u2019esprit sport et de mati\u00e8res tr\u00e8s haut de gamme. Par ailleurs, la fonctionnalit\u00e9 prime dans l\u2019habitacle avec un combin\u00e9 d\u2019\u00e9quipements faciles \u00e0 lire entre autres.<\/span><\/p>\n<p style=\"text-align: justify;\"><span style=\"font-weight: 400;\">\u00c0 bord de la Classe A, il est aussi facile de rep\u00e9rer un niveau de finition digne d\u2019une Mercedes. Des mati\u00e8res de qualit\u00e9 et des \u00e9quipements fonctionnels sont pr\u00e9sents pour am\u00e9liorer le plaisir de conduire. Pour les passagers, l\u2019espace aux jambes est appr\u00e9ciable pour une berline. Du c\u00f4t\u00e9 du conducteur, c\u2019est la sensation de se trouver dans un cockpit high-tech qui est le plus important. Il peut aussi appr\u00e9cier la bonne tenue de route de la voiture, m\u00eame \u00e0 haute vitesse.<\/span><\/p>\n<h3 style=\"text-align: justify;\"><b>Quel est le volume du coffre des Mercedes GLA et Classe A ?<\/b><\/h3>\n<p style=\"text-align: justify;\"><span style=\"font-weight: 400;\">Outre l\u2019espace dans l\u2019habitacle et les dimensions, le volume du coffre repr\u00e9sente aussi un important crit\u00e8re, surtout pour les familles nombreuses. Avant tout, il faut savoir que le niveau de prestation d\u00e9pend du fait qu\u2019il s\u2019agit d\u2019un mod\u00e8le thermique ou hybride. Pour la Mercedes GLA thermique, le volume du coffre est de 435 litres et de 385 litres pour un mod\u00e8le hybride.<\/span><\/p>\n<p style=\"text-align: justify;\"><span style=\"font-weight: 400;\">Pour la Mercedes Classe A essence et diesel, le coffre dispose d\u2019une capacit\u00e9 de 355 litres. Sur une version thermique, les propri\u00e9taires profitent d&rsquo;un espace de 310 litres.<\/span><\/p>\n<p>&nbsp;<\/p>\n<h2 style=\"text-align: justify;\"><b>Comparatif Mercedes GLA vs Classe A : prix<\/b><\/h2>\n<p style=\"text-align: justify;\"><span style=\"font-weight: 400;\">Le prix peut \u00eatre aussi d\u00e9terminant pour d\u00e9partager les Mercedes GLA et Classe A.<\/span><\/p>\n<h3 style=\"text-align: justify;\"><b>Quel est le prix d\u2019une Mercedes GLA ?<\/b><\/h3>\n<p style=\"text-align: justify;\"><span style=\"font-weight: 400;\">La Mercedes GLA est propos\u00e9e sur le march\u00e9 des SUV premium. Son prix est compris entre 42 300 \u20ac* et 74 750 \u20ac*. Le GLA avec la finition Progressive Line d\u00e9bute, donc, \u00e0 42 300 \u20ac*. Pour ce budget, il est possible d\u2019acqu\u00e9rir une Mercedes-Benz GLA 200 163 ch Progressive Line 7G-DCT. Pour 74 750 \u20ac*, le mod\u00e8le 45 S AMG 421 ch 4Matic+8G-DCT Speedshift est accessible en sachant que le prix d\u2019un AMG commence \u00e0 partir de 43 800 \u20ac*.<\/span><\/p>\n<h3 style=\"text-align: justify;\"><b>Combien co\u00fbte une Mercedes Classe A ?<\/b><\/h3>\n<p style=\"text-align: justify;\"><span style=\"font-weight: 400;\">La Mercedes Classe A est propos\u00e9e dans une fourchette de prix comprise entre 29 400 \u20ac** et 70 900 \u20ac*. L\u2019offre avec la finition Style Line est accessible \u00e0 partir de 29 400 \u20ac*. L\u2019acheteur peut acqu\u00e9rir une Classe A 160 Style Line avec un bloc moteur de 109 ch pour ce prix. Ceux qui souhaitent acheter une version Progressive Line doivent avoir 32 000 \u20ac* au moins et 33 900 \u20ac* pour un mod\u00e8le AMG.<\/span><\/p>\n<p>&nbsp;<\/p>\n<h2 style=\"text-align: justify;\"><b>Que valent les voitures Mercedes-Benz GLA et Classe A en occasion ?<\/b><\/h2>\n<p style=\"text-align: justify;\"><span style=\"font-weight: 400;\">La Mercedes GLA est d\u00e9velopp\u00e9e depuis 2014. Un certain nombre de bonnes affaires existe de ce fait sur le march\u00e9 de l\u2019<a href=\"https:\/\/www.bymycar.fr\/v\/mercedes-classe-gla-occasion\">occasion<\/a>. Pour preuve, il est possible d\u2019en trouver aux environs de 11 500 \u20ac*. Cependant, il existe aussi des mod\u00e8les presque neufs propos\u00e9s \u00e0 un tarif de plus de 60 000 \u20ac*. Pour faire des \u00e9conomies, il est pr\u00e9f\u00e9rable de ne pas se jeter sur la premi\u00e8re voiture trouv\u00e9e et de comparer les prix.<\/span><\/p>\n<p style=\"text-align: justify;\"><span style=\"font-weight: 400;\">La Mercedes Classe A est disponible sur le march\u00e9 depuis des ann\u00e9es. Certains mod\u00e8les sont vendus \u00e0 moins de 2 000 \u20ac* en <a href=\"https:\/\/www.bymycar.fr\/v\/mercedes-classe-gla-occasion\">occasion<\/a>. Les plus r\u00e9cents, bien entretenus et \u00e9quip\u00e9s, peuvent aussi \u00eatre vendus \u00e0 plus de 60 000 \u20ac*<\/span><\/p>\n<p style=\"text-align: justify;\"><span style=\"font-weight: 400;\">*Voir les tarifs en vigueur dans les <\/span><a href=\"https:\/\/www.bymycar.fr\/concessions\/mercedes\"><span style=\"font-weight: 400;\">concessions Mercedes BYmyCAR<\/span><\/a><\/p>\n<p style=\"text-align: justify;\">\n<p>&nbsp;<\/p>\n<p style=\"text-align: center;\"><a href=\"https:\/\/www.bymycar.fr\/rechercher-un-vehicule?prod_VEHICLES%5BrefinementList%5D%5Bbrand%5D%5B0%5D=MERCEDES&amp;prod_VEHICLES%5BrefinementList%5D%5BmodelGroup1%5D%5B0%5D=CLASSE%20A&amp;prod_VEHICLES%5BrefinementList%5D%5BmodelGroup1%5D%5B1%5D=CLASSE%20GLA\" target=\"_blank\" class=\"css-button css-button--gold\" >\n                Voir les Classe A et GLA disponibles &gt;\n        <\/a><\/p>\n<p>&nbsp;<\/p>\n<p>&nbsp;<\/p>\n<p><a href=\"https:\/\/www.bymycar.fr\/webzine\/comparatif-des-nouvelles-audi-a1-ou-mercedes-classe-a\/\">Comparatif des nouvelles Audi A1 ou Mercedes Classe A ?<\/a><\/p>\n<p>&nbsp;<\/p>\n","titre":"Comparatif : Mercedes GLA ou Classe A ?","image":false,"image_libre":false,"image_800x500":false,"legende":"","zoom":false,"texte":"","articles":false,"categorie_droite":false,"images":false,"elements_comparatif":false,"texte_1":"","texte_2":"","image_1":false,"image_1_563x400":false,"image_1_332x332":false,"image_2":false,"image_2_333x240":false,"image_2_563x400":false,"image_3":false,"image_3_333x240":false,"image_3_332x450":false,"image_4":false,"image_4_332x332":false,"image_4_563x400":false,"code_embed":"","legende_video":"","photo":false,"photo_100x100":false,"nom":"","fonction":"","elements_timeline":false,"entetes_colonnes":false,"entetes_lignes":false,"lignes":false,"introduction":"","formulaire":false,"question":"","reponse":"","libelle_bouton_lien":"","url_lien":"","questions":false,"conclusions":false,"pays":false,"region":false,"marque":false,"marqueConcessions":false,"modele":false,"ptvente":false,"typeV":false,"collection":false,"nombre_maximum_elements":10,"lien_fin_carousel":"","texte_lien_fin_carousel":"","trier_par":false}],"is_old_post":false,"image":{"ID":23552,"id":23552,"title":"CARS_MB_VN_VISUEL__NEUTRAL_HD_2","filename":"CARS_MB_VN_VISUEL__NEUTRAL_HD_2.jpg","filesize":1,"url":"https:\/\/cdn.bymycar.eu\/fr-webzine\/wp-content\/uploads\/medias\/CARS_MB_VN_VISUEL__NEUTRAL_HD_2.jpg","link":"https:\/\/www.bymycar.fr\/webzine\/les-suv-mercedes-bymycar-cote-dazur\/cars_mb_vn_visuel__neutral_hd_2\/","alt":"comparatif-mercedes-gla-ou-classe-a","author":"26","description":"","caption":"","name":"cars_mb_vn_visuel__neutral_hd_2","status":"inherit","uploaded_to":23442,"date":"2022-01-11 09:19:34","modified":"2022-04-22 06:53:41","menu_order":0,"mime_type":"image\/jpeg","type":"image","subtype":"jpeg","icon":"https:\/\/www.bymycar.fr\/webzine\/wp-includes\/images\/media\/default.png","width":1920,"height":1439,"sizes":{"thumbnail":"https:\/\/cdn.bymycar.eu\/fr-webzine\/wp-content\/uploads\/medias\/CARS_MB_VN_VISUEL__NEUTRAL_HD_2-150x150.jpg","thumbnail-width":150,"thumbnail-height":150,"medium":"https:\/\/cdn.bymycar.eu\/fr-webzine\/wp-content\/uploads\/medias\/CARS_MB_VN_VISUEL__NEUTRAL_HD_2-300x225.jpg","medium-width":300,"medium-height":225,"medium_large":"https:\/\/cdn.bymycar.eu\/fr-webzine\/wp-content\/uploads\/medias\/CARS_MB_VN_VISUEL__NEUTRAL_HD_2-768x576.jpg","medium_large-width":768,"medium_large-height":576,"large":"https:\/\/cdn.bymycar.eu\/fr-webzine\/wp-content\/uploads\/medias\/CARS_MB_VN_VISUEL__NEUTRAL_HD_2-1024x767.jpg","large-width":1024,"large-height":767,"1536x1536":"https:\/\/cdn.bymycar.eu\/fr-webzine\/wp-content\/uploads\/medias\/CARS_MB_VN_VISUEL__NEUTRAL_HD_2-1536x1151.jpg","1536x1536-width":1536,"1536x1536-height":1151,"2048x2048":"https:\/\/cdn.bymycar.eu\/fr-webzine\/wp-content\/uploads\/medias\/CARS_MB_VN_VISUEL__NEUTRAL_HD_2.jpg","2048x2048-width":1920,"2048x2048-height":1439}},"page_content":{"block_content":[{"acf_fc_layout":"text-simple","--nav":{"-withNav":false,"-ancre":""},"--group":{"-text":"<h2>Design, espace int\u00e9rieur et tableau de bord<\/h2>\n<h3>Dimensions et volume du coffre<\/h3>\n<p>Le Mercedes-Benz GLA se distingue par son allure robuste et sa garde au sol relev\u00e9e de 17 cm, parfaite pour les aventures urbaines. Ce SUV compact premium affiche des dimensions \u00e9quilibr\u00e9es avec une longueur de 4,41 m\u00e8tres, une largeur de 1,83 m\u00e8tre et une hauteur de 1,62 m\u00e8tre. Son volume de coffre g\u00e9n\u00e9reux atteint 435 litres en version thermique et 385 litres pour l&rsquo;hybride rechargeable, extensible jusqu&rsquo;\u00e0 1 430 litres une fois la banquette rabattue. La Mercedes Classe A, quant \u00e0 elle, propose un gabarit similaire avec une longueur l\u00e9g\u00e8rement sup\u00e9rieure de 4,42 m\u00e8tres, mais une hauteur plus basse de 1,44 m\u00e8tre, soulignant son caract\u00e8re sportif. Son volume de coffre s&rsquo;\u00e9tablit \u00e0 370 litres (310 litres pour la version hybride).<\/p>\n<table>\n<thead>\n<tr>\n<th>Mod\u00e8le<\/th>\n<th>Longueur<\/th>\n<th>Hauteur<\/th>\n<th>Volume du coffre<\/th>\n<\/tr>\n<\/thead>\n<tbody>\n<tr>\n<td>Mercedes-Benz GLA<\/td>\n<td>4,41 m<\/td>\n<td>1,62 m<\/td>\n<td>435 litres (385 l en hybride)<\/td>\n<\/tr>\n<tr>\n<td>Mercedes Classe A<\/td>\n<td>4,42 m<\/td>\n<td>1,44 m<\/td>\n<td>370 litres (310 l en hybride)<\/td>\n<\/tr>\n<\/tbody>\n<\/table>\n<h3>Ambiance int\u00e9rieure et technologies d&rsquo;\u00e9clairage<\/h3>\n<p>L&rsquo;habitacle du Mercedes-Benz GLA se distingue par son espace aux jambes g\u00e9n\u00e9reux et sa banquette arri\u00e8re coulissante sur 14 centim\u00e8tres, offrant une modularit\u00e9 appr\u00e9ciable pour les familles. Le tableau de bord moderne arbore le syst\u00e8me MBUX derni\u00e8re g\u00e9n\u00e9ration, avec ses \u00e9crans haute d\u00e9finition et son assistant vocal intelligent. La Mercedes Classe A propose quant \u00e0 elle une ambiance plus sportive et raffin\u00e9e, avec un int\u00e9rieur soigneusement dessin\u00e9 autour du conducteur.<\/p>\n<p>Les deux mod\u00e8les b\u00e9n\u00e9ficient d&rsquo;un \u00e9clairage d&rsquo;ambiance personnalisable offrant une multitude de couleurs et d&rsquo;intensit\u00e9s, contr\u00f4lable directement depuis l&rsquo;\u00e9cran tactile du MBUX. Cette technologie transforme l&rsquo;atmosph\u00e8re int\u00e9rieure selon vos pr\u00e9f\u00e9rences et cr\u00e9e une exp\u00e9rience de conduite v\u00e9ritablement premium.<\/p>\n<h2>Motorisations et performances<\/h2>\n<h3>Versions essence et hybrides rechargeables<\/h3>\n<p>La gamme Mercedes-Benz GLA et Classe A propose une riche s\u00e9lection de motorisations adapt\u00e9es \u00e0 tous les besoins. Les versions essence s&rsquo;articulent autour du bloc 1,3 L turbo d\u00e9veloppant de 136 \u00e0 163 ch, offrant un excellent compromis entre performances et consommation. La grande nouveaut\u00e9 se trouve du c\u00f4t\u00e9 des hybrides rechargeables avec le Mercedes-Benz GLA 250e PHEV qui d\u00e9veloppe une puissance combin\u00e9e de 218 ch, associant le moteur essence \u00e0 un bloc \u00e9lectrique de 75 kW. Ce mod\u00e8le offre une autonomie \u00e9lectrique impressionnante pouvant atteindre 61 km en cycle WLTP, id\u00e9ale pour vos trajets quotidiens sans \u00e9missions.<\/p>\n<h3>Diesel 200 d, 220 d et transmission 4MATIC<\/h3>\n<p>Pour les adeptes de longues distances, les motorisations diesel constituent un choix judicieux avec les versions 180 d (116 ch), 200 d (150 ch) et le puissant 220 d (190 ch). Le mod\u00e8le Mercedes GLA 200 d se distingue par sa sobri\u00e9t\u00e9 exemplaire, tandis que les versions 220 d 4MATIC offrent une transmission int\u00e9grale intelligente pour une motricit\u00e9 optimale en toutes circonstances. Toutes ces motorisations sont associ\u00e9es aux bo\u00eetes automatiques \u00e0 double embrayage 7G-DCT ou 8G-DCT, fabriqu\u00e9es par Daimler, garantissant des passages de rapports fluides et une r\u00e9activit\u00e9 remarquable en conduite urbaine.<\/p>\n<table>\n<thead>\n<tr>\n<th>Type de motorisation<\/th>\n<th>Puissance<\/th>\n<th>Transmission<\/th>\n<th>Consommation moyenne<\/th>\n<\/tr>\n<\/thead>\n<tbody>\n<tr>\n<td>Essence 1.3 Turbo<\/td>\n<td>136 \u00e0 163 ch<\/td>\n<td>7G-DCT<\/td>\n<td>5,8 \u00e0 6,5 L\/100 km<\/td>\n<\/tr>\n<tr>\n<td>Hybride rechargeable<\/td>\n<td>218 ch<\/td>\n<td>8G-DCT<\/td>\n<td>1,6 \u00e0 1,8 L\/100 km<\/td>\n<\/tr>\n<tr>\n<td>Diesel 180 d<\/td>\n<td>116 ch<\/td>\n<td>8G-DCT<\/td>\n<td>4,1 \u00e0 4,5 L\/100 km<\/td>\n<\/tr>\n<tr>\n<td>Diesel 200\/220 d<\/td>\n<td>150 \u00e0 190 ch<\/td>\n<td>8G-DCT<\/td>\n<td>4,5 \u00e0 5,2 L\/100 km<\/td>\n<\/tr>\n<\/tbody>\n<\/table>\n<p>Que vous privil\u00e9giez la sportivit\u00e9 des versions essence, l&rsquo;efficience des hybrides rechargeables ou l&rsquo;endurance des diesels, la gamme Mercedes-Benz GLA et Classe A vous offre un large choix de motorisations pour r\u00e9pondre pr\u00e9cis\u00e9ment \u00e0 vos attentes.<\/p>\n<h2>Technologies embarqu\u00e9es<\/h2>\n<h3>Aides \u00e0 la conduite et affichage t\u00eate haute<\/h3>\n<p>Le Mercedes-Benz GLA et la Classe A proposent des technologies d&rsquo;assistance avanc\u00e9es pour une exp\u00e9rience de conduite optimis\u00e9e.<\/p>\n<p>Les conducteurs b\u00e9n\u00e9ficient du syst\u00e8me Intelligent Drive qui comprend plusieurs fonctionnalit\u00e9s essentielles :<\/p>\n<ul>\n<li>Un syst\u00e8me de conduite semi-autonome de niveau 2 pour plus de confort sur autoroute ;<\/li>\n<li>L&rsquo;assistant directionnel pour les man\u0153uvres d&rsquo;\u00e9vitement d&rsquo;urgence ;<\/li>\n<li>L&rsquo;assistant de franchissement de ligne actif qui maintient le v\u00e9hicule dans sa voie ;<\/li>\n<li>L&rsquo;assistant d&rsquo;angle mort actif qui s\u00e9curise vos changements de file.<\/li>\n<\/ul>\n<p>Ces technologies s&rsquo;accompagnent d&rsquo;un affichage t\u00eate haute disponible en option, projetant les informations essentielles directement dans le champ de vision du conducteur pour une s\u00e9curit\u00e9 renforc\u00e9e.<\/p>\n<h3>Connectivit\u00e9 MBUX et commande vocale<\/h3>\n<p>Les deux mod\u00e8les sont \u00e9quip\u00e9s du syst\u00e8me multim\u00e9dia MBUX (Mercedes-Benz User Experience), une interface intuitive qui r\u00e9volutionne l&rsquo;interaction avec votre v\u00e9hicule. Cette technologie embarque une intelligence artificielle qui s&rsquo;adapte \u00e0 vos habitudes et pr\u00e9f\u00e9rences.<\/p>\n<p>Le syst\u00e8me MBUX propose une exp\u00e9rience compl\u00e8te avec :<\/p>\n<ul>\n<li>La commande vocale \u00ab Hey Mercedes \u00bb qui comprend le langage naturel ;<\/li>\n<li>L&rsquo;\u00e9cran tactile haute d\u00e9finition pour une navigation intuitive ;<\/li>\n<li>La connectivit\u00e9 smartphone compl\u00e8te (Apple CarPlay et Android Auto) ;<\/li>\n<li>Les mises \u00e0 jour \u00e0 distance pour b\u00e9n\u00e9ficier des derni\u00e8res fonctionnalit\u00e9s.<\/li>\n<\/ul>\n<p>Nos conseillers BYmyCAR vous pr\u00e9senteront toutes les possibilit\u00e9s de personnalisation de ces technologies embarqu\u00e9es lors de votre visite.<\/p>\n<h2>Quel mod\u00e8le choisir selon vos besoins ?<\/h2>\n<p>Selon votre style de conduite, voici comment distinguer les deux mod\u00e8les :<\/p>\n<ul>\n<li>Le Mercedes-Benz GLA s&rsquo;adresse aux familles et conducteurs urbains recherchant un SUV compact avec une garde au sol sur\u00e9lev\u00e9e, une excellente modularit\u00e9 et un acc\u00e8s facilit\u00e9 pour tous les usages quotidiens et de loisirs ;<\/li>\n<li>La Mercedes Classe A convient parfaitement aux conducteurs privil\u00e9giant une berline au design \u00e9l\u00e9gant, une exp\u00e9rience de conduite dynamique et une ambiance int\u00e9rieure raffin\u00e9e avec des technologies multim\u00e9dia de pointe.<\/li>\n<\/ul>\n<p>Vous h\u00e9sitez encore entre ces deux v\u00e9hicules Mercedes-Benz ? Nos conseillers BYmyCAR sont \u00e0 votre disposition pour vous guider vers le mod\u00e8le qui correspondra parfaitement \u00e0 vos attentes et \u00e0 votre style de vie.<\/p>\n<h2>Finitions et niveaux de gamme<\/h2>\n<h3>Progressive Line et autres niveaux de finition<\/h3>\n<p>Le Mercedes-Benz GLA et la Classe A offrent plusieurs niveaux de finition pour r\u00e9pondre \u00e0 vos attentes. La Progressive Line, finition d&rsquo;entr\u00e9e de gamme, se distingue par son \u00e9quipement complet incluant la climatisation automatique bi-zone, les projecteurs LED adaptatifs et le syst\u00e8me de navigation MBUX Premium. Cette finition propose un \u00e9quilibre parfait entre \u00e9l\u00e9gance et fonctionnalit\u00e9 avec ses si\u00e8ges confort, son volant sport multifonction en cuir et ses jantes alliage de 18 pouces. Nos conseillers BYmyCAR vous accompagnent dans la personnalisation de votre v\u00e9hicule selon vos pr\u00e9f\u00e9rences.<\/p>\n<h3>Pack AMG Line : sportivit\u00e9 suppl\u00e9mentaire<\/h3>\n<p>Le Pack AMG Line rehausse consid\u00e9rablement l&rsquo;allure sportive de votre Mercedes GLA AMG ou Classe A. Cette finition distinctive se caract\u00e9rise par son kit carrosserie AMG, sa calandre diamant, ses jantes alliage sp\u00e9cifiques de 19 pouces et son ch\u00e2ssis abaiss\u00e9. L&rsquo;habitacle b\u00e9n\u00e9ficie d&rsquo;inserts d\u00e9coratifs fa\u00e7on carbone, de si\u00e8ges sport, d&rsquo;un volant sport multifonction en cuir Nappa et du syst\u00e8me de recharge sans fil pour smartphone. Pour une exp\u00e9rience encore plus exclusive, vous pouvez opter pour le Pack Sport Black, disponible en compl\u00e9ment chez BYmyCAR.<\/p>\n<h2>Questions fr\u00e9quentes sur le Mercedes GLA et la Classe A<\/h2>\n<h3>Quelle est la diff\u00e9rence entre la Mercedes Classe A et le GLA ?<\/h3>\n<p>Le Mercedes-Benz GLA est un crossover compact avec une garde au sol sur\u00e9lev\u00e9e et une silhouette robuste, tandis que la Classe A est une berline compacte au design plus sportif et \u00e9l\u00e9gant. Partageant la m\u00eame plateforme MFA, le GLA offre davantage de modularit\u00e9 avec un coffre plus spacieux (435 litres contre 370 litres), id\u00e9al pour les familles et les loisirs.<\/p>\n<h3>Mercedes GLA ou Classe A : quel mod\u00e8le choisir ?<\/h3>\n<p>Votre choix d\u00e9pend de votre style de vie : optez pour le Mercedes-Benz GLA si vous recherchez un v\u00e9hicule polyvalent avec une position de conduite sur\u00e9lev\u00e9e, parfait pour les trajets urbains et les escapades. La Classe A conviendra davantage aux conducteurs privil\u00e9giant le dynamisme routier, le design raffin\u00e9 et une exp\u00e9rience de conduite plus sportive.<\/p>\n<h3>Est-ce que la Mercedes GLA est une bonne voiture ?<\/h3>\n<p>Absolument ! Le Mercedes-Benz GLA jouit d&rsquo;une excellente r\u00e9putation en mati\u00e8re de fiabilit\u00e9 et de performances. Son habitacle soign\u00e9, ses technologies avanc\u00e9es comme le syst\u00e8me MBUX et ses motorisations efficientes en font un choix judicieux.<\/p>\n<h2>Pour en savoir plus<\/h2>\n<h3>\u00c0 lire \u00e9galement :<\/h3>\n<ul>\n<li><a href=\"https:\/\/www.bymycar.fr\/webzine\/comparatif-des-nouvelles-audi-a1-ou-mercedes-classe-a\/\">Comparatif des nouvelles Audi A1 ou Mercedes Classe A ?<\/a><\/li>\n<\/ul>\n<h3>Sources :<\/h3>\n<ul>\n<li><a href=\"https:\/\/www.mercedes-benz.fr\/passengercars\/models\/suv\/gla.html\" target=\"_blank\" rel=\"noopener\">GLA | Mercedes-Benz<\/a><\/li>\n<li><a href=\"https:\/\/www.mercedes-benz.fr\/passengercars\/models\/hatchback\/a-class.html\" target=\"_blank\" rel=\"noopener\">Classe A Compacte<\/a><\/li>\n<li><a href=\"https:\/\/www.fiches-auto.fr\/essai-mercedes-gla.php\" target=\"_blank\" rel=\"noopener\">Fiche technique Mercedes GLA (2013-2019)<\/a><\/li>\n<li><a href=\"https:\/\/www.carwale.com\/compare-cars\/mercedesbenz-gla-vs-mercedesbenz-aclass-limousine\/\" target=\"_blank\" rel=\"noopener\">Mercedes-Benz GLA vs Mercedes-Benz A-Class Limousine &#8211; CarWale<\/a><\/li>\n<li><a href=\"https:\/\/www.merbag.ch\/fr\/modeles\/voitures-compactes\" target=\"_blank\" rel=\"noopener\">Voitures compactes<\/a><\/li>\n<li><a href=\"https:\/\/www.mercedes-benz.fr\/passengercars\/mercedes-benz-cars\/mbux.html\" target=\"_blank\" rel=\"noopener\">Technologies Mercedes-Benz<\/a><\/li>\n<li><a href=\"https:\/\/www.mercedes-benz.fr\/passengercars\/models\/hatchback\/a-class.html\" target=\"_blank\" rel=\"noopener\">V\u00e9hicules compacts<\/a><\/li>\n<li><a href=\"https:\/\/www.automobile-magazine.fr\/fiche-technique-automobile\/mercedes-gla-ph2-200-d-150ch-progressive-line-2023-208434\" target=\"_blank\" rel=\"noopener\">Fiche technique Mercedes GLA Ph2 200 d 150ch Progressive Line &#8230;<\/a><\/li>\n<\/ul>\n"}},{"acf_fc_layout":"carousel-produits"}]},"add-to-bo":false,"add-carousel-to-footer":true},"yoast_head":"<!-- This site is optimized with the Yoast SEO Premium plugin v26.4 (Yoast SEO v26.4) - https:\/\/yoast.com\/wordpress\/plugins\/seo\/ -->\n<title>Comparatif : Mercedes GLA ou Classe A ?<\/title>\n<meta name=\"description\" content=\"Mercedes GLA ou Classe A ? De nombreux automobilistes se posent cette question avant l\u2019achat d\u2019une voiture de la marque \u00e0 l\u2019\u00e9toile.\" \/>\n<meta name=\"robots\" content=\"index, follow, max-snippet:-1, max-image-preview:large, max-video-preview:-1\" \/>\n<link rel=\"canonical\" href=\"https:\/\/www.bymycar.fr\/webzine\/comparatif-mercedes-gla-ou-classe-a\/\" \/>\n<meta property=\"og:locale\" content=\"fr_FR\" \/>\n<meta property=\"og:type\" content=\"article\" \/>\n<meta property=\"og:title\" content=\"Comparatif : Mercedes GLA ou Classe A ?\" \/>\n<meta property=\"og:description\" content=\"Mercedes GLA ou Classe A ? De nombreux automobilistes se posent cette question avant l\u2019achat d\u2019une voiture de la marque \u00e0 l\u2019\u00e9toile.\" \/>\n<meta property=\"og:url\" content=\"https:\/\/www.bymycar.fr\/webzine\/comparatif-mercedes-gla-ou-classe-a\/\" \/>\n<meta property=\"og:site_name\" content=\"Webzine auto BYmyCAR\" \/>\n<meta property=\"article:published_time\" content=\"2022-04-22T06:53:47+00:00\" \/>\n<meta property=\"article:modified_time\" content=\"2025-12-03T13:32:47+00:00\" \/>\n<meta property=\"og:image\" content=\"https:\/\/cdn.bymycar.eu\/fr-webzine\/wp-content\/uploads\/medias\/CARS_MB_VN_VISUEL__NEUTRAL_HD_2.jpg\" \/>\n\t<meta property=\"og:image:width\" content=\"1920\" \/>\n\t<meta property=\"og:image:height\" content=\"1439\" \/>\n\t<meta property=\"og:image:type\" content=\"image\/jpeg\" \/>\n<meta name=\"author\" content=\"Gregoire LE BIHAN\" \/>\n<meta name=\"twitter:card\" content=\"summary_large_image\" \/>\n<meta name=\"twitter:label1\" content=\"\u00c9crit par\" \/>\n\t<meta name=\"twitter:data1\" content=\"Gregoire LE BIHAN\" \/>\n\t<meta name=\"twitter:label2\" content=\"Dur\u00e9e de lecture estim\u00e9e\" \/>\n\t<meta name=\"twitter:data2\" content=\"1 minute\" \/>\n<script type=\"application\/ld+json\" class=\"yoast-schema-graph\">{\"@context\":\"https:\/\/schema.org\",\"@graph\":[{\"@type\":\"Article\",\"@id\":\"https:\/\/www.bymycar.fr\/webzine\/comparatif-mercedes-gla-ou-classe-a\/#article\",\"isPartOf\":{\"@id\":\"https:\/\/www.bymycar.fr\/webzine\/comparatif-mercedes-gla-ou-classe-a\/\"},\"author\":{\"name\":\"Gregoire LE BIHAN\",\"@id\":\"https:\/\/www.bymycar.fr\/webzine\/#\/schema\/person\/8c56906440ec126868bd40232b3445f0\"},\"headline\":\"Comparatif : Mercedes GLA ou Classe A ?\",\"datePublished\":\"2022-04-22T06:53:47+00:00\",\"dateModified\":\"2025-12-03T13:32:47+00:00\",\"mainEntityOfPage\":{\"@id\":\"https:\/\/www.bymycar.fr\/webzine\/comparatif-mercedes-gla-ou-classe-a\/\"},\"wordCount\":6,\"publisher\":{\"@id\":\"https:\/\/www.bymycar.fr\/webzine\/#organization\"},\"image\":{\"@id\":\"https:\/\/www.bymycar.fr\/webzine\/comparatif-mercedes-gla-ou-classe-a\/#primaryimage\"},\"thumbnailUrl\":\"https:\/\/cdn.bymycar.eu\/fr-webzine\/wp-content\/uploads\/medias\/CARS_MB_VN_VISUEL__NEUTRAL_HD_2.jpg\",\"articleSection\":[\"Guide d'achat\",\"Guide d'achat Mercedes Classe A\"],\"inLanguage\":\"fr-FR\"},{\"@type\":\"WebPage\",\"@id\":\"https:\/\/www.bymycar.fr\/webzine\/comparatif-mercedes-gla-ou-classe-a\/\",\"url\":\"https:\/\/www.bymycar.fr\/webzine\/comparatif-mercedes-gla-ou-classe-a\/\",\"name\":\"Comparatif : Mercedes GLA ou Classe A ?\",\"isPartOf\":{\"@id\":\"https:\/\/www.bymycar.fr\/webzine\/#website\"},\"primaryImageOfPage\":{\"@id\":\"https:\/\/www.bymycar.fr\/webzine\/comparatif-mercedes-gla-ou-classe-a\/#primaryimage\"},\"image\":{\"@id\":\"https:\/\/www.bymycar.fr\/webzine\/comparatif-mercedes-gla-ou-classe-a\/#primaryimage\"},\"thumbnailUrl\":\"https:\/\/cdn.bymycar.eu\/fr-webzine\/wp-content\/uploads\/medias\/CARS_MB_VN_VISUEL__NEUTRAL_HD_2.jpg\",\"datePublished\":\"2022-04-22T06:53:47+00:00\",\"dateModified\":\"2025-12-03T13:32:47+00:00\",\"description\":\"Mercedes GLA ou Classe A ? De nombreux automobilistes se posent cette question avant l\u2019achat d\u2019une voiture de la marque \u00e0 l\u2019\u00e9toile.\",\"breadcrumb\":{\"@id\":\"https:\/\/www.bymycar.fr\/webzine\/comparatif-mercedes-gla-ou-classe-a\/#breadcrumb\"},\"inLanguage\":\"fr-FR\",\"potentialAction\":[{\"@type\":\"ReadAction\",\"target\":[\"https:\/\/www.bymycar.fr\/webzine\/comparatif-mercedes-gla-ou-classe-a\/\"]}]},{\"@type\":\"ImageObject\",\"inLanguage\":\"fr-FR\",\"@id\":\"https:\/\/www.bymycar.fr\/webzine\/comparatif-mercedes-gla-ou-classe-a\/#primaryimage\",\"url\":\"https:\/\/cdn.bymycar.eu\/fr-webzine\/wp-content\/uploads\/medias\/CARS_MB_VN_VISUEL__NEUTRAL_HD_2.jpg\",\"contentUrl\":\"https:\/\/cdn.bymycar.eu\/fr-webzine\/wp-content\/uploads\/medias\/CARS_MB_VN_VISUEL__NEUTRAL_HD_2.jpg\",\"width\":1920,\"height\":1439,\"caption\":\"comparatif-mercedes-gla-ou-classe-a\"},{\"@type\":\"BreadcrumbList\",\"@id\":\"https:\/\/www.bymycar.fr\/webzine\/comparatif-mercedes-gla-ou-classe-a\/#breadcrumb\",\"itemListElement\":[{\"@type\":\"ListItem\",\"position\":1,\"name\":\"Accueil\",\"item\":\"https:\/\/www.bymycar.fr\/webzine\/\"},{\"@type\":\"ListItem\",\"position\":2,\"name\":\"Comparatif : Mercedes GLA ou Classe A ?\"}]},{\"@type\":\"WebSite\",\"@id\":\"https:\/\/www.bymycar.fr\/webzine\/#website\",\"url\":\"https:\/\/www.bymycar.fr\/webzine\/\",\"name\":\"Webzine auto BYmyCAR\",\"description\":\"La magazine auto de BYmyCAR\",\"publisher\":{\"@id\":\"https:\/\/www.bymycar.fr\/webzine\/#organization\"},\"potentialAction\":[{\"@type\":\"SearchAction\",\"target\":{\"@type\":\"EntryPoint\",\"urlTemplate\":\"https:\/\/www.bymycar.fr\/webzine\/?s={search_term_string}\"},\"query-input\":{\"@type\":\"PropertyValueSpecification\",\"valueRequired\":true,\"valueName\":\"search_term_string\"}}],\"inLanguage\":\"fr-FR\"},{\"@type\":\"Organization\",\"@id\":\"https:\/\/www.bymycar.fr\/webzine\/#organization\",\"name\":\"BYmyCAR\",\"url\":\"https:\/\/www.bymycar.fr\/webzine\/\",\"logo\":{\"@type\":\"ImageObject\",\"inLanguage\":\"fr-FR\",\"@id\":\"https:\/\/www.bymycar.fr\/webzine\/#\/schema\/logo\/image\/\",\"url\":\"https:\/\/cdn.bymycar.eu\/fr-webzine\/wp-content\/uploads\/medias\/2017\/08\/logo_DEALER_00000406_001.png\",\"contentUrl\":\"https:\/\/cdn.bymycar.eu\/fr-webzine\/wp-content\/uploads\/medias\/2017\/08\/logo_DEALER_00000406_001.png\",\"width\":2132,\"height\":720,\"caption\":\"BYmyCAR\"},\"image\":{\"@id\":\"https:\/\/www.bymycar.fr\/webzine\/#\/schema\/logo\/image\/\"}},{\"@type\":\"Person\",\"@id\":\"https:\/\/www.bymycar.fr\/webzine\/#\/schema\/person\/8c56906440ec126868bd40232b3445f0\",\"name\":\"Gregoire LE BIHAN\",\"image\":{\"@type\":\"ImageObject\",\"inLanguage\":\"fr-FR\",\"@id\":\"https:\/\/www.bymycar.fr\/webzine\/#\/schema\/person\/image\/\",\"url\":\"https:\/\/secure.gravatar.com\/avatar\/1356d71f3c6eed50de358ba425c9944b742a0d35f88e0d5f8afe88fdac525492?s=96&d=mm&r=g\",\"contentUrl\":\"https:\/\/secure.gravatar.com\/avatar\/1356d71f3c6eed50de358ba425c9944b742a0d35f88e0d5f8afe88fdac525492?s=96&d=mm&r=g\",\"caption\":\"Gregoire LE BIHAN\"}}]}<\/script>\n<!-- \/ Yoast SEO Premium plugin. -->","yoast_head_json":{"title":"Comparatif : Mercedes GLA ou Classe A ?","description":"Mercedes GLA ou Classe A ? De nombreux automobilistes se posent cette question avant l\u2019achat d\u2019une voiture de la marque \u00e0 l\u2019\u00e9toile.","robots":{"index":"index","follow":"follow","max-snippet":"max-snippet:-1","max-image-preview":"max-image-preview:large","max-video-preview":"max-video-preview:-1"},"canonical":"https:\/\/www.bymycar.fr\/webzine\/comparatif-mercedes-gla-ou-classe-a\/","og_locale":"fr_FR","og_type":"article","og_title":"Comparatif : Mercedes GLA ou Classe A ?","og_description":"Mercedes GLA ou Classe A ? De nombreux automobilistes se posent cette question avant l\u2019achat d\u2019une voiture de la marque \u00e0 l\u2019\u00e9toile.","og_url":"https:\/\/www.bymycar.fr\/webzine\/comparatif-mercedes-gla-ou-classe-a\/","og_site_name":"Webzine auto BYmyCAR","article_published_time":"2022-04-22T06:53:47+00:00","article_modified_time":"2025-12-03T13:32:47+00:00","og_image":[{"width":1920,"height":1439,"url":"https:\/\/cdn.bymycar.eu\/fr-webzine\/wp-content\/uploads\/medias\/CARS_MB_VN_VISUEL__NEUTRAL_HD_2.jpg","type":"image\/jpeg"}],"author":"Gregoire LE BIHAN","twitter_card":"summary_large_image","twitter_misc":{"\u00c9crit par":"Gregoire LE BIHAN","Dur\u00e9e de lecture estim\u00e9e":"1 minute"},"schema":{"@context":"https:\/\/schema.org","@graph":[{"@type":"Article","@id":"https:\/\/www.bymycar.fr\/webzine\/comparatif-mercedes-gla-ou-classe-a\/#article","isPartOf":{"@id":"https:\/\/www.bymycar.fr\/webzine\/comparatif-mercedes-gla-ou-classe-a\/"},"author":{"name":"Gregoire LE BIHAN","@id":"https:\/\/www.bymycar.fr\/webzine\/#\/schema\/person\/8c56906440ec126868bd40232b3445f0"},"headline":"Comparatif : Mercedes GLA ou Classe A ?","datePublished":"2022-04-22T06:53:47+00:00","dateModified":"2025-12-03T13:32:47+00:00","mainEntityOfPage":{"@id":"https:\/\/www.bymycar.fr\/webzine\/comparatif-mercedes-gla-ou-classe-a\/"},"wordCount":6,"publisher":{"@id":"https:\/\/www.bymycar.fr\/webzine\/#organization"},"image":{"@id":"https:\/\/www.bymycar.fr\/webzine\/comparatif-mercedes-gla-ou-classe-a\/#primaryimage"},"thumbnailUrl":"https:\/\/cdn.bymycar.eu\/fr-webzine\/wp-content\/uploads\/medias\/CARS_MB_VN_VISUEL__NEUTRAL_HD_2.jpg","articleSection":["Guide d'achat","Guide d'achat Mercedes Classe A"],"inLanguage":"fr-FR"},{"@type":"WebPage","@id":"https:\/\/www.bymycar.fr\/webzine\/comparatif-mercedes-gla-ou-classe-a\/","url":"https:\/\/www.bymycar.fr\/webzine\/comparatif-mercedes-gla-ou-classe-a\/","name":"Comparatif : Mercedes GLA ou Classe A ?","isPartOf":{"@id":"https:\/\/www.bymycar.fr\/webzine\/#website"},"primaryImageOfPage":{"@id":"https:\/\/www.bymycar.fr\/webzine\/comparatif-mercedes-gla-ou-classe-a\/#primaryimage"},"image":{"@id":"https:\/\/www.bymycar.fr\/webzine\/comparatif-mercedes-gla-ou-classe-a\/#primaryimage"},"thumbnailUrl":"https:\/\/cdn.bymycar.eu\/fr-webzine\/wp-content\/uploads\/medias\/CARS_MB_VN_VISUEL__NEUTRAL_HD_2.jpg","datePublished":"2022-04-22T06:53:47+00:00","dateModified":"2025-12-03T13:32:47+00:00","description":"Mercedes GLA ou Classe A ? De nombreux automobilistes se posent cette question avant l\u2019achat d\u2019une voiture de la marque \u00e0 l\u2019\u00e9toile.","breadcrumb":{"@id":"https:\/\/www.bymycar.fr\/webzine\/comparatif-mercedes-gla-ou-classe-a\/#breadcrumb"},"inLanguage":"fr-FR","potentialAction":[{"@type":"ReadAction","target":["https:\/\/www.bymycar.fr\/webzine\/comparatif-mercedes-gla-ou-classe-a\/"]}]},{"@type":"ImageObject","inLanguage":"fr-FR","@id":"https:\/\/www.bymycar.fr\/webzine\/comparatif-mercedes-gla-ou-classe-a\/#primaryimage","url":"https:\/\/cdn.bymycar.eu\/fr-webzine\/wp-content\/uploads\/medias\/CARS_MB_VN_VISUEL__NEUTRAL_HD_2.jpg","contentUrl":"https:\/\/cdn.bymycar.eu\/fr-webzine\/wp-content\/uploads\/medias\/CARS_MB_VN_VISUEL__NEUTRAL_HD_2.jpg","width":1920,"height":1439,"caption":"comparatif-mercedes-gla-ou-classe-a"},{"@type":"BreadcrumbList","@id":"https:\/\/www.bymycar.fr\/webzine\/comparatif-mercedes-gla-ou-classe-a\/#breadcrumb","itemListElement":[{"@type":"ListItem","position":1,"name":"Accueil","item":"https:\/\/www.bymycar.fr\/webzine\/"},{"@type":"ListItem","position":2,"name":"Comparatif : Mercedes GLA ou Classe A ?"}]},{"@type":"WebSite","@id":"https:\/\/www.bymycar.fr\/webzine\/#website","url":"https:\/\/www.bymycar.fr\/webzine\/","name":"Webzine auto BYmyCAR","description":"La magazine auto de BYmyCAR","publisher":{"@id":"https:\/\/www.bymycar.fr\/webzine\/#organization"},"potentialAction":[{"@type":"SearchAction","target":{"@type":"EntryPoint","urlTemplate":"https:\/\/www.bymycar.fr\/webzine\/?s={search_term_string}"},"query-input":{"@type":"PropertyValueSpecification","valueRequired":true,"valueName":"search_term_string"}}],"inLanguage":"fr-FR"},{"@type":"Organization","@id":"https:\/\/www.bymycar.fr\/webzine\/#organization","name":"BYmyCAR","url":"https:\/\/www.bymycar.fr\/webzine\/","logo":{"@type":"ImageObject","inLanguage":"fr-FR","@id":"https:\/\/www.bymycar.fr\/webzine\/#\/schema\/logo\/image\/","url":"https:\/\/cdn.bymycar.eu\/fr-webzine\/wp-content\/uploads\/medias\/2017\/08\/logo_DEALER_00000406_001.png","contentUrl":"https:\/\/cdn.bymycar.eu\/fr-webzine\/wp-content\/uploads\/medias\/2017\/08\/logo_DEALER_00000406_001.png","width":2132,"height":720,"caption":"BYmyCAR"},"image":{"@id":"https:\/\/www.bymycar.fr\/webzine\/#\/schema\/logo\/image\/"}},{"@type":"Person","@id":"https:\/\/www.bymycar.fr\/webzine\/#\/schema\/person\/8c56906440ec126868bd40232b3445f0","name":"Gregoire LE BIHAN","image":{"@type":"ImageObject","inLanguage":"fr-FR","@id":"https:\/\/www.bymycar.fr\/webzine\/#\/schema\/person\/image\/","url":"https:\/\/secure.gravatar.com\/avatar\/1356d71f3c6eed50de358ba425c9944b742a0d35f88e0d5f8afe88fdac525492?s=96&d=mm&r=g","contentUrl":"https:\/\/secure.gravatar.com\/avatar\/1356d71f3c6eed50de358ba425c9944b742a0d35f88e0d5f8afe88fdac525492?s=96&d=mm&r=g","caption":"Gregoire LE BIHAN"}}]}},"_links":{"self":[{"href":"https:\/\/www.bymycar.fr\/webzine\/wp-json\/wp\/v2\/posts\/27731","targetHints":{"allow":["GET"]}}],"collection":[{"href":"https:\/\/www.bymycar.fr\/webzine\/wp-json\/wp\/v2\/posts"}],"about":[{"href":"https:\/\/www.bymycar.fr\/webzine\/wp-json\/wp\/v2\/types\/post"}],"author":[{"embeddable":true,"href":"https:\/\/www.bymycar.fr\/webzine\/wp-json\/wp\/v2\/users\/9"}],"replies":[{"embeddable":true,"href":"https:\/\/www.bymycar.fr\/webzine\/wp-json\/wp\/v2\/comments?post=27731"}],"version-history":[{"count":6,"href":"https:\/\/www.bymycar.fr\/webzine\/wp-json\/wp\/v2\/posts\/27731\/revisions"}],"predecessor-version":[{"id":62445,"href":"https:\/\/www.bymycar.fr\/webzine\/wp-json\/wp\/v2\/posts\/27731\/revisions\/62445"}],"wp:featuredmedia":[{"embeddable":true,"href":"https:\/\/www.bymycar.fr\/webzine\/wp-json\/wp\/v2\/media\/23552"}],"wp:attachment":[{"href":"https:\/\/www.bymycar.fr\/webzine\/wp-json\/wp\/v2\/media?parent=27731"}],"wp:term":[{"taxonomy":"category","embeddable":true,"href":"https:\/\/www.bymycar.fr\/webzine\/wp-json\/wp\/v2\/categories?post=27731"},{"taxonomy":"post_tag","embeddable":true,"href":"https:\/\/www.bymycar.fr\/webzine\/wp-json\/wp\/v2\/tags?post=27731"}],"curies":[{"name":"wp","href":"https:\/\/api.w.org\/{rel}","templated":true}]}}