{"id":27700,"date":"2022-04-22T08:46:06","date_gmt":"2022-04-22T06:46:06","guid":{"rendered":"https:\/\/prod.bymycar.fr\/webzine\/?p=27700"},"modified":"2022-05-31T09:29:35","modified_gmt":"2022-05-31T07:29:35","slug":"ou-est-fabriquee-la-mercedes-classe-a","status":"publish","type":"post","link":"https:\/\/www.bymycar.fr\/webzine\/ou-est-fabriquee-la-mercedes-classe-a\/","title":{"rendered":"O\u00f9 est fabriqu\u00e9e la Mercedes Classe A ?"},"content":{"rendered":"","protected":false},"excerpt":{"rendered":"","protected":false},"author":9,"featured_media":30010,"comment_status":"closed","ping_status":"open","sticky":false,"template":"","format":"standard","meta":{"_acf_changed":false,"footnotes":""},"categories":[12893,12913],"tags":[],"class_list":["post-27700","post","type-post","status-publish","format-standard","has-post-thumbnail","hentry","category-guide-dachat","category-guide-dachat-mercedes-classe-a"],"acf":{"template":"classique","introduction":"<p style=\"text-align: justify;\"><span style=\"font-weight: 400;\"><a href=\"https:\/\/www.bymycar.fr\/marques\/mercedes\">Mercedes<\/a> est une entreprise allemande sp\u00e9cialis\u00e9e dans la production d&rsquo;automobiles. Elle est connue dans le monde entier pour son penchant pour le luxe et la qualit\u00e9. Parmi ses voitures les plus populaires, la <a href=\"https:\/\/www.bymycar.fr\/marques\/mercedes\/classe-a\">Mercedes-Benz Classe A<\/a>, appr\u00e9ci\u00e9e pour sa puissance et sa fiabilit\u00e9. BYmyCAR vous explique tout.<\/span><\/p>\n<p>&nbsp;<\/p>\n<p>&nbsp;<\/p>\n<p style=\"text-align: center;\"><a href=\"https:\/\/www.bymycar.fr\/rechercher-un-vehicule?prod_VEHICLES%5BrefinementList%5D%5Bbrand%5D%5B0%5D=MERCEDES&amp;prod_VEHICLES%5BrefinementList%5D%5BmodelGroup1%5D%5B0%5D=CLASSE%20A\" target=\"_blank\" class=\"css-button css-button--gold\" >\n                D\u00e9couvrez nos voitures en stock &gt;\n        <\/a><\/p>\n<p style=\"text-align: justify;\">\n","strates":[{"type_strate":"texte-simple","ancre":"","contenu":"<h2 style=\"text-align: justify;\"><b>De Daimler \u00e0 Mercedes-Benz Group<\/b><\/h2>\n<p style=\"text-align: justify;\"><span style=\"font-weight: 400;\">Mercedes-Benz est un constructeur automobile allemand qui voit le jour en 1926. Elle a \u00e9t\u00e9 fond\u00e9e gr\u00e2ce \u00e0 l\u2019association de 3 constructeurs : Daimler-Motoren-Gesellschaft, Mercedes, et Benz &amp; Cie. Depuis sa cr\u00e9ation, Mercedes-Benz s\u2019illustre dans les mod\u00e8les de voitures premium, sportives et de luxe.<\/span><\/p>\n<p style=\"text-align: justify;\"><span style=\"font-weight: 400;\">En 2017, Mercedes-Benz entreprend le projet de cr\u00e9er une filiale de <a href=\"https:\/\/www.bymycar.fr\/v\/mercedes-electrique\">voitures 100 % \u00e9lectriques<\/a> et d&rsquo;hybrides rechargeables. En signant un accord de coop\u00e9ration avec Bosch, elle a pour objectif de mettre en vente sur le march\u00e9 des voitures automatis\u00e9es, d\u00e9nu\u00e9es de conducteur.<\/span><\/p>\n<p style=\"text-align: justify;\"><span style=\"font-weight: 400;\">L\u2019ann\u00e9e 2022 marque un tournant pour l\u2019entreprise. En effet, anciennement nomm\u00e9 \u00ab Daimler \u00bb, le groupe \u00e0 qui appartient Mercedes est devenu \u00ab Mercedes-Benz Group \u00bb. Ce changement de nom souligne le renouveau de l\u2019entreprise quant \u00e0 son orientation strat\u00e9gique.<\/span><\/p>\n<p>&nbsp;<\/p>\n<h2 style=\"text-align: justify;\"><b>Mercedes-Benz : quelle origine ?<\/b><\/h2>\n<p style=\"text-align: justify;\"><span style=\"font-weight: 400;\">Mercedes-Benz est originaire d\u2019Allemagne. Gottlieb Daimler et Wilhelm Maybach firent leurs d\u00e9buts dans la ville de Cannstatt, pr\u00e8s de Stuttgart. Ils sont ensuite rejoints par Emil Jellinek (concessionnaire en C\u00f4te d\u2019Azur), et s\u2019implantent d\u00e9finitivement en Allemagne.<\/span><\/p>\n<p>&nbsp;<\/p>\n<h2 style=\"text-align: justify;\"><b>Quelle a \u00e9t\u00e9 la premi\u00e8re Mercedes-Benz ?<\/b><\/h2>\n<p style=\"text-align: justify;\"><span style=\"font-weight: 400;\">La premi\u00e8re Mercedes-Benz est la W01. Le premier exemplaire de cette voiture est un prototype de voiture destin\u00e9e au tourisme. La W01 est le fruit de la collaboration entre Mercedes-Benz et Ferdinand Porsche. Ce dernier a eu pour t\u00e2che d\u2019imaginer et de concevoir ladite voiture. Sa premi\u00e8re apparition en public date de 1926, lors du salon automobile de Berlin.<\/span><\/p>\n<p>&nbsp;<\/p>\n<h2 style=\"text-align: justify;\"><b>\u00c0 qui appartient la filiale Mercedes-Benz ?<\/b><\/h2>\n<p style=\"text-align: justify;\"><span style=\"font-weight: 400;\">Mercedes-Benz fait partie du Mercedes-Benz Group. Actuellement, la filiale fran\u00e7aise de Mercedes-Benz est dirig\u00e9e par Heinz Reinhard Hoeps. Il si\u00e8ge \u00e0 la t\u00eate du conseil d&rsquo;administration depuis 2017.<\/span><\/p>\n<p>&nbsp;<\/p>\n<h2 style=\"text-align: justify;\"><b>Quelles sont les marques du groupe Mercedes-Benz ?<\/b><\/h2>\n<p style=\"text-align: justify;\"><span style=\"font-weight: 400;\">Les marques poss\u00e9d\u00e9es par le Mercedes-Benz group sont :<\/span><\/p>\n<ul style=\"text-align: justify;\">\n<li style=\"font-weight: 400;\" aria-level=\"1\"><span style=\"font-weight: 400;\">Mercedes-Benz ;<\/span><\/li>\n<li style=\"font-weight: 400;\" aria-level=\"1\"><span style=\"font-weight: 400;\"><a href=\"https:\/\/www.bymycar.fr\/marques\/smart\">Smart<\/a> ;<\/span><\/li>\n<li style=\"font-weight: 400;\" aria-level=\"1\"><span style=\"font-weight: 400;\">Mitsubishi Fuso ;<\/span><\/li>\n<li style=\"font-weight: 400;\" aria-level=\"1\"><span style=\"font-weight: 400;\">Evobus.<\/span><\/li>\n<\/ul>\n<p>&nbsp;<\/p>\n<h2 style=\"text-align: justify;\"><b>Quel pays fabrique la Mercedes-Benz ?<\/b><\/h2>\n<p style=\"text-align: justify;\"><span style=\"font-weight: 400;\">Plusieurs pays du monde entier \u0153uvrent dans la fabrication de la Mercedes-Benz.<\/span><\/p>\n<p style=\"text-align: justify;\"><span style=\"font-weight: 400;\">Pour la production :<\/span><\/p>\n<ul style=\"text-align: justify;\">\n<li style=\"font-weight: 400;\" aria-level=\"1\"><span style=\"font-weight: 400;\">Allemagne ;<\/span><\/li>\n<li style=\"font-weight: 400;\" aria-level=\"1\"><span style=\"font-weight: 400;\">Autriche ;<\/span><\/li>\n<li style=\"font-weight: 400;\" aria-level=\"1\"><span style=\"font-weight: 400;\">\u00c9tats-Unis ;<\/span><\/li>\n<li style=\"font-weight: 400;\" aria-level=\"1\"><span style=\"font-weight: 400;\">Hongrie ;<\/span><\/li>\n<li style=\"font-weight: 400;\" aria-level=\"1\"><span style=\"font-weight: 400;\">Finlande ;<\/span><\/li>\n<li style=\"font-weight: 400;\" aria-level=\"1\"><span style=\"font-weight: 400;\">France ;<\/span><\/li>\n<li style=\"font-weight: 400;\" aria-level=\"1\"><span style=\"font-weight: 400;\">Afrique du Sud ;<\/span><\/li>\n<li style=\"font-weight: 400;\" aria-level=\"1\"><span style=\"font-weight: 400;\">Mexique.<\/span><\/li>\n<\/ul>\n<p style=\"text-align: justify;\"><span style=\"font-weight: 400;\">Les voitures sont ensuite assembl\u00e9es en :<\/span><\/p>\n<ul style=\"text-align: justify;\">\n<li style=\"font-weight: 400;\" aria-level=\"1\"><span style=\"font-weight: 400;\">Inde ;<\/span><\/li>\n<li style=\"font-weight: 400;\" aria-level=\"1\"><span style=\"font-weight: 400;\">Chine ;<\/span><\/li>\n<li style=\"font-weight: 400;\" aria-level=\"1\"><span style=\"font-weight: 400;\">Alg\u00e9rie.<\/span><\/li>\n<\/ul>\n<p>&nbsp;<\/p>\n<h2 style=\"text-align: justify;\"><b>Les usines Mercedes-Benz en Allemagne<\/b><\/h2>\n<p style=\"text-align: justify;\"><span style=\"font-weight: 400;\">Mercedes-Benz poss\u00e8de plusieurs usines en Allemagne. Elles se sp\u00e9cialisent dans :<\/span><\/p>\n<ul style=\"text-align: justify;\">\n<li style=\"font-weight: 400;\" aria-level=\"1\"><span style=\"font-weight: 400;\">Les v\u00e9hicules industriels (D\u00fcsseldorf, Gaggenau, Ludwigsfelde, Worth) ;<\/span><\/li>\n<li style=\"font-weight: 400;\" aria-level=\"1\"><span style=\"font-weight: 400;\">Production des Classes (Affalterbach, Breme, Rastatt, Sindelfingen) ;<\/span><\/li>\n<li style=\"font-weight: 400;\" aria-level=\"1\"><span style=\"font-weight: 400;\">Production de moteurs (Untert\u00fcrkheim, Berlin Marienfelde).<\/span><\/li>\n<\/ul>\n<p style=\"text-align: justify;\"><span style=\"font-weight: 400;\">Mercedes-Benz dispose \u00e9galement d\u2019autres centres, tels que celui de Germersheim, un centre de pi\u00e8ces de rechange, Mohringen, pour les services qui d\u00e9pendent du si\u00e8ge social, et le Classic Center de Fellbach.<\/span><\/p>\n<p>&nbsp;<\/p>\n<h2 style=\"text-align: justify;\"><b>Mercedes-Benz et les villes allemandes : Berlin et D\u00fcsseldorf<\/b><\/h2>\n<p style=\"text-align: justify;\"><span style=\"font-weight: 400;\">Mercedes-Benz est pr\u00e9sente dans la quasi-totalit\u00e9 des villes allemandes. Que ce soit les usines ou les voitures, elles ne passent pas inaper\u00e7ues en Allemagne. Parmi les villes strat\u00e9giques : Berlin et D\u00fcsseldorf.<\/span><\/p>\n<p style=\"text-align: justify;\"><span style=\"font-weight: 400;\">L\u2019usine de Berlin est charg\u00e9e de la production de moteurs. Les produits finis sont exp\u00e9di\u00e9s dans les pays o\u00f9 l\u2019assemblage doit se faire.<\/span><\/p>\n<p style=\"text-align: justify;\"><span style=\"font-weight: 400;\">D\u00fcsseldorf a pour r\u00f4le de produire des v\u00e9hicules industriels, notamment du Sprinter. Cette voiture n\u2019est pas \u00e0 usage domestique et est commun\u00e9ment utilis\u00e9e pour le transport de personnes ou de mat\u00e9riel.<\/span><\/p>\n<p>&nbsp;<\/p>\n<h2 style=\"text-align: justify;\"><b>O\u00f9 sont fabriqu\u00e9es la Mercedes classe C et la Mercedes classe A ?<\/b><\/h2>\n<p style=\"text-align: justify;\"><span style=\"font-weight: 400;\">Il existe un tr\u00e8s grand nombre de mod\u00e8les de Mercedes. Chaque mod\u00e8le pr\u00e9sente des caract\u00e9ristiques propres \u00e0 lui (puissance, design\u2026).<\/span><\/p>\n<p style=\"text-align: justify;\"><span style=\"font-weight: 400;\">Pour faciliter la classification des Mercedes-Benz, elles ont \u00e9t\u00e9 regroup\u00e9es par classe. Chaque classe a son usine de production affect\u00e9e, parmi celles pr\u00e9sentes dans le monde entier.<\/span><\/p>\n<p style=\"text-align: justify;\"><span style=\"font-weight: 400;\">Les Mercedes Classe C sont fabriqu\u00e9es dans les usines de Br\u00eame, de P\u00e9kin et de East London. Elles sont ensuite assembl\u00e9es en Inde, \u00e0 l\u2019usine de Chakan.<\/span><\/p>\n<p style=\"text-align: justify;\"><span style=\"font-weight: 400;\">Les usines de production de la Mercedes Classe A sont celle de Rastatt, o\u00f9 elle est \u00e9galement assembl\u00e9e, et celle de Uusikaupunki.<\/span><\/p>\n<p>&nbsp;<\/p>\n<p>Pour toute question relative \u00e0 la marque ou aux diff\u00e9rents mod\u00e8les de la gamme, n&rsquo;h\u00e9sitez pas \u00e0 vous adresser aux experts dans les <a href=\"https:\/\/www.bymycar.fr\/concessions\/mercedes\">concessions Mercedes BYmyCAR<\/a>.<\/p>\n<p>&nbsp;<\/p>\n<p>&nbsp;<\/p>\n<p>&nbsp;<\/p>\n<p style=\"text-align: center;\"><a href=\"https:\/\/www.bymycar.fr\/rechercher-un-vehicule?prod_VEHICLES%5BrefinementList%5D%5Bbrand%5D%5B0%5D=MERCEDES&amp;prod_VEHICLES%5BrefinementList%5D%5BmodelGroup1%5D%5B0%5D=CLASSE%20A\" target=\"_blank\" class=\"css-button css-button--gold\" >\n                D\u00e9couvrez nos voitures en stock &gt;\n        <\/a><\/p>\n<p>&nbsp;<\/p>\n<p>&nbsp;<\/p>\n<p><a href=\"https:\/\/www.bymycar.fr\/webzine\/comparatif-mercedes-gla-ou-classe-a\/\">Comparatif : Mercedes GLA ou Classe A ?<\/a><\/p>\n<p>&nbsp;<\/p>\n","titre":"O\u00f9 est fabriqu\u00e9e la Mercedes Classe A ?","image":false,"image_libre":false,"image_800x500":false,"legende":"","zoom":false,"texte":"","articles":false,"categorie_droite":false,"images":false,"elements_comparatif":false,"texte_1":"","texte_2":"","image_1":false,"image_1_563x400":false,"image_1_332x332":false,"image_2":false,"image_2_333x240":false,"image_2_563x400":false,"image_3":false,"image_3_333x240":false,"image_3_332x450":false,"image_4":false,"image_4_332x332":false,"image_4_563x400":false,"code_embed":"","legende_video":"","photo":false,"photo_100x100":false,"nom":"","fonction":"","elements_timeline":false,"entetes_colonnes":false,"entetes_lignes":false,"lignes":false,"introduction":"","formulaire":false,"question":"","reponse":"","libelle_bouton_lien":"","url_lien":"","questions":false,"conclusions":false,"pays":false,"region":false,"marque":false,"marqueConcessions":false,"modele":false,"ptvente":false,"typeV":false,"collection":false,"nombre_maximum_elements":10,"lien_fin_carousel":"","texte_lien_fin_carousel":"","trier_par":false}],"is_old_post":false,"image":{"ID":30010,"id":30010,"title":"2018_CARS_PICTURE01954---Copie-compressor-V2","filename":"2018_CARS_PICTURE01954-Copie-compressor-V2.jpg","filesize":1,"url":"https:\/\/cdn.bymycar.eu\/fr-webzine\/wp-content\/uploads\/medias\/2018_CARS_PICTURE01954-Copie-compressor-V2.jpg","link":"https:\/\/www.bymycar.fr\/webzine\/quel-est-le-prix-de-la-mercedes-classe-a\/2018_cars_picture01954-copie-compressor-v2\/","alt":"Mercedes Classe A de profil avec les portes ouvertes","author":"9","description":"","caption":"","name":"2018_cars_picture01954-copie-compressor-v2","status":"inherit","uploaded_to":27667,"date":"2022-05-30 09:34:53","modified":"2022-05-30 09:36:18","menu_order":0,"mime_type":"image\/jpeg","type":"image","subtype":"jpeg","icon":"https:\/\/www.bymycar.fr\/webzine\/wp-includes\/images\/media\/default.png","width":2247,"height":1445,"sizes":{"thumbnail":"https:\/\/cdn.bymycar.eu\/fr-webzine\/wp-content\/uploads\/medias\/2018_CARS_PICTURE01954-Copie-compressor-V2-150x150.jpg","thumbnail-width":150,"thumbnail-height":150,"medium":"https:\/\/cdn.bymycar.eu\/fr-webzine\/wp-content\/uploads\/medias\/2018_CARS_PICTURE01954-Copie-compressor-V2-300x193.jpg","medium-width":300,"medium-height":193,"medium_large":"https:\/\/cdn.bymycar.eu\/fr-webzine\/wp-content\/uploads\/medias\/2018_CARS_PICTURE01954-Copie-compressor-V2-768x494.jpg","medium_large-width":768,"medium_large-height":494,"large":"https:\/\/cdn.bymycar.eu\/fr-webzine\/wp-content\/uploads\/medias\/2018_CARS_PICTURE01954-Copie-compressor-V2-1024x659.jpg","large-width":1024,"large-height":659,"1536x1536":"https:\/\/cdn.bymycar.eu\/fr-webzine\/wp-content\/uploads\/medias\/2018_CARS_PICTURE01954-Copie-compressor-V2-1536x988.jpg","1536x1536-width":1536,"1536x1536-height":988,"2048x2048":"https:\/\/cdn.bymycar.eu\/fr-webzine\/wp-content\/uploads\/medias\/2018_CARS_PICTURE01954-Copie-compressor-V2-2048x1317.jpg","2048x2048-width":2048,"2048x2048-height":1317}},"page_content":{"block_content":[{"acf_fc_layout":"text-simple","--nav":{"-withNav":false,"-ancre":""},"--group":{"-text":"<h2 style=\"text-align: justify;\"><b>De Daimler \u00e0 Mercedes-Benz Group<\/b><\/h2>\n<p style=\"text-align: justify;\"><span style=\"font-weight: 400;\">Mercedes-Benz est un constructeur automobile allemand qui voit le jour en 1926. Elle a \u00e9t\u00e9 fond\u00e9e gr\u00e2ce \u00e0 l\u2019association de 3 constructeurs : Daimler-Motoren-Gesellschaft, Mercedes, et Benz &amp; Cie. Depuis sa cr\u00e9ation, Mercedes-Benz s\u2019illustre dans les mod\u00e8les de voitures premium, sportives et de luxe.<\/span><\/p>\n<p style=\"text-align: justify;\"><span style=\"font-weight: 400;\">En 2017, Mercedes-Benz entreprend le projet de cr\u00e9er une filiale de <a href=\"https:\/\/www.bymycar.fr\/v\/mercedes-electrique\">voitures 100 % \u00e9lectriques<\/a> et d&rsquo;hybrides rechargeables. En signant un accord de coop\u00e9ration avec Bosch, elle a pour objectif de mettre en vente sur le march\u00e9 des voitures automatis\u00e9es, d\u00e9nu\u00e9es de conducteur.<\/span><\/p>\n<p style=\"text-align: justify;\"><span style=\"font-weight: 400;\">L\u2019ann\u00e9e 2022 marque un tournant pour l\u2019entreprise. En effet, anciennement nomm\u00e9 \u00ab Daimler \u00bb, le groupe \u00e0 qui appartient Mercedes est devenu \u00ab Mercedes-Benz Group \u00bb. Ce changement de nom souligne le renouveau de l\u2019entreprise quant \u00e0 son orientation strat\u00e9gique.<\/span><\/p>\n<p>&nbsp;<\/p>\n<h2 style=\"text-align: justify;\"><b>Mercedes-Benz : quelle origine ?<\/b><\/h2>\n<p style=\"text-align: justify;\"><span style=\"font-weight: 400;\">Mercedes-Benz est originaire d\u2019Allemagne. Gottlieb Daimler et Wilhelm Maybach firent leurs d\u00e9buts dans la ville de Cannstatt, pr\u00e8s de Stuttgart. Ils sont ensuite rejoints par Emil Jellinek (concessionnaire en C\u00f4te d\u2019Azur), et s\u2019implantent d\u00e9finitivement en Allemagne.<\/span><\/p>\n<p>&nbsp;<\/p>\n<h2 style=\"text-align: justify;\"><b>Quelle a \u00e9t\u00e9 la premi\u00e8re Mercedes-Benz ?<\/b><\/h2>\n<p style=\"text-align: justify;\"><span style=\"font-weight: 400;\">La premi\u00e8re Mercedes-Benz est la W01. Le premier exemplaire de cette voiture est un prototype de voiture destin\u00e9e au tourisme. La W01 est le fruit de la collaboration entre Mercedes-Benz et Ferdinand Porsche. Ce dernier a eu pour t\u00e2che d\u2019imaginer et de concevoir ladite voiture. Sa premi\u00e8re apparition en public date de 1926, lors du salon automobile de Berlin.<\/span><\/p>\n<p>&nbsp;<\/p>\n<h2 style=\"text-align: justify;\"><b>\u00c0 qui appartient la filiale Mercedes-Benz ?<\/b><\/h2>\n<p style=\"text-align: justify;\"><span style=\"font-weight: 400;\">Mercedes-Benz fait partie du Mercedes-Benz Group. Actuellement, la filiale fran\u00e7aise de Mercedes-Benz est dirig\u00e9e par Heinz Reinhard Hoeps. Il si\u00e8ge \u00e0 la t\u00eate du conseil d&rsquo;administration depuis 2017.<\/span><\/p>\n<p>&nbsp;<\/p>\n<h2 style=\"text-align: justify;\"><b>Quelles sont les marques du groupe Mercedes-Benz ?<\/b><\/h2>\n<p style=\"text-align: justify;\"><span style=\"font-weight: 400;\">Les marques poss\u00e9d\u00e9es par le Mercedes-Benz group sont :<\/span><\/p>\n<ul style=\"text-align: justify;\">\n<li style=\"font-weight: 400;\" aria-level=\"1\"><span style=\"font-weight: 400;\">Mercedes-Benz ;<\/span><\/li>\n<li style=\"font-weight: 400;\" aria-level=\"1\"><span style=\"font-weight: 400;\"><a href=\"https:\/\/www.bymycar.fr\/marques\/smart\">Smart<\/a> ;<\/span><\/li>\n<li style=\"font-weight: 400;\" aria-level=\"1\"><span style=\"font-weight: 400;\">Mitsubishi Fuso ;<\/span><\/li>\n<li style=\"font-weight: 400;\" aria-level=\"1\"><span style=\"font-weight: 400;\">Evobus.<\/span><\/li>\n<\/ul>\n<p>&nbsp;<\/p>\n<h2 style=\"text-align: justify;\"><b>Quel pays fabrique la Mercedes-Benz ?<\/b><\/h2>\n<p style=\"text-align: justify;\"><span style=\"font-weight: 400;\">Plusieurs pays du monde entier \u0153uvrent dans la fabrication de la Mercedes-Benz.<\/span><\/p>\n<p style=\"text-align: justify;\"><span style=\"font-weight: 400;\">Pour la production :<\/span><\/p>\n<ul style=\"text-align: justify;\">\n<li style=\"font-weight: 400;\" aria-level=\"1\"><span style=\"font-weight: 400;\">Allemagne ;<\/span><\/li>\n<li style=\"font-weight: 400;\" aria-level=\"1\"><span style=\"font-weight: 400;\">Autriche ;<\/span><\/li>\n<li style=\"font-weight: 400;\" aria-level=\"1\"><span style=\"font-weight: 400;\">\u00c9tats-Unis ;<\/span><\/li>\n<li style=\"font-weight: 400;\" aria-level=\"1\"><span style=\"font-weight: 400;\">Hongrie ;<\/span><\/li>\n<li style=\"font-weight: 400;\" aria-level=\"1\"><span style=\"font-weight: 400;\">Finlande ;<\/span><\/li>\n<li style=\"font-weight: 400;\" aria-level=\"1\"><span style=\"font-weight: 400;\">France ;<\/span><\/li>\n<li style=\"font-weight: 400;\" aria-level=\"1\"><span style=\"font-weight: 400;\">Afrique du Sud ;<\/span><\/li>\n<li style=\"font-weight: 400;\" aria-level=\"1\"><span style=\"font-weight: 400;\">Mexique.<\/span><\/li>\n<\/ul>\n<p style=\"text-align: justify;\"><span style=\"font-weight: 400;\">Les voitures sont ensuite assembl\u00e9es en :<\/span><\/p>\n<ul style=\"text-align: justify;\">\n<li style=\"font-weight: 400;\" aria-level=\"1\"><span style=\"font-weight: 400;\">Inde ;<\/span><\/li>\n<li style=\"font-weight: 400;\" aria-level=\"1\"><span style=\"font-weight: 400;\">Chine ;<\/span><\/li>\n<li style=\"font-weight: 400;\" aria-level=\"1\"><span style=\"font-weight: 400;\">Alg\u00e9rie.<\/span><\/li>\n<\/ul>\n<p>&nbsp;<\/p>\n<h2 style=\"text-align: justify;\"><b>Les usines Mercedes-Benz en Allemagne<\/b><\/h2>\n<p style=\"text-align: justify;\"><span style=\"font-weight: 400;\">Mercedes-Benz poss\u00e8de plusieurs usines en Allemagne. Elles se sp\u00e9cialisent dans :<\/span><\/p>\n<ul style=\"text-align: justify;\">\n<li style=\"font-weight: 400;\" aria-level=\"1\"><span style=\"font-weight: 400;\">Les v\u00e9hicules industriels (D\u00fcsseldorf, Gaggenau, Ludwigsfelde, Worth) ;<\/span><\/li>\n<li style=\"font-weight: 400;\" aria-level=\"1\"><span style=\"font-weight: 400;\">Production des Classes (Affalterbach, Breme, Rastatt, Sindelfingen) ;<\/span><\/li>\n<li style=\"font-weight: 400;\" aria-level=\"1\"><span style=\"font-weight: 400;\">Production de moteurs (Untert\u00fcrkheim, Berlin Marienfelde).<\/span><\/li>\n<\/ul>\n<p style=\"text-align: justify;\"><span style=\"font-weight: 400;\">Mercedes-Benz dispose \u00e9galement d\u2019autres centres, tels que celui de Germersheim, un centre de pi\u00e8ces de rechange, Mohringen, pour les services qui d\u00e9pendent du si\u00e8ge social, et le Classic Center de Fellbach.<\/span><\/p>\n<p>&nbsp;<\/p>\n<h2 style=\"text-align: justify;\"><b>Mercedes-Benz et les villes allemandes : Berlin et D\u00fcsseldorf<\/b><\/h2>\n<p style=\"text-align: justify;\"><span style=\"font-weight: 400;\">Mercedes-Benz est pr\u00e9sente dans la quasi-totalit\u00e9 des villes allemandes. Que ce soit les usines ou les voitures, elles ne passent pas inaper\u00e7ues en Allemagne. Parmi les villes strat\u00e9giques : Berlin et D\u00fcsseldorf.<\/span><\/p>\n<p style=\"text-align: justify;\"><span style=\"font-weight: 400;\">L\u2019usine de Berlin est charg\u00e9e de la production de moteurs. Les produits finis sont exp\u00e9di\u00e9s dans les pays o\u00f9 l\u2019assemblage doit se faire.<\/span><\/p>\n<p style=\"text-align: justify;\"><span style=\"font-weight: 400;\">D\u00fcsseldorf a pour r\u00f4le de produire des v\u00e9hicules industriels, notamment du Sprinter. Cette voiture n\u2019est pas \u00e0 usage domestique et est commun\u00e9ment utilis\u00e9e pour le transport de personnes ou de mat\u00e9riel.<\/span><\/p>\n<p>&nbsp;<\/p>\n<h2 style=\"text-align: justify;\"><b>O\u00f9 sont fabriqu\u00e9es la Mercedes classe C et la Mercedes classe A ?<\/b><\/h2>\n<p style=\"text-align: justify;\"><span style=\"font-weight: 400;\">Il existe un tr\u00e8s grand nombre de mod\u00e8les de Mercedes. Chaque mod\u00e8le pr\u00e9sente des caract\u00e9ristiques propres \u00e0 lui (puissance, design\u2026).<\/span><\/p>\n<p style=\"text-align: justify;\"><span style=\"font-weight: 400;\">Pour faciliter la classification des Mercedes-Benz, elles ont \u00e9t\u00e9 regroup\u00e9es par classe. Chaque classe a son usine de production affect\u00e9e, parmi celles pr\u00e9sentes dans le monde entier.<\/span><\/p>\n<p style=\"text-align: justify;\"><span style=\"font-weight: 400;\">Les Mercedes Classe C sont fabriqu\u00e9es dans les usines de Br\u00eame, de P\u00e9kin et de East London. Elles sont ensuite assembl\u00e9es en Inde, \u00e0 l\u2019usine de Chakan.<\/span><\/p>\n<p style=\"text-align: justify;\"><span style=\"font-weight: 400;\">Les usines de production de la Mercedes Classe A sont celle de Rastatt, o\u00f9 elle est \u00e9galement assembl\u00e9e, et celle de Uusikaupunki.<\/span><\/p>\n<p>&nbsp;<\/p>\n<p>Pour toute question relative \u00e0 la marque ou aux diff\u00e9rents mod\u00e8les de la gamme, n&rsquo;h\u00e9sitez pas \u00e0 vous adresser aux experts dans les <a href=\"https:\/\/www.bymycar.fr\/concessions\/mercedes\">concessions Mercedes BYmyCAR<\/a>.<\/p>\n<p>&nbsp;<\/p>\n<p>&nbsp;<\/p>\n<p>&nbsp;<\/p>\n<p style=\"text-align: center;\"><a href=\"https:\/\/www.bymycar.fr\/rechercher-un-vehicule?prod_VEHICLES%5BrefinementList%5D%5Bbrand%5D%5B0%5D=MERCEDES&amp;prod_VEHICLES%5BrefinementList%5D%5BmodelGroup1%5D%5B0%5D=CLASSE%20A\" target=\"_blank\" class=\"css-button css-button--gold\" ><br \/>\n                D\u00e9couvrez nos voitures en stock &gt;<br \/>\n        <\/a><\/p>\n<p>&nbsp;<\/p>\n<p>&nbsp;<\/p>\n<p><a href=\"https:\/\/www.bymycar.fr\/webzine\/comparatif-mercedes-gla-ou-classe-a\/\">Comparatif : Mercedes GLA ou Classe A ?<\/a><\/p>\n<p>&nbsp;<\/p>\n"}}]},"add-carousel-to-footer":true},"yoast_head":"<!-- This site is optimized with the Yoast SEO Premium plugin v26.4 (Yoast SEO v26.4) - https:\/\/yoast.com\/wordpress\/plugins\/seo\/ -->\n<title>O\u00f9 est fabriqu\u00e9e la Mercedes Classe A ?<\/title>\n<meta name=\"description\" content=\"Mercedes est une entreprise allemande sp\u00e9cialis\u00e9e dans la production d&#039;automobiles. Elle est connue dans le monde entier pour son penchant pour le luxe et la qualit\u00e9.\" \/>\n<meta name=\"robots\" content=\"index, follow, max-snippet:-1, max-image-preview:large, max-video-preview:-1\" \/>\n<link rel=\"canonical\" href=\"https:\/\/www.bymycar.fr\/webzine\/ou-est-fabriquee-la-mercedes-classe-a\/\" \/>\n<meta property=\"og:locale\" content=\"fr_FR\" \/>\n<meta property=\"og:type\" content=\"article\" \/>\n<meta property=\"og:title\" content=\"O\u00f9 est fabriqu\u00e9e la Mercedes Classe A ?\" \/>\n<meta property=\"og:description\" content=\"Mercedes est une entreprise allemande sp\u00e9cialis\u00e9e dans la production d&#039;automobiles. Elle est connue dans le monde entier pour son penchant pour le luxe et la qualit\u00e9.\" \/>\n<meta property=\"og:url\" content=\"https:\/\/www.bymycar.fr\/webzine\/ou-est-fabriquee-la-mercedes-classe-a\/\" \/>\n<meta property=\"og:site_name\" content=\"Webzine auto BYmyCAR\" \/>\n<meta property=\"article:published_time\" content=\"2022-04-22T06:46:06+00:00\" \/>\n<meta property=\"article:modified_time\" content=\"2022-05-31T07:29:35+00:00\" \/>\n<meta property=\"og:image\" content=\"https:\/\/cdn.bymycar.eu\/fr-webzine\/wp-content\/uploads\/medias\/2018_CARS_PICTURE01954-Copie-compressor-V2.jpg\" \/>\n\t<meta property=\"og:image:width\" content=\"2247\" \/>\n\t<meta property=\"og:image:height\" content=\"1445\" \/>\n\t<meta property=\"og:image:type\" content=\"image\/jpeg\" \/>\n<meta name=\"author\" content=\"Gregoire LE BIHAN\" \/>\n<meta name=\"twitter:card\" content=\"summary_large_image\" \/>\n<meta name=\"twitter:label1\" content=\"\u00c9crit par\" \/>\n\t<meta name=\"twitter:data1\" content=\"Gregoire LE BIHAN\" \/>\n<script type=\"application\/ld+json\" class=\"yoast-schema-graph\">{\"@context\":\"https:\/\/schema.org\",\"@graph\":[{\"@type\":\"Article\",\"@id\":\"https:\/\/www.bymycar.fr\/webzine\/ou-est-fabriquee-la-mercedes-classe-a\/#article\",\"isPartOf\":{\"@id\":\"https:\/\/www.bymycar.fr\/webzine\/ou-est-fabriquee-la-mercedes-classe-a\/\"},\"author\":{\"name\":\"Gregoire LE BIHAN\",\"@id\":\"https:\/\/www.bymycar.fr\/webzine\/#\/schema\/person\/8c56906440ec126868bd40232b3445f0\"},\"headline\":\"O\u00f9 est fabriqu\u00e9e la Mercedes Classe A ?\",\"datePublished\":\"2022-04-22T06:46:06+00:00\",\"dateModified\":\"2022-05-31T07:29:35+00:00\",\"mainEntityOfPage\":{\"@id\":\"https:\/\/www.bymycar.fr\/webzine\/ou-est-fabriquee-la-mercedes-classe-a\/\"},\"wordCount\":8,\"publisher\":{\"@id\":\"https:\/\/www.bymycar.fr\/webzine\/#organization\"},\"image\":{\"@id\":\"https:\/\/www.bymycar.fr\/webzine\/ou-est-fabriquee-la-mercedes-classe-a\/#primaryimage\"},\"thumbnailUrl\":\"https:\/\/cdn.bymycar.eu\/fr-webzine\/wp-content\/uploads\/medias\/2018_CARS_PICTURE01954-Copie-compressor-V2.jpg\",\"articleSection\":[\"Guide d'achat\",\"Guide d'achat Mercedes Classe A\"],\"inLanguage\":\"fr-FR\"},{\"@type\":\"WebPage\",\"@id\":\"https:\/\/www.bymycar.fr\/webzine\/ou-est-fabriquee-la-mercedes-classe-a\/\",\"url\":\"https:\/\/www.bymycar.fr\/webzine\/ou-est-fabriquee-la-mercedes-classe-a\/\",\"name\":\"O\u00f9 est fabriqu\u00e9e la Mercedes Classe A ?\",\"isPartOf\":{\"@id\":\"https:\/\/www.bymycar.fr\/webzine\/#website\"},\"primaryImageOfPage\":{\"@id\":\"https:\/\/www.bymycar.fr\/webzine\/ou-est-fabriquee-la-mercedes-classe-a\/#primaryimage\"},\"image\":{\"@id\":\"https:\/\/www.bymycar.fr\/webzine\/ou-est-fabriquee-la-mercedes-classe-a\/#primaryimage\"},\"thumbnailUrl\":\"https:\/\/cdn.bymycar.eu\/fr-webzine\/wp-content\/uploads\/medias\/2018_CARS_PICTURE01954-Copie-compressor-V2.jpg\",\"datePublished\":\"2022-04-22T06:46:06+00:00\",\"dateModified\":\"2022-05-31T07:29:35+00:00\",\"description\":\"Mercedes est une entreprise allemande sp\u00e9cialis\u00e9e dans la production d'automobiles. Elle est connue dans le monde entier pour son penchant pour le luxe et la qualit\u00e9.\",\"breadcrumb\":{\"@id\":\"https:\/\/www.bymycar.fr\/webzine\/ou-est-fabriquee-la-mercedes-classe-a\/#breadcrumb\"},\"inLanguage\":\"fr-FR\",\"potentialAction\":[{\"@type\":\"ReadAction\",\"target\":[\"https:\/\/www.bymycar.fr\/webzine\/ou-est-fabriquee-la-mercedes-classe-a\/\"]}]},{\"@type\":\"ImageObject\",\"inLanguage\":\"fr-FR\",\"@id\":\"https:\/\/www.bymycar.fr\/webzine\/ou-est-fabriquee-la-mercedes-classe-a\/#primaryimage\",\"url\":\"https:\/\/cdn.bymycar.eu\/fr-webzine\/wp-content\/uploads\/medias\/2018_CARS_PICTURE01954-Copie-compressor-V2.jpg\",\"contentUrl\":\"https:\/\/cdn.bymycar.eu\/fr-webzine\/wp-content\/uploads\/medias\/2018_CARS_PICTURE01954-Copie-compressor-V2.jpg\",\"width\":2247,\"height\":1445,\"caption\":\"Mercedes Classe A de profil avec les portes ouvertes\"},{\"@type\":\"BreadcrumbList\",\"@id\":\"https:\/\/www.bymycar.fr\/webzine\/ou-est-fabriquee-la-mercedes-classe-a\/#breadcrumb\",\"itemListElement\":[{\"@type\":\"ListItem\",\"position\":1,\"name\":\"Accueil\",\"item\":\"https:\/\/www.bymycar.fr\/webzine\/\"},{\"@type\":\"ListItem\",\"position\":2,\"name\":\"O\u00f9 est fabriqu\u00e9e la Mercedes Classe A ?\"}]},{\"@type\":\"WebSite\",\"@id\":\"https:\/\/www.bymycar.fr\/webzine\/#website\",\"url\":\"https:\/\/www.bymycar.fr\/webzine\/\",\"name\":\"Webzine auto BYmyCAR\",\"description\":\"La magazine auto de BYmyCAR\",\"publisher\":{\"@id\":\"https:\/\/www.bymycar.fr\/webzine\/#organization\"},\"potentialAction\":[{\"@type\":\"SearchAction\",\"target\":{\"@type\":\"EntryPoint\",\"urlTemplate\":\"https:\/\/www.bymycar.fr\/webzine\/?s={search_term_string}\"},\"query-input\":{\"@type\":\"PropertyValueSpecification\",\"valueRequired\":true,\"valueName\":\"search_term_string\"}}],\"inLanguage\":\"fr-FR\"},{\"@type\":\"Organization\",\"@id\":\"https:\/\/www.bymycar.fr\/webzine\/#organization\",\"name\":\"BYmyCAR\",\"url\":\"https:\/\/www.bymycar.fr\/webzine\/\",\"logo\":{\"@type\":\"ImageObject\",\"inLanguage\":\"fr-FR\",\"@id\":\"https:\/\/www.bymycar.fr\/webzine\/#\/schema\/logo\/image\/\",\"url\":\"https:\/\/cdn.bymycar.eu\/fr-webzine\/wp-content\/uploads\/medias\/2017\/08\/logo_DEALER_00000406_001.png\",\"contentUrl\":\"https:\/\/cdn.bymycar.eu\/fr-webzine\/wp-content\/uploads\/medias\/2017\/08\/logo_DEALER_00000406_001.png\",\"width\":2132,\"height\":720,\"caption\":\"BYmyCAR\"},\"image\":{\"@id\":\"https:\/\/www.bymycar.fr\/webzine\/#\/schema\/logo\/image\/\"}},{\"@type\":\"Person\",\"@id\":\"https:\/\/www.bymycar.fr\/webzine\/#\/schema\/person\/8c56906440ec126868bd40232b3445f0\",\"name\":\"Gregoire LE BIHAN\",\"image\":{\"@type\":\"ImageObject\",\"inLanguage\":\"fr-FR\",\"@id\":\"https:\/\/www.bymycar.fr\/webzine\/#\/schema\/person\/image\/\",\"url\":\"https:\/\/secure.gravatar.com\/avatar\/1356d71f3c6eed50de358ba425c9944b742a0d35f88e0d5f8afe88fdac525492?s=96&d=mm&r=g\",\"contentUrl\":\"https:\/\/secure.gravatar.com\/avatar\/1356d71f3c6eed50de358ba425c9944b742a0d35f88e0d5f8afe88fdac525492?s=96&d=mm&r=g\",\"caption\":\"Gregoire LE BIHAN\"}}]}<\/script>\n<!-- \/ Yoast SEO Premium plugin. -->","yoast_head_json":{"title":"O\u00f9 est fabriqu\u00e9e la Mercedes Classe A ?","description":"Mercedes est une entreprise allemande sp\u00e9cialis\u00e9e dans la production d'automobiles. Elle est connue dans le monde entier pour son penchant pour le luxe et la qualit\u00e9.","robots":{"index":"index","follow":"follow","max-snippet":"max-snippet:-1","max-image-preview":"max-image-preview:large","max-video-preview":"max-video-preview:-1"},"canonical":"https:\/\/www.bymycar.fr\/webzine\/ou-est-fabriquee-la-mercedes-classe-a\/","og_locale":"fr_FR","og_type":"article","og_title":"O\u00f9 est fabriqu\u00e9e la Mercedes Classe A ?","og_description":"Mercedes est une entreprise allemande sp\u00e9cialis\u00e9e dans la production d'automobiles. Elle est connue dans le monde entier pour son penchant pour le luxe et la qualit\u00e9.","og_url":"https:\/\/www.bymycar.fr\/webzine\/ou-est-fabriquee-la-mercedes-classe-a\/","og_site_name":"Webzine auto BYmyCAR","article_published_time":"2022-04-22T06:46:06+00:00","article_modified_time":"2022-05-31T07:29:35+00:00","og_image":[{"width":2247,"height":1445,"url":"https:\/\/cdn.bymycar.eu\/fr-webzine\/wp-content\/uploads\/medias\/2018_CARS_PICTURE01954-Copie-compressor-V2.jpg","type":"image\/jpeg"}],"author":"Gregoire LE BIHAN","twitter_card":"summary_large_image","twitter_misc":{"\u00c9crit par":"Gregoire LE BIHAN"},"schema":{"@context":"https:\/\/schema.org","@graph":[{"@type":"Article","@id":"https:\/\/www.bymycar.fr\/webzine\/ou-est-fabriquee-la-mercedes-classe-a\/#article","isPartOf":{"@id":"https:\/\/www.bymycar.fr\/webzine\/ou-est-fabriquee-la-mercedes-classe-a\/"},"author":{"name":"Gregoire LE BIHAN","@id":"https:\/\/www.bymycar.fr\/webzine\/#\/schema\/person\/8c56906440ec126868bd40232b3445f0"},"headline":"O\u00f9 est fabriqu\u00e9e la Mercedes Classe A ?","datePublished":"2022-04-22T06:46:06+00:00","dateModified":"2022-05-31T07:29:35+00:00","mainEntityOfPage":{"@id":"https:\/\/www.bymycar.fr\/webzine\/ou-est-fabriquee-la-mercedes-classe-a\/"},"wordCount":8,"publisher":{"@id":"https:\/\/www.bymycar.fr\/webzine\/#organization"},"image":{"@id":"https:\/\/www.bymycar.fr\/webzine\/ou-est-fabriquee-la-mercedes-classe-a\/#primaryimage"},"thumbnailUrl":"https:\/\/cdn.bymycar.eu\/fr-webzine\/wp-content\/uploads\/medias\/2018_CARS_PICTURE01954-Copie-compressor-V2.jpg","articleSection":["Guide d'achat","Guide d'achat Mercedes Classe A"],"inLanguage":"fr-FR"},{"@type":"WebPage","@id":"https:\/\/www.bymycar.fr\/webzine\/ou-est-fabriquee-la-mercedes-classe-a\/","url":"https:\/\/www.bymycar.fr\/webzine\/ou-est-fabriquee-la-mercedes-classe-a\/","name":"O\u00f9 est fabriqu\u00e9e la Mercedes Classe A ?","isPartOf":{"@id":"https:\/\/www.bymycar.fr\/webzine\/#website"},"primaryImageOfPage":{"@id":"https:\/\/www.bymycar.fr\/webzine\/ou-est-fabriquee-la-mercedes-classe-a\/#primaryimage"},"image":{"@id":"https:\/\/www.bymycar.fr\/webzine\/ou-est-fabriquee-la-mercedes-classe-a\/#primaryimage"},"thumbnailUrl":"https:\/\/cdn.bymycar.eu\/fr-webzine\/wp-content\/uploads\/medias\/2018_CARS_PICTURE01954-Copie-compressor-V2.jpg","datePublished":"2022-04-22T06:46:06+00:00","dateModified":"2022-05-31T07:29:35+00:00","description":"Mercedes est une entreprise allemande sp\u00e9cialis\u00e9e dans la production d'automobiles. Elle est connue dans le monde entier pour son penchant pour le luxe et la qualit\u00e9.","breadcrumb":{"@id":"https:\/\/www.bymycar.fr\/webzine\/ou-est-fabriquee-la-mercedes-classe-a\/#breadcrumb"},"inLanguage":"fr-FR","potentialAction":[{"@type":"ReadAction","target":["https:\/\/www.bymycar.fr\/webzine\/ou-est-fabriquee-la-mercedes-classe-a\/"]}]},{"@type":"ImageObject","inLanguage":"fr-FR","@id":"https:\/\/www.bymycar.fr\/webzine\/ou-est-fabriquee-la-mercedes-classe-a\/#primaryimage","url":"https:\/\/cdn.bymycar.eu\/fr-webzine\/wp-content\/uploads\/medias\/2018_CARS_PICTURE01954-Copie-compressor-V2.jpg","contentUrl":"https:\/\/cdn.bymycar.eu\/fr-webzine\/wp-content\/uploads\/medias\/2018_CARS_PICTURE01954-Copie-compressor-V2.jpg","width":2247,"height":1445,"caption":"Mercedes Classe A de profil avec les portes ouvertes"},{"@type":"BreadcrumbList","@id":"https:\/\/www.bymycar.fr\/webzine\/ou-est-fabriquee-la-mercedes-classe-a\/#breadcrumb","itemListElement":[{"@type":"ListItem","position":1,"name":"Accueil","item":"https:\/\/www.bymycar.fr\/webzine\/"},{"@type":"ListItem","position":2,"name":"O\u00f9 est fabriqu\u00e9e la Mercedes Classe A ?"}]},{"@type":"WebSite","@id":"https:\/\/www.bymycar.fr\/webzine\/#website","url":"https:\/\/www.bymycar.fr\/webzine\/","name":"Webzine auto BYmyCAR","description":"La magazine auto de BYmyCAR","publisher":{"@id":"https:\/\/www.bymycar.fr\/webzine\/#organization"},"potentialAction":[{"@type":"SearchAction","target":{"@type":"EntryPoint","urlTemplate":"https:\/\/www.bymycar.fr\/webzine\/?s={search_term_string}"},"query-input":{"@type":"PropertyValueSpecification","valueRequired":true,"valueName":"search_term_string"}}],"inLanguage":"fr-FR"},{"@type":"Organization","@id":"https:\/\/www.bymycar.fr\/webzine\/#organization","name":"BYmyCAR","url":"https:\/\/www.bymycar.fr\/webzine\/","logo":{"@type":"ImageObject","inLanguage":"fr-FR","@id":"https:\/\/www.bymycar.fr\/webzine\/#\/schema\/logo\/image\/","url":"https:\/\/cdn.bymycar.eu\/fr-webzine\/wp-content\/uploads\/medias\/2017\/08\/logo_DEALER_00000406_001.png","contentUrl":"https:\/\/cdn.bymycar.eu\/fr-webzine\/wp-content\/uploads\/medias\/2017\/08\/logo_DEALER_00000406_001.png","width":2132,"height":720,"caption":"BYmyCAR"},"image":{"@id":"https:\/\/www.bymycar.fr\/webzine\/#\/schema\/logo\/image\/"}},{"@type":"Person","@id":"https:\/\/www.bymycar.fr\/webzine\/#\/schema\/person\/8c56906440ec126868bd40232b3445f0","name":"Gregoire LE BIHAN","image":{"@type":"ImageObject","inLanguage":"fr-FR","@id":"https:\/\/www.bymycar.fr\/webzine\/#\/schema\/person\/image\/","url":"https:\/\/secure.gravatar.com\/avatar\/1356d71f3c6eed50de358ba425c9944b742a0d35f88e0d5f8afe88fdac525492?s=96&d=mm&r=g","contentUrl":"https:\/\/secure.gravatar.com\/avatar\/1356d71f3c6eed50de358ba425c9944b742a0d35f88e0d5f8afe88fdac525492?s=96&d=mm&r=g","caption":"Gregoire LE BIHAN"}}]}},"_links":{"self":[{"href":"https:\/\/www.bymycar.fr\/webzine\/wp-json\/wp\/v2\/posts\/27700","targetHints":{"allow":["GET"]}}],"collection":[{"href":"https:\/\/www.bymycar.fr\/webzine\/wp-json\/wp\/v2\/posts"}],"about":[{"href":"https:\/\/www.bymycar.fr\/webzine\/wp-json\/wp\/v2\/types\/post"}],"author":[{"embeddable":true,"href":"https:\/\/www.bymycar.fr\/webzine\/wp-json\/wp\/v2\/users\/9"}],"replies":[{"embeddable":true,"href":"https:\/\/www.bymycar.fr\/webzine\/wp-json\/wp\/v2\/comments?post=27700"}],"version-history":[{"count":9,"href":"https:\/\/www.bymycar.fr\/webzine\/wp-json\/wp\/v2\/posts\/27700\/revisions"}],"predecessor-version":[{"id":30041,"href":"https:\/\/www.bymycar.fr\/webzine\/wp-json\/wp\/v2\/posts\/27700\/revisions\/30041"}],"wp:featuredmedia":[{"embeddable":true,"href":"https:\/\/www.bymycar.fr\/webzine\/wp-json\/wp\/v2\/media\/30010"}],"wp:attachment":[{"href":"https:\/\/www.bymycar.fr\/webzine\/wp-json\/wp\/v2\/media?parent=27700"}],"wp:term":[{"taxonomy":"category","embeddable":true,"href":"https:\/\/www.bymycar.fr\/webzine\/wp-json\/wp\/v2\/categories?post=27700"},{"taxonomy":"post_tag","embeddable":true,"href":"https:\/\/www.bymycar.fr\/webzine\/wp-json\/wp\/v2\/tags?post=27700"}],"curies":[{"name":"wp","href":"https:\/\/api.w.org\/{rel}","templated":true}]}}