{"id":27667,"date":"2022-04-22T07:13:59","date_gmt":"2022-04-22T05:13:59","guid":{"rendered":"https:\/\/prod.bymycar.fr\/webzine\/?p=27667"},"modified":"2025-12-10T09:44:09","modified_gmt":"2025-12-10T08:44:09","slug":"quel-est-le-prix-de-la-mercedes-classe-a","status":"publish","type":"post","link":"https:\/\/www.bymycar.fr\/webzine\/quel-est-le-prix-de-la-mercedes-classe-a\/","title":{"rendered":"Quel est le prix de la Mercedes Classe A ?"},"content":{"rendered":"","protected":false},"excerpt":{"rendered":"","protected":false},"author":9,"featured_media":30009,"comment_status":"closed","ping_status":"closed","sticky":false,"template":"","format":"standard","meta":{"_acf_changed":false,"footnotes":""},"categories":[12893,12913],"tags":[],"class_list":["post-27667","post","type-post","status-publish","format-standard","has-post-thumbnail","hentry","category-guide-dachat","category-guide-dachat-mercedes-classe-a"],"acf":{"template":"classique","introduction":"<p>Vous envisagez l&rsquo;acquisition d&rsquo;une <a href=\"https:\/\/www.bymycar.fr\/marques\/mercedes\/classe-a\">Mercedes Classe A<\/a> et vous vous interrogez sur le budget \u00e0 pr\u00e9voir ? Cette berline compacte allemande, alliant \u00e9l\u00e9gance et performances, est disponible dans diff\u00e9rentes finitions et motorisations pour r\u00e9pondre \u00e0 vos attentes. D\u00e9couvrez avec BYmyCAR toutes les informations essentielles concernant le prix de la Mercedes Classe A pour vous aider \u00e0 concr\u00e9tiser votre projet d&rsquo;achat en toute s\u00e9r\u00e9nit\u00e9.<\/p>\n<p><strong>\u00c0 retenir<\/strong><\/p>\n<p>D\u00e9couvrez les principaux atouts qui font de la Mercedes Classe A un choix premium dans sa cat\u00e9gorie :<\/p>\n<ul>\n<li>Man\u0153uvrabilit\u00e9 citadine gr\u00e2ce \u00e0 son format compact et son gabarit adapt\u00e9 aux environnements urbains ;<\/li>\n<li>Confort premium et technologies MBUX intuitives avec commande vocale intelligente \u00ab\u00a0Hey Mercedes\u00a0\u00bb ;<\/li>\n<li>Large choix de finitions, de la Style Line \u00e0 l&rsquo;AMG Line, pour s&rsquo;adapter \u00e0 tous les besoins.<\/li>\n<\/ul>\n<p>La Mercedes Classe A combine ainsi l&rsquo;\u00e9l\u00e9gance allemande \u00e0 une polyvalence quotidienne pour une exp\u00e9rience de conduite haut de gamme.<\/p>\n","strates":[{"type_strate":"texte-simple","ancre":"","contenu":"<h2 style=\"text-align: justify;\"><b>Combien co\u00fbte une nouvelle voiture Mercedes Classe A ?<\/b><\/h2>\n<p style=\"text-align: justify;\"><span style=\"font-weight: 400;\">La Mercedes Classe A fait partie des gammes de petites voitures du <a href=\"https:\/\/www.bymycar.fr\/marques\/mercedes\">constructeur allemand Mercedes-Benz<\/a>. Disponible en version citadine et compacte, la Classe A r\u00e9pond aux besoins des automobilistes \u00e0 la recherche de voitures capables de circuler facilement en ville tout en \u00e9tant confortables. \u00c0 noter que cette gamme a \u00e9t\u00e9 renouvel\u00e9e \u00e0 plusieurs reprises. La premi\u00e8re g\u00e9n\u00e9ration de la Mercedes Classe est apparue en 1997. Sept ans plus tard, une deuxi\u00e8me g\u00e9n\u00e9ration est arriv\u00e9e sur le march\u00e9. En 2012, la Mercedes Classe A a \u00e9t\u00e9 restyl\u00e9e pour la premi\u00e8re fois, puis une deuxi\u00e8me fois en 2018.<\/span><\/p>\n<h3 style=\"text-align: justify;\"><b>Quelles sont les finitions propos\u00e9es pour la gamme Classe A ?<\/b><\/h3>\n<p style=\"text-align: justify;\"><span style=\"font-weight: 400;\">Avant toute chose, il faut savoir que le prix d\u2019une Mercedes Classe A varie en fonction du niveau de finition de la voiture. \u00c0 noter que la production de cette gamme tourne autour de plusieurs finitions :<\/span><\/p>\n<ul style=\"text-align: justify;\">\n<li style=\"font-weight: 400;\" aria-level=\"1\"><span style=\"font-weight: 400;\">Style Line pour la version d\u2019entr\u00e9e de gamme ;<\/span><\/li>\n<li style=\"font-weight: 400;\" aria-level=\"1\"><span style=\"font-weight: 400;\">Progressive Line pour une version am\u00e9lior\u00e9e par des \u00e9quipements comme un \u00e9cran tactile plus imposant, un pack stationnement, etc. ;<\/span><\/li>\n<li style=\"font-weight: 400;\" aria-level=\"1\"><span style=\"font-weight: 400;\">AMG Line pour la version la plus fournie de la Classe A.<\/span><\/li>\n<\/ul>\n<h3 style=\"text-align: justify;\"><b>Combien co\u00fbte une Mercedes Classe A manuelle et automatique neuve ?<\/b><\/h3>\n<p style=\"text-align: justify;\"><span style=\"font-weight: 400;\">La petite voiture allemande est propos\u00e9e \u00e0 des prix tr\u00e8s vari\u00e9s en fonction du mod\u00e8le. Le tarif se situe entre 29 400 \u20ac* et 70 900 \u20ac* sur le march\u00e9 du neuf. Pour un budget d\u2019environ 29 000 \u20ac*, il est possible d\u2019acqu\u00e9rir une Mercedes Classe A 160 109 ch Style Line. Pour 70 900 \u20ac*, l\u2019acheteur a l\u2019embarras du choix, mais surtout, il peut acheter une Mercedes-Benz Classe A 45 AMG 421 ch S 4 Matic+8G-DCT Speedshift. Pour un budget interm\u00e9diaire, il faut savoir que le prix d\u2019une Classe A Progressive Line d\u00e9bute \u00e0 partir de 30 000 \u20ac*.<\/span><\/p>\n<p>&nbsp;<\/p>\n<h2 style=\"text-align: justify;\"><b>Combien co\u00fbte une Mercedes Classe A 180 neuve et d\u2019occasion ?<\/b><\/h2>\n<p style=\"text-align: justify;\"><span style=\"font-weight: 400;\">Comme indiqu\u00e9, le prix d\u2019une Mercedes Classe A d\u00e9pend du niveau de finition. Le mod\u00e8le A 180 n\u2019\u00e9chappe pas \u00e0 cette r\u00e8gle. Ainsi, il est possible d\u2019avoir une Mercedes Classe A 180 Style Line neuve \u00e0 partir de 30 400 \u20ac* environ. Pour une version Progressive Line, le prix d\u00e9bute aux alentours de 33 000 \u20ac*. Enfin, il faut pr\u00e9parer un budget de 34 900 \u20ac* environ pour acqu\u00e9rir une Mercedes Classe A 180 AMG Line.<\/span><\/p>\n<p style=\"text-align: justify;\"><span style=\"font-weight: 400;\">Sur le march\u00e9 de l\u2019<a href=\"https:\/\/www.bymycar.fr\/v\/mercedes-classe-a-occasion\">occasion<\/a>, le prix moyen d\u2019une Mercedes Classe A tourne autour de 15 000 \u20ac*. La variation de prix s\u2019explique par l\u2019\u00e9tat g\u00e9n\u00e9ral de la voiture et le kilom\u00e9trage au compteur. Pour les mod\u00e8les ayant d\u00e9j\u00e0 parcouru plus de 100 000 km, il est possible d\u2019en trouver \u00e0 moins de 10 000 \u20ac*.<\/span><\/p>\n<p>&nbsp;<\/p>\n<h2 style=\"text-align: justify;\"><b>Quel est le prix d&rsquo;achat du neuf ou d\u2019occasion d\u2019une Mercedes-Benz Classe A 200 ?<\/b><\/h2>\n<p style=\"text-align: justify;\"><span style=\"font-weight: 400;\">Pour la Mercedes Classe A 200 neuve, le prix d\u00e9bute \u00e0 34 650 \u20ac* environ avec la finition Style Line. \u00c0 ce tarif, il faut ajouter 2 600 \u20ac* environ pour acheter une Mercedes Classe A 200 Progressive Line et 4 500 \u20ac* pour un mod\u00e8le AMG.<\/span><\/p>\n<p style=\"text-align: justify;\"><span style=\"font-weight: 400;\">En occasion, une Mercedes Classe A 200 est toujours on\u00e9reuse. Il existe des offres \u00e0 plus de 30 000 \u20ac* pour les plus faibles kilom\u00e9trages. Les meilleurs tarifs sont autour de 20 000 \u20ac*.<\/span><\/p>\n<p style=\"text-align: justify;\"><span style=\"font-weight: 400;\">*Voir tarifs en vigueur dans les <\/span><a href=\"https:\/\/www.bymycar.fr\/concessions\/mercedes\"><span style=\"font-weight: 400;\">concessions Mercedes BYmyCAR<\/span><\/a><\/p>\n<p>&nbsp;<\/p>\n<p>&nbsp;<\/p>\n<p style=\"text-align: center;\"><a href=\"https:\/\/www.bymycar.fr\/rechercher-un-vehicule?prod_VEHICLES%5BrefinementList%5D%5Bbrand%5D%5B0%5D=MERCEDES&amp;prod_VEHICLES%5BrefinementList%5D%5BmodelGroup1%5D%5B0%5D=CLASSE%20A\" target=\"_blank\" class=\"css-button css-button--gold\" >\n                D\u00e9couvrez nos voitures en stock &gt;\n        <\/a><\/p>\n<p>&nbsp;<\/p>\n<p>&nbsp;<\/p>\n<p><a href=\"https:\/\/www.bymycar.fr\/webzine\/quel-moteur-choisir-pour-la-mercedes-classe-a\/\">Quel moteur choisir pour la Mercedes Classe A ?<\/a><\/p>\n<p>&nbsp;<\/p>\n","titre":"Quel est le prix de la Mercedes Classe A","image":false,"image_libre":false,"image_800x500":false,"legende":"","zoom":false,"texte":"","articles":false,"categorie_droite":false,"images":false,"elements_comparatif":false,"texte_1":"","texte_2":"","image_1":false,"image_1_563x400":false,"image_1_332x332":false,"image_2":false,"image_2_333x240":false,"image_2_563x400":false,"image_3":false,"image_3_333x240":false,"image_3_332x450":false,"image_4":false,"image_4_332x332":false,"image_4_563x400":false,"code_embed":"","legende_video":"","photo":false,"photo_100x100":false,"nom":"","fonction":"","elements_timeline":false,"entetes_colonnes":false,"entetes_lignes":false,"lignes":false,"introduction":"","formulaire":false,"question":"","reponse":"","libelle_bouton_lien":"","url_lien":"","questions":false,"conclusions":false,"pays":false,"region":false,"marque":false,"marqueConcessions":false,"modele":false,"ptvente":false,"typeV":false,"collection":false,"nombre_maximum_elements":10,"lien_fin_carousel":"","texte_lien_fin_carousel":"","trier_par":false}],"is_old_post":false,"image":{"ID":30009,"id":30009,"title":"2018_CARS_PICTURE00719---Copie-compressor-V2","filename":"2018_CARS_PICTURE00719-Copie-compressor-V2.jpg","filesize":1,"url":"https:\/\/cdn.bymycar.eu\/fr-webzine\/wp-content\/uploads\/medias\/2018_CARS_PICTURE00719-Copie-compressor-V2.jpg","link":"https:\/\/www.bymycar.fr\/webzine\/quel-est-le-prix-de-la-mercedes-classe-a\/2018_cars_picture00719-copie-compressor-v2\/","alt":"Mercedes Classe A","author":"9","description":"","caption":"","name":"2018_cars_picture00719-copie-compressor-v2","status":"inherit","uploaded_to":27667,"date":"2022-05-30 09:34:49","modified":"2022-05-30 09:35:22","menu_order":0,"mime_type":"image\/jpeg","type":"image","subtype":"jpeg","icon":"https:\/\/www.bymycar.fr\/webzine\/wp-includes\/images\/media\/default.png","width":2560,"height":1524,"sizes":{"thumbnail":"https:\/\/cdn.bymycar.eu\/fr-webzine\/wp-content\/uploads\/medias\/2018_CARS_PICTURE00719-Copie-compressor-V2-150x150.jpg","thumbnail-width":150,"thumbnail-height":150,"medium":"https:\/\/cdn.bymycar.eu\/fr-webzine\/wp-content\/uploads\/medias\/2018_CARS_PICTURE00719-Copie-compressor-V2-300x179.jpg","medium-width":300,"medium-height":179,"medium_large":"https:\/\/cdn.bymycar.eu\/fr-webzine\/wp-content\/uploads\/medias\/2018_CARS_PICTURE00719-Copie-compressor-V2-768x457.jpg","medium_large-width":768,"medium_large-height":457,"large":"https:\/\/cdn.bymycar.eu\/fr-webzine\/wp-content\/uploads\/medias\/2018_CARS_PICTURE00719-Copie-compressor-V2-1024x610.jpg","large-width":1024,"large-height":610,"1536x1536":"https:\/\/cdn.bymycar.eu\/fr-webzine\/wp-content\/uploads\/medias\/2018_CARS_PICTURE00719-Copie-compressor-V2-1536x915.jpg","1536x1536-width":1536,"1536x1536-height":915,"2048x2048":"https:\/\/cdn.bymycar.eu\/fr-webzine\/wp-content\/uploads\/medias\/2018_CARS_PICTURE00719-Copie-compressor-V2-2048x1219.jpg","2048x2048-width":2048,"2048x2048-height":1219}},"page_content":{"block_content":[{"acf_fc_layout":"carousel-produits"},{"acf_fc_layout":"text-simple","--nav":{"-withNav":false,"-ancre":""},"--group":{"-text":"<h2>Combien co\u00fbte une Mercedes Classe A neuve, y compris la version AMG ?<\/h2>\n<h3>Quelles sont les finitions propos\u00e9es pour la gamme Classe A ?<\/h3>\n<p>La Mercedes Classe A, cette \u00e9l\u00e9gante berline compacte du constructeur allemand Mercedes-Benz, est disponible en trois niveaux de finition distincts. La Style Line constitue l&rsquo;entr\u00e9e de gamme avec des \u00e9quipements essentiels comme la climatisation automatique et les phares \u00e0 LED. La Progressive Line enrichit l&rsquo;exp\u00e9rience avec un \u00e9cran tactile plus imposant et un pack stationnement. Pour les plus exigeants, la <a href=\"https:\/\/www.bymycar.fr\/v\/mercedes-classe-a-amg-line\">Mercedes Classe A AMG Line<\/a> offre une pr\u00e9sentation sportive et des \u00e9quipements premium.<\/p>\n<h3>Manuelle ou 7G-DCT automatique ?<\/h3>\n<p>La Mercedes Classe A propose diff\u00e9rentes motorisations associ\u00e9es \u00e0 une bo\u00eete manuelle ou \u00e0 la transmission automatique 7G-DCT, particuli\u00e8rement appr\u00e9ci\u00e9e pour sa fluidit\u00e9 et sa r\u00e9activit\u00e9. Les tarifs d\u00e9butent \u00e0 partir de 27 650\u20ac* pour une Classe A 160 Style Line avec moteur essence, tandis que la version Progressive Line d\u00e9marre aux alentours de 30 000\u20ac*. Pour une finition AMG Line, comptez environ 34 900\u20ac* pour profiter d&rsquo;un moteur performant et d&rsquo;une pr\u00e9sentation sportive. La gamme culmine avec la puissante Mercedes-Benz Classe A 45 AMG et ses 421 ch, affich\u00e9e autour de 70 900\u20ac*.<\/p>\n<h2>Prix Mercedes Classe A 180 : essence ou version diesel ?<\/h2>\n<p>La Mercedes Classe A 180 se d\u00e9cline en versions essence et diesel avec des tarifs adapt\u00e9s \u00e0 chaque motorisation. La version essence d\u00e9bute \u00e0 partir de 37 400\u20ac* tandis que le mod\u00e8le diesel avec bo\u00eete 8G-DCT est propos\u00e9 \u00e0 partir de 46 300\u20ac*. Ces deux motorisations offrent un excellent compromis entre performances et consommation de carburant, particuli\u00e8rement pour la <a href=\"https:\/\/www.bymycar.fr\/v\/mercedes-classe-a-essence\">Mercedes Classe A essence<\/a> qui se montre plus \u00e9conomique \u00e0 l&rsquo;achat. Sur le march\u00e9 de l&rsquo;occasion, comptez environ 19 790\u20ac* pour un mod\u00e8le diesel avec un kilom\u00e9trage raisonnable.<\/p>\n<h2>Prix Mercedes Classe A 200 et 220 : neuf ou occasion<\/h2>\n<p>La Mercedes Classe A 200 neuve affiche un tarif d\u00e9butant \u00e0 34 650\u20ac* environ en finition Style Line. Pour la version Progressive Line, ajoutez environ 2 600\u20ac* suppl\u00e9mentaires, tandis que la finition AMG n\u00e9cessite un budget d&rsquo;environ 39 150\u20ac*. Sur le march\u00e9 de l&rsquo;occasion, une <a href=\"https:\/\/www.bymycar.fr\/v\/mercedes-classe-a-220\">Mercedes Classe A 220<\/a> reste on\u00e9reuse avec des offres d\u00e9passant les 30 000\u20ac* pour les plus faibles kilom\u00e9trages. Les meilleurs tarifs se situent autour de 20 000\u20ac* pour des v\u00e9hicules en excellent \u00e9tat.<\/p>\n<h3>Moteur Mercedes Classe A : quel impact sur le prix ?<\/h3>\n<p>Le choix du moteur influence directement le prix de votre Mercedes Classe A. Les motorisations essence offrent un point d&rsquo;entr\u00e9e accessible, tandis que les versions diesel avec transmission automatique 7G-DCT repr\u00e9sentent un investissement sup\u00e9rieur. Pour les amateurs de performances, la transmission int\u00e9grale 4MATIC \u00e9quipe certaines versions sportives et ajoute un surco\u00fbt significatif, tout en garantissant une motricit\u00e9 optimale en toutes conditions.<\/p>\n<h2>Int\u00e9rieur de la Mercedes Classe A : confort du format hatchback<\/h2>\n<p>L&rsquo;habitacle de la Mercedes Classe A impressionne par son ambiance r\u00e9solument premium, avec des surfaces digitales \u00e9tendues et des finitions soign\u00e9es dignes des plus grandes berlines de la marque \u00e0 l&rsquo;\u00e9toile. Le format hatchback offre une exp\u00e9rience \u00e0 bord alliant modernit\u00e9 et confort, notamment gr\u00e2ce \u00e0 son design int\u00e9rieur \u00e9pur\u00e9 et ses technologies embarqu\u00e9es de derni\u00e8re g\u00e9n\u00e9ration. D\u00e9couvrez la <a href=\"https:\/\/www.bymycar.fr\/v\/mercedes-classe-a-automatique\">Mercedes Classe A automatique<\/a> pour une exp\u00e9rience de conduite encore plus raffin\u00e9e.<\/p>\n<table>\n<thead>\n<tr>\n<th>\u00c9l\u00e9ment<\/th>\n<th>Atout<\/th>\n<\/tr>\n<\/thead>\n<tbody>\n<tr>\n<td>Espace aux jambes<\/td>\n<td>G\u00e9n\u00e9reux pour tous les passagers gr\u00e2ce \u00e0 l&#8217;empattement optimis\u00e9<\/td>\n<\/tr>\n<tr>\n<td>\u00c9clairage d&rsquo;ambiance<\/td>\n<td>Personnalisable avec plusieurs teintes pour une atmosph\u00e8re unique<\/td>\n<\/tr>\n<tr>\n<td>Capacit\u00e9 du coffre<\/td>\n<td>355 litres modulables pour s&rsquo;adapter \u00e0 tous vos besoins<\/td>\n<\/tr>\n<\/tbody>\n<\/table>\n<h2>Mercedes Classe A en LOA ou leasing : bien g\u00e9rer votre budget<\/h2>\n<p>La Location avec Option d&rsquo;Achat (LOA) est une solution de financement flexible qui vous permet de profiter d&rsquo;une <a href=\"https:\/\/www.bymycar.fr\/v\/mercedes-classe-a-neuve\">Mercedes Classe A neuve<\/a> sans mobiliser la totalit\u00e9 de votre budget. Ce syst\u00e8me adapt\u00e9 \u00e0 vos capacit\u00e9s de remboursement fonctionne comme un cr\u00e9dit automobile sp\u00e9cifique, avec des mensualit\u00e9s fixes et un accompagnement personnalis\u00e9 chez BYmyCAR pour optimiser votre plan de financement.<\/p>\n<p>Pour constituer votre dossier de LOA, pr\u00e9parez :<\/p>\n<ul>\n<li>Vos justificatifs de revenus r\u00e9cents (trois derniers bulletins de salaire) et votre dernier avis d&rsquo;imposition pour \u00e9valuer votre capacit\u00e9 financi\u00e8re ;<\/li>\n<li>Un RIB et un justificatif de domicile de moins de 3 mois pour finaliser votre contrat et b\u00e9n\u00e9ficier d&rsquo;avantages fiscaux potentiels selon votre situation.<\/li>\n<\/ul>\n<p>La LOA vous offre une grande souplesse tout en ma\u00eetrisant parfaitement votre budget automobile.<\/p>\n<h2>A lire \u00e9galement<\/h2>\n<ul>\n<li><a href=\"https:\/\/www.bymycar.fr\/webzine\/quel-moteur-choisir-pour-la-mercedes-classe-a\/\">Quel moteur choisir pour la Mercedes Classe A ?<\/a><\/li>\n<\/ul>\n<p><em>Les prix mentionn\u00e9s sont donn\u00e9s \u00e0 titre indicatif et ont \u00e9t\u00e9 constat\u00e9s au moment de la r\u00e9daction. Ils sont susceptibles d&rsquo;\u00e9voluer. Pour obtenir une information exacte et \u00e0 jour, nous vous recommandons de contacter directement votre concession BYmyCAR.<\/em><\/p>\n"}}]},"add-to-bo":false,"add-carousel-to-footer":true},"yoast_head":"<!-- This site is optimized with the Yoast SEO Premium plugin v26.4 (Yoast SEO v26.4) - https:\/\/yoast.com\/wordpress\/plugins\/seo\/ -->\n<title>Quel est le prix de la Mercedes Classe A ?<\/title>\n<meta name=\"description\" content=\"Vous souhaitez acqu\u00e9rir une Mercedes Classe A prochainement ? Vous vous demandez quel budget pr\u00e9voir ?\" \/>\n<meta name=\"robots\" content=\"index, follow, max-snippet:-1, max-image-preview:large, max-video-preview:-1\" \/>\n<link rel=\"canonical\" href=\"https:\/\/www.bymycar.fr\/webzine\/quel-est-le-prix-de-la-mercedes-classe-a\/\" \/>\n<meta property=\"og:locale\" content=\"fr_FR\" \/>\n<meta property=\"og:type\" content=\"article\" \/>\n<meta property=\"og:title\" content=\"Quel est le prix de la Mercedes Classe A ?\" \/>\n<meta property=\"og:description\" content=\"Vous souhaitez acqu\u00e9rir une Mercedes Classe A prochainement ? Vous vous demandez quel budget pr\u00e9voir ?\" \/>\n<meta property=\"og:url\" content=\"https:\/\/www.bymycar.fr\/webzine\/quel-est-le-prix-de-la-mercedes-classe-a\/\" \/>\n<meta property=\"og:site_name\" content=\"Webzine auto BYmyCAR\" \/>\n<meta property=\"article:published_time\" content=\"2022-04-22T05:13:59+00:00\" \/>\n<meta property=\"article:modified_time\" content=\"2025-12-10T08:44:09+00:00\" \/>\n<meta property=\"og:image\" content=\"https:\/\/cdn.bymycar.eu\/fr-webzine\/wp-content\/uploads\/medias\/2018_CARS_PICTURE00719-Copie-compressor-V2.jpg\" \/>\n\t<meta property=\"og:image:width\" content=\"2560\" \/>\n\t<meta property=\"og:image:height\" content=\"1524\" \/>\n\t<meta property=\"og:image:type\" content=\"image\/jpeg\" \/>\n<meta name=\"author\" content=\"Gregoire LE BIHAN\" \/>\n<meta name=\"twitter:card\" content=\"summary_large_image\" \/>\n<meta name=\"twitter:label1\" content=\"\u00c9crit par\" \/>\n\t<meta name=\"twitter:data1\" content=\"Gregoire LE BIHAN\" \/>\n\t<meta name=\"twitter:label2\" content=\"Dur\u00e9e de lecture estim\u00e9e\" \/>\n\t<meta name=\"twitter:data2\" content=\"1 minute\" \/>\n<script type=\"application\/ld+json\" class=\"yoast-schema-graph\">{\"@context\":\"https:\/\/schema.org\",\"@graph\":[{\"@type\":\"Article\",\"@id\":\"https:\/\/www.bymycar.fr\/webzine\/quel-est-le-prix-de-la-mercedes-classe-a\/#article\",\"isPartOf\":{\"@id\":\"https:\/\/www.bymycar.fr\/webzine\/quel-est-le-prix-de-la-mercedes-classe-a\/\"},\"author\":{\"name\":\"Gregoire LE BIHAN\",\"@id\":\"https:\/\/www.bymycar.fr\/webzine\/#\/schema\/person\/8c56906440ec126868bd40232b3445f0\"},\"headline\":\"Quel est le prix de la Mercedes Classe A ?\",\"datePublished\":\"2022-04-22T05:13:59+00:00\",\"dateModified\":\"2025-12-10T08:44:09+00:00\",\"mainEntityOfPage\":{\"@id\":\"https:\/\/www.bymycar.fr\/webzine\/quel-est-le-prix-de-la-mercedes-classe-a\/\"},\"wordCount\":9,\"publisher\":{\"@id\":\"https:\/\/www.bymycar.fr\/webzine\/#organization\"},\"image\":{\"@id\":\"https:\/\/www.bymycar.fr\/webzine\/quel-est-le-prix-de-la-mercedes-classe-a\/#primaryimage\"},\"thumbnailUrl\":\"https:\/\/cdn.bymycar.eu\/fr-webzine\/wp-content\/uploads\/medias\/2018_CARS_PICTURE00719-Copie-compressor-V2.jpg\",\"articleSection\":[\"Guide d'achat\",\"Guide d'achat Mercedes Classe A\"],\"inLanguage\":\"fr-FR\"},{\"@type\":\"WebPage\",\"@id\":\"https:\/\/www.bymycar.fr\/webzine\/quel-est-le-prix-de-la-mercedes-classe-a\/\",\"url\":\"https:\/\/www.bymycar.fr\/webzine\/quel-est-le-prix-de-la-mercedes-classe-a\/\",\"name\":\"Quel est le prix de la Mercedes Classe A ?\",\"isPartOf\":{\"@id\":\"https:\/\/www.bymycar.fr\/webzine\/#website\"},\"primaryImageOfPage\":{\"@id\":\"https:\/\/www.bymycar.fr\/webzine\/quel-est-le-prix-de-la-mercedes-classe-a\/#primaryimage\"},\"image\":{\"@id\":\"https:\/\/www.bymycar.fr\/webzine\/quel-est-le-prix-de-la-mercedes-classe-a\/#primaryimage\"},\"thumbnailUrl\":\"https:\/\/cdn.bymycar.eu\/fr-webzine\/wp-content\/uploads\/medias\/2018_CARS_PICTURE00719-Copie-compressor-V2.jpg\",\"datePublished\":\"2022-04-22T05:13:59+00:00\",\"dateModified\":\"2025-12-10T08:44:09+00:00\",\"description\":\"Vous souhaitez acqu\u00e9rir une Mercedes Classe A prochainement ? Vous vous demandez quel budget pr\u00e9voir ?\",\"breadcrumb\":{\"@id\":\"https:\/\/www.bymycar.fr\/webzine\/quel-est-le-prix-de-la-mercedes-classe-a\/#breadcrumb\"},\"inLanguage\":\"fr-FR\",\"potentialAction\":[{\"@type\":\"ReadAction\",\"target\":[\"https:\/\/www.bymycar.fr\/webzine\/quel-est-le-prix-de-la-mercedes-classe-a\/\"]}]},{\"@type\":\"ImageObject\",\"inLanguage\":\"fr-FR\",\"@id\":\"https:\/\/www.bymycar.fr\/webzine\/quel-est-le-prix-de-la-mercedes-classe-a\/#primaryimage\",\"url\":\"https:\/\/cdn.bymycar.eu\/fr-webzine\/wp-content\/uploads\/medias\/2018_CARS_PICTURE00719-Copie-compressor-V2.jpg\",\"contentUrl\":\"https:\/\/cdn.bymycar.eu\/fr-webzine\/wp-content\/uploads\/medias\/2018_CARS_PICTURE00719-Copie-compressor-V2.jpg\",\"width\":2560,\"height\":1524,\"caption\":\"Mercedes Classe A\"},{\"@type\":\"BreadcrumbList\",\"@id\":\"https:\/\/www.bymycar.fr\/webzine\/quel-est-le-prix-de-la-mercedes-classe-a\/#breadcrumb\",\"itemListElement\":[{\"@type\":\"ListItem\",\"position\":1,\"name\":\"Accueil\",\"item\":\"https:\/\/www.bymycar.fr\/webzine\/\"},{\"@type\":\"ListItem\",\"position\":2,\"name\":\"Quel est le prix de la Mercedes Classe A ?\"}]},{\"@type\":\"WebSite\",\"@id\":\"https:\/\/www.bymycar.fr\/webzine\/#website\",\"url\":\"https:\/\/www.bymycar.fr\/webzine\/\",\"name\":\"Webzine auto BYmyCAR\",\"description\":\"La magazine auto de BYmyCAR\",\"publisher\":{\"@id\":\"https:\/\/www.bymycar.fr\/webzine\/#organization\"},\"potentialAction\":[{\"@type\":\"SearchAction\",\"target\":{\"@type\":\"EntryPoint\",\"urlTemplate\":\"https:\/\/www.bymycar.fr\/webzine\/?s={search_term_string}\"},\"query-input\":{\"@type\":\"PropertyValueSpecification\",\"valueRequired\":true,\"valueName\":\"search_term_string\"}}],\"inLanguage\":\"fr-FR\"},{\"@type\":\"Organization\",\"@id\":\"https:\/\/www.bymycar.fr\/webzine\/#organization\",\"name\":\"BYmyCAR\",\"url\":\"https:\/\/www.bymycar.fr\/webzine\/\",\"logo\":{\"@type\":\"ImageObject\",\"inLanguage\":\"fr-FR\",\"@id\":\"https:\/\/www.bymycar.fr\/webzine\/#\/schema\/logo\/image\/\",\"url\":\"https:\/\/cdn.bymycar.eu\/fr-webzine\/wp-content\/uploads\/medias\/2017\/08\/logo_DEALER_00000406_001.png\",\"contentUrl\":\"https:\/\/cdn.bymycar.eu\/fr-webzine\/wp-content\/uploads\/medias\/2017\/08\/logo_DEALER_00000406_001.png\",\"width\":2132,\"height\":720,\"caption\":\"BYmyCAR\"},\"image\":{\"@id\":\"https:\/\/www.bymycar.fr\/webzine\/#\/schema\/logo\/image\/\"}},{\"@type\":\"Person\",\"@id\":\"https:\/\/www.bymycar.fr\/webzine\/#\/schema\/person\/8c56906440ec126868bd40232b3445f0\",\"name\":\"Gregoire LE BIHAN\",\"image\":{\"@type\":\"ImageObject\",\"inLanguage\":\"fr-FR\",\"@id\":\"https:\/\/www.bymycar.fr\/webzine\/#\/schema\/person\/image\/\",\"url\":\"https:\/\/secure.gravatar.com\/avatar\/1356d71f3c6eed50de358ba425c9944b742a0d35f88e0d5f8afe88fdac525492?s=96&d=mm&r=g\",\"contentUrl\":\"https:\/\/secure.gravatar.com\/avatar\/1356d71f3c6eed50de358ba425c9944b742a0d35f88e0d5f8afe88fdac525492?s=96&d=mm&r=g\",\"caption\":\"Gregoire LE BIHAN\"}}]}<\/script>\n<!-- \/ Yoast SEO Premium plugin. -->","yoast_head_json":{"title":"Quel est le prix de la Mercedes Classe A ?","description":"Vous souhaitez acqu\u00e9rir une Mercedes Classe A prochainement ? Vous vous demandez quel budget pr\u00e9voir ?","robots":{"index":"index","follow":"follow","max-snippet":"max-snippet:-1","max-image-preview":"max-image-preview:large","max-video-preview":"max-video-preview:-1"},"canonical":"https:\/\/www.bymycar.fr\/webzine\/quel-est-le-prix-de-la-mercedes-classe-a\/","og_locale":"fr_FR","og_type":"article","og_title":"Quel est le prix de la Mercedes Classe A ?","og_description":"Vous souhaitez acqu\u00e9rir une Mercedes Classe A prochainement ? Vous vous demandez quel budget pr\u00e9voir ?","og_url":"https:\/\/www.bymycar.fr\/webzine\/quel-est-le-prix-de-la-mercedes-classe-a\/","og_site_name":"Webzine auto BYmyCAR","article_published_time":"2022-04-22T05:13:59+00:00","article_modified_time":"2025-12-10T08:44:09+00:00","og_image":[{"width":2560,"height":1524,"url":"https:\/\/cdn.bymycar.eu\/fr-webzine\/wp-content\/uploads\/medias\/2018_CARS_PICTURE00719-Copie-compressor-V2.jpg","type":"image\/jpeg"}],"author":"Gregoire LE BIHAN","twitter_card":"summary_large_image","twitter_misc":{"\u00c9crit par":"Gregoire LE BIHAN","Dur\u00e9e de lecture estim\u00e9e":"1 minute"},"schema":{"@context":"https:\/\/schema.org","@graph":[{"@type":"Article","@id":"https:\/\/www.bymycar.fr\/webzine\/quel-est-le-prix-de-la-mercedes-classe-a\/#article","isPartOf":{"@id":"https:\/\/www.bymycar.fr\/webzine\/quel-est-le-prix-de-la-mercedes-classe-a\/"},"author":{"name":"Gregoire LE BIHAN","@id":"https:\/\/www.bymycar.fr\/webzine\/#\/schema\/person\/8c56906440ec126868bd40232b3445f0"},"headline":"Quel est le prix de la Mercedes Classe A ?","datePublished":"2022-04-22T05:13:59+00:00","dateModified":"2025-12-10T08:44:09+00:00","mainEntityOfPage":{"@id":"https:\/\/www.bymycar.fr\/webzine\/quel-est-le-prix-de-la-mercedes-classe-a\/"},"wordCount":9,"publisher":{"@id":"https:\/\/www.bymycar.fr\/webzine\/#organization"},"image":{"@id":"https:\/\/www.bymycar.fr\/webzine\/quel-est-le-prix-de-la-mercedes-classe-a\/#primaryimage"},"thumbnailUrl":"https:\/\/cdn.bymycar.eu\/fr-webzine\/wp-content\/uploads\/medias\/2018_CARS_PICTURE00719-Copie-compressor-V2.jpg","articleSection":["Guide d'achat","Guide d'achat Mercedes Classe A"],"inLanguage":"fr-FR"},{"@type":"WebPage","@id":"https:\/\/www.bymycar.fr\/webzine\/quel-est-le-prix-de-la-mercedes-classe-a\/","url":"https:\/\/www.bymycar.fr\/webzine\/quel-est-le-prix-de-la-mercedes-classe-a\/","name":"Quel est le prix de la Mercedes Classe A ?","isPartOf":{"@id":"https:\/\/www.bymycar.fr\/webzine\/#website"},"primaryImageOfPage":{"@id":"https:\/\/www.bymycar.fr\/webzine\/quel-est-le-prix-de-la-mercedes-classe-a\/#primaryimage"},"image":{"@id":"https:\/\/www.bymycar.fr\/webzine\/quel-est-le-prix-de-la-mercedes-classe-a\/#primaryimage"},"thumbnailUrl":"https:\/\/cdn.bymycar.eu\/fr-webzine\/wp-content\/uploads\/medias\/2018_CARS_PICTURE00719-Copie-compressor-V2.jpg","datePublished":"2022-04-22T05:13:59+00:00","dateModified":"2025-12-10T08:44:09+00:00","description":"Vous souhaitez acqu\u00e9rir une Mercedes Classe A prochainement ? Vous vous demandez quel budget pr\u00e9voir ?","breadcrumb":{"@id":"https:\/\/www.bymycar.fr\/webzine\/quel-est-le-prix-de-la-mercedes-classe-a\/#breadcrumb"},"inLanguage":"fr-FR","potentialAction":[{"@type":"ReadAction","target":["https:\/\/www.bymycar.fr\/webzine\/quel-est-le-prix-de-la-mercedes-classe-a\/"]}]},{"@type":"ImageObject","inLanguage":"fr-FR","@id":"https:\/\/www.bymycar.fr\/webzine\/quel-est-le-prix-de-la-mercedes-classe-a\/#primaryimage","url":"https:\/\/cdn.bymycar.eu\/fr-webzine\/wp-content\/uploads\/medias\/2018_CARS_PICTURE00719-Copie-compressor-V2.jpg","contentUrl":"https:\/\/cdn.bymycar.eu\/fr-webzine\/wp-content\/uploads\/medias\/2018_CARS_PICTURE00719-Copie-compressor-V2.jpg","width":2560,"height":1524,"caption":"Mercedes Classe A"},{"@type":"BreadcrumbList","@id":"https:\/\/www.bymycar.fr\/webzine\/quel-est-le-prix-de-la-mercedes-classe-a\/#breadcrumb","itemListElement":[{"@type":"ListItem","position":1,"name":"Accueil","item":"https:\/\/www.bymycar.fr\/webzine\/"},{"@type":"ListItem","position":2,"name":"Quel est le prix de la Mercedes Classe A ?"}]},{"@type":"WebSite","@id":"https:\/\/www.bymycar.fr\/webzine\/#website","url":"https:\/\/www.bymycar.fr\/webzine\/","name":"Webzine auto BYmyCAR","description":"La magazine auto de BYmyCAR","publisher":{"@id":"https:\/\/www.bymycar.fr\/webzine\/#organization"},"potentialAction":[{"@type":"SearchAction","target":{"@type":"EntryPoint","urlTemplate":"https:\/\/www.bymycar.fr\/webzine\/?s={search_term_string}"},"query-input":{"@type":"PropertyValueSpecification","valueRequired":true,"valueName":"search_term_string"}}],"inLanguage":"fr-FR"},{"@type":"Organization","@id":"https:\/\/www.bymycar.fr\/webzine\/#organization","name":"BYmyCAR","url":"https:\/\/www.bymycar.fr\/webzine\/","logo":{"@type":"ImageObject","inLanguage":"fr-FR","@id":"https:\/\/www.bymycar.fr\/webzine\/#\/schema\/logo\/image\/","url":"https:\/\/cdn.bymycar.eu\/fr-webzine\/wp-content\/uploads\/medias\/2017\/08\/logo_DEALER_00000406_001.png","contentUrl":"https:\/\/cdn.bymycar.eu\/fr-webzine\/wp-content\/uploads\/medias\/2017\/08\/logo_DEALER_00000406_001.png","width":2132,"height":720,"caption":"BYmyCAR"},"image":{"@id":"https:\/\/www.bymycar.fr\/webzine\/#\/schema\/logo\/image\/"}},{"@type":"Person","@id":"https:\/\/www.bymycar.fr\/webzine\/#\/schema\/person\/8c56906440ec126868bd40232b3445f0","name":"Gregoire LE BIHAN","image":{"@type":"ImageObject","inLanguage":"fr-FR","@id":"https:\/\/www.bymycar.fr\/webzine\/#\/schema\/person\/image\/","url":"https:\/\/secure.gravatar.com\/avatar\/1356d71f3c6eed50de358ba425c9944b742a0d35f88e0d5f8afe88fdac525492?s=96&d=mm&r=g","contentUrl":"https:\/\/secure.gravatar.com\/avatar\/1356d71f3c6eed50de358ba425c9944b742a0d35f88e0d5f8afe88fdac525492?s=96&d=mm&r=g","caption":"Gregoire LE BIHAN"}}]}},"_links":{"self":[{"href":"https:\/\/www.bymycar.fr\/webzine\/wp-json\/wp\/v2\/posts\/27667","targetHints":{"allow":["GET"]}}],"collection":[{"href":"https:\/\/www.bymycar.fr\/webzine\/wp-json\/wp\/v2\/posts"}],"about":[{"href":"https:\/\/www.bymycar.fr\/webzine\/wp-json\/wp\/v2\/types\/post"}],"author":[{"embeddable":true,"href":"https:\/\/www.bymycar.fr\/webzine\/wp-json\/wp\/v2\/users\/9"}],"replies":[{"embeddable":true,"href":"https:\/\/www.bymycar.fr\/webzine\/wp-json\/wp\/v2\/comments?post=27667"}],"version-history":[{"count":7,"href":"https:\/\/www.bymycar.fr\/webzine\/wp-json\/wp\/v2\/posts\/27667\/revisions"}],"predecessor-version":[{"id":62651,"href":"https:\/\/www.bymycar.fr\/webzine\/wp-json\/wp\/v2\/posts\/27667\/revisions\/62651"}],"wp:featuredmedia":[{"embeddable":true,"href":"https:\/\/www.bymycar.fr\/webzine\/wp-json\/wp\/v2\/media\/30009"}],"wp:attachment":[{"href":"https:\/\/www.bymycar.fr\/webzine\/wp-json\/wp\/v2\/media?parent=27667"}],"wp:term":[{"taxonomy":"category","embeddable":true,"href":"https:\/\/www.bymycar.fr\/webzine\/wp-json\/wp\/v2\/categories?post=27667"},{"taxonomy":"post_tag","embeddable":true,"href":"https:\/\/www.bymycar.fr\/webzine\/wp-json\/wp\/v2\/tags?post=27667"}],"curies":[{"name":"wp","href":"https:\/\/api.w.org\/{rel}","templated":true}]}}