{"id":27559,"date":"2022-04-22T06:28:40","date_gmt":"2022-04-22T04:28:40","guid":{"rendered":"https:\/\/prod.bymycar.fr\/webzine\/?p=27559"},"modified":"2023-01-11T15:26:24","modified_gmt":"2023-01-11T14:26:24","slug":"comment-connaitre-la-finition-de-sa-bmw","status":"publish","type":"post","link":"https:\/\/www.bymycar.fr\/webzine\/comment-connaitre-la-finition-de-sa-bmw\/","title":{"rendered":"Comment conna\u00eetre la finition de sa BMW ?"},"content":{"rendered":"","protected":false},"excerpt":{"rendered":"","protected":false},"author":9,"featured_media":18141,"comment_status":"closed","ping_status":"open","sticky":false,"template":"","format":"standard","meta":{"_acf_changed":false,"footnotes":""},"categories":[12893,12898],"tags":[],"class_list":["post-27559","post","type-post","status-publish","format-standard","has-post-thumbnail","hentry","category-guide-dachat","category-guide-dachat-bmw"],"acf":{"template":"classique","introduction":"<p style=\"text-align: justify;\"><span style=\"font-weight: 400;\">Il n\u2019est pas toujours \u00e9vident de reconna\u00eetre la version de sa <a href=\"https:\/\/www.bymycar.fr\/marques\/bmw\">BMW<\/a>, surtout si celle-ci a \u00e9t\u00e9 achet\u00e9e en <a href=\"https:\/\/www.bymycar.fr\/v\/bmw-occasion\">occasion<\/a>. Heureusement, il existe des moyens pour retrouver la finition de son v\u00e9hicule. BYmyCAR vous explique tout.<\/span><\/p>\n<p>&nbsp;<\/p>\n<p>&nbsp;<\/p>\n<p style=\"text-align: center;\"><a href=\"https:\/\/www.bymycar.fr\/rechercher-un-vehicule?prod_VEHICLES%5BrefinementList%5D%5Bbrand%5D%5B0%5D=BMW&amp;prod_VEHICLES%5BrefinementList%5D%5Bbrand%5D%5B1%5D=BMW%20i\" target=\"_blank\" class=\"css-button css-button--gold\" >\n                D\u00e9couvrez nos voitures BMW &gt;\n        <\/a><\/p>\n","strates":[{"type_strate":"texte-simple","ancre":"","contenu":"<h2 style=\"text-align: justify;\"><b>Liste des mod\u00e8les de voitures r\u00e9centes de BMW<\/b><\/h2>\n<p style=\"text-align: justify;\"><span style=\"font-weight: 400;\">Beaucoup d\u2019automobilistes ont du mal \u00e0 reconna\u00eetre la version de leur BMW. Cela s\u2019explique, surtout, par le fait qu\u2019il existe plusieurs mod\u00e8les produits par cette marque. En effet, BMW a d\u00e9velopp\u00e9 plus d\u2019une centaine de voitures depuis sa cr\u00e9ation. Rien que ces 20 derni\u00e8res ann\u00e9es, le constructeur automobile allemand en a commercialis\u00e9 plus d\u2019une vingtaine de mod\u00e8les. En voici quelques exemples :<\/span><\/p>\n<ul style=\"text-align: justify;\">\n<li style=\"font-weight: 400;\" aria-level=\"1\"><span style=\"font-weight: 400;\"><a href=\"https:\/\/www.bymycar.fr\/marques\/bmw\/x5\">BMW X 5<\/a> depuis 2000 ;<\/span><\/li>\n<li style=\"font-weight: 400;\" aria-level=\"1\"><span style=\"font-weight: 400;\"><a href=\"https:\/\/www.bymycar.fr\/marques\/bmw\/z4\">BMW Z4<\/a> et X3 depuis 2003 ;<\/span><\/li>\n<li style=\"font-weight: 400;\" aria-level=\"1\"><span style=\"font-weight: 400;\"><a href=\"https:\/\/www.bymycar.fr\/marques\/bmw\/serie-1\">BMW Serie 1<\/a> depuis 2004 ;<\/span><\/li>\n<li style=\"font-weight: 400;\" aria-level=\"1\"><span style=\"font-weight: 400;\"><a href=\"https:\/\/www.bymycar.fr\/marques\/bmw\/x6\">BMW X6<\/a> depuis 2008 ;<\/span><\/li>\n<li style=\"font-weight: 400;\" aria-level=\"1\"><span style=\"font-weight: 400;\"><a href=\"https:\/\/www.bymycar.fr\/marques\/bmw\/x1\">BMW X1<\/a> depuis 2009 ;<\/span><\/li>\n<li style=\"font-weight: 400;\" aria-level=\"1\"><span style=\"font-weight: 400;\"><a href=\"https:\/\/www.bymycar.fr\/marques\/bmw\/serie-2-coupe\">BMW Serie 2<\/a> et I3 depuis 2013 ;<\/span><\/li>\n<li style=\"font-weight: 400;\" aria-level=\"1\"><span style=\"font-weight: 400;\"><a href=\"https:\/\/www.bymycar.fr\/marques\/bmw\/x4\">BMW X4<\/a> depuis 2014 ;<\/span><\/li>\n<li style=\"font-weight: 400;\" aria-level=\"1\"><span style=\"font-weight: 400;\"><a href=\"https:\/\/www.bymycar.fr\/marques\/bmw\/x2\">BMW X2<\/a> depuis 2017 ;<\/span><\/li>\n<li style=\"font-weight: 400;\" aria-level=\"1\"><span style=\"font-weight: 400;\"><a href=\"https:\/\/www.bymycar.fr\/marques\/bmw\/x7\">BMW X7<\/a> depuis 2018 ;<\/span><\/li>\n<li style=\"font-weight: 400;\" aria-level=\"1\"><span style=\"font-weight: 400;\">BMW Ix depuis 2021 ;<\/span><\/li>\n<li style=\"font-weight: 400;\" aria-level=\"1\"><span style=\"font-weight: 400;\">Etc.<\/span><\/li>\n<\/ul>\n<p>&nbsp;<\/p>\n<h2 style=\"text-align: justify;\"><b>Pourquoi trouver la finition et le num\u00e9ro de s\u00e9rie sur le ch\u00e2ssis d&rsquo;un v\u00e9hicule ?<\/b><\/h2>\n<p style=\"text-align: justify;\"><span style=\"font-weight: 400;\">Conna\u00eetre le num\u00e9ro sur le ch\u00e2ssis et la version d\u2019une BMW est, surtout, utile lors du rachat et de la revente de la voiture en question. En effet, tous les v\u00e9hicules de BMW sont produits avec des niveaux de finition diff\u00e9rents d\u00e9finissant le nombre et les types d\u2019\u00e9quipements int\u00e9rieurs et ext\u00e9rieurs install\u00e9s. La connaissance de la finition de la voiture permet, donc, de d\u00e9finir facilement la s\u00e9rie de la voiture, les options disponibles sur la voiture et la couleur de la carrosserie. Ces informations sont utiles en cas de revente dans la mesure o\u00f9 il sera plus facile d\u2019expliquer \u00e0 un potentiel client ce qu\u2019il y a \u00e0 savoir sur la BMW. Si la voiture n\u2019est pas \u00e0 vendre, conna\u00eetre le niveau de finition permet de d\u00e9terminer les \u00e9quipements manquants, car la marque allemande propose r\u00e9guli\u00e8rement de nouvelles options pour ses mod\u00e8les.<\/span><\/p>\n<p>&nbsp;<\/p>\n<h2 style=\"text-align: justify;\"><b>Comment conna\u00eetre la version ou le mod\u00e8le de son v\u00e9hicule avec la carte grise, le num\u00e9ro de s\u00e9rie et d&rsquo;immatriculation ?<\/b><\/h2>\n<p style=\"text-align: justify;\"><span style=\"font-weight: 400;\">Il existe plusieurs moyens pour trouver la finition d\u2019une BMW ou de tout autre mod\u00e8le :<\/span><\/p>\n<ul style=\"text-align: justify;\">\n<li style=\"font-weight: 400;\" aria-level=\"1\"><span style=\"font-weight: 400;\">Utiliser la carte grise ;<\/span><\/li>\n<li style=\"font-weight: 400;\" aria-level=\"1\"><span style=\"font-weight: 400;\">Utiliser le num\u00e9ro de s\u00e9rie ;<\/span><\/li>\n<li style=\"font-weight: 400;\" aria-level=\"1\"><span style=\"font-weight: 400;\">Utiliser le num\u00e9ro d\u2019immatriculation.<\/span><\/li>\n<\/ul>\n<h3 style=\"text-align: justify;\"><b>Comment savoir quel est le mod\u00e8le de voiture avec la carte grise ?<\/b><\/h3>\n<p style=\"text-align: justify;\"><span style=\"font-weight: 400;\">Pour trouver une information sur une voiture, lire la carte grise doit \u00eatre un r\u00e9flexe. Ce document officiel sert de carte d\u2019identit\u00e9 pour le v\u00e9hicule. Il renferme de nombreux renseignements sur l\u2019identit\u00e9 de la BMW, notamment sa version. Pr\u00e9cis\u00e9ment, les informations qui vous int\u00e9ressent se trouvent \u00e0 la ligne D, rubrique D2 ou VVV, de la carte grise. Dans les meilleurs des cas, il suffit de lire cette section dite Variante Version du V\u00e9hicule pour trouver rapidement la finition de la voiture. \u00c0 noter qu\u2019il se peut qu\u2019elle soit vide, car le propri\u00e9taire d\u2019une voiture n\u2019est pas oblig\u00e9 de la compl\u00e9ter. Si c\u2019est le cas, il ne reste plus qu\u2019\u00e0 tenter les autres m\u00e9thodes.<\/span><\/p>\n<h3 style=\"text-align: justify;\"><b>Comment trouver la finition de sa voiture BMW avec le num\u00e9ro d\u2019immatriculation ou le BMW vin decoder ?<\/b><\/h3>\n<p style=\"text-align: justify;\"><span style=\"font-weight: 400;\">Outre la ligne D2, il faut trouver le num\u00e9ro d\u2019immatriculation \u00e0 la ligne A de la carte grise. Cette information peut \u00eatre utilis\u00e9e sur certains sites internet pour conna\u00eetre la version d\u2019une BMW. Il est \u00e9galement possible d\u2019ins\u00e9rer le num\u00e9ro de s\u00e9rie ou le code VIN de la BMW sur une plateforme proposant une BMW VIN decoder.<\/span><\/p>\n<p style=\"text-align: justify;\"><span style=\"font-weight: 400;\">Dans certains cas, la version de la BMW est indiqu\u00e9e dans le carnet d\u2019entretien. Il faut aussi penser \u00e0 le v\u00e9rifier avant de contacter un garagiste ou un concessionnaire.<\/span><\/p>\n<p style=\"text-align: justify;\">Pour toute interrogation, nos experts sont disponible pour vous aider dans les <a href=\"https:\/\/www.bymycar.fr\/concessions\/bmw\">concessions BMW BYmyCAR<\/a> proches de chez vous.<\/p>\n<p>&nbsp;<\/p>\n<p>&nbsp;<\/p>\n<p>&nbsp;<\/p>\n<p style=\"text-align: center;\"><a href=\"https:\/\/www.bymycar.fr\/rechercher-un-vehicule?prod_VEHICLES%5BrefinementList%5D%5Bbrand%5D%5B0%5D=BMW&amp;prod_VEHICLES%5BrefinementList%5D%5Bbrand%5D%5B1%5D=BMW%20i\" target=\"_blank\" class=\"css-button css-button--gold\" >\n                D\u00e9couvrez nos voitures BMW &gt;\n        <\/a><\/p>\n<p>&nbsp;<\/p>\n<p>&nbsp;<\/p>\n<p>&nbsp;<\/p>\n<p><a href=\"https:\/\/www.bymycar.fr\/webzine\/quelles-bmw-sont-a-traction-ou-propulsion\/\">Quelles bmw sont \u00e0 traction ou propulsion ?<\/a><\/p>\n<p>&nbsp;<\/p>\n","titre":"Comment conna\u00eetre la finition de sa BMW","image":false,"image_libre":false,"image_800x500":false,"legende":"","zoom":false,"texte":"","articles":false,"categorie_droite":false,"images":false,"elements_comparatif":false,"texte_1":"","texte_2":"","image_1":false,"image_1_563x400":false,"image_1_332x332":false,"image_2":false,"image_2_333x240":false,"image_2_563x400":false,"image_3":false,"image_3_333x240":false,"image_3_332x450":false,"image_4":false,"image_4_332x332":false,"image_4_563x400":false,"code_embed":"","legende_video":"","photo":false,"photo_100x100":false,"nom":"","fonction":"","elements_timeline":false,"entetes_colonnes":false,"entetes_lignes":false,"lignes":false,"introduction":"","formulaire":false,"question":"","reponse":"","libelle_bouton_lien":"","url_lien":"","questions":false,"conclusions":false,"pays":false,"region":false,"marque":false,"marqueConcessions":false,"modele":false,"ptvente":false,"typeV":false,"collection":false,"nombre_maximum_elements":10,"lien_fin_carousel":"","texte_lien_fin_carousel":"","trier_par":false}],"is_old_post":false,"image":{"ID":18141,"id":18141,"title":"BMW iX3","filename":"PHOTO-1-BMW-iX3.jpg","filesize":1,"url":"https:\/\/cdn.bymycar.eu\/fr-webzine\/wp-content\/uploads\/medias\/PHOTO-1-BMW-iX3.jpg","link":"https:\/\/www.bymycar.fr\/webzine\/the-ix3-la-nouvelle-bmw-ix3\/photo-1-bmw-ix3\/","alt":"BMW iX3","author":"9","description":"","caption":"","name":"photo-1-bmw-ix3","status":"inherit","uploaded_to":18140,"date":"2021-09-08 09:55:26","modified":"2021-09-08 10:02:02","menu_order":0,"mime_type":"image\/jpeg","type":"image","subtype":"jpeg","icon":"https:\/\/www.bymycar.fr\/webzine\/wp-includes\/images\/media\/default.png","width":1500,"height":1000,"sizes":{"thumbnail":"https:\/\/cdn.bymycar.eu\/fr-webzine\/wp-content\/uploads\/medias\/PHOTO-1-BMW-iX3-150x150.jpg","thumbnail-width":150,"thumbnail-height":150,"medium":"https:\/\/cdn.bymycar.eu\/fr-webzine\/wp-content\/uploads\/medias\/PHOTO-1-BMW-iX3-300x200.jpg","medium-width":300,"medium-height":200,"medium_large":"https:\/\/cdn.bymycar.eu\/fr-webzine\/wp-content\/uploads\/medias\/PHOTO-1-BMW-iX3-768x512.jpg","medium_large-width":768,"medium_large-height":512,"large":"https:\/\/cdn.bymycar.eu\/fr-webzine\/wp-content\/uploads\/medias\/PHOTO-1-BMW-iX3-1024x683.jpg","large-width":1024,"large-height":683,"1536x1536":"https:\/\/cdn.bymycar.eu\/fr-webzine\/wp-content\/uploads\/medias\/PHOTO-1-BMW-iX3.jpg","1536x1536-width":1500,"1536x1536-height":1000,"2048x2048":"https:\/\/cdn.bymycar.eu\/fr-webzine\/wp-content\/uploads\/medias\/PHOTO-1-BMW-iX3.jpg","2048x2048-width":1500,"2048x2048-height":1000}},"page_content":{"block_content":[{"acf_fc_layout":"text-simple","--nav":{"-withNav":false,"-ancre":""},"--group":{"-text":"<h2 style=\"text-align: justify;\"><b>Liste des mod\u00e8les de voitures r\u00e9centes de BMW<\/b><\/h2>\n<p style=\"text-align: justify;\"><span style=\"font-weight: 400;\">Beaucoup d\u2019automobilistes ont du mal \u00e0 reconna\u00eetre la version de leur BMW. Cela s\u2019explique, surtout, par le fait qu\u2019il existe plusieurs mod\u00e8les produits par cette marque. En effet, BMW a d\u00e9velopp\u00e9 plus d\u2019une centaine de voitures depuis sa cr\u00e9ation. Rien que ces 20 derni\u00e8res ann\u00e9es, le constructeur automobile allemand en a commercialis\u00e9 plus d\u2019une vingtaine de mod\u00e8les. En voici quelques exemples :<\/span><\/p>\n<ul style=\"text-align: justify;\">\n<li style=\"font-weight: 400;\" aria-level=\"1\"><span style=\"font-weight: 400;\"><a href=\"https:\/\/www.bymycar.fr\/marques\/bmw\/x5\">BMW X 5<\/a> depuis 2000 ;<\/span><\/li>\n<li style=\"font-weight: 400;\" aria-level=\"1\"><span style=\"font-weight: 400;\"><a href=\"https:\/\/www.bymycar.fr\/marques\/bmw\/z4\">BMW Z4<\/a> et X3 depuis 2003 ;<\/span><\/li>\n<li style=\"font-weight: 400;\" aria-level=\"1\"><span style=\"font-weight: 400;\"><a href=\"https:\/\/www.bymycar.fr\/marques\/bmw\/serie-1\">BMW Serie 1<\/a> depuis 2004 ;<\/span><\/li>\n<li style=\"font-weight: 400;\" aria-level=\"1\"><span style=\"font-weight: 400;\"><a href=\"https:\/\/www.bymycar.fr\/marques\/bmw\/x6\">BMW X6<\/a> depuis 2008 ;<\/span><\/li>\n<li style=\"font-weight: 400;\" aria-level=\"1\"><span style=\"font-weight: 400;\"><a href=\"https:\/\/www.bymycar.fr\/marques\/bmw\/x1\">BMW X1<\/a> depuis 2009 ;<\/span><\/li>\n<li style=\"font-weight: 400;\" aria-level=\"1\"><span style=\"font-weight: 400;\"><a href=\"https:\/\/www.bymycar.fr\/marques\/bmw\/serie-2-coupe\">BMW Serie 2<\/a> et I3 depuis 2013 ;<\/span><\/li>\n<li style=\"font-weight: 400;\" aria-level=\"1\"><span style=\"font-weight: 400;\"><a href=\"https:\/\/www.bymycar.fr\/marques\/bmw\/x4\">BMW X4<\/a> depuis 2014 ;<\/span><\/li>\n<li style=\"font-weight: 400;\" aria-level=\"1\"><span style=\"font-weight: 400;\"><a href=\"https:\/\/www.bymycar.fr\/marques\/bmw\/x2\">BMW X2<\/a> depuis 2017 ;<\/span><\/li>\n<li style=\"font-weight: 400;\" aria-level=\"1\"><span style=\"font-weight: 400;\"><a href=\"https:\/\/www.bymycar.fr\/marques\/bmw\/x7\">BMW X7<\/a> depuis 2018 ;<\/span><\/li>\n<li style=\"font-weight: 400;\" aria-level=\"1\"><span style=\"font-weight: 400;\">BMW Ix depuis 2021 ;<\/span><\/li>\n<li style=\"font-weight: 400;\" aria-level=\"1\"><span style=\"font-weight: 400;\">Etc.<\/span><\/li>\n<\/ul>\n<p>&nbsp;<\/p>\n<h2 style=\"text-align: justify;\"><b>Pourquoi trouver la finition et le num\u00e9ro de s\u00e9rie sur le ch\u00e2ssis d&rsquo;un v\u00e9hicule ?<\/b><\/h2>\n<p style=\"text-align: justify;\"><span style=\"font-weight: 400;\">Conna\u00eetre le num\u00e9ro sur le ch\u00e2ssis et la version d\u2019une BMW est, surtout, utile lors du rachat et de la revente de la voiture en question. En effet, tous les v\u00e9hicules de BMW sont produits avec des niveaux de finition diff\u00e9rents d\u00e9finissant le nombre et les types d\u2019\u00e9quipements int\u00e9rieurs et ext\u00e9rieurs install\u00e9s. La connaissance de la finition de la voiture permet, donc, de d\u00e9finir facilement la s\u00e9rie de la voiture, les options disponibles sur la voiture et la couleur de la carrosserie. Ces informations sont utiles en cas de revente dans la mesure o\u00f9 il sera plus facile d\u2019expliquer \u00e0 un potentiel client ce qu\u2019il y a \u00e0 savoir sur la BMW. Si la voiture n\u2019est pas \u00e0 vendre, conna\u00eetre le niveau de finition permet de d\u00e9terminer les \u00e9quipements manquants, car la marque allemande propose r\u00e9guli\u00e8rement de nouvelles options pour ses mod\u00e8les.<\/span><\/p>\n<p>&nbsp;<\/p>\n<h2 style=\"text-align: justify;\"><b>Comment conna\u00eetre la version ou le mod\u00e8le de son v\u00e9hicule avec la carte grise, le num\u00e9ro de s\u00e9rie et d&rsquo;immatriculation ?<\/b><\/h2>\n<p style=\"text-align: justify;\"><span style=\"font-weight: 400;\">Il existe plusieurs moyens pour trouver la finition d\u2019une BMW ou de tout autre mod\u00e8le :<\/span><\/p>\n<ul style=\"text-align: justify;\">\n<li style=\"font-weight: 400;\" aria-level=\"1\"><span style=\"font-weight: 400;\">Utiliser la carte grise ;<\/span><\/li>\n<li style=\"font-weight: 400;\" aria-level=\"1\"><span style=\"font-weight: 400;\">Utiliser le num\u00e9ro de s\u00e9rie ;<\/span><\/li>\n<li style=\"font-weight: 400;\" aria-level=\"1\"><span style=\"font-weight: 400;\">Utiliser le num\u00e9ro d\u2019immatriculation.<\/span><\/li>\n<\/ul>\n<h3 style=\"text-align: justify;\"><b>Comment savoir quel est le mod\u00e8le de voiture avec la carte grise ?<\/b><\/h3>\n<p style=\"text-align: justify;\"><span style=\"font-weight: 400;\">Pour trouver une information sur une voiture, lire la carte grise doit \u00eatre un r\u00e9flexe. Ce document officiel sert de carte d\u2019identit\u00e9 pour le v\u00e9hicule. Il renferme de nombreux renseignements sur l\u2019identit\u00e9 de la BMW, notamment sa version. Pr\u00e9cis\u00e9ment, les informations qui vous int\u00e9ressent se trouvent \u00e0 la ligne D, rubrique D2 ou VVV, de la carte grise. Dans les meilleurs des cas, il suffit de lire cette section dite Variante Version du V\u00e9hicule pour trouver rapidement la finition de la voiture. \u00c0 noter qu\u2019il se peut qu\u2019elle soit vide, car le propri\u00e9taire d\u2019une voiture n\u2019est pas oblig\u00e9 de la compl\u00e9ter. Si c\u2019est le cas, il ne reste plus qu\u2019\u00e0 tenter les autres m\u00e9thodes.<\/span><\/p>\n<h3 style=\"text-align: justify;\"><b>Comment trouver la finition de sa voiture BMW avec le num\u00e9ro d\u2019immatriculation ou le BMW vin decoder ?<\/b><\/h3>\n<p style=\"text-align: justify;\"><span style=\"font-weight: 400;\">Outre la ligne D2, il faut trouver le num\u00e9ro d\u2019immatriculation \u00e0 la ligne A de la carte grise. Cette information peut \u00eatre utilis\u00e9e sur certains sites internet pour conna\u00eetre la version d\u2019une BMW. Il est \u00e9galement possible d\u2019ins\u00e9rer le num\u00e9ro de s\u00e9rie ou le code VIN de la BMW sur une plateforme proposant une BMW VIN decoder.<\/span><\/p>\n<p style=\"text-align: justify;\"><span style=\"font-weight: 400;\">Dans certains cas, la version de la BMW est indiqu\u00e9e dans le carnet d\u2019entretien. Il faut aussi penser \u00e0 le v\u00e9rifier avant de contacter un garagiste ou un concessionnaire.<\/span><\/p>\n<p style=\"text-align: justify;\">Pour toute interrogation, nos experts sont disponible pour vous aider dans les <a href=\"https:\/\/www.bymycar.fr\/concessions\/bmw\">concessions BMW BYmyCAR<\/a> proches de chez vous.<\/p>\n<p>&nbsp;<\/p>\n<p>&nbsp;<\/p>\n<p>&nbsp;<\/p>\n<p style=\"text-align: center;\"><a href=\"https:\/\/www.bymycar.fr\/rechercher-un-vehicule?prod_VEHICLES%5BrefinementList%5D%5Bbrand%5D%5B0%5D=BMW&amp;prod_VEHICLES%5BrefinementList%5D%5Bbrand%5D%5B1%5D=BMW%20i\" target=\"_blank\" class=\"css-button css-button--gold\" ><br \/>\n                D\u00e9couvrez nos voitures BMW &gt;<br \/>\n        <\/a><\/p>\n<p>&nbsp;<\/p>\n<p>&nbsp;<\/p>\n<p>&nbsp;<\/p>\n<p><a href=\"https:\/\/www.bymycar.fr\/webzine\/quelles-bmw-sont-a-traction-ou-propulsion\/\">Quelles bmw sont \u00e0 traction ou propulsion ?<\/a><\/p>\n<p>&nbsp;<\/p>\n"}}]},"add-carousel-to-footer":true},"yoast_head":"<!-- This site is optimized with the Yoast SEO Premium plugin v26.4 (Yoast SEO v26.4) - https:\/\/yoast.com\/wordpress\/plugins\/seo\/ -->\n<title>Comment conna\u00eetre la finition de sa BMW ?<\/title>\n<meta name=\"description\" content=\"Il n\u2019est pas toujours \u00e9vident de reconna\u00eetre la version de sa BMW, surtout si celle-ci a \u00e9t\u00e9 achet\u00e9e en occasion.\" \/>\n<meta name=\"robots\" content=\"index, follow, max-snippet:-1, max-image-preview:large, max-video-preview:-1\" \/>\n<link rel=\"canonical\" href=\"https:\/\/www.bymycar.fr\/webzine\/comment-connaitre-la-finition-de-sa-bmw\/\" \/>\n<meta property=\"og:locale\" content=\"fr_FR\" \/>\n<meta property=\"og:type\" content=\"article\" \/>\n<meta property=\"og:title\" content=\"Comment conna\u00eetre la finition de sa BMW ?\" \/>\n<meta property=\"og:description\" content=\"Il n\u2019est pas toujours \u00e9vident de reconna\u00eetre la version de sa BMW, surtout si celle-ci a \u00e9t\u00e9 achet\u00e9e en occasion.\" \/>\n<meta property=\"og:url\" content=\"https:\/\/www.bymycar.fr\/webzine\/comment-connaitre-la-finition-de-sa-bmw\/\" \/>\n<meta property=\"og:site_name\" content=\"Webzine auto BYmyCAR\" \/>\n<meta property=\"article:published_time\" content=\"2022-04-22T04:28:40+00:00\" \/>\n<meta property=\"article:modified_time\" content=\"2023-01-11T14:26:24+00:00\" \/>\n<meta property=\"og:image\" content=\"https:\/\/cdn.bymycar.eu\/fr-webzine\/wp-content\/uploads\/medias\/PHOTO-1-BMW-iX3.jpg\" \/>\n\t<meta property=\"og:image:width\" content=\"1500\" \/>\n\t<meta property=\"og:image:height\" content=\"1000\" \/>\n\t<meta property=\"og:image:type\" content=\"image\/jpeg\" \/>\n<meta name=\"author\" content=\"Gregoire LE BIHAN\" \/>\n<meta name=\"twitter:card\" content=\"summary_large_image\" \/>\n<meta name=\"twitter:label1\" content=\"\u00c9crit par\" \/>\n\t<meta name=\"twitter:data1\" content=\"Gregoire LE BIHAN\" \/>\n<script type=\"application\/ld+json\" class=\"yoast-schema-graph\">{\"@context\":\"https:\/\/schema.org\",\"@graph\":[{\"@type\":\"Article\",\"@id\":\"https:\/\/www.bymycar.fr\/webzine\/comment-connaitre-la-finition-de-sa-bmw\/#article\",\"isPartOf\":{\"@id\":\"https:\/\/www.bymycar.fr\/webzine\/comment-connaitre-la-finition-de-sa-bmw\/\"},\"author\":{\"name\":\"Gregoire LE BIHAN\",\"@id\":\"https:\/\/www.bymycar.fr\/webzine\/#\/schema\/person\/8c56906440ec126868bd40232b3445f0\"},\"headline\":\"Comment conna\u00eetre la finition de sa BMW ?\",\"datePublished\":\"2022-04-22T04:28:40+00:00\",\"dateModified\":\"2023-01-11T14:26:24+00:00\",\"mainEntityOfPage\":{\"@id\":\"https:\/\/www.bymycar.fr\/webzine\/comment-connaitre-la-finition-de-sa-bmw\/\"},\"wordCount\":8,\"publisher\":{\"@id\":\"https:\/\/www.bymycar.fr\/webzine\/#organization\"},\"image\":{\"@id\":\"https:\/\/www.bymycar.fr\/webzine\/comment-connaitre-la-finition-de-sa-bmw\/#primaryimage\"},\"thumbnailUrl\":\"https:\/\/cdn.bymycar.eu\/fr-webzine\/wp-content\/uploads\/medias\/PHOTO-1-BMW-iX3.jpg\",\"articleSection\":[\"Guide d'achat\",\"Guide d'achat BMW\"],\"inLanguage\":\"fr-FR\"},{\"@type\":\"WebPage\",\"@id\":\"https:\/\/www.bymycar.fr\/webzine\/comment-connaitre-la-finition-de-sa-bmw\/\",\"url\":\"https:\/\/www.bymycar.fr\/webzine\/comment-connaitre-la-finition-de-sa-bmw\/\",\"name\":\"Comment conna\u00eetre la finition de sa BMW ?\",\"isPartOf\":{\"@id\":\"https:\/\/www.bymycar.fr\/webzine\/#website\"},\"primaryImageOfPage\":{\"@id\":\"https:\/\/www.bymycar.fr\/webzine\/comment-connaitre-la-finition-de-sa-bmw\/#primaryimage\"},\"image\":{\"@id\":\"https:\/\/www.bymycar.fr\/webzine\/comment-connaitre-la-finition-de-sa-bmw\/#primaryimage\"},\"thumbnailUrl\":\"https:\/\/cdn.bymycar.eu\/fr-webzine\/wp-content\/uploads\/medias\/PHOTO-1-BMW-iX3.jpg\",\"datePublished\":\"2022-04-22T04:28:40+00:00\",\"dateModified\":\"2023-01-11T14:26:24+00:00\",\"description\":\"Il n\u2019est pas toujours \u00e9vident de reconna\u00eetre la version de sa BMW, surtout si celle-ci a \u00e9t\u00e9 achet\u00e9e en occasion.\",\"breadcrumb\":{\"@id\":\"https:\/\/www.bymycar.fr\/webzine\/comment-connaitre-la-finition-de-sa-bmw\/#breadcrumb\"},\"inLanguage\":\"fr-FR\",\"potentialAction\":[{\"@type\":\"ReadAction\",\"target\":[\"https:\/\/www.bymycar.fr\/webzine\/comment-connaitre-la-finition-de-sa-bmw\/\"]}]},{\"@type\":\"ImageObject\",\"inLanguage\":\"fr-FR\",\"@id\":\"https:\/\/www.bymycar.fr\/webzine\/comment-connaitre-la-finition-de-sa-bmw\/#primaryimage\",\"url\":\"https:\/\/cdn.bymycar.eu\/fr-webzine\/wp-content\/uploads\/medias\/PHOTO-1-BMW-iX3.jpg\",\"contentUrl\":\"https:\/\/cdn.bymycar.eu\/fr-webzine\/wp-content\/uploads\/medias\/PHOTO-1-BMW-iX3.jpg\",\"width\":1500,\"height\":1000,\"caption\":\"BMW iX3\"},{\"@type\":\"BreadcrumbList\",\"@id\":\"https:\/\/www.bymycar.fr\/webzine\/comment-connaitre-la-finition-de-sa-bmw\/#breadcrumb\",\"itemListElement\":[{\"@type\":\"ListItem\",\"position\":1,\"name\":\"Accueil\",\"item\":\"https:\/\/www.bymycar.fr\/webzine\/\"},{\"@type\":\"ListItem\",\"position\":2,\"name\":\"Comment conna\u00eetre la finition de sa BMW ?\"}]},{\"@type\":\"WebSite\",\"@id\":\"https:\/\/www.bymycar.fr\/webzine\/#website\",\"url\":\"https:\/\/www.bymycar.fr\/webzine\/\",\"name\":\"Webzine auto BYmyCAR\",\"description\":\"La magazine auto de BYmyCAR\",\"publisher\":{\"@id\":\"https:\/\/www.bymycar.fr\/webzine\/#organization\"},\"potentialAction\":[{\"@type\":\"SearchAction\",\"target\":{\"@type\":\"EntryPoint\",\"urlTemplate\":\"https:\/\/www.bymycar.fr\/webzine\/?s={search_term_string}\"},\"query-input\":{\"@type\":\"PropertyValueSpecification\",\"valueRequired\":true,\"valueName\":\"search_term_string\"}}],\"inLanguage\":\"fr-FR\"},{\"@type\":\"Organization\",\"@id\":\"https:\/\/www.bymycar.fr\/webzine\/#organization\",\"name\":\"BYmyCAR\",\"url\":\"https:\/\/www.bymycar.fr\/webzine\/\",\"logo\":{\"@type\":\"ImageObject\",\"inLanguage\":\"fr-FR\",\"@id\":\"https:\/\/www.bymycar.fr\/webzine\/#\/schema\/logo\/image\/\",\"url\":\"https:\/\/cdn.bymycar.eu\/fr-webzine\/wp-content\/uploads\/medias\/2017\/08\/logo_DEALER_00000406_001.png\",\"contentUrl\":\"https:\/\/cdn.bymycar.eu\/fr-webzine\/wp-content\/uploads\/medias\/2017\/08\/logo_DEALER_00000406_001.png\",\"width\":2132,\"height\":720,\"caption\":\"BYmyCAR\"},\"image\":{\"@id\":\"https:\/\/www.bymycar.fr\/webzine\/#\/schema\/logo\/image\/\"}},{\"@type\":\"Person\",\"@id\":\"https:\/\/www.bymycar.fr\/webzine\/#\/schema\/person\/8c56906440ec126868bd40232b3445f0\",\"name\":\"Gregoire LE BIHAN\",\"image\":{\"@type\":\"ImageObject\",\"inLanguage\":\"fr-FR\",\"@id\":\"https:\/\/www.bymycar.fr\/webzine\/#\/schema\/person\/image\/\",\"url\":\"https:\/\/secure.gravatar.com\/avatar\/1356d71f3c6eed50de358ba425c9944b742a0d35f88e0d5f8afe88fdac525492?s=96&d=mm&r=g\",\"contentUrl\":\"https:\/\/secure.gravatar.com\/avatar\/1356d71f3c6eed50de358ba425c9944b742a0d35f88e0d5f8afe88fdac525492?s=96&d=mm&r=g\",\"caption\":\"Gregoire LE BIHAN\"}}]}<\/script>\n<!-- \/ Yoast SEO Premium plugin. -->","yoast_head_json":{"title":"Comment conna\u00eetre la finition de sa BMW ?","description":"Il n\u2019est pas toujours \u00e9vident de reconna\u00eetre la version de sa BMW, surtout si celle-ci a \u00e9t\u00e9 achet\u00e9e en occasion.","robots":{"index":"index","follow":"follow","max-snippet":"max-snippet:-1","max-image-preview":"max-image-preview:large","max-video-preview":"max-video-preview:-1"},"canonical":"https:\/\/www.bymycar.fr\/webzine\/comment-connaitre-la-finition-de-sa-bmw\/","og_locale":"fr_FR","og_type":"article","og_title":"Comment conna\u00eetre la finition de sa BMW ?","og_description":"Il n\u2019est pas toujours \u00e9vident de reconna\u00eetre la version de sa BMW, surtout si celle-ci a \u00e9t\u00e9 achet\u00e9e en occasion.","og_url":"https:\/\/www.bymycar.fr\/webzine\/comment-connaitre-la-finition-de-sa-bmw\/","og_site_name":"Webzine auto BYmyCAR","article_published_time":"2022-04-22T04:28:40+00:00","article_modified_time":"2023-01-11T14:26:24+00:00","og_image":[{"width":1500,"height":1000,"url":"https:\/\/cdn.bymycar.eu\/fr-webzine\/wp-content\/uploads\/medias\/PHOTO-1-BMW-iX3.jpg","type":"image\/jpeg"}],"author":"Gregoire LE BIHAN","twitter_card":"summary_large_image","twitter_misc":{"\u00c9crit par":"Gregoire LE BIHAN"},"schema":{"@context":"https:\/\/schema.org","@graph":[{"@type":"Article","@id":"https:\/\/www.bymycar.fr\/webzine\/comment-connaitre-la-finition-de-sa-bmw\/#article","isPartOf":{"@id":"https:\/\/www.bymycar.fr\/webzine\/comment-connaitre-la-finition-de-sa-bmw\/"},"author":{"name":"Gregoire LE BIHAN","@id":"https:\/\/www.bymycar.fr\/webzine\/#\/schema\/person\/8c56906440ec126868bd40232b3445f0"},"headline":"Comment conna\u00eetre la finition de sa BMW ?","datePublished":"2022-04-22T04:28:40+00:00","dateModified":"2023-01-11T14:26:24+00:00","mainEntityOfPage":{"@id":"https:\/\/www.bymycar.fr\/webzine\/comment-connaitre-la-finition-de-sa-bmw\/"},"wordCount":8,"publisher":{"@id":"https:\/\/www.bymycar.fr\/webzine\/#organization"},"image":{"@id":"https:\/\/www.bymycar.fr\/webzine\/comment-connaitre-la-finition-de-sa-bmw\/#primaryimage"},"thumbnailUrl":"https:\/\/cdn.bymycar.eu\/fr-webzine\/wp-content\/uploads\/medias\/PHOTO-1-BMW-iX3.jpg","articleSection":["Guide d'achat","Guide d'achat BMW"],"inLanguage":"fr-FR"},{"@type":"WebPage","@id":"https:\/\/www.bymycar.fr\/webzine\/comment-connaitre-la-finition-de-sa-bmw\/","url":"https:\/\/www.bymycar.fr\/webzine\/comment-connaitre-la-finition-de-sa-bmw\/","name":"Comment conna\u00eetre la finition de sa BMW ?","isPartOf":{"@id":"https:\/\/www.bymycar.fr\/webzine\/#website"},"primaryImageOfPage":{"@id":"https:\/\/www.bymycar.fr\/webzine\/comment-connaitre-la-finition-de-sa-bmw\/#primaryimage"},"image":{"@id":"https:\/\/www.bymycar.fr\/webzine\/comment-connaitre-la-finition-de-sa-bmw\/#primaryimage"},"thumbnailUrl":"https:\/\/cdn.bymycar.eu\/fr-webzine\/wp-content\/uploads\/medias\/PHOTO-1-BMW-iX3.jpg","datePublished":"2022-04-22T04:28:40+00:00","dateModified":"2023-01-11T14:26:24+00:00","description":"Il n\u2019est pas toujours \u00e9vident de reconna\u00eetre la version de sa BMW, surtout si celle-ci a \u00e9t\u00e9 achet\u00e9e en occasion.","breadcrumb":{"@id":"https:\/\/www.bymycar.fr\/webzine\/comment-connaitre-la-finition-de-sa-bmw\/#breadcrumb"},"inLanguage":"fr-FR","potentialAction":[{"@type":"ReadAction","target":["https:\/\/www.bymycar.fr\/webzine\/comment-connaitre-la-finition-de-sa-bmw\/"]}]},{"@type":"ImageObject","inLanguage":"fr-FR","@id":"https:\/\/www.bymycar.fr\/webzine\/comment-connaitre-la-finition-de-sa-bmw\/#primaryimage","url":"https:\/\/cdn.bymycar.eu\/fr-webzine\/wp-content\/uploads\/medias\/PHOTO-1-BMW-iX3.jpg","contentUrl":"https:\/\/cdn.bymycar.eu\/fr-webzine\/wp-content\/uploads\/medias\/PHOTO-1-BMW-iX3.jpg","width":1500,"height":1000,"caption":"BMW iX3"},{"@type":"BreadcrumbList","@id":"https:\/\/www.bymycar.fr\/webzine\/comment-connaitre-la-finition-de-sa-bmw\/#breadcrumb","itemListElement":[{"@type":"ListItem","position":1,"name":"Accueil","item":"https:\/\/www.bymycar.fr\/webzine\/"},{"@type":"ListItem","position":2,"name":"Comment conna\u00eetre la finition de sa BMW ?"}]},{"@type":"WebSite","@id":"https:\/\/www.bymycar.fr\/webzine\/#website","url":"https:\/\/www.bymycar.fr\/webzine\/","name":"Webzine auto BYmyCAR","description":"La magazine auto de BYmyCAR","publisher":{"@id":"https:\/\/www.bymycar.fr\/webzine\/#organization"},"potentialAction":[{"@type":"SearchAction","target":{"@type":"EntryPoint","urlTemplate":"https:\/\/www.bymycar.fr\/webzine\/?s={search_term_string}"},"query-input":{"@type":"PropertyValueSpecification","valueRequired":true,"valueName":"search_term_string"}}],"inLanguage":"fr-FR"},{"@type":"Organization","@id":"https:\/\/www.bymycar.fr\/webzine\/#organization","name":"BYmyCAR","url":"https:\/\/www.bymycar.fr\/webzine\/","logo":{"@type":"ImageObject","inLanguage":"fr-FR","@id":"https:\/\/www.bymycar.fr\/webzine\/#\/schema\/logo\/image\/","url":"https:\/\/cdn.bymycar.eu\/fr-webzine\/wp-content\/uploads\/medias\/2017\/08\/logo_DEALER_00000406_001.png","contentUrl":"https:\/\/cdn.bymycar.eu\/fr-webzine\/wp-content\/uploads\/medias\/2017\/08\/logo_DEALER_00000406_001.png","width":2132,"height":720,"caption":"BYmyCAR"},"image":{"@id":"https:\/\/www.bymycar.fr\/webzine\/#\/schema\/logo\/image\/"}},{"@type":"Person","@id":"https:\/\/www.bymycar.fr\/webzine\/#\/schema\/person\/8c56906440ec126868bd40232b3445f0","name":"Gregoire LE BIHAN","image":{"@type":"ImageObject","inLanguage":"fr-FR","@id":"https:\/\/www.bymycar.fr\/webzine\/#\/schema\/person\/image\/","url":"https:\/\/secure.gravatar.com\/avatar\/1356d71f3c6eed50de358ba425c9944b742a0d35f88e0d5f8afe88fdac525492?s=96&d=mm&r=g","contentUrl":"https:\/\/secure.gravatar.com\/avatar\/1356d71f3c6eed50de358ba425c9944b742a0d35f88e0d5f8afe88fdac525492?s=96&d=mm&r=g","caption":"Gregoire LE BIHAN"}}]}},"_links":{"self":[{"href":"https:\/\/www.bymycar.fr\/webzine\/wp-json\/wp\/v2\/posts\/27559","targetHints":{"allow":["GET"]}}],"collection":[{"href":"https:\/\/www.bymycar.fr\/webzine\/wp-json\/wp\/v2\/posts"}],"about":[{"href":"https:\/\/www.bymycar.fr\/webzine\/wp-json\/wp\/v2\/types\/post"}],"author":[{"embeddable":true,"href":"https:\/\/www.bymycar.fr\/webzine\/wp-json\/wp\/v2\/users\/9"}],"replies":[{"embeddable":true,"href":"https:\/\/www.bymycar.fr\/webzine\/wp-json\/wp\/v2\/comments?post=27559"}],"version-history":[{"count":7,"href":"https:\/\/www.bymycar.fr\/webzine\/wp-json\/wp\/v2\/posts\/27559\/revisions"}],"predecessor-version":[{"id":30018,"href":"https:\/\/www.bymycar.fr\/webzine\/wp-json\/wp\/v2\/posts\/27559\/revisions\/30018"}],"wp:featuredmedia":[{"embeddable":true,"href":"https:\/\/www.bymycar.fr\/webzine\/wp-json\/wp\/v2\/media\/18141"}],"wp:attachment":[{"href":"https:\/\/www.bymycar.fr\/webzine\/wp-json\/wp\/v2\/media?parent=27559"}],"wp:term":[{"taxonomy":"category","embeddable":true,"href":"https:\/\/www.bymycar.fr\/webzine\/wp-json\/wp\/v2\/categories?post=27559"},{"taxonomy":"post_tag","embeddable":true,"href":"https:\/\/www.bymycar.fr\/webzine\/wp-json\/wp\/v2\/tags?post=27559"}],"curies":[{"name":"wp","href":"https:\/\/api.w.org\/{rel}","templated":true}]}}