{"id":26682,"date":"2022-04-15T17:01:00","date_gmt":"2022-04-15T15:01:00","guid":{"rendered":"https:\/\/prod.bymycar.fr\/webzine\/?p=26682"},"modified":"2022-04-15T17:01:02","modified_gmt":"2022-04-15T15:01:02","slug":"les-collaborateurs-du-bdc-temoignent","status":"publish","type":"post","link":"https:\/\/www.bymycar.fr\/webzine\/les-collaborateurs-du-bdc-temoignent\/","title":{"rendered":"Les collaborateurs du  BDC t\u00e9moignent !"},"content":{"rendered":"","protected":false},"excerpt":{"rendered":"","protected":false},"author":88,"featured_media":26691,"comment_status":"closed","ping_status":"open","sticky":false,"template":"","format":"standard","meta":{"_acf_changed":false,"footnotes":""},"categories":[2852],"tags":[],"class_list":["post-26682","post","type-post","status-publish","format-standard","has-post-thumbnail","hentry","category-actus-rh"],"acf":{"template":"classique","introduction":"<p style=\"text-align: justify\">C\u2019est dans de nouveaux locaux \u00e0 V\u00e9nissieux que les \u00e9quipes du BDC (Business Developpement Centerse) sont install\u00e9es :\u00a0 Service Apr\u00e8s-Ventes, E-commerce, T\u00e9l\u00e9conseiller. Des services pour accompagner les clients que ce soit en amont ou en aval de leur achat. Nous sommes all\u00e9s \u00e0 la rencontre de deux collaborateurs aux profils diff\u00e9rents pour qu&rsquo;ils nous parlent de leur m\u00e9tier et de leur exp\u00e9rience chez BYmyCAR.<\/p>\n<p><!--more--><\/p>\n","strates":[{"type_strate":"50-50-image-texte-full","ancre":"","contenu":"<p style=\"text-align: center\"><strong>Marie-Charlotte, Responsable Charg\u00e9 de Rendez-vous<\/strong><\/p>\n","titre":"","image":false,"image_libre":false,"image_800x500":{"ID":26685,"id":26685,"title":"20220329_160335 (2)","filename":"20220329_160335-2.jpg","filesize":1,"url":"https:\/\/cdn.bymycar.eu\/fr-webzine\/wp-content\/uploads\/medias\/20220329_160335-2.jpg","link":"https:\/\/www.bymycar.fr\/webzine\/les-collaborateurs-du-bdc-temoignent\/20220329_160335-2\/","alt":"","author":"88","description":"","caption":"","name":"20220329_160335-2","status":"inherit","uploaded_to":26682,"date":"2022-03-31 09:40:53","modified":"2022-03-31 09:40:53","menu_order":0,"mime_type":"image\/jpeg","type":"image","subtype":"jpeg","icon":"https:\/\/www.bymycar.fr\/webzine\/wp-includes\/images\/media\/default.png","width":2560,"height":1747,"sizes":{"thumbnail":"https:\/\/cdn.bymycar.eu\/fr-webzine\/wp-content\/uploads\/medias\/20220329_160335-2-150x150.jpg","thumbnail-width":150,"thumbnail-height":150,"medium":"https:\/\/cdn.bymycar.eu\/fr-webzine\/wp-content\/uploads\/medias\/20220329_160335-2-300x205.jpg","medium-width":300,"medium-height":205,"medium_large":"https:\/\/cdn.bymycar.eu\/fr-webzine\/wp-content\/uploads\/medias\/20220329_160335-2-768x524.jpg","medium_large-width":768,"medium_large-height":524,"large":"https:\/\/cdn.bymycar.eu\/fr-webzine\/wp-content\/uploads\/medias\/20220329_160335-2-1024x699.jpg","large-width":1024,"large-height":699,"1536x1536":"https:\/\/cdn.bymycar.eu\/fr-webzine\/wp-content\/uploads\/medias\/20220329_160335-2-1536x1048.jpg","1536x1536-width":1536,"1536x1536-height":1048,"2048x2048":"https:\/\/cdn.bymycar.eu\/fr-webzine\/wp-content\/uploads\/medias\/20220329_160335-2-2048x1398.jpg","2048x2048-width":2048,"2048x2048-height":1398}},"legende":"","zoom":false,"texte":"<p style=\"text-align: center\"><span style=\"color: #808080;font-size: 14pt\"><strong>Marie-Charlotte, Responsable Charg\u00e9 de Rendez-vous<\/strong><\/span><\/p>\n<p>&nbsp;<\/p>\n<ul>\n<li><strong>En quoi consiste votre m\u00e9tier ?<\/strong><\/li>\n<\/ul>\n<p style=\"text-align: justify\"><em>Lorsqu&rsquo;un client a une probl\u00e9matique avec son v\u00e9hicule, nous sommes son premier interlocuteur. Notre r\u00f4le est de cerner le besoin afin d&rsquo;orienter vers le service et l\u2019atelier adapt\u00e9s : \u00ab\u00a0quel diagnostic ?\u00a0\u00bb \u00ab\u00a0quel entretien ?\u00a0\u00bb. En tant que charg\u00e9 de rendez-vous, nous nous devons d&rsquo;apporter un premier service de qualit\u00e9, tout en assurant une synergie avec les ateliers. En moyenne, ce sont 4 \u00e0 5 diagnostics et 20 rendez-vous par jour. C&rsquo;est un travail de coordination et d&rsquo;\u00e9coute\u00a0 !<\/em><\/p>\n<p>&nbsp;<\/p>\n","articles":false,"categorie_droite":false,"images":false,"elements_comparatif":false,"texte_1":"","texte_2":"","image_1":false,"image_1_563x400":false,"image_1_332x332":false,"image_2":false,"image_2_333x240":false,"image_2_563x400":false,"image_3":false,"image_3_333x240":false,"image_3_332x450":false,"image_4":false,"image_4_332x332":false,"image_4_563x400":false,"code_embed":"","legende_video":"","photo":false,"photo_100x100":false,"nom":"","fonction":"","elements_timeline":false,"entetes_colonnes":false,"entetes_lignes":false,"lignes":false,"introduction":"","formulaire":false,"question":"","reponse":"","libelle_bouton_lien":"","url_lien":"","questions":false,"conclusions":false,"pays":false,"region":false,"marque":false,"marqueConcessions":false,"modele":false,"ptvente":false,"typeV":false,"collection":false,"nombre_maximum_elements":10,"lien_fin_carousel":"","texte_lien_fin_carousel":"","trier_par":false},{"type_strate":"texte-simple","ancre":"","contenu":"<ul>\n<li><strong>Pouvez-vous nous parler de la formation ?<\/strong><\/li>\n<\/ul>\n<p style=\"text-align: justify\"><em>Ici, la formation et intimement li\u00e9e \u00e0 l&rsquo;int\u00e9gration. D\u00e8s notre arriv\u00e9e, nous avons une formation d&rsquo;une dur\u00e9e d&rsquo;environ 15 jours aux outils et aux logiciels. C\u2019est une formation dense qui t\u00e9moigne de la rigueur du m\u00e9tier, mais qui permet de prendre en main nos outils de travail et de se familiariser avec le secteur automobile. Cette formation permet de rendre le m\u00e9tier accessible \u00e0 toutes et \u00e0 tous !\u00a0<\/em><\/p>\n<p style=\"text-align: justify\"><em>Au-del\u00e0 de la formation,\u00a0 il tient \u00e0 c\u0153ur de l&rsquo;\u00e9quipe d&rsquo;accompagner les nouveaux arrivants dans un environnement bienveillant. Le collectif, l\u2019\u00e9coute et l\u2019entraide sont des valeurs que nous entretenons au quotidien.<\/em><\/p>\n<p>&nbsp;<\/p>\n","titre":"formation","image":false,"image_libre":false,"image_800x500":{"ID":26685,"id":26685,"title":"20220329_160335 (2)","filename":"20220329_160335-2.jpg","filesize":1,"url":"https:\/\/cdn.bymycar.eu\/fr-webzine\/wp-content\/uploads\/medias\/20220329_160335-2.jpg","link":"https:\/\/www.bymycar.fr\/webzine\/les-collaborateurs-du-bdc-temoignent\/20220329_160335-2\/","alt":"","author":"88","description":"","caption":"","name":"20220329_160335-2","status":"inherit","uploaded_to":26682,"date":"2022-03-31 09:40:53","modified":"2022-03-31 09:40:53","menu_order":0,"mime_type":"image\/jpeg","type":"image","subtype":"jpeg","icon":"https:\/\/www.bymycar.fr\/webzine\/wp-includes\/images\/media\/default.png","width":2560,"height":1747,"sizes":{"thumbnail":"https:\/\/cdn.bymycar.eu\/fr-webzine\/wp-content\/uploads\/medias\/20220329_160335-2-150x150.jpg","thumbnail-width":150,"thumbnail-height":150,"medium":"https:\/\/cdn.bymycar.eu\/fr-webzine\/wp-content\/uploads\/medias\/20220329_160335-2-300x205.jpg","medium-width":300,"medium-height":205,"medium_large":"https:\/\/cdn.bymycar.eu\/fr-webzine\/wp-content\/uploads\/medias\/20220329_160335-2-768x524.jpg","medium_large-width":768,"medium_large-height":524,"large":"https:\/\/cdn.bymycar.eu\/fr-webzine\/wp-content\/uploads\/medias\/20220329_160335-2-1024x699.jpg","large-width":1024,"large-height":699,"1536x1536":"https:\/\/cdn.bymycar.eu\/fr-webzine\/wp-content\/uploads\/medias\/20220329_160335-2-1536x1048.jpg","1536x1536-width":1536,"1536x1536-height":1048,"2048x2048":"https:\/\/cdn.bymycar.eu\/fr-webzine\/wp-content\/uploads\/medias\/20220329_160335-2-2048x1398.jpg","2048x2048-width":2048,"2048x2048-height":1398}},"legende":"","zoom":false,"texte":"<ul>\n<li><strong>En quoi consiste votre m\u00e9tier ?<\/strong><\/li>\n<\/ul>\n<p><em>Lorsqu&rsquo;un client a une probl\u00e9matique avec son v\u00e9hicule, nous sommes son premier interlocuteur. Notre r\u00f4le est de cerner le besoin afin d&rsquo;orienter vers le service et l\u2019atelier adapt\u00e9s : \u00ab\u00a0quel diagnostic pour quel entretien ?\u00a0\u00bb. En tant que charg\u00e9 de rendez-vous, nous nous devons d&rsquo;apporter un premier service de qualit\u00e9, tout en assurant une synergie avec les ateliers. C&rsquo;est un travail de coordination !<\/em><\/p>\n<p>&nbsp;<\/p>\n","articles":false,"categorie_droite":false,"images":false,"elements_comparatif":false,"texte_1":"","texte_2":"","image_1":false,"image_1_563x400":false,"image_1_332x332":false,"image_2":false,"image_2_333x240":false,"image_2_563x400":false,"image_3":false,"image_3_333x240":false,"image_3_332x450":false,"image_4":false,"image_4_332x332":false,"image_4_563x400":false,"code_embed":"","legende_video":"","photo":false,"photo_100x100":false,"nom":"","fonction":"","elements_timeline":false,"entetes_colonnes":false,"entetes_lignes":false,"lignes":false,"introduction":"","formulaire":false,"question":"","reponse":"","libelle_bouton_lien":"","url_lien":"","questions":false,"conclusions":false,"pays":false,"region":false,"marque":false,"marqueConcessions":false,"modele":false,"ptvente":false,"typeV":false,"collection":false,"nombre_maximum_elements":10,"lien_fin_carousel":"","texte_lien_fin_carousel":"","trier_par":false},{"type_strate":"50-50-image-texte-full","ancre":"","contenu":"<ul>\n<li><strong>Pouvez-vous nous parler de la formation ?<\/strong><\/li>\n<\/ul>\n<p><em>Ici, la formation et intimement li\u00e9e \u00e0 l&rsquo;int\u00e9gration. D\u00e8s notre arriv\u00e9e, nous avons une formation aux outils et aux logiciels. C\u2019est une formation dense qui t\u00e9moigne de la rigueur du m\u00e9tier, mais qui permet de prendre en main nos outils de travail et de se familiariser avec le secteur automobile. Cette formation permet de rendre le m\u00e9tier accessible \u00e0 toutes et \u00e0 tous !\u00a0<\/em><\/p>\n<p><em>Au del\u00e0 de la formation,\u00a0 il tient \u00e0 c\u0153ur de l&rsquo;\u00e9quipe d&rsquo;accompagner les nouveaux arrivants dans un environnement bienveillant. Le collectif, l\u2019\u00e9coute et l\u2019entraide sont des valeurs que nous entretenons au quotidien.<\/em><\/p>\n<p>&nbsp;<\/p>\n","titre":"","image":false,"image_libre":false,"image_800x500":{"ID":26686,"id":26686,"title":"20220329_162122","filename":"20220329_162122.jpg","filesize":1,"url":"https:\/\/cdn.bymycar.eu\/fr-webzine\/wp-content\/uploads\/medias\/20220329_162122.jpg","link":"https:\/\/www.bymycar.fr\/webzine\/les-collaborateurs-du-bdc-temoignent\/20220329_162122\/","alt":"","author":"88","description":"","caption":"","name":"20220329_162122","status":"inherit","uploaded_to":26682,"date":"2022-03-31 09:41:32","modified":"2022-03-31 09:41:32","menu_order":0,"mime_type":"image\/jpeg","type":"image","subtype":"jpeg","icon":"https:\/\/www.bymycar.fr\/webzine\/wp-includes\/images\/media\/default.png","width":2560,"height":1920,"sizes":{"thumbnail":"https:\/\/cdn.bymycar.eu\/fr-webzine\/wp-content\/uploads\/medias\/20220329_162122-150x150.jpg","thumbnail-width":150,"thumbnail-height":150,"medium":"https:\/\/cdn.bymycar.eu\/fr-webzine\/wp-content\/uploads\/medias\/20220329_162122-300x225.jpg","medium-width":300,"medium-height":225,"medium_large":"https:\/\/cdn.bymycar.eu\/fr-webzine\/wp-content\/uploads\/medias\/20220329_162122-768x576.jpg","medium_large-width":768,"medium_large-height":576,"large":"https:\/\/cdn.bymycar.eu\/fr-webzine\/wp-content\/uploads\/medias\/20220329_162122-1024x768.jpg","large-width":1024,"large-height":768,"1536x1536":"https:\/\/cdn.bymycar.eu\/fr-webzine\/wp-content\/uploads\/medias\/20220329_162122-1536x1152.jpg","1536x1536-width":1536,"1536x1536-height":1152,"2048x2048":"https:\/\/cdn.bymycar.eu\/fr-webzine\/wp-content\/uploads\/medias\/20220329_162122-2048x1536.jpg","2048x2048-width":2048,"2048x2048-height":1536}},"legende":"","zoom":false,"texte":"<p style=\"text-align: center\"><span style=\"color: #808080;font-size: 14pt\"><strong>Michael, e-vendeur BYmyCAR<\/strong><\/span><\/p>\n<p>&nbsp;<\/p>\n<ul>\n<li><strong>Quel est votre parcours chez BYmyCAR ?<\/strong><\/li>\n<\/ul>\n<p style=\"text-align: justify\"><em>Je suis chez BYmyCAR depuis 3 ans. J\u2019y suis rentr\u00e9 comme pr\u00e9parateur puis j\u2019ai vite \u00e9volu\u00e9 comme exp\u00e9rience manager. Il y a 10 mois, je suis devenu le premier e-vendeur de la r\u00e9gion Auvergne Rh\u00f4ne-Alpes. Aujourd&rsquo;hui, nous sommes une \u00e9quipe de 12 collaborateurs : 6 e-vendeurs et 6 e-qualifieurs.\u00a0<\/em><\/p>\n<p>&nbsp;<\/p>\n","articles":false,"categorie_droite":false,"images":false,"elements_comparatif":false,"texte_1":"","texte_2":"","image_1":false,"image_1_563x400":false,"image_1_332x332":false,"image_2":false,"image_2_333x240":false,"image_2_563x400":false,"image_3":false,"image_3_333x240":false,"image_3_332x450":false,"image_4":false,"image_4_332x332":false,"image_4_563x400":false,"code_embed":"","legende_video":"","photo":false,"photo_100x100":false,"nom":"","fonction":"","elements_timeline":false,"entetes_colonnes":false,"entetes_lignes":false,"lignes":false,"introduction":"","formulaire":false,"question":"","reponse":"","libelle_bouton_lien":"","url_lien":"","questions":false,"conclusions":false,"pays":false,"region":false,"marque":false,"marqueConcessions":false,"modele":false,"ptvente":false,"typeV":false,"collection":false,"nombre_maximum_elements":10,"lien_fin_carousel":"","texte_lien_fin_carousel":"","trier_par":false},{"type_strate":"texte-simple","ancre":"","contenu":"<ul>\n<li><strong>Pourquoi e-vendeur et comment le devenir\u00a0 ?\u00a0<\/strong><\/li>\n<\/ul>\n<p style=\"text-align: justify\"><em>Mon objectif \u00e9tait d&rsquo;\u00e9voluer vendeur, aujourd&rsquo;hui je le suis avec, en plus, le challenge de l&rsquo;e-commerce ! Pour faire de la vente \u00e0 distance, il est primordial d&rsquo;installer rapidement une relation de confiance avec le client. Une relation client d&rsquo;autant plus importante qu&rsquo;elle permet de briser cet \u00e9loignement physique avec le produit. Il y a une forte satisfaction quand nous arrivons \u00e0 fid\u00e9liser les clients par t\u00e9l\u00e9phone.<\/em><\/p>\n<p style=\"text-align: justify\"><em>C&rsquo;est un m\u00e9tier ouvert \u00e0 tous ceux qui ont la fibre commerciale. A notre arriv\u00e9e, une formation d&rsquo;un mois est organis\u00e9e avec les managers afin d\u2019apprendre les process clefs du e-commerce. La connaissance de l\u2019automobile n\u2019est pas une obligation quand la motivation et l\u2019envie de r\u00e9ussir sont les principaux ingr\u00e9dients du m\u00e9tier.<\/em><\/p>\n","titre":"e-vendeur","image":false,"image_libre":false,"image_800x500":{"ID":26686,"id":26686,"title":"20220329_162122","filename":"20220329_162122.jpg","filesize":1,"url":"https:\/\/cdn.bymycar.eu\/fr-webzine\/wp-content\/uploads\/medias\/20220329_162122.jpg","link":"https:\/\/www.bymycar.fr\/webzine\/les-collaborateurs-du-bdc-temoignent\/20220329_162122\/","alt":"","author":"88","description":"","caption":"","name":"20220329_162122","status":"inherit","uploaded_to":26682,"date":"2022-03-31 09:41:32","modified":"2022-03-31 09:41:32","menu_order":0,"mime_type":"image\/jpeg","type":"image","subtype":"jpeg","icon":"https:\/\/www.bymycar.fr\/webzine\/wp-includes\/images\/media\/default.png","width":2560,"height":1920,"sizes":{"thumbnail":"https:\/\/cdn.bymycar.eu\/fr-webzine\/wp-content\/uploads\/medias\/20220329_162122-150x150.jpg","thumbnail-width":150,"thumbnail-height":150,"medium":"https:\/\/cdn.bymycar.eu\/fr-webzine\/wp-content\/uploads\/medias\/20220329_162122-300x225.jpg","medium-width":300,"medium-height":225,"medium_large":"https:\/\/cdn.bymycar.eu\/fr-webzine\/wp-content\/uploads\/medias\/20220329_162122-768x576.jpg","medium_large-width":768,"medium_large-height":576,"large":"https:\/\/cdn.bymycar.eu\/fr-webzine\/wp-content\/uploads\/medias\/20220329_162122-1024x768.jpg","large-width":1024,"large-height":768,"1536x1536":"https:\/\/cdn.bymycar.eu\/fr-webzine\/wp-content\/uploads\/medias\/20220329_162122-1536x1152.jpg","1536x1536-width":1536,"1536x1536-height":1152,"2048x2048":"https:\/\/cdn.bymycar.eu\/fr-webzine\/wp-content\/uploads\/medias\/20220329_162122-2048x1536.jpg","2048x2048-width":2048,"2048x2048-height":1536}},"legende":"","zoom":false,"texte":"<p><strong>Parlez-nous de votre parcours chez BYmyCAR ?<\/strong><\/p>\n<p><em>Je suis chez BYmyCAR depuis 3 ans. J\u2019y suis rentr\u00e9 comme pr\u00e9parateur puis j\u2019ai vite \u00e9volu\u00e9 comme exp\u00e9rience manager. Il y a 10 mois, je suis devenue le premier e-vendeur de la r\u00e9gion Auvergne Rh\u00f4ne-Alpes. Aujourd&rsquo;hui, nous sommes une \u00e9quipe de 12 collaborateurs : 6 e-vendeurs et 6 e-qualifieurs.\u00a0<\/em><\/p>\n<p><strong>Pourquoi e-vendeur et comment le devenir\u00a0 ?\u00a0<\/strong><\/p>\n<p><em>Mon objectif \u00e9tait d&rsquo;\u00e9voluer vendeur, aujourd&rsquo;hui je le suis avec en plus le challenge du e-commerce ! Pour faire de la vente \u00e0 distance, il est primordial d&rsquo;installer rapidement une relation de confiance avec le client. \u00a0Une relation client d&rsquo;autant plus importante qu&rsquo;elle permet de briser cet \u00e9loignement physique avec le produit. Il y a une forte satisfaction quand nous arrivons \u00e0 fid\u00e9liser les clients par t\u00e9l\u00e9phone.<\/em><\/p>\n<p><em>C&rsquo;est un m\u00e9tier ouvert \u00e0 tous ceux qui ont la fibre commerciale. A notre arriv\u00e9e, une formation est organis\u00e9e avec les managers afin d\u2019apprendre les process clefs du e-commerce. La connaissance de l\u2019automobile n\u2019est pas une obligation quand la motivation et l\u2019envie de r\u00e9ussir sont les principaux ingr\u00e9dients du m\u00e9tier.<\/em><\/p>\n","articles":false,"categorie_droite":false,"images":false,"elements_comparatif":false,"texte_1":"","texte_2":"","image_1":false,"image_1_563x400":false,"image_1_332x332":false,"image_2":false,"image_2_333x240":false,"image_2_563x400":false,"image_3":false,"image_3_333x240":false,"image_3_332x450":false,"image_4":false,"image_4_332x332":false,"image_4_563x400":false,"code_embed":"","legende_video":"","photo":false,"photo_100x100":false,"nom":"","fonction":"","elements_timeline":false,"entetes_colonnes":false,"entetes_lignes":false,"lignes":false,"introduction":"","formulaire":false,"question":"","reponse":"","libelle_bouton_lien":"","url_lien":"","questions":false,"conclusions":false,"pays":false,"region":false,"marque":false,"marqueConcessions":false,"modele":false,"ptvente":false,"typeV":false,"collection":false,"nombre_maximum_elements":10,"lien_fin_carousel":"","texte_lien_fin_carousel":"","trier_par":false},{"type_strate":"texte-simple","ancre":"","contenu":"<p style=\"text-align: center\"><strong><a href=\"https:\/\/www.bymycar.fr\/offres-emploi-bymycar\">Retrouvez toutes les offres d&#8217;emploi du BDC !\u00a0<\/a><\/strong><\/p>\n","titre":"offre d'emploi","image":false,"image_libre":false,"image_800x500":{"ID":26686,"id":26686,"title":"20220329_162122","filename":"20220329_162122.jpg","filesize":1,"url":"https:\/\/cdn.bymycar.eu\/fr-webzine\/wp-content\/uploads\/medias\/20220329_162122.jpg","link":"https:\/\/www.bymycar.fr\/webzine\/les-collaborateurs-du-bdc-temoignent\/20220329_162122\/","alt":"","author":"88","description":"","caption":"","name":"20220329_162122","status":"inherit","uploaded_to":26682,"date":"2022-03-31 09:41:32","modified":"2022-03-31 09:41:32","menu_order":0,"mime_type":"image\/jpeg","type":"image","subtype":"jpeg","icon":"https:\/\/www.bymycar.fr\/webzine\/wp-includes\/images\/media\/default.png","width":2560,"height":1920,"sizes":{"thumbnail":"https:\/\/cdn.bymycar.eu\/fr-webzine\/wp-content\/uploads\/medias\/20220329_162122-150x150.jpg","thumbnail-width":150,"thumbnail-height":150,"medium":"https:\/\/cdn.bymycar.eu\/fr-webzine\/wp-content\/uploads\/medias\/20220329_162122-300x225.jpg","medium-width":300,"medium-height":225,"medium_large":"https:\/\/cdn.bymycar.eu\/fr-webzine\/wp-content\/uploads\/medias\/20220329_162122-768x576.jpg","medium_large-width":768,"medium_large-height":576,"large":"https:\/\/cdn.bymycar.eu\/fr-webzine\/wp-content\/uploads\/medias\/20220329_162122-1024x768.jpg","large-width":1024,"large-height":768,"1536x1536":"https:\/\/cdn.bymycar.eu\/fr-webzine\/wp-content\/uploads\/medias\/20220329_162122-1536x1152.jpg","1536x1536-width":1536,"1536x1536-height":1152,"2048x2048":"https:\/\/cdn.bymycar.eu\/fr-webzine\/wp-content\/uploads\/medias\/20220329_162122-2048x1536.jpg","2048x2048-width":2048,"2048x2048-height":1536}},"legende":"","zoom":false,"texte":"<ul>\n<li><strong>Parlez-nous de votre parcours chez BYmyCAR ?<\/strong><\/li>\n<\/ul>\n<p><em>Je suis chez BYmyCAR depuis 3 ans. J\u2019y suis rentr\u00e9 comme pr\u00e9parateur puis j\u2019ai vite \u00e9volu\u00e9 comme exp\u00e9rience manager. Il y a 10 mois, je suis devenue le premier e-vendeur de la r\u00e9gion Auvergne Rh\u00f4ne-Alpes. Aujourd&rsquo;hui, nous sommes une \u00e9quipe de 12 collaborateurs : 6 e-vendeurs et 6 e-qualifieurs.\u00a0<\/em><\/p>\n<p>&nbsp;<\/p>\n","articles":false,"categorie_droite":false,"images":false,"elements_comparatif":false,"texte_1":"","texte_2":"","image_1":false,"image_1_563x400":false,"image_1_332x332":false,"image_2":false,"image_2_333x240":false,"image_2_563x400":false,"image_3":false,"image_3_333x240":false,"image_3_332x450":false,"image_4":false,"image_4_332x332":false,"image_4_563x400":false,"code_embed":"","legende_video":"","photo":false,"photo_100x100":false,"nom":"","fonction":"","elements_timeline":false,"entetes_colonnes":false,"entetes_lignes":false,"lignes":false,"introduction":"","formulaire":false,"question":"","reponse":"","libelle_bouton_lien":"","url_lien":"","questions":false,"conclusions":false,"pays":false,"region":false,"marque":false,"marqueConcessions":false,"modele":false,"ptvente":false,"typeV":false,"collection":false,"nombre_maximum_elements":10,"lien_fin_carousel":"","texte_lien_fin_carousel":"","trier_par":false}],"is_old_post":false,"image":{"ID":26691,"id":26691,"title":"20220329_091019","filename":"20220329_091019.jpg","filesize":1,"url":"https:\/\/cdn.bymycar.eu\/fr-webzine\/wp-content\/uploads\/medias\/20220329_091019.jpg","link":"https:\/\/www.bymycar.fr\/webzine\/les-collaborateurs-du-bdc-temoignent\/20220329_091019-2\/","alt":"","author":"88","description":"","caption":"","name":"20220329_091019-2","status":"inherit","uploaded_to":26682,"date":"2022-03-31 09:48:31","modified":"2022-03-31 09:48:31","menu_order":0,"mime_type":"image\/jpeg","type":"image","subtype":"jpeg","icon":"https:\/\/www.bymycar.fr\/webzine\/wp-includes\/images\/media\/default.png","width":2560,"height":2233,"sizes":{"thumbnail":"https:\/\/cdn.bymycar.eu\/fr-webzine\/wp-content\/uploads\/medias\/20220329_091019-150x150.jpg","thumbnail-width":150,"thumbnail-height":150,"medium":"https:\/\/cdn.bymycar.eu\/fr-webzine\/wp-content\/uploads\/medias\/20220329_091019-300x262.jpg","medium-width":300,"medium-height":262,"medium_large":"https:\/\/cdn.bymycar.eu\/fr-webzine\/wp-content\/uploads\/medias\/20220329_091019-768x670.jpg","medium_large-width":768,"medium_large-height":670,"large":"https:\/\/cdn.bymycar.eu\/fr-webzine\/wp-content\/uploads\/medias\/20220329_091019-1024x893.jpg","large-width":1024,"large-height":893,"1536x1536":"https:\/\/cdn.bymycar.eu\/fr-webzine\/wp-content\/uploads\/medias\/20220329_091019-1536x1340.jpg","1536x1536-width":1536,"1536x1536-height":1340,"2048x2048":"https:\/\/cdn.bymycar.eu\/fr-webzine\/wp-content\/uploads\/medias\/20220329_091019-2048x1786.jpg","2048x2048-width":2048,"2048x2048-height":1786}},"page_content":{"block_content":[{"acf_fc_layout":"text-image","--nav":{"-withNav":false,"-ancre":""},"--group":{"-image":{"ID":26685,"id":26685,"title":"20220329_160335 (2)","filename":"20220329_160335-2.jpg","filesize":1,"url":"https:\/\/cdn.bymycar.eu\/fr-webzine\/wp-content\/uploads\/medias\/20220329_160335-2.jpg","link":"https:\/\/www.bymycar.fr\/webzine\/les-collaborateurs-du-bdc-temoignent\/20220329_160335-2\/","alt":"","author":"88","description":"","caption":"","name":"20220329_160335-2","status":"inherit","uploaded_to":26682,"date":"2022-03-31 09:40:53","modified":"2022-03-31 09:40:53","menu_order":0,"mime_type":"image\/jpeg","type":"image","subtype":"jpeg","icon":"https:\/\/www.bymycar.fr\/webzine\/wp-includes\/images\/media\/default.png","width":2560,"height":1747,"sizes":{"thumbnail":"https:\/\/cdn.bymycar.eu\/fr-webzine\/wp-content\/uploads\/medias\/20220329_160335-2-150x150.jpg","thumbnail-width":150,"thumbnail-height":150,"medium":"https:\/\/cdn.bymycar.eu\/fr-webzine\/wp-content\/uploads\/medias\/20220329_160335-2-300x205.jpg","medium-width":300,"medium-height":205,"medium_large":"https:\/\/cdn.bymycar.eu\/fr-webzine\/wp-content\/uploads\/medias\/20220329_160335-2-768x524.jpg","medium_large-width":768,"medium_large-height":524,"large":"https:\/\/cdn.bymycar.eu\/fr-webzine\/wp-content\/uploads\/medias\/20220329_160335-2-1024x699.jpg","large-width":1024,"large-height":699,"1536x1536":"https:\/\/cdn.bymycar.eu\/fr-webzine\/wp-content\/uploads\/medias\/20220329_160335-2-1536x1048.jpg","1536x1536-width":1536,"1536x1536-height":1048,"2048x2048":"https:\/\/cdn.bymycar.eu\/fr-webzine\/wp-content\/uploads\/medias\/20220329_160335-2-2048x1398.jpg","2048x2048-width":2048,"2048x2048-height":1398}},"-title":"","-text":"<p style=\"text-align: center\"><span style=\"color: #808080;font-size: 14pt\"><strong>Marie-Charlotte, Responsable Charg\u00e9 de Rendez-vous<\/strong><\/span><\/p>\n<p>&nbsp;<\/p>\n<ul>\n<li><strong>En quoi consiste votre m\u00e9tier ?<\/strong><\/li>\n<\/ul>\n<p style=\"text-align: justify\"><em>Lorsqu&rsquo;un client a une probl\u00e9matique avec son v\u00e9hicule, nous sommes son premier interlocuteur. Notre r\u00f4le est de cerner le besoin afin d&rsquo;orienter vers le service et l\u2019atelier adapt\u00e9s : \u00ab\u00a0quel diagnostic ?\u00a0\u00bb \u00ab\u00a0quel entretien ?\u00a0\u00bb. En tant que charg\u00e9 de rendez-vous, nous nous devons d&rsquo;apporter un premier service de qualit\u00e9, tout en assurant une synergie avec les ateliers. En moyenne, ce sont 4 \u00e0 5 diagnostics et 20 rendez-vous par jour. C&rsquo;est un travail de coordination et d&rsquo;\u00e9coute\u00a0 !<\/em><\/p>\n<p>&nbsp;<\/p>\n"}},{"acf_fc_layout":"text-simple","--nav":{"-withNav":false,"-ancre":""},"--group":{"-text":"<ul>\n<li><strong>Pouvez-vous nous parler de la formation ?<\/strong><\/li>\n<\/ul>\n<p style=\"text-align: justify\"><em>Ici, la formation et intimement li\u00e9e \u00e0 l&rsquo;int\u00e9gration. D\u00e8s notre arriv\u00e9e, nous avons une formation d&rsquo;une dur\u00e9e d&rsquo;environ 15 jours aux outils et aux logiciels. C\u2019est une formation dense qui t\u00e9moigne de la rigueur du m\u00e9tier, mais qui permet de prendre en main nos outils de travail et de se familiariser avec le secteur automobile. Cette formation permet de rendre le m\u00e9tier accessible \u00e0 toutes et \u00e0 tous !\u00a0<\/em><\/p>\n<p style=\"text-align: justify\"><em>Au-del\u00e0 de la formation,\u00a0 il tient \u00e0 c\u0153ur de l&rsquo;\u00e9quipe d&rsquo;accompagner les nouveaux arrivants dans un environnement bienveillant. Le collectif, l\u2019\u00e9coute et l\u2019entraide sont des valeurs que nous entretenons au quotidien.<\/em><\/p>\n<p>&nbsp;<\/p>\n"}},{"acf_fc_layout":"text-image","--nav":{"-withNav":false,"-ancre":""},"--group":{"-image":{"ID":26686,"id":26686,"title":"20220329_162122","filename":"20220329_162122.jpg","filesize":1,"url":"https:\/\/cdn.bymycar.eu\/fr-webzine\/wp-content\/uploads\/medias\/20220329_162122.jpg","link":"https:\/\/www.bymycar.fr\/webzine\/les-collaborateurs-du-bdc-temoignent\/20220329_162122\/","alt":"","author":"88","description":"","caption":"","name":"20220329_162122","status":"inherit","uploaded_to":26682,"date":"2022-03-31 09:41:32","modified":"2022-03-31 09:41:32","menu_order":0,"mime_type":"image\/jpeg","type":"image","subtype":"jpeg","icon":"https:\/\/www.bymycar.fr\/webzine\/wp-includes\/images\/media\/default.png","width":2560,"height":1920,"sizes":{"thumbnail":"https:\/\/cdn.bymycar.eu\/fr-webzine\/wp-content\/uploads\/medias\/20220329_162122-150x150.jpg","thumbnail-width":150,"thumbnail-height":150,"medium":"https:\/\/cdn.bymycar.eu\/fr-webzine\/wp-content\/uploads\/medias\/20220329_162122-300x225.jpg","medium-width":300,"medium-height":225,"medium_large":"https:\/\/cdn.bymycar.eu\/fr-webzine\/wp-content\/uploads\/medias\/20220329_162122-768x576.jpg","medium_large-width":768,"medium_large-height":576,"large":"https:\/\/cdn.bymycar.eu\/fr-webzine\/wp-content\/uploads\/medias\/20220329_162122-1024x768.jpg","large-width":1024,"large-height":768,"1536x1536":"https:\/\/cdn.bymycar.eu\/fr-webzine\/wp-content\/uploads\/medias\/20220329_162122-1536x1152.jpg","1536x1536-width":1536,"1536x1536-height":1152,"2048x2048":"https:\/\/cdn.bymycar.eu\/fr-webzine\/wp-content\/uploads\/medias\/20220329_162122-2048x1536.jpg","2048x2048-width":2048,"2048x2048-height":1536}},"-title":"","-text":"<p style=\"text-align: center\"><span style=\"color: #808080;font-size: 14pt\"><strong>Michael, e-vendeur BYmyCAR<\/strong><\/span><\/p>\n<p>&nbsp;<\/p>\n<ul>\n<li><strong>Quel est votre parcours chez BYmyCAR ?<\/strong><\/li>\n<\/ul>\n<p style=\"text-align: justify\"><em>Je suis chez BYmyCAR depuis 3 ans. J\u2019y suis rentr\u00e9 comme pr\u00e9parateur puis j\u2019ai vite \u00e9volu\u00e9 comme exp\u00e9rience manager. Il y a 10 mois, je suis devenu le premier e-vendeur de la r\u00e9gion Auvergne Rh\u00f4ne-Alpes. Aujourd&rsquo;hui, nous sommes une \u00e9quipe de 12 collaborateurs : 6 e-vendeurs et 6 e-qualifieurs.\u00a0<\/em><\/p>\n<p>&nbsp;<\/p>\n"}},{"acf_fc_layout":"text-simple","--nav":{"-withNav":false,"-ancre":""},"--group":{"-text":"<ul>\n<li><strong>Pourquoi e-vendeur et comment le devenir\u00a0 ?\u00a0<\/strong><\/li>\n<\/ul>\n<p style=\"text-align: justify\"><em>Mon objectif \u00e9tait d&rsquo;\u00e9voluer vendeur, aujourd&rsquo;hui je le suis avec, en plus, le challenge de l&rsquo;e-commerce ! Pour faire de la vente \u00e0 distance, il est primordial d&rsquo;installer rapidement une relation de confiance avec le client. Une relation client d&rsquo;autant plus importante qu&rsquo;elle permet de briser cet \u00e9loignement physique avec le produit. Il y a une forte satisfaction quand nous arrivons \u00e0 fid\u00e9liser les clients par t\u00e9l\u00e9phone.<\/em><\/p>\n<p style=\"text-align: justify\"><em>C&rsquo;est un m\u00e9tier ouvert \u00e0 tous ceux qui ont la fibre commerciale. A notre arriv\u00e9e, une formation d&rsquo;un mois est organis\u00e9e avec les managers afin d\u2019apprendre les process clefs du e-commerce. La connaissance de l\u2019automobile n\u2019est pas une obligation quand la motivation et l\u2019envie de r\u00e9ussir sont les principaux ingr\u00e9dients du m\u00e9tier.<\/em><\/p>\n"}},{"acf_fc_layout":"text-simple","--nav":{"-withNav":false,"-ancre":""},"--group":{"-text":"<p style=\"text-align: center\"><strong><a href=\"https:\/\/www.bymycar.fr\/offres-emploi-bymycar\">Retrouvez toutes les offres d&#8217;emploi du BDC !\u00a0<\/a><\/strong><\/p>\n"}}]},"add-carousel-to-footer":true},"yoast_head":"<!-- This site is optimized with the Yoast SEO Premium plugin v26.4 (Yoast SEO v26.4) - https:\/\/yoast.com\/wordpress\/plugins\/seo\/ -->\n<title>Les collaborateurs du BDC t\u00e9moignent !<\/title>\n<meta name=\"robots\" content=\"index, follow, max-snippet:-1, max-image-preview:large, max-video-preview:-1\" \/>\n<link rel=\"canonical\" href=\"https:\/\/www.bymycar.fr\/webzine\/les-collaborateurs-du-bdc-temoignent\/\" \/>\n<meta property=\"og:locale\" content=\"fr_FR\" \/>\n<meta property=\"og:type\" content=\"article\" \/>\n<meta property=\"og:title\" content=\"Les collaborateurs du BDC t\u00e9moignent !\" \/>\n<meta property=\"og:url\" content=\"https:\/\/www.bymycar.fr\/webzine\/les-collaborateurs-du-bdc-temoignent\/\" \/>\n<meta property=\"og:site_name\" content=\"Webzine auto BYmyCAR\" \/>\n<meta property=\"article:published_time\" content=\"2022-04-15T15:01:00+00:00\" \/>\n<meta property=\"article:modified_time\" content=\"2022-04-15T15:01:02+00:00\" \/>\n<meta property=\"og:image\" content=\"https:\/\/cdn.bymycar.eu\/fr-webzine\/wp-content\/uploads\/medias\/20220329_091019.jpg\" \/>\n\t<meta property=\"og:image:width\" content=\"2560\" \/>\n\t<meta property=\"og:image:height\" content=\"2233\" \/>\n\t<meta property=\"og:image:type\" content=\"image\/jpeg\" \/>\n<meta name=\"author\" content=\"La R\u00e9daction BYmyCAR\" \/>\n<meta name=\"twitter:card\" content=\"summary_large_image\" \/>\n<meta name=\"twitter:label1\" content=\"\u00c9crit par\" \/>\n\t<meta name=\"twitter:data1\" content=\"La R\u00e9daction BYmyCAR\" \/>\n<script type=\"application\/ld+json\" class=\"yoast-schema-graph\">{\"@context\":\"https:\/\/schema.org\",\"@graph\":[{\"@type\":\"Article\",\"@id\":\"https:\/\/www.bymycar.fr\/webzine\/les-collaborateurs-du-bdc-temoignent\/#article\",\"isPartOf\":{\"@id\":\"https:\/\/www.bymycar.fr\/webzine\/les-collaborateurs-du-bdc-temoignent\/\"},\"author\":{\"name\":\"La R\u00e9daction BYmyCAR\",\"@id\":\"https:\/\/www.bymycar.fr\/webzine\/#\/schema\/person\/8d570fe11eb8929f06c1e6d00f4d9689\"},\"headline\":\"Les collaborateurs du BDC t\u00e9moignent !\",\"datePublished\":\"2022-04-15T15:01:00+00:00\",\"dateModified\":\"2022-04-15T15:01:02+00:00\",\"mainEntityOfPage\":{\"@id\":\"https:\/\/www.bymycar.fr\/webzine\/les-collaborateurs-du-bdc-temoignent\/\"},\"wordCount\":6,\"publisher\":{\"@id\":\"https:\/\/www.bymycar.fr\/webzine\/#organization\"},\"image\":{\"@id\":\"https:\/\/www.bymycar.fr\/webzine\/les-collaborateurs-du-bdc-temoignent\/#primaryimage\"},\"thumbnailUrl\":\"https:\/\/cdn.bymycar.eu\/fr-webzine\/wp-content\/uploads\/medias\/20220329_091019.jpg\",\"articleSection\":[\"Actus RH BYmyCAR\"],\"inLanguage\":\"fr-FR\"},{\"@type\":\"WebPage\",\"@id\":\"https:\/\/www.bymycar.fr\/webzine\/les-collaborateurs-du-bdc-temoignent\/\",\"url\":\"https:\/\/www.bymycar.fr\/webzine\/les-collaborateurs-du-bdc-temoignent\/\",\"name\":\"Les collaborateurs du BDC t\u00e9moignent !\",\"isPartOf\":{\"@id\":\"https:\/\/www.bymycar.fr\/webzine\/#website\"},\"primaryImageOfPage\":{\"@id\":\"https:\/\/www.bymycar.fr\/webzine\/les-collaborateurs-du-bdc-temoignent\/#primaryimage\"},\"image\":{\"@id\":\"https:\/\/www.bymycar.fr\/webzine\/les-collaborateurs-du-bdc-temoignent\/#primaryimage\"},\"thumbnailUrl\":\"https:\/\/cdn.bymycar.eu\/fr-webzine\/wp-content\/uploads\/medias\/20220329_091019.jpg\",\"datePublished\":\"2022-04-15T15:01:00+00:00\",\"dateModified\":\"2022-04-15T15:01:02+00:00\",\"breadcrumb\":{\"@id\":\"https:\/\/www.bymycar.fr\/webzine\/les-collaborateurs-du-bdc-temoignent\/#breadcrumb\"},\"inLanguage\":\"fr-FR\",\"potentialAction\":[{\"@type\":\"ReadAction\",\"target\":[\"https:\/\/www.bymycar.fr\/webzine\/les-collaborateurs-du-bdc-temoignent\/\"]}]},{\"@type\":\"ImageObject\",\"inLanguage\":\"fr-FR\",\"@id\":\"https:\/\/www.bymycar.fr\/webzine\/les-collaborateurs-du-bdc-temoignent\/#primaryimage\",\"url\":\"https:\/\/cdn.bymycar.eu\/fr-webzine\/wp-content\/uploads\/medias\/20220329_091019.jpg\",\"contentUrl\":\"https:\/\/cdn.bymycar.eu\/fr-webzine\/wp-content\/uploads\/medias\/20220329_091019.jpg\",\"width\":2560,\"height\":2233},{\"@type\":\"BreadcrumbList\",\"@id\":\"https:\/\/www.bymycar.fr\/webzine\/les-collaborateurs-du-bdc-temoignent\/#breadcrumb\",\"itemListElement\":[{\"@type\":\"ListItem\",\"position\":1,\"name\":\"Accueil\",\"item\":\"https:\/\/www.bymycar.fr\/webzine\/\"},{\"@type\":\"ListItem\",\"position\":2,\"name\":\"Les collaborateurs du BDC t\u00e9moignent !\"}]},{\"@type\":\"WebSite\",\"@id\":\"https:\/\/www.bymycar.fr\/webzine\/#website\",\"url\":\"https:\/\/www.bymycar.fr\/webzine\/\",\"name\":\"Webzine auto BYmyCAR\",\"description\":\"La magazine auto de BYmyCAR\",\"publisher\":{\"@id\":\"https:\/\/www.bymycar.fr\/webzine\/#organization\"},\"potentialAction\":[{\"@type\":\"SearchAction\",\"target\":{\"@type\":\"EntryPoint\",\"urlTemplate\":\"https:\/\/www.bymycar.fr\/webzine\/?s={search_term_string}\"},\"query-input\":{\"@type\":\"PropertyValueSpecification\",\"valueRequired\":true,\"valueName\":\"search_term_string\"}}],\"inLanguage\":\"fr-FR\"},{\"@type\":\"Organization\",\"@id\":\"https:\/\/www.bymycar.fr\/webzine\/#organization\",\"name\":\"BYmyCAR\",\"url\":\"https:\/\/www.bymycar.fr\/webzine\/\",\"logo\":{\"@type\":\"ImageObject\",\"inLanguage\":\"fr-FR\",\"@id\":\"https:\/\/www.bymycar.fr\/webzine\/#\/schema\/logo\/image\/\",\"url\":\"https:\/\/cdn.bymycar.eu\/fr-webzine\/wp-content\/uploads\/medias\/2017\/08\/logo_DEALER_00000406_001.png\",\"contentUrl\":\"https:\/\/cdn.bymycar.eu\/fr-webzine\/wp-content\/uploads\/medias\/2017\/08\/logo_DEALER_00000406_001.png\",\"width\":2132,\"height\":720,\"caption\":\"BYmyCAR\"},\"image\":{\"@id\":\"https:\/\/www.bymycar.fr\/webzine\/#\/schema\/logo\/image\/\"}},{\"@type\":\"Person\",\"@id\":\"https:\/\/www.bymycar.fr\/webzine\/#\/schema\/person\/8d570fe11eb8929f06c1e6d00f4d9689\",\"name\":\"La R\u00e9daction BYmyCAR\",\"image\":{\"@type\":\"ImageObject\",\"inLanguage\":\"fr-FR\",\"@id\":\"https:\/\/www.bymycar.fr\/webzine\/#\/schema\/person\/image\/\",\"url\":\"https:\/\/secure.gravatar.com\/avatar\/1aa6b039d0ce106989923af4e2d0f2a0c82bb070d5e449f1b9adf082a5863900?s=96&d=mm&r=g\",\"contentUrl\":\"https:\/\/secure.gravatar.com\/avatar\/1aa6b039d0ce106989923af4e2d0f2a0c82bb070d5e449f1b9adf082a5863900?s=96&d=mm&r=g\",\"caption\":\"La R\u00e9daction BYmyCAR\"},\"sameAs\":[\"https:\/\/www.bymycar.fr\/\"]}]}<\/script>\n<!-- \/ Yoast SEO Premium plugin. -->","yoast_head_json":{"title":"Les collaborateurs du BDC t\u00e9moignent !","robots":{"index":"index","follow":"follow","max-snippet":"max-snippet:-1","max-image-preview":"max-image-preview:large","max-video-preview":"max-video-preview:-1"},"canonical":"https:\/\/www.bymycar.fr\/webzine\/les-collaborateurs-du-bdc-temoignent\/","og_locale":"fr_FR","og_type":"article","og_title":"Les collaborateurs du BDC t\u00e9moignent !","og_url":"https:\/\/www.bymycar.fr\/webzine\/les-collaborateurs-du-bdc-temoignent\/","og_site_name":"Webzine auto BYmyCAR","article_published_time":"2022-04-15T15:01:00+00:00","article_modified_time":"2022-04-15T15:01:02+00:00","og_image":[{"width":2560,"height":2233,"url":"https:\/\/cdn.bymycar.eu\/fr-webzine\/wp-content\/uploads\/medias\/20220329_091019.jpg","type":"image\/jpeg"}],"author":"La R\u00e9daction BYmyCAR","twitter_card":"summary_large_image","twitter_misc":{"\u00c9crit par":"La R\u00e9daction BYmyCAR"},"schema":{"@context":"https:\/\/schema.org","@graph":[{"@type":"Article","@id":"https:\/\/www.bymycar.fr\/webzine\/les-collaborateurs-du-bdc-temoignent\/#article","isPartOf":{"@id":"https:\/\/www.bymycar.fr\/webzine\/les-collaborateurs-du-bdc-temoignent\/"},"author":{"name":"La R\u00e9daction BYmyCAR","@id":"https:\/\/www.bymycar.fr\/webzine\/#\/schema\/person\/8d570fe11eb8929f06c1e6d00f4d9689"},"headline":"Les collaborateurs du BDC t\u00e9moignent !","datePublished":"2022-04-15T15:01:00+00:00","dateModified":"2022-04-15T15:01:02+00:00","mainEntityOfPage":{"@id":"https:\/\/www.bymycar.fr\/webzine\/les-collaborateurs-du-bdc-temoignent\/"},"wordCount":6,"publisher":{"@id":"https:\/\/www.bymycar.fr\/webzine\/#organization"},"image":{"@id":"https:\/\/www.bymycar.fr\/webzine\/les-collaborateurs-du-bdc-temoignent\/#primaryimage"},"thumbnailUrl":"https:\/\/cdn.bymycar.eu\/fr-webzine\/wp-content\/uploads\/medias\/20220329_091019.jpg","articleSection":["Actus RH BYmyCAR"],"inLanguage":"fr-FR"},{"@type":"WebPage","@id":"https:\/\/www.bymycar.fr\/webzine\/les-collaborateurs-du-bdc-temoignent\/","url":"https:\/\/www.bymycar.fr\/webzine\/les-collaborateurs-du-bdc-temoignent\/","name":"Les collaborateurs du BDC t\u00e9moignent !","isPartOf":{"@id":"https:\/\/www.bymycar.fr\/webzine\/#website"},"primaryImageOfPage":{"@id":"https:\/\/www.bymycar.fr\/webzine\/les-collaborateurs-du-bdc-temoignent\/#primaryimage"},"image":{"@id":"https:\/\/www.bymycar.fr\/webzine\/les-collaborateurs-du-bdc-temoignent\/#primaryimage"},"thumbnailUrl":"https:\/\/cdn.bymycar.eu\/fr-webzine\/wp-content\/uploads\/medias\/20220329_091019.jpg","datePublished":"2022-04-15T15:01:00+00:00","dateModified":"2022-04-15T15:01:02+00:00","breadcrumb":{"@id":"https:\/\/www.bymycar.fr\/webzine\/les-collaborateurs-du-bdc-temoignent\/#breadcrumb"},"inLanguage":"fr-FR","potentialAction":[{"@type":"ReadAction","target":["https:\/\/www.bymycar.fr\/webzine\/les-collaborateurs-du-bdc-temoignent\/"]}]},{"@type":"ImageObject","inLanguage":"fr-FR","@id":"https:\/\/www.bymycar.fr\/webzine\/les-collaborateurs-du-bdc-temoignent\/#primaryimage","url":"https:\/\/cdn.bymycar.eu\/fr-webzine\/wp-content\/uploads\/medias\/20220329_091019.jpg","contentUrl":"https:\/\/cdn.bymycar.eu\/fr-webzine\/wp-content\/uploads\/medias\/20220329_091019.jpg","width":2560,"height":2233},{"@type":"BreadcrumbList","@id":"https:\/\/www.bymycar.fr\/webzine\/les-collaborateurs-du-bdc-temoignent\/#breadcrumb","itemListElement":[{"@type":"ListItem","position":1,"name":"Accueil","item":"https:\/\/www.bymycar.fr\/webzine\/"},{"@type":"ListItem","position":2,"name":"Les collaborateurs du BDC t\u00e9moignent !"}]},{"@type":"WebSite","@id":"https:\/\/www.bymycar.fr\/webzine\/#website","url":"https:\/\/www.bymycar.fr\/webzine\/","name":"Webzine auto BYmyCAR","description":"La magazine auto de BYmyCAR","publisher":{"@id":"https:\/\/www.bymycar.fr\/webzine\/#organization"},"potentialAction":[{"@type":"SearchAction","target":{"@type":"EntryPoint","urlTemplate":"https:\/\/www.bymycar.fr\/webzine\/?s={search_term_string}"},"query-input":{"@type":"PropertyValueSpecification","valueRequired":true,"valueName":"search_term_string"}}],"inLanguage":"fr-FR"},{"@type":"Organization","@id":"https:\/\/www.bymycar.fr\/webzine\/#organization","name":"BYmyCAR","url":"https:\/\/www.bymycar.fr\/webzine\/","logo":{"@type":"ImageObject","inLanguage":"fr-FR","@id":"https:\/\/www.bymycar.fr\/webzine\/#\/schema\/logo\/image\/","url":"https:\/\/cdn.bymycar.eu\/fr-webzine\/wp-content\/uploads\/medias\/2017\/08\/logo_DEALER_00000406_001.png","contentUrl":"https:\/\/cdn.bymycar.eu\/fr-webzine\/wp-content\/uploads\/medias\/2017\/08\/logo_DEALER_00000406_001.png","width":2132,"height":720,"caption":"BYmyCAR"},"image":{"@id":"https:\/\/www.bymycar.fr\/webzine\/#\/schema\/logo\/image\/"}},{"@type":"Person","@id":"https:\/\/www.bymycar.fr\/webzine\/#\/schema\/person\/8d570fe11eb8929f06c1e6d00f4d9689","name":"La R\u00e9daction BYmyCAR","image":{"@type":"ImageObject","inLanguage":"fr-FR","@id":"https:\/\/www.bymycar.fr\/webzine\/#\/schema\/person\/image\/","url":"https:\/\/secure.gravatar.com\/avatar\/1aa6b039d0ce106989923af4e2d0f2a0c82bb070d5e449f1b9adf082a5863900?s=96&d=mm&r=g","contentUrl":"https:\/\/secure.gravatar.com\/avatar\/1aa6b039d0ce106989923af4e2d0f2a0c82bb070d5e449f1b9adf082a5863900?s=96&d=mm&r=g","caption":"La R\u00e9daction BYmyCAR"},"sameAs":["https:\/\/www.bymycar.fr\/"]}]}},"_links":{"self":[{"href":"https:\/\/www.bymycar.fr\/webzine\/wp-json\/wp\/v2\/posts\/26682","targetHints":{"allow":["GET"]}}],"collection":[{"href":"https:\/\/www.bymycar.fr\/webzine\/wp-json\/wp\/v2\/posts"}],"about":[{"href":"https:\/\/www.bymycar.fr\/webzine\/wp-json\/wp\/v2\/types\/post"}],"author":[{"embeddable":true,"href":"https:\/\/www.bymycar.fr\/webzine\/wp-json\/wp\/v2\/users\/88"}],"replies":[{"embeddable":true,"href":"https:\/\/www.bymycar.fr\/webzine\/wp-json\/wp\/v2\/comments?post=26682"}],"version-history":[{"count":54,"href":"https:\/\/www.bymycar.fr\/webzine\/wp-json\/wp\/v2\/posts\/26682\/revisions"}],"predecessor-version":[{"id":27122,"href":"https:\/\/www.bymycar.fr\/webzine\/wp-json\/wp\/v2\/posts\/26682\/revisions\/27122"}],"wp:featuredmedia":[{"embeddable":true,"href":"https:\/\/www.bymycar.fr\/webzine\/wp-json\/wp\/v2\/media\/26691"}],"wp:attachment":[{"href":"https:\/\/www.bymycar.fr\/webzine\/wp-json\/wp\/v2\/media?parent=26682"}],"wp:term":[{"taxonomy":"category","embeddable":true,"href":"https:\/\/www.bymycar.fr\/webzine\/wp-json\/wp\/v2\/categories?post=26682"},{"taxonomy":"post_tag","embeddable":true,"href":"https:\/\/www.bymycar.fr\/webzine\/wp-json\/wp\/v2\/tags?post=26682"}],"curies":[{"name":"wp","href":"https:\/\/api.w.org\/{rel}","templated":true}]}}