{"id":26649,"date":"2022-03-30T12:14:12","date_gmt":"2022-03-30T10:14:12","guid":{"rendered":"https:\/\/prod.bymycar.fr\/webzine\/?p=26649"},"modified":"2022-03-30T14:03:29","modified_gmt":"2022-03-30T12:03:29","slug":"guide-dachat-ou-est-fabrique-la-dacia-sandero","status":"publish","type":"post","link":"https:\/\/www.bymycar.fr\/webzine\/guide-dachat-ou-est-fabrique-la-dacia-sandero\/","title":{"rendered":"Guide d&rsquo;achat : o\u00f9 est fabriqu\u00e9e la Dacia Sandero\u00a0?"},"content":{"rendered":"","protected":false},"excerpt":{"rendered":"","protected":false},"author":9,"featured_media":0,"comment_status":"closed","ping_status":"open","sticky":false,"template":"","format":"standard","meta":{"_acf_changed":false,"footnotes":""},"categories":[12900],"tags":[],"class_list":["post-26649","post","type-post","status-publish","format-standard","hentry","category-guide-dachat-dacia-sandero"],"acf":{"template":"classique","introduction":"<p style=\"text-align: justify;\">Au fil des ann\u00e9es, les acquisitions d\u2019entreprise se sont succ\u00e9d\u00e9 dans le monde automobile. Avec cette \u00e9volution du march\u00e9, une confusion s\u2019est install\u00e9e, notamment autour de l\u2019appartenance d\u2019une marque de voiture et de sa production. En effet, il existe des voitures dites fran\u00e7aises qui sont produites en France, mais aussi uniquement \u00e0 l\u2019\u00e9tranger. Qu\u2019en est-il de la <a href=\"https:\/\/www.bymycar.fr\/marques\/dacia\/nouvelle-sandero\" target=\"_blank\" rel=\"noopener\">Dacia Sandero<\/a>, une voiture produite par Renault et Dacia ? BYmyCAR vous aide \u00e0 y voir plus clair.<\/p>\n<p>&nbsp;<\/p>\n<p style=\"text-align: center;\"><a href=\"https:\/\/www.bymycar.fr\/rechercher-un-vehicule?prod_VEHICLES%5BrefinementList%5D%5Bbrand%5D%5B0%5D=DACIA&amp;prod_VEHICLES%5BrefinementList%5D%5BmodelGroup1%5D%5B0%5D=SANDERO\" target=\"_blank\" class=\"css-button css-button--gold\" >\n                Voir les Dacia Sandero en stock &gt;\n        <\/a><\/p>\n","strates":[{"type_strate":"texte-simple","ancre":"","contenu":"<h2 style=\"text-align: justify;\"><strong>O\u00f9 sont fabriqu\u00e9es les Renault Dacia Sandero : usine \u00e0 Tanger au Maroc ou Mioveni et Pitesti en Roumanie, etc. ?<\/strong><\/h2>\n<p style=\"text-align: justify;\">Depuis la sortie de sa premi\u00e8re g\u00e9n\u00e9ration, la Dacia Sandero est l\u2019une des voitures les plus appr\u00e9ci\u00e9es par les Fran\u00e7ais. Cependant, elle fait partie des v\u00e9hicules de Renault qui ne sont pas encore produits dans l\u2019Hexagone. Cette gamme est fabriqu\u00e9e dans l\u2019est de l\u2019Europe essentiellement, mais aussi en Afrique pour certains mod\u00e8les. Cette d\u00e9cision est justifi\u00e9e par l\u2019envie de r\u00e9duire les co\u00fbts d\u2019assemblage et de proposer des voitures low cost, mais de qualit\u00e9. Dans l\u2019avenir, il se pourrait qu\u2019une partie des voitures Sandero puisse \u00eatre assembl\u00e9e en France, car le syndicat CGT Renault en a d\u00e9j\u00e0 fait la demande aupr\u00e8s de la direction.<\/p>\n<h3 style=\"text-align: justify;\"><strong>O\u00f9 sont fabriqu\u00e9es les Dacia Sandero 1, 2 et Stepway ?<\/strong><\/h3>\n<p style=\"text-align: justify;\">La premi\u00e8re g\u00e9n\u00e9ration de la Sandero 1 est produite entre 2007 et 2019. Tant\u00f4t estampill\u00e9e Dacia, tant\u00f4t Renault, elle a surtout \u00e9t\u00e9 vendue sous la marque au losange durant cet intervalle. En effet, elle est commercialis\u00e9e sous la <a href=\"https:\/\/www.bymycar.fr\/marques\/dacia\" target=\"_blank\" rel=\"noopener\">marque Dacia<\/a> entre 2008 et 2012. Au tout d\u00e9but, en 2007, cette voiture \u00e0 l\u2019allure d\u2019une berline Logan avec un empattement plus court est vendue au Br\u00e9sil, le pays o\u00f9 elle est construite. Les commandes se multiplient rapidement et le constructeur commence \u00e0 prendre des commandes en Roumanie et en France en 2008. Depuis, les v\u00e9hicules de cette gamme sont assembl\u00e9s sur de nombreux sites :<\/p>\n<ul style=\"text-align: justify;\">\n<li>Usine Renault de Curitiba au Br\u00e9sil ;<\/li>\n<li>Usine Renault de Envigato ;<\/li>\n<li>Usine de Pitesti et Mioveni en Roumanie ;<\/li>\n<li>Usine en Russie, au Maroc, en Colombie et en Afrique du Sud en 2009.<\/li>\n<\/ul>\n<p style=\"text-align: justify;\">Pour la seconde g\u00e9n\u00e9ration de la Sandero, l\u2019assemblage est \u00e9galement r\u00e9alis\u00e9 dans de nombreuses usines hors de la France. Ces sites se trouvent pr\u00e9cis\u00e9ment \u00e0 :<\/p>\n<ul style=\"text-align: justify;\">\n<li>Pitesti en Roumanie ;<\/li>\n<li>Oran en Alg\u00e9rie ;<\/li>\n<li>Casablanca et Tanger au Maroc ;<\/li>\n<li>Curitiba au Br\u00e9sil ;<\/li>\n<li>Envigado en Colombie ;<\/li>\n<li>Cordoba en Argentine \u00e0 partir de 2016.<\/li>\n<\/ul>\n<p style=\"text-align: justify;\">Pour information, les Dacia Sandero II sont vendues sous la marque Dacia en Europe. Sur les autres march\u00e9s, elle est plut\u00f4t pr\u00e9sent\u00e9e sous la <a href=\"https:\/\/www.bymycar.fr\/marques\/renault\" target=\"_blank\" rel=\"noopener\">marque Renault<\/a>. De plus, il existe des versions am\u00e9lior\u00e9es pour la premi\u00e8re et deuxi\u00e8me g\u00e9n\u00e9ration. Pour la premi\u00e8re, la version tout-terrain est baptis\u00e9e Stepway. Elle est construite \u00e0 l\u2019usine Curitiba au Br\u00e9sil \u00e0 partir de 2008. En ce qui concerne la seconde g\u00e9n\u00e9ration, une Sandero, sp\u00e9cialement con\u00e7ue pour le march\u00e9 alg\u00e9rien, est assembl\u00e9e en Alg\u00e9rie et commercialis\u00e9e en version Stepway extr\u00eame.<\/p>\n<h3 style=\"text-align: justify;\"><strong>O\u00f9 est fabriqu\u00e9e la Dacia Sandero 3 ?<\/strong><\/h3>\n<p style=\"text-align: justify;\">La Dacia Sandero a connu un succ\u00e8s inattendu sur le march\u00e9 automobile, surtout du low cost. Cependant, la marque essaie de sortir de cette image de low cost avec une troisi\u00e8me g\u00e9n\u00e9ration consid\u00e9r\u00e9e comme une voiture essentielle. Renault et Dacia d\u00e9cident de monter en gamme pour attirer de nouvelles client\u00e8les.<\/p>\n<p style=\"text-align: justify;\">La nouvelle Dacia Sandero III commence \u00e0 \u00eatre produite \u00e0 partir de la fin de 2020. Elle se d\u00e9cline en deux versions baptis\u00e9es :<\/p>\n<ul style=\"text-align: justify;\">\n<li>Streetway ;<\/li>\n<li>Stepway.<\/li>\n<\/ul>\n<p style=\"text-align: justify;\">C\u00f4t\u00e9 finition, les versions Essentiel et Confort restent disponibles, puisque l\u2019Access est arr\u00eat\u00e9 depuis ao\u00fbt 2021.<\/p>\n<p style=\"text-align: justify;\">Pour la partie production, la Sandero III emprunte la plate-forme CMF\/B du constructeur Renault qui sert de base \u00e0 la Clio 5. La version standard, nomm\u00e9e Sandero Streetway, est essentiellement assembl\u00e9e au Maroc, dans les usines de Tanger et de Casablanca SOMACA. En ce qui concerne les mod\u00e8les Stepway. Ils sont produits en Roumanie, dans l\u2019usine Dacia de Pitesti, mais aussi dans les usines Renault au Maroc.<\/p>\n<h2 style=\"text-align: justify;\"><strong>O\u00f9 est fabriqu\u00e9e la Dacia Duster ?<\/strong><\/h2>\n<p style=\"text-align: justify;\">Comme de nombreuses voitures Dacia, la fameuse Duster est construite dans l\u2019usine de Pitesti en Roumanie. En effet, cette gamme repr\u00e9sente la plus importante activit\u00e9 de cette usine \u00e0 part l\u2019assemblage des Dacia Sandero, Logan MCV ou encore de la Renault Clio Symbol.<\/p>\n<p style=\"text-align: justify;\">L\u2019usine de Pitesti se trouve \u00e0 120 km au nord-ouest de Bucarest. Depuis la production de la Dacia 1100 jusqu\u2019\u00e0 aujourd\u2019hui, elle fait en sorte d\u2019am\u00e9liorer sa productivit\u00e9 et la qualit\u00e9 des voitures produites. En effet, elle utilise des technologies dernier cri pour l\u2019assemblage de ces v\u00e9hicules : robot collaboratif, chariot, Wi-Fi globalis\u00e9, etc. Ces \u00e9volutions lui permettent une production de plus de 300 000 exemplaires. Rien que pour les Duster, l\u2019usine arrive \u00e0 faire sortir de la cha\u00eene de production environ 1 000 v\u00e9hicules par jour. Pour cette capacit\u00e9 de production, l\u2019usine de Pitesti est consid\u00e9r\u00e9e comme l\u2019excellence de la production roumaine. Cette image est l\u2019une des raisons du succ\u00e8s de la Dacia Duster \u00e0 part son design et ses performances.<\/p>\n<h2 style=\"text-align: justify;\"><strong>Qui fabrique les moteurs dans les voitures Dacia ?<\/strong><\/h2>\n<p style=\"text-align: justify;\">Les voitures de la marque Dacia sont produites avec la collaboration de Renault. Les deux constructeurs exploitent la technologie de l\u2019un et de l\u2019autre pour am\u00e9liorer leur v\u00e9hicule. Concernant les moteurs, certains sont fabriqu\u00e9s par Dacia et d\u2019autres par Renault.<\/p>\n<p style=\"text-align: justify;\">Pour sa part, Renault produit ses moteurs dans de nombreux pays :<\/p>\n<ul style=\"text-align: justify;\">\n<li>Espagne pour les moteurs 1.5 dCi, 1.0TCe et 1.3 TCe ;<\/li>\n<li>Roumanie \u00e0 Mioveni pour les moteurs 1.0 Sce de la Renault Clio et de la Dacia Sandero ;<\/li>\n<li>Bursa pour les moteurs hybrides E-Tech et 1.5 dCi ;<\/li>\n<li>Etc.<\/li>\n<\/ul>\n<p style=\"text-align: justify;\">Pour Dacia, la fabrication de moteurs se passe \u00e0 l\u2019usine de Pitesti. En effet, ce site n\u2019est pas uniquement r\u00e9serv\u00e9 \u00e0 l\u2019assemblage de voitures. Elle est aussi sp\u00e9cialis\u00e9e dans la fabrication de moteurs et la logistique pour la partie exp\u00e9dition de v\u00e9hicules ou de pi\u00e8ces. En ce qui concerne la construction de moteurs, l\u2019usine produit deux moteurs : le TCe 90 et le 1.6MPI.<\/p>\n<p style=\"text-align: justify;\">Pour rappel, les voitures Dacia Sandero embarquent divers types de moteurs selon le mod\u00e8le :<\/p>\n<ul style=\"text-align: justify;\">\n<li>1.0 Sce ;<\/li>\n<li>1.0 TCe ;<\/li>\n<li>1.0 TCe GPL ;<\/li>\n<li>1.5 16 v ;<\/li>\n<li>1.4 MPi ;<\/li>\n<li>1.6 MPi 90 ;<\/li>\n<li>1.5 DCi ;<\/li>\n<li>Etc.<\/li>\n<\/ul>\n<p style=\"text-align: justify;\">Le meilleur moyen d&rsquo;\u00eatre s\u00fbr du type de moteur embarqu\u00e9 est de consulter le manuel de la voiture.<\/p>\n<p style=\"text-align: justify;\">\n<p style=\"text-align: justify;\">Si vous souhaitez \u00e9changer sur le mod\u00e8le Dacia Sandero, nos \u00e9quipes d&rsquo;experts sont \u00e0 votre disposition dans les <a href=\"https:\/\/www.bymycar.fr\/concessions\/dacia\" target=\"_blank\" rel=\"noopener\">concessions DACIA BYmyCAR<\/a>. N&rsquo;h\u00e9sitez pas \u00e0 venir faire un essai de v\u00e9hicule.<\/p>\n<p style=\"text-align: justify;\">\n<p>&nbsp;<\/p>\n<p style=\"text-align: center;\"><a href=\"https:\/\/www.bymycar.fr\/rechercher-un-vehicule?prod_VEHICLES%5BrefinementList%5D%5Bbrand%5D%5B0%5D=DACIA&amp;prod_VEHICLES%5BrefinementList%5D%5BmodelGroup1%5D%5B0%5D=SANDERO\" target=\"_blank\" class=\"css-button css-button--gold\" >\n                Voir les Dacia Sandero en stock &gt;\n        <\/a><\/p>\n<p style=\"text-align: justify;\">\n<p>&nbsp;<\/p>\n<p><a href=\"https:\/\/www.bymycar.fr\/webzine\/guide-dachat-dacia-sandero-qui-broute-a-froid-que-faire\/\">Dacia Sandero qui broute \u00e0 froid\u00a0: que faire\u00a0?<\/a><\/p>\n<p style=\"text-align: justify;\">\n","titre":"texte","image":false,"image_libre":false,"image_800x500":false,"legende":"","zoom":false,"texte":"","articles":false,"categorie_droite":false,"images":false,"elements_comparatif":false,"texte_1":"","texte_2":"","image_1":false,"image_1_563x400":false,"image_1_332x332":false,"image_2":false,"image_2_333x240":false,"image_2_563x400":false,"image_3":false,"image_3_333x240":false,"image_3_332x450":false,"image_4":false,"image_4_332x332":false,"image_4_563x400":false,"code_embed":"","legende_video":"","photo":false,"photo_100x100":false,"nom":"","fonction":"","elements_timeline":false,"entetes_colonnes":false,"entetes_lignes":false,"lignes":false,"introduction":"","formulaire":false,"question":"","reponse":"","libelle_bouton_lien":"","url_lien":"","questions":false,"conclusions":false,"pays":false,"region":false,"marque":false,"marqueConcessions":false,"modele":false,"ptvente":false,"typeV":false,"collection":false,"nombre_maximum_elements":10,"lien_fin_carousel":"","texte_lien_fin_carousel":"","trier_par":false}],"is_old_post":false,"page_content":{"block_content":[{"acf_fc_layout":"text-simple","--nav":{"-withNav":false,"-ancre":""},"--group":{"-text":"<h2 style=\"text-align: justify;\"><strong>O\u00f9 sont fabriqu\u00e9es les Renault Dacia Sandero : usine \u00e0 Tanger au Maroc ou Mioveni et Pitesti en Roumanie, etc. ?<\/strong><\/h2>\n<p style=\"text-align: justify;\">Depuis la sortie de sa premi\u00e8re g\u00e9n\u00e9ration, la Dacia Sandero est l\u2019une des voitures les plus appr\u00e9ci\u00e9es par les Fran\u00e7ais. Cependant, elle fait partie des v\u00e9hicules de Renault qui ne sont pas encore produits dans l\u2019Hexagone. Cette gamme est fabriqu\u00e9e dans l\u2019est de l\u2019Europe essentiellement, mais aussi en Afrique pour certains mod\u00e8les. Cette d\u00e9cision est justifi\u00e9e par l\u2019envie de r\u00e9duire les co\u00fbts d\u2019assemblage et de proposer des voitures low cost, mais de qualit\u00e9. Dans l\u2019avenir, il se pourrait qu\u2019une partie des voitures Sandero puisse \u00eatre assembl\u00e9e en France, car le syndicat CGT Renault en a d\u00e9j\u00e0 fait la demande aupr\u00e8s de la direction.<\/p>\n<h3 style=\"text-align: justify;\"><strong>O\u00f9 sont fabriqu\u00e9es les Dacia Sandero 1, 2 et Stepway ?<\/strong><\/h3>\n<p style=\"text-align: justify;\">La premi\u00e8re g\u00e9n\u00e9ration de la Sandero 1 est produite entre 2007 et 2019. Tant\u00f4t estampill\u00e9e Dacia, tant\u00f4t Renault, elle a surtout \u00e9t\u00e9 vendue sous la marque au losange durant cet intervalle. En effet, elle est commercialis\u00e9e sous la <a href=\"https:\/\/www.bymycar.fr\/marques\/dacia\" target=\"_blank\" rel=\"noopener\">marque Dacia<\/a> entre 2008 et 2012. Au tout d\u00e9but, en 2007, cette voiture \u00e0 l\u2019allure d\u2019une berline Logan avec un empattement plus court est vendue au Br\u00e9sil, le pays o\u00f9 elle est construite. Les commandes se multiplient rapidement et le constructeur commence \u00e0 prendre des commandes en Roumanie et en France en 2008. Depuis, les v\u00e9hicules de cette gamme sont assembl\u00e9s sur de nombreux sites :<\/p>\n<ul style=\"text-align: justify;\">\n<li>Usine Renault de Curitiba au Br\u00e9sil ;<\/li>\n<li>Usine Renault de Envigato ;<\/li>\n<li>Usine de Pitesti et Mioveni en Roumanie ;<\/li>\n<li>Usine en Russie, au Maroc, en Colombie et en Afrique du Sud en 2009.<\/li>\n<\/ul>\n<p style=\"text-align: justify;\">Pour la seconde g\u00e9n\u00e9ration de la Sandero, l\u2019assemblage est \u00e9galement r\u00e9alis\u00e9 dans de nombreuses usines hors de la France. Ces sites se trouvent pr\u00e9cis\u00e9ment \u00e0 :<\/p>\n<ul style=\"text-align: justify;\">\n<li>Pitesti en Roumanie ;<\/li>\n<li>Oran en Alg\u00e9rie ;<\/li>\n<li>Casablanca et Tanger au Maroc ;<\/li>\n<li>Curitiba au Br\u00e9sil ;<\/li>\n<li>Envigado en Colombie ;<\/li>\n<li>Cordoba en Argentine \u00e0 partir de 2016.<\/li>\n<\/ul>\n<p style=\"text-align: justify;\">Pour information, les Dacia Sandero II sont vendues sous la marque Dacia en Europe. Sur les autres march\u00e9s, elle est plut\u00f4t pr\u00e9sent\u00e9e sous la <a href=\"https:\/\/www.bymycar.fr\/marques\/renault\" target=\"_blank\" rel=\"noopener\">marque Renault<\/a>. De plus, il existe des versions am\u00e9lior\u00e9es pour la premi\u00e8re et deuxi\u00e8me g\u00e9n\u00e9ration. Pour la premi\u00e8re, la version tout-terrain est baptis\u00e9e Stepway. Elle est construite \u00e0 l\u2019usine Curitiba au Br\u00e9sil \u00e0 partir de 2008. En ce qui concerne la seconde g\u00e9n\u00e9ration, une Sandero, sp\u00e9cialement con\u00e7ue pour le march\u00e9 alg\u00e9rien, est assembl\u00e9e en Alg\u00e9rie et commercialis\u00e9e en version Stepway extr\u00eame.<\/p>\n<h3 style=\"text-align: justify;\"><strong>O\u00f9 est fabriqu\u00e9e la Dacia Sandero 3 ?<\/strong><\/h3>\n<p style=\"text-align: justify;\">La Dacia Sandero a connu un succ\u00e8s inattendu sur le march\u00e9 automobile, surtout du low cost. Cependant, la marque essaie de sortir de cette image de low cost avec une troisi\u00e8me g\u00e9n\u00e9ration consid\u00e9r\u00e9e comme une voiture essentielle. Renault et Dacia d\u00e9cident de monter en gamme pour attirer de nouvelles client\u00e8les.<\/p>\n<p style=\"text-align: justify;\">La nouvelle Dacia Sandero III commence \u00e0 \u00eatre produite \u00e0 partir de la fin de 2020. Elle se d\u00e9cline en deux versions baptis\u00e9es :<\/p>\n<ul style=\"text-align: justify;\">\n<li>Streetway ;<\/li>\n<li>Stepway.<\/li>\n<\/ul>\n<p style=\"text-align: justify;\">C\u00f4t\u00e9 finition, les versions Essentiel et Confort restent disponibles, puisque l\u2019Access est arr\u00eat\u00e9 depuis ao\u00fbt 2021.<\/p>\n<p style=\"text-align: justify;\">Pour la partie production, la Sandero III emprunte la plate-forme CMF\/B du constructeur Renault qui sert de base \u00e0 la Clio 5. La version standard, nomm\u00e9e Sandero Streetway, est essentiellement assembl\u00e9e au Maroc, dans les usines de Tanger et de Casablanca SOMACA. En ce qui concerne les mod\u00e8les Stepway. Ils sont produits en Roumanie, dans l\u2019usine Dacia de Pitesti, mais aussi dans les usines Renault au Maroc.<\/p>\n<h2 style=\"text-align: justify;\"><strong>O\u00f9 est fabriqu\u00e9e la Dacia Duster ?<\/strong><\/h2>\n<p style=\"text-align: justify;\">Comme de nombreuses voitures Dacia, la fameuse Duster est construite dans l\u2019usine de Pitesti en Roumanie. En effet, cette gamme repr\u00e9sente la plus importante activit\u00e9 de cette usine \u00e0 part l\u2019assemblage des Dacia Sandero, Logan MCV ou encore de la Renault Clio Symbol.<\/p>\n<p style=\"text-align: justify;\">L\u2019usine de Pitesti se trouve \u00e0 120 km au nord-ouest de Bucarest. Depuis la production de la Dacia 1100 jusqu\u2019\u00e0 aujourd\u2019hui, elle fait en sorte d\u2019am\u00e9liorer sa productivit\u00e9 et la qualit\u00e9 des voitures produites. En effet, elle utilise des technologies dernier cri pour l\u2019assemblage de ces v\u00e9hicules : robot collaboratif, chariot, Wi-Fi globalis\u00e9, etc. Ces \u00e9volutions lui permettent une production de plus de 300 000 exemplaires. Rien que pour les Duster, l\u2019usine arrive \u00e0 faire sortir de la cha\u00eene de production environ 1 000 v\u00e9hicules par jour. Pour cette capacit\u00e9 de production, l\u2019usine de Pitesti est consid\u00e9r\u00e9e comme l\u2019excellence de la production roumaine. Cette image est l\u2019une des raisons du succ\u00e8s de la Dacia Duster \u00e0 part son design et ses performances.<\/p>\n<h2 style=\"text-align: justify;\"><strong>Qui fabrique les moteurs dans les voitures Dacia ?<\/strong><\/h2>\n<p style=\"text-align: justify;\">Les voitures de la marque Dacia sont produites avec la collaboration de Renault. Les deux constructeurs exploitent la technologie de l\u2019un et de l\u2019autre pour am\u00e9liorer leur v\u00e9hicule. Concernant les moteurs, certains sont fabriqu\u00e9s par Dacia et d\u2019autres par Renault.<\/p>\n<p style=\"text-align: justify;\">Pour sa part, Renault produit ses moteurs dans de nombreux pays :<\/p>\n<ul style=\"text-align: justify;\">\n<li>Espagne pour les moteurs 1.5 dCi, 1.0TCe et 1.3 TCe ;<\/li>\n<li>Roumanie \u00e0 Mioveni pour les moteurs 1.0 Sce de la Renault Clio et de la Dacia Sandero ;<\/li>\n<li>Bursa pour les moteurs hybrides E-Tech et 1.5 dCi ;<\/li>\n<li>Etc.<\/li>\n<\/ul>\n<p style=\"text-align: justify;\">Pour Dacia, la fabrication de moteurs se passe \u00e0 l\u2019usine de Pitesti. En effet, ce site n\u2019est pas uniquement r\u00e9serv\u00e9 \u00e0 l\u2019assemblage de voitures. Elle est aussi sp\u00e9cialis\u00e9e dans la fabrication de moteurs et la logistique pour la partie exp\u00e9dition de v\u00e9hicules ou de pi\u00e8ces. En ce qui concerne la construction de moteurs, l\u2019usine produit deux moteurs : le TCe 90 et le 1.6MPI.<\/p>\n<p style=\"text-align: justify;\">Pour rappel, les voitures Dacia Sandero embarquent divers types de moteurs selon le mod\u00e8le :<\/p>\n<ul style=\"text-align: justify;\">\n<li>1.0 Sce ;<\/li>\n<li>1.0 TCe ;<\/li>\n<li>1.0 TCe GPL ;<\/li>\n<li>1.5 16 v ;<\/li>\n<li>1.4 MPi ;<\/li>\n<li>1.6 MPi 90 ;<\/li>\n<li>1.5 DCi ;<\/li>\n<li>Etc.<\/li>\n<\/ul>\n<p style=\"text-align: justify;\">Le meilleur moyen d&rsquo;\u00eatre s\u00fbr du type de moteur embarqu\u00e9 est de consulter le manuel de la voiture.<\/p>\n<p style=\"text-align: justify;\">\n<p style=\"text-align: justify;\">Si vous souhaitez \u00e9changer sur le mod\u00e8le Dacia Sandero, nos \u00e9quipes d&rsquo;experts sont \u00e0 votre disposition dans les <a href=\"https:\/\/www.bymycar.fr\/concessions\/dacia\" target=\"_blank\" rel=\"noopener\">concessions DACIA BYmyCAR<\/a>. N&rsquo;h\u00e9sitez pas \u00e0 venir faire un essai de v\u00e9hicule.<\/p>\n<p style=\"text-align: justify;\">\n<p>&nbsp;<\/p>\n<p style=\"text-align: center;\"><a href=\"https:\/\/www.bymycar.fr\/rechercher-un-vehicule?prod_VEHICLES%5BrefinementList%5D%5Bbrand%5D%5B0%5D=DACIA&amp;prod_VEHICLES%5BrefinementList%5D%5BmodelGroup1%5D%5B0%5D=SANDERO\" target=\"_blank\" class=\"css-button css-button--gold\" ><br \/>\n                Voir les Dacia Sandero en stock &gt;<br \/>\n        <\/a><\/p>\n<p style=\"text-align: justify;\">\n<p>&nbsp;<\/p>\n<p><a href=\"https:\/\/www.bymycar.fr\/webzine\/guide-dachat-dacia-sandero-qui-broute-a-froid-que-faire\/\">Dacia Sandero qui broute \u00e0 froid\u00a0: que faire\u00a0?<\/a><\/p>\n<p style=\"text-align: justify;\">\n"}}]},"add-carousel-to-footer":true},"yoast_head":"<!-- This site is optimized with the Yoast SEO Premium plugin v26.4 (Yoast SEO v26.4) - https:\/\/yoast.com\/wordpress\/plugins\/seo\/ -->\n<title>Guide d&#039;achat : o\u00f9 est fabriqu\u00e9e la Dacia Sandero\u00a0?<\/title>\n<meta name=\"robots\" content=\"index, follow, max-snippet:-1, max-image-preview:large, max-video-preview:-1\" \/>\n<link rel=\"canonical\" href=\"https:\/\/www.bymycar.fr\/webzine\/guide-dachat-ou-est-fabrique-la-dacia-sandero\/\" \/>\n<meta property=\"og:locale\" content=\"fr_FR\" \/>\n<meta property=\"og:type\" content=\"article\" \/>\n<meta property=\"og:title\" content=\"Guide d&#039;achat : o\u00f9 est fabriqu\u00e9e la Dacia Sandero\u00a0?\" \/>\n<meta property=\"og:url\" content=\"https:\/\/www.bymycar.fr\/webzine\/guide-dachat-ou-est-fabrique-la-dacia-sandero\/\" \/>\n<meta property=\"og:site_name\" content=\"Webzine auto BYmyCAR\" \/>\n<meta property=\"article:published_time\" content=\"2022-03-30T10:14:12+00:00\" \/>\n<meta property=\"article:modified_time\" content=\"2022-03-30T12:03:29+00:00\" \/>\n<meta name=\"author\" content=\"Gregoire LE BIHAN\" \/>\n<meta name=\"twitter:card\" content=\"summary_large_image\" \/>\n<meta name=\"twitter:label1\" content=\"\u00c9crit par\" \/>\n\t<meta name=\"twitter:data1\" content=\"Gregoire LE BIHAN\" \/>\n<script type=\"application\/ld+json\" class=\"yoast-schema-graph\">{\"@context\":\"https:\/\/schema.org\",\"@graph\":[{\"@type\":\"Article\",\"@id\":\"https:\/\/www.bymycar.fr\/webzine\/guide-dachat-ou-est-fabrique-la-dacia-sandero\/#article\",\"isPartOf\":{\"@id\":\"https:\/\/www.bymycar.fr\/webzine\/guide-dachat-ou-est-fabrique-la-dacia-sandero\/\"},\"author\":{\"name\":\"Gregoire LE BIHAN\",\"@id\":\"https:\/\/www.bymycar.fr\/webzine\/#\/schema\/person\/8c56906440ec126868bd40232b3445f0\"},\"headline\":\"Guide d&rsquo;achat : o\u00f9 est fabriqu\u00e9e la Dacia Sandero\u00a0?\",\"datePublished\":\"2022-03-30T10:14:12+00:00\",\"dateModified\":\"2022-03-30T12:03:29+00:00\",\"mainEntityOfPage\":{\"@id\":\"https:\/\/www.bymycar.fr\/webzine\/guide-dachat-ou-est-fabrique-la-dacia-sandero\/\"},\"wordCount\":10,\"publisher\":{\"@id\":\"https:\/\/www.bymycar.fr\/webzine\/#organization\"},\"articleSection\":[\"Guide d'achat Dacia Sandero\"],\"inLanguage\":\"fr-FR\"},{\"@type\":\"WebPage\",\"@id\":\"https:\/\/www.bymycar.fr\/webzine\/guide-dachat-ou-est-fabrique-la-dacia-sandero\/\",\"url\":\"https:\/\/www.bymycar.fr\/webzine\/guide-dachat-ou-est-fabrique-la-dacia-sandero\/\",\"name\":\"Guide d'achat : o\u00f9 est fabriqu\u00e9e la Dacia Sandero\u00a0?\",\"isPartOf\":{\"@id\":\"https:\/\/www.bymycar.fr\/webzine\/#website\"},\"datePublished\":\"2022-03-30T10:14:12+00:00\",\"dateModified\":\"2022-03-30T12:03:29+00:00\",\"breadcrumb\":{\"@id\":\"https:\/\/www.bymycar.fr\/webzine\/guide-dachat-ou-est-fabrique-la-dacia-sandero\/#breadcrumb\"},\"inLanguage\":\"fr-FR\",\"potentialAction\":[{\"@type\":\"ReadAction\",\"target\":[\"https:\/\/www.bymycar.fr\/webzine\/guide-dachat-ou-est-fabrique-la-dacia-sandero\/\"]}]},{\"@type\":\"BreadcrumbList\",\"@id\":\"https:\/\/www.bymycar.fr\/webzine\/guide-dachat-ou-est-fabrique-la-dacia-sandero\/#breadcrumb\",\"itemListElement\":[{\"@type\":\"ListItem\",\"position\":1,\"name\":\"Accueil\",\"item\":\"https:\/\/www.bymycar.fr\/webzine\/\"},{\"@type\":\"ListItem\",\"position\":2,\"name\":\"Guide d&rsquo;achat : o\u00f9 est fabriqu\u00e9e la Dacia Sandero\u00a0?\"}]},{\"@type\":\"WebSite\",\"@id\":\"https:\/\/www.bymycar.fr\/webzine\/#website\",\"url\":\"https:\/\/www.bymycar.fr\/webzine\/\",\"name\":\"Webzine auto BYmyCAR\",\"description\":\"La magazine auto de BYmyCAR\",\"publisher\":{\"@id\":\"https:\/\/www.bymycar.fr\/webzine\/#organization\"},\"potentialAction\":[{\"@type\":\"SearchAction\",\"target\":{\"@type\":\"EntryPoint\",\"urlTemplate\":\"https:\/\/www.bymycar.fr\/webzine\/?s={search_term_string}\"},\"query-input\":{\"@type\":\"PropertyValueSpecification\",\"valueRequired\":true,\"valueName\":\"search_term_string\"}}],\"inLanguage\":\"fr-FR\"},{\"@type\":\"Organization\",\"@id\":\"https:\/\/www.bymycar.fr\/webzine\/#organization\",\"name\":\"BYmyCAR\",\"url\":\"https:\/\/www.bymycar.fr\/webzine\/\",\"logo\":{\"@type\":\"ImageObject\",\"inLanguage\":\"fr-FR\",\"@id\":\"https:\/\/www.bymycar.fr\/webzine\/#\/schema\/logo\/image\/\",\"url\":\"https:\/\/cdn.bymycar.eu\/fr-webzine\/wp-content\/uploads\/medias\/2017\/08\/logo_DEALER_00000406_001.png\",\"contentUrl\":\"https:\/\/cdn.bymycar.eu\/fr-webzine\/wp-content\/uploads\/medias\/2017\/08\/logo_DEALER_00000406_001.png\",\"width\":2132,\"height\":720,\"caption\":\"BYmyCAR\"},\"image\":{\"@id\":\"https:\/\/www.bymycar.fr\/webzine\/#\/schema\/logo\/image\/\"}},{\"@type\":\"Person\",\"@id\":\"https:\/\/www.bymycar.fr\/webzine\/#\/schema\/person\/8c56906440ec126868bd40232b3445f0\",\"name\":\"Gregoire LE BIHAN\",\"image\":{\"@type\":\"ImageObject\",\"inLanguage\":\"fr-FR\",\"@id\":\"https:\/\/www.bymycar.fr\/webzine\/#\/schema\/person\/image\/\",\"url\":\"https:\/\/secure.gravatar.com\/avatar\/1356d71f3c6eed50de358ba425c9944b742a0d35f88e0d5f8afe88fdac525492?s=96&d=mm&r=g\",\"contentUrl\":\"https:\/\/secure.gravatar.com\/avatar\/1356d71f3c6eed50de358ba425c9944b742a0d35f88e0d5f8afe88fdac525492?s=96&d=mm&r=g\",\"caption\":\"Gregoire LE BIHAN\"}}]}<\/script>\n<!-- \/ Yoast SEO Premium plugin. -->","yoast_head_json":{"title":"Guide d'achat : o\u00f9 est fabriqu\u00e9e la Dacia Sandero\u00a0?","robots":{"index":"index","follow":"follow","max-snippet":"max-snippet:-1","max-image-preview":"max-image-preview:large","max-video-preview":"max-video-preview:-1"},"canonical":"https:\/\/www.bymycar.fr\/webzine\/guide-dachat-ou-est-fabrique-la-dacia-sandero\/","og_locale":"fr_FR","og_type":"article","og_title":"Guide d'achat : o\u00f9 est fabriqu\u00e9e la Dacia Sandero\u00a0?","og_url":"https:\/\/www.bymycar.fr\/webzine\/guide-dachat-ou-est-fabrique-la-dacia-sandero\/","og_site_name":"Webzine auto BYmyCAR","article_published_time":"2022-03-30T10:14:12+00:00","article_modified_time":"2022-03-30T12:03:29+00:00","author":"Gregoire LE BIHAN","twitter_card":"summary_large_image","twitter_misc":{"\u00c9crit par":"Gregoire LE BIHAN"},"schema":{"@context":"https:\/\/schema.org","@graph":[{"@type":"Article","@id":"https:\/\/www.bymycar.fr\/webzine\/guide-dachat-ou-est-fabrique-la-dacia-sandero\/#article","isPartOf":{"@id":"https:\/\/www.bymycar.fr\/webzine\/guide-dachat-ou-est-fabrique-la-dacia-sandero\/"},"author":{"name":"Gregoire LE BIHAN","@id":"https:\/\/www.bymycar.fr\/webzine\/#\/schema\/person\/8c56906440ec126868bd40232b3445f0"},"headline":"Guide d&rsquo;achat : o\u00f9 est fabriqu\u00e9e la Dacia Sandero\u00a0?","datePublished":"2022-03-30T10:14:12+00:00","dateModified":"2022-03-30T12:03:29+00:00","mainEntityOfPage":{"@id":"https:\/\/www.bymycar.fr\/webzine\/guide-dachat-ou-est-fabrique-la-dacia-sandero\/"},"wordCount":10,"publisher":{"@id":"https:\/\/www.bymycar.fr\/webzine\/#organization"},"articleSection":["Guide d'achat Dacia Sandero"],"inLanguage":"fr-FR"},{"@type":"WebPage","@id":"https:\/\/www.bymycar.fr\/webzine\/guide-dachat-ou-est-fabrique-la-dacia-sandero\/","url":"https:\/\/www.bymycar.fr\/webzine\/guide-dachat-ou-est-fabrique-la-dacia-sandero\/","name":"Guide d'achat : o\u00f9 est fabriqu\u00e9e la Dacia Sandero\u00a0?","isPartOf":{"@id":"https:\/\/www.bymycar.fr\/webzine\/#website"},"datePublished":"2022-03-30T10:14:12+00:00","dateModified":"2022-03-30T12:03:29+00:00","breadcrumb":{"@id":"https:\/\/www.bymycar.fr\/webzine\/guide-dachat-ou-est-fabrique-la-dacia-sandero\/#breadcrumb"},"inLanguage":"fr-FR","potentialAction":[{"@type":"ReadAction","target":["https:\/\/www.bymycar.fr\/webzine\/guide-dachat-ou-est-fabrique-la-dacia-sandero\/"]}]},{"@type":"BreadcrumbList","@id":"https:\/\/www.bymycar.fr\/webzine\/guide-dachat-ou-est-fabrique-la-dacia-sandero\/#breadcrumb","itemListElement":[{"@type":"ListItem","position":1,"name":"Accueil","item":"https:\/\/www.bymycar.fr\/webzine\/"},{"@type":"ListItem","position":2,"name":"Guide d&rsquo;achat : o\u00f9 est fabriqu\u00e9e la Dacia Sandero\u00a0?"}]},{"@type":"WebSite","@id":"https:\/\/www.bymycar.fr\/webzine\/#website","url":"https:\/\/www.bymycar.fr\/webzine\/","name":"Webzine auto BYmyCAR","description":"La magazine auto de BYmyCAR","publisher":{"@id":"https:\/\/www.bymycar.fr\/webzine\/#organization"},"potentialAction":[{"@type":"SearchAction","target":{"@type":"EntryPoint","urlTemplate":"https:\/\/www.bymycar.fr\/webzine\/?s={search_term_string}"},"query-input":{"@type":"PropertyValueSpecification","valueRequired":true,"valueName":"search_term_string"}}],"inLanguage":"fr-FR"},{"@type":"Organization","@id":"https:\/\/www.bymycar.fr\/webzine\/#organization","name":"BYmyCAR","url":"https:\/\/www.bymycar.fr\/webzine\/","logo":{"@type":"ImageObject","inLanguage":"fr-FR","@id":"https:\/\/www.bymycar.fr\/webzine\/#\/schema\/logo\/image\/","url":"https:\/\/cdn.bymycar.eu\/fr-webzine\/wp-content\/uploads\/medias\/2017\/08\/logo_DEALER_00000406_001.png","contentUrl":"https:\/\/cdn.bymycar.eu\/fr-webzine\/wp-content\/uploads\/medias\/2017\/08\/logo_DEALER_00000406_001.png","width":2132,"height":720,"caption":"BYmyCAR"},"image":{"@id":"https:\/\/www.bymycar.fr\/webzine\/#\/schema\/logo\/image\/"}},{"@type":"Person","@id":"https:\/\/www.bymycar.fr\/webzine\/#\/schema\/person\/8c56906440ec126868bd40232b3445f0","name":"Gregoire LE BIHAN","image":{"@type":"ImageObject","inLanguage":"fr-FR","@id":"https:\/\/www.bymycar.fr\/webzine\/#\/schema\/person\/image\/","url":"https:\/\/secure.gravatar.com\/avatar\/1356d71f3c6eed50de358ba425c9944b742a0d35f88e0d5f8afe88fdac525492?s=96&d=mm&r=g","contentUrl":"https:\/\/secure.gravatar.com\/avatar\/1356d71f3c6eed50de358ba425c9944b742a0d35f88e0d5f8afe88fdac525492?s=96&d=mm&r=g","caption":"Gregoire LE BIHAN"}}]}},"_links":{"self":[{"href":"https:\/\/www.bymycar.fr\/webzine\/wp-json\/wp\/v2\/posts\/26649","targetHints":{"allow":["GET"]}}],"collection":[{"href":"https:\/\/www.bymycar.fr\/webzine\/wp-json\/wp\/v2\/posts"}],"about":[{"href":"https:\/\/www.bymycar.fr\/webzine\/wp-json\/wp\/v2\/types\/post"}],"author":[{"embeddable":true,"href":"https:\/\/www.bymycar.fr\/webzine\/wp-json\/wp\/v2\/users\/9"}],"replies":[{"embeddable":true,"href":"https:\/\/www.bymycar.fr\/webzine\/wp-json\/wp\/v2\/comments?post=26649"}],"version-history":[{"count":7,"href":"https:\/\/www.bymycar.fr\/webzine\/wp-json\/wp\/v2\/posts\/26649\/revisions"}],"predecessor-version":[{"id":26674,"href":"https:\/\/www.bymycar.fr\/webzine\/wp-json\/wp\/v2\/posts\/26649\/revisions\/26674"}],"wp:attachment":[{"href":"https:\/\/www.bymycar.fr\/webzine\/wp-json\/wp\/v2\/media?parent=26649"}],"wp:term":[{"taxonomy":"category","embeddable":true,"href":"https:\/\/www.bymycar.fr\/webzine\/wp-json\/wp\/v2\/categories?post=26649"},{"taxonomy":"post_tag","embeddable":true,"href":"https:\/\/www.bymycar.fr\/webzine\/wp-json\/wp\/v2\/tags?post=26649"}],"curies":[{"name":"wp","href":"https:\/\/api.w.org\/{rel}","templated":true}]}}