{"id":26581,"date":"2022-03-24T02:22:04","date_gmt":"2022-03-24T01:22:04","guid":{"rendered":"https:\/\/prod.bymycar.fr\/webzine\/?p=26581"},"modified":"2024-01-25T10:06:02","modified_gmt":"2024-01-25T09:06:02","slug":"infrastructure-de-charge","status":"publish","type":"post","link":"https:\/\/www.bymycar.fr\/webzine\/infrastructure-de-charge\/","title":{"rendered":"Les infrastructures de recharge pour v\u00e9hicules \u00e9lectriques"},"content":{"rendered":"","protected":false},"excerpt":{"rendered":"","protected":false},"author":9,"featured_media":20136,"comment_status":"closed","ping_status":"open","sticky":false,"template":"","format":"standard","meta":{"_acf_changed":false,"footnotes":""},"categories":[8149,8150],"tags":[],"class_list":["post-26581","post","type-post","status-publish","format-standard","has-post-thumbnail","hentry","category-electrique-et-hybride","category-voiture-electrique"],"acf":{"template":"classique","introduction":"<p style=\"text-align: justify;\"><strong>S\u2019\u00e9quiper d\u2019une borne de recharge \u00e0 domicile permet \u00e0 n\u2019importe quel propri\u00e9taire d\u2019un v\u00e9hicule \u00e9lectrique de recharger facilement son v\u00e9hicule \u00e0 la maison. Mais le dispositif n\u2019est pas forc\u00e9ment accessible \u00e0 tout le monde. C\u2019est pourquoi l\u2019\u00c9tat et les collectivit\u00e9s ont pour objectif d\u2019augmenter dans les prochaines ann\u00e9es le nombre de bornes de recharge publiques. Vous voulez en savoir plus sur les infrastructures de recharge pour v\u00e9hicules \u00e9lectriques ? Alors nous vous invitons \u00e0 poursuivre la lecture de cet article.\u00a0<\/strong><\/p>\n<p>&nbsp;<\/p>\n<p style=\"text-align: center;\"><span style=\"font-weight: 400;\"><a href=\"https:\/\/www.bymycar.fr\/electrique\" target=\"_blank\" class=\"css-button css-button--gold\" >\n                D\u00e9couvrez nos voitures \u00e9lectriques en stock &gt;\n        <\/a><\/span><\/p>\n","strates":[{"type_strate":"texte-simple","ancre":"","contenu":"<h2>Qu&rsquo;est-ce que l&rsquo;IRVE ?<\/h2>\n<p>La mention IRVE : qu\u2019est-ce que c\u2019est ? C\u2019est ce que nous allons voir maintenant.<\/p>\n<p>Si vous poss\u00e9dez une voiture \u00e9lectrique et que vous souhaitez installer un dispositif de recharge \u00e0 domicile, alors vous allez forc\u00e9ment rencontrer ce terme. La mention IRVE pour Infrastructure de Recharge de V\u00e9hicule Electrique est une qualification n\u00e9cessaire \u00e0 un \u00e9lectricien pour installer chez vous une borne de recharge. En d\u2019autres termes, si vous d\u00e9cidez de faire installer chez vous une borne de recharge pour votre voiture \u00e9lectrique, alors vous devez trouver un \u00e9lectricien qui dispose de la qualification IRVE. Cette qualification l\u2019autorise \u00e0 installer un dispositif de recharge \u00e0 domicile pour voiture \u00e9lectrique.<\/p>\n<p>Vous devez donc vous faire accompagner pour cette installation. Pourquoi est-ce important ? Faire appel \u00e0 un \u00e9lectricien qualifi\u00e9 IRVE permet de\u00a0garantir votre s\u00e9curit\u00e9 et d\u2019\u00e9viter une surcharge \u00e9lectrique qui pourrait entra\u00eener une coupure de courant. Tout aussi essentiel, le but est de ne pas endommager la batterie de votre voiture \u00e9lectrique. Il faut savoir que la qualification IRVE est compos\u00e9e de trois niveaux :<\/p>\n<ul>\n<li>Niveau 1 : il est possible d&rsquo;installer une borne de recharge jusqu\u2019\u00e0 22 kW<\/li>\n<li>Niveau 2 : il est possible d\u2019installer une borne de recharge jusqu\u2019\u00e0 22 kW, avec un syst\u00e8me de communication et de supervision pour la maintenance<\/li>\n<li>Niveau 3 : il est possible de faire installer une borne de charge rapide de plus de 22 kW<\/li>\n<\/ul>\n<p>La r\u00e9alisation de travaux pour faire installer une borne de recharge \u00e0 domicile est parfois n\u00e9cessaire. Pensez bien \u00e0 vous renseigner sur les diff\u00e9rents co\u00fbts !<\/p>\n<h2><\/h2>\n<h2>De quoi est compos\u00e9e une infrastructure de recharge pour v\u00e9hicules \u00e9lectriques ?<\/h2>\n<p>Vous l\u2019aurez compris, il faut certaines comp\u00e9tences techniques pour installer une <a href=\"https:\/\/www.bymycar.fr\/webzine\/ou-recharger-sa-voiture-electrique\/\" data-cke-saved-href=\"https:\/\/www.bymycar.fr\/webzine\/ou-recharger-sa-voiture-electrique\/\">borne de recharge<\/a> \u00e0 domicile. De quoi est compos\u00e9e une infrastructure de recharge pour v\u00e9hicules \u00e9lectriques ? Si vous vous posez la question, alors vous \u00eates au bon endroit.\u00a0Une infrastructure de recharge ou une station de recharge est compos\u00e9e d\u2019une ou plusieurs\u00a0bornes de recharge pour recharger un v\u00e9hicule \u00e9lectrique. La borne peut comporter plusieurs prises en fonction de sa puissance et se pr\u00e9sente un peu comme une pompe \u00e0 essence traditionnelle. On peut trouver des bornes de recharge publiques un peu partout en France, leur nombre ne cesse d&rsquo;augmenter d\u2019ann\u00e9e en ann\u00e9e.<\/p>\n<h2><\/h2>\n<h2>Acheter une voiture \u00e9lectrique au meilleur prix<\/h2>\n<p>Vous souhaitez rouler de mani\u00e8re plus \u00e9cologique ? Vous voulez acheter une voiture neuve ou d\u2019occasion et r\u00e9duire vos \u00e9missions de CO2 ? Alors, d\u00e9couvrez maintenant notre large s\u00e9lection de v\u00e9hicules \u00e9lectriques et achetez le mod\u00e8le de votre choix \u00e0 un tarif tr\u00e8s comp\u00e9titif. BYmyCAR vous propose en exclusivit\u00e9 la <a href=\"https:\/\/www.bymycar.fr\/marques\/byd\" data-cke-saved-href=\"https:\/\/www.bymycar.fr\/marques\/byd\">marque BYD<\/a> ! Avec BYmyCAR, votre achat se fait en ligne ou en concession et vous disposez de la m\u00eame qualit\u00e9 de service dans tous les cas. Nous livrons \u00e0 domicile sur toute la France.<\/p>\n<p>Vous souhaitez vendre votre voiture \u00e9lectrique ? Profitez de notre service de reprise et b\u00e9n\u00e9ficiez d\u2019une transaction rapide, professionnelle et s\u00e9curis\u00e9e.<\/p>\n<p><strong><em>D\u00e9couvrez aussi :\u00a0<\/em><\/strong><\/p>\n<p><em><a href=\"https:\/\/www.bymycar.fr\/webzine\/deploiement-des-bornes-de-recharge-bymycar\/\" data-cke-saved-href=\"https:\/\/www.bymycar.fr\/webzine\/deploiement-des-bornes-de-recharge-bymycar\/\">d\u00e9ploiement des bornes de recharge<\/a><\/em><\/p>\n<p><em><a href=\"https:\/\/www.bymycar.fr\/webzine\/infrastructure-de-charge\/\" data-cke-saved-href=\"https:\/\/www.bymycar.fr\/webzine\/infrastructure-de-charge\/\">infrastructure de recharge v\u00e9hicules \u00e9lectriques<\/a><\/em><\/p>\n<p><em><a href=\"https:\/\/www.bymycar.fr\/webzine\/reseau-de-bornes-de-recharge-bymycar\/\" data-cke-saved-href=\"https:\/\/www.bymycar.fr\/webzine\/reseau-de-bornes-de-recharge-bymycar\/\">r\u00e9seau de bornes de recharge\u00a0<\/a><\/em><\/p>\n<p><em><a href=\"https:\/\/www.bymycar.fr\/webzine\/top-10-des-voitures-electriques-les-moins-cheres-en-2023\/\" data-cke-saved-href=\"https:\/\/www.bymycar.fr\/webzine\/top-10-des-voitures-electriques-les-moins-cheres-en-2023\/\">voitures \u00e9lectriques neuves pas ch\u00e8res<\/a><\/em><\/p>\n<p><a href=\"https:\/\/www.bymycar.fr\/webzine\/comment-choisir-sa-borne-de-recharge-electrique\/\"><em>choisir sa borne de recharge \u00e9lectrique<\/em><\/a><\/p>\n<h2><\/h2>\n<h2>Infrastructure de charge<\/h2>\n<p>Seulement en France, on recense pas moins de 450.000 infrastructures de recharge d\u00e9di\u00e9es aux v\u00e9hicules \u00e9lectriques. D\u2019ici 2040, date d\u2019arr\u00eat d\u00e9finitif de la vente des mod\u00e8les thermiques, ce chiffre va vraisemblablement bondir. Actuellement, on assiste d\u00e9j\u00e0 \u00e0 une dynamique qui est en train de se cr\u00e9er. BYmyCAR, votre concessionnaire et expert en automobile en tout genre vous \u00e9claire sur les points essentiels de IRVE.<\/p>\n<h2><\/h2>\n<h2>Accompagnement gouvernemental dans la mise en place de l\u2019IRVE (Infrastructure de Recharge des V\u00e9hicules Electriques)<\/h2>\n<p>Le gouvernement fran\u00e7ais tend \u00e0 faciliter davantage le d\u00e9veloppement des v\u00e9hicules \u00e9lectriques afin d\u2019assurer la transition environnementale. Et cela passe par la conception et la mise en place de nouvelles infrastructures de charge. Ce changement est en marche depuis le vote de la loi N\u00ba 2019-1428 du 24 d\u00e9cembre 2019. Cette loi, dite la loi d\u2019orientation des mobilit\u00e9s, entr\u00e9e en vigueur le 11 mars 2021 impose quelques innovations majeures. On peut citer l\u2019\u00e9quipement des parkings et stations en\u00a0<a href=\"https:\/\/www.bymycar.fr\/webzine\/ou-recharger-sa-voiture-electrique\/\" data-cke-saved-href=\"https:\/\/www.bymycar.fr\/webzine\/ou-recharger-sa-voiture-electrique\/\">bornes de recharge<\/a>\u00a0pour v\u00e9hicules \u00e9lectriques des nouvelles infrastructures.<\/p>\n<p>Les promoteurs immobiliers sont les premiers concern\u00e9s par ce changement. En effet, d\u00e9sormais, la totalit\u00e9 du parking doit comporter des bornes de recharges. Cette contrainte s\u2019applique pour tout b\u00e2timent r\u00e9sidentiel disposant d\u2019un parking de plus de 10 places. Pour les non-r\u00e9sidentiels, 20 % du parking b\u00e9n\u00e9ficient de points de charge. Et ces derniers doivent \u00eatre accessibles aux PMR.<\/p>\n<h2><\/h2>\n<h2>Regard sur le d\u00e9veloppement des infrastructures de recharge<\/h2>\n<p>Les v\u00e9hicules \u00e9lectriques se d\u00e9veloppent de mani\u00e8re exponentielle ces derni\u00e8res ann\u00e9es. La croissance de leur nombre, mais aussi de leur puissance fait que l\u2019augmentation des infrastructures de recharge est devenue indispensable. Le march\u00e9 se trouve ainsi un peu plus cors\u00e9 avec la concurrence entre les forces en pr\u00e9sence et les nouvelles forces \u00e9mergentes. Actuellement, Tesla fait partie des t\u00eates de liste dans l\u2019exploitation d\u2019un vaste r\u00e9seau de point de charge mondial. Or l\u2019accroissement des demandes a conduit \u00e0 l\u2019\u00e9mergence d\u2019autres acteurs majeurs de l\u2019IRVE.<\/p>\n<p>Le gouvernement est actuellement partenaire du d\u00e9veloppement durable au niveau de la mobilit\u00e9 \u00e9lectrique. C\u2019est une solution \u00e0 long terme pour permettre aux Fran\u00e7ais d\u2019avoir une meilleure solution de recharge. Ainsi, le service public vient de d\u00e9bloquer un portefeuille de 100 millions d\u2019euros pour la construction de 100 000 bornes. Ce projet se poursuit avec la mise en place de bornes sur les aires d\u2019autoroute d\u2019ici la fin d\u2019ann\u00e9e.<\/p>\n<h2><\/h2>\n<h2>Infrastructures de recharge \u00e0 domicile, que choisir ?<\/h2>\n<p>Rassurez-vous, il est d\u00e9sormais beaucoup plus facile qu\u2019avant de recharger sa\u00a0<a href=\"https:\/\/www.bymycar.fr\/electrique\" data-cke-saved-href=\"https:\/\/www.bymycar.fr\/electrique\">voiture \u00e9lectrique<\/a>. Votre mobilit\u00e9 se trouve d\u00e9cupl\u00e9e par l\u2019unique fait de disposer d\u2019une borne de recharge \u00e0 domicile. Cette derni\u00e8re est, jusqu\u2019\u00e0 ce jour, la solution de recharge la plus rapide et la plus b\u00e9n\u00e9fique pour les utilisateurs. Voici un comparatif des meilleurs mod\u00e8les que nos experts ont class\u00e9s pour vous :<\/p>\n<h3>Le Wallbox Copper SB<\/h3>\n<p>Le Wallbox Copper SB est un mod\u00e8le qui offre une\u00a0puissance adapt\u00e9e automatiquement en fonction de la voiture que l\u2019on y branche. Une puissance qui varie entre 1,4 et 22 kW, soit de 6 A \u00e0 32 A. Vous pouvez le monter en monophas\u00e9 ou en triphas\u00e9. Il b\u00e9n\u00e9ficie d\u2019une prise \u00e9lectrique T2S verrouillable frontale ainsi qu\u2019une connexion \u00e0 distance Wi-Fi et Bluetooth. Le Wallbox Copper SB se dote \u00e9galement d\u2019une protection contre les fortes pluies (IP55) et les chocs (IK08).<\/p>\n<h3>Le Sobem-Scame Wallbox WB 205.W17-B0<\/h3>\n<p>Le Sobem-Scame Wallbox WB 205.W17-B0 pr\u00e9sente un syst\u00e8me nettement moins puissant que la Copper SB. Il propose une puissance de recharge de 3,7 kW \u00e0 7 kW sur une installation monophas\u00e9e. Avec 0 connectique, vous devez r\u00e9gler l\u2019intensit\u00e9 de la charge de ce mod\u00e8le \u00e0 l\u2019aide d\u2019une molette. Il b\u00e9n\u00e9ficie \u00e9galement d\u2019une mise en place d\u2019un d\u00e9marrage de recharge diff\u00e9r\u00e9. De ce fait, la voiture \u00e9lectrique se recharge durant les heures creuses. Cela fait de lui un dispositif id\u00e9al pour ceux qui r\u00e9alisent fr\u00e9quemment des trajets courts. D\u2019ailleurs, ce Wallbox profite d\u2019une protection contre les fortes pluies (IP55) et les chocs (IK08).<\/p>\n<h3>Le Wallbox ELVI \u2013 EVBOX<\/h3>\n<p>Le Wallbox ELVI \u2013 EVBOX est un mod\u00e8le \u00e0 fixation murale connect\u00e9e via Wi-Fi. Gr\u00e2ce \u00e0 lui, vous pouvez obtenir des informations, tout en ayant un contr\u00f4le total et en temps r\u00e9el de la recharge. Cette borne de recharge se distingue sa puissance de recharge de 2,3 \u00e0 22 kWh. Vous pouvez le brancher sur une prise de type 2.<\/p>\n<h2><\/h2>\n<h2>Quid du droit \u00e0 la prise ?<\/h2>\n<p>Actuellement, les stations-service, les aires d\u2019autoroute b\u00e9n\u00e9ficient davantage de bornes de recharge. De plus en plus d\u2019entreprises installent \u00e9galement des prises et bornes dans leurs sites (pour salari\u00e9s et visiteurs). Toutefois, proposer une installation \u00e0 domicile pour chaque salari\u00e9 reste difficile \u00e0 ex\u00e9cuter. De plus, acqu\u00e9rir une prise individuelle s\u2019av\u00e8re \u00eatre assez on\u00e9reux actuellement. Et le droit \u00e0 la prise pour la copropri\u00e9t\u00e9 est n\u00e9 dans l\u2019optique de pallier ce blocage. C\u2019est un droit dont tout occupant d\u2019un immeuble qui conduit un v\u00e9hicule \u00e9lectrique peut b\u00e9n\u00e9ficier, qu\u2019il soit propri\u00e9taire ou locataire. Le principe est simple, la ou les personnes demand\u00e9es vont soumettre une demande d\u2019installation de borne de recharge. Une borne install\u00e9e sur une place de parking de la copropri\u00e9t\u00e9.<\/p>\n<h2><\/h2>\n<h2>Quel est le temps de charge moyen d\u2019une voiture \u00e9lectrique ?<\/h2>\n<p>Le\u00a0temps\u00a0de charge d\u2019une voiture \u00e9lectrique peut varier en fonction de plusieurs facteurs et\u00a0conditions. Cela peut \u00eatre de 15 minutes jusqu\u2019\u00e0 plusieurs heures. Ce laps de\u00a0temps\u00a0d\u00e9pend principalement du mod\u00e8le de la voiture, la capacit\u00e9 et l\u2019\u00e9tat de charge de sa batterie. La\u00a0dur\u00e9e\u00a0varie \u00e9galement en fonction du\u00a0c\u00e2ble\u00a0utilis\u00e9 ou encore la puissance de la borne de recharge.<\/p>\n<p>&nbsp;<\/p>\n<p style=\"text-align: center;\"><span style=\"font-weight: 400;\"><a href=\"https:\/\/www.bymycar.fr\/electrique\" target=\"_blank\" class=\"css-button css-button--gold\" >\n                D\u00e9couvrez nos voitures \u00e9lectriques en stock &gt;\n        <\/a><\/span><\/p>\n<p>&nbsp;<\/p>\n<p><em><strong>D\u00e9couvrez d&rsquo;autres articles :\u00a0<\/strong><\/em><\/p>\n<ul>\n<li><a href=\"https:\/\/www.bymycar.fr\/webzine\/vehicule-hybride-bymycar\/\">V\u00e9hicule hybride BYmyCAR<\/a><\/li>\n<li><a href=\"https:\/\/www.bymycar.fr\/webzine\/quest-ce-qui-caracterise-une-voiture-propre\/\">Qu\u2019est-ce qui caract\u00e9rise une voiture propre ?<\/a><\/li>\n<li><a href=\"https:\/\/www.bymycar.fr\/webzine\/acheter-une-voiture-essence-doccasion\/\">Acheter une voiture essence d\u2019occasion<\/a><\/li>\n<li><a href=\"https:\/\/www.bymycar.fr\/webzine\/quelles-sont-les-meilleures-voitures-electriques-de-2023\/\">Quelles sont les meilleures voitures \u00e9lectriques de 2023 ?<\/a><\/li>\n<li><a href=\"https:\/\/www.bymycar.fr\/webzine\/quest-ce-quun-vehicule-thermique\/\">Qu\u2019est-ce qu\u2019un v\u00e9hicule thermique ?<\/a><\/li>\n<li><a href=\"https:\/\/www.bymycar.fr\/webzine\/guide-pour-acheter-une-nouvelle-voiture-quel-vehicule-choisir\/\">Guide pour acheter une nouvelle voiture : quel v\u00e9hicule choisir ?<\/a><\/li>\n<li><a href=\"https:\/\/www.bymycar.fr\/webzine\/quelle-est-la-voiture-electrique-la-moins-chere\/\">Les voitures \u00e9lectriques les moins ch\u00e8res en 2023<\/a><\/li>\n<li><a href=\"https:\/\/www.bymycar.fr\/webzine\/million-de-bornes\/\">Million de bornes<\/a><\/li>\n<li><a href=\"https:\/\/www.bymycar.fr\/webzine\/infrastructure-de-charge-2\/\">Infrastructure de charge<\/a><\/li>\n<li><a href=\"https:\/\/www.bymycar.fr\/webzine\/le-service-de-recharge-pour-les-vehicules-electriques-ou-hybrides-rechargeables-et-les-autres-services-bymycar\/\">Le service de recharge pour les v\u00e9hicules \u00e9lectriques ou hybrides rechargeables et les autres services-BYmyCAR<\/a><\/li>\n<li><a href=\"https:\/\/www.bymycar.fr\/webzine\/comment-preparer-votre-trajet-en-voiture\/\">Comment pr\u00e9parer votre trajet en voiture ?<\/a><\/li>\n<\/ul>\n","titre":"Infrastructure de charge","image":false,"image_libre":false,"image_800x500":false,"legende":"","zoom":false,"texte":"","articles":false,"categorie_droite":false,"images":false,"elements_comparatif":false,"texte_1":"","texte_2":"","image_1":false,"image_1_563x400":false,"image_1_332x332":false,"image_2":false,"image_2_333x240":false,"image_2_563x400":false,"image_3":false,"image_3_333x240":false,"image_3_332x450":false,"image_4":false,"image_4_332x332":false,"image_4_563x400":false,"code_embed":"","legende_video":"","photo":false,"photo_100x100":false,"nom":"","fonction":"","elements_timeline":false,"entetes_colonnes":false,"entetes_lignes":false,"lignes":false,"introduction":"","formulaire":false,"question":"","reponse":"","libelle_bouton_lien":"","url_lien":"","questions":false,"conclusions":false,"pays":false,"region":false,"marque":false,"marqueConcessions":false,"modele":false,"ptvente":false,"typeV":false,"collection":false,"nombre_maximum_elements":10,"lien_fin_carousel":"","texte_lien_fin_carousel":"","trier_par":false}],"is_old_post":false,"image":{"ID":20136,"id":20136,"title":"BORNE","filename":"borne.jpg","filesize":1,"url":"https:\/\/cdn.bymycar.eu\/fr-webzine\/wp-content\/uploads\/medias\/borne.jpg","link":"https:\/\/www.bymycar.fr\/webzine\/le-nouvel-eqs-chez-mercedes-bymycar\/borne\/","alt":"","author":"26","description":"","caption":"","name":"borne","status":"inherit","uploaded_to":20133,"date":"2021-10-25 12:42:15","modified":"2021-10-25 12:42:15","menu_order":0,"mime_type":"image\/jpeg","type":"image","subtype":"jpeg","icon":"https:\/\/www.bymycar.fr\/webzine\/wp-includes\/images\/media\/default.png","width":1295,"height":758,"sizes":{"thumbnail":"https:\/\/cdn.bymycar.eu\/fr-webzine\/wp-content\/uploads\/medias\/BORNE-150x150.jpg","thumbnail-width":150,"thumbnail-height":150,"medium":"https:\/\/cdn.bymycar.eu\/fr-webzine\/wp-content\/uploads\/medias\/BORNE-300x176.jpg","medium-width":300,"medium-height":176,"medium_large":"https:\/\/cdn.bymycar.eu\/fr-webzine\/wp-content\/uploads\/medias\/BORNE-768x450.jpg","medium_large-width":768,"medium_large-height":450,"large":"https:\/\/cdn.bymycar.eu\/fr-webzine\/wp-content\/uploads\/medias\/BORNE-1024x599.jpg","large-width":1024,"large-height":599,"1536x1536":"https:\/\/cdn.bymycar.eu\/fr-webzine\/wp-content\/uploads\/medias\/borne.jpg","1536x1536-width":1295,"1536x1536-height":758,"2048x2048":"https:\/\/cdn.bymycar.eu\/fr-webzine\/wp-content\/uploads\/medias\/borne.jpg","2048x2048-width":1295,"2048x2048-height":758}},"page_content":{"block_content":[{"acf_fc_layout":"text-simple","--nav":{"-withNav":false,"-ancre":""},"--group":{"-text":"<h2>Qu&rsquo;est-ce que l&rsquo;IRVE ?<\/h2>\n<p>La mention IRVE : qu\u2019est-ce que c\u2019est ? C\u2019est ce que nous allons voir maintenant.<\/p>\n<p>Si vous poss\u00e9dez une voiture \u00e9lectrique et que vous souhaitez installer un dispositif de recharge \u00e0 domicile, alors vous allez forc\u00e9ment rencontrer ce terme. La mention IRVE pour Infrastructure de Recharge de V\u00e9hicule Electrique est une qualification n\u00e9cessaire \u00e0 un \u00e9lectricien pour installer chez vous une borne de recharge. En d\u2019autres termes, si vous d\u00e9cidez de faire installer chez vous une borne de recharge pour votre voiture \u00e9lectrique, alors vous devez trouver un \u00e9lectricien qui dispose de la qualification IRVE. Cette qualification l\u2019autorise \u00e0 installer un dispositif de recharge \u00e0 domicile pour voiture \u00e9lectrique.<\/p>\n<p>Vous devez donc vous faire accompagner pour cette installation. Pourquoi est-ce important ? Faire appel \u00e0 un \u00e9lectricien qualifi\u00e9 IRVE permet de\u00a0garantir votre s\u00e9curit\u00e9 et d\u2019\u00e9viter une surcharge \u00e9lectrique qui pourrait entra\u00eener une coupure de courant. Tout aussi essentiel, le but est de ne pas endommager la batterie de votre voiture \u00e9lectrique. Il faut savoir que la qualification IRVE est compos\u00e9e de trois niveaux :<\/p>\n<ul>\n<li>Niveau 1 : il est possible d&rsquo;installer une borne de recharge jusqu\u2019\u00e0 22 kW<\/li>\n<li>Niveau 2 : il est possible d\u2019installer une borne de recharge jusqu\u2019\u00e0 22 kW, avec un syst\u00e8me de communication et de supervision pour la maintenance<\/li>\n<li>Niveau 3 : il est possible de faire installer une borne de charge rapide de plus de 22 kW<\/li>\n<\/ul>\n<p>La r\u00e9alisation de travaux pour faire installer une borne de recharge \u00e0 domicile est parfois n\u00e9cessaire. Pensez bien \u00e0 vous renseigner sur les diff\u00e9rents co\u00fbts !<\/p>\n<h2><\/h2>\n<h2>De quoi est compos\u00e9e une infrastructure de recharge pour v\u00e9hicules \u00e9lectriques ?<\/h2>\n<p>Vous l\u2019aurez compris, il faut certaines comp\u00e9tences techniques pour installer une <a href=\"https:\/\/www.bymycar.fr\/webzine\/ou-recharger-sa-voiture-electrique\/\" data-cke-saved-href=\"https:\/\/www.bymycar.fr\/webzine\/ou-recharger-sa-voiture-electrique\/\">borne de recharge<\/a> \u00e0 domicile. De quoi est compos\u00e9e une infrastructure de recharge pour v\u00e9hicules \u00e9lectriques ? Si vous vous posez la question, alors vous \u00eates au bon endroit.\u00a0Une infrastructure de recharge ou une station de recharge est compos\u00e9e d\u2019une ou plusieurs\u00a0bornes de recharge pour recharger un v\u00e9hicule \u00e9lectrique. La borne peut comporter plusieurs prises en fonction de sa puissance et se pr\u00e9sente un peu comme une pompe \u00e0 essence traditionnelle. On peut trouver des bornes de recharge publiques un peu partout en France, leur nombre ne cesse d&rsquo;augmenter d\u2019ann\u00e9e en ann\u00e9e.<\/p>\n<h2><\/h2>\n<h2>Acheter une voiture \u00e9lectrique au meilleur prix<\/h2>\n<p>Vous souhaitez rouler de mani\u00e8re plus \u00e9cologique ? Vous voulez acheter une voiture neuve ou d\u2019occasion et r\u00e9duire vos \u00e9missions de CO2 ? Alors, d\u00e9couvrez maintenant notre large s\u00e9lection de v\u00e9hicules \u00e9lectriques et achetez le mod\u00e8le de votre choix \u00e0 un tarif tr\u00e8s comp\u00e9titif. BYmyCAR vous propose en exclusivit\u00e9 la <a href=\"https:\/\/www.bymycar.fr\/marques\/byd\" data-cke-saved-href=\"https:\/\/www.bymycar.fr\/marques\/byd\">marque BYD<\/a> ! Avec BYmyCAR, votre achat se fait en ligne ou en concession et vous disposez de la m\u00eame qualit\u00e9 de service dans tous les cas. Nous livrons \u00e0 domicile sur toute la France.<\/p>\n<p>Vous souhaitez vendre votre voiture \u00e9lectrique ? Profitez de notre service de reprise et b\u00e9n\u00e9ficiez d\u2019une transaction rapide, professionnelle et s\u00e9curis\u00e9e.<\/p>\n<p><strong><em>D\u00e9couvrez aussi :\u00a0<\/em><\/strong><\/p>\n<p><em><a href=\"https:\/\/www.bymycar.fr\/webzine\/deploiement-des-bornes-de-recharge-bymycar\/\" data-cke-saved-href=\"https:\/\/www.bymycar.fr\/webzine\/deploiement-des-bornes-de-recharge-bymycar\/\">d\u00e9ploiement des bornes de recharge<\/a><\/em><\/p>\n<p><em><a href=\"https:\/\/www.bymycar.fr\/webzine\/infrastructure-de-charge\/\" data-cke-saved-href=\"https:\/\/www.bymycar.fr\/webzine\/infrastructure-de-charge\/\">infrastructure de recharge v\u00e9hicules \u00e9lectriques<\/a><\/em><\/p>\n<p><em><a href=\"https:\/\/www.bymycar.fr\/webzine\/reseau-de-bornes-de-recharge-bymycar\/\" data-cke-saved-href=\"https:\/\/www.bymycar.fr\/webzine\/reseau-de-bornes-de-recharge-bymycar\/\">r\u00e9seau de bornes de recharge\u00a0<\/a><\/em><\/p>\n<p><em><a href=\"https:\/\/www.bymycar.fr\/webzine\/top-10-des-voitures-electriques-les-moins-cheres-en-2023\/\" data-cke-saved-href=\"https:\/\/www.bymycar.fr\/webzine\/top-10-des-voitures-electriques-les-moins-cheres-en-2023\/\">voitures \u00e9lectriques neuves pas ch\u00e8res<\/a><\/em><\/p>\n<p><a href=\"https:\/\/www.bymycar.fr\/webzine\/comment-choisir-sa-borne-de-recharge-electrique\/\"><em>choisir sa borne de recharge \u00e9lectrique<\/em><\/a><\/p>\n<h2><\/h2>\n<h2>Infrastructure de charge<\/h2>\n<p>Seulement en France, on recense pas moins de 450.000 infrastructures de recharge d\u00e9di\u00e9es aux v\u00e9hicules \u00e9lectriques. D\u2019ici 2040, date d\u2019arr\u00eat d\u00e9finitif de la vente des mod\u00e8les thermiques, ce chiffre va vraisemblablement bondir. Actuellement, on assiste d\u00e9j\u00e0 \u00e0 une dynamique qui est en train de se cr\u00e9er. BYmyCAR, votre concessionnaire et expert en automobile en tout genre vous \u00e9claire sur les points essentiels de IRVE.<\/p>\n<h2><\/h2>\n<h2>Accompagnement gouvernemental dans la mise en place de l\u2019IRVE (Infrastructure de Recharge des V\u00e9hicules Electriques)<\/h2>\n<p>Le gouvernement fran\u00e7ais tend \u00e0 faciliter davantage le d\u00e9veloppement des v\u00e9hicules \u00e9lectriques afin d\u2019assurer la transition environnementale. Et cela passe par la conception et la mise en place de nouvelles infrastructures de charge. Ce changement est en marche depuis le vote de la loi N\u00ba 2019-1428 du 24 d\u00e9cembre 2019. Cette loi, dite la loi d\u2019orientation des mobilit\u00e9s, entr\u00e9e en vigueur le 11 mars 2021 impose quelques innovations majeures. On peut citer l\u2019\u00e9quipement des parkings et stations en\u00a0<a href=\"https:\/\/www.bymycar.fr\/webzine\/ou-recharger-sa-voiture-electrique\/\" data-cke-saved-href=\"https:\/\/www.bymycar.fr\/webzine\/ou-recharger-sa-voiture-electrique\/\">bornes de recharge<\/a>\u00a0pour v\u00e9hicules \u00e9lectriques des nouvelles infrastructures.<\/p>\n<p>Les promoteurs immobiliers sont les premiers concern\u00e9s par ce changement. En effet, d\u00e9sormais, la totalit\u00e9 du parking doit comporter des bornes de recharges. Cette contrainte s\u2019applique pour tout b\u00e2timent r\u00e9sidentiel disposant d\u2019un parking de plus de 10 places. Pour les non-r\u00e9sidentiels, 20 % du parking b\u00e9n\u00e9ficient de points de charge. Et ces derniers doivent \u00eatre accessibles aux PMR.<\/p>\n<h2><\/h2>\n<h2>Regard sur le d\u00e9veloppement des infrastructures de recharge<\/h2>\n<p>Les v\u00e9hicules \u00e9lectriques se d\u00e9veloppent de mani\u00e8re exponentielle ces derni\u00e8res ann\u00e9es. La croissance de leur nombre, mais aussi de leur puissance fait que l\u2019augmentation des infrastructures de recharge est devenue indispensable. Le march\u00e9 se trouve ainsi un peu plus cors\u00e9 avec la concurrence entre les forces en pr\u00e9sence et les nouvelles forces \u00e9mergentes. Actuellement, Tesla fait partie des t\u00eates de liste dans l\u2019exploitation d\u2019un vaste r\u00e9seau de point de charge mondial. Or l\u2019accroissement des demandes a conduit \u00e0 l\u2019\u00e9mergence d\u2019autres acteurs majeurs de l\u2019IRVE.<\/p>\n<p>Le gouvernement est actuellement partenaire du d\u00e9veloppement durable au niveau de la mobilit\u00e9 \u00e9lectrique. C\u2019est une solution \u00e0 long terme pour permettre aux Fran\u00e7ais d\u2019avoir une meilleure solution de recharge. Ainsi, le service public vient de d\u00e9bloquer un portefeuille de 100 millions d\u2019euros pour la construction de 100 000 bornes. Ce projet se poursuit avec la mise en place de bornes sur les aires d\u2019autoroute d\u2019ici la fin d\u2019ann\u00e9e.<\/p>\n<h2><\/h2>\n<h2>Infrastructures de recharge \u00e0 domicile, que choisir ?<\/h2>\n<p>Rassurez-vous, il est d\u00e9sormais beaucoup plus facile qu\u2019avant de recharger sa\u00a0<a href=\"https:\/\/www.bymycar.fr\/electrique\" data-cke-saved-href=\"https:\/\/www.bymycar.fr\/electrique\">voiture \u00e9lectrique<\/a>. Votre mobilit\u00e9 se trouve d\u00e9cupl\u00e9e par l\u2019unique fait de disposer d\u2019une borne de recharge \u00e0 domicile. Cette derni\u00e8re est, jusqu\u2019\u00e0 ce jour, la solution de recharge la plus rapide et la plus b\u00e9n\u00e9fique pour les utilisateurs. Voici un comparatif des meilleurs mod\u00e8les que nos experts ont class\u00e9s pour vous :<\/p>\n<h3>Le Wallbox Copper SB<\/h3>\n<p>Le Wallbox Copper SB est un mod\u00e8le qui offre une\u00a0puissance adapt\u00e9e automatiquement en fonction de la voiture que l\u2019on y branche. Une puissance qui varie entre 1,4 et 22 kW, soit de 6 A \u00e0 32 A. Vous pouvez le monter en monophas\u00e9 ou en triphas\u00e9. Il b\u00e9n\u00e9ficie d\u2019une prise \u00e9lectrique T2S verrouillable frontale ainsi qu\u2019une connexion \u00e0 distance Wi-Fi et Bluetooth. Le Wallbox Copper SB se dote \u00e9galement d\u2019une protection contre les fortes pluies (IP55) et les chocs (IK08).<\/p>\n<h3>Le Sobem-Scame Wallbox WB 205.W17-B0<\/h3>\n<p>Le Sobem-Scame Wallbox WB 205.W17-B0 pr\u00e9sente un syst\u00e8me nettement moins puissant que la Copper SB. Il propose une puissance de recharge de 3,7 kW \u00e0 7 kW sur une installation monophas\u00e9e. Avec 0 connectique, vous devez r\u00e9gler l\u2019intensit\u00e9 de la charge de ce mod\u00e8le \u00e0 l\u2019aide d\u2019une molette. Il b\u00e9n\u00e9ficie \u00e9galement d\u2019une mise en place d\u2019un d\u00e9marrage de recharge diff\u00e9r\u00e9. De ce fait, la voiture \u00e9lectrique se recharge durant les heures creuses. Cela fait de lui un dispositif id\u00e9al pour ceux qui r\u00e9alisent fr\u00e9quemment des trajets courts. D\u2019ailleurs, ce Wallbox profite d\u2019une protection contre les fortes pluies (IP55) et les chocs (IK08).<\/p>\n<h3>Le Wallbox ELVI \u2013 EVBOX<\/h3>\n<p>Le Wallbox ELVI \u2013 EVBOX est un mod\u00e8le \u00e0 fixation murale connect\u00e9e via Wi-Fi. Gr\u00e2ce \u00e0 lui, vous pouvez obtenir des informations, tout en ayant un contr\u00f4le total et en temps r\u00e9el de la recharge. Cette borne de recharge se distingue sa puissance de recharge de 2,3 \u00e0 22 kWh. Vous pouvez le brancher sur une prise de type 2.<\/p>\n<h2><\/h2>\n<h2>Quid du droit \u00e0 la prise ?<\/h2>\n<p>Actuellement, les stations-service, les aires d\u2019autoroute b\u00e9n\u00e9ficient davantage de bornes de recharge. De plus en plus d\u2019entreprises installent \u00e9galement des prises et bornes dans leurs sites (pour salari\u00e9s et visiteurs). Toutefois, proposer une installation \u00e0 domicile pour chaque salari\u00e9 reste difficile \u00e0 ex\u00e9cuter. De plus, acqu\u00e9rir une prise individuelle s\u2019av\u00e8re \u00eatre assez on\u00e9reux actuellement. Et le droit \u00e0 la prise pour la copropri\u00e9t\u00e9 est n\u00e9 dans l\u2019optique de pallier ce blocage. C\u2019est un droit dont tout occupant d\u2019un immeuble qui conduit un v\u00e9hicule \u00e9lectrique peut b\u00e9n\u00e9ficier, qu\u2019il soit propri\u00e9taire ou locataire. Le principe est simple, la ou les personnes demand\u00e9es vont soumettre une demande d\u2019installation de borne de recharge. Une borne install\u00e9e sur une place de parking de la copropri\u00e9t\u00e9.<\/p>\n<h2><\/h2>\n<h2>Quel est le temps de charge moyen d\u2019une voiture \u00e9lectrique ?<\/h2>\n<p>Le\u00a0temps\u00a0de charge d\u2019une voiture \u00e9lectrique peut varier en fonction de plusieurs facteurs et\u00a0conditions. Cela peut \u00eatre de 15 minutes jusqu\u2019\u00e0 plusieurs heures. Ce laps de\u00a0temps\u00a0d\u00e9pend principalement du mod\u00e8le de la voiture, la capacit\u00e9 et l\u2019\u00e9tat de charge de sa batterie. La\u00a0dur\u00e9e\u00a0varie \u00e9galement en fonction du\u00a0c\u00e2ble\u00a0utilis\u00e9 ou encore la puissance de la borne de recharge.<\/p>\n<p>&nbsp;<\/p>\n<p style=\"text-align: center;\"><span style=\"font-weight: 400;\"><a href=\"https:\/\/www.bymycar.fr\/electrique\" target=\"_blank\" class=\"css-button css-button--gold\" ><br \/>\n                D\u00e9couvrez nos voitures \u00e9lectriques en stock &gt;<br \/>\n        <\/a><\/span><\/p>\n<p>&nbsp;<\/p>\n<p><em><strong>D\u00e9couvrez d&rsquo;autres articles :\u00a0<\/strong><\/em><\/p>\n<ul>\n<li><a href=\"https:\/\/www.bymycar.fr\/webzine\/vehicule-hybride-bymycar\/\">V\u00e9hicule hybride BYmyCAR<\/a><\/li>\n<li><a href=\"https:\/\/www.bymycar.fr\/webzine\/quest-ce-qui-caracterise-une-voiture-propre\/\">Qu\u2019est-ce qui caract\u00e9rise une voiture propre ?<\/a><\/li>\n<li><a href=\"https:\/\/www.bymycar.fr\/webzine\/acheter-une-voiture-essence-doccasion\/\">Acheter une voiture essence d\u2019occasion<\/a><\/li>\n<li><a href=\"https:\/\/www.bymycar.fr\/webzine\/quelles-sont-les-meilleures-voitures-electriques-de-2023\/\">Quelles sont les meilleures voitures \u00e9lectriques de 2023 ?<\/a><\/li>\n<li><a href=\"https:\/\/www.bymycar.fr\/webzine\/quest-ce-quun-vehicule-thermique\/\">Qu\u2019est-ce qu\u2019un v\u00e9hicule thermique ?<\/a><\/li>\n<li><a href=\"https:\/\/www.bymycar.fr\/webzine\/guide-pour-acheter-une-nouvelle-voiture-quel-vehicule-choisir\/\">Guide pour acheter une nouvelle voiture : quel v\u00e9hicule choisir ?<\/a><\/li>\n<li><a href=\"https:\/\/www.bymycar.fr\/webzine\/quelle-est-la-voiture-electrique-la-moins-chere\/\">Les voitures \u00e9lectriques les moins ch\u00e8res en 2023<\/a><\/li>\n<li><a href=\"https:\/\/www.bymycar.fr\/webzine\/million-de-bornes\/\">Million de bornes<\/a><\/li>\n<li><a href=\"https:\/\/www.bymycar.fr\/webzine\/infrastructure-de-charge-2\/\">Infrastructure de charge<\/a><\/li>\n<li><a href=\"https:\/\/www.bymycar.fr\/webzine\/le-service-de-recharge-pour-les-vehicules-electriques-ou-hybrides-rechargeables-et-les-autres-services-bymycar\/\">Le service de recharge pour les v\u00e9hicules \u00e9lectriques ou hybrides rechargeables et les autres services-BYmyCAR<\/a><\/li>\n<li><a href=\"https:\/\/www.bymycar.fr\/webzine\/comment-preparer-votre-trajet-en-voiture\/\">Comment pr\u00e9parer votre trajet en voiture ?<\/a><\/li>\n<\/ul>\n"}}]},"add-carousel-to-footer":true},"yoast_head":"<!-- This site is optimized with the Yoast SEO Premium plugin v26.4 (Yoast SEO v26.4) - https:\/\/yoast.com\/wordpress\/plugins\/seo\/ -->\n<title>Les infrastructures de recharge pour v\u00e9hicules \u00e9lectriques - BYmyCAR<\/title>\n<meta name=\"description\" content=\"D\u00e9couvrez tout ce dont vous avez besoin de savoir sur les infrastructures de recharge pour les v\u00e9hicules \u00e9lectriques en France.\" \/>\n<meta name=\"robots\" content=\"index, follow, max-snippet:-1, max-image-preview:large, max-video-preview:-1\" \/>\n<link rel=\"canonical\" href=\"https:\/\/www.bymycar.fr\/webzine\/infrastructure-de-charge\/\" \/>\n<meta property=\"og:locale\" content=\"fr_FR\" \/>\n<meta property=\"og:type\" content=\"article\" \/>\n<meta property=\"og:title\" content=\"Les infrastructures de recharge pour v\u00e9hicules \u00e9lectriques\" \/>\n<meta property=\"og:description\" content=\"D\u00e9couvrez tout ce dont vous avez besoin de savoir sur les infrastructures de recharge pour les v\u00e9hicules \u00e9lectriques en France.\" \/>\n<meta property=\"og:url\" content=\"https:\/\/www.bymycar.fr\/webzine\/infrastructure-de-charge\/\" \/>\n<meta property=\"og:site_name\" content=\"Webzine auto BYmyCAR\" \/>\n<meta property=\"article:published_time\" content=\"2022-03-24T01:22:04+00:00\" \/>\n<meta property=\"article:modified_time\" content=\"2024-01-25T09:06:02+00:00\" \/>\n<meta property=\"og:image\" content=\"https:\/\/cdn.bymycar.eu\/fr-webzine\/wp-content\/uploads\/medias\/borne.jpg\" \/>\n\t<meta property=\"og:image:width\" content=\"1295\" \/>\n\t<meta property=\"og:image:height\" content=\"758\" \/>\n\t<meta property=\"og:image:type\" content=\"image\/jpeg\" \/>\n<meta name=\"author\" content=\"Gregoire LE BIHAN\" \/>\n<meta name=\"twitter:card\" content=\"summary_large_image\" \/>\n<meta name=\"twitter:label1\" content=\"\u00c9crit par\" \/>\n\t<meta name=\"twitter:data1\" content=\"Gregoire LE BIHAN\" \/>\n<script type=\"application\/ld+json\" class=\"yoast-schema-graph\">{\"@context\":\"https:\/\/schema.org\",\"@graph\":[{\"@type\":\"Article\",\"@id\":\"https:\/\/www.bymycar.fr\/webzine\/infrastructure-de-charge\/#article\",\"isPartOf\":{\"@id\":\"https:\/\/www.bymycar.fr\/webzine\/infrastructure-de-charge\/\"},\"author\":{\"name\":\"Gregoire LE BIHAN\",\"@id\":\"https:\/\/www.bymycar.fr\/webzine\/#\/schema\/person\/8c56906440ec126868bd40232b3445f0\"},\"headline\":\"Les infrastructures de recharge pour v\u00e9hicules \u00e9lectriques\",\"datePublished\":\"2022-03-24T01:22:04+00:00\",\"dateModified\":\"2024-01-25T09:06:02+00:00\",\"mainEntityOfPage\":{\"@id\":\"https:\/\/www.bymycar.fr\/webzine\/infrastructure-de-charge\/\"},\"wordCount\":8,\"publisher\":{\"@id\":\"https:\/\/www.bymycar.fr\/webzine\/#organization\"},\"image\":{\"@id\":\"https:\/\/www.bymycar.fr\/webzine\/infrastructure-de-charge\/#primaryimage\"},\"thumbnailUrl\":\"https:\/\/cdn.bymycar.eu\/fr-webzine\/wp-content\/uploads\/medias\/borne.jpg\",\"articleSection\":[\"Electrique et hybride\",\"Voiture \u00e9lectrique\"],\"inLanguage\":\"fr-FR\"},{\"@type\":\"WebPage\",\"@id\":\"https:\/\/www.bymycar.fr\/webzine\/infrastructure-de-charge\/\",\"url\":\"https:\/\/www.bymycar.fr\/webzine\/infrastructure-de-charge\/\",\"name\":\"Les infrastructures de recharge pour v\u00e9hicules \u00e9lectriques - BYmyCAR\",\"isPartOf\":{\"@id\":\"https:\/\/www.bymycar.fr\/webzine\/#website\"},\"primaryImageOfPage\":{\"@id\":\"https:\/\/www.bymycar.fr\/webzine\/infrastructure-de-charge\/#primaryimage\"},\"image\":{\"@id\":\"https:\/\/www.bymycar.fr\/webzine\/infrastructure-de-charge\/#primaryimage\"},\"thumbnailUrl\":\"https:\/\/cdn.bymycar.eu\/fr-webzine\/wp-content\/uploads\/medias\/borne.jpg\",\"datePublished\":\"2022-03-24T01:22:04+00:00\",\"dateModified\":\"2024-01-25T09:06:02+00:00\",\"description\":\"D\u00e9couvrez tout ce dont vous avez besoin de savoir sur les infrastructures de recharge pour les v\u00e9hicules \u00e9lectriques en France.\",\"breadcrumb\":{\"@id\":\"https:\/\/www.bymycar.fr\/webzine\/infrastructure-de-charge\/#breadcrumb\"},\"inLanguage\":\"fr-FR\",\"potentialAction\":[{\"@type\":\"ReadAction\",\"target\":[\"https:\/\/www.bymycar.fr\/webzine\/infrastructure-de-charge\/\"]}]},{\"@type\":\"ImageObject\",\"inLanguage\":\"fr-FR\",\"@id\":\"https:\/\/www.bymycar.fr\/webzine\/infrastructure-de-charge\/#primaryimage\",\"url\":\"https:\/\/cdn.bymycar.eu\/fr-webzine\/wp-content\/uploads\/medias\/borne.jpg\",\"contentUrl\":\"https:\/\/cdn.bymycar.eu\/fr-webzine\/wp-content\/uploads\/medias\/borne.jpg\",\"width\":1295,\"height\":758},{\"@type\":\"BreadcrumbList\",\"@id\":\"https:\/\/www.bymycar.fr\/webzine\/infrastructure-de-charge\/#breadcrumb\",\"itemListElement\":[{\"@type\":\"ListItem\",\"position\":1,\"name\":\"Accueil\",\"item\":\"https:\/\/www.bymycar.fr\/webzine\/\"},{\"@type\":\"ListItem\",\"position\":2,\"name\":\"Les infrastructures de recharge pour v\u00e9hicules \u00e9lectriques\"}]},{\"@type\":\"WebSite\",\"@id\":\"https:\/\/www.bymycar.fr\/webzine\/#website\",\"url\":\"https:\/\/www.bymycar.fr\/webzine\/\",\"name\":\"Webzine auto BYmyCAR\",\"description\":\"La magazine auto de BYmyCAR\",\"publisher\":{\"@id\":\"https:\/\/www.bymycar.fr\/webzine\/#organization\"},\"potentialAction\":[{\"@type\":\"SearchAction\",\"target\":{\"@type\":\"EntryPoint\",\"urlTemplate\":\"https:\/\/www.bymycar.fr\/webzine\/?s={search_term_string}\"},\"query-input\":{\"@type\":\"PropertyValueSpecification\",\"valueRequired\":true,\"valueName\":\"search_term_string\"}}],\"inLanguage\":\"fr-FR\"},{\"@type\":\"Organization\",\"@id\":\"https:\/\/www.bymycar.fr\/webzine\/#organization\",\"name\":\"BYmyCAR\",\"url\":\"https:\/\/www.bymycar.fr\/webzine\/\",\"logo\":{\"@type\":\"ImageObject\",\"inLanguage\":\"fr-FR\",\"@id\":\"https:\/\/www.bymycar.fr\/webzine\/#\/schema\/logo\/image\/\",\"url\":\"https:\/\/cdn.bymycar.eu\/fr-webzine\/wp-content\/uploads\/medias\/2017\/08\/logo_DEALER_00000406_001.png\",\"contentUrl\":\"https:\/\/cdn.bymycar.eu\/fr-webzine\/wp-content\/uploads\/medias\/2017\/08\/logo_DEALER_00000406_001.png\",\"width\":2132,\"height\":720,\"caption\":\"BYmyCAR\"},\"image\":{\"@id\":\"https:\/\/www.bymycar.fr\/webzine\/#\/schema\/logo\/image\/\"}},{\"@type\":\"Person\",\"@id\":\"https:\/\/www.bymycar.fr\/webzine\/#\/schema\/person\/8c56906440ec126868bd40232b3445f0\",\"name\":\"Gregoire LE BIHAN\",\"image\":{\"@type\":\"ImageObject\",\"inLanguage\":\"fr-FR\",\"@id\":\"https:\/\/www.bymycar.fr\/webzine\/#\/schema\/person\/image\/\",\"url\":\"https:\/\/secure.gravatar.com\/avatar\/1356d71f3c6eed50de358ba425c9944b742a0d35f88e0d5f8afe88fdac525492?s=96&d=mm&r=g\",\"contentUrl\":\"https:\/\/secure.gravatar.com\/avatar\/1356d71f3c6eed50de358ba425c9944b742a0d35f88e0d5f8afe88fdac525492?s=96&d=mm&r=g\",\"caption\":\"Gregoire LE BIHAN\"}}]}<\/script>\n<!-- \/ Yoast SEO Premium plugin. -->","yoast_head_json":{"title":"Les infrastructures de recharge pour v\u00e9hicules \u00e9lectriques - BYmyCAR","description":"D\u00e9couvrez tout ce dont vous avez besoin de savoir sur les infrastructures de recharge pour les v\u00e9hicules \u00e9lectriques en France.","robots":{"index":"index","follow":"follow","max-snippet":"max-snippet:-1","max-image-preview":"max-image-preview:large","max-video-preview":"max-video-preview:-1"},"canonical":"https:\/\/www.bymycar.fr\/webzine\/infrastructure-de-charge\/","og_locale":"fr_FR","og_type":"article","og_title":"Les infrastructures de recharge pour v\u00e9hicules \u00e9lectriques","og_description":"D\u00e9couvrez tout ce dont vous avez besoin de savoir sur les infrastructures de recharge pour les v\u00e9hicules \u00e9lectriques en France.","og_url":"https:\/\/www.bymycar.fr\/webzine\/infrastructure-de-charge\/","og_site_name":"Webzine auto BYmyCAR","article_published_time":"2022-03-24T01:22:04+00:00","article_modified_time":"2024-01-25T09:06:02+00:00","og_image":[{"width":1295,"height":758,"url":"https:\/\/cdn.bymycar.eu\/fr-webzine\/wp-content\/uploads\/medias\/borne.jpg","type":"image\/jpeg"}],"author":"Gregoire LE BIHAN","twitter_card":"summary_large_image","twitter_misc":{"\u00c9crit par":"Gregoire LE BIHAN"},"schema":{"@context":"https:\/\/schema.org","@graph":[{"@type":"Article","@id":"https:\/\/www.bymycar.fr\/webzine\/infrastructure-de-charge\/#article","isPartOf":{"@id":"https:\/\/www.bymycar.fr\/webzine\/infrastructure-de-charge\/"},"author":{"name":"Gregoire LE BIHAN","@id":"https:\/\/www.bymycar.fr\/webzine\/#\/schema\/person\/8c56906440ec126868bd40232b3445f0"},"headline":"Les infrastructures de recharge pour v\u00e9hicules \u00e9lectriques","datePublished":"2022-03-24T01:22:04+00:00","dateModified":"2024-01-25T09:06:02+00:00","mainEntityOfPage":{"@id":"https:\/\/www.bymycar.fr\/webzine\/infrastructure-de-charge\/"},"wordCount":8,"publisher":{"@id":"https:\/\/www.bymycar.fr\/webzine\/#organization"},"image":{"@id":"https:\/\/www.bymycar.fr\/webzine\/infrastructure-de-charge\/#primaryimage"},"thumbnailUrl":"https:\/\/cdn.bymycar.eu\/fr-webzine\/wp-content\/uploads\/medias\/borne.jpg","articleSection":["Electrique et hybride","Voiture \u00e9lectrique"],"inLanguage":"fr-FR"},{"@type":"WebPage","@id":"https:\/\/www.bymycar.fr\/webzine\/infrastructure-de-charge\/","url":"https:\/\/www.bymycar.fr\/webzine\/infrastructure-de-charge\/","name":"Les infrastructures de recharge pour v\u00e9hicules \u00e9lectriques - BYmyCAR","isPartOf":{"@id":"https:\/\/www.bymycar.fr\/webzine\/#website"},"primaryImageOfPage":{"@id":"https:\/\/www.bymycar.fr\/webzine\/infrastructure-de-charge\/#primaryimage"},"image":{"@id":"https:\/\/www.bymycar.fr\/webzine\/infrastructure-de-charge\/#primaryimage"},"thumbnailUrl":"https:\/\/cdn.bymycar.eu\/fr-webzine\/wp-content\/uploads\/medias\/borne.jpg","datePublished":"2022-03-24T01:22:04+00:00","dateModified":"2024-01-25T09:06:02+00:00","description":"D\u00e9couvrez tout ce dont vous avez besoin de savoir sur les infrastructures de recharge pour les v\u00e9hicules \u00e9lectriques en France.","breadcrumb":{"@id":"https:\/\/www.bymycar.fr\/webzine\/infrastructure-de-charge\/#breadcrumb"},"inLanguage":"fr-FR","potentialAction":[{"@type":"ReadAction","target":["https:\/\/www.bymycar.fr\/webzine\/infrastructure-de-charge\/"]}]},{"@type":"ImageObject","inLanguage":"fr-FR","@id":"https:\/\/www.bymycar.fr\/webzine\/infrastructure-de-charge\/#primaryimage","url":"https:\/\/cdn.bymycar.eu\/fr-webzine\/wp-content\/uploads\/medias\/borne.jpg","contentUrl":"https:\/\/cdn.bymycar.eu\/fr-webzine\/wp-content\/uploads\/medias\/borne.jpg","width":1295,"height":758},{"@type":"BreadcrumbList","@id":"https:\/\/www.bymycar.fr\/webzine\/infrastructure-de-charge\/#breadcrumb","itemListElement":[{"@type":"ListItem","position":1,"name":"Accueil","item":"https:\/\/www.bymycar.fr\/webzine\/"},{"@type":"ListItem","position":2,"name":"Les infrastructures de recharge pour v\u00e9hicules \u00e9lectriques"}]},{"@type":"WebSite","@id":"https:\/\/www.bymycar.fr\/webzine\/#website","url":"https:\/\/www.bymycar.fr\/webzine\/","name":"Webzine auto BYmyCAR","description":"La magazine auto de BYmyCAR","publisher":{"@id":"https:\/\/www.bymycar.fr\/webzine\/#organization"},"potentialAction":[{"@type":"SearchAction","target":{"@type":"EntryPoint","urlTemplate":"https:\/\/www.bymycar.fr\/webzine\/?s={search_term_string}"},"query-input":{"@type":"PropertyValueSpecification","valueRequired":true,"valueName":"search_term_string"}}],"inLanguage":"fr-FR"},{"@type":"Organization","@id":"https:\/\/www.bymycar.fr\/webzine\/#organization","name":"BYmyCAR","url":"https:\/\/www.bymycar.fr\/webzine\/","logo":{"@type":"ImageObject","inLanguage":"fr-FR","@id":"https:\/\/www.bymycar.fr\/webzine\/#\/schema\/logo\/image\/","url":"https:\/\/cdn.bymycar.eu\/fr-webzine\/wp-content\/uploads\/medias\/2017\/08\/logo_DEALER_00000406_001.png","contentUrl":"https:\/\/cdn.bymycar.eu\/fr-webzine\/wp-content\/uploads\/medias\/2017\/08\/logo_DEALER_00000406_001.png","width":2132,"height":720,"caption":"BYmyCAR"},"image":{"@id":"https:\/\/www.bymycar.fr\/webzine\/#\/schema\/logo\/image\/"}},{"@type":"Person","@id":"https:\/\/www.bymycar.fr\/webzine\/#\/schema\/person\/8c56906440ec126868bd40232b3445f0","name":"Gregoire LE BIHAN","image":{"@type":"ImageObject","inLanguage":"fr-FR","@id":"https:\/\/www.bymycar.fr\/webzine\/#\/schema\/person\/image\/","url":"https:\/\/secure.gravatar.com\/avatar\/1356d71f3c6eed50de358ba425c9944b742a0d35f88e0d5f8afe88fdac525492?s=96&d=mm&r=g","contentUrl":"https:\/\/secure.gravatar.com\/avatar\/1356d71f3c6eed50de358ba425c9944b742a0d35f88e0d5f8afe88fdac525492?s=96&d=mm&r=g","caption":"Gregoire LE BIHAN"}}]}},"_links":{"self":[{"href":"https:\/\/www.bymycar.fr\/webzine\/wp-json\/wp\/v2\/posts\/26581","targetHints":{"allow":["GET"]}}],"collection":[{"href":"https:\/\/www.bymycar.fr\/webzine\/wp-json\/wp\/v2\/posts"}],"about":[{"href":"https:\/\/www.bymycar.fr\/webzine\/wp-json\/wp\/v2\/types\/post"}],"author":[{"embeddable":true,"href":"https:\/\/www.bymycar.fr\/webzine\/wp-json\/wp\/v2\/users\/9"}],"replies":[{"embeddable":true,"href":"https:\/\/www.bymycar.fr\/webzine\/wp-json\/wp\/v2\/comments?post=26581"}],"version-history":[{"count":23,"href":"https:\/\/www.bymycar.fr\/webzine\/wp-json\/wp\/v2\/posts\/26581\/revisions"}],"predecessor-version":[{"id":44413,"href":"https:\/\/www.bymycar.fr\/webzine\/wp-json\/wp\/v2\/posts\/26581\/revisions\/44413"}],"wp:featuredmedia":[{"embeddable":true,"href":"https:\/\/www.bymycar.fr\/webzine\/wp-json\/wp\/v2\/media\/20136"}],"wp:attachment":[{"href":"https:\/\/www.bymycar.fr\/webzine\/wp-json\/wp\/v2\/media?parent=26581"}],"wp:term":[{"taxonomy":"category","embeddable":true,"href":"https:\/\/www.bymycar.fr\/webzine\/wp-json\/wp\/v2\/categories?post=26581"},{"taxonomy":"post_tag","embeddable":true,"href":"https:\/\/www.bymycar.fr\/webzine\/wp-json\/wp\/v2\/tags?post=26581"}],"curies":[{"name":"wp","href":"https:\/\/api.w.org\/{rel}","templated":true}]}}