{"id":26477,"date":"2022-03-22T12:24:01","date_gmt":"2022-03-22T11:24:01","guid":{"rendered":"https:\/\/prod.bymycar.fr\/webzine\/?p=26477"},"modified":"2024-01-25T10:14:41","modified_gmt":"2024-01-25T09:14:41","slug":"le-service-de-recharge-pour-les-vehicules-electriques-ou-hybrides-rechargeables-et-les-autres-services-bymycar","status":"publish","type":"post","link":"https:\/\/www.bymycar.fr\/webzine\/le-service-de-recharge-pour-les-vehicules-electriques-ou-hybrides-rechargeables-et-les-autres-services-bymycar\/","title":{"rendered":"Le service de recharge pour les v\u00e9hicules \u00e9lectriques ou hybrides rechargeables et les autres services-BYmyCAR"},"content":{"rendered":"","protected":false},"excerpt":{"rendered":"","protected":false},"author":9,"featured_media":23304,"comment_status":"closed","ping_status":"open","sticky":false,"template":"","format":"standard","meta":{"_acf_changed":false,"footnotes":""},"categories":[8150],"tags":[],"class_list":["post-26477","post","type-post","status-publish","format-standard","has-post-thumbnail","hentry","category-voiture-electrique"],"acf":{"template":"classique","introduction":"<p><b>L\u2019\u00e9tat oblige toutes les aires de service d\u2019autoroute \u00e0 s\u2019\u00e9quiper de bornes de recharge rapide jusqu\u2019au 1<\/b><b>er<\/b><b> janvier 2023. Ainsi, le d\u00e9ploiement de ces infrastructures connait une forte croissance. Voici un focus sur ce sujet et les services BYmyCAR.<\/b><\/p>\n<p>&nbsp;<\/p>\n<p style=\"text-align: center;\"><a href=\"https:\/\/www.bymycar.fr\/rechercher-un-vehicule?trier-par=prix&amp;carburant=elec&amp;page=1\" target=\"_blank\" class=\"css-button css-button--gold\" >\n                D\u00e9couvrez nos voitures \u00e9lectriques en stock &gt;\n        <\/a><\/p>\n","strates":[{"type_strate":"texte-simple","ancre":"","contenu":"<h2><b>Le service de recharge pour les v\u00e9hicules \u00e9lectriques ou hybrides rechargeables<\/b><\/h2>\n<p>D\u00e9sormais, plus de la moiti\u00e9 des aires de service int\u00e8grent une borne haute performance ou un point de charge rapide. BYmyCAR propose actuellement des points de recharge pour les v\u00e9hicules \u00e9lectriques ou hybrides rechargeables. Les utilisateurs de voitures z\u00e9ro \u00e9mission peuvent dor\u00e9navant s\u2019abonner aux offres sur les bornes de recharge BYmyCAR. Ainsi, vous aurez acc\u00e8s \u00e0 une borne en habitation individuelle et aupr\u00e8s des collectivit\u00e9s. \u00c0 cela s\u2019ajoutent les stations des aires de service d\u2019autoroute ou le pack de mobilit\u00e9 adapt\u00e9 aux stations publiques. BYmyCAR offre 3 badges adapt\u00e9s aux <a href=\"https:\/\/www.bymycar.fr\/webzine\/ou-recharger-sa-voiture-electrique\/\">bornes de recharge<\/a> existantes. Alors, vous disposez des badges :<\/p>\n<p>&#8211; du constructeur vous permettant d\u2019acc\u00e9der aux points de recharge de votre marque ;<\/p>\n<p>&#8211; de Charge Map ;<\/p>\n<p>&#8211; de recharge de l\u2019op\u00e9rateur le plus important pr\u00e8s de chez vous.<\/p>\n<p>&nbsp;<\/p>\n<p>Voulez-vous plus de d\u00e9tails sur nos principaux services de recharge des v\u00e9hicules \u00e9lectriques ou hybrides rechargeables ? Avez-vous besoin d\u2019information sur l\u2019installation des stations de recharge ? Consultez notre site web. Inscrivez-vous en cr\u00e9ant un compte client pour avoir davantage d\u2019information tout en profitant pleinement de nos offres.<\/p>\n<p>&nbsp;<\/p>\n<h2><b>Les autres services BYmyCAR<\/b><\/h2>\n<p><span style=\"font-weight: 400;\">Le groupe BYmyCAR fournit de nombreux services dont :<\/span><\/p>\n<ul>\n<li><a href=\"https:\/\/www.bymycar.fr\/services#concession-365\"><span style=\"font-weight: 400;\">ACCESSOIRES : Une gamme compl\u00e8te pour chaque mod\u00e8le \u00e0 partir de 43 euros<\/span><\/a><\/li>\n<\/ul>\n<p>&nbsp;<\/p>\n<p>Nous proposons une large gamme d\u2019accessoires pour rendre votre automobile encore plus personnalis\u00e9e et r\u00e9pondre \u00e0 vos besoins. Voulez-vous davantage d\u2019espace suppl\u00e9mentaire pour transporter vos bagages ? Parcourez notre gamme compl\u00e8te de barres de toit, coffres de toit, transport de v\u00e9los, porte-skis et snowboards.<\/p>\n<ul>\n<li><a href=\"https:\/\/www.bymycar.fr\/services#atelier-355\"><span style=\"font-weight: 400;\">ASSISTANCE Peugeot : Assistance 7 jours\/7 et 24h\/24<\/span><\/a><\/li>\n<\/ul>\n<p>&nbsp;<\/p>\n<p><span style=\"font-weight: 400;\">Subissez-vous une panne immobilisante ou un accident ? Peugeot met tout en \u0153uvre pour vous permettre de continuer votre trajet. Contactez l\u2019<\/span><b>assistance<\/b><span style=\"font-weight: 400;\"> au 0 800 44 24 24<\/span><\/p>\n<ul>\n<li><a href=\"https:\/\/www.bymycar.fr\/services#concession-317\"><span style=\"font-weight: 400;\">ASSISTANCE MERCEDES-BENZ 24h\/24 7J\/7<\/span><\/a><\/li>\n<\/ul>\n<p>&nbsp;<\/p>\n<p>Que faire en cas de petit incident, de panne, d\u2019accident ou de vandalisme ? Nos experts veillent dans toute l\u2019Europe \u00e0 ce que vous poursuiviez votre route dans les meilleures conditions. Cela peut aller de la r\u00e9paration sur place, \u00e0 la mise \u00e0 disposition d\u2019un v\u00e9hicule de remplacement. La poursuite du voyage en avion est aussi possible. Souhaitez-vous attendre la r\u00e9paration de votre v\u00e9hicule ? Nous prenons en charge <span style=\"font-weight: 400;\">vos<\/span> frais d\u2019h\u00e9bergement. Un appel suffit<span style=\"font-weight: 400;\">, contactez<\/span>-nous au 00800 1 777 7777, nous sommes l\u00e0 pour vous.<a href=\"https:\/\/www.bymycar.fr\/services#concession-812\"> <span style=\"font-weight: 400;\">ASSISTANCE MERCEDES-BENZ VANS : Une assistance 24h\/24 7j\/7<\/span><\/a><\/p>\n<p>&nbsp;<\/p>\n<p>En cas de petit incident, de panne, d\u2019accident, l\u2019assistance vous permet d\u2019arriver \u00e0 destination quoiqu\u2019il arrive. Cela peut aller de la r\u00e9paration sur place, \u00e0 la mise \u00e0 disposition d\u2019un v\u00e9hicule de courtoisie. Le service est disponible 24h\/24 7j\/7. Un appel suffit. Contactez-nous au 00800 3 777 7777. En cas d\u2019urgence, vous b\u00e9n\u00e9ficiez d\u2019une mobilit\u00e9 garantie gratuite au niveau national ou dans certains pays d\u2019Europe. Nos experts veillent sur vous de jour comme de nuit. Nous garantissons un d\u00e9ploiement rapide. Qu\u2019attendez-vous pour vous abonner \u00e0 nos services ?<\/p>\n<ul>\n<li><a href=\"https:\/\/www.bymycar.fr\/services#atelier-880\"><span style=\"font-weight: 400;\">ATELIER MOBILE : interventions \u00e0 votre domicile \u00e0 partir de 40 euros<\/span><\/a><\/li>\n<\/ul>\n<p>&nbsp;<\/p>\n<p>Nous vous proposons un service apr\u00e8s-vente \u00e0 domicile ou sur votre lieu de travail, ou encore sur votre parking d&rsquo;entreprise. Des professionnels qualifi\u00e9s pour les marques du groupe Volkswagen effectuent le service. L\u2019Atelier Mobile assure un d\u00e9ploiement jusqu\u2019\u00e0 20 km au niveau national depuis nos sites BYmyCAR Vaulx-En-Velin et BYmyCAR Saint-\u00c9tienne. Il peut s\u2019agir des pneumatiques, d\u2019une r\u00e9vision constructeur, d\u2019un diagnostic ou de r\u00e9glage du freinage. \u00c0 cela s\u2019ajoutent l\u2019entretien et la recharge de la Climatisation ou de la vitrerie.<\/p>\n<ul>\n<li><a href=\"https:\/\/www.bymycar.fr\/services#atelier-831\"><span style=\"font-weight: 400;\">ATELIER MOBILE SMART<\/span><\/a><\/li>\n<\/ul>\n<p>&nbsp;<\/p>\n<p>Smart BYmyCAR C\u00f4te d&rsquo;Azur, lance un nouveau service : l&rsquo;Atelier mobile ! Nos \u00e9quipes se d\u00e9placent \u00e0 domicile ou sur votre lieu de travail. Nous effectuons l&rsquo;entretien de flotte de v\u00e9hicule de particulier, d\u2019entreprise ou de collectivit\u00e9s, quelle que soit la marque. Optez pour un service sur mesure et profitez d&rsquo;autres prestations : entretien, pneumatiques, r\u00e9vision, freinage et d&rsquo;autres encore !<\/p>\n<ul>\n<li><a href=\"https:\/\/www.bymycar.fr\/services#atelier-90\"><span style=\"font-weight: 400;\">BALAIS ESSUIE-GLACE : \u00e0 partir de 40 euros TTC ou \u00e0 partir de 79 euros<\/span><\/a><\/li>\n<\/ul>\n<p>&nbsp;<\/p>\n<p>Selon mod\u00e8le de v\u00e9hicule MINI de notre flotte. Voir conditions en concession.<\/p>\n<ul>\n<li><a href=\"https:\/\/www.bymycar.fr\/services#atelier-360\"><span style=\"font-weight: 400;\">BATTERIE : forfait batterie \u00e0 partir de 96 euros<\/span><\/a><\/li>\n<\/ul>\n<p>&nbsp;<\/p>\n<p>La batterie subit une usure naturelle li\u00e9e au temps et \u00e0 son utilisation. Les variations climatiques peuvent cr\u00e9er une usure pr\u00e9matur\u00e9e. Nous proposons le forfait Eco Expert batterie qui comprend :<\/p>\n<ul>\n<li><span style=\"font-weight: 400;\"> Le contr\u00f4le de votre batterie actuelle avant tout \u00e9change<\/span><\/li>\n<li><span style=\"font-weight: 400;\"> La main-d&rsquo;\u0153uvre pour l\u2019\u00e9change de la batterie<\/span><\/li>\n<li><span style=\"font-weight: 400;\"> Une batterie (Garantie 2 ans)<\/span><\/li>\n<li><span style=\"font-weight: 400;\"> Les contr\u00f4les visuels** Peugeot, avec relev\u00e9 d\u2019intervention<\/span><\/li>\n<li><a href=\"https:\/\/www.bymycar.fr\/services#concession-885\"><span style=\"font-weight: 400;\">BMW BUSINESS CENTER<\/span><\/a><\/li>\n<\/ul>\n<p>&nbsp;<\/p>\n<p>Vos concessions BMW BYmyCAR IDF vous proposent, \u00e0 vous professionnels, un service \u00e0 la hauteur de vos ambitions. Comptez sur :<\/p>\n<p>&#8211; une \u00e9quipe d&rsquo;experts d\u00e9di\u00e9e ;<\/p>\n<p>&#8211; un espace de co-working ;<\/p>\n<p>&#8211; la d\u00e9couverte de nos nouveaux mod\u00e8les ;<\/p>\n<p>-une livraison sur mesure ;<\/p>\n<p>&#8211; un service Pick-up &amp; Delivery ;<\/p>\n<p>&#8211; nos BMW de courtoisie.<\/p>\n<p>&nbsp;<\/p>\n<ul>\n<li><a href=\"https:\/\/www.bymycar.fr\/services#concession-895\"><span style=\"font-weight: 400;\">BMW I BUSINESS CENTER<\/span><\/a><\/li>\n<\/ul>\n<p>Vos concessions BMW BYmyCAR IDF vous proposent \u00e0 vous professionnels un service \u00e0 la hauteur de vos ambitions. Profitez d\u2019une \u00e9quipe d&rsquo;experts d\u00e9di\u00e9e et des offres pens\u00e9es pour votre confort.<\/p>\n<p>&nbsp;<\/p>\n<ul>\n<li><a href=\"https:\/\/www.bymycar.fr\/services#atelier-113\"><span style=\"font-weight: 400;\">CARROSSERIE : prise en charge des petites rayures aux sinistres plus graves \u00e0 partir de 199 euros<\/span><\/a><\/li>\n<\/ul>\n<p>Vous aimeriez que votre Opel soit toujours comme neuve ? Confiez-la \u00e0 nos experts BYmyCAR. Votre concessionnaire Opel BYmyCAR poss\u00e8de les outils et le savoir-faire n\u00e9cessaires pour remettre votre v\u00e9hicule en \u00e9tat apr\u00e8s un accident. Seule l&rsquo;utilisation de pi\u00e8ces d&rsquo;origine Opel, mont\u00e9es par nos techniciens qualifi\u00e9s permet de conserver la qualit\u00e9 d&rsquo;origine de votre v\u00e9hicule. Faites confiance \u00e0 BYmyCAR.<\/p>\n<p>&nbsp;<\/p>\n<ul>\n<li><a href=\"https:\/\/www.bymycar.fr\/services#atelier-824\"><span style=\"font-weight: 400;\">CARROSSERIE \/ PARE-BRISE NISSAN : redonnez un coup de neuf \u00e0 votre voiture \u00e0 partir de 99 euros<\/span><\/a><\/li>\n<\/ul>\n<p>Un \u00e9l\u00e9ment de carrosserie \u00e0 repeindre et\/ou \u00e0 d\u00e9bosseler ? Un impact sur votre pare-brise ? Notre service Carrosserie \/ Pare-Brise redonnera les \u00e9clats des premiers jours \u00e0 votre automobile.<\/p>\n<p>&nbsp;<\/p>\n<ul>\n<li><a href=\"https:\/\/www.bymycar.fr\/services#atelier-867\"><span style=\"font-weight: 400;\">CARROSSERIE ET PARE-BRISE : prise en charge des rayures, l\u00e9gers impact ou accident \u00e0 partir de 135 euros<\/span><\/a><\/li>\n<\/ul>\n<p>Pour rouler en toute s\u00e9curit\u00e9, il est important de prendre soin de votre carrosserie. Cela permet aussi de conserver les qualit\u00e9s d\u2019origine de votre v\u00e9hicule. Le concessionnaire Renault BYmyCAR propose aux utilisateurs des services pour entretenir et r\u00e9parer la carrosserie. B\u00e9n\u00e9ficiez de toute l\u2019expertise et de la proximit\u00e9 du r\u00e9seau Renault pour redonner une nouvelle jeunesse \u00e0 votre v\u00e9hicule.<\/p>\n<p>&nbsp;<\/p>\n<ul>\n<li><a href=\"https:\/\/www.bymycar.fr\/services#atelier-204\"><span style=\"font-weight: 400;\">CLIMATISATION : entretien et recharge \u00e0 partir de 69 euros<\/span><\/a><\/li>\n<\/ul>\n<p>Saison apr\u00e8s saison, la ventilation et le refroidissement de votre habitacle s\u2019alt\u00e8rent. Si des mauvaises odeurs apparaissent, il est temps de faire entretenir votre climatisation. Pensez \u00e0 contr\u00f4ler r\u00e9guli\u00e8rement et soigneusement votre climatisation. Profitez du service de recharge ou d\u2019entretien de climatisation \u00e0 tarif abordable chez BYmyCAR.<\/p>\n<p><span style=\"font-weight: 400;\">\u00a0<\/span><\/p>\n<ul>\n<li><a href=\"https:\/\/www.bymycar.fr\/services#atelier-726\"><span style=\"font-weight: 400;\">ENTRETIEN \/ R\u00c9VISION FIAT : faites entretenir votre Fiat \u00e0 partir de 245 euros<\/span><\/a><\/li>\n<\/ul>\n<p>Un entretien r\u00e9gulier de votre voiture par un professionnel agr\u00e9\u00e9 permet de vous d\u00e9placer en toute tranquillit\u00e9. Votre s\u00e9curit\u00e9 et votre bien-\u00eatre font partie de nos principaux soucis. Vos concessions Volkswagen BYmyCAR sont expertes des proc\u00e9dures de la marque. Ils sont donc en mesure de vous proposer le meilleur pour votre voiture. En outre, le co\u00fbt r\u00e9el de la facture varie en fonction de votre v\u00e9hicule, son kilom\u00e9trage et son \u00e9tat g\u00e9n\u00e9ral.<\/p>\n<p>&nbsp;<\/p>\n<ul>\n<li><a href=\"https:\/\/www.bymycar.fr\/services#atelier-828\"><span style=\"font-weight: 400;\">ENTRETIEN \/ R\u00c9VISION NISSAN : faites entretenir votre Nissan \u00e0 partir de 219 euros<\/span><\/a><\/li>\n<\/ul>\n<p>Vos concessions Nissan BYmyCAR sont \u00e0 m\u00eame de vous fournir un service de qualit\u00e9. Le co\u00fbt r\u00e9el de la facture diff\u00e8re selon le mod\u00e8le, son kilom\u00e9trage et l\u2019\u00e9tat de la voiture.<\/p>\n<p>&nbsp;<\/p>\n<ul>\n<li><a href=\"https:\/\/www.bymycar.fr\/services#atelier-9\"><span style=\"font-weight: 400;\">ENTRETIEN ET R\u00c9VISION : r\u00e9vision et entretien \u00e0 partir de 259 euros<\/span><\/a><\/li>\n<\/ul>\n<p>Garantissez votre s\u00e9curit\u00e9 et assurez le bon fonctionnement de votre v\u00e9hicule gr\u00e2ce \u00e0 des entretiens minutieux et des r\u00e9visions p\u00e9riodiques. Cela permet aussi de r\u00e9duire les consommations en \u00e9nergie ou en carburant. En effet, l\u2019usage excessif de la climatisation, un mauvais entretien, des freins et des pneus us\u00e9s peuvent augmenter les consommations.<\/p>\n<p>&nbsp;<\/p>\n<p>Consultez notre boutique en ligne et cr\u00e9ez un compte client pour acc\u00e9der plus facilement \u00e0 nos services.<\/p>\n<p>&nbsp;<\/p>\n<ul>\n<li><a href=\"https:\/\/www.bymycar.fr\/services#concession-316\"><span style=\"font-weight: 400;\">LOCATION MERCEDES-BENZ RENT : la location courte dur\u00e9e par Mercedes-Benz \u00e0 partir de 60 euros<\/span><\/a><\/li>\n<\/ul>\n<p>&nbsp;<\/p>\n<p><span style=\"font-weight: 400;\">Louez la Mercedes qui vous ressemble parmi un grand nombre de v\u00e9hicules r\u00e9cents toutes gammes confondues. Retrouvez dans notre agence de location le v\u00e9hicule qui r\u00e9pondra \u00e0 tous vos besoins. Mercedes-Benz Rent vous garantit la disponibilit\u00e9 du mod\u00e8le de votre choix le jour de la location. \u00c0 cela s\u2019ajoute une mobilit\u00e9 pr\u00e9serv\u00e9e en toutes circonstances, y compris sur les derni\u00e8res nouveaut\u00e9s de la marque ! Sur le <\/span>plan financier, la location vous permet d\u2019adapter les mensualit\u00e9s selon vos possibilit\u00e9s de remboursement. Pour avoir acc\u00e8s au meilleur de la location Mercedes Rent, contactez nous ! BYmyCAR C\u00f4te d\u2019azur : Tel : 04.92.02.67.00<\/p>\n<p>&nbsp;<\/p>\n<ul>\n<li><a href=\"https:\/\/www.bymycar.fr\/services#atelier-184\"><span style=\"font-weight: 400;\">PNEUMATIQUE : rester au contact de la route \u00e0 partir de 39 euros<\/span><\/a><\/li>\n<\/ul>\n<p><span style=\"font-weight: 400;\">Restez calme et optimisez la <\/span>gestion de vos pneus. Ils sont votre seule liaison avec la route. Chaque pneu offre un contact sur une zone d\u2019environ la taille de votre main. Votre concessionnaire Ford\/r\u00e9parateur agr\u00e9\u00e9 est la meilleure adresse pour obtenir les bons types de pneus pour votre voiture. Nos sp\u00e9cialistes vous conseillent et vous guident pour trouver le bon type de pneus. Ils vous proposent des pneumatiques de grandes marques au meilleur rapport qualit\u00e9-prix. Ils proc\u00e8dent \u00e9galement \u00e0 la v\u00e9rification de tous les composants s\u00e9curitaires pendant la pose des pneus.<\/p>\n<p>&nbsp;<\/p>\n<ul>\n<li><a href=\"https:\/\/www.bymycar.fr\/services#atelier-787\"><span style=\"font-weight: 400;\">PNEUMATIQUE : le meilleur pour votre s\u00e9curit\u00e9 et votre confort \u00e0 partir de 79 euros<\/span><\/a><\/li>\n<\/ul>\n<p><span style=\"font-weight: 400;\">Le pneu est l&rsquo;un des \u00e9l\u00e9ments majeurs de votre s\u00e9curit\u00e9 et de votre confort de conduite. C&rsquo;est pourquoi BYmyCAR vous permet d\u2019<\/span>acc\u00e9der \u00e0 un large choix de pneus et de jantes.<\/p>\n<p>&nbsp;<\/p>\n<ul>\n<li><a href=\"https:\/\/www.bymycar.fr\/services#concession-331\"><span style=\"font-weight: 400;\">REPRISE DE VOTRE V\u00c9HICULE EN 1h : reprise rapide<\/span><\/a><\/li>\n<\/ul>\n<p>Proposez<span style=\"font-weight: 400;\"> votre ancienne voiture pour une reprise. Venez dans l&rsquo;un de nos \u00e9tablissements Mercedes BYmyCAR C\u00f4te d&rsquo;Azur. Nos sp\u00e9cialistes expertisent votre v\u00e9hicule et vous donnent le montant de reprise de votre v\u00e9hicule !<\/span><\/p>\n<p>&nbsp;<\/p>\n<ul>\n<li><a href=\"https:\/\/www.bymycar.fr\/services#concession-323\"><span style=\"font-weight: 400;\">REPRISE DE VOTRE V\u00c9HICULE FORD EN 1h<\/span><\/a><\/li>\n<\/ul>\n<p><b>Proposez<\/b><span style=\"font-weight: 400;\"> la reprise de votre v\u00e9hicule et vendez-le aux concessions FORD BYmyCAR C\u00f4te d\u2019Azur en moins d\u2019une heure. Comment faire ? Venez en concession pour faire expertiser votre v\u00e9hicule. Puis nos sp\u00e9cialistes vous font une offre et vous repartez avec le fruit de votre vente.<\/span><\/p>\n<p>&nbsp;<\/p>\n<ul>\n<li><a href=\"https:\/\/www.bymycar.fr\/services#atelier-1\"><span style=\"font-weight: 400;\">R\u00c9VISION simplifi\u00e9e de votre v\u00e9hicule \u00e0 partir de 229 euros<\/span><\/a><\/li>\n<\/ul>\n<p><span style=\"font-weight: 400;\">Vous cherchez un interlocuteur de confiance pour effectuer les interventions et r\u00e9parations sur votre v\u00e9hicule ? Confiez-nous la <\/span>gestion de votre v\u00e9hicule. Les concessions automobiles BYmyCAR b\u00e9n\u00e9ficient d\u2019un r\u00e9seau de techniciens comp\u00e9tents et professionnels, form\u00e9s aux exigences des marques distribu\u00e9es. Les techniciens BYmyCAR interviennent sur les v\u00e9hicules des diff\u00e9rentes marques de nos concessions :<\/p>\n<p>&#8211; Renault ;<\/p>\n<p><span style=\"font-weight: 400;\">&#8211; Peugeot ;<\/span><\/p>\n<p><span style=\"font-weight: 400;\">&#8211; Dacia ;<\/span><\/p>\n<p><span style=\"font-weight: 400;\">&#8211; VW ;<\/span><\/p>\n<p><span style=\"font-weight: 400;\">&#8211; BMW ;<\/span><\/p>\n<p><span style=\"font-weight: 400;\">&#8211; Mini ;<\/span><\/p>\n<p><span style=\"font-weight: 400;\">&#8211; Audi ;<\/span><\/p>\n<p><span style=\"font-weight: 400;\">&#8211; Alfa Rom\u00e9o ;<\/span><\/p>\n<p><span style=\"font-weight: 400;\">&#8211; Lancia ;<\/span><\/p>\n<p><span style=\"font-weight: 400;\">&#8211; Abarth ;<\/span><\/p>\n<p><span style=\"font-weight: 400;\">&#8211; Ford ;<\/span><\/p>\n<p><span style=\"font-weight: 400;\">&#8211; Opel ;<\/span><\/p>\n<p><span style=\"font-weight: 400;\">&#8211; Fiat ;<\/span><\/p>\n<p><span style=\"font-weight: 400;\">&#8211; Chevrolet.<\/span><\/p>\n<p>&nbsp;<\/p>\n<p><span style=\"font-weight: 400;\">\u00a0Nos ateliers disposent des outils et \u00e9quipements \u00e9lectroniques adapt\u00e9s aux v\u00e9hicules r\u00e9cents. Nous surveillons \u00e0 votre place le carnet d\u2019entretien de votre v\u00e9hicule. Cela vous permet de vous rappeler des rendez-vous obligatoires notamment dans le cadre de la garantie.<\/span><\/p>\n<ul>\n<li><a href=\"https:\/\/www.bymycar.fr\/services#atelier-41\"><span style=\"font-weight: 400;\">R\u00c9VISION RAPIDE DUO : service \u00e0 partir de 99 euros<\/span><\/a><\/li>\n<\/ul>\n<p>&nbsp;<\/p>\n<p>PEUGEOT BYmyCAR met toute son expertise au service des professionnels et vous propose avec son nouveau service PEUGEOT RAPIDE DUO. Profitez d\u2019une r\u00e9vision de qualit\u00e9 pour une dur\u00e9e d\u2019immobilisation de 1 h maximum par v\u00e9hicule. Ceci comprend :<\/p>\n<ul>\n<li>vidange de l&rsquo;huile moteur ;<\/li>\n<li><span style=\"font-weight: 400;\"> remplacement du filtre \u00e0 huile ;<\/span><\/li>\n<li><span style=\"font-weight: 400;\"> purge du filtre \u00e0 gazole (selon \u00e9quipement) ;<\/span><\/li>\n<li><span style=\"font-weight: 400;\"> diagnostic \u00e9lectronique des calculateurs ;<\/span><\/li>\n<li><span style=\"font-weight: 400;\"> mise \u00e0 jour de l&rsquo;indicateur d&rsquo;entretien ;<\/span><\/li>\n<li><span style=\"font-weight: 400;\"> contr\u00f4les (fonctionnement, \u00e9tat et \u00e9tanch\u00e9it\u00e9) ;<\/span><\/li>\n<li><\/li>\n<\/ul>\n<p><span style=\"font-weight: 400;\">\u00a0\u00c0 ces op\u00e9rations, s&rsquo;ajoutent d&rsquo;autres contr\u00f4les syst\u00e9matiques \u00e0 l&rsquo;int\u00e9rieur et \u00e0 l&rsquo;ext\u00e9rieur de votre v\u00e9hicule.<\/span><\/p>\n<p>&nbsp;<\/p>\n<ul>\n<li><a href=\"https:\/\/www.bymycar.fr\/services#concession-750\"><span style=\"font-weight: 400;\">SERVICE DE LOCATION : louez des v\u00e9hicules quand vous le souhaitez \u00e0 partir de 39 euros<\/span><\/a><\/li>\n<\/ul>\n<p><span style=\"font-weight: 400;\">Cherchez-vous un bon <\/span>plan pour acqu\u00e9rir une voiture \u00e0 petit prix ? Louez des v\u00e9hicules quand vous le souhaitez, pour tous vos trajets ! Notre solution de mobilit\u00e9 Volkswagen Rent vous permet de louer le v\u00e9hicule de votre choix, pour vos d\u00e9placements. Quels que soient vos besoins ou vos envies, l\u2019ensemble de la gamme Volkswagen est disponible \u00e0 la location. Que ce soit pour une courte ou longue dur\u00e9e, cela permet de prendre la route en toute libert\u00e9. Notre service vous garantit :<\/p>\n<p><span style=\"font-weight: 400;\">&#8211; des interlocuteurs d\u00e9di\u00e9s et sp\u00e9cialement form\u00e9s \u00e0 l\u2019activit\u00e9 de location ;<\/span><\/p>\n<p><span style=\"font-weight: 400;\">&#8211; une solution de mobilit\u00e9 fiable ;<\/span><\/p>\n<p><span style=\"font-weight: 400;\">&#8211; la mise \u00e0 disposition de v\u00e9hicules r\u00e9cents \u00e9quip\u00e9s des derni\u00e8res technologies.<\/span><\/p>\n<p>&nbsp;<\/p>\n<p><span style=\"font-weight: 400;\">Louer une Audi ou une Volkswagen c\u2019est l\u2019occasion parfaite pour essayer l\u2019ensemble des mod\u00e8les les plus r\u00e9cents. Choisissez parmi les citadines, les compactes, les monospaces, les utilitaires et m\u00eame les voitures de prestiges. Un mod\u00e8le vous int\u00e9resse ? Une Audi e-tron ? Une Golf ? Un Touran ? ou un Utilitaire ? Louez-le au meilleur <\/span>rapport qualit\u00e9-prix !<\/p>\n<p>&nbsp;<\/p>\n<p><span style=\"font-weight: 400;\">Avez-vous besoin d\u2019autres services ? Voici d\u2019autres prestations du groupe BYmyCAR :<\/span><\/p>\n<p>&nbsp;<\/p>\n<p><a href=\"https:\/\/www.bymycar.fr\/services#concession-311\"><span style=\"font-weight: 400;\">SERVICE VOITURIER \u00c0 DOMICILE : Nous prenons en charge et restituons votre Audi sur le lieu de votre choix \u00e0 partir de 89 euros<\/span><\/a><span style=\"font-weight: 400;\"> ;<\/span><\/p>\n<ul>\n<li><a href=\"https:\/\/www.bymycar.fr\/services#concession-879\"><span style=\"font-weight: 400;\">SERVICE JOCKEY : Prise en charge de votre v\u00e9hicule sur votre parc. Voir conditions en concession<\/span><\/a><span style=\"font-weight: 400;\"> ;<\/span><\/li>\n<li><a href=\"https:\/\/www.bymycar.fr\/services#concession-321\"><span style=\"font-weight: 400;\">SMART ROAD ASSISTANCE : Un service gratuit pour rouler sans souci. Voir conditions en concession<\/span><\/a><span style=\"font-weight: 400;\"> ;<\/span><\/li>\n<li><a href=\"https:\/\/www.bymycar.fr\/services#concession-481\"><span style=\"font-weight: 400;\">V\u00c9HICULE DE COURTOISIE : Repartez avec un v\u00e9hicule de pr\u00eat. Voir conditions en concession<\/span><\/a><span style=\"font-weight: 400;\"> ;<\/span><\/li>\n<li><a href=\"https:\/\/www.bymycar.fr\/services#concession-749\"><span style=\"font-weight: 400;\">VENTE DE TROTTINETTES \u00c9LECTRIQUES : Envie d&rsquo;acheter une trottinette \u00e9lectrique ? Nos offres sont \u00e0 partir de 599 euros<\/span><\/a><span style=\"font-weight: 400;\"> ;<\/span><\/li>\n<li><a href=\"https:\/\/www.bymycar.fr\/services#atelier-194\"><span style=\"font-weight: 400;\">VIDANGE BMW : Vidange BMW \u00e0 partir de 99 euros<\/span><\/a><span style=\"font-weight: 400;\"> ;<\/span><\/li>\n<li><a href=\"https:\/\/www.bymycar.fr\/services#atelier-200\"><span style=\"font-weight: 400;\">VIDANGE MINI : Vidange MINI \u00e0 partir de 99 euros<\/span><\/a><span style=\"font-weight: 400;\"> ;<\/span><\/li>\n<li><a href=\"https:\/\/www.bymycar.fr\/services#atelier-74\"><span style=\"font-weight: 400;\">ACCESSOIRES PORTAGE BMW <\/span><\/a><span style=\"font-weight: 400;\">;<\/span><\/li>\n<li><a href=\"https:\/\/www.bymycar.fr\/services#atelier-82\"><span style=\"font-weight: 400;\">ACCESSOIRES PORTAGE MINI <\/span><\/a><span style=\"font-weight: 400;\">;<\/span><\/li>\n<li><a href=\"https:\/\/www.bymycar.fr\/services#atelier-15\"><span style=\"font-weight: 400;\">R\u00c9VISION : Des experts de la marque \u00e0 votre service \u00e0 partir de 99 euros<\/span><\/a><span style=\"font-weight: 400;\"> ;<\/span><\/li>\n<li><a href=\"https:\/\/www.bymycar.fr\/services#atelier-52\"><span style=\"font-weight: 400;\">R\u00c9VISION ABARTH : Pour toujours profiter des performances maximales de votre v\u00e9hicule ! \u00e0 partir de 260 euros<\/span><\/a><span style=\"font-weight: 400;\"> ;<\/span><\/li>\n<li><a href=\"https:\/\/www.bymycar.fr\/services#atelier-38\"><span style=\"font-weight: 400;\">R\u00c9VISION FIAT : Pour conduire sans souci et en toute tranquillit\u00e9 !\u00e0 partir de 149 euros<\/span><\/a><span style=\"font-weight: 400;\"> ;<\/span><\/li>\n<li><a href=\"https:\/\/www.bymycar.fr\/services#atelier-153\"><span style=\"font-weight: 400;\">PNEUMATIQUE ET FREINAGE : AUDI ORL\u00c9ANS Pneus labellis\u00e9s et Syst\u00e8mes de freinage \u00e0 partir de 79 euros<\/span><\/a><span style=\"font-weight: 400;\"> ;<\/span><\/li>\n<li><a href=\"https:\/\/www.bymycar.fr\/services#atelier-175\"><span style=\"font-weight: 400;\">PNEUMATIQUE ET FREINAGE ORL\u00c9ANS : Pneumatiques et syst\u00e8me de freinage \u00e0 partir de 59 euros<\/span><\/a><span style=\"font-weight: 400;\"> ;<\/span><\/li>\n<li><a href=\"https:\/\/www.bymycar.fr\/services#atelier-829\"><span style=\"font-weight: 400;\">PNEUMATIQUE NISSAN : Le meilleur pour votre s\u00e9curit\u00e9 et votre confort \u00e0 partir de 89 euros<\/span><\/a><span style=\"font-weight: 400;\"> ;<\/span><\/li>\n<li><a href=\"https:\/\/www.bymycar.fr\/services#atelier-190\"><span style=\"font-weight: 400;\">PNEUMATIQUE SMART : Le choix de la qualit\u00e9 (partir de 70 euros<\/span><\/a><span style=\"font-weight: 400;\">) ;<\/span><\/li>\n<li><a href=\"https:\/\/www.bymycar.fr\/services#atelier-701\"><span style=\"font-weight: 400;\">PNEUMATIQUES : Voir conditions en concession<\/span><\/a><span style=\"font-weight: 400;\"> ;<\/span><\/li>\n<li><a href=\"https:\/\/www.bymycar.fr\/services#atelier-160\"><span style=\"font-weight: 400;\">PNEUMATIQUES : Pour rouler en confort et en s\u00e9curit\u00e9 \u00e0 partir de 65 euros<\/span><\/a><span style=\"font-weight: 400;\"> ;<\/span><\/li>\n<li><a href=\"https:\/\/www.bymycar.fr\/services#concession-385\"><span style=\"font-weight: 400;\">PNEUMATIQUES : Vente et changement de pneus \u00e0 partir de 40 euros<\/span><\/a><span style=\"font-weight: 400;\"> ;<\/span><\/li>\n<li><a href=\"https:\/\/www.bymycar.fr\/services#atelier-447\"><span style=\"font-weight: 400;\">PNEUMATIQUES DACIA : En contact avec la route \u00e0 partir de 65 euros<\/span><\/a><span style=\"font-weight: 400;\"> ;<\/span><\/li>\n<li><a href=\"https:\/\/www.bymycar.fr\/services#atelier-181\"><span style=\"font-weight: 400;\">PNEUS FIAT : Des pneumatiques en parfait \u00e9tat sont indispensables, nos offres sont \u00e0 partir de 39 euros<\/span><\/a><span style=\"font-weight: 400;\"> ;<\/span><\/li>\n<li><a href=\"https:\/\/www.bymycar.fr\/services#atelier-246\"><span style=\"font-weight: 400;\">REMPLACEMENT DE BATTERIE BMW REMPLACEMENT DE BATTERIE BMW : Voir conditions en concession<\/span><\/a><span style=\"font-weight: 400;\"> ;<\/span><\/li>\n<li><a href=\"https:\/\/www.bymycar.fr\/services#atelier-252\"><span style=\"font-weight: 400;\">REMPLACEMENT DE BATTERIE MINI REMPLACEMENT DE BATTERIE MINI : Voir conditions en concession<\/span><\/a><span style=\"font-weight: 400;\"> ;<\/span><\/li>\n<li><a href=\"https:\/\/www.bymycar.fr\/services#concession-430\"><span style=\"font-weight: 400;\">RENAULT MINUTE : Nos 3 atouts pour vous faire gagner du temps. Voir conditions en concession<\/span><\/a><span style=\"font-weight: 400;\"> ;<\/span><\/li>\n<li><a href=\"https:\/\/www.bymycar.fr\/services#concession-427\"><span style=\"font-weight: 400;\">RENAULT PRO+ : Des solutions sur-mesure, pour vous les pros ! Voir conditions en concession<\/span><\/a><span style=\"font-weight: 400;\"> ;<\/span><\/li>\n<li><a href=\"https:\/\/www.bymycar.fr\/services#concession-410\"><span style=\"font-weight: 400;\">LOCATION RENAULT RENT : Des avantages pour votre mobilit\u00e9 \u00e0 partir de 29 euros<\/span><\/a><span style=\"font-weight: 400;\"> ;<\/span><\/li>\n<li><a href=\"https:\/\/www.bymycar.fr\/services#concession-351\"><span style=\"font-weight: 400;\">MAGASIN PI\u00c8CES DE RECHANGE ET ACCESSOIRES D&rsquo;ORIGINE SMART : Des pi\u00e8ces d&rsquo;origines. Voir conditions en concession<\/span><\/a><span style=\"font-weight: 400;\"> ;<\/span><\/li>\n<li><a href=\"https:\/\/www.bymycar.fr\/services#concession-340\"><span style=\"font-weight: 400;\">MAGASIN PI\u00c8CES DE RECHANGE ET ACCESSOIRES MERCEDES-BENZ : Voir conditions en concession<\/span><\/a><span style=\"font-weight: 400;\"> ;<\/span><\/li>\n<li><a href=\"https:\/\/www.bymycar.fr\/services#concession-346\"><span style=\"font-weight: 400;\">MERCEDES-BENZ SERVICE TRUCK 24H\/24 7J\/7 : Une assistance \u00e0 tout moment. Voir conditions en concession<\/span><\/a><span style=\"font-weight: 400;\"> ;<\/span><\/li>\n<li><a href=\"https:\/\/www.bymycar.fr\/services#atelier-875\"><span style=\"font-weight: 400;\">OFFRE PNEUS : Offre sp\u00e9ciale pneus. Voir conditions en concession<\/span><\/a><span style=\"font-weight: 400;\"> ;<\/span><\/li>\n<li><a href=\"https:\/\/www.bymycar.fr\/services#atelier-86\"><span style=\"font-weight: 400;\">PARE-BRISE : Un service professionnel \u00e0 un prix abordable. Voir conditions en concession<\/span><\/a><span style=\"font-weight: 400;\"> ;<\/span><\/li>\n<li><a href=\"https:\/\/www.bymycar.fr\/services#atelier-98\"><span style=\"font-weight: 400;\">PARE-BRISE : R\u00e9paration d&rsquo;impact et changement \u00e0 partir de 69 euros<\/span><\/a><span style=\"font-weight: 400;\"> ;<\/span><\/li>\n<li><a href=\"https:\/\/www.bymycar.fr\/services#atelier-94\"><span style=\"font-weight: 400;\">PARE-BRISE ORL\u00c9ANS : Un impact sur votre pare-brise ? Voir conditions en concession<\/span><\/a><span style=\"font-weight: 400;\"> ;<\/span><\/li>\n<li><a href=\"https:\/\/www.bymycar.fr\/services#concession-313\"><span style=\"font-weight: 400;\">PICK-UP : Pas le temps de d\u00e9poser votre voiture ? Mercedes BYmyCAR s\u2019occupe de tout ! Voir conditions en concession<\/span><\/a><span style=\"font-weight: 400;\"> ;<\/span><\/li>\n<li><a href=\"https:\/\/www.bymycar.fr\/services#atelier-64\"><span style=\"font-weight: 400;\">PI\u00c8CES ET ACCESSOIRES : Tout pour votre OPEL \u00e0 partir de 19 euros<\/span><\/a><span style=\"font-weight: 400;\"> ;<\/span><\/li>\n<li><a href=\"https:\/\/www.bymycar.fr\/services#concession-68\"><span style=\"font-weight: 400;\">PI\u00c8CES D&rsquo;ORIGINE : Une dur\u00e9e de vie optimale. Voir conditions en concession<\/span><\/a><span style=\"font-weight: 400;\"> ;<\/span><\/li>\n<li><a href=\"https:\/\/www.bymycar.fr\/services#concession-395\"><span style=\"font-weight: 400;\">PI\u00c8CES DE RECHANGE : Pi\u00e8ces d&rsquo;origine Peugeot. Voir conditions en concession<\/span><\/a><span style=\"font-weight: 400;\"> ;<\/span><\/li>\n<li><a href=\"https:\/\/www.bymycar.fr\/services#atelier-505\"><span style=\"font-weight: 400;\">PNEUMATIQUE : Le meilleur pour votre s\u00e9curit\u00e9 et votre confort \u00e0 partir de 79 euros<\/span><\/a><span style=\"font-weight: 400;\"> ;<\/span><\/li>\n<li><a href=\"https:\/\/www.bymycar.fr\/services#atelier-690\"><span style=\"font-weight: 400;\">PNEUMATIQUE : Restez au contact de la route \u00e0 partir de 39 euros<\/span><\/a><span style=\"font-weight: 400;\"> ;<\/span><\/li>\n<li><a href=\"https:\/\/www.bymycar.fr\/services#atelier-154\"><span style=\"font-weight: 400;\">PNEUMATIQUE : Pour rouler en tout confort et toute s\u00e9curit\u00e9 \u00e0 partir de 70 euros<\/span><\/a><span style=\"font-weight: 400;\"> ;<\/span><\/li>\n<li><a href=\"https:\/\/www.bymycar.fr\/services#atelier-256\"><span style=\"font-weight: 400;\">ESSUIE-GLACES BMW : Offres essuie-glaces BMW \u00e0 partir de 51 euros<\/span><\/a><span style=\"font-weight: 400;\"> ;<\/span><\/li>\n<li><a href=\"https:\/\/www.bymycar.fr\/services#atelier-274\"><span style=\"font-weight: 400;\">FORFAIT FREINAGE BMW : Voir conditions en concession<\/span><\/a><span style=\"font-weight: 400;\"> ;<\/span><\/li>\n<li><a href=\"https:\/\/www.bymycar.fr\/services#atelier-280\"><span style=\"font-weight: 400;\">FORFAIT FREINAGE MINI : Voir conditions en concession<\/span><\/a><span style=\"font-weight: 400;\"> ;<\/span><\/li>\n<li><a href=\"https:\/\/www.bymycar.fr\/services#atelier-479\"><span style=\"font-weight: 400;\">FREINAGE : Allez \u00e0 votre rythme. Voir conditions en concession<\/span><\/a><span style=\"font-weight: 400;\"> ;<\/span><\/li>\n<li><a href=\"https:\/\/www.bymycar.fr\/services#atelier-462\"><span style=\"font-weight: 400;\">FREINAGE : Le service Renault pour un contr\u00f4le assur\u00e9 \u00e0 partir de 125 euros<\/span><\/a><span style=\"font-weight: 400;\"> ;<\/span><\/li>\n<li><a href=\"https:\/\/www.bymycar.fr\/services#atelier-375\"><span style=\"font-weight: 400;\">FREINAGE : Plaquettes de freins avant \u00e0 partir de 79 euros<\/span><\/a><span style=\"font-weight: 400;\"> ;<\/span><\/li>\n<li><a href=\"https:\/\/www.bymycar.fr\/services#atelier-268\"><span style=\"font-weight: 400;\">FREINAGE : ABARTH D\u00e9couvrez nos services sp\u00e9cifiques d&rsquo;entretien des freins de votre Abarth, parce que plus votre v\u00e9hicule est puissant, plus l&rsquo;entretien de ses freins est important \u00e0 partir de 190 euros<\/span><\/a><span style=\"font-weight: 400;\"> ;<\/span><\/li>\n<li><a href=\"https:\/\/www.bymycar.fr\/services#atelier-205\"><span style=\"font-weight: 400;\">FREINAGE AVANT MINI : A partir de 294euros TTC \u00e0 partir de 99 euros<\/span><\/a><span style=\"font-weight: 400;\"> ;<\/span><\/li>\n<li><a href=\"https:\/\/www.bymycar.fr\/services#atelier-262\"><span style=\"font-weight: 400;\">FREINS AVANT BMW : Offre freinage BMW \u00e0 partir de 276 euros<\/span><\/a><span style=\"font-weight: 400;\"> ;<\/span><\/li>\n<li><a href=\"https:\/\/www.bymycar.fr\/services#concession-306\"><span style=\"font-weight: 400;\">HORAIRES ELARGIS : Nous nous adaptons \u00e0 votre rythme de vie. Voir conditions en concession<\/span><\/a><span style=\"font-weight: 400;\"> ;<\/span><\/li>\n<li><a href=\"https:\/\/www.bymycar.fr\/services#concession-748\"><span style=\"font-weight: 400;\">LOCATION DE TROTTINETTES \u00c9LECTRIQUES : Besoin de mobilit\u00e9 urbaine ? \u00e0 partir de 10 euros<\/span><\/a><span style=\"font-weight: 400;\"> ;<\/span><\/li>\n<li><a href=\"https:\/\/www.bymycar.fr\/services#concession-747\"><span style=\"font-weight: 400;\">LOCATION DE V\u00c9HICULES : Besoin de louer un v\u00e9hicule ?\u00e0 partir de 30 euros<\/span><\/a><span style=\"font-weight: 400;\"> ;<\/span><\/li>\n<li><a href=\"https:\/\/www.bymycar.fr\/services#atelier-738\"><span style=\"font-weight: 400;\">ENTRETIEN \/ R\u00c9VISION SEAT ET CUPRA : \u00e0 partir de 149 euros<\/span><\/a><span style=\"font-weight: 400;\"> ;<\/span><\/li>\n<li><a href=\"https:\/\/www.bymycar.fr\/services#atelier-673\"><span style=\"font-weight: 400;\">ENTRETIEN \/ R\u00c9VISION SEAT : Faites entretenir votre Seat \u00e0 partir de 149 euros<\/span><\/a><span style=\"font-weight: 400;\"> ;<\/span><\/li>\n<li><a href=\"https:\/\/www.bymycar.fr\/services#atelier-31\"><span style=\"font-weight: 400;\">ENTRETIEN \/ R\u00c9VISION SKODA : Repousser l\u2019usure et le temps \u00e0 partir de 144 euros<\/span><\/a><span style=\"font-weight: 400;\"> ;<\/span><\/li>\n<li><a href=\"https:\/\/www.bymycar.fr\/services#atelier-657\"><span style=\"font-weight: 400;\">ENTRETIEN \/ R\u00c9VISION SKODA : Faites entretenir votre Skoda. \u00e0 partir de 149 euros<\/span><\/a><span style=\"font-weight: 400;\"> ;<\/span><\/li>\n<li><a href=\"https:\/\/www.bymycar.fr\/services#atelier-32\"><span style=\"font-weight: 400;\">ENTRETIEN \/ R\u00c9VISION SMART : La r\u00e9vision chez SMART \u00e0 partir de 190 euros<\/span><\/a><span style=\"font-weight: 400;\"> ;<\/span><\/li>\n<li><a href=\"https:\/\/www.bymycar.fr\/services#atelier-483\"><span style=\"font-weight: 400;\">ENTRETIEN \/ R\u00c9VISION VOLKSWAGEN : Faites entretenir votre Volkswagen \u00e0 partir de 159 euros<\/span><\/a><span style=\"font-weight: 400;\"> ;<\/span><\/li>\n<li><a href=\"https:\/\/www.bymycar.fr\/services#atelier-36\"><span style=\"font-weight: 400;\">ENTRETIEN \/ R\u00c9VISION VOLKSWAGEN ORL\u00c9ANS : Pour votre s\u00e9curit\u00e9, nos techniciens sont l\u00e0 \u00e0 partir de 159 euros<\/span><\/a><span style=\"font-weight: 400;\"> ;<\/span><\/li>\n<li><a href=\"https:\/\/www.bymycar.fr\/services#atelier-220\"><span style=\"font-weight: 400;\">CLIMATISATION ABARTH (\u00e0 partir de 89 euros<\/span><\/a><span style=\"font-weight: 400;\">) ;<\/span><\/li>\n<li><a href=\"https:\/\/www.bymycar.fr\/services#atelier-399\"><span style=\"font-weight: 400;\">CLIMATISATION DE VEHICULE : Pour que vos trajets soient toujours \u00e0 bonne temp\u00e9rature. (Offre \u00e0 partir de 99 euros<\/span><\/a><span style=\"font-weight: 400;\">) ;<\/span><\/li>\n<li><a href=\"https:\/\/www.bymycar.fr\/services#atelier-859\"><span style=\"font-weight: 400;\">CLIMATISATION DE VEHICULE : Pour que vos trajets soient toujours \u00e0 bonne temp\u00e9rature. (Offre \u00e0 partir de 99 euros<\/span><\/a><span style=\"font-weight: 400;\">) ;<\/span><\/li>\n<li><a href=\"https:\/\/www.bymycar.fr\/services#atelier-209\"><span style=\"font-weight: 400;\">CLIMATISATION DU V\u00c9HICULE : Temp\u00e9rature constante et atmosph\u00e8re saine \u00e0 partir de 99 euros<\/span><\/a><span style=\"font-weight: 400;\"> ;<\/span><\/li>\n<li><a href=\"https:\/\/www.bymycar.fr\/services#atelier-214\"><span style=\"font-weight: 400;\">CLIMATISATION DU V\u00c9HICULE : Pour toujours \u00eatre \u00e0 bonne temp\u00e9rature. Offre \u00e0 partir de 99 euros<\/span><\/a><span style=\"font-weight: 400;\"> ;<\/span><\/li>\n<li><a href=\"https:\/\/www.bymycar.fr\/services#atelier-226\"><span style=\"font-weight: 400;\">CLIMATISATION SMART : Conserver un climat agr\u00e9able. Offre d\u00e8s 99 euros<\/span><\/a><span style=\"font-weight: 400;\"> ;<\/span><\/li>\n<li><a href=\"https:\/\/www.bymycar.fr\/services#atelier-569\"><span style=\"font-weight: 400;\">CLIMATISATION V\u00c9HICULE : Pour toujours \u00eatre \u00e0 bonne temp\u00e9rature. \u00e0 partir de 69 euros<\/span><\/a><span style=\"font-weight: 400;\"> ;<\/span><\/li>\n<li><a href=\"https:\/\/www.bymycar.fr\/services#atelier-717\"><span style=\"font-weight: 400;\">CLIMATISATION V\u00c9HICULE : Pour toujours \u00eatre \u00e0 bonne temp\u00e9rature. \u00e0 partir de 89 euros<\/span><\/a><span style=\"font-weight: 400;\"> ;<\/span><\/li>\n<li><a href=\"https:\/\/www.bymycar.fr\/services#atelier-764\"><span style=\"font-weight: 400;\">CLIMATISATION V\u00c9HICULE : Pour toujours \u00eatre \u00e0 bonne temp\u00e9rature. \u00e0 partir de 69 euros<\/span><\/a><span style=\"font-weight: 400;\"> ;<\/span><\/li>\n<li><a href=\"https:\/\/www.bymycar.fr\/services#atelier-825\"><span style=\"font-weight: 400;\">CLIMATISATION V\u00c9HICULE NISSAN : Pour toujours \u00eatre \u00e0 bonne temp\u00e9rature. \u00e0 partir de 69 euros<\/span><\/a><span style=\"font-weight: 400;\"> ;<\/span><\/li>\n<li><a href=\"https:\/\/www.bymycar.fr\/services#atelier-686\"><span style=\"font-weight: 400;\">CONTR\u00d4LE TECHNIQUE : Une prestation compl\u00e8te \u00e0 prix serr\u00e9. \u00e0 partir de 80 euros<\/span><\/a><span style=\"font-weight: 400;\"> ;<\/span><\/li>\n<li><a href=\"https:\/\/www.bymycar.fr\/services#atelier-284\"><span style=\"font-weight: 400;\">CONTR\u00d4LE TECHNIQUE : Une prestation compl\u00e8te \u00e0 prix serr\u00e9. \u00e0 partir de 79 euros<\/span><\/a><span style=\"font-weight: 400;\"> ;<\/span><\/li>\n<li><a href=\"https:\/\/www.bymycar.fr\/services#atelier-851\"><span style=\"font-weight: 400;\">CONTROLE TECHNIQUE : Le passage au contr\u00f4le technique. Offre \u00e0 partir de 85 euros<\/span><\/a><span style=\"font-weight: 400;\"> ;<\/span><\/li>\n<li><a href=\"https:\/\/www.bymycar.fr\/services#atelier-300\"><span style=\"font-weight: 400;\">CONTR\u00d4LE TECHNIQUE ABARTH : Pour un suivi optimal de votre Abarth, optez pour notre solution de passage au contr\u00f4le technique \u00e0 partir de 90 euros<\/span><\/a><span style=\"font-weight: 400;\"> ;<\/span><\/li>\n<li><a href=\"https:\/\/www.bymycar.fr\/services#atelier-826\"><span style=\"font-weight: 400;\">CONTR\u00d4LE TECHNIQUE NISSAN : C&rsquo;est l&rsquo;heure du Contr\u00f4le Technique ? \u00e0 partir de 99 euros<\/span><\/a><span style=\"font-weight: 400;\"> ;<\/span><\/li>\n<li><span style=\"font-weight: 400;\">\u00a0<\/span><a href=\"https:\/\/www.bymycar.fr\/services#atelier-296\"><span style=\"font-weight: 400;\">CONTR\u00d4LE TECHNIQUE SMART : Pour que votre aventure ne s\u2019arr\u00eate pas l\u00e0.\u00e0 partir de 99 euros<\/span><\/a><span style=\"font-weight: 400;\"> ;<\/span><\/li>\n<li><a href=\"https:\/\/www.bymycar.fr\/services#atelier-334\"><span style=\"font-weight: 400;\">DIAGNOSTIC \/ R\u00c9PARATION : Un voyant allum\u00e9 ? Offre \u00e0 partir de 135 euros<\/span><\/a><span style=\"font-weight: 400;\"> ;<\/span><\/li>\n<li><a href=\"https:\/\/www.bymycar.fr\/services#atelier-799\"><span style=\"font-weight: 400;\">DIAGNOSTIC \/ REPARATION : Un voyant s&rsquo;allume ? R\u00e9paration \u00e0 partir de 189 euros<\/span><\/a><span style=\"font-weight: 400;\"> ;<\/span><\/li>\n<li><a href=\"https:\/\/www.bymycar.fr\/services#atelier-835\"><span style=\"font-weight: 400;\">DIAGNOSTIC \/ REPARATION : Atelier \u00e0 partir de 189 euros<\/span><\/a><span style=\"font-weight: 400;\"> ;<\/span><\/li>\n<li><a href=\"https:\/\/www.bymycar.fr\/services#atelier-605\"><span style=\"font-weight: 400;\">DIAGNOSTIC \/ R\u00c9PARATION : Un voyant s&rsquo;allume ? \u00e0 partir de 189 euros<\/span><\/a><span style=\"font-weight: 400;\"> ;<\/span><\/li>\n<li><a href=\"https:\/\/www.bymycar.fr\/services#atelier-720\"><span style=\"font-weight: 400;\">DIAGNOSTIC \/ R\u00c9PARATION : Un voyant s&rsquo;allume ? \u00e0 partir de 100 euros<\/span><\/a><span style=\"font-weight: 400;\"> ;<\/span><\/li>\n<li><a href=\"https:\/\/www.bymycar.fr\/services#atelier-827\"><span style=\"font-weight: 400;\">DIAGNOSTIC \/ R\u00c9PARATION NISSAN : Un voyant s&rsquo;allume ? \u00e0 partir de 189 euros<\/span><\/a><span style=\"font-weight: 400;\"> ;<\/span><\/li>\n<li><a href=\"https:\/\/www.bymycar.fr\/services#atelier-347\"><span style=\"font-weight: 400;\">DIAGNOSTIC \/ R\u00c9PARATION SMART : Un diagnostic complet \u00e0 partir de 135 euros<\/span><\/a><span style=\"font-weight: 400;\"> ;<\/span><\/li>\n<li><a href=\"https:\/\/www.bymycar.fr\/services#atelier-682\"><span style=\"font-weight: 400;\">DIAGNOSTIC ET R\u00c9PARATIONROULEZ EN TOUTE SECURITE AVEC OPEL BYmyCAR ! (\u00e0 partir de 120 euros<\/span><\/a><span style=\"font-weight: 400;\">) ;<\/span><\/li>\n<li><a href=\"https:\/\/www.bymycar.fr\/services#atelier-325\"><span style=\"font-weight: 400;\">DIAGNOSTIC ET R\u00c9PARATION : ROULEZ EN TOUTE SECURITE AVEC FORD BYmyCAR ! (\u00e0 partir de 138 euros<\/span><\/a><span style=\"font-weight: 400;\">) ;<\/span><\/li>\n<li><a href=\"https:\/\/www.bymycar.fr\/services#atelier-370\"><span style=\"font-weight: 400;\">DISTRIBUTION : Kit de distribution Peugeot \u00e0 partir de 272 euros<\/span><\/a><span style=\"font-weight: 400;\"> ;<\/span><\/li>\n<li><a href=\"https:\/\/www.bymycar.fr\/services#atelier-694\"><span style=\"font-weight: 400;\">ENTRETIEN \/ REVISION : Prenez soin de votre BMW \u00e0 partir de 180 euros<\/span><\/a><span style=\"font-weight: 400;\"> ;<\/span><\/li>\n<li><a href=\"https:\/\/www.bymycar.fr\/services#atelier-5\"><span style=\"font-weight: 400;\">ENTRETIEN \/ R\u00c9VISION : Pour votre s\u00e9curit\u00e9, nos techniciens sont l\u00e0 \u00e0 partir de 189 euros<\/span><\/a><span style=\"font-weight: 400;\"> ;<\/span><\/li>\n<li><a href=\"https:\/\/www.bymycar.fr\/services#atelier-6\"><span style=\"font-weight: 400;\">ENTRETIEN \/ REVISION : Prenez soin de votre Dacia \u00e0 partir de 99 euros<\/span><\/a><span style=\"font-weight: 400;\"> ;<\/span><\/li>\n<li><a href=\"https:\/\/www.bymycar.fr\/services#atelier-20\"><span style=\"font-weight: 400;\">ENTRETIEN \/ REVISION : La R\u00e9vision Renault pour 100 % de s\u00e9r\u00e9nit\u00e9. Offre \u00e0 partir de 115 euros<\/span><\/a><span style=\"font-weight: 400;\"> ;<\/span><\/li>\n<li><a href=\"https:\/\/www.bymycar.fr\/services#atelier-58\"><span style=\"font-weight: 400;\">ENTRETIEN \/ R\u00c9VISION : Prenez soin de votre Mercedes-Benz \u00e0 partir de 292 euros<\/span><\/a><span style=\"font-weight: 400;\"> ;<\/span><\/li>\n<li><a href=\"https:\/\/www.bymycar.fr\/services#atelier-843\"><span style=\"font-weight: 400;\">ENTRETIEN \/ REVISION : La R\u00e9vision Renault pour 100 % de s\u00e9r\u00e9nit\u00e9 \u00e0 partir de 115 euros<\/span><\/a><span style=\"font-weight: 400;\"> ;<\/span><\/li>\n<li><a href=\"https:\/\/www.bymycar.fr\/services#atelier-663\"><span style=\"font-weight: 400;\">ENTRETIEN \/ R\u00c9VISION : AUDI Faites entretenir votre Audi \u00e0 partir de 289 euros<\/span><\/a><span style=\"font-weight: 400;\"> ;<\/span><\/li>\n<li><a href=\"https:\/\/www.bymycar.fr\/services#atelier-118\"><span style=\"font-weight: 400;\">CARROSSERIE ET PARE-BRISE : Rayures, l\u00e9gers impact ou accident \u00e0 partir de 135 euros<\/span><\/a><span style=\"font-weight: 400;\"> ;<\/span><\/li>\n<li><a href=\"https:\/\/www.bymycar.fr\/services#atelier-135\"><span style=\"font-weight: 400;\">CARROSSERIE FIAT : \u00e0 partir de 149 euros<\/span><\/a><span style=\"font-weight: 400;\"> ;<\/span><\/li>\n<li><a href=\"https:\/\/www.bymycar.fr\/services#atelier-138\"><span style=\"font-weight: 400;\">CARROSSERIE\/PEINTURE : Travail d&rsquo;experts et pi\u00e8ces d&rsquo;origine. Voir conditions en concession<\/span><\/a><span style=\"font-weight: 400;\"> ;<\/span><\/li>\n<li><a href=\"https:\/\/www.bymycar.fr\/services#atelier-242\"><span style=\"font-weight: 400;\">CHANGEMENT BATTERIE : Offre changement de batterie MINI. Voir conditions en concession<\/span><\/a><span style=\"font-weight: 400;\"> ;<\/span><\/li>\n<li><a href=\"https:\/\/www.bymycar.fr\/services#atelier-103\"><span style=\"font-weight: 400;\">CHANGEMENT DE PARE-BRISE : Offre changement de pare-brise. Voir conditions en concession<\/span><\/a><span style=\"font-weight: 400;\"> ;<\/span><\/li>\n<li><a href=\"https:\/\/www.bymycar.fr\/services#atelier-704\"><span style=\"font-weight: 400;\">CLIMATISATION Offre \u00e0 partir de 59 euros<\/span><\/a><span style=\"font-weight: 400;\"> ;<\/span><\/li>\n<li><a href=\"https:\/\/www.bymycar.fr\/services#atelier-143\"><span style=\"font-weight: 400;\">CARROSSERIE \/ PARE-BRISE SMART : Indicent, impact ou rayure? \u00e0 partir de 150 euros<\/span><\/a><span style=\"font-weight: 400;\"> ;<\/span><\/li>\n<li><a href=\"https:\/\/www.bymycar.fr\/services#atelier-698\"><span style=\"font-weight: 400;\">CARROSSERIE \/ PARE-BRISE CARROSSERIE \/ PARE-BRISE : \u00e0 partir de 100 euros<\/span><\/a><span style=\"font-weight: 400;\"> ;<\/span><\/li>\n<li><a href=\"https:\/\/www.bymycar.fr\/services#atelier-236\"><span style=\"font-weight: 400;\">BATTERIES BMW : Offre Batteries BMW \u00e0 partir de 190 euros<\/span><\/a><span style=\"font-weight: 400;\"> ;<\/span><\/li>\n<li><a href=\"https:\/\/www.bymycar.fr\/services#concession-390\"><span style=\"font-weight: 400;\">BALAIS ESSUIE-GLACES : Kit balais avant \u00e0 partir de 39 euros<\/span><\/a><span style=\"font-weight: 400;\"> ;<\/span><\/li>\n<li><a href=\"https:\/\/www.bymycar.fr\/services#concession-46\"><span style=\"font-weight: 400;\">AUDI TWIN SERVICE : L&rsquo;entretien complet de votre v\u00e9hicule en 90 minutes Voir conditions en concession<\/span><\/a><span style=\"font-weight: 400;\"> ;<\/span><\/li>\n<li><a href=\"https:\/\/www.bymycar.fr\/services#atelier-819\"><span style=\"font-weight: 400;\">ATELIER MOBILE : Nous intervenons chez vous ! Voir conditions en concession<\/span><\/a><\/li>\n<\/ul>\n<p>&nbsp;<\/p>\n<p style=\"text-align: center;\"><a href=\"https:\/\/www.bymycar.fr\/rechercher-un-vehicule?trier-par=prix&amp;carburant=elec&amp;page=1\" target=\"_blank\" class=\"css-button css-button--gold\" >\n                D\u00e9couvrez nos voitures \u00e9lectriques en stock &gt;\n        <\/a><\/p>\n<p>&nbsp;<\/p>\n<p><strong><i>D\u00e9couvrez \u00e9galement :<\/i><\/strong><\/p>\n<ul>\n<li><a href=\"https:\/\/www.bymycar.fr\/electrique\"><span style=\"font-weight: 400;\">V<\/span><span style=\"font-weight: 400;\">oiture \u00e9lectrique<\/span><\/a><\/li>\n<li><a href=\"https:\/\/www.bymycar.fr\/webzine\/vehicule-hybride-bymycar\/\"><span style=\"font-weight: 400;\">V\u00e9hicule hybride<\/span><\/a><\/li>\n<li><a href=\"https:\/\/www.bymycar.fr\/webzine\/deploiement-des-bornes-de-recharge-bymycar\/\"><span style=\"font-weight: 400;\">D\u00e9ploiement des bornes de recharge<\/span><\/a><\/li>\n<li><a href=\"https:\/\/www.bymycar.fr\/webzine\/million-de-bornes\/\"><span style=\"font-weight: 400;\">Million de bornes<\/span><\/a><\/li>\n<li><a href=\"https:\/\/www.bymycar.fr\/webzine\/infrastructure-de-charge\/\"><span style=\"font-weight: 400;\">Infrastructure de recharge v\u00e9hicules \u00e9lectriques<\/span><\/a><\/li>\n<li><a href=\"https:\/\/www.bymycar.fr\/webzine\/infrastructure-de-charge-2\/v\"><span style=\"font-weight: 400;\">Infrastructure de charge<\/span><\/a><\/li>\n<li><a href=\"https:\/\/www.bymycar.fr\/webzine\/reseau-de-bornes-de-recharge-bymycar\/\"><span style=\"font-weight: 400;\">R\u00e9seau de bornes de recharge BYmyCAR<\/span><\/a><\/li>\n<li><a href=\"https:\/\/www.bymycar.fr\/webzine\/quest-ce-qui-caracterise-une-voiture-propre\/\">Qu\u2019est-ce qui caract\u00e9rise une voiture propre ?<\/a><\/li>\n<li><a href=\"https:\/\/www.bymycar.fr\/webzine\/acheter-une-voiture-essence-doccasion\/\">Acheter une voiture essence d\u2019occasion<\/a><\/li>\n<li><a href=\"https:\/\/www.bymycar.fr\/webzine\/quelles-sont-les-meilleures-voitures-electriques-de-2023\/\">Quelles sont les meilleures voitures \u00e9lectriques de 2023 ?<\/a><\/li>\n<li><a href=\"https:\/\/www.bymycar.fr\/webzine\/quest-ce-quun-vehicule-thermique\/\">Qu\u2019est-ce qu\u2019un v\u00e9hicule thermique ?<\/a><\/li>\n<li><a href=\"https:\/\/www.bymycar.fr\/webzine\/guide-pour-acheter-une-nouvelle-voiture-quel-vehicule-choisir\/\">Guide pour acheter une nouvelle voiture : quel v\u00e9hicule choisir ?<\/a><\/li>\n<li><a href=\"https:\/\/www.bymycar.fr\/webzine\/quelle-est-la-voiture-electrique-la-moins-chere\/\">Les voitures \u00e9lectriques les moins ch\u00e8res en 2023<\/a><\/li>\n<li><a href=\"https:\/\/www.bymycar.fr\/webzine\/infrastructure-de-charge-2\/\">Infrastructure de charge<\/a><\/li>\n<li><a href=\"https:\/\/www.bymycar.fr\/webzine\/comment-preparer-votre-trajet-en-voiture\/\">Comment pr\u00e9parer votre trajet en voiture ?<\/a><\/li>\n<li><a href=\"https:\/\/www.bymycar.fr\/webzine\/top-10-des-voitures-electriques-les-moins-cheres-en-2023\/\">Top 10 des voitures \u00e9lectriques les moins ch\u00e8res en 2023<\/a><\/li>\n<li><a href=\"https:\/\/www.bymycar.fr\/webzine\/comment-choisir-sa-borne-de-recharge-electrique\/\">Comment choisir sa borne de recharge \u00e9lectrique ?<\/a><\/li>\n<\/ul>\n","titre":"Le service de recharge pour les v\u00e9hicules \u00e9lectriques ou hybrides rechargeables et les autres services-BYmyCAR","image":false,"image_libre":false,"image_800x500":false,"legende":"","zoom":false,"texte":"","articles":false,"categorie_droite":false,"images":false,"elements_comparatif":false,"texte_1":"","texte_2":"","image_1":false,"image_1_563x400":false,"image_1_332x332":false,"image_2":false,"image_2_333x240":false,"image_2_563x400":false,"image_3":false,"image_3_333x240":false,"image_3_332x450":false,"image_4":false,"image_4_332x332":false,"image_4_563x400":false,"code_embed":"","legende_video":"","photo":false,"photo_100x100":false,"nom":"","fonction":"","elements_timeline":false,"entetes_colonnes":false,"entetes_lignes":false,"lignes":false,"introduction":"","formulaire":false,"question":"","reponse":"","libelle_bouton_lien":"","url_lien":"","questions":false,"conclusions":false,"pays":false,"region":false,"marque":false,"marqueConcessions":false,"modele":false,"ptvente":false,"typeV":false,"collection":false,"nombre_maximum_elements":10,"lien_fin_carousel":"","texte_lien_fin_carousel":"","trier_par":false}],"is_old_post":false,"image":{"ID":23304,"id":23304,"title":"Banni\u00e8re Webzine 800x500_JPO jan 22","filename":"Banniere-Webzine-800x500_JPO-jan-22.png","filesize":1,"url":"https:\/\/cdn.bymycar.eu\/fr-webzine\/wp-content\/uploads\/medias\/Banniere-Webzine-800x500_JPO-jan-22.png","link":"https:\/\/www.bymycar.fr\/webzine\/peugeot-bymycar-journees-portes-ouvertes-les-15-et-16-janvier\/banniere-webzine-800x500_jpo-jan-22\/","alt":"","author":"9","description":"","caption":"","name":"banniere-webzine-800x500_jpo-jan-22","status":"inherit","uploaded_to":23301,"date":"2022-01-10 07:30:20","modified":"2022-01-10 07:30:20","menu_order":0,"mime_type":"image\/png","type":"image","subtype":"png","icon":"https:\/\/www.bymycar.fr\/webzine\/wp-includes\/images\/media\/default.png","width":800,"height":500,"sizes":{"thumbnail":"https:\/\/cdn.bymycar.eu\/fr-webzine\/wp-content\/uploads\/medias\/Banniere-Webzine-800x500_JPO-jan-22-150x150.png","thumbnail-width":150,"thumbnail-height":150,"medium":"https:\/\/cdn.bymycar.eu\/fr-webzine\/wp-content\/uploads\/medias\/Banniere-Webzine-800x500_JPO-jan-22-300x188.png","medium-width":300,"medium-height":188,"medium_large":"https:\/\/cdn.bymycar.eu\/fr-webzine\/wp-content\/uploads\/medias\/Banniere-Webzine-800x500_JPO-jan-22-768x480.png","medium_large-width":768,"medium_large-height":480,"large":"https:\/\/cdn.bymycar.eu\/fr-webzine\/wp-content\/uploads\/medias\/Banniere-Webzine-800x500_JPO-jan-22.png","large-width":800,"large-height":500,"1536x1536":"https:\/\/cdn.bymycar.eu\/fr-webzine\/wp-content\/uploads\/medias\/Banniere-Webzine-800x500_JPO-jan-22.png","1536x1536-width":800,"1536x1536-height":500,"2048x2048":"https:\/\/cdn.bymycar.eu\/fr-webzine\/wp-content\/uploads\/medias\/Banniere-Webzine-800x500_JPO-jan-22.png","2048x2048-width":800,"2048x2048-height":500}},"page_content":{"block_content":[{"acf_fc_layout":"text-simple","--nav":{"-withNav":false,"-ancre":""},"--group":{"-text":"<h2><b>Le service de recharge pour les v\u00e9hicules \u00e9lectriques ou hybrides rechargeables<\/b><\/h2>\n<p>D\u00e9sormais, plus de la moiti\u00e9 des aires de service int\u00e8grent une borne haute performance ou un point de charge rapide. BYmyCAR propose actuellement des points de recharge pour les v\u00e9hicules \u00e9lectriques ou hybrides rechargeables. Les utilisateurs de voitures z\u00e9ro \u00e9mission peuvent dor\u00e9navant s\u2019abonner aux offres sur les bornes de recharge BYmyCAR. Ainsi, vous aurez acc\u00e8s \u00e0 une borne en habitation individuelle et aupr\u00e8s des collectivit\u00e9s. \u00c0 cela s\u2019ajoutent les stations des aires de service d\u2019autoroute ou le pack de mobilit\u00e9 adapt\u00e9 aux stations publiques. BYmyCAR offre 3 badges adapt\u00e9s aux <a href=\"https:\/\/www.bymycar.fr\/webzine\/ou-recharger-sa-voiture-electrique\/\">bornes de recharge<\/a> existantes. Alors, vous disposez des badges :<\/p>\n<p>&#8211; du constructeur vous permettant d\u2019acc\u00e9der aux points de recharge de votre marque ;<\/p>\n<p>&#8211; de Charge Map ;<\/p>\n<p>&#8211; de recharge de l\u2019op\u00e9rateur le plus important pr\u00e8s de chez vous.<\/p>\n<p>&nbsp;<\/p>\n<p>Voulez-vous plus de d\u00e9tails sur nos principaux services de recharge des v\u00e9hicules \u00e9lectriques ou hybrides rechargeables ? Avez-vous besoin d\u2019information sur l\u2019installation des stations de recharge ? Consultez notre site web. Inscrivez-vous en cr\u00e9ant un compte client pour avoir davantage d\u2019information tout en profitant pleinement de nos offres.<\/p>\n<p>&nbsp;<\/p>\n<h2><b>Les autres services BYmyCAR<\/b><\/h2>\n<p><span style=\"font-weight: 400;\">Le groupe BYmyCAR fournit de nombreux services dont :<\/span><\/p>\n<ul>\n<li><a href=\"https:\/\/www.bymycar.fr\/services#concession-365\"><span style=\"font-weight: 400;\">ACCESSOIRES : Une gamme compl\u00e8te pour chaque mod\u00e8le \u00e0 partir de 43 euros<\/span><\/a><\/li>\n<\/ul>\n<p>&nbsp;<\/p>\n<p>Nous proposons une large gamme d\u2019accessoires pour rendre votre automobile encore plus personnalis\u00e9e et r\u00e9pondre \u00e0 vos besoins. Voulez-vous davantage d\u2019espace suppl\u00e9mentaire pour transporter vos bagages ? Parcourez notre gamme compl\u00e8te de barres de toit, coffres de toit, transport de v\u00e9los, porte-skis et snowboards.<\/p>\n<ul>\n<li><a href=\"https:\/\/www.bymycar.fr\/services#atelier-355\"><span style=\"font-weight: 400;\">ASSISTANCE Peugeot : Assistance 7 jours\/7 et 24h\/24<\/span><\/a><\/li>\n<\/ul>\n<p>&nbsp;<\/p>\n<p><span style=\"font-weight: 400;\">Subissez-vous une panne immobilisante ou un accident ? Peugeot met tout en \u0153uvre pour vous permettre de continuer votre trajet. Contactez l\u2019<\/span><b>assistance<\/b><span style=\"font-weight: 400;\"> au 0 800 44 24 24<\/span><\/p>\n<ul>\n<li><a href=\"https:\/\/www.bymycar.fr\/services#concession-317\"><span style=\"font-weight: 400;\">ASSISTANCE MERCEDES-BENZ 24h\/24 7J\/7<\/span><\/a><\/li>\n<\/ul>\n<p>&nbsp;<\/p>\n<p>Que faire en cas de petit incident, de panne, d\u2019accident ou de vandalisme ? Nos experts veillent dans toute l\u2019Europe \u00e0 ce que vous poursuiviez votre route dans les meilleures conditions. Cela peut aller de la r\u00e9paration sur place, \u00e0 la mise \u00e0 disposition d\u2019un v\u00e9hicule de remplacement. La poursuite du voyage en avion est aussi possible. Souhaitez-vous attendre la r\u00e9paration de votre v\u00e9hicule ? Nous prenons en charge <span style=\"font-weight: 400;\">vos<\/span> frais d\u2019h\u00e9bergement. Un appel suffit<span style=\"font-weight: 400;\">, contactez<\/span>-nous au 00800 1 777 7777, nous sommes l\u00e0 pour vous.<a href=\"https:\/\/www.bymycar.fr\/services#concession-812\"> <span style=\"font-weight: 400;\">ASSISTANCE MERCEDES-BENZ VANS : Une assistance 24h\/24 7j\/7<\/span><\/a><\/p>\n<p>&nbsp;<\/p>\n<p>En cas de petit incident, de panne, d\u2019accident, l\u2019assistance vous permet d\u2019arriver \u00e0 destination quoiqu\u2019il arrive. Cela peut aller de la r\u00e9paration sur place, \u00e0 la mise \u00e0 disposition d\u2019un v\u00e9hicule de courtoisie. Le service est disponible 24h\/24 7j\/7. Un appel suffit. Contactez-nous au 00800 3 777 7777. En cas d\u2019urgence, vous b\u00e9n\u00e9ficiez d\u2019une mobilit\u00e9 garantie gratuite au niveau national ou dans certains pays d\u2019Europe. Nos experts veillent sur vous de jour comme de nuit. Nous garantissons un d\u00e9ploiement rapide. Qu\u2019attendez-vous pour vous abonner \u00e0 nos services ?<\/p>\n<ul>\n<li><a href=\"https:\/\/www.bymycar.fr\/services#atelier-880\"><span style=\"font-weight: 400;\">ATELIER MOBILE : interventions \u00e0 votre domicile \u00e0 partir de 40 euros<\/span><\/a><\/li>\n<\/ul>\n<p>&nbsp;<\/p>\n<p>Nous vous proposons un service apr\u00e8s-vente \u00e0 domicile ou sur votre lieu de travail, ou encore sur votre parking d&rsquo;entreprise. Des professionnels qualifi\u00e9s pour les marques du groupe Volkswagen effectuent le service. L\u2019Atelier Mobile assure un d\u00e9ploiement jusqu\u2019\u00e0 20 km au niveau national depuis nos sites BYmyCAR Vaulx-En-Velin et BYmyCAR Saint-\u00c9tienne. Il peut s\u2019agir des pneumatiques, d\u2019une r\u00e9vision constructeur, d\u2019un diagnostic ou de r\u00e9glage du freinage. \u00c0 cela s\u2019ajoutent l\u2019entretien et la recharge de la Climatisation ou de la vitrerie.<\/p>\n<ul>\n<li><a href=\"https:\/\/www.bymycar.fr\/services#atelier-831\"><span style=\"font-weight: 400;\">ATELIER MOBILE SMART<\/span><\/a><\/li>\n<\/ul>\n<p>&nbsp;<\/p>\n<p>Smart BYmyCAR C\u00f4te d&rsquo;Azur, lance un nouveau service : l&rsquo;Atelier mobile ! Nos \u00e9quipes se d\u00e9placent \u00e0 domicile ou sur votre lieu de travail. Nous effectuons l&rsquo;entretien de flotte de v\u00e9hicule de particulier, d\u2019entreprise ou de collectivit\u00e9s, quelle que soit la marque. Optez pour un service sur mesure et profitez d&rsquo;autres prestations : entretien, pneumatiques, r\u00e9vision, freinage et d&rsquo;autres encore !<\/p>\n<ul>\n<li><a href=\"https:\/\/www.bymycar.fr\/services#atelier-90\"><span style=\"font-weight: 400;\">BALAIS ESSUIE-GLACE : \u00e0 partir de 40 euros TTC ou \u00e0 partir de 79 euros<\/span><\/a><\/li>\n<\/ul>\n<p>&nbsp;<\/p>\n<p>Selon mod\u00e8le de v\u00e9hicule MINI de notre flotte. Voir conditions en concession.<\/p>\n<ul>\n<li><a href=\"https:\/\/www.bymycar.fr\/services#atelier-360\"><span style=\"font-weight: 400;\">BATTERIE : forfait batterie \u00e0 partir de 96 euros<\/span><\/a><\/li>\n<\/ul>\n<p>&nbsp;<\/p>\n<p>La batterie subit une usure naturelle li\u00e9e au temps et \u00e0 son utilisation. Les variations climatiques peuvent cr\u00e9er une usure pr\u00e9matur\u00e9e. Nous proposons le forfait Eco Expert batterie qui comprend :<\/p>\n<ul>\n<li><span style=\"font-weight: 400;\"> Le contr\u00f4le de votre batterie actuelle avant tout \u00e9change<\/span><\/li>\n<li><span style=\"font-weight: 400;\"> La main-d&rsquo;\u0153uvre pour l\u2019\u00e9change de la batterie<\/span><\/li>\n<li><span style=\"font-weight: 400;\"> Une batterie (Garantie 2 ans)<\/span><\/li>\n<li><span style=\"font-weight: 400;\"> Les contr\u00f4les visuels** Peugeot, avec relev\u00e9 d\u2019intervention<\/span><\/li>\n<li><a href=\"https:\/\/www.bymycar.fr\/services#concession-885\"><span style=\"font-weight: 400;\">BMW BUSINESS CENTER<\/span><\/a><\/li>\n<\/ul>\n<p>&nbsp;<\/p>\n<p>Vos concessions BMW BYmyCAR IDF vous proposent, \u00e0 vous professionnels, un service \u00e0 la hauteur de vos ambitions. Comptez sur :<\/p>\n<p>&#8211; une \u00e9quipe d&rsquo;experts d\u00e9di\u00e9e ;<\/p>\n<p>&#8211; un espace de co-working ;<\/p>\n<p>&#8211; la d\u00e9couverte de nos nouveaux mod\u00e8les ;<\/p>\n<p>-une livraison sur mesure ;<\/p>\n<p>&#8211; un service Pick-up &amp; Delivery ;<\/p>\n<p>&#8211; nos BMW de courtoisie.<\/p>\n<p>&nbsp;<\/p>\n<ul>\n<li><a href=\"https:\/\/www.bymycar.fr\/services#concession-895\"><span style=\"font-weight: 400;\">BMW I BUSINESS CENTER<\/span><\/a><\/li>\n<\/ul>\n<p>Vos concessions BMW BYmyCAR IDF vous proposent \u00e0 vous professionnels un service \u00e0 la hauteur de vos ambitions. Profitez d\u2019une \u00e9quipe d&rsquo;experts d\u00e9di\u00e9e et des offres pens\u00e9es pour votre confort.<\/p>\n<p>&nbsp;<\/p>\n<ul>\n<li><a href=\"https:\/\/www.bymycar.fr\/services#atelier-113\"><span style=\"font-weight: 400;\">CARROSSERIE : prise en charge des petites rayures aux sinistres plus graves \u00e0 partir de 199 euros<\/span><\/a><\/li>\n<\/ul>\n<p>Vous aimeriez que votre Opel soit toujours comme neuve ? Confiez-la \u00e0 nos experts BYmyCAR. Votre concessionnaire Opel BYmyCAR poss\u00e8de les outils et le savoir-faire n\u00e9cessaires pour remettre votre v\u00e9hicule en \u00e9tat apr\u00e8s un accident. Seule l&rsquo;utilisation de pi\u00e8ces d&rsquo;origine Opel, mont\u00e9es par nos techniciens qualifi\u00e9s permet de conserver la qualit\u00e9 d&rsquo;origine de votre v\u00e9hicule. Faites confiance \u00e0 BYmyCAR.<\/p>\n<p>&nbsp;<\/p>\n<ul>\n<li><a href=\"https:\/\/www.bymycar.fr\/services#atelier-824\"><span style=\"font-weight: 400;\">CARROSSERIE \/ PARE-BRISE NISSAN : redonnez un coup de neuf \u00e0 votre voiture \u00e0 partir de 99 euros<\/span><\/a><\/li>\n<\/ul>\n<p>Un \u00e9l\u00e9ment de carrosserie \u00e0 repeindre et\/ou \u00e0 d\u00e9bosseler ? Un impact sur votre pare-brise ? Notre service Carrosserie \/ Pare-Brise redonnera les \u00e9clats des premiers jours \u00e0 votre automobile.<\/p>\n<p>&nbsp;<\/p>\n<ul>\n<li><a href=\"https:\/\/www.bymycar.fr\/services#atelier-867\"><span style=\"font-weight: 400;\">CARROSSERIE ET PARE-BRISE : prise en charge des rayures, l\u00e9gers impact ou accident \u00e0 partir de 135 euros<\/span><\/a><\/li>\n<\/ul>\n<p>Pour rouler en toute s\u00e9curit\u00e9, il est important de prendre soin de votre carrosserie. Cela permet aussi de conserver les qualit\u00e9s d\u2019origine de votre v\u00e9hicule. Le concessionnaire Renault BYmyCAR propose aux utilisateurs des services pour entretenir et r\u00e9parer la carrosserie. B\u00e9n\u00e9ficiez de toute l\u2019expertise et de la proximit\u00e9 du r\u00e9seau Renault pour redonner une nouvelle jeunesse \u00e0 votre v\u00e9hicule.<\/p>\n<p>&nbsp;<\/p>\n<ul>\n<li><a href=\"https:\/\/www.bymycar.fr\/services#atelier-204\"><span style=\"font-weight: 400;\">CLIMATISATION : entretien et recharge \u00e0 partir de 69 euros<\/span><\/a><\/li>\n<\/ul>\n<p>Saison apr\u00e8s saison, la ventilation et le refroidissement de votre habitacle s\u2019alt\u00e8rent. Si des mauvaises odeurs apparaissent, il est temps de faire entretenir votre climatisation. Pensez \u00e0 contr\u00f4ler r\u00e9guli\u00e8rement et soigneusement votre climatisation. Profitez du service de recharge ou d\u2019entretien de climatisation \u00e0 tarif abordable chez BYmyCAR.<\/p>\n<p><span style=\"font-weight: 400;\">\u00a0<\/span><\/p>\n<ul>\n<li><a href=\"https:\/\/www.bymycar.fr\/services#atelier-726\"><span style=\"font-weight: 400;\">ENTRETIEN \/ R\u00c9VISION FIAT : faites entretenir votre Fiat \u00e0 partir de 245 euros<\/span><\/a><\/li>\n<\/ul>\n<p>Un entretien r\u00e9gulier de votre voiture par un professionnel agr\u00e9\u00e9 permet de vous d\u00e9placer en toute tranquillit\u00e9. Votre s\u00e9curit\u00e9 et votre bien-\u00eatre font partie de nos principaux soucis. Vos concessions Volkswagen BYmyCAR sont expertes des proc\u00e9dures de la marque. Ils sont donc en mesure de vous proposer le meilleur pour votre voiture. En outre, le co\u00fbt r\u00e9el de la facture varie en fonction de votre v\u00e9hicule, son kilom\u00e9trage et son \u00e9tat g\u00e9n\u00e9ral.<\/p>\n<p>&nbsp;<\/p>\n<ul>\n<li><a href=\"https:\/\/www.bymycar.fr\/services#atelier-828\"><span style=\"font-weight: 400;\">ENTRETIEN \/ R\u00c9VISION NISSAN : faites entretenir votre Nissan \u00e0 partir de 219 euros<\/span><\/a><\/li>\n<\/ul>\n<p>Vos concessions Nissan BYmyCAR sont \u00e0 m\u00eame de vous fournir un service de qualit\u00e9. Le co\u00fbt r\u00e9el de la facture diff\u00e8re selon le mod\u00e8le, son kilom\u00e9trage et l\u2019\u00e9tat de la voiture.<\/p>\n<p>&nbsp;<\/p>\n<ul>\n<li><a href=\"https:\/\/www.bymycar.fr\/services#atelier-9\"><span style=\"font-weight: 400;\">ENTRETIEN ET R\u00c9VISION : r\u00e9vision et entretien \u00e0 partir de 259 euros<\/span><\/a><\/li>\n<\/ul>\n<p>Garantissez votre s\u00e9curit\u00e9 et assurez le bon fonctionnement de votre v\u00e9hicule gr\u00e2ce \u00e0 des entretiens minutieux et des r\u00e9visions p\u00e9riodiques. Cela permet aussi de r\u00e9duire les consommations en \u00e9nergie ou en carburant. En effet, l\u2019usage excessif de la climatisation, un mauvais entretien, des freins et des pneus us\u00e9s peuvent augmenter les consommations.<\/p>\n<p>&nbsp;<\/p>\n<p>Consultez notre boutique en ligne et cr\u00e9ez un compte client pour acc\u00e9der plus facilement \u00e0 nos services.<\/p>\n<p>&nbsp;<\/p>\n<ul>\n<li><a href=\"https:\/\/www.bymycar.fr\/services#concession-316\"><span style=\"font-weight: 400;\">LOCATION MERCEDES-BENZ RENT : la location courte dur\u00e9e par Mercedes-Benz \u00e0 partir de 60 euros<\/span><\/a><\/li>\n<\/ul>\n<p>&nbsp;<\/p>\n<p><span style=\"font-weight: 400;\">Louez la Mercedes qui vous ressemble parmi un grand nombre de v\u00e9hicules r\u00e9cents toutes gammes confondues. Retrouvez dans notre agence de location le v\u00e9hicule qui r\u00e9pondra \u00e0 tous vos besoins. Mercedes-Benz Rent vous garantit la disponibilit\u00e9 du mod\u00e8le de votre choix le jour de la location. \u00c0 cela s\u2019ajoute une mobilit\u00e9 pr\u00e9serv\u00e9e en toutes circonstances, y compris sur les derni\u00e8res nouveaut\u00e9s de la marque ! Sur le <\/span>plan financier, la location vous permet d\u2019adapter les mensualit\u00e9s selon vos possibilit\u00e9s de remboursement. Pour avoir acc\u00e8s au meilleur de la location Mercedes Rent, contactez nous ! BYmyCAR C\u00f4te d\u2019azur : Tel : 04.92.02.67.00<\/p>\n<p>&nbsp;<\/p>\n<ul>\n<li><a href=\"https:\/\/www.bymycar.fr\/services#atelier-184\"><span style=\"font-weight: 400;\">PNEUMATIQUE : rester au contact de la route \u00e0 partir de 39 euros<\/span><\/a><\/li>\n<\/ul>\n<p><span style=\"font-weight: 400;\">Restez calme et optimisez la <\/span>gestion de vos pneus. Ils sont votre seule liaison avec la route. Chaque pneu offre un contact sur une zone d\u2019environ la taille de votre main. Votre concessionnaire Ford\/r\u00e9parateur agr\u00e9\u00e9 est la meilleure adresse pour obtenir les bons types de pneus pour votre voiture. Nos sp\u00e9cialistes vous conseillent et vous guident pour trouver le bon type de pneus. Ils vous proposent des pneumatiques de grandes marques au meilleur rapport qualit\u00e9-prix. Ils proc\u00e8dent \u00e9galement \u00e0 la v\u00e9rification de tous les composants s\u00e9curitaires pendant la pose des pneus.<\/p>\n<p>&nbsp;<\/p>\n<ul>\n<li><a href=\"https:\/\/www.bymycar.fr\/services#atelier-787\"><span style=\"font-weight: 400;\">PNEUMATIQUE : le meilleur pour votre s\u00e9curit\u00e9 et votre confort \u00e0 partir de 79 euros<\/span><\/a><\/li>\n<\/ul>\n<p><span style=\"font-weight: 400;\">Le pneu est l&rsquo;un des \u00e9l\u00e9ments majeurs de votre s\u00e9curit\u00e9 et de votre confort de conduite. C&rsquo;est pourquoi BYmyCAR vous permet d\u2019<\/span>acc\u00e9der \u00e0 un large choix de pneus et de jantes.<\/p>\n<p>&nbsp;<\/p>\n<ul>\n<li><a href=\"https:\/\/www.bymycar.fr\/services#concession-331\"><span style=\"font-weight: 400;\">REPRISE DE VOTRE V\u00c9HICULE EN 1h : reprise rapide<\/span><\/a><\/li>\n<\/ul>\n<p>Proposez<span style=\"font-weight: 400;\"> votre ancienne voiture pour une reprise. Venez dans l&rsquo;un de nos \u00e9tablissements Mercedes BYmyCAR C\u00f4te d&rsquo;Azur. Nos sp\u00e9cialistes expertisent votre v\u00e9hicule et vous donnent le montant de reprise de votre v\u00e9hicule !<\/span><\/p>\n<p>&nbsp;<\/p>\n<ul>\n<li><a href=\"https:\/\/www.bymycar.fr\/services#concession-323\"><span style=\"font-weight: 400;\">REPRISE DE VOTRE V\u00c9HICULE FORD EN 1h<\/span><\/a><\/li>\n<\/ul>\n<p><b>Proposez<\/b><span style=\"font-weight: 400;\"> la reprise de votre v\u00e9hicule et vendez-le aux concessions FORD BYmyCAR C\u00f4te d\u2019Azur en moins d\u2019une heure. Comment faire ? Venez en concession pour faire expertiser votre v\u00e9hicule. Puis nos sp\u00e9cialistes vous font une offre et vous repartez avec le fruit de votre vente.<\/span><\/p>\n<p>&nbsp;<\/p>\n<ul>\n<li><a href=\"https:\/\/www.bymycar.fr\/services#atelier-1\"><span style=\"font-weight: 400;\">R\u00c9VISION simplifi\u00e9e de votre v\u00e9hicule \u00e0 partir de 229 euros<\/span><\/a><\/li>\n<\/ul>\n<p><span style=\"font-weight: 400;\">Vous cherchez un interlocuteur de confiance pour effectuer les interventions et r\u00e9parations sur votre v\u00e9hicule ? Confiez-nous la <\/span>gestion de votre v\u00e9hicule. Les concessions automobiles BYmyCAR b\u00e9n\u00e9ficient d\u2019un r\u00e9seau de techniciens comp\u00e9tents et professionnels, form\u00e9s aux exigences des marques distribu\u00e9es. Les techniciens BYmyCAR interviennent sur les v\u00e9hicules des diff\u00e9rentes marques de nos concessions :<\/p>\n<p>&#8211; Renault ;<\/p>\n<p><span style=\"font-weight: 400;\">&#8211; Peugeot ;<\/span><\/p>\n<p><span style=\"font-weight: 400;\">&#8211; Dacia ;<\/span><\/p>\n<p><span style=\"font-weight: 400;\">&#8211; VW ;<\/span><\/p>\n<p><span style=\"font-weight: 400;\">&#8211; BMW ;<\/span><\/p>\n<p><span style=\"font-weight: 400;\">&#8211; Mini ;<\/span><\/p>\n<p><span style=\"font-weight: 400;\">&#8211; Audi ;<\/span><\/p>\n<p><span style=\"font-weight: 400;\">&#8211; Alfa Rom\u00e9o ;<\/span><\/p>\n<p><span style=\"font-weight: 400;\">&#8211; Lancia ;<\/span><\/p>\n<p><span style=\"font-weight: 400;\">&#8211; Abarth ;<\/span><\/p>\n<p><span style=\"font-weight: 400;\">&#8211; Ford ;<\/span><\/p>\n<p><span style=\"font-weight: 400;\">&#8211; Opel ;<\/span><\/p>\n<p><span style=\"font-weight: 400;\">&#8211; Fiat ;<\/span><\/p>\n<p><span style=\"font-weight: 400;\">&#8211; Chevrolet.<\/span><\/p>\n<p>&nbsp;<\/p>\n<p><span style=\"font-weight: 400;\">\u00a0Nos ateliers disposent des outils et \u00e9quipements \u00e9lectroniques adapt\u00e9s aux v\u00e9hicules r\u00e9cents. Nous surveillons \u00e0 votre place le carnet d\u2019entretien de votre v\u00e9hicule. Cela vous permet de vous rappeler des rendez-vous obligatoires notamment dans le cadre de la garantie.<\/span><\/p>\n<ul>\n<li><a href=\"https:\/\/www.bymycar.fr\/services#atelier-41\"><span style=\"font-weight: 400;\">R\u00c9VISION RAPIDE DUO : service \u00e0 partir de 99 euros<\/span><\/a><\/li>\n<\/ul>\n<p>&nbsp;<\/p>\n<p>PEUGEOT BYmyCAR met toute son expertise au service des professionnels et vous propose avec son nouveau service PEUGEOT RAPIDE DUO. Profitez d\u2019une r\u00e9vision de qualit\u00e9 pour une dur\u00e9e d\u2019immobilisation de 1 h maximum par v\u00e9hicule. Ceci comprend :<\/p>\n<ul>\n<li>vidange de l&rsquo;huile moteur ;<\/li>\n<li><span style=\"font-weight: 400;\"> remplacement du filtre \u00e0 huile ;<\/span><\/li>\n<li><span style=\"font-weight: 400;\"> purge du filtre \u00e0 gazole (selon \u00e9quipement) ;<\/span><\/li>\n<li><span style=\"font-weight: 400;\"> diagnostic \u00e9lectronique des calculateurs ;<\/span><\/li>\n<li><span style=\"font-weight: 400;\"> mise \u00e0 jour de l&rsquo;indicateur d&rsquo;entretien ;<\/span><\/li>\n<li><span style=\"font-weight: 400;\"> contr\u00f4les (fonctionnement, \u00e9tat et \u00e9tanch\u00e9it\u00e9) ;<\/span><\/li>\n<li><\/li>\n<\/ul>\n<p><span style=\"font-weight: 400;\">\u00a0\u00c0 ces op\u00e9rations, s&rsquo;ajoutent d&rsquo;autres contr\u00f4les syst\u00e9matiques \u00e0 l&rsquo;int\u00e9rieur et \u00e0 l&rsquo;ext\u00e9rieur de votre v\u00e9hicule.<\/span><\/p>\n<p>&nbsp;<\/p>\n<ul>\n<li><a href=\"https:\/\/www.bymycar.fr\/services#concession-750\"><span style=\"font-weight: 400;\">SERVICE DE LOCATION : louez des v\u00e9hicules quand vous le souhaitez \u00e0 partir de 39 euros<\/span><\/a><\/li>\n<\/ul>\n<p><span style=\"font-weight: 400;\">Cherchez-vous un bon <\/span>plan pour acqu\u00e9rir une voiture \u00e0 petit prix ? Louez des v\u00e9hicules quand vous le souhaitez, pour tous vos trajets ! Notre solution de mobilit\u00e9 Volkswagen Rent vous permet de louer le v\u00e9hicule de votre choix, pour vos d\u00e9placements. Quels que soient vos besoins ou vos envies, l\u2019ensemble de la gamme Volkswagen est disponible \u00e0 la location. Que ce soit pour une courte ou longue dur\u00e9e, cela permet de prendre la route en toute libert\u00e9. Notre service vous garantit :<\/p>\n<p><span style=\"font-weight: 400;\">&#8211; des interlocuteurs d\u00e9di\u00e9s et sp\u00e9cialement form\u00e9s \u00e0 l\u2019activit\u00e9 de location ;<\/span><\/p>\n<p><span style=\"font-weight: 400;\">&#8211; une solution de mobilit\u00e9 fiable ;<\/span><\/p>\n<p><span style=\"font-weight: 400;\">&#8211; la mise \u00e0 disposition de v\u00e9hicules r\u00e9cents \u00e9quip\u00e9s des derni\u00e8res technologies.<\/span><\/p>\n<p>&nbsp;<\/p>\n<p><span style=\"font-weight: 400;\">Louer une Audi ou une Volkswagen c\u2019est l\u2019occasion parfaite pour essayer l\u2019ensemble des mod\u00e8les les plus r\u00e9cents. Choisissez parmi les citadines, les compactes, les monospaces, les utilitaires et m\u00eame les voitures de prestiges. Un mod\u00e8le vous int\u00e9resse ? Une Audi e-tron ? Une Golf ? Un Touran ? ou un Utilitaire ? Louez-le au meilleur <\/span>rapport qualit\u00e9-prix !<\/p>\n<p>&nbsp;<\/p>\n<p><span style=\"font-weight: 400;\">Avez-vous besoin d\u2019autres services ? Voici d\u2019autres prestations du groupe BYmyCAR :<\/span><\/p>\n<p>&nbsp;<\/p>\n<p><a href=\"https:\/\/www.bymycar.fr\/services#concession-311\"><span style=\"font-weight: 400;\">SERVICE VOITURIER \u00c0 DOMICILE : Nous prenons en charge et restituons votre Audi sur le lieu de votre choix \u00e0 partir de 89 euros<\/span><\/a><span style=\"font-weight: 400;\"> ;<\/span><\/p>\n<ul>\n<li><a href=\"https:\/\/www.bymycar.fr\/services#concession-879\"><span style=\"font-weight: 400;\">SERVICE JOCKEY : Prise en charge de votre v\u00e9hicule sur votre parc. Voir conditions en concession<\/span><\/a><span style=\"font-weight: 400;\"> ;<\/span><\/li>\n<li><a href=\"https:\/\/www.bymycar.fr\/services#concession-321\"><span style=\"font-weight: 400;\">SMART ROAD ASSISTANCE : Un service gratuit pour rouler sans souci. Voir conditions en concession<\/span><\/a><span style=\"font-weight: 400;\"> ;<\/span><\/li>\n<li><a href=\"https:\/\/www.bymycar.fr\/services#concession-481\"><span style=\"font-weight: 400;\">V\u00c9HICULE DE COURTOISIE : Repartez avec un v\u00e9hicule de pr\u00eat. Voir conditions en concession<\/span><\/a><span style=\"font-weight: 400;\"> ;<\/span><\/li>\n<li><a href=\"https:\/\/www.bymycar.fr\/services#concession-749\"><span style=\"font-weight: 400;\">VENTE DE TROTTINETTES \u00c9LECTRIQUES : Envie d&rsquo;acheter une trottinette \u00e9lectrique ? Nos offres sont \u00e0 partir de 599 euros<\/span><\/a><span style=\"font-weight: 400;\"> ;<\/span><\/li>\n<li><a href=\"https:\/\/www.bymycar.fr\/services#atelier-194\"><span style=\"font-weight: 400;\">VIDANGE BMW : Vidange BMW \u00e0 partir de 99 euros<\/span><\/a><span style=\"font-weight: 400;\"> ;<\/span><\/li>\n<li><a href=\"https:\/\/www.bymycar.fr\/services#atelier-200\"><span style=\"font-weight: 400;\">VIDANGE MINI : Vidange MINI \u00e0 partir de 99 euros<\/span><\/a><span style=\"font-weight: 400;\"> ;<\/span><\/li>\n<li><a href=\"https:\/\/www.bymycar.fr\/services#atelier-74\"><span style=\"font-weight: 400;\">ACCESSOIRES PORTAGE BMW <\/span><\/a><span style=\"font-weight: 400;\">;<\/span><\/li>\n<li><a href=\"https:\/\/www.bymycar.fr\/services#atelier-82\"><span style=\"font-weight: 400;\">ACCESSOIRES PORTAGE MINI <\/span><\/a><span style=\"font-weight: 400;\">;<\/span><\/li>\n<li><a href=\"https:\/\/www.bymycar.fr\/services#atelier-15\"><span style=\"font-weight: 400;\">R\u00c9VISION : Des experts de la marque \u00e0 votre service \u00e0 partir de 99 euros<\/span><\/a><span style=\"font-weight: 400;\"> ;<\/span><\/li>\n<li><a href=\"https:\/\/www.bymycar.fr\/services#atelier-52\"><span style=\"font-weight: 400;\">R\u00c9VISION ABARTH : Pour toujours profiter des performances maximales de votre v\u00e9hicule ! \u00e0 partir de 260 euros<\/span><\/a><span style=\"font-weight: 400;\"> ;<\/span><\/li>\n<li><a href=\"https:\/\/www.bymycar.fr\/services#atelier-38\"><span style=\"font-weight: 400;\">R\u00c9VISION FIAT : Pour conduire sans souci et en toute tranquillit\u00e9 !\u00e0 partir de 149 euros<\/span><\/a><span style=\"font-weight: 400;\"> ;<\/span><\/li>\n<li><a href=\"https:\/\/www.bymycar.fr\/services#atelier-153\"><span style=\"font-weight: 400;\">PNEUMATIQUE ET FREINAGE : AUDI ORL\u00c9ANS Pneus labellis\u00e9s et Syst\u00e8mes de freinage \u00e0 partir de 79 euros<\/span><\/a><span style=\"font-weight: 400;\"> ;<\/span><\/li>\n<li><a href=\"https:\/\/www.bymycar.fr\/services#atelier-175\"><span style=\"font-weight: 400;\">PNEUMATIQUE ET FREINAGE ORL\u00c9ANS : Pneumatiques et syst\u00e8me de freinage \u00e0 partir de 59 euros<\/span><\/a><span style=\"font-weight: 400;\"> ;<\/span><\/li>\n<li><a href=\"https:\/\/www.bymycar.fr\/services#atelier-829\"><span style=\"font-weight: 400;\">PNEUMATIQUE NISSAN : Le meilleur pour votre s\u00e9curit\u00e9 et votre confort \u00e0 partir de 89 euros<\/span><\/a><span style=\"font-weight: 400;\"> ;<\/span><\/li>\n<li><a href=\"https:\/\/www.bymycar.fr\/services#atelier-190\"><span style=\"font-weight: 400;\">PNEUMATIQUE SMART : Le choix de la qualit\u00e9 (partir de 70 euros<\/span><\/a><span style=\"font-weight: 400;\">) ;<\/span><\/li>\n<li><a href=\"https:\/\/www.bymycar.fr\/services#atelier-701\"><span style=\"font-weight: 400;\">PNEUMATIQUES : Voir conditions en concession<\/span><\/a><span style=\"font-weight: 400;\"> ;<\/span><\/li>\n<li><a href=\"https:\/\/www.bymycar.fr\/services#atelier-160\"><span style=\"font-weight: 400;\">PNEUMATIQUES : Pour rouler en confort et en s\u00e9curit\u00e9 \u00e0 partir de 65 euros<\/span><\/a><span style=\"font-weight: 400;\"> ;<\/span><\/li>\n<li><a href=\"https:\/\/www.bymycar.fr\/services#concession-385\"><span style=\"font-weight: 400;\">PNEUMATIQUES : Vente et changement de pneus \u00e0 partir de 40 euros<\/span><\/a><span style=\"font-weight: 400;\"> ;<\/span><\/li>\n<li><a href=\"https:\/\/www.bymycar.fr\/services#atelier-447\"><span style=\"font-weight: 400;\">PNEUMATIQUES DACIA : En contact avec la route \u00e0 partir de 65 euros<\/span><\/a><span style=\"font-weight: 400;\"> ;<\/span><\/li>\n<li><a href=\"https:\/\/www.bymycar.fr\/services#atelier-181\"><span style=\"font-weight: 400;\">PNEUS FIAT : Des pneumatiques en parfait \u00e9tat sont indispensables, nos offres sont \u00e0 partir de 39 euros<\/span><\/a><span style=\"font-weight: 400;\"> ;<\/span><\/li>\n<li><a href=\"https:\/\/www.bymycar.fr\/services#atelier-246\"><span style=\"font-weight: 400;\">REMPLACEMENT DE BATTERIE BMW REMPLACEMENT DE BATTERIE BMW : Voir conditions en concession<\/span><\/a><span style=\"font-weight: 400;\"> ;<\/span><\/li>\n<li><a href=\"https:\/\/www.bymycar.fr\/services#atelier-252\"><span style=\"font-weight: 400;\">REMPLACEMENT DE BATTERIE MINI REMPLACEMENT DE BATTERIE MINI : Voir conditions en concession<\/span><\/a><span style=\"font-weight: 400;\"> ;<\/span><\/li>\n<li><a href=\"https:\/\/www.bymycar.fr\/services#concession-430\"><span style=\"font-weight: 400;\">RENAULT MINUTE : Nos 3 atouts pour vous faire gagner du temps. Voir conditions en concession<\/span><\/a><span style=\"font-weight: 400;\"> ;<\/span><\/li>\n<li><a href=\"https:\/\/www.bymycar.fr\/services#concession-427\"><span style=\"font-weight: 400;\">RENAULT PRO+ : Des solutions sur-mesure, pour vous les pros ! Voir conditions en concession<\/span><\/a><span style=\"font-weight: 400;\"> ;<\/span><\/li>\n<li><a href=\"https:\/\/www.bymycar.fr\/services#concession-410\"><span style=\"font-weight: 400;\">LOCATION RENAULT RENT : Des avantages pour votre mobilit\u00e9 \u00e0 partir de 29 euros<\/span><\/a><span style=\"font-weight: 400;\"> ;<\/span><\/li>\n<li><a href=\"https:\/\/www.bymycar.fr\/services#concession-351\"><span style=\"font-weight: 400;\">MAGASIN PI\u00c8CES DE RECHANGE ET ACCESSOIRES D&rsquo;ORIGINE SMART : Des pi\u00e8ces d&rsquo;origines. Voir conditions en concession<\/span><\/a><span style=\"font-weight: 400;\"> ;<\/span><\/li>\n<li><a href=\"https:\/\/www.bymycar.fr\/services#concession-340\"><span style=\"font-weight: 400;\">MAGASIN PI\u00c8CES DE RECHANGE ET ACCESSOIRES MERCEDES-BENZ : Voir conditions en concession<\/span><\/a><span style=\"font-weight: 400;\"> ;<\/span><\/li>\n<li><a href=\"https:\/\/www.bymycar.fr\/services#concession-346\"><span style=\"font-weight: 400;\">MERCEDES-BENZ SERVICE TRUCK 24H\/24 7J\/7 : Une assistance \u00e0 tout moment. Voir conditions en concession<\/span><\/a><span style=\"font-weight: 400;\"> ;<\/span><\/li>\n<li><a href=\"https:\/\/www.bymycar.fr\/services#atelier-875\"><span style=\"font-weight: 400;\">OFFRE PNEUS : Offre sp\u00e9ciale pneus. Voir conditions en concession<\/span><\/a><span style=\"font-weight: 400;\"> ;<\/span><\/li>\n<li><a href=\"https:\/\/www.bymycar.fr\/services#atelier-86\"><span style=\"font-weight: 400;\">PARE-BRISE : Un service professionnel \u00e0 un prix abordable. Voir conditions en concession<\/span><\/a><span style=\"font-weight: 400;\"> ;<\/span><\/li>\n<li><a href=\"https:\/\/www.bymycar.fr\/services#atelier-98\"><span style=\"font-weight: 400;\">PARE-BRISE : R\u00e9paration d&rsquo;impact et changement \u00e0 partir de 69 euros<\/span><\/a><span style=\"font-weight: 400;\"> ;<\/span><\/li>\n<li><a href=\"https:\/\/www.bymycar.fr\/services#atelier-94\"><span style=\"font-weight: 400;\">PARE-BRISE ORL\u00c9ANS : Un impact sur votre pare-brise ? Voir conditions en concession<\/span><\/a><span style=\"font-weight: 400;\"> ;<\/span><\/li>\n<li><a href=\"https:\/\/www.bymycar.fr\/services#concession-313\"><span style=\"font-weight: 400;\">PICK-UP : Pas le temps de d\u00e9poser votre voiture ? Mercedes BYmyCAR s\u2019occupe de tout ! Voir conditions en concession<\/span><\/a><span style=\"font-weight: 400;\"> ;<\/span><\/li>\n<li><a href=\"https:\/\/www.bymycar.fr\/services#atelier-64\"><span style=\"font-weight: 400;\">PI\u00c8CES ET ACCESSOIRES : Tout pour votre OPEL \u00e0 partir de 19 euros<\/span><\/a><span style=\"font-weight: 400;\"> ;<\/span><\/li>\n<li><a href=\"https:\/\/www.bymycar.fr\/services#concession-68\"><span style=\"font-weight: 400;\">PI\u00c8CES D&rsquo;ORIGINE : Une dur\u00e9e de vie optimale. Voir conditions en concession<\/span><\/a><span style=\"font-weight: 400;\"> ;<\/span><\/li>\n<li><a href=\"https:\/\/www.bymycar.fr\/services#concession-395\"><span style=\"font-weight: 400;\">PI\u00c8CES DE RECHANGE : Pi\u00e8ces d&rsquo;origine Peugeot. Voir conditions en concession<\/span><\/a><span style=\"font-weight: 400;\"> ;<\/span><\/li>\n<li><a href=\"https:\/\/www.bymycar.fr\/services#atelier-505\"><span style=\"font-weight: 400;\">PNEUMATIQUE : Le meilleur pour votre s\u00e9curit\u00e9 et votre confort \u00e0 partir de 79 euros<\/span><\/a><span style=\"font-weight: 400;\"> ;<\/span><\/li>\n<li><a href=\"https:\/\/www.bymycar.fr\/services#atelier-690\"><span style=\"font-weight: 400;\">PNEUMATIQUE : Restez au contact de la route \u00e0 partir de 39 euros<\/span><\/a><span style=\"font-weight: 400;\"> ;<\/span><\/li>\n<li><a href=\"https:\/\/www.bymycar.fr\/services#atelier-154\"><span style=\"font-weight: 400;\">PNEUMATIQUE : Pour rouler en tout confort et toute s\u00e9curit\u00e9 \u00e0 partir de 70 euros<\/span><\/a><span style=\"font-weight: 400;\"> ;<\/span><\/li>\n<li><a href=\"https:\/\/www.bymycar.fr\/services#atelier-256\"><span style=\"font-weight: 400;\">ESSUIE-GLACES BMW : Offres essuie-glaces BMW \u00e0 partir de 51 euros<\/span><\/a><span style=\"font-weight: 400;\"> ;<\/span><\/li>\n<li><a href=\"https:\/\/www.bymycar.fr\/services#atelier-274\"><span style=\"font-weight: 400;\">FORFAIT FREINAGE BMW : Voir conditions en concession<\/span><\/a><span style=\"font-weight: 400;\"> ;<\/span><\/li>\n<li><a href=\"https:\/\/www.bymycar.fr\/services#atelier-280\"><span style=\"font-weight: 400;\">FORFAIT FREINAGE MINI : Voir conditions en concession<\/span><\/a><span style=\"font-weight: 400;\"> ;<\/span><\/li>\n<li><a href=\"https:\/\/www.bymycar.fr\/services#atelier-479\"><span style=\"font-weight: 400;\">FREINAGE : Allez \u00e0 votre rythme. Voir conditions en concession<\/span><\/a><span style=\"font-weight: 400;\"> ;<\/span><\/li>\n<li><a href=\"https:\/\/www.bymycar.fr\/services#atelier-462\"><span style=\"font-weight: 400;\">FREINAGE : Le service Renault pour un contr\u00f4le assur\u00e9 \u00e0 partir de 125 euros<\/span><\/a><span style=\"font-weight: 400;\"> ;<\/span><\/li>\n<li><a href=\"https:\/\/www.bymycar.fr\/services#atelier-375\"><span style=\"font-weight: 400;\">FREINAGE : Plaquettes de freins avant \u00e0 partir de 79 euros<\/span><\/a><span style=\"font-weight: 400;\"> ;<\/span><\/li>\n<li><a href=\"https:\/\/www.bymycar.fr\/services#atelier-268\"><span style=\"font-weight: 400;\">FREINAGE : ABARTH D\u00e9couvrez nos services sp\u00e9cifiques d&rsquo;entretien des freins de votre Abarth, parce que plus votre v\u00e9hicule est puissant, plus l&rsquo;entretien de ses freins est important \u00e0 partir de 190 euros<\/span><\/a><span style=\"font-weight: 400;\"> ;<\/span><\/li>\n<li><a href=\"https:\/\/www.bymycar.fr\/services#atelier-205\"><span style=\"font-weight: 400;\">FREINAGE AVANT MINI : A partir de 294euros TTC \u00e0 partir de 99 euros<\/span><\/a><span style=\"font-weight: 400;\"> ;<\/span><\/li>\n<li><a href=\"https:\/\/www.bymycar.fr\/services#atelier-262\"><span style=\"font-weight: 400;\">FREINS AVANT BMW : Offre freinage BMW \u00e0 partir de 276 euros<\/span><\/a><span style=\"font-weight: 400;\"> ;<\/span><\/li>\n<li><a href=\"https:\/\/www.bymycar.fr\/services#concession-306\"><span style=\"font-weight: 400;\">HORAIRES ELARGIS : Nous nous adaptons \u00e0 votre rythme de vie. Voir conditions en concession<\/span><\/a><span style=\"font-weight: 400;\"> ;<\/span><\/li>\n<li><a href=\"https:\/\/www.bymycar.fr\/services#concession-748\"><span style=\"font-weight: 400;\">LOCATION DE TROTTINETTES \u00c9LECTRIQUES : Besoin de mobilit\u00e9 urbaine ? \u00e0 partir de 10 euros<\/span><\/a><span style=\"font-weight: 400;\"> ;<\/span><\/li>\n<li><a href=\"https:\/\/www.bymycar.fr\/services#concession-747\"><span style=\"font-weight: 400;\">LOCATION DE V\u00c9HICULES : Besoin de louer un v\u00e9hicule ?\u00e0 partir de 30 euros<\/span><\/a><span style=\"font-weight: 400;\"> ;<\/span><\/li>\n<li><a href=\"https:\/\/www.bymycar.fr\/services#atelier-738\"><span style=\"font-weight: 400;\">ENTRETIEN \/ R\u00c9VISION SEAT ET CUPRA : \u00e0 partir de 149 euros<\/span><\/a><span style=\"font-weight: 400;\"> ;<\/span><\/li>\n<li><a href=\"https:\/\/www.bymycar.fr\/services#atelier-673\"><span style=\"font-weight: 400;\">ENTRETIEN \/ R\u00c9VISION SEAT : Faites entretenir votre Seat \u00e0 partir de 149 euros<\/span><\/a><span style=\"font-weight: 400;\"> ;<\/span><\/li>\n<li><a href=\"https:\/\/www.bymycar.fr\/services#atelier-31\"><span style=\"font-weight: 400;\">ENTRETIEN \/ R\u00c9VISION SKODA : Repousser l\u2019usure et le temps \u00e0 partir de 144 euros<\/span><\/a><span style=\"font-weight: 400;\"> ;<\/span><\/li>\n<li><a href=\"https:\/\/www.bymycar.fr\/services#atelier-657\"><span style=\"font-weight: 400;\">ENTRETIEN \/ R\u00c9VISION SKODA : Faites entretenir votre Skoda. \u00e0 partir de 149 euros<\/span><\/a><span style=\"font-weight: 400;\"> ;<\/span><\/li>\n<li><a href=\"https:\/\/www.bymycar.fr\/services#atelier-32\"><span style=\"font-weight: 400;\">ENTRETIEN \/ R\u00c9VISION SMART : La r\u00e9vision chez SMART \u00e0 partir de 190 euros<\/span><\/a><span style=\"font-weight: 400;\"> ;<\/span><\/li>\n<li><a href=\"https:\/\/www.bymycar.fr\/services#atelier-483\"><span style=\"font-weight: 400;\">ENTRETIEN \/ R\u00c9VISION VOLKSWAGEN : Faites entretenir votre Volkswagen \u00e0 partir de 159 euros<\/span><\/a><span style=\"font-weight: 400;\"> ;<\/span><\/li>\n<li><a href=\"https:\/\/www.bymycar.fr\/services#atelier-36\"><span style=\"font-weight: 400;\">ENTRETIEN \/ R\u00c9VISION VOLKSWAGEN ORL\u00c9ANS : Pour votre s\u00e9curit\u00e9, nos techniciens sont l\u00e0 \u00e0 partir de 159 euros<\/span><\/a><span style=\"font-weight: 400;\"> ;<\/span><\/li>\n<li><a href=\"https:\/\/www.bymycar.fr\/services#atelier-220\"><span style=\"font-weight: 400;\">CLIMATISATION ABARTH (\u00e0 partir de 89 euros<\/span><\/a><span style=\"font-weight: 400;\">) ;<\/span><\/li>\n<li><a href=\"https:\/\/www.bymycar.fr\/services#atelier-399\"><span style=\"font-weight: 400;\">CLIMATISATION DE VEHICULE : Pour que vos trajets soient toujours \u00e0 bonne temp\u00e9rature. (Offre \u00e0 partir de 99 euros<\/span><\/a><span style=\"font-weight: 400;\">) ;<\/span><\/li>\n<li><a href=\"https:\/\/www.bymycar.fr\/services#atelier-859\"><span style=\"font-weight: 400;\">CLIMATISATION DE VEHICULE : Pour que vos trajets soient toujours \u00e0 bonne temp\u00e9rature. (Offre \u00e0 partir de 99 euros<\/span><\/a><span style=\"font-weight: 400;\">) ;<\/span><\/li>\n<li><a href=\"https:\/\/www.bymycar.fr\/services#atelier-209\"><span style=\"font-weight: 400;\">CLIMATISATION DU V\u00c9HICULE : Temp\u00e9rature constante et atmosph\u00e8re saine \u00e0 partir de 99 euros<\/span><\/a><span style=\"font-weight: 400;\"> ;<\/span><\/li>\n<li><a href=\"https:\/\/www.bymycar.fr\/services#atelier-214\"><span style=\"font-weight: 400;\">CLIMATISATION DU V\u00c9HICULE : Pour toujours \u00eatre \u00e0 bonne temp\u00e9rature. Offre \u00e0 partir de 99 euros<\/span><\/a><span style=\"font-weight: 400;\"> ;<\/span><\/li>\n<li><a href=\"https:\/\/www.bymycar.fr\/services#atelier-226\"><span style=\"font-weight: 400;\">CLIMATISATION SMART : Conserver un climat agr\u00e9able. Offre d\u00e8s 99 euros<\/span><\/a><span style=\"font-weight: 400;\"> ;<\/span><\/li>\n<li><a href=\"https:\/\/www.bymycar.fr\/services#atelier-569\"><span style=\"font-weight: 400;\">CLIMATISATION V\u00c9HICULE : Pour toujours \u00eatre \u00e0 bonne temp\u00e9rature. \u00e0 partir de 69 euros<\/span><\/a><span style=\"font-weight: 400;\"> ;<\/span><\/li>\n<li><a href=\"https:\/\/www.bymycar.fr\/services#atelier-717\"><span style=\"font-weight: 400;\">CLIMATISATION V\u00c9HICULE : Pour toujours \u00eatre \u00e0 bonne temp\u00e9rature. \u00e0 partir de 89 euros<\/span><\/a><span style=\"font-weight: 400;\"> ;<\/span><\/li>\n<li><a href=\"https:\/\/www.bymycar.fr\/services#atelier-764\"><span style=\"font-weight: 400;\">CLIMATISATION V\u00c9HICULE : Pour toujours \u00eatre \u00e0 bonne temp\u00e9rature. \u00e0 partir de 69 euros<\/span><\/a><span style=\"font-weight: 400;\"> ;<\/span><\/li>\n<li><a href=\"https:\/\/www.bymycar.fr\/services#atelier-825\"><span style=\"font-weight: 400;\">CLIMATISATION V\u00c9HICULE NISSAN : Pour toujours \u00eatre \u00e0 bonne temp\u00e9rature. \u00e0 partir de 69 euros<\/span><\/a><span style=\"font-weight: 400;\"> ;<\/span><\/li>\n<li><a href=\"https:\/\/www.bymycar.fr\/services#atelier-686\"><span style=\"font-weight: 400;\">CONTR\u00d4LE TECHNIQUE : Une prestation compl\u00e8te \u00e0 prix serr\u00e9. \u00e0 partir de 80 euros<\/span><\/a><span style=\"font-weight: 400;\"> ;<\/span><\/li>\n<li><a href=\"https:\/\/www.bymycar.fr\/services#atelier-284\"><span style=\"font-weight: 400;\">CONTR\u00d4LE TECHNIQUE : Une prestation compl\u00e8te \u00e0 prix serr\u00e9. \u00e0 partir de 79 euros<\/span><\/a><span style=\"font-weight: 400;\"> ;<\/span><\/li>\n<li><a href=\"https:\/\/www.bymycar.fr\/services#atelier-851\"><span style=\"font-weight: 400;\">CONTROLE TECHNIQUE : Le passage au contr\u00f4le technique. Offre \u00e0 partir de 85 euros<\/span><\/a><span style=\"font-weight: 400;\"> ;<\/span><\/li>\n<li><a href=\"https:\/\/www.bymycar.fr\/services#atelier-300\"><span style=\"font-weight: 400;\">CONTR\u00d4LE TECHNIQUE ABARTH : Pour un suivi optimal de votre Abarth, optez pour notre solution de passage au contr\u00f4le technique \u00e0 partir de 90 euros<\/span><\/a><span style=\"font-weight: 400;\"> ;<\/span><\/li>\n<li><a href=\"https:\/\/www.bymycar.fr\/services#atelier-826\"><span style=\"font-weight: 400;\">CONTR\u00d4LE TECHNIQUE NISSAN : C&rsquo;est l&rsquo;heure du Contr\u00f4le Technique ? \u00e0 partir de 99 euros<\/span><\/a><span style=\"font-weight: 400;\"> ;<\/span><\/li>\n<li><span style=\"font-weight: 400;\">\u00a0<\/span><a href=\"https:\/\/www.bymycar.fr\/services#atelier-296\"><span style=\"font-weight: 400;\">CONTR\u00d4LE TECHNIQUE SMART : Pour que votre aventure ne s\u2019arr\u00eate pas l\u00e0.\u00e0 partir de 99 euros<\/span><\/a><span style=\"font-weight: 400;\"> ;<\/span><\/li>\n<li><a href=\"https:\/\/www.bymycar.fr\/services#atelier-334\"><span style=\"font-weight: 400;\">DIAGNOSTIC \/ R\u00c9PARATION : Un voyant allum\u00e9 ? Offre \u00e0 partir de 135 euros<\/span><\/a><span style=\"font-weight: 400;\"> ;<\/span><\/li>\n<li><a href=\"https:\/\/www.bymycar.fr\/services#atelier-799\"><span style=\"font-weight: 400;\">DIAGNOSTIC \/ REPARATION : Un voyant s&rsquo;allume ? R\u00e9paration \u00e0 partir de 189 euros<\/span><\/a><span style=\"font-weight: 400;\"> ;<\/span><\/li>\n<li><a href=\"https:\/\/www.bymycar.fr\/services#atelier-835\"><span style=\"font-weight: 400;\">DIAGNOSTIC \/ REPARATION : Atelier \u00e0 partir de 189 euros<\/span><\/a><span style=\"font-weight: 400;\"> ;<\/span><\/li>\n<li><a href=\"https:\/\/www.bymycar.fr\/services#atelier-605\"><span style=\"font-weight: 400;\">DIAGNOSTIC \/ R\u00c9PARATION : Un voyant s&rsquo;allume ? \u00e0 partir de 189 euros<\/span><\/a><span style=\"font-weight: 400;\"> ;<\/span><\/li>\n<li><a href=\"https:\/\/www.bymycar.fr\/services#atelier-720\"><span style=\"font-weight: 400;\">DIAGNOSTIC \/ R\u00c9PARATION : Un voyant s&rsquo;allume ? \u00e0 partir de 100 euros<\/span><\/a><span style=\"font-weight: 400;\"> ;<\/span><\/li>\n<li><a href=\"https:\/\/www.bymycar.fr\/services#atelier-827\"><span style=\"font-weight: 400;\">DIAGNOSTIC \/ R\u00c9PARATION NISSAN : Un voyant s&rsquo;allume ? \u00e0 partir de 189 euros<\/span><\/a><span style=\"font-weight: 400;\"> ;<\/span><\/li>\n<li><a href=\"https:\/\/www.bymycar.fr\/services#atelier-347\"><span style=\"font-weight: 400;\">DIAGNOSTIC \/ R\u00c9PARATION SMART : Un diagnostic complet \u00e0 partir de 135 euros<\/span><\/a><span style=\"font-weight: 400;\"> ;<\/span><\/li>\n<li><a href=\"https:\/\/www.bymycar.fr\/services#atelier-682\"><span style=\"font-weight: 400;\">DIAGNOSTIC ET R\u00c9PARATIONROULEZ EN TOUTE SECURITE AVEC OPEL BYmyCAR ! (\u00e0 partir de 120 euros<\/span><\/a><span style=\"font-weight: 400;\">) ;<\/span><\/li>\n<li><a href=\"https:\/\/www.bymycar.fr\/services#atelier-325\"><span style=\"font-weight: 400;\">DIAGNOSTIC ET R\u00c9PARATION : ROULEZ EN TOUTE SECURITE AVEC FORD BYmyCAR ! (\u00e0 partir de 138 euros<\/span><\/a><span style=\"font-weight: 400;\">) ;<\/span><\/li>\n<li><a href=\"https:\/\/www.bymycar.fr\/services#atelier-370\"><span style=\"font-weight: 400;\">DISTRIBUTION : Kit de distribution Peugeot \u00e0 partir de 272 euros<\/span><\/a><span style=\"font-weight: 400;\"> ;<\/span><\/li>\n<li><a href=\"https:\/\/www.bymycar.fr\/services#atelier-694\"><span style=\"font-weight: 400;\">ENTRETIEN \/ REVISION : Prenez soin de votre BMW \u00e0 partir de 180 euros<\/span><\/a><span style=\"font-weight: 400;\"> ;<\/span><\/li>\n<li><a href=\"https:\/\/www.bymycar.fr\/services#atelier-5\"><span style=\"font-weight: 400;\">ENTRETIEN \/ R\u00c9VISION : Pour votre s\u00e9curit\u00e9, nos techniciens sont l\u00e0 \u00e0 partir de 189 euros<\/span><\/a><span style=\"font-weight: 400;\"> ;<\/span><\/li>\n<li><a href=\"https:\/\/www.bymycar.fr\/services#atelier-6\"><span style=\"font-weight: 400;\">ENTRETIEN \/ REVISION : Prenez soin de votre Dacia \u00e0 partir de 99 euros<\/span><\/a><span style=\"font-weight: 400;\"> ;<\/span><\/li>\n<li><a href=\"https:\/\/www.bymycar.fr\/services#atelier-20\"><span style=\"font-weight: 400;\">ENTRETIEN \/ REVISION : La R\u00e9vision Renault pour 100 % de s\u00e9r\u00e9nit\u00e9. Offre \u00e0 partir de 115 euros<\/span><\/a><span style=\"font-weight: 400;\"> ;<\/span><\/li>\n<li><a href=\"https:\/\/www.bymycar.fr\/services#atelier-58\"><span style=\"font-weight: 400;\">ENTRETIEN \/ R\u00c9VISION : Prenez soin de votre Mercedes-Benz \u00e0 partir de 292 euros<\/span><\/a><span style=\"font-weight: 400;\"> ;<\/span><\/li>\n<li><a href=\"https:\/\/www.bymycar.fr\/services#atelier-843\"><span style=\"font-weight: 400;\">ENTRETIEN \/ REVISION : La R\u00e9vision Renault pour 100 % de s\u00e9r\u00e9nit\u00e9 \u00e0 partir de 115 euros<\/span><\/a><span style=\"font-weight: 400;\"> ;<\/span><\/li>\n<li><a href=\"https:\/\/www.bymycar.fr\/services#atelier-663\"><span style=\"font-weight: 400;\">ENTRETIEN \/ R\u00c9VISION : AUDI Faites entretenir votre Audi \u00e0 partir de 289 euros<\/span><\/a><span style=\"font-weight: 400;\"> ;<\/span><\/li>\n<li><a href=\"https:\/\/www.bymycar.fr\/services#atelier-118\"><span style=\"font-weight: 400;\">CARROSSERIE ET PARE-BRISE : Rayures, l\u00e9gers impact ou accident \u00e0 partir de 135 euros<\/span><\/a><span style=\"font-weight: 400;\"> ;<\/span><\/li>\n<li><a href=\"https:\/\/www.bymycar.fr\/services#atelier-135\"><span style=\"font-weight: 400;\">CARROSSERIE FIAT : \u00e0 partir de 149 euros<\/span><\/a><span style=\"font-weight: 400;\"> ;<\/span><\/li>\n<li><a href=\"https:\/\/www.bymycar.fr\/services#atelier-138\"><span style=\"font-weight: 400;\">CARROSSERIE\/PEINTURE : Travail d&rsquo;experts et pi\u00e8ces d&rsquo;origine. Voir conditions en concession<\/span><\/a><span style=\"font-weight: 400;\"> ;<\/span><\/li>\n<li><a href=\"https:\/\/www.bymycar.fr\/services#atelier-242\"><span style=\"font-weight: 400;\">CHANGEMENT BATTERIE : Offre changement de batterie MINI. Voir conditions en concession<\/span><\/a><span style=\"font-weight: 400;\"> ;<\/span><\/li>\n<li><a href=\"https:\/\/www.bymycar.fr\/services#atelier-103\"><span style=\"font-weight: 400;\">CHANGEMENT DE PARE-BRISE : Offre changement de pare-brise. Voir conditions en concession<\/span><\/a><span style=\"font-weight: 400;\"> ;<\/span><\/li>\n<li><a href=\"https:\/\/www.bymycar.fr\/services#atelier-704\"><span style=\"font-weight: 400;\">CLIMATISATION Offre \u00e0 partir de 59 euros<\/span><\/a><span style=\"font-weight: 400;\"> ;<\/span><\/li>\n<li><a href=\"https:\/\/www.bymycar.fr\/services#atelier-143\"><span style=\"font-weight: 400;\">CARROSSERIE \/ PARE-BRISE SMART : Indicent, impact ou rayure? \u00e0 partir de 150 euros<\/span><\/a><span style=\"font-weight: 400;\"> ;<\/span><\/li>\n<li><a href=\"https:\/\/www.bymycar.fr\/services#atelier-698\"><span style=\"font-weight: 400;\">CARROSSERIE \/ PARE-BRISE CARROSSERIE \/ PARE-BRISE : \u00e0 partir de 100 euros<\/span><\/a><span style=\"font-weight: 400;\"> ;<\/span><\/li>\n<li><a href=\"https:\/\/www.bymycar.fr\/services#atelier-236\"><span style=\"font-weight: 400;\">BATTERIES BMW : Offre Batteries BMW \u00e0 partir de 190 euros<\/span><\/a><span style=\"font-weight: 400;\"> ;<\/span><\/li>\n<li><a href=\"https:\/\/www.bymycar.fr\/services#concession-390\"><span style=\"font-weight: 400;\">BALAIS ESSUIE-GLACES : Kit balais avant \u00e0 partir de 39 euros<\/span><\/a><span style=\"font-weight: 400;\"> ;<\/span><\/li>\n<li><a href=\"https:\/\/www.bymycar.fr\/services#concession-46\"><span style=\"font-weight: 400;\">AUDI TWIN SERVICE : L&rsquo;entretien complet de votre v\u00e9hicule en 90 minutes Voir conditions en concession<\/span><\/a><span style=\"font-weight: 400;\"> ;<\/span><\/li>\n<li><a href=\"https:\/\/www.bymycar.fr\/services#atelier-819\"><span style=\"font-weight: 400;\">ATELIER MOBILE : Nous intervenons chez vous ! Voir conditions en concession<\/span><\/a><\/li>\n<\/ul>\n<p>&nbsp;<\/p>\n<p style=\"text-align: center;\"><a href=\"https:\/\/www.bymycar.fr\/rechercher-un-vehicule?trier-par=prix&amp;carburant=elec&amp;page=1\" target=\"_blank\" class=\"css-button css-button--gold\" ><br \/>\n                D\u00e9couvrez nos voitures \u00e9lectriques en stock &gt;<br \/>\n        <\/a><\/p>\n<p>&nbsp;<\/p>\n<p><strong><i>D\u00e9couvrez \u00e9galement :<\/i><\/strong><\/p>\n<ul>\n<li><a href=\"https:\/\/www.bymycar.fr\/electrique\"><span style=\"font-weight: 400;\">V<\/span><span style=\"font-weight: 400;\">oiture \u00e9lectrique<\/span><\/a><\/li>\n<li><a href=\"https:\/\/www.bymycar.fr\/webzine\/vehicule-hybride-bymycar\/\"><span style=\"font-weight: 400;\">V\u00e9hicule hybride<\/span><\/a><\/li>\n<li><a href=\"https:\/\/www.bymycar.fr\/webzine\/deploiement-des-bornes-de-recharge-bymycar\/\"><span style=\"font-weight: 400;\">D\u00e9ploiement des bornes de recharge<\/span><\/a><\/li>\n<li><a href=\"https:\/\/www.bymycar.fr\/webzine\/million-de-bornes\/\"><span style=\"font-weight: 400;\">Million de bornes<\/span><\/a><\/li>\n<li><a href=\"https:\/\/www.bymycar.fr\/webzine\/infrastructure-de-charge\/\"><span style=\"font-weight: 400;\">Infrastructure de recharge v\u00e9hicules \u00e9lectriques<\/span><\/a><\/li>\n<li><a href=\"https:\/\/www.bymycar.fr\/webzine\/infrastructure-de-charge-2\/v\"><span style=\"font-weight: 400;\">Infrastructure de charge<\/span><\/a><\/li>\n<li><a href=\"https:\/\/www.bymycar.fr\/webzine\/reseau-de-bornes-de-recharge-bymycar\/\"><span style=\"font-weight: 400;\">R\u00e9seau de bornes de recharge BYmyCAR<\/span><\/a><\/li>\n<li><a href=\"https:\/\/www.bymycar.fr\/webzine\/quest-ce-qui-caracterise-une-voiture-propre\/\">Qu\u2019est-ce qui caract\u00e9rise une voiture propre ?<\/a><\/li>\n<li><a href=\"https:\/\/www.bymycar.fr\/webzine\/acheter-une-voiture-essence-doccasion\/\">Acheter une voiture essence d\u2019occasion<\/a><\/li>\n<li><a href=\"https:\/\/www.bymycar.fr\/webzine\/quelles-sont-les-meilleures-voitures-electriques-de-2023\/\">Quelles sont les meilleures voitures \u00e9lectriques de 2023 ?<\/a><\/li>\n<li><a href=\"https:\/\/www.bymycar.fr\/webzine\/quest-ce-quun-vehicule-thermique\/\">Qu\u2019est-ce qu\u2019un v\u00e9hicule thermique ?<\/a><\/li>\n<li><a href=\"https:\/\/www.bymycar.fr\/webzine\/guide-pour-acheter-une-nouvelle-voiture-quel-vehicule-choisir\/\">Guide pour acheter une nouvelle voiture : quel v\u00e9hicule choisir ?<\/a><\/li>\n<li><a href=\"https:\/\/www.bymycar.fr\/webzine\/quelle-est-la-voiture-electrique-la-moins-chere\/\">Les voitures \u00e9lectriques les moins ch\u00e8res en 2023<\/a><\/li>\n<li><a href=\"https:\/\/www.bymycar.fr\/webzine\/infrastructure-de-charge-2\/\">Infrastructure de charge<\/a><\/li>\n<li><a href=\"https:\/\/www.bymycar.fr\/webzine\/comment-preparer-votre-trajet-en-voiture\/\">Comment pr\u00e9parer votre trajet en voiture ?<\/a><\/li>\n<li><a href=\"https:\/\/www.bymycar.fr\/webzine\/top-10-des-voitures-electriques-les-moins-cheres-en-2023\/\">Top 10 des voitures \u00e9lectriques les moins ch\u00e8res en 2023<\/a><\/li>\n<li><a href=\"https:\/\/www.bymycar.fr\/webzine\/comment-choisir-sa-borne-de-recharge-electrique\/\">Comment choisir sa borne de recharge \u00e9lectrique ?<\/a><\/li>\n<\/ul>\n"}}]},"add-carousel-to-footer":true},"yoast_head":"<!-- This site is optimized with the Yoast SEO Premium plugin v26.4 (Yoast SEO v26.4) - https:\/\/yoast.com\/wordpress\/plugins\/seo\/ -->\n<title>Le service de recharge pour les v\u00e9hicules \u00e9lectriques ou hybrides rechargeables et les autres services<\/title>\n<meta name=\"description\" content=\"L\u2019\u00e9tat oblige toutes les aires de service d\u2019autoroute \u00e0 s\u2019\u00e9quiper de bornes de recharge rapide jusqu\u2019au 1er janvier 2023. Ainsi, le d\u00e9ploiement de ces infrastructures connait une forte croissance.\" \/>\n<meta name=\"robots\" content=\"index, follow, max-snippet:-1, max-image-preview:large, max-video-preview:-1\" \/>\n<link rel=\"canonical\" href=\"https:\/\/www.bymycar.fr\/webzine\/le-service-de-recharge-pour-les-vehicules-electriques-ou-hybrides-rechargeables-et-les-autres-services-bymycar\/\" \/>\n<meta property=\"og:locale\" content=\"fr_FR\" \/>\n<meta property=\"og:type\" content=\"article\" \/>\n<meta property=\"og:title\" content=\"Le service de recharge pour les v\u00e9hicules \u00e9lectriques ou hybrides rechargeables et les autres services-BYmyCAR\" \/>\n<meta property=\"og:description\" content=\"L\u2019\u00e9tat oblige toutes les aires de service d\u2019autoroute \u00e0 s\u2019\u00e9quiper de bornes de recharge rapide jusqu\u2019au 1er janvier 2023. Ainsi, le d\u00e9ploiement de ces infrastructures connait une forte croissance.\" \/>\n<meta property=\"og:url\" content=\"https:\/\/www.bymycar.fr\/webzine\/le-service-de-recharge-pour-les-vehicules-electriques-ou-hybrides-rechargeables-et-les-autres-services-bymycar\/\" \/>\n<meta property=\"og:site_name\" content=\"Webzine auto BYmyCAR\" \/>\n<meta property=\"article:published_time\" content=\"2022-03-22T11:24:01+00:00\" \/>\n<meta property=\"article:modified_time\" content=\"2024-01-25T09:14:41+00:00\" \/>\n<meta property=\"og:image\" content=\"https:\/\/cdn.bymycar.eu\/fr-webzine\/wp-content\/uploads\/medias\/Banniere-Webzine-800x500_JPO-jan-22.png\" \/>\n\t<meta property=\"og:image:width\" content=\"800\" \/>\n\t<meta property=\"og:image:height\" content=\"500\" \/>\n\t<meta property=\"og:image:type\" content=\"image\/png\" \/>\n<meta name=\"author\" content=\"Gregoire LE BIHAN\" \/>\n<meta name=\"twitter:card\" content=\"summary_large_image\" \/>\n<meta name=\"twitter:label1\" content=\"\u00c9crit par\" \/>\n\t<meta name=\"twitter:data1\" content=\"Gregoire LE BIHAN\" \/>\n<script type=\"application\/ld+json\" class=\"yoast-schema-graph\">{\"@context\":\"https:\/\/schema.org\",\"@graph\":[{\"@type\":\"Article\",\"@id\":\"https:\/\/www.bymycar.fr\/webzine\/le-service-de-recharge-pour-les-vehicules-electriques-ou-hybrides-rechargeables-et-les-autres-services-bymycar\/#article\",\"isPartOf\":{\"@id\":\"https:\/\/www.bymycar.fr\/webzine\/le-service-de-recharge-pour-les-vehicules-electriques-ou-hybrides-rechargeables-et-les-autres-services-bymycar\/\"},\"author\":{\"name\":\"Gregoire LE BIHAN\",\"@id\":\"https:\/\/www.bymycar.fr\/webzine\/#\/schema\/person\/8c56906440ec126868bd40232b3445f0\"},\"headline\":\"Le service de recharge pour les v\u00e9hicules \u00e9lectriques ou hybrides rechargeables et les autres services-BYmyCAR\",\"datePublished\":\"2022-03-22T11:24:01+00:00\",\"dateModified\":\"2024-01-25T09:14:41+00:00\",\"mainEntityOfPage\":{\"@id\":\"https:\/\/www.bymycar.fr\/webzine\/le-service-de-recharge-pour-les-vehicules-electriques-ou-hybrides-rechargeables-et-les-autres-services-bymycar\/\"},\"wordCount\":16,\"publisher\":{\"@id\":\"https:\/\/www.bymycar.fr\/webzine\/#organization\"},\"image\":{\"@id\":\"https:\/\/www.bymycar.fr\/webzine\/le-service-de-recharge-pour-les-vehicules-electriques-ou-hybrides-rechargeables-et-les-autres-services-bymycar\/#primaryimage\"},\"thumbnailUrl\":\"https:\/\/cdn.bymycar.eu\/fr-webzine\/wp-content\/uploads\/medias\/Banniere-Webzine-800x500_JPO-jan-22.png\",\"articleSection\":[\"Voiture \u00e9lectrique\"],\"inLanguage\":\"fr-FR\"},{\"@type\":\"WebPage\",\"@id\":\"https:\/\/www.bymycar.fr\/webzine\/le-service-de-recharge-pour-les-vehicules-electriques-ou-hybrides-rechargeables-et-les-autres-services-bymycar\/\",\"url\":\"https:\/\/www.bymycar.fr\/webzine\/le-service-de-recharge-pour-les-vehicules-electriques-ou-hybrides-rechargeables-et-les-autres-services-bymycar\/\",\"name\":\"Le service de recharge pour les v\u00e9hicules \u00e9lectriques ou hybrides rechargeables et les autres services\",\"isPartOf\":{\"@id\":\"https:\/\/www.bymycar.fr\/webzine\/#website\"},\"primaryImageOfPage\":{\"@id\":\"https:\/\/www.bymycar.fr\/webzine\/le-service-de-recharge-pour-les-vehicules-electriques-ou-hybrides-rechargeables-et-les-autres-services-bymycar\/#primaryimage\"},\"image\":{\"@id\":\"https:\/\/www.bymycar.fr\/webzine\/le-service-de-recharge-pour-les-vehicules-electriques-ou-hybrides-rechargeables-et-les-autres-services-bymycar\/#primaryimage\"},\"thumbnailUrl\":\"https:\/\/cdn.bymycar.eu\/fr-webzine\/wp-content\/uploads\/medias\/Banniere-Webzine-800x500_JPO-jan-22.png\",\"datePublished\":\"2022-03-22T11:24:01+00:00\",\"dateModified\":\"2024-01-25T09:14:41+00:00\",\"description\":\"L\u2019\u00e9tat oblige toutes les aires de service d\u2019autoroute \u00e0 s\u2019\u00e9quiper de bornes de recharge rapide jusqu\u2019au 1er janvier 2023. Ainsi, le d\u00e9ploiement de ces infrastructures connait une forte croissance.\",\"breadcrumb\":{\"@id\":\"https:\/\/www.bymycar.fr\/webzine\/le-service-de-recharge-pour-les-vehicules-electriques-ou-hybrides-rechargeables-et-les-autres-services-bymycar\/#breadcrumb\"},\"inLanguage\":\"fr-FR\",\"potentialAction\":[{\"@type\":\"ReadAction\",\"target\":[\"https:\/\/www.bymycar.fr\/webzine\/le-service-de-recharge-pour-les-vehicules-electriques-ou-hybrides-rechargeables-et-les-autres-services-bymycar\/\"]}]},{\"@type\":\"ImageObject\",\"inLanguage\":\"fr-FR\",\"@id\":\"https:\/\/www.bymycar.fr\/webzine\/le-service-de-recharge-pour-les-vehicules-electriques-ou-hybrides-rechargeables-et-les-autres-services-bymycar\/#primaryimage\",\"url\":\"https:\/\/cdn.bymycar.eu\/fr-webzine\/wp-content\/uploads\/medias\/Banniere-Webzine-800x500_JPO-jan-22.png\",\"contentUrl\":\"https:\/\/cdn.bymycar.eu\/fr-webzine\/wp-content\/uploads\/medias\/Banniere-Webzine-800x500_JPO-jan-22.png\",\"width\":800,\"height\":500},{\"@type\":\"BreadcrumbList\",\"@id\":\"https:\/\/www.bymycar.fr\/webzine\/le-service-de-recharge-pour-les-vehicules-electriques-ou-hybrides-rechargeables-et-les-autres-services-bymycar\/#breadcrumb\",\"itemListElement\":[{\"@type\":\"ListItem\",\"position\":1,\"name\":\"Accueil\",\"item\":\"https:\/\/www.bymycar.fr\/webzine\/\"},{\"@type\":\"ListItem\",\"position\":2,\"name\":\"Le service de recharge pour les v\u00e9hicules \u00e9lectriques ou hybrides rechargeables et les autres services-BYmyCAR\"}]},{\"@type\":\"WebSite\",\"@id\":\"https:\/\/www.bymycar.fr\/webzine\/#website\",\"url\":\"https:\/\/www.bymycar.fr\/webzine\/\",\"name\":\"Webzine auto BYmyCAR\",\"description\":\"La magazine auto de BYmyCAR\",\"publisher\":{\"@id\":\"https:\/\/www.bymycar.fr\/webzine\/#organization\"},\"potentialAction\":[{\"@type\":\"SearchAction\",\"target\":{\"@type\":\"EntryPoint\",\"urlTemplate\":\"https:\/\/www.bymycar.fr\/webzine\/?s={search_term_string}\"},\"query-input\":{\"@type\":\"PropertyValueSpecification\",\"valueRequired\":true,\"valueName\":\"search_term_string\"}}],\"inLanguage\":\"fr-FR\"},{\"@type\":\"Organization\",\"@id\":\"https:\/\/www.bymycar.fr\/webzine\/#organization\",\"name\":\"BYmyCAR\",\"url\":\"https:\/\/www.bymycar.fr\/webzine\/\",\"logo\":{\"@type\":\"ImageObject\",\"inLanguage\":\"fr-FR\",\"@id\":\"https:\/\/www.bymycar.fr\/webzine\/#\/schema\/logo\/image\/\",\"url\":\"https:\/\/cdn.bymycar.eu\/fr-webzine\/wp-content\/uploads\/medias\/2017\/08\/logo_DEALER_00000406_001.png\",\"contentUrl\":\"https:\/\/cdn.bymycar.eu\/fr-webzine\/wp-content\/uploads\/medias\/2017\/08\/logo_DEALER_00000406_001.png\",\"width\":2132,\"height\":720,\"caption\":\"BYmyCAR\"},\"image\":{\"@id\":\"https:\/\/www.bymycar.fr\/webzine\/#\/schema\/logo\/image\/\"}},{\"@type\":\"Person\",\"@id\":\"https:\/\/www.bymycar.fr\/webzine\/#\/schema\/person\/8c56906440ec126868bd40232b3445f0\",\"name\":\"Gregoire LE BIHAN\",\"image\":{\"@type\":\"ImageObject\",\"inLanguage\":\"fr-FR\",\"@id\":\"https:\/\/www.bymycar.fr\/webzine\/#\/schema\/person\/image\/\",\"url\":\"https:\/\/secure.gravatar.com\/avatar\/1356d71f3c6eed50de358ba425c9944b742a0d35f88e0d5f8afe88fdac525492?s=96&d=mm&r=g\",\"contentUrl\":\"https:\/\/secure.gravatar.com\/avatar\/1356d71f3c6eed50de358ba425c9944b742a0d35f88e0d5f8afe88fdac525492?s=96&d=mm&r=g\",\"caption\":\"Gregoire LE BIHAN\"}}]}<\/script>\n<!-- \/ Yoast SEO Premium plugin. -->","yoast_head_json":{"title":"Le service de recharge pour les v\u00e9hicules \u00e9lectriques ou hybrides rechargeables et les autres services","description":"L\u2019\u00e9tat oblige toutes les aires de service d\u2019autoroute \u00e0 s\u2019\u00e9quiper de bornes de recharge rapide jusqu\u2019au 1er janvier 2023. Ainsi, le d\u00e9ploiement de ces infrastructures connait une forte croissance.","robots":{"index":"index","follow":"follow","max-snippet":"max-snippet:-1","max-image-preview":"max-image-preview:large","max-video-preview":"max-video-preview:-1"},"canonical":"https:\/\/www.bymycar.fr\/webzine\/le-service-de-recharge-pour-les-vehicules-electriques-ou-hybrides-rechargeables-et-les-autres-services-bymycar\/","og_locale":"fr_FR","og_type":"article","og_title":"Le service de recharge pour les v\u00e9hicules \u00e9lectriques ou hybrides rechargeables et les autres services-BYmyCAR","og_description":"L\u2019\u00e9tat oblige toutes les aires de service d\u2019autoroute \u00e0 s\u2019\u00e9quiper de bornes de recharge rapide jusqu\u2019au 1er janvier 2023. Ainsi, le d\u00e9ploiement de ces infrastructures connait une forte croissance.","og_url":"https:\/\/www.bymycar.fr\/webzine\/le-service-de-recharge-pour-les-vehicules-electriques-ou-hybrides-rechargeables-et-les-autres-services-bymycar\/","og_site_name":"Webzine auto BYmyCAR","article_published_time":"2022-03-22T11:24:01+00:00","article_modified_time":"2024-01-25T09:14:41+00:00","og_image":[{"width":800,"height":500,"url":"https:\/\/cdn.bymycar.eu\/fr-webzine\/wp-content\/uploads\/medias\/Banniere-Webzine-800x500_JPO-jan-22.png","type":"image\/png"}],"author":"Gregoire LE BIHAN","twitter_card":"summary_large_image","twitter_misc":{"\u00c9crit par":"Gregoire LE BIHAN"},"schema":{"@context":"https:\/\/schema.org","@graph":[{"@type":"Article","@id":"https:\/\/www.bymycar.fr\/webzine\/le-service-de-recharge-pour-les-vehicules-electriques-ou-hybrides-rechargeables-et-les-autres-services-bymycar\/#article","isPartOf":{"@id":"https:\/\/www.bymycar.fr\/webzine\/le-service-de-recharge-pour-les-vehicules-electriques-ou-hybrides-rechargeables-et-les-autres-services-bymycar\/"},"author":{"name":"Gregoire LE BIHAN","@id":"https:\/\/www.bymycar.fr\/webzine\/#\/schema\/person\/8c56906440ec126868bd40232b3445f0"},"headline":"Le service de recharge pour les v\u00e9hicules \u00e9lectriques ou hybrides rechargeables et les autres services-BYmyCAR","datePublished":"2022-03-22T11:24:01+00:00","dateModified":"2024-01-25T09:14:41+00:00","mainEntityOfPage":{"@id":"https:\/\/www.bymycar.fr\/webzine\/le-service-de-recharge-pour-les-vehicules-electriques-ou-hybrides-rechargeables-et-les-autres-services-bymycar\/"},"wordCount":16,"publisher":{"@id":"https:\/\/www.bymycar.fr\/webzine\/#organization"},"image":{"@id":"https:\/\/www.bymycar.fr\/webzine\/le-service-de-recharge-pour-les-vehicules-electriques-ou-hybrides-rechargeables-et-les-autres-services-bymycar\/#primaryimage"},"thumbnailUrl":"https:\/\/cdn.bymycar.eu\/fr-webzine\/wp-content\/uploads\/medias\/Banniere-Webzine-800x500_JPO-jan-22.png","articleSection":["Voiture \u00e9lectrique"],"inLanguage":"fr-FR"},{"@type":"WebPage","@id":"https:\/\/www.bymycar.fr\/webzine\/le-service-de-recharge-pour-les-vehicules-electriques-ou-hybrides-rechargeables-et-les-autres-services-bymycar\/","url":"https:\/\/www.bymycar.fr\/webzine\/le-service-de-recharge-pour-les-vehicules-electriques-ou-hybrides-rechargeables-et-les-autres-services-bymycar\/","name":"Le service de recharge pour les v\u00e9hicules \u00e9lectriques ou hybrides rechargeables et les autres services","isPartOf":{"@id":"https:\/\/www.bymycar.fr\/webzine\/#website"},"primaryImageOfPage":{"@id":"https:\/\/www.bymycar.fr\/webzine\/le-service-de-recharge-pour-les-vehicules-electriques-ou-hybrides-rechargeables-et-les-autres-services-bymycar\/#primaryimage"},"image":{"@id":"https:\/\/www.bymycar.fr\/webzine\/le-service-de-recharge-pour-les-vehicules-electriques-ou-hybrides-rechargeables-et-les-autres-services-bymycar\/#primaryimage"},"thumbnailUrl":"https:\/\/cdn.bymycar.eu\/fr-webzine\/wp-content\/uploads\/medias\/Banniere-Webzine-800x500_JPO-jan-22.png","datePublished":"2022-03-22T11:24:01+00:00","dateModified":"2024-01-25T09:14:41+00:00","description":"L\u2019\u00e9tat oblige toutes les aires de service d\u2019autoroute \u00e0 s\u2019\u00e9quiper de bornes de recharge rapide jusqu\u2019au 1er janvier 2023. Ainsi, le d\u00e9ploiement de ces infrastructures connait une forte croissance.","breadcrumb":{"@id":"https:\/\/www.bymycar.fr\/webzine\/le-service-de-recharge-pour-les-vehicules-electriques-ou-hybrides-rechargeables-et-les-autres-services-bymycar\/#breadcrumb"},"inLanguage":"fr-FR","potentialAction":[{"@type":"ReadAction","target":["https:\/\/www.bymycar.fr\/webzine\/le-service-de-recharge-pour-les-vehicules-electriques-ou-hybrides-rechargeables-et-les-autres-services-bymycar\/"]}]},{"@type":"ImageObject","inLanguage":"fr-FR","@id":"https:\/\/www.bymycar.fr\/webzine\/le-service-de-recharge-pour-les-vehicules-electriques-ou-hybrides-rechargeables-et-les-autres-services-bymycar\/#primaryimage","url":"https:\/\/cdn.bymycar.eu\/fr-webzine\/wp-content\/uploads\/medias\/Banniere-Webzine-800x500_JPO-jan-22.png","contentUrl":"https:\/\/cdn.bymycar.eu\/fr-webzine\/wp-content\/uploads\/medias\/Banniere-Webzine-800x500_JPO-jan-22.png","width":800,"height":500},{"@type":"BreadcrumbList","@id":"https:\/\/www.bymycar.fr\/webzine\/le-service-de-recharge-pour-les-vehicules-electriques-ou-hybrides-rechargeables-et-les-autres-services-bymycar\/#breadcrumb","itemListElement":[{"@type":"ListItem","position":1,"name":"Accueil","item":"https:\/\/www.bymycar.fr\/webzine\/"},{"@type":"ListItem","position":2,"name":"Le service de recharge pour les v\u00e9hicules \u00e9lectriques ou hybrides rechargeables et les autres services-BYmyCAR"}]},{"@type":"WebSite","@id":"https:\/\/www.bymycar.fr\/webzine\/#website","url":"https:\/\/www.bymycar.fr\/webzine\/","name":"Webzine auto BYmyCAR","description":"La magazine auto de BYmyCAR","publisher":{"@id":"https:\/\/www.bymycar.fr\/webzine\/#organization"},"potentialAction":[{"@type":"SearchAction","target":{"@type":"EntryPoint","urlTemplate":"https:\/\/www.bymycar.fr\/webzine\/?s={search_term_string}"},"query-input":{"@type":"PropertyValueSpecification","valueRequired":true,"valueName":"search_term_string"}}],"inLanguage":"fr-FR"},{"@type":"Organization","@id":"https:\/\/www.bymycar.fr\/webzine\/#organization","name":"BYmyCAR","url":"https:\/\/www.bymycar.fr\/webzine\/","logo":{"@type":"ImageObject","inLanguage":"fr-FR","@id":"https:\/\/www.bymycar.fr\/webzine\/#\/schema\/logo\/image\/","url":"https:\/\/cdn.bymycar.eu\/fr-webzine\/wp-content\/uploads\/medias\/2017\/08\/logo_DEALER_00000406_001.png","contentUrl":"https:\/\/cdn.bymycar.eu\/fr-webzine\/wp-content\/uploads\/medias\/2017\/08\/logo_DEALER_00000406_001.png","width":2132,"height":720,"caption":"BYmyCAR"},"image":{"@id":"https:\/\/www.bymycar.fr\/webzine\/#\/schema\/logo\/image\/"}},{"@type":"Person","@id":"https:\/\/www.bymycar.fr\/webzine\/#\/schema\/person\/8c56906440ec126868bd40232b3445f0","name":"Gregoire LE BIHAN","image":{"@type":"ImageObject","inLanguage":"fr-FR","@id":"https:\/\/www.bymycar.fr\/webzine\/#\/schema\/person\/image\/","url":"https:\/\/secure.gravatar.com\/avatar\/1356d71f3c6eed50de358ba425c9944b742a0d35f88e0d5f8afe88fdac525492?s=96&d=mm&r=g","contentUrl":"https:\/\/secure.gravatar.com\/avatar\/1356d71f3c6eed50de358ba425c9944b742a0d35f88e0d5f8afe88fdac525492?s=96&d=mm&r=g","caption":"Gregoire LE BIHAN"}}]}},"_links":{"self":[{"href":"https:\/\/www.bymycar.fr\/webzine\/wp-json\/wp\/v2\/posts\/26477","targetHints":{"allow":["GET"]}}],"collection":[{"href":"https:\/\/www.bymycar.fr\/webzine\/wp-json\/wp\/v2\/posts"}],"about":[{"href":"https:\/\/www.bymycar.fr\/webzine\/wp-json\/wp\/v2\/types\/post"}],"author":[{"embeddable":true,"href":"https:\/\/www.bymycar.fr\/webzine\/wp-json\/wp\/v2\/users\/9"}],"replies":[{"embeddable":true,"href":"https:\/\/www.bymycar.fr\/webzine\/wp-json\/wp\/v2\/comments?post=26477"}],"version-history":[{"count":12,"href":"https:\/\/www.bymycar.fr\/webzine\/wp-json\/wp\/v2\/posts\/26477\/revisions"}],"predecessor-version":[{"id":44417,"href":"https:\/\/www.bymycar.fr\/webzine\/wp-json\/wp\/v2\/posts\/26477\/revisions\/44417"}],"wp:featuredmedia":[{"embeddable":true,"href":"https:\/\/www.bymycar.fr\/webzine\/wp-json\/wp\/v2\/media\/23304"}],"wp:attachment":[{"href":"https:\/\/www.bymycar.fr\/webzine\/wp-json\/wp\/v2\/media?parent=26477"}],"wp:term":[{"taxonomy":"category","embeddable":true,"href":"https:\/\/www.bymycar.fr\/webzine\/wp-json\/wp\/v2\/categories?post=26477"},{"taxonomy":"post_tag","embeddable":true,"href":"https:\/\/www.bymycar.fr\/webzine\/wp-json\/wp\/v2\/tags?post=26477"}],"curies":[{"name":"wp","href":"https:\/\/api.w.org\/{rel}","templated":true}]}}