{"id":26399,"date":"2022-03-22T11:11:23","date_gmt":"2022-03-22T10:11:23","guid":{"rendered":"https:\/\/prod.bymycar.fr\/webzine\/?p=26399"},"modified":"2025-12-02T11:58:51","modified_gmt":"2025-12-02T10:58:51","slug":"reseau-de-bornes-de-recharge-bymycar","status":"publish","type":"post","link":"https:\/\/www.bymycar.fr\/webzine\/reseau-de-bornes-de-recharge-bymycar\/","title":{"rendered":"R\u00e9seau de bornes de recharge BYmyCAR"},"content":{"rendered":"","protected":false},"excerpt":{"rendered":"","protected":false},"author":9,"featured_media":26093,"comment_status":"closed","ping_status":"closed","sticky":false,"template":"","format":"standard","meta":{"_acf_changed":false,"footnotes":""},"categories":[8150],"tags":[],"class_list":["post-26399","post","type-post","status-publish","format-standard","has-post-thumbnail","hentry","category-voiture-electrique"],"acf":{"template":"classique","introduction":"<p><b>Le r\u00e9seau de bornes de recharge s\u2019intensifie davantage en France et en Europe depuis quelques ann\u00e9es. Op\u00e9rateurs, constructeurs et collectivit\u00e9s locales se d\u00e9ploient, en effet, pour favoriser la mobilit\u00e9 responsable. Les installations effectu\u00e9es jusqu\u2019ici montrent encore de fortes in\u00e9galit\u00e9s entre les pays en Europe. Pour mettre au clair le sujet sur les r\u00e9seaux de recharge \u00e9lectrique en service, suivez notre guide.<\/b><\/p>\n<p>&nbsp;<\/p>\n<p style=\"text-align: center;\"><span style=\"font-weight: 400;\"><a href=\"https:\/\/www.bymycar.fr\/electrique\" target=\"_blank\" class=\"css-button css-button--gold\" >\n                D\u00e9couvrez nos voitures \u00e9lectriques en stock &gt;\n        <\/a><\/span><\/p>\n","strates":[{"type_strate":"texte-simple","ancre":"","contenu":"<h2>R\u00e9seau de bornes de recharge des constructeurs automobiles<\/h2>\n<p>Les constructeurs automobiles se mettent au premier rang pour mener un projet d\u2019installation de borne de recharge. C\u2019est un argument de vente convaincant pour s\u00e9duire les utilisateurs.<\/p>\n<h3>Nissan<\/h3>\n<p>La marque japonaise, pionni\u00e8re de l\u2019\u00e9lectrique, poss\u00e8de un r\u00e9seau borne de recharge important en Europe. Son r\u00e9seau compte plus de 400 sites de charge. Les installations sont pr\u00e9sentes depuis les r\u00e9gions du sud de l\u2019Espagne jusqu\u2019au nord de la Finlande. Les bornes de recharge Nissan trouvent leur emplacement chez des concessionnaires, sur les parkings de supermarch\u00e9s, sur une aire d\u2019autoroute. Les unes proposent un acc\u00e8s libre tandis que d\u2019autres sont disponibles pour les clients ayant un badge sp\u00e9cifique. La recharge v\u00e9hicules se r\u00e9alise en 7 kW AC, en 50 kW DC et au Chademo ou au standard T2. La recharge au Chademo reste exclusivement r\u00e9serv\u00e9e aux v\u00e9hicules \u00e9lectriques Nissan.<\/p>\n<h3>Renault<\/h3>\n<p>La marque au losange est \u00e9galement propri\u00e9taire d\u2019un r\u00e9seau de recharges abondant en Europe. Elle enregistre plus de 700 sites de charge dont la majorit\u00e9 se trouve en territoire fran\u00e7ais. Afin de profiter de la gratuit\u00e9 de la recharge \u00e9lectrique, il est pr\u00e9f\u00e9rable de le faire pendant les horaires d\u2019ouverture des entreprises. Toutefois, cette caract\u00e9ristique se destine uniquement en courant alternatif (AC) d\u2019une puissance maximale de 22 kW. Renault a d\u00e9velopp\u00e9 son r\u00e9seau de recharges suite \u00e0 la commercialisation \u00e0 succ\u00e8s de sa Zoe en Europe.<\/p>\n<h3>Autres constructeurs<\/h3>\n<p>Les autres constructeurs (BMW, Hyundai, Kia, Volkswagen, Audi, Mercedes, Citro\u00ebn, Peugeot) installent les bornes de recharge dans leurs points de vente. Leurs dispositifs permettent de recharger les v\u00e9hicules de la marque, c\u2019est-\u00e0-dire, \u00e0 usage exclusif des clients. La recharge v\u00e9hicules aupr\u00e8s du r\u00e9seau de ces constructeurs manque de praticit\u00e9. Leur maintenance, leur emplacement et l\u2019horaire d\u2019ouverture sont impr\u00e9cis.<\/p>\n<h2><\/h2>\n<h2>R\u00e9seau des bornes de recharge paneurop\u00e9en<\/h2>\n<p>Dans la zone paneurop\u00e9enne, trois grands op\u00e9rateurs dominent le r\u00e9seau des bornes de recharge dont Lidl, Tesla et Ionity.<\/p>\n<h3>Les bornes de recharge Lidl<\/h3>\n<p>Lidl est le g\u00e9ant europ\u00e9en de la grande distribution d\u2019\u00e9lectricit\u00e9. Elle poss\u00e8de 402 stations de recharge dont la plupart se localisent en France, aux Pays-Bas, en Allemagne et au Benelux. D\u00e9couvrez ses bornes \u00e9lectriques sur le parking des supermarch\u00e9s depuis les Canaries \u00e0 Telde jusqu\u2019au centre de la Finlande \u00e0 Kuopio. L\u2019acc\u00e8s au r\u00e9seau est ouvert au public. Vous lancez les charges depuis les bornes \u00e9lectriques Lidl apr\u00e8s avoir branch\u00e9 la prise et suivi les indications. C\u2019est tr\u00e8s simple. La recharge \u00e9lectrique dans le r\u00e9seau Lidl est disponible en plusieurs niveaux de puissance :<\/p>\n<ul>\n<li>\u00a0 \u00a0 \u00a0 \u00a0 50 kW DC avec connecteurs T2 ;<\/li>\n<li>\u00a0 \u00a0 \u00a0 \u00a0 Combo CCS et Chademo ;<\/li>\n<li>\u00a0 \u00a0 \u00a0 \u00a0 7 et 22 kW AC.<\/li>\n<\/ul>\n<p>La politique de d\u00e9ploiement de bornes de recharge Lidl est tr\u00e8s discr\u00e8te. En France, la firme dispose de 1.500 dispositifs de charge. Son nombre de bornes de recharge en Europe s\u2019\u00e9l\u00e8ve en tout \u00e0 8.000.<\/p>\n<h3>Superchargeurs Tesla<\/h3>\n<p>La marque am\u00e9ricaine d\u2019automobile propose un r\u00e9seau borne Superchargeurs tr\u00e8s \u00e9tendu en Europe. Son r\u00e9seau de plus de 400 stations de charge se situe de Fuengirola \u00e0 Sorkjosen. Il se disperse, en r\u00e9alit\u00e9, du sud de l\u2019Espagne jusqu\u2019au nord de la Norv\u00e8ge. Chaque station est \u00e9quip\u00e9e d\u2019un grand nombre de <a href=\"https:\/\/www.bymycar.fr\/webzine\/ou-recharger-sa-voiture-electrique\/\" data-cke-saved-href=\"https:\/\/www.bymycar.fr\/webzine\/ou-recharger-sa-voiture-electrique\/\">bornes de recharge<\/a>. Elle est op\u00e9rationnelle pour les voitures \u00e9lectriques Tesla seulement. La borne reconna\u00eet automatiquement la voiture lorsque les utilisateurs branchent la prise. Un Supercharger Tesla permet aux voitures \u00e9lectriques d\u2019\u00eatre charg\u00e9es \u00e0 une puissance de 150 kW DC et 250 kW DC.<\/p>\n<h3>R\u00e9seau de bornes de recharge Ionity<\/h3>\n<p>Le r\u00e9seau Ionity s\u2019\u00e9tend rapidement depuis ses premi\u00e8res installations en 2017. Aujourd\u2019hui, il compte 173 stations de recharge. Sa progression explosive est due au soutien financier de ses propri\u00e9taires, dont le groupe Volkswagen, Ford, BMW et Daimler. Le r\u00e9seau Ionity se pr\u00e9sente comme le seul op\u00e9rateur \u00e0 proposer une recharge \u00e0 350 kW DC. Cette derni\u00e8re offre un temps de charge de 15 min pour b\u00e9n\u00e9ficier d\u2019une autonomie de 486 km. Pour l\u2019heure, la nouvelle Porsche Taycan est la seule voiture \u00e0 pouvoir l\u2019exploiter.<\/p>\n<h2><\/h2>\n<h2>R\u00e9seau de bornes de recharge national<\/h2>\n<p>Au niveau national, les efforts des op\u00e9rateurs et des collectivit\u00e9s se font ressentir. Cela se manifeste \u00e0 travers la facilit\u00e9 d\u2019acc\u00e8s et la compatibilit\u00e9 des bornes avec un large mod\u00e8le de prise.<\/p>\n<h3>Corri-Door<\/h3>\n<p>Le r\u00e9seau Corri-Door d\u2019EDF Izivia recense 227 stations de recharge en France qui se trouvent implant\u00e9es sur les aires d\u2019autoroute. Il est incontournable pour ceux qui traversent le pays depuis l\u2019autoroute. Ses bornes de recharge offrent une puissance de charge de 50 kW sur une prise DC. Cet op\u00e9rateur accepte trois modes de paiement :<\/p>\n<ul>\n<li>\u00a0 \u00a0 \u00a0 \u00a0 Carte en boutique de station-service ;<\/li>\n<li>\u00a0 \u00a0 \u00a0 \u00a0 Badge d\u2019op\u00e9rateur de mobilit\u00e9 ;<\/li>\n<li>\u00a0 \u00a0 \u00a0 \u00a0 Carte bancaire sur le site d\u2019Izivia.<\/li>\n<\/ul>\n<p>Le co\u00fbt de la recharge varie en fonction de la formule souscrite. Une charge de 5 min co\u00fbte entre de 0,5 et 1 euro pour un paiement via le badge Izivia. Pour une recharge avec le Chargemap Pass, une minute de charge co\u00fbte pr\u00e8s de 0,26 euro. Cependant, ce mode de facturation cr\u00e9e la pol\u00e9mique. Une maintenance compliqu\u00e9e, une fiabilit\u00e9 douteuse, une quantit\u00e9 d\u2019\u00e9nergie insuffisante en sont les causes.<\/p>\n<h3>R\u00e9seau de bornes de recharge des collectivit\u00e9s<\/h3>\n<p>Les organismes et les collectivit\u00e9s locales participent activement dans le <a href=\"https:\/\/www.bymycar.fr\/webzine\/deploiement-des-bornes-de-recharge-bymycar\/\" data-cke-saved-href=\"https:\/\/www.bymycar.fr\/webzine\/deploiement-des-bornes-de-recharge-bymycar\/\">d\u00e9ploiement des bornes de recharge<\/a> en Europe. Ils en ont install\u00e9 des mod\u00e8les proposant une puissance de 7 kW AC \u00e0 150 kW DC. Les dispositifs de recharge sont compatibles avec tout type de connecteurs. Cependant, les modes de paiement et d\u2019acc\u00e8s en langue locale rendent plus difficile son usage pour les utilisateurs \u00e9trangers. Les bornes de recharge des collectivit\u00e9s fonctionnent avec les paiements via le badge d\u2019un op\u00e9rateur de mobilit\u00e9 ou directement sur site.<\/p>\n<h2><\/h2>\n<h2>Le r\u00e9seau de bornes de recharge grandit : mais cela suffit-il ?<\/h2>\n<p>La France a enfin franchi en mai 2023 son objectif de 100 000 <a href=\"https:\/\/www.bymycar.fr\/webzine\/ou-recharger-sa-voiture-electrique\/\" data-cke-saved-href=\"https:\/\/www.bymycar.fr\/webzine\/ou-recharger-sa-voiture-electrique\/\">bornes de recharge<\/a> sur tout le territoire ! Le r\u00e9seau de bornes de recharge grandi : mais est-ce que cela est suffisant ? C\u2019est ce que nous allons voir maintenant. La France d\u00e9passe certains pays europ\u00e9ens dont l\u2019Allemagne en proposant plus de bornes de recharge sur les routes. Les autoroutes fran\u00e7aises sont tr\u00e8s bien \u00e9quip\u00e9es avec un taux d\u2019\u00e9quipement des aires de service de 80 % fin 2022. Ce chiffre est bien moins important pour les routes nationales en revanche, il reste encore beaucoup de travail \u00e0 faire de ce c\u00f4t\u00e9. Certaines applications sur t\u00e9l\u00e9phone vous aident \u00e0 trouver une borne de recharge pr\u00e8s de chez vous !<\/p>\n<p>La France compte environ 1 borne de recharge pour 10 v\u00e9hicules, un chiffre correct, mais qui doit \u00eatre am\u00e9lior\u00e9. L&rsquo;\u00e9lectrique est tr\u00e8s clairement l\u2019avenir du monde automobile, mais il y a encore des progr\u00e8s importants \u00e0 r\u00e9aliser. Pour r\u00e9aliser de longs \u00e0 tr\u00e8s longs trajets, force est de constater que l\u2019essence et le diesel sont plus int\u00e9ressants que l\u2019\u00e9lectrique. Il n\u2019y a pas qu\u2019au niveau des bornes de recharge que des am\u00e9liorations peuvent \u00eatre r\u00e9alis\u00e9es. Les constructeurs poussent au possible leur d\u00e9partement R&amp;D pour nous proposer des batteries toujours plus performantes. La batterie solide devrait bient\u00f4t voir le jour et pourrait augmenter de mani\u00e8re significative les autonomies de nos voitures \u00e9lectriques.<\/p>\n<h2><\/h2>\n<h2>Acheter une voiture \u00e9lectrique au meilleur prix<\/h2>\n<p>Vous souhaitez acheter une voiture \u00e9lectrique au meilleur prix ? D\u00e9couvrez l\u2019offre de BYmyCAR et achetez le mod\u00e8le de votre choix \u00e0 un tarif tr\u00e8s comp\u00e9titif.\u00a0Votre achat se fait au choix en ligne sur notre site ou dans l\u2019une de nos nombreuses concessions : vous disposez de la m\u00eame qualit\u00e9 de service dans les deux cas.<\/p>\n<p>BYmyCAR livre \u00e0 domicile sur toute la France.\u00a0Besoin d\u2019une solution de financement ? BYmyCAR met \u00e0 disposition de ses clients plusieurs offres de financement, dont plusieurs cr\u00e9dits, un service de Location avec Option d\u2019Achat (LOA) et un service de Location Longue Dur\u00e9e (LLD).\u00a0BYmyCAR vous tient inform\u00e9 des derni\u00e8res actualit\u00e9s automobiles.<\/p>\n<p>&nbsp;<\/p>\n<p style=\"text-align: center;\"><span style=\"font-weight: 400;\"><a href=\"https:\/\/www.bymycar.fr\/electrique\" target=\"_blank\" class=\"css-button css-button--gold\" >\n                D\u00e9couvrez nos voitures \u00e9lectriques en stock &gt;\n        <\/a><\/span><\/p>\n<p>&nbsp;<\/p>\n<p><em><strong>D\u00e9couvrez d\u2019autres articles sur le m\u00eame sujet :\u00a0<\/strong><\/em><\/p>\n<ul>\n<li><a href=\"https:\/\/www.bymycar.fr\/webzine\/deploiement-des-bornes-de-recharge-bymycar\/\" data-cke-saved-href=\"https:\/\/www.bymycar.fr\/webzine\/deploiement-des-bornes-de-recharge-bymycar\/\">D\u00e9ploiement des bornes de recharge<\/a><\/li>\n<li><a href=\"https:\/\/www.bymycar.fr\/webzine\/infrastructure-de-charge\/\" data-cke-saved-href=\"https:\/\/www.bymycar.fr\/webzine\/infrastructure-de-charge\/\">Infrastructure de recharge v\u00e9hicules \u00e9lectriques<\/a><\/li>\n<li><a href=\"https:\/\/www.bymycar.fr\/webzine\/top-10-des-voitures-electriques-les-moins-cheres-en-2023\/\" data-cke-saved-href=\"https:\/\/www.bymycar.fr\/webzine\/top-10-des-voitures-electriques-les-moins-cheres-en-2023\/\">Top 10 des voitures \u00e9lectriques les moins ch\u00e8res en 2023 <\/a><\/li>\n<li><a href=\"https:\/\/www.bymycar.fr\/webzine\/comment-choisir-sa-borne-de-recharge-electrique\/\">Comment choisir sa borne de recharge \u00e9lectrique ?<\/a><\/li>\n<li><a href=\"https:\/\/www.bymycar.fr\/webzine\/vehicule-hybride-bymycar\/\">V\u00e9hicule hybride BYmyCAR<\/a><\/li>\n<li><a href=\"https:\/\/www.bymycar.fr\/electriquehttps:\/\/www.bymycar.fr\/webzine\/quest-ce-qui-caracterise-une-voiture-propre\/\">Qu\u2019est-ce qui caract\u00e9rise une voiture propre ?<\/a><\/li>\n<li><a href=\"https:\/\/www.bymycar.fr\/webzine\/acheter-une-voiture-essence-doccasion\/\">Acheter une voiture essence d\u2019occasion<\/a><\/li>\n<li><a href=\"https:\/\/www.bymycar.fr\/webzine\/quelles-sont-les-meilleures-voitures-electriques-de-2023\/\">Quelles sont les meilleures voitures \u00e9lectriques de 2023 ?<\/a><\/li>\n<li><a href=\"https:\/\/www.bymycar.fr\/webzine\/quest-ce-quun-vehicule-thermique\/\">Qu\u2019est-ce qu\u2019un v\u00e9hicule thermique ?<\/a><\/li>\n<li><a href=\"https:\/\/www.bymycar.fr\/webzine\/guide-pour-acheter-une-nouvelle-voiture-quel-vehicule-choisir\/\">Guide pour acheter une nouvelle voiture : quel v\u00e9hicule choisir ?<\/a><\/li>\n<li><a href=\"https:\/\/www.bymycar.fr\/webzine\/quelle-est-la-voiture-electrique-la-moins-chere\/\">Les voitures \u00e9lectriques les moins ch\u00e8res en 2023<\/a><\/li>\n<li><a href=\"https:\/\/www.bymycar.fr\/webzine\/million-de-bornes\/\">Million de bornes<\/a><\/li>\n<li><a href=\"https:\/\/www.bymycar.fr\/webzine\/infrastructure-de-charge-2\/\">Infrastructure de charge<\/a><\/li>\n<li><a href=\"https:\/\/www.bymycar.fr\/webzine\/le-service-de-recharge-pour-les-vehicules-electriques-ou-hybrides-rechargeables-et-les-autres-services-bymycar\/\">Le service de recharge pour les v\u00e9hicules \u00e9lectriques ou hybrides rechargeables et les autres services-BYmyCAR<\/a><\/li>\n<li><a href=\"https:\/\/www.bymycar.fr\/webzine\/comment-preparer-votre-trajet-en-voiture\/\">Comment pr\u00e9parer votre trajet en voiture ?<\/a><\/li>\n<li><a href=\"https:\/\/www.bymycar.fr\/webzine\/quest-ce-qui-caracterise-une-voiture-propre\/\">Qu\u2019est-ce qui caract\u00e9rise une voiture propre ?<\/a><\/li>\n<\/ul>\n","titre":"R\u00e9seau de bornes de recharge BYmyCAR","image":false,"image_libre":false,"image_800x500":false,"legende":"","zoom":false,"texte":"","articles":false,"categorie_droite":false,"images":false,"elements_comparatif":false,"texte_1":"","texte_2":"","image_1":false,"image_1_563x400":false,"image_1_332x332":false,"image_2":false,"image_2_333x240":false,"image_2_563x400":false,"image_3":false,"image_3_333x240":false,"image_3_332x450":false,"image_4":false,"image_4_332x332":false,"image_4_563x400":false,"code_embed":"","legende_video":"","photo":false,"photo_100x100":false,"nom":"","fonction":"","elements_timeline":false,"entetes_colonnes":false,"entetes_lignes":false,"lignes":false,"introduction":"","formulaire":false,"question":"","reponse":"","libelle_bouton_lien":"","url_lien":"","questions":false,"conclusions":false,"pays":false,"region":false,"marque":false,"marqueConcessions":false,"modele":false,"ptvente":false,"typeV":false,"collection":false,"nombre_maximum_elements":10,"lien_fin_carousel":"","texte_lien_fin_carousel":"","trier_par":false}],"is_old_post":false,"image":{"ID":26093,"id":26093,"title":"CARS_MB_VN_EQS_VISUEL34_JUIL21","filename":"CARS_MB_VN_EQS_VISUEL34_JUIL21.png","filesize":1,"url":"https:\/\/cdn.bymycar.eu\/fr-webzine\/wp-content\/uploads\/medias\/CARS_MB_VN_EQS_VISUEL34_JUIL21.png","link":"https:\/\/www.bymycar.fr\/webzine\/pop-up-store-mercedes-bymycar\/cars_mb_vn_eqs_visuel34_juil21\/","alt":"","author":"26","description":"","caption":"","name":"cars_mb_vn_eqs_visuel34_juil21","status":"inherit","uploaded_to":26092,"date":"2022-03-16 09:51:41","modified":"2022-03-16 09:51:41","menu_order":0,"mime_type":"image\/png","type":"image","subtype":"png","icon":"https:\/\/www.bymycar.fr\/webzine\/wp-includes\/images\/media\/default.png","width":2808,"height":1730,"sizes":{"thumbnail":"https:\/\/cdn.bymycar.eu\/fr-webzine\/wp-content\/uploads\/medias\/CARS_MB_VN_EQS_VISUEL34_JUIL21-150x150.png","thumbnail-width":150,"thumbnail-height":150,"medium":"https:\/\/cdn.bymycar.eu\/fr-webzine\/wp-content\/uploads\/medias\/CARS_MB_VN_EQS_VISUEL34_JUIL21-300x185.png","medium-width":300,"medium-height":185,"medium_large":"https:\/\/cdn.bymycar.eu\/fr-webzine\/wp-content\/uploads\/medias\/CARS_MB_VN_EQS_VISUEL34_JUIL21-768x473.png","medium_large-width":768,"medium_large-height":473,"large":"https:\/\/cdn.bymycar.eu\/fr-webzine\/wp-content\/uploads\/medias\/CARS_MB_VN_EQS_VISUEL34_JUIL21-1024x631.png","large-width":1024,"large-height":631,"1536x1536":"https:\/\/cdn.bymycar.eu\/fr-webzine\/wp-content\/uploads\/medias\/CARS_MB_VN_EQS_VISUEL34_JUIL21-1536x946.png","1536x1536-width":1536,"1536x1536-height":946,"2048x2048":"https:\/\/cdn.bymycar.eu\/fr-webzine\/wp-content\/uploads\/medias\/CARS_MB_VN_EQS_VISUEL34_JUIL21-2048x1262.png","2048x2048-width":2048,"2048x2048-height":1262}},"page_content":{"block_content":[{"acf_fc_layout":"text-simple","--nav":{"-withNav":false,"-ancre":""},"--group":{"-text":"<h2>R\u00e9seau de bornes de recharge des constructeurs automobiles<\/h2>\n<p>Les constructeurs automobiles se mettent au premier rang pour mener un projet d\u2019installation de borne de recharge. C\u2019est un argument de vente convaincant pour s\u00e9duire les utilisateurs.<\/p>\n<h3>Nissan<\/h3>\n<p>La marque japonaise, pionni\u00e8re de l\u2019\u00e9lectrique, poss\u00e8de un r\u00e9seau borne de recharge important en Europe. Son r\u00e9seau compte plus de 400 sites de charge. Les installations sont pr\u00e9sentes depuis les r\u00e9gions du sud de l\u2019Espagne jusqu\u2019au nord de la Finlande. Les bornes de recharge Nissan trouvent leur emplacement chez des concessionnaires, sur les parkings de supermarch\u00e9s, sur une aire d\u2019autoroute. Les unes proposent un acc\u00e8s libre tandis que d\u2019autres sont disponibles pour les clients ayant un badge sp\u00e9cifique. La recharge v\u00e9hicules se r\u00e9alise en 7 kW AC, en 50 kW DC et au Chademo ou au standard T2. La recharge au Chademo reste exclusivement r\u00e9serv\u00e9e aux v\u00e9hicules \u00e9lectriques Nissan.<\/p>\n<h3>Renault<\/h3>\n<p>La marque au losange est \u00e9galement propri\u00e9taire d\u2019un r\u00e9seau de recharges abondant en Europe. Elle enregistre plus de 700 sites de charge dont la majorit\u00e9 se trouve en territoire fran\u00e7ais. Afin de profiter de la gratuit\u00e9 de la recharge \u00e9lectrique, il est pr\u00e9f\u00e9rable de le faire pendant les horaires d\u2019ouverture des entreprises. Toutefois, cette caract\u00e9ristique se destine uniquement en courant alternatif (AC) d\u2019une puissance maximale de 22 kW. Renault a d\u00e9velopp\u00e9 son r\u00e9seau de recharges suite \u00e0 la commercialisation \u00e0 succ\u00e8s de sa Zoe en Europe.<\/p>\n<h3>Autres constructeurs<\/h3>\n<p>Les autres constructeurs (BMW, Hyundai, Kia, Volkswagen, Audi, Mercedes, Citro\u00ebn, Peugeot) installent les bornes de recharge dans leurs points de vente. Leurs dispositifs permettent de recharger les v\u00e9hicules de la marque, c\u2019est-\u00e0-dire, \u00e0 usage exclusif des clients. La recharge v\u00e9hicules aupr\u00e8s du r\u00e9seau de ces constructeurs manque de praticit\u00e9. Leur maintenance, leur emplacement et l\u2019horaire d\u2019ouverture sont impr\u00e9cis.<\/p>\n<h2><\/h2>\n<h2>R\u00e9seau des bornes de recharge paneurop\u00e9en<\/h2>\n<p>Dans la zone paneurop\u00e9enne, trois grands op\u00e9rateurs dominent le r\u00e9seau des bornes de recharge dont Lidl, Tesla et Ionity.<\/p>\n<h3>Les bornes de recharge Lidl<\/h3>\n<p>Lidl est le g\u00e9ant europ\u00e9en de la grande distribution d\u2019\u00e9lectricit\u00e9. Elle poss\u00e8de 402 stations de recharge dont la plupart se localisent en France, aux Pays-Bas, en Allemagne et au Benelux. D\u00e9couvrez ses bornes \u00e9lectriques sur le parking des supermarch\u00e9s depuis les Canaries \u00e0 Telde jusqu\u2019au centre de la Finlande \u00e0 Kuopio. L\u2019acc\u00e8s au r\u00e9seau est ouvert au public. Vous lancez les charges depuis les bornes \u00e9lectriques Lidl apr\u00e8s avoir branch\u00e9 la prise et suivi les indications. C\u2019est tr\u00e8s simple. La recharge \u00e9lectrique dans le r\u00e9seau Lidl est disponible en plusieurs niveaux de puissance :<\/p>\n<ul>\n<li>\u00a0 \u00a0 \u00a0 \u00a0 50 kW DC avec connecteurs T2 ;<\/li>\n<li>\u00a0 \u00a0 \u00a0 \u00a0 Combo CCS et Chademo ;<\/li>\n<li>\u00a0 \u00a0 \u00a0 \u00a0 7 et 22 kW AC.<\/li>\n<\/ul>\n<p>La politique de d\u00e9ploiement de bornes de recharge Lidl est tr\u00e8s discr\u00e8te. En France, la firme dispose de 1.500 dispositifs de charge. Son nombre de bornes de recharge en Europe s\u2019\u00e9l\u00e8ve en tout \u00e0 8.000.<\/p>\n<h3>Superchargeurs Tesla<\/h3>\n<p>La marque am\u00e9ricaine d\u2019automobile propose un r\u00e9seau borne Superchargeurs tr\u00e8s \u00e9tendu en Europe. Son r\u00e9seau de plus de 400 stations de charge se situe de Fuengirola \u00e0 Sorkjosen. Il se disperse, en r\u00e9alit\u00e9, du sud de l\u2019Espagne jusqu\u2019au nord de la Norv\u00e8ge. Chaque station est \u00e9quip\u00e9e d\u2019un grand nombre de <a href=\"https:\/\/www.bymycar.fr\/webzine\/ou-recharger-sa-voiture-electrique\/\" data-cke-saved-href=\"https:\/\/www.bymycar.fr\/webzine\/ou-recharger-sa-voiture-electrique\/\">bornes de recharge<\/a>. Elle est op\u00e9rationnelle pour les voitures \u00e9lectriques Tesla seulement. La borne reconna\u00eet automatiquement la voiture lorsque les utilisateurs branchent la prise. Un Supercharger Tesla permet aux voitures \u00e9lectriques d\u2019\u00eatre charg\u00e9es \u00e0 une puissance de 150 kW DC et 250 kW DC.<\/p>\n<h3>R\u00e9seau de bornes de recharge Ionity<\/h3>\n<p>Le r\u00e9seau Ionity s\u2019\u00e9tend rapidement depuis ses premi\u00e8res installations en 2017. Aujourd\u2019hui, il compte 173 stations de recharge. Sa progression explosive est due au soutien financier de ses propri\u00e9taires, dont le groupe Volkswagen, Ford, BMW et Daimler. Le r\u00e9seau Ionity se pr\u00e9sente comme le seul op\u00e9rateur \u00e0 proposer une recharge \u00e0 350 kW DC. Cette derni\u00e8re offre un temps de charge de 15 min pour b\u00e9n\u00e9ficier d\u2019une autonomie de 486 km. Pour l\u2019heure, la nouvelle Porsche Taycan est la seule voiture \u00e0 pouvoir l\u2019exploiter.<\/p>\n<h2><\/h2>\n<h2>R\u00e9seau de bornes de recharge national<\/h2>\n<p>Au niveau national, les efforts des op\u00e9rateurs et des collectivit\u00e9s se font ressentir. Cela se manifeste \u00e0 travers la facilit\u00e9 d\u2019acc\u00e8s et la compatibilit\u00e9 des bornes avec un large mod\u00e8le de prise.<\/p>\n<h3>Corri-Door<\/h3>\n<p>Le r\u00e9seau Corri-Door d\u2019EDF Izivia recense 227 stations de recharge en France qui se trouvent implant\u00e9es sur les aires d\u2019autoroute. Il est incontournable pour ceux qui traversent le pays depuis l\u2019autoroute. Ses bornes de recharge offrent une puissance de charge de 50 kW sur une prise DC. Cet op\u00e9rateur accepte trois modes de paiement :<\/p>\n<ul>\n<li>\u00a0 \u00a0 \u00a0 \u00a0 Carte en boutique de station-service ;<\/li>\n<li>\u00a0 \u00a0 \u00a0 \u00a0 Badge d\u2019op\u00e9rateur de mobilit\u00e9 ;<\/li>\n<li>\u00a0 \u00a0 \u00a0 \u00a0 Carte bancaire sur le site d\u2019Izivia.<\/li>\n<\/ul>\n<p>Le co\u00fbt de la recharge varie en fonction de la formule souscrite. Une charge de 5 min co\u00fbte entre de 0,5 et 1 euro pour un paiement via le badge Izivia. Pour une recharge avec le Chargemap Pass, une minute de charge co\u00fbte pr\u00e8s de 0,26 euro. Cependant, ce mode de facturation cr\u00e9e la pol\u00e9mique. Une maintenance compliqu\u00e9e, une fiabilit\u00e9 douteuse, une quantit\u00e9 d\u2019\u00e9nergie insuffisante en sont les causes.<\/p>\n<h3>R\u00e9seau de bornes de recharge des collectivit\u00e9s<\/h3>\n<p>Les organismes et les collectivit\u00e9s locales participent activement dans le <a href=\"https:\/\/www.bymycar.fr\/webzine\/deploiement-des-bornes-de-recharge-bymycar\/\" data-cke-saved-href=\"https:\/\/www.bymycar.fr\/webzine\/deploiement-des-bornes-de-recharge-bymycar\/\">d\u00e9ploiement des bornes de recharge<\/a> en Europe. Ils en ont install\u00e9 des mod\u00e8les proposant une puissance de 7 kW AC \u00e0 150 kW DC. Les dispositifs de recharge sont compatibles avec tout type de connecteurs. Cependant, les modes de paiement et d\u2019acc\u00e8s en langue locale rendent plus difficile son usage pour les utilisateurs \u00e9trangers. Les bornes de recharge des collectivit\u00e9s fonctionnent avec les paiements via le badge d\u2019un op\u00e9rateur de mobilit\u00e9 ou directement sur site.<\/p>\n<h2><\/h2>\n<h2>Le r\u00e9seau de bornes de recharge grandit : mais cela suffit-il ?<\/h2>\n<p>La France a enfin franchi en mai 2023 son objectif de 100 000 <a href=\"https:\/\/www.bymycar.fr\/webzine\/ou-recharger-sa-voiture-electrique\/\" data-cke-saved-href=\"https:\/\/www.bymycar.fr\/webzine\/ou-recharger-sa-voiture-electrique\/\">bornes de recharge<\/a> sur tout le territoire ! Le r\u00e9seau de bornes de recharge grandi : mais est-ce que cela est suffisant ? C\u2019est ce que nous allons voir maintenant. La France d\u00e9passe certains pays europ\u00e9ens dont l\u2019Allemagne en proposant plus de bornes de recharge sur les routes. Les autoroutes fran\u00e7aises sont tr\u00e8s bien \u00e9quip\u00e9es avec un taux d\u2019\u00e9quipement des aires de service de 80 % fin 2022. Ce chiffre est bien moins important pour les routes nationales en revanche, il reste encore beaucoup de travail \u00e0 faire de ce c\u00f4t\u00e9. Certaines applications sur t\u00e9l\u00e9phone vous aident \u00e0 trouver une borne de recharge pr\u00e8s de chez vous !<\/p>\n<p>La France compte environ 1 borne de recharge pour 10 v\u00e9hicules, un chiffre correct, mais qui doit \u00eatre am\u00e9lior\u00e9. L\u2019\u00e9lectrique est tr\u00e8s clairement l\u2019avenir du monde automobile, mais il y a encore des progr\u00e8s importants \u00e0 r\u00e9aliser. Pour r\u00e9aliser de longs \u00e0 tr\u00e8s longs trajets, force est de constater que l\u2019essence et le diesel sont plus int\u00e9ressants que l\u2019\u00e9lectrique. Il n\u2019y a pas qu\u2019au niveau des bornes de recharge que des am\u00e9liorations peuvent \u00eatre r\u00e9alis\u00e9es. Les constructeurs poussent au possible leur d\u00e9partement R&amp;D pour nous proposer des batteries toujours plus performantes. La batterie solide devrait bient\u00f4t voir le jour et pourrait augmenter de mani\u00e8re significative les autonomies de nos voitures \u00e9lectriques.<\/p>\n<h2><\/h2>\n<h2>Acheter une voiture \u00e9lectrique au meilleur prix<\/h2>\n<p>Vous souhaitez acheter une voiture \u00e9lectrique au meilleur prix ? D\u00e9couvrez l\u2019offre de BYmyCAR et achetez le mod\u00e8le de votre choix \u00e0 un tarif tr\u00e8s comp\u00e9titif.\u00a0Votre achat se fait au choix en ligne sur notre site ou dans l\u2019une de nos nombreuses concessions : vous disposez de la m\u00eame qualit\u00e9 de service dans les deux cas.<\/p>\n<p>BYmyCAR livre \u00e0 domicile sur toute la France.\u00a0Besoin d\u2019une solution de financement ? BYmyCAR met \u00e0 disposition de ses clients plusieurs offres de financement, dont plusieurs cr\u00e9dits, un service de Location avec Option d\u2019Achat (LOA) et un service de Location Longue Dur\u00e9e (LLD).\u00a0BYmyCAR vous tient inform\u00e9 des derni\u00e8res actualit\u00e9s automobiles.<\/p>\n<p>&nbsp;<\/p>\n<p style=\"text-align: center;\"><span style=\"font-weight: 400;\"><a class=\"css-button css-button--gold\" href=\"https:\/\/www.bymycar.fr\/electrique\" target=\"_blank\" rel=\"noopener\"><br \/>\nD\u00e9couvrez nos voitures \u00e9lectriques en stock &gt;<br \/>\n<\/a><\/span><\/p>\n<p>&nbsp;<\/p>\n<p><em><strong>D\u00e9couvrez d\u2019autres articles sur le m\u00eame sujet :\u00a0<\/strong><\/em><\/p>\n<ul>\n<li><a href=\"https:\/\/www.bymycar.fr\/webzine\/deploiement-des-bornes-de-recharge-bymycar\/\" data-cke-saved-href=\"https:\/\/www.bymycar.fr\/webzine\/deploiement-des-bornes-de-recharge-bymycar\/\">D\u00e9ploiement des bornes de recharge<\/a><\/li>\n<li><a href=\"https:\/\/www.bymycar.fr\/webzine\/infrastructure-de-charge\/\" data-cke-saved-href=\"https:\/\/www.bymycar.fr\/webzine\/infrastructure-de-charge\/\">Infrastructure de recharge v\u00e9hicules \u00e9lectriques<\/a><\/li>\n<li><a href=\"https:\/\/www.bymycar.fr\/webzine\/top-10-des-voitures-electriques-les-moins-cheres-en-2023\/\" data-cke-saved-href=\"https:\/\/www.bymycar.fr\/webzine\/top-10-des-voitures-electriques-les-moins-cheres-en-2023\/\">Top 10 des voitures \u00e9lectriques les moins ch\u00e8res en 2023 <\/a><\/li>\n<li><a href=\"https:\/\/www.bymycar.fr\/webzine\/comment-choisir-sa-borne-de-recharge-electrique\/\">Comment choisir sa borne de recharge \u00e9lectrique ?<\/a><\/li>\n<li><a href=\"https:\/\/www.bymycar.fr\/webzine\/vehicule-hybride-bymycar\/\">V\u00e9hicule hybride BYmyCAR<\/a><\/li>\n<li><a href=\"https:\/\/www.bymycar.fr\/webzine\/acheter-une-voiture-essence-doccasion\/\">Acheter une voiture essence d\u2019occasion<\/a><\/li>\n<li><a href=\"https:\/\/www.bymycar.fr\/webzine\/quelles-sont-les-meilleures-voitures-electriques-de-2023\/\">Quelles sont les meilleures voitures \u00e9lectriques de 2023 ?<\/a><\/li>\n<li><a href=\"https:\/\/www.bymycar.fr\/webzine\/quest-ce-quun-vehicule-thermique\/\">Qu\u2019est-ce qu\u2019un v\u00e9hicule thermique ?<\/a><\/li>\n<li><a href=\"https:\/\/www.bymycar.fr\/webzine\/guide-pour-acheter-une-nouvelle-voiture-quel-vehicule-choisir\/\">Guide pour acheter une nouvelle voiture : quel v\u00e9hicule choisir ?<\/a><\/li>\n<li><a href=\"https:\/\/www.bymycar.fr\/webzine\/quelle-est-la-voiture-electrique-la-moins-chere\/\">Les voitures \u00e9lectriques les moins ch\u00e8res en 2023<\/a><\/li>\n<li><a href=\"https:\/\/www.bymycar.fr\/webzine\/million-de-bornes\/\">Million de bornes<\/a><\/li>\n<li><a href=\"https:\/\/www.bymycar.fr\/webzine\/infrastructure-de-charge-2\/\">Infrastructure de charge<\/a><\/li>\n<li><a href=\"https:\/\/www.bymycar.fr\/webzine\/le-service-de-recharge-pour-les-vehicules-electriques-ou-hybrides-rechargeables-et-les-autres-services-bymycar\/\">Le service de recharge pour les v\u00e9hicules \u00e9lectriques ou hybrides rechargeables et les autres services-BYmyCAR<\/a><\/li>\n<li><a href=\"https:\/\/www.bymycar.fr\/webzine\/comment-preparer-votre-trajet-en-voiture\/\">Comment pr\u00e9parer votre trajet en voiture ?<\/a><\/li>\n<\/ul>\n"}}]},"add-to-bo":false,"add-carousel-to-footer":true},"yoast_head":"<!-- This site is optimized with the Yoast SEO Premium plugin v26.4 (Yoast SEO v26.4) - https:\/\/yoast.com\/wordpress\/plugins\/seo\/ -->\n<title>R\u00e9seau de bornes de recharge - BYmyCAR<\/title>\n<meta name=\"description\" content=\"D\u00e9couvrez avec BYmyCAR le r\u00e9seau de bornes de recharge des diff\u00e9rents constructeurs automobiles.\" \/>\n<meta name=\"robots\" content=\"index, follow, max-snippet:-1, max-image-preview:large, max-video-preview:-1\" \/>\n<link rel=\"canonical\" href=\"https:\/\/www.bymycar.fr\/webzine\/reseau-de-bornes-de-recharge-bymycar\/\" \/>\n<meta property=\"og:locale\" content=\"fr_FR\" \/>\n<meta property=\"og:type\" content=\"article\" \/>\n<meta property=\"og:title\" content=\"R\u00e9seau de bornes de recharge BYmyCAR\" \/>\n<meta property=\"og:description\" content=\"D\u00e9couvrez avec BYmyCAR le r\u00e9seau de bornes de recharge des diff\u00e9rents constructeurs automobiles.\" \/>\n<meta property=\"og:url\" content=\"https:\/\/www.bymycar.fr\/webzine\/reseau-de-bornes-de-recharge-bymycar\/\" \/>\n<meta property=\"og:site_name\" content=\"Webzine auto BYmyCAR\" \/>\n<meta property=\"article:published_time\" content=\"2022-03-22T10:11:23+00:00\" \/>\n<meta property=\"article:modified_time\" content=\"2025-12-02T10:58:51+00:00\" \/>\n<meta property=\"og:image\" content=\"https:\/\/cdn.bymycar.eu\/fr-webzine\/wp-content\/uploads\/medias\/CARS_MB_VN_EQS_VISUEL34_JUIL21.png\" \/>\n\t<meta property=\"og:image:width\" content=\"2808\" \/>\n\t<meta property=\"og:image:height\" content=\"1730\" \/>\n\t<meta property=\"og:image:type\" content=\"image\/png\" \/>\n<meta name=\"author\" content=\"Gregoire LE BIHAN\" \/>\n<meta name=\"twitter:card\" content=\"summary_large_image\" \/>\n<meta name=\"twitter:label1\" content=\"\u00c9crit par\" \/>\n\t<meta name=\"twitter:data1\" content=\"Gregoire LE BIHAN\" \/>\n\t<meta name=\"twitter:label2\" content=\"Dur\u00e9e de lecture estim\u00e9e\" \/>\n\t<meta name=\"twitter:data2\" content=\"1 minute\" \/>\n<script type=\"application\/ld+json\" class=\"yoast-schema-graph\">{\"@context\":\"https:\/\/schema.org\",\"@graph\":[{\"@type\":\"Article\",\"@id\":\"https:\/\/www.bymycar.fr\/webzine\/reseau-de-bornes-de-recharge-bymycar\/#article\",\"isPartOf\":{\"@id\":\"https:\/\/www.bymycar.fr\/webzine\/reseau-de-bornes-de-recharge-bymycar\/\"},\"author\":{\"name\":\"Gregoire LE BIHAN\",\"@id\":\"https:\/\/www.bymycar.fr\/webzine\/#\/schema\/person\/8c56906440ec126868bd40232b3445f0\"},\"headline\":\"R\u00e9seau de bornes de recharge BYmyCAR\",\"datePublished\":\"2022-03-22T10:11:23+00:00\",\"dateModified\":\"2025-12-02T10:58:51+00:00\",\"mainEntityOfPage\":{\"@id\":\"https:\/\/www.bymycar.fr\/webzine\/reseau-de-bornes-de-recharge-bymycar\/\"},\"wordCount\":7,\"publisher\":{\"@id\":\"https:\/\/www.bymycar.fr\/webzine\/#organization\"},\"image\":{\"@id\":\"https:\/\/www.bymycar.fr\/webzine\/reseau-de-bornes-de-recharge-bymycar\/#primaryimage\"},\"thumbnailUrl\":\"https:\/\/cdn.bymycar.eu\/fr-webzine\/wp-content\/uploads\/medias\/CARS_MB_VN_EQS_VISUEL34_JUIL21.png\",\"articleSection\":[\"Voiture \u00e9lectrique\"],\"inLanguage\":\"fr-FR\"},{\"@type\":\"WebPage\",\"@id\":\"https:\/\/www.bymycar.fr\/webzine\/reseau-de-bornes-de-recharge-bymycar\/\",\"url\":\"https:\/\/www.bymycar.fr\/webzine\/reseau-de-bornes-de-recharge-bymycar\/\",\"name\":\"R\u00e9seau de bornes de recharge - BYmyCAR\",\"isPartOf\":{\"@id\":\"https:\/\/www.bymycar.fr\/webzine\/#website\"},\"primaryImageOfPage\":{\"@id\":\"https:\/\/www.bymycar.fr\/webzine\/reseau-de-bornes-de-recharge-bymycar\/#primaryimage\"},\"image\":{\"@id\":\"https:\/\/www.bymycar.fr\/webzine\/reseau-de-bornes-de-recharge-bymycar\/#primaryimage\"},\"thumbnailUrl\":\"https:\/\/cdn.bymycar.eu\/fr-webzine\/wp-content\/uploads\/medias\/CARS_MB_VN_EQS_VISUEL34_JUIL21.png\",\"datePublished\":\"2022-03-22T10:11:23+00:00\",\"dateModified\":\"2025-12-02T10:58:51+00:00\",\"description\":\"D\u00e9couvrez avec BYmyCAR le r\u00e9seau de bornes de recharge des diff\u00e9rents constructeurs automobiles.\",\"breadcrumb\":{\"@id\":\"https:\/\/www.bymycar.fr\/webzine\/reseau-de-bornes-de-recharge-bymycar\/#breadcrumb\"},\"inLanguage\":\"fr-FR\",\"potentialAction\":[{\"@type\":\"ReadAction\",\"target\":[\"https:\/\/www.bymycar.fr\/webzine\/reseau-de-bornes-de-recharge-bymycar\/\"]}]},{\"@type\":\"ImageObject\",\"inLanguage\":\"fr-FR\",\"@id\":\"https:\/\/www.bymycar.fr\/webzine\/reseau-de-bornes-de-recharge-bymycar\/#primaryimage\",\"url\":\"https:\/\/cdn.bymycar.eu\/fr-webzine\/wp-content\/uploads\/medias\/CARS_MB_VN_EQS_VISUEL34_JUIL21.png\",\"contentUrl\":\"https:\/\/cdn.bymycar.eu\/fr-webzine\/wp-content\/uploads\/medias\/CARS_MB_VN_EQS_VISUEL34_JUIL21.png\",\"width\":2808,\"height\":1730},{\"@type\":\"BreadcrumbList\",\"@id\":\"https:\/\/www.bymycar.fr\/webzine\/reseau-de-bornes-de-recharge-bymycar\/#breadcrumb\",\"itemListElement\":[{\"@type\":\"ListItem\",\"position\":1,\"name\":\"Accueil\",\"item\":\"https:\/\/www.bymycar.fr\/webzine\/\"},{\"@type\":\"ListItem\",\"position\":2,\"name\":\"R\u00e9seau de bornes de recharge BYmyCAR\"}]},{\"@type\":\"WebSite\",\"@id\":\"https:\/\/www.bymycar.fr\/webzine\/#website\",\"url\":\"https:\/\/www.bymycar.fr\/webzine\/\",\"name\":\"Webzine auto BYmyCAR\",\"description\":\"La magazine auto de BYmyCAR\",\"publisher\":{\"@id\":\"https:\/\/www.bymycar.fr\/webzine\/#organization\"},\"potentialAction\":[{\"@type\":\"SearchAction\",\"target\":{\"@type\":\"EntryPoint\",\"urlTemplate\":\"https:\/\/www.bymycar.fr\/webzine\/?s={search_term_string}\"},\"query-input\":{\"@type\":\"PropertyValueSpecification\",\"valueRequired\":true,\"valueName\":\"search_term_string\"}}],\"inLanguage\":\"fr-FR\"},{\"@type\":\"Organization\",\"@id\":\"https:\/\/www.bymycar.fr\/webzine\/#organization\",\"name\":\"BYmyCAR\",\"url\":\"https:\/\/www.bymycar.fr\/webzine\/\",\"logo\":{\"@type\":\"ImageObject\",\"inLanguage\":\"fr-FR\",\"@id\":\"https:\/\/www.bymycar.fr\/webzine\/#\/schema\/logo\/image\/\",\"url\":\"https:\/\/cdn.bymycar.eu\/fr-webzine\/wp-content\/uploads\/medias\/2017\/08\/logo_DEALER_00000406_001.png\",\"contentUrl\":\"https:\/\/cdn.bymycar.eu\/fr-webzine\/wp-content\/uploads\/medias\/2017\/08\/logo_DEALER_00000406_001.png\",\"width\":2132,\"height\":720,\"caption\":\"BYmyCAR\"},\"image\":{\"@id\":\"https:\/\/www.bymycar.fr\/webzine\/#\/schema\/logo\/image\/\"}},{\"@type\":\"Person\",\"@id\":\"https:\/\/www.bymycar.fr\/webzine\/#\/schema\/person\/8c56906440ec126868bd40232b3445f0\",\"name\":\"Gregoire LE BIHAN\",\"image\":{\"@type\":\"ImageObject\",\"inLanguage\":\"fr-FR\",\"@id\":\"https:\/\/www.bymycar.fr\/webzine\/#\/schema\/person\/image\/\",\"url\":\"https:\/\/secure.gravatar.com\/avatar\/1356d71f3c6eed50de358ba425c9944b742a0d35f88e0d5f8afe88fdac525492?s=96&d=mm&r=g\",\"contentUrl\":\"https:\/\/secure.gravatar.com\/avatar\/1356d71f3c6eed50de358ba425c9944b742a0d35f88e0d5f8afe88fdac525492?s=96&d=mm&r=g\",\"caption\":\"Gregoire LE BIHAN\"}}]}<\/script>\n<!-- \/ Yoast SEO Premium plugin. -->","yoast_head_json":{"title":"R\u00e9seau de bornes de recharge - BYmyCAR","description":"D\u00e9couvrez avec BYmyCAR le r\u00e9seau de bornes de recharge des diff\u00e9rents constructeurs automobiles.","robots":{"index":"index","follow":"follow","max-snippet":"max-snippet:-1","max-image-preview":"max-image-preview:large","max-video-preview":"max-video-preview:-1"},"canonical":"https:\/\/www.bymycar.fr\/webzine\/reseau-de-bornes-de-recharge-bymycar\/","og_locale":"fr_FR","og_type":"article","og_title":"R\u00e9seau de bornes de recharge BYmyCAR","og_description":"D\u00e9couvrez avec BYmyCAR le r\u00e9seau de bornes de recharge des diff\u00e9rents constructeurs automobiles.","og_url":"https:\/\/www.bymycar.fr\/webzine\/reseau-de-bornes-de-recharge-bymycar\/","og_site_name":"Webzine auto BYmyCAR","article_published_time":"2022-03-22T10:11:23+00:00","article_modified_time":"2025-12-02T10:58:51+00:00","og_image":[{"width":2808,"height":1730,"url":"https:\/\/cdn.bymycar.eu\/fr-webzine\/wp-content\/uploads\/medias\/CARS_MB_VN_EQS_VISUEL34_JUIL21.png","type":"image\/png"}],"author":"Gregoire LE BIHAN","twitter_card":"summary_large_image","twitter_misc":{"\u00c9crit par":"Gregoire LE BIHAN","Dur\u00e9e de lecture estim\u00e9e":"1 minute"},"schema":{"@context":"https:\/\/schema.org","@graph":[{"@type":"Article","@id":"https:\/\/www.bymycar.fr\/webzine\/reseau-de-bornes-de-recharge-bymycar\/#article","isPartOf":{"@id":"https:\/\/www.bymycar.fr\/webzine\/reseau-de-bornes-de-recharge-bymycar\/"},"author":{"name":"Gregoire LE BIHAN","@id":"https:\/\/www.bymycar.fr\/webzine\/#\/schema\/person\/8c56906440ec126868bd40232b3445f0"},"headline":"R\u00e9seau de bornes de recharge BYmyCAR","datePublished":"2022-03-22T10:11:23+00:00","dateModified":"2025-12-02T10:58:51+00:00","mainEntityOfPage":{"@id":"https:\/\/www.bymycar.fr\/webzine\/reseau-de-bornes-de-recharge-bymycar\/"},"wordCount":7,"publisher":{"@id":"https:\/\/www.bymycar.fr\/webzine\/#organization"},"image":{"@id":"https:\/\/www.bymycar.fr\/webzine\/reseau-de-bornes-de-recharge-bymycar\/#primaryimage"},"thumbnailUrl":"https:\/\/cdn.bymycar.eu\/fr-webzine\/wp-content\/uploads\/medias\/CARS_MB_VN_EQS_VISUEL34_JUIL21.png","articleSection":["Voiture \u00e9lectrique"],"inLanguage":"fr-FR"},{"@type":"WebPage","@id":"https:\/\/www.bymycar.fr\/webzine\/reseau-de-bornes-de-recharge-bymycar\/","url":"https:\/\/www.bymycar.fr\/webzine\/reseau-de-bornes-de-recharge-bymycar\/","name":"R\u00e9seau de bornes de recharge - BYmyCAR","isPartOf":{"@id":"https:\/\/www.bymycar.fr\/webzine\/#website"},"primaryImageOfPage":{"@id":"https:\/\/www.bymycar.fr\/webzine\/reseau-de-bornes-de-recharge-bymycar\/#primaryimage"},"image":{"@id":"https:\/\/www.bymycar.fr\/webzine\/reseau-de-bornes-de-recharge-bymycar\/#primaryimage"},"thumbnailUrl":"https:\/\/cdn.bymycar.eu\/fr-webzine\/wp-content\/uploads\/medias\/CARS_MB_VN_EQS_VISUEL34_JUIL21.png","datePublished":"2022-03-22T10:11:23+00:00","dateModified":"2025-12-02T10:58:51+00:00","description":"D\u00e9couvrez avec BYmyCAR le r\u00e9seau de bornes de recharge des diff\u00e9rents constructeurs automobiles.","breadcrumb":{"@id":"https:\/\/www.bymycar.fr\/webzine\/reseau-de-bornes-de-recharge-bymycar\/#breadcrumb"},"inLanguage":"fr-FR","potentialAction":[{"@type":"ReadAction","target":["https:\/\/www.bymycar.fr\/webzine\/reseau-de-bornes-de-recharge-bymycar\/"]}]},{"@type":"ImageObject","inLanguage":"fr-FR","@id":"https:\/\/www.bymycar.fr\/webzine\/reseau-de-bornes-de-recharge-bymycar\/#primaryimage","url":"https:\/\/cdn.bymycar.eu\/fr-webzine\/wp-content\/uploads\/medias\/CARS_MB_VN_EQS_VISUEL34_JUIL21.png","contentUrl":"https:\/\/cdn.bymycar.eu\/fr-webzine\/wp-content\/uploads\/medias\/CARS_MB_VN_EQS_VISUEL34_JUIL21.png","width":2808,"height":1730},{"@type":"BreadcrumbList","@id":"https:\/\/www.bymycar.fr\/webzine\/reseau-de-bornes-de-recharge-bymycar\/#breadcrumb","itemListElement":[{"@type":"ListItem","position":1,"name":"Accueil","item":"https:\/\/www.bymycar.fr\/webzine\/"},{"@type":"ListItem","position":2,"name":"R\u00e9seau de bornes de recharge BYmyCAR"}]},{"@type":"WebSite","@id":"https:\/\/www.bymycar.fr\/webzine\/#website","url":"https:\/\/www.bymycar.fr\/webzine\/","name":"Webzine auto BYmyCAR","description":"La magazine auto de BYmyCAR","publisher":{"@id":"https:\/\/www.bymycar.fr\/webzine\/#organization"},"potentialAction":[{"@type":"SearchAction","target":{"@type":"EntryPoint","urlTemplate":"https:\/\/www.bymycar.fr\/webzine\/?s={search_term_string}"},"query-input":{"@type":"PropertyValueSpecification","valueRequired":true,"valueName":"search_term_string"}}],"inLanguage":"fr-FR"},{"@type":"Organization","@id":"https:\/\/www.bymycar.fr\/webzine\/#organization","name":"BYmyCAR","url":"https:\/\/www.bymycar.fr\/webzine\/","logo":{"@type":"ImageObject","inLanguage":"fr-FR","@id":"https:\/\/www.bymycar.fr\/webzine\/#\/schema\/logo\/image\/","url":"https:\/\/cdn.bymycar.eu\/fr-webzine\/wp-content\/uploads\/medias\/2017\/08\/logo_DEALER_00000406_001.png","contentUrl":"https:\/\/cdn.bymycar.eu\/fr-webzine\/wp-content\/uploads\/medias\/2017\/08\/logo_DEALER_00000406_001.png","width":2132,"height":720,"caption":"BYmyCAR"},"image":{"@id":"https:\/\/www.bymycar.fr\/webzine\/#\/schema\/logo\/image\/"}},{"@type":"Person","@id":"https:\/\/www.bymycar.fr\/webzine\/#\/schema\/person\/8c56906440ec126868bd40232b3445f0","name":"Gregoire LE BIHAN","image":{"@type":"ImageObject","inLanguage":"fr-FR","@id":"https:\/\/www.bymycar.fr\/webzine\/#\/schema\/person\/image\/","url":"https:\/\/secure.gravatar.com\/avatar\/1356d71f3c6eed50de358ba425c9944b742a0d35f88e0d5f8afe88fdac525492?s=96&d=mm&r=g","contentUrl":"https:\/\/secure.gravatar.com\/avatar\/1356d71f3c6eed50de358ba425c9944b742a0d35f88e0d5f8afe88fdac525492?s=96&d=mm&r=g","caption":"Gregoire LE BIHAN"}}]}},"_links":{"self":[{"href":"https:\/\/www.bymycar.fr\/webzine\/wp-json\/wp\/v2\/posts\/26399","targetHints":{"allow":["GET"]}}],"collection":[{"href":"https:\/\/www.bymycar.fr\/webzine\/wp-json\/wp\/v2\/posts"}],"about":[{"href":"https:\/\/www.bymycar.fr\/webzine\/wp-json\/wp\/v2\/types\/post"}],"author":[{"embeddable":true,"href":"https:\/\/www.bymycar.fr\/webzine\/wp-json\/wp\/v2\/users\/9"}],"replies":[{"embeddable":true,"href":"https:\/\/www.bymycar.fr\/webzine\/wp-json\/wp\/v2\/comments?post=26399"}],"version-history":[{"count":21,"href":"https:\/\/www.bymycar.fr\/webzine\/wp-json\/wp\/v2\/posts\/26399\/revisions"}],"predecessor-version":[{"id":62389,"href":"https:\/\/www.bymycar.fr\/webzine\/wp-json\/wp\/v2\/posts\/26399\/revisions\/62389"}],"wp:featuredmedia":[{"embeddable":true,"href":"https:\/\/www.bymycar.fr\/webzine\/wp-json\/wp\/v2\/media\/26093"}],"wp:attachment":[{"href":"https:\/\/www.bymycar.fr\/webzine\/wp-json\/wp\/v2\/media?parent=26399"}],"wp:term":[{"taxonomy":"category","embeddable":true,"href":"https:\/\/www.bymycar.fr\/webzine\/wp-json\/wp\/v2\/categories?post=26399"},{"taxonomy":"post_tag","embeddable":true,"href":"https:\/\/www.bymycar.fr\/webzine\/wp-json\/wp\/v2\/tags?post=26399"}],"curies":[{"name":"wp","href":"https:\/\/api.w.org\/{rel}","templated":true}]}}