{"id":26329,"date":"2022-03-22T09:14:53","date_gmt":"2022-03-22T08:14:53","guid":{"rendered":"https:\/\/prod.bymycar.fr\/webzine\/?p=26329"},"modified":"2024-01-25T11:15:46","modified_gmt":"2024-01-25T10:15:46","slug":"la-technologie-electrique","status":"publish","type":"post","link":"https:\/\/www.bymycar.fr\/webzine\/la-technologie-electrique\/","title":{"rendered":"La technologie \u00e9lectrique"},"content":{"rendered":"","protected":false},"excerpt":{"rendered":"","protected":false},"author":9,"featured_media":25919,"comment_status":"closed","ping_status":"open","sticky":false,"template":"","format":"standard","meta":{"_acf_changed":false,"footnotes":""},"categories":[8150],"tags":[],"class_list":["post-26329","post","type-post","status-publish","format-standard","has-post-thumbnail","hentry","category-voiture-electrique"],"acf":{"template":"classique","introduction":"<p><strong>L\u2019\u00e9lectromobilit\u00e9 vous int\u00e9resse ? Sachez que la premi\u00e8re auto \u00e9lectrique date de 1834 et la technologie actuelle a permis la production de mod\u00e8le plus abouti. L\u2019ann\u00e9e 1859 marque l\u2019apparition des piles au plomb acide rechargeable gr\u00e2ce Gaston Plant\u00e9 \u00e0 l\u2019acad\u00e9mie des sciences. Cela a garanti l\u2019\u00e9mergence de la voiture thermique, \u00e0 la place de l\u2019\u00e9lectrique, jug\u00e9e facile \u00e0 d\u00e9velopper. Voici tout ce qu\u2019il y a \u00e0 d\u00e9couvrir sur la technologie \u00e9lectrique.<\/strong><\/p>\n<p>&nbsp;<\/p>\n<p style=\"text-align: center;\"><span style=\"font-weight: 400;\"><a href=\"https:\/\/www.bymycar.fr\/electrique\" target=\"_blank\" class=\"css-button css-button--gold\" >\n                D\u00e9couvrez nos voitures \u00e9lectriques en stock &gt;\n        <\/a><\/span><\/p>\n","strates":[{"type_strate":"texte-simple","ancre":"","contenu":"<h2><span style=\"color: #000000;\">Comment fonctionne la voiture \u00e9lectrique ?<\/span><\/h2>\n<p><span style=\"color: #000000;\">Les grandes d\u00e9couvertes comme ceux de Gaston Plant\u00e9 ou Tesla ont permis l\u2019avanc\u00e9e de la technologie \u00e9lectrique. Puis l\u2019invention r\u00e9cente d\u2019appareils \u00e9lectriques en LI-ion ouvre la voie \u00e0 des batteries plus compactes avec davantage d\u2019autonomie. Cela laisse libre cours au d\u00e9veloppement de v\u00e9hicules \u00e9lectriques plus performants et moins lourds.<\/span><\/p>\n<p><span style=\"color: #000000;\">De mani\u00e8re simple, une <a href=\"https:\/\/www.bymycar.fr\/electrique\">voiture \u00e9lectrique<\/a> se compose d\u2019un, deux ou trois \u00e9lectromoteurs et d\u2019une batterie \u00e9lectrique d\u2019autonomie plus importante. Les moteurs \u00e9lectriques entrainent les roues tandis que l\u2019accumulateur les alimente. Mais il comprend \u00e9galement un convertisseur qui transforme le courant alternatif du r\u00e9seau \u00e9lectrique en courant continu (DC). De plus, un nouveau syst\u00e8me de r\u00e9cup\u00e9ration d\u2019\u00e9nergie cin\u00e9tique permet de la recharger pendant les phases de freinage. Ainsi, l\u2019\u00e9nergie dissip\u00e9e sous forme de chaleur pendant la d\u00e9c\u00e9l\u00e9ration se transforme en \u00e9lectricit\u00e9, qui est inject\u00e9e dans la batterie. Cela prolonge significativement le rayon d\u2019action de la l\u2019auto.<\/span><\/p>\n<p>&nbsp;<\/p>\n<h3><span style=\"color: #000000;\">Les avantages de la voiture \u00e9lectrique<\/span><\/h3>\n<p><span style=\"color: #000000;\">La production de l\u2019\u00e9lectricit\u00e9 en France \u00e9met peu de carbone. Ainsi, la mobilit\u00e9 \u00e9lectrique repr\u00e9sente l\u2019une des meilleures solutions contre le r\u00e9chauffement climatique.<\/span><\/p>\n<p><span style=\"color: #000000;\">Contrairement \u00e0 la voiture hybride qui associe les moteurs thermiques aux\u00a0 \u00e9lectromoteurs, la technologie \u00e9lectrique rejette 0 g de CO2.<\/span><\/p>\n<p><span style=\"color: #000000;\">En utilisant les moteurs \u00e9lectriques, le transport ou la circulation occasionne moins de nuisance sonore.<\/span><\/p>\n<p><span style=\"color: #000000;\">La technologie \u00e9lectrique est assez simpliste, l\u2019\u00e9lectromoteur est moins enclin aux probl\u00e8mes techniques qu\u2019un moteur thermique.<\/span><\/p>\n<p><span style=\"color: #000000;\">Les autos roulent sans \u00e9mettre les types de gaz polluants comme le CO2, le NOx ou le monoxyde de carbone.<\/span><\/p>\n<p>&nbsp;<\/p>\n<h3><span style=\"color: #000000;\">Les inconv\u00e9nients de l\u2019\u00e9lectromobilit\u00e9<\/span><\/h3>\n<p><span style=\"color: #000000;\">Les longs trajets n\u00e9cessitent beaucoup d\u2019arr\u00eats au niveau des r\u00e9seaux de bornes, sans compter le temps n\u00e9cessaire pour la recharge.<\/span><\/p>\n<p><span style=\"color: #000000;\">L\u2019installation et l\u2019utilisation des stations de recharge dans les immeubles ou habitation collective peuvent occasionner des probl\u00e8mes.<\/span><\/p>\n<p><span style=\"color: #000000;\">La dur\u00e9e de vie limit\u00e9e de la batterie qui \u00e9quipe l\u2019<a href=\"https:\/\/www.bymycar.fr\/webzine\/reprise-automobile\/\">automobile<\/a> \u00e9lectrique constitue un probl\u00e8me important.<\/span><\/p>\n<p><span style=\"color: #000000;\">La complexit\u00e9 des syst\u00e8mes de production et la raret\u00e9 du lithium constituant la batterie augmentent le prix des mod\u00e8les \u00e9lectriques. Ainsi, le recyclage des batteries Li-ion est recommand\u00e9.<\/span><\/p>\n<p>&nbsp;<\/p>\n<h3><span style=\"color: #000000;\">Comment recharger une voiture \u00e9lectrique ?<\/span><\/h3>\n<p><span style=\"color: #000000;\">Pour refaire le plein d\u2019\u00e9nergie \u00e9lectrique, l\u2019automobiliste a le choix entre la recharge \u00e0 domicile ou sur les r\u00e9seaux publics. La charge peut se faire sur une prise domestique ou sur des dispositifs renforc\u00e9s tels qu\u2019une wall box. Sinon, vous pouvez rejoindre des points de recharges au niveau des aires de service d\u2019autoroute ou de route nationale. Vous y trouverez des bornes haute puissance en courant continu ou alternatif permettant une charge rapide. Ces stations sont munies de c\u00e2bles adapt\u00e9s \u00e0 chaque type de voiture (Type-1, 2, 4 et combo). La borne AC fournit 3 \u00e0 43 kVA en 250 et 500 V, tandis que la station DC offre 50 kVA en 500 V.<\/span><\/p>\n<p><span style=\"color: #000000;\">Vous avez aussi la possibilit\u00e9 de recharger vos batteries gratuitement au travail, si une infrastructure de recharge est disponible. Des grandes enseignes commerciales offrent le service de recharge en vous fournissant une carte ou un code de recharge. Sinon il existe des parkings publics ou priv\u00e9s qui comprennent des infrastructures de recharge de v\u00e9hicule \u00e9lectrique.<\/span><\/p>\n<p><span style=\"color: #000000;\">Les IRVE grandissent en nombre, car l\u2019\u00e9tat a pour but d\u2019installer 1.000.000 de bornes avant 2023. Il est d\u00e9sormais facile de trouver une station libre. Des applications permettent de localiser les bornes de recharges les plus proches, tandis que d\u2019autres permettent de planifier les charges.<\/span><\/p>\n<p>&nbsp;<\/p>\n<h3><span style=\"color: #000000;\">Comment prolonger la dur\u00e9e de vie d\u2019une batterie \u00e9lectrique ?<\/span><\/h3>\n<p><span style=\"color: #000000;\">Il est important de r\u00e9duire la fr\u00e9quence des cycles de charge-d\u00e9charge des cellules pour maintenir assez longtemps leurs dur\u00e9es de vie.<\/span><\/p>\n<p><span style=\"color: #000000;\">\u00c9vitez d\u2019attendre que la batterie soit compl\u00e8tement \u00e0 plat pour la recharger.<\/span><\/p>\n<p><span style=\"color: #000000;\">Il vous suffit d\u2019adopter une conduite souple pour r\u00e9duire les variations brusques de consommation d\u2019\u00e9nergie pour pr\u00e9server son autonomie.<\/span><\/p>\n<p><span style=\"color: #000000;\">Pensez \u00e0 \u00e9teindre tous les \u00e9quipements consommant de l\u2019\u00e9lectricit\u00e9 en quittant le v\u00e9hicule.<\/span><\/p>\n<p><span style=\"color: #000000;\">Si vous abusez du chauffage ou de la climatisation, cela r\u00e9duit significativement la dur\u00e9e de vie d\u2019une batterie.<\/span><\/p>\n<p>&nbsp;<\/p>\n<h2><span style=\"color: #000000;\">Quelle est la diff\u00e9rence entre le v\u00e9hicule \u00e9lectrique et la voiture hybride rechargeable ?<\/span><\/h2>\n<p><span style=\"color: #000000;\">Si les deux v\u00e9hicules s\u2019\u00e9quipent d\u2019\u00e9lectromoteurs, la technologie \u00e9lectrique sur le mod\u00e8le hybride rechargeable utilise une batterie de faible capacit\u00e9. Effectivement, une voiture 100 % \u00e9lectrique comptabilise plus de 500 km d\u2019autonomie, tandis qu\u2019une PHEV autorise jusqu\u2019\u00e0 environ 60 km. Par contre, l\u2019hybride rechargeable profite du rayon d\u2019action illimit\u00e9 de la motorisation thermique.<\/span><\/p>\n<p>&nbsp;<\/p>\n<h2><span style=\"color: #000000;\">Les services du groupe BYmyCAR<\/span><\/h2>\n<p><span style=\"color: #000000;\">BYmyCAR, est votre expert en distribution automobile en France. Nous comptons 104 concessions multimarques r\u00e9parties dans l\u2019hexagone et notre boutique en ligne est la premi\u00e8re en France.\u00a0 Profitez de nos offres et nos promotions du moment. Il vous sera impossible de trouver des autos de qualit\u00e9 \u00e0 des\u00a0 prix aussi bas. Des professionnels de l\u2019automobile assurent le contr\u00f4le et l\u2019entretien de chaque v\u00e9hicule de notre parc. Outre la vente, la location, nous proposons la maintenance de vos voitures et un service de recharge de v\u00e9hicule \u00e9lectrique. Si vous \u00eates propri\u00e9taires d\u2019automobile \u00e9lectrique, nous BYmyCAR fournit des badges de recharge compatibles avec la plupart des IRVE publics.<\/span><\/p>\n<p>&nbsp;<\/p>\n<p style=\"text-align: center;\"><span style=\"font-weight: 400;\"><a href=\"https:\/\/www.bymycar.fr\/electrique\" target=\"_blank\" class=\"css-button css-button--gold\" >\n                D\u00e9couvrez nos voitures \u00e9lectriques en stock &gt;\n        <\/a><\/span><\/p>\n<p>&nbsp;<\/p>\n<p style=\"text-align: left;\"><strong><i>D\u00e9couvrez d&rsquo;autres articles :<\/i><\/strong><\/p>\n<ul>\n<li><a href=\"https:\/\/www.bymycar.fr\/webzine\/quelle-est-lautonomie-dune-voiture-electrique\/\"><span>Tout savoir sur l\u2019autonomie des voitures \u00e9lectriques\u00a0<\/span><\/a><\/li>\n<li><a href=\"https:\/\/www.bymycar.fr\/webzine\/moteur-electrique-bymycar\/\"><span>Comment fonctionne un moteur \u00e9lectrique de voiture ?<\/span><\/a><\/li>\n<li><a href=\"https:\/\/www.bymycar.fr\/webzine\/lhybride-par-audi-tfsie\/\"><span>L\u2019hybride rechargeable par AUDI : la technologie TFSIe<\/span><\/a><\/li>\n<li><a href=\"https:\/\/www.bymycar.fr\/webzine\/voiture-autonome-que-faire-au-volant\/\"><span>Voiture autonome : que ferez-vous au volant, sans \u00eatre au volant ?<\/span><\/a><\/li>\n<li><a href=\"https:\/\/www.bymycar.fr\/webzine\/quelle-voiture-electrique-a-la-meilleure-autonomie\/\"><span>Quelle voiture \u00e9lectrique a la meilleure autonomie ?<\/span><\/a><\/li>\n<li><a href=\"https:\/\/www.bymycar.fr\/webzine\/electrique-et-hybride\/voiture-hybride\/\"><span>Voiture hybride<\/span><\/a><\/li>\n<li><a href=\"https:\/\/www.bymycar.fr\/v\/voiture-hybride-occasion\"><span>Voiture hybride occasion<\/span><\/a><\/li>\n<li><a href=\"https:\/\/www.bymycar.fr\/webzine\/le-premier-niveau-dassistance-a-la-conduite\/\"><span>Le premier niveau d\u2019assistance \u00e0 la conduite<\/span><\/a><\/li>\n<li><a href=\"https:\/\/www.bymycar.fr\/webzine\/nouveaux-vehicules\/\"><span>Nouveaux v\u00e9hicules<\/span><\/a><\/li>\n<li><a href=\"https:\/\/www.bymycar.fr\/webzine\/voitures-electriques-testees\/\"><span>Voitures \u00e9lectriques test\u00e9es<\/span><\/a><\/li>\n<li><a href=\"https:\/\/www.bymycar.fr\/webzine\/tesla-le-meilleur-de-la-mobilite-electrique\/\"><span>Tesla, le meilleur de la mobilit\u00e9 \u00e9lectrique<\/span><\/a><\/li>\n<li><a href=\"https:\/\/www.bymycar.fr\/webzine\/electrique-ou-hybride\/\"><span>Electrique ou hybride<\/span><\/a><\/li>\n<li><a href=\"https:\/\/www.bymycar.fr\/webzine\/la-tesla-model-x-grande-autonomie\/\"><span>La Tesla model x Grande autonomie<\/span><\/a><\/li>\n<li><a href=\"https:\/\/www.bymycar.fr\/webzine\/comment-eviter-les-pannes-de-batterie\/\"><span>Comment \u00e9viter les pannes de batterie ?<\/span><\/a><\/li>\n<\/ul>\n<p>&nbsp;<\/p>\n<p><em><strong>D\u00e9couvrez \u00e9galement :\u00a0<\/strong><\/em><\/p>\n<ul>\n<li><a href=\"https:\/\/www.bymycar.fr\/webzine\/niveaux-dautonomie\/\"><span>Quels sont les diff\u00e9rents niveaux d\u2019autonomie d\u2019un v\u00e9hicule automobile ?<\/span><\/a><\/li>\n<li><a href=\"https:\/\/www.bymycar.fr\/webzine\/les-niveaux-de-conduites-autonomes\/\"><span>Tout savoir sur les diff\u00e9rents niveaux de conduite autonome<\/span><\/a><\/li>\n<li><a href=\"https:\/\/www.bymycar.fr\/v\/voiture-occasion\">Achat d\u2019une voiture d\u2019occasion : le choix BYmyCAR<\/a><\/li>\n<li><a href=\"https:\/\/www.bymycar.fr\/webzine\/quest-ce-qui-caracterise-une-voiture-propre\/\">Qu\u2019est-ce qui caract\u00e9rise une voiture propre ?<\/a><\/li>\n<li><a href=\"https:\/\/www.bymycar.fr\/webzine\/acheter-une-voiture-essence-doccasion\/\">Acheter une voiture essence d\u2019occasion<\/a><\/li>\n<li><a href=\"https:\/\/www.bymycar.fr\/webzine\/les-meilleures-voitures-hybrides-rechargeables-en-2023\/\">Les meilleures voitures hybrides rechargeables en 2023<\/a><\/li>\n<li><a href=\"https:\/\/www.bymycar.fr\/webzine\/quest-ce-quun-vehicule-thermique\/\">Qu\u2019est-ce qu\u2019un v\u00e9hicule thermique ?<\/a><\/li>\n<li><a href=\"https:\/\/www.bymycar.fr\/webzine\/ou-recharger-sa-voiture-electrique-4\/\">O\u00f9 recharger sa voiture \u00e9lectrique<\/a><\/li>\n<li><a href=\"https:\/\/www.bymycar.fr\/webzine\/batterie-auto-lesperance-de-vie-des-batteries-de-voitures-electriques\/\">Batterie auto : l\u2019esp\u00e9rance de vie des batteries de voitures \u00e9lectriques<\/a><\/li>\n<li><a href=\"https:\/\/www.bymycar.fr\/webzine\/quelle-est-la-voiture-electrique-la-moins-chere\/\">Les voitures \u00e9lectriques les moins ch\u00e8res en 2023<\/a><\/li>\n<li><a href=\"https:\/\/www.bymycar.fr\/v\/tesla-electrique-occasion\">Tesla \u00e9lectrique occasion<\/a><\/li>\n<li><a href=\"https:\/\/www.bymycar.fr\/webzine\/offre-controle-technique\/\">Offre Contr\u00f4le Technique BYmyCAR<\/a><\/li>\n<li><a href=\"https:\/\/www.bymycar.fr\/webzine\/conduite-de-vehicule\/\">Conduite de v\u00e9hicule : ma\u00eetriser ses fondamentaux<\/a><\/li>\n<li><a href=\"https:\/\/www.bymycar.fr\/webzine\/tout-savoir-sur-le-marche-des-bornes-electriques\/\">Tout savoir sur le march\u00e9 des bornes \u00e9lectriques<\/a><\/li>\n<\/ul>\n","titre":"La technologie \u00e9lectrique","image":false,"image_libre":false,"image_800x500":false,"legende":"","zoom":false,"texte":"","articles":false,"categorie_droite":false,"images":false,"elements_comparatif":false,"texte_1":"","texte_2":"","image_1":false,"image_1_563x400":false,"image_1_332x332":false,"image_2":false,"image_2_333x240":false,"image_2_563x400":false,"image_3":false,"image_3_333x240":false,"image_3_332x450":false,"image_4":false,"image_4_332x332":false,"image_4_563x400":false,"code_embed":"","legende_video":"","photo":false,"photo_100x100":false,"nom":"","fonction":"","elements_timeline":false,"entetes_colonnes":false,"entetes_lignes":false,"lignes":false,"introduction":"","formulaire":false,"question":"","reponse":"","libelle_bouton_lien":"","url_lien":"","questions":false,"conclusions":false,"pays":false,"region":false,"marque":false,"marqueConcessions":false,"modele":false,"ptvente":false,"typeV":false,"collection":false,"nombre_maximum_elements":10,"lien_fin_carousel":"","texte_lien_fin_carousel":"","trier_par":false}],"is_old_post":false,"image":{"ID":25919,"id":25919,"title":"A213509_full","filename":"A213509_full.jpg","filesize":1,"url":"https:\/\/cdn.bymycar.eu\/fr-webzine\/wp-content\/uploads\/medias\/A213509_full.jpg","link":"https:\/\/www.bymycar.fr\/webzine\/service-fleet-solutions-bymycar-orleans\/a213509_full\/","alt":"Recherchez des occasions toutes marques et achetez le v\u00e9hicule de vos r\u00eaves avec BYmyCAR","author":"35","description":"","caption":"","name":"a213509_full","status":"inherit","uploaded_to":25851,"date":"2022-03-12 12:38:34","modified":"2022-05-19 07:27:54","menu_order":0,"mime_type":"image\/jpeg","type":"image","subtype":"jpeg","icon":"https:\/\/www.bymycar.fr\/webzine\/wp-includes\/images\/media\/default.png","width":1160,"height":773,"sizes":{"thumbnail":"https:\/\/cdn.bymycar.eu\/fr-webzine\/wp-content\/uploads\/medias\/A213509_full-150x150.jpg","thumbnail-width":150,"thumbnail-height":150,"medium":"https:\/\/cdn.bymycar.eu\/fr-webzine\/wp-content\/uploads\/medias\/A213509_full-300x200.jpg","medium-width":300,"medium-height":200,"medium_large":"https:\/\/cdn.bymycar.eu\/fr-webzine\/wp-content\/uploads\/medias\/A213509_full-768x512.jpg","medium_large-width":768,"medium_large-height":512,"large":"https:\/\/cdn.bymycar.eu\/fr-webzine\/wp-content\/uploads\/medias\/A213509_full-1024x682.jpg","large-width":1024,"large-height":682,"1536x1536":"https:\/\/cdn.bymycar.eu\/fr-webzine\/wp-content\/uploads\/medias\/A213509_full.jpg","1536x1536-width":1160,"1536x1536-height":773,"2048x2048":"https:\/\/cdn.bymycar.eu\/fr-webzine\/wp-content\/uploads\/medias\/A213509_full.jpg","2048x2048-width":1160,"2048x2048-height":773}},"page_content":{"block_content":[{"acf_fc_layout":"text-simple","--nav":{"-withNav":false,"-ancre":""},"--group":{"-text":"<h2><span style=\"color: #000000;\">Comment fonctionne la voiture \u00e9lectrique ?<\/span><\/h2>\n<p><span style=\"color: #000000;\">Les grandes d\u00e9couvertes comme ceux de Gaston Plant\u00e9 ou Tesla ont permis l\u2019avanc\u00e9e de la technologie \u00e9lectrique. Puis l\u2019invention r\u00e9cente d\u2019appareils \u00e9lectriques en LI-ion ouvre la voie \u00e0 des batteries plus compactes avec davantage d\u2019autonomie. Cela laisse libre cours au d\u00e9veloppement de v\u00e9hicules \u00e9lectriques plus performants et moins lourds.<\/span><\/p>\n<p><span style=\"color: #000000;\">De mani\u00e8re simple, une <a href=\"https:\/\/www.bymycar.fr\/electrique\">voiture \u00e9lectrique<\/a> se compose d\u2019un, deux ou trois \u00e9lectromoteurs et d\u2019une batterie \u00e9lectrique d\u2019autonomie plus importante. Les moteurs \u00e9lectriques entrainent les roues tandis que l\u2019accumulateur les alimente. Mais il comprend \u00e9galement un convertisseur qui transforme le courant alternatif du r\u00e9seau \u00e9lectrique en courant continu (DC). De plus, un nouveau syst\u00e8me de r\u00e9cup\u00e9ration d\u2019\u00e9nergie cin\u00e9tique permet de la recharger pendant les phases de freinage. Ainsi, l\u2019\u00e9nergie dissip\u00e9e sous forme de chaleur pendant la d\u00e9c\u00e9l\u00e9ration se transforme en \u00e9lectricit\u00e9, qui est inject\u00e9e dans la batterie. Cela prolonge significativement le rayon d\u2019action de la l\u2019auto.<\/span><\/p>\n<p>&nbsp;<\/p>\n<h3><span style=\"color: #000000;\">Les avantages de la voiture \u00e9lectrique<\/span><\/h3>\n<p><span style=\"color: #000000;\">La production de l\u2019\u00e9lectricit\u00e9 en France \u00e9met peu de carbone. Ainsi, la mobilit\u00e9 \u00e9lectrique repr\u00e9sente l\u2019une des meilleures solutions contre le r\u00e9chauffement climatique.<\/span><\/p>\n<p><span style=\"color: #000000;\">Contrairement \u00e0 la voiture hybride qui associe les moteurs thermiques aux\u00a0 \u00e9lectromoteurs, la technologie \u00e9lectrique rejette 0 g de CO2.<\/span><\/p>\n<p><span style=\"color: #000000;\">En utilisant les moteurs \u00e9lectriques, le transport ou la circulation occasionne moins de nuisance sonore.<\/span><\/p>\n<p><span style=\"color: #000000;\">La technologie \u00e9lectrique est assez simpliste, l\u2019\u00e9lectromoteur est moins enclin aux probl\u00e8mes techniques qu\u2019un moteur thermique.<\/span><\/p>\n<p><span style=\"color: #000000;\">Les autos roulent sans \u00e9mettre les types de gaz polluants comme le CO2, le NOx ou le monoxyde de carbone.<\/span><\/p>\n<p>&nbsp;<\/p>\n<h3><span style=\"color: #000000;\">Les inconv\u00e9nients de l\u2019\u00e9lectromobilit\u00e9<\/span><\/h3>\n<p><span style=\"color: #000000;\">Les longs trajets n\u00e9cessitent beaucoup d\u2019arr\u00eats au niveau des r\u00e9seaux de bornes, sans compter le temps n\u00e9cessaire pour la recharge.<\/span><\/p>\n<p><span style=\"color: #000000;\">L\u2019installation et l\u2019utilisation des stations de recharge dans les immeubles ou habitation collective peuvent occasionner des probl\u00e8mes.<\/span><\/p>\n<p><span style=\"color: #000000;\">La dur\u00e9e de vie limit\u00e9e de la batterie qui \u00e9quipe l\u2019<a href=\"https:\/\/www.bymycar.fr\/webzine\/reprise-automobile\/\">automobile<\/a> \u00e9lectrique constitue un probl\u00e8me important.<\/span><\/p>\n<p><span style=\"color: #000000;\">La complexit\u00e9 des syst\u00e8mes de production et la raret\u00e9 du lithium constituant la batterie augmentent le prix des mod\u00e8les \u00e9lectriques. Ainsi, le recyclage des batteries Li-ion est recommand\u00e9.<\/span><\/p>\n<p>&nbsp;<\/p>\n<h3><span style=\"color: #000000;\">Comment recharger une voiture \u00e9lectrique ?<\/span><\/h3>\n<p><span style=\"color: #000000;\">Pour refaire le plein d\u2019\u00e9nergie \u00e9lectrique, l\u2019automobiliste a le choix entre la recharge \u00e0 domicile ou sur les r\u00e9seaux publics. La charge peut se faire sur une prise domestique ou sur des dispositifs renforc\u00e9s tels qu\u2019une wall box. Sinon, vous pouvez rejoindre des points de recharges au niveau des aires de service d\u2019autoroute ou de route nationale. Vous y trouverez des bornes haute puissance en courant continu ou alternatif permettant une charge rapide. Ces stations sont munies de c\u00e2bles adapt\u00e9s \u00e0 chaque type de voiture (Type-1, 2, 4 et combo). La borne AC fournit 3 \u00e0 43 kVA en 250 et 500 V, tandis que la station DC offre 50 kVA en 500 V.<\/span><\/p>\n<p><span style=\"color: #000000;\">Vous avez aussi la possibilit\u00e9 de recharger vos batteries gratuitement au travail, si une infrastructure de recharge est disponible. Des grandes enseignes commerciales offrent le service de recharge en vous fournissant une carte ou un code de recharge. Sinon il existe des parkings publics ou priv\u00e9s qui comprennent des infrastructures de recharge de v\u00e9hicule \u00e9lectrique.<\/span><\/p>\n<p><span style=\"color: #000000;\">Les IRVE grandissent en nombre, car l\u2019\u00e9tat a pour but d\u2019installer 1.000.000 de bornes avant 2023. Il est d\u00e9sormais facile de trouver une station libre. Des applications permettent de localiser les bornes de recharges les plus proches, tandis que d\u2019autres permettent de planifier les charges.<\/span><\/p>\n<p>&nbsp;<\/p>\n<h3><span style=\"color: #000000;\">Comment prolonger la dur\u00e9e de vie d\u2019une batterie \u00e9lectrique ?<\/span><\/h3>\n<p><span style=\"color: #000000;\">Il est important de r\u00e9duire la fr\u00e9quence des cycles de charge-d\u00e9charge des cellules pour maintenir assez longtemps leurs dur\u00e9es de vie.<\/span><\/p>\n<p><span style=\"color: #000000;\">\u00c9vitez d\u2019attendre que la batterie soit compl\u00e8tement \u00e0 plat pour la recharger.<\/span><\/p>\n<p><span style=\"color: #000000;\">Il vous suffit d\u2019adopter une conduite souple pour r\u00e9duire les variations brusques de consommation d\u2019\u00e9nergie pour pr\u00e9server son autonomie.<\/span><\/p>\n<p><span style=\"color: #000000;\">Pensez \u00e0 \u00e9teindre tous les \u00e9quipements consommant de l\u2019\u00e9lectricit\u00e9 en quittant le v\u00e9hicule.<\/span><\/p>\n<p><span style=\"color: #000000;\">Si vous abusez du chauffage ou de la climatisation, cela r\u00e9duit significativement la dur\u00e9e de vie d\u2019une batterie.<\/span><\/p>\n<p>&nbsp;<\/p>\n<h2><span style=\"color: #000000;\">Quelle est la diff\u00e9rence entre le v\u00e9hicule \u00e9lectrique et la voiture hybride rechargeable ?<\/span><\/h2>\n<p><span style=\"color: #000000;\">Si les deux v\u00e9hicules s\u2019\u00e9quipent d\u2019\u00e9lectromoteurs, la technologie \u00e9lectrique sur le mod\u00e8le hybride rechargeable utilise une batterie de faible capacit\u00e9. Effectivement, une voiture 100 % \u00e9lectrique comptabilise plus de 500 km d\u2019autonomie, tandis qu\u2019une PHEV autorise jusqu\u2019\u00e0 environ 60 km. Par contre, l\u2019hybride rechargeable profite du rayon d\u2019action illimit\u00e9 de la motorisation thermique.<\/span><\/p>\n<p>&nbsp;<\/p>\n<h2><span style=\"color: #000000;\">Les services du groupe BYmyCAR<\/span><\/h2>\n<p><span style=\"color: #000000;\">BYmyCAR, est votre expert en distribution automobile en France. Nous comptons 104 concessions multimarques r\u00e9parties dans l\u2019hexagone et notre boutique en ligne est la premi\u00e8re en France.\u00a0 Profitez de nos offres et nos promotions du moment. Il vous sera impossible de trouver des autos de qualit\u00e9 \u00e0 des\u00a0 prix aussi bas. Des professionnels de l\u2019automobile assurent le contr\u00f4le et l\u2019entretien de chaque v\u00e9hicule de notre parc. Outre la vente, la location, nous proposons la maintenance de vos voitures et un service de recharge de v\u00e9hicule \u00e9lectrique. Si vous \u00eates propri\u00e9taires d\u2019automobile \u00e9lectrique, nous BYmyCAR fournit des badges de recharge compatibles avec la plupart des IRVE publics.<\/span><\/p>\n<p>&nbsp;<\/p>\n<p style=\"text-align: center;\"><span style=\"font-weight: 400;\"><a href=\"https:\/\/www.bymycar.fr\/electrique\" target=\"_blank\" class=\"css-button css-button--gold\" ><br \/>\n                D\u00e9couvrez nos voitures \u00e9lectriques en stock &gt;<br \/>\n        <\/a><\/span><\/p>\n<p>&nbsp;<\/p>\n<p style=\"text-align: left;\"><strong><i>D\u00e9couvrez d&rsquo;autres articles :<\/i><\/strong><\/p>\n<ul>\n<li><a href=\"https:\/\/www.bymycar.fr\/webzine\/quelle-est-lautonomie-dune-voiture-electrique\/\"><span>Tout savoir sur l\u2019autonomie des voitures \u00e9lectriques\u00a0<\/span><\/a><\/li>\n<li><a href=\"https:\/\/www.bymycar.fr\/webzine\/moteur-electrique-bymycar\/\"><span>Comment fonctionne un moteur \u00e9lectrique de voiture ?<\/span><\/a><\/li>\n<li><a href=\"https:\/\/www.bymycar.fr\/webzine\/lhybride-par-audi-tfsie\/\"><span>L\u2019hybride rechargeable par AUDI : la technologie TFSIe<\/span><\/a><\/li>\n<li><a href=\"https:\/\/www.bymycar.fr\/webzine\/voiture-autonome-que-faire-au-volant\/\"><span>Voiture autonome : que ferez-vous au volant, sans \u00eatre au volant ?<\/span><\/a><\/li>\n<li><a href=\"https:\/\/www.bymycar.fr\/webzine\/quelle-voiture-electrique-a-la-meilleure-autonomie\/\"><span>Quelle voiture \u00e9lectrique a la meilleure autonomie ?<\/span><\/a><\/li>\n<li><a href=\"https:\/\/www.bymycar.fr\/webzine\/electrique-et-hybride\/voiture-hybride\/\"><span>Voiture hybride<\/span><\/a><\/li>\n<li><a href=\"https:\/\/www.bymycar.fr\/v\/voiture-hybride-occasion\"><span>Voiture hybride occasion<\/span><\/a><\/li>\n<li><a href=\"https:\/\/www.bymycar.fr\/webzine\/le-premier-niveau-dassistance-a-la-conduite\/\"><span>Le premier niveau d\u2019assistance \u00e0 la conduite<\/span><\/a><\/li>\n<li><a href=\"https:\/\/www.bymycar.fr\/webzine\/nouveaux-vehicules\/\"><span>Nouveaux v\u00e9hicules<\/span><\/a><\/li>\n<li><a href=\"https:\/\/www.bymycar.fr\/webzine\/voitures-electriques-testees\/\"><span>Voitures \u00e9lectriques test\u00e9es<\/span><\/a><\/li>\n<li><a href=\"https:\/\/www.bymycar.fr\/webzine\/tesla-le-meilleur-de-la-mobilite-electrique\/\"><span>Tesla, le meilleur de la mobilit\u00e9 \u00e9lectrique<\/span><\/a><\/li>\n<li><a href=\"https:\/\/www.bymycar.fr\/webzine\/electrique-ou-hybride\/\"><span>Electrique ou hybride<\/span><\/a><\/li>\n<li><a href=\"https:\/\/www.bymycar.fr\/webzine\/la-tesla-model-x-grande-autonomie\/\"><span>La Tesla model x Grande autonomie<\/span><\/a><\/li>\n<li><a href=\"https:\/\/www.bymycar.fr\/webzine\/comment-eviter-les-pannes-de-batterie\/\"><span>Comment \u00e9viter les pannes de batterie ?<\/span><\/a><\/li>\n<\/ul>\n<p>&nbsp;<\/p>\n<p><em><strong>D\u00e9couvrez \u00e9galement :\u00a0<\/strong><\/em><\/p>\n<ul>\n<li><a href=\"https:\/\/www.bymycar.fr\/webzine\/niveaux-dautonomie\/\"><span>Quels sont les diff\u00e9rents niveaux d\u2019autonomie d\u2019un v\u00e9hicule automobile ?<\/span><\/a><\/li>\n<li><a href=\"https:\/\/www.bymycar.fr\/webzine\/les-niveaux-de-conduites-autonomes\/\"><span>Tout savoir sur les diff\u00e9rents niveaux de conduite autonome<\/span><\/a><\/li>\n<li><a href=\"https:\/\/www.bymycar.fr\/v\/voiture-occasion\">Achat d\u2019une voiture d\u2019occasion : le choix BYmyCAR<\/a><\/li>\n<li><a href=\"https:\/\/www.bymycar.fr\/webzine\/quest-ce-qui-caracterise-une-voiture-propre\/\">Qu\u2019est-ce qui caract\u00e9rise une voiture propre ?<\/a><\/li>\n<li><a href=\"https:\/\/www.bymycar.fr\/webzine\/acheter-une-voiture-essence-doccasion\/\">Acheter une voiture essence d\u2019occasion<\/a><\/li>\n<li><a href=\"https:\/\/www.bymycar.fr\/webzine\/les-meilleures-voitures-hybrides-rechargeables-en-2023\/\">Les meilleures voitures hybrides rechargeables en 2023<\/a><\/li>\n<li><a href=\"https:\/\/www.bymycar.fr\/webzine\/quest-ce-quun-vehicule-thermique\/\">Qu\u2019est-ce qu\u2019un v\u00e9hicule thermique ?<\/a><\/li>\n<li><a href=\"https:\/\/www.bymycar.fr\/webzine\/ou-recharger-sa-voiture-electrique-4\/\">O\u00f9 recharger sa voiture \u00e9lectrique<\/a><\/li>\n<li><a href=\"https:\/\/www.bymycar.fr\/webzine\/batterie-auto-lesperance-de-vie-des-batteries-de-voitures-electriques\/\">Batterie auto : l\u2019esp\u00e9rance de vie des batteries de voitures \u00e9lectriques<\/a><\/li>\n<li><a href=\"https:\/\/www.bymycar.fr\/webzine\/quelle-est-la-voiture-electrique-la-moins-chere\/\">Les voitures \u00e9lectriques les moins ch\u00e8res en 2023<\/a><\/li>\n<li><a href=\"https:\/\/www.bymycar.fr\/v\/tesla-electrique-occasion\">Tesla \u00e9lectrique occasion<\/a><\/li>\n<li><a href=\"https:\/\/www.bymycar.fr\/webzine\/offre-controle-technique\/\">Offre Contr\u00f4le Technique BYmyCAR<\/a><\/li>\n<li><a href=\"https:\/\/www.bymycar.fr\/webzine\/conduite-de-vehicule\/\">Conduite de v\u00e9hicule : ma\u00eetriser ses fondamentaux<\/a><\/li>\n<li><a href=\"https:\/\/www.bymycar.fr\/webzine\/tout-savoir-sur-le-marche-des-bornes-electriques\/\">Tout savoir sur le march\u00e9 des bornes \u00e9lectriques<\/a><\/li>\n<\/ul>\n"}}]},"add-carousel-to-footer":true},"yoast_head":"<!-- This site is optimized with the Yoast SEO Premium plugin v26.4 (Yoast SEO v26.4) - https:\/\/yoast.com\/wordpress\/plugins\/seo\/ -->\n<title>La technologie \u00e9lectrique<\/title>\n<meta name=\"description\" content=\"L\u2019\u00e9lectromobilit\u00e9 vous int\u00e9resse ? Sachez que la premi\u00e8re auto \u00e9lectrique date de 1834 et la technologie actuelle a permis la production de mod\u00e8le plus abouti.\" \/>\n<meta name=\"robots\" content=\"index, follow, max-snippet:-1, max-image-preview:large, max-video-preview:-1\" \/>\n<link rel=\"canonical\" href=\"https:\/\/www.bymycar.fr\/webzine\/la-technologie-electrique\/\" \/>\n<meta property=\"og:locale\" content=\"fr_FR\" \/>\n<meta property=\"og:type\" content=\"article\" \/>\n<meta property=\"og:title\" content=\"La technologie \u00e9lectrique\" \/>\n<meta property=\"og:description\" content=\"L\u2019\u00e9lectromobilit\u00e9 vous int\u00e9resse ? Sachez que la premi\u00e8re auto \u00e9lectrique date de 1834 et la technologie actuelle a permis la production de mod\u00e8le plus abouti.\" \/>\n<meta property=\"og:url\" content=\"https:\/\/www.bymycar.fr\/webzine\/la-technologie-electrique\/\" \/>\n<meta property=\"og:site_name\" content=\"Webzine auto BYmyCAR\" \/>\n<meta property=\"article:published_time\" content=\"2022-03-22T08:14:53+00:00\" \/>\n<meta property=\"article:modified_time\" content=\"2024-01-25T10:15:46+00:00\" \/>\n<meta property=\"og:image\" content=\"https:\/\/cdn.bymycar.eu\/fr-webzine\/wp-content\/uploads\/medias\/A213509_full.jpg\" \/>\n\t<meta property=\"og:image:width\" content=\"1160\" \/>\n\t<meta property=\"og:image:height\" content=\"773\" \/>\n\t<meta property=\"og:image:type\" content=\"image\/jpeg\" \/>\n<meta name=\"author\" content=\"Gregoire LE BIHAN\" \/>\n<meta name=\"twitter:card\" content=\"summary_large_image\" \/>\n<meta name=\"twitter:label1\" content=\"\u00c9crit par\" \/>\n\t<meta name=\"twitter:data1\" content=\"Gregoire LE BIHAN\" \/>\n<script type=\"application\/ld+json\" class=\"yoast-schema-graph\">{\"@context\":\"https:\/\/schema.org\",\"@graph\":[{\"@type\":\"Article\",\"@id\":\"https:\/\/www.bymycar.fr\/webzine\/la-technologie-electrique\/#article\",\"isPartOf\":{\"@id\":\"https:\/\/www.bymycar.fr\/webzine\/la-technologie-electrique\/\"},\"author\":{\"name\":\"Gregoire LE BIHAN\",\"@id\":\"https:\/\/www.bymycar.fr\/webzine\/#\/schema\/person\/8c56906440ec126868bd40232b3445f0\"},\"headline\":\"La technologie \u00e9lectrique\",\"datePublished\":\"2022-03-22T08:14:53+00:00\",\"dateModified\":\"2024-01-25T10:15:46+00:00\",\"mainEntityOfPage\":{\"@id\":\"https:\/\/www.bymycar.fr\/webzine\/la-technologie-electrique\/\"},\"wordCount\":3,\"publisher\":{\"@id\":\"https:\/\/www.bymycar.fr\/webzine\/#organization\"},\"image\":{\"@id\":\"https:\/\/www.bymycar.fr\/webzine\/la-technologie-electrique\/#primaryimage\"},\"thumbnailUrl\":\"https:\/\/cdn.bymycar.eu\/fr-webzine\/wp-content\/uploads\/medias\/A213509_full.jpg\",\"articleSection\":[\"Voiture \u00e9lectrique\"],\"inLanguage\":\"fr-FR\"},{\"@type\":\"WebPage\",\"@id\":\"https:\/\/www.bymycar.fr\/webzine\/la-technologie-electrique\/\",\"url\":\"https:\/\/www.bymycar.fr\/webzine\/la-technologie-electrique\/\",\"name\":\"La technologie \u00e9lectrique\",\"isPartOf\":{\"@id\":\"https:\/\/www.bymycar.fr\/webzine\/#website\"},\"primaryImageOfPage\":{\"@id\":\"https:\/\/www.bymycar.fr\/webzine\/la-technologie-electrique\/#primaryimage\"},\"image\":{\"@id\":\"https:\/\/www.bymycar.fr\/webzine\/la-technologie-electrique\/#primaryimage\"},\"thumbnailUrl\":\"https:\/\/cdn.bymycar.eu\/fr-webzine\/wp-content\/uploads\/medias\/A213509_full.jpg\",\"datePublished\":\"2022-03-22T08:14:53+00:00\",\"dateModified\":\"2024-01-25T10:15:46+00:00\",\"description\":\"L\u2019\u00e9lectromobilit\u00e9 vous int\u00e9resse ? Sachez que la premi\u00e8re auto \u00e9lectrique date de 1834 et la technologie actuelle a permis la production de mod\u00e8le plus abouti.\",\"breadcrumb\":{\"@id\":\"https:\/\/www.bymycar.fr\/webzine\/la-technologie-electrique\/#breadcrumb\"},\"inLanguage\":\"fr-FR\",\"potentialAction\":[{\"@type\":\"ReadAction\",\"target\":[\"https:\/\/www.bymycar.fr\/webzine\/la-technologie-electrique\/\"]}]},{\"@type\":\"ImageObject\",\"inLanguage\":\"fr-FR\",\"@id\":\"https:\/\/www.bymycar.fr\/webzine\/la-technologie-electrique\/#primaryimage\",\"url\":\"https:\/\/cdn.bymycar.eu\/fr-webzine\/wp-content\/uploads\/medias\/A213509_full.jpg\",\"contentUrl\":\"https:\/\/cdn.bymycar.eu\/fr-webzine\/wp-content\/uploads\/medias\/A213509_full.jpg\",\"width\":1160,\"height\":773,\"caption\":\"Recherchez des occasions toutes marques et achetez le v\u00e9hicule de vos r\u00eaves avec BYmyCAR\"},{\"@type\":\"BreadcrumbList\",\"@id\":\"https:\/\/www.bymycar.fr\/webzine\/la-technologie-electrique\/#breadcrumb\",\"itemListElement\":[{\"@type\":\"ListItem\",\"position\":1,\"name\":\"Accueil\",\"item\":\"https:\/\/www.bymycar.fr\/webzine\/\"},{\"@type\":\"ListItem\",\"position\":2,\"name\":\"La technologie \u00e9lectrique\"}]},{\"@type\":\"WebSite\",\"@id\":\"https:\/\/www.bymycar.fr\/webzine\/#website\",\"url\":\"https:\/\/www.bymycar.fr\/webzine\/\",\"name\":\"Webzine auto BYmyCAR\",\"description\":\"La magazine auto de BYmyCAR\",\"publisher\":{\"@id\":\"https:\/\/www.bymycar.fr\/webzine\/#organization\"},\"potentialAction\":[{\"@type\":\"SearchAction\",\"target\":{\"@type\":\"EntryPoint\",\"urlTemplate\":\"https:\/\/www.bymycar.fr\/webzine\/?s={search_term_string}\"},\"query-input\":{\"@type\":\"PropertyValueSpecification\",\"valueRequired\":true,\"valueName\":\"search_term_string\"}}],\"inLanguage\":\"fr-FR\"},{\"@type\":\"Organization\",\"@id\":\"https:\/\/www.bymycar.fr\/webzine\/#organization\",\"name\":\"BYmyCAR\",\"url\":\"https:\/\/www.bymycar.fr\/webzine\/\",\"logo\":{\"@type\":\"ImageObject\",\"inLanguage\":\"fr-FR\",\"@id\":\"https:\/\/www.bymycar.fr\/webzine\/#\/schema\/logo\/image\/\",\"url\":\"https:\/\/cdn.bymycar.eu\/fr-webzine\/wp-content\/uploads\/medias\/2017\/08\/logo_DEALER_00000406_001.png\",\"contentUrl\":\"https:\/\/cdn.bymycar.eu\/fr-webzine\/wp-content\/uploads\/medias\/2017\/08\/logo_DEALER_00000406_001.png\",\"width\":2132,\"height\":720,\"caption\":\"BYmyCAR\"},\"image\":{\"@id\":\"https:\/\/www.bymycar.fr\/webzine\/#\/schema\/logo\/image\/\"}},{\"@type\":\"Person\",\"@id\":\"https:\/\/www.bymycar.fr\/webzine\/#\/schema\/person\/8c56906440ec126868bd40232b3445f0\",\"name\":\"Gregoire LE BIHAN\",\"image\":{\"@type\":\"ImageObject\",\"inLanguage\":\"fr-FR\",\"@id\":\"https:\/\/www.bymycar.fr\/webzine\/#\/schema\/person\/image\/\",\"url\":\"https:\/\/secure.gravatar.com\/avatar\/1356d71f3c6eed50de358ba425c9944b742a0d35f88e0d5f8afe88fdac525492?s=96&d=mm&r=g\",\"contentUrl\":\"https:\/\/secure.gravatar.com\/avatar\/1356d71f3c6eed50de358ba425c9944b742a0d35f88e0d5f8afe88fdac525492?s=96&d=mm&r=g\",\"caption\":\"Gregoire LE BIHAN\"}}]}<\/script>\n<!-- \/ Yoast SEO Premium plugin. -->","yoast_head_json":{"title":"La technologie \u00e9lectrique","description":"L\u2019\u00e9lectromobilit\u00e9 vous int\u00e9resse ? Sachez que la premi\u00e8re auto \u00e9lectrique date de 1834 et la technologie actuelle a permis la production de mod\u00e8le plus abouti.","robots":{"index":"index","follow":"follow","max-snippet":"max-snippet:-1","max-image-preview":"max-image-preview:large","max-video-preview":"max-video-preview:-1"},"canonical":"https:\/\/www.bymycar.fr\/webzine\/la-technologie-electrique\/","og_locale":"fr_FR","og_type":"article","og_title":"La technologie \u00e9lectrique","og_description":"L\u2019\u00e9lectromobilit\u00e9 vous int\u00e9resse ? Sachez que la premi\u00e8re auto \u00e9lectrique date de 1834 et la technologie actuelle a permis la production de mod\u00e8le plus abouti.","og_url":"https:\/\/www.bymycar.fr\/webzine\/la-technologie-electrique\/","og_site_name":"Webzine auto BYmyCAR","article_published_time":"2022-03-22T08:14:53+00:00","article_modified_time":"2024-01-25T10:15:46+00:00","og_image":[{"width":1160,"height":773,"url":"https:\/\/cdn.bymycar.eu\/fr-webzine\/wp-content\/uploads\/medias\/A213509_full.jpg","type":"image\/jpeg"}],"author":"Gregoire LE BIHAN","twitter_card":"summary_large_image","twitter_misc":{"\u00c9crit par":"Gregoire LE BIHAN"},"schema":{"@context":"https:\/\/schema.org","@graph":[{"@type":"Article","@id":"https:\/\/www.bymycar.fr\/webzine\/la-technologie-electrique\/#article","isPartOf":{"@id":"https:\/\/www.bymycar.fr\/webzine\/la-technologie-electrique\/"},"author":{"name":"Gregoire LE BIHAN","@id":"https:\/\/www.bymycar.fr\/webzine\/#\/schema\/person\/8c56906440ec126868bd40232b3445f0"},"headline":"La technologie \u00e9lectrique","datePublished":"2022-03-22T08:14:53+00:00","dateModified":"2024-01-25T10:15:46+00:00","mainEntityOfPage":{"@id":"https:\/\/www.bymycar.fr\/webzine\/la-technologie-electrique\/"},"wordCount":3,"publisher":{"@id":"https:\/\/www.bymycar.fr\/webzine\/#organization"},"image":{"@id":"https:\/\/www.bymycar.fr\/webzine\/la-technologie-electrique\/#primaryimage"},"thumbnailUrl":"https:\/\/cdn.bymycar.eu\/fr-webzine\/wp-content\/uploads\/medias\/A213509_full.jpg","articleSection":["Voiture \u00e9lectrique"],"inLanguage":"fr-FR"},{"@type":"WebPage","@id":"https:\/\/www.bymycar.fr\/webzine\/la-technologie-electrique\/","url":"https:\/\/www.bymycar.fr\/webzine\/la-technologie-electrique\/","name":"La technologie \u00e9lectrique","isPartOf":{"@id":"https:\/\/www.bymycar.fr\/webzine\/#website"},"primaryImageOfPage":{"@id":"https:\/\/www.bymycar.fr\/webzine\/la-technologie-electrique\/#primaryimage"},"image":{"@id":"https:\/\/www.bymycar.fr\/webzine\/la-technologie-electrique\/#primaryimage"},"thumbnailUrl":"https:\/\/cdn.bymycar.eu\/fr-webzine\/wp-content\/uploads\/medias\/A213509_full.jpg","datePublished":"2022-03-22T08:14:53+00:00","dateModified":"2024-01-25T10:15:46+00:00","description":"L\u2019\u00e9lectromobilit\u00e9 vous int\u00e9resse ? Sachez que la premi\u00e8re auto \u00e9lectrique date de 1834 et la technologie actuelle a permis la production de mod\u00e8le plus abouti.","breadcrumb":{"@id":"https:\/\/www.bymycar.fr\/webzine\/la-technologie-electrique\/#breadcrumb"},"inLanguage":"fr-FR","potentialAction":[{"@type":"ReadAction","target":["https:\/\/www.bymycar.fr\/webzine\/la-technologie-electrique\/"]}]},{"@type":"ImageObject","inLanguage":"fr-FR","@id":"https:\/\/www.bymycar.fr\/webzine\/la-technologie-electrique\/#primaryimage","url":"https:\/\/cdn.bymycar.eu\/fr-webzine\/wp-content\/uploads\/medias\/A213509_full.jpg","contentUrl":"https:\/\/cdn.bymycar.eu\/fr-webzine\/wp-content\/uploads\/medias\/A213509_full.jpg","width":1160,"height":773,"caption":"Recherchez des occasions toutes marques et achetez le v\u00e9hicule de vos r\u00eaves avec BYmyCAR"},{"@type":"BreadcrumbList","@id":"https:\/\/www.bymycar.fr\/webzine\/la-technologie-electrique\/#breadcrumb","itemListElement":[{"@type":"ListItem","position":1,"name":"Accueil","item":"https:\/\/www.bymycar.fr\/webzine\/"},{"@type":"ListItem","position":2,"name":"La technologie \u00e9lectrique"}]},{"@type":"WebSite","@id":"https:\/\/www.bymycar.fr\/webzine\/#website","url":"https:\/\/www.bymycar.fr\/webzine\/","name":"Webzine auto BYmyCAR","description":"La magazine auto de BYmyCAR","publisher":{"@id":"https:\/\/www.bymycar.fr\/webzine\/#organization"},"potentialAction":[{"@type":"SearchAction","target":{"@type":"EntryPoint","urlTemplate":"https:\/\/www.bymycar.fr\/webzine\/?s={search_term_string}"},"query-input":{"@type":"PropertyValueSpecification","valueRequired":true,"valueName":"search_term_string"}}],"inLanguage":"fr-FR"},{"@type":"Organization","@id":"https:\/\/www.bymycar.fr\/webzine\/#organization","name":"BYmyCAR","url":"https:\/\/www.bymycar.fr\/webzine\/","logo":{"@type":"ImageObject","inLanguage":"fr-FR","@id":"https:\/\/www.bymycar.fr\/webzine\/#\/schema\/logo\/image\/","url":"https:\/\/cdn.bymycar.eu\/fr-webzine\/wp-content\/uploads\/medias\/2017\/08\/logo_DEALER_00000406_001.png","contentUrl":"https:\/\/cdn.bymycar.eu\/fr-webzine\/wp-content\/uploads\/medias\/2017\/08\/logo_DEALER_00000406_001.png","width":2132,"height":720,"caption":"BYmyCAR"},"image":{"@id":"https:\/\/www.bymycar.fr\/webzine\/#\/schema\/logo\/image\/"}},{"@type":"Person","@id":"https:\/\/www.bymycar.fr\/webzine\/#\/schema\/person\/8c56906440ec126868bd40232b3445f0","name":"Gregoire LE BIHAN","image":{"@type":"ImageObject","inLanguage":"fr-FR","@id":"https:\/\/www.bymycar.fr\/webzine\/#\/schema\/person\/image\/","url":"https:\/\/secure.gravatar.com\/avatar\/1356d71f3c6eed50de358ba425c9944b742a0d35f88e0d5f8afe88fdac525492?s=96&d=mm&r=g","contentUrl":"https:\/\/secure.gravatar.com\/avatar\/1356d71f3c6eed50de358ba425c9944b742a0d35f88e0d5f8afe88fdac525492?s=96&d=mm&r=g","caption":"Gregoire LE BIHAN"}}]}},"_links":{"self":[{"href":"https:\/\/www.bymycar.fr\/webzine\/wp-json\/wp\/v2\/posts\/26329","targetHints":{"allow":["GET"]}}],"collection":[{"href":"https:\/\/www.bymycar.fr\/webzine\/wp-json\/wp\/v2\/posts"}],"about":[{"href":"https:\/\/www.bymycar.fr\/webzine\/wp-json\/wp\/v2\/types\/post"}],"author":[{"embeddable":true,"href":"https:\/\/www.bymycar.fr\/webzine\/wp-json\/wp\/v2\/users\/9"}],"replies":[{"embeddable":true,"href":"https:\/\/www.bymycar.fr\/webzine\/wp-json\/wp\/v2\/comments?post=26329"}],"version-history":[{"count":7,"href":"https:\/\/www.bymycar.fr\/webzine\/wp-json\/wp\/v2\/posts\/26329\/revisions"}],"predecessor-version":[{"id":44436,"href":"https:\/\/www.bymycar.fr\/webzine\/wp-json\/wp\/v2\/posts\/26329\/revisions\/44436"}],"wp:featuredmedia":[{"embeddable":true,"href":"https:\/\/www.bymycar.fr\/webzine\/wp-json\/wp\/v2\/media\/25919"}],"wp:attachment":[{"href":"https:\/\/www.bymycar.fr\/webzine\/wp-json\/wp\/v2\/media?parent=26329"}],"wp:term":[{"taxonomy":"category","embeddable":true,"href":"https:\/\/www.bymycar.fr\/webzine\/wp-json\/wp\/v2\/categories?post=26329"},{"taxonomy":"post_tag","embeddable":true,"href":"https:\/\/www.bymycar.fr\/webzine\/wp-json\/wp\/v2\/tags?post=26329"}],"curies":[{"name":"wp","href":"https:\/\/api.w.org\/{rel}","templated":true}]}}