{"id":25977,"date":"2022-03-14T11:14:48","date_gmt":"2022-03-14T10:14:48","guid":{"rendered":"https:\/\/prod.bymycar.fr\/webzine\/?p=25977"},"modified":"2025-12-04T21:16:57","modified_gmt":"2025-12-04T20:16:57","slug":"guide-dachat-bmw-ou-mercedes-quelle-marque-est-faite-pour-vous","status":"publish","type":"post","link":"https:\/\/www.bymycar.fr\/webzine\/guide-dachat-bmw-ou-mercedes-quelle-marque-est-faite-pour-vous\/","title":{"rendered":"Guide d&rsquo;achat : Bmw ou Mercedes : quelle marque est faite pour vous ?"},"content":{"rendered":"","protected":false},"excerpt":{"rendered":"","protected":false},"author":9,"featured_media":0,"comment_status":"closed","ping_status":"closed","sticky":false,"template":"","format":"standard","meta":{"_acf_changed":false,"footnotes":""},"categories":[12898,12896],"tags":[],"class_list":["post-25977","post","type-post","status-publish","format-standard","hentry","category-guide-dachat-bmw","category-guide-dachat-mercedes"],"acf":{"template":"classique","introduction":"<p>BMW ou Mercedes ? Ces deux constructeurs automobiles allemands repr\u00e9sentent l&rsquo;excellence des voitures haut de gamme avec des approches distinctes. <a href=\"https:\/\/www.bymycar.fr\/marques\/bmw\">BMW<\/a> s\u00e9duit par son plaisir de conduite dynamique et sa pr\u00e9cision technique, tandis que <a href=\"https:\/\/www.bymycar.fr\/marques\/mercedes\">Mercedes<\/a> excelle dans le confort luxueux et les technologies de pointe. Chaque marque cultive sa propre philosophie en mati\u00e8re de design, fiabilit\u00e9, performances et co\u00fbts d&rsquo;entretien. D\u00e9couvrez quelle vision du premium correspond le mieux \u00e0 vos attentes et \u00e0 votre style de conduite.<\/p>\n<p><strong>Ce qu&rsquo;il faut retenir<\/strong><\/p>\n<p>Voici les points essentiels pour vous aider \u00e0 choisir entre BMW et Mercedes :<\/p>\n<ul>\n<li><strong>BMW privil\u00e9gie le plaisir de conduite<\/strong> avec une approche sportive, une r\u00e9partition des masses optimale et des sensations authentiques au volant, id\u00e9ale pour les conducteurs recherchant l&rsquo;engagement et la dynamique ;<\/li>\n<li><strong>Mercedes excelle dans le confort et le luxe<\/strong> gr\u00e2ce \u00e0 ses suspensions pneumatiques, son habitacle raffin\u00e9 et ses technologies de pointe, parfaite pour ceux qui privil\u00e9gient la s\u00e9r\u00e9nit\u00e9 et l&rsquo;\u00e9l\u00e9gance ;<\/li>\n<li><strong>Les deux marques offrent une fiabilit\u00e9 similaire<\/strong> et une excellence technologique reconnue, votre choix d\u00e9pendra donc de votre rapport personnel \u00e0 l&rsquo;automobile et de vos priorit\u00e9s de conduite.<\/li>\n<\/ul>\n<p>Nos conseillers BYmyCAR vous accompagnent dans cette d\u00e9cision importante en vous proposant des essais personnalis\u00e9s pour d\u00e9couvrir quelle philosophie automobile correspond le mieux \u00e0 vos attentes.<\/p>\n","strates":[{"type_strate":"texte-simple","ancre":"","contenu":"<h2 style=\"text-align: justify;\"><strong>Quelle est la diff\u00e9rence entre BMW et Mercedes ?<\/strong><\/h2>\n<p style=\"text-align: justify;\">Entre BMW et Mercedes, il r\u00e8gne une rivalit\u00e9 intemporelle qui se manifeste de diff\u00e9rentes mani\u00e8res, tant\u00f4t au niveau des meilleurs r\u00e9sultats de vente tant\u00f4t au niveau des technologies et options pr\u00e9sentes sur les v\u00e9hicules.<\/p>\n<p>&nbsp;<\/p>\n<h3 style=\"text-align: justify;\"><strong>Pourquoi BMW serait la meilleure marque ?<\/strong><\/h3>\n<p style=\"text-align: justify;\">BMW ou Bayerische Motoren Werke est un constructeur automobile allemand ayant vu le jour le 7 mars 1916 \u00e0 Munich. Cette marque propose des produits touchant presque tous les secteurs allant des voitures haut de gamme aux sportives sans oublier les deux-roues. Avec Mini et Rolls-Royce, BMW fait partie int\u00e9grante du Groupe BMW et compte \u00e0 peu pr\u00e8s 24 sites de production dans le monde en 2013. Les diff\u00e9rents mod\u00e8les de BMW sont reconnaissables \u00e0 leur code \u00e0 lettres et \u00e0 un, deux ou trois chiffres.<\/p>\n<p style=\"text-align: justify;\">Dans l&rsquo;univers automobile, BMW se distingue par la sportivit\u00e9, l&rsquo;\u00e9l\u00e9gance et les traits luxueux de ses mod\u00e8les de voitures. D&rsquo;ailleurs, cette enseigne est souvent r\u00e9pertori\u00e9e parmi les r\u00e9f\u00e9rences en mati\u00e8re de marques de v\u00e9hicules Premium allemands. Elle se d\u00e9marque \u00e9galement par les lignes extravagantes et les performances de ses voitures face aux autres concurrents.<\/p>\n<p style=\"text-align: justify;\">BMW a su dompter le c\u0153ur des consommateurs gr\u00e2ce \u00e0 l&rsquo;exp\u00e9rience de conduite ultime qu&rsquo;elle offre. Les performances de propulsion des blocs moteurs pr\u00e9sents sur les s\u00e9ries de voitures mises sur le march\u00e9 sont certainement \u00e0 l&rsquo;origine de ce succ\u00e8s fulgurant. D&rsquo;ailleurs, son slogan \u00ab Pour le plaisir de conduire \u00bb le r\u00e9sume parfaitement bien. Cette marque de voitures de luxe allemandes se caract\u00e9rise aussi par les performances en termes d&rsquo;insonorisation de ces v\u00e9hicules, consid\u00e9r\u00e9es comme les meilleurs \u00e0 ce jour, et le syst\u00e8me Connected Drive optimisant l&rsquo;exp\u00e9rience conducteur.<\/p>\n<h3 style=\"text-align: justify;\"><strong>Pourquoi Mercedes serait la meilleure marque ?<\/strong><\/h3>\n<p style=\"text-align: justify;\">Mercedes ou Mercedes-Benz est \u00e9galement un constructeur automobile allemand. Cette marque se sp\u00e9cialise dans la conception et la distribution de v\u00e9hicules de tout secteur, notamment les voitures de sport, de luxe et du march\u00e9 Premium, les camions, les autocars ou les autobus. Fond\u00e9e en 1926, cette enseigne est le fruit de la collaboration entre trois g\u00e9ants de l&rsquo;univers automobile : Daimler-Motoren-Gesellschaft, Mercedes et Benz &amp; Cie. Apr\u00e8s plusieurs d\u00e9cennies d&rsquo;activit\u00e9 alternant fusion et rupture de coop\u00e9ration avec d&rsquo;autres constructeurs, Daimler devient ind\u00e9pendant en 2006. Toutefois, pour une meilleure visibilit\u00e9, la marque \u00e0 l&rsquo;\u00e9toile encha\u00eene les restylages et les renouvellements de plusieurs gammes de son parc automobile. De ce fait, les moteurs diesel sont actuellement indiqu\u00e9s par un \u00ab d \u00bb tandis que les hybrides rechargeables le sont par un \u00ab e \u00bb ou les hybrides par un \u00ab h \u00bb.<\/p>\n<p style=\"text-align: justify;\">Mercedes-Benz se distingue par ses v\u00e9hicules avant-gardistes tant au niveau du design que des technologies de pointe qu&rsquo;ils embarquent. Si certains de ces concurrents se d\u00e9marquent par des \u00e9l\u00e9ments du moteur, Mercedes se distingue par la conception et la fabrication de voitures de luxe. C\u2019est le cas de la Mercedes Classe S qui est consid\u00e9r\u00e9e comme une r\u00e9f\u00e9rence en voiture de luxe allemande depuis plusieurs d\u00e9cennies. Ce qui fait de cette enseigne la principale rivale de Porsche, de Rolls-Royce et de Bentley.<\/p>\n<p style=\"text-align: justify;\">Outre le c\u00f4t\u00e9 luxueux, les mod\u00e8les de s\u00e9rie du Bavarois Mercedes-Benz sont \u00e9galement confortables et particuli\u00e8rement perfectionn\u00e9s. En effet, leur int\u00e9rieur se pare d&rsquo;\u00e9l\u00e9ments sophistiqu\u00e9s comme le cuir, le bois ou autre. L&rsquo;habitacle est orn\u00e9 de d\u00e9tails remarquables notamment au niveau du tableau de bord, et ce, peu importe la s\u00e9rie.<\/p>\n<p>&nbsp;<\/p>\n<h2 style=\"text-align: justify;\"><strong>BMW, Mercedes VS Audi : qui est le meilleur en termes de fiabilit\u00e9 ?<\/strong><\/h2>\n<p style=\"text-align: justify;\">En termes de fiabilit\u00e9, les voitures allemandes BMW, Mercedes et Audi s&rsquo;alignent presque sur la m\u00eame ligne. Cependant, elles pr\u00e9sentent quelques incommodit\u00e9s qui sont n\u00e9anmoins n\u00e9gligeables par rapport \u00e0 leurs atouts. Chez BMW, des mises \u00e0 jour logicielles r\u00e9guli\u00e8res au niveau du convertisseur de couple de certains monospaces \u00e0 bo\u00eete automatique sont n\u00e9cessaires pour optimiser leurs performances. Certaines s\u00e9ries de Mercedes, quant \u00e0 elles, enregistrent des petits soucis au niveau de la bo\u00eete de vitesses ou des amortisseurs.<\/p>\n<p style=\"text-align: justify;\">Malgr\u00e9 les petits inconv\u00e9nients, la fiabilit\u00e9 de la BMW ou de la Mercedes d\u00e9pend essentiellement de l&rsquo;entretien que son propri\u00e9taire lui accorde, ce qui peut parfois impliquer des co\u00fbts assez \u00e9lev\u00e9s comme toute voiture haut de gamme.<\/p>\n<p>&nbsp;<\/p>\n<h2 style=\"text-align: justify;\"><strong>BMW ou Mercedes : qui vend le plus de voitures ?<\/strong><\/h2>\n<p style=\"text-align: justify;\">La vente dans le secteur automobile mondial a toujours \u00e9t\u00e9 domin\u00e9e par les trois constructeurs allemands Audi, BMW et Mercedes. En 2020, Mercedes remporte le troph\u00e9e pour la cinqui\u00e8me ann\u00e9e cons\u00e9cutive avec ses 2 164 187 v\u00e9hicules vendus sur les 12 mois. Elle doit son succ\u00e8s aux r\u00e9sultats de vente enregistr\u00e9s en Chine avec ses 774 382 v\u00e9hicules \u00e9coul\u00e9s et aux performances des SUV GLE, GLS et GLC qui se sont vendus \u00e0 885 000 exemplaires. Cette m\u00eame ann\u00e9e, la seconde place revient \u00e0 BMW avec ses 2 028 659 voitures distribu\u00e9es. Les S\u00e9ries 7, les S\u00e9ries 8 et les X7 figuraient en top-vente avec 115 420 autos livr\u00e9es.<\/p>\n<p style=\"text-align: justify;\">En 2021, BMW a d\u00e9pass\u00e9 Mercedes en bouleversant la hi\u00e9rarchie fig\u00e9e pendant cinq ans gr\u00e2ce aux 2,2 millions de voitures vendues \u00e0 travers le monde. De son c\u00f4t\u00e9, Mercedes en a livr\u00e9 un peu plus de 2,05 millions avec la s\u00e9rie Mercedes-AMG, la Classe S, la Classe G et la Mercedes-Maybach en top-vente. Il est \u00e0 noter qu&rsquo;en raison de la crise sanitaire mondiale, Mercedes s&rsquo;est vu r\u00e9duire sa production de 25 % en raison d&rsquo;une p\u00e9nurie de composants.<\/p>\n<p style=\"text-align: justify;\">Il est bon de savoir que le comptage des ventes mondiales a exclu les autres marques des groupes notamment Rolls-Royce et Mini pour le groupe BMW ainsi que Smart et Daimler Trucks pour le groupe Daimler int\u00e9grant Mercedes.<\/p>\n<p>&nbsp;<\/p>\n<h2 style=\"text-align: justify;\"><strong>Avis et comparatif sur les mod\u00e8les de BMW, Mercedes et Audi<\/strong><\/h2>\n<p style=\"text-align: justify;\">Pour vous aider \u00e0 finaliser votre choix entre les diff\u00e9rents mod\u00e8les de voitures de luxe allemandes, voici quelques comparatifs et quelques avis sur les performances respectives des s\u00e9ries phares de Mercedes et de BMW.<\/p>\n<h3 style=\"text-align: justify;\"><strong>BMW X 3 VS Mercedes GLC : selon les forums, que choisir ?<\/strong><\/h3>\n<p style=\"text-align: justify;\">La <a href=\"https:\/\/www.bymycar.fr\/marques\/bmw\/x3\" target=\"_blank\" rel=\"noopener\">BMW X3<\/a> et la <a href=\"https:\/\/www.bymycar.fr\/marques\/mercedes\/glc\" target=\"_blank\" rel=\"noopener\">Mercedes GLC<\/a> figurent toutes les deux parmi les SUV compacts Premium. Si la BMW X3 \u00e9tait pr\u00e9sente sur le march\u00e9 depuis 2004, la Mercedes GLC n&rsquo;est arriv\u00e9e qu&rsquo;en 2015. Si vous appr\u00e9ciez les lignes arrondies et les silhouettes plus seyantes, le SUV de la marque \u00e0 l&rsquo;\u00e9toile correspond \u00e0 vos pr\u00e9f\u00e9rences. Par contre, si les lignes modernes et le haricot assez imposant sur la face avant du v\u00e9hicule vous s\u00e9duisent, orientez votre choix vers la BMW X3 qui reste g\u00e9n\u00e9ralement fid\u00e8le aux sp\u00e9cificit\u00e9s de la marque.<\/p>\n<p style=\"text-align: justify;\">C\u00f4t\u00e9 int\u00e9rieur, l&rsquo;habitacle de la BMW X3 se pare d&rsquo;un design moderne, de mat\u00e9riaux de qualit\u00e9 et d&rsquo;une pr\u00e9sentation assez sobre. La Mercedes-Benz GLC, quant \u00e0 elle, se dote d&rsquo;un int\u00e9rieur futuriste et un tantinet clinquant mariant les \u00e9l\u00e9ments en plastique brillant et les composants chrom\u00e9s. C\u00f4t\u00e9 confort, toutes les deux proposent une garde au toit et un espace aux jambes assez g\u00e9n\u00e9reux.<\/p>\n<h3 style=\"text-align: justify;\"><strong>BMW S\u00e9rie 3 320d VS Mercedes Classe C C220<\/strong><\/h3>\n<p style=\"text-align: justify;\">Mise en vente depuis 2012, la <a href=\"https:\/\/www.bymycar.fr\/marques\/bmw\/serie-3-berline\" target=\"_blank\" rel=\"noopener\">BMW s\u00e9rie 3<\/a> constitue la principale rivale de la <a href=\"https:\/\/www.bymycar.fr\/marques\/mercedes\/nouvelle-classe-c-berline\" target=\"_blank\" rel=\"noopener\">Mercedes Classe C<\/a> dans le secteur des berlines \u00e0 coffre. Ces voitures existent en gamme compl\u00e8te de motorisation, mais se d\u00e9marquent respectivement au niveau de leurs dimensions. \u00c0 l&rsquo;int\u00e9rieur, la Mercedes Classe C se distingue par son style \u00e9pur\u00e9 avec la planche de bord qui se prolonge sur les contre-portes, le volant \u00e0 jante \u00e9paisse pour une bonne prise en main et les finitions qui fr\u00f4lent la perfection. La BMW S\u00e9rie 3 conjugue plut\u00f4t confort de conduite et \u00e9l\u00e9gance avec ses traits de force, sa casquette d&rsquo;instrumentation et son levier de vitesse futuriste qui s&rsquo;apparente \u00e0 un joystick.<\/p>\n<p style=\"text-align: justify;\">\n<p style=\"text-align: justify;\">Pour plus d&rsquo;informations, venez \u00e9changer avec nos \u00e9quipes dans les <a href=\"https:\/\/www.bymycar.fr\/concessions\/bmw\" target=\"_blank\" rel=\"noopener\">concessions BYmyCAR BMW<\/a> et dans les <a href=\"https:\/\/www.bymycar.fr\/concessions\/mercedes\" target=\"_blank\" rel=\"noopener\">concessions BYmyCAR Mercedes<\/a> pour essayer le mod\u00e8le de vos r\u00eaves.<\/p>\n<p style=\"text-align: justify;\">\n<p>&nbsp;<\/p>\n<p style=\"text-align: center;\"><a href=\"https:\/\/www.bymycar.fr\/rechercher-un-vehicule?prod_VEHICLES%5BrefinementList%5D%5Bbrand%5D%5B0%5D=BMW&amp;prod_VEHICLES%5BrefinementList%5D%5Bbrand%5D%5B1%5D=MERCEDES\" target=\"_blank\" class=\"css-button css-button--gold\" >\n                D\u00e9couvrir le stock BMW et Mercedes &gt;\n        <\/a><\/p>\n<p>&nbsp;<\/p>\n<p>&nbsp;<\/p>\n<p><a href=\"https:\/\/www.bymycar.fr\/webzine\/guide-dachat-que-choisir-entre-une-mercedes-et-une-audi\/\">Que choisir entre une Mercedes et une Audi ?<\/a><\/p>\n<p>&nbsp;<\/p>\n","titre":"texte","image":false,"image_libre":false,"image_800x500":false,"legende":"","zoom":false,"texte":"","articles":false,"categorie_droite":false,"images":false,"elements_comparatif":false,"texte_1":"","texte_2":"","image_1":false,"image_1_563x400":false,"image_1_332x332":false,"image_2":false,"image_2_333x240":false,"image_2_563x400":false,"image_3":false,"image_3_333x240":false,"image_3_332x450":false,"image_4":false,"image_4_332x332":false,"image_4_563x400":false,"code_embed":"","legende_video":"","photo":false,"photo_100x100":false,"nom":"","fonction":"","elements_timeline":false,"entetes_colonnes":false,"entetes_lignes":false,"lignes":false,"introduction":"","formulaire":false,"question":"","reponse":"","libelle_bouton_lien":"","url_lien":"","questions":false,"conclusions":false,"pays":false,"region":false,"marque":false,"marqueConcessions":false,"modele":false,"ptvente":false,"typeV":false,"collection":false,"nombre_maximum_elements":10,"lien_fin_carousel":"","texte_lien_fin_carousel":"","trier_par":false}],"is_old_post":false,"page_content":{"block_content":[{"acf_fc_layout":"text-simple","--nav":{"-withNav":false,"-ancre":""},"--group":{"-text":"<h2>Technologies embarqu\u00e9es : BMW vs Mercedes<\/h2>\n<p>Dans le paysage automobile premium, BMW et Mercedes se livrent une bataille technologique intense pour offrir les syst\u00e8mes embarqu\u00e9es les plus avanc\u00e9s. Les deux constructeurs allemands d\u00e9ploient des technologies de pointe qui transforment l&rsquo;exp\u00e9rience de conduite, chacun avec sa propre philosophie.<\/p>\n<p>BMW privil\u00e9gie une approche centr\u00e9e sur le conducteur avec son nouveau syst\u00e8me BMW Panoramic iDrive, qui sera d\u00e9ploy\u00e9 sur tous les mod\u00e8les \u00e0 partir de fin 2025. Mercedes, quant \u00e0 elle, mise sur une exp\u00e9rience plus immersive avec son syst\u00e8me MBUX et l&rsquo;impressionnant Hyperscreen.<\/p>\n<p>Ces innovations majeures se distinguent notamment par :<\/p>\n<ul>\n<li>Le BMW Panoramic Vision : une technologie r\u00e9volutionnaire qui projette les informations sur toute la largeur du pare-brise, offrant une exp\u00e9rience utilisateur immersive et s\u00e9curisante, tout en gardant l&rsquo;orientation conducteur comme premi\u00e8re priorit\u00e9 ;<\/li>\n<li>Le Mercedes MBUX Hyperscreen : un \u00e9cran incurv\u00e9 g\u00e9ant s&rsquo;\u00e9tendant sur toute la largeur du tableau de bord, consid\u00e9r\u00e9 comme un joyau du design int\u00e9rieur et offrant une exp\u00e9rience digitale exceptionnelle pour tous les passagers ;<\/li>\n<li>Les mises \u00e0 jour OTA (Over-The-Air) : les deux constructeurs proposent d\u00e9sormais des mises \u00e0 jour \u00e0 distance permettant d&rsquo;am\u00e9liorer continuellement les fonctionnalit\u00e9s des v\u00e9hicules, BMW ayant d\u00e9j\u00e0 d\u00e9livr\u00e9 plus de 10 millions de mises \u00e0 jour logicielles dans le monde.<\/li>\n<\/ul>\n<p>Les r\u00e9sultats de cette course \u00e0 l&rsquo;innovation sont impressionnants : BMW se distingue par une int\u00e9gration plus naturelle et une orientation conducteur plus marqu\u00e9e, tandis que Mercedes excelle dans la spectacularit\u00e9 visuelle et le confort digital. Pour d\u00e9couvrir ces technologies en situation r\u00e9elle, n&rsquo;h\u00e9sitez pas \u00e0 essayer une <a href=\"https:\/\/www.bymycar.fr\/v\/mercedes-occasion\">Mercedes d&rsquo;occasion<\/a> aupr\u00e8s de nos conseillers BYmyCAR.<\/p>\n<h2>Plaisir de conduite et puissance moteur : BMW vs Mercedes<\/h2>\n<h3>Dynamisme et r\u00e9partition des masses BMW<\/h3>\n<p>Les BMW S\u00e9rie se distinguent par une approche ing\u00e9nieuse de la dynamique routi\u00e8re, avec une r\u00e9partition des masses parfaitement \u00e9quilibr\u00e9e \u00e0 50\/50 entre l&rsquo;avant et l&rsquo;arri\u00e8re. Cette configuration technique h\u00e9rit\u00e9e de l&rsquo;expertise en moteurs d&rsquo;avion du constructeur bavarois offre une agilit\u00e9 exceptionnelle dans les virages. Le ch\u00e2ssis des BMW, reconnu pour sa rigidit\u00e9, permet une pr\u00e9cision directionnelle remarquable et une stabilit\u00e9 impressionnante \u00e0 haute vitesse.<\/p>\n<p>Les motorisations BMW d\u00e9livrent un couple maximal g\u00e9n\u00e9reux (jusqu&rsquo;\u00e0 750 Nm pour certains mod\u00e8les M) avec une mont\u00e9e en r\u00e9gime lin\u00e9aire qui procure des sensations authentiques au conducteur. M\u00eame sur les versions \u00e9lectriques comme la BMW i7 M70, l&rsquo;ADN sportif de la marque reste pr\u00e9serv\u00e9 gr\u00e2ce \u00e0 des r\u00e9glages de suspension sp\u00e9cifiques et des but\u00e9es hydrauliques optimisant le comportement dynamique.<\/p>\n<h3>Confort et souplesse Mercedes-Benz<\/h3>\n<p>La marque \u00e0 l&rsquo;\u00e9toile sur le capot privil\u00e9gie une exp\u00e9rience de conduite ax\u00e9e sur le confort et la s\u00e9r\u00e9nit\u00e9. Mercedes-Benz excelle particuli\u00e8rement avec ses suspensions pneumatiques AIRMATIC qui s&rsquo;adaptent intelligemment aux conditions routi\u00e8res. Cette technologie exclusive permet \u00e0 la voiture de maintenir une garde au sol constante quelle que soit la charge et d&rsquo;absorber les imperfections de la route avec une efficacit\u00e9 remarquable.<\/p>\n<p>L&rsquo;habitacle ultra-silencieux des Mercedes-Benz cr\u00e9e une atmosph\u00e8re feutr\u00e9e o\u00f9 les bruits ext\u00e9rieurs sont consid\u00e9rablement att\u00e9nu\u00e9s. Les finitions AMG, bien que performantes avec des puissances atteignant 621 chevaux sur certains mod\u00e8les, conservent cette philosophie de confort raffin\u00e9 qui caract\u00e9rise la marque, offrant une exp\u00e9rience premium plut\u00f4t qu&rsquo;une approche purement sportive comme leurs homologues BMW M.<\/p>\n<table>\n<thead>\n<tr>\n<th>Caract\u00e9ristiques<\/th>\n<th>BMW<\/th>\n<th>Mercedes-Benz<\/th>\n<\/tr>\n<\/thead>\n<tbody>\n<tr>\n<td>Type de suspension<\/td>\n<td>But\u00e9es hydrauliques, amortissement pilot\u00e9<\/td>\n<td>Suspension pneumatique AIRMATIC<\/td>\n<\/tr>\n<tr>\n<td>Couple maximal<\/td>\n<td>Jusqu&rsquo;\u00e0 750 Nm (M5 CS)<\/td>\n<td>Jusqu&rsquo;\u00e0 900 Nm (mod\u00e8les AMG)<\/td>\n<\/tr>\n<tr>\n<td>Mode de propulsion<\/td>\n<td>Propulsion ou xDrive (4 roues motrices)<\/td>\n<td>Propulsion ou 4MATIC (4 roues motrices)<\/td>\n<\/tr>\n<tr>\n<td>Sensation au volant<\/td>\n<td>Sportive et engageante<\/td>\n<td>Confortable et raffin\u00e9e<\/td>\n<\/tr>\n<\/tbody>\n<\/table>\n<p>Que vous recherchiez l&rsquo;engagement sportif d&rsquo;une BMW ou le raffinement d&rsquo;une Mercedes-Benz, nos conseillers BYmyCAR vous guideront vers le mod\u00e8le qui correspond le mieux \u00e0 votre style de conduite et \u00e0 vos attentes.<\/p>\n<h2>Ing\u00e9nierie, documentation technique et fiabilit\u00e9<\/h2>\n<p>L&rsquo;excellence des deux constructeurs allemands se retrouve dans la profondeur de leur documentation technique et leur approche de la maintenance, \u00e9l\u00e9ments d\u00e9terminants pour des r\u00e9sultats optimaux en termes de fiabilit\u00e9.<\/p>\n<p>Leurs syst\u00e8mes propri\u00e9taires permettent une prise de d\u00e9cision \u00e9clair\u00e9e pour l&rsquo;entretien de chaque v\u00e9hicule :<\/p>\n<ul>\n<li>BMW propose le syst\u00e8me TIS (Technical Information System), regroupant plus de 1 000 documents VIN-sp\u00e9cifiques d\u00e9di\u00e9s \u00e0 chaque configuration de v\u00e9hicule, avec des proc\u00e9dures d\u00e9taill\u00e9es de montage\/d\u00e9montage et des modules de formation pour techniciens ;<\/li>\n<li>Mercedes-Benz met \u00e0 disposition la plateforme STAR TekInfo, r\u00e9f\u00e9rence officielle donnant acc\u00e8s \u00e0 l&rsquo;ensemble des donn\u00e9es de diagnostic, d&rsquo;\u00e9quipement d&rsquo;atelier et de documentation propri\u00e9taire, garantissant une maintenance pr\u00e9cise et adapt\u00e9e.<\/li>\n<\/ul>\n<p>Chez BYmyCAR, nos techniciens sont agr\u00e9\u00e9s par les constructeurs et b\u00e9n\u00e9ficient d&rsquo;un acc\u00e8s direct \u00e0 ces plateformes techniques exclusives. Cette ma\u00eetrise documentaire nous permet de vous garantir un entretien conforme aux standards les plus exigeants de BMW et Mercedes-Benz, avec une expertise qui contribue directement \u00e0 la long\u00e9vit\u00e9 et \u00e0 la fiabilit\u00e9 de votre v\u00e9hicule premium.<\/p>\n<h2>Design, confort et prix per\u00e7u : Mercedes ou BMW ?<\/h2>\n<p>Lorsque vous entrez dans une BMW ou une Mercedes-Benz, vous p\u00e9n\u00e9trez dans un univers o\u00f9 chaque d\u00e9tail est pens\u00e9 pour cr\u00e9er une exp\u00e9rience premium distinctive. Mercedes-Benz privil\u00e9gie une approche plus opulente avec des mat\u00e9riaux somptueux et un design int\u00e9rieur qui \u00e9voque le luxe \u00e0 l&rsquo;\u00e9tat pur. BMW, de son c\u00f4t\u00e9, propose un habitacle plus orient\u00e9 vers le conducteur avec sa nouvelle architecture Panoramic iDrive, offrant un design minimaliste mais tout aussi raffin\u00e9 qui place la technologie au service de l&rsquo;exp\u00e9rience de conduite.<\/p>\n<p>Les deux marques allemandes excellent dans l&rsquo;art de cr\u00e9er des environnements o\u00f9 le confort et la qualit\u00e9 per\u00e7ue atteignent des sommets, avec quelques diff\u00e9rences notables qui peuvent guider votre d\u00e9cision :<\/p>\n<ul>\n<li>Une sellerie premium avec du cuir Merino chez BMW ou des tissus recycl\u00e9s haute qualit\u00e9 chez Mercedes-Benz, tous deux offrant un confort optimal m\u00eame lors des longs trajets ;<\/li>\n<li>Des mat\u00e9riaux nobles comme l&rsquo;Alcantara, le bois v\u00e9ritable ou l&rsquo;aluminium bross\u00e9 qui habillent les surfaces tactiles et visuelles de l&rsquo;habitacle ;<\/li>\n<li>Un \u00e9clairage d&rsquo;ambiance personnalisable allant jusqu&rsquo;\u00e0 64 couleurs chez Mercedes-Benz, cr\u00e9ant une atmosph\u00e8re unique qui transforme l&rsquo;habitacle \u00e0 la tomb\u00e9e de la nuit ;<\/li>\n<li>Des technologies d&rsquo;isolation phonique qui \u00e9liminent les petits soucis de bruits ext\u00e9rieurs pour une exp\u00e9rience de conduite sereine.<\/li>\n<\/ul>\n<p>Pour obtenir une estimation pr\u00e9cise concernant les diff\u00e9rentes finitions et leur rapport qualit\u00e9-prix, n&rsquo;h\u00e9sitez pas \u00e0 contacter nos conseillers BYmyCAR qui vous guideront vers le mod\u00e8le correspondant parfaitement \u00e0 vos attentes.<\/p>\n<h2>Co\u00fbts d&rsquo;entretien et valeur de revente : la fiabilit\u00e9 sur le long terme<\/h2>\n<p>Qui est le plus fiable, Mercedes ou BMW ? Ce d\u00e9bat passionne les amateurs de berlines allemandes depuis des d\u00e9cennies. En r\u00e9alit\u00e9, les deux constructeurs pr\u00e9sentent des niveaux de fiabilit\u00e9 similaires, BMW se distinguant l\u00e9g\u00e8rement sur certains mod\u00e8les comme les S\u00e9rie 3, X1 et X3. La v\u00e9ritable diff\u00e9rence r\u00e9side dans l&rsquo;entretien : les BMW n\u00e9cessitent g\u00e9n\u00e9ralement des interventions moins on\u00e9reuses, tandis que Mercedes-Benz demande un suivi plus rigoureux mais offre une long\u00e9vit\u00e9 exceptionnelle.<\/p>\n<p>La valeur de revente t\u00e9moigne de cette fiabilit\u00e9 sur la dur\u00e9e. Les <a href=\"https:\/\/www.bymycar.fr\/v\/suv\">SUV<\/a> BMW conservent mieux leur cote (jusqu&rsquo;\u00e0 60% de leur valeur apr\u00e8s 5 ans), alors que les berlines Mercedes Classe S ou Classe E maintiennent une valorisation plus stable dans le temps. Cette diff\u00e9rence s&rsquo;explique par les choix technologiques et l&rsquo;approche d&rsquo;ing\u00e9nierie de chaque marque.<\/p>\n<table>\n<thead>\n<tr>\n<th>Type d&rsquo;entretien<\/th>\n<th>BMW<\/th>\n<th>Mercedes-Benz<\/th>\n<\/tr>\n<\/thead>\n<tbody>\n<tr>\n<td>Entretien courant<\/td>\n<td>Intervalles plus espac\u00e9s<\/td>\n<td>Plus fr\u00e9quent mais pr\u00e9ventif<\/td>\n<\/tr>\n<tr>\n<td>Entretien pr\u00e9ventif<\/td>\n<td>Ax\u00e9 performance<\/td>\n<td>Ax\u00e9 durabilit\u00e9 et confort<\/td>\n<\/tr>\n<\/tbody>\n<\/table>\n<p>Chez BYmyCAR, nos conseillers vous accompagnent dans le suivi de votre v\u00e9hicule allemand avec un programme d&rsquo;entretien personnalis\u00e9 qui pr\u00e9serve sa fiabilit\u00e9 et sa valeur dans le temps, quelle que soit la marque choisie.<\/p>\n<h2>FAQ<\/h2>\n<h3>Qui est le meilleur entre Mercedes et BMW ?<\/h3>\n<p>Il n&rsquo;existe pas de \u00ab meilleur \u00bb absolu, car chaque marque excelle dans des domaines diff\u00e9rents. BMW offre une conduite plus dynamique et engageante, tandis que Mercedes-Benz privil\u00e9gie le confort et les technologies d&rsquo;assistance. Nos conseillers BYmyCAR peuvent vous aider \u00e0 d\u00e9terminer quelle philosophie correspond le mieux \u00e0 vos attentes de conducteur.<\/p>\n<h3>BMW ou Mercedes : quelle marque choisir ?<\/h3>\n<p>Votre choix d\u00e9pend de votre rapport \u00e0 l&rsquo;automobile : pr\u00e9f\u00e9rez-vous l&rsquo;implication derri\u00e8re le volant (BMW) ou le confort et la s\u00e9r\u00e9nit\u00e9 (Mercedes-Benz) ? Les deux proposent une excellence technologique, mais avec des approches diff\u00e9rentes. Nos conseillers BYmyCAR vous accompagneront dans cette d\u00e9cision importante en fonction de votre style de vie.<\/p>\n<h3>BMW X1 ou Mercedes classe GLA : lequel choisir ?<\/h3>\n<p>Le <a href=\"https:\/\/www.bymycar.fr\/v\/bmw-x1\">BMW X1<\/a> se distingue par son caract\u00e8re plus baroudeur avec un design carr\u00e9, un coffre plus volumineux (540L contre 435L) et une meilleure visibilit\u00e9. Le <a href=\"https:\/\/www.bymycar.fr\/v\/mercedes-classe-gla\">Mercedes classe GLA<\/a> offre un \u00e9quilibre entre sportivit\u00e9 et \u00e9l\u00e9gance avec un habitacle raffin\u00e9. Ces deux <a href=\"https:\/\/www.bymycar.fr\/v\/suv\">SUV<\/a> compacts excellent en milieu urbain. Nos conseillers BYmyCAR vous guideront dans le choix du mod\u00e8le adapt\u00e9 \u00e0 vos besoins.<\/p>\n<h2>Pour aller plus loin<\/h2>\n<h3>\u00c0 lire \u00e9galement :<\/h3>\n<ul>\n<li><a href=\"https:\/\/www.bymycar.fr\/webzine\/guide-dachat-que-choisir-entre-une-mercedes-et-une-audi\/\">Que choisir entre une Mercedes et une Audi ?<\/a><\/li>\n<\/ul>\n<h3>Sources :<\/h3>\n<ul>\n<li><a href=\"https:\/\/archive.org\/details\/BMWTechnicalTrainingDocuments\/ST034%20E46%20Complete%20Vehicle\/1%20models\/\">BMW Technical Training Documents<\/a><\/li>\n<li><a href=\"https:\/\/www.mercedes-benz.fr\/passengercars\/services\/manuals.html\">Manuels du propri\u00e9taire Mercedes-Benz<\/a><\/li>\n<\/ul>\n"}}]},"image":{"ID":60945,"id":60945,"title":"24C0363_003 (1)","filename":"24C0363_003-1-scaled.jpg","filesize":444421,"url":"https:\/\/cdn.bymycar.eu\/fr-webzine\/wp-content\/uploads\/medias\/24C0363_003-1-scaled.jpg","link":"https:\/\/www.bymycar.fr\/webzine\/mercedes-classe-e-occasion-prix-2025-et-guide-dachat\/24c0363_003-1\/","alt":"Mercedes Classe E","author":"87","description":"","caption":"","name":"24c0363_003-1","status":"inherit","uploaded_to":60943,"date":"2025-10-07 08:23:36","modified":"2025-10-07 08:23:52","menu_order":0,"mime_type":"image\/jpeg","type":"image","subtype":"jpeg","icon":"https:\/\/www.bymycar.fr\/webzine\/wp-includes\/images\/media\/default.png","width":2560,"height":1707,"sizes":{"thumbnail":"https:\/\/cdn.bymycar.eu\/fr-webzine\/wp-content\/uploads\/medias\/24C0363_003-1-150x150.jpg","thumbnail-width":150,"thumbnail-height":150,"medium":"https:\/\/cdn.bymycar.eu\/fr-webzine\/wp-content\/uploads\/medias\/24C0363_003-1-300x200.jpg","medium-width":300,"medium-height":200,"medium_large":"https:\/\/cdn.bymycar.eu\/fr-webzine\/wp-content\/uploads\/medias\/24C0363_003-1-768x512.jpg","medium_large-width":768,"medium_large-height":512,"large":"https:\/\/cdn.bymycar.eu\/fr-webzine\/wp-content\/uploads\/medias\/24C0363_003-1-1024x683.jpg","large-width":1024,"large-height":683,"1536x1536":"https:\/\/cdn.bymycar.eu\/fr-webzine\/wp-content\/uploads\/medias\/24C0363_003-1-1536x1024.jpg","1536x1536-width":1536,"1536x1536-height":1024,"2048x2048":"https:\/\/cdn.bymycar.eu\/fr-webzine\/wp-content\/uploads\/medias\/24C0363_003-1-2048x1365.jpg","2048x2048-width":2048,"2048x2048-height":1365}},"add-to-bo":false,"add-carousel-to-footer":true},"yoast_head":"<!-- This site is optimized with the Yoast SEO Premium plugin v26.4 (Yoast SEO v26.4) - https:\/\/yoast.com\/wordpress\/plugins\/seo\/ -->\n<title>Guide d&#039;achat : Bmw ou Mercedes : quelle marque est faite pour vous ?<\/title>\n<meta name=\"robots\" content=\"index, follow, max-snippet:-1, max-image-preview:large, max-video-preview:-1\" \/>\n<link rel=\"canonical\" href=\"https:\/\/www.bymycar.fr\/webzine\/guide-dachat-bmw-ou-mercedes-quelle-marque-est-faite-pour-vous\/\" \/>\n<meta property=\"og:locale\" content=\"fr_FR\" \/>\n<meta property=\"og:type\" content=\"article\" \/>\n<meta property=\"og:title\" content=\"Guide d&#039;achat : Bmw ou Mercedes : quelle marque est faite pour vous ?\" \/>\n<meta property=\"og:url\" content=\"https:\/\/www.bymycar.fr\/webzine\/guide-dachat-bmw-ou-mercedes-quelle-marque-est-faite-pour-vous\/\" \/>\n<meta property=\"og:site_name\" content=\"Webzine auto BYmyCAR\" \/>\n<meta property=\"article:published_time\" content=\"2022-03-14T10:14:48+00:00\" \/>\n<meta property=\"article:modified_time\" content=\"2025-12-04T20:16:57+00:00\" \/>\n<meta name=\"author\" content=\"Gregoire LE BIHAN\" \/>\n<meta name=\"twitter:card\" content=\"summary_large_image\" \/>\n<meta name=\"twitter:label1\" content=\"\u00c9crit par\" \/>\n\t<meta name=\"twitter:data1\" content=\"Gregoire LE BIHAN\" \/>\n<script type=\"application\/ld+json\" class=\"yoast-schema-graph\">{\"@context\":\"https:\/\/schema.org\",\"@graph\":[{\"@type\":\"Article\",\"@id\":\"https:\/\/www.bymycar.fr\/webzine\/guide-dachat-bmw-ou-mercedes-quelle-marque-est-faite-pour-vous\/#article\",\"isPartOf\":{\"@id\":\"https:\/\/www.bymycar.fr\/webzine\/guide-dachat-bmw-ou-mercedes-quelle-marque-est-faite-pour-vous\/\"},\"author\":{\"name\":\"Gregoire LE BIHAN\",\"@id\":\"https:\/\/www.bymycar.fr\/webzine\/#\/schema\/person\/8c56906440ec126868bd40232b3445f0\"},\"headline\":\"Guide d&rsquo;achat : Bmw ou Mercedes : quelle marque est faite pour vous ?\",\"datePublished\":\"2022-03-14T10:14:48+00:00\",\"dateModified\":\"2025-12-04T20:16:57+00:00\",\"mainEntityOfPage\":{\"@id\":\"https:\/\/www.bymycar.fr\/webzine\/guide-dachat-bmw-ou-mercedes-quelle-marque-est-faite-pour-vous\/\"},\"wordCount\":12,\"publisher\":{\"@id\":\"https:\/\/www.bymycar.fr\/webzine\/#organization\"},\"articleSection\":[\"Guide d'achat BMW\",\"Guide d'achat Mercedes\"],\"inLanguage\":\"fr-FR\"},{\"@type\":\"WebPage\",\"@id\":\"https:\/\/www.bymycar.fr\/webzine\/guide-dachat-bmw-ou-mercedes-quelle-marque-est-faite-pour-vous\/\",\"url\":\"https:\/\/www.bymycar.fr\/webzine\/guide-dachat-bmw-ou-mercedes-quelle-marque-est-faite-pour-vous\/\",\"name\":\"Guide d'achat : Bmw ou Mercedes : quelle marque est faite pour vous ?\",\"isPartOf\":{\"@id\":\"https:\/\/www.bymycar.fr\/webzine\/#website\"},\"datePublished\":\"2022-03-14T10:14:48+00:00\",\"dateModified\":\"2025-12-04T20:16:57+00:00\",\"breadcrumb\":{\"@id\":\"https:\/\/www.bymycar.fr\/webzine\/guide-dachat-bmw-ou-mercedes-quelle-marque-est-faite-pour-vous\/#breadcrumb\"},\"inLanguage\":\"fr-FR\",\"potentialAction\":[{\"@type\":\"ReadAction\",\"target\":[\"https:\/\/www.bymycar.fr\/webzine\/guide-dachat-bmw-ou-mercedes-quelle-marque-est-faite-pour-vous\/\"]}]},{\"@type\":\"BreadcrumbList\",\"@id\":\"https:\/\/www.bymycar.fr\/webzine\/guide-dachat-bmw-ou-mercedes-quelle-marque-est-faite-pour-vous\/#breadcrumb\",\"itemListElement\":[{\"@type\":\"ListItem\",\"position\":1,\"name\":\"Accueil\",\"item\":\"https:\/\/www.bymycar.fr\/webzine\/\"},{\"@type\":\"ListItem\",\"position\":2,\"name\":\"Guide d&rsquo;achat : Bmw ou Mercedes : quelle marque est faite pour vous ?\"}]},{\"@type\":\"WebSite\",\"@id\":\"https:\/\/www.bymycar.fr\/webzine\/#website\",\"url\":\"https:\/\/www.bymycar.fr\/webzine\/\",\"name\":\"Webzine auto BYmyCAR\",\"description\":\"La magazine auto de BYmyCAR\",\"publisher\":{\"@id\":\"https:\/\/www.bymycar.fr\/webzine\/#organization\"},\"potentialAction\":[{\"@type\":\"SearchAction\",\"target\":{\"@type\":\"EntryPoint\",\"urlTemplate\":\"https:\/\/www.bymycar.fr\/webzine\/?s={search_term_string}\"},\"query-input\":{\"@type\":\"PropertyValueSpecification\",\"valueRequired\":true,\"valueName\":\"search_term_string\"}}],\"inLanguage\":\"fr-FR\"},{\"@type\":\"Organization\",\"@id\":\"https:\/\/www.bymycar.fr\/webzine\/#organization\",\"name\":\"BYmyCAR\",\"url\":\"https:\/\/www.bymycar.fr\/webzine\/\",\"logo\":{\"@type\":\"ImageObject\",\"inLanguage\":\"fr-FR\",\"@id\":\"https:\/\/www.bymycar.fr\/webzine\/#\/schema\/logo\/image\/\",\"url\":\"https:\/\/cdn.bymycar.eu\/fr-webzine\/wp-content\/uploads\/medias\/2017\/08\/logo_DEALER_00000406_001.png\",\"contentUrl\":\"https:\/\/cdn.bymycar.eu\/fr-webzine\/wp-content\/uploads\/medias\/2017\/08\/logo_DEALER_00000406_001.png\",\"width\":2132,\"height\":720,\"caption\":\"BYmyCAR\"},\"image\":{\"@id\":\"https:\/\/www.bymycar.fr\/webzine\/#\/schema\/logo\/image\/\"}},{\"@type\":\"Person\",\"@id\":\"https:\/\/www.bymycar.fr\/webzine\/#\/schema\/person\/8c56906440ec126868bd40232b3445f0\",\"name\":\"Gregoire LE BIHAN\",\"image\":{\"@type\":\"ImageObject\",\"inLanguage\":\"fr-FR\",\"@id\":\"https:\/\/www.bymycar.fr\/webzine\/#\/schema\/person\/image\/\",\"url\":\"https:\/\/secure.gravatar.com\/avatar\/1356d71f3c6eed50de358ba425c9944b742a0d35f88e0d5f8afe88fdac525492?s=96&d=mm&r=g\",\"contentUrl\":\"https:\/\/secure.gravatar.com\/avatar\/1356d71f3c6eed50de358ba425c9944b742a0d35f88e0d5f8afe88fdac525492?s=96&d=mm&r=g\",\"caption\":\"Gregoire LE BIHAN\"}}]}<\/script>\n<!-- \/ Yoast SEO Premium plugin. -->","yoast_head_json":{"title":"Guide d'achat : Bmw ou Mercedes : quelle marque est faite pour vous ?","robots":{"index":"index","follow":"follow","max-snippet":"max-snippet:-1","max-image-preview":"max-image-preview:large","max-video-preview":"max-video-preview:-1"},"canonical":"https:\/\/www.bymycar.fr\/webzine\/guide-dachat-bmw-ou-mercedes-quelle-marque-est-faite-pour-vous\/","og_locale":"fr_FR","og_type":"article","og_title":"Guide d'achat : Bmw ou Mercedes : quelle marque est faite pour vous ?","og_url":"https:\/\/www.bymycar.fr\/webzine\/guide-dachat-bmw-ou-mercedes-quelle-marque-est-faite-pour-vous\/","og_site_name":"Webzine auto BYmyCAR","article_published_time":"2022-03-14T10:14:48+00:00","article_modified_time":"2025-12-04T20:16:57+00:00","author":"Gregoire LE BIHAN","twitter_card":"summary_large_image","twitter_misc":{"\u00c9crit par":"Gregoire LE BIHAN"},"schema":{"@context":"https:\/\/schema.org","@graph":[{"@type":"Article","@id":"https:\/\/www.bymycar.fr\/webzine\/guide-dachat-bmw-ou-mercedes-quelle-marque-est-faite-pour-vous\/#article","isPartOf":{"@id":"https:\/\/www.bymycar.fr\/webzine\/guide-dachat-bmw-ou-mercedes-quelle-marque-est-faite-pour-vous\/"},"author":{"name":"Gregoire LE BIHAN","@id":"https:\/\/www.bymycar.fr\/webzine\/#\/schema\/person\/8c56906440ec126868bd40232b3445f0"},"headline":"Guide d&rsquo;achat : Bmw ou Mercedes : quelle marque est faite pour vous ?","datePublished":"2022-03-14T10:14:48+00:00","dateModified":"2025-12-04T20:16:57+00:00","mainEntityOfPage":{"@id":"https:\/\/www.bymycar.fr\/webzine\/guide-dachat-bmw-ou-mercedes-quelle-marque-est-faite-pour-vous\/"},"wordCount":12,"publisher":{"@id":"https:\/\/www.bymycar.fr\/webzine\/#organization"},"articleSection":["Guide d'achat BMW","Guide d'achat Mercedes"],"inLanguage":"fr-FR"},{"@type":"WebPage","@id":"https:\/\/www.bymycar.fr\/webzine\/guide-dachat-bmw-ou-mercedes-quelle-marque-est-faite-pour-vous\/","url":"https:\/\/www.bymycar.fr\/webzine\/guide-dachat-bmw-ou-mercedes-quelle-marque-est-faite-pour-vous\/","name":"Guide d'achat : Bmw ou Mercedes : quelle marque est faite pour vous ?","isPartOf":{"@id":"https:\/\/www.bymycar.fr\/webzine\/#website"},"datePublished":"2022-03-14T10:14:48+00:00","dateModified":"2025-12-04T20:16:57+00:00","breadcrumb":{"@id":"https:\/\/www.bymycar.fr\/webzine\/guide-dachat-bmw-ou-mercedes-quelle-marque-est-faite-pour-vous\/#breadcrumb"},"inLanguage":"fr-FR","potentialAction":[{"@type":"ReadAction","target":["https:\/\/www.bymycar.fr\/webzine\/guide-dachat-bmw-ou-mercedes-quelle-marque-est-faite-pour-vous\/"]}]},{"@type":"BreadcrumbList","@id":"https:\/\/www.bymycar.fr\/webzine\/guide-dachat-bmw-ou-mercedes-quelle-marque-est-faite-pour-vous\/#breadcrumb","itemListElement":[{"@type":"ListItem","position":1,"name":"Accueil","item":"https:\/\/www.bymycar.fr\/webzine\/"},{"@type":"ListItem","position":2,"name":"Guide d&rsquo;achat : Bmw ou Mercedes : quelle marque est faite pour vous ?"}]},{"@type":"WebSite","@id":"https:\/\/www.bymycar.fr\/webzine\/#website","url":"https:\/\/www.bymycar.fr\/webzine\/","name":"Webzine auto BYmyCAR","description":"La magazine auto de BYmyCAR","publisher":{"@id":"https:\/\/www.bymycar.fr\/webzine\/#organization"},"potentialAction":[{"@type":"SearchAction","target":{"@type":"EntryPoint","urlTemplate":"https:\/\/www.bymycar.fr\/webzine\/?s={search_term_string}"},"query-input":{"@type":"PropertyValueSpecification","valueRequired":true,"valueName":"search_term_string"}}],"inLanguage":"fr-FR"},{"@type":"Organization","@id":"https:\/\/www.bymycar.fr\/webzine\/#organization","name":"BYmyCAR","url":"https:\/\/www.bymycar.fr\/webzine\/","logo":{"@type":"ImageObject","inLanguage":"fr-FR","@id":"https:\/\/www.bymycar.fr\/webzine\/#\/schema\/logo\/image\/","url":"https:\/\/cdn.bymycar.eu\/fr-webzine\/wp-content\/uploads\/medias\/2017\/08\/logo_DEALER_00000406_001.png","contentUrl":"https:\/\/cdn.bymycar.eu\/fr-webzine\/wp-content\/uploads\/medias\/2017\/08\/logo_DEALER_00000406_001.png","width":2132,"height":720,"caption":"BYmyCAR"},"image":{"@id":"https:\/\/www.bymycar.fr\/webzine\/#\/schema\/logo\/image\/"}},{"@type":"Person","@id":"https:\/\/www.bymycar.fr\/webzine\/#\/schema\/person\/8c56906440ec126868bd40232b3445f0","name":"Gregoire LE BIHAN","image":{"@type":"ImageObject","inLanguage":"fr-FR","@id":"https:\/\/www.bymycar.fr\/webzine\/#\/schema\/person\/image\/","url":"https:\/\/secure.gravatar.com\/avatar\/1356d71f3c6eed50de358ba425c9944b742a0d35f88e0d5f8afe88fdac525492?s=96&d=mm&r=g","contentUrl":"https:\/\/secure.gravatar.com\/avatar\/1356d71f3c6eed50de358ba425c9944b742a0d35f88e0d5f8afe88fdac525492?s=96&d=mm&r=g","caption":"Gregoire LE BIHAN"}}]}},"_links":{"self":[{"href":"https:\/\/www.bymycar.fr\/webzine\/wp-json\/wp\/v2\/posts\/25977","targetHints":{"allow":["GET"]}}],"collection":[{"href":"https:\/\/www.bymycar.fr\/webzine\/wp-json\/wp\/v2\/posts"}],"about":[{"href":"https:\/\/www.bymycar.fr\/webzine\/wp-json\/wp\/v2\/types\/post"}],"author":[{"embeddable":true,"href":"https:\/\/www.bymycar.fr\/webzine\/wp-json\/wp\/v2\/users\/9"}],"replies":[{"embeddable":true,"href":"https:\/\/www.bymycar.fr\/webzine\/wp-json\/wp\/v2\/comments?post=25977"}],"version-history":[{"count":4,"href":"https:\/\/www.bymycar.fr\/webzine\/wp-json\/wp\/v2\/posts\/25977\/revisions"}],"predecessor-version":[{"id":62525,"href":"https:\/\/www.bymycar.fr\/webzine\/wp-json\/wp\/v2\/posts\/25977\/revisions\/62525"}],"wp:attachment":[{"href":"https:\/\/www.bymycar.fr\/webzine\/wp-json\/wp\/v2\/media?parent=25977"}],"wp:term":[{"taxonomy":"category","embeddable":true,"href":"https:\/\/www.bymycar.fr\/webzine\/wp-json\/wp\/v2\/categories?post=25977"},{"taxonomy":"post_tag","embeddable":true,"href":"https:\/\/www.bymycar.fr\/webzine\/wp-json\/wp\/v2\/tags?post=25977"}],"curies":[{"name":"wp","href":"https:\/\/api.w.org\/{rel}","templated":true}]}}