{"id":25682,"date":"2022-03-07T14:15:55","date_gmt":"2022-03-07T13:15:55","guid":{"rendered":"https:\/\/prod.bymycar.fr\/webzine\/?p=25682"},"modified":"2025-12-04T16:23:32","modified_gmt":"2025-12-04T15:23:32","slug":"guide-dachat-audi-ou-volkswagen-quelle-marque-est-faite-pour-vous","status":"publish","type":"post","link":"https:\/\/www.bymycar.fr\/webzine\/guide-dachat-audi-ou-volkswagen-quelle-marque-est-faite-pour-vous\/","title":{"rendered":"Guide d&rsquo;achat : Audi ou Volkswagen : quelle marque est faite pour vous ?"},"content":{"rendered":"","protected":false},"excerpt":{"rendered":"","protected":false},"author":9,"featured_media":0,"comment_status":"closed","ping_status":"closed","sticky":false,"template":"","format":"standard","meta":{"_acf_changed":false,"footnotes":""},"categories":[12897],"tags":[],"class_list":["post-25682","post","type-post","status-publish","format-standard","hentry","category-guide-dachat-volkswagen"],"acf":{"template":"classique","introduction":"<p>Vous h\u00e9sitez entre l&rsquo;\u00e9l\u00e9gance technologique d&rsquo;Audi et le pragmatisme efficace de Volkswagen ? Ce choix important m\u00e9rite r\u00e9flexion, car ces deux marques embl\u00e9matiques du groupe Volkswagen proposent des approches diff\u00e9rentes de l&rsquo;automobile. Chez BYmyCAR, notre expertise multi-marques nous permet de vous guider objectivement vers le v\u00e9hicule qui correspond parfaitement \u00e0 vos attentes, qu&rsquo;il s&rsquo;agisse d&rsquo;une berline familiale polyvalente ou d&rsquo;un SUV haut de gamme aux finitions raffin\u00e9es.<\/p>\n<p><strong>Ce qu&rsquo;il faut retenir<\/strong><\/p>\n<p>Voici les points essentiels pour vous aider \u00e0 choisir entre Audi et Volkswagen :<\/p>\n<ul>\n<li><strong>Positionnement distinct<\/strong> : Audi privil\u00e9gie l&rsquo;exp\u00e9rience premium avec des technologies avanc\u00e9es, des mat\u00e9riaux raffin\u00e9s et un design sophistiqu\u00e9, tandis que Volkswagen mise sur la polyvalence, la praticit\u00e9 et un excellent rapport qualit\u00e9\/prix ;<\/li>\n<li><strong>Bases techniques partag\u00e9es<\/strong> : les deux marques du Groupe Volkswagen utilisent les m\u00eames plateformes (MQB, MEB) et motorisations, garantissant une qualit\u00e9 de fabrication similaire tout en proposant des approches diff\u00e9rentes selon vos attentes ;<\/li>\n<li><strong>Accompagnement personnalis\u00e9<\/strong> : que vous recherchiez l&rsquo;\u00e9l\u00e9gance technologique d&rsquo;Audi ou l&rsquo;efficacit\u00e9 pragmatique de Volkswagen, nos conseillers BYmyCAR vous guident vers le v\u00e9hicule parfaitement adapt\u00e9 \u00e0 vos besoins et votre style de vie.<\/li>\n<\/ul>\n<p>Votre choix d\u00e9pendra essentiellement de l&rsquo;importance que vous accordez au prestige et aux finitions haut de gamme versus la recherche d&rsquo;une solution automobile polyvalente et accessible.<\/p>\n","strates":[{"type_strate":"texte-simple","ancre":"","contenu":"<h2 style=\"text-align: justify;\">Volkswagen et Audi : cr\u00e9ation, rachat, filiales et chiffre d\u2019affaires<\/h2>\n<p style=\"text-align: justify;\">Les voitures Volkswagen et Audi pr\u00e9sentent de plus en plus de similarit\u00e9 en mati\u00e8re de design, de technologie et de puissance. Quoi de plus normal puisque Audi fait partie des nombreuses filiales de VW.<\/p>\n<h3 style=\"text-align: justify;\">Qui a cr\u00e9\u00e9 le groupe Volkswagen et qui est le pr\u00e9sident ?<\/h3>\n<p style=\"text-align: justify;\">Volkswagen n\u2019est plus \u00e0 pr\u00e9senter dans le domaine de l\u2019automobile. Il fait partie des plus embl\u00e9matiques constructeurs automobiles. Pour rappel, Volkswagen est une soci\u00e9t\u00e9 cr\u00e9\u00e9e en 1937 \u00e0 l\u2019initiative du Front allemand du travail. Le mod\u00e8le \u00e9conomique a \u00e9t\u00e9 imagin\u00e9 par Adolf Hitler et Ferdinand Porsche. L\u2019objectif \u00e9tait de faire en sorte que tous les Allemands puissent avoir des voitures allemandes. D\u2019ailleurs, VW signifiait voiture du peuple.<\/p>\n<p style=\"text-align: justify;\">Depuis, l\u2019entreprise s\u2019est d\u00e9velopp\u00e9e au point de devenir l\u2019une des meilleures marques automobiles du monde. D\u2019ailleurs, le constructeur allemand, sous la pr\u00e9sidence de Herbert Diess, a d\u00e9j\u00e0 \u00e9t\u00e9 premier au rang mondial en 2018 et a r\u00e9alis\u00e9 plus de 113 milliards d\u2019euros de chiffre d\u2019affaires de ventes de v\u00e9hicules en 2008. C\u2019est dire que de nombreux automobilistes font confiance \u00e0 la marque.<\/p>\n<h3 style=\"text-align: justify;\">Quand l\u2019entreprise Volkswagen, propri\u00e9taire de Porsche, a rachet\u00e9 Audi ?<\/h3>\n<p style=\"text-align: justify;\">Durant son existence, le groupe Volkswagen a investi des parts dans de nombreuses entreprises automobiles. Parmi elles, VW a rachet\u00e9 Audi en 1964, une marque tourn\u00e9e vers l\u2019utilisation de technologies de pointe. Depuis, Audi sert de marque premium pour Volkswagen. Les voitures produites sont g\u00e9n\u00e9ralement pr\u00e9sent\u00e9es dans le segment du luxe. Bref, ceux qui recherchent du luxe et de la performance sont servis avec une voiture de la marque Audi. Pour rappel, cette marque est derri\u00e8re le lancement de la transmission \u00e0 quatre roues motrices et le turbocompresseur dans les ann\u00e9es 1970.<\/p>\n<h2 style=\"text-align: justify;\">Quelle est la marque de voiture allemande la plus fiable ?<\/h2>\n<p style=\"text-align: justify;\">D\u2019une mani\u00e8re g\u00e9n\u00e9rale, les constructeurs de voitures allemandes se valent. Chacun propose des mod\u00e8les fiables et avec une belle image de marque. Toutefois, Audi, Volkswagen, BMW, Porsche et Opel sont consid\u00e9r\u00e9s comme les meilleurs dans le monde.<\/p>\n<h3 style=\"text-align: justify;\">Quelle marque automobile est la plus fiable entre Audi et Volkswagen ?<\/h3>\n<p style=\"text-align: justify;\">Les groupes Audi et Volkswagen sont connus pour leurs nombreuses gammes de voitures \u00e0 la fois design et performantes. Entre les deux, il est difficile de faire un choix en termes de fiabilit\u00e9. En effet, ils pr\u00e9sentent des mod\u00e8les tr\u00e8s fiables.<\/p>\n<p style=\"text-align: justify;\">Dans le cas d\u2019Audi, les mod\u00e8les consid\u00e9r\u00e9s comme <a href=\"https:\/\/www.bymycar.fr\/v\/audi-a3-occasion\">les plus fiables sont l\u2019Audi A3<\/a>, A6, Q3 et TT.<\/p>\n<p style=\"text-align: justify;\">Du c\u00f4t\u00e9 du groupe Volkswagen, les mod\u00e8les \u00e0 privil\u00e9gier sont les :<\/p>\n<ul style=\"text-align: justify;\">\n<li>Beetle de 2015 \u00e0 2019 ;<\/li>\n<li>Passat de 2012 \u00e0 2019 ;<\/li>\n<li>Jetta de 2012 \u00e0 2017 ;<\/li>\n<li>Tiguan de 2011 \u00e0 2017 ;<\/li>\n<li><a href=\"https:\/\/www.bymycar.fr\/marques\/volkswagen\/nouvelle-golf\" target=\"_blank\" rel=\"noopener\">Golf<\/a> de 2015 \u00e0 2019.<\/li>\n<\/ul>\n<h3 style=\"text-align: justify;\">Quel est le moteur le plus fiable chez Audi fabriqu\u00e9 dans les usines Volkswagen ?<\/h3>\n<p style=\"text-align: justify;\">Que ce soit Audi ou Volkswagen, les deux marques sont connues pour la puissance de leurs voitures, mais aussi pour avoir install\u00e9 un moteur fiable. Il s\u2019agit du 1.9 TDI pr\u00e9sentant une dur\u00e9e de vie illimit\u00e9e et une faible consommation.<\/p>\n<p>&nbsp;<\/p>\n<p style=\"text-align: center;\"><a href=\"https:\/\/www.bymycar.fr\/rechercher-un-vehicule?prod_VEHICLES%5BrefinementList%5D%5Bbrand%5D%5B0%5D=AUDI&amp;prod_VEHICLES%5BrefinementList%5D%5Bbrand%5D%5B1%5D=VOLKSWAGEN\" target=\"_blank\" class=\"css-button css-button--gold\" >\n                Voir le stock Audi et Volkswagen &gt;\n        <\/a><\/p>\n<p>&nbsp;<\/p>\n<p>&nbsp;<\/p>\n<p><a href=\"https:\/\/www.bymycar.fr\/webzine\/guide-dachat-audi-ou-volkswagen-quelle-marque-est-faite-pour-vous\/\">Quand la premi\u00e8re Volkswagen a-t-elle \u00e9t\u00e9 exploit\u00e9e ?<\/a><\/p>\n<p><a href=\"https:\/\/www.bymycar.fr\/webzine\/audi-ou-bmw-quelle-marque-est-faite-pour-vous\/\">Audi ou BMW : quelle marque est faite pour vous ?<\/a><\/p>\n","titre":"texte","image":false,"image_libre":false,"image_800x500":false,"legende":"","zoom":false,"texte":"","articles":false,"categorie_droite":false,"images":false,"elements_comparatif":false,"texte_1":"","texte_2":"","image_1":false,"image_1_563x400":false,"image_1_332x332":false,"image_2":false,"image_2_333x240":false,"image_2_563x400":false,"image_3":false,"image_3_333x240":false,"image_3_332x450":false,"image_4":false,"image_4_332x332":false,"image_4_563x400":false,"code_embed":"","legende_video":"","photo":false,"photo_100x100":false,"nom":"","fonction":"","elements_timeline":false,"entetes_colonnes":false,"entetes_lignes":false,"lignes":false,"introduction":"","formulaire":false,"question":"","reponse":"","libelle_bouton_lien":"","url_lien":"","questions":false,"conclusions":false,"pays":false,"region":false,"marque":false,"marqueConcessions":false,"modele":false,"ptvente":false,"typeV":false,"collection":false,"nombre_maximum_elements":10,"lien_fin_carousel":"","texte_lien_fin_carousel":"","trier_par":false}],"is_old_post":false,"page_content":{"block_content":[{"acf_fc_layout":"text-simple","--nav":{"-withNav":false,"-ancre":""},"--group":{"-text":"<h2>Diff\u00e9rences Techniques et Gammes<\/h2>\n<h3>Motorisations et plateformes partag\u00e9es<\/h3>\n<p>Au sein du groupe Volkswagen, Audi et Volkswagen partagent des plateformes techniques communes mais avec des approches distinctes. La plateforme MQB (Modularer Querbaukasten ou \u00ab\u00a0Matrice Transversale Modulaire\u00a0\u00bb) repr\u00e9sente le fondement technique de nombreux mod\u00e8les, de la Volkswagen Golf jusqu&rsquo;aux\u00a0<a href=\"https:\/\/www.bymycar.fr\/v\/suv\">SUV<\/a> compacts comme l&rsquo;Audi Q3. Cette architecture permet au groupe de produire une grande vari\u00e9t\u00e9 de v\u00e9hicules de mani\u00e8re efficace et \u00e9conomique. Pour les v\u00e9hicules \u00e9lectriques, le groupe s&rsquo;appuie sur la plateforme MEB (Modularer Elektrifizierungs Baukasten), sp\u00e9cialement con\u00e7ue pour les mod\u00e8les z\u00e9ro \u00e9mission.<\/p>\n<p>Volkswagen privil\u00e9gie les moteurs \u00e0 architecture transversale, parfaitement adapt\u00e9s \u00e0 sa philosophie de traction avant, optimisant ainsi l&rsquo;espace int\u00e9rieur et le volume du coffre. De son c\u00f4t\u00e9, Audi utilise \u00e0 la fois des architectures transversales pour ses mod\u00e8les compacts (A1, A3) et longitudinales pour ses v\u00e9hicules premium (A4, A6, Q5), cette derni\u00e8re configuration favorisant sa c\u00e9l\u00e8bre transmission quattro.<\/p>\n<h3>Innovations Audi &amp; modularit\u00e9 Volkswagen<\/h3>\n<p>Audi se distingue par des innovations technologiques exclusives comme la transmission int\u00e9grale quattro, r\u00e9f\u00e9rence en mati\u00e8re de motricit\u00e9 et de s\u00e9curit\u00e9 active. Cette technologie s&rsquo;adapte d\u00e9sormais aux motorisations \u00e9lectriques avec le syst\u00e8me e-quattro des mod\u00e8les e-tron, permettant une distribution ultrarapide du couple entre les essieux. C\u00f4t\u00e9 Volkswagen, l&rsquo;approche privil\u00e9gie la modularit\u00e9, particuli\u00e8rement visible sur la Golf, mod\u00e8le embl\u00e9matique vendu dans le monde entier avec plus de 35 millions d&rsquo;exemplaires. Sa conception modulaire permet d&rsquo;offrir une grande vari\u00e9t\u00e9 de carrosseries et de motorisations sur une base commune.<\/p>\n<p>Les deux marques ont adopt\u00e9 des strat\u00e9gies d&rsquo;\u00e9lectrification diff\u00e9rentes : Audi mise sur le haut de gamme avec sa gamme e-tron associant performances et autonomie \u00e9tendue, tandis que Volkswagen d\u00e9mocratise l&rsquo;\u00e9lectrique avec sa famille ID, plus accessible au grand public.<\/p>\n<h3>Positionnement mondial des deux marques<\/h3>\n<p>Sur le march\u00e9 mondial, <a href=\"https:\/\/www.bymycar.fr\/marques\/volkswagen\">Volkswagen<\/a> se positionne comme une marque g\u00e9n\u00e9raliste premium, pr\u00e9sente dans plus de 150 pays, avec une forte implantation en Europe, en Chine et en Am\u00e9rique du Sud. La Golf reste son mod\u00e8le phare et symbolise parfaitement sa philosophie : fiabilit\u00e9, polyvalence et rapport qualit\u00e9\/prix optimis\u00e9. <a href=\"https:\/\/www.bymycar.fr\/marques\/audi\">Audi<\/a>, quant \u00e0 elle, \u00e9volue dans l&rsquo;univers du luxe accessible, rivalisant directement avec BMW et Mercedes-Benz sur les march\u00e9s internationaux, notamment en Chine o\u00f9 la marque aux anneaux conna\u00eet un succ\u00e8s consid\u00e9rable.<\/p>\n<p>Cette diff\u00e9rence de positionnement se refl\u00e8te \u00e9galement dans les r\u00e9seaux de distribution : les concessions Audi proposent une exp\u00e9rience client plus exclusive, tandis que Volkswagen mise sur un maillage territorial dense et une approche plus pragmatique.<\/p>\n<table>\n<thead>\n<tr>\n<th>Caract\u00e9ristique<\/th>\n<th>Audi<\/th>\n<th>Volkswagen<\/th>\n<\/tr>\n<\/thead>\n<tbody>\n<tr>\n<td>Architecture moteur privil\u00e9gi\u00e9e<\/td>\n<td>Longitudinale (A4 \u00e0 A8) et Transversale (A1, A3)<\/td>\n<td>Transversale (toute la gamme)<\/td>\n<\/tr>\n<tr>\n<td>Transmission<\/td>\n<td>quattro (int\u00e9grale) et traction<\/td>\n<td>Principalement traction, 4Motion sur certains mod\u00e8les<\/td>\n<\/tr>\n<tr>\n<td>Plateforme \u00e9lectrique<\/td>\n<td>PPE et J1 (haut de gamme)<\/td>\n<td>MEB (milieu de gamme)<\/td>\n<\/tr>\n<tr>\n<td>Positionnement<\/td>\n<td>Premium sportif<\/td>\n<td>G\u00e9n\u00e9raliste premium<\/td>\n<\/tr>\n<\/tbody>\n<\/table>\n<h2>Comparaisons de Mod\u00e8les<\/h2>\n<h3>Citadines : Volkswagen Polo vs Audi A1<\/h3>\n<p>La Volkswagen Polo et l&rsquo;Audi A1 illustrent parfaitement les diff\u00e9rentes philosophies des deux constructeurs allemands. La Polo se distingue par son approche pragmatique avec une conduite orient\u00e9e vers le confort quotidien et des motorisations efficaces allant jusqu&rsquo;\u00e0 115 ch. Elle propose un habitacle fonctionnel avec un \u00e9quipement technologique complet incluant un \u00e9cran tactile de 8 pouces et un cockpit digital d\u00e8s les premiers niveaux de finition. La Volkswagen Polo s\u00e9duit par son rapport qualit\u00e9\/prix et sa polyvalence urbaine.<\/p>\n<p>L&rsquo;Audi A1, quant \u00e0 elle, transpose l&rsquo;ADN premium de la marque aux anneaux dans le segment des citadines. Avec des motorisations plus performantes pouvant atteindre 197 ch, elle offre une conduite plus dynamique et sportive. Son design ext\u00e9rieur distinctif avec sa calandre Singleframe et ses lignes affirm\u00e9es lui conf\u00e8re une allure plus statutaire. L&rsquo;habitacle b\u00e9n\u00e9ficie de mat\u00e9riaux de qualit\u00e9 sup\u00e9rieure et d&rsquo;une finition soign\u00e9e digne des mod\u00e8les haut de gamme d&rsquo;Audi.<\/p>\n<h3>Berlines : Volkswagen Golf vs Audi A3<\/h3>\n<p>La Volkswagen Golf, v\u00e9ritable ic\u00f4ne de la marque, se positionne comme une r\u00e9f\u00e9rence incontournable dans le segment des berlines compactes. La Golf dans sa huiti\u00e8me g\u00e9n\u00e9ration propose une gamme compl\u00e8te de motorisations allant des versions essence aux hybrides rechargeables. Son habitacle modernis\u00e9 int\u00e8gre d\u00e9sormais un tableau de bord num\u00e9rique et un syst\u00e8me d&rsquo;infodivertissement connect\u00e9. La Golf s\u00e9duit par sa polyvalence et son coffre g\u00e9n\u00e9reux de 380 litres qui r\u00e9pond parfaitement aux besoins quotidiens.<\/p>\n<p>De son c\u00f4t\u00e9, l&rsquo;Audi A3 reprend les fondamentaux de la Golf mais y ajoute une touche premium distinctive. Son design ext\u00e9rieur plus affirm\u00e9 et son habitacle raffin\u00e9 avec des mat\u00e9riaux de haute qualit\u00e9 en font bien plus qu&rsquo;une simple Golf am\u00e9lior\u00e9e. L&rsquo;A3 propose \u00e9galement des technologies avanc\u00e9es comme les phares Matrix LED et un syst\u00e8me d&rsquo;infodivertissement plus sophistiqu\u00e9. La nouvelle g\u00e9n\u00e9ration de l&rsquo;Audi A3 se d\u00e9marque par ses performances dynamiques et son confort routier sup\u00e9rieur.<\/p>\n<h3>SUV compacts : Volkswagen T-Roc vs Audi Q3<\/h3>\n<p>Dans l&rsquo;univers des SUV compacts, le Volkswagen T-Roc se distingue par son design moderne et ses lignes dynamiques. R\u00e9cemment restyl\u00e9, il offre un gabarit id\u00e9al pour la ville tout en conservant une belle habitabilit\u00e9. Le T-Roc propose plusieurs motorisations efficientes et un \u00e9quipement technologique complet avec notamment un syst\u00e8me d&rsquo;aide \u00e0 la conduite \u00e9volu\u00e9. Son coffre g\u00e9n\u00e9reux de 445 litres en fait un compagnon id\u00e9al pour les escapades du week-end.<\/p>\n<p>L&rsquo;<a href=\"https:\/\/www.bymycar.fr\/v\/audi-q3\">Audi Q3<\/a> \u00e9l\u00e8ve le concept de SUV compact vers le premium avec une pr\u00e9sentation ext\u00e9rieure plus sophistiqu\u00e9e et des finitions int\u00e9rieures luxueuses. Sa transmission quattro disponible sur plusieurs versions lui conf\u00e8re une motricit\u00e9 sup\u00e9rieure. Le Q3 propose \u00e9galement des motorisations plus puissantes et une insonorisation renforc\u00e9e pour un confort optimal. Sa technologie embarqu\u00e9e de pointe inclut le syst\u00e8me MMI Touch avec commandes vocales et une connectivit\u00e9 avanc\u00e9e.<\/p>\n<h3>Breaks et familiales : tourisme pratique ou premium ?<\/h3>\n<p>Dans le segment des breaks, Volkswagen propose le Passat SW qui se distingue par son volume de coffre impressionnant atteignant 650 litres. La Passat SW offre un \u00e9quilibre parfait entre espace, confort et technologies utiles au quotidien. Son design \u00e9l\u00e9gant et ses motorisations efficientes en font un choix judicieux pour les familles et les professionnels \u00e0 la recherche d&rsquo;espace.<\/p>\n<p>Chez Audi, l&rsquo;A4 Avant conjugue praticit\u00e9 et prestige avec un design plus dynamique et des mat\u00e9riaux premium. Si son volume de coffre est l\u00e9g\u00e8rement inf\u00e9rieur (505 litres), l&rsquo;A4 Avant compense par un niveau de finition sup\u00e9rieur et des technologies plus avanc\u00e9es comme le Virtual Cockpit. La conduite plus dynamique et le confort acoustique renforc\u00e9 de l&rsquo;A4 Avant en font une r\u00e9f\u00e9rence pour les longs trajets.<\/p>\n<p>Pour d\u00e9couvrir le mod\u00e8le qui correspondra parfaitement \u00e0 vos besoins et \u00e0 votre style de vie, nos conseillers BYmyCAR sont \u00e0 votre disposition pour vous guider dans votre choix et vous proposer un essai personnalis\u00e9.<\/p>\n<h2>Approche de l&rsquo;\u00e9lectrification<\/h2>\n<h3>Audi e-tron : performance \u00e9lectrique premium<\/h3>\n<p>Le Groupe Volkswagen d\u00e9ploie sa strat\u00e9gie d&rsquo;\u00e9lectrification avec Audi en fer de lance du segment premium. La gamme e-tron b\u00e9n\u00e9ficie d&rsquo;une technologie de pointe pour offrir une exp\u00e9rience de conduite raffin\u00e9e et performante. Reposant sur une architecture \u00e9lectrique sophistiqu\u00e9e, les mod\u00e8les Audi Q4 e-tron et Q8 e-tron se distinguent par leurs performances impressionnantes et leur autonomie g\u00e9n\u00e9reuse. Le syst\u00e8me de r\u00e9cup\u00e9ration d&rsquo;\u00e9nergie au freinage et les multiples modes de conduite vous permettent d&rsquo;optimiser votre exp\u00e9rience selon vos besoins.<\/p>\n<p>L&rsquo;Audi Q4 e-tron, construit sur la plateforme MEB partag\u00e9e avec le Groupe Volkswagen, combine \u00e9l\u00e9gance et technologie avec son cockpit virtuel et ses syst\u00e8mes d&rsquo;assistance \u00e0 la conduite avanc\u00e9s. Quant au Q8 e-tron, il repr\u00e9sente le summum de l&rsquo;exp\u00e9rience \u00e9lectrique premium avec une batterie haute capacit\u00e9 et des performances dignes de la r\u00e9putation sportive d&rsquo;Audi.<\/p>\n<h3>Volkswagen ID : \u00e9lectromobilit\u00e9 pour tous<\/h3>\n<p>Volkswagen d\u00e9mocratise l&rsquo;\u00e9lectrique avec sa gamme ID, con\u00e7ue pour rendre accessible la mobilit\u00e9 z\u00e9ro \u00e9mission au plus grand nombre. La plateforme MEB, d\u00e9velopp\u00e9e sp\u00e9cifiquement pour les v\u00e9hicules \u00e9lectriques, offre une polyvalence remarquable. Les mod\u00e8les ID.3 et ID.4 illustrent parfaitement cette philosophie avec un excellent rapport autonomie\/prix et une grande habitabilit\u00e9 gr\u00e2ce \u00e0 l&rsquo;architecture optimis\u00e9e de cette plateforme.<\/p>\n<p>La gamme ID se distingue par son approche pragmatique de l&rsquo;\u00e9lectromobilit\u00e9 : recharge simplifi\u00e9e, interface intuitive et autonomie adapt\u00e9e aux usages quotidiens. Les syst\u00e8mes d&rsquo;aide \u00e0 la conduite et la connectivit\u00e9 embarqu\u00e9e garantissent une exp\u00e9rience moderne et s\u00e9curisante.<\/p>\n<table>\n<thead>\n<tr>\n<th>Mod\u00e8le<\/th>\n<th>Puissance<\/th>\n<th>Autonomie<\/th>\n<\/tr>\n<\/thead>\n<tbody>\n<tr>\n<td>Audi Q4 e-tron<\/td>\n<td>204-299 ch<\/td>\n<td>414-463 km<\/td>\n<\/tr>\n<tr>\n<td>Audi Q8 e-tron<\/td>\n<td>402-496 ch<\/td>\n<td>409-459 km<\/td>\n<\/tr>\n<tr>\n<td>Volkswagen ID.3<\/td>\n<td>145-204 ch<\/td>\n<td>350-602 km<\/td>\n<\/tr>\n<tr>\n<td>Volkswagen ID.4<\/td>\n<td>170-299 ch<\/td>\n<td>360-566 km<\/td>\n<\/tr>\n<\/tbody>\n<\/table>\n<p>Que vous choisissiez l&rsquo;\u00e9l\u00e9gance sportive d&rsquo;Audi ou la praticit\u00e9 innovante de Volkswagen, nos conseillers BYmyCAR vous accompagnent dans votre transition vers l&rsquo;\u00e9lectrique avec des solutions de financement adapt\u00e9es, notamment en LOA. Ils vous guideront \u00e9galement dans le choix des \u00e9quipements et des options pour personnaliser votre futur v\u00e9hicule \u00e9lectrique selon vos besoins.<\/p>\n<h2>Volkswagen Polo vs Audi A1 : caract\u00e9ristiques techniques principales<\/h2>\n<p>La <a href=\"https:\/\/www.bymycar.fr\/v\/volkswagen-polo\">Volkswagen Polo<\/a> et l&rsquo;<a href=\"https:\/\/www.bymycar.fr\/v\/audi-a1\">Audi A1<\/a> excellent toutes deux dans l&rsquo;environnement urbain, mais avec des approches distinctes de la mobilit\u00e9 citadine. La Volkswagen Polo se d\u00e9marque par sa praticit\u00e9 quotidienne avec un coffre g\u00e9n\u00e9reux de 351 litres, id\u00e9al pour les courses hebdomadaires ou les escapades du week-end. L&rsquo;Audi A1, quant \u00e0 elle, propose un espace de chargement de 335 litres dans sa version Sportback actuelle, un volume remarquable pour une citadine premium qui peut atteindre 1 090 litres lorsque la banquette arri\u00e8re est rabattue. Ces deux mod\u00e8les du groupe Volkswagen r\u00e9pondent parfaitement aux besoins urbains tout en conservant leur ADN respectif.<\/p>\n<table>\n<thead>\n<tr>\n<th>Mod\u00e8le<\/th>\n<th>Puissance<\/th>\n<th>Vitesse Max<\/th>\n<th>Consommation<\/th>\n<th>\u00c9missions CO\u2082<\/th>\n<\/tr>\n<\/thead>\n<tbody>\n<tr>\n<td>Volkswagen Polo (essence)<\/td>\n<td>65 ch<\/td>\n<td>164 km\/h<\/td>\n<td>4,7 l\/100 km<\/td>\n<td>108 g\/km<\/td>\n<\/tr>\n<tr>\n<td>Audi A1 (essence)<\/td>\n<td>116 ch<\/td>\n<td>203 km\/h<\/td>\n<td>5,3 l\/100 km<\/td>\n<td>121 g\/km<\/td>\n<\/tr>\n<\/tbody>\n<\/table>\n<p>Ces deux citadines offrent une maniabilit\u00e9 exceptionnelle en milieu urbain. La Volkswagen Polo s\u00e9duit par sa direction pr\u00e9cise et son gabarit parfaitement adapt\u00e9 aux ruelles \u00e9troites, tandis que l&rsquo;Audi A1 propose une conduite plus dynamique avec sa suspension sport. C\u00f4t\u00e9 connectivit\u00e9, la Polo int\u00e8gre le syst\u00e8me MIB3 avec un \u00e9cran tactile central, la compatibilit\u00e9 Apple CarPlay et Android Auto, ainsi qu&rsquo;un emplacement de recharge par induction. L&rsquo;Audi A1, fid\u00e8le \u00e0 son positionnement premium, propose le syst\u00e8me MMI avec Virtual Cockpit pour une exp\u00e9rience num\u00e9rique plus immersive. Pour d\u00e9couvrir ces deux mod\u00e8les embl\u00e9matiques dans nos concessions, nos conseillers BYmyCAR vous attendent pour un essai personnalis\u00e9 de la Volkswagen Golf ou d&rsquo;autres v\u00e9hicules de nos gammes.<\/p>\n<h2>Philosophie de marque<\/h2>\n<p>Audi se distingue par son slogan embl\u00e9matique \u00ab\u00a0Vorsprung durch Technik\u00a0\u00bb (l&rsquo;avance par la technologie), qui r\u00e9sume parfaitement sa philosophie : innover constamment pour offrir une exp\u00e9rience de conduite valorisante. La marque aux quatre anneaux mise sur le luxe accessible, l&rsquo;innovation technologique et la sportivit\u00e9. Chaque mod\u00e8le Audi incarne cette qu\u00eate d&rsquo;excellence avec des mat\u00e9riaux premium, des \u00e9quipements connect\u00e9s sophistiqu\u00e9s et un design avant-gardiste qui place la marque au premier rang du segment premium.<\/p>\n<p>Volkswagen, de son c\u00f4t\u00e9, s&rsquo;appuie sur sa promesse historique \u00ab\u00a0Das Auto\u00a0\u00bb pour symboliser l&rsquo;automobile par excellence : fiable, pratique et d\u00e9mocratique. La marque se positionne sur l&rsquo;univers de la simplicit\u00e9 efficace et de la d\u00e9mocratisation du progr\u00e8s technique. Volkswagen r\u00e9ussit le pari de rendre accessible les innovations du Groupe Volkswagen \u00e0 une client\u00e8le vari\u00e9e, tout en maintenant une qualit\u00e9 de fabrication reconnue mondialement. La Golf incarne parfaitement cette approche avec sa polyvalence l\u00e9gendaire.<\/p>\n<p>Ces deux filiales du Groupe Volkswagen, \u00e9galement connu sous le nom de Groupe VAG (Volkswagen AG), repr\u00e9sentent ensemble une puissance industrielle consid\u00e9rable. Le Groupe Volkswagen g\u00e9n\u00e8re un chiffre d&rsquo;affaires de plusieurs centaines de milliards d&rsquo;euros, le positionnant parmi les tout premiers constructeurs automobiles au niveau mondial. Cette force \u00e9conomique permet aux deux marques de b\u00e9n\u00e9ficier d&rsquo;investissements massifs en recherche et d\u00e9veloppement, tout en conservant leurs identit\u00e9s distinctes. Chez BYmyCAR, nous sommes fiers de repr\u00e9senter ces deux constructeurs d&rsquo;excellence et de vous accompagner dans votre choix, o\u00f9 que vous soyez dans le monde.<\/p>\n<h2>Entretien et co\u00fbt de possession<\/h2>\n<h3>Audi : une maintenance premium optimis\u00e9e<\/h3>\n<p>L&rsquo;entretien d&rsquo;une Audi s&rsquo;inscrit dans une d\u00e9marche premium o\u00f9 la qualit\u00e9 de service est au c\u0153ur de l&rsquo;exp\u00e9rience client. Si les tarifs peuvent sembler l\u00e9g\u00e8rement plus \u00e9lev\u00e9s que pour d&rsquo;autres marques, c&rsquo;est parce que chaque intervention est r\u00e9alis\u00e9e par des techniciens sp\u00e9cialement form\u00e9s aux sp\u00e9cificit\u00e9s de la marque aux quatre anneaux. Pour faciliter la gestion de votre budget, Audi propose des forfaits d&rsquo;entretien attractifs permettant de mensualiser le co\u00fbt des r\u00e9visions \u00e0 partir de 19 \u20ac par mois selon votre mod\u00e8le. Ces formules couvrent l&rsquo;ensemble des op\u00e9rations essentielles : vidanges, filtres, bougies d&rsquo;allumage et autres pi\u00e8ces d&rsquo;usure, garantissant une transparence totale sur les co\u00fbts.<\/p>\n<h3>Volkswagen : fiabilit\u00e9 et pi\u00e8ces accessibles<\/h3>\n<p>La marque Volkswagen se distingue par une approche pragmatique de l&rsquo;entretien, privil\u00e9giant un excellent rapport qualit\u00e9-prix. La Volkswagen Golf, mod\u00e8le embl\u00e9matique de la gamme, b\u00e9n\u00e9ficie d&rsquo;un r\u00e9seau de pi\u00e8ces d\u00e9tach\u00e9es parfaitement optimis\u00e9, ce qui permet de ma\u00eetriser les co\u00fbts de maintenance. Les intervalles d&rsquo;entretien espac\u00e9s (tous les 30 000 km ou 2 ans) contribuent \u00e9galement \u00e0 r\u00e9duire le budget global de possession. Volkswagen propose par ailleurs des extensions de garantie permettant de prolonger la tranquillit\u00e9 d&rsquo;esprit des propri\u00e9taires avec les m\u00eames couvertures que la garantie initiale. Chaque mod\u00e8le de la gamme peut ainsi \u00eatre entretenu dans des conditions optimales sans compromettre votre budget.<\/p>\n<p>Pour obtenir un devis personnalis\u00e9 adapt\u00e9 \u00e0 votre v\u00e9hicule Audi ou Volkswagen, n&rsquo;h\u00e9sitez pas \u00e0 contacter nos conseillers BYmyCAR qui vous proposeront la solution d&rsquo;entretien la plus adapt\u00e9e \u00e0 vos besoins et \u00e0 votre budget.<\/p>\n<h2>Technologies embarqu\u00e9es : Audi MMI ou Volkswagen MI ?<\/h2>\n<h3>Interfaces multim\u00e9dias et connectivit\u00e9 Audi VW<\/h3>\n<p>Au sein du Groupe Volkswagen, les syst\u00e8mes d&rsquo;infodivertissement se d\u00e9clinent selon la philosophie de chaque marque. L&rsquo;Audi MMI (Multi Media Interface) propose une exp\u00e9rience premium avec une interface unique et int\u00e9gr\u00e9e, \u00e9voluant constamment depuis sa cr\u00e9ation il y a deux d\u00e9cennies. Le syst\u00e8me se distingue par son ergonomie raffin\u00e9e et ses fonctionnalit\u00e9s avanc\u00e9es comme la navigation haute d\u00e9finition avec Google Earth. De son c\u00f4t\u00e9, Volkswagen d\u00e9veloppe son propre syst\u00e8me MI plus pragmatique et intuitif, privil\u00e9giant l&rsquo;accessibilit\u00e9 et la simplicit\u00e9 d&rsquo;utilisation tout en conservant l&rsquo;essentiel des technologies connect\u00e9es.<\/p>\n<p>Les deux syst\u00e8mes int\u00e8grent d\u00e9sormais Apple CarPlay et Android Auto, permettant une synchronisation parfaite avec votre smartphone. La diff\u00e9rence se situe principalement dans l&rsquo;exp\u00e9rience utilisateur : Audi mise sur la sophistication technologique tandis que Volkswagen privil\u00e9gie la fonctionnalit\u00e9 accessible.<\/p>\n<h3>Aides \u00e0 la conduite et s\u00e9curit\u00e9 Audi VW<\/h3>\n<p>L&rsquo;innovation se poursuit avec les cockpits digitaux propos\u00e9s par les deux marques. L&rsquo;Audi Virtual Cockpit, pr\u00e9curseur dans ce domaine, remplace les compteurs analogiques traditionnels par un \u00e9cran num\u00e9rique enti\u00e8rement configurable derri\u00e8re le volant. Volkswagen a suivi avec son Digital Cockpit, proposant une exp\u00e9rience similaire mais avec une approche plus fonctionnelle. Ces syst\u00e8mes permettent de personnaliser l&rsquo;affichage selon vos pr\u00e9f\u00e9rences, des donn\u00e9es de navigation aux informations de conduite.<\/p>\n<table>\n<thead>\n<tr>\n<th>Fonction<\/th>\n<th>Avantage<\/th>\n<\/tr>\n<\/thead>\n<tbody>\n<tr>\n<td>Affichage configurable<\/td>\n<td>Personnalisation de l&rsquo;interface selon vos priorit\u00e9s<\/td>\n<\/tr>\n<tr>\n<td>Int\u00e9gration navigation<\/td>\n<td>Visualisation des directions sans quitter la route des yeux<\/td>\n<\/tr>\n<tr>\n<td>Commandes au volant<\/td>\n<td>Contr\u00f4le intuitif sans l\u00e2cher le volant<\/td>\n<\/tr>\n<tr>\n<td>Services connect\u00e9s<\/td>\n<td>Mises \u00e0 jour en temps r\u00e9el (trafic, m\u00e9t\u00e9o, stationnement)<\/td>\n<\/tr>\n<\/tbody>\n<\/table>\n<p>Fid\u00e8les \u00e0 leurs positionnements respectifs, Audi propose des technologies embarqu\u00e9es plus avant-gardistes tandis que Volkswagen d\u00e9mocratise ces innovations \u00e0 plus grande \u00e9chelle au sein du Groupe Volkswagen.<\/p>\n<h2>FAQ Audi ou Volkswagen<\/h2>\n<h3>Audi et Volkswagen appartiennent-ils au m\u00eame groupe ?<\/h3>\n<p>Absolument ! Audi fait partie des nombreuses filiales du Groupe Volkswagen depuis 1964. Cette acquisition a permis \u00e0 Volkswagen de positionner Audi comme sa marque premium au sein du groupe. Les deux constructeurs partagent de nombreuses technologies et plateformes, notamment la plateforme modulaire MQB que l&rsquo;on retrouve sur plusieurs mod\u00e8les des deux marques, tout en conservant leurs identit\u00e9s distinctes et leurs philosophies de conception propres.<\/p>\n<h3>Pourquoi Audi est-elle consid\u00e9r\u00e9e comme une marque premium ?<\/h3>\n<p>Audi se distingue par son engagement envers l&rsquo;innovation technologique, la qualit\u00e9 de finition exceptionnelle et le design sophistiqu\u00e9. La marque aux quatre anneaux se d\u00e9marque par ses mat\u00e9riaux haut de gamme, ses technologies de pointe comme la transmission quattro, ses \u00e9quipements connect\u00e9s avanc\u00e9s et son design int\u00e9rieur raffin\u00e9. Fid\u00e8le \u00e0 sa devise \u00ab\u00a0Le progr\u00e8s par la technique\u00a0\u00bb, Audi propose une exp\u00e9rience de conduite valorisante qui combine sportivit\u00e9, confort et prestige, justifiant ainsi son positionnement premium.<\/p>\n<h3>Quelles sont les 12 marques du Groupe Volkswagen ?<\/h3>\n<p>Le Groupe Volkswagen compte parmi les plus grands constructeurs automobiles au monde avec un portefeuille diversifi\u00e9 de 12 marques couvrant tous les segments : Volkswagen, Audi, SEAT, \u0160KODA pour le grand public ; Porsche, Lamborghini, Bentley et Bugatti pour le luxe et l&rsquo;ultra-luxe ; Ducati pour les motos ; ainsi que Volkswagen V\u00e9hicules Utilitaires, MAN et Scania pour les v\u00e9hicules commerciaux et industriels. Cette diversit\u00e9 permet au Groupe Volkswagen de r\u00e9pondre aux besoins de tous les types de clients.<\/p>\n<h3>Audi A3 ou Golf : laquelle choisir ?<\/h3>\n<p>L&rsquo;<a href=\"https:\/\/www.bymycar.fr\/v\/audi-a3\">Audi A3<\/a> et la Volkswagen Golf partagent la m\u00eame plateforme technique, mais offrent des exp\u00e9riences distinctes. Si vous recherchez une finition premium, des mat\u00e9riaux plus raffin\u00e9s et une image plus valorisante, l&rsquo;Audi A3 vous s\u00e9duira avec son habitacle sophistiqu\u00e9 et ses technologies embarqu\u00e9es. La Golf, quant \u00e0 elle, propose un excellent rapport qualit\u00e9\/prix, une grande polyvalence et un coffre l\u00e9g\u00e8rement plus spacieux. Votre choix d\u00e9pendra essentiellement de l&rsquo;importance que vous accordez au prestige et aux d\u00e9tails haut de gamme.<\/p>\n<h3>Audi Q3 : quels atouts face aux SUV compacts ?<\/h3>\n<p>L&rsquo;Audi Q3 se d\u00e9marque dans l&rsquo;univers des SUV compacts par son design affirm\u00e9 avec sa calandre Singleframe octogonale et ses lignes athl\u00e9tiques. \u00c0 l&rsquo;int\u00e9rieur, vous d\u00e9couvrirez un environnement technologique avanc\u00e9 avec tableau de bord digital, \u00e9cran tactile et commande vocale naturelle. Le Q3 offre \u00e9galement une excellente habitabilit\u00e9 gr\u00e2ce \u00e0 son empattement allong\u00e9, une autonomie confortable d&rsquo;environ 900 km, et une tenue de route exemplaire. Sa finition soign\u00e9e et ses motorisations performantes en font un SUV compact premium particuli\u00e8rement s\u00e9duisant.<\/p>\n<h3>Audi ou Volkswagen : quelle marque choisir selon vos besoins ?<\/h3>\n<p>Votre choix entre Audi et Volkswagen d\u00e9pendra essentiellement de vos priorit\u00e9s. Si vous privil\u00e9giez l&rsquo;exp\u00e9rience premium, la technologie de pointe et le prestige, Audi r\u00e9pondra parfaitement \u00e0 vos attentes avec ses finitions raffin\u00e9es et son caract\u00e8re sportif. Si vous recherchez plut\u00f4t la polyvalence, un excellent rapport \u00e9quipement\/prix et une fiabilit\u00e9 \u00e9prouv\u00e9e, Volkswagen saura vous satisfaire. Les deux marques proposent des v\u00e9hicules de qualit\u00e9 partageant souvent les m\u00eames bases techniques, mais avec des positionnements distincts pour r\u00e9pondre \u00e0 diff\u00e9rents types d&rsquo;utilisateurs.<\/p>\n<h2>Pour aller plus loin<\/h2>\n<h3>\u00c0 lire \u00e9galement :<\/h3>\n<ul>\n<li><a href=\"https:\/\/www.bymycar.fr\/webzine\/guide-dachat-audi-ou-volkswagen-quelle-marque-est-faite-pour-vous\/\">Quand la premi\u00e8re Volkswagen a-t-elle \u00e9t\u00e9 exploit\u00e9e ?<\/a><\/li>\n<\/ul>\n<h3>Sources :<\/h3>\n<ul>\n<li><a href=\"https:\/\/www.audi.fr\/fr\/article\/differentes-motorisation-audi\/\" target=\"_blank\" rel=\"noopener\">Les motorisations des v\u00e9hicules Audi<\/a><\/li>\n<li><a href=\"https:\/\/www.fiches-auto.fr\/fiche-technique-volkswagen\/specs-670-technique-volkswagen-golf-viii.php\" target=\"_blank\" rel=\"noopener\">Fiche technique Volkswagen Golf VIII (2020)<\/a><\/li>\n<li><a href=\"https:\/\/www.volkswagen.fr\/fr\/modeles-et-configurateur.html\" target=\"_blank\" rel=\"noopener\">Toute la gamme de v\u00e9hicules Volkswagen<\/a><\/li>\n<li><a href=\"https:\/\/www.audi.fr\/fr\/gamme\/\" target=\"_blank\" rel=\"noopener\">La gamme de voiture Audi | Audi France<\/a><\/li>\n<\/ul>\n"}}]},"image":{"ID":61581,"id":61581,"title":"DB2024AU00810_large (1)","filename":"DB2024AU00810_large-1-scaled.jpg","filesize":249405,"url":"https:\/\/cdn.bymycar.eu\/fr-webzine\/wp-content\/uploads\/medias\/DB2024AU00810_large-1-scaled.jpg","link":"https:\/\/www.bymycar.fr\/webzine\/pourquoi-choisir-une-golf-doccasion-en-2025\/db2024au00810_large-1\/","alt":"Volkswagen Golf","author":"87","description":"","caption":"","name":"db2024au00810_large-1","status":"inherit","uploaded_to":61579,"date":"2025-10-16 14:15:59","modified":"2025-10-16 14:16:18","menu_order":0,"mime_type":"image\/jpeg","type":"image","subtype":"jpeg","icon":"https:\/\/www.bymycar.fr\/webzine\/wp-includes\/images\/media\/default.png","width":2560,"height":1707,"sizes":{"thumbnail":"https:\/\/cdn.bymycar.eu\/fr-webzine\/wp-content\/uploads\/medias\/DB2024AU00810_large-1-150x150.jpg","thumbnail-width":150,"thumbnail-height":150,"medium":"https:\/\/cdn.bymycar.eu\/fr-webzine\/wp-content\/uploads\/medias\/DB2024AU00810_large-1-300x200.jpg","medium-width":300,"medium-height":200,"medium_large":"https:\/\/cdn.bymycar.eu\/fr-webzine\/wp-content\/uploads\/medias\/DB2024AU00810_large-1-768x512.jpg","medium_large-width":768,"medium_large-height":512,"large":"https:\/\/cdn.bymycar.eu\/fr-webzine\/wp-content\/uploads\/medias\/DB2024AU00810_large-1-1024x683.jpg","large-width":1024,"large-height":683,"1536x1536":"https:\/\/cdn.bymycar.eu\/fr-webzine\/wp-content\/uploads\/medias\/DB2024AU00810_large-1-1536x1024.jpg","1536x1536-width":1536,"1536x1536-height":1024,"2048x2048":"https:\/\/cdn.bymycar.eu\/fr-webzine\/wp-content\/uploads\/medias\/DB2024AU00810_large-1-2048x1365.jpg","2048x2048-width":2048,"2048x2048-height":1365}},"add-to-bo":false,"add-carousel-to-footer":true},"yoast_head":"<!-- This site is optimized with the Yoast SEO Premium plugin v26.4 (Yoast SEO v26.4) - https:\/\/yoast.com\/wordpress\/plugins\/seo\/ -->\n<title>Guide d&#039;achat : Audi ou Volkswagen : quelle marque est faite pour vous ?<\/title>\n<meta name=\"robots\" content=\"index, follow, max-snippet:-1, max-image-preview:large, max-video-preview:-1\" \/>\n<link rel=\"canonical\" href=\"https:\/\/www.bymycar.fr\/webzine\/guide-dachat-audi-ou-volkswagen-quelle-marque-est-faite-pour-vous\/\" \/>\n<meta property=\"og:locale\" content=\"fr_FR\" \/>\n<meta property=\"og:type\" content=\"article\" \/>\n<meta property=\"og:title\" content=\"Guide d&#039;achat : Audi ou Volkswagen : quelle marque est faite pour vous ?\" \/>\n<meta property=\"og:url\" content=\"https:\/\/www.bymycar.fr\/webzine\/guide-dachat-audi-ou-volkswagen-quelle-marque-est-faite-pour-vous\/\" \/>\n<meta property=\"og:site_name\" content=\"Webzine auto BYmyCAR\" \/>\n<meta property=\"article:published_time\" content=\"2022-03-07T13:15:55+00:00\" \/>\n<meta property=\"article:modified_time\" content=\"2025-12-04T15:23:32+00:00\" \/>\n<meta name=\"author\" content=\"Gregoire LE BIHAN\" \/>\n<meta name=\"twitter:card\" content=\"summary_large_image\" \/>\n<meta name=\"twitter:label1\" content=\"\u00c9crit par\" \/>\n\t<meta name=\"twitter:data1\" content=\"Gregoire LE BIHAN\" \/>\n<script type=\"application\/ld+json\" class=\"yoast-schema-graph\">{\"@context\":\"https:\/\/schema.org\",\"@graph\":[{\"@type\":\"Article\",\"@id\":\"https:\/\/www.bymycar.fr\/webzine\/guide-dachat-audi-ou-volkswagen-quelle-marque-est-faite-pour-vous\/#article\",\"isPartOf\":{\"@id\":\"https:\/\/www.bymycar.fr\/webzine\/guide-dachat-audi-ou-volkswagen-quelle-marque-est-faite-pour-vous\/\"},\"author\":{\"name\":\"Gregoire LE BIHAN\",\"@id\":\"https:\/\/www.bymycar.fr\/webzine\/#\/schema\/person\/8c56906440ec126868bd40232b3445f0\"},\"headline\":\"Guide d&rsquo;achat : Audi ou Volkswagen : quelle marque est faite pour vous ?\",\"datePublished\":\"2022-03-07T13:15:55+00:00\",\"dateModified\":\"2025-12-04T15:23:32+00:00\",\"mainEntityOfPage\":{\"@id\":\"https:\/\/www.bymycar.fr\/webzine\/guide-dachat-audi-ou-volkswagen-quelle-marque-est-faite-pour-vous\/\"},\"wordCount\":12,\"publisher\":{\"@id\":\"https:\/\/www.bymycar.fr\/webzine\/#organization\"},\"articleSection\":[\"Guide d'achat Volkswagen\"],\"inLanguage\":\"fr-FR\"},{\"@type\":\"WebPage\",\"@id\":\"https:\/\/www.bymycar.fr\/webzine\/guide-dachat-audi-ou-volkswagen-quelle-marque-est-faite-pour-vous\/\",\"url\":\"https:\/\/www.bymycar.fr\/webzine\/guide-dachat-audi-ou-volkswagen-quelle-marque-est-faite-pour-vous\/\",\"name\":\"Guide d'achat : Audi ou Volkswagen : quelle marque est faite pour vous ?\",\"isPartOf\":{\"@id\":\"https:\/\/www.bymycar.fr\/webzine\/#website\"},\"datePublished\":\"2022-03-07T13:15:55+00:00\",\"dateModified\":\"2025-12-04T15:23:32+00:00\",\"breadcrumb\":{\"@id\":\"https:\/\/www.bymycar.fr\/webzine\/guide-dachat-audi-ou-volkswagen-quelle-marque-est-faite-pour-vous\/#breadcrumb\"},\"inLanguage\":\"fr-FR\",\"potentialAction\":[{\"@type\":\"ReadAction\",\"target\":[\"https:\/\/www.bymycar.fr\/webzine\/guide-dachat-audi-ou-volkswagen-quelle-marque-est-faite-pour-vous\/\"]}]},{\"@type\":\"BreadcrumbList\",\"@id\":\"https:\/\/www.bymycar.fr\/webzine\/guide-dachat-audi-ou-volkswagen-quelle-marque-est-faite-pour-vous\/#breadcrumb\",\"itemListElement\":[{\"@type\":\"ListItem\",\"position\":1,\"name\":\"Accueil\",\"item\":\"https:\/\/www.bymycar.fr\/webzine\/\"},{\"@type\":\"ListItem\",\"position\":2,\"name\":\"Guide d&rsquo;achat : Audi ou Volkswagen : quelle marque est faite pour vous ?\"}]},{\"@type\":\"WebSite\",\"@id\":\"https:\/\/www.bymycar.fr\/webzine\/#website\",\"url\":\"https:\/\/www.bymycar.fr\/webzine\/\",\"name\":\"Webzine auto BYmyCAR\",\"description\":\"La magazine auto de BYmyCAR\",\"publisher\":{\"@id\":\"https:\/\/www.bymycar.fr\/webzine\/#organization\"},\"potentialAction\":[{\"@type\":\"SearchAction\",\"target\":{\"@type\":\"EntryPoint\",\"urlTemplate\":\"https:\/\/www.bymycar.fr\/webzine\/?s={search_term_string}\"},\"query-input\":{\"@type\":\"PropertyValueSpecification\",\"valueRequired\":true,\"valueName\":\"search_term_string\"}}],\"inLanguage\":\"fr-FR\"},{\"@type\":\"Organization\",\"@id\":\"https:\/\/www.bymycar.fr\/webzine\/#organization\",\"name\":\"BYmyCAR\",\"url\":\"https:\/\/www.bymycar.fr\/webzine\/\",\"logo\":{\"@type\":\"ImageObject\",\"inLanguage\":\"fr-FR\",\"@id\":\"https:\/\/www.bymycar.fr\/webzine\/#\/schema\/logo\/image\/\",\"url\":\"https:\/\/cdn.bymycar.eu\/fr-webzine\/wp-content\/uploads\/medias\/2017\/08\/logo_DEALER_00000406_001.png\",\"contentUrl\":\"https:\/\/cdn.bymycar.eu\/fr-webzine\/wp-content\/uploads\/medias\/2017\/08\/logo_DEALER_00000406_001.png\",\"width\":2132,\"height\":720,\"caption\":\"BYmyCAR\"},\"image\":{\"@id\":\"https:\/\/www.bymycar.fr\/webzine\/#\/schema\/logo\/image\/\"}},{\"@type\":\"Person\",\"@id\":\"https:\/\/www.bymycar.fr\/webzine\/#\/schema\/person\/8c56906440ec126868bd40232b3445f0\",\"name\":\"Gregoire LE BIHAN\",\"image\":{\"@type\":\"ImageObject\",\"inLanguage\":\"fr-FR\",\"@id\":\"https:\/\/www.bymycar.fr\/webzine\/#\/schema\/person\/image\/\",\"url\":\"https:\/\/secure.gravatar.com\/avatar\/1356d71f3c6eed50de358ba425c9944b742a0d35f88e0d5f8afe88fdac525492?s=96&d=mm&r=g\",\"contentUrl\":\"https:\/\/secure.gravatar.com\/avatar\/1356d71f3c6eed50de358ba425c9944b742a0d35f88e0d5f8afe88fdac525492?s=96&d=mm&r=g\",\"caption\":\"Gregoire LE BIHAN\"}}]}<\/script>\n<!-- \/ Yoast SEO Premium plugin. -->","yoast_head_json":{"title":"Guide d'achat : Audi ou Volkswagen : quelle marque est faite pour vous ?","robots":{"index":"index","follow":"follow","max-snippet":"max-snippet:-1","max-image-preview":"max-image-preview:large","max-video-preview":"max-video-preview:-1"},"canonical":"https:\/\/www.bymycar.fr\/webzine\/guide-dachat-audi-ou-volkswagen-quelle-marque-est-faite-pour-vous\/","og_locale":"fr_FR","og_type":"article","og_title":"Guide d'achat : Audi ou Volkswagen : quelle marque est faite pour vous ?","og_url":"https:\/\/www.bymycar.fr\/webzine\/guide-dachat-audi-ou-volkswagen-quelle-marque-est-faite-pour-vous\/","og_site_name":"Webzine auto BYmyCAR","article_published_time":"2022-03-07T13:15:55+00:00","article_modified_time":"2025-12-04T15:23:32+00:00","author":"Gregoire LE BIHAN","twitter_card":"summary_large_image","twitter_misc":{"\u00c9crit par":"Gregoire LE BIHAN"},"schema":{"@context":"https:\/\/schema.org","@graph":[{"@type":"Article","@id":"https:\/\/www.bymycar.fr\/webzine\/guide-dachat-audi-ou-volkswagen-quelle-marque-est-faite-pour-vous\/#article","isPartOf":{"@id":"https:\/\/www.bymycar.fr\/webzine\/guide-dachat-audi-ou-volkswagen-quelle-marque-est-faite-pour-vous\/"},"author":{"name":"Gregoire LE BIHAN","@id":"https:\/\/www.bymycar.fr\/webzine\/#\/schema\/person\/8c56906440ec126868bd40232b3445f0"},"headline":"Guide d&rsquo;achat : Audi ou Volkswagen : quelle marque est faite pour vous ?","datePublished":"2022-03-07T13:15:55+00:00","dateModified":"2025-12-04T15:23:32+00:00","mainEntityOfPage":{"@id":"https:\/\/www.bymycar.fr\/webzine\/guide-dachat-audi-ou-volkswagen-quelle-marque-est-faite-pour-vous\/"},"wordCount":12,"publisher":{"@id":"https:\/\/www.bymycar.fr\/webzine\/#organization"},"articleSection":["Guide d'achat Volkswagen"],"inLanguage":"fr-FR"},{"@type":"WebPage","@id":"https:\/\/www.bymycar.fr\/webzine\/guide-dachat-audi-ou-volkswagen-quelle-marque-est-faite-pour-vous\/","url":"https:\/\/www.bymycar.fr\/webzine\/guide-dachat-audi-ou-volkswagen-quelle-marque-est-faite-pour-vous\/","name":"Guide d'achat : Audi ou Volkswagen : quelle marque est faite pour vous ?","isPartOf":{"@id":"https:\/\/www.bymycar.fr\/webzine\/#website"},"datePublished":"2022-03-07T13:15:55+00:00","dateModified":"2025-12-04T15:23:32+00:00","breadcrumb":{"@id":"https:\/\/www.bymycar.fr\/webzine\/guide-dachat-audi-ou-volkswagen-quelle-marque-est-faite-pour-vous\/#breadcrumb"},"inLanguage":"fr-FR","potentialAction":[{"@type":"ReadAction","target":["https:\/\/www.bymycar.fr\/webzine\/guide-dachat-audi-ou-volkswagen-quelle-marque-est-faite-pour-vous\/"]}]},{"@type":"BreadcrumbList","@id":"https:\/\/www.bymycar.fr\/webzine\/guide-dachat-audi-ou-volkswagen-quelle-marque-est-faite-pour-vous\/#breadcrumb","itemListElement":[{"@type":"ListItem","position":1,"name":"Accueil","item":"https:\/\/www.bymycar.fr\/webzine\/"},{"@type":"ListItem","position":2,"name":"Guide d&rsquo;achat : Audi ou Volkswagen : quelle marque est faite pour vous ?"}]},{"@type":"WebSite","@id":"https:\/\/www.bymycar.fr\/webzine\/#website","url":"https:\/\/www.bymycar.fr\/webzine\/","name":"Webzine auto BYmyCAR","description":"La magazine auto de BYmyCAR","publisher":{"@id":"https:\/\/www.bymycar.fr\/webzine\/#organization"},"potentialAction":[{"@type":"SearchAction","target":{"@type":"EntryPoint","urlTemplate":"https:\/\/www.bymycar.fr\/webzine\/?s={search_term_string}"},"query-input":{"@type":"PropertyValueSpecification","valueRequired":true,"valueName":"search_term_string"}}],"inLanguage":"fr-FR"},{"@type":"Organization","@id":"https:\/\/www.bymycar.fr\/webzine\/#organization","name":"BYmyCAR","url":"https:\/\/www.bymycar.fr\/webzine\/","logo":{"@type":"ImageObject","inLanguage":"fr-FR","@id":"https:\/\/www.bymycar.fr\/webzine\/#\/schema\/logo\/image\/","url":"https:\/\/cdn.bymycar.eu\/fr-webzine\/wp-content\/uploads\/medias\/2017\/08\/logo_DEALER_00000406_001.png","contentUrl":"https:\/\/cdn.bymycar.eu\/fr-webzine\/wp-content\/uploads\/medias\/2017\/08\/logo_DEALER_00000406_001.png","width":2132,"height":720,"caption":"BYmyCAR"},"image":{"@id":"https:\/\/www.bymycar.fr\/webzine\/#\/schema\/logo\/image\/"}},{"@type":"Person","@id":"https:\/\/www.bymycar.fr\/webzine\/#\/schema\/person\/8c56906440ec126868bd40232b3445f0","name":"Gregoire LE BIHAN","image":{"@type":"ImageObject","inLanguage":"fr-FR","@id":"https:\/\/www.bymycar.fr\/webzine\/#\/schema\/person\/image\/","url":"https:\/\/secure.gravatar.com\/avatar\/1356d71f3c6eed50de358ba425c9944b742a0d35f88e0d5f8afe88fdac525492?s=96&d=mm&r=g","contentUrl":"https:\/\/secure.gravatar.com\/avatar\/1356d71f3c6eed50de358ba425c9944b742a0d35f88e0d5f8afe88fdac525492?s=96&d=mm&r=g","caption":"Gregoire LE BIHAN"}}]}},"_links":{"self":[{"href":"https:\/\/www.bymycar.fr\/webzine\/wp-json\/wp\/v2\/posts\/25682","targetHints":{"allow":["GET"]}}],"collection":[{"href":"https:\/\/www.bymycar.fr\/webzine\/wp-json\/wp\/v2\/posts"}],"about":[{"href":"https:\/\/www.bymycar.fr\/webzine\/wp-json\/wp\/v2\/types\/post"}],"author":[{"embeddable":true,"href":"https:\/\/www.bymycar.fr\/webzine\/wp-json\/wp\/v2\/users\/9"}],"replies":[{"embeddable":true,"href":"https:\/\/www.bymycar.fr\/webzine\/wp-json\/wp\/v2\/comments?post=25682"}],"version-history":[{"count":6,"href":"https:\/\/www.bymycar.fr\/webzine\/wp-json\/wp\/v2\/posts\/25682\/revisions"}],"predecessor-version":[{"id":62508,"href":"https:\/\/www.bymycar.fr\/webzine\/wp-json\/wp\/v2\/posts\/25682\/revisions\/62508"}],"wp:attachment":[{"href":"https:\/\/www.bymycar.fr\/webzine\/wp-json\/wp\/v2\/media?parent=25682"}],"wp:term":[{"taxonomy":"category","embeddable":true,"href":"https:\/\/www.bymycar.fr\/webzine\/wp-json\/wp\/v2\/categories?post=25682"},{"taxonomy":"post_tag","embeddable":true,"href":"https:\/\/www.bymycar.fr\/webzine\/wp-json\/wp\/v2\/tags?post=25682"}],"curies":[{"name":"wp","href":"https:\/\/api.w.org\/{rel}","templated":true}]}}