{"id":23425,"date":"2022-01-10T16:51:23","date_gmt":"2022-01-10T15:51:23","guid":{"rendered":"https:\/\/prod.bymycar.fr\/webzine\/?p=23425"},"modified":"2023-01-16T14:59:27","modified_gmt":"2023-01-16T13:59:27","slug":"portes-ouvertes-volkswagen-bymycar","status":"publish","type":"post","link":"https:\/\/www.bymycar.fr\/webzine\/portes-ouvertes-volkswagen-bymycar\/","title":{"rendered":"Portes Ouvertes Volkswagen BYmyCAR"},"content":{"rendered":"","protected":false},"excerpt":{"rendered":"","protected":false},"author":9,"featured_media":23344,"comment_status":"closed","ping_status":"open","sticky":false,"template":"","format":"standard","meta":{"_acf_changed":false,"footnotes":""},"categories":[9014],"tags":[],"class_list":["post-23425","post","type-post","status-publish","format-standard","has-post-thumbnail","hentry","category-actualites-concessions-bymycar"],"acf":{"template":"classique","introduction":"<p>Chers clients,<\/p>\n<p>Toute l&rsquo;\u00e9quipe de Volkswagen BYmyCAR vous souhaite une tr\u00e8s belle ann\u00e9e 2022 et est heureuse de vous retrouver lors de nos <a href=\"https:\/\/www.bymycar.fr\/webzine\/les-journees-portes-ouvertes-avec-volkswagen\/\"><strong>Journ\u00e9es Portes Ouvertes<\/strong><\/a> : <strong>du 13 au 17 Janvier 2022. Ouverture exceptionnelle Dimanche 16 !\u00a0<\/strong><\/p>\n<p><strong>Dans vos concessions Volkswagen BYmyCAR Bourgogne et Lorraine.<\/strong><\/p>\n<p>Et si la nouvelle ann\u00e9e rimait avec disponibilit\u00e9 ?<\/p>\n<p>BYmyCAR dispose d&rsquo;un large choix de v\u00e9hicules neufs et de d\u00e9monstration Volkswagen pr\u00eats \u00e0 partir avec jusqu&rsquo;\u00e0 6500\u20ac d&rsquo;aide* \u00e0 la reprise.<\/p>\n<p>&nbsp;<\/p>\n","strates":[{"type_strate":"50-50-image-texte-full","ancre":"Volkswagen ID.3","contenu":"","titre":"","image":false,"image_libre":false,"image_800x500":{"ID":23385,"id":23385,"title":"The new Volkswagen ID.3","filename":"DB2020AU01068_large.jpg","filesize":1,"url":"https:\/\/cdn.bymycar.eu\/fr-webzine\/wp-content\/uploads\/medias\/DB2020AU01068_large.jpg","link":"https:\/\/www.bymycar.fr\/webzine\/?attachment_id=23385","alt":"volkswagen ID.3 couleur bleu","author":"30","description":"","caption":"","name":"the-new-volkswagen-id-3-10","status":"inherit","uploaded_to":23346,"date":"2022-01-10 10:35:44","modified":"2022-01-10 15:12:21","menu_order":0,"mime_type":"image\/jpeg","type":"image","subtype":"jpeg","icon":"https:\/\/www.bymycar.fr\/webzine\/wp-includes\/images\/media\/default.png","width":2560,"height":1707,"sizes":{"thumbnail":"https:\/\/cdn.bymycar.eu\/fr-webzine\/wp-content\/uploads\/medias\/DB2020AU01068_large-150x150.jpg","thumbnail-width":150,"thumbnail-height":150,"medium":"https:\/\/cdn.bymycar.eu\/fr-webzine\/wp-content\/uploads\/medias\/DB2020AU01068_large-300x200.jpg","medium-width":300,"medium-height":200,"medium_large":"https:\/\/cdn.bymycar.eu\/fr-webzine\/wp-content\/uploads\/medias\/DB2020AU01068_large-768x512.jpg","medium_large-width":768,"medium_large-height":512,"large":"https:\/\/cdn.bymycar.eu\/fr-webzine\/wp-content\/uploads\/medias\/DB2020AU01068_large-1024x683.jpg","large-width":1024,"large-height":683,"1536x1536":"https:\/\/cdn.bymycar.eu\/fr-webzine\/wp-content\/uploads\/medias\/DB2020AU01068_large-1536x1024.jpg","1536x1536-width":1536,"1536x1536-height":1024,"2048x2048":"https:\/\/cdn.bymycar.eu\/fr-webzine\/wp-content\/uploads\/medias\/DB2020AU01068_large-2048x1366.jpg","2048x2048-width":2048,"2048x2048-height":1366}},"legende":"","zoom":true,"texte":"<p><span style=\"font-size: 14pt;\">Volkswagen ID.3 : \u00e0 partir de 159\u20ac\/mois1<\/span><\/p>\n<p><strong><span style=\"font-size: 14pt;\">ou reprise de votre v\u00e9hicule +1500\u20ac1<\/span><\/strong><\/p>\n","articles":false,"categorie_droite":false,"images":false,"elements_comparatif":false,"texte_1":"","texte_2":"","image_1":false,"image_1_563x400":false,"image_1_332x332":false,"image_2":false,"image_2_333x240":false,"image_2_563x400":false,"image_3":false,"image_3_333x240":false,"image_3_332x450":false,"image_4":false,"image_4_332x332":false,"image_4_563x400":false,"code_embed":"","legende_video":"","photo":false,"photo_100x100":false,"nom":"","fonction":"","elements_timeline":false,"entetes_colonnes":false,"entetes_lignes":false,"lignes":false,"introduction":"","formulaire":false,"question":"","reponse":"","libelle_bouton_lien":"","url_lien":"","questions":false,"conclusions":false,"pays":false,"region":false,"marque":false,"marqueConcessions":false,"modele":false,"ptvente":false,"typeV":false,"collection":false,"nombre_maximum_elements":10,"lien_fin_carousel":"","texte_lien_fin_carousel":"","trier_par":false},{"type_strate":"50-50-image-texte-full","ancre":"Volkswagen Polo","contenu":"","titre":"","image":false,"image_libre":false,"image_800x500":{"ID":23386,"id":23386,"title":"The new Volkswagen Polo","filename":"DB2021AU00711_large.jpg","filesize":1,"url":"https:\/\/cdn.bymycar.eu\/fr-webzine\/wp-content\/uploads\/medias\/DB2021AU00711_large.jpg","link":"https:\/\/www.bymycar.fr\/webzine\/?attachment_id=23386","alt":"","author":"30","description":"","caption":"","name":"the-new-volkswagen-polo-4","status":"inherit","uploaded_to":23346,"date":"2022-01-10 10:36:38","modified":"2022-01-10 10:36:50","menu_order":0,"mime_type":"image\/jpeg","type":"image","subtype":"jpeg","icon":"https:\/\/www.bymycar.fr\/webzine\/wp-includes\/images\/media\/default.png","width":2560,"height":1679,"sizes":{"thumbnail":"https:\/\/cdn.bymycar.eu\/fr-webzine\/wp-content\/uploads\/medias\/DB2021AU00711_large-150x150.jpg","thumbnail-width":150,"thumbnail-height":150,"medium":"https:\/\/cdn.bymycar.eu\/fr-webzine\/wp-content\/uploads\/medias\/DB2021AU00711_large-300x197.jpg","medium-width":300,"medium-height":197,"medium_large":"https:\/\/cdn.bymycar.eu\/fr-webzine\/wp-content\/uploads\/medias\/DB2021AU00711_large-768x504.jpg","medium_large-width":768,"medium_large-height":504,"large":"https:\/\/cdn.bymycar.eu\/fr-webzine\/wp-content\/uploads\/medias\/DB2021AU00711_large-1024x672.jpg","large-width":1024,"large-height":672,"1536x1536":"https:\/\/cdn.bymycar.eu\/fr-webzine\/wp-content\/uploads\/medias\/DB2021AU00711_large-1536x1007.jpg","1536x1536-width":1536,"1536x1536-height":1007,"2048x2048":"https:\/\/cdn.bymycar.eu\/fr-webzine\/wp-content\/uploads\/medias\/DB2021AU00711_large-2048x1343.jpg","2048x2048-width":2048,"2048x2048-height":1343}},"legende":"","zoom":true,"texte":"<p><span style=\"font-size: 14pt;\">Nouvelle Volkswagen Polo : \u00e0 partir de 149\u20ac\/mois2<\/span><\/p>\n<p><span style=\"font-size: 14pt;\"><strong>ou reprise de votre v\u00e9hicule +2000\u20ac2<\/strong><\/span><\/p>\n","articles":false,"categorie_droite":false,"images":false,"elements_comparatif":false,"texte_1":"","texte_2":"","image_1":false,"image_1_563x400":false,"image_1_332x332":false,"image_2":false,"image_2_333x240":false,"image_2_563x400":false,"image_3":false,"image_3_333x240":false,"image_3_332x450":false,"image_4":false,"image_4_332x332":false,"image_4_563x400":false,"code_embed":"","legende_video":"","photo":false,"photo_100x100":false,"nom":"","fonction":"","elements_timeline":false,"entetes_colonnes":false,"entetes_lignes":false,"lignes":false,"introduction":"","formulaire":false,"question":"","reponse":"","libelle_bouton_lien":"","url_lien":"","questions":false,"conclusions":false,"pays":false,"region":false,"marque":false,"marqueConcessions":false,"modele":false,"ptvente":false,"typeV":false,"collection":false,"nombre_maximum_elements":10,"lien_fin_carousel":"","texte_lien_fin_carousel":"","trier_par":false},{"type_strate":"50-50-image-texte-full","ancre":"Volkswagen Golf","contenu":"","titre":"","image":false,"image_libre":false,"image_800x500":{"ID":23387,"id":23387,"title":"Volkswagen Golf 1.5 eTSI","filename":"DB2020AU01352_medium.jpg","filesize":1,"url":"https:\/\/cdn.bymycar.eu\/fr-webzine\/wp-content\/uploads\/medias\/DB2020AU01352_medium.jpg","link":"https:\/\/www.bymycar.fr\/webzine\/?attachment_id=23387","alt":"Volkswagen golf grise","author":"30","description":"","caption":"","name":"volkswagen-golf-1-5-etsi","status":"inherit","uploaded_to":23346,"date":"2022-01-10 10:37:19","modified":"2022-01-10 15:13:55","menu_order":0,"mime_type":"image\/jpeg","type":"image","subtype":"jpeg","icon":"https:\/\/www.bymycar.fr\/webzine\/wp-includes\/images\/media\/default.png","width":1795,"height":1137,"sizes":{"thumbnail":"https:\/\/cdn.bymycar.eu\/fr-webzine\/wp-content\/uploads\/medias\/DB2020AU01352_medium-150x150.jpg","thumbnail-width":150,"thumbnail-height":150,"medium":"https:\/\/cdn.bymycar.eu\/fr-webzine\/wp-content\/uploads\/medias\/DB2020AU01352_medium-300x190.jpg","medium-width":300,"medium-height":190,"medium_large":"https:\/\/cdn.bymycar.eu\/fr-webzine\/wp-content\/uploads\/medias\/DB2020AU01352_medium-768x486.jpg","medium_large-width":768,"medium_large-height":486,"large":"https:\/\/cdn.bymycar.eu\/fr-webzine\/wp-content\/uploads\/medias\/DB2020AU01352_medium-1024x649.jpg","large-width":1024,"large-height":649,"1536x1536":"https:\/\/cdn.bymycar.eu\/fr-webzine\/wp-content\/uploads\/medias\/DB2020AU01352_medium-1536x973.jpg","1536x1536-width":1536,"1536x1536-height":973,"2048x2048":"https:\/\/cdn.bymycar.eu\/fr-webzine\/wp-content\/uploads\/medias\/DB2020AU01352_medium.jpg","2048x2048-width":1795,"2048x2048-height":1137}},"legende":"","zoom":true,"texte":"<p><span style=\"font-size: 14pt;\">Volkswagen Golf : \u00e0 partir de 270\u20ac\/mois3<\/span><\/p>\n<p><span style=\"font-size: 14pt;\"><strong>ou reprise de votre v\u00e9hicule +3000\u20ac3<\/strong><\/span><\/p>\n","articles":false,"categorie_droite":false,"images":false,"elements_comparatif":false,"texte_1":"","texte_2":"","image_1":false,"image_1_563x400":false,"image_1_332x332":false,"image_2":false,"image_2_333x240":false,"image_2_563x400":false,"image_3":false,"image_3_333x240":false,"image_3_332x450":false,"image_4":false,"image_4_332x332":false,"image_4_563x400":false,"code_embed":"","legende_video":"","photo":false,"photo_100x100":false,"nom":"","fonction":"","elements_timeline":false,"entetes_colonnes":false,"entetes_lignes":false,"lignes":false,"introduction":"","formulaire":false,"question":"","reponse":"","libelle_bouton_lien":"","url_lien":"","questions":false,"conclusions":false,"pays":false,"region":false,"marque":false,"marqueConcessions":false,"modele":false,"ptvente":false,"typeV":false,"collection":false,"nombre_maximum_elements":10,"lien_fin_carousel":"","texte_lien_fin_carousel":"","trier_par":false},{"type_strate":"50-50-image-texte-full","ancre":"Volkswagen ID.4","contenu":"","titre":"","image":false,"image_libre":false,"image_800x500":{"ID":23388,"id":23388,"title":"The new Volkswagen ID.4 1ST","filename":"DB2020AU01897_large.jpg","filesize":1,"url":"https:\/\/cdn.bymycar.eu\/fr-webzine\/wp-content\/uploads\/medias\/DB2020AU01897_large.jpg","link":"https:\/\/www.bymycar.fr\/webzine\/?attachment_id=23388","alt":"Quelle est la dur\u00e9e minimum de l\u2019abonnement \u00e0 une voiture ? \u2013 BYmyCAR","author":"30","description":"","caption":"","name":"the-new-volkswagen-id-4-1st","status":"inherit","uploaded_to":23346,"date":"2022-01-10 10:37:49","modified":"2022-05-25 03:41:49","menu_order":0,"mime_type":"image\/jpeg","type":"image","subtype":"jpeg","icon":"https:\/\/www.bymycar.fr\/webzine\/wp-includes\/images\/media\/default.png","width":2560,"height":1707,"sizes":{"thumbnail":"https:\/\/cdn.bymycar.eu\/fr-webzine\/wp-content\/uploads\/medias\/DB2020AU01897_large-150x150.jpg","thumbnail-width":150,"thumbnail-height":150,"medium":"https:\/\/cdn.bymycar.eu\/fr-webzine\/wp-content\/uploads\/medias\/DB2020AU01897_large-300x200.jpg","medium-width":300,"medium-height":200,"medium_large":"https:\/\/cdn.bymycar.eu\/fr-webzine\/wp-content\/uploads\/medias\/DB2020AU01897_large-768x512.jpg","medium_large-width":768,"medium_large-height":512,"large":"https:\/\/cdn.bymycar.eu\/fr-webzine\/wp-content\/uploads\/medias\/DB2020AU01897_large-1024x683.jpg","large-width":1024,"large-height":683,"1536x1536":"https:\/\/cdn.bymycar.eu\/fr-webzine\/wp-content\/uploads\/medias\/DB2020AU01897_large-1536x1024.jpg","1536x1536-width":1536,"1536x1536-height":1024,"2048x2048":"https:\/\/cdn.bymycar.eu\/fr-webzine\/wp-content\/uploads\/medias\/DB2020AU01897_large-2048x1366.jpg","2048x2048-width":2048,"2048x2048-height":1366}},"legende":"","zoom":true,"texte":"<p><span style=\"font-size: 14pt;\">Volkswagen ID.4 Pro Business : \u00e0 partir de 229\u20ac\/mois4<\/span><\/p>\n<p>&nbsp;<\/p>\n","articles":false,"categorie_droite":false,"images":false,"elements_comparatif":false,"texte_1":"","texte_2":"","image_1":false,"image_1_563x400":false,"image_1_332x332":false,"image_2":false,"image_2_333x240":false,"image_2_563x400":false,"image_3":false,"image_3_333x240":false,"image_3_332x450":false,"image_4":false,"image_4_332x332":false,"image_4_563x400":false,"code_embed":"","legende_video":"","photo":false,"photo_100x100":false,"nom":"","fonction":"","elements_timeline":false,"entetes_colonnes":false,"entetes_lignes":false,"lignes":false,"introduction":"","formulaire":false,"question":"","reponse":"","libelle_bouton_lien":"","url_lien":"","questions":false,"conclusions":false,"pays":false,"region":false,"marque":false,"marqueConcessions":false,"modele":false,"ptvente":false,"typeV":false,"collection":false,"nombre_maximum_elements":10,"lien_fin_carousel":"","texte_lien_fin_carousel":"","trier_par":false},{"type_strate":"texte-simple","ancre":"","contenu":"<p><span style=\"font-size: 14pt;\">A cette occasion, nous sommes ravis de vous OFFRIR* une exp\u00e9rience unique en famille ou amis dans le Massif des Vosges, \u00e0 la d\u00e9couverte d\u2019un paysage \u00e0 couper le souffle.\u00a0<\/span><\/p>\n<p><span style=\"font-size: 14pt;\">Profitez-en avec TOUTE votre\u00a0famille!\u00a0<\/span><\/p>\n<p><span data-contrast=\"auto\">*Lot mis enjeu sur nos r\u00e9seaux sociaux Facebook et\u00a0lnstagram\u00a0avec tirage au sort. Sans obligation d&rsquo;achat. Bon cadeau limit\u00e9 \u00e0 12 personnes par gagnant.<\/span><span data-ccp-props=\"{&quot;335559740&quot;:271}\">\u00a0<\/span><\/p>\n","titre":"jeu","image":false,"image_libre":false,"image_800x500":false,"legende":"","zoom":false,"texte":"","articles":false,"categorie_droite":false,"images":false,"elements_comparatif":false,"texte_1":"","texte_2":"","image_1":false,"image_1_563x400":false,"image_1_332x332":false,"image_2":false,"image_2_333x240":false,"image_2_563x400":false,"image_3":false,"image_3_333x240":false,"image_3_332x450":false,"image_4":false,"image_4_332x332":false,"image_4_563x400":false,"code_embed":"","legende_video":"","photo":false,"photo_100x100":false,"nom":"","fonction":"","elements_timeline":false,"entetes_colonnes":false,"entetes_lignes":false,"lignes":false,"introduction":"","formulaire":false,"question":"","reponse":"","libelle_bouton_lien":"","url_lien":"","questions":false,"conclusions":false,"pays":false,"region":false,"marque":false,"marqueConcessions":false,"modele":false,"ptvente":false,"typeV":false,"collection":false,"nombre_maximum_elements":10,"lien_fin_carousel":"","texte_lien_fin_carousel":"","trier_par":false},{"type_strate":"texte-simple","ancre":"Formulaire de contact","contenu":"<p>Pour plus d\u2019informations, il suffit de remplir le formulaire ci-dessous, un conseiller client vous recontactera pour prendre rendez-vous.<\/p>\n\n<div class=\"wpcf7 no-js\" id=\"wpcf7-f23434-o1\" lang=\"fr-FR\" dir=\"ltr\" data-wpcf7-id=\"23434\">\n<div class=\"screen-reader-response\"><p role=\"status\" aria-live=\"polite\" aria-atomic=\"true\"><\/p> <ul><\/ul><\/div>\n<form action=\"\/webzine\/wp-json\/wp\/v2\/posts\/23425#wpcf7-f23434-o1\" method=\"post\" class=\"wpcf7-form init\" aria-label=\"Formulaire de contact\" novalidate=\"novalidate\" data-status=\"init\">\n<fieldset class=\"hidden-fields-container\"><input type=\"hidden\" name=\"_wpcf7\" value=\"23434\" \/><input type=\"hidden\" name=\"_wpcf7_version\" value=\"6.1.3\" \/><input type=\"hidden\" name=\"_wpcf7_locale\" value=\"fr_FR\" \/><input type=\"hidden\" name=\"_wpcf7_unit_tag\" value=\"wpcf7-f23434-o1\" \/><input type=\"hidden\" name=\"_wpcf7_container_post\" value=\"0\" \/><input type=\"hidden\" name=\"_wpcf7_posted_data_hash\" value=\"\" \/><input type=\"hidden\" name=\"_wpcf7_recaptcha_response\" value=\"\" \/>\n<\/fieldset>\n<div class=\"flex flex-row flex-wrap -mx-4\"><div class=\"w-1\/2 flex flex-col gap-4 align-top px-4\">\n\n<label> Nom* <\/label>\n<span class=\"wpcf7-form-control-wrap\" data-name=\"Nom\"><input size=\"40\" maxlength=\"400\" class=\"wpcf7-form-control wpcf7-text wpcf7-validates-as-required\" aria-required=\"true\" aria-invalid=\"false\" value=\"\" type=\"text\" name=\"Nom\" \/><\/span>\n\n<label> Pr\u00e9nom* <\/label>\n<span class=\"wpcf7-form-control-wrap\" data-name=\"prenom\"><input size=\"40\" maxlength=\"400\" class=\"wpcf7-form-control wpcf7-text wpcf7-validates-as-required\" aria-required=\"true\" aria-invalid=\"false\" value=\"\" type=\"text\" name=\"prenom\" \/><\/span>\n\n<label> Email* <\/label>\n<span class=\"wpcf7-form-control-wrap\" data-name=\"email\"><input size=\"40\" maxlength=\"400\" class=\"wpcf7-form-control wpcf7-email wpcf7-validates-as-required wpcf7-text wpcf7-validates-as-email\" aria-required=\"true\" aria-invalid=\"false\" value=\"\" type=\"email\" name=\"email\" \/><\/span>\n\n<label> T\u00e9l\u00e9phone* <\/label>\n<span class=\"wpcf7-form-control-wrap\" data-name=\"telephone\"><input size=\"40\" maxlength=\"400\" class=\"wpcf7-form-control wpcf7-tel wpcf7-validates-as-required wpcf7-text wpcf7-validates-as-tel\" aria-required=\"true\" aria-invalid=\"false\" value=\"\" type=\"tel\" name=\"telephone\" \/><\/span>\n\n<\/div>\n\n<div class=\"w-1\/2 flex flex-col gap-4 align-top px-4\">\n\n<label> Choix de l'offre* <\/label>\n<span class=\"wpcf7-form-control-wrap\" data-name=\"offre\"><select class=\"wpcf7-form-control wpcf7-select wpcf7-validates-as-required\" aria-required=\"true\" aria-invalid=\"false\" name=\"offre\"><option value=\"Volkswagen ID.3\">Volkswagen ID.3<\/option><option value=\"Volkswagen Polo\">Volkswagen Polo<\/option><option value=\"Volkswagen Golf\">Volkswagen Golf<\/option><option value=\"Volkswagen ID.4\">Volkswagen ID.4<\/option><option value=\"Autre mod\u00e8le Volkswagen\">Autre mod\u00e8le Volkswagen<\/option><\/select><\/span>\n\n<label> Choix de la concession* <\/label>\n<span class=\"wpcf7-form-control-wrap\" data-name=\"concession\"><select class=\"wpcf7-form-control wpcf7-select wpcf7-validates-as-required\" aria-required=\"true\" aria-invalid=\"false\" name=\"concession\"><option value=\"VOLKSWAGEN BYmyCAR Beaune\">VOLKSWAGEN BYmyCAR Beaune<\/option><option value=\"VOLKSWAGEN BYmyCAR Chatillon\">VOLKSWAGEN BYmyCAR Chatillon<\/option><option value=\"VOLKSWAGEN BYmyCAR Dijon\">VOLKSWAGEN BYmyCAR Dijon<\/option><option value=\"VOLKSWAGEN BYmyCAR Epinal\">VOLKSWAGEN BYmyCAR Epinal<\/option><\/select><\/span>\n\n<label> Votre message <\/label>\n<span class=\"wpcf7-form-control-wrap\" data-name=\"Commentaireclient\"><textarea cols=\"40\" rows=\"5\" maxlength=\"2000\" class=\"wpcf7-form-control wpcf7-textarea\" aria-invalid=\"false\" name=\"Commentaireclient\"><\/textarea><\/span>\n\n<\/div>\n\n<span class=\"wpcf7-form-control-wrap\" data-name=\"optinemail\"><span class=\"wpcf7-form-control wpcf7-checkbox\"><span class=\"wpcf7-list-item first last\"><input type=\"checkbox\" name=\"optinemail[]\" value=\"J&#039;accepte de recevoir la lettre d&#039;information li\u00e9e au Groupe BYmyCAR\" \/><span class=\"wpcf7-list-item-label\">J&#039;accepte de recevoir la lettre d&#039;information li\u00e9e au Groupe BYmyCAR<\/span><\/span><\/span><\/span>\n\n<span class=\"wpcf7-form-control-wrap\" data-name=\"optinsms\"><span class=\"wpcf7-form-control wpcf7-checkbox\"><span class=\"wpcf7-list-item first last\"><input type=\"checkbox\" name=\"optinsms[]\" value=\"J&#039;accepte de recevoir des informations li\u00e9es au Groupe BYmyCAR par sms\" \/><span class=\"wpcf7-list-item-label\">J&#039;accepte de recevoir des informations li\u00e9es au Groupe BYmyCAR par sms<\/span><\/span><\/span><\/span>\n\n<span class=\"wpcf7-form-control-wrap\" data-name=\"optinappel\"><span class=\"wpcf7-form-control wpcf7-checkbox\"><span class=\"wpcf7-list-item first last\"><input type=\"checkbox\" name=\"optinappel[]\" value=\"J&#039;accepte de recevoir des informations li\u00e9es au Groupe BYmyCAR par appel\" \/><span class=\"wpcf7-list-item-label\">J&#039;accepte de recevoir des informations li\u00e9es au Groupe BYmyCAR par appel<\/span><\/span><\/span><\/span>\n\n<div class=\"w-full flex flex-col items-center gap-y-2 text-center mt-4\"><input class=\"wpcf7-form-control wpcf7-submit has-spinner\" type=\"submit\" value=\"Envoyer\" \/><\/div><\/div><div class=\"wpcf7-response-output\" aria-hidden=\"true\"><\/div>\n<\/form>\n<\/div>\n\n","titre":"formulaire","image":false,"image_libre":false,"image_800x500":false,"legende":"","zoom":false,"texte":"","articles":false,"categorie_droite":false,"images":false,"elements_comparatif":false,"texte_1":"","texte_2":"","image_1":false,"image_1_563x400":false,"image_1_332x332":false,"image_2":false,"image_2_333x240":false,"image_2_563x400":false,"image_3":false,"image_3_333x240":false,"image_3_332x450":false,"image_4":false,"image_4_332x332":false,"image_4_563x400":false,"code_embed":"","legende_video":"","photo":false,"photo_100x100":false,"nom":"","fonction":"","elements_timeline":false,"entetes_colonnes":false,"entetes_lignes":false,"lignes":false,"introduction":"","formulaire":false,"question":"","reponse":"","libelle_bouton_lien":"","url_lien":"","questions":false,"conclusions":false,"pays":false,"region":false,"marque":false,"marqueConcessions":false,"modele":false,"ptvente":false,"typeV":false,"collection":false,"nombre_maximum_elements":10,"lien_fin_carousel":"","texte_lien_fin_carousel":"","trier_par":false},{"type_strate":"texte-simple","ancre":"","contenu":"<p>&nbsp;<\/p>\n<ol>\n<li data-leveltext=\"(%1)\" data-font=\"Montserrat\" data-listid=\"1\" data-aria-posinset=\"1\" data-aria-level=\"1\"><span style=\"font-size: 8pt;\"><i>Exemple pour une ID.3 Pro neuve en Location Longue Dur\u00e9e pour 30 000 km maximum. Location Longue Dur\u00e9e sur 37 mois. 1er loyer de 12 500\u20ac ramen\u00e9 \u00e0 4 000\u20ac apr\u00e8s d\u00e9duction du bonus \u00e9cologique gouvernemental de 6 000\u20ac et apr\u00e8s d\u00e9duction de la prime \u00e0 la conversion gouvernementale de 2 500\u20ac (conditions sur service-public.fr), suivi de 36 loyers de 159\u20ac. D\u00e9duction faite de l&rsquo;offre d\u2019aide \u00e0 la reprise Volkswagen allant jusqu\u2019\u00e0 1 500\u20ac en plus de la valeur estim\u00e9e de votre v\u00e9hicule. Offre r\u00e9serv\u00e9e aux particuliers, non cumulable avec toute autre offre en\u00a0cours,valable\u00a0pour toute commande entre le 01\/01\/2022 et le 31\/01\/2022 et immatriculation avant le 30\/06\/2022, chez les distributeurs en France m\u00e9tropolitaine pr\u00e9sentant ce financement et sous r\u00e9serve d\u2019acceptation du dossier par Volkswagen Bank\u00a0GmbH\u00a0\u2013 SARL de droit allemand \u2013 Capital 318 279 200 \u20ac \u2013 Succursale France : B\u00e2timent Ellipse \u2013 15, av. de la Demi-Lune \u2013 95700 Roissy-en-France \u2013 RCS Pontoise 451 618 904 \u2013 Interm\u00e9diaire d\u2019assurance europ\u00e9en : D-HNQM-UQ9MO-22 (orias.fr). Offre sous conditions de reprise (conditions sur volkswagen.fr) et d&rsquo;\u00e9ligibilit\u00e9 \u00e0 la prime \u00e0 la conversion gouvernementale (conditions sur service-public.fr). Entretien obligatoire souscrit aupr\u00e8s de Volkswagen Bank. Garantie 2 ans + 1 an de garantie additionnelle obligatoire incluse dans le loyer du v\u00e9hicule.<\/i><\/span><\/li>\n<li data-leveltext=\"(%1)\" data-font=\"Montserrat\" data-listid=\"1\" data-aria-posinset=\"1\" data-aria-level=\"1\"><span style=\"font-size: 8pt;\"><i>Exemple pour une Nouvelle Polo Life 1.0 TSI 95ch BVM5 neuve en Location Longue\u00a0Dur\u00e9e\u00a0pour 30 000 km maximum. Location Longue\u00a0Dur\u00e9e\u00a0sur 37 mois. 1er loyer de 3 500\u20ac ramen\u00e9 \u00e0 2 000\u20ac apr\u00e8s d\u00e9duction de la prime \u00e0 la conversion de 1 500\u20ac (conditions sur service-public.fr) suivi de 36 loyers de 149\u20ac. D\u00e9duction de l&rsquo;offre d\u2019aide \u00e0 la reprise Volkswagen allant jusqu\u2019\u00e0 2 000\u20ac en plus de la valeur estim\u00e9e de votre v\u00e9hicule. Offre\u00a0r\u00e9serv\u00e9e\u00a0aux particuliers, non cumulable avec toute autre offre en cours, valable pour toute commande entre le 01\/01\/2022 et le 31\/01\/2022 et immatriculation avant le 30\/06\/2022, chez les distributeurs en France\u00a0m\u00e9tropolitaine\u00a0pr\u00e9sentant\u00a0ce financement, sous\u00a0r\u00e9serve\u00a0d\u2019acceptation du dossier par Volkswagen Bank\u00a0GmbH\u00a0\u2013 SARL de droit allemand \u2013 Capital 318 279 200 \u20ac \u2013 Succursale France :\u00a0B\u00e2timent\u00a0Ellipse \u2013 15, av. de la Demi-Lune \u2013 95700 Roissy-en-France \u2013 RCS Pontoise 451 618 904 \u2013\u00a0Interm\u00e9diaire\u00a0d\u2019assurance\u00a0europ\u00e9en\u00a0: D-HNQM-UQ9MO-22 (orias.fr). Offre sous conditions de reprise (conditions sur volkswagen.fr) et d&rsquo;\u00e9ligibilit\u00e9 \u00e0 la prime \u00e0 la conversion gouvernementale (conditions sur service-public.fr). Entretien obligatoire souscrit\u00a0aupr\u00e8s\u00a0de Volkswagen Bank. Garantie 2 ans + 1 an de garantie additionnelle obligatoire incluse dans le loyer du\u00a0v\u00e9hicule. (2) Prix conseill\u00e9 au 01\/01\/2022 pour une Nouvelle Polo Life 1.0 TSI 95ch BVM5, d\u00e9duction faite de la prime \u00e0 la conversion gouvernementale de 1 500\u20ac (conditions sur service-public.fr). Cycle mixte Nouvelle Polo Life 1.0 TSI 95ch BVM5 (l\/100 km) WLTP : 5,2-6,1. Rejets de CO2 (g\/km) WLTP : 118-139. Valeurs au 01\/12\/2021, susceptibles d\u2019\u00e9volution. Plus d\u2019informations\u00a0aupr\u00e8s\u00a0de votre Partenaire. Depuis le 1er septembre 2018, les\u00a0v\u00e9hicules\u00a0l\u00e9gers\u00a0neufs sont\u00a0r\u00e9ceptionn\u00e9s\u00a0en Europe sur la base de la\u00a0proc\u00e9dure\u00a0d\u2019essai\u00a0harmonis\u00e9e\u00a0pour les\u00a0v\u00e9hicules\u00a0l\u00e9gers\u00a0(WLTP),\u00a0proc\u00e9dure\u00a0d\u2019essai permettant de mesurer la consommation de carburant et les\u00a0\u00e9missions\u00a0de CO2, plus\u00a0r\u00e9aliste\u00a0que la\u00a0proc\u00e9dure\u00a0NEDC\u00a0pr\u00e9c\u00e9demment\u00a0utilis\u00e9e..<\/i>\u00a0<\/span><\/li>\n<li data-leveltext=\"(%1)\" data-font=\"Montserrat\" data-listid=\"1\" data-aria-posinset=\"1\" data-aria-level=\"1\"><span style=\"font-size: 8pt;\"><i>Exemple pour une Golf Life 1.0 TSI 110ch BVM6 neuve en Location Longue Dur\u00e9e pour 30 000 km maximum. Location Longue Dur\u00e9e sur 37 mois. 1er loyer de 3 000\u20ac, suivi de 36 loyers de 279\u20ac. D\u00e9duction faite de l&rsquo;offre d\u2019aide \u00e0 la reprise Volkswagen allant jusqu\u2019\u00e0 3 000\u20ac en plus de la valeur estim\u00e9e de votre v\u00e9hicule. Offre r\u00e9serv\u00e9e aux particuliers, non cumulable avec toute autre offre en\u00a0cours,valable\u00a0pour toute commande entre le 01\/01\/2022 et le 31\/01\/2022 et immatriculation avant le 30\/06\/2022, chez les distributeurs en France m\u00e9tropolitaine pr\u00e9sentant ce financement, dans la limite des stocks disponibles et sous r\u00e9serve d\u2019acceptation du dossier par Volkswagen Bank\u00a0GmbH\u00a0\u2013 SARL de droit allemand \u2013 Capital 318 279 200 \u20ac \u2013 Succursale France : B\u00e2timent Ellipse \u2013 15, av. de la Demi-Lune \u2013 95700 Roissy-en-France \u2013 RCS Pontoise 451 618 904 \u2013 Interm\u00e9diaire d\u2019assurance europ\u00e9en : D-HNQM-UQ9MO-22 (orias.fr). Offre sous conditions de reprise (conditions sur volkswagen.fr). Entretien obligatoire souscrit aupr\u00e8s de Volkswagen Bank. Garantie 2 ans + 1 an de garantie additionnelle obligatoire incluse dans le loyer du v\u00e9hicule<\/i>\u00a0<\/span><\/li>\n<li data-leveltext=\"(%1)\" data-font=\"Montserrat\" data-listid=\"1\" data-aria-posinset=\"1\" data-aria-level=\"1\"><span style=\"font-size: 8pt;\"><i>Exemple pour un Nouveau ID.4 Pure neuf en Location Longue Dur\u00e9e pour 30 000 km maximum. Location Longue Dur\u00e9e sur 37 mois. 1er loyer de 12 500\u20ac ramen\u00e9 \u00e0 4 000\u20ac apr\u00e8s d\u00e9duction du bonus \u00e9cologique gouvernemental de 6 000\u20ac et apr\u00e8s d\u00e9duction de la prime \u00e0 la conversion gouvernementale de 2 500\u20ac (conditions sur service-public.fr) suivi de 36 loyers de 229\u20ac. Offre r\u00e9serv\u00e9e aux particuliers, non cumulable avec toute autre offre en cours, valable pour toute commande entre le 01\/01\/2022 et le 31\/01\/2022 et immatriculation avant le 30\/06\/2022, chez les distributeurs en France\u00a0m\u00e9tropolitaine\u00a0pr\u00e9sentant\u00a0ce financement et sous\u00a0r\u00e9serve\u00a0d\u2019acceptation du dossier par Volkswagen Bank\u00a0GmbH\u00a0\u2013 SARL de droit allemand \u2013 Capital 318 279 200 \u20ac \u2013 Succursale France :\u00a0B\u00e2timent\u00a0Ellipse \u2013 15, av. de la Demi-Lune \u2013 95700 Roissy-en-France \u2013 RCS Pontoise 451 618 904 \u2013\u00a0Interm\u00e9diaire\u00a0d\u2019assurance\u00a0europ\u00e9en\u00a0: D-HNQM-UQ9MO-22 (orias.fr). Entretien obligatoire souscrit\u00a0aupr\u00e8s\u00a0de Volkswagen Bank. Garantie 2 ans + 1 an de garantie additionnelle obligatoire incluse dans le loyer du\u00a0v\u00e9hicule.<\/i>\u00a0<\/span><\/li>\n<\/ol>\n<p><span style=\"font-size: 8pt;\">Vos donn\u00e9es \u00e0 caract\u00e8re personnel font l\u2019objet d\u2019un traitement de donn\u00e9es \u00e0 caract\u00e8re personnel mis en oeuvre par la soci\u00e9t\u00e9 BYmyCAR aux fins de gestion de la relation clients et prospects. Vos donn\u00e9es sont r\u00e9serv\u00e9es \u00e0 l\u2019usage des services internes de la soci\u00e9t\u00e9 BYmyCAR ainsi qu\u2019aux prestataires habilit\u00e9s \u00e0 traiter vos donn\u00e9es. Conform\u00e9ment \u00e0 la r\u00e9glementation fran\u00e7aise et europ\u00e9enne relative \u00e0 la protection des donn\u00e9es \u00e0 caract\u00e8re personnel, vous pouvez \u00e0 tout moment exercer vos droits d\u2019acc\u00e8s, de rectification et de suppression des donn\u00e9es \u00e0 caract\u00e8re personnel vous concernant ainsi que vous opposer au traitement desdites donn\u00e9es. Vous disposez \u00e9galement du droit de d\u00e9finir des directives g\u00e9n\u00e9rales ou particuli\u00e8res relatives au sort de vos donn\u00e9es \u00e0 caract\u00e8re personnel apr\u00e8s votre d\u00e9c\u00e8s. Seules les directives particuli\u00e8res relatives au traitement de donn\u00e9es \u00e0 caract\u00e8re personnel mis en oeuvre par BYmyCAR seront enregistr\u00e9es par BYmyCAR. Vous pouvez exercer vos droits en adressant votre demande, accompagn\u00e9e d\u2019un justificatif de votre identit\u00e9, par voie postale \u00e0 BYmyCAR, 278 Bd. St. Germain, 75007 Paris ou e-mail \u00e0\u00a0<a href=\"mailto:contact-web@bymycar.fr\">contact-web@bymycar.fr<\/a>. Nous vous informons que vous disposez en outre d\u2019un droit d\u2019inscription sur la liste d\u2019opposition au d\u00e9marchage t\u00e9l\u00e9phonique que vous pouvez exercer aupr\u00e8s de la SAS OPPOSETEL, 92-98 boulevard Victor Hugo \u2013 92110 CLICHY (<a href=\"http:\/\/www.bloctel.gouv.fr\/\">http:\/\/www.bloctel.gouv.fr\/<\/a>).<\/span><\/p>\n","titre":"conditions de l'offre","image":false,"image_libre":false,"image_800x500":false,"legende":"","zoom":false,"texte":"","articles":false,"categorie_droite":false,"images":false,"elements_comparatif":false,"texte_1":"","texte_2":"","image_1":false,"image_1_563x400":false,"image_1_332x332":false,"image_2":false,"image_2_333x240":false,"image_2_563x400":false,"image_3":false,"image_3_333x240":false,"image_3_332x450":false,"image_4":false,"image_4_332x332":false,"image_4_563x400":false,"code_embed":"","legende_video":"","photo":false,"photo_100x100":false,"nom":"","fonction":"","elements_timeline":false,"entetes_colonnes":false,"entetes_lignes":false,"lignes":false,"introduction":"","formulaire":false,"question":"","reponse":"","libelle_bouton_lien":"","url_lien":"","questions":false,"conclusions":false,"pays":false,"region":false,"marque":false,"marqueConcessions":false,"modele":false,"ptvente":false,"typeV":false,"collection":false,"nombre_maximum_elements":10,"lien_fin_carousel":"","texte_lien_fin_carousel":"","trier_par":false}],"is_old_post":false,"image":{"ID":23344,"id":23344,"title":"MicrosoftTeams-image","filename":"MicrosoftTeams-image.png","filesize":1,"url":"https:\/\/cdn.bymycar.eu\/fr-webzine\/wp-content\/uploads\/medias\/MicrosoftTeams-image.png","link":"https:\/\/www.bymycar.fr\/webzine\/microsoftteams-image\/","alt":"","author":"30","description":"","caption":"","name":"microsoftteams-image","status":"inherit","uploaded_to":0,"date":"2022-01-10 09:26:08","modified":"2022-01-10 09:50:10","menu_order":0,"mime_type":"image\/png","type":"image","subtype":"png","icon":"https:\/\/www.bymycar.fr\/webzine\/wp-includes\/images\/media\/default.png","width":2000,"height":700,"sizes":{"thumbnail":"https:\/\/cdn.bymycar.eu\/fr-webzine\/wp-content\/uploads\/medias\/MicrosoftTeams-image-150x150.png","thumbnail-width":150,"thumbnail-height":150,"medium":"https:\/\/cdn.bymycar.eu\/fr-webzine\/wp-content\/uploads\/medias\/MicrosoftTeams-image-300x105.png","medium-width":300,"medium-height":105,"medium_large":"https:\/\/cdn.bymycar.eu\/fr-webzine\/wp-content\/uploads\/medias\/MicrosoftTeams-image-768x269.png","medium_large-width":768,"medium_large-height":269,"large":"https:\/\/cdn.bymycar.eu\/fr-webzine\/wp-content\/uploads\/medias\/MicrosoftTeams-image-1024x358.png","large-width":1024,"large-height":358,"1536x1536":"https:\/\/cdn.bymycar.eu\/fr-webzine\/wp-content\/uploads\/medias\/MicrosoftTeams-image-1536x538.png","1536x1536-width":1536,"1536x1536-height":538,"2048x2048":"https:\/\/cdn.bymycar.eu\/fr-webzine\/wp-content\/uploads\/medias\/MicrosoftTeams-image.png","2048x2048-width":2000,"2048x2048-height":700}},"page_content":{"block_content":[{"acf_fc_layout":"text-image","--nav":{"-withNav":true,"-ancre":"Volkswagen ID.3"},"--group":{"-image":{"ID":23385,"id":23385,"title":"The new Volkswagen ID.3","filename":"DB2020AU01068_large.jpg","filesize":1,"url":"https:\/\/cdn.bymycar.eu\/fr-webzine\/wp-content\/uploads\/medias\/DB2020AU01068_large.jpg","link":"https:\/\/www.bymycar.fr\/webzine\/?attachment_id=23385","alt":"volkswagen ID.3 couleur bleu","author":"30","description":"","caption":"","name":"the-new-volkswagen-id-3-10","status":"inherit","uploaded_to":23346,"date":"2022-01-10 10:35:44","modified":"2022-01-10 15:12:21","menu_order":0,"mime_type":"image\/jpeg","type":"image","subtype":"jpeg","icon":"https:\/\/www.bymycar.fr\/webzine\/wp-includes\/images\/media\/default.png","width":2560,"height":1707,"sizes":{"thumbnail":"https:\/\/cdn.bymycar.eu\/fr-webzine\/wp-content\/uploads\/medias\/DB2020AU01068_large-150x150.jpg","thumbnail-width":150,"thumbnail-height":150,"medium":"https:\/\/cdn.bymycar.eu\/fr-webzine\/wp-content\/uploads\/medias\/DB2020AU01068_large-300x200.jpg","medium-width":300,"medium-height":200,"medium_large":"https:\/\/cdn.bymycar.eu\/fr-webzine\/wp-content\/uploads\/medias\/DB2020AU01068_large-768x512.jpg","medium_large-width":768,"medium_large-height":512,"large":"https:\/\/cdn.bymycar.eu\/fr-webzine\/wp-content\/uploads\/medias\/DB2020AU01068_large-1024x683.jpg","large-width":1024,"large-height":683,"1536x1536":"https:\/\/cdn.bymycar.eu\/fr-webzine\/wp-content\/uploads\/medias\/DB2020AU01068_large-1536x1024.jpg","1536x1536-width":1536,"1536x1536-height":1024,"2048x2048":"https:\/\/cdn.bymycar.eu\/fr-webzine\/wp-content\/uploads\/medias\/DB2020AU01068_large-2048x1366.jpg","2048x2048-width":2048,"2048x2048-height":1366}},"-title":"","-text":"<p><span style=\"font-size: 14pt;\">Volkswagen ID.3 : \u00e0 partir de 159\u20ac\/mois1<\/span><\/p>\n<p><strong><span style=\"font-size: 14pt;\">ou reprise de votre v\u00e9hicule +1500\u20ac1<\/span><\/strong><\/p>\n"}},{"acf_fc_layout":"text-image","--nav":{"-withNav":true,"-ancre":"Volkswagen Polo"},"--group":{"-image":{"ID":23386,"id":23386,"title":"The new Volkswagen Polo","filename":"DB2021AU00711_large.jpg","filesize":1,"url":"https:\/\/cdn.bymycar.eu\/fr-webzine\/wp-content\/uploads\/medias\/DB2021AU00711_large.jpg","link":"https:\/\/www.bymycar.fr\/webzine\/?attachment_id=23386","alt":"","author":"30","description":"","caption":"","name":"the-new-volkswagen-polo-4","status":"inherit","uploaded_to":23346,"date":"2022-01-10 10:36:38","modified":"2022-01-10 10:36:50","menu_order":0,"mime_type":"image\/jpeg","type":"image","subtype":"jpeg","icon":"https:\/\/www.bymycar.fr\/webzine\/wp-includes\/images\/media\/default.png","width":2560,"height":1679,"sizes":{"thumbnail":"https:\/\/cdn.bymycar.eu\/fr-webzine\/wp-content\/uploads\/medias\/DB2021AU00711_large-150x150.jpg","thumbnail-width":150,"thumbnail-height":150,"medium":"https:\/\/cdn.bymycar.eu\/fr-webzine\/wp-content\/uploads\/medias\/DB2021AU00711_large-300x197.jpg","medium-width":300,"medium-height":197,"medium_large":"https:\/\/cdn.bymycar.eu\/fr-webzine\/wp-content\/uploads\/medias\/DB2021AU00711_large-768x504.jpg","medium_large-width":768,"medium_large-height":504,"large":"https:\/\/cdn.bymycar.eu\/fr-webzine\/wp-content\/uploads\/medias\/DB2021AU00711_large-1024x672.jpg","large-width":1024,"large-height":672,"1536x1536":"https:\/\/cdn.bymycar.eu\/fr-webzine\/wp-content\/uploads\/medias\/DB2021AU00711_large-1536x1007.jpg","1536x1536-width":1536,"1536x1536-height":1007,"2048x2048":"https:\/\/cdn.bymycar.eu\/fr-webzine\/wp-content\/uploads\/medias\/DB2021AU00711_large-2048x1343.jpg","2048x2048-width":2048,"2048x2048-height":1343}},"-title":"","-text":"<p><span style=\"font-size: 14pt;\">Nouvelle Volkswagen Polo : \u00e0 partir de 149\u20ac\/mois2<\/span><\/p>\n<p><span style=\"font-size: 14pt;\"><strong>ou reprise de votre v\u00e9hicule +2000\u20ac2<\/strong><\/span><\/p>\n"}},{"acf_fc_layout":"text-image","--nav":{"-withNav":true,"-ancre":"Volkswagen Golf"},"--group":{"-image":{"ID":23387,"id":23387,"title":"Volkswagen Golf 1.5 eTSI","filename":"DB2020AU01352_medium.jpg","filesize":1,"url":"https:\/\/cdn.bymycar.eu\/fr-webzine\/wp-content\/uploads\/medias\/DB2020AU01352_medium.jpg","link":"https:\/\/www.bymycar.fr\/webzine\/?attachment_id=23387","alt":"Volkswagen golf grise","author":"30","description":"","caption":"","name":"volkswagen-golf-1-5-etsi","status":"inherit","uploaded_to":23346,"date":"2022-01-10 10:37:19","modified":"2022-01-10 15:13:55","menu_order":0,"mime_type":"image\/jpeg","type":"image","subtype":"jpeg","icon":"https:\/\/www.bymycar.fr\/webzine\/wp-includes\/images\/media\/default.png","width":1795,"height":1137,"sizes":{"thumbnail":"https:\/\/cdn.bymycar.eu\/fr-webzine\/wp-content\/uploads\/medias\/DB2020AU01352_medium-150x150.jpg","thumbnail-width":150,"thumbnail-height":150,"medium":"https:\/\/cdn.bymycar.eu\/fr-webzine\/wp-content\/uploads\/medias\/DB2020AU01352_medium-300x190.jpg","medium-width":300,"medium-height":190,"medium_large":"https:\/\/cdn.bymycar.eu\/fr-webzine\/wp-content\/uploads\/medias\/DB2020AU01352_medium-768x486.jpg","medium_large-width":768,"medium_large-height":486,"large":"https:\/\/cdn.bymycar.eu\/fr-webzine\/wp-content\/uploads\/medias\/DB2020AU01352_medium-1024x649.jpg","large-width":1024,"large-height":649,"1536x1536":"https:\/\/cdn.bymycar.eu\/fr-webzine\/wp-content\/uploads\/medias\/DB2020AU01352_medium-1536x973.jpg","1536x1536-width":1536,"1536x1536-height":973,"2048x2048":"https:\/\/cdn.bymycar.eu\/fr-webzine\/wp-content\/uploads\/medias\/DB2020AU01352_medium.jpg","2048x2048-width":1795,"2048x2048-height":1137}},"-title":"","-text":"<p><span style=\"font-size: 14pt;\">Volkswagen Golf : \u00e0 partir de 270\u20ac\/mois3<\/span><\/p>\n<p><span style=\"font-size: 14pt;\"><strong>ou reprise de votre v\u00e9hicule +3000\u20ac3<\/strong><\/span><\/p>\n"}},{"acf_fc_layout":"text-image","--nav":{"-withNav":true,"-ancre":"Volkswagen ID.4"},"--group":{"-image":{"ID":23388,"id":23388,"title":"The new Volkswagen ID.4 1ST","filename":"DB2020AU01897_large.jpg","filesize":1,"url":"https:\/\/cdn.bymycar.eu\/fr-webzine\/wp-content\/uploads\/medias\/DB2020AU01897_large.jpg","link":"https:\/\/www.bymycar.fr\/webzine\/?attachment_id=23388","alt":"Quelle est la dur\u00e9e minimum de l\u2019abonnement \u00e0 une voiture ? \u2013 BYmyCAR","author":"30","description":"","caption":"","name":"the-new-volkswagen-id-4-1st","status":"inherit","uploaded_to":23346,"date":"2022-01-10 10:37:49","modified":"2022-05-25 03:41:49","menu_order":0,"mime_type":"image\/jpeg","type":"image","subtype":"jpeg","icon":"https:\/\/www.bymycar.fr\/webzine\/wp-includes\/images\/media\/default.png","width":2560,"height":1707,"sizes":{"thumbnail":"https:\/\/cdn.bymycar.eu\/fr-webzine\/wp-content\/uploads\/medias\/DB2020AU01897_large-150x150.jpg","thumbnail-width":150,"thumbnail-height":150,"medium":"https:\/\/cdn.bymycar.eu\/fr-webzine\/wp-content\/uploads\/medias\/DB2020AU01897_large-300x200.jpg","medium-width":300,"medium-height":200,"medium_large":"https:\/\/cdn.bymycar.eu\/fr-webzine\/wp-content\/uploads\/medias\/DB2020AU01897_large-768x512.jpg","medium_large-width":768,"medium_large-height":512,"large":"https:\/\/cdn.bymycar.eu\/fr-webzine\/wp-content\/uploads\/medias\/DB2020AU01897_large-1024x683.jpg","large-width":1024,"large-height":683,"1536x1536":"https:\/\/cdn.bymycar.eu\/fr-webzine\/wp-content\/uploads\/medias\/DB2020AU01897_large-1536x1024.jpg","1536x1536-width":1536,"1536x1536-height":1024,"2048x2048":"https:\/\/cdn.bymycar.eu\/fr-webzine\/wp-content\/uploads\/medias\/DB2020AU01897_large-2048x1366.jpg","2048x2048-width":2048,"2048x2048-height":1366}},"-title":"","-text":"<p><span style=\"font-size: 14pt;\">Volkswagen ID.4 Pro Business : \u00e0 partir de 229\u20ac\/mois4<\/span><\/p>\n<p>&nbsp;<\/p>\n"}},{"acf_fc_layout":"text-simple","--nav":{"-withNav":false,"-ancre":""},"--group":{"-text":"<p><span style=\"font-size: 14pt;\">A cette occasion, nous sommes ravis de vous OFFRIR* une exp\u00e9rience unique en famille ou amis dans le Massif des Vosges, \u00e0 la d\u00e9couverte d\u2019un paysage \u00e0 couper le souffle.\u00a0<\/span><\/p>\n<p><span style=\"font-size: 14pt;\">Profitez-en avec TOUTE votre\u00a0famille!\u00a0<\/span><\/p>\n<p><span data-contrast=\"auto\">*Lot mis enjeu sur nos r\u00e9seaux sociaux Facebook et\u00a0lnstagram\u00a0avec tirage au sort. Sans obligation d&rsquo;achat. Bon cadeau limit\u00e9 \u00e0 12 personnes par gagnant.<\/span><span data-ccp-props=\"{&quot;335559740&quot;:271}\">\u00a0<\/span><\/p>\n"}},{"acf_fc_layout":"text-simple","--nav":{"-withNav":true,"-ancre":"Formulaire de contact"},"--group":{"-text":"<p>Pour plus d\u2019informations, il suffit de remplir le formulaire ci-dessous, un conseiller client vous recontactera pour prendre rendez-vous.<\/p>\n<div class=\"wpcf7 no-js\" id=\"wpcf7-f23434-p23425-o126\" lang=\"fr-FR\" dir=\"ltr\" data-wpcf7-id=\"23434\">\n<div class=\"screen-reader-response\">\n<p role=\"status\" aria-live=\"polite\" aria-atomic=\"true\">\n<ul><\/ul>\n<\/div>\n<form action=\"\/webzine\/wp-admin\/index.php?page=transfert-data-post#wpcf7-f23434-p23425-o126\" method=\"post\" class=\"wpcf7-form init\" aria-label=\"Formulaire de contact\" novalidate=\"novalidate\" data-status=\"init\">\n<div style=\"display: none;\">\n<input type=\"hidden\" name=\"_wpcf7\" value=\"23434\" \/><br \/>\n<input type=\"hidden\" name=\"_wpcf7_version\" value=\"6.0.6\" \/><br \/>\n<input type=\"hidden\" name=\"_wpcf7_locale\" value=\"fr_FR\" \/><br \/>\n<input type=\"hidden\" name=\"_wpcf7_unit_tag\" value=\"wpcf7-f23434-p23425-o126\" \/><br \/>\n<input type=\"hidden\" name=\"_wpcf7_container_post\" value=\"23425\" \/><br \/>\n<input type=\"hidden\" name=\"_wpcf7_posted_data_hash\" value=\"\" \/><br \/>\n<input type=\"hidden\" name=\"_wpcf7_recaptcha_response\" value=\"\" \/>\n<\/div>\n<div class=\"flex flex-row flex-wrap -mx-4\">\n<div class=\"w-1\/2 flex flex-col gap-4 align-top px-4\">\n<p><label> Nom* <\/label><br \/>\n<span class=\"wpcf7-form-control-wrap\" data-name=\"Nom\"><input size=\"40\" maxlength=\"400\" class=\"wpcf7-form-control wpcf7-text wpcf7-validates-as-required\" aria-required=\"true\" aria-invalid=\"false\" value=\"\" type=\"text\" name=\"Nom\" \/><\/span><\/p>\n<p><label> Pr\u00e9nom* <\/label><br \/>\n<span class=\"wpcf7-form-control-wrap\" data-name=\"prenom\"><input size=\"40\" maxlength=\"400\" class=\"wpcf7-form-control wpcf7-text wpcf7-validates-as-required\" aria-required=\"true\" aria-invalid=\"false\" value=\"\" type=\"text\" name=\"prenom\" \/><\/span><\/p>\n<p><label> Email* <\/label><br \/>\n<span class=\"wpcf7-form-control-wrap\" data-name=\"email\"><input size=\"40\" maxlength=\"400\" class=\"wpcf7-form-control wpcf7-email wpcf7-validates-as-required wpcf7-text wpcf7-validates-as-email\" aria-required=\"true\" aria-invalid=\"false\" value=\"\" type=\"email\" name=\"email\" \/><\/span><\/p>\n<p><label> T\u00e9l\u00e9phone* <\/label><br \/>\n<span class=\"wpcf7-form-control-wrap\" data-name=\"telephone\"><input size=\"40\" maxlength=\"400\" class=\"wpcf7-form-control wpcf7-tel wpcf7-validates-as-required wpcf7-text wpcf7-validates-as-tel\" aria-required=\"true\" aria-invalid=\"false\" value=\"\" type=\"tel\" name=\"telephone\" \/><\/span><\/p>\n<\/div>\n<div class=\"w-1\/2 flex flex-col gap-4 align-top px-4\">\n<p><label> Choix de l&rsquo;offre* <\/label><br \/>\n<span class=\"wpcf7-form-control-wrap\" data-name=\"offre\"><select class=\"wpcf7-form-control wpcf7-select wpcf7-validates-as-required\" aria-required=\"true\" aria-invalid=\"false\" name=\"offre\"><option value=\"Volkswagen ID.3\">Volkswagen ID.3<\/option><option value=\"Volkswagen Polo\">Volkswagen Polo<\/option><option value=\"Volkswagen Golf\">Volkswagen Golf<\/option><option value=\"Volkswagen ID.4\">Volkswagen ID.4<\/option><option value=\"Autre mod\u00e8le Volkswagen\">Autre mod\u00e8le Volkswagen<\/option><\/select><\/span><\/p>\n<p><label> Choix de la concession* <\/label><br \/>\n<span class=\"wpcf7-form-control-wrap\" data-name=\"concession\"><select class=\"wpcf7-form-control wpcf7-select wpcf7-validates-as-required\" aria-required=\"true\" aria-invalid=\"false\" name=\"concession\"><option value=\"VOLKSWAGEN BYmyCAR Beaune\">VOLKSWAGEN BYmyCAR Beaune<\/option><option value=\"VOLKSWAGEN BYmyCAR Chatillon\">VOLKSWAGEN BYmyCAR Chatillon<\/option><option value=\"VOLKSWAGEN BYmyCAR Dijon\">VOLKSWAGEN BYmyCAR Dijon<\/option><option value=\"VOLKSWAGEN BYmyCAR Epinal\">VOLKSWAGEN BYmyCAR Epinal<\/option><\/select><\/span><\/p>\n<p><label> Votre message <\/label><br \/>\n<span class=\"wpcf7-form-control-wrap\" data-name=\"Commentaireclient\"><textarea cols=\"40\" rows=\"5\" maxlength=\"2000\" class=\"wpcf7-form-control wpcf7-textarea\" aria-invalid=\"false\" name=\"Commentaireclient\"><\/textarea><\/span><\/p>\n<\/div>\n<p><span class=\"wpcf7-form-control-wrap\" data-name=\"optinemail\"><span class=\"wpcf7-form-control wpcf7-checkbox\"><span class=\"wpcf7-list-item first last\"><input type=\"checkbox\" name=\"optinemail[]\" value=\"J&#039;accepte de recevoir la lettre d&#039;information li\u00e9e au Groupe BYmyCAR\" \/><span class=\"wpcf7-list-item-label\">J&#039;accepte de recevoir la lettre d&#039;information li\u00e9e au Groupe BYmyCAR<\/span><\/span><\/span><\/span><\/p>\n<p><span class=\"wpcf7-form-control-wrap\" data-name=\"optinsms\"><span class=\"wpcf7-form-control wpcf7-checkbox\"><span class=\"wpcf7-list-item first last\"><input type=\"checkbox\" name=\"optinsms[]\" value=\"J&#039;accepte de recevoir des informations li\u00e9es au Groupe BYmyCAR par sms\" \/><span class=\"wpcf7-list-item-label\">J&#039;accepte de recevoir des informations li\u00e9es au Groupe BYmyCAR par sms<\/span><\/span><\/span><\/span><\/p>\n<p><span class=\"wpcf7-form-control-wrap\" data-name=\"optinappel\"><span class=\"wpcf7-form-control wpcf7-checkbox\"><span class=\"wpcf7-list-item first last\"><input type=\"checkbox\" name=\"optinappel[]\" value=\"J&#039;accepte de recevoir des informations li\u00e9es au Groupe BYmyCAR par appel\" \/><span class=\"wpcf7-list-item-label\">J&#039;accepte de recevoir des informations li\u00e9es au Groupe BYmyCAR par appel<\/span><\/span><\/span><\/span><\/p>\n<div class=\"w-full flex flex-col items-center gap-y-2 text-center mt-4\"><input class=\"wpcf7-form-control wpcf7-submit has-spinner\" type=\"submit\" value=\"Envoyer\" \/><\/div>\n<\/div>\n<div class=\"wpcf7-response-output\" aria-hidden=\"true\"><\/div>\n<\/form>\n<\/div>\n"}},{"acf_fc_layout":"text-simple","--nav":{"-withNav":false,"-ancre":""},"--group":{"-text":"<p>&nbsp;<\/p>\n<ol>\n<li data-leveltext=\"(%1)\" data-font=\"Montserrat\" data-listid=\"1\" data-aria-posinset=\"1\" data-aria-level=\"1\"><span style=\"font-size: 8pt;\"><i>Exemple pour une ID.3 Pro neuve en Location Longue Dur\u00e9e pour 30 000 km maximum. Location Longue Dur\u00e9e sur 37 mois. 1er loyer de 12 500\u20ac ramen\u00e9 \u00e0 4 000\u20ac apr\u00e8s d\u00e9duction du bonus \u00e9cologique gouvernemental de 6 000\u20ac et apr\u00e8s d\u00e9duction de la prime \u00e0 la conversion gouvernementale de 2 500\u20ac (conditions sur service-public.fr), suivi de 36 loyers de 159\u20ac. D\u00e9duction faite de l&rsquo;offre d\u2019aide \u00e0 la reprise Volkswagen allant jusqu\u2019\u00e0 1 500\u20ac en plus de la valeur estim\u00e9e de votre v\u00e9hicule. Offre r\u00e9serv\u00e9e aux particuliers, non cumulable avec toute autre offre en\u00a0cours,valable\u00a0pour toute commande entre le 01\/01\/2022 et le 31\/01\/2022 et immatriculation avant le 30\/06\/2022, chez les distributeurs en France m\u00e9tropolitaine pr\u00e9sentant ce financement et sous r\u00e9serve d\u2019acceptation du dossier par Volkswagen Bank\u00a0GmbH\u00a0\u2013 SARL de droit allemand \u2013 Capital 318 279 200 \u20ac \u2013 Succursale France : B\u00e2timent Ellipse \u2013 15, av. de la Demi-Lune \u2013 95700 Roissy-en-France \u2013 RCS Pontoise 451 618 904 \u2013 Interm\u00e9diaire d\u2019assurance europ\u00e9en : D-HNQM-UQ9MO-22 (orias.fr). Offre sous conditions de reprise (conditions sur volkswagen.fr) et d&rsquo;\u00e9ligibilit\u00e9 \u00e0 la prime \u00e0 la conversion gouvernementale (conditions sur service-public.fr). Entretien obligatoire souscrit aupr\u00e8s de Volkswagen Bank. Garantie 2 ans + 1 an de garantie additionnelle obligatoire incluse dans le loyer du v\u00e9hicule.<\/i><\/span><\/li>\n<li data-leveltext=\"(%1)\" data-font=\"Montserrat\" data-listid=\"1\" data-aria-posinset=\"1\" data-aria-level=\"1\"><span style=\"font-size: 8pt;\"><i>Exemple pour une Nouvelle Polo Life 1.0 TSI 95ch BVM5 neuve en Location Longue\u00a0Dur\u00e9e\u00a0pour 30 000 km maximum. Location Longue\u00a0Dur\u00e9e\u00a0sur 37 mois. 1er loyer de 3 500\u20ac ramen\u00e9 \u00e0 2 000\u20ac apr\u00e8s d\u00e9duction de la prime \u00e0 la conversion de 1 500\u20ac (conditions sur service-public.fr) suivi de 36 loyers de 149\u20ac. D\u00e9duction de l&rsquo;offre d\u2019aide \u00e0 la reprise Volkswagen allant jusqu\u2019\u00e0 2 000\u20ac en plus de la valeur estim\u00e9e de votre v\u00e9hicule. Offre\u00a0r\u00e9serv\u00e9e\u00a0aux particuliers, non cumulable avec toute autre offre en cours, valable pour toute commande entre le 01\/01\/2022 et le 31\/01\/2022 et immatriculation avant le 30\/06\/2022, chez les distributeurs en France\u00a0m\u00e9tropolitaine\u00a0pr\u00e9sentant\u00a0ce financement, sous\u00a0r\u00e9serve\u00a0d\u2019acceptation du dossier par Volkswagen Bank\u00a0GmbH\u00a0\u2013 SARL de droit allemand \u2013 Capital 318 279 200 \u20ac \u2013 Succursale France :\u00a0B\u00e2timent\u00a0Ellipse \u2013 15, av. de la Demi-Lune \u2013 95700 Roissy-en-France \u2013 RCS Pontoise 451 618 904 \u2013\u00a0Interm\u00e9diaire\u00a0d\u2019assurance\u00a0europ\u00e9en\u00a0: D-HNQM-UQ9MO-22 (orias.fr). Offre sous conditions de reprise (conditions sur volkswagen.fr) et d&rsquo;\u00e9ligibilit\u00e9 \u00e0 la prime \u00e0 la conversion gouvernementale (conditions sur service-public.fr). Entretien obligatoire souscrit\u00a0aupr\u00e8s\u00a0de Volkswagen Bank. Garantie 2 ans + 1 an de garantie additionnelle obligatoire incluse dans le loyer du\u00a0v\u00e9hicule. (2) Prix conseill\u00e9 au 01\/01\/2022 pour une Nouvelle Polo Life 1.0 TSI 95ch BVM5, d\u00e9duction faite de la prime \u00e0 la conversion gouvernementale de 1 500\u20ac (conditions sur service-public.fr). Cycle mixte Nouvelle Polo Life 1.0 TSI 95ch BVM5 (l\/100 km) WLTP : 5,2-6,1. Rejets de CO2 (g\/km) WLTP : 118-139. Valeurs au 01\/12\/2021, susceptibles d\u2019\u00e9volution. Plus d\u2019informations\u00a0aupr\u00e8s\u00a0de votre Partenaire. Depuis le 1er septembre 2018, les\u00a0v\u00e9hicules\u00a0l\u00e9gers\u00a0neufs sont\u00a0r\u00e9ceptionn\u00e9s\u00a0en Europe sur la base de la\u00a0proc\u00e9dure\u00a0d\u2019essai\u00a0harmonis\u00e9e\u00a0pour les\u00a0v\u00e9hicules\u00a0l\u00e9gers\u00a0(WLTP),\u00a0proc\u00e9dure\u00a0d\u2019essai permettant de mesurer la consommation de carburant et les\u00a0\u00e9missions\u00a0de CO2, plus\u00a0r\u00e9aliste\u00a0que la\u00a0proc\u00e9dure\u00a0NEDC\u00a0pr\u00e9c\u00e9demment\u00a0utilis\u00e9e..<\/i>\u00a0<\/span><\/li>\n<li data-leveltext=\"(%1)\" data-font=\"Montserrat\" data-listid=\"1\" data-aria-posinset=\"1\" data-aria-level=\"1\"><span style=\"font-size: 8pt;\"><i>Exemple pour une Golf Life 1.0 TSI 110ch BVM6 neuve en Location Longue Dur\u00e9e pour 30 000 km maximum. Location Longue Dur\u00e9e sur 37 mois. 1er loyer de 3 000\u20ac, suivi de 36 loyers de 279\u20ac. D\u00e9duction faite de l&rsquo;offre d\u2019aide \u00e0 la reprise Volkswagen allant jusqu\u2019\u00e0 3 000\u20ac en plus de la valeur estim\u00e9e de votre v\u00e9hicule. Offre r\u00e9serv\u00e9e aux particuliers, non cumulable avec toute autre offre en\u00a0cours,valable\u00a0pour toute commande entre le 01\/01\/2022 et le 31\/01\/2022 et immatriculation avant le 30\/06\/2022, chez les distributeurs en France m\u00e9tropolitaine pr\u00e9sentant ce financement, dans la limite des stocks disponibles et sous r\u00e9serve d\u2019acceptation du dossier par Volkswagen Bank\u00a0GmbH\u00a0\u2013 SARL de droit allemand \u2013 Capital 318 279 200 \u20ac \u2013 Succursale France : B\u00e2timent Ellipse \u2013 15, av. de la Demi-Lune \u2013 95700 Roissy-en-France \u2013 RCS Pontoise 451 618 904 \u2013 Interm\u00e9diaire d\u2019assurance europ\u00e9en : D-HNQM-UQ9MO-22 (orias.fr). Offre sous conditions de reprise (conditions sur volkswagen.fr). Entretien obligatoire souscrit aupr\u00e8s de Volkswagen Bank. Garantie 2 ans + 1 an de garantie additionnelle obligatoire incluse dans le loyer du v\u00e9hicule<\/i>\u00a0<\/span><\/li>\n<li data-leveltext=\"(%1)\" data-font=\"Montserrat\" data-listid=\"1\" data-aria-posinset=\"1\" data-aria-level=\"1\"><span style=\"font-size: 8pt;\"><i>Exemple pour un Nouveau ID.4 Pure neuf en Location Longue Dur\u00e9e pour 30 000 km maximum. Location Longue Dur\u00e9e sur 37 mois. 1er loyer de 12 500\u20ac ramen\u00e9 \u00e0 4 000\u20ac apr\u00e8s d\u00e9duction du bonus \u00e9cologique gouvernemental de 6 000\u20ac et apr\u00e8s d\u00e9duction de la prime \u00e0 la conversion gouvernementale de 2 500\u20ac (conditions sur service-public.fr) suivi de 36 loyers de 229\u20ac. Offre r\u00e9serv\u00e9e aux particuliers, non cumulable avec toute autre offre en cours, valable pour toute commande entre le 01\/01\/2022 et le 31\/01\/2022 et immatriculation avant le 30\/06\/2022, chez les distributeurs en France\u00a0m\u00e9tropolitaine\u00a0pr\u00e9sentant\u00a0ce financement et sous\u00a0r\u00e9serve\u00a0d\u2019acceptation du dossier par Volkswagen Bank\u00a0GmbH\u00a0\u2013 SARL de droit allemand \u2013 Capital 318 279 200 \u20ac \u2013 Succursale France :\u00a0B\u00e2timent\u00a0Ellipse \u2013 15, av. de la Demi-Lune \u2013 95700 Roissy-en-France \u2013 RCS Pontoise 451 618 904 \u2013\u00a0Interm\u00e9diaire\u00a0d\u2019assurance\u00a0europ\u00e9en\u00a0: D-HNQM-UQ9MO-22 (orias.fr). Entretien obligatoire souscrit\u00a0aupr\u00e8s\u00a0de Volkswagen Bank. Garantie 2 ans + 1 an de garantie additionnelle obligatoire incluse dans le loyer du\u00a0v\u00e9hicule.<\/i>\u00a0<\/span><\/li>\n<\/ol>\n<p><span style=\"font-size: 8pt;\">Vos donn\u00e9es \u00e0 caract\u00e8re personnel font l\u2019objet d\u2019un traitement de donn\u00e9es \u00e0 caract\u00e8re personnel mis en oeuvre par la soci\u00e9t\u00e9 BYmyCAR aux fins de gestion de la relation clients et prospects. Vos donn\u00e9es sont r\u00e9serv\u00e9es \u00e0 l\u2019usage des services internes de la soci\u00e9t\u00e9 BYmyCAR ainsi qu\u2019aux prestataires habilit\u00e9s \u00e0 traiter vos donn\u00e9es. Conform\u00e9ment \u00e0 la r\u00e9glementation fran\u00e7aise et europ\u00e9enne relative \u00e0 la protection des donn\u00e9es \u00e0 caract\u00e8re personnel, vous pouvez \u00e0 tout moment exercer vos droits d\u2019acc\u00e8s, de rectification et de suppression des donn\u00e9es \u00e0 caract\u00e8re personnel vous concernant ainsi que vous opposer au traitement desdites donn\u00e9es. Vous disposez \u00e9galement du droit de d\u00e9finir des directives g\u00e9n\u00e9rales ou particuli\u00e8res relatives au sort de vos donn\u00e9es \u00e0 caract\u00e8re personnel apr\u00e8s votre d\u00e9c\u00e8s. Seules les directives particuli\u00e8res relatives au traitement de donn\u00e9es \u00e0 caract\u00e8re personnel mis en oeuvre par BYmyCAR seront enregistr\u00e9es par BYmyCAR. Vous pouvez exercer vos droits en adressant votre demande, accompagn\u00e9e d\u2019un justificatif de votre identit\u00e9, par voie postale \u00e0 BYmyCAR, 278 Bd. St. Germain, 75007 Paris ou e-mail \u00e0\u00a0<a href=\"mailto:contact-web@bymycar.fr\">contact-web@bymycar.fr<\/a>. Nous vous informons que vous disposez en outre d\u2019un droit d\u2019inscription sur la liste d\u2019opposition au d\u00e9marchage t\u00e9l\u00e9phonique que vous pouvez exercer aupr\u00e8s de la SAS OPPOSETEL, 92-98 boulevard Victor Hugo \u2013 92110 CLICHY (<a href=\"http:\/\/www.bloctel.gouv.fr\/\">http:\/\/www.bloctel.gouv.fr\/<\/a>).<\/span><\/p>\n"}}]},"add-carousel-to-footer":true},"yoast_head":"<!-- This site is optimized with the Yoast SEO Premium plugin v26.4 (Yoast SEO v26.4) - https:\/\/yoast.com\/wordpress\/plugins\/seo\/ -->\n<title>Portes Ouvertes Volkswagen BYmyCAR<\/title>\n<meta name=\"robots\" content=\"index, follow, max-snippet:-1, max-image-preview:large, max-video-preview:-1\" \/>\n<link rel=\"canonical\" href=\"https:\/\/www.bymycar.fr\/webzine\/portes-ouvertes-volkswagen-bymycar\/\" \/>\n<meta property=\"og:locale\" content=\"fr_FR\" \/>\n<meta property=\"og:type\" content=\"article\" \/>\n<meta property=\"og:title\" content=\"Portes Ouvertes Volkswagen BYmyCAR\" \/>\n<meta property=\"og:url\" content=\"https:\/\/www.bymycar.fr\/webzine\/portes-ouvertes-volkswagen-bymycar\/\" \/>\n<meta property=\"og:site_name\" content=\"Webzine auto BYmyCAR\" \/>\n<meta property=\"article:published_time\" content=\"2022-01-10T15:51:23+00:00\" \/>\n<meta property=\"article:modified_time\" content=\"2023-01-16T13:59:27+00:00\" \/>\n<meta property=\"og:image\" content=\"https:\/\/cdn.bymycar.eu\/fr-webzine\/wp-content\/uploads\/medias\/MicrosoftTeams-image.png\" \/>\n\t<meta property=\"og:image:width\" content=\"2000\" \/>\n\t<meta property=\"og:image:height\" content=\"700\" \/>\n\t<meta property=\"og:image:type\" content=\"image\/png\" \/>\n<meta name=\"author\" content=\"Gregoire LE BIHAN\" \/>\n<meta name=\"twitter:card\" content=\"summary_large_image\" \/>\n<meta name=\"twitter:label1\" content=\"\u00c9crit par\" \/>\n\t<meta name=\"twitter:data1\" content=\"Gregoire LE BIHAN\" \/>\n<script type=\"application\/ld+json\" class=\"yoast-schema-graph\">{\"@context\":\"https:\/\/schema.org\",\"@graph\":[{\"@type\":\"Article\",\"@id\":\"https:\/\/www.bymycar.fr\/webzine\/portes-ouvertes-volkswagen-bymycar\/#article\",\"isPartOf\":{\"@id\":\"https:\/\/www.bymycar.fr\/webzine\/portes-ouvertes-volkswagen-bymycar\/\"},\"author\":{\"name\":\"Gregoire LE BIHAN\",\"@id\":\"https:\/\/www.bymycar.fr\/webzine\/#\/schema\/person\/8c56906440ec126868bd40232b3445f0\"},\"headline\":\"Portes Ouvertes Volkswagen BYmyCAR\",\"datePublished\":\"2022-01-10T15:51:23+00:00\",\"dateModified\":\"2023-01-16T13:59:27+00:00\",\"mainEntityOfPage\":{\"@id\":\"https:\/\/www.bymycar.fr\/webzine\/portes-ouvertes-volkswagen-bymycar\/\"},\"wordCount\":4,\"publisher\":{\"@id\":\"https:\/\/www.bymycar.fr\/webzine\/#organization\"},\"image\":{\"@id\":\"https:\/\/www.bymycar.fr\/webzine\/portes-ouvertes-volkswagen-bymycar\/#primaryimage\"},\"thumbnailUrl\":\"https:\/\/cdn.bymycar.eu\/fr-webzine\/wp-content\/uploads\/medias\/MicrosoftTeams-image.png\",\"articleSection\":[\"Actualit\u00e9s des concessions\"],\"inLanguage\":\"fr-FR\"},{\"@type\":\"WebPage\",\"@id\":\"https:\/\/www.bymycar.fr\/webzine\/portes-ouvertes-volkswagen-bymycar\/\",\"url\":\"https:\/\/www.bymycar.fr\/webzine\/portes-ouvertes-volkswagen-bymycar\/\",\"name\":\"Portes Ouvertes Volkswagen BYmyCAR\",\"isPartOf\":{\"@id\":\"https:\/\/www.bymycar.fr\/webzine\/#website\"},\"primaryImageOfPage\":{\"@id\":\"https:\/\/www.bymycar.fr\/webzine\/portes-ouvertes-volkswagen-bymycar\/#primaryimage\"},\"image\":{\"@id\":\"https:\/\/www.bymycar.fr\/webzine\/portes-ouvertes-volkswagen-bymycar\/#primaryimage\"},\"thumbnailUrl\":\"https:\/\/cdn.bymycar.eu\/fr-webzine\/wp-content\/uploads\/medias\/MicrosoftTeams-image.png\",\"datePublished\":\"2022-01-10T15:51:23+00:00\",\"dateModified\":\"2023-01-16T13:59:27+00:00\",\"breadcrumb\":{\"@id\":\"https:\/\/www.bymycar.fr\/webzine\/portes-ouvertes-volkswagen-bymycar\/#breadcrumb\"},\"inLanguage\":\"fr-FR\",\"potentialAction\":[{\"@type\":\"ReadAction\",\"target\":[\"https:\/\/www.bymycar.fr\/webzine\/portes-ouvertes-volkswagen-bymycar\/\"]}]},{\"@type\":\"ImageObject\",\"inLanguage\":\"fr-FR\",\"@id\":\"https:\/\/www.bymycar.fr\/webzine\/portes-ouvertes-volkswagen-bymycar\/#primaryimage\",\"url\":\"https:\/\/cdn.bymycar.eu\/fr-webzine\/wp-content\/uploads\/medias\/MicrosoftTeams-image.png\",\"contentUrl\":\"https:\/\/cdn.bymycar.eu\/fr-webzine\/wp-content\/uploads\/medias\/MicrosoftTeams-image.png\",\"width\":2000,\"height\":700},{\"@type\":\"BreadcrumbList\",\"@id\":\"https:\/\/www.bymycar.fr\/webzine\/portes-ouvertes-volkswagen-bymycar\/#breadcrumb\",\"itemListElement\":[{\"@type\":\"ListItem\",\"position\":1,\"name\":\"Accueil\",\"item\":\"https:\/\/www.bymycar.fr\/webzine\/\"},{\"@type\":\"ListItem\",\"position\":2,\"name\":\"Portes Ouvertes Volkswagen BYmyCAR\"}]},{\"@type\":\"WebSite\",\"@id\":\"https:\/\/www.bymycar.fr\/webzine\/#website\",\"url\":\"https:\/\/www.bymycar.fr\/webzine\/\",\"name\":\"Webzine auto BYmyCAR\",\"description\":\"La magazine auto de BYmyCAR\",\"publisher\":{\"@id\":\"https:\/\/www.bymycar.fr\/webzine\/#organization\"},\"potentialAction\":[{\"@type\":\"SearchAction\",\"target\":{\"@type\":\"EntryPoint\",\"urlTemplate\":\"https:\/\/www.bymycar.fr\/webzine\/?s={search_term_string}\"},\"query-input\":{\"@type\":\"PropertyValueSpecification\",\"valueRequired\":true,\"valueName\":\"search_term_string\"}}],\"inLanguage\":\"fr-FR\"},{\"@type\":\"Organization\",\"@id\":\"https:\/\/www.bymycar.fr\/webzine\/#organization\",\"name\":\"BYmyCAR\",\"url\":\"https:\/\/www.bymycar.fr\/webzine\/\",\"logo\":{\"@type\":\"ImageObject\",\"inLanguage\":\"fr-FR\",\"@id\":\"https:\/\/www.bymycar.fr\/webzine\/#\/schema\/logo\/image\/\",\"url\":\"https:\/\/cdn.bymycar.eu\/fr-webzine\/wp-content\/uploads\/medias\/2017\/08\/logo_DEALER_00000406_001.png\",\"contentUrl\":\"https:\/\/cdn.bymycar.eu\/fr-webzine\/wp-content\/uploads\/medias\/2017\/08\/logo_DEALER_00000406_001.png\",\"width\":2132,\"height\":720,\"caption\":\"BYmyCAR\"},\"image\":{\"@id\":\"https:\/\/www.bymycar.fr\/webzine\/#\/schema\/logo\/image\/\"}},{\"@type\":\"Person\",\"@id\":\"https:\/\/www.bymycar.fr\/webzine\/#\/schema\/person\/8c56906440ec126868bd40232b3445f0\",\"name\":\"Gregoire LE BIHAN\",\"image\":{\"@type\":\"ImageObject\",\"inLanguage\":\"fr-FR\",\"@id\":\"https:\/\/www.bymycar.fr\/webzine\/#\/schema\/person\/image\/\",\"url\":\"https:\/\/secure.gravatar.com\/avatar\/1356d71f3c6eed50de358ba425c9944b742a0d35f88e0d5f8afe88fdac525492?s=96&d=mm&r=g\",\"contentUrl\":\"https:\/\/secure.gravatar.com\/avatar\/1356d71f3c6eed50de358ba425c9944b742a0d35f88e0d5f8afe88fdac525492?s=96&d=mm&r=g\",\"caption\":\"Gregoire LE BIHAN\"}}]}<\/script>\n<!-- \/ Yoast SEO Premium plugin. -->","yoast_head_json":{"title":"Portes Ouvertes Volkswagen BYmyCAR","robots":{"index":"index","follow":"follow","max-snippet":"max-snippet:-1","max-image-preview":"max-image-preview:large","max-video-preview":"max-video-preview:-1"},"canonical":"https:\/\/www.bymycar.fr\/webzine\/portes-ouvertes-volkswagen-bymycar\/","og_locale":"fr_FR","og_type":"article","og_title":"Portes Ouvertes Volkswagen BYmyCAR","og_url":"https:\/\/www.bymycar.fr\/webzine\/portes-ouvertes-volkswagen-bymycar\/","og_site_name":"Webzine auto BYmyCAR","article_published_time":"2022-01-10T15:51:23+00:00","article_modified_time":"2023-01-16T13:59:27+00:00","og_image":[{"width":2000,"height":700,"url":"https:\/\/cdn.bymycar.eu\/fr-webzine\/wp-content\/uploads\/medias\/MicrosoftTeams-image.png","type":"image\/png"}],"author":"Gregoire LE BIHAN","twitter_card":"summary_large_image","twitter_misc":{"\u00c9crit par":"Gregoire LE BIHAN"},"schema":{"@context":"https:\/\/schema.org","@graph":[{"@type":"Article","@id":"https:\/\/www.bymycar.fr\/webzine\/portes-ouvertes-volkswagen-bymycar\/#article","isPartOf":{"@id":"https:\/\/www.bymycar.fr\/webzine\/portes-ouvertes-volkswagen-bymycar\/"},"author":{"name":"Gregoire LE BIHAN","@id":"https:\/\/www.bymycar.fr\/webzine\/#\/schema\/person\/8c56906440ec126868bd40232b3445f0"},"headline":"Portes Ouvertes Volkswagen BYmyCAR","datePublished":"2022-01-10T15:51:23+00:00","dateModified":"2023-01-16T13:59:27+00:00","mainEntityOfPage":{"@id":"https:\/\/www.bymycar.fr\/webzine\/portes-ouvertes-volkswagen-bymycar\/"},"wordCount":4,"publisher":{"@id":"https:\/\/www.bymycar.fr\/webzine\/#organization"},"image":{"@id":"https:\/\/www.bymycar.fr\/webzine\/portes-ouvertes-volkswagen-bymycar\/#primaryimage"},"thumbnailUrl":"https:\/\/cdn.bymycar.eu\/fr-webzine\/wp-content\/uploads\/medias\/MicrosoftTeams-image.png","articleSection":["Actualit\u00e9s des concessions"],"inLanguage":"fr-FR"},{"@type":"WebPage","@id":"https:\/\/www.bymycar.fr\/webzine\/portes-ouvertes-volkswagen-bymycar\/","url":"https:\/\/www.bymycar.fr\/webzine\/portes-ouvertes-volkswagen-bymycar\/","name":"Portes Ouvertes Volkswagen BYmyCAR","isPartOf":{"@id":"https:\/\/www.bymycar.fr\/webzine\/#website"},"primaryImageOfPage":{"@id":"https:\/\/www.bymycar.fr\/webzine\/portes-ouvertes-volkswagen-bymycar\/#primaryimage"},"image":{"@id":"https:\/\/www.bymycar.fr\/webzine\/portes-ouvertes-volkswagen-bymycar\/#primaryimage"},"thumbnailUrl":"https:\/\/cdn.bymycar.eu\/fr-webzine\/wp-content\/uploads\/medias\/MicrosoftTeams-image.png","datePublished":"2022-01-10T15:51:23+00:00","dateModified":"2023-01-16T13:59:27+00:00","breadcrumb":{"@id":"https:\/\/www.bymycar.fr\/webzine\/portes-ouvertes-volkswagen-bymycar\/#breadcrumb"},"inLanguage":"fr-FR","potentialAction":[{"@type":"ReadAction","target":["https:\/\/www.bymycar.fr\/webzine\/portes-ouvertes-volkswagen-bymycar\/"]}]},{"@type":"ImageObject","inLanguage":"fr-FR","@id":"https:\/\/www.bymycar.fr\/webzine\/portes-ouvertes-volkswagen-bymycar\/#primaryimage","url":"https:\/\/cdn.bymycar.eu\/fr-webzine\/wp-content\/uploads\/medias\/MicrosoftTeams-image.png","contentUrl":"https:\/\/cdn.bymycar.eu\/fr-webzine\/wp-content\/uploads\/medias\/MicrosoftTeams-image.png","width":2000,"height":700},{"@type":"BreadcrumbList","@id":"https:\/\/www.bymycar.fr\/webzine\/portes-ouvertes-volkswagen-bymycar\/#breadcrumb","itemListElement":[{"@type":"ListItem","position":1,"name":"Accueil","item":"https:\/\/www.bymycar.fr\/webzine\/"},{"@type":"ListItem","position":2,"name":"Portes Ouvertes Volkswagen BYmyCAR"}]},{"@type":"WebSite","@id":"https:\/\/www.bymycar.fr\/webzine\/#website","url":"https:\/\/www.bymycar.fr\/webzine\/","name":"Webzine auto BYmyCAR","description":"La magazine auto de BYmyCAR","publisher":{"@id":"https:\/\/www.bymycar.fr\/webzine\/#organization"},"potentialAction":[{"@type":"SearchAction","target":{"@type":"EntryPoint","urlTemplate":"https:\/\/www.bymycar.fr\/webzine\/?s={search_term_string}"},"query-input":{"@type":"PropertyValueSpecification","valueRequired":true,"valueName":"search_term_string"}}],"inLanguage":"fr-FR"},{"@type":"Organization","@id":"https:\/\/www.bymycar.fr\/webzine\/#organization","name":"BYmyCAR","url":"https:\/\/www.bymycar.fr\/webzine\/","logo":{"@type":"ImageObject","inLanguage":"fr-FR","@id":"https:\/\/www.bymycar.fr\/webzine\/#\/schema\/logo\/image\/","url":"https:\/\/cdn.bymycar.eu\/fr-webzine\/wp-content\/uploads\/medias\/2017\/08\/logo_DEALER_00000406_001.png","contentUrl":"https:\/\/cdn.bymycar.eu\/fr-webzine\/wp-content\/uploads\/medias\/2017\/08\/logo_DEALER_00000406_001.png","width":2132,"height":720,"caption":"BYmyCAR"},"image":{"@id":"https:\/\/www.bymycar.fr\/webzine\/#\/schema\/logo\/image\/"}},{"@type":"Person","@id":"https:\/\/www.bymycar.fr\/webzine\/#\/schema\/person\/8c56906440ec126868bd40232b3445f0","name":"Gregoire LE BIHAN","image":{"@type":"ImageObject","inLanguage":"fr-FR","@id":"https:\/\/www.bymycar.fr\/webzine\/#\/schema\/person\/image\/","url":"https:\/\/secure.gravatar.com\/avatar\/1356d71f3c6eed50de358ba425c9944b742a0d35f88e0d5f8afe88fdac525492?s=96&d=mm&r=g","contentUrl":"https:\/\/secure.gravatar.com\/avatar\/1356d71f3c6eed50de358ba425c9944b742a0d35f88e0d5f8afe88fdac525492?s=96&d=mm&r=g","caption":"Gregoire LE BIHAN"}}]}},"_links":{"self":[{"href":"https:\/\/www.bymycar.fr\/webzine\/wp-json\/wp\/v2\/posts\/23425","targetHints":{"allow":["GET"]}}],"collection":[{"href":"https:\/\/www.bymycar.fr\/webzine\/wp-json\/wp\/v2\/posts"}],"about":[{"href":"https:\/\/www.bymycar.fr\/webzine\/wp-json\/wp\/v2\/types\/post"}],"author":[{"embeddable":true,"href":"https:\/\/www.bymycar.fr\/webzine\/wp-json\/wp\/v2\/users\/9"}],"replies":[{"embeddable":true,"href":"https:\/\/www.bymycar.fr\/webzine\/wp-json\/wp\/v2\/comments?post=23425"}],"version-history":[{"count":26,"href":"https:\/\/www.bymycar.fr\/webzine\/wp-json\/wp\/v2\/posts\/23425\/revisions"}],"predecessor-version":[{"id":39280,"href":"https:\/\/www.bymycar.fr\/webzine\/wp-json\/wp\/v2\/posts\/23425\/revisions\/39280"}],"wp:featuredmedia":[{"embeddable":true,"href":"https:\/\/www.bymycar.fr\/webzine\/wp-json\/wp\/v2\/media\/23344"}],"wp:attachment":[{"href":"https:\/\/www.bymycar.fr\/webzine\/wp-json\/wp\/v2\/media?parent=23425"}],"wp:term":[{"taxonomy":"category","embeddable":true,"href":"https:\/\/www.bymycar.fr\/webzine\/wp-json\/wp\/v2\/categories?post=23425"},{"taxonomy":"post_tag","embeddable":true,"href":"https:\/\/www.bymycar.fr\/webzine\/wp-json\/wp\/v2\/tags?post=23425"}],"curies":[{"name":"wp","href":"https:\/\/api.w.org\/{rel}","templated":true}]}}