{"id":22990,"date":"2022-01-05T12:22:44","date_gmt":"2022-01-05T11:22:44","guid":{"rendered":"https:\/\/prod.bymycar.fr\/webzine\/?p=22990"},"modified":"2025-05-14T12:00:08","modified_gmt":"2025-05-14T10:00:08","slug":"portes-ouvertes-renault-dacia-bymycar","status":"publish","type":"post","link":"https:\/\/www.bymycar.fr\/webzine\/portes-ouvertes-renault-dacia-bymycar\/","title":{"rendered":"Portes Ouvertes Renault &#8211; Dacia BYmy)CAR"},"content":{"rendered":"\n<p><em>*Montant vers\u00e9 par le concessionnaire en plus de la valeur de reprise de votre v\u00e9hicule pour tout achat du mod\u00e8le pr\u00e9sent\u00e9. Voir conditions de l&rsquo;offre sur la fiche produit<\/em><\/p>\n<p>*voir autres conditions en concession<\/p>\n","protected":false},"excerpt":{"rendered":"","protected":false},"author":30,"featured_media":23001,"comment_status":"closed","ping_status":"open","sticky":false,"template":"","format":"standard","meta":{"_acf_changed":false,"footnotes":""},"categories":[9014],"tags":[],"class_list":["post-22990","post","type-post","status-publish","format-standard","has-post-thumbnail","hentry","category-actualites-concessions-bymycar"],"acf":{"template":"classique","introduction":"<p><span style=\"font-size: 14pt;\">Toute l\u2019\u00e9quipe de Renault et Dacia BYmyCAR vous souhaite une tr\u00e8s belle ann\u00e9e 2022, et est heureuse de vous retrouver lors de nos Journ\u00e9es Portes Ouvertes :<\/span><\/p>\n<p><span style=\"font-size: 18pt;\"><strong>Du 13 au 17 Janvier 2021<\/strong><\/span><\/p>\n<p><span style=\"font-size: 18pt;\"><strong>Ouverture exceptionnelle Dimanche 16\u00a0!<\/strong><\/span><\/p>\n<p><span style=\"font-size: 18pt;\"><strong>Dans vos concessions Renault-Dacia BYmyCAR <\/strong><\/span><\/p>\n<p>&nbsp;<\/p>\n<p><strong><span style=\"font-size: 14pt;\">Et si la nouvelle ann\u00e9e rimait avec disponibilit\u00e9 ?<\/span> <\/strong><\/p>\n<p><span style=\"font-size: 18pt;\"><span style=\"font-size: 14pt;\">BYmyCAR dispose d\u2019un <strong>large choix de v\u00e9hicules<\/strong> neufs et de d\u00e9monstration Renault et Dacia en stock et <strong>pr\u00eats \u00e0 partir avec <\/strong>jusqu\u2019\u00e0<\/span> <strong>7000 \u20ac<\/strong> <strong>d\u2019aide*<\/strong><span style=\"font-size: 14pt;\"> \u00e0 la reprise.<\/span><\/span><\/p>\n","strates":[{"type_strate":"50-50-image-texte-full","ancre":"","contenu":"","titre":"","image":false,"image_libre":false,"image_800x500":{"ID":22991,"id":22991,"title":"RENAULT CAPTUR","filename":"2019-Nouveau-Renault-CAPTUR.jpg","filesize":1,"url":"https:\/\/cdn.bymycar.eu\/fr-webzine\/wp-content\/uploads\/medias\/2019-Nouveau-Renault-CAPTUR.jpg","link":"https:\/\/www.bymycar.fr\/webzine\/portes-ouvertes-renault-dacia-bymycar\/renault-captur-hjb-2\/","alt":"Renault Captur","author":"30","description":"","caption":"HyperFocal: 0","name":"renault-captur-hjb-2","status":"inherit","uploaded_to":22990,"date":"2022-01-04 18:50:17","modified":"2022-01-04 18:51:19","menu_order":0,"mime_type":"image\/jpeg","type":"image","subtype":"jpeg","icon":"https:\/\/www.bymycar.fr\/webzine\/wp-includes\/images\/media\/default.png","width":2560,"height":1956,"sizes":{"thumbnail":"https:\/\/cdn.bymycar.eu\/fr-webzine\/wp-content\/uploads\/medias\/2019-Nouveau-Renault-CAPTUR-150x150.jpg","thumbnail-width":150,"thumbnail-height":150,"medium":"https:\/\/cdn.bymycar.eu\/fr-webzine\/wp-content\/uploads\/medias\/2019-Nouveau-Renault-CAPTUR-300x229.jpg","medium-width":300,"medium-height":229,"medium_large":"https:\/\/cdn.bymycar.eu\/fr-webzine\/wp-content\/uploads\/medias\/2019-Nouveau-Renault-CAPTUR-768x587.jpg","medium_large-width":768,"medium_large-height":587,"large":"https:\/\/cdn.bymycar.eu\/fr-webzine\/wp-content\/uploads\/medias\/2019-Nouveau-Renault-CAPTUR-1024x782.jpg","large-width":1024,"large-height":782,"1536x1536":"https:\/\/cdn.bymycar.eu\/fr-webzine\/wp-content\/uploads\/medias\/2019-Nouveau-Renault-CAPTUR-1536x1174.jpg","1536x1536-width":1536,"1536x1536-height":1174,"2048x2048":"https:\/\/cdn.bymycar.eu\/fr-webzine\/wp-content\/uploads\/medias\/2019-Nouveau-Renault-CAPTUR-2048x1565.jpg","2048x2048-width":2048,"2048x2048-height":1565}},"legende":"","zoom":false,"texte":"<p><span style=\"font-size: 36pt;\"><strong>Renault Captur<\/strong> <\/span><\/p>\n<p><span style=\"font-size: 14pt;\">\u00e0 partir de <strong><span style=\"font-size: 24pt;\">159\u20ac<\/span>\/mois(1)<\/strong><\/span><\/p>\n<p><span style=\"font-size: 14pt;\">Ou reprise de votre v\u00e9hicule +<strong><span style=\"font-size: 24pt;\">3 000 \u20ac<\/span>*(4)<\/strong><\/span><\/p>\n","articles":false,"categorie_droite":false,"images":false,"elements_comparatif":false,"texte_1":"","texte_2":"","image_1":false,"image_1_563x400":false,"image_1_332x332":false,"image_2":false,"image_2_333x240":false,"image_2_563x400":false,"image_3":false,"image_3_333x240":false,"image_3_332x450":false,"image_4":false,"image_4_332x332":false,"image_4_563x400":false,"code_embed":"","legende_video":"","photo":false,"photo_100x100":false,"nom":"","fonction":"","elements_timeline":false,"entetes_colonnes":false,"entetes_lignes":false,"lignes":false,"introduction":"","formulaire":false,"question":"","reponse":"","libelle_bouton_lien":"","url_lien":"","questions":false,"conclusions":false,"pays":false,"region":false,"marque":false,"marqueConcessions":false,"modele":false,"ptvente":false,"typeV":false,"collection":false,"nombre_maximum_elements":10,"lien_fin_carousel":"","texte_lien_fin_carousel":"","trier_par":false},{"type_strate":"50-50-image-texte-full","ancre":"","contenu":"","titre":"","image":false,"image_libre":false,"image_800x500":{"ID":22993,"id":22993,"title":"clio V","filename":"clio-hybride-2.jpg","filesize":1,"url":"https:\/\/cdn.bymycar.eu\/fr-webzine\/wp-content\/uploads\/medias\/clio-hybride-2.jpg","link":"https:\/\/www.bymycar.fr\/webzine\/portes-ouvertes-renault-dacia-bymycar\/clio-hybride-2\/","alt":"Renault Clio","author":"30","description":"","caption":"Clio V","name":"clio-hybride-2","status":"inherit","uploaded_to":22990,"date":"2022-01-04 18:50:34","modified":"2022-01-04 18:54:01","menu_order":0,"mime_type":"image\/jpeg","type":"image","subtype":"jpeg","icon":"https:\/\/www.bymycar.fr\/webzine\/wp-includes\/images\/media\/default.png","width":790,"height":452,"sizes":{"thumbnail":"https:\/\/cdn.bymycar.eu\/fr-webzine\/wp-content\/uploads\/medias\/clio-hybride-2-150x150.jpg","thumbnail-width":150,"thumbnail-height":150,"medium":"https:\/\/cdn.bymycar.eu\/fr-webzine\/wp-content\/uploads\/medias\/clio-hybride-2-300x172.jpg","medium-width":300,"medium-height":172,"medium_large":"https:\/\/cdn.bymycar.eu\/fr-webzine\/wp-content\/uploads\/medias\/clio-hybride-2-768x439.jpg","medium_large-width":768,"medium_large-height":439,"large":"https:\/\/cdn.bymycar.eu\/fr-webzine\/wp-content\/uploads\/medias\/clio-hybride-2.jpg","large-width":790,"large-height":452,"1536x1536":"https:\/\/cdn.bymycar.eu\/fr-webzine\/wp-content\/uploads\/medias\/clio-hybride-2.jpg","1536x1536-width":790,"1536x1536-height":452,"2048x2048":"https:\/\/cdn.bymycar.eu\/fr-webzine\/wp-content\/uploads\/medias\/clio-hybride-2.jpg","2048x2048-width":790,"2048x2048-height":452}},"legende":"","zoom":false,"texte":"<p><span style=\"font-size: 36pt;\"><strong>Renault Clio<\/strong><\/span><\/p>\n<p><span style=\"font-size: 18pt;\"><span style=\"font-size: 14pt;\">\u00e0 partir de<\/span><strong> <span style=\"font-size: 24pt;\">129\u20ac\/<\/span>mois<span style=\"font-size: 12pt;\">(2)<\/span><\/strong><\/span><\/p>\n<p><span style=\"font-size: 18pt;\"><span style=\"font-size: 14pt;\">Ou reprise de votre v\u00e9hicule<\/span><strong> <span style=\"font-size: 24pt;\">+2500<\/span> \u20ac*<span style=\"font-size: 12pt;\">(4)<\/span><\/strong><\/span><\/p>\n","articles":false,"categorie_droite":false,"images":false,"elements_comparatif":false,"texte_1":"","texte_2":"","image_1":false,"image_1_563x400":false,"image_1_332x332":false,"image_2":false,"image_2_333x240":false,"image_2_563x400":false,"image_3":false,"image_3_333x240":false,"image_3_332x450":false,"image_4":false,"image_4_332x332":false,"image_4_563x400":false,"code_embed":"","legende_video":"","photo":false,"photo_100x100":false,"nom":"","fonction":"","elements_timeline":false,"entetes_colonnes":false,"entetes_lignes":false,"lignes":false,"introduction":"","formulaire":false,"question":"","reponse":"","libelle_bouton_lien":"","url_lien":"","questions":false,"conclusions":false,"pays":false,"region":false,"marque":false,"marqueConcessions":false,"modele":false,"ptvente":false,"typeV":false,"collection":false,"nombre_maximum_elements":10,"lien_fin_carousel":"","texte_lien_fin_carousel":"","trier_par":false},{"type_strate":"50-50-image-texte-full","ancre":"","contenu":"","titre":"","image":false,"image_libre":false,"image_800x500":{"ID":23000,"id":23000,"title":"LJL Europe","filename":"2020-New-Renault-ARKANA.jpg","filesize":1,"url":"https:\/\/cdn.bymycar.eu\/fr-webzine\/wp-content\/uploads\/medias\/2020-New-Renault-ARKANA.jpg","link":"https:\/\/www.bymycar.fr\/webzine\/portes-ouvertes-renault-dacia-bymycar\/ljl-europe\/","alt":"","author":"30","description":"","caption":"GAMME VERSION E3 ET VERSION RS LINE","name":"ljl-europe","status":"inherit","uploaded_to":22990,"date":"2022-01-04 19:01:26","modified":"2022-01-04 19:02:03","menu_order":0,"mime_type":"image\/jpeg","type":"image","subtype":"jpeg","icon":"https:\/\/www.bymycar.fr\/webzine\/wp-includes\/images\/media\/default.png","width":2560,"height":1918,"sizes":{"thumbnail":"https:\/\/cdn.bymycar.eu\/fr-webzine\/wp-content\/uploads\/medias\/2020-New-Renault-ARKANA-150x150.jpg","thumbnail-width":150,"thumbnail-height":150,"medium":"https:\/\/cdn.bymycar.eu\/fr-webzine\/wp-content\/uploads\/medias\/2020-New-Renault-ARKANA-300x225.jpg","medium-width":300,"medium-height":225,"medium_large":"https:\/\/cdn.bymycar.eu\/fr-webzine\/wp-content\/uploads\/medias\/2020-New-Renault-ARKANA-768x575.jpg","medium_large-width":768,"medium_large-height":575,"large":"https:\/\/cdn.bymycar.eu\/fr-webzine\/wp-content\/uploads\/medias\/2020-New-Renault-ARKANA-1024x767.jpg","large-width":1024,"large-height":767,"1536x1536":"https:\/\/cdn.bymycar.eu\/fr-webzine\/wp-content\/uploads\/medias\/2020-New-Renault-ARKANA-1536x1151.jpg","1536x1536-width":1536,"1536x1536-height":1151,"2048x2048":"https:\/\/cdn.bymycar.eu\/fr-webzine\/wp-content\/uploads\/medias\/2020-New-Renault-ARKANA-2048x1534.jpg","2048x2048-width":2048,"2048x2048-height":1534}},"legende":"","zoom":false,"texte":"<p><span style=\"font-size: 36pt;\"><strong>Renault Arkana<\/strong><\/span><\/p>\n<p><span style=\"font-size: 14pt;\">\u00e0 partir de <\/span><strong><span style=\"font-size: 24pt;\">229<\/span><span style=\"font-size: 14pt;\"><span style=\"font-size: 24pt;\">\u20ac<\/span>\/mois<\/span>(3)<\/strong><\/p>\n<p>&nbsp;<\/p>\n","articles":false,"categorie_droite":false,"images":false,"elements_comparatif":false,"texte_1":"","texte_2":"","image_1":false,"image_1_563x400":false,"image_1_332x332":false,"image_2":false,"image_2_333x240":false,"image_2_563x400":false,"image_3":false,"image_3_333x240":false,"image_3_332x450":false,"image_4":false,"image_4_332x332":false,"image_4_563x400":false,"code_embed":"","legende_video":"","photo":false,"photo_100x100":false,"nom":"","fonction":"","elements_timeline":false,"entetes_colonnes":false,"entetes_lignes":false,"lignes":false,"introduction":"","formulaire":false,"question":"","reponse":"","libelle_bouton_lien":"","url_lien":"","questions":false,"conclusions":false,"pays":false,"region":false,"marque":false,"marqueConcessions":false,"modele":false,"ptvente":false,"typeV":false,"collection":false,"nombre_maximum_elements":10,"lien_fin_carousel":"","texte_lien_fin_carousel":"","trier_par":false},{"type_strate":"image","ancre":"","contenu":"","titre":"","image":false,"image_libre":false,"image_800x500":false,"legende":"","zoom":false,"texte":"","articles":false,"categorie_droite":false,"images":[{"image":false,"image_1600x700":false,"image_920x500":{"ID":23004,"id":23004,"title":"1200x628-Post FB-JEssentiels-Spring","filename":"1200x628-Post-FB-JEssentiels-Spring.jpg","filesize":1,"url":"https:\/\/cdn.bymycar.eu\/fr-webzine\/wp-content\/uploads\/medias\/1200x628-Post-FB-JEssentiels-Spring.jpg","link":"https:\/\/www.bymycar.fr\/webzine\/portes-ouvertes-renault-dacia-bymycar\/1200x628-post-fb-jessentiels-spring\/","alt":"","author":"30","description":"","caption":"","name":"1200x628-post-fb-jessentiels-spring","status":"inherit","uploaded_to":22990,"date":"2022-01-04 19:05:39","modified":"2022-01-04 19:05:58","menu_order":0,"mime_type":"image\/jpeg","type":"image","subtype":"jpeg","icon":"https:\/\/www.bymycar.fr\/webzine\/wp-includes\/images\/media\/default.png","width":1200,"height":628,"sizes":{"thumbnail":"https:\/\/cdn.bymycar.eu\/fr-webzine\/wp-content\/uploads\/medias\/1200x628-Post-FB-JEssentiels-Spring-150x150.jpg","thumbnail-width":150,"thumbnail-height":150,"medium":"https:\/\/cdn.bymycar.eu\/fr-webzine\/wp-content\/uploads\/medias\/1200x628-Post-FB-JEssentiels-Spring-300x157.jpg","medium-width":300,"medium-height":157,"medium_large":"https:\/\/cdn.bymycar.eu\/fr-webzine\/wp-content\/uploads\/medias\/1200x628-Post-FB-JEssentiels-Spring-768x402.jpg","medium_large-width":768,"medium_large-height":402,"large":"https:\/\/cdn.bymycar.eu\/fr-webzine\/wp-content\/uploads\/medias\/1200x628-Post-FB-JEssentiels-Spring-1024x536.jpg","large-width":1024,"large-height":536,"1536x1536":"https:\/\/cdn.bymycar.eu\/fr-webzine\/wp-content\/uploads\/medias\/1200x628-Post-FB-JEssentiels-Spring.jpg","1536x1536-width":1200,"1536x1536-height":628,"2048x2048":"https:\/\/cdn.bymycar.eu\/fr-webzine\/wp-content\/uploads\/medias\/1200x628-Post-FB-JEssentiels-Spring.jpg","2048x2048-width":1200,"2048x2048-height":628}},"legende":""}],"elements_comparatif":false,"texte_1":"","texte_2":"","image_1":false,"image_1_563x400":false,"image_1_332x332":false,"image_2":false,"image_2_333x240":false,"image_2_563x400":false,"image_3":false,"image_3_333x240":false,"image_3_332x450":false,"image_4":false,"image_4_332x332":false,"image_4_563x400":false,"code_embed":"","legende_video":"","photo":false,"photo_100x100":false,"nom":"","fonction":"","elements_timeline":false,"entetes_colonnes":false,"entetes_lignes":false,"lignes":false,"introduction":"","formulaire":false,"question":"","reponse":"","libelle_bouton_lien":"","url_lien":"","questions":false,"conclusions":false,"pays":false,"region":false,"marque":false,"marqueConcessions":false,"modele":false,"ptvente":false,"typeV":false,"collection":false,"nombre_maximum_elements":10,"lien_fin_carousel":"","texte_lien_fin_carousel":"","trier_par":false},{"type_strate":"texte-simple","ancre":"","contenu":"<p><span style=\"font-size: 24pt;\"><strong>La nouveaut\u00e9 chez DACIA<\/strong><\/span><\/p>\n<p><span style=\"font-size: 18pt;\">Venez essayer et d\u00e9couvrir le premier mod\u00e8le \u00e9lectrique de la marque, accessible au plus grand nombre\u00a0: la <strong>Dacia SPRING<\/strong>, d\u00e8s <strong>3\u20ac\/jour.<span style=\"font-size: 12pt;\">(5)<\/span><\/strong><\/span><\/p>\n<p><span style=\"font-size: 18pt;\">Et en plus nouveau mod\u00e8le et nouvelle s\u00e9rie\u00a0:<\/span><\/p>\n<ul>\n<li><span style=\"font-size: 18pt;\">S\u00e9rie Limit\u00e9e <strong>Duster Extr\u00eame<\/strong> avec son design attrayant et exclusif<\/span><\/li>\n<li><span style=\"font-size: 18pt;\"><strong>Nouveau Jogger<\/strong>, le mod\u00e8le familial tout confort \u00e0 partir de <strong>6\u20ac\/jour<span style=\"font-size: 12pt;\">(6)<\/span><\/strong><\/span><\/li>\n<\/ul>\n","titre":"dacia","image":false,"image_libre":false,"image_800x500":false,"legende":"","zoom":false,"texte":"","articles":false,"categorie_droite":false,"images":false,"elements_comparatif":false,"texte_1":"","texte_2":"","image_1":false,"image_1_563x400":false,"image_1_332x332":false,"image_2":false,"image_2_333x240":false,"image_2_563x400":false,"image_3":false,"image_3_333x240":false,"image_3_332x450":false,"image_4":false,"image_4_332x332":false,"image_4_563x400":false,"code_embed":"","legende_video":"","photo":false,"photo_100x100":false,"nom":"","fonction":"","elements_timeline":false,"entetes_colonnes":false,"entetes_lignes":false,"lignes":false,"introduction":"","formulaire":false,"question":"","reponse":"","libelle_bouton_lien":"","url_lien":"","questions":false,"conclusions":false,"pays":false,"region":false,"marque":false,"marqueConcessions":false,"modele":false,"ptvente":false,"typeV":false,"collection":false,"nombre_maximum_elements":10,"lien_fin_carousel":"","texte_lien_fin_carousel":"","trier_par":false},{"type_strate":"texte-simple","ancre":"Formulaire de contact","contenu":"<p>Pour plus d\u2019informations, il suffit de remplir le formulaire ci-dessous, un conseiller client vous recontactera pour prendre rendez-vous.<\/p>\n\n<div class=\"wpcf7 no-js\" id=\"wpcf7-f23032-o1\" lang=\"fr-FR\" dir=\"ltr\" data-wpcf7-id=\"23032\">\n<div class=\"screen-reader-response\"><p role=\"status\" aria-live=\"polite\" aria-atomic=\"true\"><\/p> <ul><\/ul><\/div>\n<form action=\"\/webzine\/wp-json\/wp\/v2\/posts\/22990#wpcf7-f23032-o1\" method=\"post\" class=\"wpcf7-form init\" aria-label=\"Formulaire de contact\" novalidate=\"novalidate\" data-status=\"init\">\n<fieldset class=\"hidden-fields-container\"><input type=\"hidden\" name=\"_wpcf7\" value=\"23032\" \/><input type=\"hidden\" name=\"_wpcf7_version\" value=\"6.1.3\" \/><input type=\"hidden\" name=\"_wpcf7_locale\" value=\"fr_FR\" \/><input type=\"hidden\" name=\"_wpcf7_unit_tag\" value=\"wpcf7-f23032-o1\" \/><input type=\"hidden\" name=\"_wpcf7_container_post\" value=\"0\" \/><input type=\"hidden\" name=\"_wpcf7_posted_data_hash\" value=\"\" \/><input type=\"hidden\" name=\"_wpcf7_recaptcha_response\" value=\"\" \/>\n<\/fieldset>\n<div class=\"flex flex-row flex-wrap -mx-4\"><div class=\"w-1\/2 flex flex-col gap-4 align-top px-4\">\n\n<label> Nom* <\/label>\n<span class=\"wpcf7-form-control-wrap\" data-name=\"Nom\"><input size=\"40\" maxlength=\"400\" class=\"wpcf7-form-control wpcf7-text wpcf7-validates-as-required\" aria-required=\"true\" aria-invalid=\"false\" value=\"\" type=\"text\" name=\"Nom\" \/><\/span>\n\n<label> Pr\u00e9nom* <\/label>\n<span class=\"wpcf7-form-control-wrap\" data-name=\"prenom\"><input size=\"40\" maxlength=\"400\" class=\"wpcf7-form-control wpcf7-text wpcf7-validates-as-required\" aria-required=\"true\" aria-invalid=\"false\" value=\"\" type=\"text\" name=\"prenom\" \/><\/span>\n\n<label> Email* <\/label>\n<span class=\"wpcf7-form-control-wrap\" data-name=\"email\"><input size=\"40\" maxlength=\"400\" class=\"wpcf7-form-control wpcf7-email wpcf7-validates-as-required wpcf7-text wpcf7-validates-as-email\" aria-required=\"true\" aria-invalid=\"false\" value=\"\" type=\"email\" name=\"email\" \/><\/span>\n\n<label> T\u00e9l\u00e9phone* <\/label>\n<span class=\"wpcf7-form-control-wrap\" data-name=\"telephone\"><input size=\"40\" maxlength=\"400\" class=\"wpcf7-form-control wpcf7-tel wpcf7-validates-as-required wpcf7-text wpcf7-validates-as-tel\" aria-required=\"true\" aria-invalid=\"false\" value=\"\" type=\"tel\" name=\"telephone\" \/><\/span>\n\n<\/div>\n\n<div class=\"w-1\/2 flex flex-col gap-4 align-top px-4\">\n\n<label> Choix de l'offre* <\/label>\n<span class=\"wpcf7-form-control-wrap\" data-name=\"offre\"><select class=\"wpcf7-form-control wpcf7-select wpcf7-validates-as-required\" aria-required=\"true\" aria-invalid=\"false\" name=\"offre\"><option value=\"Renault Captur\">Renault Captur<\/option><option value=\"Renault Clio\">Renault Clio<\/option><option value=\"Renault Arkana\">Renault Arkana<\/option><option value=\"Dacia Spring\">Dacia Spring<\/option><option value=\"Dacia Jogger\">Dacia Jogger<\/option><option value=\"Autre mod\u00e8le Renault ou Dacia\">Autre mod\u00e8le Renault ou Dacia<\/option><\/select><\/span>\n\n<label> Choix de la concession* <\/label>\n<span class=\"wpcf7-form-control-wrap\" data-name=\"concession\"><select class=\"wpcf7-form-control wpcf7-select wpcf7-validates-as-required\" aria-required=\"true\" aria-invalid=\"false\" name=\"concession\"><option value=\"RENAULT BYmyCAR Epinal\">RENAULT BYmyCAR Epinal<\/option><option value=\"RENAULT BYmyCAR Nancy\">RENAULT BYmyCAR Nancy<\/option><option value=\"RENAULT DACIA BYmyCAR Bar Le Duc\">RENAULT DACIA BYmyCAR Bar Le Duc<\/option><option value=\"RENAULT BYmyCAR Grenoble Fontaine\">RENAULT BYmyCAR Grenoble Fontaine<\/option><option value=\"RENAULT DACIA BYmyCAR Luneville\">RENAULT DACIA BYmyCAR Luneville<\/option><option value=\"RENAULT DACIA BYmyCAR Pont \u00e0 Mousson\">RENAULT DACIA BYmyCAR Pont \u00e0 Mousson<\/option><option value=\"RENAULT DACIA BYmyCAR SAINT-DIE\">RENAULT DACIA BYmyCAR SAINT-DIE<\/option><option value=\"RENAULT DACIA BYmyCAR St Dizier\">RENAULT DACIA BYmyCAR St Dizier<\/option><option value=\"RENAULT DACIA BYmyCAR Verdun\">RENAULT DACIA BYmyCAR Verdun<\/option><\/select><\/span>\n\n<label> Votre message <\/label>\n<span class=\"wpcf7-form-control-wrap\" data-name=\"Commentaireclient\"><textarea cols=\"40\" rows=\"5\" maxlength=\"2000\" class=\"wpcf7-form-control wpcf7-textarea\" aria-invalid=\"false\" name=\"Commentaireclient\"><\/textarea><\/span>\n\n<\/div>\n\n<span class=\"wpcf7-form-control-wrap\" data-name=\"optinemail\"><span class=\"wpcf7-form-control wpcf7-checkbox\"><span class=\"wpcf7-list-item first last\"><input type=\"checkbox\" name=\"optinemail[]\" value=\"J&#039;accepte de recevoir la lettre d&#039;information li\u00e9e au Groupe BYmyCAR\" \/><span class=\"wpcf7-list-item-label\">J&#039;accepte de recevoir la lettre d&#039;information li\u00e9e au Groupe BYmyCAR<\/span><\/span><\/span><\/span>\n\n<span class=\"wpcf7-form-control-wrap\" data-name=\"optinsms\"><span class=\"wpcf7-form-control wpcf7-checkbox\"><span class=\"wpcf7-list-item first last\"><input type=\"checkbox\" name=\"optinsms[]\" value=\"J&#039;accepte de recevoir des informations li\u00e9es au Groupe BYmyCAR par sms\" \/><span class=\"wpcf7-list-item-label\">J&#039;accepte de recevoir des informations li\u00e9es au Groupe BYmyCAR par sms<\/span><\/span><\/span><\/span>\n\n<span class=\"wpcf7-form-control-wrap\" data-name=\"optinappel\"><span class=\"wpcf7-form-control wpcf7-checkbox\"><span class=\"wpcf7-list-item first last\"><input type=\"checkbox\" name=\"optinappel[]\" value=\"J&#039;accepte de recevoir des informations li\u00e9es au Groupe BYmyCAR par appel\" \/><span class=\"wpcf7-list-item-label\">J&#039;accepte de recevoir des informations li\u00e9es au Groupe BYmyCAR par appel<\/span><\/span><\/span><\/span>\n\n<div class=\"w-full flex flex-col items-center gap-y-2 text-center mt-4\"><input class=\"wpcf7-form-control wpcf7-submit has-spinner\" type=\"submit\" value=\"Envoyer\" \/><\/div><\/div><div class=\"wpcf7-response-output\" aria-hidden=\"true\"><\/div>\n<\/form>\n<\/div>\n\n<p>&nbsp;<\/p>\n<p>&nbsp;<\/p>\n<p>&nbsp;<\/p>\n<ol>\n<li><span style=\"font-size: 8pt;\">.Exemple pour Renault CLIO Zen SCe 65 -21N, sous condition de reprise.<\/span><\/li>\n<li><span style=\"font-size: 8pt;\">Exemple pour Captur Zen TCe 90, hors options.\u00a0<\/span><\/li>\n<li><span style=\"font-size: 8pt;\">Exemple pour Renault Arkana Zen TCe 140 EDC, sous condition de reprise.<\/span><span style=\"font-size: 8pt;\">Sous r\u00e9serve d&rsquo;\u00e9tude et d\u2019acceptation par le bailleur\u00a0: DIAC, SA, \u00e9tablissement de cr\u00e9dit sp\u00e9cialis\u00e9 et interm\u00e9diaire d\u2019assurance, au capital de\u00a0415 100 500 \u20ac &#8211; Si\u00e8ge social : 14 avenue du Pav\u00e9 Neuf 93160 Noisy-le-Grand &#8211; SIREN 702 002 221 RCS Bobigny \u2013 ORIAS n\u00b0 07 004 966 &#8211; Registre des interm\u00e9diaires en assurance consultable sur\u00a0<\/span><a style=\"font-size: 8pt;\" href=\"http:\/\/www.orias.fr\/\">http:\/\/www.orias.fr\/<\/a><span style=\"font-size: 8pt;\">\u00a0. En fin de contrat, restitution du v\u00e9hicule chez votre concessionnaire en fin de contrat avec paiement des frais de remise en \u00e9tat standard et des kilom\u00e8tres suppl\u00e9mentaires. Loyer affich\u00e9 hors location de batterie pour les v\u00e9hicules \u00e9lectriques n&rsquo;incluant pas la batterie dans le prix du v\u00e9hicule.<\/span><\/li>\n<\/ol>\n<p><span style=\"font-size: 8pt;\"><br \/>\n<span style=\"font-size: 12pt;\">4.<\/span> Offre non cumulable, valable dans le r\u00e9seau Renault participant, jusqu&rsquo;au 31\/01\/2022, r\u00e9serv\u00e9e aux particuliers sur des v\u00e9hicules neufs,. Vous disposez d&rsquo;un d\u00e9lai de r\u00e9tractation de 14 jours. Ce site n\u2019utilise que des cookies strictement n\u00e9cessaires au fonctionnement du site, ils permettent d\u2019utiliser les principales fonctionnalit\u00e9s du simulateur financier et du formulaire RPI (R\u00e9ponse de Principe Imm\u00e9diate).<\/span><\/p>\n<p><span style=\"font-size: 8pt;\"><span style=\"font-size: 12pt;\">\u00a05<\/span>. Exemple pour\u00a0Nouvelle Dacia Spring Confort, hors options. 1er loyer de 7 195\u20ac ramen\u00e9 \u00e0 0\u20ac apr\u00e8s d\u00e9duction du bonus\u00a0\u00e9cologique de 4 695\u20ac<sup>(3)<\/sup>, correspondant \u00e0 27% du co\u00fbt d&rsquo;acquisition du v\u00e9hicule TTC, et de 2 500\u20ac de prime \u00e0 la conversion<sup>(4),<\/sup>\u00a0puis 48 loyers de 90\u20ac\/mois\u00a0(soit 3\u20ac par jour pour un mois de 30 jours).\u00a0<\/span><span style=\"font-size: 8pt;\">Le cas \u00e9ch\u00e9ant, loyer arrondi \u00e0 l&rsquo;euro sup\u00e9rieur. Locations Longue Dur\u00e9e, hors assurances et prestations facultatives, pour 49 mois et 40 000 km. Restitution du v\u00e9hicule chez votre concessionnaire en fin de contrat avec paiement des frais de remise en \u00e9tat standard et des kilom\u00e8tres suppl\u00e9mentaires. Sous r\u00e9serve d&rsquo;\u00e9tude et d\u2018acceptation par DIAC, SA au capital de 415 100 500 \u20ac &#8211; Si\u00e8ge social : 14 avenue du Pav\u00e9 Neuf 93168 Noisy-le-Grand Cedex &#8211; Siren 702 002 221 RCS Bobigny.\u00a0<\/span><span style=\"font-size: 8pt;\">Informations sur\u00a0<a href=\"https:\/\/www.economie.gouv.fr\/plan-de-relance\/profils\/particuliers\/bonus-ecologique\">https:\/\/www.economie.gouv.fr\/plan-de-relance\/profils\/particuliers\/bonus-ecologique<\/a>.<\/span><\/p>\n<p><span style=\"font-size: 8pt;\"><span style=\"font-size: 12pt;\">6<\/span><\/span><span style=\"font-size: 8pt;\"><span style=\"font-size: 12pt;\">.\u00a0<\/span>\u00a0Exemple pour Nouveau Dacia Jogger Essentiel, 5 places, ECO-G 100, hors options. 49 loyers de 180\u20ac\/mois quel que soit le nombre de jours par mois (soit 6\u20ac par jour pour un mois de 30 jours).\u00a0<\/span><span style=\"font-size: 8pt;\">\u00a0Le cas \u00e9ch\u00e9ant, loyer \u00e0 l&rsquo;arrondi sup\u00e9rieur. Locations Longue Dur\u00e9e, hors assurances et prestations facultatives, sur 49 mois pour un kilom\u00e9trage maximum de 50 000 km. Sous r\u00e9serve d&rsquo;\u00e9tude et d\u2019acceptation par DIAC, SA au capital de 415 100 500 \u20ac &#8211; Si\u00e8ge social : 14 avenue du Pav\u00e9 Neuf 93160 Noisy-le-Grand SIREN 702 002 221 RCS Bobigny. En fin de contrat, restitution du v\u00e9hicule chez votre concessionnaire avec paiement des frais de remise \u00e0 l\u2019\u00e9tat standard et des kilom\u00e8tres suppl\u00e9mentaires.<\/span><\/p>\n<p>&nbsp;<\/p>\n<p><span style=\"font-size: 8pt;\">Vos donn\u00e9es \u00e0 caract\u00e8re personnel font l\u2019objet d\u2019un traitement de donn\u00e9es \u00e0 caract\u00e8re personnel mis en oeuvre par la soci\u00e9t\u00e9 BYmyCAR aux fins de gestion de la relation clients et prospects. Vos donn\u00e9es sont r\u00e9serv\u00e9es \u00e0 l\u2019usage des services internes de la soci\u00e9t\u00e9 BYmyCAR ainsi qu\u2019aux prestataires habilit\u00e9s \u00e0 traiter vos donn\u00e9es. Conform\u00e9ment \u00e0 la r\u00e9glementation fran\u00e7aise et europ\u00e9enne relative \u00e0 la protection des donn\u00e9es \u00e0 caract\u00e8re personnel, vous pouvez \u00e0 tout moment exercer vos droits d\u2019acc\u00e8s, de rectification et de suppression des donn\u00e9es \u00e0 caract\u00e8re personnel vous concernant ainsi que vous opposer au traitement desdites donn\u00e9es. Vous disposez \u00e9galement du droit de d\u00e9finir des directives g\u00e9n\u00e9rales ou particuli\u00e8res relatives au sort de vos donn\u00e9es \u00e0 caract\u00e8re personnel apr\u00e8s votre d\u00e9c\u00e8s. Seules les directives particuli\u00e8res relatives au traitement de donn\u00e9es \u00e0 caract\u00e8re personnel mis en oeuvre par BYmyCAR seront enregistr\u00e9es par BYmyCAR. Vous pouvez exercer vos droits en adressant votre demande, accompagn\u00e9e d\u2019un justificatif de votre identit\u00e9, par voie postale \u00e0 BYmyCAR, 278 Bd. St. Germain, 75007 Paris ou e-mail \u00e0\u00a0<a href=\"mailto:contact-web@bymycar.fr\">contact-web@bymycar.fr<\/a>. Nous vous informons que vous disposez en outre d\u2019un droit d\u2019inscription sur la liste d\u2019opposition au d\u00e9marchage t\u00e9l\u00e9phonique que vous pouvez exercer aupr\u00e8s de la SAS OPPOSETEL, 92-98 boulevard Victor Hugo \u2013 92110 CLICHY (<a href=\"http:\/\/www.bloctel.gouv.fr\/\">http:\/\/www.bloctel.gouv.fr\/<\/a>).<\/span><\/p>\n","titre":"formulaire ","image":false,"image_libre":false,"image_800x500":false,"legende":"","zoom":false,"texte":"","articles":false,"categorie_droite":false,"images":false,"elements_comparatif":false,"texte_1":"","texte_2":"","image_1":false,"image_1_563x400":false,"image_1_332x332":false,"image_2":false,"image_2_333x240":false,"image_2_563x400":false,"image_3":false,"image_3_333x240":false,"image_3_332x450":false,"image_4":false,"image_4_332x332":false,"image_4_563x400":false,"code_embed":"","legende_video":"","photo":false,"photo_100x100":false,"nom":"","fonction":"","elements_timeline":false,"entetes_colonnes":false,"entetes_lignes":false,"lignes":false,"introduction":"","formulaire":false,"question":"","reponse":"","libelle_bouton_lien":"","url_lien":"","questions":false,"conclusions":false,"pays":false,"region":false,"marque":false,"marqueConcessions":false,"modele":false,"ptvente":false,"typeV":false,"collection":false,"nombre_maximum_elements":10,"lien_fin_carousel":"","texte_lien_fin_carousel":"","trier_par":false}],"is_old_post":false,"image":{"ID":23001,"id":23001,"title":"1200x628-Post FBOPO_Janvier","filename":"1200x628-Post-FBOPO_Janvier.jpg","filesize":1,"url":"https:\/\/cdn.bymycar.eu\/fr-webzine\/wp-content\/uploads\/medias\/1200x628-Post-FBOPO_Janvier.jpg","link":"https:\/\/www.bymycar.fr\/webzine\/portes-ouvertes-renault-dacia-bymycar\/1200x628-post-fbopo_janvier\/","alt":"","author":"30","description":"","caption":"","name":"1200x628-post-fbopo_janvier","status":"inherit","uploaded_to":22990,"date":"2022-01-04 19:02:48","modified":"2022-01-04 19:02:55","menu_order":0,"mime_type":"image\/jpeg","type":"image","subtype":"jpeg","icon":"https:\/\/www.bymycar.fr\/webzine\/wp-includes\/images\/media\/default.png","width":1200,"height":628,"sizes":{"thumbnail":"https:\/\/cdn.bymycar.eu\/fr-webzine\/wp-content\/uploads\/medias\/1200x628-Post-FBOPO_Janvier-150x150.jpg","thumbnail-width":150,"thumbnail-height":150,"medium":"https:\/\/cdn.bymycar.eu\/fr-webzine\/wp-content\/uploads\/medias\/1200x628-Post-FBOPO_Janvier-300x157.jpg","medium-width":300,"medium-height":157,"medium_large":"https:\/\/cdn.bymycar.eu\/fr-webzine\/wp-content\/uploads\/medias\/1200x628-Post-FBOPO_Janvier-768x402.jpg","medium_large-width":768,"medium_large-height":402,"large":"https:\/\/cdn.bymycar.eu\/fr-webzine\/wp-content\/uploads\/medias\/1200x628-Post-FBOPO_Janvier-1024x536.jpg","large-width":1024,"large-height":536,"1536x1536":"https:\/\/cdn.bymycar.eu\/fr-webzine\/wp-content\/uploads\/medias\/1200x628-Post-FBOPO_Janvier.jpg","1536x1536-width":1200,"1536x1536-height":628,"2048x2048":"https:\/\/cdn.bymycar.eu\/fr-webzine\/wp-content\/uploads\/medias\/1200x628-Post-FBOPO_Janvier.jpg","2048x2048-width":1200,"2048x2048-height":628}},"page_content":{"block_content":[{"acf_fc_layout":"text-image","--nav":{"-withNav":false,"-ancre":""},"--group":{"-image":{"ID":22991,"id":22991,"title":"RENAULT CAPTUR","filename":"2019-Nouveau-Renault-CAPTUR.jpg","filesize":1,"url":"https:\/\/cdn.bymycar.eu\/fr-webzine\/wp-content\/uploads\/medias\/2019-Nouveau-Renault-CAPTUR.jpg","link":"https:\/\/www.bymycar.fr\/webzine\/portes-ouvertes-renault-dacia-bymycar\/renault-captur-hjb-2\/","alt":"Renault Captur","author":"30","description":"","caption":"HyperFocal: 0","name":"renault-captur-hjb-2","status":"inherit","uploaded_to":22990,"date":"2022-01-04 18:50:17","modified":"2022-01-04 18:51:19","menu_order":0,"mime_type":"image\/jpeg","type":"image","subtype":"jpeg","icon":"https:\/\/www.bymycar.fr\/webzine\/wp-includes\/images\/media\/default.png","width":2560,"height":1956,"sizes":{"thumbnail":"https:\/\/cdn.bymycar.eu\/fr-webzine\/wp-content\/uploads\/medias\/2019-Nouveau-Renault-CAPTUR-150x150.jpg","thumbnail-width":150,"thumbnail-height":150,"medium":"https:\/\/cdn.bymycar.eu\/fr-webzine\/wp-content\/uploads\/medias\/2019-Nouveau-Renault-CAPTUR-300x229.jpg","medium-width":300,"medium-height":229,"medium_large":"https:\/\/cdn.bymycar.eu\/fr-webzine\/wp-content\/uploads\/medias\/2019-Nouveau-Renault-CAPTUR-768x587.jpg","medium_large-width":768,"medium_large-height":587,"large":"https:\/\/cdn.bymycar.eu\/fr-webzine\/wp-content\/uploads\/medias\/2019-Nouveau-Renault-CAPTUR-1024x782.jpg","large-width":1024,"large-height":782,"1536x1536":"https:\/\/cdn.bymycar.eu\/fr-webzine\/wp-content\/uploads\/medias\/2019-Nouveau-Renault-CAPTUR-1536x1174.jpg","1536x1536-width":1536,"1536x1536-height":1174,"2048x2048":"https:\/\/cdn.bymycar.eu\/fr-webzine\/wp-content\/uploads\/medias\/2019-Nouveau-Renault-CAPTUR-2048x1565.jpg","2048x2048-width":2048,"2048x2048-height":1565}},"-title":"","-text":"<p><span style=\"font-size: 36pt;\"><strong>Renault Captur<\/strong> <\/span><\/p>\n<p><span style=\"font-size: 14pt;\">\u00e0 partir de <strong><span style=\"font-size: 24pt;\">159\u20ac<\/span>\/mois(1)<\/strong><\/span><\/p>\n<p><span style=\"font-size: 14pt;\">Ou reprise de votre v\u00e9hicule +<strong><span style=\"font-size: 24pt;\">3 000 \u20ac<\/span>*(4)<\/strong><\/span><\/p>\n"}},{"acf_fc_layout":"text-image","--nav":{"-withNav":false,"-ancre":""},"--group":{"-image":{"ID":22993,"id":22993,"title":"clio V","filename":"clio-hybride-2.jpg","filesize":1,"url":"https:\/\/cdn.bymycar.eu\/fr-webzine\/wp-content\/uploads\/medias\/clio-hybride-2.jpg","link":"https:\/\/www.bymycar.fr\/webzine\/portes-ouvertes-renault-dacia-bymycar\/clio-hybride-2\/","alt":"Renault Clio","author":"30","description":"","caption":"Clio V","name":"clio-hybride-2","status":"inherit","uploaded_to":22990,"date":"2022-01-04 18:50:34","modified":"2022-01-04 18:54:01","menu_order":0,"mime_type":"image\/jpeg","type":"image","subtype":"jpeg","icon":"https:\/\/www.bymycar.fr\/webzine\/wp-includes\/images\/media\/default.png","width":790,"height":452,"sizes":{"thumbnail":"https:\/\/cdn.bymycar.eu\/fr-webzine\/wp-content\/uploads\/medias\/clio-hybride-2-150x150.jpg","thumbnail-width":150,"thumbnail-height":150,"medium":"https:\/\/cdn.bymycar.eu\/fr-webzine\/wp-content\/uploads\/medias\/clio-hybride-2-300x172.jpg","medium-width":300,"medium-height":172,"medium_large":"https:\/\/cdn.bymycar.eu\/fr-webzine\/wp-content\/uploads\/medias\/clio-hybride-2-768x439.jpg","medium_large-width":768,"medium_large-height":439,"large":"https:\/\/cdn.bymycar.eu\/fr-webzine\/wp-content\/uploads\/medias\/clio-hybride-2.jpg","large-width":790,"large-height":452,"1536x1536":"https:\/\/cdn.bymycar.eu\/fr-webzine\/wp-content\/uploads\/medias\/clio-hybride-2.jpg","1536x1536-width":790,"1536x1536-height":452,"2048x2048":"https:\/\/cdn.bymycar.eu\/fr-webzine\/wp-content\/uploads\/medias\/clio-hybride-2.jpg","2048x2048-width":790,"2048x2048-height":452}},"-title":"","-text":"<p><span style=\"font-size: 36pt;\"><strong>Renault Clio<\/strong><\/span><\/p>\n<p><span style=\"font-size: 18pt;\"><span style=\"font-size: 14pt;\">\u00e0 partir de<\/span><strong> <span style=\"font-size: 24pt;\">129\u20ac\/<\/span>mois<span style=\"font-size: 12pt;\">(2)<\/span><\/strong><\/span><\/p>\n<p><span style=\"font-size: 18pt;\"><span style=\"font-size: 14pt;\">Ou reprise de votre v\u00e9hicule<\/span><strong> <span style=\"font-size: 24pt;\">+2500<\/span> \u20ac*<span style=\"font-size: 12pt;\">(4)<\/span><\/strong><\/span><\/p>\n"}},{"acf_fc_layout":"text-image","--nav":{"-withNav":false,"-ancre":""},"--group":{"-image":{"ID":23000,"id":23000,"title":"LJL Europe","filename":"2020-New-Renault-ARKANA.jpg","filesize":1,"url":"https:\/\/cdn.bymycar.eu\/fr-webzine\/wp-content\/uploads\/medias\/2020-New-Renault-ARKANA.jpg","link":"https:\/\/www.bymycar.fr\/webzine\/portes-ouvertes-renault-dacia-bymycar\/ljl-europe\/","alt":"","author":"30","description":"","caption":"GAMME VERSION E3 ET VERSION RS LINE","name":"ljl-europe","status":"inherit","uploaded_to":22990,"date":"2022-01-04 19:01:26","modified":"2022-01-04 19:02:03","menu_order":0,"mime_type":"image\/jpeg","type":"image","subtype":"jpeg","icon":"https:\/\/www.bymycar.fr\/webzine\/wp-includes\/images\/media\/default.png","width":2560,"height":1918,"sizes":{"thumbnail":"https:\/\/cdn.bymycar.eu\/fr-webzine\/wp-content\/uploads\/medias\/2020-New-Renault-ARKANA-150x150.jpg","thumbnail-width":150,"thumbnail-height":150,"medium":"https:\/\/cdn.bymycar.eu\/fr-webzine\/wp-content\/uploads\/medias\/2020-New-Renault-ARKANA-300x225.jpg","medium-width":300,"medium-height":225,"medium_large":"https:\/\/cdn.bymycar.eu\/fr-webzine\/wp-content\/uploads\/medias\/2020-New-Renault-ARKANA-768x575.jpg","medium_large-width":768,"medium_large-height":575,"large":"https:\/\/cdn.bymycar.eu\/fr-webzine\/wp-content\/uploads\/medias\/2020-New-Renault-ARKANA-1024x767.jpg","large-width":1024,"large-height":767,"1536x1536":"https:\/\/cdn.bymycar.eu\/fr-webzine\/wp-content\/uploads\/medias\/2020-New-Renault-ARKANA-1536x1151.jpg","1536x1536-width":1536,"1536x1536-height":1151,"2048x2048":"https:\/\/cdn.bymycar.eu\/fr-webzine\/wp-content\/uploads\/medias\/2020-New-Renault-ARKANA-2048x1534.jpg","2048x2048-width":2048,"2048x2048-height":1534}},"-title":"","-text":"<p><span style=\"font-size: 36pt;\"><strong>Renault Arkana<\/strong><\/span><\/p>\n<p><span style=\"font-size: 14pt;\">\u00e0 partir de <\/span><strong><span style=\"font-size: 24pt;\">229<\/span><span style=\"font-size: 14pt;\"><span style=\"font-size: 24pt;\">\u20ac<\/span>\/mois<\/span>(3)<\/strong><\/p>\n<p>&nbsp;<\/p>\n"}},{"acf_fc_layout":"images-slider","--nav":{"-withNav":false,"-ancre":""},"--group":{"-listibg":[{"--image":{"ID":23004,"id":23004,"title":"1200x628-Post FB-JEssentiels-Spring","filename":"1200x628-Post-FB-JEssentiels-Spring.jpg","filesize":1,"url":"https:\/\/cdn.bymycar.eu\/fr-webzine\/wp-content\/uploads\/medias\/1200x628-Post-FB-JEssentiels-Spring.jpg","link":"https:\/\/www.bymycar.fr\/webzine\/portes-ouvertes-renault-dacia-bymycar\/1200x628-post-fb-jessentiels-spring\/","alt":"","author":"30","description":"","caption":"","name":"1200x628-post-fb-jessentiels-spring","status":"inherit","uploaded_to":22990,"date":"2022-01-04 19:05:39","modified":"2022-01-04 19:05:58","menu_order":0,"mime_type":"image\/jpeg","type":"image","subtype":"jpeg","icon":"https:\/\/www.bymycar.fr\/webzine\/wp-includes\/images\/media\/default.png","width":1200,"height":628,"sizes":{"thumbnail":"https:\/\/cdn.bymycar.eu\/fr-webzine\/wp-content\/uploads\/medias\/1200x628-Post-FB-JEssentiels-Spring-150x150.jpg","thumbnail-width":150,"thumbnail-height":150,"medium":"https:\/\/cdn.bymycar.eu\/fr-webzine\/wp-content\/uploads\/medias\/1200x628-Post-FB-JEssentiels-Spring-300x157.jpg","medium-width":300,"medium-height":157,"medium_large":"https:\/\/cdn.bymycar.eu\/fr-webzine\/wp-content\/uploads\/medias\/1200x628-Post-FB-JEssentiels-Spring-768x402.jpg","medium_large-width":768,"medium_large-height":402,"large":"https:\/\/cdn.bymycar.eu\/fr-webzine\/wp-content\/uploads\/medias\/1200x628-Post-FB-JEssentiels-Spring-1024x536.jpg","large-width":1024,"large-height":536,"1536x1536":"https:\/\/cdn.bymycar.eu\/fr-webzine\/wp-content\/uploads\/medias\/1200x628-Post-FB-JEssentiels-Spring.jpg","1536x1536-width":1200,"1536x1536-height":628,"2048x2048":"https:\/\/cdn.bymycar.eu\/fr-webzine\/wp-content\/uploads\/medias\/1200x628-Post-FB-JEssentiels-Spring.jpg","2048x2048-width":1200,"2048x2048-height":628}},"--legend":""}]}},{"acf_fc_layout":"text-simple","--nav":{"-withNav":false,"-ancre":""},"--group":{"-text":"<p><span style=\"font-size: 24pt;\"><strong>La nouveaut\u00e9 chez DACIA<\/strong><\/span><\/p>\n<p><span style=\"font-size: 18pt;\">Venez essayer et d\u00e9couvrir le premier mod\u00e8le \u00e9lectrique de la marque, accessible au plus grand nombre\u00a0: la <strong>Dacia SPRING<\/strong>, d\u00e8s <strong>3\u20ac\/jour.<span style=\"font-size: 12pt;\">(5)<\/span><\/strong><\/span><\/p>\n<p><span style=\"font-size: 18pt;\">Et en plus nouveau mod\u00e8le et nouvelle s\u00e9rie\u00a0:<\/span><\/p>\n<ul>\n<li><span style=\"font-size: 18pt;\">S\u00e9rie Limit\u00e9e <strong>Duster Extr\u00eame<\/strong> avec son design attrayant et exclusif<\/span><\/li>\n<li><span style=\"font-size: 18pt;\"><strong>Nouveau Jogger<\/strong>, le mod\u00e8le familial tout confort \u00e0 partir de <strong>6\u20ac\/jour<span style=\"font-size: 12pt;\">(6)<\/span><\/strong><\/span><\/li>\n<\/ul>\n"}},{"acf_fc_layout":"text-simple","--nav":{"-withNav":true,"-ancre":"Formulaire de contact"},"--group":{"-text":"<p>Pour plus d\u2019informations, il suffit de remplir le formulaire ci-dessous, un conseiller client vous recontactera pour prendre rendez-vous.<\/p>\n<div class=\"wpcf7 no-js\" id=\"wpcf7-f23032-p22990-o132\" lang=\"fr-FR\" dir=\"ltr\" data-wpcf7-id=\"23032\">\n<div class=\"screen-reader-response\">\n<p role=\"status\" aria-live=\"polite\" aria-atomic=\"true\">\n<ul><\/ul>\n<\/div>\n<form action=\"\/webzine\/wp-admin\/index.php?page=transfert-data-post#wpcf7-f23032-p22990-o132\" method=\"post\" class=\"wpcf7-form init\" aria-label=\"Formulaire de contact\" novalidate=\"novalidate\" data-status=\"init\">\n<div style=\"display: none;\">\n<input type=\"hidden\" name=\"_wpcf7\" value=\"23032\" \/><br \/>\n<input type=\"hidden\" name=\"_wpcf7_version\" value=\"6.0.6\" \/><br \/>\n<input type=\"hidden\" name=\"_wpcf7_locale\" value=\"fr_FR\" \/><br \/>\n<input type=\"hidden\" name=\"_wpcf7_unit_tag\" value=\"wpcf7-f23032-p22990-o132\" \/><br \/>\n<input type=\"hidden\" name=\"_wpcf7_container_post\" value=\"22990\" \/><br \/>\n<input type=\"hidden\" name=\"_wpcf7_posted_data_hash\" value=\"\" \/><br \/>\n<input type=\"hidden\" name=\"_wpcf7_recaptcha_response\" value=\"\" \/>\n<\/div>\n<div class=\"flex flex-row flex-wrap -mx-4\">\n<div class=\"w-1\/2 flex flex-col gap-4 align-top px-4\">\n<p><label> Nom* <\/label><br \/>\n<span class=\"wpcf7-form-control-wrap\" data-name=\"Nom\"><input size=\"40\" maxlength=\"400\" class=\"wpcf7-form-control wpcf7-text wpcf7-validates-as-required\" aria-required=\"true\" aria-invalid=\"false\" value=\"\" type=\"text\" name=\"Nom\" \/><\/span><\/p>\n<p><label> Pr\u00e9nom* <\/label><br \/>\n<span class=\"wpcf7-form-control-wrap\" data-name=\"prenom\"><input size=\"40\" maxlength=\"400\" class=\"wpcf7-form-control wpcf7-text wpcf7-validates-as-required\" aria-required=\"true\" aria-invalid=\"false\" value=\"\" type=\"text\" name=\"prenom\" \/><\/span><\/p>\n<p><label> Email* <\/label><br \/>\n<span class=\"wpcf7-form-control-wrap\" data-name=\"email\"><input size=\"40\" maxlength=\"400\" class=\"wpcf7-form-control wpcf7-email wpcf7-validates-as-required wpcf7-text wpcf7-validates-as-email\" aria-required=\"true\" aria-invalid=\"false\" value=\"\" type=\"email\" name=\"email\" \/><\/span><\/p>\n<p><label> T\u00e9l\u00e9phone* <\/label><br \/>\n<span class=\"wpcf7-form-control-wrap\" data-name=\"telephone\"><input size=\"40\" maxlength=\"400\" class=\"wpcf7-form-control wpcf7-tel wpcf7-validates-as-required wpcf7-text wpcf7-validates-as-tel\" aria-required=\"true\" aria-invalid=\"false\" value=\"\" type=\"tel\" name=\"telephone\" \/><\/span><\/p>\n<\/div>\n<div class=\"w-1\/2 flex flex-col gap-4 align-top px-4\">\n<p><label> Choix de l&rsquo;offre* <\/label><br \/>\n<span class=\"wpcf7-form-control-wrap\" data-name=\"offre\"><select class=\"wpcf7-form-control wpcf7-select wpcf7-validates-as-required\" aria-required=\"true\" aria-invalid=\"false\" name=\"offre\"><option value=\"Renault Captur\">Renault Captur<\/option><option value=\"Renault Clio\">Renault Clio<\/option><option value=\"Renault Arkana\">Renault Arkana<\/option><option value=\"Dacia Spring\">Dacia Spring<\/option><option value=\"Dacia Jogger\">Dacia Jogger<\/option><option value=\"Autre mod\u00e8le Renault ou Dacia\">Autre mod\u00e8le Renault ou Dacia<\/option><\/select><\/span><\/p>\n<p><label> Choix de la concession* <\/label><br \/>\n<span class=\"wpcf7-form-control-wrap\" data-name=\"concession\"><select class=\"wpcf7-form-control wpcf7-select wpcf7-validates-as-required\" aria-required=\"true\" aria-invalid=\"false\" name=\"concession\"><option value=\"RENAULT BYmyCAR Epinal\">RENAULT BYmyCAR Epinal<\/option><option value=\"RENAULT BYmyCAR Nancy\">RENAULT BYmyCAR Nancy<\/option><option value=\"RENAULT DACIA BYmyCAR Bar Le Duc\">RENAULT DACIA BYmyCAR Bar Le Duc<\/option><option value=\"RENAULT BYmyCAR Grenoble Fontaine\">RENAULT BYmyCAR Grenoble Fontaine<\/option><option value=\"RENAULT DACIA BYmyCAR Luneville\">RENAULT DACIA BYmyCAR Luneville<\/option><option value=\"RENAULT DACIA BYmyCAR Pont \u00e0 Mousson\">RENAULT DACIA BYmyCAR Pont \u00e0 Mousson<\/option><option value=\"RENAULT DACIA BYmyCAR SAINT-DIE\">RENAULT DACIA BYmyCAR SAINT-DIE<\/option><option value=\"RENAULT DACIA BYmyCAR St Dizier\">RENAULT DACIA BYmyCAR St Dizier<\/option><option value=\"RENAULT DACIA BYmyCAR Verdun\">RENAULT DACIA BYmyCAR Verdun<\/option><\/select><\/span><\/p>\n<p><label> Votre message <\/label><br \/>\n<span class=\"wpcf7-form-control-wrap\" data-name=\"Commentaireclient\"><textarea cols=\"40\" rows=\"5\" maxlength=\"2000\" class=\"wpcf7-form-control wpcf7-textarea\" aria-invalid=\"false\" name=\"Commentaireclient\"><\/textarea><\/span><\/p>\n<\/div>\n<p><span class=\"wpcf7-form-control-wrap\" data-name=\"optinemail\"><span class=\"wpcf7-form-control wpcf7-checkbox\"><span class=\"wpcf7-list-item first last\"><input type=\"checkbox\" name=\"optinemail[]\" value=\"J&#039;accepte de recevoir la lettre d&#039;information li\u00e9e au Groupe BYmyCAR\" \/><span class=\"wpcf7-list-item-label\">J&#039;accepte de recevoir la lettre d&#039;information li\u00e9e au Groupe BYmyCAR<\/span><\/span><\/span><\/span><\/p>\n<p><span class=\"wpcf7-form-control-wrap\" data-name=\"optinsms\"><span class=\"wpcf7-form-control wpcf7-checkbox\"><span class=\"wpcf7-list-item first last\"><input type=\"checkbox\" name=\"optinsms[]\" value=\"J&#039;accepte de recevoir des informations li\u00e9es au Groupe BYmyCAR par sms\" \/><span class=\"wpcf7-list-item-label\">J&#039;accepte de recevoir des informations li\u00e9es au Groupe BYmyCAR par sms<\/span><\/span><\/span><\/span><\/p>\n<p><span class=\"wpcf7-form-control-wrap\" data-name=\"optinappel\"><span class=\"wpcf7-form-control wpcf7-checkbox\"><span class=\"wpcf7-list-item first last\"><input type=\"checkbox\" name=\"optinappel[]\" value=\"J&#039;accepte de recevoir des informations li\u00e9es au Groupe BYmyCAR par appel\" \/><span class=\"wpcf7-list-item-label\">J&#039;accepte de recevoir des informations li\u00e9es au Groupe BYmyCAR par appel<\/span><\/span><\/span><\/span><\/p>\n<div class=\"w-full flex flex-col items-center gap-y-2 text-center mt-4\"><input class=\"wpcf7-form-control wpcf7-submit has-spinner\" type=\"submit\" value=\"Envoyer\" \/><\/div>\n<\/div>\n<div class=\"wpcf7-response-output\" aria-hidden=\"true\"><\/div>\n<\/form>\n<\/div>\n<p>&nbsp;<\/p>\n<p>&nbsp;<\/p>\n<p>&nbsp;<\/p>\n<ol>\n<li><span style=\"font-size: 8pt;\">.Exemple pour Renault CLIO Zen SCe 65 -21N, sous condition de reprise.<\/span><\/li>\n<li><span style=\"font-size: 8pt;\">Exemple pour Captur Zen TCe 90, hors options.\u00a0<\/span><\/li>\n<li><span style=\"font-size: 8pt;\">Exemple pour Renault Arkana Zen TCe 140 EDC, sous condition de reprise.<\/span><span style=\"font-size: 8pt;\">Sous r\u00e9serve d&rsquo;\u00e9tude et d\u2019acceptation par le bailleur\u00a0: DIAC, SA, \u00e9tablissement de cr\u00e9dit sp\u00e9cialis\u00e9 et interm\u00e9diaire d\u2019assurance, au capital de\u00a0415 100 500 \u20ac &#8211; Si\u00e8ge social : 14 avenue du Pav\u00e9 Neuf 93160 Noisy-le-Grand &#8211; SIREN 702 002 221 RCS Bobigny \u2013 ORIAS n\u00b0 07 004 966 &#8211; Registre des interm\u00e9diaires en assurance consultable sur\u00a0<\/span><a style=\"font-size: 8pt;\" href=\"http:\/\/www.orias.fr\/\">http:\/\/www.orias.fr\/<\/a><span style=\"font-size: 8pt;\">\u00a0. En fin de contrat, restitution du v\u00e9hicule chez votre concessionnaire en fin de contrat avec paiement des frais de remise en \u00e9tat standard et des kilom\u00e8tres suppl\u00e9mentaires. Loyer affich\u00e9 hors location de batterie pour les v\u00e9hicules \u00e9lectriques n&rsquo;incluant pas la batterie dans le prix du v\u00e9hicule.<\/span><\/li>\n<\/ol>\n<p><span style=\"font-size: 8pt;\"><br \/>\n<span style=\"font-size: 12pt;\">4.<\/span> Offre non cumulable, valable dans le r\u00e9seau Renault participant, jusqu&rsquo;au 31\/01\/2022, r\u00e9serv\u00e9e aux particuliers sur des v\u00e9hicules neufs,. Vous disposez d&rsquo;un d\u00e9lai de r\u00e9tractation de 14 jours. Ce site n\u2019utilise que des cookies strictement n\u00e9cessaires au fonctionnement du site, ils permettent d\u2019utiliser les principales fonctionnalit\u00e9s du simulateur financier et du formulaire RPI (R\u00e9ponse de Principe Imm\u00e9diate).<\/span><\/p>\n<p><span style=\"font-size: 8pt;\"><span style=\"font-size: 12pt;\">\u00a05<\/span>. Exemple pour\u00a0Nouvelle Dacia Spring Confort, hors options. 1er loyer de 7 195\u20ac ramen\u00e9 \u00e0 0\u20ac apr\u00e8s d\u00e9duction du bonus\u00a0\u00e9cologique de 4 695\u20ac<sup>(3)<\/sup>, correspondant \u00e0 27% du co\u00fbt d&rsquo;acquisition du v\u00e9hicule TTC, et de 2 500\u20ac de prime \u00e0 la conversion<sup>(4),<\/sup>\u00a0puis 48 loyers de 90\u20ac\/mois\u00a0(soit 3\u20ac par jour pour un mois de 30 jours).\u00a0<\/span><span style=\"font-size: 8pt;\">Le cas \u00e9ch\u00e9ant, loyer arrondi \u00e0 l&rsquo;euro sup\u00e9rieur. Locations Longue Dur\u00e9e, hors assurances et prestations facultatives, pour 49 mois et 40 000 km. Restitution du v\u00e9hicule chez votre concessionnaire en fin de contrat avec paiement des frais de remise en \u00e9tat standard et des kilom\u00e8tres suppl\u00e9mentaires. Sous r\u00e9serve d&rsquo;\u00e9tude et d\u2018acceptation par DIAC, SA au capital de 415 100 500 \u20ac &#8211; Si\u00e8ge social : 14 avenue du Pav\u00e9 Neuf 93168 Noisy-le-Grand Cedex &#8211; Siren 702 002 221 RCS Bobigny.\u00a0<\/span><span style=\"font-size: 8pt;\">Informations sur\u00a0<a href=\"https:\/\/www.economie.gouv.fr\/plan-de-relance\/profils\/particuliers\/bonus-ecologique\">https:\/\/www.economie.gouv.fr\/plan-de-relance\/profils\/particuliers\/bonus-ecologique<\/a>.<\/span><\/p>\n<p><span style=\"font-size: 8pt;\"><span style=\"font-size: 12pt;\">6<\/span><\/span><span style=\"font-size: 8pt;\"><span style=\"font-size: 12pt;\">.\u00a0<\/span>\u00a0Exemple pour Nouveau Dacia Jogger Essentiel, 5 places, ECO-G 100, hors options. 49 loyers de 180\u20ac\/mois quel que soit le nombre de jours par mois (soit 6\u20ac par jour pour un mois de 30 jours).\u00a0<\/span><span style=\"font-size: 8pt;\">\u00a0Le cas \u00e9ch\u00e9ant, loyer \u00e0 l&rsquo;arrondi sup\u00e9rieur. Locations Longue Dur\u00e9e, hors assurances et prestations facultatives, sur 49 mois pour un kilom\u00e9trage maximum de 50 000 km. Sous r\u00e9serve d&rsquo;\u00e9tude et d\u2019acceptation par DIAC, SA au capital de 415 100 500 \u20ac &#8211; Si\u00e8ge social : 14 avenue du Pav\u00e9 Neuf 93160 Noisy-le-Grand SIREN 702 002 221 RCS Bobigny. En fin de contrat, restitution du v\u00e9hicule chez votre concessionnaire avec paiement des frais de remise \u00e0 l\u2019\u00e9tat standard et des kilom\u00e8tres suppl\u00e9mentaires.<\/span><\/p>\n<p>&nbsp;<\/p>\n<p><span style=\"font-size: 8pt;\">Vos donn\u00e9es \u00e0 caract\u00e8re personnel font l\u2019objet d\u2019un traitement de donn\u00e9es \u00e0 caract\u00e8re personnel mis en oeuvre par la soci\u00e9t\u00e9 BYmyCAR aux fins de gestion de la relation clients et prospects. Vos donn\u00e9es sont r\u00e9serv\u00e9es \u00e0 l\u2019usage des services internes de la soci\u00e9t\u00e9 BYmyCAR ainsi qu\u2019aux prestataires habilit\u00e9s \u00e0 traiter vos donn\u00e9es. Conform\u00e9ment \u00e0 la r\u00e9glementation fran\u00e7aise et europ\u00e9enne relative \u00e0 la protection des donn\u00e9es \u00e0 caract\u00e8re personnel, vous pouvez \u00e0 tout moment exercer vos droits d\u2019acc\u00e8s, de rectification et de suppression des donn\u00e9es \u00e0 caract\u00e8re personnel vous concernant ainsi que vous opposer au traitement desdites donn\u00e9es. Vous disposez \u00e9galement du droit de d\u00e9finir des directives g\u00e9n\u00e9rales ou particuli\u00e8res relatives au sort de vos donn\u00e9es \u00e0 caract\u00e8re personnel apr\u00e8s votre d\u00e9c\u00e8s. Seules les directives particuli\u00e8res relatives au traitement de donn\u00e9es \u00e0 caract\u00e8re personnel mis en oeuvre par BYmyCAR seront enregistr\u00e9es par BYmyCAR. Vous pouvez exercer vos droits en adressant votre demande, accompagn\u00e9e d\u2019un justificatif de votre identit\u00e9, par voie postale \u00e0 BYmyCAR, 278 Bd. St. Germain, 75007 Paris ou e-mail \u00e0\u00a0<a href=\"mailto:contact-web@bymycar.fr\">contact-web@bymycar.fr<\/a>. Nous vous informons que vous disposez en outre d\u2019un droit d\u2019inscription sur la liste d\u2019opposition au d\u00e9marchage t\u00e9l\u00e9phonique que vous pouvez exercer aupr\u00e8s de la SAS OPPOSETEL, 92-98 boulevard Victor Hugo \u2013 92110 CLICHY (<a href=\"http:\/\/www.bloctel.gouv.fr\/\">http:\/\/www.bloctel.gouv.fr\/<\/a>).<\/span><\/p>\n"}}]},"add-carousel-to-footer":true},"yoast_head":"<!-- This site is optimized with the Yoast SEO Premium plugin v26.4 (Yoast SEO v26.4) - https:\/\/yoast.com\/wordpress\/plugins\/seo\/ -->\n<title>Portes Ouvertes Renault - Dacia BYmy)CAR<\/title>\n<meta name=\"robots\" content=\"index, follow, max-snippet:-1, max-image-preview:large, max-video-preview:-1\" \/>\n<link rel=\"canonical\" href=\"https:\/\/www.bymycar.fr\/webzine\/portes-ouvertes-renault-dacia-bymycar\/\" \/>\n<meta property=\"og:locale\" content=\"fr_FR\" \/>\n<meta property=\"og:type\" content=\"article\" \/>\n<meta property=\"og:title\" content=\"Portes Ouvertes Renault - Dacia BYmy)CAR\" \/>\n<meta property=\"og:url\" content=\"https:\/\/www.bymycar.fr\/webzine\/portes-ouvertes-renault-dacia-bymycar\/\" \/>\n<meta property=\"og:site_name\" content=\"Webzine auto BYmyCAR\" \/>\n<meta property=\"article:published_time\" content=\"2022-01-05T11:22:44+00:00\" \/>\n<meta property=\"article:modified_time\" content=\"2025-05-14T10:00:08+00:00\" \/>\n<meta property=\"og:image\" content=\"https:\/\/cdn.bymycar.eu\/fr-webzine\/wp-content\/uploads\/medias\/1200x628-Post-FBOPO_Janvier.jpg\" \/>\n\t<meta property=\"og:image:width\" content=\"1200\" \/>\n\t<meta property=\"og:image:height\" content=\"628\" \/>\n\t<meta property=\"og:image:type\" content=\"image\/jpeg\" \/>\n<meta name=\"author\" content=\"Anna\u00eblle mazza\" \/>\n<meta name=\"twitter:card\" content=\"summary_large_image\" \/>\n<meta name=\"twitter:label1\" content=\"\u00c9crit par\" \/>\n\t<meta name=\"twitter:data1\" content=\"Anna\u00eblle mazza\" \/>\n\t<meta name=\"twitter:label2\" content=\"Dur\u00e9e de lecture estim\u00e9e\" \/>\n\t<meta name=\"twitter:data2\" content=\"1 minute\" \/>\n<script type=\"application\/ld+json\" class=\"yoast-schema-graph\">{\"@context\":\"https:\/\/schema.org\",\"@graph\":[{\"@type\":\"Article\",\"@id\":\"https:\/\/www.bymycar.fr\/webzine\/portes-ouvertes-renault-dacia-bymycar\/#article\",\"isPartOf\":{\"@id\":\"https:\/\/www.bymycar.fr\/webzine\/portes-ouvertes-renault-dacia-bymycar\/\"},\"author\":{\"name\":\"Anna\u00eblle mazza\",\"@id\":\"https:\/\/www.bymycar.fr\/webzine\/#\/schema\/person\/b54a348aac10977adbebed5bd925ac49\"},\"headline\":\"Portes Ouvertes Renault &#8211; Dacia BYmy)CAR\",\"datePublished\":\"2022-01-05T11:22:44+00:00\",\"dateModified\":\"2025-05-14T10:00:08+00:00\",\"mainEntityOfPage\":{\"@id\":\"https:\/\/www.bymycar.fr\/webzine\/portes-ouvertes-renault-dacia-bymycar\/\"},\"wordCount\":45,\"publisher\":{\"@id\":\"https:\/\/www.bymycar.fr\/webzine\/#organization\"},\"image\":{\"@id\":\"https:\/\/www.bymycar.fr\/webzine\/portes-ouvertes-renault-dacia-bymycar\/#primaryimage\"},\"thumbnailUrl\":\"https:\/\/cdn.bymycar.eu\/fr-webzine\/wp-content\/uploads\/medias\/1200x628-Post-FBOPO_Janvier.jpg\",\"articleSection\":[\"Actualit\u00e9s des concessions\"],\"inLanguage\":\"fr-FR\"},{\"@type\":\"WebPage\",\"@id\":\"https:\/\/www.bymycar.fr\/webzine\/portes-ouvertes-renault-dacia-bymycar\/\",\"url\":\"https:\/\/www.bymycar.fr\/webzine\/portes-ouvertes-renault-dacia-bymycar\/\",\"name\":\"Portes Ouvertes Renault - Dacia BYmy)CAR\",\"isPartOf\":{\"@id\":\"https:\/\/www.bymycar.fr\/webzine\/#website\"},\"primaryImageOfPage\":{\"@id\":\"https:\/\/www.bymycar.fr\/webzine\/portes-ouvertes-renault-dacia-bymycar\/#primaryimage\"},\"image\":{\"@id\":\"https:\/\/www.bymycar.fr\/webzine\/portes-ouvertes-renault-dacia-bymycar\/#primaryimage\"},\"thumbnailUrl\":\"https:\/\/cdn.bymycar.eu\/fr-webzine\/wp-content\/uploads\/medias\/1200x628-Post-FBOPO_Janvier.jpg\",\"datePublished\":\"2022-01-05T11:22:44+00:00\",\"dateModified\":\"2025-05-14T10:00:08+00:00\",\"breadcrumb\":{\"@id\":\"https:\/\/www.bymycar.fr\/webzine\/portes-ouvertes-renault-dacia-bymycar\/#breadcrumb\"},\"inLanguage\":\"fr-FR\",\"potentialAction\":[{\"@type\":\"ReadAction\",\"target\":[\"https:\/\/www.bymycar.fr\/webzine\/portes-ouvertes-renault-dacia-bymycar\/\"]}]},{\"@type\":\"ImageObject\",\"inLanguage\":\"fr-FR\",\"@id\":\"https:\/\/www.bymycar.fr\/webzine\/portes-ouvertes-renault-dacia-bymycar\/#primaryimage\",\"url\":\"https:\/\/cdn.bymycar.eu\/fr-webzine\/wp-content\/uploads\/medias\/1200x628-Post-FBOPO_Janvier.jpg\",\"contentUrl\":\"https:\/\/cdn.bymycar.eu\/fr-webzine\/wp-content\/uploads\/medias\/1200x628-Post-FBOPO_Janvier.jpg\",\"width\":1200,\"height\":628},{\"@type\":\"BreadcrumbList\",\"@id\":\"https:\/\/www.bymycar.fr\/webzine\/portes-ouvertes-renault-dacia-bymycar\/#breadcrumb\",\"itemListElement\":[{\"@type\":\"ListItem\",\"position\":1,\"name\":\"Accueil\",\"item\":\"https:\/\/www.bymycar.fr\/webzine\/\"},{\"@type\":\"ListItem\",\"position\":2,\"name\":\"Portes Ouvertes Renault &#8211; Dacia BYmy)CAR\"}]},{\"@type\":\"WebSite\",\"@id\":\"https:\/\/www.bymycar.fr\/webzine\/#website\",\"url\":\"https:\/\/www.bymycar.fr\/webzine\/\",\"name\":\"Webzine auto BYmyCAR\",\"description\":\"La magazine auto de BYmyCAR\",\"publisher\":{\"@id\":\"https:\/\/www.bymycar.fr\/webzine\/#organization\"},\"potentialAction\":[{\"@type\":\"SearchAction\",\"target\":{\"@type\":\"EntryPoint\",\"urlTemplate\":\"https:\/\/www.bymycar.fr\/webzine\/?s={search_term_string}\"},\"query-input\":{\"@type\":\"PropertyValueSpecification\",\"valueRequired\":true,\"valueName\":\"search_term_string\"}}],\"inLanguage\":\"fr-FR\"},{\"@type\":\"Organization\",\"@id\":\"https:\/\/www.bymycar.fr\/webzine\/#organization\",\"name\":\"BYmyCAR\",\"url\":\"https:\/\/www.bymycar.fr\/webzine\/\",\"logo\":{\"@type\":\"ImageObject\",\"inLanguage\":\"fr-FR\",\"@id\":\"https:\/\/www.bymycar.fr\/webzine\/#\/schema\/logo\/image\/\",\"url\":\"https:\/\/cdn.bymycar.eu\/fr-webzine\/wp-content\/uploads\/medias\/2017\/08\/logo_DEALER_00000406_001.png\",\"contentUrl\":\"https:\/\/cdn.bymycar.eu\/fr-webzine\/wp-content\/uploads\/medias\/2017\/08\/logo_DEALER_00000406_001.png\",\"width\":2132,\"height\":720,\"caption\":\"BYmyCAR\"},\"image\":{\"@id\":\"https:\/\/www.bymycar.fr\/webzine\/#\/schema\/logo\/image\/\"}},{\"@type\":\"Person\",\"@id\":\"https:\/\/www.bymycar.fr\/webzine\/#\/schema\/person\/b54a348aac10977adbebed5bd925ac49\",\"name\":\"Anna\u00eblle mazza\",\"image\":{\"@type\":\"ImageObject\",\"inLanguage\":\"fr-FR\",\"@id\":\"https:\/\/www.bymycar.fr\/webzine\/#\/schema\/person\/image\/\",\"url\":\"https:\/\/secure.gravatar.com\/avatar\/37a99f00d4c8e52f41058d90c6b86e66d62c88f7863da12f6791e6421a5b3ccd?s=96&d=mm&r=g\",\"contentUrl\":\"https:\/\/secure.gravatar.com\/avatar\/37a99f00d4c8e52f41058d90c6b86e66d62c88f7863da12f6791e6421a5b3ccd?s=96&d=mm&r=g\",\"caption\":\"Anna\u00eblle mazza\"}}]}<\/script>\n<!-- \/ Yoast SEO Premium plugin. -->","yoast_head_json":{"title":"Portes Ouvertes Renault - Dacia BYmy)CAR","robots":{"index":"index","follow":"follow","max-snippet":"max-snippet:-1","max-image-preview":"max-image-preview:large","max-video-preview":"max-video-preview:-1"},"canonical":"https:\/\/www.bymycar.fr\/webzine\/portes-ouvertes-renault-dacia-bymycar\/","og_locale":"fr_FR","og_type":"article","og_title":"Portes Ouvertes Renault - Dacia BYmy)CAR","og_url":"https:\/\/www.bymycar.fr\/webzine\/portes-ouvertes-renault-dacia-bymycar\/","og_site_name":"Webzine auto BYmyCAR","article_published_time":"2022-01-05T11:22:44+00:00","article_modified_time":"2025-05-14T10:00:08+00:00","og_image":[{"width":1200,"height":628,"url":"https:\/\/cdn.bymycar.eu\/fr-webzine\/wp-content\/uploads\/medias\/1200x628-Post-FBOPO_Janvier.jpg","type":"image\/jpeg"}],"author":"Anna\u00eblle mazza","twitter_card":"summary_large_image","twitter_misc":{"\u00c9crit par":"Anna\u00eblle mazza","Dur\u00e9e de lecture estim\u00e9e":"1 minute"},"schema":{"@context":"https:\/\/schema.org","@graph":[{"@type":"Article","@id":"https:\/\/www.bymycar.fr\/webzine\/portes-ouvertes-renault-dacia-bymycar\/#article","isPartOf":{"@id":"https:\/\/www.bymycar.fr\/webzine\/portes-ouvertes-renault-dacia-bymycar\/"},"author":{"name":"Anna\u00eblle mazza","@id":"https:\/\/www.bymycar.fr\/webzine\/#\/schema\/person\/b54a348aac10977adbebed5bd925ac49"},"headline":"Portes Ouvertes Renault &#8211; Dacia BYmy)CAR","datePublished":"2022-01-05T11:22:44+00:00","dateModified":"2025-05-14T10:00:08+00:00","mainEntityOfPage":{"@id":"https:\/\/www.bymycar.fr\/webzine\/portes-ouvertes-renault-dacia-bymycar\/"},"wordCount":45,"publisher":{"@id":"https:\/\/www.bymycar.fr\/webzine\/#organization"},"image":{"@id":"https:\/\/www.bymycar.fr\/webzine\/portes-ouvertes-renault-dacia-bymycar\/#primaryimage"},"thumbnailUrl":"https:\/\/cdn.bymycar.eu\/fr-webzine\/wp-content\/uploads\/medias\/1200x628-Post-FBOPO_Janvier.jpg","articleSection":["Actualit\u00e9s des concessions"],"inLanguage":"fr-FR"},{"@type":"WebPage","@id":"https:\/\/www.bymycar.fr\/webzine\/portes-ouvertes-renault-dacia-bymycar\/","url":"https:\/\/www.bymycar.fr\/webzine\/portes-ouvertes-renault-dacia-bymycar\/","name":"Portes Ouvertes Renault - Dacia BYmy)CAR","isPartOf":{"@id":"https:\/\/www.bymycar.fr\/webzine\/#website"},"primaryImageOfPage":{"@id":"https:\/\/www.bymycar.fr\/webzine\/portes-ouvertes-renault-dacia-bymycar\/#primaryimage"},"image":{"@id":"https:\/\/www.bymycar.fr\/webzine\/portes-ouvertes-renault-dacia-bymycar\/#primaryimage"},"thumbnailUrl":"https:\/\/cdn.bymycar.eu\/fr-webzine\/wp-content\/uploads\/medias\/1200x628-Post-FBOPO_Janvier.jpg","datePublished":"2022-01-05T11:22:44+00:00","dateModified":"2025-05-14T10:00:08+00:00","breadcrumb":{"@id":"https:\/\/www.bymycar.fr\/webzine\/portes-ouvertes-renault-dacia-bymycar\/#breadcrumb"},"inLanguage":"fr-FR","potentialAction":[{"@type":"ReadAction","target":["https:\/\/www.bymycar.fr\/webzine\/portes-ouvertes-renault-dacia-bymycar\/"]}]},{"@type":"ImageObject","inLanguage":"fr-FR","@id":"https:\/\/www.bymycar.fr\/webzine\/portes-ouvertes-renault-dacia-bymycar\/#primaryimage","url":"https:\/\/cdn.bymycar.eu\/fr-webzine\/wp-content\/uploads\/medias\/1200x628-Post-FBOPO_Janvier.jpg","contentUrl":"https:\/\/cdn.bymycar.eu\/fr-webzine\/wp-content\/uploads\/medias\/1200x628-Post-FBOPO_Janvier.jpg","width":1200,"height":628},{"@type":"BreadcrumbList","@id":"https:\/\/www.bymycar.fr\/webzine\/portes-ouvertes-renault-dacia-bymycar\/#breadcrumb","itemListElement":[{"@type":"ListItem","position":1,"name":"Accueil","item":"https:\/\/www.bymycar.fr\/webzine\/"},{"@type":"ListItem","position":2,"name":"Portes Ouvertes Renault &#8211; Dacia BYmy)CAR"}]},{"@type":"WebSite","@id":"https:\/\/www.bymycar.fr\/webzine\/#website","url":"https:\/\/www.bymycar.fr\/webzine\/","name":"Webzine auto BYmyCAR","description":"La magazine auto de BYmyCAR","publisher":{"@id":"https:\/\/www.bymycar.fr\/webzine\/#organization"},"potentialAction":[{"@type":"SearchAction","target":{"@type":"EntryPoint","urlTemplate":"https:\/\/www.bymycar.fr\/webzine\/?s={search_term_string}"},"query-input":{"@type":"PropertyValueSpecification","valueRequired":true,"valueName":"search_term_string"}}],"inLanguage":"fr-FR"},{"@type":"Organization","@id":"https:\/\/www.bymycar.fr\/webzine\/#organization","name":"BYmyCAR","url":"https:\/\/www.bymycar.fr\/webzine\/","logo":{"@type":"ImageObject","inLanguage":"fr-FR","@id":"https:\/\/www.bymycar.fr\/webzine\/#\/schema\/logo\/image\/","url":"https:\/\/cdn.bymycar.eu\/fr-webzine\/wp-content\/uploads\/medias\/2017\/08\/logo_DEALER_00000406_001.png","contentUrl":"https:\/\/cdn.bymycar.eu\/fr-webzine\/wp-content\/uploads\/medias\/2017\/08\/logo_DEALER_00000406_001.png","width":2132,"height":720,"caption":"BYmyCAR"},"image":{"@id":"https:\/\/www.bymycar.fr\/webzine\/#\/schema\/logo\/image\/"}},{"@type":"Person","@id":"https:\/\/www.bymycar.fr\/webzine\/#\/schema\/person\/b54a348aac10977adbebed5bd925ac49","name":"Anna\u00eblle mazza","image":{"@type":"ImageObject","inLanguage":"fr-FR","@id":"https:\/\/www.bymycar.fr\/webzine\/#\/schema\/person\/image\/","url":"https:\/\/secure.gravatar.com\/avatar\/37a99f00d4c8e52f41058d90c6b86e66d62c88f7863da12f6791e6421a5b3ccd?s=96&d=mm&r=g","contentUrl":"https:\/\/secure.gravatar.com\/avatar\/37a99f00d4c8e52f41058d90c6b86e66d62c88f7863da12f6791e6421a5b3ccd?s=96&d=mm&r=g","caption":"Anna\u00eblle mazza"}}]}},"_links":{"self":[{"href":"https:\/\/www.bymycar.fr\/webzine\/wp-json\/wp\/v2\/posts\/22990","targetHints":{"allow":["GET"]}}],"collection":[{"href":"https:\/\/www.bymycar.fr\/webzine\/wp-json\/wp\/v2\/posts"}],"about":[{"href":"https:\/\/www.bymycar.fr\/webzine\/wp-json\/wp\/v2\/types\/post"}],"author":[{"embeddable":true,"href":"https:\/\/www.bymycar.fr\/webzine\/wp-json\/wp\/v2\/users\/30"}],"replies":[{"embeddable":true,"href":"https:\/\/www.bymycar.fr\/webzine\/wp-json\/wp\/v2\/comments?post=22990"}],"version-history":[{"count":20,"href":"https:\/\/www.bymycar.fr\/webzine\/wp-json\/wp\/v2\/posts\/22990\/revisions"}],"predecessor-version":[{"id":23283,"href":"https:\/\/www.bymycar.fr\/webzine\/wp-json\/wp\/v2\/posts\/22990\/revisions\/23283"}],"wp:featuredmedia":[{"embeddable":true,"href":"https:\/\/www.bymycar.fr\/webzine\/wp-json\/wp\/v2\/media\/23001"}],"wp:attachment":[{"href":"https:\/\/www.bymycar.fr\/webzine\/wp-json\/wp\/v2\/media?parent=22990"}],"wp:term":[{"taxonomy":"category","embeddable":true,"href":"https:\/\/www.bymycar.fr\/webzine\/wp-json\/wp\/v2\/categories?post=22990"},{"taxonomy":"post_tag","embeddable":true,"href":"https:\/\/www.bymycar.fr\/webzine\/wp-json\/wp\/v2\/tags?post=22990"}],"curies":[{"name":"wp","href":"https:\/\/api.w.org\/{rel}","templated":true}]}}