{"id":21501,"date":"2021-11-24T14:55:29","date_gmt":"2021-11-24T13:55:29","guid":{"rendered":"https:\/\/prod.bymycar.fr\/webzine\/?p=21501"},"modified":"2022-01-14T15:28:43","modified_gmt":"2022-01-14T14:28:43","slug":"nouveau-taigo-le-suv-coupe-signe-volkswagen","status":"publish","type":"post","link":"https:\/\/www.bymycar.fr\/webzine\/nouveau-taigo-le-suv-coupe-signe-volkswagen\/","title":{"rendered":"Nouveau Taigo, le SUV coup\u00e9 sign\u00e9 Volkswagen"},"content":{"rendered":"","protected":false},"excerpt":{"rendered":"","protected":false},"author":18,"featured_media":21543,"comment_status":"closed","ping_status":"open","sticky":false,"template":"","format":"standard","meta":{"_acf_changed":false,"footnotes":""},"categories":[9014,2,4,3,129,4231],"tags":[],"class_list":["post-21501","post","type-post","status-publish","format-standard","has-post-thumbnail","hentry","category-actualites-concessions-bymycar","category-lactu-des-marques","category-offres-et-bons-plans","category-sorties-de-la-semaine","category-volkswagen","category-volkswagen-actualites"],"acf":{"template":"classique","introduction":"<p>Le tout premier SUV coup\u00e9 de la marque Volkswagen fait son apparition et s\u2019inscrit dans les mouvements des nouvelles g\u00e9n\u00e9rations de SUV. Dot\u00e9e d\u2019une puissance de 95ch \u00e0 150ch, vous allez trouver le Taigo qu\u2019il vous faut.<\/p>\n<p>Il se d\u00e9marque du T-Cross et du T-Roc par sa forme et son nouveau design plus urbain et polyvalent. Il est propos\u00e9 en finitions Life, Style, R-Line et 1st Edition et en trois motorisations essence.<\/p>\n","strates":[{"type_strate":"citation","ancre":"Offre Taigo ","contenu":"<h2><span style=\"color: #003366\"><strong>Une ligne ext\u00e9rieure irr\u00e9sistiblement sportif<\/strong><\/span><\/h2>\n<p>Une allure sportive et contemporaine de face le Nouveau Taigo reprend la m\u00eame signature lumineuse de la marque avec un bandeau qui relie les projecteurs Matrix LED au niveau du logo. Le hayon arri\u00e8re porte un bandeau noir illumin\u00e9 ou vient se rejoindre les feux arri\u00e8re. Votre Nouveau Taigo, vous en met plein les yeux avec ses d\u00e9tails lumineux. D\u00e8s la finition Life, le Nouveau Taigo projette un motif lumineux au sol \u00e0 l\u2019ouverture et \u00e0 la fermeture du v\u00e9hicule.<\/p>\n<p>Les arches de roues et les bas de caisses contrast\u00e9s affirment le caract\u00e8re de ce SUV. Ces \u00e9l\u00e9ments stylistiques propres au Tiago confirment son identit\u00e9 singuli\u00e8re particuli\u00e8rement dynamique.<\/p>\n","titre":"","image":false,"image_libre":false,"image_800x500":false,"legende":"","zoom":false,"texte":"<h2 style=\"text-align: center;\"><span style=\"color: #003366;\">Offre Nouveau Taigo Life 1,0 TSI 95ch BVM5<\/span><\/h2>\n<p style=\"text-align: center;\"><span style=\"font-size: 14pt;\">Disponible dans vos concessions Volkswagen BYmyCAR.<\/span><\/p>\n<p style=\"text-align: center;\"><strong>Nouveau Taigo \u00e0 partir de 179\u20ac\/mois(1)<\/strong><\/p>\n<blockquote><p><strong>EN CE MOMENT ! Profitez du Forfait Flexibilit\u00e9 \u00e0 partir de 10\u20ac de plus par mois(2) :<\/strong><\/p><\/blockquote>\n<ul>\n<li style=\"list-style-type: none;\">\n<ul>\n<li style=\"list-style-type: none;\">\n<ul>\n<li style=\"list-style-type: none;\">\n<ul>\n<li style=\"list-style-type: none;\">\n<ul>\n<li style=\"list-style-type: none;\">\n<ul>\n<li style=\"list-style-type: none;\">\n<ul>\n<li style=\"text-align: left;\">Location sans engagement<\/li>\n<li style=\"text-align: left;\">R\u00e9siliable \u00e0 tout moment<\/li>\n<li style=\"text-align: left;\">Changement de v\u00e9hicule sans frais<\/li>\n<\/ul>\n<\/li>\n<\/ul>\n<\/li>\n<\/ul>\n<\/li>\n<\/ul>\n<\/li>\n<\/ul>\n<\/li>\n<\/ul>\n<\/li>\n<\/ul>\n<h2 style=\"text-align: left;\"><\/h2>\n","articles":false,"categorie_droite":false,"images":[{"image":false,"image_1600x700":false,"image_920x500":{"ID":21518,"id":21518,"title":"Taigo_Bymycar","filename":"Taigo_Bymycar.jpg","filesize":1,"url":"https:\/\/cdn.bymycar.eu\/fr-webzine\/wp-content\/uploads\/medias\/Taigo_Bymycar.jpg","link":"https:\/\/www.bymycar.fr\/webzine\/nouveau-taigo-le-suv-coupe-signe-volkswagen\/taigo_bymycar\/","alt":"","author":"18","description":"","caption":"","name":"taigo_bymycar","status":"inherit","uploaded_to":21501,"date":"2021-11-23 16:50:43","modified":"2021-11-23 16:50:43","menu_order":0,"mime_type":"image\/jpeg","type":"image","subtype":"jpeg","icon":"https:\/\/www.bymycar.fr\/webzine\/wp-includes\/images\/media\/default.png","width":921,"height":501,"sizes":{"thumbnail":"https:\/\/cdn.bymycar.eu\/fr-webzine\/wp-content\/uploads\/medias\/Taigo_Bymycar-150x150.jpg","thumbnail-width":150,"thumbnail-height":150,"medium":"https:\/\/cdn.bymycar.eu\/fr-webzine\/wp-content\/uploads\/medias\/Taigo_Bymycar-300x163.jpg","medium-width":300,"medium-height":163,"medium_large":"https:\/\/cdn.bymycar.eu\/fr-webzine\/wp-content\/uploads\/medias\/Taigo_Bymycar-768x418.jpg","medium_large-width":768,"medium_large-height":418,"large":"https:\/\/cdn.bymycar.eu\/fr-webzine\/wp-content\/uploads\/medias\/Taigo_Bymycar.jpg","large-width":921,"large-height":501,"1536x1536":"https:\/\/cdn.bymycar.eu\/fr-webzine\/wp-content\/uploads\/medias\/Taigo_Bymycar.jpg","1536x1536-width":921,"1536x1536-height":501,"2048x2048":"https:\/\/cdn.bymycar.eu\/fr-webzine\/wp-content\/uploads\/medias\/Taigo_Bymycar.jpg","2048x2048-width":921,"2048x2048-height":501}},"legende":""}],"elements_comparatif":false,"texte_1":"","texte_2":"","image_1":false,"image_1_563x400":false,"image_1_332x332":false,"image_2":false,"image_2_333x240":false,"image_2_563x400":false,"image_3":false,"image_3_333x240":false,"image_3_332x450":false,"image_4":false,"image_4_332x332":false,"image_4_563x400":false,"code_embed":"","legende_video":"","photo":false,"photo_100x100":false,"nom":"","fonction":"","elements_timeline":false,"entetes_colonnes":false,"entetes_lignes":false,"lignes":false,"introduction":"","formulaire":false,"question":"","reponse":"","libelle_bouton_lien":"","url_lien":"","questions":false,"conclusions":false,"pays":false,"region":false,"marque":false,"marqueConcessions":false,"modele":false,"ptvente":false,"typeV":false,"collection":false,"nombre_maximum_elements":10,"lien_fin_carousel":"","texte_lien_fin_carousel":"","trier_par":false},{"type_strate":"texte-simple","ancre":"Ext\u00e9rieur ","contenu":"<h2><span style=\"color: #003366;\"><strong>Une ligne ext\u00e9rieure irr\u00e9sistiblement sportif<\/strong><\/span><\/h2>\n<p>Une allure sportive et contemporaine de face le Nouveau Taigo reprend la m\u00eame signature lumineuse de la marque avec un bandeau qui relie les projecteurs Matrix LED au niveau du logo. Le hayon arri\u00e8re porte un bandeau noir illumin\u00e9 ou vient se rejoindre les feux arri\u00e8re. Votre Nouveau Taigo, vous en met plein les yeux avec ses d\u00e9tails lumineux. D\u00e8s la finition Life, le Nouveau Taigo projette un motif lumineux au sol \u00e0 l\u2019ouverture et \u00e0 la fermeture du v\u00e9hicule.<\/p>\n<p>Les arches de roues et les bas de caisses contrast\u00e9s affirment le caract\u00e8re de ce SUV. Ces \u00e9l\u00e9ments stylistiques propres au Tiago confirment son identit\u00e9 singuli\u00e8re particuli\u00e8rement dynamique.<\/p>\n","titre":"ext\u00e9rieur","image":false,"image_libre":false,"image_800x500":false,"legende":"","zoom":false,"texte":"<h2><span style=\"color: #003366\">OFFRE DE LANCEMENT\u00a0<\/span><\/h2>\n<p><span style=\"color: #000000\">Le Nouveau Taigo Life 1,0 TSI 95ch BVM5 est disponible dans l&rsquo;ensemble de vos concessions Volkswagen BYmyCAR, avec un loyer de 219\u20ac\/mois, Apport de 4 000\u20ac + offre de reprise de 1 000\u20ac + 15 000km\/an*.\u00a0<\/span><\/p>\n","articles":false,"categorie_droite":false,"images":false,"elements_comparatif":false,"texte_1":"","texte_2":"","image_1":false,"image_1_563x400":false,"image_1_332x332":{"ID":21542,"id":21542,"title":"TA0011-taigo-exterior-red-front-woman-leans-against-car","filename":"TA0011-taigo-exterior-red-front-woman-leans-against-car.jpg","filesize":1,"url":"https:\/\/cdn.bymycar.eu\/fr-webzine\/wp-content\/uploads\/medias\/TA0011-taigo-exterior-red-front-woman-leans-against-car.jpg","link":"https:\/\/www.bymycar.fr\/webzine\/nouveau-taigo-le-suv-coupe-signe-volkswagen\/ta0011-taigo-exterior-red-front-woman-leans-against-car\/","alt":"","author":"18","description":"","caption":"","name":"ta0011-taigo-exterior-red-front-woman-leans-against-car","status":"inherit","uploaded_to":21501,"date":"2021-11-24 08:34:40","modified":"2021-11-24 08:34:40","menu_order":0,"mime_type":"image\/jpeg","type":"image","subtype":"jpeg","icon":"https:\/\/www.bymycar.fr\/webzine\/wp-includes\/images\/media\/default.png","width":1920,"height":1152,"sizes":{"thumbnail":"https:\/\/cdn.bymycar.eu\/fr-webzine\/wp-content\/uploads\/medias\/TA0011-taigo-exterior-red-front-woman-leans-against-car-150x150.jpg","thumbnail-width":150,"thumbnail-height":150,"medium":"https:\/\/cdn.bymycar.eu\/fr-webzine\/wp-content\/uploads\/medias\/TA0011-taigo-exterior-red-front-woman-leans-against-car-300x180.jpg","medium-width":300,"medium-height":180,"medium_large":"https:\/\/cdn.bymycar.eu\/fr-webzine\/wp-content\/uploads\/medias\/TA0011-taigo-exterior-red-front-woman-leans-against-car-768x461.jpg","medium_large-width":768,"medium_large-height":461,"large":"https:\/\/cdn.bymycar.eu\/fr-webzine\/wp-content\/uploads\/medias\/TA0011-taigo-exterior-red-front-woman-leans-against-car-1024x614.jpg","large-width":1024,"large-height":614,"1536x1536":"https:\/\/cdn.bymycar.eu\/fr-webzine\/wp-content\/uploads\/medias\/TA0011-taigo-exterior-red-front-woman-leans-against-car-1536x922.jpg","1536x1536-width":1536,"1536x1536-height":922,"2048x2048":"https:\/\/cdn.bymycar.eu\/fr-webzine\/wp-content\/uploads\/medias\/TA0011-taigo-exterior-red-front-woman-leans-against-car.jpg","2048x2048-width":1920,"2048x2048-height":1152}},"image_2":false,"image_2_333x240":false,"image_2_563x400":{"ID":21539,"id":21539,"title":"TA0004-taigo-exterior-red-top-and-side-view","filename":"TA0004-taigo-exterior-red-top-and-side-view.jpg","filesize":1,"url":"https:\/\/cdn.bymycar.eu\/fr-webzine\/wp-content\/uploads\/medias\/TA0004-taigo-exterior-red-top-and-side-view.jpg","link":"https:\/\/www.bymycar.fr\/webzine\/nouveau-taigo-le-suv-coupe-signe-volkswagen\/ta0004-taigo-exterior-red-top-and-side-view\/","alt":"","author":"18","description":"","caption":"","name":"ta0004-taigo-exterior-red-top-and-side-view","status":"inherit","uploaded_to":21501,"date":"2021-11-24 08:34:33","modified":"2021-11-24 08:34:33","menu_order":0,"mime_type":"image\/jpeg","type":"image","subtype":"jpeg","icon":"https:\/\/www.bymycar.fr\/webzine\/wp-includes\/images\/media\/default.png","width":1536,"height":1152,"sizes":{"thumbnail":"https:\/\/cdn.bymycar.eu\/fr-webzine\/wp-content\/uploads\/medias\/TA0004-taigo-exterior-red-top-and-side-view-150x150.jpg","thumbnail-width":150,"thumbnail-height":150,"medium":"https:\/\/cdn.bymycar.eu\/fr-webzine\/wp-content\/uploads\/medias\/TA0004-taigo-exterior-red-top-and-side-view-300x225.jpg","medium-width":300,"medium-height":225,"medium_large":"https:\/\/cdn.bymycar.eu\/fr-webzine\/wp-content\/uploads\/medias\/TA0004-taigo-exterior-red-top-and-side-view-768x576.jpg","medium_large-width":768,"medium_large-height":576,"large":"https:\/\/cdn.bymycar.eu\/fr-webzine\/wp-content\/uploads\/medias\/TA0004-taigo-exterior-red-top-and-side-view-1024x768.jpg","large-width":1024,"large-height":768,"1536x1536":"https:\/\/cdn.bymycar.eu\/fr-webzine\/wp-content\/uploads\/medias\/TA0004-taigo-exterior-red-top-and-side-view.jpg","1536x1536-width":1536,"1536x1536-height":1152,"2048x2048":"https:\/\/cdn.bymycar.eu\/fr-webzine\/wp-content\/uploads\/medias\/TA0004-taigo-exterior-red-top-and-side-view.jpg","2048x2048-width":1536,"2048x2048-height":1152}},"image_3":false,"image_3_333x240":false,"image_3_332x450":{"ID":21540,"id":21540,"title":"TA0009-taigo-exterior-red-back-light-on","filename":"TA0009-taigo-exterior-red-back-light-on.jpg","filesize":1,"url":"https:\/\/cdn.bymycar.eu\/fr-webzine\/wp-content\/uploads\/medias\/TA0009-taigo-exterior-red-back-light-on.jpg","link":"https:\/\/www.bymycar.fr\/webzine\/nouveau-taigo-le-suv-coupe-signe-volkswagen\/ta0009-taigo-exterior-red-back-light-on\/","alt":"","author":"18","description":"","caption":"","name":"ta0009-taigo-exterior-red-back-light-on","status":"inherit","uploaded_to":21501,"date":"2021-11-24 08:34:37","modified":"2021-11-24 08:34:37","menu_order":0,"mime_type":"image\/jpeg","type":"image","subtype":"jpeg","icon":"https:\/\/www.bymycar.fr\/webzine\/wp-includes\/images\/media\/default.png","width":1536,"height":1152,"sizes":{"thumbnail":"https:\/\/cdn.bymycar.eu\/fr-webzine\/wp-content\/uploads\/medias\/TA0009-taigo-exterior-red-back-light-on-150x150.jpg","thumbnail-width":150,"thumbnail-height":150,"medium":"https:\/\/cdn.bymycar.eu\/fr-webzine\/wp-content\/uploads\/medias\/TA0009-taigo-exterior-red-back-light-on-300x225.jpg","medium-width":300,"medium-height":225,"medium_large":"https:\/\/cdn.bymycar.eu\/fr-webzine\/wp-content\/uploads\/medias\/TA0009-taigo-exterior-red-back-light-on-768x576.jpg","medium_large-width":768,"medium_large-height":576,"large":"https:\/\/cdn.bymycar.eu\/fr-webzine\/wp-content\/uploads\/medias\/TA0009-taigo-exterior-red-back-light-on-1024x768.jpg","large-width":1024,"large-height":768,"1536x1536":"https:\/\/cdn.bymycar.eu\/fr-webzine\/wp-content\/uploads\/medias\/TA0009-taigo-exterior-red-back-light-on.jpg","1536x1536-width":1536,"1536x1536-height":1152,"2048x2048":"https:\/\/cdn.bymycar.eu\/fr-webzine\/wp-content\/uploads\/medias\/TA0009-taigo-exterior-red-back-light-on.jpg","2048x2048-width":1536,"2048x2048-height":1152}},"image_4":false,"image_4_332x332":false,"image_4_563x400":false,"code_embed":"","legende_video":"","photo":false,"photo_100x100":false,"nom":"","fonction":"","elements_timeline":false,"entetes_colonnes":false,"entetes_lignes":false,"lignes":false,"introduction":"","formulaire":false,"question":"","reponse":"","libelle_bouton_lien":"","url_lien":"","questions":false,"conclusions":false,"pays":false,"region":false,"marque":false,"marqueConcessions":false,"modele":false,"ptvente":false,"typeV":false,"collection":false,"nombre_maximum_elements":10,"lien_fin_carousel":"","texte_lien_fin_carousel":"","trier_par":false},{"type_strate":"mosaique-3","ancre":"","contenu":"<h2><span style=\"color: #003366\"><strong>A l\u2019int\u00e9rieur, l\u2019innovation s\u2019invite.<\/strong><\/span><\/h2>\n<p>Le digital Cockpit permet de visualiser le tableau de bord gr\u00e2ce \u00e0 un affichage avec un \u00e9cran haute r\u00e9solution de 8 pouces, vous permettant de rouler en toute s\u00e9curit\u00e9 !<\/p>\n<p>Sur le Nouveau Taigo, vous disposez des chargements faciles pour vos appareils gr\u00e2ce \u00e0 l\u2019interface USB-C, m\u00eame depuis la banquette arri\u00e8re sur la fa\u00e7ade arri\u00e8re de l\u2019accoudoir central. Les temp\u00e9ratures peuvent \u00eatre r\u00e9gl\u00e9es ind\u00e9pendamment c\u00f4t\u00e9 passager et c\u00f4t\u00e9 conducteur gr\u00e2ce \u00e0 la r\u00e9gulation bi-zone.<\/p>\n<p>De s\u00e9rie, le syst\u00e8me de climatisation se r\u00e8gle intuitivement par \u00e9crans tactiles. Votre habitacle s\u2019illumine ! De s\u00e9rie vous disposez de r\u00e9tro-\u00e9clairage blanc sur les portes avant.<\/p>\n","titre":"","image":false,"image_libre":false,"image_800x500":{"ID":21520,"id":21520,"title":"Taigo_coffre","filename":"Taigo_coffre.jpg","filesize":1,"url":"https:\/\/cdn.bymycar.eu\/fr-webzine\/wp-content\/uploads\/medias\/Taigo_coffre.jpg","link":"https:\/\/www.bymycar.fr\/webzine\/nouveau-taigo-le-suv-coupe-signe-volkswagen\/taigo_coffre\/","alt":"","author":"18","description":"","caption":"","name":"taigo_coffre","status":"inherit","uploaded_to":21501,"date":"2021-11-23 16:57:30","modified":"2021-11-23 16:57:30","menu_order":0,"mime_type":"image\/jpeg","type":"image","subtype":"jpeg","icon":"https:\/\/www.bymycar.fr\/webzine\/wp-includes\/images\/media\/default.png","width":2560,"height":1603,"sizes":{"thumbnail":"https:\/\/cdn.bymycar.eu\/fr-webzine\/wp-content\/uploads\/medias\/Taigo_coffre-150x150.jpg","thumbnail-width":150,"thumbnail-height":150,"medium":"https:\/\/cdn.bymycar.eu\/fr-webzine\/wp-content\/uploads\/medias\/Taigo_coffre-300x188.jpg","medium-width":300,"medium-height":188,"medium_large":"https:\/\/cdn.bymycar.eu\/fr-webzine\/wp-content\/uploads\/medias\/Taigo_coffre-768x481.jpg","medium_large-width":768,"medium_large-height":481,"large":"https:\/\/cdn.bymycar.eu\/fr-webzine\/wp-content\/uploads\/medias\/Taigo_coffre-1024x641.jpg","large-width":1024,"large-height":641,"1536x1536":"https:\/\/cdn.bymycar.eu\/fr-webzine\/wp-content\/uploads\/medias\/Taigo_coffre-1536x962.jpg","1536x1536-width":1536,"1536x1536-height":962,"2048x2048":"https:\/\/cdn.bymycar.eu\/fr-webzine\/wp-content\/uploads\/medias\/Taigo_coffre-2048x1283.jpg","2048x2048-width":2048,"2048x2048-height":1283}},"legende":"","zoom":false,"texte":"<h2><span style=\"color: #003366\"><strong>Une ligne ext\u00e9rieure Irr\u00e9sistiblement sportif<\/strong><\/span><\/h2>\n<p>Une allure sportive et contemporaine de face le Nouveau Taigo reprend la m\u00eame signature lumineuse de la marque avec un bandeau qui relie les projecteurs Matrix LED au niveau du logo. Le hayon arri\u00e8re porte un bandeau noir illumin\u00e9 ou vient se rejoindre les feux arri\u00e8re. Votre Nouveau Taigo, vous en met plein les yeux avec ses d\u00e9tails lumineux. D\u00e8s la finition Life, le Nouveau Taigo projette un motif lumineux au sol \u00e0 l\u2019ouverture et \u00e0 la fermeture du v\u00e9hicule.<\/p>\n<p>Les arches de roues et les bas de caisses contrast\u00e9s affirment le caract\u00e8re de ce SUV. Ces \u00e9l\u00e9ments stylistiques propres au Tiago confirment son identit\u00e9 singuli\u00e8re particuli\u00e8rement dynamique.<\/p>\n","articles":false,"categorie_droite":false,"images":false,"elements_comparatif":false,"texte_1":"","texte_2":"","image_1":false,"image_1_563x400":false,"image_1_332x332":{"ID":21542,"id":21542,"title":"TA0011-taigo-exterior-red-front-woman-leans-against-car","filename":"TA0011-taigo-exterior-red-front-woman-leans-against-car.jpg","filesize":1,"url":"https:\/\/cdn.bymycar.eu\/fr-webzine\/wp-content\/uploads\/medias\/TA0011-taigo-exterior-red-front-woman-leans-against-car.jpg","link":"https:\/\/www.bymycar.fr\/webzine\/nouveau-taigo-le-suv-coupe-signe-volkswagen\/ta0011-taigo-exterior-red-front-woman-leans-against-car\/","alt":"","author":"18","description":"","caption":"","name":"ta0011-taigo-exterior-red-front-woman-leans-against-car","status":"inherit","uploaded_to":21501,"date":"2021-11-24 08:34:40","modified":"2021-11-24 08:34:40","menu_order":0,"mime_type":"image\/jpeg","type":"image","subtype":"jpeg","icon":"https:\/\/www.bymycar.fr\/webzine\/wp-includes\/images\/media\/default.png","width":1920,"height":1152,"sizes":{"thumbnail":"https:\/\/cdn.bymycar.eu\/fr-webzine\/wp-content\/uploads\/medias\/TA0011-taigo-exterior-red-front-woman-leans-against-car-150x150.jpg","thumbnail-width":150,"thumbnail-height":150,"medium":"https:\/\/cdn.bymycar.eu\/fr-webzine\/wp-content\/uploads\/medias\/TA0011-taigo-exterior-red-front-woman-leans-against-car-300x180.jpg","medium-width":300,"medium-height":180,"medium_large":"https:\/\/cdn.bymycar.eu\/fr-webzine\/wp-content\/uploads\/medias\/TA0011-taigo-exterior-red-front-woman-leans-against-car-768x461.jpg","medium_large-width":768,"medium_large-height":461,"large":"https:\/\/cdn.bymycar.eu\/fr-webzine\/wp-content\/uploads\/medias\/TA0011-taigo-exterior-red-front-woman-leans-against-car-1024x614.jpg","large-width":1024,"large-height":614,"1536x1536":"https:\/\/cdn.bymycar.eu\/fr-webzine\/wp-content\/uploads\/medias\/TA0011-taigo-exterior-red-front-woman-leans-against-car-1536x922.jpg","1536x1536-width":1536,"1536x1536-height":922,"2048x2048":"https:\/\/cdn.bymycar.eu\/fr-webzine\/wp-content\/uploads\/medias\/TA0011-taigo-exterior-red-front-woman-leans-against-car.jpg","2048x2048-width":1920,"2048x2048-height":1152}},"image_2":false,"image_2_333x240":false,"image_2_563x400":{"ID":21539,"id":21539,"title":"TA0004-taigo-exterior-red-top-and-side-view","filename":"TA0004-taigo-exterior-red-top-and-side-view.jpg","filesize":1,"url":"https:\/\/cdn.bymycar.eu\/fr-webzine\/wp-content\/uploads\/medias\/TA0004-taigo-exterior-red-top-and-side-view.jpg","link":"https:\/\/www.bymycar.fr\/webzine\/nouveau-taigo-le-suv-coupe-signe-volkswagen\/ta0004-taigo-exterior-red-top-and-side-view\/","alt":"","author":"18","description":"","caption":"","name":"ta0004-taigo-exterior-red-top-and-side-view","status":"inherit","uploaded_to":21501,"date":"2021-11-24 08:34:33","modified":"2021-11-24 08:34:33","menu_order":0,"mime_type":"image\/jpeg","type":"image","subtype":"jpeg","icon":"https:\/\/www.bymycar.fr\/webzine\/wp-includes\/images\/media\/default.png","width":1536,"height":1152,"sizes":{"thumbnail":"https:\/\/cdn.bymycar.eu\/fr-webzine\/wp-content\/uploads\/medias\/TA0004-taigo-exterior-red-top-and-side-view-150x150.jpg","thumbnail-width":150,"thumbnail-height":150,"medium":"https:\/\/cdn.bymycar.eu\/fr-webzine\/wp-content\/uploads\/medias\/TA0004-taigo-exterior-red-top-and-side-view-300x225.jpg","medium-width":300,"medium-height":225,"medium_large":"https:\/\/cdn.bymycar.eu\/fr-webzine\/wp-content\/uploads\/medias\/TA0004-taigo-exterior-red-top-and-side-view-768x576.jpg","medium_large-width":768,"medium_large-height":576,"large":"https:\/\/cdn.bymycar.eu\/fr-webzine\/wp-content\/uploads\/medias\/TA0004-taigo-exterior-red-top-and-side-view-1024x768.jpg","large-width":1024,"large-height":768,"1536x1536":"https:\/\/cdn.bymycar.eu\/fr-webzine\/wp-content\/uploads\/medias\/TA0004-taigo-exterior-red-top-and-side-view.jpg","1536x1536-width":1536,"1536x1536-height":1152,"2048x2048":"https:\/\/cdn.bymycar.eu\/fr-webzine\/wp-content\/uploads\/medias\/TA0004-taigo-exterior-red-top-and-side-view.jpg","2048x2048-width":1536,"2048x2048-height":1152}},"image_3":false,"image_3_333x240":false,"image_3_332x450":{"ID":21540,"id":21540,"title":"TA0009-taigo-exterior-red-back-light-on","filename":"TA0009-taigo-exterior-red-back-light-on.jpg","filesize":1,"url":"https:\/\/cdn.bymycar.eu\/fr-webzine\/wp-content\/uploads\/medias\/TA0009-taigo-exterior-red-back-light-on.jpg","link":"https:\/\/www.bymycar.fr\/webzine\/nouveau-taigo-le-suv-coupe-signe-volkswagen\/ta0009-taigo-exterior-red-back-light-on\/","alt":"","author":"18","description":"","caption":"","name":"ta0009-taigo-exterior-red-back-light-on","status":"inherit","uploaded_to":21501,"date":"2021-11-24 08:34:37","modified":"2021-11-24 08:34:37","menu_order":0,"mime_type":"image\/jpeg","type":"image","subtype":"jpeg","icon":"https:\/\/www.bymycar.fr\/webzine\/wp-includes\/images\/media\/default.png","width":1536,"height":1152,"sizes":{"thumbnail":"https:\/\/cdn.bymycar.eu\/fr-webzine\/wp-content\/uploads\/medias\/TA0009-taigo-exterior-red-back-light-on-150x150.jpg","thumbnail-width":150,"thumbnail-height":150,"medium":"https:\/\/cdn.bymycar.eu\/fr-webzine\/wp-content\/uploads\/medias\/TA0009-taigo-exterior-red-back-light-on-300x225.jpg","medium-width":300,"medium-height":225,"medium_large":"https:\/\/cdn.bymycar.eu\/fr-webzine\/wp-content\/uploads\/medias\/TA0009-taigo-exterior-red-back-light-on-768x576.jpg","medium_large-width":768,"medium_large-height":576,"large":"https:\/\/cdn.bymycar.eu\/fr-webzine\/wp-content\/uploads\/medias\/TA0009-taigo-exterior-red-back-light-on-1024x768.jpg","large-width":1024,"large-height":768,"1536x1536":"https:\/\/cdn.bymycar.eu\/fr-webzine\/wp-content\/uploads\/medias\/TA0009-taigo-exterior-red-back-light-on.jpg","1536x1536-width":1536,"1536x1536-height":1152,"2048x2048":"https:\/\/cdn.bymycar.eu\/fr-webzine\/wp-content\/uploads\/medias\/TA0009-taigo-exterior-red-back-light-on.jpg","2048x2048-width":1536,"2048x2048-height":1152}},"image_4":false,"image_4_332x332":false,"image_4_563x400":false,"code_embed":"","legende_video":"","photo":false,"photo_100x100":false,"nom":"","fonction":"","elements_timeline":false,"entetes_colonnes":false,"entetes_lignes":false,"lignes":false,"introduction":"","formulaire":false,"question":"","reponse":"","libelle_bouton_lien":"","url_lien":"","questions":false,"conclusions":false,"pays":false,"region":false,"marque":false,"marqueConcessions":false,"modele":false,"ptvente":false,"typeV":false,"collection":false,"nombre_maximum_elements":10,"lien_fin_carousel":"","texte_lien_fin_carousel":"","trier_par":false},{"type_strate":"texte-simple","ancre":"Int\u00e9rieur ","contenu":"<h2><span style=\"color: #003366;\"><strong>A l\u2019int\u00e9rieur, l\u2019innovation s\u2019invite.<\/strong><\/span><\/h2>\n<p>Le digital Cockpit permet de visualiser le tableau de bord gr\u00e2ce \u00e0 un affichage avec un \u00e9cran haute r\u00e9solution de 8 pouces, vous permettant de rouler en toute s\u00e9curit\u00e9 !<\/p>\n<p>Sur le Nouveau Taigo, vous disposez des chargements faciles pour vos appareils gr\u00e2ce \u00e0 l\u2019interface USB-C, m\u00eame depuis la banquette arri\u00e8re sur la fa\u00e7ade arri\u00e8re de l\u2019accoudoir central. Les temp\u00e9ratures peuvent \u00eatre r\u00e9gl\u00e9es ind\u00e9pendamment c\u00f4t\u00e9 passager et c\u00f4t\u00e9 conducteur gr\u00e2ce \u00e0 la r\u00e9gulation bi-zone.<\/p>\n<p>De s\u00e9rie, le syst\u00e8me de climatisation se r\u00e8gle intuitivement par \u00e9crans tactiles. Votre habitacle s\u2019illumine ! De s\u00e9rie vous disposez de r\u00e9tro-\u00e9clairage blanc sur les portes avant.<\/p>\n","titre":"int\u00e9rieur","image":false,"image_libre":false,"image_800x500":{"ID":21523,"id":21523,"title":"Digital_cockpit","filename":"Digital_cockpit.jpg","filesize":1,"url":"https:\/\/cdn.bymycar.eu\/fr-webzine\/wp-content\/uploads\/medias\/Digital_cockpit.jpg","link":"https:\/\/www.bymycar.fr\/webzine\/nouveau-taigo-le-suv-coupe-signe-volkswagen\/digital_cockpit\/","alt":"","author":"18","description":"","caption":"","name":"digital_cockpit","status":"inherit","uploaded_to":21501,"date":"2021-11-23 17:05:18","modified":"2021-11-23 17:05:18","menu_order":0,"mime_type":"image\/jpeg","type":"image","subtype":"jpeg","icon":"https:\/\/www.bymycar.fr\/webzine\/wp-includes\/images\/media\/default.png","width":2560,"height":1601,"sizes":{"thumbnail":"https:\/\/cdn.bymycar.eu\/fr-webzine\/wp-content\/uploads\/medias\/Digital_cockpit-150x150.jpg","thumbnail-width":150,"thumbnail-height":150,"medium":"https:\/\/cdn.bymycar.eu\/fr-webzine\/wp-content\/uploads\/medias\/Digital_cockpit-300x188.jpg","medium-width":300,"medium-height":188,"medium_large":"https:\/\/cdn.bymycar.eu\/fr-webzine\/wp-content\/uploads\/medias\/Digital_cockpit-768x480.jpg","medium_large-width":768,"medium_large-height":480,"large":"https:\/\/cdn.bymycar.eu\/fr-webzine\/wp-content\/uploads\/medias\/Digital_cockpit-1024x640.jpg","large-width":1024,"large-height":640,"1536x1536":"https:\/\/cdn.bymycar.eu\/fr-webzine\/wp-content\/uploads\/medias\/Digital_cockpit-1536x961.jpg","1536x1536-width":1536,"1536x1536-height":961,"2048x2048":"https:\/\/cdn.bymycar.eu\/fr-webzine\/wp-content\/uploads\/medias\/Digital_cockpit-2048x1281.jpg","2048x2048-width":2048,"2048x2048-height":1281}},"legende":"","zoom":false,"texte":"<h2><span style=\"color: #003366\"><strong>A l\u2019int\u00e9rieur, l\u2019innovation s\u2019invite.<\/strong><\/span><\/h2>\n<p>Le digital Cockpit permet de visualiser le tableau de bord gr\u00e2ce \u00e0 un affichage avec un \u00e9cran haute r\u00e9solution de 8 pouces, vous permettant de rouler en toute s\u00e9curit\u00e9\u00a0!<\/p>\n","articles":false,"categorie_droite":false,"images":false,"elements_comparatif":false,"texte_1":"","texte_2":"","image_1":false,"image_1_563x400":false,"image_1_332x332":{"ID":21556,"id":21556,"title":"csm_TA0023-taigo-interior-climatronic_d938a9a749","filename":"csm_TA0023-taigo-interior-climatronic_d938a9a749.jpg","filesize":1,"url":"https:\/\/cdn.bymycar.eu\/fr-webzine\/wp-content\/uploads\/medias\/csm_TA0023-taigo-interior-climatronic_d938a9a749.jpg","link":"https:\/\/www.bymycar.fr\/webzine\/nouveau-taigo-le-suv-coupe-signe-volkswagen\/csm_ta0023-taigo-interior-climatronic_d938a9a749\/","alt":"","author":"18","description":"","caption":"","name":"csm_ta0023-taigo-interior-climatronic_d938a9a749","status":"inherit","uploaded_to":21501,"date":"2021-11-24 08:51:22","modified":"2021-11-24 08:51:22","menu_order":0,"mime_type":"image\/jpeg","type":"image","subtype":"jpeg","icon":"https:\/\/www.bymycar.fr\/webzine\/wp-includes\/images\/media\/default.png","width":1120,"height":840,"sizes":{"thumbnail":"https:\/\/cdn.bymycar.eu\/fr-webzine\/wp-content\/uploads\/medias\/csm_TA0023-taigo-interior-climatronic_d938a9a749-150x150.jpg","thumbnail-width":150,"thumbnail-height":150,"medium":"https:\/\/cdn.bymycar.eu\/fr-webzine\/wp-content\/uploads\/medias\/csm_TA0023-taigo-interior-climatronic_d938a9a749-300x225.jpg","medium-width":300,"medium-height":225,"medium_large":"https:\/\/cdn.bymycar.eu\/fr-webzine\/wp-content\/uploads\/medias\/csm_TA0023-taigo-interior-climatronic_d938a9a749-768x576.jpg","medium_large-width":768,"medium_large-height":576,"large":"https:\/\/cdn.bymycar.eu\/fr-webzine\/wp-content\/uploads\/medias\/csm_TA0023-taigo-interior-climatronic_d938a9a749-1024x768.jpg","large-width":1024,"large-height":768,"1536x1536":"https:\/\/cdn.bymycar.eu\/fr-webzine\/wp-content\/uploads\/medias\/csm_TA0023-taigo-interior-climatronic_d938a9a749.jpg","1536x1536-width":1120,"1536x1536-height":840,"2048x2048":"https:\/\/cdn.bymycar.eu\/fr-webzine\/wp-content\/uploads\/medias\/csm_TA0023-taigo-interior-climatronic_d938a9a749.jpg","2048x2048-width":1120,"2048x2048-height":840}},"image_2":false,"image_2_333x240":false,"image_2_563x400":{"ID":21554,"id":21554,"title":"TA0006-taigo-interior-cockpit","filename":"TA0006-taigo-interior-cockpit.jpg","filesize":1,"url":"https:\/\/cdn.bymycar.eu\/fr-webzine\/wp-content\/uploads\/medias\/TA0006-taigo-interior-cockpit.jpg","link":"https:\/\/www.bymycar.fr\/webzine\/nouveau-taigo-le-suv-coupe-signe-volkswagen\/ta0006-taigo-interior-cockpit\/","alt":"","author":"18","description":"","caption":"","name":"ta0006-taigo-interior-cockpit","status":"inherit","uploaded_to":21501,"date":"2021-11-24 08:45:25","modified":"2021-11-24 08:45:25","menu_order":0,"mime_type":"image\/jpeg","type":"image","subtype":"jpeg","icon":"https:\/\/www.bymycar.fr\/webzine\/wp-includes\/images\/media\/default.png","width":1536,"height":1152,"sizes":{"thumbnail":"https:\/\/cdn.bymycar.eu\/fr-webzine\/wp-content\/uploads\/medias\/TA0006-taigo-interior-cockpit-150x150.jpg","thumbnail-width":150,"thumbnail-height":150,"medium":"https:\/\/cdn.bymycar.eu\/fr-webzine\/wp-content\/uploads\/medias\/TA0006-taigo-interior-cockpit-300x225.jpg","medium-width":300,"medium-height":225,"medium_large":"https:\/\/cdn.bymycar.eu\/fr-webzine\/wp-content\/uploads\/medias\/TA0006-taigo-interior-cockpit-768x576.jpg","medium_large-width":768,"medium_large-height":576,"large":"https:\/\/cdn.bymycar.eu\/fr-webzine\/wp-content\/uploads\/medias\/TA0006-taigo-interior-cockpit-1024x768.jpg","large-width":1024,"large-height":768,"1536x1536":"https:\/\/cdn.bymycar.eu\/fr-webzine\/wp-content\/uploads\/medias\/TA0006-taigo-interior-cockpit.jpg","1536x1536-width":1536,"1536x1536-height":1152,"2048x2048":"https:\/\/cdn.bymycar.eu\/fr-webzine\/wp-content\/uploads\/medias\/TA0006-taigo-interior-cockpit.jpg","2048x2048-width":1536,"2048x2048-height":1152}},"image_3":false,"image_3_333x240":false,"image_3_332x450":{"ID":21596,"id":21596,"title":"TA0020-taigo-interior-ambient-lighting","filename":"TA0020-taigo-interior-ambient-lighting.jpg","filesize":1,"url":"https:\/\/cdn.bymycar.eu\/fr-webzine\/wp-content\/uploads\/medias\/TA0020-taigo-interior-ambient-lighting.jpg","link":"https:\/\/www.bymycar.fr\/webzine\/nouveau-taigo-le-suv-coupe-signe-volkswagen\/ta0020-taigo-interior-ambient-lighting\/","alt":"","author":"18","description":"","caption":"","name":"ta0020-taigo-interior-ambient-lighting","status":"inherit","uploaded_to":21501,"date":"2021-11-24 09:26:30","modified":"2021-11-24 09:26:30","menu_order":0,"mime_type":"image\/jpeg","type":"image","subtype":"jpeg","icon":"https:\/\/www.bymycar.fr\/webzine\/wp-includes\/images\/media\/default.png","width":1536,"height":1152,"sizes":{"thumbnail":"https:\/\/cdn.bymycar.eu\/fr-webzine\/wp-content\/uploads\/medias\/TA0020-taigo-interior-ambient-lighting-150x150.jpg","thumbnail-width":150,"thumbnail-height":150,"medium":"https:\/\/cdn.bymycar.eu\/fr-webzine\/wp-content\/uploads\/medias\/TA0020-taigo-interior-ambient-lighting-300x225.jpg","medium-width":300,"medium-height":225,"medium_large":"https:\/\/cdn.bymycar.eu\/fr-webzine\/wp-content\/uploads\/medias\/TA0020-taigo-interior-ambient-lighting-768x576.jpg","medium_large-width":768,"medium_large-height":576,"large":"https:\/\/cdn.bymycar.eu\/fr-webzine\/wp-content\/uploads\/medias\/TA0020-taigo-interior-ambient-lighting-1024x768.jpg","large-width":1024,"large-height":768,"1536x1536":"https:\/\/cdn.bymycar.eu\/fr-webzine\/wp-content\/uploads\/medias\/TA0020-taigo-interior-ambient-lighting.jpg","1536x1536-width":1536,"1536x1536-height":1152,"2048x2048":"https:\/\/cdn.bymycar.eu\/fr-webzine\/wp-content\/uploads\/medias\/TA0020-taigo-interior-ambient-lighting.jpg","2048x2048-width":1536,"2048x2048-height":1152}},"image_4":false,"image_4_332x332":false,"image_4_563x400":false,"code_embed":"","legende_video":"","photo":false,"photo_100x100":false,"nom":"","fonction":"","elements_timeline":false,"entetes_colonnes":false,"entetes_lignes":false,"lignes":false,"introduction":"","formulaire":false,"question":"","reponse":"","libelle_bouton_lien":"","url_lien":"","questions":false,"conclusions":false,"pays":false,"region":false,"marque":false,"marqueConcessions":false,"modele":false,"ptvente":false,"typeV":false,"collection":false,"nombre_maximum_elements":10,"lien_fin_carousel":"","texte_lien_fin_carousel":"","trier_par":false},{"type_strate":"mosaique-3","ancre":"","contenu":"<h2><span style=\"color: #003366\">De s\u00e9rie le nouveau Taigo est \u00e9quip\u00e9 du :<\/span><\/h2>\n<ul>\n<li>Travel Assist\u00a0: assistant de conduite semi-autonome<\/li>\n<li>Front Assist\u00a0: freinage d\u2019urgence en ville et d\u00e9tection des pi\u00e9tons<\/li>\n<li>Lane Assit\u00a0: Assistant de maintien dans la voie<\/li>\n<li>Volant capacitif multifonction en cuir<\/li>\n<li>App-Connect sans fil<\/li>\n<li>Rampes de pavillons noires<\/li>\n<li>Digital Cockpit<\/li>\n<li>Projecteurs LED<\/li>\n<\/ul>\n<p>&nbsp;<\/p>\n<p><span style=\"font-size: 12pt\">Vous souhaitez plus d&rsquo;informations sur ce mod\u00e8le ou prendre un rendez-vous ? Merci de remplir le formulaire ci-dessous :<\/span><\/p>\n","titre":"","image":false,"image_libre":false,"image_800x500":false,"legende":"","zoom":false,"texte":"","articles":false,"categorie_droite":false,"images":false,"elements_comparatif":false,"texte_1":"","texte_2":"","image_1":false,"image_1_563x400":false,"image_1_332x332":{"ID":21556,"id":21556,"title":"csm_TA0023-taigo-interior-climatronic_d938a9a749","filename":"csm_TA0023-taigo-interior-climatronic_d938a9a749.jpg","filesize":1,"url":"https:\/\/cdn.bymycar.eu\/fr-webzine\/wp-content\/uploads\/medias\/csm_TA0023-taigo-interior-climatronic_d938a9a749.jpg","link":"https:\/\/www.bymycar.fr\/webzine\/nouveau-taigo-le-suv-coupe-signe-volkswagen\/csm_ta0023-taigo-interior-climatronic_d938a9a749\/","alt":"","author":"18","description":"","caption":"","name":"csm_ta0023-taigo-interior-climatronic_d938a9a749","status":"inherit","uploaded_to":21501,"date":"2021-11-24 08:51:22","modified":"2021-11-24 08:51:22","menu_order":0,"mime_type":"image\/jpeg","type":"image","subtype":"jpeg","icon":"https:\/\/www.bymycar.fr\/webzine\/wp-includes\/images\/media\/default.png","width":1120,"height":840,"sizes":{"thumbnail":"https:\/\/cdn.bymycar.eu\/fr-webzine\/wp-content\/uploads\/medias\/csm_TA0023-taigo-interior-climatronic_d938a9a749-150x150.jpg","thumbnail-width":150,"thumbnail-height":150,"medium":"https:\/\/cdn.bymycar.eu\/fr-webzine\/wp-content\/uploads\/medias\/csm_TA0023-taigo-interior-climatronic_d938a9a749-300x225.jpg","medium-width":300,"medium-height":225,"medium_large":"https:\/\/cdn.bymycar.eu\/fr-webzine\/wp-content\/uploads\/medias\/csm_TA0023-taigo-interior-climatronic_d938a9a749-768x576.jpg","medium_large-width":768,"medium_large-height":576,"large":"https:\/\/cdn.bymycar.eu\/fr-webzine\/wp-content\/uploads\/medias\/csm_TA0023-taigo-interior-climatronic_d938a9a749-1024x768.jpg","large-width":1024,"large-height":768,"1536x1536":"https:\/\/cdn.bymycar.eu\/fr-webzine\/wp-content\/uploads\/medias\/csm_TA0023-taigo-interior-climatronic_d938a9a749.jpg","1536x1536-width":1120,"1536x1536-height":840,"2048x2048":"https:\/\/cdn.bymycar.eu\/fr-webzine\/wp-content\/uploads\/medias\/csm_TA0023-taigo-interior-climatronic_d938a9a749.jpg","2048x2048-width":1120,"2048x2048-height":840}},"image_2":false,"image_2_333x240":false,"image_2_563x400":{"ID":21554,"id":21554,"title":"TA0006-taigo-interior-cockpit","filename":"TA0006-taigo-interior-cockpit.jpg","filesize":1,"url":"https:\/\/cdn.bymycar.eu\/fr-webzine\/wp-content\/uploads\/medias\/TA0006-taigo-interior-cockpit.jpg","link":"https:\/\/www.bymycar.fr\/webzine\/nouveau-taigo-le-suv-coupe-signe-volkswagen\/ta0006-taigo-interior-cockpit\/","alt":"","author":"18","description":"","caption":"","name":"ta0006-taigo-interior-cockpit","status":"inherit","uploaded_to":21501,"date":"2021-11-24 08:45:25","modified":"2021-11-24 08:45:25","menu_order":0,"mime_type":"image\/jpeg","type":"image","subtype":"jpeg","icon":"https:\/\/www.bymycar.fr\/webzine\/wp-includes\/images\/media\/default.png","width":1536,"height":1152,"sizes":{"thumbnail":"https:\/\/cdn.bymycar.eu\/fr-webzine\/wp-content\/uploads\/medias\/TA0006-taigo-interior-cockpit-150x150.jpg","thumbnail-width":150,"thumbnail-height":150,"medium":"https:\/\/cdn.bymycar.eu\/fr-webzine\/wp-content\/uploads\/medias\/TA0006-taigo-interior-cockpit-300x225.jpg","medium-width":300,"medium-height":225,"medium_large":"https:\/\/cdn.bymycar.eu\/fr-webzine\/wp-content\/uploads\/medias\/TA0006-taigo-interior-cockpit-768x576.jpg","medium_large-width":768,"medium_large-height":576,"large":"https:\/\/cdn.bymycar.eu\/fr-webzine\/wp-content\/uploads\/medias\/TA0006-taigo-interior-cockpit-1024x768.jpg","large-width":1024,"large-height":768,"1536x1536":"https:\/\/cdn.bymycar.eu\/fr-webzine\/wp-content\/uploads\/medias\/TA0006-taigo-interior-cockpit.jpg","1536x1536-width":1536,"1536x1536-height":1152,"2048x2048":"https:\/\/cdn.bymycar.eu\/fr-webzine\/wp-content\/uploads\/medias\/TA0006-taigo-interior-cockpit.jpg","2048x2048-width":1536,"2048x2048-height":1152}},"image_3":false,"image_3_333x240":false,"image_3_332x450":{"ID":21596,"id":21596,"title":"TA0020-taigo-interior-ambient-lighting","filename":"TA0020-taigo-interior-ambient-lighting.jpg","filesize":1,"url":"https:\/\/cdn.bymycar.eu\/fr-webzine\/wp-content\/uploads\/medias\/TA0020-taigo-interior-ambient-lighting.jpg","link":"https:\/\/www.bymycar.fr\/webzine\/nouveau-taigo-le-suv-coupe-signe-volkswagen\/ta0020-taigo-interior-ambient-lighting\/","alt":"","author":"18","description":"","caption":"","name":"ta0020-taigo-interior-ambient-lighting","status":"inherit","uploaded_to":21501,"date":"2021-11-24 09:26:30","modified":"2021-11-24 09:26:30","menu_order":0,"mime_type":"image\/jpeg","type":"image","subtype":"jpeg","icon":"https:\/\/www.bymycar.fr\/webzine\/wp-includes\/images\/media\/default.png","width":1536,"height":1152,"sizes":{"thumbnail":"https:\/\/cdn.bymycar.eu\/fr-webzine\/wp-content\/uploads\/medias\/TA0020-taigo-interior-ambient-lighting-150x150.jpg","thumbnail-width":150,"thumbnail-height":150,"medium":"https:\/\/cdn.bymycar.eu\/fr-webzine\/wp-content\/uploads\/medias\/TA0020-taigo-interior-ambient-lighting-300x225.jpg","medium-width":300,"medium-height":225,"medium_large":"https:\/\/cdn.bymycar.eu\/fr-webzine\/wp-content\/uploads\/medias\/TA0020-taigo-interior-ambient-lighting-768x576.jpg","medium_large-width":768,"medium_large-height":576,"large":"https:\/\/cdn.bymycar.eu\/fr-webzine\/wp-content\/uploads\/medias\/TA0020-taigo-interior-ambient-lighting-1024x768.jpg","large-width":1024,"large-height":768,"1536x1536":"https:\/\/cdn.bymycar.eu\/fr-webzine\/wp-content\/uploads\/medias\/TA0020-taigo-interior-ambient-lighting.jpg","1536x1536-width":1536,"1536x1536-height":1152,"2048x2048":"https:\/\/cdn.bymycar.eu\/fr-webzine\/wp-content\/uploads\/medias\/TA0020-taigo-interior-ambient-lighting.jpg","2048x2048-width":1536,"2048x2048-height":1152}},"image_4":false,"image_4_332x332":false,"image_4_563x400":false,"code_embed":"","legende_video":"","photo":false,"photo_100x100":false,"nom":"","fonction":"","elements_timeline":false,"entetes_colonnes":false,"entetes_lignes":false,"lignes":false,"introduction":"","formulaire":false,"question":"","reponse":"","libelle_bouton_lien":"","url_lien":"","questions":false,"conclusions":false,"pays":false,"region":false,"marque":false,"marqueConcessions":false,"modele":false,"ptvente":false,"typeV":false,"collection":false,"nombre_maximum_elements":10,"lien_fin_carousel":"","texte_lien_fin_carousel":"","trier_par":false},{"type_strate":"texte-simple","ancre":"Equipements de s\u00e9rie ","contenu":"<h2><span style=\"color: #003366;\">De s\u00e9rie le nouveau Taigo est \u00e9quip\u00e9 du :<\/span><\/h2>\n<ul>\n<li>Travel Assist\u00a0: assistant de conduite semi-autonome<\/li>\n<li>Front Assist\u00a0: freinage d\u2019urgence en ville et d\u00e9tection des pi\u00e9tons<\/li>\n<li>Lane Assit\u00a0: Assistant de maintien dans la voie<\/li>\n<li>Volant capacitif multifonction en cuir<\/li>\n<li>App-Connect sans fil<\/li>\n<li>Rampes de pavillons noires<\/li>\n<li>Digital Cockpit<\/li>\n<li>Projecteurs LED<\/li>\n<\/ul>\n","titre":"\u00e9quipement","image":false,"image_libre":false,"image_800x500":false,"legende":"","zoom":false,"texte":"<h2><span style=\"color: #003366\">OFFRE DU MOMENT\u00a0<\/span><\/h2>\n<p style=\"text-align: center\"><span style=\"color: #000000\">Le Nouveau Taigo Life 1,0 TSI 95ch BVM5 est disponible dans vos concessions Volkswagen BYmyCAR<br \/>\n<\/span><span style=\"color: #000000\"> avec un loyer de 219\u20ac\/mois, apport de 4 000\u20ac + reprise de 1 000\u20ac + 15 000km\/an*.\u00a0<\/span><\/p>\n","articles":false,"categorie_droite":false,"images":false,"elements_comparatif":false,"texte_1":"","texte_2":"","image_1":false,"image_1_563x400":false,"image_1_332x332":false,"image_2":false,"image_2_333x240":false,"image_2_563x400":false,"image_3":false,"image_3_333x240":false,"image_3_332x450":false,"image_4":false,"image_4_332x332":false,"image_4_563x400":false,"code_embed":"","legende_video":"","photo":false,"photo_100x100":false,"nom":"","fonction":"","elements_timeline":false,"entetes_colonnes":false,"entetes_lignes":false,"lignes":false,"introduction":"","formulaire":false,"question":"","reponse":"","libelle_bouton_lien":"","url_lien":"","questions":false,"conclusions":false,"pays":false,"region":false,"marque":false,"marqueConcessions":false,"modele":false,"ptvente":false,"typeV":false,"collection":false,"nombre_maximum_elements":10,"lien_fin_carousel":"","texte_lien_fin_carousel":"","trier_par":false},{"type_strate":"texte-simple","ancre":"Contact ","contenu":"<p><span style=\"font-size: 12pt;\">Vous souhaitez plus d&rsquo;informations sur ce mod\u00e8le ou prendre un rendez-vous avec un conseiller commercial Volkswagen BYmyCAR ? Merci de remplir le formulaire ci-dessous :<\/span><\/p>\n\n<div class=\"wpcf7 no-js\" id=\"wpcf7-f21697-o1\" lang=\"fr-FR\" dir=\"ltr\" data-wpcf7-id=\"21697\">\n<div class=\"screen-reader-response\"><p role=\"status\" aria-live=\"polite\" aria-atomic=\"true\"><\/p> <ul><\/ul><\/div>\n<form action=\"\/webzine\/wp-json\/wp\/v2\/posts\/21501#wpcf7-f21697-o1\" method=\"post\" class=\"wpcf7-form init\" aria-label=\"Formulaire de contact\" novalidate=\"novalidate\" data-status=\"init\">\n<fieldset class=\"hidden-fields-container\"><input type=\"hidden\" name=\"_wpcf7\" value=\"21697\" \/><input type=\"hidden\" name=\"_wpcf7_version\" value=\"6.1.3\" \/><input type=\"hidden\" name=\"_wpcf7_locale\" value=\"fr_FR\" \/><input type=\"hidden\" name=\"_wpcf7_unit_tag\" value=\"wpcf7-f21697-o1\" \/><input type=\"hidden\" name=\"_wpcf7_container_post\" value=\"0\" \/><input type=\"hidden\" name=\"_wpcf7_posted_data_hash\" value=\"\" \/><input type=\"hidden\" name=\"_wpcf7_recaptcha_response\" value=\"\" \/>\n<\/fieldset>\n<div class=\"flex flex-row flex-wrap -mx-4\"><div class=\"w-1\/2 flex flex-col gap-4 align-top px-4\">\n\n<label> Nom* <\/label>\n<span class=\"wpcf7-form-control-wrap\" data-name=\"Nom\"><input size=\"40\" maxlength=\"400\" class=\"wpcf7-form-control wpcf7-text wpcf7-validates-as-required\" aria-required=\"true\" aria-invalid=\"false\" value=\"\" type=\"text\" name=\"Nom\" \/><\/span>\n\n<label> Pr\u00e9nom* <\/label>\n<span class=\"wpcf7-form-control-wrap\" data-name=\"prenom\"><input size=\"40\" maxlength=\"400\" class=\"wpcf7-form-control wpcf7-text wpcf7-validates-as-required\" aria-required=\"true\" aria-invalid=\"false\" value=\"\" type=\"text\" name=\"prenom\" \/><\/span>\n\n<label> Email* <\/label>\n<span class=\"wpcf7-form-control-wrap\" data-name=\"email\"><input size=\"40\" maxlength=\"400\" class=\"wpcf7-form-control wpcf7-email wpcf7-validates-as-required wpcf7-text wpcf7-validates-as-email\" aria-required=\"true\" aria-invalid=\"false\" value=\"\" type=\"email\" name=\"email\" \/><\/span>\n\n<label> T\u00e9l\u00e9phone* <\/label>\n<span class=\"wpcf7-form-control-wrap\" data-name=\"telephone\"><input size=\"40\" maxlength=\"400\" class=\"wpcf7-form-control wpcf7-tel wpcf7-validates-as-required wpcf7-text wpcf7-validates-as-tel\" aria-required=\"true\" aria-invalid=\"false\" value=\"\" type=\"tel\" name=\"telephone\" \/><\/span>\n\n<\/div>\n\n<div class=\"w-1\/2 flex flex-col gap-4 align-top px-4\">\n\n<label> Choix de la concession* <\/label>\n<span class=\"wpcf7-form-control-wrap\" data-name=\"concession\"><select class=\"wpcf7-form-control wpcf7-select wpcf7-validates-as-required\" aria-required=\"true\" aria-invalid=\"false\" name=\"concession\"><option value=\"VOLKSWAGEN BYmyCAR Bourgoin\">VOLKSWAGEN BYmyCAR Bourgoin<\/option><option value=\"VOLKSWAGEN BYmyCAR Lyon\">VOLKSWAGEN BYmyCAR Lyon<\/option><option value=\"VOLKSWAGEN BYmyCAR Lyon Est\">VOLKSWAGEN BYmyCAR Lyon Est<\/option><option value=\"VOLKSWAGEN BYmyCAR Lyon Rillieux la Pape\">VOLKSWAGEN BYmyCAR Lyon Rillieux la Pape<\/option><option value=\"VOLKSWAGEN BYmyCAR Lyon Vaise\">VOLKSWAGEN BYmyCAR Lyon Vaise<\/option><option value=\"VOLKSWAGEN BYmyCAR Orl\u00e9ans Nord\">VOLKSWAGEN BYmyCAR Orl\u00e9ans Nord<\/option><option value=\"VOLKSWAGEN BYmyCAR Orl\u00e9ans Sud\">VOLKSWAGEN BYmyCAR Orl\u00e9ans Sud<\/option><option value=\"VOLKSWAGEN BYmyCAR Roanne\">VOLKSWAGEN BYmyCAR Roanne<\/option><option value=\"VOLKSWAGEN BYmyCAR Saint-Etienne Nord\">VOLKSWAGEN BYmyCAR Saint-Etienne Nord<\/option><option value=\"VOLKSWAGEN BYmyCAR Vienne\">VOLKSWAGEN BYmyCAR Vienne<\/option><option value=\"VOLKSWAGEN BYmyCAR Villefranche-sur-Sa\u00f4ne\">VOLKSWAGEN BYmyCAR Villefranche-sur-Sa\u00f4ne<\/option><\/select><\/span>\n\n<label> Votre message <\/label>\n<span class=\"wpcf7-form-control-wrap\" data-name=\"Commentaireclient\"><textarea cols=\"40\" rows=\"9\" maxlength=\"2000\" class=\"wpcf7-form-control wpcf7-textarea\" aria-invalid=\"false\" name=\"Commentaireclient\"><\/textarea><\/span>\n\n<\/div>\n\n<span class=\"wpcf7-form-control-wrap\" data-name=\"optinemail\"><span class=\"wpcf7-form-control wpcf7-checkbox\"><span class=\"wpcf7-list-item first last\"><input type=\"checkbox\" name=\"optinemail[]\" value=\"J&#039;accepte de recevoir la lettre d&#039;information li\u00e9e au Groupe BYmyCAR\" \/><span class=\"wpcf7-list-item-label\">J&#039;accepte de recevoir la lettre d&#039;information li\u00e9e au Groupe BYmyCAR<\/span><\/span><\/span><\/span>\n\n<span class=\"wpcf7-form-control-wrap\" data-name=\"optinsms\"><span class=\"wpcf7-form-control wpcf7-checkbox\"><span class=\"wpcf7-list-item first last\"><input type=\"checkbox\" name=\"optinsms[]\" value=\"J&#039;accepte de recevoir des informations li\u00e9es au Groupe BYmyCAR par sms\" \/><span class=\"wpcf7-list-item-label\">J&#039;accepte de recevoir des informations li\u00e9es au Groupe BYmyCAR par sms<\/span><\/span><\/span><\/span>\n\n<span class=\"wpcf7-form-control-wrap\" data-name=\"optinappel\"><span class=\"wpcf7-form-control wpcf7-checkbox\"><span class=\"wpcf7-list-item first last\"><input type=\"checkbox\" name=\"optinappel[]\" value=\"J&#039;accepte de recevoir des informations li\u00e9es au Groupe BYmyCAR par appel\" \/><span class=\"wpcf7-list-item-label\">J&#039;accepte de recevoir des informations li\u00e9es au Groupe BYmyCAR par appel<\/span><\/span><\/span><\/span>\n\n<div class=\"w-full flex flex-col items-center gap-y-2 text-center mt-4\"><input class=\"wpcf7-form-control wpcf7-submit has-spinner\" type=\"submit\" value=\"Envoyer\" \/><\/div><\/div><div class=\"wpcf7-response-output\" aria-hidden=\"true\"><\/div>\n<\/form>\n<\/div>\n\n<p>&nbsp;<\/p>\n<div>\n<div class=\"reply-list-component\">\n<div class=\"reply-component\">\n<div class=\"reply-body-component\">\n<div class=\"reply_body body linkify\">\n<div class=\"reply-body-wrapper\">\n<div class=\"reply-body-inner\">\n<div class=\"body_text redactor-styles redactor-in\">\n<p><span style=\"font-size: 8pt;\">(1) Nouveau Taigo 1.0 TSI 95ch BVM5 5 places neuf en Location Longue Dur\u00e9e pour 30 000 km maximum. Location Longue Dur\u00e9e sur 37 mois. 1er loyer de 4 000\u20ac, ramen\u00e9 \u00e0 2 500\u20ac apr\u00e8s d\u00e9duction de la prime \u00e0 la conversion gouvernementale de 1 500\u20ac (conditions sur service-public.fr), suivi de 36 loyers de 179\u20ac. D\u00e9duction faite de l\u2019offre d\u2019aide \u00e0 la reprise Volkswagen allant jusqu\u2019\u00e0 1 750\u20ac en plus de la valeur estim\u00e9e de votre v\u00e9hicule. Offre r\u00e9serv\u00e9e aux particuliers, non cumulable avec toute autre offre en cours, valable pour toute commande entre le 01\/01\/2022 et le 31\/01\/2022 et immatriculation avant le 30\/06\/2022. (2) Le forfait flexibilit\u00e9 est une offre location sans engagement sur 37 mois. Possibilit\u00e9 de r\u00e9silier \u00e0 tout moment, changer de v\u00e9hicule sous r\u00e9serve d\u2019acceptation du nouveau dossier par Volkswagen Bank. Tout Loyer commenc\u00e9 est d\u00fb. Offre r\u00e9serv\u00e9e aux particuliers entre le 01\/01\/2022 et le 31\/01\/2022 et immatriculation avant le 30\/06\/2022. Voir conditions en concessions.<\/span><\/p>\n<\/div>\n<\/div>\n<\/div>\n<\/div>\n<\/div>\n<\/div>\n<\/div>\n<\/div>\n<p><span style=\"font-size: 8pt;\">Vos donn\u00e9es \u00e0 caract\u00e8re personnel font l\u2019objet d\u2019un traitement de donn\u00e9es \u00e0 caract\u00e8re personnel mis en oeuvre par la soci\u00e9t\u00e9 BYmyCAR aux fins de gestion de la relation clients et prospects. Vos donn\u00e9es sont r\u00e9serv\u00e9es \u00e0 l\u2019usage des services internes de la soci\u00e9t\u00e9 BYmyCAR ainsi qu\u2019aux prestataires habilit\u00e9s \u00e0 traiter vos donn\u00e9es. Conform\u00e9ment \u00e0 la r\u00e9glementation fran\u00e7aise et europ\u00e9enne relative \u00e0 la protection des donn\u00e9es \u00e0 caract\u00e8re personnel, vous pouvez \u00e0 tout moment exercer vos droits d\u2019acc\u00e8s, de rectification et de suppression des donn\u00e9es \u00e0 caract\u00e8re personnel vous concernant ainsi que vous opposer au traitement desdites donn\u00e9es. Vous disposez \u00e9galement du droit de d\u00e9finir des directives g\u00e9n\u00e9rales ou particuli\u00e8res relatives au sort de vos donn\u00e9es \u00e0 caract\u00e8re personnel apr\u00e8s votre d\u00e9c\u00e8s. Seules les directives particuli\u00e8res relatives au traitement de donn\u00e9es \u00e0 caract\u00e8re personnel mis en oeuvre par BYmyCAR seront enregistr\u00e9es par BYmyCAR. Vous pouvez exercer vos droits en adressant votre demande, accompagn\u00e9e d\u2019un justificatif de votre identit\u00e9, par voie postale \u00e0 BYmyCAR, 278 Bd. St. Germain, 75007 Paris ou e-mail \u00e0 <a href=\"mailto:contact-web@bymycar.fr\">contact-web@bymycar.fr<\/a>. Nous vous informons que vous disposez en outre d\u2019un droit d\u2019inscription sur la liste d\u2019opposition au d\u00e9marchage t\u00e9l\u00e9phonique que vous pouvez exercer aupr\u00e8s de la SAS OPPOSETEL, 92-98 boulevard Victor Hugo \u2013 92110 CLICHY (<a href=\"http:\/\/www.bloctel.gouv.fr\/\">http:\/\/www.bloctel.gouv.fr\/<\/a>).<\/span><\/p>\n","titre":"formulaire","image":false,"image_libre":false,"image_800x500":false,"legende":"","zoom":false,"texte":"<h2><span style=\"color: #003366\">OFFRE DE LANCEMENT\u00a0<\/span><\/h2>\n<p><span style=\"color: #000000\">Le Nouveau Taigo Life 1,0 TSI 95ch BVM5 est disponible dans l&rsquo;ensemble de vos concessions Volkswagen BYmyCAR, avec un loyer de 219\u20ac\/mois, Apport de 4 000\u20ac + offre de reprise de 1 000\u20ac + 15 000km\/an*.\u00a0<\/span><\/p>\n","articles":false,"categorie_droite":false,"images":false,"elements_comparatif":false,"texte_1":"","texte_2":"","image_1":false,"image_1_563x400":false,"image_1_332x332":false,"image_2":false,"image_2_333x240":false,"image_2_563x400":false,"image_3":false,"image_3_333x240":false,"image_3_332x450":false,"image_4":false,"image_4_332x332":false,"image_4_563x400":false,"code_embed":"","legende_video":"","photo":false,"photo_100x100":false,"nom":"","fonction":"","elements_timeline":false,"entetes_colonnes":false,"entetes_lignes":false,"lignes":false,"introduction":"","formulaire":false,"question":"","reponse":"","libelle_bouton_lien":"","url_lien":"","questions":false,"conclusions":false,"pays":false,"region":false,"marque":false,"marqueConcessions":false,"modele":false,"ptvente":false,"typeV":false,"collection":false,"nombre_maximum_elements":10,"lien_fin_carousel":"","texte_lien_fin_carousel":"","trier_par":false}],"is_old_post":false,"image":{"ID":21543,"id":21543,"title":"vw-taigo","filename":"vw-taigo.jpg","filesize":1,"url":"https:\/\/cdn.bymycar.eu\/fr-webzine\/wp-content\/uploads\/medias\/vw-taigo.jpg","link":"https:\/\/www.bymycar.fr\/webzine\/nouveau-taigo-le-suv-coupe-signe-volkswagen\/vw-taigo\/","alt":"","author":"18","description":"","caption":"","name":"vw-taigo","status":"inherit","uploaded_to":21501,"date":"2021-11-24 08:34:44","modified":"2021-11-24 08:34:44","menu_order":0,"mime_type":"image\/jpeg","type":"image","subtype":"jpeg","icon":"https:\/\/www.bymycar.fr\/webzine\/wp-includes\/images\/media\/default.png","width":940,"height":626,"sizes":{"thumbnail":"https:\/\/cdn.bymycar.eu\/fr-webzine\/wp-content\/uploads\/medias\/vw-taigo-150x150.jpg","thumbnail-width":150,"thumbnail-height":150,"medium":"https:\/\/cdn.bymycar.eu\/fr-webzine\/wp-content\/uploads\/medias\/vw-taigo-300x200.jpg","medium-width":300,"medium-height":200,"medium_large":"https:\/\/cdn.bymycar.eu\/fr-webzine\/wp-content\/uploads\/medias\/vw-taigo-768x511.jpg","medium_large-width":768,"medium_large-height":511,"large":"https:\/\/cdn.bymycar.eu\/fr-webzine\/wp-content\/uploads\/medias\/vw-taigo.jpg","large-width":940,"large-height":626,"1536x1536":"https:\/\/cdn.bymycar.eu\/fr-webzine\/wp-content\/uploads\/medias\/vw-taigo.jpg","1536x1536-width":940,"1536x1536-height":626,"2048x2048":"https:\/\/cdn.bymycar.eu\/fr-webzine\/wp-content\/uploads\/medias\/vw-taigo.jpg","2048x2048-width":940,"2048x2048-height":626}},"page_content":{"block_content":[{"acf_fc_layout":"citation","--nav":{"-withNav":true,"-ancre":"Offre Taigo "},"--group":{"-citation":"Offre Nouveau Taigo Life 1,0 TSI 95ch BVM5<br \/>\nDisponible dans vos concessions Volkswagen BYmyCAR.<br \/>\nNouveau Taigo \u00e0 partir de 179\u20ac\/mois(1)<br \/>\nEN CE MOMENT ! Profitez du Forfait Flexibilit\u00e9 \u00e0 partir de 10\u20ac de plus par mois(2) :<br \/>\n<br \/>\n<br \/>\n<br \/>\n<br \/>\n<br \/>\n<br \/>\n<br \/>\n<br \/>\n<br \/>\n<br \/>\n<br \/>\n<br \/>\n<br \/>\nLocation sans engagement<br \/>\nR\u00e9siliable \u00e0 tout moment<br \/>\nChangement de v\u00e9hicule sans frais<br \/>\n<br \/>\n<br \/>\n<br \/>\n<br \/>\n<br \/>\n<br \/>\n<br \/>\n<br \/>\n<br \/>\n<br \/>\n<br \/>\n<br \/>\n<br \/>\n<br \/>\n","-image":false,"-nom":"","-function":""}},{"acf_fc_layout":"text-simple","--nav":{"-withNav":true,"-ancre":"Ext\u00e9rieur "},"--group":{"-text":"<h2><span style=\"color: #003366;\"><strong>Une ligne ext\u00e9rieure irr\u00e9sistiblement sportif<\/strong><\/span><\/h2>\n<p>Une allure sportive et contemporaine de face le Nouveau Taigo reprend la m\u00eame signature lumineuse de la marque avec un bandeau qui relie les projecteurs Matrix LED au niveau du logo. Le hayon arri\u00e8re porte un bandeau noir illumin\u00e9 ou vient se rejoindre les feux arri\u00e8re. Votre Nouveau Taigo, vous en met plein les yeux avec ses d\u00e9tails lumineux. D\u00e8s la finition Life, le Nouveau Taigo projette un motif lumineux au sol \u00e0 l\u2019ouverture et \u00e0 la fermeture du v\u00e9hicule.<\/p>\n<p>Les arches de roues et les bas de caisses contrast\u00e9s affirment le caract\u00e8re de ce SUV. Ces \u00e9l\u00e9ments stylistiques propres au Tiago confirment son identit\u00e9 singuli\u00e8re particuli\u00e8rement dynamique.<\/p>\n"}},{"acf_fc_layout":"images-mosaique-x3","--nav":{"-withNav":false,"-ancre":""},"--group":{"-title":"","-images":[{"ID":21542,"id":21542,"title":"TA0011-taigo-exterior-red-front-woman-leans-against-car","filename":"TA0011-taigo-exterior-red-front-woman-leans-against-car.jpg","filesize":1,"url":"https:\/\/cdn.bymycar.eu\/fr-webzine\/wp-content\/uploads\/medias\/TA0011-taigo-exterior-red-front-woman-leans-against-car.jpg","link":"https:\/\/www.bymycar.fr\/webzine\/nouveau-taigo-le-suv-coupe-signe-volkswagen\/ta0011-taigo-exterior-red-front-woman-leans-against-car\/","alt":"","author":"18","description":"","caption":"","name":"ta0011-taigo-exterior-red-front-woman-leans-against-car","status":"inherit","uploaded_to":21501,"date":"2021-11-24 08:34:40","modified":"2021-11-24 08:34:40","menu_order":0,"mime_type":"image\/jpeg","type":"image","subtype":"jpeg","icon":"https:\/\/www.bymycar.fr\/webzine\/wp-includes\/images\/media\/default.png","width":1920,"height":1152,"sizes":{"thumbnail":"https:\/\/cdn.bymycar.eu\/fr-webzine\/wp-content\/uploads\/medias\/TA0011-taigo-exterior-red-front-woman-leans-against-car-150x150.jpg","thumbnail-width":150,"thumbnail-height":150,"medium":"https:\/\/cdn.bymycar.eu\/fr-webzine\/wp-content\/uploads\/medias\/TA0011-taigo-exterior-red-front-woman-leans-against-car-300x180.jpg","medium-width":300,"medium-height":180,"medium_large":"https:\/\/cdn.bymycar.eu\/fr-webzine\/wp-content\/uploads\/medias\/TA0011-taigo-exterior-red-front-woman-leans-against-car-768x461.jpg","medium_large-width":768,"medium_large-height":461,"large":"https:\/\/cdn.bymycar.eu\/fr-webzine\/wp-content\/uploads\/medias\/TA0011-taigo-exterior-red-front-woman-leans-against-car-1024x614.jpg","large-width":1024,"large-height":614,"1536x1536":"https:\/\/cdn.bymycar.eu\/fr-webzine\/wp-content\/uploads\/medias\/TA0011-taigo-exterior-red-front-woman-leans-against-car-1536x922.jpg","1536x1536-width":1536,"1536x1536-height":922,"2048x2048":"https:\/\/cdn.bymycar.eu\/fr-webzine\/wp-content\/uploads\/medias\/TA0011-taigo-exterior-red-front-woman-leans-against-car.jpg","2048x2048-width":1920,"2048x2048-height":1152}},{"ID":21539,"id":21539,"title":"TA0004-taigo-exterior-red-top-and-side-view","filename":"TA0004-taigo-exterior-red-top-and-side-view.jpg","filesize":1,"url":"https:\/\/cdn.bymycar.eu\/fr-webzine\/wp-content\/uploads\/medias\/TA0004-taigo-exterior-red-top-and-side-view.jpg","link":"https:\/\/www.bymycar.fr\/webzine\/nouveau-taigo-le-suv-coupe-signe-volkswagen\/ta0004-taigo-exterior-red-top-and-side-view\/","alt":"","author":"18","description":"","caption":"","name":"ta0004-taigo-exterior-red-top-and-side-view","status":"inherit","uploaded_to":21501,"date":"2021-11-24 08:34:33","modified":"2021-11-24 08:34:33","menu_order":0,"mime_type":"image\/jpeg","type":"image","subtype":"jpeg","icon":"https:\/\/www.bymycar.fr\/webzine\/wp-includes\/images\/media\/default.png","width":1536,"height":1152,"sizes":{"thumbnail":"https:\/\/cdn.bymycar.eu\/fr-webzine\/wp-content\/uploads\/medias\/TA0004-taigo-exterior-red-top-and-side-view-150x150.jpg","thumbnail-width":150,"thumbnail-height":150,"medium":"https:\/\/cdn.bymycar.eu\/fr-webzine\/wp-content\/uploads\/medias\/TA0004-taigo-exterior-red-top-and-side-view-300x225.jpg","medium-width":300,"medium-height":225,"medium_large":"https:\/\/cdn.bymycar.eu\/fr-webzine\/wp-content\/uploads\/medias\/TA0004-taigo-exterior-red-top-and-side-view-768x576.jpg","medium_large-width":768,"medium_large-height":576,"large":"https:\/\/cdn.bymycar.eu\/fr-webzine\/wp-content\/uploads\/medias\/TA0004-taigo-exterior-red-top-and-side-view-1024x768.jpg","large-width":1024,"large-height":768,"1536x1536":"https:\/\/cdn.bymycar.eu\/fr-webzine\/wp-content\/uploads\/medias\/TA0004-taigo-exterior-red-top-and-side-view.jpg","1536x1536-width":1536,"1536x1536-height":1152,"2048x2048":"https:\/\/cdn.bymycar.eu\/fr-webzine\/wp-content\/uploads\/medias\/TA0004-taigo-exterior-red-top-and-side-view.jpg","2048x2048-width":1536,"2048x2048-height":1152}},{"ID":21540,"id":21540,"title":"TA0009-taigo-exterior-red-back-light-on","filename":"TA0009-taigo-exterior-red-back-light-on.jpg","filesize":1,"url":"https:\/\/cdn.bymycar.eu\/fr-webzine\/wp-content\/uploads\/medias\/TA0009-taigo-exterior-red-back-light-on.jpg","link":"https:\/\/www.bymycar.fr\/webzine\/nouveau-taigo-le-suv-coupe-signe-volkswagen\/ta0009-taigo-exterior-red-back-light-on\/","alt":"","author":"18","description":"","caption":"","name":"ta0009-taigo-exterior-red-back-light-on","status":"inherit","uploaded_to":21501,"date":"2021-11-24 08:34:37","modified":"2021-11-24 08:34:37","menu_order":0,"mime_type":"image\/jpeg","type":"image","subtype":"jpeg","icon":"https:\/\/www.bymycar.fr\/webzine\/wp-includes\/images\/media\/default.png","width":1536,"height":1152,"sizes":{"thumbnail":"https:\/\/cdn.bymycar.eu\/fr-webzine\/wp-content\/uploads\/medias\/TA0009-taigo-exterior-red-back-light-on-150x150.jpg","thumbnail-width":150,"thumbnail-height":150,"medium":"https:\/\/cdn.bymycar.eu\/fr-webzine\/wp-content\/uploads\/medias\/TA0009-taigo-exterior-red-back-light-on-300x225.jpg","medium-width":300,"medium-height":225,"medium_large":"https:\/\/cdn.bymycar.eu\/fr-webzine\/wp-content\/uploads\/medias\/TA0009-taigo-exterior-red-back-light-on-768x576.jpg","medium_large-width":768,"medium_large-height":576,"large":"https:\/\/cdn.bymycar.eu\/fr-webzine\/wp-content\/uploads\/medias\/TA0009-taigo-exterior-red-back-light-on-1024x768.jpg","large-width":1024,"large-height":768,"1536x1536":"https:\/\/cdn.bymycar.eu\/fr-webzine\/wp-content\/uploads\/medias\/TA0009-taigo-exterior-red-back-light-on.jpg","1536x1536-width":1536,"1536x1536-height":1152,"2048x2048":"https:\/\/cdn.bymycar.eu\/fr-webzine\/wp-content\/uploads\/medias\/TA0009-taigo-exterior-red-back-light-on.jpg","2048x2048-width":1536,"2048x2048-height":1152}}],"-title-2":""}},{"acf_fc_layout":"text-simple","--nav":{"-withNav":true,"-ancre":"Int\u00e9rieur "},"--group":{"-text":"<h2><span style=\"color: #003366;\"><strong>A l\u2019int\u00e9rieur, l\u2019innovation s\u2019invite.<\/strong><\/span><\/h2>\n<p>Le digital Cockpit permet de visualiser le tableau de bord gr\u00e2ce \u00e0 un affichage avec un \u00e9cran haute r\u00e9solution de 8 pouces, vous permettant de rouler en toute s\u00e9curit\u00e9 !<\/p>\n<p>Sur le Nouveau Taigo, vous disposez des chargements faciles pour vos appareils gr\u00e2ce \u00e0 l\u2019interface USB-C, m\u00eame depuis la banquette arri\u00e8re sur la fa\u00e7ade arri\u00e8re de l\u2019accoudoir central. Les temp\u00e9ratures peuvent \u00eatre r\u00e9gl\u00e9es ind\u00e9pendamment c\u00f4t\u00e9 passager et c\u00f4t\u00e9 conducteur gr\u00e2ce \u00e0 la r\u00e9gulation bi-zone.<\/p>\n<p>De s\u00e9rie, le syst\u00e8me de climatisation se r\u00e8gle intuitivement par \u00e9crans tactiles. Votre habitacle s\u2019illumine ! De s\u00e9rie vous disposez de r\u00e9tro-\u00e9clairage blanc sur les portes avant.<\/p>\n"}},{"acf_fc_layout":"images-mosaique-x3","--nav":{"-withNav":false,"-ancre":""},"--group":{"-title":"","-images":[{"ID":21556,"id":21556,"title":"csm_TA0023-taigo-interior-climatronic_d938a9a749","filename":"csm_TA0023-taigo-interior-climatronic_d938a9a749.jpg","filesize":1,"url":"https:\/\/cdn.bymycar.eu\/fr-webzine\/wp-content\/uploads\/medias\/csm_TA0023-taigo-interior-climatronic_d938a9a749.jpg","link":"https:\/\/www.bymycar.fr\/webzine\/nouveau-taigo-le-suv-coupe-signe-volkswagen\/csm_ta0023-taigo-interior-climatronic_d938a9a749\/","alt":"","author":"18","description":"","caption":"","name":"csm_ta0023-taigo-interior-climatronic_d938a9a749","status":"inherit","uploaded_to":21501,"date":"2021-11-24 08:51:22","modified":"2021-11-24 08:51:22","menu_order":0,"mime_type":"image\/jpeg","type":"image","subtype":"jpeg","icon":"https:\/\/www.bymycar.fr\/webzine\/wp-includes\/images\/media\/default.png","width":1120,"height":840,"sizes":{"thumbnail":"https:\/\/cdn.bymycar.eu\/fr-webzine\/wp-content\/uploads\/medias\/csm_TA0023-taigo-interior-climatronic_d938a9a749-150x150.jpg","thumbnail-width":150,"thumbnail-height":150,"medium":"https:\/\/cdn.bymycar.eu\/fr-webzine\/wp-content\/uploads\/medias\/csm_TA0023-taigo-interior-climatronic_d938a9a749-300x225.jpg","medium-width":300,"medium-height":225,"medium_large":"https:\/\/cdn.bymycar.eu\/fr-webzine\/wp-content\/uploads\/medias\/csm_TA0023-taigo-interior-climatronic_d938a9a749-768x576.jpg","medium_large-width":768,"medium_large-height":576,"large":"https:\/\/cdn.bymycar.eu\/fr-webzine\/wp-content\/uploads\/medias\/csm_TA0023-taigo-interior-climatronic_d938a9a749-1024x768.jpg","large-width":1024,"large-height":768,"1536x1536":"https:\/\/cdn.bymycar.eu\/fr-webzine\/wp-content\/uploads\/medias\/csm_TA0023-taigo-interior-climatronic_d938a9a749.jpg","1536x1536-width":1120,"1536x1536-height":840,"2048x2048":"https:\/\/cdn.bymycar.eu\/fr-webzine\/wp-content\/uploads\/medias\/csm_TA0023-taigo-interior-climatronic_d938a9a749.jpg","2048x2048-width":1120,"2048x2048-height":840}},{"ID":21554,"id":21554,"title":"TA0006-taigo-interior-cockpit","filename":"TA0006-taigo-interior-cockpit.jpg","filesize":1,"url":"https:\/\/cdn.bymycar.eu\/fr-webzine\/wp-content\/uploads\/medias\/TA0006-taigo-interior-cockpit.jpg","link":"https:\/\/www.bymycar.fr\/webzine\/nouveau-taigo-le-suv-coupe-signe-volkswagen\/ta0006-taigo-interior-cockpit\/","alt":"","author":"18","description":"","caption":"","name":"ta0006-taigo-interior-cockpit","status":"inherit","uploaded_to":21501,"date":"2021-11-24 08:45:25","modified":"2021-11-24 08:45:25","menu_order":0,"mime_type":"image\/jpeg","type":"image","subtype":"jpeg","icon":"https:\/\/www.bymycar.fr\/webzine\/wp-includes\/images\/media\/default.png","width":1536,"height":1152,"sizes":{"thumbnail":"https:\/\/cdn.bymycar.eu\/fr-webzine\/wp-content\/uploads\/medias\/TA0006-taigo-interior-cockpit-150x150.jpg","thumbnail-width":150,"thumbnail-height":150,"medium":"https:\/\/cdn.bymycar.eu\/fr-webzine\/wp-content\/uploads\/medias\/TA0006-taigo-interior-cockpit-300x225.jpg","medium-width":300,"medium-height":225,"medium_large":"https:\/\/cdn.bymycar.eu\/fr-webzine\/wp-content\/uploads\/medias\/TA0006-taigo-interior-cockpit-768x576.jpg","medium_large-width":768,"medium_large-height":576,"large":"https:\/\/cdn.bymycar.eu\/fr-webzine\/wp-content\/uploads\/medias\/TA0006-taigo-interior-cockpit-1024x768.jpg","large-width":1024,"large-height":768,"1536x1536":"https:\/\/cdn.bymycar.eu\/fr-webzine\/wp-content\/uploads\/medias\/TA0006-taigo-interior-cockpit.jpg","1536x1536-width":1536,"1536x1536-height":1152,"2048x2048":"https:\/\/cdn.bymycar.eu\/fr-webzine\/wp-content\/uploads\/medias\/TA0006-taigo-interior-cockpit.jpg","2048x2048-width":1536,"2048x2048-height":1152}},{"ID":21596,"id":21596,"title":"TA0020-taigo-interior-ambient-lighting","filename":"TA0020-taigo-interior-ambient-lighting.jpg","filesize":1,"url":"https:\/\/cdn.bymycar.eu\/fr-webzine\/wp-content\/uploads\/medias\/TA0020-taigo-interior-ambient-lighting.jpg","link":"https:\/\/www.bymycar.fr\/webzine\/nouveau-taigo-le-suv-coupe-signe-volkswagen\/ta0020-taigo-interior-ambient-lighting\/","alt":"","author":"18","description":"","caption":"","name":"ta0020-taigo-interior-ambient-lighting","status":"inherit","uploaded_to":21501,"date":"2021-11-24 09:26:30","modified":"2021-11-24 09:26:30","menu_order":0,"mime_type":"image\/jpeg","type":"image","subtype":"jpeg","icon":"https:\/\/www.bymycar.fr\/webzine\/wp-includes\/images\/media\/default.png","width":1536,"height":1152,"sizes":{"thumbnail":"https:\/\/cdn.bymycar.eu\/fr-webzine\/wp-content\/uploads\/medias\/TA0020-taigo-interior-ambient-lighting-150x150.jpg","thumbnail-width":150,"thumbnail-height":150,"medium":"https:\/\/cdn.bymycar.eu\/fr-webzine\/wp-content\/uploads\/medias\/TA0020-taigo-interior-ambient-lighting-300x225.jpg","medium-width":300,"medium-height":225,"medium_large":"https:\/\/cdn.bymycar.eu\/fr-webzine\/wp-content\/uploads\/medias\/TA0020-taigo-interior-ambient-lighting-768x576.jpg","medium_large-width":768,"medium_large-height":576,"large":"https:\/\/cdn.bymycar.eu\/fr-webzine\/wp-content\/uploads\/medias\/TA0020-taigo-interior-ambient-lighting-1024x768.jpg","large-width":1024,"large-height":768,"1536x1536":"https:\/\/cdn.bymycar.eu\/fr-webzine\/wp-content\/uploads\/medias\/TA0020-taigo-interior-ambient-lighting.jpg","1536x1536-width":1536,"1536x1536-height":1152,"2048x2048":"https:\/\/cdn.bymycar.eu\/fr-webzine\/wp-content\/uploads\/medias\/TA0020-taigo-interior-ambient-lighting.jpg","2048x2048-width":1536,"2048x2048-height":1152}}],"-title-2":""}},{"acf_fc_layout":"text-simple","--nav":{"-withNav":true,"-ancre":"Equipements de s\u00e9rie "},"--group":{"-text":"<h2><span style=\"color: #003366;\">De s\u00e9rie le nouveau Taigo est \u00e9quip\u00e9 du :<\/span><\/h2>\n<ul>\n<li>Travel Assist\u00a0: assistant de conduite semi-autonome<\/li>\n<li>Front Assist\u00a0: freinage d\u2019urgence en ville et d\u00e9tection des pi\u00e9tons<\/li>\n<li>Lane Assit\u00a0: Assistant de maintien dans la voie<\/li>\n<li>Volant capacitif multifonction en cuir<\/li>\n<li>App-Connect sans fil<\/li>\n<li>Rampes de pavillons noires<\/li>\n<li>Digital Cockpit<\/li>\n<li>Projecteurs LED<\/li>\n<\/ul>\n"}},{"acf_fc_layout":"text-simple","--nav":{"-withNav":true,"-ancre":"Contact "},"--group":{"-text":"<p><span style=\"font-size: 12pt;\">Vous souhaitez plus d&rsquo;informations sur ce mod\u00e8le ou prendre un rendez-vous avec un conseiller commercial Volkswagen BYmyCAR ? Merci de remplir le formulaire ci-dessous :<\/span><\/p>\n<div class=\"wpcf7 no-js\" id=\"wpcf7-f21697-p21501-o158\" lang=\"fr-FR\" dir=\"ltr\" data-wpcf7-id=\"21697\">\n<div class=\"screen-reader-response\">\n<p role=\"status\" aria-live=\"polite\" aria-atomic=\"true\">\n<ul><\/ul>\n<\/div>\n<form action=\"\/webzine\/wp-admin\/index.php?page=transfert-data-post#wpcf7-f21697-p21501-o158\" method=\"post\" class=\"wpcf7-form init\" aria-label=\"Formulaire de contact\" novalidate=\"novalidate\" data-status=\"init\">\n<div style=\"display: none;\">\n<input type=\"hidden\" name=\"_wpcf7\" value=\"21697\" \/><br \/>\n<input type=\"hidden\" name=\"_wpcf7_version\" value=\"6.0.6\" \/><br \/>\n<input type=\"hidden\" name=\"_wpcf7_locale\" value=\"fr_FR\" \/><br \/>\n<input type=\"hidden\" name=\"_wpcf7_unit_tag\" value=\"wpcf7-f21697-p21501-o158\" \/><br \/>\n<input type=\"hidden\" name=\"_wpcf7_container_post\" value=\"21501\" \/><br \/>\n<input type=\"hidden\" name=\"_wpcf7_posted_data_hash\" value=\"\" \/><br \/>\n<input type=\"hidden\" name=\"_wpcf7_recaptcha_response\" value=\"\" \/>\n<\/div>\n<div class=\"flex flex-row flex-wrap -mx-4\">\n<div class=\"w-1\/2 flex flex-col gap-4 align-top px-4\">\n<p><label> Nom* <\/label><br \/>\n<span class=\"wpcf7-form-control-wrap\" data-name=\"Nom\"><input size=\"40\" maxlength=\"400\" class=\"wpcf7-form-control wpcf7-text wpcf7-validates-as-required\" aria-required=\"true\" aria-invalid=\"false\" value=\"\" type=\"text\" name=\"Nom\" \/><\/span><\/p>\n<p><label> Pr\u00e9nom* <\/label><br \/>\n<span class=\"wpcf7-form-control-wrap\" data-name=\"prenom\"><input size=\"40\" maxlength=\"400\" class=\"wpcf7-form-control wpcf7-text wpcf7-validates-as-required\" aria-required=\"true\" aria-invalid=\"false\" value=\"\" type=\"text\" name=\"prenom\" \/><\/span><\/p>\n<p><label> Email* <\/label><br \/>\n<span class=\"wpcf7-form-control-wrap\" data-name=\"email\"><input size=\"40\" maxlength=\"400\" class=\"wpcf7-form-control wpcf7-email wpcf7-validates-as-required wpcf7-text wpcf7-validates-as-email\" aria-required=\"true\" aria-invalid=\"false\" value=\"\" type=\"email\" name=\"email\" \/><\/span><\/p>\n<p><label> T\u00e9l\u00e9phone* <\/label><br \/>\n<span class=\"wpcf7-form-control-wrap\" data-name=\"telephone\"><input size=\"40\" maxlength=\"400\" class=\"wpcf7-form-control wpcf7-tel wpcf7-validates-as-required wpcf7-text wpcf7-validates-as-tel\" aria-required=\"true\" aria-invalid=\"false\" value=\"\" type=\"tel\" name=\"telephone\" \/><\/span><\/p>\n<\/div>\n<div class=\"w-1\/2 flex flex-col gap-4 align-top px-4\">\n<p><label> Choix de la concession* <\/label><br \/>\n<span class=\"wpcf7-form-control-wrap\" data-name=\"concession\"><select class=\"wpcf7-form-control wpcf7-select wpcf7-validates-as-required\" aria-required=\"true\" aria-invalid=\"false\" name=\"concession\"><option value=\"VOLKSWAGEN BYmyCAR Bourgoin\">VOLKSWAGEN BYmyCAR Bourgoin<\/option><option value=\"VOLKSWAGEN BYmyCAR Lyon\">VOLKSWAGEN BYmyCAR Lyon<\/option><option value=\"VOLKSWAGEN BYmyCAR Lyon Est\">VOLKSWAGEN BYmyCAR Lyon Est<\/option><option value=\"VOLKSWAGEN BYmyCAR Lyon Rillieux la Pape\">VOLKSWAGEN BYmyCAR Lyon Rillieux la Pape<\/option><option value=\"VOLKSWAGEN BYmyCAR Lyon Vaise\">VOLKSWAGEN BYmyCAR Lyon Vaise<\/option><option value=\"VOLKSWAGEN BYmyCAR Orl\u00e9ans Nord\">VOLKSWAGEN BYmyCAR Orl\u00e9ans Nord<\/option><option value=\"VOLKSWAGEN BYmyCAR Orl\u00e9ans Sud\">VOLKSWAGEN BYmyCAR Orl\u00e9ans Sud<\/option><option value=\"VOLKSWAGEN BYmyCAR Roanne\">VOLKSWAGEN BYmyCAR Roanne<\/option><option value=\"VOLKSWAGEN BYmyCAR Saint-Etienne Nord\">VOLKSWAGEN BYmyCAR Saint-Etienne Nord<\/option><option value=\"VOLKSWAGEN BYmyCAR Vienne\">VOLKSWAGEN BYmyCAR Vienne<\/option><option value=\"VOLKSWAGEN BYmyCAR Villefranche-sur-Sa\u00f4ne\">VOLKSWAGEN BYmyCAR Villefranche-sur-Sa\u00f4ne<\/option><\/select><\/span><\/p>\n<p><label> Votre message <\/label><br \/>\n<span class=\"wpcf7-form-control-wrap\" data-name=\"Commentaireclient\"><textarea cols=\"40\" rows=\"9\" maxlength=\"2000\" class=\"wpcf7-form-control wpcf7-textarea\" aria-invalid=\"false\" name=\"Commentaireclient\"><\/textarea><\/span><\/p>\n<\/div>\n<p><span class=\"wpcf7-form-control-wrap\" data-name=\"optinemail\"><span class=\"wpcf7-form-control wpcf7-checkbox\"><span class=\"wpcf7-list-item first last\"><input type=\"checkbox\" name=\"optinemail[]\" value=\"J&#039;accepte de recevoir la lettre d&#039;information li\u00e9e au Groupe BYmyCAR\" \/><span class=\"wpcf7-list-item-label\">J&#039;accepte de recevoir la lettre d&#039;information li\u00e9e au Groupe BYmyCAR<\/span><\/span><\/span><\/span><\/p>\n<p><span class=\"wpcf7-form-control-wrap\" data-name=\"optinsms\"><span class=\"wpcf7-form-control wpcf7-checkbox\"><span class=\"wpcf7-list-item first last\"><input type=\"checkbox\" name=\"optinsms[]\" value=\"J&#039;accepte de recevoir des informations li\u00e9es au Groupe BYmyCAR par sms\" \/><span class=\"wpcf7-list-item-label\">J&#039;accepte de recevoir des informations li\u00e9es au Groupe BYmyCAR par sms<\/span><\/span><\/span><\/span><\/p>\n<p><span class=\"wpcf7-form-control-wrap\" data-name=\"optinappel\"><span class=\"wpcf7-form-control wpcf7-checkbox\"><span class=\"wpcf7-list-item first last\"><input type=\"checkbox\" name=\"optinappel[]\" value=\"J&#039;accepte de recevoir des informations li\u00e9es au Groupe BYmyCAR par appel\" \/><span class=\"wpcf7-list-item-label\">J&#039;accepte de recevoir des informations li\u00e9es au Groupe BYmyCAR par appel<\/span><\/span><\/span><\/span><\/p>\n<div class=\"w-full flex flex-col items-center gap-y-2 text-center mt-4\"><input class=\"wpcf7-form-control wpcf7-submit has-spinner\" type=\"submit\" value=\"Envoyer\" \/><\/div>\n<\/div>\n<div class=\"wpcf7-response-output\" aria-hidden=\"true\"><\/div>\n<\/form>\n<\/div>\n<p>&nbsp;<\/p>\n<div>\n<div class=\"reply-list-component\">\n<div class=\"reply-component\">\n<div class=\"reply-body-component\">\n<div class=\"reply_body body linkify\">\n<div class=\"reply-body-wrapper\">\n<div class=\"reply-body-inner\">\n<div class=\"body_text redactor-styles redactor-in\">\n<p><span style=\"font-size: 8pt;\">(1) Nouveau Taigo 1.0 TSI 95ch BVM5 5 places neuf en Location Longue Dur\u00e9e pour 30 000 km maximum. Location Longue Dur\u00e9e sur 37 mois. 1er loyer de 4 000\u20ac, ramen\u00e9 \u00e0 2 500\u20ac apr\u00e8s d\u00e9duction de la prime \u00e0 la conversion gouvernementale de 1 500\u20ac (conditions sur service-public.fr), suivi de 36 loyers de 179\u20ac. D\u00e9duction faite de l\u2019offre d\u2019aide \u00e0 la reprise Volkswagen allant jusqu\u2019\u00e0 1 750\u20ac en plus de la valeur estim\u00e9e de votre v\u00e9hicule. Offre r\u00e9serv\u00e9e aux particuliers, non cumulable avec toute autre offre en cours, valable pour toute commande entre le 01\/01\/2022 et le 31\/01\/2022 et immatriculation avant le 30\/06\/2022. (2) Le forfait flexibilit\u00e9 est une offre location sans engagement sur 37 mois. Possibilit\u00e9 de r\u00e9silier \u00e0 tout moment, changer de v\u00e9hicule sous r\u00e9serve d\u2019acceptation du nouveau dossier par Volkswagen Bank. Tout Loyer commenc\u00e9 est d\u00fb. Offre r\u00e9serv\u00e9e aux particuliers entre le 01\/01\/2022 et le 31\/01\/2022 et immatriculation avant le 30\/06\/2022. Voir conditions en concessions.<\/span><\/p>\n<\/div>\n<\/div>\n<\/div>\n<\/div>\n<\/div>\n<\/div>\n<\/div>\n<\/div>\n<p><span style=\"font-size: 8pt;\">Vos donn\u00e9es \u00e0 caract\u00e8re personnel font l\u2019objet d\u2019un traitement de donn\u00e9es \u00e0 caract\u00e8re personnel mis en oeuvre par la soci\u00e9t\u00e9 BYmyCAR aux fins de gestion de la relation clients et prospects. Vos donn\u00e9es sont r\u00e9serv\u00e9es \u00e0 l\u2019usage des services internes de la soci\u00e9t\u00e9 BYmyCAR ainsi qu\u2019aux prestataires habilit\u00e9s \u00e0 traiter vos donn\u00e9es. Conform\u00e9ment \u00e0 la r\u00e9glementation fran\u00e7aise et europ\u00e9enne relative \u00e0 la protection des donn\u00e9es \u00e0 caract\u00e8re personnel, vous pouvez \u00e0 tout moment exercer vos droits d\u2019acc\u00e8s, de rectification et de suppression des donn\u00e9es \u00e0 caract\u00e8re personnel vous concernant ainsi que vous opposer au traitement desdites donn\u00e9es. Vous disposez \u00e9galement du droit de d\u00e9finir des directives g\u00e9n\u00e9rales ou particuli\u00e8res relatives au sort de vos donn\u00e9es \u00e0 caract\u00e8re personnel apr\u00e8s votre d\u00e9c\u00e8s. Seules les directives particuli\u00e8res relatives au traitement de donn\u00e9es \u00e0 caract\u00e8re personnel mis en oeuvre par BYmyCAR seront enregistr\u00e9es par BYmyCAR. Vous pouvez exercer vos droits en adressant votre demande, accompagn\u00e9e d\u2019un justificatif de votre identit\u00e9, par voie postale \u00e0 BYmyCAR, 278 Bd. St. Germain, 75007 Paris ou e-mail \u00e0 <a href=\"mailto:contact-web@bymycar.fr\">contact-web@bymycar.fr<\/a>. Nous vous informons que vous disposez en outre d\u2019un droit d\u2019inscription sur la liste d\u2019opposition au d\u00e9marchage t\u00e9l\u00e9phonique que vous pouvez exercer aupr\u00e8s de la SAS OPPOSETEL, 92-98 boulevard Victor Hugo \u2013 92110 CLICHY (<a href=\"http:\/\/www.bloctel.gouv.fr\/\">http:\/\/www.bloctel.gouv.fr\/<\/a>).<\/span><\/p>\n"}}]},"add-carousel-to-footer":true},"yoast_head":"<!-- This site is optimized with the Yoast SEO Premium plugin v26.4 (Yoast SEO v26.4) - https:\/\/yoast.com\/wordpress\/plugins\/seo\/ -->\n<title>Nouveau Taigo, le SUV coup\u00e9 sign\u00e9 Volkswagen<\/title>\n<meta name=\"description\" content=\"Le Nouveau Taigo est disponible dans vos concessions Volkswagen BYmyCAR, \u00e0 partir de 23 380 \u20ac. D\u00e9couvrez Le tout premier SUV coup\u00e9 urbain !\" \/>\n<meta name=\"robots\" content=\"index, follow, max-snippet:-1, max-image-preview:large, max-video-preview:-1\" \/>\n<link rel=\"canonical\" href=\"https:\/\/www.bymycar.fr\/webzine\/nouveau-taigo-le-suv-coupe-signe-volkswagen\/\" \/>\n<meta property=\"og:locale\" content=\"fr_FR\" \/>\n<meta property=\"og:type\" content=\"article\" \/>\n<meta property=\"og:title\" content=\"Nouveau Taigo, le SUV coup\u00e9 sign\u00e9 Volkswagen\" \/>\n<meta property=\"og:description\" content=\"Le Nouveau Taigo est disponible dans vos concessions Volkswagen BYmyCAR, \u00e0 partir de 23 380 \u20ac. D\u00e9couvrez Le tout premier SUV coup\u00e9 urbain !\" \/>\n<meta property=\"og:url\" content=\"https:\/\/www.bymycar.fr\/webzine\/nouveau-taigo-le-suv-coupe-signe-volkswagen\/\" \/>\n<meta property=\"og:site_name\" content=\"Webzine auto BYmyCAR\" \/>\n<meta property=\"article:published_time\" content=\"2021-11-24T13:55:29+00:00\" \/>\n<meta property=\"article:modified_time\" content=\"2022-01-14T14:28:43+00:00\" \/>\n<meta property=\"og:image\" content=\"https:\/\/cdn.bymycar.eu\/fr-webzine\/wp-content\/uploads\/medias\/vw-taigo.jpg\" \/>\n\t<meta property=\"og:image:width\" content=\"940\" \/>\n\t<meta property=\"og:image:height\" content=\"626\" \/>\n\t<meta property=\"og:image:type\" content=\"image\/jpeg\" \/>\n<meta name=\"author\" content=\"Laura Aichoun\" \/>\n<meta name=\"twitter:card\" content=\"summary_large_image\" \/>\n<meta name=\"twitter:label1\" content=\"\u00c9crit par\" \/>\n\t<meta name=\"twitter:data1\" content=\"Laura Aichoun\" \/>\n<script type=\"application\/ld+json\" class=\"yoast-schema-graph\">{\"@context\":\"https:\/\/schema.org\",\"@graph\":[{\"@type\":\"Article\",\"@id\":\"https:\/\/www.bymycar.fr\/webzine\/nouveau-taigo-le-suv-coupe-signe-volkswagen\/#article\",\"isPartOf\":{\"@id\":\"https:\/\/www.bymycar.fr\/webzine\/nouveau-taigo-le-suv-coupe-signe-volkswagen\/\"},\"author\":{\"name\":\"Laura Aichoun\",\"@id\":\"https:\/\/www.bymycar.fr\/webzine\/#\/schema\/person\/62c99ca442bbc83226289f42372c240f\"},\"headline\":\"Nouveau Taigo, le SUV coup\u00e9 sign\u00e9 Volkswagen\",\"datePublished\":\"2021-11-24T13:55:29+00:00\",\"dateModified\":\"2022-01-14T14:28:43+00:00\",\"mainEntityOfPage\":{\"@id\":\"https:\/\/www.bymycar.fr\/webzine\/nouveau-taigo-le-suv-coupe-signe-volkswagen\/\"},\"wordCount\":7,\"publisher\":{\"@id\":\"https:\/\/www.bymycar.fr\/webzine\/#organization\"},\"image\":{\"@id\":\"https:\/\/www.bymycar.fr\/webzine\/nouveau-taigo-le-suv-coupe-signe-volkswagen\/#primaryimage\"},\"thumbnailUrl\":\"https:\/\/cdn.bymycar.eu\/fr-webzine\/wp-content\/uploads\/medias\/vw-taigo.jpg\",\"articleSection\":[\"Actualit\u00e9s des concessions\",\"L'actu des marques\",\"Offres et bons plans\",\"Sorties de la semaine\",\"Volkswagen\",\"Volkswagen\"],\"inLanguage\":\"fr-FR\"},{\"@type\":\"WebPage\",\"@id\":\"https:\/\/www.bymycar.fr\/webzine\/nouveau-taigo-le-suv-coupe-signe-volkswagen\/\",\"url\":\"https:\/\/www.bymycar.fr\/webzine\/nouveau-taigo-le-suv-coupe-signe-volkswagen\/\",\"name\":\"Nouveau Taigo, le SUV coup\u00e9 sign\u00e9 Volkswagen\",\"isPartOf\":{\"@id\":\"https:\/\/www.bymycar.fr\/webzine\/#website\"},\"primaryImageOfPage\":{\"@id\":\"https:\/\/www.bymycar.fr\/webzine\/nouveau-taigo-le-suv-coupe-signe-volkswagen\/#primaryimage\"},\"image\":{\"@id\":\"https:\/\/www.bymycar.fr\/webzine\/nouveau-taigo-le-suv-coupe-signe-volkswagen\/#primaryimage\"},\"thumbnailUrl\":\"https:\/\/cdn.bymycar.eu\/fr-webzine\/wp-content\/uploads\/medias\/vw-taigo.jpg\",\"datePublished\":\"2021-11-24T13:55:29+00:00\",\"dateModified\":\"2022-01-14T14:28:43+00:00\",\"description\":\"Le Nouveau Taigo est disponible dans vos concessions Volkswagen BYmyCAR, \u00e0 partir de 23 380 \u20ac. D\u00e9couvrez Le tout premier SUV coup\u00e9 urbain !\",\"breadcrumb\":{\"@id\":\"https:\/\/www.bymycar.fr\/webzine\/nouveau-taigo-le-suv-coupe-signe-volkswagen\/#breadcrumb\"},\"inLanguage\":\"fr-FR\",\"potentialAction\":[{\"@type\":\"ReadAction\",\"target\":[\"https:\/\/www.bymycar.fr\/webzine\/nouveau-taigo-le-suv-coupe-signe-volkswagen\/\"]}]},{\"@type\":\"ImageObject\",\"inLanguage\":\"fr-FR\",\"@id\":\"https:\/\/www.bymycar.fr\/webzine\/nouveau-taigo-le-suv-coupe-signe-volkswagen\/#primaryimage\",\"url\":\"https:\/\/cdn.bymycar.eu\/fr-webzine\/wp-content\/uploads\/medias\/vw-taigo.jpg\",\"contentUrl\":\"https:\/\/cdn.bymycar.eu\/fr-webzine\/wp-content\/uploads\/medias\/vw-taigo.jpg\",\"width\":940,\"height\":626},{\"@type\":\"BreadcrumbList\",\"@id\":\"https:\/\/www.bymycar.fr\/webzine\/nouveau-taigo-le-suv-coupe-signe-volkswagen\/#breadcrumb\",\"itemListElement\":[{\"@type\":\"ListItem\",\"position\":1,\"name\":\"Accueil\",\"item\":\"https:\/\/www.bymycar.fr\/webzine\/\"},{\"@type\":\"ListItem\",\"position\":2,\"name\":\"Nouveau Taigo, le SUV coup\u00e9 sign\u00e9 Volkswagen\"}]},{\"@type\":\"WebSite\",\"@id\":\"https:\/\/www.bymycar.fr\/webzine\/#website\",\"url\":\"https:\/\/www.bymycar.fr\/webzine\/\",\"name\":\"Webzine auto BYmyCAR\",\"description\":\"La magazine auto de BYmyCAR\",\"publisher\":{\"@id\":\"https:\/\/www.bymycar.fr\/webzine\/#organization\"},\"potentialAction\":[{\"@type\":\"SearchAction\",\"target\":{\"@type\":\"EntryPoint\",\"urlTemplate\":\"https:\/\/www.bymycar.fr\/webzine\/?s={search_term_string}\"},\"query-input\":{\"@type\":\"PropertyValueSpecification\",\"valueRequired\":true,\"valueName\":\"search_term_string\"}}],\"inLanguage\":\"fr-FR\"},{\"@type\":\"Organization\",\"@id\":\"https:\/\/www.bymycar.fr\/webzine\/#organization\",\"name\":\"BYmyCAR\",\"url\":\"https:\/\/www.bymycar.fr\/webzine\/\",\"logo\":{\"@type\":\"ImageObject\",\"inLanguage\":\"fr-FR\",\"@id\":\"https:\/\/www.bymycar.fr\/webzine\/#\/schema\/logo\/image\/\",\"url\":\"https:\/\/cdn.bymycar.eu\/fr-webzine\/wp-content\/uploads\/medias\/2017\/08\/logo_DEALER_00000406_001.png\",\"contentUrl\":\"https:\/\/cdn.bymycar.eu\/fr-webzine\/wp-content\/uploads\/medias\/2017\/08\/logo_DEALER_00000406_001.png\",\"width\":2132,\"height\":720,\"caption\":\"BYmyCAR\"},\"image\":{\"@id\":\"https:\/\/www.bymycar.fr\/webzine\/#\/schema\/logo\/image\/\"}},{\"@type\":\"Person\",\"@id\":\"https:\/\/www.bymycar.fr\/webzine\/#\/schema\/person\/62c99ca442bbc83226289f42372c240f\",\"name\":\"Laura Aichoun\",\"image\":{\"@type\":\"ImageObject\",\"inLanguage\":\"fr-FR\",\"@id\":\"https:\/\/www.bymycar.fr\/webzine\/#\/schema\/person\/image\/\",\"url\":\"https:\/\/secure.gravatar.com\/avatar\/2a4174ba67d0638df88e00ca4bb9982595b3f3df1c31bc3cd3e0c80562a8997d?s=96&d=mm&r=g\",\"contentUrl\":\"https:\/\/secure.gravatar.com\/avatar\/2a4174ba67d0638df88e00ca4bb9982595b3f3df1c31bc3cd3e0c80562a8997d?s=96&d=mm&r=g\",\"caption\":\"Laura Aichoun\"}}]}<\/script>\n<!-- \/ Yoast SEO Premium plugin. -->","yoast_head_json":{"title":"Nouveau Taigo, le SUV coup\u00e9 sign\u00e9 Volkswagen","description":"Le Nouveau Taigo est disponible dans vos concessions Volkswagen BYmyCAR, \u00e0 partir de 23 380 \u20ac. D\u00e9couvrez Le tout premier SUV coup\u00e9 urbain !","robots":{"index":"index","follow":"follow","max-snippet":"max-snippet:-1","max-image-preview":"max-image-preview:large","max-video-preview":"max-video-preview:-1"},"canonical":"https:\/\/www.bymycar.fr\/webzine\/nouveau-taigo-le-suv-coupe-signe-volkswagen\/","og_locale":"fr_FR","og_type":"article","og_title":"Nouveau Taigo, le SUV coup\u00e9 sign\u00e9 Volkswagen","og_description":"Le Nouveau Taigo est disponible dans vos concessions Volkswagen BYmyCAR, \u00e0 partir de 23 380 \u20ac. D\u00e9couvrez Le tout premier SUV coup\u00e9 urbain !","og_url":"https:\/\/www.bymycar.fr\/webzine\/nouveau-taigo-le-suv-coupe-signe-volkswagen\/","og_site_name":"Webzine auto BYmyCAR","article_published_time":"2021-11-24T13:55:29+00:00","article_modified_time":"2022-01-14T14:28:43+00:00","og_image":[{"width":940,"height":626,"url":"https:\/\/cdn.bymycar.eu\/fr-webzine\/wp-content\/uploads\/medias\/vw-taigo.jpg","type":"image\/jpeg"}],"author":"Laura Aichoun","twitter_card":"summary_large_image","twitter_misc":{"\u00c9crit par":"Laura Aichoun"},"schema":{"@context":"https:\/\/schema.org","@graph":[{"@type":"Article","@id":"https:\/\/www.bymycar.fr\/webzine\/nouveau-taigo-le-suv-coupe-signe-volkswagen\/#article","isPartOf":{"@id":"https:\/\/www.bymycar.fr\/webzine\/nouveau-taigo-le-suv-coupe-signe-volkswagen\/"},"author":{"name":"Laura Aichoun","@id":"https:\/\/www.bymycar.fr\/webzine\/#\/schema\/person\/62c99ca442bbc83226289f42372c240f"},"headline":"Nouveau Taigo, le SUV coup\u00e9 sign\u00e9 Volkswagen","datePublished":"2021-11-24T13:55:29+00:00","dateModified":"2022-01-14T14:28:43+00:00","mainEntityOfPage":{"@id":"https:\/\/www.bymycar.fr\/webzine\/nouveau-taigo-le-suv-coupe-signe-volkswagen\/"},"wordCount":7,"publisher":{"@id":"https:\/\/www.bymycar.fr\/webzine\/#organization"},"image":{"@id":"https:\/\/www.bymycar.fr\/webzine\/nouveau-taigo-le-suv-coupe-signe-volkswagen\/#primaryimage"},"thumbnailUrl":"https:\/\/cdn.bymycar.eu\/fr-webzine\/wp-content\/uploads\/medias\/vw-taigo.jpg","articleSection":["Actualit\u00e9s des concessions","L'actu des marques","Offres et bons plans","Sorties de la semaine","Volkswagen","Volkswagen"],"inLanguage":"fr-FR"},{"@type":"WebPage","@id":"https:\/\/www.bymycar.fr\/webzine\/nouveau-taigo-le-suv-coupe-signe-volkswagen\/","url":"https:\/\/www.bymycar.fr\/webzine\/nouveau-taigo-le-suv-coupe-signe-volkswagen\/","name":"Nouveau Taigo, le SUV coup\u00e9 sign\u00e9 Volkswagen","isPartOf":{"@id":"https:\/\/www.bymycar.fr\/webzine\/#website"},"primaryImageOfPage":{"@id":"https:\/\/www.bymycar.fr\/webzine\/nouveau-taigo-le-suv-coupe-signe-volkswagen\/#primaryimage"},"image":{"@id":"https:\/\/www.bymycar.fr\/webzine\/nouveau-taigo-le-suv-coupe-signe-volkswagen\/#primaryimage"},"thumbnailUrl":"https:\/\/cdn.bymycar.eu\/fr-webzine\/wp-content\/uploads\/medias\/vw-taigo.jpg","datePublished":"2021-11-24T13:55:29+00:00","dateModified":"2022-01-14T14:28:43+00:00","description":"Le Nouveau Taigo est disponible dans vos concessions Volkswagen BYmyCAR, \u00e0 partir de 23 380 \u20ac. D\u00e9couvrez Le tout premier SUV coup\u00e9 urbain !","breadcrumb":{"@id":"https:\/\/www.bymycar.fr\/webzine\/nouveau-taigo-le-suv-coupe-signe-volkswagen\/#breadcrumb"},"inLanguage":"fr-FR","potentialAction":[{"@type":"ReadAction","target":["https:\/\/www.bymycar.fr\/webzine\/nouveau-taigo-le-suv-coupe-signe-volkswagen\/"]}]},{"@type":"ImageObject","inLanguage":"fr-FR","@id":"https:\/\/www.bymycar.fr\/webzine\/nouveau-taigo-le-suv-coupe-signe-volkswagen\/#primaryimage","url":"https:\/\/cdn.bymycar.eu\/fr-webzine\/wp-content\/uploads\/medias\/vw-taigo.jpg","contentUrl":"https:\/\/cdn.bymycar.eu\/fr-webzine\/wp-content\/uploads\/medias\/vw-taigo.jpg","width":940,"height":626},{"@type":"BreadcrumbList","@id":"https:\/\/www.bymycar.fr\/webzine\/nouveau-taigo-le-suv-coupe-signe-volkswagen\/#breadcrumb","itemListElement":[{"@type":"ListItem","position":1,"name":"Accueil","item":"https:\/\/www.bymycar.fr\/webzine\/"},{"@type":"ListItem","position":2,"name":"Nouveau Taigo, le SUV coup\u00e9 sign\u00e9 Volkswagen"}]},{"@type":"WebSite","@id":"https:\/\/www.bymycar.fr\/webzine\/#website","url":"https:\/\/www.bymycar.fr\/webzine\/","name":"Webzine auto BYmyCAR","description":"La magazine auto de BYmyCAR","publisher":{"@id":"https:\/\/www.bymycar.fr\/webzine\/#organization"},"potentialAction":[{"@type":"SearchAction","target":{"@type":"EntryPoint","urlTemplate":"https:\/\/www.bymycar.fr\/webzine\/?s={search_term_string}"},"query-input":{"@type":"PropertyValueSpecification","valueRequired":true,"valueName":"search_term_string"}}],"inLanguage":"fr-FR"},{"@type":"Organization","@id":"https:\/\/www.bymycar.fr\/webzine\/#organization","name":"BYmyCAR","url":"https:\/\/www.bymycar.fr\/webzine\/","logo":{"@type":"ImageObject","inLanguage":"fr-FR","@id":"https:\/\/www.bymycar.fr\/webzine\/#\/schema\/logo\/image\/","url":"https:\/\/cdn.bymycar.eu\/fr-webzine\/wp-content\/uploads\/medias\/2017\/08\/logo_DEALER_00000406_001.png","contentUrl":"https:\/\/cdn.bymycar.eu\/fr-webzine\/wp-content\/uploads\/medias\/2017\/08\/logo_DEALER_00000406_001.png","width":2132,"height":720,"caption":"BYmyCAR"},"image":{"@id":"https:\/\/www.bymycar.fr\/webzine\/#\/schema\/logo\/image\/"}},{"@type":"Person","@id":"https:\/\/www.bymycar.fr\/webzine\/#\/schema\/person\/62c99ca442bbc83226289f42372c240f","name":"Laura Aichoun","image":{"@type":"ImageObject","inLanguage":"fr-FR","@id":"https:\/\/www.bymycar.fr\/webzine\/#\/schema\/person\/image\/","url":"https:\/\/secure.gravatar.com\/avatar\/2a4174ba67d0638df88e00ca4bb9982595b3f3df1c31bc3cd3e0c80562a8997d?s=96&d=mm&r=g","contentUrl":"https:\/\/secure.gravatar.com\/avatar\/2a4174ba67d0638df88e00ca4bb9982595b3f3df1c31bc3cd3e0c80562a8997d?s=96&d=mm&r=g","caption":"Laura Aichoun"}}]}},"_links":{"self":[{"href":"https:\/\/www.bymycar.fr\/webzine\/wp-json\/wp\/v2\/posts\/21501","targetHints":{"allow":["GET"]}}],"collection":[{"href":"https:\/\/www.bymycar.fr\/webzine\/wp-json\/wp\/v2\/posts"}],"about":[{"href":"https:\/\/www.bymycar.fr\/webzine\/wp-json\/wp\/v2\/types\/post"}],"author":[{"embeddable":true,"href":"https:\/\/www.bymycar.fr\/webzine\/wp-json\/wp\/v2\/users\/18"}],"replies":[{"embeddable":true,"href":"https:\/\/www.bymycar.fr\/webzine\/wp-json\/wp\/v2\/comments?post=21501"}],"version-history":[{"count":121,"href":"https:\/\/www.bymycar.fr\/webzine\/wp-json\/wp\/v2\/posts\/21501\/revisions"}],"predecessor-version":[{"id":23945,"href":"https:\/\/www.bymycar.fr\/webzine\/wp-json\/wp\/v2\/posts\/21501\/revisions\/23945"}],"wp:featuredmedia":[{"embeddable":true,"href":"https:\/\/www.bymycar.fr\/webzine\/wp-json\/wp\/v2\/media\/21543"}],"wp:attachment":[{"href":"https:\/\/www.bymycar.fr\/webzine\/wp-json\/wp\/v2\/media?parent=21501"}],"wp:term":[{"taxonomy":"category","embeddable":true,"href":"https:\/\/www.bymycar.fr\/webzine\/wp-json\/wp\/v2\/categories?post=21501"},{"taxonomy":"post_tag","embeddable":true,"href":"https:\/\/www.bymycar.fr\/webzine\/wp-json\/wp\/v2\/tags?post=21501"}],"curies":[{"name":"wp","href":"https:\/\/api.w.org\/{rel}","templated":true}]}}