{"id":20307,"date":"2022-04-28T09:14:00","date_gmt":"2022-04-28T07:14:00","guid":{"rendered":"https:\/\/prod.bymycar.fr\/webzine\/?p=20307"},"modified":"2022-05-03T16:40:32","modified_gmt":"2022-05-03T14:40:32","slug":"nouvelle-skoda-fabia","status":"publish","type":"post","link":"https:\/\/www.bymycar.fr\/webzine\/nouvelle-skoda-fabia\/","title":{"rendered":"Nouvelle SKODA FABIA, la citadine la plus grande de son segment !"},"content":{"rendered":"","protected":false},"excerpt":{"rendered":"<p>La Nouvelle SKODA Fabia est disponible dans vos concessions BYmyCAR\u00a0! N\u2019attendez plus et venez la d\u00e9couvrir\u00a0!<\/p>\n","protected":false},"author":20,"featured_media":26871,"comment_status":"closed","ping_status":"open","sticky":false,"template":"","format":"standard","meta":{"_acf_changed":false,"footnotes":""},"categories":[9014,2,137,4075,3,6],"tags":[],"class_list":["post-20307","post","type-post","status-publish","format-standard","has-post-thumbnail","hentry","category-actualites-concessions-bymycar","category-lactu-des-marques","category-skoda","category-skoda-actualites","category-sorties-de-la-semaine","category-tendances-design"],"acf":{"template":"classique","introduction":"<p>&nbsp;<\/p>\n<p style=\"text-align: center\"><span style=\"font-size: 14pt\"><strong>Nouvelle SKODA FABIA \u00e0 partir de 159\u20ac\/mois*\u00a0<\/strong><\/span><\/p>\n<p style=\"text-align: center\">\u00a0N\u2019attendez plus et venez la d\u00e9couvrir dans vos concessions SKODA BYmyCAR !<\/p>\n","strates":[{"type_strate":"mosaique-3","ancre":"","contenu":"<p style=\"text-align: justify;\">Vous l\u2019aurez compris la Nouvelle SKODA FABIA \u00e0 tout de la citadine parfaite\u00a0! Laissez la vous conqu\u00e9rir lors d\u2019un essai avec nos conseillers commerciaux\u00a0! Pour cela remplissez le formulaire ci-dessous\u00a0:<\/p>\n<p>&nbsp;<\/p>\n\n<div class=\"wpcf7 no-js\" id=\"wpcf7-f20493-o1\" lang=\"fr-FR\" dir=\"ltr\" data-wpcf7-id=\"20493\">\n<div class=\"screen-reader-response\"><p role=\"status\" aria-live=\"polite\" aria-atomic=\"true\"><\/p> <ul><\/ul><\/div>\n<form action=\"\/webzine\/wp-json\/wp\/v2\/posts\/20307#wpcf7-f20493-o1\" method=\"post\" class=\"wpcf7-form init\" aria-label=\"Formulaire de contact\" novalidate=\"novalidate\" data-status=\"init\">\n<fieldset class=\"hidden-fields-container\"><input type=\"hidden\" name=\"_wpcf7\" value=\"20493\" \/><input type=\"hidden\" name=\"_wpcf7_version\" value=\"6.1.3\" \/><input type=\"hidden\" name=\"_wpcf7_locale\" value=\"fr_FR\" \/><input type=\"hidden\" name=\"_wpcf7_unit_tag\" value=\"wpcf7-f20493-o1\" \/><input type=\"hidden\" name=\"_wpcf7_container_post\" value=\"0\" \/><input type=\"hidden\" name=\"_wpcf7_posted_data_hash\" value=\"\" \/><input type=\"hidden\" name=\"_wpcf7_recaptcha_response\" value=\"\" \/>\n<\/fieldset>\n<div class=\"flex flex-row flex-wrap -mx-4\"><div class=\"w-1\/2 flex flex-col gap-4 align-top px-4\">\n\n<label> Nom* <\/label>\n<span class=\"wpcf7-form-control-wrap\" data-name=\"Nom\"><input size=\"40\" maxlength=\"400\" class=\"wpcf7-form-control wpcf7-text wpcf7-validates-as-required\" aria-required=\"true\" aria-invalid=\"false\" value=\"\" type=\"text\" name=\"Nom\" \/><\/span>\n\n<label> Pr\u00e9nom* <\/label>\n<span class=\"wpcf7-form-control-wrap\" data-name=\"prenom\"><input size=\"40\" maxlength=\"400\" class=\"wpcf7-form-control wpcf7-text wpcf7-validates-as-required\" aria-required=\"true\" aria-invalid=\"false\" value=\"\" type=\"text\" name=\"prenom\" \/><\/span>\n\n<label> Email* <\/label>\n<span class=\"wpcf7-form-control-wrap\" data-name=\"email\"><input size=\"40\" maxlength=\"400\" class=\"wpcf7-form-control wpcf7-email wpcf7-validates-as-required wpcf7-text wpcf7-validates-as-email\" aria-required=\"true\" aria-invalid=\"false\" value=\"\" type=\"email\" name=\"email\" \/><\/span>\n\n<label> T\u00e9l\u00e9phone* <\/label>\n<span class=\"wpcf7-form-control-wrap\" data-name=\"telephone\"><input size=\"40\" maxlength=\"400\" class=\"wpcf7-form-control wpcf7-tel wpcf7-validates-as-required wpcf7-text wpcf7-validates-as-tel\" aria-required=\"true\" aria-invalid=\"false\" value=\"\" type=\"tel\" name=\"telephone\" \/><\/span>\n\n<\/div>\n\n<div class=\"w-1\/2 flex flex-col gap-4 align-top px-4\">\n\n<label> Choix de la concession* <\/label>\n<span class=\"wpcf7-form-control-wrap\" data-name=\"concession\"><select class=\"wpcf7-form-control wpcf7-select wpcf7-validates-as-required\" aria-required=\"true\" aria-invalid=\"false\" name=\"concession\"><option value=\"SKODA BYmyCAR Bourgoin\">SKODA BYmyCAR Bourgoin<\/option><option value=\"SKODA BYmyCAR Lyon Ecully\">SKODA BYmyCAR Lyon Ecully<\/option><option value=\"SKODA BYmyCAR Lyon Sud\">SKODA BYmyCAR Lyon Sud<\/option><option value=\"SKODA BYmyCAR Orl\u00e9ans\">SKODA BYmyCAR Orl\u00e9ans<\/option><option value=\"SKODA BYmyCAR Saint-Etienne Nord\">SKODA BYmyCAR Saint-Etienne Nord<\/option><option value=\"SKODA BYmyCAR Villefranche-sur-Sa\u00f4ne\">SKODA BYmyCAR Villefranche-sur-Sa\u00f4ne<\/option><\/select><\/span>\n\n<label> Votre message <\/label>\n<span class=\"wpcf7-form-control-wrap\" data-name=\"Commentaireclient\"><textarea cols=\"40\" rows=\"9\" maxlength=\"2000\" class=\"wpcf7-form-control wpcf7-textarea\" aria-invalid=\"false\" name=\"Commentaireclient\"><\/textarea><\/span>\n\n<\/div>\n\n<span class=\"wpcf7-form-control-wrap\" data-name=\"optinemail\"><span class=\"wpcf7-form-control wpcf7-checkbox\"><span class=\"wpcf7-list-item first last\"><input type=\"checkbox\" name=\"optinemail[]\" value=\"J&#039;accepte de recevoir la lettre d&#039;information li\u00e9e au Groupe BYmyCAR\" \/><span class=\"wpcf7-list-item-label\">J&#039;accepte de recevoir la lettre d&#039;information li\u00e9e au Groupe BYmyCAR<\/span><\/span><\/span><\/span>\n\n<span class=\"wpcf7-form-control-wrap\" data-name=\"optinsms\"><span class=\"wpcf7-form-control wpcf7-checkbox\"><span class=\"wpcf7-list-item first last\"><input type=\"checkbox\" name=\"optinsms[]\" value=\"J&#039;accepte de recevoir des informations li\u00e9es au Groupe BYmyCAR par sms\" \/><span class=\"wpcf7-list-item-label\">J&#039;accepte de recevoir des informations li\u00e9es au Groupe BYmyCAR par sms<\/span><\/span><\/span><\/span>\n\n<span class=\"wpcf7-form-control-wrap\" data-name=\"optinappel\"><span class=\"wpcf7-form-control wpcf7-checkbox\"><span class=\"wpcf7-list-item first last\"><input type=\"checkbox\" name=\"optinappel[]\" value=\"J&#039;accepte de recevoir des informations li\u00e9es au Groupe BYmyCAR par appel\" \/><span class=\"wpcf7-list-item-label\">J&#039;accepte de recevoir des informations li\u00e9es au Groupe BYmyCAR par appel<\/span><\/span><\/span><\/span>\n\n<div class=\"w-full flex flex-col items-center gap-y-2 text-center mt-4\"><input class=\"wpcf7-form-control wpcf7-submit has-spinner\" type=\"submit\" value=\"Envoyer\" \/><\/div><\/div><div class=\"wpcf7-response-output\" aria-hidden=\"true\"><\/div>\n<\/form>\n<\/div>\n\n","titre":"formulaire","image":false,"image_libre":false,"image_800x500":false,"legende":"","zoom":false,"texte":"","articles":false,"categorie_droite":false,"images":false,"elements_comparatif":false,"texte_1":"","texte_2":"","image_1":false,"image_1_563x400":false,"image_1_332x332":{"ID":20313,"id":20313,"title":"Visuels LP_Plan de travail 1","filename":"Visuels-LP_Plan-de-travail-1.png","filesize":1,"url":"https:\/\/cdn.bymycar.eu\/fr-webzine\/wp-content\/uploads\/medias\/Visuels-LP_Plan-de-travail-1.png","link":"https:\/\/www.bymycar.fr\/webzine\/nouvelle-skoda-fabia\/visuels-lp_plan-de-travail-1\/","alt":"Vendre ou donner son v\u00e9hicule : que faire\u2009? - BYmyCAR","author":"20","description":"","caption":"","name":"visuels-lp_plan-de-travail-1","status":"inherit","uploaded_to":20307,"date":"2021-10-26 10:27:24","modified":"2022-05-23 07:30:40","menu_order":0,"mime_type":"image\/png","type":"image","subtype":"png","icon":"https:\/\/www.bymycar.fr\/webzine\/wp-includes\/images\/media\/default.png","width":3334,"height":2500,"sizes":{"thumbnail":"https:\/\/cdn.bymycar.eu\/fr-webzine\/wp-content\/uploads\/medias\/Visuels-LP_Plan-de-travail-1-150x150.png","thumbnail-width":150,"thumbnail-height":150,"medium":"https:\/\/cdn.bymycar.eu\/fr-webzine\/wp-content\/uploads\/medias\/Visuels-LP_Plan-de-travail-1-300x225.png","medium-width":300,"medium-height":225,"medium_large":"https:\/\/cdn.bymycar.eu\/fr-webzine\/wp-content\/uploads\/medias\/Visuels-LP_Plan-de-travail-1-768x576.png","medium_large-width":768,"medium_large-height":576,"large":"https:\/\/cdn.bymycar.eu\/fr-webzine\/wp-content\/uploads\/medias\/Visuels-LP_Plan-de-travail-1-1024x768.png","large-width":1024,"large-height":768,"1536x1536":"https:\/\/cdn.bymycar.eu\/fr-webzine\/wp-content\/uploads\/medias\/Visuels-LP_Plan-de-travail-1-1536x1152.png","1536x1536-width":1536,"1536x1536-height":1152,"2048x2048":"https:\/\/cdn.bymycar.eu\/fr-webzine\/wp-content\/uploads\/medias\/Visuels-LP_Plan-de-travail-1-2048x1536.png","2048x2048-width":2048,"2048x2048-height":1536}},"image_2":false,"image_2_333x240":false,"image_2_563x400":{"ID":20314,"id":20314,"title":"Visuels LP-02","filename":"Visuels-LP-02.png","filesize":1,"url":"https:\/\/cdn.bymycar.eu\/fr-webzine\/wp-content\/uploads\/medias\/Visuels-LP-02.png","link":"https:\/\/www.bymycar.fr\/webzine\/nouvelle-skoda-fabia\/visuels-lp-02\/","alt":"","author":"20","description":"","caption":"","name":"visuels-lp-02","status":"inherit","uploaded_to":20307,"date":"2021-10-26 10:28:10","modified":"2021-10-26 10:28:10","menu_order":0,"mime_type":"image\/png","type":"image","subtype":"png","icon":"https:\/\/www.bymycar.fr\/webzine\/wp-includes\/images\/media\/default.png","width":3334,"height":2500,"sizes":{"thumbnail":"https:\/\/cdn.bymycar.eu\/fr-webzine\/wp-content\/uploads\/medias\/Visuels-LP-02-150x150.png","thumbnail-width":150,"thumbnail-height":150,"medium":"https:\/\/cdn.bymycar.eu\/fr-webzine\/wp-content\/uploads\/medias\/Visuels-LP-02-300x225.png","medium-width":300,"medium-height":225,"medium_large":"https:\/\/cdn.bymycar.eu\/fr-webzine\/wp-content\/uploads\/medias\/Visuels-LP-02-768x576.png","medium_large-width":768,"medium_large-height":576,"large":"https:\/\/cdn.bymycar.eu\/fr-webzine\/wp-content\/uploads\/medias\/Visuels-LP-02-1024x768.png","large-width":1024,"large-height":768,"1536x1536":"https:\/\/cdn.bymycar.eu\/fr-webzine\/wp-content\/uploads\/medias\/Visuels-LP-02-1536x1152.png","1536x1536-width":1536,"1536x1536-height":1152,"2048x2048":"https:\/\/cdn.bymycar.eu\/fr-webzine\/wp-content\/uploads\/medias\/Visuels-LP-02-2048x1536.png","2048x2048-width":2048,"2048x2048-height":1536}},"image_3":false,"image_3_333x240":false,"image_3_332x450":{"ID":20315,"id":20315,"title":"orange-action-06","filename":"orange-action-06.jpg","filesize":1,"url":"https:\/\/cdn.bymycar.eu\/fr-webzine\/wp-content\/uploads\/medias\/orange-action-06.jpg","link":"https:\/\/www.bymycar.fr\/webzine\/nouvelle-skoda-fabia\/orange-action-06\/","alt":"","author":"20","description":"","caption":"","name":"orange-action-06","status":"inherit","uploaded_to":20307,"date":"2021-10-26 10:32:05","modified":"2021-10-26 10:32:05","menu_order":0,"mime_type":"image\/jpeg","type":"image","subtype":"jpeg","icon":"https:\/\/www.bymycar.fr\/webzine\/wp-includes\/images\/media\/default.png","width":2560,"height":1708,"sizes":{"thumbnail":"https:\/\/cdn.bymycar.eu\/fr-webzine\/wp-content\/uploads\/medias\/orange-action-06-150x150.jpg","thumbnail-width":150,"thumbnail-height":150,"medium":"https:\/\/cdn.bymycar.eu\/fr-webzine\/wp-content\/uploads\/medias\/orange-action-06-300x200.jpg","medium-width":300,"medium-height":200,"medium_large":"https:\/\/cdn.bymycar.eu\/fr-webzine\/wp-content\/uploads\/medias\/orange-action-06-768x512.jpg","medium_large-width":768,"medium_large-height":512,"large":"https:\/\/cdn.bymycar.eu\/fr-webzine\/wp-content\/uploads\/medias\/orange-action-06-1024x683.jpg","large-width":1024,"large-height":683,"1536x1536":"https:\/\/cdn.bymycar.eu\/fr-webzine\/wp-content\/uploads\/medias\/orange-action-06-1536x1025.jpg","1536x1536-width":1536,"1536x1536-height":1025,"2048x2048":"https:\/\/cdn.bymycar.eu\/fr-webzine\/wp-content\/uploads\/medias\/orange-action-06-2048x1366.jpg","2048x2048-width":2048,"2048x2048-height":1366}},"image_4":false,"image_4_332x332":false,"image_4_563x400":false,"code_embed":"","legende_video":"","photo":false,"photo_100x100":false,"nom":"","fonction":"","elements_timeline":false,"entetes_colonnes":false,"entetes_lignes":false,"lignes":false,"introduction":"","formulaire":false,"question":"","reponse":"","libelle_bouton_lien":"","url_lien":"","questions":false,"conclusions":false,"pays":false,"region":false,"marque":false,"marqueConcessions":false,"modele":false,"ptvente":false,"typeV":false,"collection":false,"nombre_maximum_elements":10,"lien_fin_carousel":"","texte_lien_fin_carousel":"","trier_par":false},{"type_strate":"texte-simple","ancre":"Design ext\u00e9rieur ","contenu":"<h2><strong>Design ext\u00e9rieur<\/strong><\/h2>\n<p style=\"text-align: justify\">La Nouvelle Fabia se refait une beaut\u00e9 gr\u00e2ce \u00e0 ses phares \u00e0 LED, sa calandre caract\u00e9ristique et son capot totalement relook\u00e9. Un ensemble de changement qui conf\u00e8re \u00e0 la citadine Tch\u00e8que sophistication et dynamisme, une alliance plus que r\u00e9ussite. La FABIA dispose d\u2019une ligne tornade sur toute la longueur, allant des phares aux feux arri\u00e8re ce qui fait ressortir son allure dynamique. Pour finir sur le design ext\u00e9rieur, int\u00e9ressons-nous \u00e0 l\u2019arri\u00e8re du v\u00e9hicule. La Skoda FABIA dispose de deux feux arri\u00e8re en biseau qui s\u2019\u00e9tendent sur le c\u00f4t\u00e9 du v\u00e9hicule.<\/p>\n<p style=\"text-align: justify\">Cette derni\u00e8re version de la citadine Skoda, vous permettra d\u2019exprimer votre personnalit\u00e9 par la couleur. \u00a0Une large palette vous sera propos\u00e9e et pourrez m\u00eame y ajouter le Color Concept noir. Cette option vous permet d\u2019avoir le toit, les r\u00e9troviseurs et les jantes noires ainsi que les vitres et lunettes arri\u00e8re sur teint\u00e9es.<\/p>\n","titre":"texte 1","image":false,"image_libre":false,"image_800x500":false,"legende":"","zoom":false,"texte":"","articles":false,"categorie_droite":false,"images":false,"elements_comparatif":false,"texte_1":"","texte_2":"","image_1":false,"image_1_563x400":false,"image_1_332x332":{"ID":20313,"id":20313,"title":"Visuels LP_Plan de travail 1","filename":"Visuels-LP_Plan-de-travail-1.png","filesize":1,"url":"https:\/\/cdn.bymycar.eu\/fr-webzine\/wp-content\/uploads\/medias\/Visuels-LP_Plan-de-travail-1.png","link":"https:\/\/www.bymycar.fr\/webzine\/nouvelle-skoda-fabia\/visuels-lp_plan-de-travail-1\/","alt":"Vendre ou donner son v\u00e9hicule : que faire\u2009? - BYmyCAR","author":"20","description":"","caption":"","name":"visuels-lp_plan-de-travail-1","status":"inherit","uploaded_to":20307,"date":"2021-10-26 10:27:24","modified":"2022-05-23 07:30:40","menu_order":0,"mime_type":"image\/png","type":"image","subtype":"png","icon":"https:\/\/www.bymycar.fr\/webzine\/wp-includes\/images\/media\/default.png","width":3334,"height":2500,"sizes":{"thumbnail":"https:\/\/cdn.bymycar.eu\/fr-webzine\/wp-content\/uploads\/medias\/Visuels-LP_Plan-de-travail-1-150x150.png","thumbnail-width":150,"thumbnail-height":150,"medium":"https:\/\/cdn.bymycar.eu\/fr-webzine\/wp-content\/uploads\/medias\/Visuels-LP_Plan-de-travail-1-300x225.png","medium-width":300,"medium-height":225,"medium_large":"https:\/\/cdn.bymycar.eu\/fr-webzine\/wp-content\/uploads\/medias\/Visuels-LP_Plan-de-travail-1-768x576.png","medium_large-width":768,"medium_large-height":576,"large":"https:\/\/cdn.bymycar.eu\/fr-webzine\/wp-content\/uploads\/medias\/Visuels-LP_Plan-de-travail-1-1024x768.png","large-width":1024,"large-height":768,"1536x1536":"https:\/\/cdn.bymycar.eu\/fr-webzine\/wp-content\/uploads\/medias\/Visuels-LP_Plan-de-travail-1-1536x1152.png","1536x1536-width":1536,"1536x1536-height":1152,"2048x2048":"https:\/\/cdn.bymycar.eu\/fr-webzine\/wp-content\/uploads\/medias\/Visuels-LP_Plan-de-travail-1-2048x1536.png","2048x2048-width":2048,"2048x2048-height":1536}},"image_2":false,"image_2_333x240":false,"image_2_563x400":{"ID":20314,"id":20314,"title":"Visuels LP-02","filename":"Visuels-LP-02.png","filesize":1,"url":"https:\/\/cdn.bymycar.eu\/fr-webzine\/wp-content\/uploads\/medias\/Visuels-LP-02.png","link":"https:\/\/www.bymycar.fr\/webzine\/nouvelle-skoda-fabia\/visuels-lp-02\/","alt":"","author":"20","description":"","caption":"","name":"visuels-lp-02","status":"inherit","uploaded_to":20307,"date":"2021-10-26 10:28:10","modified":"2021-10-26 10:28:10","menu_order":0,"mime_type":"image\/png","type":"image","subtype":"png","icon":"https:\/\/www.bymycar.fr\/webzine\/wp-includes\/images\/media\/default.png","width":3334,"height":2500,"sizes":{"thumbnail":"https:\/\/cdn.bymycar.eu\/fr-webzine\/wp-content\/uploads\/medias\/Visuels-LP-02-150x150.png","thumbnail-width":150,"thumbnail-height":150,"medium":"https:\/\/cdn.bymycar.eu\/fr-webzine\/wp-content\/uploads\/medias\/Visuels-LP-02-300x225.png","medium-width":300,"medium-height":225,"medium_large":"https:\/\/cdn.bymycar.eu\/fr-webzine\/wp-content\/uploads\/medias\/Visuels-LP-02-768x576.png","medium_large-width":768,"medium_large-height":576,"large":"https:\/\/cdn.bymycar.eu\/fr-webzine\/wp-content\/uploads\/medias\/Visuels-LP-02-1024x768.png","large-width":1024,"large-height":768,"1536x1536":"https:\/\/cdn.bymycar.eu\/fr-webzine\/wp-content\/uploads\/medias\/Visuels-LP-02-1536x1152.png","1536x1536-width":1536,"1536x1536-height":1152,"2048x2048":"https:\/\/cdn.bymycar.eu\/fr-webzine\/wp-content\/uploads\/medias\/Visuels-LP-02-2048x1536.png","2048x2048-width":2048,"2048x2048-height":1536}},"image_3":false,"image_3_333x240":false,"image_3_332x450":{"ID":20315,"id":20315,"title":"orange-action-06","filename":"orange-action-06.jpg","filesize":1,"url":"https:\/\/cdn.bymycar.eu\/fr-webzine\/wp-content\/uploads\/medias\/orange-action-06.jpg","link":"https:\/\/www.bymycar.fr\/webzine\/nouvelle-skoda-fabia\/orange-action-06\/","alt":"","author":"20","description":"","caption":"","name":"orange-action-06","status":"inherit","uploaded_to":20307,"date":"2021-10-26 10:32:05","modified":"2021-10-26 10:32:05","menu_order":0,"mime_type":"image\/jpeg","type":"image","subtype":"jpeg","icon":"https:\/\/www.bymycar.fr\/webzine\/wp-includes\/images\/media\/default.png","width":2560,"height":1708,"sizes":{"thumbnail":"https:\/\/cdn.bymycar.eu\/fr-webzine\/wp-content\/uploads\/medias\/orange-action-06-150x150.jpg","thumbnail-width":150,"thumbnail-height":150,"medium":"https:\/\/cdn.bymycar.eu\/fr-webzine\/wp-content\/uploads\/medias\/orange-action-06-300x200.jpg","medium-width":300,"medium-height":200,"medium_large":"https:\/\/cdn.bymycar.eu\/fr-webzine\/wp-content\/uploads\/medias\/orange-action-06-768x512.jpg","medium_large-width":768,"medium_large-height":512,"large":"https:\/\/cdn.bymycar.eu\/fr-webzine\/wp-content\/uploads\/medias\/orange-action-06-1024x683.jpg","large-width":1024,"large-height":683,"1536x1536":"https:\/\/cdn.bymycar.eu\/fr-webzine\/wp-content\/uploads\/medias\/orange-action-06-1536x1025.jpg","1536x1536-width":1536,"1536x1536-height":1025,"2048x2048":"https:\/\/cdn.bymycar.eu\/fr-webzine\/wp-content\/uploads\/medias\/orange-action-06-2048x1366.jpg","2048x2048-width":2048,"2048x2048-height":1366}},"image_4":false,"image_4_332x332":false,"image_4_563x400":false,"code_embed":"","legende_video":"","photo":false,"photo_100x100":false,"nom":"","fonction":"","elements_timeline":false,"entetes_colonnes":false,"entetes_lignes":false,"lignes":false,"introduction":"","formulaire":false,"question":"","reponse":"","libelle_bouton_lien":"","url_lien":"","questions":false,"conclusions":false,"pays":false,"region":false,"marque":false,"marqueConcessions":false,"modele":false,"ptvente":false,"typeV":false,"collection":false,"nombre_maximum_elements":10,"lien_fin_carousel":"","texte_lien_fin_carousel":"","trier_par":false},{"type_strate":"texte-simple","ancre":"Design int\u00e9rieur ","contenu":"<h2>Design int\u00e9rieur<\/h2>\n<p style=\"text-align: justify\">Dans la Nouvelle Fabia, spacieuse et forte de mat\u00e9riaux de qualit\u00e9s, vous retrouverez aussi de nombreuses solutions Simply Clever. La citadine dispose d\u2019un volant \u00e0 deux branches, d\u2019un syst\u00e8me multim\u00e9dia avec un \u00e9cran de 9,2 pouces et d\u2019un nouveau tableau de bord pour que la modernisation soit totale.<\/p>\n<p style=\"text-align: justify\">Parlons maintenant de l\u2019espace effectif de la SKODA FABIA. Vous d\u00e9sirez voyager \u00e0 4 ou 5 personnes\u00a0? La nouvelle FABIA pourra vous accueillir tant elle est spacieuse. Et c\u2019est la voiture la plus grande du segment des citadines. En effet, la forme des si\u00e8ges externes a \u00e9t\u00e9 pens\u00e9e afin que vous puissiez voyager dans un confort parfait.<\/p>\n<p style=\"text-align: justify\">Nous prenons aussi soins de vos bagages. Comme nous l\u2019\u00e9voquions plus haut, la nouvelle Fabia reste leader de sa cat\u00e9gorie en mati\u00e8re d\u2019ing\u00e9niosit\u00e9 et de praticit\u00e9. Le volume du coffre a \u00e9t\u00e9 augment\u00e9 pour atteindre 380 litres ! De plus, en baissant les dossiers des si\u00e8ges arri\u00e8re, la capacit\u00e9 totale sera de 1\u00a0190 litres et vous disposerez de de solutions Simply Clever tels que des emplacements et des filets qui permettent de maintenir vos affaires bien en place.<\/p>\n","titre":"texte 2","image":false,"image_libre":false,"image_800x500":false,"legende":"","zoom":false,"texte":"","articles":false,"categorie_droite":false,"images":false,"elements_comparatif":false,"texte_1":"","texte_2":"","image_1":false,"image_1_563x400":false,"image_1_332x332":false,"image_2":false,"image_2_333x240":false,"image_2_563x400":false,"image_3":false,"image_3_333x240":false,"image_3_332x450":false,"image_4":false,"image_4_332x332":false,"image_4_563x400":false,"code_embed":"","legende_video":"","photo":false,"photo_100x100":false,"nom":"","fonction":"","elements_timeline":false,"entetes_colonnes":false,"entetes_lignes":false,"lignes":false,"introduction":"","formulaire":false,"question":"","reponse":"","libelle_bouton_lien":"","url_lien":"","questions":false,"conclusions":false,"pays":false,"region":false,"marque":false,"marqueConcessions":false,"modele":false,"ptvente":false,"typeV":false,"collection":false,"nombre_maximum_elements":10,"lien_fin_carousel":"","texte_lien_fin_carousel":"","trier_par":false},{"type_strate":"mosaique-3","ancre":"","contenu":"<h2>Design int\u00e9rieur<\/h2>\n<p style=\"text-align: justify;\">Dans la Nouvelle Fabia, spacieuse et forte de mat\u00e9riaux de qualit\u00e9s, vous retrouverez aussi de nombreuses solutions Simply Clever. La citadine dispose d\u2019un volant \u00e0 deux branches, d\u2019un syst\u00e8me multim\u00e9dia avec un \u00e9cran de 9,2 pouces et d\u2019un nouveau tableau de bord pour que la modernisation soit totale.<\/p>\n<p style=\"text-align: justify;\">Parlons maintenant de l\u2019espace effectif de la SKODA FABIA. Vous d\u00e9sirez voyager \u00e0 4 ou 5 personnes\u00a0? La nouvelle FABIA pourra vous accueillir tant elle est spacieuse. Et c\u2019est la voiture la plus grande du segment des citadines. En effet, la forme des si\u00e8ges externes a \u00e9t\u00e9 pens\u00e9e afin que vous puissiez voyager dans un confort parfait.<\/p>\n<p style=\"text-align: justify;\">Nous prenons aussi soins de vos bagages. Comme nous l\u2019\u00e9voquions plus haut, la nouvelle Fabia reste leader de sa cat\u00e9gorie en mati\u00e8re d\u2019ing\u00e9niosit\u00e9 et de praticit\u00e9. Le volume du coffre a \u00e9t\u00e9 augment\u00e9 pour atteindre 380 litres ! De plus, en baissant les dossiers des si\u00e8ges arri\u00e8re, la capacit\u00e9 totale sera de 1\u00a0190 litres et vous disposerez de de solutions Simply Clever tels que des emplacements et des filets qui permettent de maintenir vos affaires bien en place.<\/p>\n","titre":"texte 2","image":false,"image_libre":false,"image_800x500":false,"legende":"","zoom":false,"texte":"","articles":false,"categorie_droite":false,"images":false,"elements_comparatif":false,"texte_1":"","texte_2":"","image_1":false,"image_1_563x400":false,"image_1_332x332":{"ID":20320,"id":20320,"title":"Visuels LP-05","filename":"Visuels-LP-05.png","filesize":1,"url":"https:\/\/cdn.bymycar.eu\/fr-webzine\/wp-content\/uploads\/medias\/Visuels-LP-05.png","link":"https:\/\/www.bymycar.fr\/webzine\/nouvelle-skoda-fabia\/visuels-lp-05\/","alt":"","author":"20","description":"","caption":"","name":"visuels-lp-05","status":"inherit","uploaded_to":20307,"date":"2021-10-26 10:35:33","modified":"2021-10-26 10:35:33","menu_order":0,"mime_type":"image\/png","type":"image","subtype":"png","icon":"https:\/\/www.bymycar.fr\/webzine\/wp-includes\/images\/media\/default.png","width":3334,"height":2501,"sizes":{"thumbnail":"https:\/\/cdn.bymycar.eu\/fr-webzine\/wp-content\/uploads\/medias\/Visuels-LP-05-150x150.png","thumbnail-width":150,"thumbnail-height":150,"medium":"https:\/\/cdn.bymycar.eu\/fr-webzine\/wp-content\/uploads\/medias\/Visuels-LP-05-300x225.png","medium-width":300,"medium-height":225,"medium_large":"https:\/\/cdn.bymycar.eu\/fr-webzine\/wp-content\/uploads\/medias\/Visuels-LP-05-768x576.png","medium_large-width":768,"medium_large-height":576,"large":"https:\/\/cdn.bymycar.eu\/fr-webzine\/wp-content\/uploads\/medias\/Visuels-LP-05-1024x768.png","large-width":1024,"large-height":768,"1536x1536":"https:\/\/cdn.bymycar.eu\/fr-webzine\/wp-content\/uploads\/medias\/Visuels-LP-05-1536x1152.png","1536x1536-width":1536,"1536x1536-height":1152,"2048x2048":"https:\/\/cdn.bymycar.eu\/fr-webzine\/wp-content\/uploads\/medias\/Visuels-LP-05-2048x1536.png","2048x2048-width":2048,"2048x2048-height":1536}},"image_2":false,"image_2_333x240":false,"image_2_563x400":{"ID":20319,"id":20319,"title":"Visuels LP-04","filename":"Visuels-LP-04.png","filesize":1,"url":"https:\/\/cdn.bymycar.eu\/fr-webzine\/wp-content\/uploads\/medias\/Visuels-LP-04.png","link":"https:\/\/www.bymycar.fr\/webzine\/nouvelle-skoda-fabia\/visuels-lp-04\/","alt":"","author":"20","description":"","caption":"","name":"visuels-lp-04","status":"inherit","uploaded_to":20307,"date":"2021-10-26 10:34:41","modified":"2021-10-26 10:34:41","menu_order":0,"mime_type":"image\/png","type":"image","subtype":"png","icon":"https:\/\/www.bymycar.fr\/webzine\/wp-includes\/images\/media\/default.png","width":3334,"height":2501,"sizes":{"thumbnail":"https:\/\/cdn.bymycar.eu\/fr-webzine\/wp-content\/uploads\/medias\/Visuels-LP-04-150x150.png","thumbnail-width":150,"thumbnail-height":150,"medium":"https:\/\/cdn.bymycar.eu\/fr-webzine\/wp-content\/uploads\/medias\/Visuels-LP-04-300x225.png","medium-width":300,"medium-height":225,"medium_large":"https:\/\/cdn.bymycar.eu\/fr-webzine\/wp-content\/uploads\/medias\/Visuels-LP-04-768x576.png","medium_large-width":768,"medium_large-height":576,"large":"https:\/\/cdn.bymycar.eu\/fr-webzine\/wp-content\/uploads\/medias\/Visuels-LP-04-1024x768.png","large-width":1024,"large-height":768,"1536x1536":"https:\/\/cdn.bymycar.eu\/fr-webzine\/wp-content\/uploads\/medias\/Visuels-LP-04-1536x1152.png","1536x1536-width":1536,"1536x1536-height":1152,"2048x2048":"https:\/\/cdn.bymycar.eu\/fr-webzine\/wp-content\/uploads\/medias\/Visuels-LP-04-2048x1536.png","2048x2048-width":2048,"2048x2048-height":1536}},"image_3":false,"image_3_333x240":false,"image_3_332x450":{"ID":20321,"id":20321,"title":"Visuels LP-06","filename":"Visuels-LP-06.png","filesize":1,"url":"https:\/\/cdn.bymycar.eu\/fr-webzine\/wp-content\/uploads\/medias\/Visuels-LP-06.png","link":"https:\/\/www.bymycar.fr\/webzine\/nouvelle-skoda-fabia\/visuels-lp-06\/","alt":"","author":"20","description":"","caption":"","name":"visuels-lp-06","status":"inherit","uploaded_to":20307,"date":"2021-10-26 10:36:37","modified":"2021-10-26 10:36:37","menu_order":0,"mime_type":"image\/png","type":"image","subtype":"png","icon":"https:\/\/www.bymycar.fr\/webzine\/wp-includes\/images\/media\/default.png","width":3334,"height":2501,"sizes":{"thumbnail":"https:\/\/cdn.bymycar.eu\/fr-webzine\/wp-content\/uploads\/medias\/Visuels-LP-06-150x150.png","thumbnail-width":150,"thumbnail-height":150,"medium":"https:\/\/cdn.bymycar.eu\/fr-webzine\/wp-content\/uploads\/medias\/Visuels-LP-06-300x225.png","medium-width":300,"medium-height":225,"medium_large":"https:\/\/cdn.bymycar.eu\/fr-webzine\/wp-content\/uploads\/medias\/Visuels-LP-06-768x576.png","medium_large-width":768,"medium_large-height":576,"large":"https:\/\/cdn.bymycar.eu\/fr-webzine\/wp-content\/uploads\/medias\/Visuels-LP-06-1024x768.png","large-width":1024,"large-height":768,"1536x1536":"https:\/\/cdn.bymycar.eu\/fr-webzine\/wp-content\/uploads\/medias\/Visuels-LP-06-1536x1152.png","1536x1536-width":1536,"1536x1536-height":1152,"2048x2048":"https:\/\/cdn.bymycar.eu\/fr-webzine\/wp-content\/uploads\/medias\/Visuels-LP-06-2048x1536.png","2048x2048-width":2048,"2048x2048-height":1536}},"image_4":false,"image_4_332x332":false,"image_4_563x400":false,"code_embed":"","legende_video":"","photo":false,"photo_100x100":false,"nom":"","fonction":"","elements_timeline":false,"entetes_colonnes":false,"entetes_lignes":false,"lignes":false,"introduction":"","formulaire":false,"question":"","reponse":"","libelle_bouton_lien":"","url_lien":"","questions":false,"conclusions":false,"pays":false,"region":false,"marque":false,"marqueConcessions":false,"modele":false,"ptvente":false,"typeV":false,"collection":false,"nombre_maximum_elements":10,"lien_fin_carousel":"","texte_lien_fin_carousel":"","trier_par":false},{"type_strate":"image","ancre":"Finitions","contenu":"<p>Pour finir, la Nouvelle FABIA sera produite en trois finitions\u00a0:<\/p>\n","titre":"","image":false,"image_libre":false,"image_800x500":false,"legende":"","zoom":false,"texte":"","articles":false,"categorie_droite":false,"images":[{"image":false,"image_1600x700":false,"image_920x500":{"ID":20329,"id":20329,"title":"tableau 2","filename":"tableau-2.png","filesize":1,"url":"https:\/\/cdn.bymycar.eu\/fr-webzine\/wp-content\/uploads\/medias\/tableau-2.png","link":"https:\/\/www.bymycar.fr\/webzine\/nouvelle-skoda-fabia\/tableau-2-3\/","alt":"","author":"20","description":"","caption":"","name":"tableau-2-3","status":"inherit","uploaded_to":20307,"date":"2021-10-26 10:48:11","modified":"2021-10-26 10:48:11","menu_order":0,"mime_type":"image\/png","type":"image","subtype":"png","icon":"https:\/\/www.bymycar.fr\/webzine\/wp-includes\/images\/media\/default.png","width":920,"height":500,"sizes":{"thumbnail":"https:\/\/cdn.bymycar.eu\/fr-webzine\/wp-content\/uploads\/medias\/tableau-2-150x150.png","thumbnail-width":150,"thumbnail-height":150,"medium":"https:\/\/cdn.bymycar.eu\/fr-webzine\/wp-content\/uploads\/medias\/tableau-2-300x163.png","medium-width":300,"medium-height":163,"medium_large":"https:\/\/cdn.bymycar.eu\/fr-webzine\/wp-content\/uploads\/medias\/tableau-2-768x417.png","medium_large-width":768,"medium_large-height":417,"large":"https:\/\/cdn.bymycar.eu\/fr-webzine\/wp-content\/uploads\/medias\/tableau-2.png","large-width":920,"large-height":500,"1536x1536":"https:\/\/cdn.bymycar.eu\/fr-webzine\/wp-content\/uploads\/medias\/tableau-2.png","1536x1536-width":920,"1536x1536-height":500,"2048x2048":"https:\/\/cdn.bymycar.eu\/fr-webzine\/wp-content\/uploads\/medias\/tableau-2.png","2048x2048-width":920,"2048x2048-height":500}},"legende":""}],"elements_comparatif":false,"texte_1":"","texte_2":"","image_1":false,"image_1_563x400":false,"image_1_332x332":{"ID":20320,"id":20320,"title":"Visuels LP-05","filename":"Visuels-LP-05.png","filesize":1,"url":"https:\/\/cdn.bymycar.eu\/fr-webzine\/wp-content\/uploads\/medias\/Visuels-LP-05.png","link":"https:\/\/www.bymycar.fr\/webzine\/nouvelle-skoda-fabia\/visuels-lp-05\/","alt":"","author":"20","description":"","caption":"","name":"visuels-lp-05","status":"inherit","uploaded_to":20307,"date":"2021-10-26 10:35:33","modified":"2021-10-26 10:35:33","menu_order":0,"mime_type":"image\/png","type":"image","subtype":"png","icon":"https:\/\/www.bymycar.fr\/webzine\/wp-includes\/images\/media\/default.png","width":3334,"height":2501,"sizes":{"thumbnail":"https:\/\/cdn.bymycar.eu\/fr-webzine\/wp-content\/uploads\/medias\/Visuels-LP-05-150x150.png","thumbnail-width":150,"thumbnail-height":150,"medium":"https:\/\/cdn.bymycar.eu\/fr-webzine\/wp-content\/uploads\/medias\/Visuels-LP-05-300x225.png","medium-width":300,"medium-height":225,"medium_large":"https:\/\/cdn.bymycar.eu\/fr-webzine\/wp-content\/uploads\/medias\/Visuels-LP-05-768x576.png","medium_large-width":768,"medium_large-height":576,"large":"https:\/\/cdn.bymycar.eu\/fr-webzine\/wp-content\/uploads\/medias\/Visuels-LP-05-1024x768.png","large-width":1024,"large-height":768,"1536x1536":"https:\/\/cdn.bymycar.eu\/fr-webzine\/wp-content\/uploads\/medias\/Visuels-LP-05-1536x1152.png","1536x1536-width":1536,"1536x1536-height":1152,"2048x2048":"https:\/\/cdn.bymycar.eu\/fr-webzine\/wp-content\/uploads\/medias\/Visuels-LP-05-2048x1536.png","2048x2048-width":2048,"2048x2048-height":1536}},"image_2":false,"image_2_333x240":false,"image_2_563x400":{"ID":20319,"id":20319,"title":"Visuels LP-04","filename":"Visuels-LP-04.png","filesize":1,"url":"https:\/\/cdn.bymycar.eu\/fr-webzine\/wp-content\/uploads\/medias\/Visuels-LP-04.png","link":"https:\/\/www.bymycar.fr\/webzine\/nouvelle-skoda-fabia\/visuels-lp-04\/","alt":"","author":"20","description":"","caption":"","name":"visuels-lp-04","status":"inherit","uploaded_to":20307,"date":"2021-10-26 10:34:41","modified":"2021-10-26 10:34:41","menu_order":0,"mime_type":"image\/png","type":"image","subtype":"png","icon":"https:\/\/www.bymycar.fr\/webzine\/wp-includes\/images\/media\/default.png","width":3334,"height":2501,"sizes":{"thumbnail":"https:\/\/cdn.bymycar.eu\/fr-webzine\/wp-content\/uploads\/medias\/Visuels-LP-04-150x150.png","thumbnail-width":150,"thumbnail-height":150,"medium":"https:\/\/cdn.bymycar.eu\/fr-webzine\/wp-content\/uploads\/medias\/Visuels-LP-04-300x225.png","medium-width":300,"medium-height":225,"medium_large":"https:\/\/cdn.bymycar.eu\/fr-webzine\/wp-content\/uploads\/medias\/Visuels-LP-04-768x576.png","medium_large-width":768,"medium_large-height":576,"large":"https:\/\/cdn.bymycar.eu\/fr-webzine\/wp-content\/uploads\/medias\/Visuels-LP-04-1024x768.png","large-width":1024,"large-height":768,"1536x1536":"https:\/\/cdn.bymycar.eu\/fr-webzine\/wp-content\/uploads\/medias\/Visuels-LP-04-1536x1152.png","1536x1536-width":1536,"1536x1536-height":1152,"2048x2048":"https:\/\/cdn.bymycar.eu\/fr-webzine\/wp-content\/uploads\/medias\/Visuels-LP-04-2048x1536.png","2048x2048-width":2048,"2048x2048-height":1536}},"image_3":false,"image_3_333x240":false,"image_3_332x450":{"ID":20321,"id":20321,"title":"Visuels LP-06","filename":"Visuels-LP-06.png","filesize":1,"url":"https:\/\/cdn.bymycar.eu\/fr-webzine\/wp-content\/uploads\/medias\/Visuels-LP-06.png","link":"https:\/\/www.bymycar.fr\/webzine\/nouvelle-skoda-fabia\/visuels-lp-06\/","alt":"","author":"20","description":"","caption":"","name":"visuels-lp-06","status":"inherit","uploaded_to":20307,"date":"2021-10-26 10:36:37","modified":"2021-10-26 10:36:37","menu_order":0,"mime_type":"image\/png","type":"image","subtype":"png","icon":"https:\/\/www.bymycar.fr\/webzine\/wp-includes\/images\/media\/default.png","width":3334,"height":2501,"sizes":{"thumbnail":"https:\/\/cdn.bymycar.eu\/fr-webzine\/wp-content\/uploads\/medias\/Visuels-LP-06-150x150.png","thumbnail-width":150,"thumbnail-height":150,"medium":"https:\/\/cdn.bymycar.eu\/fr-webzine\/wp-content\/uploads\/medias\/Visuels-LP-06-300x225.png","medium-width":300,"medium-height":225,"medium_large":"https:\/\/cdn.bymycar.eu\/fr-webzine\/wp-content\/uploads\/medias\/Visuels-LP-06-768x576.png","medium_large-width":768,"medium_large-height":576,"large":"https:\/\/cdn.bymycar.eu\/fr-webzine\/wp-content\/uploads\/medias\/Visuels-LP-06-1024x768.png","large-width":1024,"large-height":768,"1536x1536":"https:\/\/cdn.bymycar.eu\/fr-webzine\/wp-content\/uploads\/medias\/Visuels-LP-06-1536x1152.png","1536x1536-width":1536,"1536x1536-height":1152,"2048x2048":"https:\/\/cdn.bymycar.eu\/fr-webzine\/wp-content\/uploads\/medias\/Visuels-LP-06-2048x1536.png","2048x2048-width":2048,"2048x2048-height":1536}},"image_4":false,"image_4_332x332":false,"image_4_563x400":false,"code_embed":"","legende_video":"","photo":false,"photo_100x100":false,"nom":"","fonction":"","elements_timeline":false,"entetes_colonnes":false,"entetes_lignes":false,"lignes":false,"introduction":"","formulaire":false,"question":"","reponse":"","libelle_bouton_lien":"","url_lien":"","questions":false,"conclusions":false,"pays":false,"region":false,"marque":false,"marqueConcessions":false,"modele":false,"ptvente":false,"typeV":false,"collection":false,"nombre_maximum_elements":10,"lien_fin_carousel":"","texte_lien_fin_carousel":"","trier_par":false},{"type_strate":"texte-simple","ancre":"Formulaire","contenu":"<p style=\"text-align: justify\">Vous l\u2019aurez compris la Nouvelle SKODA FABIA \u00e0 tout de la citadine parfaite\u00a0! Laissez la vous conqu\u00e9rir lors d\u2019un essai avec nos conseillers commerciaux\u00a0! Pour cela remplissez le formulaire ci-dessous\u00a0:<\/p>\n<p>&nbsp;<\/p>\n\n<div class=\"wpcf7 no-js\" id=\"wpcf7-f20493-o2\" lang=\"fr-FR\" dir=\"ltr\" data-wpcf7-id=\"20493\">\n<div class=\"screen-reader-response\"><p role=\"status\" aria-live=\"polite\" aria-atomic=\"true\"><\/p> <ul><\/ul><\/div>\n<form action=\"\/webzine\/wp-json\/wp\/v2\/posts\/20307#wpcf7-f20493-o2\" method=\"post\" class=\"wpcf7-form init\" aria-label=\"Formulaire de contact\" novalidate=\"novalidate\" data-status=\"init\">\n<fieldset class=\"hidden-fields-container\"><input type=\"hidden\" name=\"_wpcf7\" value=\"20493\" \/><input type=\"hidden\" name=\"_wpcf7_version\" value=\"6.1.3\" \/><input type=\"hidden\" name=\"_wpcf7_locale\" value=\"fr_FR\" \/><input type=\"hidden\" name=\"_wpcf7_unit_tag\" value=\"wpcf7-f20493-o2\" \/><input type=\"hidden\" name=\"_wpcf7_container_post\" value=\"0\" \/><input type=\"hidden\" name=\"_wpcf7_posted_data_hash\" value=\"\" \/><input type=\"hidden\" name=\"_wpcf7_recaptcha_response\" value=\"\" \/>\n<\/fieldset>\n<div class=\"flex flex-row flex-wrap -mx-4\"><div class=\"w-1\/2 flex flex-col gap-4 align-top px-4\">\n\n<label> Nom* <\/label>\n<span class=\"wpcf7-form-control-wrap\" data-name=\"Nom\"><input size=\"40\" maxlength=\"400\" class=\"wpcf7-form-control wpcf7-text wpcf7-validates-as-required\" aria-required=\"true\" aria-invalid=\"false\" value=\"\" type=\"text\" name=\"Nom\" \/><\/span>\n\n<label> Pr\u00e9nom* <\/label>\n<span class=\"wpcf7-form-control-wrap\" data-name=\"prenom\"><input size=\"40\" maxlength=\"400\" class=\"wpcf7-form-control wpcf7-text wpcf7-validates-as-required\" aria-required=\"true\" aria-invalid=\"false\" value=\"\" type=\"text\" name=\"prenom\" \/><\/span>\n\n<label> Email* <\/label>\n<span class=\"wpcf7-form-control-wrap\" data-name=\"email\"><input size=\"40\" maxlength=\"400\" class=\"wpcf7-form-control wpcf7-email wpcf7-validates-as-required wpcf7-text wpcf7-validates-as-email\" aria-required=\"true\" aria-invalid=\"false\" value=\"\" type=\"email\" name=\"email\" \/><\/span>\n\n<label> T\u00e9l\u00e9phone* <\/label>\n<span class=\"wpcf7-form-control-wrap\" data-name=\"telephone\"><input size=\"40\" maxlength=\"400\" class=\"wpcf7-form-control wpcf7-tel wpcf7-validates-as-required wpcf7-text wpcf7-validates-as-tel\" aria-required=\"true\" aria-invalid=\"false\" value=\"\" type=\"tel\" name=\"telephone\" \/><\/span>\n\n<\/div>\n\n<div class=\"w-1\/2 flex flex-col gap-4 align-top px-4\">\n\n<label> Choix de la concession* <\/label>\n<span class=\"wpcf7-form-control-wrap\" data-name=\"concession\"><select class=\"wpcf7-form-control wpcf7-select wpcf7-validates-as-required\" aria-required=\"true\" aria-invalid=\"false\" name=\"concession\"><option value=\"SKODA BYmyCAR Bourgoin\">SKODA BYmyCAR Bourgoin<\/option><option value=\"SKODA BYmyCAR Lyon Ecully\">SKODA BYmyCAR Lyon Ecully<\/option><option value=\"SKODA BYmyCAR Lyon Sud\">SKODA BYmyCAR Lyon Sud<\/option><option value=\"SKODA BYmyCAR Orl\u00e9ans\">SKODA BYmyCAR Orl\u00e9ans<\/option><option value=\"SKODA BYmyCAR Saint-Etienne Nord\">SKODA BYmyCAR Saint-Etienne Nord<\/option><option value=\"SKODA BYmyCAR Villefranche-sur-Sa\u00f4ne\">SKODA BYmyCAR Villefranche-sur-Sa\u00f4ne<\/option><\/select><\/span>\n\n<label> Votre message <\/label>\n<span class=\"wpcf7-form-control-wrap\" data-name=\"Commentaireclient\"><textarea cols=\"40\" rows=\"9\" maxlength=\"2000\" class=\"wpcf7-form-control wpcf7-textarea\" aria-invalid=\"false\" name=\"Commentaireclient\"><\/textarea><\/span>\n\n<\/div>\n\n<span class=\"wpcf7-form-control-wrap\" data-name=\"optinemail\"><span class=\"wpcf7-form-control wpcf7-checkbox\"><span class=\"wpcf7-list-item first last\"><input type=\"checkbox\" name=\"optinemail[]\" value=\"J&#039;accepte de recevoir la lettre d&#039;information li\u00e9e au Groupe BYmyCAR\" \/><span class=\"wpcf7-list-item-label\">J&#039;accepte de recevoir la lettre d&#039;information li\u00e9e au Groupe BYmyCAR<\/span><\/span><\/span><\/span>\n\n<span class=\"wpcf7-form-control-wrap\" data-name=\"optinsms\"><span class=\"wpcf7-form-control wpcf7-checkbox\"><span class=\"wpcf7-list-item first last\"><input type=\"checkbox\" name=\"optinsms[]\" value=\"J&#039;accepte de recevoir des informations li\u00e9es au Groupe BYmyCAR par sms\" \/><span class=\"wpcf7-list-item-label\">J&#039;accepte de recevoir des informations li\u00e9es au Groupe BYmyCAR par sms<\/span><\/span><\/span><\/span>\n\n<span class=\"wpcf7-form-control-wrap\" data-name=\"optinappel\"><span class=\"wpcf7-form-control wpcf7-checkbox\"><span class=\"wpcf7-list-item first last\"><input type=\"checkbox\" name=\"optinappel[]\" value=\"J&#039;accepte de recevoir des informations li\u00e9es au Groupe BYmyCAR par appel\" \/><span class=\"wpcf7-list-item-label\">J&#039;accepte de recevoir des informations li\u00e9es au Groupe BYmyCAR par appel<\/span><\/span><\/span><\/span>\n\n<div class=\"w-full flex flex-col items-center gap-y-2 text-center mt-4\"><input class=\"wpcf7-form-control wpcf7-submit has-spinner\" type=\"submit\" value=\"Envoyer\" \/><\/div><\/div><div class=\"wpcf7-response-output\" aria-hidden=\"true\"><\/div>\n<\/form>\n<\/div>\n\n<p><span style=\"font-size: 8pt\">*SKODA Fabia: \u00e0 partir de 159\u20ac\/mois Location longue dur\u00e9e sur 37 mois ou 30 000 km, 1er loyer de 2000\u20ac &#8211; 3 ans de garantie, d&rsquo;entretien et d&rsquo;assistance inclus &#8211; Offre valable jusqu&rsquo;au 31 Mai<\/span><\/p>\n<p><img loading=\"lazy\" decoding=\"async\" class=\"alignnone wp-image-26875\" src=\"https:\/\/obs-webzine-prod.oss.eu-west-0.prod-cloud-ocb.orange-business.com\/medias\/Gam_energie_B-114_POS_Q-01.png\" alt=\"\" width=\"121\" height=\"121\" srcset=\"https:\/\/cdn.bymycar.eu\/fr-webzine\/wp-content\/uploads\/medias\/Gam_energie_B-114_POS_Q-01.png 284w, https:\/\/cdn.bymycar.eu\/fr-webzine\/wp-content\/uploads\/medias\/Gam_energie_B-114_POS_Q-01.png 150w, https:\/\/cdn.bymycar.eu\/fr-webzine\/wp-content\/uploads\/medias\/Gam_energie_B-114_POS_Q-01.png 180w, https:\/\/cdn.bymycar.eu\/fr-webzine\/wp-content\/uploads\/medias\/Gam_energie_B-114_POS_Q-01.png 332w, https:\/\/cdn.bymycar.eu\/fr-webzine\/wp-content\/uploads\/medias\/Gam_energie_B-114_POS_Q-01.png 647w, https:\/\/cdn.bymycar.eu\/fr-webzine\/wp-content\/uploads\/medias\/Gam_energie_B-114_POS_Q-01.png 100w, https:\/\/cdn.bymycar.eu\/fr-webzine\/wp-content\/uploads\/medias\/Gam_energie_B-114_POS_Q-01.png 96w\" sizes=\"(max-width: 121px) 100vw, 121px\" \/><\/p>\n<p><span style=\"font-size: 8pt\">Vos donn\u00e9es \u00e0 caract\u00e8re personnel font l&rsquo;objet d&rsquo;un traitement de donn\u00e9es \u00e0 caract\u00e8re personnel mis en oeuvre par la soci\u00e9t\u00e9 BYmyCAR aux fins de gestion de la relation clients et prospects. Vos donn\u00e9es sont r\u00e9serv\u00e9es \u00e0 l&rsquo;usage des services internes de la soci\u00e9t\u00e9 BYmyCAR ainsi qu&rsquo;aux prestataires habilit\u00e9s \u00e0 traiter vos donn\u00e9es. Conform\u00e9ment \u00e0 la r\u00e9glementation fran\u00e7aise et europ\u00e9enne relative \u00e0 la protection des donn\u00e9es \u00e0 caract\u00e8re personnel, vous pouvez \u00e0 tout moment exercer vos droits d&rsquo;acc\u00e8s, de rectification et de suppression des donn\u00e9es \u00e0 caract\u00e8re personnel vous concernant ainsi que vous opposer au traitement desdites donn\u00e9es. Vous disposez \u00e9galement du droit de d\u00e9finir des directives g\u00e9n\u00e9rales ou particuli\u00e8res relatives au sort de vos donn\u00e9es \u00e0 caract\u00e8re personnel apr\u00e8s votre d\u00e9c\u00e8s. Seules les directives particuli\u00e8res relatives au traitement de donn\u00e9es \u00e0 caract\u00e8re personnel mis en oeuvre par BYmyCAR seront enregistr\u00e9es par BYmyCAR. Vous pouvez exercer vos droits en adressant votre demande, accompagn\u00e9e d&rsquo;un justificatif de votre identit\u00e9, par voie postale \u00e0 BYmyCAR, 278 Bd. St. Germain, 75007 Paris ou e-mail \u00e0 <a href=\"mailto:contact-web@bymycar.fr\">contact-web@bymycar.fr<\/a>. Nous vous informons que vous disposez en outre d&rsquo;un droit d&rsquo;inscription sur la liste d&rsquo;opposition au d\u00e9marchage t\u00e9l\u00e9phonique que vous pouvez exercer aupr\u00e8s de la SAS OPPOSETEL, 92-98 boulevard Victor Hugo \u2013 92110 CLICHY (<a href=\"http:\/\/www.bloctel.gouv.fr\/\">http:\/\/www.bloctel.gouv.fr\/<\/a>).<\/span><\/p>\n","titre":"formulaire","image":false,"image_libre":false,"image_800x500":false,"legende":"","zoom":false,"texte":"","articles":false,"categorie_droite":false,"images":[{"image":false,"image_1600x700":false,"image_920x500":{"ID":20329,"id":20329,"title":"tableau 2","filename":"tableau-2.png","filesize":1,"url":"https:\/\/cdn.bymycar.eu\/fr-webzine\/wp-content\/uploads\/medias\/tableau-2.png","link":"https:\/\/www.bymycar.fr\/webzine\/nouvelle-skoda-fabia\/tableau-2-3\/","alt":"","author":"20","description":"","caption":"","name":"tableau-2-3","status":"inherit","uploaded_to":20307,"date":"2021-10-26 10:48:11","modified":"2021-10-26 10:48:11","menu_order":0,"mime_type":"image\/png","type":"image","subtype":"png","icon":"https:\/\/www.bymycar.fr\/webzine\/wp-includes\/images\/media\/default.png","width":920,"height":500,"sizes":{"thumbnail":"https:\/\/cdn.bymycar.eu\/fr-webzine\/wp-content\/uploads\/medias\/tableau-2-150x150.png","thumbnail-width":150,"thumbnail-height":150,"medium":"https:\/\/cdn.bymycar.eu\/fr-webzine\/wp-content\/uploads\/medias\/tableau-2-300x163.png","medium-width":300,"medium-height":163,"medium_large":"https:\/\/cdn.bymycar.eu\/fr-webzine\/wp-content\/uploads\/medias\/tableau-2-768x417.png","medium_large-width":768,"medium_large-height":417,"large":"https:\/\/cdn.bymycar.eu\/fr-webzine\/wp-content\/uploads\/medias\/tableau-2.png","large-width":920,"large-height":500,"1536x1536":"https:\/\/cdn.bymycar.eu\/fr-webzine\/wp-content\/uploads\/medias\/tableau-2.png","1536x1536-width":920,"1536x1536-height":500,"2048x2048":"https:\/\/cdn.bymycar.eu\/fr-webzine\/wp-content\/uploads\/medias\/tableau-2.png","2048x2048-width":920,"2048x2048-height":500}},"legende":""}],"elements_comparatif":false,"texte_1":"","texte_2":"","image_1":false,"image_1_563x400":false,"image_1_332x332":false,"image_2":false,"image_2_333x240":false,"image_2_563x400":false,"image_3":false,"image_3_333x240":false,"image_3_332x450":false,"image_4":false,"image_4_332x332":false,"image_4_563x400":false,"code_embed":"","legende_video":"","photo":false,"photo_100x100":false,"nom":"","fonction":"","elements_timeline":false,"entetes_colonnes":false,"entetes_lignes":false,"lignes":false,"introduction":"","formulaire":false,"question":"","reponse":"","libelle_bouton_lien":"","url_lien":"","questions":false,"conclusions":false,"pays":false,"region":false,"marque":false,"marqueConcessions":false,"modele":false,"ptvente":false,"typeV":false,"collection":false,"nombre_maximum_elements":10,"lien_fin_carousel":"","texte_lien_fin_carousel":"","trier_par":false}],"is_old_post":false,"image":{"ID":26871,"id":26871,"title":"Sans titre - 1-04","filename":"Sans-titre-1-04.png","filesize":1,"url":"https:\/\/cdn.bymycar.eu\/fr-webzine\/wp-content\/uploads\/medias\/Sans-titre-1-04.png","link":"https:\/\/www.bymycar.fr\/webzine\/nouvelle-skoda-fabia\/sans-titre-1-04\/","alt":"","author":"20","description":"","caption":"","name":"sans-titre-1-04","status":"inherit","uploaded_to":20307,"date":"2022-04-11 13:06:30","modified":"2022-04-11 13:06:30","menu_order":0,"mime_type":"image\/png","type":"image","subtype":"png","icon":"https:\/\/www.bymycar.fr\/webzine\/wp-includes\/images\/media\/default.png","width":2500,"height":1875,"sizes":{"thumbnail":"https:\/\/cdn.bymycar.eu\/fr-webzine\/wp-content\/uploads\/medias\/Sans-titre-1-04-150x150.png","thumbnail-width":150,"thumbnail-height":150,"medium":"https:\/\/cdn.bymycar.eu\/fr-webzine\/wp-content\/uploads\/medias\/Sans-titre-1-04-300x225.png","medium-width":300,"medium-height":225,"medium_large":"https:\/\/cdn.bymycar.eu\/fr-webzine\/wp-content\/uploads\/medias\/Sans-titre-1-04-768x576.png","medium_large-width":768,"medium_large-height":576,"large":"https:\/\/cdn.bymycar.eu\/fr-webzine\/wp-content\/uploads\/medias\/Sans-titre-1-04-1024x768.png","large-width":1024,"large-height":768,"1536x1536":"https:\/\/cdn.bymycar.eu\/fr-webzine\/wp-content\/uploads\/medias\/Sans-titre-1-04-1536x1152.png","1536x1536-width":1536,"1536x1536-height":1152,"2048x2048":"https:\/\/cdn.bymycar.eu\/fr-webzine\/wp-content\/uploads\/medias\/Sans-titre-1-04-2048x1536.png","2048x2048-width":2048,"2048x2048-height":1536}},"page_content":{"block_content":[{"acf_fc_layout":"images-mosaique-x3","--nav":{"-withNav":false,"-ancre":""},"--group":{"-title":"","-images":[{"ID":20313,"id":20313,"title":"Visuels LP_Plan de travail 1","filename":"Visuels-LP_Plan-de-travail-1.png","filesize":1,"url":"https:\/\/cdn.bymycar.eu\/fr-webzine\/wp-content\/uploads\/medias\/Visuels-LP_Plan-de-travail-1.png","link":"https:\/\/www.bymycar.fr\/webzine\/nouvelle-skoda-fabia\/visuels-lp_plan-de-travail-1\/","alt":"Vendre ou donner son v\u00e9hicule : que faire\u2009? - BYmyCAR","author":"20","description":"","caption":"","name":"visuels-lp_plan-de-travail-1","status":"inherit","uploaded_to":20307,"date":"2021-10-26 10:27:24","modified":"2022-05-23 07:30:40","menu_order":0,"mime_type":"image\/png","type":"image","subtype":"png","icon":"https:\/\/www.bymycar.fr\/webzine\/wp-includes\/images\/media\/default.png","width":3334,"height":2500,"sizes":{"thumbnail":"https:\/\/cdn.bymycar.eu\/fr-webzine\/wp-content\/uploads\/medias\/Visuels-LP_Plan-de-travail-1-150x150.png","thumbnail-width":150,"thumbnail-height":150,"medium":"https:\/\/cdn.bymycar.eu\/fr-webzine\/wp-content\/uploads\/medias\/Visuels-LP_Plan-de-travail-1-300x225.png","medium-width":300,"medium-height":225,"medium_large":"https:\/\/cdn.bymycar.eu\/fr-webzine\/wp-content\/uploads\/medias\/Visuels-LP_Plan-de-travail-1-768x576.png","medium_large-width":768,"medium_large-height":576,"large":"https:\/\/cdn.bymycar.eu\/fr-webzine\/wp-content\/uploads\/medias\/Visuels-LP_Plan-de-travail-1-1024x768.png","large-width":1024,"large-height":768,"1536x1536":"https:\/\/cdn.bymycar.eu\/fr-webzine\/wp-content\/uploads\/medias\/Visuels-LP_Plan-de-travail-1-1536x1152.png","1536x1536-width":1536,"1536x1536-height":1152,"2048x2048":"https:\/\/cdn.bymycar.eu\/fr-webzine\/wp-content\/uploads\/medias\/Visuels-LP_Plan-de-travail-1-2048x1536.png","2048x2048-width":2048,"2048x2048-height":1536}},{"ID":20314,"id":20314,"title":"Visuels LP-02","filename":"Visuels-LP-02.png","filesize":1,"url":"https:\/\/cdn.bymycar.eu\/fr-webzine\/wp-content\/uploads\/medias\/Visuels-LP-02.png","link":"https:\/\/www.bymycar.fr\/webzine\/nouvelle-skoda-fabia\/visuels-lp-02\/","alt":"","author":"20","description":"","caption":"","name":"visuels-lp-02","status":"inherit","uploaded_to":20307,"date":"2021-10-26 10:28:10","modified":"2021-10-26 10:28:10","menu_order":0,"mime_type":"image\/png","type":"image","subtype":"png","icon":"https:\/\/www.bymycar.fr\/webzine\/wp-includes\/images\/media\/default.png","width":3334,"height":2500,"sizes":{"thumbnail":"https:\/\/cdn.bymycar.eu\/fr-webzine\/wp-content\/uploads\/medias\/Visuels-LP-02-150x150.png","thumbnail-width":150,"thumbnail-height":150,"medium":"https:\/\/cdn.bymycar.eu\/fr-webzine\/wp-content\/uploads\/medias\/Visuels-LP-02-300x225.png","medium-width":300,"medium-height":225,"medium_large":"https:\/\/cdn.bymycar.eu\/fr-webzine\/wp-content\/uploads\/medias\/Visuels-LP-02-768x576.png","medium_large-width":768,"medium_large-height":576,"large":"https:\/\/cdn.bymycar.eu\/fr-webzine\/wp-content\/uploads\/medias\/Visuels-LP-02-1024x768.png","large-width":1024,"large-height":768,"1536x1536":"https:\/\/cdn.bymycar.eu\/fr-webzine\/wp-content\/uploads\/medias\/Visuels-LP-02-1536x1152.png","1536x1536-width":1536,"1536x1536-height":1152,"2048x2048":"https:\/\/cdn.bymycar.eu\/fr-webzine\/wp-content\/uploads\/medias\/Visuels-LP-02-2048x1536.png","2048x2048-width":2048,"2048x2048-height":1536}},{"ID":20315,"id":20315,"title":"orange-action-06","filename":"orange-action-06.jpg","filesize":1,"url":"https:\/\/cdn.bymycar.eu\/fr-webzine\/wp-content\/uploads\/medias\/orange-action-06.jpg","link":"https:\/\/www.bymycar.fr\/webzine\/nouvelle-skoda-fabia\/orange-action-06\/","alt":"","author":"20","description":"","caption":"","name":"orange-action-06","status":"inherit","uploaded_to":20307,"date":"2021-10-26 10:32:05","modified":"2021-10-26 10:32:05","menu_order":0,"mime_type":"image\/jpeg","type":"image","subtype":"jpeg","icon":"https:\/\/www.bymycar.fr\/webzine\/wp-includes\/images\/media\/default.png","width":2560,"height":1708,"sizes":{"thumbnail":"https:\/\/cdn.bymycar.eu\/fr-webzine\/wp-content\/uploads\/medias\/orange-action-06-150x150.jpg","thumbnail-width":150,"thumbnail-height":150,"medium":"https:\/\/cdn.bymycar.eu\/fr-webzine\/wp-content\/uploads\/medias\/orange-action-06-300x200.jpg","medium-width":300,"medium-height":200,"medium_large":"https:\/\/cdn.bymycar.eu\/fr-webzine\/wp-content\/uploads\/medias\/orange-action-06-768x512.jpg","medium_large-width":768,"medium_large-height":512,"large":"https:\/\/cdn.bymycar.eu\/fr-webzine\/wp-content\/uploads\/medias\/orange-action-06-1024x683.jpg","large-width":1024,"large-height":683,"1536x1536":"https:\/\/cdn.bymycar.eu\/fr-webzine\/wp-content\/uploads\/medias\/orange-action-06-1536x1025.jpg","1536x1536-width":1536,"1536x1536-height":1025,"2048x2048":"https:\/\/cdn.bymycar.eu\/fr-webzine\/wp-content\/uploads\/medias\/orange-action-06-2048x1366.jpg","2048x2048-width":2048,"2048x2048-height":1366}}],"-title-2":""}},{"acf_fc_layout":"text-simple","--nav":{"-withNav":true,"-ancre":"Design ext\u00e9rieur "},"--group":{"-text":"<h2><strong>Design ext\u00e9rieur<\/strong><\/h2>\n<p style=\"text-align: justify\">La Nouvelle Fabia se refait une beaut\u00e9 gr\u00e2ce \u00e0 ses phares \u00e0 LED, sa calandre caract\u00e9ristique et son capot totalement relook\u00e9. Un ensemble de changement qui conf\u00e8re \u00e0 la citadine Tch\u00e8que sophistication et dynamisme, une alliance plus que r\u00e9ussite. La FABIA dispose d\u2019une ligne tornade sur toute la longueur, allant des phares aux feux arri\u00e8re ce qui fait ressortir son allure dynamique. Pour finir sur le design ext\u00e9rieur, int\u00e9ressons-nous \u00e0 l\u2019arri\u00e8re du v\u00e9hicule. La Skoda FABIA dispose de deux feux arri\u00e8re en biseau qui s\u2019\u00e9tendent sur le c\u00f4t\u00e9 du v\u00e9hicule.<\/p>\n<p style=\"text-align: justify\">Cette derni\u00e8re version de la citadine Skoda, vous permettra d\u2019exprimer votre personnalit\u00e9 par la couleur. \u00a0Une large palette vous sera propos\u00e9e et pourrez m\u00eame y ajouter le Color Concept noir. Cette option vous permet d\u2019avoir le toit, les r\u00e9troviseurs et les jantes noires ainsi que les vitres et lunettes arri\u00e8re sur teint\u00e9es.<\/p>\n"}},{"acf_fc_layout":"text-simple","--nav":{"-withNav":true,"-ancre":"Design int\u00e9rieur "},"--group":{"-text":"<h2>Design int\u00e9rieur<\/h2>\n<p style=\"text-align: justify\">Dans la Nouvelle Fabia, spacieuse et forte de mat\u00e9riaux de qualit\u00e9s, vous retrouverez aussi de nombreuses solutions Simply Clever. La citadine dispose d\u2019un volant \u00e0 deux branches, d\u2019un syst\u00e8me multim\u00e9dia avec un \u00e9cran de 9,2 pouces et d\u2019un nouveau tableau de bord pour que la modernisation soit totale.<\/p>\n<p style=\"text-align: justify\">Parlons maintenant de l\u2019espace effectif de la SKODA FABIA. Vous d\u00e9sirez voyager \u00e0 4 ou 5 personnes\u00a0? La nouvelle FABIA pourra vous accueillir tant elle est spacieuse. Et c\u2019est la voiture la plus grande du segment des citadines. En effet, la forme des si\u00e8ges externes a \u00e9t\u00e9 pens\u00e9e afin que vous puissiez voyager dans un confort parfait.<\/p>\n<p style=\"text-align: justify\">Nous prenons aussi soins de vos bagages. Comme nous l\u2019\u00e9voquions plus haut, la nouvelle Fabia reste leader de sa cat\u00e9gorie en mati\u00e8re d\u2019ing\u00e9niosit\u00e9 et de praticit\u00e9. Le volume du coffre a \u00e9t\u00e9 augment\u00e9 pour atteindre 380 litres ! De plus, en baissant les dossiers des si\u00e8ges arri\u00e8re, la capacit\u00e9 totale sera de 1\u00a0190 litres et vous disposerez de de solutions Simply Clever tels que des emplacements et des filets qui permettent de maintenir vos affaires bien en place.<\/p>\n"}},{"acf_fc_layout":"images-mosaique-x3","--nav":{"-withNav":false,"-ancre":""},"--group":{"-title":"","-images":[{"ID":20320,"id":20320,"title":"Visuels LP-05","filename":"Visuels-LP-05.png","filesize":1,"url":"https:\/\/cdn.bymycar.eu\/fr-webzine\/wp-content\/uploads\/medias\/Visuels-LP-05.png","link":"https:\/\/www.bymycar.fr\/webzine\/nouvelle-skoda-fabia\/visuels-lp-05\/","alt":"","author":"20","description":"","caption":"","name":"visuels-lp-05","status":"inherit","uploaded_to":20307,"date":"2021-10-26 10:35:33","modified":"2021-10-26 10:35:33","menu_order":0,"mime_type":"image\/png","type":"image","subtype":"png","icon":"https:\/\/www.bymycar.fr\/webzine\/wp-includes\/images\/media\/default.png","width":3334,"height":2501,"sizes":{"thumbnail":"https:\/\/cdn.bymycar.eu\/fr-webzine\/wp-content\/uploads\/medias\/Visuels-LP-05-150x150.png","thumbnail-width":150,"thumbnail-height":150,"medium":"https:\/\/cdn.bymycar.eu\/fr-webzine\/wp-content\/uploads\/medias\/Visuels-LP-05-300x225.png","medium-width":300,"medium-height":225,"medium_large":"https:\/\/cdn.bymycar.eu\/fr-webzine\/wp-content\/uploads\/medias\/Visuels-LP-05-768x576.png","medium_large-width":768,"medium_large-height":576,"large":"https:\/\/cdn.bymycar.eu\/fr-webzine\/wp-content\/uploads\/medias\/Visuels-LP-05-1024x768.png","large-width":1024,"large-height":768,"1536x1536":"https:\/\/cdn.bymycar.eu\/fr-webzine\/wp-content\/uploads\/medias\/Visuels-LP-05-1536x1152.png","1536x1536-width":1536,"1536x1536-height":1152,"2048x2048":"https:\/\/cdn.bymycar.eu\/fr-webzine\/wp-content\/uploads\/medias\/Visuels-LP-05-2048x1536.png","2048x2048-width":2048,"2048x2048-height":1536}},{"ID":20319,"id":20319,"title":"Visuels LP-04","filename":"Visuels-LP-04.png","filesize":1,"url":"https:\/\/cdn.bymycar.eu\/fr-webzine\/wp-content\/uploads\/medias\/Visuels-LP-04.png","link":"https:\/\/www.bymycar.fr\/webzine\/nouvelle-skoda-fabia\/visuels-lp-04\/","alt":"","author":"20","description":"","caption":"","name":"visuels-lp-04","status":"inherit","uploaded_to":20307,"date":"2021-10-26 10:34:41","modified":"2021-10-26 10:34:41","menu_order":0,"mime_type":"image\/png","type":"image","subtype":"png","icon":"https:\/\/www.bymycar.fr\/webzine\/wp-includes\/images\/media\/default.png","width":3334,"height":2501,"sizes":{"thumbnail":"https:\/\/cdn.bymycar.eu\/fr-webzine\/wp-content\/uploads\/medias\/Visuels-LP-04-150x150.png","thumbnail-width":150,"thumbnail-height":150,"medium":"https:\/\/cdn.bymycar.eu\/fr-webzine\/wp-content\/uploads\/medias\/Visuels-LP-04-300x225.png","medium-width":300,"medium-height":225,"medium_large":"https:\/\/cdn.bymycar.eu\/fr-webzine\/wp-content\/uploads\/medias\/Visuels-LP-04-768x576.png","medium_large-width":768,"medium_large-height":576,"large":"https:\/\/cdn.bymycar.eu\/fr-webzine\/wp-content\/uploads\/medias\/Visuels-LP-04-1024x768.png","large-width":1024,"large-height":768,"1536x1536":"https:\/\/cdn.bymycar.eu\/fr-webzine\/wp-content\/uploads\/medias\/Visuels-LP-04-1536x1152.png","1536x1536-width":1536,"1536x1536-height":1152,"2048x2048":"https:\/\/cdn.bymycar.eu\/fr-webzine\/wp-content\/uploads\/medias\/Visuels-LP-04-2048x1536.png","2048x2048-width":2048,"2048x2048-height":1536}},{"ID":20321,"id":20321,"title":"Visuels LP-06","filename":"Visuels-LP-06.png","filesize":1,"url":"https:\/\/cdn.bymycar.eu\/fr-webzine\/wp-content\/uploads\/medias\/Visuels-LP-06.png","link":"https:\/\/www.bymycar.fr\/webzine\/nouvelle-skoda-fabia\/visuels-lp-06\/","alt":"","author":"20","description":"","caption":"","name":"visuels-lp-06","status":"inherit","uploaded_to":20307,"date":"2021-10-26 10:36:37","modified":"2021-10-26 10:36:37","menu_order":0,"mime_type":"image\/png","type":"image","subtype":"png","icon":"https:\/\/www.bymycar.fr\/webzine\/wp-includes\/images\/media\/default.png","width":3334,"height":2501,"sizes":{"thumbnail":"https:\/\/cdn.bymycar.eu\/fr-webzine\/wp-content\/uploads\/medias\/Visuels-LP-06-150x150.png","thumbnail-width":150,"thumbnail-height":150,"medium":"https:\/\/cdn.bymycar.eu\/fr-webzine\/wp-content\/uploads\/medias\/Visuels-LP-06-300x225.png","medium-width":300,"medium-height":225,"medium_large":"https:\/\/cdn.bymycar.eu\/fr-webzine\/wp-content\/uploads\/medias\/Visuels-LP-06-768x576.png","medium_large-width":768,"medium_large-height":576,"large":"https:\/\/cdn.bymycar.eu\/fr-webzine\/wp-content\/uploads\/medias\/Visuels-LP-06-1024x768.png","large-width":1024,"large-height":768,"1536x1536":"https:\/\/cdn.bymycar.eu\/fr-webzine\/wp-content\/uploads\/medias\/Visuels-LP-06-1536x1152.png","1536x1536-width":1536,"1536x1536-height":1152,"2048x2048":"https:\/\/cdn.bymycar.eu\/fr-webzine\/wp-content\/uploads\/medias\/Visuels-LP-06-2048x1536.png","2048x2048-width":2048,"2048x2048-height":1536}}],"-title-2":""}},{"acf_fc_layout":"images-slider","--nav":{"-withNav":true,"-ancre":"Finitions"},"--group":{"-listibg":[{"--image":{"ID":20329,"id":20329,"title":"tableau 2","filename":"tableau-2.png","filesize":1,"url":"https:\/\/cdn.bymycar.eu\/fr-webzine\/wp-content\/uploads\/medias\/tableau-2.png","link":"https:\/\/www.bymycar.fr\/webzine\/nouvelle-skoda-fabia\/tableau-2-3\/","alt":"","author":"20","description":"","caption":"","name":"tableau-2-3","status":"inherit","uploaded_to":20307,"date":"2021-10-26 10:48:11","modified":"2021-10-26 10:48:11","menu_order":0,"mime_type":"image\/png","type":"image","subtype":"png","icon":"https:\/\/www.bymycar.fr\/webzine\/wp-includes\/images\/media\/default.png","width":920,"height":500,"sizes":{"thumbnail":"https:\/\/cdn.bymycar.eu\/fr-webzine\/wp-content\/uploads\/medias\/tableau-2-150x150.png","thumbnail-width":150,"thumbnail-height":150,"medium":"https:\/\/cdn.bymycar.eu\/fr-webzine\/wp-content\/uploads\/medias\/tableau-2-300x163.png","medium-width":300,"medium-height":163,"medium_large":"https:\/\/cdn.bymycar.eu\/fr-webzine\/wp-content\/uploads\/medias\/tableau-2-768x417.png","medium_large-width":768,"medium_large-height":417,"large":"https:\/\/cdn.bymycar.eu\/fr-webzine\/wp-content\/uploads\/medias\/tableau-2.png","large-width":920,"large-height":500,"1536x1536":"https:\/\/cdn.bymycar.eu\/fr-webzine\/wp-content\/uploads\/medias\/tableau-2.png","1536x1536-width":920,"1536x1536-height":500,"2048x2048":"https:\/\/cdn.bymycar.eu\/fr-webzine\/wp-content\/uploads\/medias\/tableau-2.png","2048x2048-width":920,"2048x2048-height":500}},"--legend":""}]}},{"acf_fc_layout":"text-simple","--nav":{"-withNav":true,"-ancre":"Formulaire"},"--group":{"-text":"<p style=\"text-align: justify\">Vous l\u2019aurez compris la Nouvelle SKODA FABIA \u00e0 tout de la citadine parfaite\u00a0! Laissez la vous conqu\u00e9rir lors d\u2019un essai avec nos conseillers commerciaux\u00a0! Pour cela remplissez le formulaire ci-dessous\u00a0:<\/p>\n<p>&nbsp;<\/p>\n<div class=\"wpcf7 no-js\" id=\"wpcf7-f20493-p20307-o66\" lang=\"fr-FR\" dir=\"ltr\" data-wpcf7-id=\"20493\">\n<div class=\"screen-reader-response\">\n<p role=\"status\" aria-live=\"polite\" aria-atomic=\"true\">\n<ul><\/ul>\n<\/div>\n<form action=\"\/webzine\/wp-admin\/index.php?page=transfert-data-post#wpcf7-f20493-p20307-o66\" method=\"post\" class=\"wpcf7-form init\" aria-label=\"Formulaire de contact\" novalidate=\"novalidate\" data-status=\"init\">\n<div style=\"display: none;\">\n<input type=\"hidden\" name=\"_wpcf7\" value=\"20493\" \/><br \/>\n<input type=\"hidden\" name=\"_wpcf7_version\" value=\"6.0.6\" \/><br \/>\n<input type=\"hidden\" name=\"_wpcf7_locale\" value=\"fr_FR\" \/><br \/>\n<input type=\"hidden\" name=\"_wpcf7_unit_tag\" value=\"wpcf7-f20493-p20307-o66\" \/><br \/>\n<input type=\"hidden\" name=\"_wpcf7_container_post\" value=\"20307\" \/><br \/>\n<input type=\"hidden\" name=\"_wpcf7_posted_data_hash\" value=\"\" \/><br \/>\n<input type=\"hidden\" name=\"_wpcf7_recaptcha_response\" value=\"\" \/>\n<\/div>\n<div class=\"flex flex-row flex-wrap -mx-4\">\n<div class=\"w-1\/2 flex flex-col gap-4 align-top px-4\">\n<p><label> Nom* <\/label><br \/>\n<span class=\"wpcf7-form-control-wrap\" data-name=\"Nom\"><input size=\"40\" maxlength=\"400\" class=\"wpcf7-form-control wpcf7-text wpcf7-validates-as-required\" aria-required=\"true\" aria-invalid=\"false\" value=\"\" type=\"text\" name=\"Nom\" \/><\/span><\/p>\n<p><label> Pr\u00e9nom* <\/label><br \/>\n<span class=\"wpcf7-form-control-wrap\" data-name=\"prenom\"><input size=\"40\" maxlength=\"400\" class=\"wpcf7-form-control wpcf7-text wpcf7-validates-as-required\" aria-required=\"true\" aria-invalid=\"false\" value=\"\" type=\"text\" name=\"prenom\" \/><\/span><\/p>\n<p><label> Email* <\/label><br \/>\n<span class=\"wpcf7-form-control-wrap\" data-name=\"email\"><input size=\"40\" maxlength=\"400\" class=\"wpcf7-form-control wpcf7-email wpcf7-validates-as-required wpcf7-text wpcf7-validates-as-email\" aria-required=\"true\" aria-invalid=\"false\" value=\"\" type=\"email\" name=\"email\" \/><\/span><\/p>\n<p><label> T\u00e9l\u00e9phone* <\/label><br \/>\n<span class=\"wpcf7-form-control-wrap\" data-name=\"telephone\"><input size=\"40\" maxlength=\"400\" class=\"wpcf7-form-control wpcf7-tel wpcf7-validates-as-required wpcf7-text wpcf7-validates-as-tel\" aria-required=\"true\" aria-invalid=\"false\" value=\"\" type=\"tel\" name=\"telephone\" \/><\/span><\/p>\n<\/div>\n<div class=\"w-1\/2 flex flex-col gap-4 align-top px-4\">\n<p><label> Choix de la concession* <\/label><br \/>\n<span class=\"wpcf7-form-control-wrap\" data-name=\"concession\"><select class=\"wpcf7-form-control wpcf7-select wpcf7-validates-as-required\" aria-required=\"true\" aria-invalid=\"false\" name=\"concession\"><option value=\"SKODA BYmyCAR Bourgoin\">SKODA BYmyCAR Bourgoin<\/option><option value=\"SKODA BYmyCAR Lyon Ecully\">SKODA BYmyCAR Lyon Ecully<\/option><option value=\"SKODA BYmyCAR Lyon Sud\">SKODA BYmyCAR Lyon Sud<\/option><option value=\"SKODA BYmyCAR Orl\u00e9ans\">SKODA BYmyCAR Orl\u00e9ans<\/option><option value=\"SKODA BYmyCAR Saint-Etienne Nord\">SKODA BYmyCAR Saint-Etienne Nord<\/option><option value=\"SKODA BYmyCAR Villefranche-sur-Sa\u00f4ne\">SKODA BYmyCAR Villefranche-sur-Sa\u00f4ne<\/option><\/select><\/span><\/p>\n<p><label> Votre message <\/label><br \/>\n<span class=\"wpcf7-form-control-wrap\" data-name=\"Commentaireclient\"><textarea cols=\"40\" rows=\"9\" maxlength=\"2000\" class=\"wpcf7-form-control wpcf7-textarea\" aria-invalid=\"false\" name=\"Commentaireclient\"><\/textarea><\/span><\/p>\n<\/div>\n<p><span class=\"wpcf7-form-control-wrap\" data-name=\"optinemail\"><span class=\"wpcf7-form-control wpcf7-checkbox\"><span class=\"wpcf7-list-item first last\"><input type=\"checkbox\" name=\"optinemail[]\" value=\"J&#039;accepte de recevoir la lettre d&#039;information li\u00e9e au Groupe BYmyCAR\" \/><span class=\"wpcf7-list-item-label\">J&#039;accepte de recevoir la lettre d&#039;information li\u00e9e au Groupe BYmyCAR<\/span><\/span><\/span><\/span><\/p>\n<p><span class=\"wpcf7-form-control-wrap\" data-name=\"optinsms\"><span class=\"wpcf7-form-control wpcf7-checkbox\"><span class=\"wpcf7-list-item first last\"><input type=\"checkbox\" name=\"optinsms[]\" value=\"J&#039;accepte de recevoir des informations li\u00e9es au Groupe BYmyCAR par sms\" \/><span class=\"wpcf7-list-item-label\">J&#039;accepte de recevoir des informations li\u00e9es au Groupe BYmyCAR par sms<\/span><\/span><\/span><\/span><\/p>\n<p><span class=\"wpcf7-form-control-wrap\" data-name=\"optinappel\"><span class=\"wpcf7-form-control wpcf7-checkbox\"><span class=\"wpcf7-list-item first last\"><input type=\"checkbox\" name=\"optinappel[]\" value=\"J&#039;accepte de recevoir des informations li\u00e9es au Groupe BYmyCAR par appel\" \/><span class=\"wpcf7-list-item-label\">J&#039;accepte de recevoir des informations li\u00e9es au Groupe BYmyCAR par appel<\/span><\/span><\/span><\/span><\/p>\n<div class=\"w-full flex flex-col items-center gap-y-2 text-center mt-4\"><input class=\"wpcf7-form-control wpcf7-submit has-spinner\" type=\"submit\" value=\"Envoyer\" \/><\/div>\n<\/div>\n<div class=\"wpcf7-response-output\" aria-hidden=\"true\"><\/div>\n<\/form>\n<\/div>\n<p><span style=\"font-size: 8pt\">*SKODA Fabia: \u00e0 partir de 159\u20ac\/mois Location longue dur\u00e9e sur 37 mois ou 30 000 km, 1er loyer de 2000\u20ac &#8211; 3 ans de garantie, d&rsquo;entretien et d&rsquo;assistance inclus &#8211; Offre valable jusqu&rsquo;au 31 Mai<\/span><\/p>\n<p><img loading=\"lazy\" decoding=\"async\" class=\"alignnone wp-image-26875\" src=\"https:\/\/obs-webzine-prod.oss.eu-west-0.prod-cloud-ocb.orange-business.com\/medias\/Gam_energie_B-114_POS_Q-01.png\" alt=\"\" width=\"121\" height=\"121\" srcset=\"https:\/\/cdn.bymycar.eu\/fr-webzine\/wp-content\/uploads\/medias\/medias\/Gam_energie_B-114_POS_Q-01.png 284w, https:\/\/cdn.bymycar.eu\/fr-webzine\/wp-content\/uploads\/medias\/medias\/Gam_energie_B-114_POS_Q-01.png 150w, https:\/\/cdn.bymycar.eu\/fr-webzine\/wp-content\/uploads\/medias\/medias\/Gam_energie_B-114_POS_Q-01.png 180w, https:\/\/cdn.bymycar.eu\/fr-webzine\/wp-content\/uploads\/medias\/medias\/Gam_energie_B-114_POS_Q-01.png 332w, https:\/\/cdn.bymycar.eu\/fr-webzine\/wp-content\/uploads\/medias\/medias\/Gam_energie_B-114_POS_Q-01.png 647w, https:\/\/cdn.bymycar.eu\/fr-webzine\/wp-content\/uploads\/medias\/medias\/Gam_energie_B-114_POS_Q-01.png 100w, https:\/\/cdn.bymycar.eu\/fr-webzine\/wp-content\/uploads\/medias\/medias\/Gam_energie_B-114_POS_Q-01.png 96w\" sizes=\"(max-width: 121px) 100vw, 121px\" \/><\/p>\n<p><span style=\"font-size: 8pt\">Vos donn\u00e9es \u00e0 caract\u00e8re personnel font l&rsquo;objet d&rsquo;un traitement de donn\u00e9es \u00e0 caract\u00e8re personnel mis en oeuvre par la soci\u00e9t\u00e9 BYmyCAR aux fins de gestion de la relation clients et prospects. Vos donn\u00e9es sont r\u00e9serv\u00e9es \u00e0 l&rsquo;usage des services internes de la soci\u00e9t\u00e9 BYmyCAR ainsi qu&rsquo;aux prestataires habilit\u00e9s \u00e0 traiter vos donn\u00e9es. Conform\u00e9ment \u00e0 la r\u00e9glementation fran\u00e7aise et europ\u00e9enne relative \u00e0 la protection des donn\u00e9es \u00e0 caract\u00e8re personnel, vous pouvez \u00e0 tout moment exercer vos droits d&rsquo;acc\u00e8s, de rectification et de suppression des donn\u00e9es \u00e0 caract\u00e8re personnel vous concernant ainsi que vous opposer au traitement desdites donn\u00e9es. Vous disposez \u00e9galement du droit de d\u00e9finir des directives g\u00e9n\u00e9rales ou particuli\u00e8res relatives au sort de vos donn\u00e9es \u00e0 caract\u00e8re personnel apr\u00e8s votre d\u00e9c\u00e8s. Seules les directives particuli\u00e8res relatives au traitement de donn\u00e9es \u00e0 caract\u00e8re personnel mis en oeuvre par BYmyCAR seront enregistr\u00e9es par BYmyCAR. Vous pouvez exercer vos droits en adressant votre demande, accompagn\u00e9e d&rsquo;un justificatif de votre identit\u00e9, par voie postale \u00e0 BYmyCAR, 278 Bd. St. Germain, 75007 Paris ou e-mail \u00e0 <a href=\"mailto:contact-web@bymycar.fr\">contact-web@bymycar.fr<\/a>. Nous vous informons que vous disposez en outre d&rsquo;un droit d&rsquo;inscription sur la liste d&rsquo;opposition au d\u00e9marchage t\u00e9l\u00e9phonique que vous pouvez exercer aupr\u00e8s de la SAS OPPOSETEL, 92-98 boulevard Victor Hugo \u2013 92110 CLICHY (<a href=\"http:\/\/www.bloctel.gouv.fr\/\">http:\/\/www.bloctel.gouv.fr\/<\/a>).<\/span><\/p>\n"}}]},"add-carousel-to-footer":true},"yoast_head":"<!-- This site is optimized with the Yoast SEO Premium plugin v26.4 (Yoast SEO v26.4) - https:\/\/yoast.com\/wordpress\/plugins\/seo\/ -->\n<title>Nouvelle SKODA FABIA, la citadine la plus grande de son segment !<\/title>\n<meta name=\"description\" content=\"La Nouvelle SKODA Fabia se refait une beaut\u00e9 et \u00e0 aujourd&#039;hui tout ce qu&#039;il faut pour vous plaire ! Venez la d\u00e9couvrir dans vos concessions SKODA BYmyCAR !\" \/>\n<meta name=\"robots\" content=\"index, follow, max-snippet:-1, max-image-preview:large, max-video-preview:-1\" \/>\n<link rel=\"canonical\" href=\"https:\/\/www.bymycar.fr\/webzine\/nouvelle-skoda-fabia\/\" \/>\n<meta property=\"og:locale\" content=\"fr_FR\" \/>\n<meta property=\"og:type\" content=\"article\" \/>\n<meta property=\"og:title\" content=\"Nouvelle SKODA FABIA, la citadine la plus grande de son segment !\" \/>\n<meta property=\"og:description\" content=\"La Nouvelle SKODA Fabia se refait une beaut\u00e9 et \u00e0 aujourd&#039;hui tout ce qu&#039;il faut pour vous plaire ! Venez la d\u00e9couvrir dans vos concessions SKODA BYmyCAR !\" \/>\n<meta property=\"og:url\" content=\"https:\/\/www.bymycar.fr\/webzine\/nouvelle-skoda-fabia\/\" \/>\n<meta property=\"og:site_name\" content=\"Webzine auto BYmyCAR\" \/>\n<meta property=\"article:published_time\" content=\"2022-04-28T07:14:00+00:00\" \/>\n<meta property=\"article:modified_time\" content=\"2022-05-03T14:40:32+00:00\" \/>\n<meta property=\"og:image\" content=\"https:\/\/cdn.bymycar.eu\/fr-webzine\/wp-content\/uploads\/medias\/Sans-titre-1-04.png\" \/>\n\t<meta property=\"og:image:width\" content=\"2500\" \/>\n\t<meta property=\"og:image:height\" content=\"1875\" \/>\n\t<meta property=\"og:image:type\" content=\"image\/png\" \/>\n<meta name=\"author\" content=\"Carla Dominguez\" \/>\n<meta name=\"twitter:card\" content=\"summary_large_image\" \/>\n<meta name=\"twitter:label1\" content=\"\u00c9crit par\" \/>\n\t<meta name=\"twitter:data1\" content=\"Carla Dominguez\" \/>\n<script type=\"application\/ld+json\" class=\"yoast-schema-graph\">{\"@context\":\"https:\/\/schema.org\",\"@graph\":[{\"@type\":\"Article\",\"@id\":\"https:\/\/www.bymycar.fr\/webzine\/nouvelle-skoda-fabia\/#article\",\"isPartOf\":{\"@id\":\"https:\/\/www.bymycar.fr\/webzine\/nouvelle-skoda-fabia\/\"},\"author\":{\"name\":\"Carla Dominguez\",\"@id\":\"https:\/\/www.bymycar.fr\/webzine\/#\/schema\/person\/ba76e509879ed4b1805ff7b570c1e649\"},\"headline\":\"Nouvelle SKODA FABIA, la citadine la plus grande de son segment !\",\"datePublished\":\"2022-04-28T07:14:00+00:00\",\"dateModified\":\"2022-05-03T14:40:32+00:00\",\"mainEntityOfPage\":{\"@id\":\"https:\/\/www.bymycar.fr\/webzine\/nouvelle-skoda-fabia\/\"},\"wordCount\":11,\"publisher\":{\"@id\":\"https:\/\/www.bymycar.fr\/webzine\/#organization\"},\"image\":{\"@id\":\"https:\/\/www.bymycar.fr\/webzine\/nouvelle-skoda-fabia\/#primaryimage\"},\"thumbnailUrl\":\"https:\/\/cdn.bymycar.eu\/fr-webzine\/wp-content\/uploads\/medias\/Sans-titre-1-04.png\",\"articleSection\":[\"Actualit\u00e9s des concessions\",\"L'actu des marques\",\"SKODA\",\"Skoda\",\"Sorties de la semaine\",\"Tendances &amp; design\"],\"inLanguage\":\"fr-FR\"},{\"@type\":\"WebPage\",\"@id\":\"https:\/\/www.bymycar.fr\/webzine\/nouvelle-skoda-fabia\/\",\"url\":\"https:\/\/www.bymycar.fr\/webzine\/nouvelle-skoda-fabia\/\",\"name\":\"Nouvelle SKODA FABIA, la citadine la plus grande de son segment !\",\"isPartOf\":{\"@id\":\"https:\/\/www.bymycar.fr\/webzine\/#website\"},\"primaryImageOfPage\":{\"@id\":\"https:\/\/www.bymycar.fr\/webzine\/nouvelle-skoda-fabia\/#primaryimage\"},\"image\":{\"@id\":\"https:\/\/www.bymycar.fr\/webzine\/nouvelle-skoda-fabia\/#primaryimage\"},\"thumbnailUrl\":\"https:\/\/cdn.bymycar.eu\/fr-webzine\/wp-content\/uploads\/medias\/Sans-titre-1-04.png\",\"datePublished\":\"2022-04-28T07:14:00+00:00\",\"dateModified\":\"2022-05-03T14:40:32+00:00\",\"description\":\"La Nouvelle SKODA Fabia se refait une beaut\u00e9 et \u00e0 aujourd'hui tout ce qu'il faut pour vous plaire ! Venez la d\u00e9couvrir dans vos concessions SKODA BYmyCAR !\",\"breadcrumb\":{\"@id\":\"https:\/\/www.bymycar.fr\/webzine\/nouvelle-skoda-fabia\/#breadcrumb\"},\"inLanguage\":\"fr-FR\",\"potentialAction\":[{\"@type\":\"ReadAction\",\"target\":[\"https:\/\/www.bymycar.fr\/webzine\/nouvelle-skoda-fabia\/\"]}]},{\"@type\":\"ImageObject\",\"inLanguage\":\"fr-FR\",\"@id\":\"https:\/\/www.bymycar.fr\/webzine\/nouvelle-skoda-fabia\/#primaryimage\",\"url\":\"https:\/\/cdn.bymycar.eu\/fr-webzine\/wp-content\/uploads\/medias\/Sans-titre-1-04.png\",\"contentUrl\":\"https:\/\/cdn.bymycar.eu\/fr-webzine\/wp-content\/uploads\/medias\/Sans-titre-1-04.png\",\"width\":2500,\"height\":1875},{\"@type\":\"BreadcrumbList\",\"@id\":\"https:\/\/www.bymycar.fr\/webzine\/nouvelle-skoda-fabia\/#breadcrumb\",\"itemListElement\":[{\"@type\":\"ListItem\",\"position\":1,\"name\":\"Accueil\",\"item\":\"https:\/\/www.bymycar.fr\/webzine\/\"},{\"@type\":\"ListItem\",\"position\":2,\"name\":\"Nouvelle SKODA FABIA, la citadine la plus grande de son segment !\"}]},{\"@type\":\"WebSite\",\"@id\":\"https:\/\/www.bymycar.fr\/webzine\/#website\",\"url\":\"https:\/\/www.bymycar.fr\/webzine\/\",\"name\":\"Webzine auto BYmyCAR\",\"description\":\"La magazine auto de BYmyCAR\",\"publisher\":{\"@id\":\"https:\/\/www.bymycar.fr\/webzine\/#organization\"},\"potentialAction\":[{\"@type\":\"SearchAction\",\"target\":{\"@type\":\"EntryPoint\",\"urlTemplate\":\"https:\/\/www.bymycar.fr\/webzine\/?s={search_term_string}\"},\"query-input\":{\"@type\":\"PropertyValueSpecification\",\"valueRequired\":true,\"valueName\":\"search_term_string\"}}],\"inLanguage\":\"fr-FR\"},{\"@type\":\"Organization\",\"@id\":\"https:\/\/www.bymycar.fr\/webzine\/#organization\",\"name\":\"BYmyCAR\",\"url\":\"https:\/\/www.bymycar.fr\/webzine\/\",\"logo\":{\"@type\":\"ImageObject\",\"inLanguage\":\"fr-FR\",\"@id\":\"https:\/\/www.bymycar.fr\/webzine\/#\/schema\/logo\/image\/\",\"url\":\"https:\/\/cdn.bymycar.eu\/fr-webzine\/wp-content\/uploads\/medias\/2017\/08\/logo_DEALER_00000406_001.png\",\"contentUrl\":\"https:\/\/cdn.bymycar.eu\/fr-webzine\/wp-content\/uploads\/medias\/2017\/08\/logo_DEALER_00000406_001.png\",\"width\":2132,\"height\":720,\"caption\":\"BYmyCAR\"},\"image\":{\"@id\":\"https:\/\/www.bymycar.fr\/webzine\/#\/schema\/logo\/image\/\"}},{\"@type\":\"Person\",\"@id\":\"https:\/\/www.bymycar.fr\/webzine\/#\/schema\/person\/ba76e509879ed4b1805ff7b570c1e649\",\"name\":\"Carla Dominguez\",\"image\":{\"@type\":\"ImageObject\",\"inLanguage\":\"fr-FR\",\"@id\":\"https:\/\/www.bymycar.fr\/webzine\/#\/schema\/person\/image\/\",\"url\":\"https:\/\/secure.gravatar.com\/avatar\/be49848a7036e58d89fe4c9efde6b427fae29dd1f70338bb6a3dab506c85123d?s=96&d=mm&r=g\",\"contentUrl\":\"https:\/\/secure.gravatar.com\/avatar\/be49848a7036e58d89fe4c9efde6b427fae29dd1f70338bb6a3dab506c85123d?s=96&d=mm&r=g\",\"caption\":\"Carla Dominguez\"}}]}<\/script>\n<!-- \/ Yoast SEO Premium plugin. -->","yoast_head_json":{"title":"Nouvelle SKODA FABIA, la citadine la plus grande de son segment !","description":"La Nouvelle SKODA Fabia se refait une beaut\u00e9 et \u00e0 aujourd'hui tout ce qu'il faut pour vous plaire ! Venez la d\u00e9couvrir dans vos concessions SKODA BYmyCAR !","robots":{"index":"index","follow":"follow","max-snippet":"max-snippet:-1","max-image-preview":"max-image-preview:large","max-video-preview":"max-video-preview:-1"},"canonical":"https:\/\/www.bymycar.fr\/webzine\/nouvelle-skoda-fabia\/","og_locale":"fr_FR","og_type":"article","og_title":"Nouvelle SKODA FABIA, la citadine la plus grande de son segment !","og_description":"La Nouvelle SKODA Fabia se refait une beaut\u00e9 et \u00e0 aujourd'hui tout ce qu'il faut pour vous plaire ! Venez la d\u00e9couvrir dans vos concessions SKODA BYmyCAR !","og_url":"https:\/\/www.bymycar.fr\/webzine\/nouvelle-skoda-fabia\/","og_site_name":"Webzine auto BYmyCAR","article_published_time":"2022-04-28T07:14:00+00:00","article_modified_time":"2022-05-03T14:40:32+00:00","og_image":[{"width":2500,"height":1875,"url":"https:\/\/cdn.bymycar.eu\/fr-webzine\/wp-content\/uploads\/medias\/Sans-titre-1-04.png","type":"image\/png"}],"author":"Carla Dominguez","twitter_card":"summary_large_image","twitter_misc":{"\u00c9crit par":"Carla Dominguez"},"schema":{"@context":"https:\/\/schema.org","@graph":[{"@type":"Article","@id":"https:\/\/www.bymycar.fr\/webzine\/nouvelle-skoda-fabia\/#article","isPartOf":{"@id":"https:\/\/www.bymycar.fr\/webzine\/nouvelle-skoda-fabia\/"},"author":{"name":"Carla Dominguez","@id":"https:\/\/www.bymycar.fr\/webzine\/#\/schema\/person\/ba76e509879ed4b1805ff7b570c1e649"},"headline":"Nouvelle SKODA FABIA, la citadine la plus grande de son segment !","datePublished":"2022-04-28T07:14:00+00:00","dateModified":"2022-05-03T14:40:32+00:00","mainEntityOfPage":{"@id":"https:\/\/www.bymycar.fr\/webzine\/nouvelle-skoda-fabia\/"},"wordCount":11,"publisher":{"@id":"https:\/\/www.bymycar.fr\/webzine\/#organization"},"image":{"@id":"https:\/\/www.bymycar.fr\/webzine\/nouvelle-skoda-fabia\/#primaryimage"},"thumbnailUrl":"https:\/\/cdn.bymycar.eu\/fr-webzine\/wp-content\/uploads\/medias\/Sans-titre-1-04.png","articleSection":["Actualit\u00e9s des concessions","L'actu des marques","SKODA","Skoda","Sorties de la semaine","Tendances &amp; design"],"inLanguage":"fr-FR"},{"@type":"WebPage","@id":"https:\/\/www.bymycar.fr\/webzine\/nouvelle-skoda-fabia\/","url":"https:\/\/www.bymycar.fr\/webzine\/nouvelle-skoda-fabia\/","name":"Nouvelle SKODA FABIA, la citadine la plus grande de son segment !","isPartOf":{"@id":"https:\/\/www.bymycar.fr\/webzine\/#website"},"primaryImageOfPage":{"@id":"https:\/\/www.bymycar.fr\/webzine\/nouvelle-skoda-fabia\/#primaryimage"},"image":{"@id":"https:\/\/www.bymycar.fr\/webzine\/nouvelle-skoda-fabia\/#primaryimage"},"thumbnailUrl":"https:\/\/cdn.bymycar.eu\/fr-webzine\/wp-content\/uploads\/medias\/Sans-titre-1-04.png","datePublished":"2022-04-28T07:14:00+00:00","dateModified":"2022-05-03T14:40:32+00:00","description":"La Nouvelle SKODA Fabia se refait une beaut\u00e9 et \u00e0 aujourd'hui tout ce qu'il faut pour vous plaire ! Venez la d\u00e9couvrir dans vos concessions SKODA BYmyCAR !","breadcrumb":{"@id":"https:\/\/www.bymycar.fr\/webzine\/nouvelle-skoda-fabia\/#breadcrumb"},"inLanguage":"fr-FR","potentialAction":[{"@type":"ReadAction","target":["https:\/\/www.bymycar.fr\/webzine\/nouvelle-skoda-fabia\/"]}]},{"@type":"ImageObject","inLanguage":"fr-FR","@id":"https:\/\/www.bymycar.fr\/webzine\/nouvelle-skoda-fabia\/#primaryimage","url":"https:\/\/cdn.bymycar.eu\/fr-webzine\/wp-content\/uploads\/medias\/Sans-titre-1-04.png","contentUrl":"https:\/\/cdn.bymycar.eu\/fr-webzine\/wp-content\/uploads\/medias\/Sans-titre-1-04.png","width":2500,"height":1875},{"@type":"BreadcrumbList","@id":"https:\/\/www.bymycar.fr\/webzine\/nouvelle-skoda-fabia\/#breadcrumb","itemListElement":[{"@type":"ListItem","position":1,"name":"Accueil","item":"https:\/\/www.bymycar.fr\/webzine\/"},{"@type":"ListItem","position":2,"name":"Nouvelle SKODA FABIA, la citadine la plus grande de son segment !"}]},{"@type":"WebSite","@id":"https:\/\/www.bymycar.fr\/webzine\/#website","url":"https:\/\/www.bymycar.fr\/webzine\/","name":"Webzine auto BYmyCAR","description":"La magazine auto de BYmyCAR","publisher":{"@id":"https:\/\/www.bymycar.fr\/webzine\/#organization"},"potentialAction":[{"@type":"SearchAction","target":{"@type":"EntryPoint","urlTemplate":"https:\/\/www.bymycar.fr\/webzine\/?s={search_term_string}"},"query-input":{"@type":"PropertyValueSpecification","valueRequired":true,"valueName":"search_term_string"}}],"inLanguage":"fr-FR"},{"@type":"Organization","@id":"https:\/\/www.bymycar.fr\/webzine\/#organization","name":"BYmyCAR","url":"https:\/\/www.bymycar.fr\/webzine\/","logo":{"@type":"ImageObject","inLanguage":"fr-FR","@id":"https:\/\/www.bymycar.fr\/webzine\/#\/schema\/logo\/image\/","url":"https:\/\/cdn.bymycar.eu\/fr-webzine\/wp-content\/uploads\/medias\/2017\/08\/logo_DEALER_00000406_001.png","contentUrl":"https:\/\/cdn.bymycar.eu\/fr-webzine\/wp-content\/uploads\/medias\/2017\/08\/logo_DEALER_00000406_001.png","width":2132,"height":720,"caption":"BYmyCAR"},"image":{"@id":"https:\/\/www.bymycar.fr\/webzine\/#\/schema\/logo\/image\/"}},{"@type":"Person","@id":"https:\/\/www.bymycar.fr\/webzine\/#\/schema\/person\/ba76e509879ed4b1805ff7b570c1e649","name":"Carla Dominguez","image":{"@type":"ImageObject","inLanguage":"fr-FR","@id":"https:\/\/www.bymycar.fr\/webzine\/#\/schema\/person\/image\/","url":"https:\/\/secure.gravatar.com\/avatar\/be49848a7036e58d89fe4c9efde6b427fae29dd1f70338bb6a3dab506c85123d?s=96&d=mm&r=g","contentUrl":"https:\/\/secure.gravatar.com\/avatar\/be49848a7036e58d89fe4c9efde6b427fae29dd1f70338bb6a3dab506c85123d?s=96&d=mm&r=g","caption":"Carla Dominguez"}}]}},"_links":{"self":[{"href":"https:\/\/www.bymycar.fr\/webzine\/wp-json\/wp\/v2\/posts\/20307","targetHints":{"allow":["GET"]}}],"collection":[{"href":"https:\/\/www.bymycar.fr\/webzine\/wp-json\/wp\/v2\/posts"}],"about":[{"href":"https:\/\/www.bymycar.fr\/webzine\/wp-json\/wp\/v2\/types\/post"}],"author":[{"embeddable":true,"href":"https:\/\/www.bymycar.fr\/webzine\/wp-json\/wp\/v2\/users\/20"}],"replies":[{"embeddable":true,"href":"https:\/\/www.bymycar.fr\/webzine\/wp-json\/wp\/v2\/comments?post=20307"}],"version-history":[{"count":47,"href":"https:\/\/www.bymycar.fr\/webzine\/wp-json\/wp\/v2\/posts\/20307\/revisions"}],"predecessor-version":[{"id":28260,"href":"https:\/\/www.bymycar.fr\/webzine\/wp-json\/wp\/v2\/posts\/20307\/revisions\/28260"}],"wp:featuredmedia":[{"embeddable":true,"href":"https:\/\/www.bymycar.fr\/webzine\/wp-json\/wp\/v2\/media\/26871"}],"wp:attachment":[{"href":"https:\/\/www.bymycar.fr\/webzine\/wp-json\/wp\/v2\/media?parent=20307"}],"wp:term":[{"taxonomy":"category","embeddable":true,"href":"https:\/\/www.bymycar.fr\/webzine\/wp-json\/wp\/v2\/categories?post=20307"},{"taxonomy":"post_tag","embeddable":true,"href":"https:\/\/www.bymycar.fr\/webzine\/wp-json\/wp\/v2\/tags?post=20307"}],"curies":[{"name":"wp","href":"https:\/\/api.w.org\/{rel}","templated":true}]}}